{"id":1024279,"date":"2026-04-15T16:00:00","date_gmt":"2026-04-15T19:00:00","guid":{"rendered":"https:\/\/www.estrategiaconcursos.com.br\/blog\/?p=1024279"},"modified":"2026-04-17T15:32:24","modified_gmt":"2026-04-17T18:32:24","slug":"concurso-amazonprev","status":"publish","type":"post","link":"https:\/\/www.estrategiaconcursos.com.br\/blog\/concurso-amazonprev\/","title":{"rendered":"Concurso AmazonPrev ser\u00e1 para Analista\u00a0e\u00a0Assistente"},"content":{"rendered":"\n<p style=\"font-size:clamp(15.747px, 0.984rem + ((1vw - 3.2px) * 0.809), 24px);\"><em><strong>Edital do Concurso AmazonPrev deve ser publicado ainda neste ano de 2026; comiss\u00e3o formada!<\/strong><\/em><\/p>\n\n\n\n<p>O concurso do <strong>Fundo Previdenci\u00e1rio do Estado do Amazonas<\/strong> (AmazonPrev) est\u00e1 a cada dia mais pr\u00f3ximo de sair do papel.<\/p>\n\n\n\n<p>De acordo com informa\u00e7\u00f5es obtidas <strong><a href=\"https:\/\/www.estrategiaconcursos.com.br\/blog\/concurso-amazonprev-estudos-de-vagas\/\" target=\"_blank\" rel=\"noreferrer noopener\">exclusivamente<\/a> <\/strong>pelo jornalista Fabio Scaldelai, o edital deve contemplar vagas para os cargos de <strong>Analista Previdenci\u00e1rio (n\u00edvel superior) e Assistente Previdenci\u00e1rio (n\u00edvel m\u00e9dio)<\/strong>.<\/p>\n\n\n\n<p>Vale lembrar que o certame j\u00e1 tem <strong><a href=\"https:\/\/dhg1h5j42swfq.cloudfront.net\/2024\/09\/19073558\/concurso-amazonprev-comissao-formada.pdf\" target=\"_blank\" rel=\"noreferrer noopener nofollow\">comiss\u00e3o formada<\/a><\/strong> desde 2022, mas passou por altera\u00e7\u00f5es em 2024 e 2025. <\/p>\n\n\n\n<p>Inclusive, esse grupo \u00e9 respons\u00e1vel, especificamente, pelos <strong>estudos de viabiliza\u00e7\u00e3o do certame<\/strong> e <strong>levantamento do quantitativo de vagas <\/strong>que dever\u00e3o ser preenchidas.<\/p>\n\n\n\n<p>Junto a isso, est\u00e1 em an\u00e1lise a possibilidade de altera\u00e7\u00e3o na legisla\u00e7\u00e3o vigente para <strong>ampliar o n\u00famero de cargos<\/strong> no quadro funcional do \u00f3rg\u00e3o.<\/p>\n\n\n\n<ul class=\"wp-block-list has-very-light-gray-to-cyan-bluish-gray-gradient-background has-background\">\n<li><strong>Funda\u00e7\u00e3o Fundo Previdenci\u00e1rio do Estado do Amazonas<\/strong><\/li>\n\n\n\n<li><strong>Status: <\/strong>comiss\u00e3o formada<\/li>\n\n\n\n<li><strong>Banca:<\/strong> a definir<\/li>\n\n\n\n<li><strong>Vagas:<\/strong> a definir<\/li>\n\n\n\n<li><strong>Sal\u00e1rio:<\/strong> a definir<\/li>\n<\/ul>\n\n\n\n<p>Neste artigo, voc\u00ea confere todas as informa\u00e7\u00f5es do Concurso AmazonPrev. Veja o que voc\u00ea pode encontrar acessando os t\u00f3picos abaixo:<\/p>\n\n\n\n<ul id=\"indice\" class=\"wp-block-list\">\n<li><a href=\"#orgao\">Sobre o \u00f3rg\u00e3o<\/a><\/li>\n\n\n\n<li><a href=\"#situacao\">Situa\u00e7\u00e3o atual<\/a>\n<ul class=\"wp-block-list\">\n<li><a href=\"#linha\">Linha do tempo<\/a><\/li>\n<\/ul>\n<\/li>\n\n\n\n<li><a href=\"#cursos\">Cursos e assinatura<\/a><\/li>\n\n\n\n<li><a href=\"#ficha-tecnica\">Ficha T\u00e9cnica<\/a><\/li>\n<\/ul>\n\n\n\n<div class=\"container\" id=\"boxes\">\n  <div class=\"row\">\n\n    <div class=\"col-sm\">\n      <div class=\"banner-adm-ec\" id=\"box-assinatura\">\n        <h2 class=\"titulo-assinatura\" style=\"text-align: left;\">Concursos Administrativos<\/h2>\n        <p class=\"subtitulo-assinatura\" style=\"text-align: left;\">Prepara\u00e7\u00e3o completa para os concursos<\/p>\n        <div class=\"box-botao\" style=\"text-align: left;\">\n          <a class=\"btn-assinatura\" target=\"_blank\" href=\"https:\/\/www.estrategiaconcursos.com.br\/pesquisa\/?q=amazonprev\" role=\"button\" rel=\"noopener noreferrer\">VER CURSOS<\/a>\n        <\/div>\n      <\/div><\/div><\/div><\/div>\n\n\n\n<h2 class=\"wp-block-heading\" id=\"orgao\">Concurso AmazonPrev: sobre o \u00f3rg\u00e3o<\/h2>\n\n\n\n<p>A Funda\u00e7\u00e3o Amazonprev \u00e9 a \u00fanica gestora do Regime Pr\u00f3prio de Previd\u00eancia Social do Estado do Amazonas.<\/p>\n\n\n\n<p>Tem como miss\u00e3o assegurar aos servidores p\u00fablicos estaduais e seus dependentes os benef\u00edcios que lhes sejam devidos, gerindo os recursos de forma a observar o car\u00e1ter contributivo e o equil\u00edbrio financeiro e atuarial. <\/p>\n\n\n\n<p>Sob a responsabilidade da Amazonprev est\u00e1 a gest\u00e3o dos Fundos de Previd\u00eancia estaduais que resguardam os recursos financeiros necess\u00e1rios \u00e0 garantia dos direitos de aposentadoria e pens\u00e3o por morte dos servidores efetivos do Amazonas.<\/p>\n\n\n\n<h2 class=\"wp-block-heading\" id=\"situacao\">Concurso AmazonPrev: situa\u00e7\u00e3o atual<\/h2>\n\n\n\n<h3 class=\"wp-block-heading\" id=\"linha\">Linha do tempo<\/h3>\n\n\n\n<ul class=\"wp-block-list\">\n<li><strong>03\/05\/2022: <\/strong>comiss\u00e3o de estudos formada;<\/li>\n\n\n\n<li><strong>16\/09\/2024: <\/strong><a href=\"https:\/\/www.estrategiaconcursos.com.br\/blog\/concurso-amazonprev-tem-comissao-formada\/\" target=\"_blank\" rel=\"noreferrer noopener\">nova comiss\u00e3o de estudos formada<\/a>;<\/li>\n\n\n\n<li><strong>19\/03\/2025:<\/strong> <a href=\"https:\/\/dhg1h5j42swfq.cloudfront.net\/2024\/09\/19073558\/concurso-amazonprev-comissao-formada.pdf\" target=\"_blank\" rel=\"noreferrer noopener nofollow\">nova comiss\u00e3o de estudos formada<\/a>;<\/li>\n\n\n\n<li><strong>31\/07\/2025: <\/strong><a href=\"https:\/\/www.estrategiaconcursos.com.br\/blog\/concurso-amazonprev-estudos-de-vagas\/\" target=\"_blank\" rel=\"noreferrer noopener\">edital deve ficar para 2026, com comiss\u00e3o organizadora em breve<\/a>.<\/li>\n<\/ul>\n\n\n\n<hr class=\"wp-block-separator has-alpha-channel-opacity\"\/>\n\n\n\n<p class=\"has-text-align-center has-x-large-font-size\" id=\"cursos\">Quer estudar para o Concurso AmazonPrev?<\/p>\n\n\n\n<div class=\"container\" id=\"boxes\">\n  <div class=\"row\">\n\n    <div class=\"col-sm\">\n      <div class=\"banner-adm-ec\" id=\"box-assinatura\">\n        <h2 class=\"titulo-assinatura\" style=\"text-align: left;\">Concursos Administrativos<\/h2>\n        <p class=\"subtitulo-assinatura\" style=\"text-align: left;\">Prepara\u00e7\u00e3o completa para os concursos<\/p>\n        <div class=\"box-botao\" style=\"text-align: left;\">\n          <a class=\"btn-assinatura\" target=\"_blank\" href=\"https:\/\/www.estrategiaconcursos.com.br\/pesquisa\/?q=amazonprev\" role=\"button\" rel=\"noopener noreferrer\">VER CURSOS<\/a>\n        <\/div>\n      <\/div><\/div><\/div><\/div>\n\n\n\n<div class=\"container\" id=\"boxes\">\n  <div class=\"row\">\n\n    <div class=\"col-sm\">\n      <div class=\"estrategia\" id=\"box-assinatura\">\n        <h3 class=\"titulo-assinatura\">Assinatura Concursos<\/h3>\n        <p class=\"subtitulo-assinatura\">Assinatura de 1 ano ou 2 anos<\/p>\n        <div class=\"box-botao\">\n          <a class=\"btn-assinatura\" target=\"_blank\" href=\"https:\/\/www.estrategiaconcursos.com.br\/assinaturas\/\" role=\"button\" rel=\"noopener noreferrer\">ASSINE AGORA<\/a>\n        <\/div>\n      <\/div><\/div><\/div><\/div>\n\n\n\n<p class=\"has-text-align-center has-x-large-font-size\" id=\"quer-saber-tudo-sobre-concursos-previstos-confira-nossos-artigos\">Quer saber tudo sobre concursos previstos?<br \/>Confira nossos artigos!<\/p>\n\n\n\n<ul class=\"wp-block-list\">\n<li><a href=\"https:\/\/www.estrategiaconcursos.com.br\/blog\/concursos-abertos\/\" target=\"_blank\" rel=\"noreferrer noopener\">Concursos Abertos<\/a><\/li>\n\n\n\n<li><a href=\"https:\/\/www.estrategiaconcursos.com.br\/blog\/concurso-administrativos\/\">Concursos Administrativos<\/a><\/li>\n\n\n\n<li><a href=\"https:\/\/www.estrategiaconcursos.com.br\/blog\/concursos-2026\/\" target=\"_blank\" rel=\"noreferrer noopener\">Concursos 2026<\/a><\/li>\n<\/ul>\n\n\n\n<figure class=\"wp-block-image size-large is-resized\"><img loading=\"lazy\" decoding=\"async\" width=\"1024\" height=\"632\" src=\"https:\/\/dhg1h5j42swfq.cloudfront.net\/2021\/07\/06093407\/ficha-tecnica-1-1024x632.png\" alt=\"Informa\u00e7\u00f5es do concurso AmazonPrev\" class=\"wp-image-788054\" style=\"width:240px;height:148px\" srcset=\"https:\/\/dhg1h5j42swfq.cloudfront.net\/2021\/07\/06093407\/ficha-tecnica-1-1024x632.png 1024w, https:\/\/dhg1h5j42swfq.cloudfront.net\/2021\/07\/06093407\/ficha-tecnica-1-300x185.png 300w, https:\/\/dhg1h5j42swfq.cloudfront.net\/2021\/07\/06093407\/ficha-tecnica-1-768x474.png 768w, https:\/\/dhg1h5j42swfq.cloudfront.net\/2021\/07\/06093407\/ficha-tecnica-1-1536x948.png 1536w, https:\/\/dhg1h5j42swfq.cloudfront.net\/2021\/07\/06093407\/ficha-tecnica-1-610x377.png 610w, https:\/\/dhg1h5j42swfq.cloudfront.net\/2021\/07\/06093407\/ficha-tecnica-1.png 1571w\" sizes=\"auto, (max-width: 1024px) 100vw, 1024px\" \/><\/figure>\n\n\n\n<h3 class=\"wp-block-heading\" id=\"ficha-tecnica\"><strong>Informa\u00e7\u00f5es do Concurso AmazonPrev<\/strong><\/h3>\n\n\n\n<ul class=\"wp-block-list\">\n<li><strong>Data prevista<\/strong>: 2026<\/li>\n\n\n\n<li><strong>Vagas<\/strong>: a definir<\/li>\n\n\n\n<li><strong>Cargos<\/strong>: Analista Previdenci\u00e1rio e Assistente Previdenci\u00e1rio<\/li>\n\n\n\n<li><strong>Banca<\/strong>: a definir<\/li>\n\n\n\n<li><strong>Escolaridade<\/strong>: n\u00edvel m\u00e9dio e superior<\/li>\n<\/ul>\n","protected":false},"excerpt":{"rendered":"<p>Edital do Concurso AmazonPrev deve ser publicado ainda neste ano de 2026; comiss\u00e3o formada! O concurso do Fundo Previdenci\u00e1rio do Estado do Amazonas (AmazonPrev) est\u00e1 a cada dia mais pr\u00f3ximo de sair do papel. De acordo com informa\u00e7\u00f5es obtidas exclusivamente pelo jornalista Fabio Scaldelai, o edital deve contemplar vagas para os cargos de Analista Previdenci\u00e1rio [&hellip;]<\/p>\n","protected":false},"author":643,"featured_media":1463013,"comment_status":"open","ping_status":"closed","sticky":false,"template":"","format":"standard","meta":{"post_tipo":"news_page","footnotes":""},"categories":[214992,220191],"tags":[],"tax_estado":[219966],"class_list":["post-1024279","post","type-post","status-publish","format-standard","has-post-thumbnail","hentry","category-concursos-administrativos","category-previdenciaria","tax_estado-am"],"acf":[],"yoast_head":"<!-- This site is optimized with the Yoast SEO Premium plugin v27.2 (Yoast SEO v27.2) - https:\/\/yoast.com\/product\/yoast-seo-premium-wordpress\/ -->\n<title>Concurso AmazonPrev ser\u00e1 para Analista\u00a0e\u00a0Assistente<\/title>\n<meta name=\"description\" content=\"Concurso AmazonPrev: edital neste ano para provimento de vagas nos cargos de Analista e Assistente. Saiba tudo AQUI!\" \/>\n<meta name=\"robots\" content=\"index, follow, max-snippet:-1, max-image-preview:large, max-video-preview:-1\" \/>\n<link rel=\"canonical\" href=\"https:\/\/www.estrategiaconcursos.com.br\/blog\/concurso-amazonprev\/\" \/>\n<meta property=\"og:locale\" content=\"pt_BR\" \/>\n<meta property=\"og:type\" content=\"article\" \/>\n<meta property=\"og:title\" content=\"Concurso AmazonPrev ser\u00e1 para Analista\u00a0e\u00a0Assistente\" \/>\n<meta property=\"og:description\" content=\"Concurso AmazonPrev: edital neste ano para provimento de vagas nos cargos de Analista e Assistente. Saiba tudo AQUI!\" \/>\n<meta property=\"og:url\" content=\"https:\/\/www.estrategiaconcursos.com.br\/blog\/concurso-amazonprev\/\" \/>\n<meta property=\"og:site_name\" content=\"Estrat\u00e9gia Concursos\" \/>\n<meta property=\"article:published_time\" content=\"2026-04-15T19:00:00+00:00\" \/>\n<meta property=\"article:modified_time\" content=\"2026-04-17T18:32:24+00:00\" \/>\n<meta property=\"og:image\" content=\"https:\/\/dhg1h5j42swfq.cloudfront.net\/2024\/09\/17100830\/amazonprev.jpg\" \/>\n\t<meta property=\"og:image:width\" content=\"768\" \/>\n\t<meta property=\"og:image:height\" content=\"432\" \/>\n\t<meta property=\"og:image:type\" content=\"image\/jpeg\" \/>\n<meta name=\"author\" content=\"F\u00e1bio Scaldelai\" \/>\n<meta name=\"twitter:card\" content=\"summary_large_image\" \/>\n<meta name=\"twitter:creator\" content=\"@EstratConcursos\" \/>\n<meta name=\"twitter:site\" content=\"@EstratConcursos\" \/>\n<meta name=\"twitter:label1\" content=\"Escrito por\" \/>\n\t<meta name=\"twitter:data1\" content=\"F\u00e1bio Scaldelai\" \/>\n\t<meta name=\"twitter:label2\" content=\"Est. tempo de leitura\" \/>\n\t<meta name=\"twitter:data2\" content=\"3 minutos\" \/>\n<script type=\"application\/ld+json\" class=\"yoast-schema-graph\">{\"@context\":\"https:\/\/schema.org\",\"@graph\":[{\"@type\":\"NewsArticle\",\"@id\":\"https:\/\/www.estrategiaconcursos.com.br\/blog\/concurso-amazonprev\/#article\",\"isPartOf\":{\"@id\":\"https:\/\/www.estrategiaconcursos.com.br\/blog\/concurso-amazonprev\/\"},\"author\":{\"name\":\"F\u00e1bio Scaldelai\",\"@id\":\"https:\/\/www.estrategiaconcursos.com.br\/blog\/#\/schema\/person\/b27f725b445a1519b2f20bf79001496d\"},\"headline\":\"Concurso AmazonPrev ser\u00e1 para Analista\u00a0e\u00a0Assistente\",\"datePublished\":\"2026-04-15T19:00:00+00:00\",\"dateModified\":\"2026-04-17T18:32:24+00:00\",\"mainEntityOfPage\":{\"@id\":\"https:\/\/www.estrategiaconcursos.com.br\/blog\/concurso-amazonprev\/\"},\"wordCount\":421,\"commentCount\":0,\"publisher\":{\"@id\":\"https:\/\/www.estrategiaconcursos.com.br\/blog\/#organization\"},\"image\":{\"@id\":\"https:\/\/www.estrategiaconcursos.com.br\/blog\/concurso-amazonprev\/#primaryimage\"},\"thumbnailUrl\":\"https:\/\/dhg1h5j42swfq.cloudfront.net\/2024\/09\/17100830\/amazonprev.jpg\",\"articleSection\":[\"Executivo (Administrativa)\",\"Previdenci\u00e1ria (INSS, PREVIC)\"],\"inLanguage\":\"pt-BR\",\"potentialAction\":[{\"@type\":\"CommentAction\",\"name\":\"Comment\",\"target\":[\"https:\/\/www.estrategiaconcursos.com.br\/blog\/concurso-amazonprev\/#respond\"]}],\"copyrightYear\":\"2026\",\"copyrightHolder\":{\"@id\":\"https:\/\/www.estrategiaconcursos.com.br\/blog\/#organization\"}},{\"@type\":\"WebPage\",\"@id\":\"https:\/\/www.estrategiaconcursos.com.br\/blog\/concurso-amazonprev\/\",\"url\":\"https:\/\/www.estrategiaconcursos.com.br\/blog\/concurso-amazonprev\/\",\"name\":\"Concurso AmazonPrev ser\u00e1 para Analista\u00a0e\u00a0Assistente\",\"isPartOf\":{\"@id\":\"https:\/\/www.estrategiaconcursos.com.br\/blog\/#website\"},\"primaryImageOfPage\":{\"@id\":\"https:\/\/www.estrategiaconcursos.com.br\/blog\/concurso-amazonprev\/#primaryimage\"},\"image\":{\"@id\":\"https:\/\/www.estrategiaconcursos.com.br\/blog\/concurso-amazonprev\/#primaryimage\"},\"thumbnailUrl\":\"https:\/\/dhg1h5j42swfq.cloudfront.net\/2024\/09\/17100830\/amazonprev.jpg\",\"datePublished\":\"2026-04-15T19:00:00+00:00\",\"dateModified\":\"2026-04-17T18:32:24+00:00\",\"description\":\"Concurso AmazonPrev: edital neste ano para provimento de vagas nos cargos de Analista e Assistente. Saiba tudo AQUI!\",\"breadcrumb\":{\"@id\":\"https:\/\/www.estrategiaconcursos.com.br\/blog\/concurso-amazonprev\/#breadcrumb\"},\"inLanguage\":\"pt-BR\",\"potentialAction\":[{\"@type\":\"ReadAction\",\"target\":[\"https:\/\/www.estrategiaconcursos.com.br\/blog\/concurso-amazonprev\/\"]}]},{\"@type\":\"ImageObject\",\"inLanguage\":\"pt-BR\",\"@id\":\"https:\/\/www.estrategiaconcursos.com.br\/blog\/concurso-amazonprev\/#primaryimage\",\"url\":\"https:\/\/dhg1h5j42swfq.cloudfront.net\/2024\/09\/17100830\/amazonprev.jpg\",\"contentUrl\":\"https:\/\/dhg1h5j42swfq.cloudfront.net\/2024\/09\/17100830\/amazonprev.jpg\",\"width\":768,\"height\":432,\"caption\":\"Concurso AmazonPrev vagas\"},{\"@type\":\"BreadcrumbList\",\"@id\":\"https:\/\/www.estrategiaconcursos.com.br\/blog\/concurso-amazonprev\/#breadcrumb\",\"itemListElement\":[{\"@type\":\"ListItem\",\"position\":1,\"name\":\"In\u00edcio\",\"item\":\"https:\/\/www.estrategiaconcursos.com.br\/blog\/\"},{\"@type\":\"ListItem\",\"position\":2,\"name\":\"Concurso AmazonPrev ser\u00e1 para Analista\u00a0e\u00a0Assistente\"}]},{\"@type\":\"WebSite\",\"@id\":\"https:\/\/www.estrategiaconcursos.com.br\/blog\/#website\",\"url\":\"https:\/\/www.estrategiaconcursos.com.br\/blog\/\",\"name\":\"Estrat\u00e9gia Concursos\",\"description\":\"O blog da Estrat\u00e9gia Concursos traz not\u00edcias sobre concursos e artigos de professores oferecendo cursos para concursos (pdf + videaulas) no site.\",\"publisher\":{\"@id\":\"https:\/\/www.estrategiaconcursos.com.br\/blog\/#organization\"},\"potentialAction\":[{\"@type\":\"SearchAction\",\"target\":{\"@type\":\"EntryPoint\",\"urlTemplate\":\"https:\/\/www.estrategiaconcursos.com.br\/blog\/?s={search_term_string}\"},\"query-input\":{\"@type\":\"PropertyValueSpecification\",\"valueRequired\":true,\"valueName\":\"search_term_string\"}}],\"inLanguage\":\"pt-BR\"},{\"@type\":\"Organization\",\"@id\":\"https:\/\/www.estrategiaconcursos.com.br\/blog\/#organization\",\"name\":\"Estrat\u00e9gia Concursos\",\"url\":\"https:\/\/www.estrategiaconcursos.com.br\/blog\/\",\"logo\":{\"@type\":\"ImageObject\",\"inLanguage\":\"pt-BR\",\"@id\":\"https:\/\/www.estrategiaconcursos.com.br\/blog\/#\/schema\/logo\/image\/\",\"url\":\"https:\/\/dhg1h5j42swfq.cloudfront.net\/2025\/06\/03203428\/logo_concursos-1.jpg\",\"contentUrl\":\"https:\/\/dhg1h5j42swfq.cloudfront.net\/2025\/06\/03203428\/logo_concursos-1.jpg\",\"width\":230,\"height\":60,\"caption\":\"Estrat\u00e9gia Concursos\"},\"image\":{\"@id\":\"https:\/\/www.estrategiaconcursos.com.br\/blog\/#\/schema\/logo\/image\/\"},\"sameAs\":[\"https:\/\/x.com\/EstratConcursos\"]},{\"@type\":\"Person\",\"@id\":\"https:\/\/www.estrategiaconcursos.com.br\/blog\/#\/schema\/person\/b27f725b445a1519b2f20bf79001496d\",\"name\":\"F\u00e1bio Scaldelai\",\"image\":{\"@type\":\"ImageObject\",\"inLanguage\":\"pt-BR\",\"@id\":\"https:\/\/secure.gravatar.com\/avatar\/d87536a395daa9c44d428de53feb744c60ed200e5635eefecfcfa4cdd3fbd7dc?s=96&d=mm&r=g\",\"url\":\"https:\/\/secure.gravatar.com\/avatar\/d87536a395daa9c44d428de53feb744c60ed200e5635eefecfcfa4cdd3fbd7dc?s=96&d=mm&r=g\",\"contentUrl\":\"https:\/\/secure.gravatar.com\/avatar\/d87536a395daa9c44d428de53feb744c60ed200e5635eefecfcfa4cdd3fbd7dc?s=96&d=mm&r=g\",\"caption\":\"F\u00e1bio Scaldelai\"},\"url\":\"https:\/\/www.estrategiaconcursos.com.br\/blog\/author\/fabio-scaldelai\/\"}]}<\/script>\n<!-- \/ Yoast SEO Premium plugin. -->","yoast_head_json":{"title":"Concurso AmazonPrev ser\u00e1 para Analista\u00a0e\u00a0Assistente","description":"Concurso AmazonPrev: edital neste ano para provimento de vagas nos cargos de Analista e Assistente. Saiba tudo AQUI!","robots":{"index":"index","follow":"follow","max-snippet":"max-snippet:-1","max-image-preview":"max-image-preview:large","max-video-preview":"max-video-preview:-1"},"canonical":"https:\/\/www.estrategiaconcursos.com.br\/blog\/concurso-amazonprev\/","og_locale":"pt_BR","og_type":"article","og_title":"Concurso AmazonPrev ser\u00e1 para Analista\u00a0e\u00a0Assistente","og_description":"Concurso AmazonPrev: edital neste ano para provimento de vagas nos cargos de Analista e Assistente. Saiba tudo AQUI!","og_url":"https:\/\/www.estrategiaconcursos.com.br\/blog\/concurso-amazonprev\/","og_site_name":"Estrat\u00e9gia Concursos","article_published_time":"2026-04-15T19:00:00+00:00","article_modified_time":"2026-04-17T18:32:24+00:00","og_image":[{"width":768,"height":432,"url":"https:\/\/dhg1h5j42swfq.cloudfront.net\/2024\/09\/17100830\/amazonprev.jpg","type":"image\/jpeg"}],"author":"F\u00e1bio Scaldelai","twitter_card":"summary_large_image","twitter_creator":"@EstratConcursos","twitter_site":"@EstratConcursos","twitter_misc":{"Escrito por":"F\u00e1bio Scaldelai","Est. tempo de leitura":"3 minutos"},"schema":{"@context":"https:\/\/schema.org","@graph":[{"@type":"NewsArticle","@id":"https:\/\/www.estrategiaconcursos.com.br\/blog\/concurso-amazonprev\/#article","isPartOf":{"@id":"https:\/\/www.estrategiaconcursos.com.br\/blog\/concurso-amazonprev\/"},"author":{"name":"F\u00e1bio Scaldelai","@id":"https:\/\/www.estrategiaconcursos.com.br\/blog\/#\/schema\/person\/b27f725b445a1519b2f20bf79001496d"},"headline":"Concurso AmazonPrev ser\u00e1 para Analista\u00a0e\u00a0Assistente","datePublished":"2026-04-15T19:00:00+00:00","dateModified":"2026-04-17T18:32:24+00:00","mainEntityOfPage":{"@id":"https:\/\/www.estrategiaconcursos.com.br\/blog\/concurso-amazonprev\/"},"wordCount":421,"commentCount":0,"publisher":{"@id":"https:\/\/www.estrategiaconcursos.com.br\/blog\/#organization"},"image":{"@id":"https:\/\/www.estrategiaconcursos.com.br\/blog\/concurso-amazonprev\/#primaryimage"},"thumbnailUrl":"https:\/\/dhg1h5j42swfq.cloudfront.net\/2024\/09\/17100830\/amazonprev.jpg","articleSection":["Executivo (Administrativa)","Previdenci\u00e1ria (INSS, PREVIC)"],"inLanguage":"pt-BR","potentialAction":[{"@type":"CommentAction","name":"Comment","target":["https:\/\/www.estrategiaconcursos.com.br\/blog\/concurso-amazonprev\/#respond"]}],"copyrightYear":"2026","copyrightHolder":{"@id":"https:\/\/www.estrategiaconcursos.com.br\/blog\/#organization"}},{"@type":"WebPage","@id":"https:\/\/www.estrategiaconcursos.com.br\/blog\/concurso-amazonprev\/","url":"https:\/\/www.estrategiaconcursos.com.br\/blog\/concurso-amazonprev\/","name":"Concurso AmazonPrev ser\u00e1 para Analista\u00a0e\u00a0Assistente","isPartOf":{"@id":"https:\/\/www.estrategiaconcursos.com.br\/blog\/#website"},"primaryImageOfPage":{"@id":"https:\/\/www.estrategiaconcursos.com.br\/blog\/concurso-amazonprev\/#primaryimage"},"image":{"@id":"https:\/\/www.estrategiaconcursos.com.br\/blog\/concurso-amazonprev\/#primaryimage"},"thumbnailUrl":"https:\/\/dhg1h5j42swfq.cloudfront.net\/2024\/09\/17100830\/amazonprev.jpg","datePublished":"2026-04-15T19:00:00+00:00","dateModified":"2026-04-17T18:32:24+00:00","description":"Concurso AmazonPrev: edital neste ano para provimento de vagas nos cargos de Analista e Assistente. Saiba tudo AQUI!","breadcrumb":{"@id":"https:\/\/www.estrategiaconcursos.com.br\/blog\/concurso-amazonprev\/#breadcrumb"},"inLanguage":"pt-BR","potentialAction":[{"@type":"ReadAction","target":["https:\/\/www.estrategiaconcursos.com.br\/blog\/concurso-amazonprev\/"]}]},{"@type":"ImageObject","inLanguage":"pt-BR","@id":"https:\/\/www.estrategiaconcursos.com.br\/blog\/concurso-amazonprev\/#primaryimage","url":"https:\/\/dhg1h5j42swfq.cloudfront.net\/2024\/09\/17100830\/amazonprev.jpg","contentUrl":"https:\/\/dhg1h5j42swfq.cloudfront.net\/2024\/09\/17100830\/amazonprev.jpg","width":768,"height":432,"caption":"Concurso AmazonPrev vagas"},{"@type":"BreadcrumbList","@id":"https:\/\/www.estrategiaconcursos.com.br\/blog\/concurso-amazonprev\/#breadcrumb","itemListElement":[{"@type":"ListItem","position":1,"name":"In\u00edcio","item":"https:\/\/www.estrategiaconcursos.com.br\/blog\/"},{"@type":"ListItem","position":2,"name":"Concurso AmazonPrev ser\u00e1 para Analista\u00a0e\u00a0Assistente"}]},{"@type":"WebSite","@id":"https:\/\/www.estrategiaconcursos.com.br\/blog\/#website","url":"https:\/\/www.estrategiaconcursos.com.br\/blog\/","name":"Estrat\u00e9gia Concursos","description":"O blog da Estrat\u00e9gia Concursos traz not\u00edcias sobre concursos e artigos de professores oferecendo cursos para concursos (pdf + videaulas) no site.","publisher":{"@id":"https:\/\/www.estrategiaconcursos.com.br\/blog\/#organization"},"potentialAction":[{"@type":"SearchAction","target":{"@type":"EntryPoint","urlTemplate":"https:\/\/www.estrategiaconcursos.com.br\/blog\/?s={search_term_string}"},"query-input":{"@type":"PropertyValueSpecification","valueRequired":true,"valueName":"search_term_string"}}],"inLanguage":"pt-BR"},{"@type":"Organization","@id":"https:\/\/www.estrategiaconcursos.com.br\/blog\/#organization","name":"Estrat\u00e9gia Concursos","url":"https:\/\/www.estrategiaconcursos.com.br\/blog\/","logo":{"@type":"ImageObject","inLanguage":"pt-BR","@id":"https:\/\/www.estrategiaconcursos.com.br\/blog\/#\/schema\/logo\/image\/","url":"https:\/\/dhg1h5j42swfq.cloudfront.net\/2025\/06\/03203428\/logo_concursos-1.jpg","contentUrl":"https:\/\/dhg1h5j42swfq.cloudfront.net\/2025\/06\/03203428\/logo_concursos-1.jpg","width":230,"height":60,"caption":"Estrat\u00e9gia Concursos"},"image":{"@id":"https:\/\/www.estrategiaconcursos.com.br\/blog\/#\/schema\/logo\/image\/"},"sameAs":["https:\/\/x.com\/EstratConcursos"]},{"@type":"Person","@id":"https:\/\/www.estrategiaconcursos.com.br\/blog\/#\/schema\/person\/b27f725b445a1519b2f20bf79001496d","name":"F\u00e1bio Scaldelai","image":{"@type":"ImageObject","inLanguage":"pt-BR","@id":"https:\/\/secure.gravatar.com\/avatar\/d87536a395daa9c44d428de53feb744c60ed200e5635eefecfcfa4cdd3fbd7dc?s=96&d=mm&r=g","url":"https:\/\/secure.gravatar.com\/avatar\/d87536a395daa9c44d428de53feb744c60ed200e5635eefecfcfa4cdd3fbd7dc?s=96&d=mm&r=g","contentUrl":"https:\/\/secure.gravatar.com\/avatar\/d87536a395daa9c44d428de53feb744c60ed200e5635eefecfcfa4cdd3fbd7dc?s=96&d=mm&r=g","caption":"F\u00e1bio Scaldelai"},"url":"https:\/\/www.estrategiaconcursos.com.br\/blog\/author\/fabio-scaldelai\/"}]}},"_links":{"self":[{"href":"https:\/\/www.estrategiaconcursos.com.br\/blog\/wp-json\/wp\/v2\/posts\/1024279","targetHints":{"allow":["GET"]}}],"collection":[{"href":"https:\/\/www.estrategiaconcursos.com.br\/blog\/wp-json\/wp\/v2\/posts"}],"about":[{"href":"https:\/\/www.estrategiaconcursos.com.br\/blog\/wp-json\/wp\/v2\/types\/post"}],"author":[{"embeddable":true,"href":"https:\/\/www.estrategiaconcursos.com.br\/blog\/wp-json\/wp\/v2\/users\/643"}],"replies":[{"embeddable":true,"href":"https:\/\/www.estrategiaconcursos.com.br\/blog\/wp-json\/wp\/v2\/comments?post=1024279"}],"version-history":[{"count":35,"href":"https:\/\/www.estrategiaconcursos.com.br\/blog\/wp-json\/wp\/v2\/posts\/1024279\/revisions"}],"predecessor-version":[{"id":1755377,"href":"https:\/\/www.estrategiaconcursos.com.br\/blog\/wp-json\/wp\/v2\/posts\/1024279\/revisions\/1755377"}],"wp:featuredmedia":[{"embeddable":true,"href":"https:\/\/www.estrategiaconcursos.com.br\/blog\/wp-json\/wp\/v2\/media\/1463013"}],"wp:attachment":[{"href":"https:\/\/www.estrategiaconcursos.com.br\/blog\/wp-json\/wp\/v2\/media?parent=1024279"}],"wp:term":[{"taxonomy":"category","embeddable":true,"href":"https:\/\/www.estrategiaconcursos.com.br\/blog\/wp-json\/wp\/v2\/categories?post=1024279"},{"taxonomy":"post_tag","embeddable":true,"href":"https:\/\/www.estrategiaconcursos.com.br\/blog\/wp-json\/wp\/v2\/tags?post=1024279"},{"taxonomy":"tax_estado","embeddable":true,"href":"https:\/\/www.estrategiaconcursos.com.br\/blog\/wp-json\/wp\/v2\/tax_estado?post=1024279"}],"curies":[{"name":"wp","href":"https:\/\/api.w.org\/{rel}","templated":true}]}}