{"id":102396,"date":"2018-05-08T08:30:48","date_gmt":"2018-05-08T11:30:48","guid":{"rendered":"https:\/\/www.estrategiaconcursos.com.br\/blog\/?p=102396"},"modified":"2020-11-03T16:06:17","modified_gmt":"2020-11-03T19:06:17","slug":"concurso-pm-rn-edital","status":"publish","type":"post","link":"https:\/\/www.estrategiaconcursos.com.br\/blog\/concurso-pm-rn-edital\/","title":{"rendered":"Concurso PM RN: Governo suspende contrato com a banca IBADE"},"content":{"rendered":"<p>O concurso PM RN, que atualmente encontra-se suspenso, sofreu mais uma altera\u00e7\u00e3o em seu processo. O governo do Rio Grande do Norte publicou, em seu di\u00e1rio oficial, uma portaria que suspende a contrata\u00e7\u00e3o da banca IBADE.<\/p>\n<p>Al\u00e9m da suspens\u00e3o, a portaria prev\u00ea que seja instaurado um processo administrativo para apurar a regularidade do procedimento que contratou o&nbsp; Instituto Brasileiro de Apoio e Desenvolvimento Executivo, IBADE, como organizador do certame.<\/p>\n<p><img loading=\"lazy\" decoding=\"async\" class=\"aligncenter wp-image-120138 size-full\" src=\"https:\/\/dhg1h5j42swfq.cloudfront.net\/2018\/04\/08105121\/doe-rn.png\" alt=\"concurso PM RN\" width=\"1917\" height=\"665\" srcset=\"https:\/\/dhg1h5j42swfq.cloudfront.net\/2018\/04\/08105121\/doe-rn.png 1917w, https:\/\/dhg1h5j42swfq.cloudfront.net\/2018\/04\/08105121\/doe-rn.png 300w, https:\/\/dhg1h5j42swfq.cloudfront.net\/2018\/04\/08105121\/doe-rn.png 768w, https:\/\/dhg1h5j42swfq.cloudfront.net\/2018\/04\/08105121\/doe-rn.png 1024w, https:\/\/dhg1h5j42swfq.cloudfront.net\/2018\/04\/08105121\/doe-rn.png 610w\" sizes=\"auto, (max-width: 1917px) 100vw, 1917px\" \/><\/p>\n<h3>Organizadora come\u00e7a a reembolsar inscritos. Entenda!<\/h3>\n<p style=\"text-align: justify;\"><span style=\"color: #000000;\">O Governo do Rio Grande do Norte publicou no in\u00edcio do ano uma portaria que suspende de forma tempor\u00e1ria o Concurso PM RN. A suspens\u00e3o \u00e9 resultado de um mandado de seguran\u00e7a impetrado pelo Minist\u00e9rio P\u00fablico que encontrou irregularidades no edital.&nbsp;<\/span><\/p>\n<p>Devido aos ocorridos, a organizadora divulgou um documento, onde explica os procedimentos de reembolso das inscri\u00e7\u00f5es. Ser\u00e1 necess\u00e1rio preencher o&nbsp;formul\u00e1rio de restitui\u00e7\u00e3o da Taxa de Inscri\u00e7\u00e3o, cujo modelo se encontra no site do&nbsp;IBADE, al\u00e9m de&nbsp;anexar ao pedido: c\u00f3pia da Carteira de Identidade, do CPF, do cart\u00e3o do banco&nbsp;constando o n\u00famero da conta e da ag\u00eancia e o comprovante de inscri\u00e7\u00e3o.<\/p>\n<p>Os pedidos de restitui\u00e7\u00e3o da inscri\u00e7\u00e3o dever\u00e3o ser feitos entre os dias 23 de abril e 23 de maio<strong>.<\/strong><a href=\"https:\/\/dhg1h5j42swfq.cloudfront.net\/2018\/01\/24092548\/resembolso-pm-rn.pdf\" target=\"_blank\" rel=\"noopener noreferrer\"><strong> Acesse aqui<\/strong> <\/a>o documento completo para saber como proceder!<\/p>\n<p style=\"text-align: justify;\"><span style=\"color: #000000;\">Conforme a den\u00fancia feita pelo MP RN, o edital infringe a lei n\u00ba 613, de&nbsp;janeiro deste ano, que altera o requisito do cargo de N\u00edvel M\u00e9dio para Superior. A lei exige ainda que o candidato possua CNH (categoria B) e inclui a avalia\u00e7\u00e3o psicol\u00f3gica como uma das etapas do concurso. Nenhum dos itens regulados pela lei foi cumprido pelo edital.<\/span><\/p>\n<p style=\"text-align: justify;\"><span style=\"color: #000000;\">Por conta disso, a Justi\u00e7a deferiu o mandado de seguran\u00e7a do Minist\u00e9rio P\u00fablico e determinou a republica\u00e7\u00e3o do edital com as altera\u00e7\u00f5es devidas e&nbsp;exigindo ainda que o estado fa\u00e7a a altera\u00e7\u00e3o em car\u00e1ter de urg\u00eancia.<\/span><\/p>\n<p style=\"text-align: justify;\"><span style=\"color: #000000;\"><em><strong>\u00c9 importante ressaltar ainda que o concurso n\u00e3o foi cancelado, e que o Governo deve publicar um novo edital com as altera\u00e7\u00f5es recomendadas pelo Minist\u00e9rio P\u00fablico. Por isso, quem j\u00e1 estudava para o concurso, vai ter um prazo ainda mais el\u00e1stico para se preparar.&nbsp;<\/strong><\/em><\/span><\/p>\n<p style=\"text-align: justify;\"><span style=\"color: #000000;\">Confira abaixo a portaria publicada no Di\u00e1rio Oficial do Estado do Rio Grande do Norte, edi\u00e7\u00e3o de 30 de janeiro, que suspende o Concurso da Pol\u00edcia Militar.<\/span><\/p>\n<p><span style=\"color: #000000;\">&nbsp;<\/span><\/p>\n<p><img loading=\"lazy\" decoding=\"async\" class=\"size-large wp-image-104626 aligncenter\" src=\"https:\/\/dhg1h5j42swfq.cloudfront.net\/2018\/01\/31072626\/suspens%C3%A3o-pm-rn.png\" alt=\"Concurso PM RN \" width=\"1024\" height=\"461\" srcset=\"https:\/\/dhg1h5j42swfq.cloudfront.net\/2018\/01\/31072626\/suspens%C3%A3o-pm-rn.png 1896w, https:\/\/dhg1h5j42swfq.cloudfront.net\/2018\/01\/31072626\/suspens%C3%A3o-pm-rn.png 300w, https:\/\/dhg1h5j42swfq.cloudfront.net\/2018\/01\/31072626\/suspens%C3%A3o-pm-rn.png 768w, https:\/\/dhg1h5j42swfq.cloudfront.net\/2018\/01\/31072626\/suspens%C3%A3o-pm-rn.png 1024w, https:\/\/dhg1h5j42swfq.cloudfront.net\/2018\/01\/31072626\/suspens%C3%A3o-pm-rn.png 610w\" sizes=\"auto, (max-width: 1024px) 100vw, 1024px\" \/><\/p>\n<h3>O concurso PM RN (edital vigente)<\/h3>\n<p style=\"text-align: justify;\"><span style=\"color: #000000;\">O edital foi publicado no dia 16 de janeiro de 2018, e teve in\u00edcio de inscri\u00e7\u00f5es no dia 17 de janeiro.&nbsp;O certame oferta 1.000 vagas para Pra\u00e7as da Pol\u00edcia Militar.&nbsp;<\/span><span style=\"color: #000000;\">Das vagas oferecidas, 938 para o sexo masculino e 62 vagas destinadas ao sexo feminino.<\/span><\/p>\n<p style=\"text-align: justify;\"><span style=\"color: #000000;\">Organizado pelo IBADE, o concurso exige forma\u00e7\u00e3o em n\u00edvel m\u00e9dio para o cargo e oferece remunera\u00e7\u00e3o inicial de R$ 954,00 durante o curso de forma\u00e7\u00e3o e R$ 2.904,00 ap\u00f3s formado.<\/span><\/p>\n<p style=\"text-align: justify;\"><span style=\"color: #000000;\">As inscri\u00e7\u00f5es poder\u00e3o ser realizadas atrav\u00e9s do site da banca organizadora, entre os dias 17 de janeiro e 08 de fevereiro. A taxa de inscri\u00e7\u00e3o foi fixada em R$ 100,00.<\/span><\/p>\n<h3 style=\"text-align: justify;\">Etapas do Concurso PM RN Edital<\/h3>\n<p style=\"text-align: justify;\"><strong>1\u00aa Etapa<\/strong> &#8211; <span style=\"color: #000000;\">A prova seria realizada em etapa \u00fanica de m\u00faltipla escolha e <strong>aplicada na data prov\u00e1vel de 4 de mar\u00e7o, <\/strong>nas cidades de: Natal, Mossor\u00f3 e Caic\u00f3, conforme op\u00e7\u00e3o do candidato no ato da inscri\u00e7\u00e3o.<\/span><\/p>\n<p style=\"text-align: justify;\"><strong>Prova Objetiva<\/strong><\/p>\n<ul style=\"text-align: justify;\">\n<li><span style=\"text-decoration: underline; color: #000000;\">80 quest\u00f5es<\/span>\n<ul>\n<li><span style=\"color: #000000;\">Portugu\u00eas \u2013 <strong>10 quest\u00f5es<\/strong>, valendo 0,10 cada<\/span><\/li>\n<li><span style=\"color: #000000;\">Matem\u00e1tica e Racioc\u00ednio L\u00f3gico \u2013 <strong>10 quest\u00f5es<\/strong>, valendo 0,10 cada<\/span><\/li>\n<li><span style=\"color: #000000;\">Geografia do Brasil e do Rio Grande do Norte \u2013 <strong>08 quest\u00f5es,<\/strong> valendo 0,10 cada<\/span><\/li>\n<li><span style=\"color: #000000;\">No\u00e7\u00f5es de Direito Constitucional \u2013 <strong>05 quest\u00f5es<\/strong>, valendo 0,10 cada<\/span><\/li>\n<li><span style=\"color: #000000;\">No\u00e7\u00f5es de Direito Penal Militar \u2013 <strong>10 quest\u00f5es<\/strong>, valendo 0,20 cada<\/span><\/li>\n<li><span style=\"color: #000000;\">No\u00e7\u00f5es de Direito Penal \u2013 <strong>10 quest\u00f5es,<\/strong> valendo 0,10 cada<\/span><\/li>\n<li><span style=\"color: #000000;\">No\u00e7\u00f5es de Legisla\u00e7\u00e3o Extravagante \u2013 <strong>10 quest\u00f5es<\/strong>, valendo 0,10 cada<\/span><\/li>\n<li><span style=\"color: #000000;\">No\u00e7\u00f5es de Inform\u00e1tica \u2013 <strong>07 quest\u00f5es,<\/strong> valendo 0,10 cada<\/span><\/li>\n<li><span style=\"color: #000000;\">Legisla\u00e7\u00e3o Espec\u00edfica da Pol\u00edcia Militar \u2013 <strong>10 quest\u00f5es<\/strong>, valendo 0,20 cada<\/span><\/li>\n<\/ul>\n<\/li>\n<\/ul>\n<p style=\"text-align: justify;\"><span style=\"color: #000000;\">2\u00aa Etapa &#8211; Exames M\u00e9dicos<\/span><\/p>\n<p style=\"text-align: justify;\"><span style=\"color: #000000;\">3\u00aa Etapa &#8211;&nbsp; Investiga\u00e7\u00e3o Social<\/span><\/p>\n<p style=\"text-align: justify;\"><span style=\"color: #000000;\">4\u00aa Etapa &#8211; Teste F\u00edsico<\/span><\/p>\n<p style=\"text-align: justify;\"><span style=\"color: #000000;\">5\u00aa Etapa &#8211; Curso de Forma\u00e7\u00e3o<\/span><\/p>\n<h3>Confira a An\u00e1lise&nbsp; do Edital<\/h3>\n<div class=\"lyte-wrapper\" style=\"width:853px;max-width:100%;margin:5px;\"><div class=\"lyMe qsa_\\&amp;start\\=1149\" id=\"WYL_xz3IWmYleOw\"><div id=\"lyte_xz3IWmYleOw\" data-src=\"\/\/i.ytimg.com\/vi\/xz3IWmYleOw\/hqdefault.jpg\" class=\"pL\"><div class=\"tC\"><div class=\"tT\"><\/div><\/div><div class=\"play\"><\/div><div class=\"ctrl\"><div class=\"Lctrl\"><\/div><div class=\"Rctrl\"><\/div><\/div><\/div><noscript><a href=\"https:\/\/youtu.be\/xz3IWmYleOw\" rel=\"nofollow\"><img loading=\"lazy\" decoding=\"async\" src=\"https:\/\/i.ytimg.com\/vi\/xz3IWmYleOw\/0.jpg\" alt=\"YouTube video thumbnail\" width=\"853\" height=\"460\" \/><br \/>Assista a este v\u00eddeo no YouTube<\/a><\/noscript><\/div><\/div><div class=\"lL\" style=\"max-width:100%;width:853px;margin:5px;\"><\/div><\/p>\n<h3 style=\"text-align: justify;\">Requisitos para o Cargo<\/h3>\n<ol style=\"text-align: justify;\">\n<li><span style=\"color: #000000;\">ser brasileiro nato ou naturalizado, na forma da lei;<\/span><\/li>\n<li><span style=\"color: #000000;\">possuir ilibada conduta p\u00fablica e privada comprovada documentalmente, por folha corrida policial, certid\u00f5es negativas emitidas pela Justi\u00e7a Federal, Eleitoral, Militar, Trabalhista e Comum, demonstrando n\u00e3o estar o candidato respondendo a processo criminal ou indiciado c\u00edvel ou criminalmente;<\/span><\/li>\n<li><span style=\"color: #000000;\">estar quite com as obriga\u00e7\u00f5es eleitorais e militares;<\/span><\/li>\n<li><span style=\"color: #000000;\">n\u00e3o ter sofrido condena\u00e7\u00e3o criminal com pena privativa de liberdade ou qualquer condena\u00e7\u00e3o incompat\u00edvel com a fun\u00e7\u00e3o policial militar;<\/span><\/li>\n<li><span style=\"color: #000000;\">ter, <strong>no m\u00ednimo<\/strong>, <strong>1,65 m de altura (sexo masculino) e 1,60m (sexo feminino)<\/strong>, para o Quadro de Pra\u00e7as Combatentes;<\/span><\/li>\n<li><span style=\"color: #000000;\">ter,<strong> no m\u00ednimo<\/strong>, <strong>19 (dezenove) e no m\u00e1ximo 30 (trinta) anos de idade, completos at\u00e9 31 de dezembro do ano da inscri\u00e7\u00e3o<\/strong>, para o Quadro de Pra\u00e7as Combatentes;<\/span><\/li>\n<li><span style=\"color: #000000;\">ter conclu\u00eddo com aproveitamento o 2\u00ba grau ou equivalente, devidamente comprovado;<\/span><\/li>\n<li><span style=\"color: #000000;\">n\u00e3o ter sido isentado do servi\u00e7o militar por incapacidade f\u00edsica definitiva; e<\/span><\/li>\n<li><span style=\"color: #000000;\">obter aprova\u00e7\u00e3o nos exames intelectual, de sa\u00fade e f\u00edsico, exigidos para inclus\u00e3o, nomea\u00e7\u00e3o e matr\u00edcula.<\/span><\/li>\n<\/ol>\n<p>&nbsp;<\/p>\n<h3><span style=\"color: #000000;\">Conte\u00fado program\u00e1tico<\/span><\/h3>\n<p style=\"text-align: justify;\"><span style=\"color: #000000;\"><strong><em><span style=\"font-size: 12pt;\">L\u00edngua Portuguesa:<\/span><\/em><\/strong><\/span><\/p>\n<p style=\"text-align: justify;\"><span style=\"font-size: 12pt; color: #000000;\">Compreens\u00e3o de textos. Denota\u00e7\u00e3o e conota\u00e7\u00e3o. Ortografia: emprego das letras e acentua\u00e7\u00e3o gr\u00e1fica. Sinais de Pontua\u00e7\u00e3o. Classes de palavras e suas flex\u00f5es. Coletivos. Verbos: conjuga\u00e7\u00e3o, emprego dos tempos, modos e vozes verbais. Concord\u00e2ncias: nominal e verbal. Reg\u00eancias: nominal e verbal. Emprego do acento indicativo da crase. Coloca\u00e7\u00e3o dos pronomes. Sem\u00e2ntica: sinon\u00edmia, anton\u00edmia, homon\u00edmia, paron\u00edmia, polissemia e figuras de linguagem. Fun\u00e7\u00f5es sint\u00e1ticas de termos e de ora\u00e7\u00f5es. Processos sint\u00e1ticos: subordina\u00e7\u00e3o e coordena\u00e7\u00e3o. Reescrita de frases.<\/span><\/p>\n<p style=\"text-align: justify;\"><span style=\"color: #000000;\"><em><strong><span style=\"font-size: 12pt;\">Matem\u00e1tica e Racioc\u00ednio L\u00f3gico:<\/span><\/strong><\/em><\/span><\/p>\n<p style=\"text-align: justify;\"><span style=\"font-size: 12pt; color: #000000;\">Conceitos l\u00f3gicos. Problemas envolvendo correla\u00e7\u00e3o entre elementos. Racioc\u00ednio l\u00f3gico envolvendo problemas aritm\u00e9ticos, geom\u00e9tricos, matriciais. S\u00e9ries e sequ\u00eancias. Progress\u00e3o aritm\u00e9tica e progress\u00e3o geom\u00e9trica. Diagramas l\u00f3gicos. Teoria dos conjuntos. An\u00e1lise combinat\u00f3ria. Probabilidade. L\u00f3gica argumentativa. L\u00f3gica proposicional simples e composta. \u00c1lgebras das proposi\u00e7\u00f5es. Estruturas l\u00f3gicas: conjun\u00e7\u00e3o, disjun\u00e7\u00e3o, condicional, bicondicional e nega\u00e7\u00e3o. Equival\u00eancia l\u00f3gica. Leis de Morgan. Tabela verdade: tautologia, contradi\u00e7\u00e3o e valida\u00e7\u00f5es. Silogismo categ\u00f3rico e hipot\u00e9tico. Porcentagem. Regra de tr\u00eas simples e composta, Raz\u00e3o e propor\u00e7\u00e3o, e an\u00e1lise de gr\u00e1ficos e tabelas.<\/span><\/p>\n<p style=\"text-align: justify;\"><span style=\"color: #000000;\"><em><strong><span style=\"font-size: 12pt;\">Geografia do Brasil e do Rio Grande do Norte:<\/span><\/strong><\/em><\/span><\/p>\n<p style=\"text-align: justify;\"><span style=\"font-size: 12pt; color: #000000;\">Fuso hor\u00e1rio brasileiro. Estados e Regi\u00f5es do Brasil: localiza\u00e7\u00e3o, limites, territ\u00f3rio. Principais unidades de relevo do Brasil e do Rio Grande do Norte. Aspectos clim\u00e1ticos do Brasil e do Rio Grande do Norte. Principais Biomas do Brasil e do Rio Grande do Norte. Principais bacias hidrogr\u00e1ficas do Brasil e do Rio Grande do Norte. Principais aspectos ambientais do Brasil e do Rio Grande do Norte: territ\u00f3rios ind\u00edgenas e unidades de conserva\u00e7\u00e3o. Processo de urbaniza\u00e7\u00e3o do Brasil e do Rio Grande do Norte. Munic\u00edpios do Rio Grande do Norte (territ\u00f3rio, limites, localiza\u00e7\u00e3o e processo de forma\u00e7\u00e3o). Aspectos demogr\u00e1ficos do Brasil e do Rio Grande do Norte.&nbsp; Principais aspectos da geografia agr\u00e1ria brasileira e do Rio Grande do Norte: estrutura fundi\u00e1ria e principais lavouras. &nbsp;Geografia Pol\u00edtica (governadores do Rio Grande do Norte).<\/span><\/p>\n<p style=\"text-align: justify;\"><span style=\"color: #000000;\"><em><strong><span style=\"font-size: 12pt;\">No\u00e7\u00f5es de Direito Constitucional:<\/span><\/strong><\/em><\/span><\/p>\n<p style=\"text-align: justify;\"><span style=\"font-size: 12pt; color: #000000;\">Constitui\u00e7\u00e3o: Conceito. Princ\u00edpios fundamentais. Classifica\u00e7\u00e3o. Aplicabilidade e Interpreta\u00e7\u00e3o das Normas Constitucionais. Poder Constituinte: Conceito. Finalidade. Titularidade e Esp\u00e9cies. Reforma da Constitui\u00e7\u00e3o. Cl\u00e1usulas P\u00e9treas. Direitos e garantias fundamentais: direitos e deveres individuais e coletivos, direitos sociais, nacionalidade, direitos pol\u00edticos.&nbsp; Da Organiza\u00e7\u00e3o do Estado. Da Administra\u00e7\u00e3o P\u00fablica. Disposi\u00e7\u00f5es Gerais. Dos Servidores P\u00fablicos. Da Organiza\u00e7\u00e3o dos Poderes. Defesa do Estado e das institui\u00e7\u00f5es democr\u00e1ticas: seguran\u00e7a p\u00fablica; organiza\u00e7\u00e3o da seguran\u00e7a p\u00fablica.<\/span><\/p>\n<p style=\"text-align: justify;\"><span style=\"color: #000000;\"><em><strong><span style=\"font-size: 12pt;\">No\u00e7\u00f5es de Direito Penal Militar:<\/span><\/strong><\/em><\/span><\/p>\n<p style=\"text-align: justify;\"><span style=\"font-size: 12pt; color: #000000;\">Aplica\u00e7\u00e3o da lei penal militar. Crime. Imputabilidade penal. Concurso de agentes. Penas. Aplica\u00e7\u00e3o da pena. Suspens\u00e3o condicional da pena. Livramento condicional. Penas acess\u00f3rias. Efeitos da condena\u00e7\u00e3o. Medidas de seguran\u00e7a. A\u00e7\u00e3o penal. Extin\u00e7\u00e3o da punibilidade. Crimes militares em tempo de paz. Crimes propriamente militares. Crimes impropriamente militares. Estatuto dos Policiais Militares do Estado do Rio Grande do Norte. C\u00f3digo Penal Militar (Arts. 1\u00ba ao 9\u00ba).<\/span><\/p>\n<p style=\"text-align: justify;\"><span style=\"color: #000000;\"><strong><em><span style=\"font-size: 12pt;\">No\u00e7\u00f5es de Direito Penal:<\/span><\/em><\/strong><\/span><\/p>\n<p style=\"text-align: justify;\"><span style=\"font-size: 12pt; color: #000000;\">Infra\u00e7\u00e3o penal: elementos, esp\u00e9cies, classifica\u00e7\u00e3o doutrin\u00e1ria das infra\u00e7\u00f5es penais; princ\u00edpios penais. Sujeito ativo e sujeito passivo da infra\u00e7\u00e3o penal. Lei penal no tempo. Concurso aparente de normas. Tipicidade, ilicitude, culpabilidade. Consuma\u00e7\u00e3o e tentativa. Erros essenciais e erros acidentais. Concurso de pessoas. Crimes contra a pessoa. Crimes contra o patrim\u00f4nio. Crimes contra o respeito aos mortos. Crimes contra o sentimento religioso. Crimes contra a dignidade sexual. Crimes contra a fam\u00edlia. Crimes contra a incolumidade p\u00fablica. Crimes contra a f\u00e9 p\u00fablica. Crimes contra a administra\u00e7\u00e3o p\u00fablica.<\/span><\/p>\n<p style=\"text-align: justify;\"><span style=\"color: #000000;\"><strong><em><span style=\"font-size: 12pt;\">No\u00e7\u00f5es de Legisla\u00e7\u00e3o Extravagante Concurso PM RN:<\/span><\/em><\/strong><\/span><\/p>\n<p style=\"text-align: justify;\"><span style=\"font-size: 12pt; color: #000000;\">Abuso de Autoridade (Lei n\u00b0 4.898\/65). Dos crimes previstos na Lei Antidrogas (Lei n\u00b0 11.343\/06). Crimes tipificados no C\u00f3digo de Tr\u00e2nsito Brasileiro (Lei n\u00b0&nbsp; 9.503\/97). Viol\u00eancia dom\u00e9stica e familiar contra a mulher (Lei n\u00b0 11.340 de 2006). Contraven\u00e7\u00f5es penais. Dos crimes tipificados na Lei do Estatuto do idoso (Lei n\u00b0 10.741 de 2003). Dos crimes tipificados no Estatuto do Desarmamento (Lei n\u00b0 10.826\/03). Crimes de Tortura (Lei n\u00b0 9.455 de 1997). Dos crimes contra a propriedade Intelectual (Lei n\u00b0 9.609 de 1998). Dos crimes tipificados nas Leis de preconceito e aos dos deficientes f\u00edsicos (Lei n\u00b0 7.716 de 1989 e Lei n\u00b0 7853 de 1989). Artigo 9\u00b0 (nono) do C\u00f3digo Penal Militar. Crimes hediondos (Lei n\u00b0 8.072 de 1990). Organiza\u00e7\u00f5es Criminosas (Lei n\u00b0 9.034, de 1995). Identifica\u00e7\u00e3o criminal do civilmente identificado (Lei n\u00b0 12.037\/09). Crimes contra o meio ambiente (Lei n\u00b0 9.605\/98). C\u00f3digo Brasileiro de Telecomunica\u00e7\u00f5es (Lei n\u00ba 4.117\/1962). Organiza\u00e7\u00e3o dos servi\u00e7os de telecomunica\u00e7\u00f5es (Lei n\u00ba 9472\/97). Lei de Organiza\u00e7\u00f5es Criminosas (Lei n. 12.850). Estatuto do Torcedor. Altera\u00e7\u00f5es de todas as normativas supracitadas.<\/span><\/p>\n<p style=\"text-align: justify;\"><span style=\"color: #000000;\"><em><strong><span style=\"font-size: 12pt;\">No\u00e7\u00f5es de Inform\u00e1tica:<\/span><\/strong><\/em><\/span><\/p>\n<p style=\"text-align: justify;\"><span style=\"font-size: 12pt; color: #000000;\">Introdu\u00e7\u00e3o ao sistema operacional Microsoft Windows. Conceitos b\u00e1sicos e utiliza\u00e7\u00e3o de aplicativos para edi\u00e7\u00e3o de textos, planilhas eletr\u00f4nicas e apresenta\u00e7\u00f5es: pacote Microsoft Office. Principais aplicativos de navega\u00e7\u00e3o na Internet (Microsoft Internet Explorer, Mozilla Firefox), ferramentas de pesquisa e compartilhamento de informa\u00e7\u00f5es. Seguran\u00e7a na Internet.<\/span><\/p>\n<p style=\"text-align: justify;\"><span style=\"color: #000000;\"><strong><em><span style=\"font-size: 12pt;\">Legisla\u00e7\u00e3o Espec\u00edfica da Pol\u00edcia Militar:<\/span><\/em><\/strong><\/span><\/p>\n<p style=\"text-align: justify;\"><span style=\"font-size: 12pt; color: #000000;\">Lei Complementar n\u00ba 515\/2014 \u2013 disp\u00f5e sobre o Regime de Promo\u00e7\u00e3o dos Pra\u00e7as. Lei n\u00ba 4.533\/1975 e suas altera\u00e7\u00f5es \u2013 disp\u00f5e sobre o Regime de Promo\u00e7\u00e3o dos Oficiais da PM. Lei n\u00ba 4.630\/1976 \u2013 disp\u00f5e sobre o Estatuto da PMRN. Portaria n\u00ba 042\/2016 \u2013 GCG \u2013 disp\u00f5e sobre a formaliza\u00e7\u00e3o do Processo Administrativo Disciplinar Sum\u00e1rio. Decreto n\u00ba 23.045\/2012 \u2013 regulamenta uniformes da PM. Decreto n\u00ba 8.336\/1982 \u2013 aprova o Regulamento Disciplinar da PM. Lei Complementar n\u00ba 090\/1991 \u2013 disp\u00f5e sobre a Organiza\u00e7\u00e3o b\u00e1sica da PMRN. Lei Complementar n\u00ba 463\/2012 \u2013 disp\u00f5e sobre subs\u00eddios dos Militares do Estado RN. Lei Complementar n\u00ba 514\/2014 \u2013 disp\u00f5e sobre o Reajuste dos subs\u00eddios. Legisla\u00e7\u00f5es dispon\u00edveis no site da PMRN: http:\/\/www.pm.rn.gov.br\/.<\/span><\/p>\n<p style=\"text-align: center;\"><em><span style=\"font-size: 18pt;\"><strong><a href=\"https:\/\/www.estrategiaconcursos.com.br\/cursosPorConcurso\/policia-militar-rn\/\" target=\"_blank\" rel=\"noopener noreferrer\">Cursos para Pol\u00edcia Militar RN<\/a><\/strong><\/span><\/em><\/p>\n<p><a href=\"https:\/\/www.estrategiaconcursos.com.br\/cursosPorConcurso\/policia-militar-rn\/\" target=\"_blank\" rel=\"noopener noreferrer\"><img loading=\"lazy\" decoding=\"async\" class=\"aligncenter wp-image-102405\" src=\"https:\/\/dhg1h5j42swfq.cloudfront.net\/2018\/01\/16074930\/PM-RN5.jpg\" alt=\"\" width=\"871\" height=\"456\" srcset=\"https:\/\/dhg1h5j42swfq.cloudfront.net\/2018\/01\/16074930\/PM-RN5.jpg 1200w, https:\/\/dhg1h5j42swfq.cloudfront.net\/2018\/01\/16074930\/PM-RN5.jpg 300w, https:\/\/dhg1h5j42swfq.cloudfront.net\/2018\/01\/16074930\/PM-RN5.jpg 768w, https:\/\/dhg1h5j42swfq.cloudfront.net\/2018\/01\/16074930\/PM-RN5.jpg 1024w, https:\/\/dhg1h5j42swfq.cloudfront.net\/2018\/01\/16074930\/PM-RN5.jpg 610w\" sizes=\"auto, (max-width: 871px) 100vw, 871px\" \/><\/a><\/p>\n<p>&nbsp;<\/p>\n<p><img loading=\"lazy\" decoding=\"async\" title=\"\" src=\"https:\/\/www.estrategiaconcursos.com.br\/blog\/wp-content\/uploads\/2017\/01\/coruja-ficha-tecnica-300x102.png\" alt=\"\" width=\"300\" height=\"102\"\/><\/p>\n<p><strong>\u2666Informa\u00e7\u00f5es do Concurso PM RN Edital<\/strong><br \/>\n\u25baData da prova prevista para 4 de mar\u00e7o<br \/>\n\u25baVagas: 1.000 vagas<br \/>\n\u25baLota\u00e7\u00f5es: Rio Grande do Norte<br \/>\n\u25baRemunera\u00e7\u00e3o inicial: R$ 2.904,00<br \/>\n\u25baBanca:&nbsp;IBADE<br \/>\n\u25baEdital: <a href=\"https:\/\/dhg1h5j42swfq.cloudfront.net\/2018\/01\/16104741\/Edital-PM-RN.pdf\" target=\"_blank\" rel=\"noopener noreferrer\">Edital-PM-RN<\/a><br \/>\n\u25baEscolaridade: Ensino M\u00e9dio ou equivalente<br \/>\n\u25baCursos Estrat\u00e9gia Concursos: <strong><a href=\"https:\/\/www.estrategiaconcursos.com.br\/cursosPorConcurso\/policia-militar-rn\/\" target=\"_blank\" rel=\"noopener noreferrer\">Cursos para Pol\u00edcia Militar RN<\/a><\/strong><\/p>\n<p><em>Nat\u00e1lia Scarano<\/em><br \/>\nAscom Estrat\u00e9gia<br \/>\ncomunicacao@estrategiaconcursos.com.br<\/p>\n","protected":false},"excerpt":{"rendered":"<p>O concurso PM RN, que atualmente encontra-se suspenso, sofreu mais uma altera\u00e7\u00e3o em seu processo. O governo do Rio Grande do Norte publicou, em seu di\u00e1rio oficial, uma portaria que suspende a contrata\u00e7\u00e3o da banca IBADE. Al\u00e9m da suspens\u00e3o, a portaria prev\u00ea que seja instaurado um processo administrativo para apurar a regularidade do procedimento que [&hellip;]<\/p>\n","protected":false},"author":1,"featured_media":102405,"comment_status":"open","ping_status":"closed","sticky":false,"template":"","format":"standard","meta":{"post_tipo":"news","footnotes":""},"categories":[1],"tags":[1378,1377],"tax_estado":[],"class_list":["post-102396","post","type-post","status-publish","format-standard","has-post-thumbnail","hentry","category-cursos-e-concursos","tag-concurso-pm-rn","tag-pm-rn"],"acf":[],"yoast_head":"<!-- This site is optimized with the Yoast SEO Premium plugin v27.2 (Yoast SEO v27.2) - https:\/\/yoast.com\/product\/yoast-seo-premium-wordpress\/ -->\n<title>Concurso PM RN | Organizadora come\u00e7a a reembolsar inscritos. Entenda!<\/title>\n<meta name=\"description\" content=\"Concurso PM RN - Suspenso! S\u00e3o MIL VAGAS! Saiba tudo sobre este certame e esteja preparado para o dia da prova. Garanta sua vaga na corpora\u00e7\u00e3o!\" \/>\n<meta name=\"robots\" content=\"index, follow, max-snippet:-1, max-image-preview:large, max-video-preview:-1\" \/>\n<link rel=\"canonical\" href=\"https:\/\/www.estrategiaconcursos.com.br\/blog\/concurso-pm-rn-edital\/\" \/>\n<meta property=\"og:locale\" content=\"pt_BR\" \/>\n<meta property=\"og:type\" content=\"article\" \/>\n<meta property=\"og:title\" content=\"Concurso PM RN: Governo suspende contrato com a banca IBADE\" \/>\n<meta property=\"og:description\" content=\"Concurso PM RN - Suspenso! S\u00e3o MIL VAGAS! Saiba tudo sobre este certame e esteja preparado para o dia da prova. Garanta sua vaga na corpora\u00e7\u00e3o!\" \/>\n<meta property=\"og:url\" content=\"https:\/\/www.estrategiaconcursos.com.br\/blog\/concurso-pm-rn-edital\/\" \/>\n<meta property=\"og:site_name\" content=\"Estrat\u00e9gia Concursos\" \/>\n<meta property=\"article:author\" content=\"https:\/\/www.facebook.com\/EstrategiaConcursos\" \/>\n<meta property=\"article:published_time\" content=\"2018-05-08T11:30:48+00:00\" \/>\n<meta property=\"article:modified_time\" content=\"2020-11-03T19:06:17+00:00\" \/>\n<meta property=\"og:image\" content=\"https:\/\/dhg1h5j42swfq.cloudfront.net\/2018\/01\/16074930\/PM-RN5.jpg\" \/>\n\t<meta property=\"og:image:width\" content=\"1200\" \/>\n\t<meta property=\"og:image:height\" content=\"628\" \/>\n\t<meta property=\"og:image:type\" content=\"image\/jpeg\" \/>\n<meta name=\"author\" content=\"Coordena\u00e7\u00e3o\" \/>\n<meta name=\"twitter:card\" content=\"summary_large_image\" \/>\n<meta name=\"twitter:creator\" content=\"@EstratConcursos\" \/>\n<meta name=\"twitter:site\" content=\"@EstratConcursos\" \/>\n<meta name=\"twitter:label1\" content=\"Escrito por\" \/>\n\t<meta name=\"twitter:data1\" content=\"Coordena\u00e7\u00e3o\" \/>\n\t<meta name=\"twitter:label2\" content=\"Est. tempo de leitura\" \/>\n\t<meta name=\"twitter:data2\" content=\"10 minutos\" \/>\n<script type=\"application\/ld+json\" class=\"yoast-schema-graph\">{\"@context\":\"https:\/\/schema.org\",\"@graph\":[{\"@type\":\"NewsArticle\",\"@id\":\"https:\/\/www.estrategiaconcursos.com.br\/blog\/concurso-pm-rn-edital\/#article\",\"isPartOf\":{\"@id\":\"https:\/\/www.estrategiaconcursos.com.br\/blog\/concurso-pm-rn-edital\/\"},\"author\":{\"name\":\"Coordena\u00e7\u00e3o\",\"@id\":\"https:\/\/www.estrategiaconcursos.com.br\/blog\/#\/schema\/person\/b4a388c97673c5f483d72185668afa1f\"},\"headline\":\"Concurso PM RN: Governo suspende contrato com a banca IBADE\",\"datePublished\":\"2018-05-08T11:30:48+00:00\",\"dateModified\":\"2020-11-03T19:06:17+00:00\",\"mainEntityOfPage\":{\"@id\":\"https:\/\/www.estrategiaconcursos.com.br\/blog\/concurso-pm-rn-edital\/\"},\"wordCount\":1990,\"commentCount\":23,\"publisher\":{\"@id\":\"https:\/\/www.estrategiaconcursos.com.br\/blog\/#organization\"},\"image\":{\"@id\":\"https:\/\/www.estrategiaconcursos.com.br\/blog\/concurso-pm-rn-edital\/#primaryimage\"},\"thumbnailUrl\":\"https:\/\/dhg1h5j42swfq.cloudfront.net\/2018\/01\/16074930\/PM-RN5.jpg\",\"keywords\":[\"concurso PM RN\",\"PM RN\"],\"articleSection\":[\"Concursos P\u00fablicos\"],\"inLanguage\":\"pt-BR\",\"potentialAction\":[{\"@type\":\"CommentAction\",\"name\":\"Comment\",\"target\":[\"https:\/\/www.estrategiaconcursos.com.br\/blog\/concurso-pm-rn-edital\/#respond\"]}],\"copyrightYear\":\"2018\",\"copyrightHolder\":{\"@id\":\"https:\/\/www.estrategiaconcursos.com.br\/blog\/#organization\"}},{\"@type\":\"WebPage\",\"@id\":\"https:\/\/www.estrategiaconcursos.com.br\/blog\/concurso-pm-rn-edital\/\",\"url\":\"https:\/\/www.estrategiaconcursos.com.br\/blog\/concurso-pm-rn-edital\/\",\"name\":\"Concurso PM RN | Organizadora come\u00e7a a reembolsar inscritos. Entenda!\",\"isPartOf\":{\"@id\":\"https:\/\/www.estrategiaconcursos.com.br\/blog\/#website\"},\"primaryImageOfPage\":{\"@id\":\"https:\/\/www.estrategiaconcursos.com.br\/blog\/concurso-pm-rn-edital\/#primaryimage\"},\"image\":{\"@id\":\"https:\/\/www.estrategiaconcursos.com.br\/blog\/concurso-pm-rn-edital\/#primaryimage\"},\"thumbnailUrl\":\"https:\/\/dhg1h5j42swfq.cloudfront.net\/2018\/01\/16074930\/PM-RN5.jpg\",\"datePublished\":\"2018-05-08T11:30:48+00:00\",\"dateModified\":\"2020-11-03T19:06:17+00:00\",\"description\":\"Concurso PM RN - Suspenso! S\u00e3o MIL VAGAS! Saiba tudo sobre este certame e esteja preparado para o dia da prova. Garanta sua vaga na corpora\u00e7\u00e3o!\",\"breadcrumb\":{\"@id\":\"https:\/\/www.estrategiaconcursos.com.br\/blog\/concurso-pm-rn-edital\/#breadcrumb\"},\"inLanguage\":\"pt-BR\",\"potentialAction\":[{\"@type\":\"ReadAction\",\"target\":[\"https:\/\/www.estrategiaconcursos.com.br\/blog\/concurso-pm-rn-edital\/\"]}]},{\"@type\":\"ImageObject\",\"inLanguage\":\"pt-BR\",\"@id\":\"https:\/\/www.estrategiaconcursos.com.br\/blog\/concurso-pm-rn-edital\/#primaryimage\",\"url\":\"https:\/\/dhg1h5j42swfq.cloudfront.net\/2018\/01\/16074930\/PM-RN5.jpg\",\"contentUrl\":\"https:\/\/dhg1h5j42swfq.cloudfront.net\/2018\/01\/16074930\/PM-RN5.jpg\",\"width\":1200,\"height\":628},{\"@type\":\"BreadcrumbList\",\"@id\":\"https:\/\/www.estrategiaconcursos.com.br\/blog\/concurso-pm-rn-edital\/#breadcrumb\",\"itemListElement\":[{\"@type\":\"ListItem\",\"position\":1,\"name\":\"In\u00edcio\",\"item\":\"https:\/\/www.estrategiaconcursos.com.br\/blog\/\"},{\"@type\":\"ListItem\",\"position\":2,\"name\":\"Concurso PM RN: Governo suspende contrato com a banca IBADE\"}]},{\"@type\":\"WebSite\",\"@id\":\"https:\/\/www.estrategiaconcursos.com.br\/blog\/#website\",\"url\":\"https:\/\/www.estrategiaconcursos.com.br\/blog\/\",\"name\":\"Estrat\u00e9gia Concursos\",\"description\":\"O blog da Estrat\u00e9gia Concursos traz not\u00edcias sobre concursos e artigos de professores oferecendo cursos para concursos (pdf + videaulas) no site.\",\"publisher\":{\"@id\":\"https:\/\/www.estrategiaconcursos.com.br\/blog\/#organization\"},\"potentialAction\":[{\"@type\":\"SearchAction\",\"target\":{\"@type\":\"EntryPoint\",\"urlTemplate\":\"https:\/\/www.estrategiaconcursos.com.br\/blog\/?s={search_term_string}\"},\"query-input\":{\"@type\":\"PropertyValueSpecification\",\"valueRequired\":true,\"valueName\":\"search_term_string\"}}],\"inLanguage\":\"pt-BR\"},{\"@type\":\"Organization\",\"@id\":\"https:\/\/www.estrategiaconcursos.com.br\/blog\/#organization\",\"name\":\"Estrat\u00e9gia Concursos\",\"url\":\"https:\/\/www.estrategiaconcursos.com.br\/blog\/\",\"logo\":{\"@type\":\"ImageObject\",\"inLanguage\":\"pt-BR\",\"@id\":\"https:\/\/www.estrategiaconcursos.com.br\/blog\/#\/schema\/logo\/image\/\",\"url\":\"https:\/\/dhg1h5j42swfq.cloudfront.net\/2025\/06\/03203428\/logo_concursos-1.jpg\",\"contentUrl\":\"https:\/\/dhg1h5j42swfq.cloudfront.net\/2025\/06\/03203428\/logo_concursos-1.jpg\",\"width\":230,\"height\":60,\"caption\":\"Estrat\u00e9gia Concursos\"},\"image\":{\"@id\":\"https:\/\/www.estrategiaconcursos.com.br\/blog\/#\/schema\/logo\/image\/\"},\"sameAs\":[\"https:\/\/x.com\/EstratConcursos\"]},{\"@type\":\"Person\",\"@id\":\"https:\/\/www.estrategiaconcursos.com.br\/blog\/#\/schema\/person\/b4a388c97673c5f483d72185668afa1f\",\"name\":\"Coordena\u00e7\u00e3o\",\"image\":{\"@type\":\"ImageObject\",\"inLanguage\":\"pt-BR\",\"@id\":\"https:\/\/secure.gravatar.com\/avatar\/b720319e4c9a967eb58678d110f4fe35452fc5d5f97b202bac7b8acceb18c6ad?s=96&d=mm&r=g\",\"url\":\"https:\/\/secure.gravatar.com\/avatar\/b720319e4c9a967eb58678d110f4fe35452fc5d5f97b202bac7b8acceb18c6ad?s=96&d=mm&r=g\",\"contentUrl\":\"https:\/\/secure.gravatar.com\/avatar\/b720319e4c9a967eb58678d110f4fe35452fc5d5f97b202bac7b8acceb18c6ad?s=96&d=mm&r=g\",\"caption\":\"Coordena\u00e7\u00e3o\"},\"sameAs\":[\"https:\/\/www.facebook.com\/EstrategiaConcursos\",\"https:\/\/x.com\/EstratConcursos\"],\"url\":\"https:\/\/www.estrategiaconcursos.com.br\/blog\/author\/estrategia2013\/\"}]}<\/script>\n<!-- \/ Yoast SEO Premium plugin. -->","yoast_head_json":{"title":"Concurso PM RN | Organizadora come\u00e7a a reembolsar inscritos. Entenda!","description":"Concurso PM RN - Suspenso! S\u00e3o MIL VAGAS! Saiba tudo sobre este certame e esteja preparado para o dia da prova. Garanta sua vaga na corpora\u00e7\u00e3o!","robots":{"index":"index","follow":"follow","max-snippet":"max-snippet:-1","max-image-preview":"max-image-preview:large","max-video-preview":"max-video-preview:-1"},"canonical":"https:\/\/www.estrategiaconcursos.com.br\/blog\/concurso-pm-rn-edital\/","og_locale":"pt_BR","og_type":"article","og_title":"Concurso PM RN: Governo suspende contrato com a banca IBADE","og_description":"Concurso PM RN - Suspenso! S\u00e3o MIL VAGAS! Saiba tudo sobre este certame e esteja preparado para o dia da prova. Garanta sua vaga na corpora\u00e7\u00e3o!","og_url":"https:\/\/www.estrategiaconcursos.com.br\/blog\/concurso-pm-rn-edital\/","og_site_name":"Estrat\u00e9gia Concursos","article_author":"https:\/\/www.facebook.com\/EstrategiaConcursos","article_published_time":"2018-05-08T11:30:48+00:00","article_modified_time":"2020-11-03T19:06:17+00:00","og_image":[{"width":1200,"height":628,"url":"https:\/\/dhg1h5j42swfq.cloudfront.net\/2018\/01\/16074930\/PM-RN5.jpg","type":"image\/jpeg"}],"author":"Coordena\u00e7\u00e3o","twitter_card":"summary_large_image","twitter_creator":"@EstratConcursos","twitter_site":"@EstratConcursos","twitter_misc":{"Escrito por":"Coordena\u00e7\u00e3o","Est. tempo de leitura":"10 minutos"},"schema":{"@context":"https:\/\/schema.org","@graph":[{"@type":"NewsArticle","@id":"https:\/\/www.estrategiaconcursos.com.br\/blog\/concurso-pm-rn-edital\/#article","isPartOf":{"@id":"https:\/\/www.estrategiaconcursos.com.br\/blog\/concurso-pm-rn-edital\/"},"author":{"name":"Coordena\u00e7\u00e3o","@id":"https:\/\/www.estrategiaconcursos.com.br\/blog\/#\/schema\/person\/b4a388c97673c5f483d72185668afa1f"},"headline":"Concurso PM RN: Governo suspende contrato com a banca IBADE","datePublished":"2018-05-08T11:30:48+00:00","dateModified":"2020-11-03T19:06:17+00:00","mainEntityOfPage":{"@id":"https:\/\/www.estrategiaconcursos.com.br\/blog\/concurso-pm-rn-edital\/"},"wordCount":1990,"commentCount":23,"publisher":{"@id":"https:\/\/www.estrategiaconcursos.com.br\/blog\/#organization"},"image":{"@id":"https:\/\/www.estrategiaconcursos.com.br\/blog\/concurso-pm-rn-edital\/#primaryimage"},"thumbnailUrl":"https:\/\/dhg1h5j42swfq.cloudfront.net\/2018\/01\/16074930\/PM-RN5.jpg","keywords":["concurso PM RN","PM RN"],"articleSection":["Concursos P\u00fablicos"],"inLanguage":"pt-BR","potentialAction":[{"@type":"CommentAction","name":"Comment","target":["https:\/\/www.estrategiaconcursos.com.br\/blog\/concurso-pm-rn-edital\/#respond"]}],"copyrightYear":"2018","copyrightHolder":{"@id":"https:\/\/www.estrategiaconcursos.com.br\/blog\/#organization"}},{"@type":"WebPage","@id":"https:\/\/www.estrategiaconcursos.com.br\/blog\/concurso-pm-rn-edital\/","url":"https:\/\/www.estrategiaconcursos.com.br\/blog\/concurso-pm-rn-edital\/","name":"Concurso PM RN | Organizadora come\u00e7a a reembolsar inscritos. Entenda!","isPartOf":{"@id":"https:\/\/www.estrategiaconcursos.com.br\/blog\/#website"},"primaryImageOfPage":{"@id":"https:\/\/www.estrategiaconcursos.com.br\/blog\/concurso-pm-rn-edital\/#primaryimage"},"image":{"@id":"https:\/\/www.estrategiaconcursos.com.br\/blog\/concurso-pm-rn-edital\/#primaryimage"},"thumbnailUrl":"https:\/\/dhg1h5j42swfq.cloudfront.net\/2018\/01\/16074930\/PM-RN5.jpg","datePublished":"2018-05-08T11:30:48+00:00","dateModified":"2020-11-03T19:06:17+00:00","description":"Concurso PM RN - Suspenso! S\u00e3o MIL VAGAS! Saiba tudo sobre este certame e esteja preparado para o dia da prova. Garanta sua vaga na corpora\u00e7\u00e3o!","breadcrumb":{"@id":"https:\/\/www.estrategiaconcursos.com.br\/blog\/concurso-pm-rn-edital\/#breadcrumb"},"inLanguage":"pt-BR","potentialAction":[{"@type":"ReadAction","target":["https:\/\/www.estrategiaconcursos.com.br\/blog\/concurso-pm-rn-edital\/"]}]},{"@type":"ImageObject","inLanguage":"pt-BR","@id":"https:\/\/www.estrategiaconcursos.com.br\/blog\/concurso-pm-rn-edital\/#primaryimage","url":"https:\/\/dhg1h5j42swfq.cloudfront.net\/2018\/01\/16074930\/PM-RN5.jpg","contentUrl":"https:\/\/dhg1h5j42swfq.cloudfront.net\/2018\/01\/16074930\/PM-RN5.jpg","width":1200,"height":628},{"@type":"BreadcrumbList","@id":"https:\/\/www.estrategiaconcursos.com.br\/blog\/concurso-pm-rn-edital\/#breadcrumb","itemListElement":[{"@type":"ListItem","position":1,"name":"In\u00edcio","item":"https:\/\/www.estrategiaconcursos.com.br\/blog\/"},{"@type":"ListItem","position":2,"name":"Concurso PM RN: Governo suspende contrato com a banca IBADE"}]},{"@type":"WebSite","@id":"https:\/\/www.estrategiaconcursos.com.br\/blog\/#website","url":"https:\/\/www.estrategiaconcursos.com.br\/blog\/","name":"Estrat\u00e9gia Concursos","description":"O blog da Estrat\u00e9gia Concursos traz not\u00edcias sobre concursos e artigos de professores oferecendo cursos para concursos (pdf + videaulas) no site.","publisher":{"@id":"https:\/\/www.estrategiaconcursos.com.br\/blog\/#organization"},"potentialAction":[{"@type":"SearchAction","target":{"@type":"EntryPoint","urlTemplate":"https:\/\/www.estrategiaconcursos.com.br\/blog\/?s={search_term_string}"},"query-input":{"@type":"PropertyValueSpecification","valueRequired":true,"valueName":"search_term_string"}}],"inLanguage":"pt-BR"},{"@type":"Organization","@id":"https:\/\/www.estrategiaconcursos.com.br\/blog\/#organization","name":"Estrat\u00e9gia Concursos","url":"https:\/\/www.estrategiaconcursos.com.br\/blog\/","logo":{"@type":"ImageObject","inLanguage":"pt-BR","@id":"https:\/\/www.estrategiaconcursos.com.br\/blog\/#\/schema\/logo\/image\/","url":"https:\/\/dhg1h5j42swfq.cloudfront.net\/2025\/06\/03203428\/logo_concursos-1.jpg","contentUrl":"https:\/\/dhg1h5j42swfq.cloudfront.net\/2025\/06\/03203428\/logo_concursos-1.jpg","width":230,"height":60,"caption":"Estrat\u00e9gia Concursos"},"image":{"@id":"https:\/\/www.estrategiaconcursos.com.br\/blog\/#\/schema\/logo\/image\/"},"sameAs":["https:\/\/x.com\/EstratConcursos"]},{"@type":"Person","@id":"https:\/\/www.estrategiaconcursos.com.br\/blog\/#\/schema\/person\/b4a388c97673c5f483d72185668afa1f","name":"Coordena\u00e7\u00e3o","image":{"@type":"ImageObject","inLanguage":"pt-BR","@id":"https:\/\/secure.gravatar.com\/avatar\/b720319e4c9a967eb58678d110f4fe35452fc5d5f97b202bac7b8acceb18c6ad?s=96&d=mm&r=g","url":"https:\/\/secure.gravatar.com\/avatar\/b720319e4c9a967eb58678d110f4fe35452fc5d5f97b202bac7b8acceb18c6ad?s=96&d=mm&r=g","contentUrl":"https:\/\/secure.gravatar.com\/avatar\/b720319e4c9a967eb58678d110f4fe35452fc5d5f97b202bac7b8acceb18c6ad?s=96&d=mm&r=g","caption":"Coordena\u00e7\u00e3o"},"sameAs":["https:\/\/www.facebook.com\/EstrategiaConcursos","https:\/\/x.com\/EstratConcursos"],"url":"https:\/\/www.estrategiaconcursos.com.br\/blog\/author\/estrategia2013\/"}]}},"_links":{"self":[{"href":"https:\/\/www.estrategiaconcursos.com.br\/blog\/wp-json\/wp\/v2\/posts\/102396","targetHints":{"allow":["GET"]}}],"collection":[{"href":"https:\/\/www.estrategiaconcursos.com.br\/blog\/wp-json\/wp\/v2\/posts"}],"about":[{"href":"https:\/\/www.estrategiaconcursos.com.br\/blog\/wp-json\/wp\/v2\/types\/post"}],"author":[{"embeddable":true,"href":"https:\/\/www.estrategiaconcursos.com.br\/blog\/wp-json\/wp\/v2\/users\/1"}],"replies":[{"embeddable":true,"href":"https:\/\/www.estrategiaconcursos.com.br\/blog\/wp-json\/wp\/v2\/comments?post=102396"}],"version-history":[{"count":45,"href":"https:\/\/www.estrategiaconcursos.com.br\/blog\/wp-json\/wp\/v2\/posts\/102396\/revisions"}],"predecessor-version":[{"id":600836,"href":"https:\/\/www.estrategiaconcursos.com.br\/blog\/wp-json\/wp\/v2\/posts\/102396\/revisions\/600836"}],"wp:featuredmedia":[{"embeddable":true,"href":"https:\/\/www.estrategiaconcursos.com.br\/blog\/wp-json\/wp\/v2\/media\/102405"}],"wp:attachment":[{"href":"https:\/\/www.estrategiaconcursos.com.br\/blog\/wp-json\/wp\/v2\/media?parent=102396"}],"wp:term":[{"taxonomy":"category","embeddable":true,"href":"https:\/\/www.estrategiaconcursos.com.br\/blog\/wp-json\/wp\/v2\/categories?post=102396"},{"taxonomy":"post_tag","embeddable":true,"href":"https:\/\/www.estrategiaconcursos.com.br\/blog\/wp-json\/wp\/v2\/tags?post=102396"},{"taxonomy":"tax_estado","embeddable":true,"href":"https:\/\/www.estrategiaconcursos.com.br\/blog\/wp-json\/wp\/v2\/tax_estado?post=102396"}],"curies":[{"name":"wp","href":"https:\/\/api.w.org\/{rel}","templated":true}]}}