{"id":1023857,"date":"2022-05-19T07:55:00","date_gmt":"2022-05-19T10:55:00","guid":{"rendered":"https:\/\/www.estrategiaconcursos.com.br\/blog\/?p=1023857"},"modified":"2022-05-14T10:09:03","modified_gmt":"2022-05-14T13:09:03","slug":"estatuto-igualdade-racial-pc-ba","status":"publish","type":"post","link":"https:\/\/www.estrategiaconcursos.com.br\/blog\/estatuto-igualdade-racial-pc-ba\/","title":{"rendered":"Estatuto da Igualdade Racial para a PC-BA"},"content":{"rendered":"\n<p><em>Aprenda neste artigo o essencial sobre o Estatuto da Igualdade Racial para a PC-BA.<\/em><\/p>\n\n\n\n<figure class=\"wp-block-image size-large\"><img loading=\"lazy\" decoding=\"async\" width=\"1024\" height=\"615\" src=\"https:\/\/dhg1h5j42swfq.cloudfront.net\/2022\/05\/07234145\/fists-1024x615.jpg\" alt=\"Estatuto da Igualdade Racial para a PC-BA\" class=\"wp-image-1023860\" srcset=\"https:\/\/dhg1h5j42swfq.cloudfront.net\/2022\/05\/07234145\/fists-1024x615.jpg 1024w, https:\/\/dhg1h5j42swfq.cloudfront.net\/2022\/05\/07234145\/fists-300x180.jpg 300w, https:\/\/dhg1h5j42swfq.cloudfront.net\/2022\/05\/07234145\/fists-768x461.jpg 768w, https:\/\/dhg1h5j42swfq.cloudfront.net\/2022\/05\/07234145\/fists-1536x922.jpg 1536w, https:\/\/dhg1h5j42swfq.cloudfront.net\/2022\/05\/07234145\/fists-2048x1229.jpg 2048w, https:\/\/dhg1h5j42swfq.cloudfront.net\/2022\/05\/07234145\/fists-610x366.jpg 610w\" sizes=\"auto, (max-width: 1024px) 100vw, 1024px\" \/><\/figure>\n\n\n\n<p>Voc\u00ea sonha em se tornar Policial Civil? Se a resposta for positiva, chegou a hora de se jogar de cabe\u00e7a nos estudos, pois a <a href=\"http:\/\/www.policiacivil.ba.gov.br\/\" target=\"_blank\" rel=\"noreferrer noopener\">Pol\u00edcia Civil da Bahia<\/a> acaba de divulgar o <a href=\"https:\/\/dhg1h5j42swfq.cloudfront.net\/2022\/04\/22095646\/edital-completo-pc-ba.pdf\" target=\"_blank\" rel=\"noreferrer noopener\">edital<\/a> ofertando <strong>1.000 vagas<\/strong> para os cargos de investigador, escriv\u00e3o e delegado, com sal\u00e1rios iniciais que variam entre <strong>R$ 4.873,18 a R$ 13.032,44<\/strong>. N\u00e3o d\u00e1 para perder essa oportunidade, n\u00e3o \u00e9 mesmo?<\/p>\n\n\n\n<p>Ent\u00e3o, sem enrola\u00e7\u00e3o, vamos entender um pouco mais sobre o <strong>Estatuto da Igualdade Racial para a PC-BA<\/strong>, para sair na frente dos concorrentes.<\/p>\n\n\n\n<h2 class=\"wp-block-heading\" id=\"consideracoes-iniciais\"><mark style=\"background-color:rgba(0, 0, 0, 0)\" class=\"has-inline-color has-vivid-purple-color\">Considera\u00e7\u00f5es Iniciais:<\/mark><\/h2>\n\n\n\n<p>Para tornar o estudo do <strong>Estatuto da Igualdade Racial para a PC-BA<\/strong> mais did\u00e1tico, vamos dividi-lo da seguinte forma: <\/p>\n\n\n\n<ul class=\"wp-block-list\"><li><strong>O que \u00e9 o Estatuto da Igualdade Racial?<\/strong><\/li><li><strong>Disposi\u00e7\u00f5es Gerais<\/strong><\/li><li><strong>Principais defini\u00e7\u00f5es<\/strong><\/li><li><strong>Direito \u00e0 sa\u00fade<\/strong><\/li><li><strong>Direito \u00e0 educa\u00e7\u00e3o, \u00e0 cultura, ao esporte e ao lazer<\/strong><\/li><li><strong>Direito \u00e0 liberdade de consci\u00eancia e de cren\u00e7a e ao livre exerc\u00edcio dos cultos religiosos<\/strong><\/li><li><strong>Acesso \u00e0 terra e \u00e0 moradia adequada<\/strong><\/li><li><strong>Trabalho<\/strong><\/li><li><strong>Meios de comunica\u00e7\u00e3o<\/strong><\/li><\/ul>\n\n\n\n<p>Em um pr\u00f3ximo artigo, trataremos mais especificamente do Sistema Nacional de Promo\u00e7\u00e3o da Igualdade Racial (SINAPIR), ok?<\/p>\n\n\n\n<h2 class=\"wp-block-heading\" id=\"o-que-e-o-estatuto-da-igualdade-racial\"><mark style=\"background-color:rgba(0, 0, 0, 0)\" class=\"has-inline-color has-vivid-purple-color\">O que \u00e9 o Estatuto da Igualdade Racial?<\/mark><\/h2>\n\n\n\n<p>A Lei N\u00ba <a href=\"http:\/\/www.planalto.gov.br\/ccivil_03\/_ato2007-2010\/2010\/lei\/l12288.htm\" target=\"_blank\" rel=\"noreferrer noopener\">12.288\/2010<\/a>, conhecida como Estatuto da Igualdade Racial, \u00e9 a<strong> principal refer\u00eancia nacional para o enfrentamento ao racismo e promo\u00e7\u00e3o da igualdade racial<\/strong>. A legisla\u00e7\u00e3o tem como fundamento a Constitui\u00e7\u00e3o Federal e se ampara nos direitos e garantias fundamentais constitucionais.<\/p>\n\n\n\n<h2 class=\"wp-block-heading\" id=\"disposicoes-gerais-estatuto-da-igualdade-racial-para-a-pc-ba\"><mark style=\"background-color:rgba(0, 0, 0, 0)\" class=\"has-inline-color has-vivid-purple-color\">Disposi\u00e7\u00f5es Gerais<\/mark> <mark style=\"background-color:rgba(0, 0, 0, 0)\" class=\"has-inline-color has-vivid-purple-color\">&#8211; Estatuto da Igualdade Racial para a PC-BA<\/mark><\/h2>\n\n\n\n<p>Logo nas primeiras linhas, o texto normativo explica que o estatuto se destina \u00e0 popula\u00e7\u00e3o negra e tem como <strong>objetivos:<\/strong><\/p>\n\n\n\n<ol class=\"wp-block-list\"><li><strong>Garantia da efetiva igualdade de oportunidades<\/strong><\/li><li><strong>Defesa dos direitos \u00e9tnicos individuais, coletivos e difusos<\/strong><\/li><li><strong>Combate \u00e0 discrimina\u00e7\u00e3o e \u00e0 intoler\u00e2ncia \u00e9tnica <\/strong><\/li><\/ol>\n\n\n\n<p>Al\u00e9m disso, o estatuto preleciona que essa garantia \u00e0 igualdade de oportunidades \u00e9 <strong>dever do Estado e de toda a sociedade.<\/strong> Desta forma, essas duas figuras (Estado e sociedade) devem reconhecer todo cidad\u00e3o brasileiro, independente da etnia ou da cor da pele, concedendo a ele o direito \u00e0 participa\u00e7\u00e3o plena na comunidade e defendendo sua dignidade e seus valores religiosos e culturais.<\/p>\n\n\n\n<h2 class=\"wp-block-heading\" id=\"principais-definicoes-estatuto-da-igualdade-racial-para-a-pc-ba\"><mark style=\"background-color:rgba(0, 0, 0, 0)\" class=\"has-inline-color has-vivid-purple-color\">Principais defini\u00e7\u00f5es &#8211; Estatuto da Igualdade Racial para a PC-BA<\/mark><\/h2>\n\n\n\n<p>O estatuto tamb\u00e9m traz em seu primeiro artigo as principais defini\u00e7\u00f5es de termos utilizados em seu bojo, conforme veremos a seguir: <\/p>\n\n\n\n<p><strong><mark style=\"background-color:rgba(0, 0, 0, 0)\" class=\"has-inline-color has-vivid-purple-color\">Discrimina\u00e7\u00e3o racial ou \u00e9tnico-racial:<\/mark><\/strong>  \u00c9 toda distin\u00e7\u00e3o, exclus\u00e3o, restri\u00e7\u00e3o ou prefer\u00eancia <strong>baseada em ra\u00e7a, cor, descend\u00eancia ou origem nacional ou \u00e9tnica<\/strong> que vise restringir o exerc\u00edcio de direitos humanos e liberdades fundamentais nos campos pol\u00edtico, econ\u00f4mico, social, cultural ou em qualquer outro campo da vida p\u00fablica ou privada.<\/p>\n\n\n\n<p><strong><mark style=\"background-color:rgba(0, 0, 0, 0)\" class=\"has-inline-color has-vivid-purple-color\">Desigualdade racial:<\/mark><\/strong> toda situa\u00e7\u00e3o injustificada de diferencia\u00e7\u00e3o de acesso e frui\u00e7\u00e3o de bens, servi\u00e7os e oportunidades, nas esferas p\u00fablica e privada, em virtude de ra\u00e7a, cor, descend\u00eancia ou origem nacional ou \u00e9tnica.<\/p>\n\n\n\n<p><mark style=\"background-color:rgba(0, 0, 0, 0)\" class=\"has-inline-color has-vivid-purple-color\"><strong>Desigualdade de g\u00eanero e ra\u00e7a:<\/strong> <\/mark>desequil\u00edbrio existente na sociedade que acentua a dist\u00e2ncia social entre mulheres negras e os demais segmentos sociais.<\/p>\n\n\n\n<p><mark style=\"background-color:rgba(0, 0, 0, 0)\" class=\"has-inline-color has-vivid-purple-color\"><strong>Popula\u00e7\u00e3o negra:<\/strong> <\/mark>conjunto de pessoas que se autodeclaram pretas e pardas, conforme o quesito usado pela Funda\u00e7\u00e3o Instituto Brasileiro de Geografia e Estat\u00edstica (IBGE).<\/p>\n\n\n\n<p><strong><mark style=\"background-color:rgba(0, 0, 0, 0)\" class=\"has-inline-color has-vivid-purple-color\">Pol\u00edticas p\u00fablicas:<\/mark><\/strong> as a\u00e7\u00f5es, iniciativas e programas adotados pelo Estado no cumprimento de suas atribui\u00e7\u00f5es institucionais.<\/p>\n\n\n\n<p><strong><mark style=\"background-color:rgba(0, 0, 0, 0)\" class=\"has-inline-color has-vivid-purple-color\">A\u00e7\u00f5es afirmativas:<\/mark><\/strong> os programas e medidas especiais adotados pelo Estado e pela iniciativa privada para a corre\u00e7\u00e3o das desigualdades raciais e para a promo\u00e7\u00e3o da igualdade de oportunidades.<\/p>\n\n\n\n<div class=\"wp-block-group has-background is-layout-flow wp-block-group-is-layout-flow\" style=\"background-color:#f1f1f1\">\n<p><strong><mark style=\"background-color:rgba(0, 0, 0, 0)\" class=\"has-inline-color has-vivid-purple-color\">TOME NOTA:<\/mark><\/strong> As <strong>bancas adoram cobrar conceitos<\/strong> e tentar invert\u00ea-los ou trocar algumas palavras para confundir! Mas, o candidato que estuda pelo Estrat\u00e9gia n\u00e3o cai nessa, n\u00e9? Estude bem e saiba diferenci\u00e1-los para a prova.<\/p>\n<\/div>\n\n\n\n<h2 class=\"wp-block-heading\" id=\"promocao-da-participacao-da-populacao-negra-na-comunidade\"><mark style=\"background-color:rgba(0, 0, 0, 0)\" class=\"has-inline-color has-vivid-purple-color\">Promo\u00e7\u00e3o da participa\u00e7\u00e3o da popula\u00e7\u00e3o negra na comunidade:<\/mark><\/h2>\n\n\n\n<p>Al\u00e9m disso, o Estatuto da Igualdade Racial ainda estabelece, em seu quarto artigo, que <strong>a participa\u00e7\u00e3o da popula\u00e7\u00e3o negra<\/strong> na vida econ\u00f4mica, social e cultural do nosso pa\u00eds <strong>dever\u00e1 ser promovida de forma priorit\u00e1ria<\/strong> da seguinte forma:<\/p>\n\n\n\n<ul class=\"wp-block-list\"><li><strong>inclus\u00e3o nas pol\u00edticas p\u00fablicas<\/strong> de desenvolvimento econ\u00f4mico e social<\/li><li><strong>ado\u00e7\u00e3o de medidas, programas e pol\u00edticas de a\u00e7\u00e3o afirmativa<\/strong><\/li><li>modifica\u00e7\u00e3o das estruturas institucionais do Estado para enfrentar e superar as desigualdades \u00e9tnicas<\/li><li>promo\u00e7\u00e3o de ajustes normativos para aperfei\u00e7oar o combate \u00e0 discrimina\u00e7\u00e3o e \u00e0s desigualdades \u00e9tnicas;<\/li><li><strong>elimina\u00e7\u00e3o dos obst\u00e1culos hist\u00f3ricos, socioculturais e institucionais<\/strong> que impedem a representa\u00e7\u00e3o da diversidade \u00e9tnica nas esferas p\u00fablica e privada;<\/li><li>est\u00edmulo, apoio e fortalecimento de iniciativas oriundas da sociedade civil direcionadas \u00e0 promo\u00e7\u00e3o da igualdade de oportunidades e ao combate \u00e0s desigualdades \u00e9tnicas, inclusive mediante a implementa\u00e7\u00e3o de incentivos e crit\u00e9rios de condicionamento e prioridade no acesso aos recursos p\u00fablicos;<\/li><li>implementa\u00e7\u00e3o de <strong>programas de a\u00e7\u00e3o afirmativa<\/strong> destinados ao enfrentamento das desigualdades \u00e9tnicas.<\/li><\/ul>\n\n\n\n<h2 class=\"wp-block-heading\" id=\"direito-a-saude-estatuto-da-igualdade-racial-para-a-pc-ba\"><mark style=\"background-color:rgba(0, 0, 0, 0)\" class=\"has-inline-color has-vivid-purple-color\">Direito \u00e0 sa\u00fade<\/mark> <mark style=\"background-color:rgba(0, 0, 0, 0)\" class=\"has-inline-color has-vivid-purple-color\">&#8211; Estatuto da Igualdade Racial para a PC-BA<\/mark><\/h2>\n\n\n\n<p>O direito \u00e0 sa\u00fade da popula\u00e7\u00e3o negra ser\u00e1 garantido pelo poder p\u00fablico mediante pol\u00edticas universais, sociais e econ\u00f4micas destinadas \u00e0 redu\u00e7\u00e3o do risco de doen\u00e7as e de outros agravos.<\/p>\n\n\n\n<p>O acesso universal e igualit\u00e1rio ao Sistema \u00danico de Sa\u00fade (SUS) para promo\u00e7\u00e3o, prote\u00e7\u00e3o e recupera\u00e7\u00e3o da sa\u00fade da popula\u00e7\u00e3o negra ser\u00e1 de responsabilidade dos \u00f3rg\u00e3os e institui\u00e7\u00f5es p\u00fablicas federais, estaduais, distritais e municipais, da administra\u00e7\u00e3o direta e indireta.<\/p>\n\n\n\n<p>O poder p\u00fablico garantir\u00e1 que o segmento da popula\u00e7\u00e3o negra vinculado aos seguros privados de sa\u00fade seja tratado sem discrimina\u00e7\u00e3o.<\/p>\n\n\n\n<h3 class=\"wp-block-heading\" id=\"politica-nacional-de-saude-integral-da-populacao-negra\"><strong><mark style=\"background-color:rgba(0, 0, 0, 0)\" class=\"has-inline-color has-vivid-purple-color\">Pol\u00edtica Nacional de Sa\u00fade Integral da Popula\u00e7\u00e3o Negra:<\/mark><\/strong><\/h3>\n\n\n\n<p>\u00c9 o <strong>conjunto de a\u00e7\u00f5es de sa\u00fade voltadas \u00e0 popula\u00e7\u00e3o negra<\/strong>. O texto normativo elenca suas diretrizes e seus objetivos, conforme veremos abaixo:<\/p>\n\n\n\n<div class=\"wp-block-group has-background is-layout-flow wp-block-group-is-layout-flow\" style=\"background-color:#f1f1f1\">\n<p class=\"has-text-align-center has-medium-font-size\"><strong><mark style=\"background-color:rgba(0, 0, 0, 0)\" class=\"has-inline-color has-vivid-purple-color\">Diretrizes:<\/mark><\/strong><\/p>\n\n\n\n<ul class=\"wp-block-list\"><li>Amplia\u00e7\u00e3o e fortalecimento da participa\u00e7\u00e3o de lideran\u00e7as dos movimentos sociais em defesa da sa\u00fade da popula\u00e7\u00e3o negra nas inst\u00e2ncias de participa\u00e7\u00e3o e controle social do SUS<\/li><li>Produ\u00e7\u00e3o de conhecimento cient\u00edfico e tecnol\u00f3gico em sa\u00fade da popula\u00e7\u00e3o negra<\/li><li>Desenvolvimento de processos de informa\u00e7\u00e3o, comunica\u00e7\u00e3o e educa\u00e7\u00e3o para contribuir com a redu\u00e7\u00e3o das vulnerabilidades da popula\u00e7\u00e3o negra<\/li><\/ul>\n<\/div>\n\n\n\n<div class=\"wp-block-group has-background is-layout-flow wp-block-group-is-layout-flow\" style=\"background-color:#f1f1f1\">\n<p class=\"has-text-align-center has-medium-font-size\"><strong><mark style=\"background-color:rgba(0, 0, 0, 0)\" class=\"has-inline-color has-vivid-purple-color\">Objetivos:<\/mark><\/strong><\/p>\n\n\n\n<ul class=\"wp-block-list\"><li>Promover a sa\u00fade integral da popula\u00e7\u00e3o negra, priorizando a redu\u00e7\u00e3o das desigualdades nas institui\u00e7\u00f5es e servi\u00e7os do SUS<\/li><li>Melhorar a qualidade dos sistemas de informa\u00e7\u00e3o do SUS <\/li><li>Fomentar a realiza\u00e7\u00e3o de estudos e pesquisas sobre racismo e sa\u00fade da popula\u00e7\u00e3o negra<\/li><li>Incluir conte\u00fado da sa\u00fade da popula\u00e7\u00e3o negra nos processos de forma\u00e7\u00e3o e educa\u00e7\u00e3o permanente dos trabalhadores da sa\u00fade<\/li><li>Incluir a tem\u00e1tica da sa\u00fade da popula\u00e7\u00e3o negra nos processos de forma\u00e7\u00e3o pol\u00edtica das lideran\u00e7as de movimentos sociais<\/li><\/ul>\n<\/div>\n\n\n\n<p><strong>OBSERVA\u00c7\u00c3O: <\/strong>O estatuto faz um adendo em rela\u00e7\u00e3o \u00e0 comunidade quilombola, refor\u00e7ando que eles ser\u00e3o benefici\u00e1rios de <strong>incentivos espec\u00edficos<\/strong> para a garantia do direito \u00e0 sa\u00fade, incluindo melhorias nas condi\u00e7\u00f5es ambientais, no saneamento b\u00e1sico, na seguran\u00e7a alimentar e nutricional e na aten\u00e7\u00e3o integral \u00e0 sa\u00fade.<\/p>\n\n\n\n<h2 class=\"wp-block-heading\" id=\"direito-a-educacao-cultura-esporte-e-lazer\"><mark style=\"background-color:rgba(0, 0, 0, 0)\" class=\"has-inline-color has-vivid-purple-color\">Direito \u00e0 educa\u00e7\u00e3o, cultura, esporte e lazer<\/mark><\/h2>\n\n\n\n<p>De acordo com o Estatuto de Igualdade Racial, \u00e9 <strong>direito da popula\u00e7\u00e3o negra participar de atividades educacionais, culturais, esportivas e de lazer adequadas a seus interesses<\/strong>, visando contribuir para o patrim\u00f4nio cultural brasileiro.<\/p>\n\n\n\n<p>Com base nisso, cabe aos governos de todos os entes federativos adotar algumas provid\u00eancias, como:<\/p>\n\n\n\n<p>a) promover a\u00e7\u00f5es para ampliar o acesso da popula\u00e7\u00e3o negra ao ensino gratuito e \u00e0s atividades esportivas e de lazer<\/p>\n\n\n\n<p>b) apoiar a iniciativa de entidades que mantenham espa\u00e7o para promo\u00e7\u00e3o social e cultural da popula\u00e7\u00e3o negra.<\/p>\n\n\n\n<p>c) desenvolver campanhas educativas visando \u00e0 solidariedade de toda a sociedade<\/p>\n\n\n\n<p>d) implementar pol\u00edticas p\u00fablicas para o fortalecimento da juventude negra brasileira<\/p>\n\n\n\n<h3 class=\"wp-block-heading\" id=\"direito-a-educacao\"><mark style=\"background-color:rgba(0, 0, 0, 0)\" class=\"has-inline-color has-vivid-purple-color\">Direito \u00e0 educa\u00e7\u00e3o:<\/mark><\/h3>\n\n\n\n<p>Em rela\u00e7\u00e3o \u00e0 educa\u00e7\u00e3o, o estatuto estabelece que \u00e9 <strong>obrigat\u00f3rio o estudo da hist\u00f3ria geral da \u00c1frica e da hist\u00f3ria da popula\u00e7\u00e3o negra no Brasil <\/strong>nos estabelecimentos de ensino fundamental e de ensino m\u00e9dio, p\u00fablicos e privados.<\/p>\n\n\n\n<p>Al\u00e9m disso, o texto normativo incentiva o <strong>fomento<\/strong> da:<\/p>\n\n\n\n<ul class=\"wp-block-list\"><li><strong>forma\u00e7\u00e3o de professores<\/strong><\/li><li><strong>elabora\u00e7\u00e3o de material did\u00e1tico<\/strong><\/li><li><strong>participa\u00e7\u00e3o de intelectuais e representantes do movimento negro em debates<\/strong><\/li><li><strong>pesquisas e programas de estudo<\/strong> referentes \u00e0s rela\u00e7\u00f5es \u00e9tnicas, \u00e0 comunidade quilombola e \u00e0s quest\u00f5es pertinentes \u00e0 popula\u00e7\u00e3o negra.<\/li><\/ul>\n\n\n\n<p>Por fim, no tocante ao direito \u00e0 educa\u00e7\u00e3o, o poder p\u00fablico tamb\u00e9m dever\u00e1 <strong>estimular e apoiar a\u00e7\u00f5es socioeducacionais realizadas por entidades do movimento negro<\/strong> voltadas para a inclus\u00e3o social e <strong>adotar programas de a\u00e7\u00e3o afirmativa<\/strong>.<\/p>\n\n\n\n<h3 class=\"wp-block-heading\" id=\"direito-a-cultura\"><mark style=\"background-color:rgba(0, 0, 0, 0)\" class=\"has-inline-color has-vivid-purple-color\">Direito \u00e0 cultura:<\/mark><\/h3>\n\n\n\n<p>Al\u00e9m do direito \u00e0 educa\u00e7\u00e3o citado acima, o estatuto da igualdade racial garante o direito \u00e0 cultura, garantindo o <strong>reconhecimento das sociedades negras<\/strong>, com trajet\u00f3ria hist\u00f3rica comprovada, <strong>como patrim\u00f4nio hist\u00f3rico e cultural<\/strong>.<\/p>\n\n\n\n<p>Assim, dentre as v\u00e1rias manifesta\u00e7\u00f5es culturais de matriz africana fomentadas pelo estatuto, est\u00e3o <strong>a celebra\u00e7\u00e3o do samba e da capoeira<\/strong>.<\/p>\n\n\n\n<h4 class=\"wp-block-heading\" id=\"cultura-da-comunidade-quilombola\"><mark style=\"background-color:rgba(0, 0, 0, 0)\" class=\"has-inline-color has-vivid-purple-color\">Cultura da comunidade quilombola:<\/mark><\/h4>\n\n\n\n<p>Em primeiro lugar, cabe aqui ressaltar que os quilombolas s\u00e3o um grupo remanescente, descendentes de escravos fugitivos durante o per\u00edodo da escravid\u00e3o no pa\u00eds  e que viviam nos chamados quilombos.<\/p>\n\n\n\n<p>Assim, o estatuto assegura a eles, sob a prote\u00e7\u00e3o do Estado, o direito \u00e0 preserva\u00e7\u00e3o de seus usos, costumes, tradi\u00e7\u00f5es e manifestos religiosos.<\/p>\n\n\n\n<p>Neste sentido, documentos e s\u00edtios detentores de reminisc\u00eancias hist\u00f3ricas dos antigos quilombos dever\u00e3o receber especial aten\u00e7\u00e3o do poder p\u00fablico.<\/p>\n\n\n\n<h3 class=\"wp-block-heading\" id=\"direito-ao-esporte-e-lazer\"><mark style=\"background-color:rgba(0, 0, 0, 0)\" class=\"has-inline-color has-vivid-purple-color\">Direito ao esporte e lazer:<\/mark><\/h3>\n\n\n\n<p>A popula\u00e7\u00e3o negra dever\u00e1 ter pleno acesso \u00e0s pr\u00e1ticas desportivas, consolidando o esporte e o lazer como direitos sociais.<\/p>\n\n\n\n<p>Al\u00e9m disso, o estatuto cita novamente a <strong>capoeira<\/strong>, pois, al\u00e9m de fazer parte da cultura, esta dever\u00e1 ser <strong>reconhecida em todas as modalidades, seja como esporte de cria\u00e7\u00e3o nacional, luta, dan\u00e7a ou m\u00fasica. <\/strong><\/p>\n\n\n\n<p class=\"has-background\" style=\"background-color:#f1f1f1\"><mark style=\"background-color:rgba(0, 0, 0, 0)\" class=\"has-inline-color has-vivid-purple-color\"><strong>TOME NOTA:<\/strong><\/mark><strong><mark style=\"background-color:rgba(0, 0, 0, 0)\" class=\"has-inline-color has-vivid-purple-color\"> <\/mark><\/strong>O ensino da capoeira nas institui\u00e7\u00f5es p\u00fablicas e privadas pelos capoeiristas e mestres tradicionais \u00e9 facultativo.<\/p>\n\n\n\n<h2 class=\"wp-block-heading\" id=\"direito-a-liberdade-de-consciencia-crenca-e-livre-exercicio-dos-cultos-religiosos\"><mark style=\"background-color:rgba(0, 0, 0, 0)\" class=\"has-inline-color has-vivid-purple-color\">Direito \u00e0 liberdade de consci\u00eancia, cren\u00e7a e livre exerc\u00edcio dos cultos religiosos:<\/mark><\/h2>\n\n\n\n<p>Sabemos que a inviolabilidade da liberdade de consci\u00eancia e de cren\u00e7a e o livre exerc\u00edcio dos cultos religiosos \u00e9 uma garantia constitucional. Desta forma, o estatuto afirma que esta garantia compreende:<\/p>\n\n\n\n<div class=\"wp-block-group has-background is-layout-flow wp-block-group-is-layout-flow\" style=\"background-color:#f1f1f1\">\n<ul class=\"wp-block-list\"><li>Pr\u00e1tica de cultos<\/li><li>Celebra\u00e7\u00e3o de reuni\u00f5es relacionadas \u00e0 religiosidade<\/li><li>Funda\u00e7\u00e3o e manuten\u00e7\u00e3o, por iniciativa privada, de lugares reservados para tais fins<\/li><li>Celebra\u00e7\u00e3o de festividades e cerim\u00f4nias de acordo com preceitos das respectivas religi\u00f5es<\/li><li>Funda\u00e7\u00e3o e a manuten\u00e7\u00e3o, por iniciativa privada, de institui\u00e7\u00f5es beneficentes ligadas \u00e0s respectivas convic\u00e7\u00f5es religiosas<\/li><li>Produ\u00e7\u00e3o, a comercializa\u00e7\u00e3o, a aquisi\u00e7\u00e3o e o uso de artigos e materiais religiosos adequados aos costumes e \u00e0s pr\u00e1ticas fundadas na respectiva religiosidade, ressalvadas as condutas vedadas por legisla\u00e7\u00e3o espec\u00edfica<\/li><li>Produ\u00e7\u00e3o e a divulga\u00e7\u00e3o de publica\u00e7\u00f5es relacionadas ao exerc\u00edcio e \u00e0 difus\u00e3o das religi\u00f5es de matriz africana<\/li><li>Coleta de contribui\u00e7\u00f5es financeiras de pessoas naturais e jur\u00eddicas de natureza privada para a manuten\u00e7\u00e3o das atividades religiosas e sociais das respectivas religi\u00f5es<\/li><li>Acesso aos \u00f3rg\u00e3os e aos meios de comunica\u00e7\u00e3o para divulga\u00e7\u00e3o das respectivas religi\u00f5es<\/li><li>Comunica\u00e7\u00e3o ao MP para abertura de a\u00e7\u00e3o penal em rela\u00e7\u00e3o \u00e0s pr\u00e1ticas de intoler\u00e2ncia religiosa<\/li><\/ul>\n<\/div>\n\n\n\n<div class=\"wp-block-group is-layout-flow wp-block-group-is-layout-flow\">\n<div class=\"wp-block-group has-background is-layout-flow wp-block-group-is-layout-flow\" style=\"background-color:#f1f1f1\">\n<p class=\"has-text-align-center has-medium-font-size\"><mark style=\"background-color:rgba(0, 0, 0, 0)\" class=\"has-inline-color has-vivid-purple-color\"><strong>Medidas necess\u00e1rias para o combate \u00e0 intoler\u00e2ncia com as religi\u00f5es de matrizes africanas<\/strong><\/mark>:<\/p>\n\n\n\n<ul class=\"wp-block-list\"><li>Coibir a utiliza\u00e7\u00e3o de proposi\u00e7\u00f5es, imagens ou abordagens que exponham \u00f3dio ou desprezo por motivos fundados na religiosidade de matrizes africanas<\/li><\/ul>\n\n\n\n<ul class=\"wp-block-list\"><li>Inventariar, restaurar e proteger os documentos, obras e outros bens de valor art\u00edstico e cultural vinculados \u00e0s religi\u00f5es de matrizes africanas<\/li><\/ul>\n\n\n\n<ul class=\"wp-block-list\"><li>Assegurar a participa\u00e7\u00e3o proporcional de representantes das religi\u00f5es de matrizes africanas, ao lado da representa\u00e7\u00e3o das demais religi\u00f5es, em comiss\u00f5es, conselhos, \u00f3rg\u00e3os e outras inst\u00e2ncias de delibera\u00e7\u00e3o vinculadas ao poder p\u00fablico<\/li><\/ul>\n<\/div>\n<\/div>\n\n\n\n<p><strong>TOME NOTA:<\/strong> O estatuto<strong> assegura a assist\u00eancia religiosa<\/strong> aos praticantes de religi\u00f5es de matrizes africanas <strong>internados em hospital e em outras institui\u00e7\u00f5es de interna\u00e7\u00e3o coletiva<\/strong>, como por exemplo pres\u00eddios, alas psiqui\u00e1tricas etc. <\/p>\n\n\n\n<h2 class=\"wp-block-heading\" id=\"acesso-a-terra-estatuto-da-igualdade-racial-para-a-pc-ba\"><mark style=\"background-color:rgba(0, 0, 0, 0)\" class=\"has-inline-color has-vivid-purple-color\">Acesso \u00e0 terra<\/mark> <mark style=\"background-color:rgba(0, 0, 0, 0)\" class=\"has-inline-color has-vivid-purple-color\">&#8211; Estatuto da Igualdade Racial para a PC-BA<\/mark><\/h2>\n\n\n\n<p>Para incentivar o desenvolvimento das atividades produtivas da popula\u00e7\u00e3o negra no campo, o poder p\u00fablico promover\u00e1:<\/p>\n\n\n\n<ul class=\"wp-block-list\"><li>a\u00e7\u00f5es para viabilizar e ampliar o seu acesso ao financiamento agr\u00edcola;<\/li><li>educa\u00e7\u00e3o e a orienta\u00e7\u00e3o profissional agr\u00edcola para os trabalhadores negros e as comunidades negras rurais;<\/li><li>pol\u00edticas p\u00fablicas especiais voltadas para o desenvolvimento sustent\u00e1vel dos remanescentes das comunidades dos quilombos, respeitando as tradi\u00e7\u00f5es de prote\u00e7\u00e3o ambiental das comunidades;<\/li><li>a assist\u00eancia t\u00e9cnica rural, a simplifica\u00e7\u00e3o do acesso ao cr\u00e9dito agr\u00edcola e o fortalecimento da infraestrutura de log\u00edstica para a comercializa\u00e7\u00e3o da produ\u00e7\u00e3o.<\/li><\/ul>\n\n\n\n<p><strong><mark style=\"background-color:rgba(0, 0, 0, 0)\" class=\"has-inline-color has-vivid-purple-color\">O acesso \u00e0 terra em rela\u00e7\u00e3o \u00e0 comunidade quilombola:<\/mark><\/strong><\/p>\n\n\n\n<p>O Estatuto da Igualdade Racial d\u00e1 uma aten\u00e7\u00e3o especial ao tema em rela\u00e7\u00e3o aos remanescentes das comunidades dos quilombos, a saber:<\/p>\n\n\n\n<ol class=\"wp-block-list\"><li>Ser\u00e1 reconhecida a propriedade definitiva aos quilombolas que estejam ocupando suas terras, cabendo ao Estado emitir os t\u00edtulos respectivos;<\/li><li>Os quilombolas receber\u00e3o tratamento diferenciado, assist\u00eancia t\u00e9cnica e linhas especiais de financiamento p\u00fablico, destinados \u00e0 realiza\u00e7\u00e3o de suas atividades produtivas e de infraestrutura;<\/li><li>Os quilombolas se beneficiar\u00e3o de todas as iniciativas previstas nesta e em outras leis para a promo\u00e7\u00e3o da igualdade \u00e9tnica.<\/li><\/ol>\n\n\n\n<h2 class=\"wp-block-heading\" id=\"moradia\"><mark style=\"background-color:rgba(0, 0, 0, 0)\" class=\"has-inline-color has-vivid-purple-color\">Moradia:<\/mark><\/h2>\n\n\n\n<p>O direito \u00e0 moradia \u00e9 um direito social previsto na Constitui\u00e7\u00e3o Federal. Nesta l\u00f3gica, o estatuto estabelece que o poder p\u00fablico dever\u00e1:<\/p>\n\n\n\n<ul class=\"wp-block-list\"><li>implementar pol\u00edticas p\u00fablicas para assegurar o direito \u00e0 moradia adequada da popula\u00e7\u00e3o negra que vive em favelas, corti\u00e7os, \u00e1reas urbanas subutilizadas, degradadas ou em processo de degrada\u00e7\u00e3o, a fim de reintegr\u00e1-las \u00e0 din\u00e2mica urbana e promover melhorias no ambiente e na qualidade de vida;<\/li><li>estimular e facilitar a participa\u00e7\u00e3o de organiza\u00e7\u00f5es e movimentos representativos da popula\u00e7\u00e3o negra na composi\u00e7\u00e3o dos conselhos constitu\u00eddos para fins de aplica\u00e7\u00e3o do FNHIS;<\/li><li>considerar as peculiaridades sociais, econ\u00f4micas e culturais da popula\u00e7\u00e3o negra nos programas, projetos e outras a\u00e7\u00f5es governamentais realizadas no \u00e2mbito do Sistema Nacional de Habita\u00e7\u00e3o de Interesse Social (SNHIS).<\/li><\/ul>\n\n\n\n<p>Mas n\u00e3o \u00e9 s\u00f3 o poder p\u00fablico que deve viabilizar o acesso \u00e0 moradia. De acordo com o estatuto, <strong>os agentes financeiros (p\u00fablicos ou privados) tamb\u00e9m dever\u00e3o promover a\u00e7\u00f5es para possibilitar o acesso da popula\u00e7\u00e3o negra aos financiamentos habitacionais.<\/strong><\/p>\n\n\n\n<p class=\"has-background\" style=\"background-color:#f1f1f1\"><strong><mark style=\"background-color:rgba(0, 0, 0, 0)\" class=\"has-inline-color has-vivid-purple-color\">TOME NOTA<\/mark><\/strong>: Importante ressaltar que <strong>o direito \u00e0 moradia adequada n\u00e3o est\u00e1 ligado apenas o provimento habitacional, mas tamb\u00e9m a garantia da infraestrutura urbana e dos equipamentos comunit\u00e1rios associados<\/strong>, como por exemplo, a assist\u00eancia t\u00e9cnica e jur\u00eddica para a constru\u00e7\u00e3o, a reforma ou a regulariza\u00e7\u00e3o fundi\u00e1ria da habita\u00e7\u00e3o em \u00e1rea urbana.<\/p>\n\n\n\n<h2 class=\"wp-block-heading\" id=\"direito-ao-trabalho\"><mark style=\"background-color:rgba(0, 0, 0, 0)\" class=\"has-inline-color has-vivid-purple-color\">Direito ao Trabalho:<\/mark><\/h2>\n\n\n\n<p>Outro direito social que dever\u00e1 ser fomentado \u00e0 popula\u00e7\u00e3o negra \u00e9 o direito ao trabalho. Desta forma, para o alcance deste objetivo, o poder p\u00fablico dever\u00e1:<\/p>\n\n\n\n<ul class=\"wp-block-list\"><li>implementar pol\u00edticas voltadas para a inclus\u00e3o da popula\u00e7\u00e3o negra no mercado de trabalho<\/li><li>promover a\u00e7\u00f5es que assegurem a <strong>igualdade de oportunidades<\/strong> no mercado de trabalho para a popula\u00e7\u00e3o negra<\/li><li>implementar medidas visando \u00e0 promo\u00e7\u00e3o da igualdade nas contrata\u00e7\u00f5es do setor p\u00fablico <\/li><li>estimular, por meio de incentivos, a ado\u00e7\u00e3o de iguais medidas pelo setor privado<\/li><li>promover a\u00e7\u00f5es com o objetivo de elevar a escolaridade e a qualifica\u00e7\u00e3o profissional nos setores da economia que possuem alto \u00edndice de ocupa\u00e7\u00e3o por trabalhadores negros de baixa escolariza\u00e7\u00e3o.<\/li><li>estimular as atividades voltadas ao turismo \u00e9tnico com enfoque nos locais, monumentos e cidades que retratem a cultura, os usos e os costumes da popula\u00e7\u00e3o negra.<\/li><\/ul>\n\n\n\n<p class=\"has-background\" style=\"background-color:#f1f1f1\"><strong><mark style=\"background-color:rgba(0, 0, 0, 0)\" class=\"has-inline-color has-vivid-purple-color\">TOME NOTA<\/mark><\/strong>: A igualdade de oportunidades ser\u00e1 lograda mediante a ado\u00e7\u00e3o de pol\u00edticas e programas de forma\u00e7\u00e3o profissional, de emprego e de gera\u00e7\u00e3o de renda voltados para a popula\u00e7\u00e3o negra.<\/p>\n\n\n\n<p><strong><mark style=\"background-color:rgba(0, 0, 0, 0)\" class=\"has-inline-color has-vivid-purple-color\">Papel do CODEFAT:<\/mark><\/strong><\/p>\n\n\n\n<p>O Conselho Deliberativo do Fundo de Amparo ao Trabalhador (Codefat) dever\u00e1:<\/p>\n\n\n\n<ul class=\"wp-block-list\"><li>formular pol\u00edticas, programas e projetos voltados para a inclus\u00e3o da popula\u00e7\u00e3o negra no mercado de trabalho;<\/li><li>orientar a destina\u00e7\u00e3o de recursos para seu financiamento.<\/li><\/ul>\n\n\n\n<p><mark style=\"background-color:rgba(0, 0, 0, 0)\" class=\"has-inline-color has-vivid-purple-color\"><strong>Direito ao trabalho da mulher negra:<\/strong><\/mark><\/p>\n\n\n\n<p>O estatuto, ciente da desigualdade e discrimina\u00e7\u00e3o da popula\u00e7\u00e3o negra e, mais especificamente, da discrimina\u00e7\u00e3o em rela\u00e7\u00e3o \u00e0 mulher negra, traz um recorte acerca do assunto em seu texto normativo.<\/p>\n\n\n\n<p>Assim, cabe ressaltar que o poder p\u00fablico visa tamb\u00e9m:<\/p>\n\n\n\n<ul class=\"wp-block-list\"><li>Assegurar o princ\u00edpio da <strong>proporcionalidade de g\u00eanero<\/strong> entre os benefici\u00e1rios;<\/li><li>Assegurar o acesso ao cr\u00e9dito para a pequena produ\u00e7\u00e3o, nos meios rural e urbano, <strong>com a\u00e7\u00f5es afirmativas para mulheres negras<\/strong>;<\/li><li>Promover <strong>campanhas de sensibiliza\u00e7\u00e3o contra a marginaliza\u00e7\u00e3o da mulher negra no trabalho art\u00edstico e cultural.<\/strong><\/li><\/ul>\n\n\n\n<h2 class=\"wp-block-heading\" id=\"meios-de-comunicacao\"><mark style=\"background-color:rgba(0, 0, 0, 0)\" class=\"has-inline-color has-vivid-purple-color\">Meios de Comunica\u00e7\u00e3o:<\/mark><\/h2>\n\n\n\n<p>N\u00e3o teria como difundir o combate \u00e0 intoler\u00e2ncia e a discrimina\u00e7\u00e3o racial, sem estimular os meios de comunica\u00e7\u00e3o. Dessa forma, o estatuto estabelece que a produ\u00e7\u00e3o de comunica\u00e7\u00e3o brasileira dever\u00e1:<\/p>\n\n\n\n<ul class=\"wp-block-list\"><li>valorizar a heran\u00e7a cultural<\/li><li>enfatizar a participa\u00e7\u00e3o da popula\u00e7\u00e3o negra na hist\u00f3ria do Pa\u00eds<\/li><\/ul>\n\n\n\n<p>Para o alcance desses objetivos, o texto normativo estabelece que dever\u00e1 ser adotada a pr\u00e1tica de conferir oportunidades de emprego para atores, figurantes e t\u00e9cnicos negros nas produ\u00e7\u00f5es de filmes, programas e pe\u00e7as publicit\u00e1rias destinados \u00e0s emissoras de televis\u00e3o e salas cinematogr\u00e1ficas.<\/p>\n\n\n\n<p class=\"has-background\" style=\"background-color:#f1f1f1\"><strong><mark style=\"background-color:#00000000\" class=\"has-inline-color has-vivid-purple-color\">TOME NOTA:<\/mark><\/strong><mark style=\"background-color:#00000000\" class=\"has-inline-color\"> Pr\u00e1tica de iguais oportunidades de emprego \u00e9 o conjunto de medidas sistem\u00e1ticas executadas com a finalidade de garantir a diversidade \u00e9tnica, de sexo e de idade na equipe vinculada ao projeto ou servi\u00e7o contratado.<\/mark><\/p>\n\n\n\n<p class=\"has-background\" style=\"background-color:#f1f1f1\"><strong><mark style=\"background-color:rgba(0, 0, 0, 0)\" class=\"has-inline-color has-vivid-purple-color\">TOME NOTA:<\/mark><\/strong> Por \u00f3bvio, as exig\u00eancia citadas <strong>n\u00e3o se aplicam \u00e0s produ\u00e7\u00f5es que abordem especificidades de grupos \u00e9tnicos determinados.<\/strong><\/p>\n\n\n\n<h2 class=\"wp-block-heading\" id=\"h-conclusao-sobre-estatuto-da-igualdade-racial-para-a-pc-ba\"><mark style=\"background-color:rgba(0, 0, 0, 0)\" class=\"has-inline-color has-vivid-purple-color\">Conclus\u00e3o sobre Estatuto da Igualdade Racial para a PC-BA<\/mark><\/h2>\n\n\n\n<p>Esperamos que esse pequeno resumo sobre o <strong>Estatuto da Igualdade Racial para a PC-BA<\/strong> tenha sido \u00fatil e que os ajudem na jornada rumo ao cargo p\u00fablico almejado.<\/p>\n\n\n\n<p>Contudo, sempre \u00e9 bom ressaltar que este artigo tem a finalidade de ser apenas uma breve s\u00edntese sobre o assunto e n\u00e3o tem a pretens\u00e3o de esgot\u00e1-lo ou de suprir todo o conte\u00fado, mas sim de complement\u00e1-lo.<\/p>\n\n\n\n<p>Para que voc\u00eas dominem a banca organizadora \u00e9 de grande import\u00e2ncia que estudem pelas aulas em&nbsp;<a href=\"https:\/\/www.estrategiaconcursos.com.br\/cursos\/concurso\/\" target=\"_blank\" rel=\"noreferrer noopener\">PDF dos Cursos do Estrat\u00e9gia<\/a>, pois o material constante nas aulas \u00e9 completo e formulado por professores de alto n\u00edvel e plenamente gabaritados.<\/p>\n\n\n\n<p>Conhe\u00e7am tamb\u00e9m o&nbsp;<a href=\"https:\/\/www.estrategiaconcursos.com.br\/cursosPorConcurso\/sistema-de-questoes\/\" target=\"_blank\" rel=\"noreferrer noopener\">Sistema de Quest\u00f5es do Estrat\u00e9gia<\/a>&nbsp;para consolidar o conte\u00fado.<\/p>\n\n\n\n<p>Um excelente estudo a todos e at\u00e9 a pr\u00f3xima!<\/p>\n\n\n\n<p><a href=\"https:\/\/www.estrategiaconcursos.com.br\/blog\/author\/renata-araujosodregmail-com\/\" target=\"_blank\" rel=\"noreferrer noopener\">Renata Sodr\u00e9<\/a><\/p>\n\n\n\n<h2 class=\"has-text-align-center wp-block-heading\" id=\"h-cursos-e-assinaturas\">Cursos e Assinaturas <\/h2>\n\n\n\n<p>Prepare-se com o melhor material e com quem mais aprova em Concursos P\u00fablicos em todo o pa\u00eds!<\/p>\n\n\n\n<p class=\"has-text-align-center has-white-color has-vivid-purple-background-color has-text-color has-background\"><a href=\"https:\/\/www.estrategiaconcursos.com.br\/blog\/concursos-abertos\/\" target=\"_blank\" rel=\"noreferrer noopener\"><strong>Concursos abertos<\/strong><\/a><\/p>\n\n\n\n<p class=\"has-text-align-center has-white-color has-vivid-purple-background-color has-text-color has-background\"><strong><a href=\"https:\/\/www.estrategiaconcursos.com.br\/blog\/concursos-2022\/\" target=\"_blank\" rel=\"noreferrer noopener\">Concursos 2022<\/a><\/strong><\/p>\n\n\n\n<div class=\"container\" id=\"boxes\">\n  <div class=\"row\">\n    <div class=\"col-sm\">\n      <div class=\"estrategia\" id=\"box-assinatura\">\n        <h3 class=\"titulo-assinatura\">Assinatura de Concursos<\/h3>\n        <p class=\"subtitulo-assinatura\">Assinatura de 1 ano ou 2 anos<\/p>\n        <div class=\"box-botao\">\n          <a class=\"btn-assinatura\" target=\"_blank\" href=\"https:\/\/www.estrategiaconcursos.com.br\/assinaturas\/\" role=\"button\" rel=\"noopener noreferrer\">ASSINE AGORA<\/a>\n        <\/div>\n      <\/div>\n      \n    <\/div><\/div><\/div>\n","protected":false},"excerpt":{"rendered":"<p>Aprenda neste artigo o essencial sobre o Estatuto da Igualdade Racial para a PC-BA. Voc\u00ea sonha em se tornar Policial Civil? Se a resposta for positiva, chegou a hora de se jogar de cabe\u00e7a nos estudos, pois a Pol\u00edcia Civil da Bahia acaba de divulgar o edital ofertando 1.000 vagas para os cargos de investigador, [&hellip;]<\/p>\n","protected":false},"author":2310,"featured_media":1023860,"comment_status":"open","ping_status":"closed","sticky":false,"template":"","format":"standard","meta":{"post_tipo":"article","footnotes":""},"categories":[1,1988],"tags":[2831,3399,820,220861,220862,220860],"tax_estado":[219968],"class_list":["post-1023857","post","type-post","status-publish","format-standard","has-post-thumbnail","hentry","category-cursos-e-concursos","category-policia","tag-carreira-policial","tag-concurso-policia-civil-bahia","tag-concursos-publicos","tag-concursos-publicos-2022","tag-estatuto-da-igualdade-racial","tag-pc-ba-2","tax_estado-ba"],"acf":[],"yoast_head":"<!-- This site is optimized with the Yoast SEO Premium plugin v27.2 (Yoast SEO v27.2) - https:\/\/yoast.com\/product\/yoast-seo-premium-wordpress\/ -->\n<title>Estatuto da Igualdade Racial para a PC-BA<\/title>\n<meta name=\"description\" content=\"Voc\u00ea sonha em ser policial civil? Ent\u00e3o aprenda tudo sobre o Estatuto da Igualdade Racial para a PC-BA e saia na frente dos concorrentes.\" \/>\n<meta name=\"robots\" content=\"index, follow, max-snippet:-1, max-image-preview:large, max-video-preview:-1\" \/>\n<link rel=\"canonical\" href=\"https:\/\/www.estrategiaconcursos.com.br\/blog\/estatuto-igualdade-racial-pc-ba\/\" \/>\n<meta property=\"og:locale\" content=\"pt_BR\" \/>\n<meta property=\"og:type\" content=\"article\" \/>\n<meta property=\"og:title\" content=\"Estatuto da Igualdade Racial para a PC-BA\" \/>\n<meta property=\"og:description\" content=\"Voc\u00ea sonha em ser policial civil? Ent\u00e3o aprenda tudo sobre o Estatuto da Igualdade Racial para a PC-BA e saia na frente dos concorrentes.\" \/>\n<meta property=\"og:url\" content=\"https:\/\/www.estrategiaconcursos.com.br\/blog\/estatuto-igualdade-racial-pc-ba\/\" \/>\n<meta property=\"og:site_name\" content=\"Estrat\u00e9gia Concursos\" \/>\n<meta property=\"article:published_time\" content=\"2022-05-19T10:55:00+00:00\" \/>\n<meta property=\"og:image\" content=\"https:\/\/dhg1h5j42swfq.cloudfront.net\/2022\/05\/07234145\/fists-scaled.jpg\" \/>\n\t<meta property=\"og:image:width\" content=\"2560\" \/>\n\t<meta property=\"og:image:height\" content=\"1536\" \/>\n\t<meta property=\"og:image:type\" content=\"image\/jpeg\" \/>\n<meta name=\"author\" content=\"Renata Ara\u00fajo Sodr\u00e9 da Silva\" \/>\n<meta name=\"twitter:card\" content=\"summary_large_image\" \/>\n<meta name=\"twitter:creator\" content=\"@EstratConcursos\" \/>\n<meta name=\"twitter:site\" content=\"@EstratConcursos\" \/>\n<meta name=\"twitter:label1\" content=\"Escrito por\" \/>\n\t<meta name=\"twitter:data1\" content=\"Renata Ara\u00fajo Sodr\u00e9 da Silva\" \/>\n\t<meta name=\"twitter:label2\" content=\"Est. tempo de leitura\" \/>\n\t<meta name=\"twitter:data2\" content=\"16 minutos\" \/>\n<script type=\"application\/ld+json\" class=\"yoast-schema-graph\">{\"@context\":\"https:\/\/schema.org\",\"@graph\":[{\"@type\":\"NewsArticle\",\"@id\":\"https:\/\/www.estrategiaconcursos.com.br\/blog\/estatuto-igualdade-racial-pc-ba\/#article\",\"isPartOf\":{\"@id\":\"https:\/\/www.estrategiaconcursos.com.br\/blog\/estatuto-igualdade-racial-pc-ba\/\"},\"author\":{\"name\":\"Renata Ara\u00fajo Sodr\u00e9 da Silva\",\"@id\":\"https:\/\/www.estrategiaconcursos.com.br\/blog\/#\/schema\/person\/a929d42d707cf35b05df2e2219927433\"},\"headline\":\"Estatuto da Igualdade Racial para a PC-BA\",\"datePublished\":\"2022-05-19T10:55:00+00:00\",\"mainEntityOfPage\":{\"@id\":\"https:\/\/www.estrategiaconcursos.com.br\/blog\/estatuto-igualdade-racial-pc-ba\/\"},\"wordCount\":3220,\"commentCount\":0,\"publisher\":{\"@id\":\"https:\/\/www.estrategiaconcursos.com.br\/blog\/#organization\"},\"image\":{\"@id\":\"https:\/\/www.estrategiaconcursos.com.br\/blog\/estatuto-igualdade-racial-pc-ba\/#primaryimage\"},\"thumbnailUrl\":\"https:\/\/dhg1h5j42swfq.cloudfront.net\/2022\/05\/07234145\/fists-scaled.jpg\",\"keywords\":[\"carreira policial\",\"Concurso Pol\u00edcia Civil Bahia\",\"concursos p\u00fablicos\",\"concursos p\u00fablicos 2022\",\"estatuto da igualdade racial\",\"PC-BA\"],\"articleSection\":[\"Concursos P\u00fablicos\",\"Policial (Agente, Escriv\u00e3o e Investigador)\"],\"inLanguage\":\"pt-BR\",\"potentialAction\":[{\"@type\":\"CommentAction\",\"name\":\"Comment\",\"target\":[\"https:\/\/www.estrategiaconcursos.com.br\/blog\/estatuto-igualdade-racial-pc-ba\/#respond\"]}],\"copyrightYear\":\"2022\",\"copyrightHolder\":{\"@id\":\"https:\/\/www.estrategiaconcursos.com.br\/blog\/#organization\"}},{\"@type\":\"WebPage\",\"@id\":\"https:\/\/www.estrategiaconcursos.com.br\/blog\/estatuto-igualdade-racial-pc-ba\/\",\"url\":\"https:\/\/www.estrategiaconcursos.com.br\/blog\/estatuto-igualdade-racial-pc-ba\/\",\"name\":\"Estatuto da Igualdade Racial para a PC-BA\",\"isPartOf\":{\"@id\":\"https:\/\/www.estrategiaconcursos.com.br\/blog\/#website\"},\"primaryImageOfPage\":{\"@id\":\"https:\/\/www.estrategiaconcursos.com.br\/blog\/estatuto-igualdade-racial-pc-ba\/#primaryimage\"},\"image\":{\"@id\":\"https:\/\/www.estrategiaconcursos.com.br\/blog\/estatuto-igualdade-racial-pc-ba\/#primaryimage\"},\"thumbnailUrl\":\"https:\/\/dhg1h5j42swfq.cloudfront.net\/2022\/05\/07234145\/fists-scaled.jpg\",\"datePublished\":\"2022-05-19T10:55:00+00:00\",\"description\":\"Voc\u00ea sonha em ser policial civil? Ent\u00e3o aprenda tudo sobre o Estatuto da Igualdade Racial para a PC-BA e saia na frente dos concorrentes.\",\"breadcrumb\":{\"@id\":\"https:\/\/www.estrategiaconcursos.com.br\/blog\/estatuto-igualdade-racial-pc-ba\/#breadcrumb\"},\"inLanguage\":\"pt-BR\",\"potentialAction\":[{\"@type\":\"ReadAction\",\"target\":[\"https:\/\/www.estrategiaconcursos.com.br\/blog\/estatuto-igualdade-racial-pc-ba\/\"]}]},{\"@type\":\"ImageObject\",\"inLanguage\":\"pt-BR\",\"@id\":\"https:\/\/www.estrategiaconcursos.com.br\/blog\/estatuto-igualdade-racial-pc-ba\/#primaryimage\",\"url\":\"https:\/\/dhg1h5j42swfq.cloudfront.net\/2022\/05\/07234145\/fists-scaled.jpg\",\"contentUrl\":\"https:\/\/dhg1h5j42swfq.cloudfront.net\/2022\/05\/07234145\/fists-scaled.jpg\",\"width\":2560,\"height\":1536},{\"@type\":\"BreadcrumbList\",\"@id\":\"https:\/\/www.estrategiaconcursos.com.br\/blog\/estatuto-igualdade-racial-pc-ba\/#breadcrumb\",\"itemListElement\":[{\"@type\":\"ListItem\",\"position\":1,\"name\":\"In\u00edcio\",\"item\":\"https:\/\/www.estrategiaconcursos.com.br\/blog\/\"},{\"@type\":\"ListItem\",\"position\":2,\"name\":\"Estatuto da Igualdade Racial para a PC-BA\"}]},{\"@type\":\"WebSite\",\"@id\":\"https:\/\/www.estrategiaconcursos.com.br\/blog\/#website\",\"url\":\"https:\/\/www.estrategiaconcursos.com.br\/blog\/\",\"name\":\"Estrat\u00e9gia Concursos\",\"description\":\"O blog da Estrat\u00e9gia Concursos traz not\u00edcias sobre concursos e artigos de professores oferecendo cursos para concursos (pdf + videaulas) no site.\",\"publisher\":{\"@id\":\"https:\/\/www.estrategiaconcursos.com.br\/blog\/#organization\"},\"potentialAction\":[{\"@type\":\"SearchAction\",\"target\":{\"@type\":\"EntryPoint\",\"urlTemplate\":\"https:\/\/www.estrategiaconcursos.com.br\/blog\/?s={search_term_string}\"},\"query-input\":{\"@type\":\"PropertyValueSpecification\",\"valueRequired\":true,\"valueName\":\"search_term_string\"}}],\"inLanguage\":\"pt-BR\"},{\"@type\":\"Organization\",\"@id\":\"https:\/\/www.estrategiaconcursos.com.br\/blog\/#organization\",\"name\":\"Estrat\u00e9gia Concursos\",\"url\":\"https:\/\/www.estrategiaconcursos.com.br\/blog\/\",\"logo\":{\"@type\":\"ImageObject\",\"inLanguage\":\"pt-BR\",\"@id\":\"https:\/\/www.estrategiaconcursos.com.br\/blog\/#\/schema\/logo\/image\/\",\"url\":\"https:\/\/dhg1h5j42swfq.cloudfront.net\/2025\/06\/03203428\/logo_concursos-1.jpg\",\"contentUrl\":\"https:\/\/dhg1h5j42swfq.cloudfront.net\/2025\/06\/03203428\/logo_concursos-1.jpg\",\"width\":230,\"height\":60,\"caption\":\"Estrat\u00e9gia Concursos\"},\"image\":{\"@id\":\"https:\/\/www.estrategiaconcursos.com.br\/blog\/#\/schema\/logo\/image\/\"},\"sameAs\":[\"https:\/\/x.com\/EstratConcursos\"]},{\"@type\":\"Person\",\"@id\":\"https:\/\/www.estrategiaconcursos.com.br\/blog\/#\/schema\/person\/a929d42d707cf35b05df2e2219927433\",\"name\":\"Renata Ara\u00fajo Sodr\u00e9 da Silva\",\"image\":{\"@type\":\"ImageObject\",\"inLanguage\":\"pt-BR\",\"@id\":\"https:\/\/secure.gravatar.com\/avatar\/ca9182e3bf6658feab2bdbe93f36f56f9771baa281700b03ec5836dcf5c88918?s=96&d=mm&r=g\",\"url\":\"https:\/\/secure.gravatar.com\/avatar\/ca9182e3bf6658feab2bdbe93f36f56f9771baa281700b03ec5836dcf5c88918?s=96&d=mm&r=g\",\"contentUrl\":\"https:\/\/secure.gravatar.com\/avatar\/ca9182e3bf6658feab2bdbe93f36f56f9771baa281700b03ec5836dcf5c88918?s=96&d=mm&r=g\",\"caption\":\"Renata Ara\u00fajo Sodr\u00e9 da Silva\"},\"url\":\"https:\/\/www.estrategiaconcursos.com.br\/blog\/author\/renata-araujosodregmail-com\/\"}]}<\/script>\n<!-- \/ Yoast SEO Premium plugin. -->","yoast_head_json":{"title":"Estatuto da Igualdade Racial para a PC-BA","description":"Voc\u00ea sonha em ser policial civil? Ent\u00e3o aprenda tudo sobre o Estatuto da Igualdade Racial para a PC-BA e saia na frente dos concorrentes.","robots":{"index":"index","follow":"follow","max-snippet":"max-snippet:-1","max-image-preview":"max-image-preview:large","max-video-preview":"max-video-preview:-1"},"canonical":"https:\/\/www.estrategiaconcursos.com.br\/blog\/estatuto-igualdade-racial-pc-ba\/","og_locale":"pt_BR","og_type":"article","og_title":"Estatuto da Igualdade Racial para a PC-BA","og_description":"Voc\u00ea sonha em ser policial civil? Ent\u00e3o aprenda tudo sobre o Estatuto da Igualdade Racial para a PC-BA e saia na frente dos concorrentes.","og_url":"https:\/\/www.estrategiaconcursos.com.br\/blog\/estatuto-igualdade-racial-pc-ba\/","og_site_name":"Estrat\u00e9gia Concursos","article_published_time":"2022-05-19T10:55:00+00:00","og_image":[{"width":2560,"height":1536,"url":"https:\/\/dhg1h5j42swfq.cloudfront.net\/2022\/05\/07234145\/fists-scaled.jpg","type":"image\/jpeg"}],"author":"Renata Ara\u00fajo Sodr\u00e9 da Silva","twitter_card":"summary_large_image","twitter_creator":"@EstratConcursos","twitter_site":"@EstratConcursos","twitter_misc":{"Escrito por":"Renata Ara\u00fajo Sodr\u00e9 da Silva","Est. tempo de leitura":"16 minutos"},"schema":{"@context":"https:\/\/schema.org","@graph":[{"@type":"NewsArticle","@id":"https:\/\/www.estrategiaconcursos.com.br\/blog\/estatuto-igualdade-racial-pc-ba\/#article","isPartOf":{"@id":"https:\/\/www.estrategiaconcursos.com.br\/blog\/estatuto-igualdade-racial-pc-ba\/"},"author":{"name":"Renata Ara\u00fajo Sodr\u00e9 da Silva","@id":"https:\/\/www.estrategiaconcursos.com.br\/blog\/#\/schema\/person\/a929d42d707cf35b05df2e2219927433"},"headline":"Estatuto da Igualdade Racial para a PC-BA","datePublished":"2022-05-19T10:55:00+00:00","mainEntityOfPage":{"@id":"https:\/\/www.estrategiaconcursos.com.br\/blog\/estatuto-igualdade-racial-pc-ba\/"},"wordCount":3220,"commentCount":0,"publisher":{"@id":"https:\/\/www.estrategiaconcursos.com.br\/blog\/#organization"},"image":{"@id":"https:\/\/www.estrategiaconcursos.com.br\/blog\/estatuto-igualdade-racial-pc-ba\/#primaryimage"},"thumbnailUrl":"https:\/\/dhg1h5j42swfq.cloudfront.net\/2022\/05\/07234145\/fists-scaled.jpg","keywords":["carreira policial","Concurso Pol\u00edcia Civil Bahia","concursos p\u00fablicos","concursos p\u00fablicos 2022","estatuto da igualdade racial","PC-BA"],"articleSection":["Concursos P\u00fablicos","Policial (Agente, Escriv\u00e3o e Investigador)"],"inLanguage":"pt-BR","potentialAction":[{"@type":"CommentAction","name":"Comment","target":["https:\/\/www.estrategiaconcursos.com.br\/blog\/estatuto-igualdade-racial-pc-ba\/#respond"]}],"copyrightYear":"2022","copyrightHolder":{"@id":"https:\/\/www.estrategiaconcursos.com.br\/blog\/#organization"}},{"@type":"WebPage","@id":"https:\/\/www.estrategiaconcursos.com.br\/blog\/estatuto-igualdade-racial-pc-ba\/","url":"https:\/\/www.estrategiaconcursos.com.br\/blog\/estatuto-igualdade-racial-pc-ba\/","name":"Estatuto da Igualdade Racial para a PC-BA","isPartOf":{"@id":"https:\/\/www.estrategiaconcursos.com.br\/blog\/#website"},"primaryImageOfPage":{"@id":"https:\/\/www.estrategiaconcursos.com.br\/blog\/estatuto-igualdade-racial-pc-ba\/#primaryimage"},"image":{"@id":"https:\/\/www.estrategiaconcursos.com.br\/blog\/estatuto-igualdade-racial-pc-ba\/#primaryimage"},"thumbnailUrl":"https:\/\/dhg1h5j42swfq.cloudfront.net\/2022\/05\/07234145\/fists-scaled.jpg","datePublished":"2022-05-19T10:55:00+00:00","description":"Voc\u00ea sonha em ser policial civil? Ent\u00e3o aprenda tudo sobre o Estatuto da Igualdade Racial para a PC-BA e saia na frente dos concorrentes.","breadcrumb":{"@id":"https:\/\/www.estrategiaconcursos.com.br\/blog\/estatuto-igualdade-racial-pc-ba\/#breadcrumb"},"inLanguage":"pt-BR","potentialAction":[{"@type":"ReadAction","target":["https:\/\/www.estrategiaconcursos.com.br\/blog\/estatuto-igualdade-racial-pc-ba\/"]}]},{"@type":"ImageObject","inLanguage":"pt-BR","@id":"https:\/\/www.estrategiaconcursos.com.br\/blog\/estatuto-igualdade-racial-pc-ba\/#primaryimage","url":"https:\/\/dhg1h5j42swfq.cloudfront.net\/2022\/05\/07234145\/fists-scaled.jpg","contentUrl":"https:\/\/dhg1h5j42swfq.cloudfront.net\/2022\/05\/07234145\/fists-scaled.jpg","width":2560,"height":1536},{"@type":"BreadcrumbList","@id":"https:\/\/www.estrategiaconcursos.com.br\/blog\/estatuto-igualdade-racial-pc-ba\/#breadcrumb","itemListElement":[{"@type":"ListItem","position":1,"name":"In\u00edcio","item":"https:\/\/www.estrategiaconcursos.com.br\/blog\/"},{"@type":"ListItem","position":2,"name":"Estatuto da Igualdade Racial para a PC-BA"}]},{"@type":"WebSite","@id":"https:\/\/www.estrategiaconcursos.com.br\/blog\/#website","url":"https:\/\/www.estrategiaconcursos.com.br\/blog\/","name":"Estrat\u00e9gia Concursos","description":"O blog da Estrat\u00e9gia Concursos traz not\u00edcias sobre concursos e artigos de professores oferecendo cursos para concursos (pdf + videaulas) no site.","publisher":{"@id":"https:\/\/www.estrategiaconcursos.com.br\/blog\/#organization"},"potentialAction":[{"@type":"SearchAction","target":{"@type":"EntryPoint","urlTemplate":"https:\/\/www.estrategiaconcursos.com.br\/blog\/?s={search_term_string}"},"query-input":{"@type":"PropertyValueSpecification","valueRequired":true,"valueName":"search_term_string"}}],"inLanguage":"pt-BR"},{"@type":"Organization","@id":"https:\/\/www.estrategiaconcursos.com.br\/blog\/#organization","name":"Estrat\u00e9gia Concursos","url":"https:\/\/www.estrategiaconcursos.com.br\/blog\/","logo":{"@type":"ImageObject","inLanguage":"pt-BR","@id":"https:\/\/www.estrategiaconcursos.com.br\/blog\/#\/schema\/logo\/image\/","url":"https:\/\/dhg1h5j42swfq.cloudfront.net\/2025\/06\/03203428\/logo_concursos-1.jpg","contentUrl":"https:\/\/dhg1h5j42swfq.cloudfront.net\/2025\/06\/03203428\/logo_concursos-1.jpg","width":230,"height":60,"caption":"Estrat\u00e9gia Concursos"},"image":{"@id":"https:\/\/www.estrategiaconcursos.com.br\/blog\/#\/schema\/logo\/image\/"},"sameAs":["https:\/\/x.com\/EstratConcursos"]},{"@type":"Person","@id":"https:\/\/www.estrategiaconcursos.com.br\/blog\/#\/schema\/person\/a929d42d707cf35b05df2e2219927433","name":"Renata Ara\u00fajo Sodr\u00e9 da Silva","image":{"@type":"ImageObject","inLanguage":"pt-BR","@id":"https:\/\/secure.gravatar.com\/avatar\/ca9182e3bf6658feab2bdbe93f36f56f9771baa281700b03ec5836dcf5c88918?s=96&d=mm&r=g","url":"https:\/\/secure.gravatar.com\/avatar\/ca9182e3bf6658feab2bdbe93f36f56f9771baa281700b03ec5836dcf5c88918?s=96&d=mm&r=g","contentUrl":"https:\/\/secure.gravatar.com\/avatar\/ca9182e3bf6658feab2bdbe93f36f56f9771baa281700b03ec5836dcf5c88918?s=96&d=mm&r=g","caption":"Renata Ara\u00fajo Sodr\u00e9 da Silva"},"url":"https:\/\/www.estrategiaconcursos.com.br\/blog\/author\/renata-araujosodregmail-com\/"}]}},"_links":{"self":[{"href":"https:\/\/www.estrategiaconcursos.com.br\/blog\/wp-json\/wp\/v2\/posts\/1023857","targetHints":{"allow":["GET"]}}],"collection":[{"href":"https:\/\/www.estrategiaconcursos.com.br\/blog\/wp-json\/wp\/v2\/posts"}],"about":[{"href":"https:\/\/www.estrategiaconcursos.com.br\/blog\/wp-json\/wp\/v2\/types\/post"}],"author":[{"embeddable":true,"href":"https:\/\/www.estrategiaconcursos.com.br\/blog\/wp-json\/wp\/v2\/users\/2310"}],"replies":[{"embeddable":true,"href":"https:\/\/www.estrategiaconcursos.com.br\/blog\/wp-json\/wp\/v2\/comments?post=1023857"}],"version-history":[{"count":39,"href":"https:\/\/www.estrategiaconcursos.com.br\/blog\/wp-json\/wp\/v2\/posts\/1023857\/revisions"}],"predecessor-version":[{"id":1028053,"href":"https:\/\/www.estrategiaconcursos.com.br\/blog\/wp-json\/wp\/v2\/posts\/1023857\/revisions\/1028053"}],"wp:featuredmedia":[{"embeddable":true,"href":"https:\/\/www.estrategiaconcursos.com.br\/blog\/wp-json\/wp\/v2\/media\/1023860"}],"wp:attachment":[{"href":"https:\/\/www.estrategiaconcursos.com.br\/blog\/wp-json\/wp\/v2\/media?parent=1023857"}],"wp:term":[{"taxonomy":"category","embeddable":true,"href":"https:\/\/www.estrategiaconcursos.com.br\/blog\/wp-json\/wp\/v2\/categories?post=1023857"},{"taxonomy":"post_tag","embeddable":true,"href":"https:\/\/www.estrategiaconcursos.com.br\/blog\/wp-json\/wp\/v2\/tags?post=1023857"},{"taxonomy":"tax_estado","embeddable":true,"href":"https:\/\/www.estrategiaconcursos.com.br\/blog\/wp-json\/wp\/v2\/tax_estado?post=1023857"}],"curies":[{"name":"wp","href":"https:\/\/api.w.org\/{rel}","templated":true}]}}