{"id":102330,"date":"2020-09-25T13:50:00","date_gmt":"2020-09-25T16:50:00","guid":{"rendered":"https:\/\/www.estrategiaconcursos.com.br\/blog\/?p=102330"},"modified":"2022-10-07T15:38:14","modified_gmt":"2022-10-07T18:38:14","slug":"temas-de-redacao-para-as-carreiras-policiais","status":"publish","type":"post","link":"https:\/\/www.estrategiaconcursos.com.br\/blog\/temas-de-redacao-para-as-carreiras-policiais\/","title":{"rendered":"Temas de reda\u00e7\u00e3o para as carreiras policiais &#8211; 2020"},"content":{"rendered":"<p>Estrategianos, tudo em paz?<\/p>\n<p>Aqui \u00e9 o Prof. Raphael Reis chegando na \u00e1rea para trazer uma lista atualizada de <strong>temas de reda\u00e7\u00e3o para concursos p\u00fablicos de carreiras policiais 2020.<\/strong><\/p>\n<p><strong>O que faz a diferen\u00e7a na aprova\u00e7\u00e3o de concursos de alto n\u00edvel?<\/strong><\/p>\n<p>Pode parecer uma bobagem, mas concursos concorridos as aprova\u00e7\u00f5es est\u00e3o sendo decididas com a nota de reda\u00e7\u00e3o. Por qu\u00ea? Simples, na parte objetiva os candidatos chegam com &#8220;sangue nos z\u00f3i&#8221;, isto \u00e9, preparad\u00edssimos. Por\u00e9m, quando chegam na reda\u00e7\u00e3o muitos deslizam porque n\u00e3o fizeram uma boa prepara\u00e7\u00e3o.<\/p>\n<p><strong>Como fazer uma boa prepara\u00e7\u00e3o para fase de discursivas de concursos p\u00fablicos?<\/strong><\/p>\n<p>Sinceramente, fuja de f\u00f3rmulas m\u00e1gicas, de esqueletos prontos. Para buscar a <strong>nota m\u00e1xima na reda\u00e7\u00e3o<\/strong>, independente da banca, desde que a tipologia cobrada seja o g\u00eanero dissertativo-argumentativo, o candidato precisa combinar 3 coisas: <strong>Dom\u00ednio da estrutura + ampliar o capital cultural + treinar.\u00a0<\/strong>Dessa forma, voc\u00ea faz qualquer tema de qualquer banca.<\/p>\n<p>O Estrat\u00e9gia oferece muitas op\u00e7\u00f5es: pacotes sem corre\u00e7\u00f5es, pacotes com corre\u00e7\u00f5es e somente corre\u00e7\u00e3o anal\u00edtica &#8211; procure no site do Estrat\u00e9gia ou solicite mais informa\u00e7\u00f5es no atendimento online do site.<\/p>\n<p><strong>\u00c9 verdade que os concursos de carreiras policiais cobram temas da \u00e1rea?<\/strong><\/p>\n<p>N\u00e3o. H\u00e1 uma tend\u00eancia de que temas da atualidade associados ao cotidiano do policial seja cobrado, por\u00e9m nada impede que a banca proponha um tema que n\u00e3o tenha nada a ver. Ent\u00e3o, \u00e9 importante estudar temas sobre seguran\u00e7a p\u00fablica, mas tamb\u00e9m ficar por dentro de temas em evid\u00eancia nos \u00faltimos 4 meses antes do certame.<\/p>\n<p><strong>Quais s\u00e3o os temas poss\u00edveis de reda\u00e7\u00e3o para concursos de carreiras policiais em 2020?<\/strong><\/p>\n<p>Ser\u00e1 que o tema de reda\u00e7\u00e3o de seu concurso estar\u00e1 aqui nesta lista? Em 2019, ganhei o apelido carinhoso de &#8220;Mago da FCC&#8221; por ter acertado mais de 12 temas consecutivos em revis\u00e3o de v\u00e9spera rsrs<\/p>\n<p>Sem mais delongas, vamos \u00e0s nossas apostas:<\/p>\n<p>1. <strong>Seguran\u00e7a P\u00fablica.<\/strong> Dica: \u00e9 um tema bem amplo, mas \u00e9 importante destacar a import\u00e2ncia do Estado em proteger os seus cidad\u00e3os. Ademais, garantir seguran\u00e7a \u00e0 popula\u00e7\u00e3o est\u00e1 diretamente relacionado \u00e0 qualidade de vida das pessoas. Outro ponto importante \u00e9 destacar que as pol\u00edcias possuem fun\u00e7\u00e3o cidad\u00e3, isto \u00e9, fun\u00e7\u00e3o de assist\u00eancia ao cidad\u00e3o.<\/p>\n<p>2. <strong>Sociedade do medo e Ind\u00fastria do medo.<\/strong> Dica: uma das formas de sofisticar o seu argumento \u00e9 utilizar como recurso argumentativo o &#8220;argumento de autoridade&#8221;. Nesse sentido, conferir o conceito de &#8220;medo l\u00edquido&#8221; do soci\u00f3logo Bauman.<\/p>\n<p><strong>3. Redu\u00e7\u00e3o da maioridade penal.<\/strong> Dica: \u00e9 um tema bem pol\u00eamico que permite vis\u00f5es bem distintas. Assim, n\u00e3o h\u00e1 problema ser favor\u00e1vel ou contr\u00e1rio, desde que tome cuidado para n\u00e3o desrespeitar os direitos humanos.<\/p>\n<p><strong>4. Pacote Anticrime.<\/strong> \u00c9 uma iniciativa do atual governo para combater a corrup\u00e7\u00e3o, o crime organizado e deixar alguns tipos de penas mais duras. Nessa perspectiva, \u00e9 importante levar em considera\u00e7\u00e3o os impactos na sociedade. Por outro lado, h\u00e1 dois pontos espec\u00edficos nada consensuais e alvo de muitas cr\u00edticas: a proposta de pris\u00e3o em segunda inst\u00e2ncia\u00a0 e o excludente ilicitude.<\/p>\n<p><strong>5. Crise no Sistema Carcer\u00e1rio Brasileiro.<\/strong> Dica: um bom argumento \u00e9 defender que h\u00e1 intensa desigualdade social no Brasil, o que acarreta a falta de oportunidades no mercado de trabalho e na inclus\u00e3o social. Dados do CNJ, mostram que quase 75% da popula\u00e7\u00e3o carcer\u00e1ria no Brasil s\u00e3o pessoas pobres, sem escolaridade e negras. Ademais, os principais crimes s\u00e3o envolvimento com drogas ou de baixa periculosidade.\u00a0<\/p>\n<p>6.\u00a0<strong>Armas de Fogo.\u00a0<\/strong>Dica: tema quente por causa das discuss\u00f5es envolvendo a desburocratiza\u00e7\u00e3o da posse e do porte de arma. Assim, a quest\u00e3o problematizadora \u00e9: a facilidade de adquirir armas pode proteger o cidad\u00e3o, visto que o Estado e suas pol\u00edcias s\u00e3o ineficientes, ou isso pode ocasionar mais viol\u00eancia e morte? Para essa discuss\u00e3o, \u00e9 importante dar uma lida em pesquisas: Atlas da Viol\u00eancia e Mapa da Viol\u00eancia.<\/p>\n<p><strong>7. Viol\u00eancia contra a mulher.<\/strong> Dica: na pesquisa do Atlas da Viol\u00eancia (2019), h\u00e1 um dados assustador: s\u00e3o mortas 13 mulheres diariamente no Brasil. Esses crimes s\u00e3o, sobretudo, passionais e acontecem no espa\u00e7o dom\u00e9stico. Um argumento contundente \u00e9 mostrar que esse tipo de viol\u00eancia manifesta o nosso passado autorit\u00e1rio, marcado por uma sociedade patriarcal, na qual trata a mulher como se fosse um objetivo e que deveria ser submissa ao homem.<\/p>\n<p><strong>8. Viol\u00eancia no tr\u00e2nsito brasileiro<\/strong>. Dica: defender a tese que as viol\u00eancias no tr\u00e2nsito brasileiro \u00e9 uma quest\u00e3o de sa\u00fade p\u00fablica \u00e9 bem contundente, uma vez que o Estado gasta bilh\u00f5es anualmente. Outro ponto importante \u00e9 refletir sobre a conduta do brasileiro que n\u00e3o gosta de seguir normas (leis) e que possui a tend\u00eancia de resolver os seus conflitos no tr\u00e2nsito de forma violenta, mostrando que nossos comportamentos est\u00e3o pautados na &#8220;cultura da viol\u00eancia&#8221;.<\/p>\n<p><strong>9. Combate \u00e0s drogas.<\/strong> Dica: \u00e9 um fato que o combate \u00e0s drogas n\u00e3o \u00e9 eficiente no Brasil, ocasionando milhares de mortes, inclusive de pessoas inocentes em regi\u00f5es dominadas pelo tr\u00e1fico. Nessa perspectiva, \u00e9 importante que o candidato aponte reflex\u00f5es que v\u00e3o al\u00e9m do senso comum, mostrando a\u00e7\u00f5es de outros pa\u00edses como a de Portugal que est\u00e3o tendo resultados positivos.<\/p>\n<p><strong>10. Discurso de \u00f3dio:<\/strong> Dica: refletir a diferen\u00e7a entre liberdade de express\u00e3o e discurso de \u00f3dio. Recentemente, uma pesquisa do Instituto Datafolha mostrou que v\u00e1rias pessoas est\u00e3o evitando postar e interagir sobre quest\u00f5es pol\u00edticas, devido a polariza\u00e7\u00e3o pol\u00edtica recente em nosso pa\u00eds e aos v\u00e1rios casos de intoler\u00e2ncia &#8211; d\u00ea uma conferida nesta pesquisa porque \u00e9 bem interessante. Um autor bem legal para essa discuss\u00e3o \u00e9 o iluminista Voltaire (confira o op\u00fasculo dele denominado &#8220;Tratado sobre a Toler\u00e2ncia&#8221;).<\/p>\n<p><strong>11. Urbaniza\u00e7\u00e3o e Mobilidade Urbana:<\/strong> Dica: sem sombra de d\u00favidas, este \u00e9 o tema queridinho das bancas. Pensar os desafios da mobilidade urbana vai al\u00e9m da preocupa\u00e7\u00e3o com o deslocamento de ve\u00edculos. \u00c9 necess\u00e1rio refletir sobre como o espa\u00e7o urbano \u00e9 compartilhado pelas pessoas.<\/p>\n<p><strong>12. Educa\u00e7\u00e3o no Brasil:<\/strong> Dica: infelizmente, a educa\u00e7\u00e3o brasileira possui p\u00e9ssimos resultados e, em muitas escolas p\u00fablicas, h\u00e1 um clima de viol\u00eancia. Nesse sentido, a pol\u00edcia pode entrar em cena para auxiliar as escolas com programas espec\u00edficos, por meio da pol\u00edcia comunit\u00e1ria e de palestras, ou seja, uma aproxima\u00e7\u00e3o de parceria, sem o car\u00e1ter repressivo. Outro tema potencial envolvendo viol\u00eancia e escola \u00e9 o bullying.<\/p>\n<p><strong>13. Meio ambiente.<\/strong> Dica: esteja atento ao conceito de &#8220;sociedade do risco&#8217;, do soci\u00f3logo Ulrich Beck, pois assim o seu argumento ficar\u00e1 mais consistente para entender os desmatamentos, o aquecimento global e trag\u00e9dias ambientais (destaque para Mariana e Brumadinho). O aumento recorde de queimadas e desmatamentos nos \u00faltimos dois anos, certamente, ser\u00e3o cobrados devido aos seus danos: aquecimento global, prejudica os pequenos agricultores, acaba com a fauna e com a flora, prejudica a subsist\u00eancia de comunidades ind\u00edgenas.\u00a0<\/p>\n<p><strong>14. Saneamento b\u00e1sico.<\/strong> Dica: mais de 100 milh\u00f5es de pessoas n\u00e3o possuem acesso \u00e0 rede coletora de esgoto (dados do Instituto Terra), o que ocasiona diversos problemas de sa\u00fade p\u00fablica e nega o acesso \u00e0 cidadania. Logo, \u00e9 um problema de desigualdade social no Brasil e um desrespeito ao princ\u00edpio da dignidade humana.<\/p>\n<p><strong>15. Crimes cibern\u00e9ticos (virtuais).<\/strong> Dica: a pr\u00e1tica policial acompanha ou deveria acompanhar os avan\u00e7os tecnol\u00f3gicos. Assim, \u00e9 importante o candidato saber como a tecnologia est\u00e1 modificando o dia a dia das institui\u00e7\u00f5es e das tarefas policiais. Ademais, crimes cibern\u00e9ticos est\u00e3o no debate midi\u00e1tico (fraudes, ciberbullying, persegui\u00e7\u00e3o, racismo, etc.). Um autor interessante para contextualiza\u00e7\u00e3o do tema \u00e9 Pierre Levy.\u00a0<\/p>\n<p><strong>16. Coronavr\u00edus. <\/strong>Este \u00e9 o tema do momento, portanto muita aten\u00e7\u00e3o, porque pode aparecer como tema de reda\u00e7\u00e3o ou na prova de atualidades. \u00c9 importante o candidato pensar como essa pandemia causa efeitos econ\u00f4micos, sociais e humanos, destacando como as rela\u00e7\u00f5es sociais est\u00e3o modificando.<\/p>\n<p><a href=\"https:\/\/www.estrategiaconcursos.com.br\/blog\/author\/profraphaelreisgmail-com\/\" data-wplink-edit=\"true\">Artigos publicados<\/a><\/p>\n<p>\u00a0<\/p>\n\n\n<p><strong>Quem sou eu?<\/strong><\/p>\n\n\n\n<p>Sou o Professor Raphael Reis. Para quem ainda n\u00e3o me conhece, fica aqui uma breve apresenta\u00e7\u00e3o: sou Professor do Estrat\u00e9gia Concursos desde 2016 e leciono os seguintes conte\u00fados: Reda\u00e7\u00e3o (macroestrutura), Hist\u00f3ria, Filosofia e Sociologia. Fiz minha gradua\u00e7\u00e3o em Hist\u00f3ria (UFJF), especializa\u00e7\u00e3o em Pol\u00edticas P\u00fablicas e Gest\u00e3o Social (UFJF) e mestrado em Sociologia da Educa\u00e7\u00e3o (UFJF).<\/p>\n\n\n\n<p>Nos \u00faltimos anos tenho me especializado na parte de macroestrutura da<br \/>reda\u00e7\u00e3o. Ao perceber que a grande dificuldade dos candidatos \u00e9 desenvolver argumentos bem fundamentados, criei o curso in\u00e9dito e inovador de <a href=\"https:\/\/www.estrategiaconcursos.com.br\/curso\/ciencias-humanas-para-redacao-2020\/\">Ci\u00eancias Humanas para Reda\u00e7\u00e3o<\/a>, que j\u00e1 atendeu milhares de alunos e t\u00eam contribu\u00eddo decisivamente para a melhoria das notas. Sou autor do e-book best-seller <a href=\"https:\/\/www.hotmart.com\/product\/25-conceitos-para-usar-na-redacao-concursos\/K37848335O?cd=1&amp;utm_expid=.bTdDhGQLRzGWwEmPzVvrlQ.1&amp;utm_referrer=\">25 conceitos para usar na reda\u00e7\u00e3o<\/a> e editor da revista de atualidades Centro do Mundo.<\/p>\n\n\n\n<p><strong>Sigam-me os bons:<\/strong><\/p>\n\n\n\n<p>Instagram (@profraphaelreis)<\/p>\n\n\n\n<p>YouTube (Professor Raphael Reis)<\/p>\n\n\n\n<p>Telegram: t.me\/profrapha<\/p>\n\n\n\n<p>Site<strong>:<\/strong> www.professorraphaelreis.com.br<\/p>\n\n\n\n<p><\/p>\n","protected":false},"excerpt":{"rendered":"<p>Estrategianos, tudo em paz? Aqui \u00e9 o Prof. Raphael Reis chegando na \u00e1rea para trazer uma lista atualizada de temas de reda\u00e7\u00e3o para concursos p\u00fablicos de carreiras policiais 2020. O que faz a diferen\u00e7a na aprova\u00e7\u00e3o de concursos de alto n\u00edvel? Pode parecer uma bobagem, mas concursos concorridos as aprova\u00e7\u00f5es est\u00e3o sendo decididas com a [&hellip;]<\/p>\n","protected":false},"author":384,"featured_media":0,"comment_status":"open","ping_status":"closed","sticky":false,"template":"","format":"standard","meta":{"post_tipo":"article","footnotes":""},"categories":[1],"tags":[3374,3283,3377,3376,3378,3375],"tax_estado":[],"class_list":["post-102330","post","type-post","status-publish","format-standard","hentry","category-cursos-e-concursos","tag-possiveis-temas-para-redacao-de-concursos","tag-redacao-pc-rs","tag-redacao-pm-ma","tag-redacao-pm-to","tag-temas-de-redacao-para-as-carreiras-policiais","tag-temas-para-a-prova-discursiva"],"acf":[],"yoast_head":"<!-- This site is optimized with the Yoast SEO Premium plugin v27.2 (Yoast SEO v27.2) - https:\/\/yoast.com\/product\/yoast-seo-premium-wordpress\/ -->\n<title>Temas de reda\u00e7\u00e3o para as carreiras policiais - 2020<\/title>\n<meta name=\"robots\" content=\"index, follow, max-snippet:-1, max-image-preview:large, max-video-preview:-1\" \/>\n<link rel=\"canonical\" href=\"https:\/\/www.estrategiaconcursos.com.br\/blog\/temas-de-redacao-para-as-carreiras-policiais\/\" \/>\n<meta property=\"og:locale\" content=\"pt_BR\" \/>\n<meta property=\"og:type\" content=\"article\" \/>\n<meta property=\"og:title\" content=\"Temas de reda\u00e7\u00e3o para as carreiras policiais - 2020\" \/>\n<meta property=\"og:description\" content=\"Estrategianos, tudo em paz? Aqui \u00e9 o Prof. Raphael Reis chegando na \u00e1rea para trazer uma lista atualizada de temas de reda\u00e7\u00e3o para concursos p\u00fablicos de carreiras policiais 2020. O que faz a diferen\u00e7a na aprova\u00e7\u00e3o de concursos de alto n\u00edvel? Pode parecer uma bobagem, mas concursos concorridos as aprova\u00e7\u00f5es est\u00e3o sendo decididas com a [&hellip;]\" \/>\n<meta property=\"og:url\" content=\"https:\/\/www.estrategiaconcursos.com.br\/blog\/temas-de-redacao-para-as-carreiras-policiais\/\" \/>\n<meta property=\"og:site_name\" content=\"Estrat\u00e9gia Concursos\" \/>\n<meta property=\"article:published_time\" content=\"2020-09-25T16:50:00+00:00\" \/>\n<meta property=\"article:modified_time\" content=\"2022-10-07T18:38:14+00:00\" \/>\n<meta name=\"author\" content=\"Raphael de Oliveira Reis\" \/>\n<meta name=\"twitter:card\" content=\"summary_large_image\" \/>\n<meta name=\"twitter:creator\" content=\"@EstratConcursos\" \/>\n<meta name=\"twitter:site\" content=\"@EstratConcursos\" \/>\n<meta name=\"twitter:label1\" content=\"Escrito por\" \/>\n\t<meta name=\"twitter:data1\" content=\"Raphael de Oliveira Reis\" \/>\n\t<meta name=\"twitter:label2\" content=\"Est. tempo de leitura\" \/>\n\t<meta name=\"twitter:data2\" content=\"8 minutos\" \/>\n<script type=\"application\/ld+json\" class=\"yoast-schema-graph\">{\"@context\":\"https:\/\/schema.org\",\"@graph\":[{\"@type\":\"NewsArticle\",\"@id\":\"https:\/\/www.estrategiaconcursos.com.br\/blog\/temas-de-redacao-para-as-carreiras-policiais\/#article\",\"isPartOf\":{\"@id\":\"https:\/\/www.estrategiaconcursos.com.br\/blog\/temas-de-redacao-para-as-carreiras-policiais\/\"},\"author\":{\"name\":\"Raphael de Oliveira Reis\",\"@id\":\"https:\/\/www.estrategiaconcursos.com.br\/blog\/#\/schema\/person\/b49a1a49e5ef8a9f8d3268e74404a911\"},\"headline\":\"Temas de reda\u00e7\u00e3o para as carreiras policiais &#8211; 2020\",\"datePublished\":\"2020-09-25T16:50:00+00:00\",\"dateModified\":\"2022-10-07T18:38:14+00:00\",\"mainEntityOfPage\":{\"@id\":\"https:\/\/www.estrategiaconcursos.com.br\/blog\/temas-de-redacao-para-as-carreiras-policiais\/\"},\"wordCount\":1535,\"commentCount\":62,\"publisher\":{\"@id\":\"https:\/\/www.estrategiaconcursos.com.br\/blog\/#organization\"},\"keywords\":[\"poss\u00edveis temas para reda\u00e7\u00e3o de concursos\",\"reda\u00e7\u00e3o PC-RS\",\"reda\u00e7\u00e3o PM-MA\",\"reda\u00e7\u00e3o PM-TO\",\"temas de reda\u00e7\u00e3o para as carreiras policiais\",\"temas para a prova discursiva\"],\"articleSection\":[\"Concursos P\u00fablicos\"],\"inLanguage\":\"pt-BR\",\"potentialAction\":[{\"@type\":\"CommentAction\",\"name\":\"Comment\",\"target\":[\"https:\/\/www.estrategiaconcursos.com.br\/blog\/temas-de-redacao-para-as-carreiras-policiais\/#respond\"]}],\"copyrightYear\":\"2020\",\"copyrightHolder\":{\"@id\":\"https:\/\/www.estrategiaconcursos.com.br\/blog\/#organization\"}},{\"@type\":\"WebPage\",\"@id\":\"https:\/\/www.estrategiaconcursos.com.br\/blog\/temas-de-redacao-para-as-carreiras-policiais\/\",\"url\":\"https:\/\/www.estrategiaconcursos.com.br\/blog\/temas-de-redacao-para-as-carreiras-policiais\/\",\"name\":\"Temas de reda\u00e7\u00e3o para as carreiras policiais - 2020\",\"isPartOf\":{\"@id\":\"https:\/\/www.estrategiaconcursos.com.br\/blog\/#website\"},\"datePublished\":\"2020-09-25T16:50:00+00:00\",\"dateModified\":\"2022-10-07T18:38:14+00:00\",\"breadcrumb\":{\"@id\":\"https:\/\/www.estrategiaconcursos.com.br\/blog\/temas-de-redacao-para-as-carreiras-policiais\/#breadcrumb\"},\"inLanguage\":\"pt-BR\",\"potentialAction\":[{\"@type\":\"ReadAction\",\"target\":[\"https:\/\/www.estrategiaconcursos.com.br\/blog\/temas-de-redacao-para-as-carreiras-policiais\/\"]}]},{\"@type\":\"BreadcrumbList\",\"@id\":\"https:\/\/www.estrategiaconcursos.com.br\/blog\/temas-de-redacao-para-as-carreiras-policiais\/#breadcrumb\",\"itemListElement\":[{\"@type\":\"ListItem\",\"position\":1,\"name\":\"In\u00edcio\",\"item\":\"https:\/\/www.estrategiaconcursos.com.br\/blog\/\"},{\"@type\":\"ListItem\",\"position\":2,\"name\":\"Temas de reda\u00e7\u00e3o para as carreiras policiais &#8211; 2020\"}]},{\"@type\":\"WebSite\",\"@id\":\"https:\/\/www.estrategiaconcursos.com.br\/blog\/#website\",\"url\":\"https:\/\/www.estrategiaconcursos.com.br\/blog\/\",\"name\":\"Estrat\u00e9gia Concursos\",\"description\":\"O blog da Estrat\u00e9gia Concursos traz not\u00edcias sobre concursos e artigos de professores oferecendo cursos para concursos (pdf + videaulas) no site.\",\"publisher\":{\"@id\":\"https:\/\/www.estrategiaconcursos.com.br\/blog\/#organization\"},\"potentialAction\":[{\"@type\":\"SearchAction\",\"target\":{\"@type\":\"EntryPoint\",\"urlTemplate\":\"https:\/\/www.estrategiaconcursos.com.br\/blog\/?s={search_term_string}\"},\"query-input\":{\"@type\":\"PropertyValueSpecification\",\"valueRequired\":true,\"valueName\":\"search_term_string\"}}],\"inLanguage\":\"pt-BR\"},{\"@type\":\"Organization\",\"@id\":\"https:\/\/www.estrategiaconcursos.com.br\/blog\/#organization\",\"name\":\"Estrat\u00e9gia Concursos\",\"url\":\"https:\/\/www.estrategiaconcursos.com.br\/blog\/\",\"logo\":{\"@type\":\"ImageObject\",\"inLanguage\":\"pt-BR\",\"@id\":\"https:\/\/www.estrategiaconcursos.com.br\/blog\/#\/schema\/logo\/image\/\",\"url\":\"https:\/\/dhg1h5j42swfq.cloudfront.net\/2025\/06\/03203428\/logo_concursos-1.jpg\",\"contentUrl\":\"https:\/\/dhg1h5j42swfq.cloudfront.net\/2025\/06\/03203428\/logo_concursos-1.jpg\",\"width\":230,\"height\":60,\"caption\":\"Estrat\u00e9gia Concursos\"},\"image\":{\"@id\":\"https:\/\/www.estrategiaconcursos.com.br\/blog\/#\/schema\/logo\/image\/\"},\"sameAs\":[\"https:\/\/x.com\/EstratConcursos\"]},{\"@type\":\"Person\",\"@id\":\"https:\/\/www.estrategiaconcursos.com.br\/blog\/#\/schema\/person\/b49a1a49e5ef8a9f8d3268e74404a911\",\"name\":\"Raphael de Oliveira Reis\",\"image\":{\"@type\":\"ImageObject\",\"inLanguage\":\"pt-BR\",\"@id\":\"https:\/\/secure.gravatar.com\/avatar\/b1c5789180fc7bfb5103ec006c301370c02393e37aa13c55f6d72f05fcc76b3b?s=96&d=mm&r=g\",\"url\":\"https:\/\/secure.gravatar.com\/avatar\/b1c5789180fc7bfb5103ec006c301370c02393e37aa13c55f6d72f05fcc76b3b?s=96&d=mm&r=g\",\"contentUrl\":\"https:\/\/secure.gravatar.com\/avatar\/b1c5789180fc7bfb5103ec006c301370c02393e37aa13c55f6d72f05fcc76b3b?s=96&d=mm&r=g\",\"caption\":\"Raphael de Oliveira Reis\"},\"url\":\"https:\/\/www.estrategiaconcursos.com.br\/blog\/author\/profraphaelreisgmail-com\/\"}]}<\/script>\n<!-- \/ Yoast SEO Premium plugin. -->","yoast_head_json":{"title":"Temas de reda\u00e7\u00e3o para as carreiras policiais - 2020","robots":{"index":"index","follow":"follow","max-snippet":"max-snippet:-1","max-image-preview":"max-image-preview:large","max-video-preview":"max-video-preview:-1"},"canonical":"https:\/\/www.estrategiaconcursos.com.br\/blog\/temas-de-redacao-para-as-carreiras-policiais\/","og_locale":"pt_BR","og_type":"article","og_title":"Temas de reda\u00e7\u00e3o para as carreiras policiais - 2020","og_description":"Estrategianos, tudo em paz? Aqui \u00e9 o Prof. Raphael Reis chegando na \u00e1rea para trazer uma lista atualizada de temas de reda\u00e7\u00e3o para concursos p\u00fablicos de carreiras policiais 2020. O que faz a diferen\u00e7a na aprova\u00e7\u00e3o de concursos de alto n\u00edvel? Pode parecer uma bobagem, mas concursos concorridos as aprova\u00e7\u00f5es est\u00e3o sendo decididas com a [&hellip;]","og_url":"https:\/\/www.estrategiaconcursos.com.br\/blog\/temas-de-redacao-para-as-carreiras-policiais\/","og_site_name":"Estrat\u00e9gia Concursos","article_published_time":"2020-09-25T16:50:00+00:00","article_modified_time":"2022-10-07T18:38:14+00:00","author":"Raphael de Oliveira Reis","twitter_card":"summary_large_image","twitter_creator":"@EstratConcursos","twitter_site":"@EstratConcursos","twitter_misc":{"Escrito por":"Raphael de Oliveira Reis","Est. tempo de leitura":"8 minutos"},"schema":{"@context":"https:\/\/schema.org","@graph":[{"@type":"NewsArticle","@id":"https:\/\/www.estrategiaconcursos.com.br\/blog\/temas-de-redacao-para-as-carreiras-policiais\/#article","isPartOf":{"@id":"https:\/\/www.estrategiaconcursos.com.br\/blog\/temas-de-redacao-para-as-carreiras-policiais\/"},"author":{"name":"Raphael de Oliveira Reis","@id":"https:\/\/www.estrategiaconcursos.com.br\/blog\/#\/schema\/person\/b49a1a49e5ef8a9f8d3268e74404a911"},"headline":"Temas de reda\u00e7\u00e3o para as carreiras policiais &#8211; 2020","datePublished":"2020-09-25T16:50:00+00:00","dateModified":"2022-10-07T18:38:14+00:00","mainEntityOfPage":{"@id":"https:\/\/www.estrategiaconcursos.com.br\/blog\/temas-de-redacao-para-as-carreiras-policiais\/"},"wordCount":1535,"commentCount":62,"publisher":{"@id":"https:\/\/www.estrategiaconcursos.com.br\/blog\/#organization"},"keywords":["poss\u00edveis temas para reda\u00e7\u00e3o de concursos","reda\u00e7\u00e3o PC-RS","reda\u00e7\u00e3o PM-MA","reda\u00e7\u00e3o PM-TO","temas de reda\u00e7\u00e3o para as carreiras policiais","temas para a prova discursiva"],"articleSection":["Concursos P\u00fablicos"],"inLanguage":"pt-BR","potentialAction":[{"@type":"CommentAction","name":"Comment","target":["https:\/\/www.estrategiaconcursos.com.br\/blog\/temas-de-redacao-para-as-carreiras-policiais\/#respond"]}],"copyrightYear":"2020","copyrightHolder":{"@id":"https:\/\/www.estrategiaconcursos.com.br\/blog\/#organization"}},{"@type":"WebPage","@id":"https:\/\/www.estrategiaconcursos.com.br\/blog\/temas-de-redacao-para-as-carreiras-policiais\/","url":"https:\/\/www.estrategiaconcursos.com.br\/blog\/temas-de-redacao-para-as-carreiras-policiais\/","name":"Temas de reda\u00e7\u00e3o para as carreiras policiais - 2020","isPartOf":{"@id":"https:\/\/www.estrategiaconcursos.com.br\/blog\/#website"},"datePublished":"2020-09-25T16:50:00+00:00","dateModified":"2022-10-07T18:38:14+00:00","breadcrumb":{"@id":"https:\/\/www.estrategiaconcursos.com.br\/blog\/temas-de-redacao-para-as-carreiras-policiais\/#breadcrumb"},"inLanguage":"pt-BR","potentialAction":[{"@type":"ReadAction","target":["https:\/\/www.estrategiaconcursos.com.br\/blog\/temas-de-redacao-para-as-carreiras-policiais\/"]}]},{"@type":"BreadcrumbList","@id":"https:\/\/www.estrategiaconcursos.com.br\/blog\/temas-de-redacao-para-as-carreiras-policiais\/#breadcrumb","itemListElement":[{"@type":"ListItem","position":1,"name":"In\u00edcio","item":"https:\/\/www.estrategiaconcursos.com.br\/blog\/"},{"@type":"ListItem","position":2,"name":"Temas de reda\u00e7\u00e3o para as carreiras policiais &#8211; 2020"}]},{"@type":"WebSite","@id":"https:\/\/www.estrategiaconcursos.com.br\/blog\/#website","url":"https:\/\/www.estrategiaconcursos.com.br\/blog\/","name":"Estrat\u00e9gia Concursos","description":"O blog da Estrat\u00e9gia Concursos traz not\u00edcias sobre concursos e artigos de professores oferecendo cursos para concursos (pdf + videaulas) no site.","publisher":{"@id":"https:\/\/www.estrategiaconcursos.com.br\/blog\/#organization"},"potentialAction":[{"@type":"SearchAction","target":{"@type":"EntryPoint","urlTemplate":"https:\/\/www.estrategiaconcursos.com.br\/blog\/?s={search_term_string}"},"query-input":{"@type":"PropertyValueSpecification","valueRequired":true,"valueName":"search_term_string"}}],"inLanguage":"pt-BR"},{"@type":"Organization","@id":"https:\/\/www.estrategiaconcursos.com.br\/blog\/#organization","name":"Estrat\u00e9gia Concursos","url":"https:\/\/www.estrategiaconcursos.com.br\/blog\/","logo":{"@type":"ImageObject","inLanguage":"pt-BR","@id":"https:\/\/www.estrategiaconcursos.com.br\/blog\/#\/schema\/logo\/image\/","url":"https:\/\/dhg1h5j42swfq.cloudfront.net\/2025\/06\/03203428\/logo_concursos-1.jpg","contentUrl":"https:\/\/dhg1h5j42swfq.cloudfront.net\/2025\/06\/03203428\/logo_concursos-1.jpg","width":230,"height":60,"caption":"Estrat\u00e9gia Concursos"},"image":{"@id":"https:\/\/www.estrategiaconcursos.com.br\/blog\/#\/schema\/logo\/image\/"},"sameAs":["https:\/\/x.com\/EstratConcursos"]},{"@type":"Person","@id":"https:\/\/www.estrategiaconcursos.com.br\/blog\/#\/schema\/person\/b49a1a49e5ef8a9f8d3268e74404a911","name":"Raphael de Oliveira Reis","image":{"@type":"ImageObject","inLanguage":"pt-BR","@id":"https:\/\/secure.gravatar.com\/avatar\/b1c5789180fc7bfb5103ec006c301370c02393e37aa13c55f6d72f05fcc76b3b?s=96&d=mm&r=g","url":"https:\/\/secure.gravatar.com\/avatar\/b1c5789180fc7bfb5103ec006c301370c02393e37aa13c55f6d72f05fcc76b3b?s=96&d=mm&r=g","contentUrl":"https:\/\/secure.gravatar.com\/avatar\/b1c5789180fc7bfb5103ec006c301370c02393e37aa13c55f6d72f05fcc76b3b?s=96&d=mm&r=g","caption":"Raphael de Oliveira Reis"},"url":"https:\/\/www.estrategiaconcursos.com.br\/blog\/author\/profraphaelreisgmail-com\/"}]}},"_links":{"self":[{"href":"https:\/\/www.estrategiaconcursos.com.br\/blog\/wp-json\/wp\/v2\/posts\/102330","targetHints":{"allow":["GET"]}}],"collection":[{"href":"https:\/\/www.estrategiaconcursos.com.br\/blog\/wp-json\/wp\/v2\/posts"}],"about":[{"href":"https:\/\/www.estrategiaconcursos.com.br\/blog\/wp-json\/wp\/v2\/types\/post"}],"author":[{"embeddable":true,"href":"https:\/\/www.estrategiaconcursos.com.br\/blog\/wp-json\/wp\/v2\/users\/384"}],"replies":[{"embeddable":true,"href":"https:\/\/www.estrategiaconcursos.com.br\/blog\/wp-json\/wp\/v2\/comments?post=102330"}],"version-history":[{"count":28,"href":"https:\/\/www.estrategiaconcursos.com.br\/blog\/wp-json\/wp\/v2\/posts\/102330\/revisions"}],"predecessor-version":[{"id":1106620,"href":"https:\/\/www.estrategiaconcursos.com.br\/blog\/wp-json\/wp\/v2\/posts\/102330\/revisions\/1106620"}],"wp:attachment":[{"href":"https:\/\/www.estrategiaconcursos.com.br\/blog\/wp-json\/wp\/v2\/media?parent=102330"}],"wp:term":[{"taxonomy":"category","embeddable":true,"href":"https:\/\/www.estrategiaconcursos.com.br\/blog\/wp-json\/wp\/v2\/categories?post=102330"},{"taxonomy":"post_tag","embeddable":true,"href":"https:\/\/www.estrategiaconcursos.com.br\/blog\/wp-json\/wp\/v2\/tags?post=102330"},{"taxonomy":"tax_estado","embeddable":true,"href":"https:\/\/www.estrategiaconcursos.com.br\/blog\/wp-json\/wp\/v2\/tax_estado?post=102330"}],"curies":[{"name":"wp","href":"https:\/\/api.w.org\/{rel}","templated":true}]}}