{"id":1023134,"date":"2022-05-06T12:39:24","date_gmt":"2022-05-06T15:39:24","guid":{"rendered":"https:\/\/www.estrategiaconcursos.com.br\/blog\/?p=1023134"},"modified":"2022-05-09T15:09:20","modified_gmt":"2022-05-09T18:09:20","slug":"concurso-trt-mg-requisitos-2022","status":"publish","type":"post","link":"https:\/\/www.estrategiaconcursos.com.br\/blog\/concurso-trt-mg-requisitos-2022\/","title":{"rendered":"Concurso TRT MG: confira os requisitos do \u00faltimo edital"},"content":{"rendered":"\n<p>O\u00a0<strong>concurso TRT MG\u00a0<\/strong>(<a href=\"https:\/\/www.direcaoconcursos.com.br\/noticias\/concurso-trt-mg\/\" target=\"_blank\" rel=\"noreferrer noopener\">Tribunal Regional do Trabalho da 3\u00aa regi\u00e3o<\/a>) est\u00e1 autorizado e com comiss\u00e3o formada. Para voc\u00ea ficar por dentro das exig\u00eancias do TRT MG, confira os requisitos solicitados para os cargos de t\u00e9cnico e analista:<\/p>\n\n\n\n<h3 class=\"wp-block-heading\" id=\"h-concurso-trt-mg-requisitos-tecnico\"><strong>Concurso TRT MG: requisitos T\u00e9cnico<\/strong><\/h3>\n\n\n\n<ul class=\"wp-block-list\"><li><strong>\u00c1rea Administrativa<\/strong><ul><li>Certificado, devidamente registrado, de conclus\u00e3o de Curso de ensino m\u00e9dio, expedido por Institui\u00e7\u00e3o de Ensino reconhecida pelo Minist\u00e9rio da Educa\u00e7\u00e3o;<\/li><\/ul><\/li><li><strong>\u00c1rea Administrativa \u2013 Especialidade Contabilidade<\/strong><ul><li>Certificado, devidamente registrado, de conclus\u00e3o de Curso de ensino m\u00e9dio acrescido de curso t\u00e9cnico em contabilidade, expedido por institui\u00e7\u00e3o de ensino reconhecida pelo Minist\u00e9rio da Educa\u00e7\u00e3o, e registro no Conselho Regional de Contabilidade;<\/li><\/ul><\/li><li><strong>\u00c1rea Apoio Especializado \u2013 Especialidade Enfermagem<\/strong><ul><li>Certificado, devidamente registrado, de conclus\u00e3o de Curso de ensino m\u00e9dio e curso t\u00e9cnico de enfermagem e registro no Conselho Regional de Enfermagem;<\/li><\/ul><\/li><li><strong>\u00c1rea Apoio Especializado \u2013 Especialidade Tecnologia da Informa\u00e7\u00e3o<\/strong><ul><li>Certificado, devidamente registrado, de conclus\u00e3o de Curso de ensino m\u00e9dio acrescido de curso de programa\u00e7\u00e3o com, no m\u00ednimo, 120 horas\/aula, ou curso t\u00e9cnico na \u00e1rea de inform\u00e1tica expedido por institui\u00e7\u00e3o de ensino reconhecida pelo Minist\u00e9rio da Educa\u00e7\u00e3o.<\/li><\/ul><\/li><\/ul>\n\n\n\n<p><strong>Concurso TRT MG: requisitos<\/strong> <strong>Analista<\/strong><\/p>\n\n\n\n<ul class=\"wp-block-list\"><li><strong>Especialidade Oficial de Justi\u00e7a Avaliador Federal<\/strong><ul><li>Diploma ou certificado, devidamente registrado, de curso de Gradua\u00e7\u00e3o em Direito, reconhecido pelo Minist\u00e9rio da Educa\u00e7\u00e3o;<\/li><\/ul><\/li><li><strong>\u00c1rea Judici\u00e1ria<\/strong><ul><li>Diploma ou certificado, devidamente registrado, de curso de Gradua\u00e7\u00e3o em Direito, reconhecido pelo Minist\u00e9rio da Educa\u00e7\u00e3o;<\/li><\/ul><\/li><li><strong>\u00c1rea Administrativa<\/strong><ul><li>Diploma, devidamente registrado, de curso de Gradua\u00e7\u00e3o de n\u00edvel Superior em qualquer \u00e1rea de forma\u00e7\u00e3o, inclusive licenciatura plena<\/li><\/ul><\/li><li><strong>Especialidade Contabilidade<\/strong><ul><li>Diploma ou Certificado, devidamente registrado, de curso de Gradua\u00e7\u00e3o em Contabilidade, reconhecido pelo Minist\u00e9rio da Educa\u00e7\u00e3o, e registro no Conselho Regional de Contabilidade;<\/li><\/ul><\/li><li><strong>Especialidade Estat\u00edstica<\/strong><ul><li>Diploma ou Certificado, devidamente registrado, de curso de Gradua\u00e7\u00e3o em Estat\u00edstica, reconhecido pelo Minist\u00e9rio da Educa\u00e7\u00e3o, e registro no Conselho Regional de Estat\u00edstica.<\/li><\/ul><\/li><li><strong>Especialidade Arquitetura<\/strong><ul><li>Diploma ou Certificado, devidamente registrado, de curso de Gradua\u00e7\u00e3o em Arquitetura, reconhecido pelo Minist\u00e9rio da Educa\u00e7\u00e3o, e registro no Conselho Regional de Engenharia, Arquitetura e Agronomia<\/li><\/ul><\/li><li><strong>Especialidade Arquivologia<\/strong><ul><li>Diploma ou Certificado, devidamente registrado, de curso de Gradua\u00e7\u00e3o em Arquivologia, reconhecido pelo Minist\u00e9rio da Educa\u00e7\u00e3o.<\/li><\/ul><\/li><li><strong>Especialidade Biblioteconomia<\/strong><ul><li>Diploma ou Certificado, devidamente registrado, de curso de Gradua\u00e7\u00e3o em Biblioteconomia, reconhecido pelo Minist\u00e9rio da Educa\u00e7\u00e3o, e registro no Conselho Regional de Biblioteconomia.<\/li><\/ul><\/li><li><strong>Especialidade Comunica\u00e7\u00e3o Social<\/strong><ul><li>Diploma ou Certificado, devidamente registrado, de curso de Gradua\u00e7\u00e3o em Comunica\u00e7\u00e3o Social, reconhecido pelo Minist\u00e9rio da Educa\u00e7\u00e3o.<\/li><\/ul><\/li><li><strong>Especialidade Enfermagem<\/strong><ul><li>Diploma ou Certificado, devidamente registrado, de curso de Gradua\u00e7\u00e3o em Enfermagem, reconhecido pelo Minist\u00e9rio da Educa\u00e7\u00e3o, e registro no Conselho Regional de Enfermagem.<\/li><\/ul><\/li><li><strong>Especialidade Engenharia<\/strong><ul><li>Diploma ou Certificado, devidamente registrado, de curso de Gradua\u00e7\u00e3o em Engenharia Civil, Mec\u00e2nica ou El\u00e9trica reconhecido pelo Minist\u00e9rio da Educa\u00e7\u00e3o, e registro no Conselho Regional de Engenharia, Arquitetura e Agronomia.<\/li><\/ul><\/li><li><strong>Especialidade Engenharia (Civil)<\/strong><ul><li>Diploma ou Certificado, devidamente registrado, de curso de Gradua\u00e7\u00e3o em Engenharia Civil, reconhecido pelo Minist\u00e9rio da Educa\u00e7\u00e3o, e registro no Conselho Regional de Engenharia, Arquitetura e Agronomia.<\/li><\/ul><\/li><li><strong>Especialidade Engenharia (El\u00e9trica)<\/strong><ul><li>Diploma ou Certificado, devidamente registrado, de curso de Gradua\u00e7\u00e3o em Engenharia El\u00e9trica, reconhecido pelo Minist\u00e9rio da Educa\u00e7\u00e3o, e registro no Conselho Regional da categoria.<\/li><\/ul><\/li><li><strong>Especialidade Engenharia (Mec\u00e2nica)<\/strong><ul><li>Diploma ou Certificado, devidamente registrado, de curso de Gradua\u00e7\u00e3o em Engenharia Mec\u00e2nica, reconhecido pelo Minist\u00e9rio da Educa\u00e7\u00e3o, e registro no Conselho Regional de Engenharia, Arquitetura e Agronomia.<\/li><\/ul><\/li><li><strong>Especialidade Engenharia (Seguran\u00e7a do Trabalho)<\/strong><ul><li>Diploma ou Certificado, devidamente registrado, de curso de Gradua\u00e7\u00e3o em Arquitetura ou Engenharia acrescida de p\u00f3sgradua\u00e7\u00e3o em Engenharia de Seguran\u00e7a do Trabalho, reconhecidos pelo Minist\u00e9rio da Educa\u00e7\u00e3o, e registro no Conselho Regional de Engenharia, Arquitetura e Agronomia.<\/li><\/ul><\/li><li><strong>Especialidade Fisioterapia<\/strong><ul><li>Diploma ou Certificado, devidamente registrado, de curso de Gradua\u00e7\u00e3o em Fisioterapia, reconhecido pelo Minist\u00e9rio da Educa\u00e7\u00e3o, e registro no Conselho Regional de Fisioterapia e Terapia Ocupacional.<\/li><\/ul><\/li><li><strong>Especialidade Historiador<\/strong><ul><li>Diploma ou Certificado, devidamente registrado, de curso de Gradua\u00e7\u00e3o em Hist\u00f3ria, reconhecido pelo Minist\u00e9rio da Educa\u00e7\u00e3o.<\/li><\/ul><\/li><li><strong>Especialidade Medicina<\/strong><ul><li>Diploma ou Certificado, devidamente registrado, de curso de Gradua\u00e7\u00e3o em Medicina, reconhecido pelo Minist\u00e9rio da Educa\u00e7\u00e3o, e registro no Conselho Regional de Medicina<\/li><\/ul><\/li><li><strong>Especialidade Medicina (Cardiologia)<\/strong><ul><li>Diploma ou Certificado, devidamente registrado, de curso de Gradua\u00e7\u00e3o em Medicina e p\u00f3s-gradua\u00e7\u00e3o em Cardiologia, reconhecidos pelo Minist\u00e9rio da Educa\u00e7\u00e3o, e registro no Conselho Regional de Medicina.<\/li><\/ul><\/li><li><strong>Especialidade Medicina (do Trabalho)<\/strong><ul><li>Diploma ou Certificado, devidamente registrado, de curso de Gradua\u00e7\u00e3o em Medicina e p\u00f3s-gradua\u00e7\u00e3o em Medicina do Trabalho, reconhecidos pelo Minist\u00e9rio da Educa\u00e7\u00e3o, e registro no Conselho Regional de Medicina.<\/li><\/ul><\/li><li><strong>Especialidade Medicina (Psiquiatria)<\/strong><ul><li>Diploma ou Certificado, devidamente registrado, de curso de Gradua\u00e7\u00e3o em Medicina e p\u00f3s-gradua\u00e7\u00e3o em Psiquiatria, reconhecidos pelo Minist\u00e9rio da Educa\u00e7\u00e3o, e registro no Conselho Regional de Medicina.<\/li><\/ul><\/li><li><strong>Especialidade Odontologia<\/strong><ul><li>Diploma ou Certificado, devidamente registrado, de curso de Gradua\u00e7\u00e3o em Odontologia reconhecido pelo Minist\u00e9rio da Educa\u00e7\u00e3o, e registro no Conselho Regional de Odontologia.<\/li><\/ul><\/li><li><strong>Especialidade Odontologia (Endodontia)<\/strong><ul><li>Diploma ou Certificado, devidamente registrado, de curso de Gradua\u00e7\u00e3o em Odontologia e p\u00f3s-gradua\u00e7\u00e3o em Endodontia, reconhecidos pelo Minist\u00e9rio da Educa\u00e7\u00e3o, e registro no Conselho Regional de Odontologia.<\/li><\/ul><\/li><li><strong>Especialidade Odontologia (Pediatria)<\/strong><ul><li>Diploma ou Certificado, devidamente registrado, de curso de Gradua\u00e7\u00e3o em Odontologia e p\u00f3s-gradua\u00e7\u00e3o em Odontopediatria, reconhecidos pelo Minist\u00e9rio da Educa\u00e7\u00e3o, e registro no Conselho Regional de Odontologia.<\/li><\/ul><\/li><li><strong>Especialidade Odontologia (Pr\u00f3tese)<\/strong><ul><li>Diploma ou Certificado, devidamente registrado, de curso de Gradua\u00e7\u00e3o em Odontologia e p\u00f3s-gradua\u00e7\u00e3o em Pr\u00f3tese, reconhecidos pelo Minist\u00e9rio da Educa\u00e7\u00e3o, e registro no Conselho Regional de Odontologia.<\/li><\/ul><\/li><li><strong>Especialidade Psicologia<\/strong><ul><li>Diploma ou Certificado, devidamente registrado, de curso de Gradua\u00e7\u00e3o em Psicologia, reconhecido pelo Minist\u00e9rio da Educa\u00e7\u00e3o, e registro no Conselho Regional de Psicologia.<\/li><\/ul><\/li><li><strong>Especialidade Servi\u00e7o Social<\/strong><ul><li>Diploma ou Certificado, devidamente registrado, de curso de Gradua\u00e7\u00e3o em Servi\u00e7o Social, reconhecido pelo Minist\u00e9rio da Educa\u00e7\u00e3o, e registro no Conselho Regional de Servi\u00e7o Social.<\/li><\/ul><\/li><li><strong>Especialidade Tecnologia da Informa\u00e7\u00e3o<\/strong><ul><li>Diploma ou Certificado, devidamente registrado, de curso de Gradua\u00e7\u00e3o de n\u00edvel Superior na \u00e1rea de inform\u00e1tica ou de qualquer outra Gradua\u00e7\u00e3o de n\u00edvel Superior com P\u00f3s-Gradua\u00e7\u00e3o na \u00e1rea de inform\u00e1tica, com carga hor\u00e1ria m\u00ednima de 360 (trezentas e sessenta) horas-aula, reconhecidos pelo Minist\u00e9rio da Educa\u00e7\u00e3o.<\/li><\/ul><\/li><\/ul>\n\n\n\n<p class=\"has-text-align-center has-pale-cyan-blue-background-color has-background has-medium-font-size\"><strong>Saiba mais: <a href=\"https:\/\/www.estrategiaconcursos.com.br\/blog\/concurso-trt-mg\/\" target=\"_blank\" rel=\"noreferrer noopener\">concurso TRT MG requisitos <\/a><\/strong><\/p>\n\n\n\n<h2 class=\"has-text-align-center wp-embed-aspect-16-9 wp-has-aspect-ratio wp-block-heading\" id=\"quer-estudar-para-o-concurso-trt-mg\"><strong><em>Quer estudar para o concurso TRT MG?<\/em><\/strong><\/h2>\n\n\n\n<div class=\"container\" id=\"boxes\">\n  <div class=\"row\">\n\n    <div class=\"col-sm\">\n      <div class=\"banner-tribunal\" id=\"box-assinatura\">\n        <h3 class=\"titulo-assinatura\">Curso TRT MG<\/h3>\n        <p class=\"subtitulo-assinatura\">Conhe\u00e7a os cursos<\/p>\n        <div class=\"box-botao\">\n          <a class=\"btn-assinatura\" target=\"_blank\" href=\"https:\/\/www.estrategiaconcursos.com.br\/cursosPorConcurso\/trts-cursos-regulares-62\/\" role=\"button\" rel=\"noopener noreferrer\">Conhe\u00e7a mais<\/a>\n        <\/div>\n      <\/div>\n      <p class=\"texto-auxiliar\">Prepare-se com o melhor material e com quem mais aprova em Concursos P\u00fablicos em todo o pa\u00eds.<\/p>\n    <\/div>\n\n  <\/div>\n<\/div>\n\n\n\n<div class=\"container\" id=\"boxes\">\n  <div class=\"row\">\n\n    <div class=\"col-sm\">\n      <div class=\"estrategia\" id=\"box-assinatura\">\n        <h3 class=\"titulo-assinatura\">Assinatura Concursos<\/h3>\n        <p class=\"subtitulo-assinatura\">Assinatura de 1 ano ou 2 anos<\/p>\n        <div class=\"box-botao\">\n          <a class=\"btn-assinatura\" target=\"_blank\" href=\"https:\/\/www.estrategiaconcursos.com.br\/assinaturas\/\" role=\"button\" rel=\"noopener noreferrer\">ASSINE AGORA<\/a>\n        <\/div>\n      <\/div>\n     \n    <\/div><\/div><\/div>\n\n\n\n\n\n<p><\/p>\n","protected":false},"excerpt":{"rendered":"<p>O\u00a0concurso TRT MG\u00a0(Tribunal Regional do Trabalho da 3\u00aa regi\u00e3o) est\u00e1 autorizado e com comiss\u00e3o formada. Para voc\u00ea ficar por dentro das exig\u00eancias do TRT MG, confira os requisitos solicitados para os cargos de t\u00e9cnico e analista: Concurso TRT MG: requisitos T\u00e9cnico \u00c1rea Administrativa Certificado, devidamente registrado, de conclus\u00e3o de Curso de ensino m\u00e9dio, expedido por [&hellip;]<\/p>\n","protected":false},"author":2375,"featured_media":1003903,"comment_status":"open","ping_status":"closed","sticky":false,"template":"","format":"standard","meta":{"post_tipo":"news","footnotes":""},"categories":[1984,220219],"tags":[],"tax_estado":[219974],"class_list":["post-1023134","post","type-post","status-publish","format-standard","has-post-thumbnail","hentry","category-tribunais","category-noticias","tax_estado-mg"],"acf":[],"yoast_head":"<!-- This site is optimized with the Yoast SEO Premium plugin v27.2 (Yoast SEO v27.2) - https:\/\/yoast.com\/product\/yoast-seo-premium-wordpress\/ -->\n<title>Concurso TRT MG: confira os requisitos do \u00faltimo edital<\/title>\n<meta name=\"description\" content=\"Concurso TRT MG: confira quais s\u00e3o os requisitos para analista e t\u00e9cnico do Tribunal Regional do Trabalho da 3\u00aa regi\u00e3o.\" \/>\n<meta name=\"robots\" content=\"index, follow, max-snippet:-1, max-image-preview:large, max-video-preview:-1\" \/>\n<link rel=\"canonical\" href=\"https:\/\/www.estrategiaconcursos.com.br\/blog\/concurso-trt-mg-requisitos-2022\/\" \/>\n<meta property=\"og:locale\" content=\"pt_BR\" \/>\n<meta property=\"og:type\" content=\"article\" \/>\n<meta property=\"og:title\" content=\"Concurso TRT MG: confira os requisitos do \u00faltimo edital\" \/>\n<meta property=\"og:description\" content=\"Concurso TRT MG: confira quais s\u00e3o os requisitos para analista e t\u00e9cnico do Tribunal Regional do Trabalho da 3\u00aa regi\u00e3o.\" \/>\n<meta property=\"og:url\" content=\"https:\/\/www.estrategiaconcursos.com.br\/blog\/concurso-trt-mg-requisitos-2022\/\" \/>\n<meta property=\"og:site_name\" content=\"Estrat\u00e9gia Concursos\" \/>\n<meta property=\"article:published_time\" content=\"2022-05-06T15:39:24+00:00\" \/>\n<meta property=\"article:modified_time\" content=\"2022-05-09T18:09:20+00:00\" \/>\n<meta property=\"og:image\" content=\"https:\/\/dhg1h5j42swfq.cloudfront.net\/2022\/04\/07095315\/concurso_trt-mg.jpeg\" \/>\n\t<meta property=\"og:image:width\" content=\"768\" \/>\n\t<meta property=\"og:image:height\" content=\"432\" \/>\n\t<meta property=\"og:image:type\" content=\"image\/jpeg\" \/>\n<meta name=\"author\" content=\"Priscila Almeida\" \/>\n<meta name=\"twitter:card\" content=\"summary_large_image\" \/>\n<meta name=\"twitter:creator\" content=\"@EstratConcursos\" \/>\n<meta name=\"twitter:site\" content=\"@EstratConcursos\" \/>\n<meta name=\"twitter:label1\" content=\"Escrito por\" \/>\n\t<meta name=\"twitter:data1\" content=\"Priscila Almeida\" \/>\n\t<meta name=\"twitter:label2\" content=\"Est. tempo de leitura\" \/>\n\t<meta name=\"twitter:data2\" content=\"6 minutos\" \/>\n<script type=\"application\/ld+json\" class=\"yoast-schema-graph\">{\"@context\":\"https:\/\/schema.org\",\"@graph\":[{\"@type\":\"NewsArticle\",\"@id\":\"https:\/\/www.estrategiaconcursos.com.br\/blog\/concurso-trt-mg-requisitos-2022\/#article\",\"isPartOf\":{\"@id\":\"https:\/\/www.estrategiaconcursos.com.br\/blog\/concurso-trt-mg-requisitos-2022\/\"},\"author\":{\"name\":\"Priscila Almeida\",\"@id\":\"https:\/\/www.estrategiaconcursos.com.br\/blog\/#\/schema\/person\/a06e841e501f2e1d8c49c4e8f066bfd1\"},\"headline\":\"Concurso TRT MG: confira os requisitos do \u00faltimo edital\",\"datePublished\":\"2022-05-06T15:39:24+00:00\",\"dateModified\":\"2022-05-09T18:09:20+00:00\",\"mainEntityOfPage\":{\"@id\":\"https:\/\/www.estrategiaconcursos.com.br\/blog\/concurso-trt-mg-requisitos-2022\/\"},\"wordCount\":1162,\"commentCount\":0,\"publisher\":{\"@id\":\"https:\/\/www.estrategiaconcursos.com.br\/blog\/#organization\"},\"image\":{\"@id\":\"https:\/\/www.estrategiaconcursos.com.br\/blog\/concurso-trt-mg-requisitos-2022\/#primaryimage\"},\"thumbnailUrl\":\"https:\/\/dhg1h5j42swfq.cloudfront.net\/2022\/04\/07095315\/concurso_trt-mg.jpeg\",\"articleSection\":[\"Tribunais\",\"\u00daltimas not\u00edcias\"],\"inLanguage\":\"pt-BR\",\"potentialAction\":[{\"@type\":\"CommentAction\",\"name\":\"Comment\",\"target\":[\"https:\/\/www.estrategiaconcursos.com.br\/blog\/concurso-trt-mg-requisitos-2022\/#respond\"]}],\"copyrightYear\":\"2022\",\"copyrightHolder\":{\"@id\":\"https:\/\/www.estrategiaconcursos.com.br\/blog\/#organization\"}},{\"@type\":\"WebPage\",\"@id\":\"https:\/\/www.estrategiaconcursos.com.br\/blog\/concurso-trt-mg-requisitos-2022\/\",\"url\":\"https:\/\/www.estrategiaconcursos.com.br\/blog\/concurso-trt-mg-requisitos-2022\/\",\"name\":\"Concurso TRT MG: confira os requisitos do \u00faltimo edital\",\"isPartOf\":{\"@id\":\"https:\/\/www.estrategiaconcursos.com.br\/blog\/#website\"},\"primaryImageOfPage\":{\"@id\":\"https:\/\/www.estrategiaconcursos.com.br\/blog\/concurso-trt-mg-requisitos-2022\/#primaryimage\"},\"image\":{\"@id\":\"https:\/\/www.estrategiaconcursos.com.br\/blog\/concurso-trt-mg-requisitos-2022\/#primaryimage\"},\"thumbnailUrl\":\"https:\/\/dhg1h5j42swfq.cloudfront.net\/2022\/04\/07095315\/concurso_trt-mg.jpeg\",\"datePublished\":\"2022-05-06T15:39:24+00:00\",\"dateModified\":\"2022-05-09T18:09:20+00:00\",\"description\":\"Concurso TRT MG: confira quais s\u00e3o os requisitos para analista e t\u00e9cnico do Tribunal Regional do Trabalho da 3\u00aa regi\u00e3o.\",\"breadcrumb\":{\"@id\":\"https:\/\/www.estrategiaconcursos.com.br\/blog\/concurso-trt-mg-requisitos-2022\/#breadcrumb\"},\"inLanguage\":\"pt-BR\",\"potentialAction\":[{\"@type\":\"ReadAction\",\"target\":[\"https:\/\/www.estrategiaconcursos.com.br\/blog\/concurso-trt-mg-requisitos-2022\/\"]}]},{\"@type\":\"ImageObject\",\"inLanguage\":\"pt-BR\",\"@id\":\"https:\/\/www.estrategiaconcursos.com.br\/blog\/concurso-trt-mg-requisitos-2022\/#primaryimage\",\"url\":\"https:\/\/dhg1h5j42swfq.cloudfront.net\/2022\/04\/07095315\/concurso_trt-mg.jpeg\",\"contentUrl\":\"https:\/\/dhg1h5j42swfq.cloudfront.net\/2022\/04\/07095315\/concurso_trt-mg.jpeg\",\"width\":768,\"height\":432},{\"@type\":\"BreadcrumbList\",\"@id\":\"https:\/\/www.estrategiaconcursos.com.br\/blog\/concurso-trt-mg-requisitos-2022\/#breadcrumb\",\"itemListElement\":[{\"@type\":\"ListItem\",\"position\":1,\"name\":\"In\u00edcio\",\"item\":\"https:\/\/www.estrategiaconcursos.com.br\/blog\/\"},{\"@type\":\"ListItem\",\"position\":2,\"name\":\"Concurso TRT MG: confira os requisitos do \u00faltimo edital\"}]},{\"@type\":\"WebSite\",\"@id\":\"https:\/\/www.estrategiaconcursos.com.br\/blog\/#website\",\"url\":\"https:\/\/www.estrategiaconcursos.com.br\/blog\/\",\"name\":\"Estrat\u00e9gia Concursos\",\"description\":\"O blog da Estrat\u00e9gia Concursos traz not\u00edcias sobre concursos e artigos de professores oferecendo cursos para concursos (pdf + videaulas) no site.\",\"publisher\":{\"@id\":\"https:\/\/www.estrategiaconcursos.com.br\/blog\/#organization\"},\"potentialAction\":[{\"@type\":\"SearchAction\",\"target\":{\"@type\":\"EntryPoint\",\"urlTemplate\":\"https:\/\/www.estrategiaconcursos.com.br\/blog\/?s={search_term_string}\"},\"query-input\":{\"@type\":\"PropertyValueSpecification\",\"valueRequired\":true,\"valueName\":\"search_term_string\"}}],\"inLanguage\":\"pt-BR\"},{\"@type\":\"Organization\",\"@id\":\"https:\/\/www.estrategiaconcursos.com.br\/blog\/#organization\",\"name\":\"Estrat\u00e9gia Concursos\",\"url\":\"https:\/\/www.estrategiaconcursos.com.br\/blog\/\",\"logo\":{\"@type\":\"ImageObject\",\"inLanguage\":\"pt-BR\",\"@id\":\"https:\/\/www.estrategiaconcursos.com.br\/blog\/#\/schema\/logo\/image\/\",\"url\":\"https:\/\/dhg1h5j42swfq.cloudfront.net\/2025\/06\/03203428\/logo_concursos-1.jpg\",\"contentUrl\":\"https:\/\/dhg1h5j42swfq.cloudfront.net\/2025\/06\/03203428\/logo_concursos-1.jpg\",\"width\":230,\"height\":60,\"caption\":\"Estrat\u00e9gia Concursos\"},\"image\":{\"@id\":\"https:\/\/www.estrategiaconcursos.com.br\/blog\/#\/schema\/logo\/image\/\"},\"sameAs\":[\"https:\/\/x.com\/EstratConcursos\"]},{\"@type\":\"Person\",\"@id\":\"https:\/\/www.estrategiaconcursos.com.br\/blog\/#\/schema\/person\/a06e841e501f2e1d8c49c4e8f066bfd1\",\"name\":\"Priscila Almeida\",\"image\":{\"@type\":\"ImageObject\",\"inLanguage\":\"pt-BR\",\"@id\":\"https:\/\/secure.gravatar.com\/avatar\/0a963c9e2a947fa675b669cea2b5d0ba6dd1cbf46b966190343b6c9973ad3337?s=96&d=mm&r=g\",\"url\":\"https:\/\/secure.gravatar.com\/avatar\/0a963c9e2a947fa675b669cea2b5d0ba6dd1cbf46b966190343b6c9973ad3337?s=96&d=mm&r=g\",\"contentUrl\":\"https:\/\/secure.gravatar.com\/avatar\/0a963c9e2a947fa675b669cea2b5d0ba6dd1cbf46b966190343b6c9973ad3337?s=96&d=mm&r=g\",\"caption\":\"Priscila Almeida\"},\"description\":\"Atua na \u00e1rea de concursos p\u00fablicos desde 2019. As editorias que mais t\u00eam familiaridade s\u00e3o: Tribunais (TJs; TRTs; TREs; TSTs; STJ, STF, STM e TSE); Defensorias; Minist\u00e9rios P\u00fablicos; Procuradorias; Educa\u00e7\u00e3o e Conselhos. Na \u00e1rea de comunica\u00e7\u00e3o, de maneira geral, a caminhada \u00e9 um pouco mais longa - desde 2007. Possui experi\u00eancia em reda\u00e7\u00f5es de r\u00e1dio, TV, Web e impresso, al\u00e9m de desenvolver trabalhos em assessorias de comunica\u00e7\u00e3o institucional, empresarial e p\u00fablicas. Entre outros trabalhos, se destacam a atua\u00e7\u00e3o nas \u00e1reas de Justi\u00e7a, Congresso, Esportes, Sa\u00fade, Agropecu\u00e1ria, Cidades e Avia\u00e7\u00e3o Civil.\",\"url\":\"https:\/\/www.estrategiaconcursos.com.br\/blog\/author\/priscila-almeidaestrategia-com\/\"}]}<\/script>\n<!-- \/ Yoast SEO Premium plugin. -->","yoast_head_json":{"title":"Concurso TRT MG: confira os requisitos do \u00faltimo edital","description":"Concurso TRT MG: confira quais s\u00e3o os requisitos para analista e t\u00e9cnico do Tribunal Regional do Trabalho da 3\u00aa regi\u00e3o.","robots":{"index":"index","follow":"follow","max-snippet":"max-snippet:-1","max-image-preview":"max-image-preview:large","max-video-preview":"max-video-preview:-1"},"canonical":"https:\/\/www.estrategiaconcursos.com.br\/blog\/concurso-trt-mg-requisitos-2022\/","og_locale":"pt_BR","og_type":"article","og_title":"Concurso TRT MG: confira os requisitos do \u00faltimo edital","og_description":"Concurso TRT MG: confira quais s\u00e3o os requisitos para analista e t\u00e9cnico do Tribunal Regional do Trabalho da 3\u00aa regi\u00e3o.","og_url":"https:\/\/www.estrategiaconcursos.com.br\/blog\/concurso-trt-mg-requisitos-2022\/","og_site_name":"Estrat\u00e9gia Concursos","article_published_time":"2022-05-06T15:39:24+00:00","article_modified_time":"2022-05-09T18:09:20+00:00","og_image":[{"width":768,"height":432,"url":"https:\/\/dhg1h5j42swfq.cloudfront.net\/2022\/04\/07095315\/concurso_trt-mg.jpeg","type":"image\/jpeg"}],"author":"Priscila Almeida","twitter_card":"summary_large_image","twitter_creator":"@EstratConcursos","twitter_site":"@EstratConcursos","twitter_misc":{"Escrito por":"Priscila Almeida","Est. tempo de leitura":"6 minutos"},"schema":{"@context":"https:\/\/schema.org","@graph":[{"@type":"NewsArticle","@id":"https:\/\/www.estrategiaconcursos.com.br\/blog\/concurso-trt-mg-requisitos-2022\/#article","isPartOf":{"@id":"https:\/\/www.estrategiaconcursos.com.br\/blog\/concurso-trt-mg-requisitos-2022\/"},"author":{"name":"Priscila Almeida","@id":"https:\/\/www.estrategiaconcursos.com.br\/blog\/#\/schema\/person\/a06e841e501f2e1d8c49c4e8f066bfd1"},"headline":"Concurso TRT MG: confira os requisitos do \u00faltimo edital","datePublished":"2022-05-06T15:39:24+00:00","dateModified":"2022-05-09T18:09:20+00:00","mainEntityOfPage":{"@id":"https:\/\/www.estrategiaconcursos.com.br\/blog\/concurso-trt-mg-requisitos-2022\/"},"wordCount":1162,"commentCount":0,"publisher":{"@id":"https:\/\/www.estrategiaconcursos.com.br\/blog\/#organization"},"image":{"@id":"https:\/\/www.estrategiaconcursos.com.br\/blog\/concurso-trt-mg-requisitos-2022\/#primaryimage"},"thumbnailUrl":"https:\/\/dhg1h5j42swfq.cloudfront.net\/2022\/04\/07095315\/concurso_trt-mg.jpeg","articleSection":["Tribunais","\u00daltimas not\u00edcias"],"inLanguage":"pt-BR","potentialAction":[{"@type":"CommentAction","name":"Comment","target":["https:\/\/www.estrategiaconcursos.com.br\/blog\/concurso-trt-mg-requisitos-2022\/#respond"]}],"copyrightYear":"2022","copyrightHolder":{"@id":"https:\/\/www.estrategiaconcursos.com.br\/blog\/#organization"}},{"@type":"WebPage","@id":"https:\/\/www.estrategiaconcursos.com.br\/blog\/concurso-trt-mg-requisitos-2022\/","url":"https:\/\/www.estrategiaconcursos.com.br\/blog\/concurso-trt-mg-requisitos-2022\/","name":"Concurso TRT MG: confira os requisitos do \u00faltimo edital","isPartOf":{"@id":"https:\/\/www.estrategiaconcursos.com.br\/blog\/#website"},"primaryImageOfPage":{"@id":"https:\/\/www.estrategiaconcursos.com.br\/blog\/concurso-trt-mg-requisitos-2022\/#primaryimage"},"image":{"@id":"https:\/\/www.estrategiaconcursos.com.br\/blog\/concurso-trt-mg-requisitos-2022\/#primaryimage"},"thumbnailUrl":"https:\/\/dhg1h5j42swfq.cloudfront.net\/2022\/04\/07095315\/concurso_trt-mg.jpeg","datePublished":"2022-05-06T15:39:24+00:00","dateModified":"2022-05-09T18:09:20+00:00","description":"Concurso TRT MG: confira quais s\u00e3o os requisitos para analista e t\u00e9cnico do Tribunal Regional do Trabalho da 3\u00aa regi\u00e3o.","breadcrumb":{"@id":"https:\/\/www.estrategiaconcursos.com.br\/blog\/concurso-trt-mg-requisitos-2022\/#breadcrumb"},"inLanguage":"pt-BR","potentialAction":[{"@type":"ReadAction","target":["https:\/\/www.estrategiaconcursos.com.br\/blog\/concurso-trt-mg-requisitos-2022\/"]}]},{"@type":"ImageObject","inLanguage":"pt-BR","@id":"https:\/\/www.estrategiaconcursos.com.br\/blog\/concurso-trt-mg-requisitos-2022\/#primaryimage","url":"https:\/\/dhg1h5j42swfq.cloudfront.net\/2022\/04\/07095315\/concurso_trt-mg.jpeg","contentUrl":"https:\/\/dhg1h5j42swfq.cloudfront.net\/2022\/04\/07095315\/concurso_trt-mg.jpeg","width":768,"height":432},{"@type":"BreadcrumbList","@id":"https:\/\/www.estrategiaconcursos.com.br\/blog\/concurso-trt-mg-requisitos-2022\/#breadcrumb","itemListElement":[{"@type":"ListItem","position":1,"name":"In\u00edcio","item":"https:\/\/www.estrategiaconcursos.com.br\/blog\/"},{"@type":"ListItem","position":2,"name":"Concurso TRT MG: confira os requisitos do \u00faltimo edital"}]},{"@type":"WebSite","@id":"https:\/\/www.estrategiaconcursos.com.br\/blog\/#website","url":"https:\/\/www.estrategiaconcursos.com.br\/blog\/","name":"Estrat\u00e9gia Concursos","description":"O blog da Estrat\u00e9gia Concursos traz not\u00edcias sobre concursos e artigos de professores oferecendo cursos para concursos (pdf + videaulas) no site.","publisher":{"@id":"https:\/\/www.estrategiaconcursos.com.br\/blog\/#organization"},"potentialAction":[{"@type":"SearchAction","target":{"@type":"EntryPoint","urlTemplate":"https:\/\/www.estrategiaconcursos.com.br\/blog\/?s={search_term_string}"},"query-input":{"@type":"PropertyValueSpecification","valueRequired":true,"valueName":"search_term_string"}}],"inLanguage":"pt-BR"},{"@type":"Organization","@id":"https:\/\/www.estrategiaconcursos.com.br\/blog\/#organization","name":"Estrat\u00e9gia Concursos","url":"https:\/\/www.estrategiaconcursos.com.br\/blog\/","logo":{"@type":"ImageObject","inLanguage":"pt-BR","@id":"https:\/\/www.estrategiaconcursos.com.br\/blog\/#\/schema\/logo\/image\/","url":"https:\/\/dhg1h5j42swfq.cloudfront.net\/2025\/06\/03203428\/logo_concursos-1.jpg","contentUrl":"https:\/\/dhg1h5j42swfq.cloudfront.net\/2025\/06\/03203428\/logo_concursos-1.jpg","width":230,"height":60,"caption":"Estrat\u00e9gia Concursos"},"image":{"@id":"https:\/\/www.estrategiaconcursos.com.br\/blog\/#\/schema\/logo\/image\/"},"sameAs":["https:\/\/x.com\/EstratConcursos"]},{"@type":"Person","@id":"https:\/\/www.estrategiaconcursos.com.br\/blog\/#\/schema\/person\/a06e841e501f2e1d8c49c4e8f066bfd1","name":"Priscila Almeida","image":{"@type":"ImageObject","inLanguage":"pt-BR","@id":"https:\/\/secure.gravatar.com\/avatar\/0a963c9e2a947fa675b669cea2b5d0ba6dd1cbf46b966190343b6c9973ad3337?s=96&d=mm&r=g","url":"https:\/\/secure.gravatar.com\/avatar\/0a963c9e2a947fa675b669cea2b5d0ba6dd1cbf46b966190343b6c9973ad3337?s=96&d=mm&r=g","contentUrl":"https:\/\/secure.gravatar.com\/avatar\/0a963c9e2a947fa675b669cea2b5d0ba6dd1cbf46b966190343b6c9973ad3337?s=96&d=mm&r=g","caption":"Priscila Almeida"},"description":"Atua na \u00e1rea de concursos p\u00fablicos desde 2019. As editorias que mais t\u00eam familiaridade s\u00e3o: Tribunais (TJs; TRTs; TREs; TSTs; STJ, STF, STM e TSE); Defensorias; Minist\u00e9rios P\u00fablicos; Procuradorias; Educa\u00e7\u00e3o e Conselhos. Na \u00e1rea de comunica\u00e7\u00e3o, de maneira geral, a caminhada \u00e9 um pouco mais longa - desde 2007. Possui experi\u00eancia em reda\u00e7\u00f5es de r\u00e1dio, TV, Web e impresso, al\u00e9m de desenvolver trabalhos em assessorias de comunica\u00e7\u00e3o institucional, empresarial e p\u00fablicas. Entre outros trabalhos, se destacam a atua\u00e7\u00e3o nas \u00e1reas de Justi\u00e7a, Congresso, Esportes, Sa\u00fade, Agropecu\u00e1ria, Cidades e Avia\u00e7\u00e3o Civil.","url":"https:\/\/www.estrategiaconcursos.com.br\/blog\/author\/priscila-almeidaestrategia-com\/"}]}},"_links":{"self":[{"href":"https:\/\/www.estrategiaconcursos.com.br\/blog\/wp-json\/wp\/v2\/posts\/1023134","targetHints":{"allow":["GET"]}}],"collection":[{"href":"https:\/\/www.estrategiaconcursos.com.br\/blog\/wp-json\/wp\/v2\/posts"}],"about":[{"href":"https:\/\/www.estrategiaconcursos.com.br\/blog\/wp-json\/wp\/v2\/types\/post"}],"author":[{"embeddable":true,"href":"https:\/\/www.estrategiaconcursos.com.br\/blog\/wp-json\/wp\/v2\/users\/2375"}],"replies":[{"embeddable":true,"href":"https:\/\/www.estrategiaconcursos.com.br\/blog\/wp-json\/wp\/v2\/comments?post=1023134"}],"version-history":[{"count":8,"href":"https:\/\/www.estrategiaconcursos.com.br\/blog\/wp-json\/wp\/v2\/posts\/1023134\/revisions"}],"predecessor-version":[{"id":1024513,"href":"https:\/\/www.estrategiaconcursos.com.br\/blog\/wp-json\/wp\/v2\/posts\/1023134\/revisions\/1024513"}],"wp:featuredmedia":[{"embeddable":true,"href":"https:\/\/www.estrategiaconcursos.com.br\/blog\/wp-json\/wp\/v2\/media\/1003903"}],"wp:attachment":[{"href":"https:\/\/www.estrategiaconcursos.com.br\/blog\/wp-json\/wp\/v2\/media?parent=1023134"}],"wp:term":[{"taxonomy":"category","embeddable":true,"href":"https:\/\/www.estrategiaconcursos.com.br\/blog\/wp-json\/wp\/v2\/categories?post=1023134"},{"taxonomy":"post_tag","embeddable":true,"href":"https:\/\/www.estrategiaconcursos.com.br\/blog\/wp-json\/wp\/v2\/tags?post=1023134"},{"taxonomy":"tax_estado","embeddable":true,"href":"https:\/\/www.estrategiaconcursos.com.br\/blog\/wp-json\/wp\/v2\/tax_estado?post=1023134"}],"curies":[{"name":"wp","href":"https:\/\/api.w.org\/{rel}","templated":true}]}}