{"id":1023045,"date":"2022-05-06T11:36:38","date_gmt":"2022-05-06T14:36:38","guid":{"rendered":"https:\/\/www.estrategiaconcursos.com.br\/blog\/?p=1023045"},"modified":"2022-05-06T18:28:21","modified_gmt":"2022-05-06T21:28:21","slug":"concurso-sefa-pa-carreira-administrativa","status":"publish","type":"post","link":"https:\/\/www.estrategiaconcursos.com.br\/blog\/concurso-sefa-pa-carreira-administrativa\/","title":{"rendered":"Concurso SEFA PA: carreira administrativa \u00e9 estruturada"},"content":{"rendered":"\n<p>Foi publicado, no Di\u00e1rio Oficial do Par\u00e1 desta semana, a <a href=\"https:\/\/dhg1h5j42swfq.cloudfront.net\/2022\/05\/06110517\/diariooficial-3_5.pdf\" target=\"_blank\" rel=\"noreferrer noopener nofollow\">Lei N\u00b0 9.567\/2022<\/a> que estrutura a carreira administrativa da Secretaria de Fazenda do Estado (<em>Concurso Sefa PA<\/em>).<\/p>\n\n\n\n<p>Segundo o documento, foram extintos e criados cargos no quadro de pessoal. Al\u00e9m disso, a Lei tamb\u00e9m determina os crit\u00e9rios de progress\u00e3o e desenvolvimento na carreira.<\/p>\n\n\n\n<h2 class=\"wp-block-heading\" id=\"concurso-sefa-pa-carreira-administrativa-remuneracao\">Concurso SEFA PA carreira administrativa: vagas<\/h2>\n\n\n\n<p>Foram <strong>extintos <\/strong>298 cargos vagos da Secretaria de Estado da Fazenda do <a href=\"http:\/\/www.sefa.pa.gov.br\/\" target=\"_blank\" rel=\"noreferrer noopener\">Par\u00e1<\/a>. S\u00e3o eles:<\/p>\n\n\n\n<div class=\"wp-block-image\"><figure class=\"aligncenter size-full\"><img loading=\"lazy\" decoding=\"async\" width=\"615\" height=\"261\" src=\"https:\/\/dhg1h5j42swfq.cloudfront.net\/2022\/05\/06111824\/image-97.png\" alt=\"Cargos extintos na carreira administrativa da SEFA PA\" class=\"wp-image-1023087\" srcset=\"https:\/\/dhg1h5j42swfq.cloudfront.net\/2022\/05\/06111824\/image-97.png 615w, https:\/\/dhg1h5j42swfq.cloudfront.net\/2022\/05\/06111824\/image-97-300x127.png 300w, https:\/\/dhg1h5j42swfq.cloudfront.net\/2022\/05\/06111824\/image-97-610x259.png 610w\" sizes=\"auto, (max-width: 615px) 100vw, 615px\" \/><\/figure><\/div>\n\n\n\n<p>Foram <strong>criados <\/strong>e acrescidos no quadro de pessoal:<\/p>\n\n\n\n<ul class=\"wp-block-list\"><li><strong>218<\/strong> cargos de Analista Fazend\u00e1rio;<\/li><li><strong>13<\/strong> cargos de Analista Fazend\u00e1rio de <a href=\"https:\/\/www.estrategiaconcursos.com.br\/blog\/concursos-ti-2022\/\" target=\"_blank\" rel=\"noreferrer noopener\">Tecnologia da Informa\u00e7\u00e3o<\/a> e Comunica\u00e7\u00e3o;<\/li><li><strong>2 <\/strong>cargos de Analista Fazend\u00e1rio de Infraestrutura, com forma\u00e7\u00e3o em Engenharia El\u00e9trica;<\/li><li><strong>2<\/strong> cargos de Analista Fazend\u00e1rio de Infraestrutura, com forma\u00e7\u00e3o em <a href=\"https:\/\/www.estrategiaconcursos.com.br\/blog\/concursos-engenharia\/\" target=\"_blank\" rel=\"noreferrer noopener\">Engenharia<\/a> Mec\u00e2nica;<\/li><li><strong>2<\/strong> cargos de Analista Fazend\u00e1rio de Sa\u00fade Ocupacional, com forma\u00e7\u00e3o em Servi\u00e7o Social;<\/li><li><strong>40 <\/strong>cargos de Analista <a href=\"https:\/\/www.estrategiaconcursos.com.br\/blog\/concursos-engenharia\/\" target=\"_blank\" rel=\"noreferrer noopener\">Cont\u00e1bil<\/a> da Administra\u00e7\u00e3o Estadual;<\/li><li><strong>6<\/strong> cargos de Analista do Tesouro Estadual, com forma\u00e7\u00e3o em Administra\u00e7\u00e3o; e<\/li><li><strong>14<\/strong> cargos de Analista do Tesouro Estadual, com forma\u00e7\u00e3o em Ci\u00eancias Econ\u00f4micas.<\/li><\/ul>\n\n\n\n<h2 class=\"wp-block-heading\" id=\"concurso-sefa-pa-carreira-administrativa-remuneracao\">Concurso SEFA PA carreira administrativa: remunera\u00e7\u00e3o<\/h2>\n\n\n\n<p>A estrutura de remunera\u00e7\u00e3o dos cargos compreende as seguintes parcelas:<\/p>\n\n\n\n<ul class=\"wp-block-list\"><li><strong>vencimento-base<\/strong>;<\/li><li><strong>gratifica\u00e7\u00e3o de escolaridade<\/strong>, concedida na forma fixada no inciso III do art. 140 da Lei Estadual n\u00b0 5.810, de 1994;<\/li><li><strong>adicional de titula\u00e7\u00e3o<\/strong>; e<\/li><li><strong>gratifica\u00e7\u00e3o de produtividade<\/strong>.<\/li><\/ul>\n\n\n\n<p>O <strong>adicional de titula\u00e7\u00e3o<\/strong> (para cargos de n\u00edvel superior) ser\u00e1 calculado sobre o valor do vencimento-base, concedida pela conclus\u00e3o de curso de p\u00f3s-gradua\u00e7\u00e3o, nos seguintes percentuais: <\/p>\n\n\n\n<ul class=\"wp-block-list\"><li>I &#8211; 10%, pela obten\u00e7\u00e3o de t\u00edtulo em curso de especializa\u00e7\u00e3o;<\/li><li>II &#8211; 20%, pela obten\u00e7\u00e3o de t\u00edtulo em curso de mestrado; e<\/li><li>III &#8211; 30%, pela obten\u00e7\u00e3o de t\u00edtulo em curso de doutorado.<\/li><\/ul>\n\n\n\n<p>A <strong>gratifica\u00e7\u00e3o de produtividade <\/strong>tem a finalidade de estimular as atividades por eles executadas e incentivar o aprimoramento das a\u00e7\u00f5es do \u00f3rg\u00e3o, por meio do desempenho de seus servidores.<\/p>\n\n\n\n<h2 class=\"wp-block-heading\" id=\"concurso-sefa-pa-carreira-administrativa-remuneracao\">Concurso SEFA PA carreira administrativa: vencimento base<\/h2>\n\n\n\n<ul class=\"wp-block-list\"><li><strong><em>Carreira da Administra\u00e7\u00e3o Fazend\u00e1ria<\/em><\/strong><em><strong> e<\/strong><\/em> <strong><em>Administra\u00e7\u00e3o Financeira <\/em><\/strong><\/li><li>Inicial: R$ 1.724,64<\/li><li>Final: R$ 3.237,33<\/li><\/ul>\n\n\n\n<ul class=\"wp-block-list\"><li><em><strong>Assistente Fazend\u00e1rio<\/strong> \/ <strong>Auxiliar Operacional Fazend\u00e1rio<\/strong> | <strong>Motorista Fazend\u00e1rio<\/strong><\/em> <em><strong>\/ Assistente do Tesouro<\/strong><\/em><\/li><li>Inicial: R$ 1.215,50<\/li><li>Final: R$ 2.281,62<\/li><\/ul>\n\n\n\n<h2 class=\"wp-block-heading\" id=\"concurso-sefa-pa-carreira-administrativa-remuneracao\">Concurso SEFA PA carreira administrativa: requisitos<\/h2>\n\n\n\n<p><strong>Analista Fazend\u00e1rio:<\/strong> diploma de curso de gradua\u00e7\u00e3o de ensino superior; e registro no \u00f3rg\u00e3o de classe, quando houver;<\/p>\n\n\n\n<p><strong>Analista Fazend\u00e1rio de Tecnologia da Informa\u00e7\u00e3o e Comunica\u00e7\u00e3o: <\/strong>diploma de gradua\u00e7\u00e3o de ensino superior relacionado \u00e0 \u00e1rea de Tecnologia da Informa\u00e7\u00e3o e Comunica\u00e7\u00e3o (TIC); e inscri\u00e7\u00e3o na entidade de classe, se houver;<\/p>\n\n\n\n<p><strong>Analista Fazend\u00e1rio de<\/strong> <strong>Infraestrutura: <\/strong>diploma de gradua\u00e7\u00e3o de n\u00edvel superior na respectiva \u00e1rea (Arquitetura e Urbanismo, Engenharia Civil, El\u00e9trica ou Mec\u00e2nica); e inscri\u00e7\u00e3o na entidade de classe;<\/p>\n\n\n\n<p><strong>Analista Fazend\u00e1rio de Sa\u00fade Ocupacional:<\/strong> diploma de gradua\u00e7\u00e3o de n\u00edvel superior na respectiva \u00e1rea (Psicologia ou Servi\u00e7o Social); e inscri\u00e7\u00e3o na entidade de classe;<\/p>\n\n\n\n<p><strong>Assistente Fazend\u00e1rio:<\/strong> certificado ou documento equivalente de conclus\u00e3o de ensino m\u00e9dio;<\/p>\n\n\n\n<p><strong>Assistente do Tesouro Estadual: <\/strong>certificado ou documento equivalente de conclus\u00e3o de ensino m\u00e9dio;<\/p>\n\n\n\n<p><strong>Auxiliar Operacional Fazend\u00e1rio:<\/strong> certificado de conclus\u00e3o do ensino fundamental ou equivalente.<\/p>\n\n\n\n<p><strong>Motorista Fazend\u00e1rio: <\/strong>certificado de conclus\u00e3o do ensino fundamental ou equivalente; e Carteira Nacional de Habilita\u00e7\u00e3o, nas categorias \u201cA\u201d ou \u201cB\u201d ou \u201cC\u201d ou \u201cD\u201d ou \u201cE\u201d;<\/p>\n\n\n\n<p><strong>Analista Cont\u00e1bil da Administra\u00e7\u00e3o Estadual: <\/strong>diploma de gradua\u00e7\u00e3o de n\u00edvel superior em Ci\u00eancias Cont\u00e1beis; e inscri\u00e7\u00e3o na entidade de classe;<\/p>\n\n\n\n<p><strong>Analista do Tesouro Estadual: <\/strong>diploma de gradua\u00e7\u00e3o de n\u00edvel superior na respectiva \u00e1rea (Administra\u00e7\u00e3o ou Ci\u00eancias Econ\u00f4micas); e inscri\u00e7\u00e3o na entidade de classe.<\/p>\n\n\n\n<p class=\"has-text-align-center has-background has-medium-font-size\" style=\"background-color:#d3d8dc\"><strong>Veja tamb\u00e9m: <a href=\"https:\/\/www.estrategiaconcursos.com.br\/blog\/concurso-sefa-pa\/\" target=\"_blank\" rel=\"noreferrer noopener\">Concurso Sefaz PA<\/a><\/strong> <strong>(Carreira fiscal)<\/strong><\/p>\n\n\n\n<div id=\"boxes\" class=\"container\">\n<div class=\"row\">\n<div class=\"col-sm\">\n<div id=\"box-assinatura\" class=\"banner-fiscal-01\">\n<h3 class=\"titulo-assinatura\">Carreiras Fiscais<\/h3>\n<p class=\"subtitulo-assinatura\">Conhe\u00e7a os cursos para Sefaz PA<\/p>\n<div class=\"box-botao\"><a class=\"btn-assinatura\" role=\"button\" href=\"https:\/\/www.estrategiaconcursos.com.br\/cursosPorConcurso\/secretaria-da-fazendo-do-para-sefaz-pa\/\" target=\"_blank\" rel=\"noopener noreferrer\">Conhe\u00e7a mais<\/a><\/div>\n<\/div>\n<\/div>\n<\/div>\n<\/div>\n\n\n\n<div class=\"container\" id=\"boxes\">\n  <div class=\"row\">\n\n    <div class=\"col-sm\">\n      <div class=\"estrategia\" id=\"box-assinatura\">\n        <h3 class=\"titulo-assinatura\">Assinatura Concursos<\/h3>\n        <p class=\"subtitulo-assinatura\">Assinatura de 1 ano ou 2 anos<\/p>\n        <div class=\"box-botao\">\n          <a class=\"btn-assinatura\" target=\"_blank\" href=\"https:\/\/www.estrategiaconcursos.com.br\/assinaturas\/\" role=\"button\" rel=\"noopener noreferrer\">ASSINE AGORA<\/a>\n        <\/div>\n      <\/div><\/div><\/div><\/div>\n\n\n\n<h2 class=\"has-text-align-center wp-block-heading\" id=\"quer-saber-tudo-sobre-concursos-previstos-confira-nossos-artigos\">Quer saber tudo sobre concursos previstos?<br \/>Confira nossos artigos!<\/h2>\n\n\n\n<ul class=\"wp-block-list\"><li><a href=\"https:\/\/www.estrategiaconcursos.com.br\/blog\/concursos-abertos\/\" target=\"_blank\" rel=\"noreferrer noopener\">Concursos abertos<\/a><\/li><li><a href=\"https:\/\/www.estrategiaconcursos.com.br\/blog\/concursos-2022\/\" target=\"_blank\" rel=\"noreferrer noopener\">Concursos 2022<\/a><\/li><li><a href=\"https:\/\/www.estrategiaconcursos.com.br\/blog\/concursos-fiscais-2022\/\" target=\"_blank\" rel=\"noreferrer noopener\">Concursos fiscais<\/a><\/li><\/ul>\n","protected":false},"excerpt":{"rendered":"<p>Foi publicado, no Di\u00e1rio Oficial do Par\u00e1 desta semana, a Lei N\u00b0 9.567\/2022 que estrutura a carreira administrativa da Secretaria de Fazenda do Estado (Concurso Sefa PA). Segundo o documento, foram extintos e criados cargos no quadro de pessoal. Al\u00e9m disso, a Lei tamb\u00e9m determina os crit\u00e9rios de progress\u00e3o e desenvolvimento na carreira. Concurso SEFA [&hellip;]<\/p>\n","protected":false},"author":659,"featured_media":845111,"comment_status":"open","ping_status":"closed","sticky":false,"template":"","format":"standard","meta":{"post_tipo":"news","footnotes":""},"categories":[1983,220219],"tags":[],"tax_estado":[219977],"class_list":["post-1023045","post","type-post","status-publish","format-standard","has-post-thumbnail","hentry","category-fiscal-estadual","category-noticias","tax_estado-pa"],"acf":[],"yoast_head":"<!-- This site is optimized with the Yoast SEO Premium plugin v27.2 (Yoast SEO v27.2) - https:\/\/yoast.com\/product\/yoast-seo-premium-wordpress\/ -->\n<title>Concurso SEFA PA: carreira administrativa \u00e9 estruturada<\/title>\n<meta name=\"description\" content=\"Concurso Sefa PA: carreira administrativa \u00e9 estruturada. Confira quais s\u00e3o os cargos, requisitos de ingresso e mais!\" \/>\n<meta name=\"robots\" content=\"index, follow, max-snippet:-1, max-image-preview:large, max-video-preview:-1\" \/>\n<link rel=\"canonical\" href=\"https:\/\/www.estrategiaconcursos.com.br\/blog\/concurso-sefa-pa-carreira-administrativa\/\" \/>\n<meta property=\"og:locale\" content=\"pt_BR\" \/>\n<meta property=\"og:type\" content=\"article\" \/>\n<meta property=\"og:title\" content=\"Concurso SEFA PA: carreira administrativa \u00e9 estruturada\" \/>\n<meta property=\"og:description\" content=\"Concurso Sefa PA: carreira administrativa \u00e9 estruturada. Confira quais s\u00e3o os cargos, requisitos de ingresso e mais!\" \/>\n<meta property=\"og:url\" content=\"https:\/\/www.estrategiaconcursos.com.br\/blog\/concurso-sefa-pa-carreira-administrativa\/\" \/>\n<meta property=\"og:site_name\" content=\"Estrat\u00e9gia Concursos\" \/>\n<meta property=\"article:published_time\" content=\"2022-05-06T14:36:38+00:00\" \/>\n<meta property=\"article:modified_time\" content=\"2022-05-06T21:28:21+00:00\" \/>\n<meta property=\"og:image\" content=\"https:\/\/dhg1h5j42swfq.cloudfront.net\/2021\/08\/25091704\/sefaz-pa.jpg\" \/>\n\t<meta property=\"og:image:width\" content=\"1199\" \/>\n\t<meta property=\"og:image:height\" content=\"626\" \/>\n\t<meta property=\"og:image:type\" content=\"image\/jpeg\" \/>\n<meta name=\"author\" content=\"Camila Leite\" \/>\n<meta name=\"twitter:card\" content=\"summary_large_image\" \/>\n<meta name=\"twitter:creator\" content=\"@EstratConcursos\" \/>\n<meta name=\"twitter:site\" content=\"@EstratConcursos\" \/>\n<meta name=\"twitter:label1\" content=\"Escrito por\" \/>\n\t<meta name=\"twitter:data1\" content=\"Camila Leite\" \/>\n\t<meta name=\"twitter:label2\" content=\"Est. tempo de leitura\" \/>\n\t<meta name=\"twitter:data2\" content=\"4 minutos\" \/>\n<script type=\"application\/ld+json\" class=\"yoast-schema-graph\">{\"@context\":\"https:\/\/schema.org\",\"@graph\":[{\"@type\":\"NewsArticle\",\"@id\":\"https:\/\/www.estrategiaconcursos.com.br\/blog\/concurso-sefa-pa-carreira-administrativa\/#article\",\"isPartOf\":{\"@id\":\"https:\/\/www.estrategiaconcursos.com.br\/blog\/concurso-sefa-pa-carreira-administrativa\/\"},\"author\":{\"name\":\"Camila Leite\",\"@id\":\"https:\/\/www.estrategiaconcursos.com.br\/blog\/#\/schema\/person\/84ecdc6eb58d3cf1689bf76c5cd8fb38\"},\"headline\":\"Concurso SEFA PA: carreira administrativa \u00e9 estruturada\",\"datePublished\":\"2022-05-06T14:36:38+00:00\",\"dateModified\":\"2022-05-06T21:28:21+00:00\",\"mainEntityOfPage\":{\"@id\":\"https:\/\/www.estrategiaconcursos.com.br\/blog\/concurso-sefa-pa-carreira-administrativa\/\"},\"wordCount\":673,\"commentCount\":0,\"publisher\":{\"@id\":\"https:\/\/www.estrategiaconcursos.com.br\/blog\/#organization\"},\"image\":{\"@id\":\"https:\/\/www.estrategiaconcursos.com.br\/blog\/concurso-sefa-pa-carreira-administrativa\/#primaryimage\"},\"thumbnailUrl\":\"https:\/\/dhg1h5j42swfq.cloudfront.net\/2021\/08\/25091704\/sefaz-pa.jpg\",\"articleSection\":[\"Fiscal - Estadual (ICMS)\",\"\u00daltimas not\u00edcias\"],\"inLanguage\":\"pt-BR\",\"potentialAction\":[{\"@type\":\"CommentAction\",\"name\":\"Comment\",\"target\":[\"https:\/\/www.estrategiaconcursos.com.br\/blog\/concurso-sefa-pa-carreira-administrativa\/#respond\"]}],\"copyrightYear\":\"2022\",\"copyrightHolder\":{\"@id\":\"https:\/\/www.estrategiaconcursos.com.br\/blog\/#organization\"}},{\"@type\":\"WebPage\",\"@id\":\"https:\/\/www.estrategiaconcursos.com.br\/blog\/concurso-sefa-pa-carreira-administrativa\/\",\"url\":\"https:\/\/www.estrategiaconcursos.com.br\/blog\/concurso-sefa-pa-carreira-administrativa\/\",\"name\":\"Concurso SEFA PA: carreira administrativa \u00e9 estruturada\",\"isPartOf\":{\"@id\":\"https:\/\/www.estrategiaconcursos.com.br\/blog\/#website\"},\"primaryImageOfPage\":{\"@id\":\"https:\/\/www.estrategiaconcursos.com.br\/blog\/concurso-sefa-pa-carreira-administrativa\/#primaryimage\"},\"image\":{\"@id\":\"https:\/\/www.estrategiaconcursos.com.br\/blog\/concurso-sefa-pa-carreira-administrativa\/#primaryimage\"},\"thumbnailUrl\":\"https:\/\/dhg1h5j42swfq.cloudfront.net\/2021\/08\/25091704\/sefaz-pa.jpg\",\"datePublished\":\"2022-05-06T14:36:38+00:00\",\"dateModified\":\"2022-05-06T21:28:21+00:00\",\"description\":\"Concurso Sefa PA: carreira administrativa \u00e9 estruturada. Confira quais s\u00e3o os cargos, requisitos de ingresso e mais!\",\"breadcrumb\":{\"@id\":\"https:\/\/www.estrategiaconcursos.com.br\/blog\/concurso-sefa-pa-carreira-administrativa\/#breadcrumb\"},\"inLanguage\":\"pt-BR\",\"potentialAction\":[{\"@type\":\"ReadAction\",\"target\":[\"https:\/\/www.estrategiaconcursos.com.br\/blog\/concurso-sefa-pa-carreira-administrativa\/\"]}]},{\"@type\":\"ImageObject\",\"inLanguage\":\"pt-BR\",\"@id\":\"https:\/\/www.estrategiaconcursos.com.br\/blog\/concurso-sefa-pa-carreira-administrativa\/#primaryimage\",\"url\":\"https:\/\/dhg1h5j42swfq.cloudfront.net\/2021\/08\/25091704\/sefaz-pa.jpg\",\"contentUrl\":\"https:\/\/dhg1h5j42swfq.cloudfront.net\/2021\/08\/25091704\/sefaz-pa.jpg\",\"width\":1199,\"height\":626,\"caption\":\"Concurso Sefa PA provas\"},{\"@type\":\"BreadcrumbList\",\"@id\":\"https:\/\/www.estrategiaconcursos.com.br\/blog\/concurso-sefa-pa-carreira-administrativa\/#breadcrumb\",\"itemListElement\":[{\"@type\":\"ListItem\",\"position\":1,\"name\":\"In\u00edcio\",\"item\":\"https:\/\/www.estrategiaconcursos.com.br\/blog\/\"},{\"@type\":\"ListItem\",\"position\":2,\"name\":\"Concurso SEFA PA: carreira administrativa \u00e9 estruturada\"}]},{\"@type\":\"WebSite\",\"@id\":\"https:\/\/www.estrategiaconcursos.com.br\/blog\/#website\",\"url\":\"https:\/\/www.estrategiaconcursos.com.br\/blog\/\",\"name\":\"Estrat\u00e9gia Concursos\",\"description\":\"O blog da Estrat\u00e9gia Concursos traz not\u00edcias sobre concursos e artigos de professores oferecendo cursos para concursos (pdf + videaulas) no site.\",\"publisher\":{\"@id\":\"https:\/\/www.estrategiaconcursos.com.br\/blog\/#organization\"},\"potentialAction\":[{\"@type\":\"SearchAction\",\"target\":{\"@type\":\"EntryPoint\",\"urlTemplate\":\"https:\/\/www.estrategiaconcursos.com.br\/blog\/?s={search_term_string}\"},\"query-input\":{\"@type\":\"PropertyValueSpecification\",\"valueRequired\":true,\"valueName\":\"search_term_string\"}}],\"inLanguage\":\"pt-BR\"},{\"@type\":\"Organization\",\"@id\":\"https:\/\/www.estrategiaconcursos.com.br\/blog\/#organization\",\"name\":\"Estrat\u00e9gia Concursos\",\"url\":\"https:\/\/www.estrategiaconcursos.com.br\/blog\/\",\"logo\":{\"@type\":\"ImageObject\",\"inLanguage\":\"pt-BR\",\"@id\":\"https:\/\/www.estrategiaconcursos.com.br\/blog\/#\/schema\/logo\/image\/\",\"url\":\"https:\/\/dhg1h5j42swfq.cloudfront.net\/2025\/06\/03203428\/logo_concursos-1.jpg\",\"contentUrl\":\"https:\/\/dhg1h5j42swfq.cloudfront.net\/2025\/06\/03203428\/logo_concursos-1.jpg\",\"width\":230,\"height\":60,\"caption\":\"Estrat\u00e9gia Concursos\"},\"image\":{\"@id\":\"https:\/\/www.estrategiaconcursos.com.br\/blog\/#\/schema\/logo\/image\/\"},\"sameAs\":[\"https:\/\/x.com\/EstratConcursos\"]},{\"@type\":\"Person\",\"@id\":\"https:\/\/www.estrategiaconcursos.com.br\/blog\/#\/schema\/person\/84ecdc6eb58d3cf1689bf76c5cd8fb38\",\"name\":\"Camila Leite\",\"image\":{\"@type\":\"ImageObject\",\"inLanguage\":\"pt-BR\",\"@id\":\"https:\/\/secure.gravatar.com\/avatar\/f2f8faef639c8a2bfb7fb909912a56917f4c3a0aed064500168e2fb8ea55cf61?s=96&d=mm&r=g\",\"url\":\"https:\/\/secure.gravatar.com\/avatar\/f2f8faef639c8a2bfb7fb909912a56917f4c3a0aed064500168e2fb8ea55cf61?s=96&d=mm&r=g\",\"contentUrl\":\"https:\/\/secure.gravatar.com\/avatar\/f2f8faef639c8a2bfb7fb909912a56917f4c3a0aed064500168e2fb8ea55cf61?s=96&d=mm&r=g\",\"caption\":\"Camila Leite\"},\"description\":\"Formada em Design Gr\u00e1fico e em Propaganda e Marketing pela UNIP, integra a equipe de jornalismo do Estrat\u00e9gia Concursos desde 2018. Ao longo dos anos, construiu uma s\u00f3lida experi\u00eancia na produ\u00e7\u00e3o de conte\u00fado informativo e relevante para concurseiros. Desde 2020, atua na cobertura das \u00e1reas Fiscal \u2014 com \u00eanfase nas Secretarias de Fazenda (Sefaz) das regi\u00f5es Sul e Sudeste \u2014, al\u00e9m da cobertura de concursos federais, como CNU, Petrobras, CGU, Receita Federal, ag\u00eancias reguladoras (Anvisa, ANAC, entre outras) e INSS. Mant\u00e9m contato direto com os principais \u00f3rg\u00e3os p\u00fablicos, acompanhando editais, atualiza\u00e7\u00f5es e movimenta\u00e7\u00f5es importantes para os candidatos.\",\"sameAs\":[\"https:\/\/www.linkedin.com\/in\/camila-pinheiro-leite-9ba135b6\/\"],\"url\":\"https:\/\/www.estrategiaconcursos.com.br\/blog\/author\/camila-leiteestrategiaconcursos-com-br\/\"}]}<\/script>\n<!-- \/ Yoast SEO Premium plugin. -->","yoast_head_json":{"title":"Concurso SEFA PA: carreira administrativa \u00e9 estruturada","description":"Concurso Sefa PA: carreira administrativa \u00e9 estruturada. Confira quais s\u00e3o os cargos, requisitos de ingresso e mais!","robots":{"index":"index","follow":"follow","max-snippet":"max-snippet:-1","max-image-preview":"max-image-preview:large","max-video-preview":"max-video-preview:-1"},"canonical":"https:\/\/www.estrategiaconcursos.com.br\/blog\/concurso-sefa-pa-carreira-administrativa\/","og_locale":"pt_BR","og_type":"article","og_title":"Concurso SEFA PA: carreira administrativa \u00e9 estruturada","og_description":"Concurso Sefa PA: carreira administrativa \u00e9 estruturada. Confira quais s\u00e3o os cargos, requisitos de ingresso e mais!","og_url":"https:\/\/www.estrategiaconcursos.com.br\/blog\/concurso-sefa-pa-carreira-administrativa\/","og_site_name":"Estrat\u00e9gia Concursos","article_published_time":"2022-05-06T14:36:38+00:00","article_modified_time":"2022-05-06T21:28:21+00:00","og_image":[{"width":1199,"height":626,"url":"https:\/\/dhg1h5j42swfq.cloudfront.net\/2021\/08\/25091704\/sefaz-pa.jpg","type":"image\/jpeg"}],"author":"Camila Leite","twitter_card":"summary_large_image","twitter_creator":"@EstratConcursos","twitter_site":"@EstratConcursos","twitter_misc":{"Escrito por":"Camila Leite","Est. tempo de leitura":"4 minutos"},"schema":{"@context":"https:\/\/schema.org","@graph":[{"@type":"NewsArticle","@id":"https:\/\/www.estrategiaconcursos.com.br\/blog\/concurso-sefa-pa-carreira-administrativa\/#article","isPartOf":{"@id":"https:\/\/www.estrategiaconcursos.com.br\/blog\/concurso-sefa-pa-carreira-administrativa\/"},"author":{"name":"Camila Leite","@id":"https:\/\/www.estrategiaconcursos.com.br\/blog\/#\/schema\/person\/84ecdc6eb58d3cf1689bf76c5cd8fb38"},"headline":"Concurso SEFA PA: carreira administrativa \u00e9 estruturada","datePublished":"2022-05-06T14:36:38+00:00","dateModified":"2022-05-06T21:28:21+00:00","mainEntityOfPage":{"@id":"https:\/\/www.estrategiaconcursos.com.br\/blog\/concurso-sefa-pa-carreira-administrativa\/"},"wordCount":673,"commentCount":0,"publisher":{"@id":"https:\/\/www.estrategiaconcursos.com.br\/blog\/#organization"},"image":{"@id":"https:\/\/www.estrategiaconcursos.com.br\/blog\/concurso-sefa-pa-carreira-administrativa\/#primaryimage"},"thumbnailUrl":"https:\/\/dhg1h5j42swfq.cloudfront.net\/2021\/08\/25091704\/sefaz-pa.jpg","articleSection":["Fiscal - Estadual (ICMS)","\u00daltimas not\u00edcias"],"inLanguage":"pt-BR","potentialAction":[{"@type":"CommentAction","name":"Comment","target":["https:\/\/www.estrategiaconcursos.com.br\/blog\/concurso-sefa-pa-carreira-administrativa\/#respond"]}],"copyrightYear":"2022","copyrightHolder":{"@id":"https:\/\/www.estrategiaconcursos.com.br\/blog\/#organization"}},{"@type":"WebPage","@id":"https:\/\/www.estrategiaconcursos.com.br\/blog\/concurso-sefa-pa-carreira-administrativa\/","url":"https:\/\/www.estrategiaconcursos.com.br\/blog\/concurso-sefa-pa-carreira-administrativa\/","name":"Concurso SEFA PA: carreira administrativa \u00e9 estruturada","isPartOf":{"@id":"https:\/\/www.estrategiaconcursos.com.br\/blog\/#website"},"primaryImageOfPage":{"@id":"https:\/\/www.estrategiaconcursos.com.br\/blog\/concurso-sefa-pa-carreira-administrativa\/#primaryimage"},"image":{"@id":"https:\/\/www.estrategiaconcursos.com.br\/blog\/concurso-sefa-pa-carreira-administrativa\/#primaryimage"},"thumbnailUrl":"https:\/\/dhg1h5j42swfq.cloudfront.net\/2021\/08\/25091704\/sefaz-pa.jpg","datePublished":"2022-05-06T14:36:38+00:00","dateModified":"2022-05-06T21:28:21+00:00","description":"Concurso Sefa PA: carreira administrativa \u00e9 estruturada. Confira quais s\u00e3o os cargos, requisitos de ingresso e mais!","breadcrumb":{"@id":"https:\/\/www.estrategiaconcursos.com.br\/blog\/concurso-sefa-pa-carreira-administrativa\/#breadcrumb"},"inLanguage":"pt-BR","potentialAction":[{"@type":"ReadAction","target":["https:\/\/www.estrategiaconcursos.com.br\/blog\/concurso-sefa-pa-carreira-administrativa\/"]}]},{"@type":"ImageObject","inLanguage":"pt-BR","@id":"https:\/\/www.estrategiaconcursos.com.br\/blog\/concurso-sefa-pa-carreira-administrativa\/#primaryimage","url":"https:\/\/dhg1h5j42swfq.cloudfront.net\/2021\/08\/25091704\/sefaz-pa.jpg","contentUrl":"https:\/\/dhg1h5j42swfq.cloudfront.net\/2021\/08\/25091704\/sefaz-pa.jpg","width":1199,"height":626,"caption":"Concurso Sefa PA provas"},{"@type":"BreadcrumbList","@id":"https:\/\/www.estrategiaconcursos.com.br\/blog\/concurso-sefa-pa-carreira-administrativa\/#breadcrumb","itemListElement":[{"@type":"ListItem","position":1,"name":"In\u00edcio","item":"https:\/\/www.estrategiaconcursos.com.br\/blog\/"},{"@type":"ListItem","position":2,"name":"Concurso SEFA PA: carreira administrativa \u00e9 estruturada"}]},{"@type":"WebSite","@id":"https:\/\/www.estrategiaconcursos.com.br\/blog\/#website","url":"https:\/\/www.estrategiaconcursos.com.br\/blog\/","name":"Estrat\u00e9gia Concursos","description":"O blog da Estrat\u00e9gia Concursos traz not\u00edcias sobre concursos e artigos de professores oferecendo cursos para concursos (pdf + videaulas) no site.","publisher":{"@id":"https:\/\/www.estrategiaconcursos.com.br\/blog\/#organization"},"potentialAction":[{"@type":"SearchAction","target":{"@type":"EntryPoint","urlTemplate":"https:\/\/www.estrategiaconcursos.com.br\/blog\/?s={search_term_string}"},"query-input":{"@type":"PropertyValueSpecification","valueRequired":true,"valueName":"search_term_string"}}],"inLanguage":"pt-BR"},{"@type":"Organization","@id":"https:\/\/www.estrategiaconcursos.com.br\/blog\/#organization","name":"Estrat\u00e9gia Concursos","url":"https:\/\/www.estrategiaconcursos.com.br\/blog\/","logo":{"@type":"ImageObject","inLanguage":"pt-BR","@id":"https:\/\/www.estrategiaconcursos.com.br\/blog\/#\/schema\/logo\/image\/","url":"https:\/\/dhg1h5j42swfq.cloudfront.net\/2025\/06\/03203428\/logo_concursos-1.jpg","contentUrl":"https:\/\/dhg1h5j42swfq.cloudfront.net\/2025\/06\/03203428\/logo_concursos-1.jpg","width":230,"height":60,"caption":"Estrat\u00e9gia Concursos"},"image":{"@id":"https:\/\/www.estrategiaconcursos.com.br\/blog\/#\/schema\/logo\/image\/"},"sameAs":["https:\/\/x.com\/EstratConcursos"]},{"@type":"Person","@id":"https:\/\/www.estrategiaconcursos.com.br\/blog\/#\/schema\/person\/84ecdc6eb58d3cf1689bf76c5cd8fb38","name":"Camila Leite","image":{"@type":"ImageObject","inLanguage":"pt-BR","@id":"https:\/\/secure.gravatar.com\/avatar\/f2f8faef639c8a2bfb7fb909912a56917f4c3a0aed064500168e2fb8ea55cf61?s=96&d=mm&r=g","url":"https:\/\/secure.gravatar.com\/avatar\/f2f8faef639c8a2bfb7fb909912a56917f4c3a0aed064500168e2fb8ea55cf61?s=96&d=mm&r=g","contentUrl":"https:\/\/secure.gravatar.com\/avatar\/f2f8faef639c8a2bfb7fb909912a56917f4c3a0aed064500168e2fb8ea55cf61?s=96&d=mm&r=g","caption":"Camila Leite"},"description":"Formada em Design Gr\u00e1fico e em Propaganda e Marketing pela UNIP, integra a equipe de jornalismo do Estrat\u00e9gia Concursos desde 2018. Ao longo dos anos, construiu uma s\u00f3lida experi\u00eancia na produ\u00e7\u00e3o de conte\u00fado informativo e relevante para concurseiros. Desde 2020, atua na cobertura das \u00e1reas Fiscal \u2014 com \u00eanfase nas Secretarias de Fazenda (Sefaz) das regi\u00f5es Sul e Sudeste \u2014, al\u00e9m da cobertura de concursos federais, como CNU, Petrobras, CGU, Receita Federal, ag\u00eancias reguladoras (Anvisa, ANAC, entre outras) e INSS. Mant\u00e9m contato direto com os principais \u00f3rg\u00e3os p\u00fablicos, acompanhando editais, atualiza\u00e7\u00f5es e movimenta\u00e7\u00f5es importantes para os candidatos.","sameAs":["https:\/\/www.linkedin.com\/in\/camila-pinheiro-leite-9ba135b6\/"],"url":"https:\/\/www.estrategiaconcursos.com.br\/blog\/author\/camila-leiteestrategiaconcursos-com-br\/"}]}},"_links":{"self":[{"href":"https:\/\/www.estrategiaconcursos.com.br\/blog\/wp-json\/wp\/v2\/posts\/1023045","targetHints":{"allow":["GET"]}}],"collection":[{"href":"https:\/\/www.estrategiaconcursos.com.br\/blog\/wp-json\/wp\/v2\/posts"}],"about":[{"href":"https:\/\/www.estrategiaconcursos.com.br\/blog\/wp-json\/wp\/v2\/types\/post"}],"author":[{"embeddable":true,"href":"https:\/\/www.estrategiaconcursos.com.br\/blog\/wp-json\/wp\/v2\/users\/659"}],"replies":[{"embeddable":true,"href":"https:\/\/www.estrategiaconcursos.com.br\/blog\/wp-json\/wp\/v2\/comments?post=1023045"}],"version-history":[{"count":11,"href":"https:\/\/www.estrategiaconcursos.com.br\/blog\/wp-json\/wp\/v2\/posts\/1023045\/revisions"}],"predecessor-version":[{"id":1023628,"href":"https:\/\/www.estrategiaconcursos.com.br\/blog\/wp-json\/wp\/v2\/posts\/1023045\/revisions\/1023628"}],"wp:featuredmedia":[{"embeddable":true,"href":"https:\/\/www.estrategiaconcursos.com.br\/blog\/wp-json\/wp\/v2\/media\/845111"}],"wp:attachment":[{"href":"https:\/\/www.estrategiaconcursos.com.br\/blog\/wp-json\/wp\/v2\/media?parent=1023045"}],"wp:term":[{"taxonomy":"category","embeddable":true,"href":"https:\/\/www.estrategiaconcursos.com.br\/blog\/wp-json\/wp\/v2\/categories?post=1023045"},{"taxonomy":"post_tag","embeddable":true,"href":"https:\/\/www.estrategiaconcursos.com.br\/blog\/wp-json\/wp\/v2\/tags?post=1023045"},{"taxonomy":"tax_estado","embeddable":true,"href":"https:\/\/www.estrategiaconcursos.com.br\/blog\/wp-json\/wp\/v2\/tax_estado?post=1023045"}],"curies":[{"name":"wp","href":"https:\/\/api.w.org\/{rel}","templated":true}]}}