{"id":1022905,"date":"2022-05-06T11:27:22","date_gmt":"2022-05-06T14:27:22","guid":{"rendered":"https:\/\/www.estrategiaconcursos.com.br\/blog\/?p=1022905"},"modified":"2022-05-06T11:27:24","modified_gmt":"2022-05-06T14:27:24","slug":"educacao-fiscal-sefaz-pe","status":"publish","type":"post","link":"https:\/\/www.estrategiaconcursos.com.br\/blog\/educacao-fiscal-sefaz-pe\/","title":{"rendered":"Educa\u00e7\u00e3o Fiscal para o SEFAZ-PE"},"content":{"rendered":"\n<p>Ol\u00e1, pessoal, tudo bem com voc\u00eas? Hoje trataremos de um tema que n\u00e3o \u00e9 t\u00e3o comum de ser explorado em provas, mas que consta no \u00faltimo edital do SEFAZ-PE, a Educa\u00e7\u00e3o Fiscal.<\/p>\n\n\n\n<p>Iremos analisar os <strong>principais t\u00f3picos da disciplina<\/strong> no edital deste concurso<strong>, entender o que \u00e9 a Educa\u00e7\u00e3o Fiscal <\/strong>e qual a <strong>sua import\u00e2ncia na nossa sociedade<\/strong>.&nbsp;<\/p>\n\n\n\n<div class=\"wp-block-image\"><figure class=\"aligncenter size-full\"><img loading=\"lazy\" decoding=\"async\" width=\"768\" height=\"432\" src=\"https:\/\/dhg1h5j42swfq.cloudfront.net\/2022\/03\/04161031\/sefaz_pe.jpg\" alt=\"Educa\u00e7\u00e3o Fiscal para o SEFAZ-PE\" class=\"wp-image-980849\" srcset=\"https:\/\/dhg1h5j42swfq.cloudfront.net\/2022\/03\/04161031\/sefaz_pe.jpg 768w, https:\/\/dhg1h5j42swfq.cloudfront.net\/2022\/03\/04161031\/sefaz_pe-300x169.jpg 300w, https:\/\/dhg1h5j42swfq.cloudfront.net\/2022\/03\/04161031\/sefaz_pe-610x343.jpg 610w\" sizes=\"auto, (max-width: 768px) 100vw, 768px\" \/><figcaption>Educa\u00e7\u00e3o Fiscal para o SEFAZ-PE<\/figcaption><\/figure><\/div>\n\n\n\n<h2 class=\"wp-block-heading\" id=\"h-primeiramente-o-que-e-educacao-fiscal\"><strong>Primeiramente, o que \u00e9 Educa\u00e7\u00e3o Fiscal?<\/strong><\/h2>\n\n\n\n<p>A&nbsp;<strong>Educa\u00e7\u00e3o Fiscal<\/strong> pode ser considerada <strong>um conjunto de a\u00e7\u00f5es educativas<\/strong> com o objetivo de possibilitar a <strong>compreens\u00e3o da fun\u00e7\u00e3o socioecon\u00f4mica dos tributos e sua convers\u00e3o em benef\u00edcios para a sociedade<\/strong><strong>.<\/strong> Al\u00e9m de ser essencial para&nbsp;entender o papel do Estado&nbsp;e sua capacidade de financiar as suas principais atividades, o funcionamento da administra\u00e7\u00e3o p\u00fablica e o papel cooperativo do cidad\u00e3o.<\/p>\n\n\n\n<p>Essa nova cultura de educa\u00e7\u00e3o \u00e9 fundada em alguns pressupostos, como: a conscientiza\u00e7\u00e3o da fun\u00e7\u00e3o socioecon\u00f4mica dos tributos; a participa\u00e7\u00e3o da sociedade na gest\u00e3o e no controle dos recursos p\u00fablicos; a vincula\u00e7\u00e3o entre educa\u00e7\u00e3o, o trabalho e as pr\u00e1ticas sociais; o exerc\u00edcio efetivo da cidadania e a dignidade da pessoa humana.<\/p>\n\n\n\n<p>Podemos dizer, ent\u00e3o, que o <strong>principal objetivo da educa\u00e7\u00e3o fiscal \u00e9 levar conhecimento aos cidad\u00e3os sobre a origem, a aplica\u00e7\u00e3o e o controle dos recursos p\u00fablicos<\/strong>, de modo a <strong>favorecer a implementa\u00e7\u00e3o de mecanismos e instrumentos de transpar\u00eancia, visando \u00e0 participa\u00e7\u00e3o social<\/strong>.<\/p>\n\n\n\n<h2 class=\"wp-block-heading\" id=\"h-estado-democratico-de-direito-e-educacao-fiscal\"><strong>Estado Democr\u00e1tico de Direito e Educa\u00e7\u00e3o Fiscal<\/strong><\/h2>\n\n\n\n<p>De acordo com a vis\u00e3o do ministro Alexandre de Moraes, podemos definir o Estado Democr\u00e1tico de Direito como um \u201c<em>caracterizador do Estado Constitucional, ou seja, significa que o Estado se rege por normas democr\u00e1ticas, com elei\u00e7\u00f5es livres, peri\u00f3dicas e pelo povo, bem como o respeito das autoridades p\u00fablicas aos direitos e garantias fundamentais \u00e9 proclamado, por exemplo, no caput do art. 1\u00ba da Constitui\u00e7\u00e3o da Rep\u00fablica Federativa do Brasil\u201d.<\/em><\/p>\n\n\n\n<p>Ou seja, os <strong>fundamentos do nosso Estado Democr\u00e1tico de Direito<\/strong> est\u00e3o previstos nos incisos do art. 1\u00ba da CF\/88, s\u00e3o eles:<\/p>\n\n\n\n<p>I &#8211; A <strong>soberania<\/strong>;<\/p>\n\n\n\n<p>II &#8211; A <strong>cidadania<\/strong>;<\/p>\n\n\n\n<p>III &#8211; A <strong>dignidade da pessoa humana<\/strong>;<\/p>\n\n\n\n<p>IV &#8211; Os <strong>valores sociais do trabalho e da livre iniciativa<\/strong>;<\/p>\n\n\n\n<p>V &#8211; O <strong>pluralismo pol\u00edtico.<\/strong><\/p>\n\n\n\n<p>Esses fundamentos do Estado Democr\u00e1tico de Direito s\u00e3o os valores sobre os quais ele se assenta, ou seja, os alicerces que devem suportar toda a estrutura jur\u00eddica do Estado.<\/p>\n\n\n\n<p>Podemos, ent\u00e3o, observar a <strong>forte liga\u00e7\u00e3o entre a Educa\u00e7\u00e3o Fiscal e os fundamentos do Estado Democr\u00e1tico de Direito<\/strong>. Pois, como vimos, um dos pressupostos da educa\u00e7\u00e3o fiscal \u00e9 o exerc\u00edcio efetivo da cidadania e a dignidade da pessoa humana.<\/p>\n\n\n\n<h2 class=\"wp-block-heading\" id=\"h-relacao-entre-o-estado-e-a-sociedade\"><strong>Rela\u00e7\u00e3o entre o Estado e a Sociedade<\/strong><\/h2>\n\n\n\n<p>Historicamente, a rela\u00e7\u00e3o entre o Estado e a sociedade foi pautada pelo conflito entre a necessidade de financiamento das atividades estatais e o retorno qualitativo do pagamento dos tributos.<\/p>\n\n\n\n<p>Essa rela\u00e7\u00e3o entre o Estado e os cidad\u00e3os deve ser uma via de m\u00e3o dupla. <strong>Enquanto o principal dever do cidad\u00e3o \u00e9 o de pagar tributos<\/strong>, do outro lado, <strong>o Estado dever\u00e1 assegurar os recursos necess\u00e1rios para garantir a realiza\u00e7\u00e3o de programas e pol\u00edticas<\/strong> <strong>direcionadas \u00e0 obten\u00e7\u00e3o do denominado bem comum<\/strong>, raz\u00e3o esta da pr\u00f3pria exist\u00eancia do Estado.<\/p>\n\n\n\n<p>Ou seja, o Estado necessita de recursos dos seus cidad\u00e3os para prestar servi\u00e7os, executar pol\u00edticas p\u00fablicas e dar um retorno \u00e0 popula\u00e7\u00e3o. Por\u00e9m, geralmente, o que observamos entre os cidad\u00e3os \u00e9 um sentimento de insatisfa\u00e7\u00e3o por ter a obriga\u00e7\u00e3o de pagar tantos impostos ao Estado e n\u00e3o observar o devido retorno \u00e0 sociedade.<\/p>\n\n\n\n<p>E a\u00ed que surge a import\u00e2ncia da Educa\u00e7\u00e3o Fiscal, pois um dos seus objetivos \u00e9 promover a conscientiza\u00e7\u00e3o acerca da fun\u00e7\u00e3o socioecon\u00f4mica dos tributos, a fim de que o cidad\u00e3o entenda a import\u00e2ncia do seu dever, al\u00e9m de harmonizar a rela\u00e7\u00e3o Estado-Cidad\u00e3o e estimular a participa\u00e7\u00e3o social.<\/p>\n\n\n\n<h2 class=\"wp-block-heading\" id=\"h-educacao-fiscal-na-sefaz-pe\"><strong>Educa\u00e7\u00e3o Fiscal na SEFAZ-PE<\/strong><\/h2>\n\n\n\n<p>A Secretaria da Fazenda do Estado de Pernambuco (SEFAZ-PE) instituiu o\u00a0<strong>Programa Estadual<\/strong>\u00a0<strong>de Educa\u00e7\u00e3o Fiscal &#8211; PEEF<\/strong>,\u00a0que possui um car\u00e1ter educativo e visa promover e institucionalizar a Educa\u00e7\u00e3o Fiscal para o pleno exerc\u00edcio da cidadania.<\/p>\n\n\n\n<p>Os principais <strong>objetivos<\/strong> desse programa s\u00e3o:<\/p>\n\n\n\n<p>-\u202f<strong>Sensibilizar o cidad\u00e3o para a fun\u00e7\u00e3o socioecon\u00f4mica do tributo<\/strong>;&nbsp;&nbsp;<\/p>\n\n\n\n<p>-\u202f<strong>Oferecer aos cidad\u00e3os conhecimentos sobre administra\u00e7\u00e3o\u202fp\u00fablica<\/strong>, e;&nbsp;&nbsp;<\/p>\n\n\n\n<p>&#8211; <strong>Criar condi\u00e7\u00f5es para uma rela\u00e7\u00e3o harmoniosa entre o Estado\u202fe\u202fo cidad\u00e3o<\/strong>.<\/p>\n\n\n\n<p>Para atingir esses objetivos, as equipes envolvidas neste programa desenvolvem atividades que visam estimular a cidadania fiscal. Para que os contribuintes cumpram o dever fundamental de pagar tributo n\u00e3o apenas por obriga\u00e7\u00e3o, mas com um sentimento de estar participando do desenvolvimento do Estado.<\/p>\n\n\n\n<p>A SEFAZ-PE disponibiliza um espa\u00e7o de Educa\u00e7\u00e3o Fiscal na internet, que voc\u00ea pode acessar atrav\u00e9s desse <a href=\"https:\/\/www.sefaz.pe.gov.br\/Institucional\/Programas\/EducacaoFiscal\/Paginas\/default.aspx\">site.<\/a><\/p>\n\n\n\n<p>Esse espa\u00e7o conta com v\u00e1rios materiais interessantes, como o Cidadaniacast, que \u00e9 um programa de podcast de educa\u00e7\u00e3o fiscal&nbsp;e mem\u00f3ria fazend\u00e1ria realizado pela Ger\u00eancia do Programa de Educa\u00e7\u00e3o Fiscal&nbsp;e pelo Espa\u00e7o Cultural C\u00edcero Dias da Secretaria da Fazenda do Estado de Pernambuco.<\/p>\n\n\n\n<p>Al\u00e9m de contar tamb\u00e9m com v\u00e1rios materiais did\u00e1ticos, jogos e atividades, cursos, v\u00eddeos e muito mais. Tudo isso com o <strong>objetivo de levar ao cidad\u00e3o a compreens\u00e3o do que \u00e9 o Estado, suas origens, seus prop\u00f3sitos e da import\u00e2ncia do controle da sociedade sobre o gasto p\u00fablico, atrav\u00e9s da participa\u00e7\u00e3o de cada cidad\u00e3o, concorrendo para o fortalecimento do ambiente democr\u00e1tico.<\/strong><\/p>\n\n\n\n<h2 class=\"wp-block-heading\" id=\"h-educacao-fiscal-no-edital-do-concurso-sefaz-pe\"><strong>Educa\u00e7\u00e3o Fiscal no edital do concurso SEFAZ-PE<\/strong><\/h2>\n\n\n\n<p>Pudemos observar que a Secretaria da Fazenda de Pernambuco preza muito pela dissemina\u00e7\u00e3o da Educa\u00e7\u00e3o Fiscal na sociedade, atrav\u00e9s do seu <strong>Programa Estadual<\/strong>\u00a0<strong>de Educa\u00e7\u00e3o Fiscal \u2013 PEEF <\/strong>e das suas a\u00e7\u00f5es para conscientiza\u00e7\u00e3o dos cidad\u00e3os a respeito da cidadania fiscal.<\/p>\n\n\n\n<p>Sendo assim, a <strong>Educa\u00e7\u00e3o Fiscal \u00e9 uma das disciplinas que consta no edital do \u00faltimo concurso p\u00fablico lan\u00e7ado pela SEFAZ-PE<\/strong>. Este concurso foi aberto para o provimento de vagas para o cargo de Analista de Apoio Administrativo e de Assistente de Apoio Administrativo \u00e0s Atividades Fazend\u00e1rias.<\/p>\n\n\n\n<p>Vamos analisar agora o conte\u00fado program\u00e1tico abrangido por este edital referente \u00e0 Educa\u00e7\u00e3o Fiscal. Podemos dividir o conte\u00fado em tr\u00eas partes:<\/p>\n\n\n\n<p>1 &#8211; <strong>Conceitos do Direito Tribut\u00e1rio<\/strong><\/p>\n\n\n\n<p>Esta parte do edital est\u00e1 relacionada a conte\u00fados j\u00e1 estudados na disciplina de Direito Tribut\u00e1rio, como:<\/p>\n\n\n\n<p>&#8211; Tributo: Conceito e classifica\u00e7\u00e3o (impostos, taxas, contribui\u00e7\u00f5es de melhoria, empr\u00e9stimos compuls\u00f3rios e contribui\u00e7\u00f5es diversas), origem, a hist\u00f3ria do tributo no Brasil, Fun\u00e7\u00e3o Social.<\/p>\n\n\n\n<p>&#8211; O financiamento do Estado.<\/p>\n\n\n\n<p>\u2013 O Sistema Tribut\u00e1rio Nacional.<\/p>\n\n\n\n<p>&#8211; Os Impostos no Brasil.<\/p>\n\n\n\n<p>&#8211; Federalismo fiscal e reparti\u00e7\u00e3o das receitas tribut\u00e1rias.<\/p>\n\n\n\n<p>&#8211; Tributos de compet\u00eancia da Uni\u00e3o.<\/p>\n\n\n\n<p>&#8211; Tributos de compet\u00eancia dos Estados e do Distrito Federal.<\/p>\n\n\n\n<p><strong>2 &#8211; Crimes contra a ordem tribut\u00e1ria<\/strong><\/p>\n\n\n\n<p>Abrange a parte dos crimes contra a ordem tribut\u00e1ria e suas penalidades.<\/p>\n\n\n\n<p><strong>3 &#8211; Educa\u00e7\u00e3o Fiscal no contexto social<\/strong><\/p>\n\n\n\n<p>Esta parte do conte\u00fado est\u00e1 mais relacionada ao que vimos at\u00e9 agora sobre a Educa\u00e7\u00e3o Fiscal, com um foco na pr\u00f3pria cidadania fiscal. Os assuntos explorados s\u00e3o:<\/p>\n\n\n\n<p>&#8211; Reflex\u00f5es: em busca da justi\u00e7a fiscal;<\/p>\n\n\n\n<p>&#8211; Educa\u00e7\u00e3o Fiscal no Contexto Social;<\/p>\n\n\n\n<p>&#8211; O Brasil e o Mundo;<\/p>\n\n\n\n<p>&#8211; A Educa\u00e7\u00e3o como fen\u00f4meno social;<\/p>\n\n\n\n<p>&#8211; Educa\u00e7\u00e3o e Autonomia;<\/p>\n\n\n\n<p>&#8211; A Educa\u00e7\u00e3o Fiscal e o Programa Nacional de Educa\u00e7\u00e3o Fiscal (PNEF);<\/p>\n\n\n\n<p>&#8211; Rela\u00e7\u00e3o Estado-Sociedade na Educa\u00e7\u00e3o Fiscal;<\/p>\n\n\n\n<p>&#8211; Perspectiva hist\u00f3rica do conceito de Sociedade e de Estado;<\/p>\n\n\n\n<p>&#8211; A hist\u00f3ria da cidadania no Brasil;<\/p>\n\n\n\n<p>&#8211; Estado democr\u00e1tico;<\/p>\n\n\n\n<p>&#8211; Estado, economia e desenvolvimento;<\/p>\n\n\n\n<p>&#8211; Gest\u00e3o Democr\u00e1tica dos Recursos P\u00fablicos.<\/p>\n\n\n\n<h3 class=\"wp-block-heading\" id=\"h-conclusao-sobre-a-educacao-fiscal-para-o-sefaz-pe\"><strong>Conclus\u00e3o sobre a Educa\u00e7\u00e3o Fiscal para o SEFAZ-PE<\/strong><\/h3>\n\n\n\n<p>O edital deste concurso englobou 3 partes dentro da disciplina de Educa\u00e7\u00e3o Fiscal: a parte relacionada ao Direito Tribut\u00e1rio, a outra envolvendo os crimes contra a ordem tribut\u00e1ria e a \u00faltima referente \u00e0 educa\u00e7\u00e3o fiscal na sociedade.<\/p>\n\n\n\n<p>Dentro da parte que envolve os conceitos de <strong>direito tribut\u00e1rio<\/strong>, entraram, por exemplo, assuntos sobre os tributos, o sistema tribut\u00e1rio do pa\u00eds, as compet\u00eancias tribut\u00e1rias de cada ente e as reparti\u00e7\u00f5es das receitas tribut\u00e1rias. Esse conte\u00fado est\u00e1 englobado na disciplina de Educa\u00e7\u00e3o Fiscal deste edital, pois <strong>traz uma base essencial ao entendimento do cidad\u00e3o a respeito <\/strong><strong>da fun\u00e7\u00e3o socioecon\u00f4mica dos tributos e da sua import\u00e2ncia para toda a sociedade.<\/strong><\/p>\n\n\n\n<p>O <strong>entendimento dos crimes contra a ordem tribut\u00e1ria<\/strong> tamb\u00e9m \u00e9 de extrema relev\u00e2ncia para a Educa\u00e7\u00e3o Fiscal, pois um dos objetivos dela \u00e9 <strong>auxiliar na mitiga\u00e7\u00e3o desses crimes<\/strong>.<\/p>\n\n\n\n<p>E finalmente, a \u00faltima parte deste conte\u00fado diz respeito <strong>ao contexto social da Educa\u00e7\u00e3o Fiscal<\/strong>, englobando assuntos como a <strong>cidadania, a rela\u00e7\u00e3o estado-sociedade, a economia e o desenvolvimento, a gest\u00e3o de recursos p\u00fablicos, entre outros.<\/strong><\/p>\n\n\n\n<h2 class=\"wp-block-heading\" id=\"h-consideracoes-finais\"><strong>Considera\u00e7\u00f5es Finais<\/strong><\/h2>\n\n\n\n<p>Portanto, ao entender o que significa a Educa\u00e7\u00e3o Fiscal e os seus principais objetivos, pudemos observar a relev\u00e2ncia desta mat\u00e9ria, n\u00e3o s\u00f3 para as provas de concursos, mas para a vida em sociedade.<\/p>\n\n\n\n<p>Pois <strong>o grande objetivo da Educa\u00e7\u00e3o Fiscal \u00e9 formar cidad\u00e3os capazes de compreender a fun\u00e7\u00e3o social dos tributos<\/strong>, entender a import\u00e2ncia de acompanhar a aplica\u00e7\u00e3o dos recursos p\u00fablicos e <strong>estar motivado para o exerc\u00edcio da cidadania plena<\/strong>.<\/p>\n\n\n\n<p>A Secretaria da Fazenda de Pernambuco possui uma postura muito interessante sobre este assunto. Atrav\u00e9s do seu Programa Estadual&nbsp;de Educa\u00e7\u00e3o Fiscal \u2013 PEEF e de diversas atividades e projetos, ela busca disseminar a Educa\u00e7\u00e3o Fiscal em seu Estado.<\/p>\n\n\n\n<p>E a presen\u00e7a desta disciplina no edital do concurso do SEFAZ-PE refor\u00e7a a import\u00e2ncia do assunto tamb\u00e9m para concursos p\u00fablicos, especialmente da \u00e1rea fiscal.<\/p>\n\n\n\n<p>Hoje ficamos por aqui, um grande abra\u00e7o e bons estudos!<\/p>\n\n\n\n<p>D\u00e9bora Vaz Ferreira<\/p>\n\n\n\n<p>Prepare-se com o melhor material e com quem mais aprova em Concursos P\u00fablicos em todo o pa\u00eds!<\/p>\n\n\n\n<p class=\"has-text-align-center has-white-color has-vivid-purple-background-color has-text-color has-background\"><a href=\"https:\/\/www.estrategiaconcursos.com.br\/blog\/concursos-abertos\/\" target=\"_blank\" rel=\"noreferrer noopener\"><strong>Concursos abertos<\/strong><\/a><\/p>\n\n\n\n<p class=\"has-text-align-center has-white-color has-vivid-purple-background-color has-text-color has-background\"><strong><a href=\"https:\/\/www.estrategiaconcursos.com.br\/blog\/concursos-2022\/\" target=\"_blank\" rel=\"noreferrer noopener\">Concursos 2022<\/a><\/strong><\/p>\n","protected":false},"excerpt":{"rendered":"<p>Ol\u00e1, pessoal, tudo bem com voc\u00eas? Hoje trataremos de um tema que n\u00e3o \u00e9 t\u00e3o comum de ser explorado em provas, mas que consta no \u00faltimo edital do SEFAZ-PE, a Educa\u00e7\u00e3o Fiscal. Iremos analisar os principais t\u00f3picos da disciplina no edital deste concurso, entender o que \u00e9 a Educa\u00e7\u00e3o Fiscal e qual a sua import\u00e2ncia [&hellip;]<\/p>\n","protected":false},"author":2407,"featured_media":980849,"comment_status":"open","ping_status":"closed","sticky":false,"template":"","format":"standard","meta":{"post_tipo":"article","footnotes":""},"categories":[1],"tags":[],"tax_estado":[219979],"class_list":["post-1022905","post","type-post","status-publish","format-standard","has-post-thumbnail","hentry","category-cursos-e-concursos","tax_estado-pe"],"acf":[],"yoast_head":"<!-- This site is optimized with the Yoast SEO Premium plugin v27.2 (Yoast SEO v27.2) - https:\/\/yoast.com\/product\/yoast-seo-premium-wordpress\/ -->\n<title>Educa\u00e7\u00e3o Fiscal para o SEFAZ-PE<\/title>\n<meta name=\"description\" content=\"Analisaremos os principais t\u00f3picos da Educa\u00e7\u00e3o Fiscal no edital do SEFAZ-PE, visando entender o que \u00e9 a Educa\u00e7\u00e3o Fiscal e a sua import\u00e2ncia\" \/>\n<meta name=\"robots\" content=\"index, follow, max-snippet:-1, max-image-preview:large, max-video-preview:-1\" \/>\n<link rel=\"canonical\" href=\"https:\/\/www.estrategiaconcursos.com.br\/blog\/educacao-fiscal-sefaz-pe\/\" \/>\n<meta property=\"og:locale\" content=\"pt_BR\" \/>\n<meta property=\"og:type\" content=\"article\" \/>\n<meta property=\"og:title\" content=\"Educa\u00e7\u00e3o Fiscal para o SEFAZ-PE\" \/>\n<meta property=\"og:description\" content=\"Analisaremos os principais t\u00f3picos da Educa\u00e7\u00e3o Fiscal no edital do SEFAZ-PE, visando entender o que \u00e9 a Educa\u00e7\u00e3o Fiscal e a sua import\u00e2ncia\" \/>\n<meta property=\"og:url\" content=\"https:\/\/www.estrategiaconcursos.com.br\/blog\/educacao-fiscal-sefaz-pe\/\" \/>\n<meta property=\"og:site_name\" content=\"Estrat\u00e9gia Concursos\" \/>\n<meta property=\"article:published_time\" content=\"2022-05-06T14:27:22+00:00\" \/>\n<meta property=\"article:modified_time\" content=\"2022-05-06T14:27:24+00:00\" \/>\n<meta property=\"og:image\" content=\"https:\/\/dhg1h5j42swfq.cloudfront.net\/2022\/03\/04161031\/sefaz_pe.jpg\" \/>\n\t<meta property=\"og:image:width\" content=\"768\" \/>\n\t<meta property=\"og:image:height\" content=\"432\" \/>\n\t<meta property=\"og:image:type\" content=\"image\/jpeg\" \/>\n<meta name=\"author\" content=\"D\u00e9bora Vaz Ferreira\" \/>\n<meta name=\"twitter:card\" content=\"summary_large_image\" \/>\n<meta name=\"twitter:creator\" content=\"@EstratConcursos\" \/>\n<meta name=\"twitter:site\" content=\"@EstratConcursos\" \/>\n<meta name=\"twitter:label1\" content=\"Escrito por\" \/>\n\t<meta name=\"twitter:data1\" content=\"D\u00e9bora Vaz Ferreira\" \/>\n\t<meta name=\"twitter:label2\" content=\"Est. tempo de leitura\" \/>\n\t<meta name=\"twitter:data2\" content=\"9 minutos\" \/>\n<script type=\"application\/ld+json\" class=\"yoast-schema-graph\">{\"@context\":\"https:\/\/schema.org\",\"@graph\":[{\"@type\":\"NewsArticle\",\"@id\":\"https:\/\/www.estrategiaconcursos.com.br\/blog\/educacao-fiscal-sefaz-pe\/#article\",\"isPartOf\":{\"@id\":\"https:\/\/www.estrategiaconcursos.com.br\/blog\/educacao-fiscal-sefaz-pe\/\"},\"author\":{\"name\":\"D\u00e9bora Vaz Ferreira\",\"@id\":\"https:\/\/www.estrategiaconcursos.com.br\/blog\/#\/schema\/person\/3ac3a2171af8f7657d180d6ae5f2f484\"},\"headline\":\"Educa\u00e7\u00e3o Fiscal para o SEFAZ-PE\",\"datePublished\":\"2022-05-06T14:27:22+00:00\",\"dateModified\":\"2022-05-06T14:27:24+00:00\",\"mainEntityOfPage\":{\"@id\":\"https:\/\/www.estrategiaconcursos.com.br\/blog\/educacao-fiscal-sefaz-pe\/\"},\"wordCount\":1766,\"commentCount\":0,\"publisher\":{\"@id\":\"https:\/\/www.estrategiaconcursos.com.br\/blog\/#organization\"},\"image\":{\"@id\":\"https:\/\/www.estrategiaconcursos.com.br\/blog\/educacao-fiscal-sefaz-pe\/#primaryimage\"},\"thumbnailUrl\":\"https:\/\/dhg1h5j42swfq.cloudfront.net\/2022\/03\/04161031\/sefaz_pe.jpg\",\"articleSection\":[\"Concursos P\u00fablicos\"],\"inLanguage\":\"pt-BR\",\"potentialAction\":[{\"@type\":\"CommentAction\",\"name\":\"Comment\",\"target\":[\"https:\/\/www.estrategiaconcursos.com.br\/blog\/educacao-fiscal-sefaz-pe\/#respond\"]}],\"copyrightYear\":\"2022\",\"copyrightHolder\":{\"@id\":\"https:\/\/www.estrategiaconcursos.com.br\/blog\/#organization\"}},{\"@type\":\"WebPage\",\"@id\":\"https:\/\/www.estrategiaconcursos.com.br\/blog\/educacao-fiscal-sefaz-pe\/\",\"url\":\"https:\/\/www.estrategiaconcursos.com.br\/blog\/educacao-fiscal-sefaz-pe\/\",\"name\":\"Educa\u00e7\u00e3o Fiscal para o SEFAZ-PE\",\"isPartOf\":{\"@id\":\"https:\/\/www.estrategiaconcursos.com.br\/blog\/#website\"},\"primaryImageOfPage\":{\"@id\":\"https:\/\/www.estrategiaconcursos.com.br\/blog\/educacao-fiscal-sefaz-pe\/#primaryimage\"},\"image\":{\"@id\":\"https:\/\/www.estrategiaconcursos.com.br\/blog\/educacao-fiscal-sefaz-pe\/#primaryimage\"},\"thumbnailUrl\":\"https:\/\/dhg1h5j42swfq.cloudfront.net\/2022\/03\/04161031\/sefaz_pe.jpg\",\"datePublished\":\"2022-05-06T14:27:22+00:00\",\"dateModified\":\"2022-05-06T14:27:24+00:00\",\"description\":\"Analisaremos os principais t\u00f3picos da Educa\u00e7\u00e3o Fiscal no edital do SEFAZ-PE, visando entender o que \u00e9 a Educa\u00e7\u00e3o Fiscal e a sua import\u00e2ncia\",\"breadcrumb\":{\"@id\":\"https:\/\/www.estrategiaconcursos.com.br\/blog\/educacao-fiscal-sefaz-pe\/#breadcrumb\"},\"inLanguage\":\"pt-BR\",\"potentialAction\":[{\"@type\":\"ReadAction\",\"target\":[\"https:\/\/www.estrategiaconcursos.com.br\/blog\/educacao-fiscal-sefaz-pe\/\"]}]},{\"@type\":\"ImageObject\",\"inLanguage\":\"pt-BR\",\"@id\":\"https:\/\/www.estrategiaconcursos.com.br\/blog\/educacao-fiscal-sefaz-pe\/#primaryimage\",\"url\":\"https:\/\/dhg1h5j42swfq.cloudfront.net\/2022\/03\/04161031\/sefaz_pe.jpg\",\"contentUrl\":\"https:\/\/dhg1h5j42swfq.cloudfront.net\/2022\/03\/04161031\/sefaz_pe.jpg\",\"width\":768,\"height\":432,\"caption\":\"Processo Administrativo Tribut\u00e1rio SEFAZ-PE\"},{\"@type\":\"BreadcrumbList\",\"@id\":\"https:\/\/www.estrategiaconcursos.com.br\/blog\/educacao-fiscal-sefaz-pe\/#breadcrumb\",\"itemListElement\":[{\"@type\":\"ListItem\",\"position\":1,\"name\":\"In\u00edcio\",\"item\":\"https:\/\/www.estrategiaconcursos.com.br\/blog\/\"},{\"@type\":\"ListItem\",\"position\":2,\"name\":\"Educa\u00e7\u00e3o Fiscal para o SEFAZ-PE\"}]},{\"@type\":\"WebSite\",\"@id\":\"https:\/\/www.estrategiaconcursos.com.br\/blog\/#website\",\"url\":\"https:\/\/www.estrategiaconcursos.com.br\/blog\/\",\"name\":\"Estrat\u00e9gia Concursos\",\"description\":\"O blog da Estrat\u00e9gia Concursos traz not\u00edcias sobre concursos e artigos de professores oferecendo cursos para concursos (pdf + videaulas) no site.\",\"publisher\":{\"@id\":\"https:\/\/www.estrategiaconcursos.com.br\/blog\/#organization\"},\"potentialAction\":[{\"@type\":\"SearchAction\",\"target\":{\"@type\":\"EntryPoint\",\"urlTemplate\":\"https:\/\/www.estrategiaconcursos.com.br\/blog\/?s={search_term_string}\"},\"query-input\":{\"@type\":\"PropertyValueSpecification\",\"valueRequired\":true,\"valueName\":\"search_term_string\"}}],\"inLanguage\":\"pt-BR\"},{\"@type\":\"Organization\",\"@id\":\"https:\/\/www.estrategiaconcursos.com.br\/blog\/#organization\",\"name\":\"Estrat\u00e9gia Concursos\",\"url\":\"https:\/\/www.estrategiaconcursos.com.br\/blog\/\",\"logo\":{\"@type\":\"ImageObject\",\"inLanguage\":\"pt-BR\",\"@id\":\"https:\/\/www.estrategiaconcursos.com.br\/blog\/#\/schema\/logo\/image\/\",\"url\":\"https:\/\/dhg1h5j42swfq.cloudfront.net\/2025\/06\/03203428\/logo_concursos-1.jpg\",\"contentUrl\":\"https:\/\/dhg1h5j42swfq.cloudfront.net\/2025\/06\/03203428\/logo_concursos-1.jpg\",\"width\":230,\"height\":60,\"caption\":\"Estrat\u00e9gia Concursos\"},\"image\":{\"@id\":\"https:\/\/www.estrategiaconcursos.com.br\/blog\/#\/schema\/logo\/image\/\"},\"sameAs\":[\"https:\/\/x.com\/EstratConcursos\"]},{\"@type\":\"Person\",\"@id\":\"https:\/\/www.estrategiaconcursos.com.br\/blog\/#\/schema\/person\/3ac3a2171af8f7657d180d6ae5f2f484\",\"name\":\"D\u00e9bora Vaz Ferreira\",\"image\":{\"@type\":\"ImageObject\",\"inLanguage\":\"pt-BR\",\"@id\":\"https:\/\/secure.gravatar.com\/avatar\/59ca904a5c31c9d452c94b546e93d8f4edc959802fcdcfd9cf11f8913663abfa?s=96&d=mm&r=g\",\"url\":\"https:\/\/secure.gravatar.com\/avatar\/59ca904a5c31c9d452c94b546e93d8f4edc959802fcdcfd9cf11f8913663abfa?s=96&d=mm&r=g\",\"contentUrl\":\"https:\/\/secure.gravatar.com\/avatar\/59ca904a5c31c9d452c94b546e93d8f4edc959802fcdcfd9cf11f8913663abfa?s=96&d=mm&r=g\",\"caption\":\"D\u00e9bora Vaz Ferreira\"},\"url\":\"https:\/\/www.estrategiaconcursos.com.br\/blog\/author\/debora-vazfgmail-com\/\"}]}<\/script>\n<!-- \/ Yoast SEO Premium plugin. -->","yoast_head_json":{"title":"Educa\u00e7\u00e3o Fiscal para o SEFAZ-PE","description":"Analisaremos os principais t\u00f3picos da Educa\u00e7\u00e3o Fiscal no edital do SEFAZ-PE, visando entender o que \u00e9 a Educa\u00e7\u00e3o Fiscal e a sua import\u00e2ncia","robots":{"index":"index","follow":"follow","max-snippet":"max-snippet:-1","max-image-preview":"max-image-preview:large","max-video-preview":"max-video-preview:-1"},"canonical":"https:\/\/www.estrategiaconcursos.com.br\/blog\/educacao-fiscal-sefaz-pe\/","og_locale":"pt_BR","og_type":"article","og_title":"Educa\u00e7\u00e3o Fiscal para o SEFAZ-PE","og_description":"Analisaremos os principais t\u00f3picos da Educa\u00e7\u00e3o Fiscal no edital do SEFAZ-PE, visando entender o que \u00e9 a Educa\u00e7\u00e3o Fiscal e a sua import\u00e2ncia","og_url":"https:\/\/www.estrategiaconcursos.com.br\/blog\/educacao-fiscal-sefaz-pe\/","og_site_name":"Estrat\u00e9gia Concursos","article_published_time":"2022-05-06T14:27:22+00:00","article_modified_time":"2022-05-06T14:27:24+00:00","og_image":[{"width":768,"height":432,"url":"https:\/\/dhg1h5j42swfq.cloudfront.net\/2022\/03\/04161031\/sefaz_pe.jpg","type":"image\/jpeg"}],"author":"D\u00e9bora Vaz Ferreira","twitter_card":"summary_large_image","twitter_creator":"@EstratConcursos","twitter_site":"@EstratConcursos","twitter_misc":{"Escrito por":"D\u00e9bora Vaz Ferreira","Est. tempo de leitura":"9 minutos"},"schema":{"@context":"https:\/\/schema.org","@graph":[{"@type":"NewsArticle","@id":"https:\/\/www.estrategiaconcursos.com.br\/blog\/educacao-fiscal-sefaz-pe\/#article","isPartOf":{"@id":"https:\/\/www.estrategiaconcursos.com.br\/blog\/educacao-fiscal-sefaz-pe\/"},"author":{"name":"D\u00e9bora Vaz Ferreira","@id":"https:\/\/www.estrategiaconcursos.com.br\/blog\/#\/schema\/person\/3ac3a2171af8f7657d180d6ae5f2f484"},"headline":"Educa\u00e7\u00e3o Fiscal para o SEFAZ-PE","datePublished":"2022-05-06T14:27:22+00:00","dateModified":"2022-05-06T14:27:24+00:00","mainEntityOfPage":{"@id":"https:\/\/www.estrategiaconcursos.com.br\/blog\/educacao-fiscal-sefaz-pe\/"},"wordCount":1766,"commentCount":0,"publisher":{"@id":"https:\/\/www.estrategiaconcursos.com.br\/blog\/#organization"},"image":{"@id":"https:\/\/www.estrategiaconcursos.com.br\/blog\/educacao-fiscal-sefaz-pe\/#primaryimage"},"thumbnailUrl":"https:\/\/dhg1h5j42swfq.cloudfront.net\/2022\/03\/04161031\/sefaz_pe.jpg","articleSection":["Concursos P\u00fablicos"],"inLanguage":"pt-BR","potentialAction":[{"@type":"CommentAction","name":"Comment","target":["https:\/\/www.estrategiaconcursos.com.br\/blog\/educacao-fiscal-sefaz-pe\/#respond"]}],"copyrightYear":"2022","copyrightHolder":{"@id":"https:\/\/www.estrategiaconcursos.com.br\/blog\/#organization"}},{"@type":"WebPage","@id":"https:\/\/www.estrategiaconcursos.com.br\/blog\/educacao-fiscal-sefaz-pe\/","url":"https:\/\/www.estrategiaconcursos.com.br\/blog\/educacao-fiscal-sefaz-pe\/","name":"Educa\u00e7\u00e3o Fiscal para o SEFAZ-PE","isPartOf":{"@id":"https:\/\/www.estrategiaconcursos.com.br\/blog\/#website"},"primaryImageOfPage":{"@id":"https:\/\/www.estrategiaconcursos.com.br\/blog\/educacao-fiscal-sefaz-pe\/#primaryimage"},"image":{"@id":"https:\/\/www.estrategiaconcursos.com.br\/blog\/educacao-fiscal-sefaz-pe\/#primaryimage"},"thumbnailUrl":"https:\/\/dhg1h5j42swfq.cloudfront.net\/2022\/03\/04161031\/sefaz_pe.jpg","datePublished":"2022-05-06T14:27:22+00:00","dateModified":"2022-05-06T14:27:24+00:00","description":"Analisaremos os principais t\u00f3picos da Educa\u00e7\u00e3o Fiscal no edital do SEFAZ-PE, visando entender o que \u00e9 a Educa\u00e7\u00e3o Fiscal e a sua import\u00e2ncia","breadcrumb":{"@id":"https:\/\/www.estrategiaconcursos.com.br\/blog\/educacao-fiscal-sefaz-pe\/#breadcrumb"},"inLanguage":"pt-BR","potentialAction":[{"@type":"ReadAction","target":["https:\/\/www.estrategiaconcursos.com.br\/blog\/educacao-fiscal-sefaz-pe\/"]}]},{"@type":"ImageObject","inLanguage":"pt-BR","@id":"https:\/\/www.estrategiaconcursos.com.br\/blog\/educacao-fiscal-sefaz-pe\/#primaryimage","url":"https:\/\/dhg1h5j42swfq.cloudfront.net\/2022\/03\/04161031\/sefaz_pe.jpg","contentUrl":"https:\/\/dhg1h5j42swfq.cloudfront.net\/2022\/03\/04161031\/sefaz_pe.jpg","width":768,"height":432,"caption":"Processo Administrativo Tribut\u00e1rio SEFAZ-PE"},{"@type":"BreadcrumbList","@id":"https:\/\/www.estrategiaconcursos.com.br\/blog\/educacao-fiscal-sefaz-pe\/#breadcrumb","itemListElement":[{"@type":"ListItem","position":1,"name":"In\u00edcio","item":"https:\/\/www.estrategiaconcursos.com.br\/blog\/"},{"@type":"ListItem","position":2,"name":"Educa\u00e7\u00e3o Fiscal para o SEFAZ-PE"}]},{"@type":"WebSite","@id":"https:\/\/www.estrategiaconcursos.com.br\/blog\/#website","url":"https:\/\/www.estrategiaconcursos.com.br\/blog\/","name":"Estrat\u00e9gia Concursos","description":"O blog da Estrat\u00e9gia Concursos traz not\u00edcias sobre concursos e artigos de professores oferecendo cursos para concursos (pdf + videaulas) no site.","publisher":{"@id":"https:\/\/www.estrategiaconcursos.com.br\/blog\/#organization"},"potentialAction":[{"@type":"SearchAction","target":{"@type":"EntryPoint","urlTemplate":"https:\/\/www.estrategiaconcursos.com.br\/blog\/?s={search_term_string}"},"query-input":{"@type":"PropertyValueSpecification","valueRequired":true,"valueName":"search_term_string"}}],"inLanguage":"pt-BR"},{"@type":"Organization","@id":"https:\/\/www.estrategiaconcursos.com.br\/blog\/#organization","name":"Estrat\u00e9gia Concursos","url":"https:\/\/www.estrategiaconcursos.com.br\/blog\/","logo":{"@type":"ImageObject","inLanguage":"pt-BR","@id":"https:\/\/www.estrategiaconcursos.com.br\/blog\/#\/schema\/logo\/image\/","url":"https:\/\/dhg1h5j42swfq.cloudfront.net\/2025\/06\/03203428\/logo_concursos-1.jpg","contentUrl":"https:\/\/dhg1h5j42swfq.cloudfront.net\/2025\/06\/03203428\/logo_concursos-1.jpg","width":230,"height":60,"caption":"Estrat\u00e9gia Concursos"},"image":{"@id":"https:\/\/www.estrategiaconcursos.com.br\/blog\/#\/schema\/logo\/image\/"},"sameAs":["https:\/\/x.com\/EstratConcursos"]},{"@type":"Person","@id":"https:\/\/www.estrategiaconcursos.com.br\/blog\/#\/schema\/person\/3ac3a2171af8f7657d180d6ae5f2f484","name":"D\u00e9bora Vaz Ferreira","image":{"@type":"ImageObject","inLanguage":"pt-BR","@id":"https:\/\/secure.gravatar.com\/avatar\/59ca904a5c31c9d452c94b546e93d8f4edc959802fcdcfd9cf11f8913663abfa?s=96&d=mm&r=g","url":"https:\/\/secure.gravatar.com\/avatar\/59ca904a5c31c9d452c94b546e93d8f4edc959802fcdcfd9cf11f8913663abfa?s=96&d=mm&r=g","contentUrl":"https:\/\/secure.gravatar.com\/avatar\/59ca904a5c31c9d452c94b546e93d8f4edc959802fcdcfd9cf11f8913663abfa?s=96&d=mm&r=g","caption":"D\u00e9bora Vaz Ferreira"},"url":"https:\/\/www.estrategiaconcursos.com.br\/blog\/author\/debora-vazfgmail-com\/"}]}},"_links":{"self":[{"href":"https:\/\/www.estrategiaconcursos.com.br\/blog\/wp-json\/wp\/v2\/posts\/1022905","targetHints":{"allow":["GET"]}}],"collection":[{"href":"https:\/\/www.estrategiaconcursos.com.br\/blog\/wp-json\/wp\/v2\/posts"}],"about":[{"href":"https:\/\/www.estrategiaconcursos.com.br\/blog\/wp-json\/wp\/v2\/types\/post"}],"author":[{"embeddable":true,"href":"https:\/\/www.estrategiaconcursos.com.br\/blog\/wp-json\/wp\/v2\/users\/2407"}],"replies":[{"embeddable":true,"href":"https:\/\/www.estrategiaconcursos.com.br\/blog\/wp-json\/wp\/v2\/comments?post=1022905"}],"version-history":[{"count":8,"href":"https:\/\/www.estrategiaconcursos.com.br\/blog\/wp-json\/wp\/v2\/posts\/1022905\/revisions"}],"predecessor-version":[{"id":1023101,"href":"https:\/\/www.estrategiaconcursos.com.br\/blog\/wp-json\/wp\/v2\/posts\/1022905\/revisions\/1023101"}],"wp:featuredmedia":[{"embeddable":true,"href":"https:\/\/www.estrategiaconcursos.com.br\/blog\/wp-json\/wp\/v2\/media\/980849"}],"wp:attachment":[{"href":"https:\/\/www.estrategiaconcursos.com.br\/blog\/wp-json\/wp\/v2\/media?parent=1022905"}],"wp:term":[{"taxonomy":"category","embeddable":true,"href":"https:\/\/www.estrategiaconcursos.com.br\/blog\/wp-json\/wp\/v2\/categories?post=1022905"},{"taxonomy":"post_tag","embeddable":true,"href":"https:\/\/www.estrategiaconcursos.com.br\/blog\/wp-json\/wp\/v2\/tags?post=1022905"},{"taxonomy":"tax_estado","embeddable":true,"href":"https:\/\/www.estrategiaconcursos.com.br\/blog\/wp-json\/wp\/v2\/tax_estado?post=1022905"}],"curies":[{"name":"wp","href":"https:\/\/api.w.org\/{rel}","templated":true}]}}