{"id":1022580,"date":"2022-06-01T08:43:59","date_gmt":"2022-06-01T11:43:59","guid":{"rendered":"https:\/\/www.estrategiaconcursos.com.br\/blog\/?p=1022580"},"modified":"2022-06-01T08:44:01","modified_gmt":"2022-06-01T11:44:01","slug":"pgdf-regimento-interno","status":"publish","type":"post","link":"https:\/\/www.estrategiaconcursos.com.br\/blog\/pgdf-regimento-interno\/","title":{"rendered":"PGDF: \u00d3rg\u00e3o de Apoio no Regimento Interno da Procuradoria-Geral do DF"},"content":{"rendered":"\n<p class=\"has-medium-font-size\">Confira aqui um resumo dos <strong>\u00d3rg\u00e3os de Apoio<\/strong> no&nbsp;<strong>Regimento Interno da Procuradoria-Geral do Distrito Federal<\/strong>, disposto no&nbsp;<strong>Decreto 42.094\/21<\/strong>, para o concurso da&nbsp;<strong><a href=\"https:\/\/www.estrategiaconcursos.com.br\/cursosPorConcurso\/procuradoria-geral-do-distrito-federal-pg-df-procurador\/\" target=\"_blank\" rel=\"noreferrer noopener\">PGDF<\/a><\/strong>.<\/p>\n\n\n\n<div class=\"wp-block-image\"><figure class=\"aligncenter size-full\"><img loading=\"lazy\" decoding=\"async\" width=\"498\" height=\"281\" src=\"https:\/\/dhg1h5j42swfq.cloudfront.net\/2022\/05\/05152650\/image-85.png\" alt=\"\u00d3rg\u00e3o de Apoio no Regimento Interno da PGDF\" class=\"wp-image-1022394\" srcset=\"https:\/\/dhg1h5j42swfq.cloudfront.net\/2022\/05\/05152650\/image-85.png 498w, https:\/\/dhg1h5j42swfq.cloudfront.net\/2022\/05\/05152650\/image-85-300x169.png 300w\" sizes=\"auto, (max-width: 498px) 100vw, 498px\" \/><figcaption>\u00d3rg\u00e3o de Apoio no Regimento Interno da PGDF<\/figcaption><\/figure><\/div>\n\n\n\n<p>Ol\u00e1, pessoal! Tudo joia?<\/p>\n\n\n\n<p>O edital da&nbsp;<strong><a href=\"https:\/\/www.estrategiaconcursos.com.br\/blog\/concurso-pgdf-procurador\/\" target=\"_blank\" rel=\"noreferrer noopener\">PGDF<\/a>&nbsp;(Procuradoria-Geral do Distrito Federal)<\/strong>&nbsp;foi publicado. Trata-se de uma grande oportunidade jur\u00eddica, visto que est\u00e3o sendo ofertadas&nbsp;<strong>65 vagas,<\/strong>&nbsp;mais cadastro reserva, para a classe inicial de&nbsp;<strong>Procurador&nbsp;do Distrito Federal<\/strong>, com remunera\u00e7\u00e3o inicial de&nbsp;<strong>R$ 22.589,59<\/strong>.<\/p>\n\n\n\n<p>Dessa forma, iremos realizar, no artigo de hoje, uma an\u00e1lise sobre os <strong>\u00d3rg\u00e3os de Apoio<\/strong> da PDFG no <strong><mark style=\"background-color:rgba(0, 0, 0, 0)\" class=\"has-inline-color has-vivid-cyan-blue-color\">Regimento Interno da Procuradoria-Geral do Distrito Federal&nbsp;<\/mark>(PGDF).<\/strong><\/p>\n\n\n\n<p>Voc\u00ea pode conferir o artigo sobre os <strong><a href=\"https:\/\/www.estrategiaconcursos.com.br\/blog\/regimento-interno-pgdf\" target=\"_blank\" rel=\"noreferrer noopener\">Demais \u00d3rg\u00e3os da PGDF<\/a><\/strong>, na sua Lei Org\u00e2nica.<\/p>\n\n\n\n<p>Preparados? Ent\u00e3o vamos l\u00e1!<\/p>\n\n\n\n<div class=\"container\" id=\"boxes\">\n  <div class=\"row\">\n\n    <div class=\"col-sm\">\n      <div class=\"banner-ecj\" id=\"box-assinatura\">\n        <h3 class=\"titulo-assinatura\">Curso para Concurso PGDF PROCURADOR <\/h3>\n        <p class=\"subtitulo-assinatura\">Cursos focados no edital do concurso<\/p>\n        <div class=\"box-botao\">\n          <a class=\"btn-assinatura\" target=\"_blank\" href=\"https:\/\/www.estrategiaconcursos.com.br\/cursosPorConcurso\/procuradoria-geral-do-distrito-federal-pg-df-procurador\/\" role=\"button\" rel=\"noopener noreferrer\">Conhe\u00e7a mais<\/a>\n        <\/div>\n      <\/div>\n      <p class=\"texto-auxiliar\">\n<\/p>\n    <\/div>\n\n  <\/div>\n<\/div>\n\n\n\n<h2 class=\"wp-block-heading\" id=\"h-orgao-de-apoio-tecnico-e-operacional-e-administrativo-da-pgdf\"><mark style=\"background-color:rgba(0, 0, 0, 0)\" class=\"has-inline-color has-vivid-cyan-blue-color\">\u00d3rg\u00e3o de apoio t\u00e9cnico e operacional e administrativo da PGDF<\/mark><\/h2>\n\n\n\n<p>Segundo o seu Regimento Interno, a PGDF \u00e9 formada por apenas <strong>um \u00f3rg\u00e3o de apoio t\u00e9cnico e operacional e administrativo<\/strong>, sendo ele a <strong>Secretaria-Geral<\/strong>.<\/p>\n\n\n\n<p>Contudo, ela \u00e9 dividida em diversas subsecretarias, como veremos mais adiante.<\/p>\n\n\n\n<h3 class=\"wp-block-heading\" id=\"h-secretaria-geral\"><mark style=\"background-color:rgba(0, 0, 0, 0)\" class=\"has-inline-color has-vivid-cyan-blue-color\">Secretaria-Geral<\/mark><\/h3>\n\n\n\n<p>A Secretaria-Geral \u00e9 diretamente subordinada ao Procurador-Geral do Distrito Federal, sendo ela a respons\u00e1vel por <strong>coordenar <\/strong>as <strong><mark style=\"background-color:rgba(0, 0, 0, 0)\" class=\"has-inline-color has-vivid-cyan-blue-color\">atividades setoriais de apoio<\/mark><\/strong> <strong>t\u00e9cnico<\/strong> e <strong>operacional<\/strong>, <strong>administra\u00e7\u00e3o geral <\/strong>e de<strong> tecnologia da informa\u00e7\u00e3o<\/strong>.<\/p>\n\n\n\n<p>Al\u00e9m disso, ela coordena a elabora\u00e7\u00e3o da<strong> proposta or\u00e7ament\u00e1ria<\/strong> da Procuradoria-Geral; os<strong> sistemas de informa\u00e7\u00e3o<\/strong> de processos judiciais e administrativos da Procuradoria-Geral; bem como a elabora\u00e7\u00e3o e implanta\u00e7\u00e3o do <strong>programa de qualidade de vida<\/strong> no trabalho da Procuradoria-Geral; dentre outras fun\u00e7\u00f5es.<\/p>\n\n\n\n<p>Ela \u00e9 dividida nas seguintes <strong><mark style=\"background-color:rgba(0, 0, 0, 0)\" class=\"has-inline-color has-vivid-cyan-blue-color\">subsecretarias<\/mark><\/strong>:<\/p>\n\n\n\n<ul class=\"wp-block-list\"><li>Subsecretaria-Geral de <strong>Apoio T\u00e9cnico, Operacional e Cient\u00edfico<\/strong>;<\/li><li>Subsecretaria-Geral de <strong>Administra\u00e7\u00e3o<\/strong>;<\/li><li>Subsecretaria-Geral de <strong>Tecnologia da Informa\u00e7\u00e3o<\/strong>;<\/li><li><strong>Biblioteca<\/strong> Jur\u00eddica Onofre Gontijo Mendes.<\/li><\/ul>\n\n\n\n<p>Dentro de cada uma delas, h\u00e1 ainda algumas divis\u00f5es de n\u00facleos e diretorias, de modo a organizar o trabalho de apoio administrativo \u00e0 PGDF.<\/p>\n\n\n\n<h3 class=\"wp-block-heading\" id=\"h-subsecretaria-geral-de-apoio-tecnico-operacional-e-cientifico\"><mark style=\"background-color:rgba(0, 0, 0, 0)\" class=\"has-inline-color has-vivid-purple-color\">Subsecretaria-Geral de Apoio T\u00e9cnico, Operacional e Cient\u00edfico<\/mark><\/h3>\n\n\n\n<p>A Subsecretaria-Geral de Apoio T\u00e9cnico, Operacional e Cient\u00edfico \u00e9 uma unidade org\u00e2nica de comando e supervis\u00e3o, diretamente subordinada \u00e0 Secretaria-Geral, a qual compete coordenar <strong>execu\u00e7\u00e3o setorial<\/strong> das atividades de <strong><mark style=\"background-color:rgba(0, 0, 0, 0)\" class=\"has-inline-color has-vivid-cyan-blue-color\">apoio t\u00e9cnico, operacional e cient\u00edfico<\/mark><\/strong> relacionadas aos <strong>processos judiciais e administrativos<\/strong>, an\u00e1lises periciais nas respectivas \u00e1reas de atua\u00e7\u00e3o, c\u00e1lculos, pesquisas de bens, dados e informa\u00e7\u00f5es processuais, precat\u00f3rios e requisi\u00e7\u00f5es de pequeno valor, protesto de t\u00edtulos de cr\u00e9dito, composi\u00e7\u00f5es extrajudiciais e alvar\u00e1s de levantamento.<\/p>\n\n\n\n<p>Ela \u00e9 formada por diversos <strong>n\u00facleos <\/strong>e <strong>diretorias<\/strong>, como podemos ver a seguir:<\/p>\n\n\n\n<h4 class=\"wp-block-heading\" id=\"h-nucleo-de-apoio-administrativo\"><mark style=\"background-color:rgba(0, 0, 0, 0)\" class=\"has-inline-color has-vivid-cyan-blue-color\">N\u00facleo de Apoio Administrativo<\/mark><\/h4>\n\n\n\n<p>Este n\u00facleo \u00e9 o respons\u00e1vel por executar as atividades de envio, recebimento, tramita\u00e7\u00e3o, controle e arquivo de <strong>processos<\/strong>, <strong>documentos <\/strong>e <strong>correspond\u00eancias<\/strong>; al\u00e9m de auxiliar no planejamento, execu\u00e7\u00e3o e <strong>acompanhamento dos<\/strong> <strong>contratos <\/strong>relacionados ao apoio t\u00e9cnico e operacional; dentre outras atividades de apoio administrativo.<\/p>\n\n\n\n<h4 class=\"wp-block-heading\" id=\"h-diretoria-de-protocolo-judicial\"><mark style=\"background-color:rgba(0, 0, 0, 0)\" class=\"has-inline-color has-vivid-cyan-blue-color\">Diretoria de Protocolo Judicial<\/mark><\/h4>\n\n\n\n<p>Por sua vez, a Diretoria de Protocolo Judicial \u00e9 a respons\u00e1vel por supervisionar as atividades relacionadas ao<strong> cadastro e revis\u00e3o de processos judiciais<\/strong>, ao acompanhamento de <strong>intima\u00e7\u00f5es judiciais<\/strong>, ao protocolo de peti\u00e7\u00f5es e a carga de autos; bem como por encaminhar aos \u00f3rg\u00e3os e unidades org\u00e2nicas competentes <strong>relat\u00f3rios t\u00e1ticos e operacionais<\/strong> peri\u00f3dicos e outros documentos relacionados aos sistemas de informa\u00e7\u00e3o da Procuradoria-Geral.<\/p>\n\n\n\n<p>Ela \u00e9 dividida nas seguintes <strong>ger\u00eancias<\/strong>:<\/p>\n\n\n\n<ul class=\"wp-block-list\"><li>Ger\u00eancia de <strong>Cadastro e Revis\u00e3o<\/strong>;<\/li><li>Ger\u00eancia de <strong>Protocolo de Peti\u00e7\u00f5es e Carga de Autos<\/strong>;<\/li><li>Ger\u00eancia de <strong>Acompanhamento das Intima\u00e7\u00f5es Judiciais<\/strong>.<\/li><\/ul>\n\n\n\n<h4 class=\"wp-block-heading\" id=\"h-diretoria-de-apoio-operacional-e-cientifico\"><mark style=\"background-color:rgba(0, 0, 0, 0)\" class=\"has-inline-color has-vivid-cyan-blue-color\">Diretoria de Apoio Operacional e Cient\u00edfico<\/mark><\/h4>\n\n\n\n<p>J\u00e1 a Diretoria de Apoio Operacional e Cient\u00edfico possui as atribui\u00e7\u00f5es de coordenar as atividades de <strong>busca de informa\u00e7\u00f5es e subs\u00eddios<\/strong>, de<strong> pesquisa de bens e dados<\/strong>, de <strong>apoio cient\u00edfico<\/strong> nas \u00e1reas de contabilidade, arquitetura, urbanismo, meio ambiente e sa\u00fade e de c\u00e1lculos de precat\u00f3rios e requisi\u00e7\u00f5es de pequeno valor.<\/p>\n\n\n\n<p>Ela \u00e9 composta pelas seguintes <strong>ger\u00eancias<\/strong>:<\/p>\n\n\n\n<ul class=\"wp-block-list\"><li>Ger\u00eancia de <strong>Busca de Informa\u00e7\u00f5es e Subs\u00eddios<\/strong>;<\/li><li>Ger\u00eancia de <strong>Pesquisa de Bens e Dados de Litigantes<\/strong>;<\/li><li>Ger\u00eancia de <strong>Apoio Cient\u00edfico em Contabilidade<\/strong>;<\/li><li>Ger\u00eancia de <strong>C\u00e1lculos em Precat\u00f3rios e Requisi\u00e7\u00f5es de Pequeno Valor<\/strong>;<\/li><li>Ger\u00eancia de <strong>Apoio Cient\u00edfico em Arquitetura, Urbanismo e Agronomia<\/strong>;<\/li><li>Ger\u00eancia de <strong>Apoio Cient\u00edfico na \u00c1rea da Sa\u00fade<\/strong>.<\/li><\/ul>\n\n\n\n<h4 class=\"wp-block-heading\" id=\"h-diretoria-de-apoio-ao-processo-eletronico\"><mark style=\"background-color:rgba(0, 0, 0, 0)\" class=\"has-inline-color has-vivid-cyan-blue-color\">Diretoria de Apoio ao Processo Eletr\u00f4nico<\/mark><\/h4>\n\n\n\n<p>S\u00e3o atribui\u00e7\u00f5es da Diretoria de Apoio ao Processo Eletr\u00f4nico tudo aquilo relacionado \u00e0s atividades de <strong>apoio aos processos eletr\u00f4nicos<\/strong>, sejam eles <strong>administrativos ou judiciais<\/strong>.<\/p>\n\n\n\n<p>Al\u00e9m disso, cabe tamb\u00e9m a ela prestar <strong>atendimento aos usu\u00e1rios<\/strong> dos sistemas de processos eletr\u00f4nicos administrativo e judicial; <strong>apoiar e assessorar os servidores <\/strong>que atuam nos sistemas de processos eletr\u00f4nicos administrativo e judicial; dentre outras compet\u00eancias.<\/p>\n\n\n\n<h4 class=\"wp-block-heading\" id=\"h-diretoria-de-recuperacao-extrajudicial-e-levantamento-do-credito\"><mark style=\"background-color:rgba(0, 0, 0, 0)\" class=\"has-inline-color has-vivid-cyan-blue-color\">Diretoria de Recupera\u00e7\u00e3o Extrajudicial e Levantamento do Cr\u00e9dito<\/mark><\/h4>\n\n\n\n<p>\u00c0 Diretoria de Recupera\u00e7\u00e3o Extrajudicial e Levantamento do Cr\u00e9dito, compete coordenar as atividades de <strong>composi\u00e7\u00e3o extrajudicial do cr\u00e9dito<\/strong>, de<strong> protesto de t\u00edtulos <\/strong>de cr\u00e9dito, de <strong>an\u00e1lise de alvar\u00e1s judiciais <\/strong>e de atendimento ao p\u00fablico na sua \u00e1rea de atua\u00e7\u00e3o.<\/p>\n\n\n\n<p>Ela \u00e9 dividida nas seguintes ger\u00eancias:<\/p>\n\n\n\n<ul class=\"wp-block-list\"><li>Ger\u00eancia de <strong>Protesto de T\u00edtulos de Cr\u00e9dito<\/strong>;<\/li><li>Ger\u00eancia de <strong>Composi\u00e7\u00e3o Extrajudicial e Atendimento<\/strong>;<\/li><li>Ger\u00eancia de <strong>An\u00e1lise de Alvar\u00e1s Judiciais<\/strong>.<\/li><\/ul>\n\n\n\n<h4 class=\"wp-block-heading\" id=\"h-diretoria-de-registro-e-gestao-de-precatorios-e-requisicoes-de-pequeno-valor\"><mark style=\"background-color:rgba(0, 0, 0, 0)\" class=\"has-inline-color has-vivid-cyan-blue-color\">Diretoria de Registro e Gest\u00e3o de Precat\u00f3rios e Requisi\u00e7\u00f5es de Pequeno Valor<\/mark><\/h4>\n\n\n\n<p>A Diretoria de Registro e Gest\u00e3o de Precat\u00f3rios e Requisi\u00e7\u00f5es de Pequeno Valor, como o pr\u00f3prio nome j\u00e1 diz, \u00e9 a respons\u00e1vel por controlar as atividades de <strong>registro e gest\u00e3o de precat\u00f3rios e requisi\u00e7\u00f5es de pequeno valor.<\/strong><\/p>\n\n\n\n<p>Ela \u00e9 dividida nas seguintes ger\u00eancias:<\/p>\n\n\n\n<ul class=\"wp-block-list\"><li>Ger\u00eancia de <strong>Registro de Precat\u00f3rios e Requisi\u00e7\u00f5es de Pequeno Valor<\/strong>;<\/li><li>Ger\u00eancia de <strong>An\u00e1lise de Compensa\u00e7\u00f5es de Precat\u00f3rios e Requisi\u00e7\u00f5es de Pequeno Valor<\/strong>.<\/li><\/ul>\n\n\n\n<div class=\"container\" id=\"boxes\">\n  <div class=\"row\">\n\n    <div class=\"col-sm\">\n      <div class=\"banner-ecj\" id=\"box-assinatura\">\n        <h3 class=\"titulo-assinatura\">Assinatura Jur\u00eddica <\/h3>\n        <p class=\"subtitulo-assinatura\">Conhe\u00e7a os planos<\/p>\n        <div class=\"box-botao\">\n          <a class=\"btn-assinatura\" target=\"_blank\" href=\"https:\/\/www.estrategiaconcursos.com.br\/assinaturas-ecj\/\" role=\"button\" rel=\"noopener noreferrer\">Conhe\u00e7a mais<\/a>\n        <\/div>\n      <\/div>\n      <p class=\"texto-auxiliar\">Prepare-se com o melhor material e com quem mais aprova em Concursos P\u00fablicos em todo o pa\u00eds. \n<\/p>\n    <\/div>\n\n  <\/div>\n<\/div>\n\n\n\n<h3 class=\"wp-block-heading\" id=\"h-subsecretaria-geral-de-administracao\"><mark style=\"background-color:rgba(0, 0, 0, 0)\" class=\"has-inline-color has-vivid-purple-color\">Subsecretaria-Geral de Administra\u00e7\u00e3o<\/mark><\/h3>\n\n\n\n<p>Vamos analisar agora a <strong>segunda subsecretaria<\/strong> da Secretaria-Geral, no Regimento Interno da PGDF.<\/p>\n\n\n\n<p>A Subsecretaria-Geral de Administra\u00e7\u00e3o possui as seguintes <strong><mark style=\"background-color:rgba(0, 0, 0, 0)\" class=\"has-inline-color has-vivid-cyan-blue-color\">compet\u00eancias<\/mark><\/strong>:<\/p>\n\n\n\n<ul class=\"wp-block-list\"><li>coordenar a execu\u00e7\u00e3o setorial das atividades de <strong>gest\u00e3o de pessoas<\/strong>, <strong>planejamento<\/strong>, <strong>or\u00e7amento<\/strong>, contabilidade, licita\u00e7\u00e3o, contratos, log\u00edstica, documenta\u00e7\u00e3o, patrim\u00f4nio, material, controle de frota, administra\u00e7\u00e3o predial, engenharia, infraestrutura e servi\u00e7os gerais;<\/li><li>apoiar a formula\u00e7\u00e3o, a implanta\u00e7\u00e3o e acompanhar a execu\u00e7\u00e3o de diretrizes, planos e normas relativas \u00e0 <strong>administra\u00e7\u00e3o geral<\/strong> no \u00e2mbito da Procuradoria-Geral;<\/li><li>dirigir, coordenar e promover os <strong>procedimentos licitat\u00f3rios<\/strong> para aquisi\u00e7\u00f5es e contrata\u00e7\u00f5es de interesse da Procuradoria-Geral.<\/li><\/ul>\n\n\n\n<p><a><\/a>Ela \u00e9 composta pelos seguintes n\u00facleos e diretorias:<\/p>\n\n\n\n<h4 class=\"wp-block-heading\" id=\"h-nucleo-de-apoio-administrativo-1\"><mark style=\"background-color:rgba(0, 0, 0, 0)\" class=\"has-inline-color has-vivid-cyan-blue-color\">N\u00facleo de Apoio Administrativo<\/mark><\/h4>\n\n\n\n<p>O N\u00facleo de Apoio Administrativo \u00e9 o respons\u00e1vel por <strong>executar <\/strong>as atividades de<strong> protocolo, registro, classifica\u00e7\u00e3o, controle e arquivo<\/strong> de processos, documentos e correspond\u00eancias.<\/p>\n\n\n\n<p>Al\u00e9m disso, ele executa as atividades de apoio administrativo \u00e0s unidades org\u00e2nicas da Subsecretaria-Geral de Administra\u00e7\u00e3o e, em especial, o controle de <strong>pessoal<\/strong>, de<strong> material de consumo e permanente<\/strong>, de <strong>digitaliza\u00e7\u00e3o e reprografia<\/strong>.<\/p>\n\n\n\n<h4 class=\"wp-block-heading\" id=\"h-diretoria-de-gestao-de-pessoas\"><mark style=\"background-color:rgba(0, 0, 0, 0)\" class=\"has-inline-color has-vivid-cyan-blue-color\">Diretoria de Gest\u00e3o de Pessoas<\/mark><\/h4>\n\n\n\n<p>A Diretoria de Gest\u00e3o de Pessoas \u00e9 a respons\u00e1vel pela capacita\u00e7\u00e3o <strong>profissional<\/strong>, <strong>registros <\/strong>funcionais e atendimento, <strong>pagamento <\/strong>de pessoal, <strong>desenvolvimento <\/strong>de compet\u00eancias e as <strong>avalia\u00e7\u00f5es <\/strong>de desempenho funcional de servidores, abertura de <strong>concursos p\u00fablicos<\/strong> de servidores da carreira de apoio \u00e0s atividades jur\u00eddicas da Procuradoria-Geral; dentre outras fun\u00e7\u00f5es relacionadas.<\/p>\n\n\n\n<p>Ela \u00e9 formada pelas seguintes <strong>ger\u00eancias<\/strong>:<\/p>\n\n\n\n<ul class=\"wp-block-list\"><li>Ger\u00eancia de <strong>Capacita\u00e7\u00e3o Profissional<\/strong>;<\/li><li>Ger\u00eancia de <strong>Pagamento de Pessoal Ativo<\/strong>;<\/li><li>Ger\u00eancia de<strong> Direitos e Benef\u00edcios<\/strong>;<\/li><li>Ger\u00eancia de <strong>Registros Funcionais e Atendimento<\/strong>.<\/li><\/ul>\n\n\n\n<h4 class=\"wp-block-heading\" id=\"h-diretoria-de-planejamento-orcamento-e-contabilidade\"><mark style=\"background-color:rgba(0, 0, 0, 0)\" class=\"has-inline-color has-vivid-cyan-blue-color\">Diretoria de Planejamento, Or\u00e7amento e Contabilidade<\/mark><\/h4>\n\n\n\n<p>Como o pr\u00f3prio nome j\u00e1 diz, esta diretoria \u00e9 a respons\u00e1vel pelo <strong>planejamento<\/strong>, <strong>controle e execu\u00e7\u00e3o<\/strong> <strong>or\u00e7ament\u00e1ria<\/strong>, <strong>financeira<\/strong> e <strong>cont\u00e1bil <\/strong>da Procuradoria-Geral e do Fundo da Procuradoria-Geral do Distrito Federal &#8211; Pr\u00f3-Jur\u00eddico.<\/p>\n\n\n\n<p>Desse modo, ela elabora e consolida a <strong>proposta or\u00e7ament\u00e1ria anual<\/strong> da PGDF, dentre outras importantes fun\u00e7\u00f5es.<\/p>\n\n\n\n<p>Desse modo, ela \u00e9 dividida em:<a><\/a><\/p>\n\n\n\n<ul class=\"wp-block-list\"><li>Ger\u00eancia de <strong>Execu\u00e7\u00e3o Or\u00e7ament\u00e1ria e Financeira<\/strong>;<\/li><li>Ger\u00eancia de <strong>Gest\u00e3o do Fundo Pr\u00f3-Jur\u00eddico<\/strong>.<\/li><\/ul>\n\n\n\n<h4 class=\"wp-block-heading\" id=\"h-diretoria-de-licitacoes-e-gestao-de-contratos\"><mark style=\"background-color:rgba(0, 0, 0, 0)\" class=\"has-inline-color has-vivid-cyan-blue-color\">Diretoria de Licita\u00e7\u00f5es e Gest\u00e3o de Contratos<\/mark><\/h4>\n\n\n\n<p>\u00c0 Diretoria de Licita\u00e7\u00f5es e Gest\u00e3o de Contratos compete controlar as atividades de <strong>licita\u00e7\u00f5es <\/strong>e de gest\u00e3o de <strong>contratos<\/strong>, <strong>conv\u00eanios<\/strong>, <strong>termos de colabora\u00e7\u00e3o<\/strong> e de <strong>fomento<\/strong>, acordos de coopera\u00e7\u00e3o e outros instrumentos cong\u00eaneres a serem celebrados pela Procuradoria-Geral.<\/p>\n\n\n\n<h4 class=\"wp-block-heading\" id=\"h-diretoria-de-logistica-e-documentacao\"><mark style=\"background-color:rgba(0, 0, 0, 0)\" class=\"has-inline-color has-vivid-cyan-blue-color\">Diretoria de Log\u00edstica e Documenta\u00e7\u00e3o<\/mark><\/h4>\n\n\n\n<p>Por sua vez, a Diretoria de Log\u00edstica e Documenta\u00e7\u00e3o possui as atribui\u00e7\u00f5es de planejar e coordenar as atividades de <strong>log\u00edstica <\/strong>e <strong>documenta\u00e7\u00e3o <\/strong>relacionadas a <strong>material<\/strong>, <strong>patrim\u00f4nio<\/strong>, <strong>administra\u00e7\u00e3o predial<\/strong> e controle de <strong>frota<\/strong>, protocolo central e arquivo geral.<\/p>\n\n\n\n<p>Al\u00e9m disso, ela tamb\u00e9m promove<strong> pesquisas de pre\u00e7os <\/strong>para <strong>contrata\u00e7\u00f5es <\/strong>de servi\u00e7os e aquisi\u00e7\u00f5es de bens.<\/p>\n\n\n\n<p>Cabe tamb\u00e9m a ela coordenar as atividades de <strong>manuten\u00e7\u00e3o predial <\/strong>nos edif\u00edcios e instala\u00e7\u00f5es da PGDF.<\/p>\n\n\n\n<p>Ela \u00e9 composta pelas seguintes ger\u00eancias:<\/p>\n\n\n\n<ul class=\"wp-block-list\"><li>Ger\u00eancia de <strong>Material<\/strong>;<\/li><li>Ger\u00eancia de <strong>Patrim\u00f4nio<\/strong>;<\/li><li>Ger\u00eancia de <strong>Administra\u00e7\u00e3o Predial e Controle de Frota<\/strong>;<\/li><li>Ger\u00eancia de <strong>Protocolo Central<\/strong>;<\/li><li>Ger\u00eancia de <strong>Arquivo Geral<\/strong>.<\/li><\/ul>\n\n\n\n<h3 class=\"wp-block-heading\" id=\"h-diretoria-de-engenharia-e-infraestrutura\"><mark style=\"background-color:rgba(0, 0, 0, 0)\" class=\"has-inline-color has-vivid-cyan-blue-color\">Diretoria de Engenharia e Infraestrutura<\/mark><\/h3>\n\n\n\n<p>Finalmente, cabe \u00e0 Diretoria de Engenharia e Infraestrutura coordenar as atividades de <strong>engenharia, infraestrutura, manuten\u00e7\u00e3o, reparos e servi\u00e7os gerais.<\/strong><\/p>\n\n\n\n<p>Desse modo, ela coordena os servi\u00e7os e obras de <strong>engenharia em im\u00f3veis <\/strong>sob responsabilidade da Procuradoria-Geral; as atividades estabelecidas em contratos, conv\u00eanios e outros ajustes, relacionados a <strong>servi\u00e7os de engenharia e infraestrutura<\/strong>; elabora os termos de refer\u00eancia e projetos b\u00e1sicos para contrata\u00e7\u00e3o de servi\u00e7os de engenharia e infraestrutura; dentre outras fun\u00e7\u00f5es.<\/p>\n\n\n\n<p><a><\/a>Ela \u00e9 formada pelos seguintes n\u00facleos:<\/p>\n\n\n\n<ul class=\"wp-block-list\"><li>N\u00facleo de<strong> Manuten\u00e7\u00e3o e Reparos<\/strong>;<\/li><li>N\u00facleo de <strong>Servi\u00e7os Gerais<\/strong>.<\/li><\/ul>\n\n\n\n<h3 class=\"wp-block-heading\" id=\"h-subsecretaria-geral-de-tecnologia-da-informacao\"><mark style=\"background-color:rgba(0, 0, 0, 0)\" class=\"has-inline-color has-vivid-purple-color\">Subsecretaria-Geral de Tecnologia da Informa\u00e7\u00e3o<\/mark><\/h3>\n\n\n\n<p>Vamos analisar agora a <strong>terceira subsecretaria<\/strong>.<\/p>\n\n\n\n<p>A Subsecretaria-Geral de Tecnologia da Informa\u00e7\u00e3o, unidade muito demandada ultimamente, \u00e9 a respons\u00e1vel por controlar a execu\u00e7\u00e3o setorial das atividades de <strong>governan\u00e7a em tecnologia da informa\u00e7\u00e3o<\/strong>, <strong>infraestrutura de rede <\/strong>e <strong>seguran\u00e7a da informa\u00e7\u00e3o<\/strong>, desenvolvimento de <strong>solu\u00e7\u00f5es <\/strong>em tecnologia da informa\u00e7\u00e3o, suporte e atendimento ao usu\u00e1rio, dentre outras fun\u00e7\u00f5es.<\/p>\n\n\n\n<p>Desse modo, em regra, tudo que est\u00e1 relacionado \u00e0 gest\u00e3o da TI, est\u00e1 sob esta subsecretaria.<\/p>\n\n\n\n<p>Vamos aprender agora sobre as suas diferentes ger\u00eancias e diretorias.<\/p>\n\n\n\n<h4 class=\"wp-block-heading\" id=\"h-gerencia-de-planejamento-e-informacao\"><mark style=\"background-color:rgba(0, 0, 0, 0)\" class=\"has-inline-color has-vivid-cyan-blue-color\">Ger\u00eancia de Planejamento e Informa\u00e7\u00e3o<\/mark><\/h4>\n\n\n\n<p>A Ger\u00eancia de Planejamento e Informa\u00e7\u00e3o \u00e9 a respons\u00e1vel por executar as atividades de elabora\u00e7\u00e3o, instru\u00e7\u00e3o, formata\u00e7\u00e3o, expedi\u00e7\u00e3o e arquivamento de <strong>documentos<\/strong>, <strong>processos <\/strong>e <strong>correspond\u00eancias<\/strong>.<\/p>\n\n\n\n<p>Ademais, ela realiza o acompanhamento e pagamento dos contratos relacionados \u00e0 tecnologia da informa\u00e7\u00e3o, al\u00e9m de executar atividades de apoio administrativo.<\/p>\n\n\n\n<h4 class=\"wp-block-heading\" id=\"h-diretoria-de-projetos-e-governanca-em-tecnologia-da-informacao\"><mark style=\"background-color:rgba(0, 0, 0, 0)\" class=\"has-inline-color has-vivid-cyan-blue-color\">Diretoria de Projetos e Governan\u00e7a em Tecnologia da Informa\u00e7\u00e3o<\/mark><\/h4>\n\n\n\n<p>\u00c0 Diretoria de Projetos e Governan\u00e7a em Tecnologia da Informa\u00e7\u00e3o, compete coordenar as atividades de <strong>governan\u00e7a de tecnologia da informa\u00e7\u00e3o<\/strong>.<\/p>\n\n\n\n<p>Al\u00e9m disso, ela apoia no gerenciamento de <strong>projetos t\u00e1ticos e operacionais <\/strong>de tecnologia da informa\u00e7\u00e3o e na elabora\u00e7\u00e3o de propostas para a implanta\u00e7\u00e3o de metodologias, ferramentas e t\u00e9cnicas relacionados a processos internos; dentre outras atribui\u00e7\u00f5es.&nbsp;<\/p>\n\n\n\n<h4 class=\"wp-block-heading\" id=\"h-diretoria-de-infraestrutura-de-rede-e-seguranca-da-informacao\"><mark style=\"background-color:rgba(0, 0, 0, 0)\" class=\"has-inline-color has-vivid-cyan-blue-color\">Diretoria de Infraestrutura de Rede e Seguran\u00e7a da Informa\u00e7\u00e3o<\/mark><\/h4>\n\n\n\n<p>Compete \u00e0 Diretoria de Infraestrutura de Rede e Seguran\u00e7a da Informa\u00e7\u00e3o coordenar e supervisionar as atividades relacionadas \u00e0 <strong>infraestrutura de rede<\/strong> e <strong>seguran\u00e7a de tecnologia da informa\u00e7\u00e3o<\/strong>.<\/p>\n\n\n\n<p>Desse modo, ela tamb\u00e9m \u00e9 a respons\u00e1vel por manter e evoluir a infraestrutura de tecnologia da informa\u00e7\u00e3o; al\u00e9m de controlar as atividades de <strong>rede local, seguran\u00e7a de dados, disponibiliza\u00e7\u00e3o de servi\u00e7os de TI<\/strong>; dentre outras fun\u00e7\u00f5es.<\/p>\n\n\n\n<p>Ela \u00e9 dividida em:<\/p>\n\n\n\n<ul class=\"wp-block-list\"><li>Ger\u00eancia de <strong>Seguran\u00e7a de Rede<\/strong>;<\/li><li>Ger\u00eancia de <strong>Monitoramento e Produ\u00e7\u00e3o<\/strong>.<\/li><\/ul>\n\n\n\n<h4 class=\"wp-block-heading\" id=\"h-diretoria-de-solucoes-em-tecnologia-da-informacao\"><mark style=\"background-color:rgba(0, 0, 0, 0)\" class=\"has-inline-color has-vivid-cyan-blue-color\">\u00a0Diretoria de Solu\u00e7\u00f5es em Tecnologia da Informa\u00e7\u00e3o<\/mark><\/h4>\n\n\n\n<p>Finalmente, s\u00e3o responsabilidades da Diretoria de Solu\u00e7\u00f5es em Tecnologia da Informa\u00e7\u00e3o a coordena\u00e7\u00e3o das atividades de <strong>desenvolvimento <\/strong>de <strong>sistemas de informa\u00e7\u00e3o<\/strong> e <strong>solu\u00e7\u00f5es <\/strong>em tecnologia da informa\u00e7\u00e3o.<\/p>\n\n\n\n<p>Assim, \u00e9 ela que <strong>desenvolve e implementa<\/strong> os sistemas de informa\u00e7\u00e3o e as solu\u00e7\u00f5es de tecnologia da informa\u00e7\u00e3o.<\/p>\n\n\n\n<p><a><\/a>\u00c9 composta pelas seguintes ger\u00eancias:<\/p>\n\n\n\n<ul class=\"wp-block-list\"><li>Ger\u00eancia de <strong>Banco de Dados e Qualidade<\/strong>;<\/li><li>Ger\u00eancia de <strong>Requisitos de Neg\u00f3cio e Desenvolvimento<\/strong>;<\/li><li>N\u00facleo de <strong>Sistemas Legados<\/strong>;<\/li><li>Ger\u00eancia de <strong>Processamento de Dados Operacionais<\/strong>.&nbsp;<\/li><\/ul>\n\n\n\n<h4 class=\"wp-block-heading\" id=\"h-diretoria-de-suporte-e-atendimento-ao-usuario\"><mark style=\"background-color:rgba(0, 0, 0, 0)\" class=\"has-inline-color has-vivid-cyan-blue-color\">Diretoria de Suporte e Atendimento ao Usu\u00e1rio<\/mark><\/h4>\n\n\n\n<p>Por fim, h\u00e1 a Diretoria de Suporte e Atendimento ao Usu\u00e1rio, sendo a respons\u00e1vel pela presta\u00e7\u00e3o de <strong>atendimento aos usu\u00e1rios inicial e final<\/strong>; <strong>demandas <\/strong>de tecnologia da informa\u00e7\u00e3o para usu\u00e1rios da Procuradoria-Geral; verifica\u00e7\u00e3o de <strong>satisfa\u00e7\u00e3o de usu\u00e1rios<\/strong> de tecnologia da informa\u00e7\u00e3o; dentre outras.<\/p>\n\n\n\n<h3 class=\"wp-block-heading\" id=\"h-biblioteca-juridica-onofre-gontijo-mendes\"><mark style=\"background-color:rgba(0, 0, 0, 0)\" class=\"has-inline-color has-vivid-purple-color\">Biblioteca Jur\u00eddica Onofre Gontijo Mendes<\/mark><\/h3>\n\n\n\n<p>Finalizando a nossa an\u00e1lise do Regimento Interno da PGDF, temos a Biblioteca Jur\u00eddica Onofre Gontijo Mendes, que tamb\u00e9m faz parte da Secretaria-Geral, possuindo o papel de gerenciar as atividades relacionadas \u00e0 <strong>informa\u00e7\u00e3o jur\u00eddica, t\u00e9cnica, bibliogr\u00e1fica e legislativa<\/strong> de interesse da Procuradoria-Geral.<\/p>\n\n\n\n<p>Ademais, ela<strong> mant\u00e9m atualizados nos sistemas<\/strong> de informa\u00e7\u00e3o pareceres, notas jur\u00eddicas, s\u00famulas administrativas, orienta\u00e7\u00f5es jur\u00eddicas estrat\u00e9gicas e outras <strong>publica\u00e7\u00f5es oficiais<\/strong> da Procuradoria-Geral; dentre outras fun\u00e7\u00f5es.<\/p>\n\n\n\n<h2 class=\"wp-block-heading\" id=\"h-finalizando\"><mark style=\"background-color:rgba(0, 0, 0, 0)\" class=\"has-inline-color has-vivid-cyan-blue-color\">Finalizando<\/mark><\/h2>\n\n\n\n<p>Galera! Chegamos ao final do nosso segundo artigo sobre o Regimento Interno da Procuradoria-Geral do Distrito Federal, disposto no Decreto 42.094\/21, para o concurso da&nbsp;PGDF.<\/p>\n\n\n\n<p>Ressaltamos ainda, que, para a sua aprova\u00e7\u00e3o, \u00e9&nbsp;<strong>importante&nbsp;<\/strong>a<strong>&nbsp;leitura do decreto&nbsp;<\/strong>citado aqui. Esse artigo \u00e9 apenas uma an\u00e1lise mais simplificada dessa norma.<\/p>\n\n\n\n<p>Caso queira se preparar para chegar&nbsp;<strong>competitivo&nbsp;<\/strong>nesta prova, invista nos&nbsp;<strong><a href=\"https:\/\/www.estrategiaconcursos.com.br\/cursosPorConcurso\/procuradoria-geral-do-distrito-federal-pg-df-procurador\/\" target=\"_blank\" rel=\"noreferrer noopener\">cursos para a PGDF<\/a><\/strong>&nbsp;do&nbsp;<strong>Estrat\u00e9gia Concursos<\/strong>.&nbsp;L\u00e1 voc\u00ea encontrar\u00e1&nbsp;<strong>aulas completas e detalhadas, com os melhores professores do mercado<\/strong>,&nbsp;de todos os t\u00f3picos exigidos no edital deste concurso.<\/p>\n\n\n\n<p>Conhe\u00e7a tamb\u00e9m o<strong>&nbsp;<a href=\"https:\/\/questoes.estrategiaconcursos.com.br\/\" target=\"_blank\" rel=\"noreferrer noopener\">Sistema de Quest\u00f5es do Estrat\u00e9gia<\/a><\/strong>. Afinal, a \u00fanica maneira de&nbsp;<strong>consolidar o conte\u00fado&nbsp;<\/strong>de maneira satisfat\u00f3ria \u00e9 atrav\u00e9s da&nbsp;<strong>resolu\u00e7\u00e3o de quest\u00f5es.<\/strong><\/p>\n\n\n\n<p>Bons estudos a todos!<\/p>\n\n\n\n<h2 class=\"has-text-align-center wp-block-heading\" id=\"h-cursos-e-assinaturas\">Cursos e Assinaturas <\/h2>\n\n\n\n<p>Prepare-se com o melhor material e com quem mais aprova em Concursos P\u00fablicos em todo o pa\u00eds!<\/p>\n\n\n\n<p class=\"has-text-align-center has-vivid-cyan-blue-color has-text-color has-background\" style=\"background-color:#0078bd\"><a href=\"https:\/\/www.estrategiaconcursos.com.br\/blog\/concursos-abertos\/\" target=\"_blank\" rel=\"noreferrer noopener\"><strong><span class=\"has-inline-color has-white-color\">Concursos abertos<\/span><\/strong><\/a><\/p>\n\n\n\n<p class=\"has-text-align-center has-vivid-cyan-blue-color has-text-color has-background\" style=\"background-color:#0072b4\"><strong><a href=\"https:\/\/www.estrategiaconcursos.com.br\/blog\/concursos-2022\/\" target=\"_blank\" rel=\"noreferrer noopener\"><span class=\"has-inline-color has-white-color\">Concursos 2022<\/span><\/a><\/strong><\/p>\n\n\n\n<div class=\"container\" id=\"boxes\">\n  <div class=\"row\">\n    <div class=\"col-sm\">\n      <div class=\"estrategia\" id=\"box-assinatura\">\n        <h3 class=\"titulo-assinatura\">Assinatura de Concursos<\/h3>\n        <p class=\"subtitulo-assinatura\">Assinatura de 1 ano ou 2 anos<\/p>\n        <div class=\"box-botao\">\n          <a class=\"btn-assinatura\" target=\"_blank\" href=\"https:\/\/www.estrategiaconcursos.com.br\/assinaturas\/\" role=\"button\" rel=\"noopener noreferrer\">ASSINE AGORA<\/a>\n        <\/div>\n      <\/div>\n      \n    <\/div><\/div><\/div>\n","protected":false},"excerpt":{"rendered":"<p>Confira aqui um resumo dos \u00d3rg\u00e3os de Apoio no&nbsp;Regimento Interno da Procuradoria-Geral do Distrito Federal, disposto no&nbsp;Decreto 42.094\/21, para o concurso da&nbsp;PGDF. Ol\u00e1, pessoal! Tudo joia? O edital da&nbsp;PGDF&nbsp;(Procuradoria-Geral do Distrito Federal)&nbsp;foi publicado. Trata-se de uma grande oportunidade jur\u00eddica, visto que est\u00e3o sendo ofertadas&nbsp;65 vagas,&nbsp;mais cadastro reserva, para a classe inicial de&nbsp;Procurador&nbsp;do Distrito Federal, com [&hellip;]<\/p>\n","protected":false},"author":1976,"featured_media":1022394,"comment_status":"open","ping_status":"closed","sticky":false,"template":"","format":"standard","meta":{"post_tipo":"article","footnotes":""},"categories":[1,220196],"tags":[],"tax_estado":[219970],"class_list":["post-1022580","post","type-post","status-publish","format-standard","has-post-thumbnail","hentry","category-cursos-e-concursos","category-procuradorias","tax_estado-df"],"acf":[],"yoast_head":"<!-- This site is optimized with the Yoast SEO Premium plugin v27.2 (Yoast SEO v27.2) - https:\/\/yoast.com\/product\/yoast-seo-premium-wordpress\/ -->\n<title>PGDF: \u00d3rg\u00e3o de Apoio no Regimento Interno da Procuradoria-Geral do DF<\/title>\n<meta name=\"description\" content=\"Confira aqui um resumo dos \u00d3rg\u00e3os de Apoio no\u00a0Regimento Interno da Procuradoria-Geral do Distrito Federal, para o concurso da\u00a0PGDF.\" \/>\n<meta name=\"robots\" content=\"index, follow, max-snippet:-1, max-image-preview:large, max-video-preview:-1\" \/>\n<link rel=\"canonical\" href=\"https:\/\/www.estrategiaconcursos.com.br\/blog\/pgdf-regimento-interno\/\" \/>\n<meta property=\"og:locale\" content=\"pt_BR\" \/>\n<meta property=\"og:type\" content=\"article\" \/>\n<meta property=\"og:title\" content=\"PGDF: \u00d3rg\u00e3o de Apoio no Regimento Interno da Procuradoria-Geral do DF\" \/>\n<meta property=\"og:description\" content=\"Confira aqui um resumo dos \u00d3rg\u00e3os de Apoio no\u00a0Regimento Interno da Procuradoria-Geral do Distrito Federal, para o concurso da\u00a0PGDF.\" \/>\n<meta property=\"og:url\" content=\"https:\/\/www.estrategiaconcursos.com.br\/blog\/pgdf-regimento-interno\/\" \/>\n<meta property=\"og:site_name\" content=\"Estrat\u00e9gia Concursos\" \/>\n<meta property=\"article:published_time\" content=\"2022-06-01T11:43:59+00:00\" \/>\n<meta property=\"article:modified_time\" content=\"2022-06-01T11:44:01+00:00\" \/>\n<meta property=\"og:image\" content=\"https:\/\/dhg1h5j42swfq.cloudfront.net\/2022\/05\/05152650\/image-85.png\" \/>\n\t<meta property=\"og:image:width\" content=\"498\" \/>\n\t<meta property=\"og:image:height\" content=\"281\" \/>\n\t<meta property=\"og:image:type\" content=\"image\/png\" \/>\n<meta name=\"author\" content=\"Kassio Henrique Sobral Rocha\" \/>\n<meta name=\"twitter:card\" content=\"summary_large_image\" \/>\n<meta name=\"twitter:creator\" content=\"@EstratConcursos\" \/>\n<meta name=\"twitter:site\" content=\"@EstratConcursos\" \/>\n<meta name=\"twitter:label1\" content=\"Escrito por\" \/>\n\t<meta name=\"twitter:data1\" content=\"Kassio Henrique Sobral Rocha\" \/>\n\t<meta name=\"twitter:label2\" content=\"Est. tempo de leitura\" \/>\n\t<meta name=\"twitter:data2\" content=\"12 minutos\" \/>\n<script type=\"application\/ld+json\" class=\"yoast-schema-graph\">{\"@context\":\"https:\/\/schema.org\",\"@graph\":[{\"@type\":\"NewsArticle\",\"@id\":\"https:\/\/www.estrategiaconcursos.com.br\/blog\/pgdf-regimento-interno\/#article\",\"isPartOf\":{\"@id\":\"https:\/\/www.estrategiaconcursos.com.br\/blog\/pgdf-regimento-interno\/\"},\"author\":{\"name\":\"Kassio Henrique Sobral Rocha\",\"@id\":\"https:\/\/www.estrategiaconcursos.com.br\/blog\/#\/schema\/person\/f0c830e07cfe11c231c0ea5dbb036df5\"},\"headline\":\"PGDF: \u00d3rg\u00e3o de Apoio no Regimento Interno da Procuradoria-Geral do DF\",\"datePublished\":\"2022-06-01T11:43:59+00:00\",\"dateModified\":\"2022-06-01T11:44:01+00:00\",\"mainEntityOfPage\":{\"@id\":\"https:\/\/www.estrategiaconcursos.com.br\/blog\/pgdf-regimento-interno\/\"},\"wordCount\":2471,\"commentCount\":0,\"publisher\":{\"@id\":\"https:\/\/www.estrategiaconcursos.com.br\/blog\/#organization\"},\"image\":{\"@id\":\"https:\/\/www.estrategiaconcursos.com.br\/blog\/pgdf-regimento-interno\/#primaryimage\"},\"thumbnailUrl\":\"https:\/\/dhg1h5j42swfq.cloudfront.net\/2022\/05\/05152650\/image-85.png\",\"articleSection\":[\"Concursos P\u00fablicos\",\"Jur\u00eddico - Procuradorias\"],\"inLanguage\":\"pt-BR\",\"potentialAction\":[{\"@type\":\"CommentAction\",\"name\":\"Comment\",\"target\":[\"https:\/\/www.estrategiaconcursos.com.br\/blog\/pgdf-regimento-interno\/#respond\"]}],\"copyrightYear\":\"2022\",\"copyrightHolder\":{\"@id\":\"https:\/\/www.estrategiaconcursos.com.br\/blog\/#organization\"}},{\"@type\":\"WebPage\",\"@id\":\"https:\/\/www.estrategiaconcursos.com.br\/blog\/pgdf-regimento-interno\/\",\"url\":\"https:\/\/www.estrategiaconcursos.com.br\/blog\/pgdf-regimento-interno\/\",\"name\":\"PGDF: \u00d3rg\u00e3o de Apoio no Regimento Interno da Procuradoria-Geral do DF\",\"isPartOf\":{\"@id\":\"https:\/\/www.estrategiaconcursos.com.br\/blog\/#website\"},\"primaryImageOfPage\":{\"@id\":\"https:\/\/www.estrategiaconcursos.com.br\/blog\/pgdf-regimento-interno\/#primaryimage\"},\"image\":{\"@id\":\"https:\/\/www.estrategiaconcursos.com.br\/blog\/pgdf-regimento-interno\/#primaryimage\"},\"thumbnailUrl\":\"https:\/\/dhg1h5j42swfq.cloudfront.net\/2022\/05\/05152650\/image-85.png\",\"datePublished\":\"2022-06-01T11:43:59+00:00\",\"dateModified\":\"2022-06-01T11:44:01+00:00\",\"description\":\"Confira aqui um resumo dos \u00d3rg\u00e3os de Apoio no\u00a0Regimento Interno da Procuradoria-Geral do Distrito Federal, para o concurso da\u00a0PGDF.\",\"breadcrumb\":{\"@id\":\"https:\/\/www.estrategiaconcursos.com.br\/blog\/pgdf-regimento-interno\/#breadcrumb\"},\"inLanguage\":\"pt-BR\",\"potentialAction\":[{\"@type\":\"ReadAction\",\"target\":[\"https:\/\/www.estrategiaconcursos.com.br\/blog\/pgdf-regimento-interno\/\"]}]},{\"@type\":\"ImageObject\",\"inLanguage\":\"pt-BR\",\"@id\":\"https:\/\/www.estrategiaconcursos.com.br\/blog\/pgdf-regimento-interno\/#primaryimage\",\"url\":\"https:\/\/dhg1h5j42swfq.cloudfront.net\/2022\/05\/05152650\/image-85.png\",\"contentUrl\":\"https:\/\/dhg1h5j42swfq.cloudfront.net\/2022\/05\/05152650\/image-85.png\",\"width\":498,\"height\":281,\"caption\":\"\u00d3rg\u00e3o de Apoio no Regimento Interno da PGDF\"},{\"@type\":\"BreadcrumbList\",\"@id\":\"https:\/\/www.estrategiaconcursos.com.br\/blog\/pgdf-regimento-interno\/#breadcrumb\",\"itemListElement\":[{\"@type\":\"ListItem\",\"position\":1,\"name\":\"In\u00edcio\",\"item\":\"https:\/\/www.estrategiaconcursos.com.br\/blog\/\"},{\"@type\":\"ListItem\",\"position\":2,\"name\":\"PGDF: \u00d3rg\u00e3o de Apoio no Regimento Interno da Procuradoria-Geral do DF\"}]},{\"@type\":\"WebSite\",\"@id\":\"https:\/\/www.estrategiaconcursos.com.br\/blog\/#website\",\"url\":\"https:\/\/www.estrategiaconcursos.com.br\/blog\/\",\"name\":\"Estrat\u00e9gia Concursos\",\"description\":\"O blog da Estrat\u00e9gia Concursos traz not\u00edcias sobre concursos e artigos de professores oferecendo cursos para concursos (pdf + videaulas) no site.\",\"publisher\":{\"@id\":\"https:\/\/www.estrategiaconcursos.com.br\/blog\/#organization\"},\"potentialAction\":[{\"@type\":\"SearchAction\",\"target\":{\"@type\":\"EntryPoint\",\"urlTemplate\":\"https:\/\/www.estrategiaconcursos.com.br\/blog\/?s={search_term_string}\"},\"query-input\":{\"@type\":\"PropertyValueSpecification\",\"valueRequired\":true,\"valueName\":\"search_term_string\"}}],\"inLanguage\":\"pt-BR\"},{\"@type\":\"Organization\",\"@id\":\"https:\/\/www.estrategiaconcursos.com.br\/blog\/#organization\",\"name\":\"Estrat\u00e9gia Concursos\",\"url\":\"https:\/\/www.estrategiaconcursos.com.br\/blog\/\",\"logo\":{\"@type\":\"ImageObject\",\"inLanguage\":\"pt-BR\",\"@id\":\"https:\/\/www.estrategiaconcursos.com.br\/blog\/#\/schema\/logo\/image\/\",\"url\":\"https:\/\/dhg1h5j42swfq.cloudfront.net\/2025\/06\/03203428\/logo_concursos-1.jpg\",\"contentUrl\":\"https:\/\/dhg1h5j42swfq.cloudfront.net\/2025\/06\/03203428\/logo_concursos-1.jpg\",\"width\":230,\"height\":60,\"caption\":\"Estrat\u00e9gia Concursos\"},\"image\":{\"@id\":\"https:\/\/www.estrategiaconcursos.com.br\/blog\/#\/schema\/logo\/image\/\"},\"sameAs\":[\"https:\/\/x.com\/EstratConcursos\"]},{\"@type\":\"Person\",\"@id\":\"https:\/\/www.estrategiaconcursos.com.br\/blog\/#\/schema\/person\/f0c830e07cfe11c231c0ea5dbb036df5\",\"name\":\"Kassio Henrique Sobral Rocha\",\"image\":{\"@type\":\"ImageObject\",\"inLanguage\":\"pt-BR\",\"@id\":\"https:\/\/secure.gravatar.com\/avatar\/d10350cbdad043facd8ec77a377f86f9026afee3348e463b04854fd4490ce759?s=96&d=mm&r=g\",\"url\":\"https:\/\/secure.gravatar.com\/avatar\/d10350cbdad043facd8ec77a377f86f9026afee3348e463b04854fd4490ce759?s=96&d=mm&r=g\",\"contentUrl\":\"https:\/\/secure.gravatar.com\/avatar\/d10350cbdad043facd8ec77a377f86f9026afee3348e463b04854fd4490ce759?s=96&d=mm&r=g\",\"caption\":\"Kassio Henrique Sobral Rocha\"},\"url\":\"https:\/\/www.estrategiaconcursos.com.br\/blog\/author\/kassio-rochayahoo-com-br\/\"}]}<\/script>\n<!-- \/ Yoast SEO Premium plugin. -->","yoast_head_json":{"title":"PGDF: \u00d3rg\u00e3o de Apoio no Regimento Interno da Procuradoria-Geral do DF","description":"Confira aqui um resumo dos \u00d3rg\u00e3os de Apoio no\u00a0Regimento Interno da Procuradoria-Geral do Distrito Federal, para o concurso da\u00a0PGDF.","robots":{"index":"index","follow":"follow","max-snippet":"max-snippet:-1","max-image-preview":"max-image-preview:large","max-video-preview":"max-video-preview:-1"},"canonical":"https:\/\/www.estrategiaconcursos.com.br\/blog\/pgdf-regimento-interno\/","og_locale":"pt_BR","og_type":"article","og_title":"PGDF: \u00d3rg\u00e3o de Apoio no Regimento Interno da Procuradoria-Geral do DF","og_description":"Confira aqui um resumo dos \u00d3rg\u00e3os de Apoio no\u00a0Regimento Interno da Procuradoria-Geral do Distrito Federal, para o concurso da\u00a0PGDF.","og_url":"https:\/\/www.estrategiaconcursos.com.br\/blog\/pgdf-regimento-interno\/","og_site_name":"Estrat\u00e9gia Concursos","article_published_time":"2022-06-01T11:43:59+00:00","article_modified_time":"2022-06-01T11:44:01+00:00","og_image":[{"width":498,"height":281,"url":"https:\/\/dhg1h5j42swfq.cloudfront.net\/2022\/05\/05152650\/image-85.png","type":"image\/png"}],"author":"Kassio Henrique Sobral Rocha","twitter_card":"summary_large_image","twitter_creator":"@EstratConcursos","twitter_site":"@EstratConcursos","twitter_misc":{"Escrito por":"Kassio Henrique Sobral Rocha","Est. tempo de leitura":"12 minutos"},"schema":{"@context":"https:\/\/schema.org","@graph":[{"@type":"NewsArticle","@id":"https:\/\/www.estrategiaconcursos.com.br\/blog\/pgdf-regimento-interno\/#article","isPartOf":{"@id":"https:\/\/www.estrategiaconcursos.com.br\/blog\/pgdf-regimento-interno\/"},"author":{"name":"Kassio Henrique Sobral Rocha","@id":"https:\/\/www.estrategiaconcursos.com.br\/blog\/#\/schema\/person\/f0c830e07cfe11c231c0ea5dbb036df5"},"headline":"PGDF: \u00d3rg\u00e3o de Apoio no Regimento Interno da Procuradoria-Geral do DF","datePublished":"2022-06-01T11:43:59+00:00","dateModified":"2022-06-01T11:44:01+00:00","mainEntityOfPage":{"@id":"https:\/\/www.estrategiaconcursos.com.br\/blog\/pgdf-regimento-interno\/"},"wordCount":2471,"commentCount":0,"publisher":{"@id":"https:\/\/www.estrategiaconcursos.com.br\/blog\/#organization"},"image":{"@id":"https:\/\/www.estrategiaconcursos.com.br\/blog\/pgdf-regimento-interno\/#primaryimage"},"thumbnailUrl":"https:\/\/dhg1h5j42swfq.cloudfront.net\/2022\/05\/05152650\/image-85.png","articleSection":["Concursos P\u00fablicos","Jur\u00eddico - Procuradorias"],"inLanguage":"pt-BR","potentialAction":[{"@type":"CommentAction","name":"Comment","target":["https:\/\/www.estrategiaconcursos.com.br\/blog\/pgdf-regimento-interno\/#respond"]}],"copyrightYear":"2022","copyrightHolder":{"@id":"https:\/\/www.estrategiaconcursos.com.br\/blog\/#organization"}},{"@type":"WebPage","@id":"https:\/\/www.estrategiaconcursos.com.br\/blog\/pgdf-regimento-interno\/","url":"https:\/\/www.estrategiaconcursos.com.br\/blog\/pgdf-regimento-interno\/","name":"PGDF: \u00d3rg\u00e3o de Apoio no Regimento Interno da Procuradoria-Geral do DF","isPartOf":{"@id":"https:\/\/www.estrategiaconcursos.com.br\/blog\/#website"},"primaryImageOfPage":{"@id":"https:\/\/www.estrategiaconcursos.com.br\/blog\/pgdf-regimento-interno\/#primaryimage"},"image":{"@id":"https:\/\/www.estrategiaconcursos.com.br\/blog\/pgdf-regimento-interno\/#primaryimage"},"thumbnailUrl":"https:\/\/dhg1h5j42swfq.cloudfront.net\/2022\/05\/05152650\/image-85.png","datePublished":"2022-06-01T11:43:59+00:00","dateModified":"2022-06-01T11:44:01+00:00","description":"Confira aqui um resumo dos \u00d3rg\u00e3os de Apoio no\u00a0Regimento Interno da Procuradoria-Geral do Distrito Federal, para o concurso da\u00a0PGDF.","breadcrumb":{"@id":"https:\/\/www.estrategiaconcursos.com.br\/blog\/pgdf-regimento-interno\/#breadcrumb"},"inLanguage":"pt-BR","potentialAction":[{"@type":"ReadAction","target":["https:\/\/www.estrategiaconcursos.com.br\/blog\/pgdf-regimento-interno\/"]}]},{"@type":"ImageObject","inLanguage":"pt-BR","@id":"https:\/\/www.estrategiaconcursos.com.br\/blog\/pgdf-regimento-interno\/#primaryimage","url":"https:\/\/dhg1h5j42swfq.cloudfront.net\/2022\/05\/05152650\/image-85.png","contentUrl":"https:\/\/dhg1h5j42swfq.cloudfront.net\/2022\/05\/05152650\/image-85.png","width":498,"height":281,"caption":"\u00d3rg\u00e3o de Apoio no Regimento Interno da PGDF"},{"@type":"BreadcrumbList","@id":"https:\/\/www.estrategiaconcursos.com.br\/blog\/pgdf-regimento-interno\/#breadcrumb","itemListElement":[{"@type":"ListItem","position":1,"name":"In\u00edcio","item":"https:\/\/www.estrategiaconcursos.com.br\/blog\/"},{"@type":"ListItem","position":2,"name":"PGDF: \u00d3rg\u00e3o de Apoio no Regimento Interno da Procuradoria-Geral do DF"}]},{"@type":"WebSite","@id":"https:\/\/www.estrategiaconcursos.com.br\/blog\/#website","url":"https:\/\/www.estrategiaconcursos.com.br\/blog\/","name":"Estrat\u00e9gia Concursos","description":"O blog da Estrat\u00e9gia Concursos traz not\u00edcias sobre concursos e artigos de professores oferecendo cursos para concursos (pdf + videaulas) no site.","publisher":{"@id":"https:\/\/www.estrategiaconcursos.com.br\/blog\/#organization"},"potentialAction":[{"@type":"SearchAction","target":{"@type":"EntryPoint","urlTemplate":"https:\/\/www.estrategiaconcursos.com.br\/blog\/?s={search_term_string}"},"query-input":{"@type":"PropertyValueSpecification","valueRequired":true,"valueName":"search_term_string"}}],"inLanguage":"pt-BR"},{"@type":"Organization","@id":"https:\/\/www.estrategiaconcursos.com.br\/blog\/#organization","name":"Estrat\u00e9gia Concursos","url":"https:\/\/www.estrategiaconcursos.com.br\/blog\/","logo":{"@type":"ImageObject","inLanguage":"pt-BR","@id":"https:\/\/www.estrategiaconcursos.com.br\/blog\/#\/schema\/logo\/image\/","url":"https:\/\/dhg1h5j42swfq.cloudfront.net\/2025\/06\/03203428\/logo_concursos-1.jpg","contentUrl":"https:\/\/dhg1h5j42swfq.cloudfront.net\/2025\/06\/03203428\/logo_concursos-1.jpg","width":230,"height":60,"caption":"Estrat\u00e9gia Concursos"},"image":{"@id":"https:\/\/www.estrategiaconcursos.com.br\/blog\/#\/schema\/logo\/image\/"},"sameAs":["https:\/\/x.com\/EstratConcursos"]},{"@type":"Person","@id":"https:\/\/www.estrategiaconcursos.com.br\/blog\/#\/schema\/person\/f0c830e07cfe11c231c0ea5dbb036df5","name":"Kassio Henrique Sobral Rocha","image":{"@type":"ImageObject","inLanguage":"pt-BR","@id":"https:\/\/secure.gravatar.com\/avatar\/d10350cbdad043facd8ec77a377f86f9026afee3348e463b04854fd4490ce759?s=96&d=mm&r=g","url":"https:\/\/secure.gravatar.com\/avatar\/d10350cbdad043facd8ec77a377f86f9026afee3348e463b04854fd4490ce759?s=96&d=mm&r=g","contentUrl":"https:\/\/secure.gravatar.com\/avatar\/d10350cbdad043facd8ec77a377f86f9026afee3348e463b04854fd4490ce759?s=96&d=mm&r=g","caption":"Kassio Henrique Sobral Rocha"},"url":"https:\/\/www.estrategiaconcursos.com.br\/blog\/author\/kassio-rochayahoo-com-br\/"}]}},"_links":{"self":[{"href":"https:\/\/www.estrategiaconcursos.com.br\/blog\/wp-json\/wp\/v2\/posts\/1022580","targetHints":{"allow":["GET"]}}],"collection":[{"href":"https:\/\/www.estrategiaconcursos.com.br\/blog\/wp-json\/wp\/v2\/posts"}],"about":[{"href":"https:\/\/www.estrategiaconcursos.com.br\/blog\/wp-json\/wp\/v2\/types\/post"}],"author":[{"embeddable":true,"href":"https:\/\/www.estrategiaconcursos.com.br\/blog\/wp-json\/wp\/v2\/users\/1976"}],"replies":[{"embeddable":true,"href":"https:\/\/www.estrategiaconcursos.com.br\/blog\/wp-json\/wp\/v2\/comments?post=1022580"}],"version-history":[{"count":29,"href":"https:\/\/www.estrategiaconcursos.com.br\/blog\/wp-json\/wp\/v2\/posts\/1022580\/revisions"}],"predecessor-version":[{"id":1037012,"href":"https:\/\/www.estrategiaconcursos.com.br\/blog\/wp-json\/wp\/v2\/posts\/1022580\/revisions\/1037012"}],"wp:featuredmedia":[{"embeddable":true,"href":"https:\/\/www.estrategiaconcursos.com.br\/blog\/wp-json\/wp\/v2\/media\/1022394"}],"wp:attachment":[{"href":"https:\/\/www.estrategiaconcursos.com.br\/blog\/wp-json\/wp\/v2\/media?parent=1022580"}],"wp:term":[{"taxonomy":"category","embeddable":true,"href":"https:\/\/www.estrategiaconcursos.com.br\/blog\/wp-json\/wp\/v2\/categories?post=1022580"},{"taxonomy":"post_tag","embeddable":true,"href":"https:\/\/www.estrategiaconcursos.com.br\/blog\/wp-json\/wp\/v2\/tags?post=1022580"},{"taxonomy":"tax_estado","embeddable":true,"href":"https:\/\/www.estrategiaconcursos.com.br\/blog\/wp-json\/wp\/v2\/tax_estado?post=1022580"}],"curies":[{"name":"wp","href":"https:\/\/api.w.org\/{rel}","templated":true}]}}