{"id":1022459,"date":"2022-05-05T16:14:30","date_gmt":"2022-05-05T19:14:30","guid":{"rendered":"https:\/\/www.estrategiaconcursos.com.br\/blog\/?p=1022459"},"modified":"2022-05-09T16:11:36","modified_gmt":"2022-05-09T19:11:36","slug":"cebraspe-nota-oficial","status":"publish","type":"post","link":"https:\/\/www.estrategiaconcursos.com.br\/blog\/cebraspe-nota-oficial\/","title":{"rendered":"Em nota, Cebraspe afirma que seguir\u00e1 atuando normalmente"},"content":{"rendered":"\n<p>Em nota encaminhada nesta quinta-feira (5\/5), o <strong>Cebraspe<\/strong> se posicionou sobre a decis\u00e3o presidencial  pela desqualifica\u00e7\u00e3o da empresa como Organiza\u00e7\u00e3o Social (OS).<\/p>\n\n\n\n<p>Conforme o texto encaminhado, o decreto presidencial (<a href=\"https:\/\/www.estrategiaconcursos.com.br\/blog\/concurso-publico-cebraspe-decreto-presidencial\/\" target=\"_blank\" rel=\"noreferrer noopener\">veja detalhes aqui<\/a>) n\u00e3o ir\u00e1 interferir nas atividades e nos contratos j\u00e1 celebrados.<\/p>\n\n\n\n<p>Leia a <strong>nota oficial do Cebraspe<\/strong> no texto abaixo:<\/p>\n\n\n\n<blockquote class=\"wp-block-quote is-layout-flow wp-block-quote-is-layout-flow\"><p>&#8220;O Cebraspe \u00e9 uma associa\u00e7\u00e3o civil sem fins lucrativos que foi qualificada como Organiza\u00e7\u00e3o Social (OS), por meio do Decreto N\u00ba 8.078\/2013, com o objetivo de realizar atividades de gest\u00e3o de programas, projetos, apoio t\u00e9cnico e log\u00edstico para subsidiar sistemas de avalia\u00e7\u00e3o educacional, mediante a celebra\u00e7\u00e3o de contrato de gest\u00e3o com o Minist\u00e9rio da Educa\u00e7\u00e3o (MEC).&nbsp;<\/p><p>O Cebraspe realizou diversos processos de avalia\u00e7\u00e3o durante a vig\u00eancia do contrato de gest\u00e3o com o MEC, sempre avaliados com notas m\u00e1ximas pela comiss\u00e3o de avalia\u00e7\u00e3o e pelo corpo t\u00e9cnico do MEC. Importante esclarecer que, durante toda a vig\u00eancia desse contrato, o Cebraspe n\u00e3o recebeu recursos financeiros p\u00fablicos a t\u00edtulo de fomento, conforme prev\u00ea a Lei que rege as Organiza\u00e7\u00f5es Sociais.&nbsp;<\/p><p>Contudo, por meio do Decreto N\u00ba 11.062, de 4 de maio de 2022, o Presidente da Rep\u00fablica revogou a qualifica\u00e7\u00e3o do Cebraspe como Organiza\u00e7\u00e3o Social, mesmo sendo o Centro uma Institui\u00e7\u00e3o preparada e altamente qualificada para contribuir no desenvolvimento das pol\u00edticas p\u00fablicas educacionais brasileiras.&nbsp;<\/p><p>O Cebraspe ressalta que a revoga\u00e7\u00e3o do status de OS n\u00e3o interfere em suas atividades, tampouco em seus contratos vigentes e futuros, j\u00e1 que, como associa\u00e7\u00e3o civil brasileira sem fins lucrativos, incumbida da pesquisa, do ensino e do desenvolvimento institucional na \u00e1rea da educa\u00e7\u00e3o, continuar\u00e1 atuando normalmente, inclusive participando dos processos de contrata\u00e7\u00e3o com entes p\u00fablicos e privados, em suas diversas formas e modalidades&#8221;.<\/p><\/blockquote>\n\n\n\n<div class=\"wp-block-image\"><figure class=\"aligncenter size-large\"><img loading=\"lazy\" decoding=\"async\" width=\"1024\" height=\"550\" src=\"https:\/\/dhg1h5j42swfq.cloudfront.net\/2022\/05\/05161340\/captura-de-tela-2022-05-05-as-16-13-00-1024x550.png\" alt=\"Nota oficial do Cebraspe sobre decreto que revoga status de OS\" class=\"wp-image-1022485\" srcset=\"https:\/\/dhg1h5j42swfq.cloudfront.net\/2022\/05\/05161340\/captura-de-tela-2022-05-05-as-16-13-00-1024x550.png 1024w, https:\/\/dhg1h5j42swfq.cloudfront.net\/2022\/05\/05161340\/captura-de-tela-2022-05-05-as-16-13-00-300x161.png 300w, https:\/\/dhg1h5j42swfq.cloudfront.net\/2022\/05\/05161340\/captura-de-tela-2022-05-05-as-16-13-00-768x413.png 768w, https:\/\/dhg1h5j42swfq.cloudfront.net\/2022\/05\/05161340\/captura-de-tela-2022-05-05-as-16-13-00-1536x825.png 1536w, https:\/\/dhg1h5j42swfq.cloudfront.net\/2022\/05\/05161340\/captura-de-tela-2022-05-05-as-16-13-00-610x328.png 610w, https:\/\/dhg1h5j42swfq.cloudfront.net\/2022\/05\/05161340\/captura-de-tela-2022-05-05-as-16-13-00.png 1932w\" sizes=\"auto, (max-width: 1024px) 100vw, 1024px\" \/><figcaption>Nota oficial do Cebraspe sobre decreto que revoga status de OS<\/figcaption><\/figure><\/div>\n\n\n\n<p>O t\u00edtulo de <strong>organiza\u00e7\u00e3o social <\/strong>permitia ao <strong>Cebraspe<\/strong> o recebimento de determinados benef\u00edcios do Poder P\u00fablico (dota\u00e7\u00f5es or\u00e7ament\u00e1rias, isen\u00e7\u00f5es fiscais etc).<\/p>\n\n\n\n<p>Tais benef\u00edcios seriam para a realiza\u00e7\u00e3o de atividades relacionadas \u00e0 administra\u00e7\u00e3o p\u00fablica, que devem ser necessariamente de interesse da comunidade.<\/p>\n\n\n\n<p>Al\u00e9m disso, como organiza\u00e7\u00e3o social a empresa tinha em seus conselhos a participa\u00e7\u00e3o de representantes do governo, mas mantinha autonomia administrativa.<\/p>\n\n\n\n<p>O motivo da revoga\u00e7\u00e3o do <a href=\"http:\/\/www.planalto.gov.br\/ccivil_03\/_Ato2011-2014\/2013\/Decreto\/D8078.htm\">Decreto n\u00ba 8.078, de 19 de agosto de 2013<\/a>, que qualificava a empresa, se deu em raz\u00e3o do encerramento do contrato de gest\u00e3o firmando entre o <strong>Cebraspe<\/strong> e o Minist\u00e9rio da Educa\u00e7\u00e3o.<\/p>\n\n\n\n<p><strong>Nota oficial Cebraspe:<\/strong> <a href=\"https:\/\/www.estrategiaconcursos.com.br\/blog\/concurso-publico-cebraspe-decreto-presidencial\/\" target=\"_blank\" rel=\"noreferrer noopener\">saiba maiores detalhes do decreto presidencial!<\/a><\/p>\n\n\n\n<h2 class=\"has-text-align-center wp-block-heading\" id=\"h-saiba-mais-sobre-os-concurso-publicos-abertos-e-previstos\"><em>Saiba mais sobre os concurso p\u00fablicos abertos e previstos:<\/em><\/h2>\n\n\n\n\n","protected":false},"excerpt":{"rendered":"<p>Nota oficial Cebraspe sobre decreto que revoga OS<\/p>\n","protected":false},"author":2319,"featured_media":1022482,"comment_status":"open","ping_status":"closed","sticky":false,"template":"","format":"standard","meta":{"post_tipo":"news","footnotes":""},"categories":[1,220219],"tags":[3914,220827,220829],"tax_estado":[219964,219965,219966,219967,219968,219969,219963,219970,219971,219972,219973,219974,219975,219976,219977,219978,219979,219980,219981,219982,219983,219984,219985,219986,219987,219988,219989,219990],"class_list":["post-1022459","post","type-post","status-publish","format-standard","has-post-thumbnail","hentry","category-cursos-e-concursos","category-noticias","tag-cebraspe","tag-concurso-cebraspe","tag-edital-cebraspe","tax_estado-ac","tax_estado-al","tax_estado-am","tax_estado-ap","tax_estado-ba","tax_estado-ce","tax_estado-concursos-federais","tax_estado-df","tax_estado-es","tax_estado-go","tax_estado-ma","tax_estado-mg","tax_estado-ms","tax_estado-mt","tax_estado-pa","tax_estado-pb","tax_estado-pe","tax_estado-pi","tax_estado-pr","tax_estado-rj","tax_estado-rn","tax_estado-ro","tax_estado-rr","tax_estado-rs","tax_estado-sc","tax_estado-se","tax_estado-sp","tax_estado-to"],"acf":[],"yoast_head":"<!-- This site is optimized with the Yoast SEO Premium plugin v27.2 (Yoast SEO v27.2) - https:\/\/yoast.com\/product\/yoast-seo-premium-wordpress\/ -->\n<title>Em nota, Cebraspe afirma que seguir\u00e1 atuando normalmente<\/title>\n<meta name=\"description\" content=\"Por meio de nota oficial, o Cebraspe esclareceu maiores detalhes a respeito da desqualifica\u00e7\u00e3o da empresa como OS. Veja!\" \/>\n<meta name=\"robots\" content=\"index, follow, max-snippet:-1, max-image-preview:large, max-video-preview:-1\" \/>\n<link rel=\"canonical\" href=\"https:\/\/www.estrategiaconcursos.com.br\/blog\/cebraspe-nota-oficial\/\" \/>\n<meta property=\"og:locale\" content=\"pt_BR\" \/>\n<meta property=\"og:type\" content=\"article\" \/>\n<meta property=\"og:title\" content=\"Em nota, Cebraspe afirma que seguir\u00e1 atuando normalmente\" \/>\n<meta property=\"og:description\" content=\"Por meio de nota oficial, o Cebraspe esclareceu maiores detalhes a respeito da desqualifica\u00e7\u00e3o da empresa como OS. Veja!\" \/>\n<meta property=\"og:url\" content=\"https:\/\/www.estrategiaconcursos.com.br\/blog\/cebraspe-nota-oficial\/\" \/>\n<meta property=\"og:site_name\" content=\"Estrat\u00e9gia Concursos\" \/>\n<meta property=\"article:published_time\" content=\"2022-05-05T19:14:30+00:00\" \/>\n<meta property=\"article:modified_time\" content=\"2022-05-09T19:11:36+00:00\" \/>\n<meta property=\"og:image\" content=\"https:\/\/dhg1h5j42swfq.cloudfront.net\/2022\/05\/05161045\/cebraspe.webp\" \/>\n\t<meta property=\"og:image:width\" content=\"600\" \/>\n\t<meta property=\"og:image:height\" content=\"400\" \/>\n\t<meta property=\"og:image:type\" content=\"image\/webp\" \/>\n<meta name=\"author\" content=\"Let\u00edcia Teixeira\" \/>\n<meta name=\"twitter:card\" content=\"summary_large_image\" \/>\n<meta name=\"twitter:creator\" content=\"@EstratConcursos\" \/>\n<meta name=\"twitter:site\" content=\"@EstratConcursos\" \/>\n<meta name=\"twitter:label1\" content=\"Escrito por\" \/>\n\t<meta name=\"twitter:data1\" content=\"Let\u00edcia Teixeira\" \/>\n\t<meta name=\"twitter:label2\" content=\"Est. tempo de leitura\" \/>\n\t<meta name=\"twitter:data2\" content=\"3 minutos\" \/>\n<script type=\"application\/ld+json\" class=\"yoast-schema-graph\">{\"@context\":\"https:\/\/schema.org\",\"@graph\":[{\"@type\":\"NewsArticle\",\"@id\":\"https:\/\/www.estrategiaconcursos.com.br\/blog\/cebraspe-nota-oficial\/#article\",\"isPartOf\":{\"@id\":\"https:\/\/www.estrategiaconcursos.com.br\/blog\/cebraspe-nota-oficial\/\"},\"author\":{\"name\":\"Let\u00edcia Teixeira\",\"@id\":\"https:\/\/www.estrategiaconcursos.com.br\/blog\/#\/schema\/person\/9b94727dcf4410f4a7931c83966c843b\"},\"headline\":\"Em nota, Cebraspe afirma que seguir\u00e1 atuando normalmente\",\"datePublished\":\"2022-05-05T19:14:30+00:00\",\"dateModified\":\"2022-05-09T19:11:36+00:00\",\"mainEntityOfPage\":{\"@id\":\"https:\/\/www.estrategiaconcursos.com.br\/blog\/cebraspe-nota-oficial\/\"},\"wordCount\":464,\"commentCount\":0,\"publisher\":{\"@id\":\"https:\/\/www.estrategiaconcursos.com.br\/blog\/#organization\"},\"image\":{\"@id\":\"https:\/\/www.estrategiaconcursos.com.br\/blog\/cebraspe-nota-oficial\/#primaryimage\"},\"thumbnailUrl\":\"https:\/\/dhg1h5j42swfq.cloudfront.net\/2022\/05\/05161045\/cebraspe.webp\",\"keywords\":[\"cebraspe\",\"concurso Cebraspe\",\"edital cebraspe\"],\"articleSection\":[\"Concursos P\u00fablicos\",\"\u00daltimas not\u00edcias\"],\"inLanguage\":\"pt-BR\",\"potentialAction\":[{\"@type\":\"CommentAction\",\"name\":\"Comment\",\"target\":[\"https:\/\/www.estrategiaconcursos.com.br\/blog\/cebraspe-nota-oficial\/#respond\"]}],\"copyrightYear\":\"2022\",\"copyrightHolder\":{\"@id\":\"https:\/\/www.estrategiaconcursos.com.br\/blog\/#organization\"}},{\"@type\":\"WebPage\",\"@id\":\"https:\/\/www.estrategiaconcursos.com.br\/blog\/cebraspe-nota-oficial\/\",\"url\":\"https:\/\/www.estrategiaconcursos.com.br\/blog\/cebraspe-nota-oficial\/\",\"name\":\"Em nota, Cebraspe afirma que seguir\u00e1 atuando normalmente\",\"isPartOf\":{\"@id\":\"https:\/\/www.estrategiaconcursos.com.br\/blog\/#website\"},\"primaryImageOfPage\":{\"@id\":\"https:\/\/www.estrategiaconcursos.com.br\/blog\/cebraspe-nota-oficial\/#primaryimage\"},\"image\":{\"@id\":\"https:\/\/www.estrategiaconcursos.com.br\/blog\/cebraspe-nota-oficial\/#primaryimage\"},\"thumbnailUrl\":\"https:\/\/dhg1h5j42swfq.cloudfront.net\/2022\/05\/05161045\/cebraspe.webp\",\"datePublished\":\"2022-05-05T19:14:30+00:00\",\"dateModified\":\"2022-05-09T19:11:36+00:00\",\"description\":\"Por meio de nota oficial, o Cebraspe esclareceu maiores detalhes a respeito da desqualifica\u00e7\u00e3o da empresa como OS. Veja!\",\"breadcrumb\":{\"@id\":\"https:\/\/www.estrategiaconcursos.com.br\/blog\/cebraspe-nota-oficial\/#breadcrumb\"},\"inLanguage\":\"pt-BR\",\"potentialAction\":[{\"@type\":\"ReadAction\",\"target\":[\"https:\/\/www.estrategiaconcursos.com.br\/blog\/cebraspe-nota-oficial\/\"]}]},{\"@type\":\"ImageObject\",\"inLanguage\":\"pt-BR\",\"@id\":\"https:\/\/www.estrategiaconcursos.com.br\/blog\/cebraspe-nota-oficial\/#primaryimage\",\"url\":\"https:\/\/dhg1h5j42swfq.cloudfront.net\/2022\/05\/05161045\/cebraspe.webp\",\"contentUrl\":\"https:\/\/dhg1h5j42swfq.cloudfront.net\/2022\/05\/05161045\/cebraspe.webp\",\"width\":600,\"height\":400},{\"@type\":\"BreadcrumbList\",\"@id\":\"https:\/\/www.estrategiaconcursos.com.br\/blog\/cebraspe-nota-oficial\/#breadcrumb\",\"itemListElement\":[{\"@type\":\"ListItem\",\"position\":1,\"name\":\"In\u00edcio\",\"item\":\"https:\/\/www.estrategiaconcursos.com.br\/blog\/\"},{\"@type\":\"ListItem\",\"position\":2,\"name\":\"Em nota, Cebraspe afirma que seguir\u00e1 atuando normalmente\"}]},{\"@type\":\"WebSite\",\"@id\":\"https:\/\/www.estrategiaconcursos.com.br\/blog\/#website\",\"url\":\"https:\/\/www.estrategiaconcursos.com.br\/blog\/\",\"name\":\"Estrat\u00e9gia Concursos\",\"description\":\"O blog da Estrat\u00e9gia Concursos traz not\u00edcias sobre concursos e artigos de professores oferecendo cursos para concursos (pdf + videaulas) no site.\",\"publisher\":{\"@id\":\"https:\/\/www.estrategiaconcursos.com.br\/blog\/#organization\"},\"potentialAction\":[{\"@type\":\"SearchAction\",\"target\":{\"@type\":\"EntryPoint\",\"urlTemplate\":\"https:\/\/www.estrategiaconcursos.com.br\/blog\/?s={search_term_string}\"},\"query-input\":{\"@type\":\"PropertyValueSpecification\",\"valueRequired\":true,\"valueName\":\"search_term_string\"}}],\"inLanguage\":\"pt-BR\"},{\"@type\":\"Organization\",\"@id\":\"https:\/\/www.estrategiaconcursos.com.br\/blog\/#organization\",\"name\":\"Estrat\u00e9gia Concursos\",\"url\":\"https:\/\/www.estrategiaconcursos.com.br\/blog\/\",\"logo\":{\"@type\":\"ImageObject\",\"inLanguage\":\"pt-BR\",\"@id\":\"https:\/\/www.estrategiaconcursos.com.br\/blog\/#\/schema\/logo\/image\/\",\"url\":\"https:\/\/dhg1h5j42swfq.cloudfront.net\/2025\/06\/03203428\/logo_concursos-1.jpg\",\"contentUrl\":\"https:\/\/dhg1h5j42swfq.cloudfront.net\/2025\/06\/03203428\/logo_concursos-1.jpg\",\"width\":230,\"height\":60,\"caption\":\"Estrat\u00e9gia Concursos\"},\"image\":{\"@id\":\"https:\/\/www.estrategiaconcursos.com.br\/blog\/#\/schema\/logo\/image\/\"},\"sameAs\":[\"https:\/\/x.com\/EstratConcursos\"]},{\"@type\":\"Person\",\"@id\":\"https:\/\/www.estrategiaconcursos.com.br\/blog\/#\/schema\/person\/9b94727dcf4410f4a7931c83966c843b\",\"name\":\"Let\u00edcia Teixeira\",\"image\":{\"@type\":\"ImageObject\",\"inLanguage\":\"pt-BR\",\"@id\":\"https:\/\/secure.gravatar.com\/avatar\/fb589b06b881e20b676d08f9d03226d1e3291ba2f90e751ddc9ccb21abf0244d?s=96&d=mm&r=g\",\"url\":\"https:\/\/secure.gravatar.com\/avatar\/fb589b06b881e20b676d08f9d03226d1e3291ba2f90e751ddc9ccb21abf0244d?s=96&d=mm&r=g\",\"contentUrl\":\"https:\/\/secure.gravatar.com\/avatar\/fb589b06b881e20b676d08f9d03226d1e3291ba2f90e751ddc9ccb21abf0244d?s=96&d=mm&r=g\",\"caption\":\"Let\u00edcia Teixeira\"},\"description\":\"Jornalista com experi\u00eancia de mais de quatro anos no segmento de concursos p\u00fablicos. Especializada em Narrativa Transm\u00eddia e Storytelling pela Universidade Cat\u00f3lica de Bras\u00edlia, com atua\u00e7\u00e3o nas \u00e1reas de SEO, conte\u00fado, Webwriting e Copywriting.\",\"url\":\"https:\/\/www.estrategiaconcursos.com.br\/blog\/author\/leticia-teixeiraestrategia-com\/\"}]}<\/script>\n<!-- \/ Yoast SEO Premium plugin. -->","yoast_head_json":{"title":"Em nota, Cebraspe afirma que seguir\u00e1 atuando normalmente","description":"Por meio de nota oficial, o Cebraspe esclareceu maiores detalhes a respeito da desqualifica\u00e7\u00e3o da empresa como OS. Veja!","robots":{"index":"index","follow":"follow","max-snippet":"max-snippet:-1","max-image-preview":"max-image-preview:large","max-video-preview":"max-video-preview:-1"},"canonical":"https:\/\/www.estrategiaconcursos.com.br\/blog\/cebraspe-nota-oficial\/","og_locale":"pt_BR","og_type":"article","og_title":"Em nota, Cebraspe afirma que seguir\u00e1 atuando normalmente","og_description":"Por meio de nota oficial, o Cebraspe esclareceu maiores detalhes a respeito da desqualifica\u00e7\u00e3o da empresa como OS. Veja!","og_url":"https:\/\/www.estrategiaconcursos.com.br\/blog\/cebraspe-nota-oficial\/","og_site_name":"Estrat\u00e9gia Concursos","article_published_time":"2022-05-05T19:14:30+00:00","article_modified_time":"2022-05-09T19:11:36+00:00","og_image":[{"width":600,"height":400,"url":"https:\/\/dhg1h5j42swfq.cloudfront.net\/2022\/05\/05161045\/cebraspe.webp","type":"image\/webp"}],"author":"Let\u00edcia Teixeira","twitter_card":"summary_large_image","twitter_creator":"@EstratConcursos","twitter_site":"@EstratConcursos","twitter_misc":{"Escrito por":"Let\u00edcia Teixeira","Est. tempo de leitura":"3 minutos"},"schema":{"@context":"https:\/\/schema.org","@graph":[{"@type":"NewsArticle","@id":"https:\/\/www.estrategiaconcursos.com.br\/blog\/cebraspe-nota-oficial\/#article","isPartOf":{"@id":"https:\/\/www.estrategiaconcursos.com.br\/blog\/cebraspe-nota-oficial\/"},"author":{"name":"Let\u00edcia Teixeira","@id":"https:\/\/www.estrategiaconcursos.com.br\/blog\/#\/schema\/person\/9b94727dcf4410f4a7931c83966c843b"},"headline":"Em nota, Cebraspe afirma que seguir\u00e1 atuando normalmente","datePublished":"2022-05-05T19:14:30+00:00","dateModified":"2022-05-09T19:11:36+00:00","mainEntityOfPage":{"@id":"https:\/\/www.estrategiaconcursos.com.br\/blog\/cebraspe-nota-oficial\/"},"wordCount":464,"commentCount":0,"publisher":{"@id":"https:\/\/www.estrategiaconcursos.com.br\/blog\/#organization"},"image":{"@id":"https:\/\/www.estrategiaconcursos.com.br\/blog\/cebraspe-nota-oficial\/#primaryimage"},"thumbnailUrl":"https:\/\/dhg1h5j42swfq.cloudfront.net\/2022\/05\/05161045\/cebraspe.webp","keywords":["cebraspe","concurso Cebraspe","edital cebraspe"],"articleSection":["Concursos P\u00fablicos","\u00daltimas not\u00edcias"],"inLanguage":"pt-BR","potentialAction":[{"@type":"CommentAction","name":"Comment","target":["https:\/\/www.estrategiaconcursos.com.br\/blog\/cebraspe-nota-oficial\/#respond"]}],"copyrightYear":"2022","copyrightHolder":{"@id":"https:\/\/www.estrategiaconcursos.com.br\/blog\/#organization"}},{"@type":"WebPage","@id":"https:\/\/www.estrategiaconcursos.com.br\/blog\/cebraspe-nota-oficial\/","url":"https:\/\/www.estrategiaconcursos.com.br\/blog\/cebraspe-nota-oficial\/","name":"Em nota, Cebraspe afirma que seguir\u00e1 atuando normalmente","isPartOf":{"@id":"https:\/\/www.estrategiaconcursos.com.br\/blog\/#website"},"primaryImageOfPage":{"@id":"https:\/\/www.estrategiaconcursos.com.br\/blog\/cebraspe-nota-oficial\/#primaryimage"},"image":{"@id":"https:\/\/www.estrategiaconcursos.com.br\/blog\/cebraspe-nota-oficial\/#primaryimage"},"thumbnailUrl":"https:\/\/dhg1h5j42swfq.cloudfront.net\/2022\/05\/05161045\/cebraspe.webp","datePublished":"2022-05-05T19:14:30+00:00","dateModified":"2022-05-09T19:11:36+00:00","description":"Por meio de nota oficial, o Cebraspe esclareceu maiores detalhes a respeito da desqualifica\u00e7\u00e3o da empresa como OS. Veja!","breadcrumb":{"@id":"https:\/\/www.estrategiaconcursos.com.br\/blog\/cebraspe-nota-oficial\/#breadcrumb"},"inLanguage":"pt-BR","potentialAction":[{"@type":"ReadAction","target":["https:\/\/www.estrategiaconcursos.com.br\/blog\/cebraspe-nota-oficial\/"]}]},{"@type":"ImageObject","inLanguage":"pt-BR","@id":"https:\/\/www.estrategiaconcursos.com.br\/blog\/cebraspe-nota-oficial\/#primaryimage","url":"https:\/\/dhg1h5j42swfq.cloudfront.net\/2022\/05\/05161045\/cebraspe.webp","contentUrl":"https:\/\/dhg1h5j42swfq.cloudfront.net\/2022\/05\/05161045\/cebraspe.webp","width":600,"height":400},{"@type":"BreadcrumbList","@id":"https:\/\/www.estrategiaconcursos.com.br\/blog\/cebraspe-nota-oficial\/#breadcrumb","itemListElement":[{"@type":"ListItem","position":1,"name":"In\u00edcio","item":"https:\/\/www.estrategiaconcursos.com.br\/blog\/"},{"@type":"ListItem","position":2,"name":"Em nota, Cebraspe afirma que seguir\u00e1 atuando normalmente"}]},{"@type":"WebSite","@id":"https:\/\/www.estrategiaconcursos.com.br\/blog\/#website","url":"https:\/\/www.estrategiaconcursos.com.br\/blog\/","name":"Estrat\u00e9gia Concursos","description":"O blog da Estrat\u00e9gia Concursos traz not\u00edcias sobre concursos e artigos de professores oferecendo cursos para concursos (pdf + videaulas) no site.","publisher":{"@id":"https:\/\/www.estrategiaconcursos.com.br\/blog\/#organization"},"potentialAction":[{"@type":"SearchAction","target":{"@type":"EntryPoint","urlTemplate":"https:\/\/www.estrategiaconcursos.com.br\/blog\/?s={search_term_string}"},"query-input":{"@type":"PropertyValueSpecification","valueRequired":true,"valueName":"search_term_string"}}],"inLanguage":"pt-BR"},{"@type":"Organization","@id":"https:\/\/www.estrategiaconcursos.com.br\/blog\/#organization","name":"Estrat\u00e9gia Concursos","url":"https:\/\/www.estrategiaconcursos.com.br\/blog\/","logo":{"@type":"ImageObject","inLanguage":"pt-BR","@id":"https:\/\/www.estrategiaconcursos.com.br\/blog\/#\/schema\/logo\/image\/","url":"https:\/\/dhg1h5j42swfq.cloudfront.net\/2025\/06\/03203428\/logo_concursos-1.jpg","contentUrl":"https:\/\/dhg1h5j42swfq.cloudfront.net\/2025\/06\/03203428\/logo_concursos-1.jpg","width":230,"height":60,"caption":"Estrat\u00e9gia Concursos"},"image":{"@id":"https:\/\/www.estrategiaconcursos.com.br\/blog\/#\/schema\/logo\/image\/"},"sameAs":["https:\/\/x.com\/EstratConcursos"]},{"@type":"Person","@id":"https:\/\/www.estrategiaconcursos.com.br\/blog\/#\/schema\/person\/9b94727dcf4410f4a7931c83966c843b","name":"Let\u00edcia Teixeira","image":{"@type":"ImageObject","inLanguage":"pt-BR","@id":"https:\/\/secure.gravatar.com\/avatar\/fb589b06b881e20b676d08f9d03226d1e3291ba2f90e751ddc9ccb21abf0244d?s=96&d=mm&r=g","url":"https:\/\/secure.gravatar.com\/avatar\/fb589b06b881e20b676d08f9d03226d1e3291ba2f90e751ddc9ccb21abf0244d?s=96&d=mm&r=g","contentUrl":"https:\/\/secure.gravatar.com\/avatar\/fb589b06b881e20b676d08f9d03226d1e3291ba2f90e751ddc9ccb21abf0244d?s=96&d=mm&r=g","caption":"Let\u00edcia Teixeira"},"description":"Jornalista com experi\u00eancia de mais de quatro anos no segmento de concursos p\u00fablicos. Especializada em Narrativa Transm\u00eddia e Storytelling pela Universidade Cat\u00f3lica de Bras\u00edlia, com atua\u00e7\u00e3o nas \u00e1reas de SEO, conte\u00fado, Webwriting e Copywriting.","url":"https:\/\/www.estrategiaconcursos.com.br\/blog\/author\/leticia-teixeiraestrategia-com\/"}]}},"_links":{"self":[{"href":"https:\/\/www.estrategiaconcursos.com.br\/blog\/wp-json\/wp\/v2\/posts\/1022459","targetHints":{"allow":["GET"]}}],"collection":[{"href":"https:\/\/www.estrategiaconcursos.com.br\/blog\/wp-json\/wp\/v2\/posts"}],"about":[{"href":"https:\/\/www.estrategiaconcursos.com.br\/blog\/wp-json\/wp\/v2\/types\/post"}],"author":[{"embeddable":true,"href":"https:\/\/www.estrategiaconcursos.com.br\/blog\/wp-json\/wp\/v2\/users\/2319"}],"replies":[{"embeddable":true,"href":"https:\/\/www.estrategiaconcursos.com.br\/blog\/wp-json\/wp\/v2\/comments?post=1022459"}],"version-history":[{"count":7,"href":"https:\/\/www.estrategiaconcursos.com.br\/blog\/wp-json\/wp\/v2\/posts\/1022459\/revisions"}],"predecessor-version":[{"id":1024614,"href":"https:\/\/www.estrategiaconcursos.com.br\/blog\/wp-json\/wp\/v2\/posts\/1022459\/revisions\/1024614"}],"wp:featuredmedia":[{"embeddable":true,"href":"https:\/\/www.estrategiaconcursos.com.br\/blog\/wp-json\/wp\/v2\/media\/1022482"}],"wp:attachment":[{"href":"https:\/\/www.estrategiaconcursos.com.br\/blog\/wp-json\/wp\/v2\/media?parent=1022459"}],"wp:term":[{"taxonomy":"category","embeddable":true,"href":"https:\/\/www.estrategiaconcursos.com.br\/blog\/wp-json\/wp\/v2\/categories?post=1022459"},{"taxonomy":"post_tag","embeddable":true,"href":"https:\/\/www.estrategiaconcursos.com.br\/blog\/wp-json\/wp\/v2\/tags?post=1022459"},{"taxonomy":"tax_estado","embeddable":true,"href":"https:\/\/www.estrategiaconcursos.com.br\/blog\/wp-json\/wp\/v2\/tax_estado?post=1022459"}],"curies":[{"name":"wp","href":"https:\/\/api.w.org\/{rel}","templated":true}]}}