{"id":1022360,"date":"2022-05-31T13:29:00","date_gmt":"2022-05-31T16:29:00","guid":{"rendered":"https:\/\/www.estrategiaconcursos.com.br\/blog\/?p=1022360"},"modified":"2022-05-31T15:05:18","modified_gmt":"2022-05-31T18:05:18","slug":"regimento-interno-pgdf","status":"publish","type":"post","link":"https:\/\/www.estrategiaconcursos.com.br\/blog\/regimento-interno-pgdf\/","title":{"rendered":"Resumo do Regimento Interno da Procuradoria-Geral do DF para a PGDF"},"content":{"rendered":"\n<p class=\"has-medium-font-size\">Veja aqui um resumo do <strong>Regimento Interno da Procuradoria-Geral do Distrito Federal<\/strong>, disposto no <strong>Decreto 42.094\/21<\/strong>, para o concurso da&nbsp;<strong><a href=\"https:\/\/www.estrategiaconcursos.com.br\/cursosPorConcurso\/procuradoria-geral-do-distrito-federal-pg-df-procurador\/\" target=\"_blank\" rel=\"noreferrer noopener\"><strong><\/strong><\/a><\/strong><strong><a href=\"https:\/\/www.estrategiaconcursos.com.br\/cursosPorConcurso\/procuradoria-geral-do-distrito-federal-pg-df-procurador\/\" target=\"_blank\" rel=\"noreferrer noopener\">PGDF<\/a><\/strong>.<\/p>\n\n\n\n<div class=\"wp-block-image\"><figure class=\"aligncenter size-full\"><img loading=\"lazy\" decoding=\"async\" width=\"498\" height=\"281\" src=\"https:\/\/dhg1h5j42swfq.cloudfront.net\/2022\/05\/05152650\/image-85.png\" alt=\"Resumo do Regimento Interno da Procuradoria-Geral do DF para a PGDF\" class=\"wp-image-1022394\" srcset=\"https:\/\/dhg1h5j42swfq.cloudfront.net\/2022\/05\/05152650\/image-85.png 498w, https:\/\/dhg1h5j42swfq.cloudfront.net\/2022\/05\/05152650\/image-85-300x169.png 300w\" sizes=\"auto, (max-width: 498px) 100vw, 498px\" \/><figcaption>Resumo do Regimento Interno da Procuradoria-Geral do DF para a PGDF<\/figcaption><\/figure><\/div>\n\n\n\n<p>Ol\u00e1, pessoal! Tudo joia?<\/p>\n\n\n\n<p>O edital da&nbsp;<strong><a href=\"https:\/\/www.estrategiaconcursos.com.br\/blog\/concurso-pgdf-procurador\/\" target=\"_blank\" rel=\"noreferrer noopener\">PGDF<\/a> (Procuradoria-Geral do Distrito Federal)<\/strong> foi publicado. Est\u00e3o sendo ofertadas <strong>65 vagas,<\/strong>&nbsp;mais cadastro reserva, para a classe inicial de&nbsp;<strong>Procurador&nbsp;do Distrito Federal<\/strong>, com remunera\u00e7\u00e3o inicial de <strong>R$ 22.589,59<\/strong>.<\/p>\n\n\n\n<p>Dessa forma, iremos realizar, no artigo de hoje, uma an\u00e1lise do <strong><mark style=\"background-color:rgba(0, 0, 0, 0)\" class=\"has-inline-color has-vivid-cyan-blue-color\">Regimento Interno da Procuradoria-Geral do Distrito Federal (PGDF)<\/mark><\/strong>.<\/p>\n\n\n\n<p>Preparados? Ent\u00e3o vamos l\u00e1!<\/p>\n\n\n\n<div class=\"container\" id=\"boxes\">\n  <div class=\"row\">\n\n    <div class=\"col-sm\">\n      <div class=\"banner-ecj\" id=\"box-assinatura\">\n        <h3 class=\"titulo-assinatura\">Curso para Concurso PGDF PROCURADOR <\/h3>\n        <p class=\"subtitulo-assinatura\">Cursos focados no edital do concurso<\/p>\n        <div class=\"box-botao\">\n          <a class=\"btn-assinatura\" target=\"_blank\" href=\"https:\/\/www.estrategiaconcursos.com.br\/cursosPorConcurso\/procuradoria-geral-do-distrito-federal-pg-df-procurador\/\" role=\"button\" rel=\"noopener noreferrer\">Conhe\u00e7a mais<\/a>\n        <\/div>\n      <\/div>\n      <p class=\"texto-auxiliar\">\n<\/p>\n    <\/div>\n\n  <\/div>\n<\/div>\n\n\n\n<h2 class=\"wp-block-heading\" id=\"h-a-procuradoria-geral-do-distrito-federal-pgdf\"><mark style=\"background-color:rgba(0, 0, 0, 0)\" class=\"has-inline-color has-vivid-cyan-blue-color\">A Procuradoria-Geral do Distrito Federal (PGDF)<\/mark><\/h2>\n\n\n\n<p>A Procuradoria-Geral do Distrito Federal \u00e9 o <strong><mark style=\"background-color:rgba(0, 0, 0, 0)\" class=\"has-inline-color has-vivid-cyan-blue-color\">\u00f3rg\u00e3o central<\/mark><\/strong> do <strong>Sistema Jur\u00eddico do Distrito Federal<\/strong>.<\/p>\n\n\n\n<p>Ela \u00e9 uma institui\u00e7\u00e3o de <strong>natureza permanente<\/strong>, essencial \u00e0 Justi\u00e7a e \u00e0 Administra\u00e7\u00e3o, dotada de <strong>autonomia<\/strong> funcional, administrativa e financeira.<\/p>\n\n\n\n<p>Cabe a ela a <strong><mark style=\"background-color:rgba(0, 0, 0, 0)\" class=\"has-inline-color has-vivid-cyan-blue-color\">representa\u00e7\u00e3o judicial <\/mark><\/strong>e a <strong><mark style=\"background-color:rgba(0, 0, 0, 0)\" class=\"has-inline-color has-vivid-cyan-blue-color\">consultoria jur\u00eddica<\/mark><\/strong> do<strong> Distrito Federal <\/strong>e de suas autarquias e funda\u00e7\u00f5es, sendo elas privativas dos <strong>Procuradores <\/strong>do Distrito Federal.<\/p>\n\n\n\n<p>Al\u00e9m disso, a PGDF tem por <strong>finalidade <\/strong>exercer a <strong><mark style=\"background-color:rgba(0, 0, 0, 0)\" class=\"has-inline-color has-vivid-cyan-blue-color\">advocacia p\u00fablica<\/mark><\/strong>, cabendo-lhe, ainda, prestar a <strong>orienta\u00e7\u00e3o normativa<\/strong> e a <strong>supervis\u00e3o t\u00e9cnica<\/strong> do <strong>Sistema Jur\u00eddico do Distrito Federal<\/strong>.<\/p>\n\n\n\n<p><strong><mark style=\"background-color:rgba(0, 0, 0, 0)\" class=\"has-inline-color has-vivid-red-color\">EQUIPARA\u00c7\u00c3O<\/mark><\/strong>: Fique sabendo que a <strong>Procuradoria-Geral do Distrito Federal<\/strong> \u00e9 <strong>equiparada<\/strong>, para todos os efeitos, \u00e0s<strong><mark style=\"background-color:rgba(0, 0, 0, 0)\" class=\"has-inline-color has-vivid-cyan-blue-color\"> Secretarias de Estado<\/mark><\/strong>. Desse modo, o seu <strong>titular <\/strong>tem as <strong>prerrogativas<\/strong>, <strong>direitos<\/strong> e <strong>vantagens <\/strong>de <strong>Secret\u00e1rio de Estado<\/strong>.<\/p>\n\n\n\n<h2 class=\"wp-block-heading\" id=\"h-estrutura-organizacional-da-pgdf-no-regimento-interno\"><mark style=\"background-color:rgba(0, 0, 0, 0)\" class=\"has-inline-color has-vivid-cyan-blue-color\">Estrutura Organizacional da PGDF no Regimento Interno<\/mark><\/h2>\n\n\n\n<p>Vamos agora analisar a estrutura organizacional da PGDF, presente no seu regimento interno.<\/p>\n\n\n\n<p>Esta parte ser\u00e1 dividida em<strong><mark style=\"background-color:rgba(0, 0, 0, 0)\" class=\"has-inline-color has-vivid-purple-color\"> 2 artigos<\/mark><\/strong>, sendo que, na an\u00e1lise de hoje, iremos falar dos<strong><mark style=\"background-color:rgba(0, 0, 0, 0)\" class=\"has-inline-color has-vivid-cyan-blue-color\"> seguintes \u00f3rg\u00e3os<\/mark><\/strong>:<\/p>\n\n\n\n<ul class=\"wp-block-list\"><li>\u00d3rg\u00e3os de <strong>dire\u00e7\u00e3o superior<\/strong>:<\/li><li>\u00d3rg\u00e3os de <strong>decis\u00e3o colegiada<\/strong><\/li><li>\u00d3rg\u00e3os de <strong>apoio estrat\u00e9gico<\/strong>:<\/li><li>\u00d3rg\u00e3os de <strong>assessoramento superior<\/strong>:<\/li><li>\u00d3rg\u00e3os <strong>executivos do sistema jur\u00eddico do Distrito Federal<\/strong>.<\/li><\/ul>\n\n\n\n<p>J\u00e1 no <strong><mark style=\"background-color:rgba(0, 0, 0, 0)\" class=\"has-inline-color has-vivid-cyan-blue-color\">pr\u00f3ximo <\/mark><\/strong>artigo, iremos falar sobre os <strong>\u00d3rg\u00e3os de apoio t\u00e9cnico e operacional e administrativo<\/strong>.<\/p>\n\n\n\n<p>Desse modo, para o exerc\u00edcio de suas compet\u00eancias, a Procuradoria-Geral do Distrito Federal tem a seguinte <strong><mark style=\"background-color:rgba(0, 0, 0, 0)\" class=\"has-inline-color has-vivid-cyan-blue-color\">estrutura organizacional b\u00e1sica<\/mark><\/strong>, em rela\u00e7\u00e3o aos \u00f3rg\u00e3os a serem estudados hoje:<\/p>\n\n\n\n<figure class=\"wp-block-image size-full\"><img loading=\"lazy\" decoding=\"async\" width=\"842\" height=\"617\" src=\"https:\/\/dhg1h5j42swfq.cloudfront.net\/2022\/05\/05153642\/image-86.png\" alt=\"Estrutura Organizacional da PGDF no Regimento Interno - Parte 1\" class=\"wp-image-1022428\" srcset=\"https:\/\/dhg1h5j42swfq.cloudfront.net\/2022\/05\/05153642\/image-86.png 842w, https:\/\/dhg1h5j42swfq.cloudfront.net\/2022\/05\/05153642\/image-86-300x220.png 300w, https:\/\/dhg1h5j42swfq.cloudfront.net\/2022\/05\/05153642\/image-86-768x563.png 768w, https:\/\/dhg1h5j42swfq.cloudfront.net\/2022\/05\/05153642\/image-86-610x447.png 610w\" sizes=\"auto, (max-width: 842px) 100vw, 842px\" \/><figcaption>Estrutura Organizacional da PGDF no Regimento Interno &#8211; Parte 1<\/figcaption><\/figure>\n\n\n\n<p><strong><mark style=\"background-color:rgba(0, 0, 0, 0)\" class=\"has-inline-color has-vivid-red-color\">FIQUE ATENTO: <\/mark><\/strong>Algumas das Procuradorias citadas acima s\u00e3o <strong>desmembradas <\/strong>em outros \u00f3rg\u00e3os, como veremos mais adiante.<\/p>\n\n\n\n<p>Assim, vamos agora analisar os componentes da estrutura acima, principalmente em rela\u00e7\u00e3o \u00e0s suas <strong><mark style=\"background-color:rgba(0, 0, 0, 0)\" class=\"has-inline-color has-vivid-cyan-blue-color\">compet\u00eancias<\/mark><\/strong>.<\/p>\n\n\n\n<div class=\"container\" id=\"boxes\">\n  <div class=\"row\">\n\n    <div class=\"col-sm\">\n      <div class=\"banner-ecj\" id=\"box-assinatura\">\n        <h3 class=\"titulo-assinatura\">Assinatura Jur\u00eddica <\/h3>\n        <p class=\"subtitulo-assinatura\">Conhe\u00e7a os planos<\/p>\n        <div class=\"box-botao\">\n          <a class=\"btn-assinatura\" target=\"_blank\" href=\"https:\/\/www.estrategiaconcursos.com.br\/assinaturas-ecj\/\" role=\"button\" rel=\"noopener noreferrer\">Conhe\u00e7a mais<\/a>\n        <\/div>\n      <\/div>\n      <p class=\"texto-auxiliar\">Prepare-se com o melhor material e com quem mais aprova em Concursos P\u00fablicos em todo o pa\u00eds. \n<\/p>\n    <\/div>\n\n  <\/div>\n<\/div>\n\n\n\n<h2 class=\"wp-block-heading\" id=\"h-orgaos-de-direcao-superior\"><mark style=\"background-color:rgba(0, 0, 0, 0)\" class=\"has-inline-color has-vivid-cyan-blue-color\">\u00d3rg\u00e3os de Dire\u00e7\u00e3o Superior<\/mark><\/h2>\n\n\n\n<p>S\u00e3o \u00f3rg\u00e3os de dire\u00e7\u00e3o superior apenas:<\/p>\n\n\n\n<ul class=\"wp-block-list\"><li><strong>Procurador-Geral do Distrito Federal;<\/strong><\/li><li><strong>Corregedoria<\/strong>.<\/li><\/ul>\n\n\n\n<h3 class=\"wp-block-heading\" id=\"h-procurador-geral-do-distrito-federal\"><mark style=\"background-color:rgba(0, 0, 0, 0)\" class=\"has-inline-color has-vivid-purple-color\">Procurador-Geral do Distrito Federal;<\/mark><\/h3>\n\n\n\n<p>O <strong>Procurador-Geral do Distrito Federal<\/strong> \u00e9 o <strong><mark style=\"background-color:rgba(0, 0, 0, 0)\" class=\"has-inline-color has-vivid-cyan-blue-color\">chefe<\/mark><\/strong> da PPGD. As suas compet\u00eancias est\u00e3o definidas no artigo 6\u00ba da <a href=\"http:\/\/www.fazenda.df.gov.br\/aplicacoes\/legislacao\/legislacao\/TelaSaidaDocumento.cfm?txtNumero=395&amp;txtAno=2001&amp;txtTipo=4&amp;txtParte=.\" target=\"_blank\" rel=\"noreferrer noopener\">Lei Distrital 395\/01<\/a>, sendo que, dentre as principais, est\u00e1 a <strong>coordena\u00e7\u00e3o de todas as atividades do sistema jur\u00eddico do Distrito Federal<\/strong>; baixar os atos necess\u00e1rios ao <strong>funcionamento <\/strong>da Procuradoria-Geral; prestar <strong>orienta\u00e7\u00e3o jur\u00eddica<\/strong> ao Governador do Distrito Federal e Secret\u00e1rios de Estado nos assuntos de compet\u00eancia da Procuradoria-Geral do Distrito Federal; dentre outras atribui\u00e7\u00f5es.<\/p>\n\n\n\n<h3 class=\"wp-block-heading\" id=\"h-corregedoria\"><mark style=\"background-color:rgba(0, 0, 0, 0)\" class=\"has-inline-color has-vivid-purple-color\">Corregedoria<\/mark><\/h3>\n\n\n\n<p>A Corregedoria da PGDF \u00e9 o \u00f3rg\u00e3o <strong>fiscalizador <\/strong>do <strong><mark style=\"background-color:rgba(0, 0, 0, 0)\" class=\"has-inline-color has-vivid-cyan-blue-color\">desempenho institucional <\/mark><\/strong>e da<strong><mark style=\"background-color:rgba(0, 0, 0, 0)\" class=\"has-inline-color has-vivid-cyan-blue-color\"> atua\u00e7\u00e3o funcional e comportamental<\/mark><\/strong> dos <strong>Procuradores <\/strong>do Distrito Federal, dos <strong>servidores <\/strong>integrantes da Carreira de Apoio \u00e0s Atividades Jur\u00eddicas e demais servidores lotados na Procuradoria-Geral.<\/p>\n\n\n\n<p>Desse modo, \u00e9 ela a respons\u00e1vel por receber <strong>representa\u00e7\u00f5es <\/strong>e <strong>den\u00fancias <\/strong>de irregularidades cometidas pelos servidores acima, al\u00e9m de poder <strong>instaurar<\/strong>, de of\u00edcio, ou por determina\u00e7\u00e3o do Procurador-Geral ou do Conselho Superior, procedimento de <strong>apura\u00e7\u00e3o <\/strong>sum\u00e1ria para verificar a exist\u00eancia de ind\u00edcios m\u00ednimos que justifiquem a abertura de sindic\u00e2ncia ou de processo disciplinar; entre outras atribui\u00e7\u00f5es.<\/p>\n\n\n\n<h2 class=\"wp-block-heading\" id=\"h-orgaos-de-decisao-colegiada\"><mark style=\"background-color:rgba(0, 0, 0, 0)\" class=\"has-inline-color has-vivid-cyan-blue-color\">\u00d3rg\u00e3os de decis\u00e3o colegiada<\/mark><\/h2>\n\n\n\n<p>Os \u00f3rg\u00e3os de decis\u00e3o colegiada s\u00e3o:<\/p>\n\n\n\n<ul class=\"wp-block-list\"><li><strong>Conselho Superior;<\/strong><\/li><li><strong>Conselho do Fundo Pr\u00f3-Jur\u00eddico<\/strong>.<\/li><\/ul>\n\n\n\n<h3 class=\"wp-block-heading\" id=\"h-conselho-superior\"><mark style=\"background-color:rgba(0, 0, 0, 0)\" class=\"has-inline-color has-vivid-purple-color\">Conselho Superior<\/mark><\/h3>\n\n\n\n<p>O Conselho Superior da Procuradoria-Geral do Distrito Federal \u00e9 um \u00f3rg\u00e3o de <strong><mark style=\"background-color:rgba(0, 0, 0, 0)\" class=\"has-inline-color has-vivid-cyan-blue-color\">decis\u00e3o colegiada<\/mark><\/strong>, sendo composto pelo <strong>Procurador-Geral<\/strong>, que o <strong>preside<\/strong>, e:<\/p>\n\n\n\n<ul class=\"wp-block-list\"><li>de <strong>5 membros<\/strong> titulares e 5 suplentes escolhidos pelo Procurador-Geral, dentre os ocupantes de cargos em <strong>comiss\u00e3o <\/strong>ou de natureza especial privativos de membros da carreira de Procurador do Distrito Federal;<\/li><li>de <strong>5 membros <\/strong>titulares e 5 suplentes <strong>eleitos <\/strong>em escrut\u00ednio secreto dentre os membros da carreira de Procurador do Distrito Federal.<\/li><\/ul>\n\n\n\n<p>Dentre as suas <strong><mark style=\"background-color:rgba(0, 0, 0, 0)\" class=\"has-inline-color has-vivid-cyan-blue-color\">atribui\u00e7\u00f5es<\/mark><\/strong>, est\u00e3o:<\/p>\n\n\n\n<ul class=\"wp-block-list\"><li><strong>elaborar listas tr\u00edplices<\/strong> de Procuradores do Distrito Federal para fins de promo\u00e7\u00e3o por merecimento, a ser submetidas ao Governador do Distrito Federal pelo Procurador-Geral;<\/li><li>autorizar e determinar a instaura\u00e7\u00e3o de <strong>processos administrativos disciplinare<\/strong>s contra Procuradores do Distrito Federal;<\/li><li><strong>julgar <\/strong>os <strong>processos administrativos disciplinares<\/strong> instaurados contra Procuradores do Distrito Federal e propor as medidas cab\u00edveis, ressalvados os casos de compet\u00eancia do Governador do Distrito Federal;<\/li><li><strong>deliberar <\/strong>sobre a <strong>exonera\u00e7\u00e3o <\/strong>de <strong>Procurador <\/strong>do Distrito Federal julgado inapto no est\u00e1gio probat\u00f3rio, encaminhando c\u00f3pia da decis\u00e3o ao Procurador-Geral para efetiva\u00e7\u00e3o junto ao Governador do Distrito Federal;<\/li><li>determinar a instaura\u00e7\u00e3o de apura\u00e7\u00e3o sum\u00e1ria e <strong>sindic\u00e2ncia <\/strong>contra Procurador do Distrito Federal, independentemente de iniciativa de outras autoridades; dentre outras fun\u00e7\u00f5es.<\/li><\/ul>\n\n\n\n<h3 class=\"wp-block-heading\" id=\"h-conselho-do-fundo-pro-juridico\"><mark style=\"background-color:rgba(0, 0, 0, 0)\" class=\"has-inline-color has-vivid-purple-color\">Conselho do Fundo Pr\u00f3-Jur\u00eddico<\/mark><\/h3>\n\n\n\n<p>O <strong>Fundo<\/strong> <strong>da Procuradoria-Geral do Distrito Federal \u2013 Pr\u00f3-Jur\u00eddico<\/strong>, desenvolvido e coordenado pela Procuradoria-Geral do Distrito Federal, tem por finalidade a realiza\u00e7\u00e3o, o aprimoramento, a moderniza\u00e7\u00e3o, o incentivo e o gerenciamento de <strong>projetos <\/strong>e <strong>programas <\/strong>de natureza <strong>intelectual <\/strong>ou <strong>material <\/strong>e de atividades que promovam a <strong>melhoria <\/strong>das condi\u00e7\u00f5es necess\u00e1rias ao exerc\u00edcio da advocacia p\u00fablica e das atividades de cobran\u00e7a judicial e administrativa.<\/p>\n\n\n\n<p>Desse modo, o Conselho do Fundo Pr\u00f3-Jur\u00eddico, \u00f3rg\u00e3o de delibera\u00e7\u00e3o colegiada, \u00e9 o respons\u00e1vel por organizar e gerir esse fundo.<\/p>\n\n\n\n<h2 class=\"wp-block-heading\" id=\"h-orgao-de-apoio-estrategico\"><mark style=\"background-color:rgba(0, 0, 0, 0)\" class=\"has-inline-color has-vivid-cyan-blue-color\">\u00d3rg\u00e3o de apoio estrat\u00e9gico<\/mark><\/h2>\n\n\n\n<p>H\u00e1 apenas um \u00f3rg\u00e3o de apoio estrat\u00e9gico, sendo ele a Procuradoria Especial de Gest\u00e3o Estrat\u00e9gica, Estudos e Inova\u00e7\u00e3o, a qual \u00e9 diretamente subordinada ao Procurador-Geral do Distrito Federal.<\/p>\n\n\n\n<h3 class=\"wp-block-heading\" id=\"h-procuradoria-especial-de-gestao-estrategica-estudos-e-inovacao\"><mark style=\"background-color:rgba(0, 0, 0, 0)\" class=\"has-inline-color has-vivid-purple-color\">Procuradoria Especial de Gest\u00e3o Estrat\u00e9gica, Estudos e Inova\u00e7\u00e3o<\/mark><\/h3>\n\n\n\n<p>Ela possui algumas compet\u00eancias, como a presta\u00e7\u00e3o de <strong>assist\u00eancia <\/strong>ao Procurador-Geral em assuntos de <strong>gest\u00e3o estrat\u00e9gica<\/strong>, <strong>estudos <\/strong>e <strong>inova\u00e7\u00e3o<\/strong>; al\u00e9m de planejar e coordenar a\u00e7\u00f5es e iniciativas para prospec\u00e7\u00e3o e planejamento de programas e projetos <strong>estrat\u00e9gicos<\/strong>, estudos e inova\u00e7\u00e3o e consecu\u00e7\u00e3o dos respectivos recursos; planejar e coordenar a gest\u00e3o do conhecimento no \u00e2mbito da Procuradoria-Geral; entre outras.<\/p>\n\n\n\n<p><a><\/a>Ela \u00e9 formada por 2 n\u00facleos:<\/p>\n\n\n\n<ul class=\"wp-block-list\"><li><strong><mark style=\"background-color:rgba(0, 0, 0, 0)\" class=\"has-inline-color has-vivid-cyan-blue-color\">N\u00facleo de Projetos Estrat\u00e9gicos e Inova\u00e7\u00e3o<\/mark><\/strong><\/li><\/ul>\n\n\n\n<p>Esta \u00e9 uma unidade org\u00e2nica de execu\u00e7\u00e3o, a qual compete, dentre outras fun\u00e7\u00f5es, <a><\/a>desenvolver, propor e gerenciar pol\u00edticas, metodologias, procedimentos e formul\u00e1rios para a gest\u00e3o de projetos estrat\u00e9gicos e de inova\u00e7\u00e3o.<\/p>\n\n\n\n<ul class=\"wp-block-list\"><li><strong><mark style=\"background-color:rgba(0, 0, 0, 0)\" class=\"has-inline-color has-vivid-cyan-blue-color\">N\u00facleo de Processos de Trabalho<\/mark><\/strong><\/li><\/ul>\n\n\n\n<p>Tamb\u00e9m \u00e9 uma unidade org\u00e2nica de execu\u00e7\u00e3o, a qual compete, dentre outras fun\u00e7\u00f5es, <a><\/a>desenvolver, propor e disseminar melhores pr\u00e1ticas, pol\u00edticas, metodologias, procedimentos e ferramentas para a gest\u00e3o de processos de trabalho.<\/p>\n\n\n\n<h2 class=\"wp-block-heading\" id=\"h-orgaos-de-assessoramento-superior\"><mark style=\"background-color:rgba(0, 0, 0, 0)\" class=\"has-inline-color has-vivid-cyan-blue-color\">\u00d3rg\u00e3os de assessoramento superior:<\/mark><\/h2>\n\n\n\n<p><a><\/a>S\u00e3o quatro os \u00f3rg\u00e3os de assessoramento superior:<\/p>\n\n\n\n<ul class=\"wp-block-list\"><li><strong>Assessoria Especial;<\/strong><\/li><li><strong>Diretoria de Suporte Administrativo;<\/strong><\/li><li><strong>Assessoria de Comunica\u00e7\u00e3o;<\/strong><\/li><li><strong>Ouvidoria<\/strong>.<\/li><\/ul>\n\n\n\n<h3 class=\"wp-block-heading\" id=\"h-assessoria-especial\"><mark style=\"background-color:rgba(0, 0, 0, 0)\" class=\"has-inline-color has-vivid-purple-color\">Assessoria Especial<\/mark><\/h3>\n\n\n\n<p>A Assessoria Especial \u00e9 diretamente subordinada ao Procurador-Geral do Distrito Federal.<\/p>\n\n\n\n<p>Desse modo, como o pr\u00f3prio nome sugere, ela \u00e9 a respons\u00e1vel por <strong><mark style=\"background-color:rgba(0, 0, 0, 0)\" class=\"has-inline-color has-vivid-cyan-blue-color\">assessorar<\/mark><\/strong>, direta e imediatamente, o <strong>Procurador-Geral,<\/strong> em sua <strong>representa\u00e7\u00e3o pol\u00edtica e social<\/strong>, na organiza\u00e7\u00e3o e controle de sua <strong>agenda <\/strong>institucional, entre outros assuntos.<\/p>\n\n\n\n<p>Al\u00e9m disso, ela tamb\u00e9m assessora o <strong>Procurador-Geral<\/strong>, os <strong>Procuradores-Gerais Adjuntos<\/strong> e o <strong>Secret\u00e1rio-Geral<\/strong> quanto ao servi\u00e7o de secretariado em geral, \u00e0 an\u00e1lise de <strong>documentos <\/strong>e <strong>correspond\u00eancias <\/strong>que lhes forem endere\u00e7adas, ao<strong> agendamento de audi\u00eancias<\/strong> internas e externas, entre outros casos.<\/p>\n\n\n\n<h3 class=\"wp-block-heading\" id=\"h-diretoria-de-suporte-administrativo\"><mark style=\"background-color:rgba(0, 0, 0, 0)\" class=\"has-inline-color has-vivid-purple-color\">Diretoria de Suporte Administrativo<\/mark><\/h3>\n\n\n\n<p>\u00c0 Diretoria de Suporte Administrativo do Gabinete, unidade org\u00e2nica de dire\u00e7\u00e3o, diretamente subordinada ao Procurador-Geral, compete planejar, dirigir, coordenar e supervisionar as <strong><mark style=\"background-color:rgba(0, 0, 0, 0)\" class=\"has-inline-color has-vivid-cyan-blue-color\">atividades de controle de processos e documentos<\/mark><\/strong> dos \u00f3rg\u00e3os do Gabinete, da Procuradoria-Geral do Consultivo, da Procuradoria Especial de Defesa da Constitucionalidade e da Procuradoria Especial dos Tribunais Superiores e Demandas Estrat\u00e9gicas.<\/p>\n\n\n\n<p>Al\u00e9m disso, ela dirige as <strong>atividades de apoio administrativo<\/strong>, publica no <strong>Di\u00e1rio Oficial<\/strong> do Distrito Federal os atos do Procurador-Geral e os atos de interesse da Procuradoria-Geral, diagrama o <strong>Boletim Interno<\/strong> da Procuradoria-Geral, entre outras fun\u00e7\u00f5es administrativas.<\/p>\n\n\n\n<h3 class=\"wp-block-heading\" id=\"h-assessoria-de-comunicacao\"><mark style=\"background-color:rgba(0, 0, 0, 0)\" class=\"has-inline-color has-vivid-purple-color\">Assessoria de Comunica\u00e7\u00e3o<\/mark><\/h3>\n\n\n\n<p>Por sua vez, a Assessoria de Comunica\u00e7\u00e3o da PGDF \u00e9 a respons\u00e1vel por prestar assist\u00eancia nos assuntos de<strong><mark style=\"background-color:rgba(0, 0, 0, 0)\" class=\"has-inline-color has-vivid-cyan-blue-color\"> comunica\u00e7\u00e3o social<\/mark><\/strong>, promovendo a divulga\u00e7\u00e3o de atos e a\u00e7\u00f5es de interesse da Procuradoria-Geral, bem como por promover a <strong>comunica\u00e7\u00e3o interna e institucional da PGDF<\/strong>.<\/p>\n\n\n\n<p>Al\u00e9m disso, ela <a><\/a>elabora e prop\u00f5e pol\u00edticas, planos, metodologias, sistem\u00e1ticas e outros instrumentos de planejamento relacionados \u00e0 comunica\u00e7\u00e3o social; dentre outras fun\u00e7\u00f5es relacionadas.<\/p>\n\n\n\n<h3 class=\"wp-block-heading\" id=\"h-ouvidoria\"><mark style=\"background-color:rgba(0, 0, 0, 0)\" class=\"has-inline-color has-vivid-purple-color\">Ouvidoria<\/mark><\/h3>\n\n\n\n<p>A Ouvidoria, \u00f3rg\u00e3o de assessoramento superior, diretamente subordinada ao Procurador-Geral do Distrito Federal, sob orienta\u00e7\u00e3o normativa da Controladoria Geral do Distrito Federal e supervis\u00e3o t\u00e9cnica da Ouvidoria-Geral do Distrito Federal, tem como <strong><mark style=\"background-color:rgba(0, 0, 0, 0)\" class=\"has-inline-color has-vivid-cyan-blue-color\">compet\u00eancias<\/mark><\/strong>:<\/p>\n\n\n\n<ul class=\"wp-block-list\"><li>facilitar o <strong>acesso do cidad\u00e3o<\/strong> ao servi\u00e7o de <strong>ouvidoria<\/strong>;<\/li><li>atender com <strong>cortesia <\/strong>e <strong>respeito <\/strong>\u00e0 quest\u00e3o apresentada, afastando-se de qualquer discrimina\u00e7\u00e3o ou prejulgamento;<\/li><li><strong>registrar <\/strong>as <strong>manifesta\u00e7\u00f5es <\/strong>recebidas no sistema informatizado;<\/li><li><strong>responder<\/strong> \u00e0s <strong>manifesta\u00e7\u00f5es <\/strong>recebidas;<\/li><li>encaminhar as manifesta\u00e7\u00f5es recebidas \u00e0 \u00e1rea competente do \u00f3rg\u00e3o ou da entidade em que se encontra, acompanhando a sua aprecia\u00e7\u00e3o; dentre outras.<\/li><\/ul>\n\n\n\n<h2 class=\"wp-block-heading\" id=\"h-orgaos-executivos-do-sistema-juridico-do-distrito-federal\"><mark style=\"background-color:rgba(0, 0, 0, 0)\" class=\"has-inline-color has-vivid-cyan-blue-color\">\u00d3rg\u00e3os executivos do sistema jur\u00eddico do Distrito Federal<\/mark><\/h2>\n\n\n\n<p>H\u00e1 cinco \u00f3rg\u00e3os executivos do sistema jur\u00eddico do Distrito Federal, os quais est\u00e3o dispostos logo abaixo:<\/p>\n\n\n\n<ul class=\"wp-block-list\"><li>Procuradoria-Geral do <strong>Contencioso<\/strong>;<\/li><li>Procuradoria-Geral do <strong>Consultivo<\/strong>;<\/li><li>Procuradoria-Geral da <strong>Fazenda Distrital<\/strong>;<\/li><li>Procuradoria Especial de <strong>Defesa da Constitucionalidade<\/strong>;<\/li><li>Procuradoria Especial dos <strong>Tribunais Superiores e Demandas Estrat\u00e9gicas<\/strong>.<\/li><\/ul>\n\n\n\n<h3 class=\"wp-block-heading\" id=\"h-procuradoria-geral-do-contencioso\"><mark style=\"background-color:rgba(0, 0, 0, 0)\" class=\"has-inline-color has-vivid-purple-color\">Procuradoria-Geral do Contencioso<\/mark><\/h3>\n\n\n\n<p>A Procuradoria-Geral do Contencioso, diretamente subordinada ao Procurador-Geral do Distrito Federal, \u00e9 competente para planejar, coordenar e orientar sob os <strong>aspectos jur\u00eddicos e administrativos<\/strong> as mat\u00e9rias <strong>n\u00e3o inclu\u00eddas<\/strong> na compet\u00eancia<strong> <\/strong>da <strong>Procuradoria-Geral da Fazenda Distrital<\/strong>.<\/p>\n\n\n\n<p>Al\u00e9m disso, ela exerce a<strong><mark style=\"background-color:rgba(0, 0, 0, 0)\" class=\"has-inline-color has-vivid-cyan-blue-color\"> representa\u00e7\u00e3o judicial e extrajudicial <\/mark><\/strong>do Distrito Federal, suas autarquias e funda\u00e7\u00f5es, ativa ou passivamente, como parte ou terceiro interessado, nas mat\u00e9rias <strong>n\u00e3o inclu\u00eddas<\/strong> na compet\u00eancia da <strong>Procuradoria-Geral da Fazenda Distrital<\/strong>.<\/p>\n\n\n\n<p>Ademais, ela tamb\u00e9m pode promover a <strong>media\u00e7\u00e3o <\/strong>e a <strong>concilia\u00e7\u00e3o <\/strong>em a\u00e7\u00f5es e procedimentos na sua \u00e1rea de atua\u00e7\u00e3o; promover a<strong> interven\u00e7\u00e3o processual an\u00f4mala<\/strong> do Distrito Federal, suas autarquias e funda\u00e7\u00f5es; orientar sobre a forma de cumprimento de decis\u00f5es judiciais e pedidos de extens\u00e3o de julgados; solicitar ao Procurador-Geral autoriza\u00e7\u00e3o para celebra\u00e7\u00e3o de acordo ou transa\u00e7\u00e3o na sua \u00e1rea de atua\u00e7\u00e3o, ressalvada hip\u00f3tese legal espec\u00edfica; entre outras fun\u00e7\u00f5es.<\/p>\n\n\n\n<p>Ela \u00e9 dividida nas seguintes procuradorias:<\/p>\n\n\n\n<ul class=\"wp-block-list\"><li>Procuradoria do Contencioso em Mat\u00e9ria <strong>Celetista e de Responsabilidade Subsidi\u00e1ria<\/strong>;<\/li><li>Procuradoria do Contencioso em Mat\u00e9ria de<strong> Pessoal Estatut\u00e1rio<\/strong>;<\/li><li>Procuradoria do Contencioso em Mat\u00e9ria de <strong>Pessoal de Seguran\u00e7a P\u00fablica e Estatutos Especiais<\/strong>;<\/li><li>Procuradoria do Contencioso em Mat\u00e9ria de <strong>Sa\u00fade P\u00fablica<\/strong>;<\/li><li>Procuradoria do Contencioso em Mat\u00e9ria de <strong>Meio Ambiente e Patrim\u00f4nio Urban\u00edstico e Imobili\u00e1rio<\/strong>;<\/li><li>Procuradoria do Contencioso em Mat\u00e9ria de <strong>Licita\u00e7\u00f5es e Contratos, Responsabilidade Civil e Mat\u00e9ria Residual<\/strong>;<\/li><li>Procuradoria do Contencioso em <strong>Execu\u00e7\u00f5es e Cumprimento de Senten\u00e7as<\/strong>;<\/li><li>Procuradoria do Contencioso em <strong>Precat\u00f3rios e Requisi\u00e7\u00f5es de Pequeno Valor<\/strong>;<\/li><li>C\u00e2mara de <strong>Media\u00e7\u00e3o e Concilia\u00e7\u00e3o<\/strong>;<\/li><li>Diretoria de <strong>Suporte Administrativo<\/strong>;<\/li><\/ul>\n\n\n\n<h3 class=\"wp-block-heading\" id=\"h-procuradoria-geral-do-consultivo\"><mark style=\"background-color:rgba(0, 0, 0, 0)\" class=\"has-inline-color has-vivid-purple-color\">Procuradoria-Geral do Consultivo<\/mark><\/h3>\n\n\n\n<p>\u00c0 Procuradoria-Geral do Consultivo, \u00f3rg\u00e3o executivo do Sistema Jur\u00eddico do Distrito Federal, diretamente subordinada ao Procurador-Geral do Distrito Federal, compete exercer a<strong><mark style=\"background-color:rgba(0, 0, 0, 0)\" class=\"has-inline-color has-vivid-cyan-blue-color\"> consultoria jur\u00eddica<\/mark><\/strong> do Distrito Federal, suas autarquias e funda\u00e7\u00f5es, mediante orienta\u00e7\u00e3o jur\u00eddico-normativa e supervis\u00e3o t\u00e9cnica do Sistema Jur\u00eddico do Distrito Federal.<\/p>\n\n\n\n<p>Al\u00e9m disso, ela \u00e9 competente para <strong>examinar <\/strong>previamente <strong>minutas<\/strong> de <strong>editais <\/strong>de licita\u00e7\u00e3o, de contratos, acordos, conv\u00eanios, ajustes e instrumentos cong\u00eaneres de interesse do Distrito Federal, observados os crit\u00e9rios estabelecidos em ato do Procurador-Geral; bem como para elaborar ou examinar <strong>anteprojetos <\/strong>de leis de iniciativa do Poder Executivo e minutas de decretos; promover a <strong>uniformiza\u00e7\u00e3o da jurisprud\u00eancia administrativa<\/strong>; entre outras atribui\u00e7\u00f5es.<\/p>\n\n\n\n<h3 class=\"wp-block-heading\" id=\"h-procuradoria-geral-da-fazenda-distrital\"><mark style=\"background-color:rgba(0, 0, 0, 0)\" class=\"has-inline-color has-vivid-purple-color\">Procuradoria-Geral da Fazenda Distrital<\/mark><\/h3>\n\n\n\n<p>A Procuradoria-Geral da Fazenda Distrital \u00e9 tamb\u00e9m um \u00f3rg\u00e3o executivo do Sistema Jur\u00eddico do Distrito Federal, diretamente subordinada ao Procurador-Geral do Distrito Federal, \u00e0 qual compete planejar, coordenar e orientar sob os aspectos jur\u00eddicos e administrativos as <strong><mark style=\"background-color:rgba(0, 0, 0, 0)\" class=\"has-inline-color has-vivid-cyan-blue-color\">mat\u00e9rias tribut\u00e1ria e financeira<\/mark><\/strong>.<\/p>\n\n\n\n<p>Al\u00e9m disso, ela exerce a<strong> representa\u00e7\u00e3o judicial e extrajudicial<\/strong> do Distrito Federal, suas autarquias e funda\u00e7\u00f5es, em rela\u00e7\u00e3o \u00e0s <strong>mat\u00e9rias tribut\u00e1ria e financeira<\/strong> e \u00e0 recupera\u00e7\u00e3o do cr\u00e9dito fiscal inscrito em d\u00edvida ativa relacionado a fal\u00eancias, sucess\u00f5es e outros feitos especiais.<\/p>\n\n\n\n<p>Ademais, cabe a ela efetuar a cobran\u00e7a judicial dos <strong><mark style=\"background-color:rgba(0, 0, 0, 0)\" class=\"has-inline-color has-vivid-cyan-blue-color\">d\u00e9bitos inscritos em d\u00edvida ativa<\/mark><\/strong>; bem como a inscri\u00e7\u00e3o e a gest\u00e3o da d\u00edvida ativa tribut\u00e1ria e n\u00e3o tribut\u00e1ria, concomitantemente com a Secretaria de Estado de Economia do Distrito Federal.<\/p>\n\n\n\n<p>Ela \u00e9 composta pela:<\/p>\n\n\n\n<ul class=\"wp-block-list\"><li><strong>Coordena\u00e7\u00e3o de Gest\u00e3o Fiscal<\/strong>:<ul><li>N\u00facleo de <strong>Processos Administrativos Fiscais<\/strong>;<\/li><\/ul><ul><li>Diretoria de<strong> Grandes Devedore<\/strong>s;<\/li><\/ul><ul><li>Ger\u00eancia de <strong>M\u00e9dios Devedores<\/strong>;<\/li><\/ul><ul><li>Ger\u00eancia de <strong>Pequenos Devedores<\/strong>;<\/li><\/ul><ul><li>Ger\u00eancia de <strong>Fal\u00eancias e Invent\u00e1rios<\/strong>;<\/li><\/ul><ul><li>Diretoria de I<strong>nscri\u00e7\u00e3o e Ajuizamento da D\u00edvida Ativa<\/strong>;<\/li><\/ul><\/li><li><strong>Diretoria de Suporte Administrativo<\/strong>.<\/li><\/ul>\n\n\n\n<h3 class=\"wp-block-heading\" id=\"h-procuradoria-especial-de-defesa-da-constitucionalidade\"><mark style=\"background-color:rgba(0, 0, 0, 0)\" class=\"has-inline-color has-vivid-purple-color\">Procuradoria Especial de Defesa da Constitucionalidade<\/mark><\/h3>\n\n\n\n<p>A Procuradoria Especial de Defesa da Constitucionalidade \u00e9 o \u00f3rg\u00e3o que realiza a <strong>assist\u00eancia <\/strong>ao Governador do Distrito Federal e ao Procurador-Geral nas <strong><mark style=\"background-color:rgba(0, 0, 0, 0)\" class=\"has-inline-color has-vivid-cyan-blue-color\">a\u00e7\u00f5es do controle concentrado<\/mark><\/strong> de <strong>constitucionalidade <\/strong>perante o STF e o TJDFT, nos incidentes de argui\u00e7\u00e3o de <strong>inconstitucionalidade <\/strong>perante todos os Tribunais; bem como nas <strong>reclama\u00e7\u00f5es <\/strong>relativas \u00e0s a\u00e7\u00f5es do controle concentrado de constitucionalidade, na sua \u00e1rea de atua\u00e7\u00e3o; entre outras fun\u00e7\u00f5es relacionadas.<\/p>\n\n\n\n<h3 class=\"wp-block-heading\" id=\"h-procuradoria-especial-dos-tribunais-superiores-e-demandas-estrategicas\"><mark style=\"background-color:rgba(0, 0, 0, 0)\" class=\"has-inline-color has-vivid-purple-color\">Procuradoria Especial dos Tribunais Superiores e Demandas Estrat\u00e9gicas<\/mark><\/h3>\n\n\n\n<p>Por fim, a Procuradoria Especial dos Tribunais Superiores e Demandas Estrat\u00e9gicas possui como atribui\u00e7\u00f5es <strong><mark style=\"background-color:rgba(0, 0, 0, 0)\" class=\"has-inline-color has-vivid-cyan-blue-color\">representar o Distrito Federal<\/mark><\/strong>, suas autarquias e funda\u00e7\u00f5es <strong>perante o Superior Tribunal de Justi\u00e7a e o Supremo Tribunal Federal<\/strong>; bem como comunicar aos entes p\u00fablicos distritais informa\u00e7\u00f5es relativas \u00e0s a\u00e7\u00f5es e procedimentos administrativos na sua \u00e1rea de atua\u00e7\u00e3o.<\/p>\n\n\n\n<h2 class=\"wp-block-heading\" id=\"h-finalizando\"><mark style=\"background-color:rgba(0, 0, 0, 0)\" class=\"has-inline-color has-vivid-cyan-blue-color\">Finalizando<\/mark><\/h2>\n\n\n\n<p>Galera! Chegamos ao final do nosso primeiro artigo sobre o Regimento Interno da Procuradoria-Geral do Distrito Federal, disposto no Decreto 42.094\/21, para o concurso da&nbsp;PGDF.<\/p>\n\n\n\n<p>Ressaltamos ainda, que, para a sua aprova\u00e7\u00e3o, \u00e9&nbsp;<strong>importante&nbsp;<\/strong>a<strong>&nbsp;leitura do decreto <\/strong>citado aqui. Esse artigo \u00e9 apenas uma an\u00e1lise mais simplificada dessa norma.<\/p>\n\n\n\n<p>Caso queira se preparar para chegar&nbsp;<strong>competitivo&nbsp;<\/strong>nesta prova, invista nos&nbsp;<strong><a href=\"https:\/\/www.estrategiaconcursos.com.br\/cursosPorConcurso\/procuradoria-geral-do-distrito-federal-pg-df-procurador\/\" target=\"_blank\" rel=\"noreferrer noopener\">cursos para a PGDF<\/a><\/strong>&nbsp;do&nbsp;<strong>Estrat\u00e9gia Concursos<\/strong>.&nbsp;L\u00e1 voc\u00ea encontrar\u00e1&nbsp;<strong>aulas completas e detalhadas, com os melhores professores do mercado<\/strong>,&nbsp;de todos os t\u00f3picos exigidos no edital deste concurso.<\/p>\n\n\n\n<p>Conhe\u00e7a tamb\u00e9m o<strong>&nbsp;<a href=\"https:\/\/questoes.estrategiaconcursos.com.br\/\" target=\"_blank\" rel=\"noreferrer noopener\">Sistema de Quest\u00f5es do Estrat\u00e9gia<\/a><\/strong>. Afinal, a \u00fanica maneira de&nbsp;<strong>consolidar o conte\u00fado&nbsp;<\/strong>de maneira satisfat\u00f3ria \u00e9 atrav\u00e9s da&nbsp;<strong>resolu\u00e7\u00e3o de quest\u00f5es.<\/strong><\/p>\n\n\n\n<p>Bons estudos a todos!<\/p>\n\n\n\n<h2 class=\"has-text-align-center wp-block-heading\" id=\"h-cursos-e-assinaturas\">Cursos e Assinaturas <\/h2>\n\n\n\n<p>Prepare-se com o melhor material e com quem mais aprova em Concursos P\u00fablicos em todo o pa\u00eds!<\/p>\n\n\n\n<p class=\"has-text-align-center has-vivid-cyan-blue-color has-text-color has-background\" style=\"background-color:#0078bd\"><a href=\"https:\/\/www.estrategiaconcursos.com.br\/blog\/concursos-abertos\/\" target=\"_blank\" rel=\"noreferrer noopener\"><strong><span class=\"has-inline-color has-white-color\">Concursos abertos<\/span><\/strong><\/a><\/p>\n\n\n\n<p class=\"has-text-align-center has-vivid-cyan-blue-color has-text-color has-background\" style=\"background-color:#0072b4\"><strong><a href=\"https:\/\/www.estrategiaconcursos.com.br\/blog\/concursos-2022\/\" target=\"_blank\" rel=\"noreferrer noopener\"><span class=\"has-inline-color has-white-color\">Concursos 2022<\/span><\/a><\/strong><\/p>\n\n\n\n<div class=\"container\" id=\"boxes\">\n  <div class=\"row\">\n    <div class=\"col-sm\">\n      <div class=\"estrategia\" id=\"box-assinatura\">\n        <h3 class=\"titulo-assinatura\">Assinatura de Concursos<\/h3>\n        <p class=\"subtitulo-assinatura\">Assinatura de 1 ano ou 2 anos<\/p>\n        <div class=\"box-botao\">\n          <a class=\"btn-assinatura\" target=\"_blank\" href=\"https:\/\/www.estrategiaconcursos.com.br\/assinaturas\/\" role=\"button\" rel=\"noopener noreferrer\">ASSINE AGORA<\/a>\n        <\/div>\n      <\/div>\n      \n    <\/div><\/div><\/div>\n","protected":false},"excerpt":{"rendered":"<p>Veja aqui um resumo do Regimento Interno da Procuradoria-Geral do Distrito Federal, disposto no Decreto 42.094\/21, para o concurso da&nbsp;PGDF. Ol\u00e1, pessoal! Tudo joia? O edital da&nbsp;PGDF (Procuradoria-Geral do Distrito Federal) foi publicado. Est\u00e3o sendo ofertadas 65 vagas,&nbsp;mais cadastro reserva, para a classe inicial de&nbsp;Procurador&nbsp;do Distrito Federal, com remunera\u00e7\u00e3o inicial de R$ 22.589,59. Dessa forma, [&hellip;]<\/p>\n","protected":false},"author":1976,"featured_media":1022394,"comment_status":"open","ping_status":"closed","sticky":false,"template":"","format":"standard","meta":{"post_tipo":"article","footnotes":""},"categories":[220196],"tags":[],"tax_estado":[219970],"class_list":["post-1022360","post","type-post","status-publish","format-standard","has-post-thumbnail","hentry","category-procuradorias","tax_estado-df"],"acf":[],"yoast_head":"<!-- This site is optimized with the Yoast SEO Premium plugin v27.2 (Yoast SEO v27.2) - https:\/\/yoast.com\/product\/yoast-seo-premium-wordpress\/ -->\n<title>Resumo do Regimento Interno da Procuradoria-Geral do DF para a PGDF<\/title>\n<meta name=\"description\" content=\"Veja aqui um resumo do Regimento Interno da Procuradoria-Geral do Distrito Federal, disposto no Decreto 42.091\/21, para o concurso da\u00a0PGDF.\" \/>\n<meta name=\"robots\" content=\"index, follow, max-snippet:-1, max-image-preview:large, max-video-preview:-1\" \/>\n<link rel=\"canonical\" href=\"https:\/\/www.estrategiaconcursos.com.br\/blog\/regimento-interno-pgdf\/\" \/>\n<meta property=\"og:locale\" content=\"pt_BR\" \/>\n<meta property=\"og:type\" content=\"article\" \/>\n<meta property=\"og:title\" content=\"Resumo do Regimento Interno da Procuradoria-Geral do DF para a PGDF\" \/>\n<meta property=\"og:description\" content=\"Veja aqui um resumo do Regimento Interno da Procuradoria-Geral do Distrito Federal, disposto no Decreto 42.091\/21, para o concurso da\u00a0PGDF.\" \/>\n<meta property=\"og:url\" content=\"https:\/\/www.estrategiaconcursos.com.br\/blog\/regimento-interno-pgdf\/\" \/>\n<meta property=\"og:site_name\" content=\"Estrat\u00e9gia Concursos\" \/>\n<meta property=\"article:published_time\" content=\"2022-05-31T16:29:00+00:00\" \/>\n<meta property=\"article:modified_time\" content=\"2022-05-31T18:05:18+00:00\" \/>\n<meta property=\"og:image\" content=\"https:\/\/dhg1h5j42swfq.cloudfront.net\/2022\/05\/05152650\/image-85.png\" \/>\n\t<meta property=\"og:image:width\" content=\"498\" \/>\n\t<meta property=\"og:image:height\" content=\"281\" \/>\n\t<meta property=\"og:image:type\" content=\"image\/png\" \/>\n<meta name=\"author\" content=\"Kassio Henrique Sobral Rocha\" \/>\n<meta name=\"twitter:card\" content=\"summary_large_image\" \/>\n<meta name=\"twitter:creator\" content=\"@EstratConcursos\" \/>\n<meta name=\"twitter:site\" content=\"@EstratConcursos\" \/>\n<meta name=\"twitter:label1\" content=\"Escrito por\" \/>\n\t<meta name=\"twitter:data1\" content=\"Kassio Henrique Sobral Rocha\" \/>\n\t<meta name=\"twitter:label2\" content=\"Est. tempo de leitura\" \/>\n\t<meta name=\"twitter:data2\" content=\"13 minutos\" \/>\n<script type=\"application\/ld+json\" class=\"yoast-schema-graph\">{\"@context\":\"https:\/\/schema.org\",\"@graph\":[{\"@type\":\"NewsArticle\",\"@id\":\"https:\/\/www.estrategiaconcursos.com.br\/blog\/regimento-interno-pgdf\/#article\",\"isPartOf\":{\"@id\":\"https:\/\/www.estrategiaconcursos.com.br\/blog\/regimento-interno-pgdf\/\"},\"author\":{\"name\":\"Kassio Henrique Sobral Rocha\",\"@id\":\"https:\/\/www.estrategiaconcursos.com.br\/blog\/#\/schema\/person\/f0c830e07cfe11c231c0ea5dbb036df5\"},\"headline\":\"Resumo do Regimento Interno da Procuradoria-Geral do DF para a PGDF\",\"datePublished\":\"2022-05-31T16:29:00+00:00\",\"dateModified\":\"2022-05-31T18:05:18+00:00\",\"mainEntityOfPage\":{\"@id\":\"https:\/\/www.estrategiaconcursos.com.br\/blog\/regimento-interno-pgdf\/\"},\"wordCount\":2624,\"commentCount\":0,\"publisher\":{\"@id\":\"https:\/\/www.estrategiaconcursos.com.br\/blog\/#organization\"},\"image\":{\"@id\":\"https:\/\/www.estrategiaconcursos.com.br\/blog\/regimento-interno-pgdf\/#primaryimage\"},\"thumbnailUrl\":\"https:\/\/dhg1h5j42swfq.cloudfront.net\/2022\/05\/05152650\/image-85.png\",\"articleSection\":[\"Jur\u00eddico - Procuradorias\"],\"inLanguage\":\"pt-BR\",\"potentialAction\":[{\"@type\":\"CommentAction\",\"name\":\"Comment\",\"target\":[\"https:\/\/www.estrategiaconcursos.com.br\/blog\/regimento-interno-pgdf\/#respond\"]}],\"copyrightYear\":\"2022\",\"copyrightHolder\":{\"@id\":\"https:\/\/www.estrategiaconcursos.com.br\/blog\/#organization\"}},{\"@type\":\"WebPage\",\"@id\":\"https:\/\/www.estrategiaconcursos.com.br\/blog\/regimento-interno-pgdf\/\",\"url\":\"https:\/\/www.estrategiaconcursos.com.br\/blog\/regimento-interno-pgdf\/\",\"name\":\"Resumo do Regimento Interno da Procuradoria-Geral do DF para a PGDF\",\"isPartOf\":{\"@id\":\"https:\/\/www.estrategiaconcursos.com.br\/blog\/#website\"},\"primaryImageOfPage\":{\"@id\":\"https:\/\/www.estrategiaconcursos.com.br\/blog\/regimento-interno-pgdf\/#primaryimage\"},\"image\":{\"@id\":\"https:\/\/www.estrategiaconcursos.com.br\/blog\/regimento-interno-pgdf\/#primaryimage\"},\"thumbnailUrl\":\"https:\/\/dhg1h5j42swfq.cloudfront.net\/2022\/05\/05152650\/image-85.png\",\"datePublished\":\"2022-05-31T16:29:00+00:00\",\"dateModified\":\"2022-05-31T18:05:18+00:00\",\"description\":\"Veja aqui um resumo do Regimento Interno da Procuradoria-Geral do Distrito Federal, disposto no Decreto 42.091\/21, para o concurso da\u00a0PGDF.\",\"breadcrumb\":{\"@id\":\"https:\/\/www.estrategiaconcursos.com.br\/blog\/regimento-interno-pgdf\/#breadcrumb\"},\"inLanguage\":\"pt-BR\",\"potentialAction\":[{\"@type\":\"ReadAction\",\"target\":[\"https:\/\/www.estrategiaconcursos.com.br\/blog\/regimento-interno-pgdf\/\"]}]},{\"@type\":\"ImageObject\",\"inLanguage\":\"pt-BR\",\"@id\":\"https:\/\/www.estrategiaconcursos.com.br\/blog\/regimento-interno-pgdf\/#primaryimage\",\"url\":\"https:\/\/dhg1h5j42swfq.cloudfront.net\/2022\/05\/05152650\/image-85.png\",\"contentUrl\":\"https:\/\/dhg1h5j42swfq.cloudfront.net\/2022\/05\/05152650\/image-85.png\",\"width\":498,\"height\":281,\"caption\":\"\u00d3rg\u00e3o de Apoio no Regimento Interno da PGDF\"},{\"@type\":\"BreadcrumbList\",\"@id\":\"https:\/\/www.estrategiaconcursos.com.br\/blog\/regimento-interno-pgdf\/#breadcrumb\",\"itemListElement\":[{\"@type\":\"ListItem\",\"position\":1,\"name\":\"In\u00edcio\",\"item\":\"https:\/\/www.estrategiaconcursos.com.br\/blog\/\"},{\"@type\":\"ListItem\",\"position\":2,\"name\":\"Resumo do Regimento Interno da Procuradoria-Geral do DF para a PGDF\"}]},{\"@type\":\"WebSite\",\"@id\":\"https:\/\/www.estrategiaconcursos.com.br\/blog\/#website\",\"url\":\"https:\/\/www.estrategiaconcursos.com.br\/blog\/\",\"name\":\"Estrat\u00e9gia Concursos\",\"description\":\"O blog da Estrat\u00e9gia Concursos traz not\u00edcias sobre concursos e artigos de professores oferecendo cursos para concursos (pdf + videaulas) no site.\",\"publisher\":{\"@id\":\"https:\/\/www.estrategiaconcursos.com.br\/blog\/#organization\"},\"potentialAction\":[{\"@type\":\"SearchAction\",\"target\":{\"@type\":\"EntryPoint\",\"urlTemplate\":\"https:\/\/www.estrategiaconcursos.com.br\/blog\/?s={search_term_string}\"},\"query-input\":{\"@type\":\"PropertyValueSpecification\",\"valueRequired\":true,\"valueName\":\"search_term_string\"}}],\"inLanguage\":\"pt-BR\"},{\"@type\":\"Organization\",\"@id\":\"https:\/\/www.estrategiaconcursos.com.br\/blog\/#organization\",\"name\":\"Estrat\u00e9gia Concursos\",\"url\":\"https:\/\/www.estrategiaconcursos.com.br\/blog\/\",\"logo\":{\"@type\":\"ImageObject\",\"inLanguage\":\"pt-BR\",\"@id\":\"https:\/\/www.estrategiaconcursos.com.br\/blog\/#\/schema\/logo\/image\/\",\"url\":\"https:\/\/dhg1h5j42swfq.cloudfront.net\/2025\/06\/03203428\/logo_concursos-1.jpg\",\"contentUrl\":\"https:\/\/dhg1h5j42swfq.cloudfront.net\/2025\/06\/03203428\/logo_concursos-1.jpg\",\"width\":230,\"height\":60,\"caption\":\"Estrat\u00e9gia Concursos\"},\"image\":{\"@id\":\"https:\/\/www.estrategiaconcursos.com.br\/blog\/#\/schema\/logo\/image\/\"},\"sameAs\":[\"https:\/\/x.com\/EstratConcursos\"]},{\"@type\":\"Person\",\"@id\":\"https:\/\/www.estrategiaconcursos.com.br\/blog\/#\/schema\/person\/f0c830e07cfe11c231c0ea5dbb036df5\",\"name\":\"Kassio Henrique Sobral Rocha\",\"image\":{\"@type\":\"ImageObject\",\"inLanguage\":\"pt-BR\",\"@id\":\"https:\/\/secure.gravatar.com\/avatar\/d10350cbdad043facd8ec77a377f86f9026afee3348e463b04854fd4490ce759?s=96&d=mm&r=g\",\"url\":\"https:\/\/secure.gravatar.com\/avatar\/d10350cbdad043facd8ec77a377f86f9026afee3348e463b04854fd4490ce759?s=96&d=mm&r=g\",\"contentUrl\":\"https:\/\/secure.gravatar.com\/avatar\/d10350cbdad043facd8ec77a377f86f9026afee3348e463b04854fd4490ce759?s=96&d=mm&r=g\",\"caption\":\"Kassio Henrique Sobral Rocha\"},\"url\":\"https:\/\/www.estrategiaconcursos.com.br\/blog\/author\/kassio-rochayahoo-com-br\/\"}]}<\/script>\n<!-- \/ Yoast SEO Premium plugin. -->","yoast_head_json":{"title":"Resumo do Regimento Interno da Procuradoria-Geral do DF para a PGDF","description":"Veja aqui um resumo do Regimento Interno da Procuradoria-Geral do Distrito Federal, disposto no Decreto 42.091\/21, para o concurso da\u00a0PGDF.","robots":{"index":"index","follow":"follow","max-snippet":"max-snippet:-1","max-image-preview":"max-image-preview:large","max-video-preview":"max-video-preview:-1"},"canonical":"https:\/\/www.estrategiaconcursos.com.br\/blog\/regimento-interno-pgdf\/","og_locale":"pt_BR","og_type":"article","og_title":"Resumo do Regimento Interno da Procuradoria-Geral do DF para a PGDF","og_description":"Veja aqui um resumo do Regimento Interno da Procuradoria-Geral do Distrito Federal, disposto no Decreto 42.091\/21, para o concurso da\u00a0PGDF.","og_url":"https:\/\/www.estrategiaconcursos.com.br\/blog\/regimento-interno-pgdf\/","og_site_name":"Estrat\u00e9gia Concursos","article_published_time":"2022-05-31T16:29:00+00:00","article_modified_time":"2022-05-31T18:05:18+00:00","og_image":[{"width":498,"height":281,"url":"https:\/\/dhg1h5j42swfq.cloudfront.net\/2022\/05\/05152650\/image-85.png","type":"image\/png"}],"author":"Kassio Henrique Sobral Rocha","twitter_card":"summary_large_image","twitter_creator":"@EstratConcursos","twitter_site":"@EstratConcursos","twitter_misc":{"Escrito por":"Kassio Henrique Sobral Rocha","Est. tempo de leitura":"13 minutos"},"schema":{"@context":"https:\/\/schema.org","@graph":[{"@type":"NewsArticle","@id":"https:\/\/www.estrategiaconcursos.com.br\/blog\/regimento-interno-pgdf\/#article","isPartOf":{"@id":"https:\/\/www.estrategiaconcursos.com.br\/blog\/regimento-interno-pgdf\/"},"author":{"name":"Kassio Henrique Sobral Rocha","@id":"https:\/\/www.estrategiaconcursos.com.br\/blog\/#\/schema\/person\/f0c830e07cfe11c231c0ea5dbb036df5"},"headline":"Resumo do Regimento Interno da Procuradoria-Geral do DF para a PGDF","datePublished":"2022-05-31T16:29:00+00:00","dateModified":"2022-05-31T18:05:18+00:00","mainEntityOfPage":{"@id":"https:\/\/www.estrategiaconcursos.com.br\/blog\/regimento-interno-pgdf\/"},"wordCount":2624,"commentCount":0,"publisher":{"@id":"https:\/\/www.estrategiaconcursos.com.br\/blog\/#organization"},"image":{"@id":"https:\/\/www.estrategiaconcursos.com.br\/blog\/regimento-interno-pgdf\/#primaryimage"},"thumbnailUrl":"https:\/\/dhg1h5j42swfq.cloudfront.net\/2022\/05\/05152650\/image-85.png","articleSection":["Jur\u00eddico - Procuradorias"],"inLanguage":"pt-BR","potentialAction":[{"@type":"CommentAction","name":"Comment","target":["https:\/\/www.estrategiaconcursos.com.br\/blog\/regimento-interno-pgdf\/#respond"]}],"copyrightYear":"2022","copyrightHolder":{"@id":"https:\/\/www.estrategiaconcursos.com.br\/blog\/#organization"}},{"@type":"WebPage","@id":"https:\/\/www.estrategiaconcursos.com.br\/blog\/regimento-interno-pgdf\/","url":"https:\/\/www.estrategiaconcursos.com.br\/blog\/regimento-interno-pgdf\/","name":"Resumo do Regimento Interno da Procuradoria-Geral do DF para a PGDF","isPartOf":{"@id":"https:\/\/www.estrategiaconcursos.com.br\/blog\/#website"},"primaryImageOfPage":{"@id":"https:\/\/www.estrategiaconcursos.com.br\/blog\/regimento-interno-pgdf\/#primaryimage"},"image":{"@id":"https:\/\/www.estrategiaconcursos.com.br\/blog\/regimento-interno-pgdf\/#primaryimage"},"thumbnailUrl":"https:\/\/dhg1h5j42swfq.cloudfront.net\/2022\/05\/05152650\/image-85.png","datePublished":"2022-05-31T16:29:00+00:00","dateModified":"2022-05-31T18:05:18+00:00","description":"Veja aqui um resumo do Regimento Interno da Procuradoria-Geral do Distrito Federal, disposto no Decreto 42.091\/21, para o concurso da\u00a0PGDF.","breadcrumb":{"@id":"https:\/\/www.estrategiaconcursos.com.br\/blog\/regimento-interno-pgdf\/#breadcrumb"},"inLanguage":"pt-BR","potentialAction":[{"@type":"ReadAction","target":["https:\/\/www.estrategiaconcursos.com.br\/blog\/regimento-interno-pgdf\/"]}]},{"@type":"ImageObject","inLanguage":"pt-BR","@id":"https:\/\/www.estrategiaconcursos.com.br\/blog\/regimento-interno-pgdf\/#primaryimage","url":"https:\/\/dhg1h5j42swfq.cloudfront.net\/2022\/05\/05152650\/image-85.png","contentUrl":"https:\/\/dhg1h5j42swfq.cloudfront.net\/2022\/05\/05152650\/image-85.png","width":498,"height":281,"caption":"\u00d3rg\u00e3o de Apoio no Regimento Interno da PGDF"},{"@type":"BreadcrumbList","@id":"https:\/\/www.estrategiaconcursos.com.br\/blog\/regimento-interno-pgdf\/#breadcrumb","itemListElement":[{"@type":"ListItem","position":1,"name":"In\u00edcio","item":"https:\/\/www.estrategiaconcursos.com.br\/blog\/"},{"@type":"ListItem","position":2,"name":"Resumo do Regimento Interno da Procuradoria-Geral do DF para a PGDF"}]},{"@type":"WebSite","@id":"https:\/\/www.estrategiaconcursos.com.br\/blog\/#website","url":"https:\/\/www.estrategiaconcursos.com.br\/blog\/","name":"Estrat\u00e9gia Concursos","description":"O blog da Estrat\u00e9gia Concursos traz not\u00edcias sobre concursos e artigos de professores oferecendo cursos para concursos (pdf + videaulas) no site.","publisher":{"@id":"https:\/\/www.estrategiaconcursos.com.br\/blog\/#organization"},"potentialAction":[{"@type":"SearchAction","target":{"@type":"EntryPoint","urlTemplate":"https:\/\/www.estrategiaconcursos.com.br\/blog\/?s={search_term_string}"},"query-input":{"@type":"PropertyValueSpecification","valueRequired":true,"valueName":"search_term_string"}}],"inLanguage":"pt-BR"},{"@type":"Organization","@id":"https:\/\/www.estrategiaconcursos.com.br\/blog\/#organization","name":"Estrat\u00e9gia Concursos","url":"https:\/\/www.estrategiaconcursos.com.br\/blog\/","logo":{"@type":"ImageObject","inLanguage":"pt-BR","@id":"https:\/\/www.estrategiaconcursos.com.br\/blog\/#\/schema\/logo\/image\/","url":"https:\/\/dhg1h5j42swfq.cloudfront.net\/2025\/06\/03203428\/logo_concursos-1.jpg","contentUrl":"https:\/\/dhg1h5j42swfq.cloudfront.net\/2025\/06\/03203428\/logo_concursos-1.jpg","width":230,"height":60,"caption":"Estrat\u00e9gia Concursos"},"image":{"@id":"https:\/\/www.estrategiaconcursos.com.br\/blog\/#\/schema\/logo\/image\/"},"sameAs":["https:\/\/x.com\/EstratConcursos"]},{"@type":"Person","@id":"https:\/\/www.estrategiaconcursos.com.br\/blog\/#\/schema\/person\/f0c830e07cfe11c231c0ea5dbb036df5","name":"Kassio Henrique Sobral Rocha","image":{"@type":"ImageObject","inLanguage":"pt-BR","@id":"https:\/\/secure.gravatar.com\/avatar\/d10350cbdad043facd8ec77a377f86f9026afee3348e463b04854fd4490ce759?s=96&d=mm&r=g","url":"https:\/\/secure.gravatar.com\/avatar\/d10350cbdad043facd8ec77a377f86f9026afee3348e463b04854fd4490ce759?s=96&d=mm&r=g","contentUrl":"https:\/\/secure.gravatar.com\/avatar\/d10350cbdad043facd8ec77a377f86f9026afee3348e463b04854fd4490ce759?s=96&d=mm&r=g","caption":"Kassio Henrique Sobral Rocha"},"url":"https:\/\/www.estrategiaconcursos.com.br\/blog\/author\/kassio-rochayahoo-com-br\/"}]}},"_links":{"self":[{"href":"https:\/\/www.estrategiaconcursos.com.br\/blog\/wp-json\/wp\/v2\/posts\/1022360","targetHints":{"allow":["GET"]}}],"collection":[{"href":"https:\/\/www.estrategiaconcursos.com.br\/blog\/wp-json\/wp\/v2\/posts"}],"about":[{"href":"https:\/\/www.estrategiaconcursos.com.br\/blog\/wp-json\/wp\/v2\/types\/post"}],"author":[{"embeddable":true,"href":"https:\/\/www.estrategiaconcursos.com.br\/blog\/wp-json\/wp\/v2\/users\/1976"}],"replies":[{"embeddable":true,"href":"https:\/\/www.estrategiaconcursos.com.br\/blog\/wp-json\/wp\/v2\/comments?post=1022360"}],"version-history":[{"count":14,"href":"https:\/\/www.estrategiaconcursos.com.br\/blog\/wp-json\/wp\/v2\/posts\/1022360\/revisions"}],"predecessor-version":[{"id":1036994,"href":"https:\/\/www.estrategiaconcursos.com.br\/blog\/wp-json\/wp\/v2\/posts\/1022360\/revisions\/1036994"}],"wp:featuredmedia":[{"embeddable":true,"href":"https:\/\/www.estrategiaconcursos.com.br\/blog\/wp-json\/wp\/v2\/media\/1022394"}],"wp:attachment":[{"href":"https:\/\/www.estrategiaconcursos.com.br\/blog\/wp-json\/wp\/v2\/media?parent=1022360"}],"wp:term":[{"taxonomy":"category","embeddable":true,"href":"https:\/\/www.estrategiaconcursos.com.br\/blog\/wp-json\/wp\/v2\/categories?post=1022360"},{"taxonomy":"post_tag","embeddable":true,"href":"https:\/\/www.estrategiaconcursos.com.br\/blog\/wp-json\/wp\/v2\/tags?post=1022360"},{"taxonomy":"tax_estado","embeddable":true,"href":"https:\/\/www.estrategiaconcursos.com.br\/blog\/wp-json\/wp\/v2\/tax_estado?post=1022360"}],"curies":[{"name":"wp","href":"https:\/\/api.w.org\/{rel}","templated":true}]}}