{"id":10221,"date":"2013-06-12T09:42:58","date_gmt":"2013-06-12T09:42:58","guid":{"rendered":"https:\/\/www.estrategiaconcursos.com.br\/blog\/noticia\/publicado-o-edital-da-prf-3\/"},"modified":"2017-05-26T16:01:14","modified_gmt":"2017-05-26T19:01:14","slug":"publicado-o-edital-da-prf-3","status":"publish","type":"post","link":"https:\/\/www.estrategiaconcursos.com.br\/blog\/publicado-o-edital-da-prf-3\/","title":{"rendered":"Publicado o edital da PRF!"},"content":{"rendered":"<p>\n\tOl&aacute;, concurseiros!\n<\/p>\n<div>\n\t&nbsp;\n<\/div>\n<div>\n\tHoje foi publicado o edital da Pol&iacute;cia Rodovi&aacute;ria Federal (PRF). S&atilde;o 1000 (mil) vagas, com remunera&ccedil;&atilde;o inicial de mais de R$ 6.000,00 (seis mil reais).\n<\/div>\n<div>\n\t&nbsp;\n<\/div>\n<div>\n\tEm breve, teremos todos os <a href=\"https:\/\/www.estrategiaconcursos.com.br\/cursosPorConcurso\/prf-policial-rodoviario-federal\/\">cursos PRF<\/a>\n<\/div>\n<div>\n\t&nbsp;\n<\/div>\n<div>\n\tMais informa&ccedil;&otilde;es sobre o <a href=\"https:\/\/www.estrategiaconcursos.com.br\/blog\/edital-prf\/\">edital PRF<\/a>\n<\/div>\n<div>\n\t&nbsp;\n<\/div>\n<div>\n\tAbra&ccedil;os e bons estudos!\n<\/div>\n<div>\n\t&nbsp;\n<\/div>\n<div>\n\tCoordena&ccedil;&atilde;o\n<\/div>\n<div>\n\t&nbsp;\n<\/div>\n<div>\n\t&nbsp;\n<\/div>\n","protected":false},"excerpt":{"rendered":"<p>Ol&aacute;, concurseiros! &nbsp; Hoje foi publicado o edital da Pol&iacute;cia Rodovi&aacute;ria Federal (PRF). S&atilde;o 1000 (mil) vagas, com remunera&ccedil;&atilde;o inicial de mais de R$ 6.000,00 (seis mil reais). &nbsp; Em breve, teremos todos os cursos PRF &nbsp; Mais informa&ccedil;&otilde;es sobre o edital PRF &nbsp; Abra&ccedil;os e bons estudos! &nbsp; Coordena&ccedil;&atilde;o &nbsp; &nbsp;<\/p>\n","protected":false},"author":115,"featured_media":0,"comment_status":"open","ping_status":"open","sticky":false,"template":"","format":"standard","meta":{"post_tipo":"article","footnotes":""},"categories":[1],"tags":[],"tax_estado":[],"class_list":["post-10221","post","type-post","status-publish","format-standard","hentry","category-cursos-e-concursos"],"acf":[],"yoast_head":"<!-- This site is optimized with the Yoast SEO Premium plugin v27.2 (Yoast SEO v27.2) - https:\/\/yoast.com\/product\/yoast-seo-premium-wordpress\/ -->\n<title>Publicado o edital da PRF!<\/title>\n<meta name=\"robots\" content=\"index, follow, max-snippet:-1, max-image-preview:large, max-video-preview:-1\" \/>\n<link rel=\"canonical\" href=\"https:\/\/www.estrategiaconcursos.com.br\/blog\/publicado-o-edital-da-prf-3\/\" \/>\n<meta property=\"og:locale\" content=\"pt_BR\" \/>\n<meta property=\"og:type\" content=\"article\" \/>\n<meta property=\"og:title\" content=\"Publicado o edital da PRF!\" \/>\n<meta property=\"og:description\" content=\"Ol&aacute;, concurseiros! &nbsp; Hoje foi publicado o edital da Pol&iacute;cia Rodovi&aacute;ria Federal (PRF). S&atilde;o 1000 (mil) vagas, com remunera&ccedil;&atilde;o inicial de mais de R$ 6.000,00 (seis mil reais). &nbsp; Em breve, teremos todos os cursos PRF &nbsp; Mais informa&ccedil;&otilde;es sobre o edital PRF &nbsp; Abra&ccedil;os e bons estudos! &nbsp; Coordena&ccedil;&atilde;o &nbsp; &nbsp;\" \/>\n<meta property=\"og:url\" content=\"https:\/\/www.estrategiaconcursos.com.br\/blog\/publicado-o-edital-da-prf-3\/\" \/>\n<meta property=\"og:site_name\" content=\"Estrat\u00e9gia Concursos\" \/>\n<meta property=\"article:published_time\" content=\"2013-06-12T09:42:58+00:00\" \/>\n<meta property=\"article:modified_time\" content=\"2017-05-26T19:01:14+00:00\" \/>\n<meta name=\"author\" content=\"Ricardo\" \/>\n<meta name=\"twitter:card\" content=\"summary_large_image\" \/>\n<meta name=\"twitter:creator\" content=\"@EstratConcursos\" \/>\n<meta name=\"twitter:site\" content=\"@EstratConcursos\" \/>\n<meta name=\"twitter:label1\" content=\"Escrito por\" \/>\n\t<meta name=\"twitter:data1\" content=\"Ricardo\" \/>\n<script type=\"application\/ld+json\" class=\"yoast-schema-graph\">{\"@context\":\"https:\/\/schema.org\",\"@graph\":[{\"@type\":\"NewsArticle\",\"@id\":\"https:\/\/www.estrategiaconcursos.com.br\/blog\/publicado-o-edital-da-prf-3\/#article\",\"isPartOf\":{\"@id\":\"https:\/\/www.estrategiaconcursos.com.br\/blog\/publicado-o-edital-da-prf-3\/\"},\"author\":{\"name\":\"Ricardo\",\"@id\":\"https:\/\/www.estrategiaconcursos.com.br\/blog\/#\/schema\/person\/92cf503602f44e39fd64aa33e0687b45\"},\"headline\":\"Publicado o edital da PRF!\",\"datePublished\":\"2013-06-12T09:42:58+00:00\",\"dateModified\":\"2017-05-26T19:01:14+00:00\",\"mainEntityOfPage\":{\"@id\":\"https:\/\/www.estrategiaconcursos.com.br\/blog\/publicado-o-edital-da-prf-3\/\"},\"wordCount\":73,\"commentCount\":0,\"publisher\":{\"@id\":\"https:\/\/www.estrategiaconcursos.com.br\/blog\/#organization\"},\"articleSection\":[\"Concursos P\u00fablicos\"],\"inLanguage\":\"pt-BR\",\"potentialAction\":[{\"@type\":\"CommentAction\",\"name\":\"Comment\",\"target\":[\"https:\/\/www.estrategiaconcursos.com.br\/blog\/publicado-o-edital-da-prf-3\/#respond\"]}],\"copyrightYear\":\"2013\",\"copyrightHolder\":{\"@id\":\"https:\/\/www.estrategiaconcursos.com.br\/blog\/#organization\"}},{\"@type\":\"WebPage\",\"@id\":\"https:\/\/www.estrategiaconcursos.com.br\/blog\/publicado-o-edital-da-prf-3\/\",\"url\":\"https:\/\/www.estrategiaconcursos.com.br\/blog\/publicado-o-edital-da-prf-3\/\",\"name\":\"Publicado o edital da PRF!\",\"isPartOf\":{\"@id\":\"https:\/\/www.estrategiaconcursos.com.br\/blog\/#website\"},\"datePublished\":\"2013-06-12T09:42:58+00:00\",\"dateModified\":\"2017-05-26T19:01:14+00:00\",\"breadcrumb\":{\"@id\":\"https:\/\/www.estrategiaconcursos.com.br\/blog\/publicado-o-edital-da-prf-3\/#breadcrumb\"},\"inLanguage\":\"pt-BR\",\"potentialAction\":[{\"@type\":\"ReadAction\",\"target\":[\"https:\/\/www.estrategiaconcursos.com.br\/blog\/publicado-o-edital-da-prf-3\/\"]}]},{\"@type\":\"BreadcrumbList\",\"@id\":\"https:\/\/www.estrategiaconcursos.com.br\/blog\/publicado-o-edital-da-prf-3\/#breadcrumb\",\"itemListElement\":[{\"@type\":\"ListItem\",\"position\":1,\"name\":\"In\u00edcio\",\"item\":\"https:\/\/www.estrategiaconcursos.com.br\/blog\/\"},{\"@type\":\"ListItem\",\"position\":2,\"name\":\"Publicado o edital da PRF!\"}]},{\"@type\":\"WebSite\",\"@id\":\"https:\/\/www.estrategiaconcursos.com.br\/blog\/#website\",\"url\":\"https:\/\/www.estrategiaconcursos.com.br\/blog\/\",\"name\":\"Estrat\u00e9gia Concursos\",\"description\":\"O blog da Estrat\u00e9gia Concursos traz not\u00edcias sobre concursos e artigos de professores oferecendo cursos para concursos (pdf + videaulas) no site.\",\"publisher\":{\"@id\":\"https:\/\/www.estrategiaconcursos.com.br\/blog\/#organization\"},\"potentialAction\":[{\"@type\":\"SearchAction\",\"target\":{\"@type\":\"EntryPoint\",\"urlTemplate\":\"https:\/\/www.estrategiaconcursos.com.br\/blog\/?s={search_term_string}\"},\"query-input\":{\"@type\":\"PropertyValueSpecification\",\"valueRequired\":true,\"valueName\":\"search_term_string\"}}],\"inLanguage\":\"pt-BR\"},{\"@type\":\"Organization\",\"@id\":\"https:\/\/www.estrategiaconcursos.com.br\/blog\/#organization\",\"name\":\"Estrat\u00e9gia Concursos\",\"url\":\"https:\/\/www.estrategiaconcursos.com.br\/blog\/\",\"logo\":{\"@type\":\"ImageObject\",\"inLanguage\":\"pt-BR\",\"@id\":\"https:\/\/www.estrategiaconcursos.com.br\/blog\/#\/schema\/logo\/image\/\",\"url\":\"https:\/\/dhg1h5j42swfq.cloudfront.net\/2025\/06\/03203428\/logo_concursos-1.jpg\",\"contentUrl\":\"https:\/\/dhg1h5j42swfq.cloudfront.net\/2025\/06\/03203428\/logo_concursos-1.jpg\",\"width\":230,\"height\":60,\"caption\":\"Estrat\u00e9gia Concursos\"},\"image\":{\"@id\":\"https:\/\/www.estrategiaconcursos.com.br\/blog\/#\/schema\/logo\/image\/\"},\"sameAs\":[\"https:\/\/x.com\/EstratConcursos\"]},{\"@type\":\"Person\",\"@id\":\"https:\/\/www.estrategiaconcursos.com.br\/blog\/#\/schema\/person\/92cf503602f44e39fd64aa33e0687b45\",\"name\":\"Ricardo\",\"image\":{\"@type\":\"ImageObject\",\"inLanguage\":\"pt-BR\",\"@id\":\"https:\/\/secure.gravatar.com\/avatar\/6fd77014f2446836fad119fe17d138f4de251a83fdcd0261c98059c1b507b362?s=96&d=mm&r=g\",\"url\":\"https:\/\/secure.gravatar.com\/avatar\/6fd77014f2446836fad119fe17d138f4de251a83fdcd0261c98059c1b507b362?s=96&d=mm&r=g\",\"contentUrl\":\"https:\/\/secure.gravatar.com\/avatar\/6fd77014f2446836fad119fe17d138f4de251a83fdcd0261c98059c1b507b362?s=96&d=mm&r=g\",\"caption\":\"Ricardo\"},\"url\":\"https:\/\/www.estrategiaconcursos.com.br\/blog\/author\/ricardoestrategiaconcursos-com-br\/\"}]}<\/script>\n<!-- \/ Yoast SEO Premium plugin. -->","yoast_head_json":{"title":"Publicado o edital da PRF!","robots":{"index":"index","follow":"follow","max-snippet":"max-snippet:-1","max-image-preview":"max-image-preview:large","max-video-preview":"max-video-preview:-1"},"canonical":"https:\/\/www.estrategiaconcursos.com.br\/blog\/publicado-o-edital-da-prf-3\/","og_locale":"pt_BR","og_type":"article","og_title":"Publicado o edital da PRF!","og_description":"Ol&aacute;, concurseiros! &nbsp; Hoje foi publicado o edital da Pol&iacute;cia Rodovi&aacute;ria Federal (PRF). S&atilde;o 1000 (mil) vagas, com remunera&ccedil;&atilde;o inicial de mais de R$ 6.000,00 (seis mil reais). &nbsp; Em breve, teremos todos os cursos PRF &nbsp; Mais informa&ccedil;&otilde;es sobre o edital PRF &nbsp; Abra&ccedil;os e bons estudos! &nbsp; Coordena&ccedil;&atilde;o &nbsp; &nbsp;","og_url":"https:\/\/www.estrategiaconcursos.com.br\/blog\/publicado-o-edital-da-prf-3\/","og_site_name":"Estrat\u00e9gia Concursos","article_published_time":"2013-06-12T09:42:58+00:00","article_modified_time":"2017-05-26T19:01:14+00:00","author":"Ricardo","twitter_card":"summary_large_image","twitter_creator":"@EstratConcursos","twitter_site":"@EstratConcursos","twitter_misc":{"Escrito por":"Ricardo"},"schema":{"@context":"https:\/\/schema.org","@graph":[{"@type":"NewsArticle","@id":"https:\/\/www.estrategiaconcursos.com.br\/blog\/publicado-o-edital-da-prf-3\/#article","isPartOf":{"@id":"https:\/\/www.estrategiaconcursos.com.br\/blog\/publicado-o-edital-da-prf-3\/"},"author":{"name":"Ricardo","@id":"https:\/\/www.estrategiaconcursos.com.br\/blog\/#\/schema\/person\/92cf503602f44e39fd64aa33e0687b45"},"headline":"Publicado o edital da PRF!","datePublished":"2013-06-12T09:42:58+00:00","dateModified":"2017-05-26T19:01:14+00:00","mainEntityOfPage":{"@id":"https:\/\/www.estrategiaconcursos.com.br\/blog\/publicado-o-edital-da-prf-3\/"},"wordCount":73,"commentCount":0,"publisher":{"@id":"https:\/\/www.estrategiaconcursos.com.br\/blog\/#organization"},"articleSection":["Concursos P\u00fablicos"],"inLanguage":"pt-BR","potentialAction":[{"@type":"CommentAction","name":"Comment","target":["https:\/\/www.estrategiaconcursos.com.br\/blog\/publicado-o-edital-da-prf-3\/#respond"]}],"copyrightYear":"2013","copyrightHolder":{"@id":"https:\/\/www.estrategiaconcursos.com.br\/blog\/#organization"}},{"@type":"WebPage","@id":"https:\/\/www.estrategiaconcursos.com.br\/blog\/publicado-o-edital-da-prf-3\/","url":"https:\/\/www.estrategiaconcursos.com.br\/blog\/publicado-o-edital-da-prf-3\/","name":"Publicado o edital da PRF!","isPartOf":{"@id":"https:\/\/www.estrategiaconcursos.com.br\/blog\/#website"},"datePublished":"2013-06-12T09:42:58+00:00","dateModified":"2017-05-26T19:01:14+00:00","breadcrumb":{"@id":"https:\/\/www.estrategiaconcursos.com.br\/blog\/publicado-o-edital-da-prf-3\/#breadcrumb"},"inLanguage":"pt-BR","potentialAction":[{"@type":"ReadAction","target":["https:\/\/www.estrategiaconcursos.com.br\/blog\/publicado-o-edital-da-prf-3\/"]}]},{"@type":"BreadcrumbList","@id":"https:\/\/www.estrategiaconcursos.com.br\/blog\/publicado-o-edital-da-prf-3\/#breadcrumb","itemListElement":[{"@type":"ListItem","position":1,"name":"In\u00edcio","item":"https:\/\/www.estrategiaconcursos.com.br\/blog\/"},{"@type":"ListItem","position":2,"name":"Publicado o edital da PRF!"}]},{"@type":"WebSite","@id":"https:\/\/www.estrategiaconcursos.com.br\/blog\/#website","url":"https:\/\/www.estrategiaconcursos.com.br\/blog\/","name":"Estrat\u00e9gia Concursos","description":"O blog da Estrat\u00e9gia Concursos traz not\u00edcias sobre concursos e artigos de professores oferecendo cursos para concursos (pdf + videaulas) no site.","publisher":{"@id":"https:\/\/www.estrategiaconcursos.com.br\/blog\/#organization"},"potentialAction":[{"@type":"SearchAction","target":{"@type":"EntryPoint","urlTemplate":"https:\/\/www.estrategiaconcursos.com.br\/blog\/?s={search_term_string}"},"query-input":{"@type":"PropertyValueSpecification","valueRequired":true,"valueName":"search_term_string"}}],"inLanguage":"pt-BR"},{"@type":"Organization","@id":"https:\/\/www.estrategiaconcursos.com.br\/blog\/#organization","name":"Estrat\u00e9gia Concursos","url":"https:\/\/www.estrategiaconcursos.com.br\/blog\/","logo":{"@type":"ImageObject","inLanguage":"pt-BR","@id":"https:\/\/www.estrategiaconcursos.com.br\/blog\/#\/schema\/logo\/image\/","url":"https:\/\/dhg1h5j42swfq.cloudfront.net\/2025\/06\/03203428\/logo_concursos-1.jpg","contentUrl":"https:\/\/dhg1h5j42swfq.cloudfront.net\/2025\/06\/03203428\/logo_concursos-1.jpg","width":230,"height":60,"caption":"Estrat\u00e9gia Concursos"},"image":{"@id":"https:\/\/www.estrategiaconcursos.com.br\/blog\/#\/schema\/logo\/image\/"},"sameAs":["https:\/\/x.com\/EstratConcursos"]},{"@type":"Person","@id":"https:\/\/www.estrategiaconcursos.com.br\/blog\/#\/schema\/person\/92cf503602f44e39fd64aa33e0687b45","name":"Ricardo","image":{"@type":"ImageObject","inLanguage":"pt-BR","@id":"https:\/\/secure.gravatar.com\/avatar\/6fd77014f2446836fad119fe17d138f4de251a83fdcd0261c98059c1b507b362?s=96&d=mm&r=g","url":"https:\/\/secure.gravatar.com\/avatar\/6fd77014f2446836fad119fe17d138f4de251a83fdcd0261c98059c1b507b362?s=96&d=mm&r=g","contentUrl":"https:\/\/secure.gravatar.com\/avatar\/6fd77014f2446836fad119fe17d138f4de251a83fdcd0261c98059c1b507b362?s=96&d=mm&r=g","caption":"Ricardo"},"url":"https:\/\/www.estrategiaconcursos.com.br\/blog\/author\/ricardoestrategiaconcursos-com-br\/"}]}},"_links":{"self":[{"href":"https:\/\/www.estrategiaconcursos.com.br\/blog\/wp-json\/wp\/v2\/posts\/10221","targetHints":{"allow":["GET"]}}],"collection":[{"href":"https:\/\/www.estrategiaconcursos.com.br\/blog\/wp-json\/wp\/v2\/posts"}],"about":[{"href":"https:\/\/www.estrategiaconcursos.com.br\/blog\/wp-json\/wp\/v2\/types\/post"}],"author":[{"embeddable":true,"href":"https:\/\/www.estrategiaconcursos.com.br\/blog\/wp-json\/wp\/v2\/users\/115"}],"replies":[{"embeddable":true,"href":"https:\/\/www.estrategiaconcursos.com.br\/blog\/wp-json\/wp\/v2\/comments?post=10221"}],"version-history":[{"count":1,"href":"https:\/\/www.estrategiaconcursos.com.br\/blog\/wp-json\/wp\/v2\/posts\/10221\/revisions"}],"predecessor-version":[{"id":75592,"href":"https:\/\/www.estrategiaconcursos.com.br\/blog\/wp-json\/wp\/v2\/posts\/10221\/revisions\/75592"}],"wp:attachment":[{"href":"https:\/\/www.estrategiaconcursos.com.br\/blog\/wp-json\/wp\/v2\/media?parent=10221"}],"wp:term":[{"taxonomy":"category","embeddable":true,"href":"https:\/\/www.estrategiaconcursos.com.br\/blog\/wp-json\/wp\/v2\/categories?post=10221"},{"taxonomy":"post_tag","embeddable":true,"href":"https:\/\/www.estrategiaconcursos.com.br\/blog\/wp-json\/wp\/v2\/tags?post=10221"},{"taxonomy":"tax_estado","embeddable":true,"href":"https:\/\/www.estrategiaconcursos.com.br\/blog\/wp-json\/wp\/v2\/tax_estado?post=10221"}],"curies":[{"name":"wp","href":"https:\/\/api.w.org\/{rel}","templated":true}]}}