{"id":1022023,"date":"2022-05-05T11:28:11","date_gmt":"2022-05-05T14:28:11","guid":{"rendered":"https:\/\/www.estrategiaconcursos.com.br\/blog\/?p=1022023"},"modified":"2022-05-05T16:35:45","modified_gmt":"2022-05-05T19:35:45","slug":"concurso-publico-cebraspe-decreto-presidencial","status":"publish","type":"post","link":"https:\/\/www.estrategiaconcursos.com.br\/blog\/concurso-publico-cebraspe-decreto-presidencial\/","title":{"rendered":"Decreto desqualifica Cebraspe como Organiza\u00e7\u00e3o Social"},"content":{"rendered":"\n<p>O decreto presidencial de <strong><a href=\"http:\/\/legislacao.planalto.gov.br\/legisla\/legislacao.nsf\/Viw_Identificacao\/DEC%2011.062-2022?OpenDocument\">n\u00ba 11.062, de 4 de maio 2022<\/a><\/strong>, publicado nesta quinta-feira (5\/5), desqualifica a empresa <strong>Cebraspe<\/strong> como organiza\u00e7\u00e3o social.<\/p>\n\n\n\n<p>O t\u00edtulo de <strong>organiza\u00e7\u00e3o social <\/strong>permitia ao <strong>Cebraspe<\/strong> o recebimento de determinados benef\u00edcios do Poder P\u00fablico (dota\u00e7\u00f5es or\u00e7ament\u00e1rias, isen\u00e7\u00f5es fiscais etc).<\/p>\n\n\n\n<p>Tais benef\u00edcios seriam para a realiza\u00e7\u00e3o de atividades relacionadas \u00e0 administra\u00e7\u00e3o p\u00fablica, que devem ser necessariamente de interesse da comunidade.<\/p>\n\n\n\n<p>Al\u00e9m disso, como organiza\u00e7\u00e3o social a empresa tinha em seus conselhos a participa\u00e7\u00e3o de representantes do governo, mas mantinha autonomia administrativa.<\/p>\n\n\n\n<p>O motivo da revoga\u00e7\u00e3o do <a href=\"http:\/\/www.planalto.gov.br\/ccivil_03\/_Ato2011-2014\/2013\/Decreto\/D8078.htm\">Decreto n\u00ba 8.078, de 19 de agosto de 2013<\/a>, que qualificava a empresa, se deu em raz\u00e3o do encerramento do contrato de gest\u00e3o firmando entre o <strong>Cebraspe<\/strong> e o Minist\u00e9rio da Educa\u00e7\u00e3o.<\/p>\n\n\n\n<p>Veja na imagem abaixo maiores detalhes do decreto publicado no Di\u00e1rio Oficial da Uni\u00e3o nesta quinta-feira (5\/5):<\/p>\n\n\n\n<div class=\"wp-block-image\"><figure class=\"aligncenter size-large\"><img loading=\"lazy\" decoding=\"async\" width=\"1024\" height=\"220\" src=\"https:\/\/dhg1h5j42swfq.cloudfront.net\/2022\/05\/05111010\/captura-de-tela-2022-05-05-as-11-09-19-1024x220.png\" alt=\"Concurso P\u00fablico: decreto desqualifica Cebraspe como organiza\u00e7\u00e3o social\" class=\"wp-image-1022047\" srcset=\"https:\/\/dhg1h5j42swfq.cloudfront.net\/2022\/05\/05111010\/captura-de-tela-2022-05-05-as-11-09-19-1024x220.png 1024w, https:\/\/dhg1h5j42swfq.cloudfront.net\/2022\/05\/05111010\/captura-de-tela-2022-05-05-as-11-09-19-300x65.png 300w, https:\/\/dhg1h5j42swfq.cloudfront.net\/2022\/05\/05111010\/captura-de-tela-2022-05-05-as-11-09-19-768x165.png 768w, https:\/\/dhg1h5j42swfq.cloudfront.net\/2022\/05\/05111010\/captura-de-tela-2022-05-05-as-11-09-19-1536x331.png 1536w, https:\/\/dhg1h5j42swfq.cloudfront.net\/2022\/05\/05111010\/captura-de-tela-2022-05-05-as-11-09-19-2048x441.png 2048w, https:\/\/dhg1h5j42swfq.cloudfront.net\/2022\/05\/05111010\/captura-de-tela-2022-05-05-as-11-09-19-610x131.png 610w\" sizes=\"auto, (max-width: 1024px) 100vw, 1024px\" \/><figcaption>Concurso P\u00fablico: decreto desqualifica Cebraspe como organiza\u00e7\u00e3o social<\/figcaption><\/figure><\/div>\n\n\n\n<p>De acordo com a lei federal, com a desqualifica\u00e7\u00e3o de organiza\u00e7\u00e3o social dever\u00e1 ser instaurado um processo administrativo, assegurando o direito de defesa dos dirigentes da organiza\u00e7\u00e3o.<\/p>\n\n\n\n<p>O <strong>Cebraspe<\/strong> \u00e9 conhecido principalmente como banca organizadora de provas de vestibulares e editais de <strong>concurso p\u00fablico<\/strong>.<\/p>\n\n\n\n<p>Na \u00e1rea de editais de concurso p\u00fablico, a empresa assumiu a responsabilidade de organiza\u00e7\u00e3o de alguns certames, sendo os mais recentes:<\/p>\n\n\n\n<ul class=\"wp-block-list\"><li><a href=\"https:\/\/www.estrategiaconcursos.com.br\/blog\/concurso-pc-ro\/\">Concurso PC RO<\/a><\/li><li><a href=\"https:\/\/www.estrategiaconcursos.com.br\/blog\/concurso-pm-ro\/\" target=\"_blank\" rel=\"noreferrer noopener\">Concurso PM RO<\/a><\/li><li><a href=\"https:\/\/www.estrategiaconcursos.com.br\/blog\/concurso-pc-al\/\" target=\"_blank\" rel=\"noreferrer noopener\">Concurso PC AL<\/a><\/li><li><a href=\"https:\/\/www.estrategiaconcursos.com.br\/blog\/concurso-pm-al\/\" target=\"_blank\" rel=\"noreferrer noopener\">Concurso PM AL<\/a><\/li><li><a href=\"https:\/\/www.estrategiaconcursos.com.br\/blog\/concurso-politec-ro\/\" target=\"_blank\" rel=\"noreferrer noopener\">Concurso Politec RO<\/a><\/li><li><a href=\"https:\/\/www.estrategiaconcursos.com.br\/blog\/concurso-sefaz-ce\/\" target=\"_blank\" rel=\"noreferrer noopener\">Concurso Sefaz CE<\/a><\/li><\/ul>\n\n\n\n<p>Importante destacar que, at\u00e9 o momento, tal revoga\u00e7\u00e3o n\u00e3o dever\u00e1 interferir na organiza\u00e7\u00e3o e no andamento de <strong>concursos p\u00fablicos<\/strong> que j\u00e1 est\u00e3o sob responsabilidade do <strong>Cebraspe<\/strong>.<\/p>\n\n\n\n<p class=\"has-text-align-center\"><a href=\"https:\/\/www.estrategiaconcursos.com.br\/blog\/cebraspe-nota-oficial\" target=\"_blank\" rel=\"noreferrer noopener\">Veja aqui a nota oficial do Cebraspe!<\/a><\/p>\n\n\n\n<h2 class=\"has-text-align-center wp-block-heading\" id=\"h-saiba-mais-sobre-os-concurso-publicos-abertos-e-previstos\"><em>Saiba mais sobre os concurso p\u00fablicos abertos e previstos:<\/em><\/h2>\n\n\n\n\n","protected":false},"excerpt":{"rendered":"<p>O decreto presidencial de n\u00ba 11.062, de 4 de maio 2022, publicado nesta quinta-feira (5\/5), desqualifica a empresa Cebraspe como organiza\u00e7\u00e3o social. O t\u00edtulo de organiza\u00e7\u00e3o social permitia ao Cebraspe o recebimento de determinados benef\u00edcios do Poder P\u00fablico (dota\u00e7\u00f5es or\u00e7ament\u00e1rias, isen\u00e7\u00f5es fiscais etc). Tais benef\u00edcios seriam para a realiza\u00e7\u00e3o de atividades relacionadas \u00e0 administra\u00e7\u00e3o p\u00fablica, [&hellip;]<\/p>\n","protected":false},"author":2319,"featured_media":533299,"comment_status":"open","ping_status":"closed","sticky":false,"template":"","format":"standard","meta":{"post_tipo":"news","footnotes":""},"categories":[1,220219],"tags":[],"tax_estado":[219964,219965,219966,219967,219968,219969,219963,219970,219971,219972,219973,219974,219975,219976,219977,219978,219979,219980,219981,219982,219983,219984,219985,219986,219987,219988,219989,219990],"class_list":["post-1022023","post","type-post","status-publish","format-standard","has-post-thumbnail","hentry","category-cursos-e-concursos","category-noticias","tax_estado-ac","tax_estado-al","tax_estado-am","tax_estado-ap","tax_estado-ba","tax_estado-ce","tax_estado-concursos-federais","tax_estado-df","tax_estado-es","tax_estado-go","tax_estado-ma","tax_estado-mg","tax_estado-ms","tax_estado-mt","tax_estado-pa","tax_estado-pb","tax_estado-pe","tax_estado-pi","tax_estado-pr","tax_estado-rj","tax_estado-rn","tax_estado-ro","tax_estado-rr","tax_estado-rs","tax_estado-sc","tax_estado-se","tax_estado-sp","tax_estado-to"],"acf":[],"yoast_head":"<!-- This site is optimized with the Yoast SEO Premium plugin v27.2 (Yoast SEO v27.2) - https:\/\/yoast.com\/product\/yoast-seo-premium-wordpress\/ -->\n<title>Decreto desqualifica Cebraspe como Organiza\u00e7\u00e3o Social<\/title>\n<meta name=\"description\" content=\"Concurso Cebraspe: decreto presidencial de 5 de maio, desqualifica a empresa como organiza\u00e7\u00e3o social. Veja detalhes!\" \/>\n<meta name=\"robots\" content=\"index, follow, max-snippet:-1, max-image-preview:large, max-video-preview:-1\" \/>\n<link rel=\"canonical\" href=\"https:\/\/www.estrategiaconcursos.com.br\/blog\/concurso-publico-cebraspe-decreto-presidencial\/\" \/>\n<meta property=\"og:locale\" content=\"pt_BR\" \/>\n<meta property=\"og:type\" content=\"article\" \/>\n<meta property=\"og:title\" content=\"Decreto desqualifica Cebraspe como Organiza\u00e7\u00e3o Social\" \/>\n<meta property=\"og:description\" content=\"Concurso Cebraspe: decreto presidencial de 5 de maio, desqualifica a empresa como organiza\u00e7\u00e3o social. Veja detalhes!\" \/>\n<meta property=\"og:url\" content=\"https:\/\/www.estrategiaconcursos.com.br\/blog\/concurso-publico-cebraspe-decreto-presidencial\/\" \/>\n<meta property=\"og:site_name\" content=\"Estrat\u00e9gia Concursos\" \/>\n<meta property=\"article:published_time\" content=\"2022-05-05T14:28:11+00:00\" \/>\n<meta property=\"article:modified_time\" content=\"2022-05-05T19:35:45+00:00\" \/>\n<meta property=\"og:image\" content=\"https:\/\/dhg1h5j42swfq.cloudfront.net\/2020\/06\/26172706\/Cebraspe.jpg\" \/>\n\t<meta property=\"og:image:width\" content=\"840\" \/>\n\t<meta property=\"og:image:height\" content=\"562\" \/>\n\t<meta property=\"og:image:type\" content=\"image\/jpeg\" \/>\n<meta name=\"author\" content=\"Let\u00edcia Teixeira\" \/>\n<meta name=\"twitter:card\" content=\"summary_large_image\" \/>\n<meta name=\"twitter:creator\" content=\"@EstratConcursos\" \/>\n<meta name=\"twitter:site\" content=\"@EstratConcursos\" \/>\n<meta name=\"twitter:label1\" content=\"Escrito por\" \/>\n\t<meta name=\"twitter:data1\" content=\"Let\u00edcia Teixeira\" \/>\n\t<meta name=\"twitter:label2\" content=\"Est. tempo de leitura\" \/>\n\t<meta name=\"twitter:data2\" content=\"2 minutos\" \/>\n<script type=\"application\/ld+json\" class=\"yoast-schema-graph\">{\"@context\":\"https:\/\/schema.org\",\"@graph\":[{\"@type\":\"NewsArticle\",\"@id\":\"https:\/\/www.estrategiaconcursos.com.br\/blog\/concurso-publico-cebraspe-decreto-presidencial\/#article\",\"isPartOf\":{\"@id\":\"https:\/\/www.estrategiaconcursos.com.br\/blog\/concurso-publico-cebraspe-decreto-presidencial\/\"},\"author\":{\"name\":\"Let\u00edcia Teixeira\",\"@id\":\"https:\/\/www.estrategiaconcursos.com.br\/blog\/#\/schema\/person\/9b94727dcf4410f4a7931c83966c843b\"},\"headline\":\"Decreto desqualifica Cebraspe como Organiza\u00e7\u00e3o Social\",\"datePublished\":\"2022-05-05T14:28:11+00:00\",\"dateModified\":\"2022-05-05T19:35:45+00:00\",\"mainEntityOfPage\":{\"@id\":\"https:\/\/www.estrategiaconcursos.com.br\/blog\/concurso-publico-cebraspe-decreto-presidencial\/\"},\"wordCount\":305,\"commentCount\":0,\"publisher\":{\"@id\":\"https:\/\/www.estrategiaconcursos.com.br\/blog\/#organization\"},\"image\":{\"@id\":\"https:\/\/www.estrategiaconcursos.com.br\/blog\/concurso-publico-cebraspe-decreto-presidencial\/#primaryimage\"},\"thumbnailUrl\":\"https:\/\/dhg1h5j42swfq.cloudfront.net\/2020\/06\/26172706\/Cebraspe.jpg\",\"articleSection\":[\"Concursos P\u00fablicos\",\"\u00daltimas not\u00edcias\"],\"inLanguage\":\"pt-BR\",\"potentialAction\":[{\"@type\":\"CommentAction\",\"name\":\"Comment\",\"target\":[\"https:\/\/www.estrategiaconcursos.com.br\/blog\/concurso-publico-cebraspe-decreto-presidencial\/#respond\"]}],\"copyrightYear\":\"2022\",\"copyrightHolder\":{\"@id\":\"https:\/\/www.estrategiaconcursos.com.br\/blog\/#organization\"}},{\"@type\":\"WebPage\",\"@id\":\"https:\/\/www.estrategiaconcursos.com.br\/blog\/concurso-publico-cebraspe-decreto-presidencial\/\",\"url\":\"https:\/\/www.estrategiaconcursos.com.br\/blog\/concurso-publico-cebraspe-decreto-presidencial\/\",\"name\":\"Decreto desqualifica Cebraspe como Organiza\u00e7\u00e3o Social\",\"isPartOf\":{\"@id\":\"https:\/\/www.estrategiaconcursos.com.br\/blog\/#website\"},\"primaryImageOfPage\":{\"@id\":\"https:\/\/www.estrategiaconcursos.com.br\/blog\/concurso-publico-cebraspe-decreto-presidencial\/#primaryimage\"},\"image\":{\"@id\":\"https:\/\/www.estrategiaconcursos.com.br\/blog\/concurso-publico-cebraspe-decreto-presidencial\/#primaryimage\"},\"thumbnailUrl\":\"https:\/\/dhg1h5j42swfq.cloudfront.net\/2020\/06\/26172706\/Cebraspe.jpg\",\"datePublished\":\"2022-05-05T14:28:11+00:00\",\"dateModified\":\"2022-05-05T19:35:45+00:00\",\"description\":\"Concurso Cebraspe: decreto presidencial de 5 de maio, desqualifica a empresa como organiza\u00e7\u00e3o social. Veja detalhes!\",\"breadcrumb\":{\"@id\":\"https:\/\/www.estrategiaconcursos.com.br\/blog\/concurso-publico-cebraspe-decreto-presidencial\/#breadcrumb\"},\"inLanguage\":\"pt-BR\",\"potentialAction\":[{\"@type\":\"ReadAction\",\"target\":[\"https:\/\/www.estrategiaconcursos.com.br\/blog\/concurso-publico-cebraspe-decreto-presidencial\/\"]}]},{\"@type\":\"ImageObject\",\"inLanguage\":\"pt-BR\",\"@id\":\"https:\/\/www.estrategiaconcursos.com.br\/blog\/concurso-publico-cebraspe-decreto-presidencial\/#primaryimage\",\"url\":\"https:\/\/dhg1h5j42swfq.cloudfront.net\/2020\/06\/26172706\/Cebraspe.jpg\",\"contentUrl\":\"https:\/\/dhg1h5j42swfq.cloudfront.net\/2020\/06\/26172706\/Cebraspe.jpg\",\"width\":840,\"height\":562},{\"@type\":\"BreadcrumbList\",\"@id\":\"https:\/\/www.estrategiaconcursos.com.br\/blog\/concurso-publico-cebraspe-decreto-presidencial\/#breadcrumb\",\"itemListElement\":[{\"@type\":\"ListItem\",\"position\":1,\"name\":\"In\u00edcio\",\"item\":\"https:\/\/www.estrategiaconcursos.com.br\/blog\/\"},{\"@type\":\"ListItem\",\"position\":2,\"name\":\"Decreto desqualifica Cebraspe como Organiza\u00e7\u00e3o Social\"}]},{\"@type\":\"WebSite\",\"@id\":\"https:\/\/www.estrategiaconcursos.com.br\/blog\/#website\",\"url\":\"https:\/\/www.estrategiaconcursos.com.br\/blog\/\",\"name\":\"Estrat\u00e9gia Concursos\",\"description\":\"O blog da Estrat\u00e9gia Concursos traz not\u00edcias sobre concursos e artigos de professores oferecendo cursos para concursos (pdf + videaulas) no site.\",\"publisher\":{\"@id\":\"https:\/\/www.estrategiaconcursos.com.br\/blog\/#organization\"},\"potentialAction\":[{\"@type\":\"SearchAction\",\"target\":{\"@type\":\"EntryPoint\",\"urlTemplate\":\"https:\/\/www.estrategiaconcursos.com.br\/blog\/?s={search_term_string}\"},\"query-input\":{\"@type\":\"PropertyValueSpecification\",\"valueRequired\":true,\"valueName\":\"search_term_string\"}}],\"inLanguage\":\"pt-BR\"},{\"@type\":\"Organization\",\"@id\":\"https:\/\/www.estrategiaconcursos.com.br\/blog\/#organization\",\"name\":\"Estrat\u00e9gia Concursos\",\"url\":\"https:\/\/www.estrategiaconcursos.com.br\/blog\/\",\"logo\":{\"@type\":\"ImageObject\",\"inLanguage\":\"pt-BR\",\"@id\":\"https:\/\/www.estrategiaconcursos.com.br\/blog\/#\/schema\/logo\/image\/\",\"url\":\"https:\/\/dhg1h5j42swfq.cloudfront.net\/2025\/06\/03203428\/logo_concursos-1.jpg\",\"contentUrl\":\"https:\/\/dhg1h5j42swfq.cloudfront.net\/2025\/06\/03203428\/logo_concursos-1.jpg\",\"width\":230,\"height\":60,\"caption\":\"Estrat\u00e9gia Concursos\"},\"image\":{\"@id\":\"https:\/\/www.estrategiaconcursos.com.br\/blog\/#\/schema\/logo\/image\/\"},\"sameAs\":[\"https:\/\/x.com\/EstratConcursos\"]},{\"@type\":\"Person\",\"@id\":\"https:\/\/www.estrategiaconcursos.com.br\/blog\/#\/schema\/person\/9b94727dcf4410f4a7931c83966c843b\",\"name\":\"Let\u00edcia Teixeira\",\"image\":{\"@type\":\"ImageObject\",\"inLanguage\":\"pt-BR\",\"@id\":\"https:\/\/secure.gravatar.com\/avatar\/fb589b06b881e20b676d08f9d03226d1e3291ba2f90e751ddc9ccb21abf0244d?s=96&d=mm&r=g\",\"url\":\"https:\/\/secure.gravatar.com\/avatar\/fb589b06b881e20b676d08f9d03226d1e3291ba2f90e751ddc9ccb21abf0244d?s=96&d=mm&r=g\",\"contentUrl\":\"https:\/\/secure.gravatar.com\/avatar\/fb589b06b881e20b676d08f9d03226d1e3291ba2f90e751ddc9ccb21abf0244d?s=96&d=mm&r=g\",\"caption\":\"Let\u00edcia Teixeira\"},\"description\":\"Jornalista com experi\u00eancia de mais de quatro anos no segmento de concursos p\u00fablicos. Especializada em Narrativa Transm\u00eddia e Storytelling pela Universidade Cat\u00f3lica de Bras\u00edlia, com atua\u00e7\u00e3o nas \u00e1reas de SEO, conte\u00fado, Webwriting e Copywriting.\",\"url\":\"https:\/\/www.estrategiaconcursos.com.br\/blog\/author\/leticia-teixeiraestrategia-com\/\"}]}<\/script>\n<!-- \/ Yoast SEO Premium plugin. -->","yoast_head_json":{"title":"Decreto desqualifica Cebraspe como Organiza\u00e7\u00e3o Social","description":"Concurso Cebraspe: decreto presidencial de 5 de maio, desqualifica a empresa como organiza\u00e7\u00e3o social. Veja detalhes!","robots":{"index":"index","follow":"follow","max-snippet":"max-snippet:-1","max-image-preview":"max-image-preview:large","max-video-preview":"max-video-preview:-1"},"canonical":"https:\/\/www.estrategiaconcursos.com.br\/blog\/concurso-publico-cebraspe-decreto-presidencial\/","og_locale":"pt_BR","og_type":"article","og_title":"Decreto desqualifica Cebraspe como Organiza\u00e7\u00e3o Social","og_description":"Concurso Cebraspe: decreto presidencial de 5 de maio, desqualifica a empresa como organiza\u00e7\u00e3o social. Veja detalhes!","og_url":"https:\/\/www.estrategiaconcursos.com.br\/blog\/concurso-publico-cebraspe-decreto-presidencial\/","og_site_name":"Estrat\u00e9gia Concursos","article_published_time":"2022-05-05T14:28:11+00:00","article_modified_time":"2022-05-05T19:35:45+00:00","og_image":[{"width":840,"height":562,"url":"https:\/\/dhg1h5j42swfq.cloudfront.net\/2020\/06\/26172706\/Cebraspe.jpg","type":"image\/jpeg"}],"author":"Let\u00edcia Teixeira","twitter_card":"summary_large_image","twitter_creator":"@EstratConcursos","twitter_site":"@EstratConcursos","twitter_misc":{"Escrito por":"Let\u00edcia Teixeira","Est. tempo de leitura":"2 minutos"},"schema":{"@context":"https:\/\/schema.org","@graph":[{"@type":"NewsArticle","@id":"https:\/\/www.estrategiaconcursos.com.br\/blog\/concurso-publico-cebraspe-decreto-presidencial\/#article","isPartOf":{"@id":"https:\/\/www.estrategiaconcursos.com.br\/blog\/concurso-publico-cebraspe-decreto-presidencial\/"},"author":{"name":"Let\u00edcia Teixeira","@id":"https:\/\/www.estrategiaconcursos.com.br\/blog\/#\/schema\/person\/9b94727dcf4410f4a7931c83966c843b"},"headline":"Decreto desqualifica Cebraspe como Organiza\u00e7\u00e3o Social","datePublished":"2022-05-05T14:28:11+00:00","dateModified":"2022-05-05T19:35:45+00:00","mainEntityOfPage":{"@id":"https:\/\/www.estrategiaconcursos.com.br\/blog\/concurso-publico-cebraspe-decreto-presidencial\/"},"wordCount":305,"commentCount":0,"publisher":{"@id":"https:\/\/www.estrategiaconcursos.com.br\/blog\/#organization"},"image":{"@id":"https:\/\/www.estrategiaconcursos.com.br\/blog\/concurso-publico-cebraspe-decreto-presidencial\/#primaryimage"},"thumbnailUrl":"https:\/\/dhg1h5j42swfq.cloudfront.net\/2020\/06\/26172706\/Cebraspe.jpg","articleSection":["Concursos P\u00fablicos","\u00daltimas not\u00edcias"],"inLanguage":"pt-BR","potentialAction":[{"@type":"CommentAction","name":"Comment","target":["https:\/\/www.estrategiaconcursos.com.br\/blog\/concurso-publico-cebraspe-decreto-presidencial\/#respond"]}],"copyrightYear":"2022","copyrightHolder":{"@id":"https:\/\/www.estrategiaconcursos.com.br\/blog\/#organization"}},{"@type":"WebPage","@id":"https:\/\/www.estrategiaconcursos.com.br\/blog\/concurso-publico-cebraspe-decreto-presidencial\/","url":"https:\/\/www.estrategiaconcursos.com.br\/blog\/concurso-publico-cebraspe-decreto-presidencial\/","name":"Decreto desqualifica Cebraspe como Organiza\u00e7\u00e3o Social","isPartOf":{"@id":"https:\/\/www.estrategiaconcursos.com.br\/blog\/#website"},"primaryImageOfPage":{"@id":"https:\/\/www.estrategiaconcursos.com.br\/blog\/concurso-publico-cebraspe-decreto-presidencial\/#primaryimage"},"image":{"@id":"https:\/\/www.estrategiaconcursos.com.br\/blog\/concurso-publico-cebraspe-decreto-presidencial\/#primaryimage"},"thumbnailUrl":"https:\/\/dhg1h5j42swfq.cloudfront.net\/2020\/06\/26172706\/Cebraspe.jpg","datePublished":"2022-05-05T14:28:11+00:00","dateModified":"2022-05-05T19:35:45+00:00","description":"Concurso Cebraspe: decreto presidencial de 5 de maio, desqualifica a empresa como organiza\u00e7\u00e3o social. Veja detalhes!","breadcrumb":{"@id":"https:\/\/www.estrategiaconcursos.com.br\/blog\/concurso-publico-cebraspe-decreto-presidencial\/#breadcrumb"},"inLanguage":"pt-BR","potentialAction":[{"@type":"ReadAction","target":["https:\/\/www.estrategiaconcursos.com.br\/blog\/concurso-publico-cebraspe-decreto-presidencial\/"]}]},{"@type":"ImageObject","inLanguage":"pt-BR","@id":"https:\/\/www.estrategiaconcursos.com.br\/blog\/concurso-publico-cebraspe-decreto-presidencial\/#primaryimage","url":"https:\/\/dhg1h5j42swfq.cloudfront.net\/2020\/06\/26172706\/Cebraspe.jpg","contentUrl":"https:\/\/dhg1h5j42swfq.cloudfront.net\/2020\/06\/26172706\/Cebraspe.jpg","width":840,"height":562},{"@type":"BreadcrumbList","@id":"https:\/\/www.estrategiaconcursos.com.br\/blog\/concurso-publico-cebraspe-decreto-presidencial\/#breadcrumb","itemListElement":[{"@type":"ListItem","position":1,"name":"In\u00edcio","item":"https:\/\/www.estrategiaconcursos.com.br\/blog\/"},{"@type":"ListItem","position":2,"name":"Decreto desqualifica Cebraspe como Organiza\u00e7\u00e3o Social"}]},{"@type":"WebSite","@id":"https:\/\/www.estrategiaconcursos.com.br\/blog\/#website","url":"https:\/\/www.estrategiaconcursos.com.br\/blog\/","name":"Estrat\u00e9gia Concursos","description":"O blog da Estrat\u00e9gia Concursos traz not\u00edcias sobre concursos e artigos de professores oferecendo cursos para concursos (pdf + videaulas) no site.","publisher":{"@id":"https:\/\/www.estrategiaconcursos.com.br\/blog\/#organization"},"potentialAction":[{"@type":"SearchAction","target":{"@type":"EntryPoint","urlTemplate":"https:\/\/www.estrategiaconcursos.com.br\/blog\/?s={search_term_string}"},"query-input":{"@type":"PropertyValueSpecification","valueRequired":true,"valueName":"search_term_string"}}],"inLanguage":"pt-BR"},{"@type":"Organization","@id":"https:\/\/www.estrategiaconcursos.com.br\/blog\/#organization","name":"Estrat\u00e9gia Concursos","url":"https:\/\/www.estrategiaconcursos.com.br\/blog\/","logo":{"@type":"ImageObject","inLanguage":"pt-BR","@id":"https:\/\/www.estrategiaconcursos.com.br\/blog\/#\/schema\/logo\/image\/","url":"https:\/\/dhg1h5j42swfq.cloudfront.net\/2025\/06\/03203428\/logo_concursos-1.jpg","contentUrl":"https:\/\/dhg1h5j42swfq.cloudfront.net\/2025\/06\/03203428\/logo_concursos-1.jpg","width":230,"height":60,"caption":"Estrat\u00e9gia Concursos"},"image":{"@id":"https:\/\/www.estrategiaconcursos.com.br\/blog\/#\/schema\/logo\/image\/"},"sameAs":["https:\/\/x.com\/EstratConcursos"]},{"@type":"Person","@id":"https:\/\/www.estrategiaconcursos.com.br\/blog\/#\/schema\/person\/9b94727dcf4410f4a7931c83966c843b","name":"Let\u00edcia Teixeira","image":{"@type":"ImageObject","inLanguage":"pt-BR","@id":"https:\/\/secure.gravatar.com\/avatar\/fb589b06b881e20b676d08f9d03226d1e3291ba2f90e751ddc9ccb21abf0244d?s=96&d=mm&r=g","url":"https:\/\/secure.gravatar.com\/avatar\/fb589b06b881e20b676d08f9d03226d1e3291ba2f90e751ddc9ccb21abf0244d?s=96&d=mm&r=g","contentUrl":"https:\/\/secure.gravatar.com\/avatar\/fb589b06b881e20b676d08f9d03226d1e3291ba2f90e751ddc9ccb21abf0244d?s=96&d=mm&r=g","caption":"Let\u00edcia Teixeira"},"description":"Jornalista com experi\u00eancia de mais de quatro anos no segmento de concursos p\u00fablicos. Especializada em Narrativa Transm\u00eddia e Storytelling pela Universidade Cat\u00f3lica de Bras\u00edlia, com atua\u00e7\u00e3o nas \u00e1reas de SEO, conte\u00fado, Webwriting e Copywriting.","url":"https:\/\/www.estrategiaconcursos.com.br\/blog\/author\/leticia-teixeiraestrategia-com\/"}]}},"_links":{"self":[{"href":"https:\/\/www.estrategiaconcursos.com.br\/blog\/wp-json\/wp\/v2\/posts\/1022023","targetHints":{"allow":["GET"]}}],"collection":[{"href":"https:\/\/www.estrategiaconcursos.com.br\/blog\/wp-json\/wp\/v2\/posts"}],"about":[{"href":"https:\/\/www.estrategiaconcursos.com.br\/blog\/wp-json\/wp\/v2\/types\/post"}],"author":[{"embeddable":true,"href":"https:\/\/www.estrategiaconcursos.com.br\/blog\/wp-json\/wp\/v2\/users\/2319"}],"replies":[{"embeddable":true,"href":"https:\/\/www.estrategiaconcursos.com.br\/blog\/wp-json\/wp\/v2\/comments?post=1022023"}],"version-history":[{"count":14,"href":"https:\/\/www.estrategiaconcursos.com.br\/blog\/wp-json\/wp\/v2\/posts\/1022023\/revisions"}],"predecessor-version":[{"id":1022506,"href":"https:\/\/www.estrategiaconcursos.com.br\/blog\/wp-json\/wp\/v2\/posts\/1022023\/revisions\/1022506"}],"wp:featuredmedia":[{"embeddable":true,"href":"https:\/\/www.estrategiaconcursos.com.br\/blog\/wp-json\/wp\/v2\/media\/533299"}],"wp:attachment":[{"href":"https:\/\/www.estrategiaconcursos.com.br\/blog\/wp-json\/wp\/v2\/media?parent=1022023"}],"wp:term":[{"taxonomy":"category","embeddable":true,"href":"https:\/\/www.estrategiaconcursos.com.br\/blog\/wp-json\/wp\/v2\/categories?post=1022023"},{"taxonomy":"post_tag","embeddable":true,"href":"https:\/\/www.estrategiaconcursos.com.br\/blog\/wp-json\/wp\/v2\/tags?post=1022023"},{"taxonomy":"tax_estado","embeddable":true,"href":"https:\/\/www.estrategiaconcursos.com.br\/blog\/wp-json\/wp\/v2\/tax_estado?post=1022023"}],"curies":[{"name":"wp","href":"https:\/\/api.w.org\/{rel}","templated":true}]}}