{"id":1021893,"date":"2022-05-05T09:14:56","date_gmt":"2022-05-05T12:14:56","guid":{"rendered":"https:\/\/www.estrategiaconcursos.com.br\/blog\/?p=1021893"},"modified":"2022-05-05T12:29:12","modified_gmt":"2022-05-05T15:29:12","slug":"concurso-camara-bh-preparativos","status":"publish","type":"post","link":"https:\/\/www.estrategiaconcursos.com.br\/blog\/concurso-camara-bh-preparativos\/","title":{"rendered":"C\u00e2mara de BH inicia os preparativos para o pr\u00f3ximo concurso"},"content":{"rendered":"\n<p>A comiss\u00e3o organizadora do concurso C\u00e2mara de Belo Horizonte (BH), capital de Minas Gerais, iniciou os preparativos para realiza\u00e7\u00e3o do certame.<\/p>\n\n\n\n<div class=\"wp-block-image\"><figure class=\"aligncenter size-full\"><img loading=\"lazy\" decoding=\"async\" width=\"564\" height=\"376\" src=\"https:\/\/dhg1h5j42swfq.cloudfront.net\/2022\/05\/05090621\/camara-bh.jpg\" alt=\"C\u00e2mara de BH inicia os preparativos para o pr\u00f3ximo concurso\" class=\"wp-image-1021906\" srcset=\"https:\/\/dhg1h5j42swfq.cloudfront.net\/2022\/05\/05090621\/camara-bh.jpg 564w, https:\/\/dhg1h5j42swfq.cloudfront.net\/2022\/05\/05090621\/camara-bh-300x200.jpg 300w\" sizes=\"auto, (max-width: 564px) 100vw, 564px\" \/><figcaption>C\u00e2mara de BH inicia os preparativos para o pr\u00f3ximo concurso | Imagem: reprodu\u00e7\u00e3o<\/figcaption><\/figure><\/div>\n\n\n\n<p>A comiss\u00e3o trabalha no levantamento de <a href=\"https:\/\/www.estrategiaconcursos.com.br\/cursos\/concurso\/\" target=\"_blank\" rel=\"noreferrer noopener\">cargos e vagas<\/a> que ser\u00e3o ofertados no edital do pr\u00f3ximo concurso C\u00e2mara de BH.<\/p>\n\n\n\n<p>Al\u00e9m desse trabalho, o grupo tamb\u00e9m \u00e9 respons\u00e1vel por elaborar o projeto b\u00e1sico que servir\u00e1 para contrata\u00e7\u00e3o da banca organizadora.<\/p>\n\n\n\n<p>O \u00faltimo concurso <a href=\"https:\/\/www.cmbh.mg.gov.br\/\" target=\"_blank\" rel=\"noreferrer noopener\">CMBH<\/a> foi realizado em 2017 e teve como banca organizadora a Consulplan. Foram ofertadas o total de 102 vagas distribu\u00eddas entre os cargos de n\u00edvel superior e m\u00e9dio.<\/p>\n\n\n\n<p>O Estrat\u00e9gia Concursos disponibilizou um artigo completo e exclusivo sobre o concurso C\u00e2mara de BH. Acesse e confira mais informa\u00e7\u00f5es:<\/p>\n\n\n\n<h3 class=\"has-text-align-center has-background wp-block-heading\" id=\"h-concurso-camara-bh\" style=\"background-color:#d7cd9d\"><a href=\"https:\/\/www.estrategiaconcursos.com.br\/blog\/concurso-camara-bh\/\" target=\"_blank\" rel=\"noreferrer noopener\">Concurso C\u00e2mara BH<\/a><\/h3>\n\n\n\n<h3 class=\"has-text-align-center wp-block-heading\" id=\"h-quer-estudar-para-camara-de-bh-com-o-lider-absoluto-em-aprovacao-acesse-nossos-cursos-a-seguir\">Quer estudar para C\u00e2mara de BH com o l\u00edder absoluto em aprova\u00e7\u00e3o? <br \/>Acesse nossos cursos a seguir! <\/h3>\n\n\n\n<div class=\"container\" id=\"boxes\">\n  <div class=\"row\">\n\n    <div class=\"col-sm\">\n      <div class=\"banner-legislativo\" id=\"box-assinatura\">\n        <h3 class=\"titulo-assinatura\">C\u00e2mara de BH<\/h3>\n        <p class=\"subtitulo-assinatura\">Conhe\u00e7a os cursos<\/p>\n        <div class=\"box-botao\">\n          <a class=\"btn-assinatura\" target=\"_blank\" href=\"https:\/\/www.estrategiaconcursos.com.br\/cursosPorConcurso\/area-legislativa-pacotes-promocionais\/\" role=\"button\" rel=\"noopener noreferrer\">Conhe\u00e7a mais<\/a>\n        <\/div>\n      <\/div>\n     \n\n  <\/div>\n<\/div><\/div>\n\n\n\n<div class=\"container\" id=\"boxes\">\n  <div class=\"row\">\n\n    <div class=\"col-sm\">\n      <div class=\"estrategia\" id=\"box-assinatura\">\n        <h3 class=\"titulo-assinatura\">Assinatura de Concursos<\/h3>\n        <p class=\"subtitulo-assinatura\">Assinatura de 1 ano ou 2 anos<\/p>\n        <div class=\"box-botao\">\n          <a class=\"btn-assinatura\" target=\"_blank\" href=\"https:\/\/www.estrategiaconcursos.com.br\/assinaturas\/\" role=\"button\" rel=\"noopener noreferrer\">ASSINE AGORA<\/a>\n        <\/div>\n      <\/div>\n     \n    <\/div><\/div><\/div>\n","protected":false},"excerpt":{"rendered":"<p>A comiss\u00e3o organizadora do concurso C\u00e2mara de Belo Horizonte (BH), capital de Minas Gerais, iniciou os preparativos para realiza\u00e7\u00e3o do certame. A comiss\u00e3o trabalha no levantamento de cargos e vagas que ser\u00e3o ofertados no edital do pr\u00f3ximo concurso C\u00e2mara de BH. Al\u00e9m desse trabalho, o grupo tamb\u00e9m \u00e9 respons\u00e1vel por elaborar o projeto b\u00e1sico que [&hellip;]<\/p>\n","protected":false},"author":2041,"featured_media":111732,"comment_status":"open","ping_status":"closed","sticky":false,"template":"","format":"standard","meta":{"post_tipo":"news","footnotes":""},"categories":[2017,220219],"tags":[],"tax_estado":[219974],"class_list":["post-1021893","post","type-post","status-publish","format-standard","has-post-thumbnail","hentry","category-concursos-legislativos","category-noticias","tax_estado-mg"],"acf":[],"yoast_head":"<!-- This site is optimized with the Yoast SEO Premium plugin v27.2 (Yoast SEO v27.2) - https:\/\/yoast.com\/product\/yoast-seo-premium-wordpress\/ -->\n<title>C\u00e2mara de BH inicia os preparativos para o pr\u00f3ximo concurso<\/title>\n<meta name=\"description\" content=\"A comiss\u00e3o organizadora do concurso C\u00e2mara de BH, capital de Minas Gerais, iniciou os preparativos para realiza\u00e7\u00e3o do certame.\" \/>\n<meta name=\"robots\" content=\"index, follow, max-snippet:-1, max-image-preview:large, max-video-preview:-1\" \/>\n<link rel=\"canonical\" href=\"https:\/\/www.estrategiaconcursos.com.br\/blog\/concurso-camara-bh-preparativos\/\" \/>\n<meta property=\"og:locale\" content=\"pt_BR\" \/>\n<meta property=\"og:type\" content=\"article\" \/>\n<meta property=\"og:title\" content=\"C\u00e2mara de BH inicia os preparativos para o pr\u00f3ximo concurso\" \/>\n<meta property=\"og:description\" content=\"A comiss\u00e3o organizadora do concurso C\u00e2mara de BH, capital de Minas Gerais, iniciou os preparativos para realiza\u00e7\u00e3o do certame.\" \/>\n<meta property=\"og:url\" content=\"https:\/\/www.estrategiaconcursos.com.br\/blog\/concurso-camara-bh-preparativos\/\" \/>\n<meta property=\"og:site_name\" content=\"Estrat\u00e9gia Concursos\" \/>\n<meta property=\"article:published_time\" content=\"2022-05-05T12:14:56+00:00\" \/>\n<meta property=\"article:modified_time\" content=\"2022-05-05T15:29:12+00:00\" \/>\n<meta property=\"og:image\" content=\"https:\/\/dhg1h5j42swfq.cloudfront.net\/2018\/02\/16090518\/CAMARA-BH4-e1521201926215.jpg\" \/>\n\t<meta property=\"og:image:width\" content=\"400\" \/>\n\t<meta property=\"og:image:height\" content=\"209\" \/>\n\t<meta property=\"og:image:type\" content=\"image\/jpeg\" \/>\n<meta name=\"author\" content=\"Thiago Cavalcante Gomes\" \/>\n<meta name=\"twitter:card\" content=\"summary_large_image\" \/>\n<meta name=\"twitter:creator\" content=\"@EstratConcursos\" \/>\n<meta name=\"twitter:site\" content=\"@EstratConcursos\" \/>\n<meta name=\"twitter:label1\" content=\"Escrito por\" \/>\n\t<meta name=\"twitter:data1\" content=\"Thiago Cavalcante Gomes\" \/>\n\t<meta name=\"twitter:label2\" content=\"Est. tempo de leitura\" \/>\n\t<meta name=\"twitter:data2\" content=\"2 minutos\" \/>\n<script type=\"application\/ld+json\" class=\"yoast-schema-graph\">{\"@context\":\"https:\/\/schema.org\",\"@graph\":[{\"@type\":\"NewsArticle\",\"@id\":\"https:\/\/www.estrategiaconcursos.com.br\/blog\/concurso-camara-bh-preparativos\/#article\",\"isPartOf\":{\"@id\":\"https:\/\/www.estrategiaconcursos.com.br\/blog\/concurso-camara-bh-preparativos\/\"},\"author\":{\"name\":\"Thiago Cavalcante Gomes\",\"@id\":\"https:\/\/www.estrategiaconcursos.com.br\/blog\/#\/schema\/person\/4970184533d0a3ffa5b0299ae0a2b21f\"},\"headline\":\"C\u00e2mara de BH inicia os preparativos para o pr\u00f3ximo concurso\",\"datePublished\":\"2022-05-05T12:14:56+00:00\",\"dateModified\":\"2022-05-05T15:29:12+00:00\",\"mainEntityOfPage\":{\"@id\":\"https:\/\/www.estrategiaconcursos.com.br\/blog\/concurso-camara-bh-preparativos\/\"},\"wordCount\":199,\"commentCount\":0,\"publisher\":{\"@id\":\"https:\/\/www.estrategiaconcursos.com.br\/blog\/#organization\"},\"image\":{\"@id\":\"https:\/\/www.estrategiaconcursos.com.br\/blog\/concurso-camara-bh-preparativos\/#primaryimage\"},\"thumbnailUrl\":\"https:\/\/dhg1h5j42swfq.cloudfront.net\/2018\/02\/16090518\/CAMARA-BH4-e1521201926215.jpg\",\"articleSection\":[\"Legislativo\",\"\u00daltimas not\u00edcias\"],\"inLanguage\":\"pt-BR\",\"potentialAction\":[{\"@type\":\"CommentAction\",\"name\":\"Comment\",\"target\":[\"https:\/\/www.estrategiaconcursos.com.br\/blog\/concurso-camara-bh-preparativos\/#respond\"]}],\"copyrightYear\":\"2022\",\"copyrightHolder\":{\"@id\":\"https:\/\/www.estrategiaconcursos.com.br\/blog\/#organization\"}},{\"@type\":\"WebPage\",\"@id\":\"https:\/\/www.estrategiaconcursos.com.br\/blog\/concurso-camara-bh-preparativos\/\",\"url\":\"https:\/\/www.estrategiaconcursos.com.br\/blog\/concurso-camara-bh-preparativos\/\",\"name\":\"C\u00e2mara de BH inicia os preparativos para o pr\u00f3ximo concurso\",\"isPartOf\":{\"@id\":\"https:\/\/www.estrategiaconcursos.com.br\/blog\/#website\"},\"primaryImageOfPage\":{\"@id\":\"https:\/\/www.estrategiaconcursos.com.br\/blog\/concurso-camara-bh-preparativos\/#primaryimage\"},\"image\":{\"@id\":\"https:\/\/www.estrategiaconcursos.com.br\/blog\/concurso-camara-bh-preparativos\/#primaryimage\"},\"thumbnailUrl\":\"https:\/\/dhg1h5j42swfq.cloudfront.net\/2018\/02\/16090518\/CAMARA-BH4-e1521201926215.jpg\",\"datePublished\":\"2022-05-05T12:14:56+00:00\",\"dateModified\":\"2022-05-05T15:29:12+00:00\",\"description\":\"A comiss\u00e3o organizadora do concurso C\u00e2mara de BH, capital de Minas Gerais, iniciou os preparativos para realiza\u00e7\u00e3o do certame.\",\"breadcrumb\":{\"@id\":\"https:\/\/www.estrategiaconcursos.com.br\/blog\/concurso-camara-bh-preparativos\/#breadcrumb\"},\"inLanguage\":\"pt-BR\",\"potentialAction\":[{\"@type\":\"ReadAction\",\"target\":[\"https:\/\/www.estrategiaconcursos.com.br\/blog\/concurso-camara-bh-preparativos\/\"]}]},{\"@type\":\"ImageObject\",\"inLanguage\":\"pt-BR\",\"@id\":\"https:\/\/www.estrategiaconcursos.com.br\/blog\/concurso-camara-bh-preparativos\/#primaryimage\",\"url\":\"https:\/\/dhg1h5j42swfq.cloudfront.net\/2018\/02\/16090518\/CAMARA-BH4-e1521201926215.jpg\",\"contentUrl\":\"https:\/\/dhg1h5j42swfq.cloudfront.net\/2018\/02\/16090518\/CAMARA-BH4-e1521201926215.jpg\",\"width\":400,\"height\":209,\"caption\":\"Concurso C\u00e2mara de BH\"},{\"@type\":\"BreadcrumbList\",\"@id\":\"https:\/\/www.estrategiaconcursos.com.br\/blog\/concurso-camara-bh-preparativos\/#breadcrumb\",\"itemListElement\":[{\"@type\":\"ListItem\",\"position\":1,\"name\":\"In\u00edcio\",\"item\":\"https:\/\/www.estrategiaconcursos.com.br\/blog\/\"},{\"@type\":\"ListItem\",\"position\":2,\"name\":\"C\u00e2mara de BH inicia os preparativos para o pr\u00f3ximo concurso\"}]},{\"@type\":\"WebSite\",\"@id\":\"https:\/\/www.estrategiaconcursos.com.br\/blog\/#website\",\"url\":\"https:\/\/www.estrategiaconcursos.com.br\/blog\/\",\"name\":\"Estrat\u00e9gia Concursos\",\"description\":\"O blog da Estrat\u00e9gia Concursos traz not\u00edcias sobre concursos e artigos de professores oferecendo cursos para concursos (pdf + videaulas) no site.\",\"publisher\":{\"@id\":\"https:\/\/www.estrategiaconcursos.com.br\/blog\/#organization\"},\"potentialAction\":[{\"@type\":\"SearchAction\",\"target\":{\"@type\":\"EntryPoint\",\"urlTemplate\":\"https:\/\/www.estrategiaconcursos.com.br\/blog\/?s={search_term_string}\"},\"query-input\":{\"@type\":\"PropertyValueSpecification\",\"valueRequired\":true,\"valueName\":\"search_term_string\"}}],\"inLanguage\":\"pt-BR\"},{\"@type\":\"Organization\",\"@id\":\"https:\/\/www.estrategiaconcursos.com.br\/blog\/#organization\",\"name\":\"Estrat\u00e9gia Concursos\",\"url\":\"https:\/\/www.estrategiaconcursos.com.br\/blog\/\",\"logo\":{\"@type\":\"ImageObject\",\"inLanguage\":\"pt-BR\",\"@id\":\"https:\/\/www.estrategiaconcursos.com.br\/blog\/#\/schema\/logo\/image\/\",\"url\":\"https:\/\/dhg1h5j42swfq.cloudfront.net\/2025\/06\/03203428\/logo_concursos-1.jpg\",\"contentUrl\":\"https:\/\/dhg1h5j42swfq.cloudfront.net\/2025\/06\/03203428\/logo_concursos-1.jpg\",\"width\":230,\"height\":60,\"caption\":\"Estrat\u00e9gia Concursos\"},\"image\":{\"@id\":\"https:\/\/www.estrategiaconcursos.com.br\/blog\/#\/schema\/logo\/image\/\"},\"sameAs\":[\"https:\/\/x.com\/EstratConcursos\"]},{\"@type\":\"Person\",\"@id\":\"https:\/\/www.estrategiaconcursos.com.br\/blog\/#\/schema\/person\/4970184533d0a3ffa5b0299ae0a2b21f\",\"name\":\"Thiago Cavalcante Gomes\",\"image\":{\"@type\":\"ImageObject\",\"inLanguage\":\"pt-BR\",\"@id\":\"https:\/\/secure.gravatar.com\/avatar\/?s=96&d=mm&r=g\",\"url\":\"https:\/\/secure.gravatar.com\/avatar\/?s=96&d=mm&r=g\",\"contentUrl\":\"https:\/\/secure.gravatar.com\/avatar\/?s=96&d=mm&r=g\",\"caption\":\"Thiago Cavalcante Gomes\"},\"url\":\"https:\/\/www.estrategiaconcursos.com.br\/blog\/author\/thiago-gomes\/\"}]}<\/script>\n<!-- \/ Yoast SEO Premium plugin. -->","yoast_head_json":{"title":"C\u00e2mara de BH inicia os preparativos para o pr\u00f3ximo concurso","description":"A comiss\u00e3o organizadora do concurso C\u00e2mara de BH, capital de Minas Gerais, iniciou os preparativos para realiza\u00e7\u00e3o do certame.","robots":{"index":"index","follow":"follow","max-snippet":"max-snippet:-1","max-image-preview":"max-image-preview:large","max-video-preview":"max-video-preview:-1"},"canonical":"https:\/\/www.estrategiaconcursos.com.br\/blog\/concurso-camara-bh-preparativos\/","og_locale":"pt_BR","og_type":"article","og_title":"C\u00e2mara de BH inicia os preparativos para o pr\u00f3ximo concurso","og_description":"A comiss\u00e3o organizadora do concurso C\u00e2mara de BH, capital de Minas Gerais, iniciou os preparativos para realiza\u00e7\u00e3o do certame.","og_url":"https:\/\/www.estrategiaconcursos.com.br\/blog\/concurso-camara-bh-preparativos\/","og_site_name":"Estrat\u00e9gia Concursos","article_published_time":"2022-05-05T12:14:56+00:00","article_modified_time":"2022-05-05T15:29:12+00:00","og_image":[{"width":400,"height":209,"url":"https:\/\/dhg1h5j42swfq.cloudfront.net\/2018\/02\/16090518\/CAMARA-BH4-e1521201926215.jpg","type":"image\/jpeg"}],"author":"Thiago Cavalcante Gomes","twitter_card":"summary_large_image","twitter_creator":"@EstratConcursos","twitter_site":"@EstratConcursos","twitter_misc":{"Escrito por":"Thiago Cavalcante Gomes","Est. tempo de leitura":"2 minutos"},"schema":{"@context":"https:\/\/schema.org","@graph":[{"@type":"NewsArticle","@id":"https:\/\/www.estrategiaconcursos.com.br\/blog\/concurso-camara-bh-preparativos\/#article","isPartOf":{"@id":"https:\/\/www.estrategiaconcursos.com.br\/blog\/concurso-camara-bh-preparativos\/"},"author":{"name":"Thiago Cavalcante Gomes","@id":"https:\/\/www.estrategiaconcursos.com.br\/blog\/#\/schema\/person\/4970184533d0a3ffa5b0299ae0a2b21f"},"headline":"C\u00e2mara de BH inicia os preparativos para o pr\u00f3ximo concurso","datePublished":"2022-05-05T12:14:56+00:00","dateModified":"2022-05-05T15:29:12+00:00","mainEntityOfPage":{"@id":"https:\/\/www.estrategiaconcursos.com.br\/blog\/concurso-camara-bh-preparativos\/"},"wordCount":199,"commentCount":0,"publisher":{"@id":"https:\/\/www.estrategiaconcursos.com.br\/blog\/#organization"},"image":{"@id":"https:\/\/www.estrategiaconcursos.com.br\/blog\/concurso-camara-bh-preparativos\/#primaryimage"},"thumbnailUrl":"https:\/\/dhg1h5j42swfq.cloudfront.net\/2018\/02\/16090518\/CAMARA-BH4-e1521201926215.jpg","articleSection":["Legislativo","\u00daltimas not\u00edcias"],"inLanguage":"pt-BR","potentialAction":[{"@type":"CommentAction","name":"Comment","target":["https:\/\/www.estrategiaconcursos.com.br\/blog\/concurso-camara-bh-preparativos\/#respond"]}],"copyrightYear":"2022","copyrightHolder":{"@id":"https:\/\/www.estrategiaconcursos.com.br\/blog\/#organization"}},{"@type":"WebPage","@id":"https:\/\/www.estrategiaconcursos.com.br\/blog\/concurso-camara-bh-preparativos\/","url":"https:\/\/www.estrategiaconcursos.com.br\/blog\/concurso-camara-bh-preparativos\/","name":"C\u00e2mara de BH inicia os preparativos para o pr\u00f3ximo concurso","isPartOf":{"@id":"https:\/\/www.estrategiaconcursos.com.br\/blog\/#website"},"primaryImageOfPage":{"@id":"https:\/\/www.estrategiaconcursos.com.br\/blog\/concurso-camara-bh-preparativos\/#primaryimage"},"image":{"@id":"https:\/\/www.estrategiaconcursos.com.br\/blog\/concurso-camara-bh-preparativos\/#primaryimage"},"thumbnailUrl":"https:\/\/dhg1h5j42swfq.cloudfront.net\/2018\/02\/16090518\/CAMARA-BH4-e1521201926215.jpg","datePublished":"2022-05-05T12:14:56+00:00","dateModified":"2022-05-05T15:29:12+00:00","description":"A comiss\u00e3o organizadora do concurso C\u00e2mara de BH, capital de Minas Gerais, iniciou os preparativos para realiza\u00e7\u00e3o do certame.","breadcrumb":{"@id":"https:\/\/www.estrategiaconcursos.com.br\/blog\/concurso-camara-bh-preparativos\/#breadcrumb"},"inLanguage":"pt-BR","potentialAction":[{"@type":"ReadAction","target":["https:\/\/www.estrategiaconcursos.com.br\/blog\/concurso-camara-bh-preparativos\/"]}]},{"@type":"ImageObject","inLanguage":"pt-BR","@id":"https:\/\/www.estrategiaconcursos.com.br\/blog\/concurso-camara-bh-preparativos\/#primaryimage","url":"https:\/\/dhg1h5j42swfq.cloudfront.net\/2018\/02\/16090518\/CAMARA-BH4-e1521201926215.jpg","contentUrl":"https:\/\/dhg1h5j42swfq.cloudfront.net\/2018\/02\/16090518\/CAMARA-BH4-e1521201926215.jpg","width":400,"height":209,"caption":"Concurso C\u00e2mara de BH"},{"@type":"BreadcrumbList","@id":"https:\/\/www.estrategiaconcursos.com.br\/blog\/concurso-camara-bh-preparativos\/#breadcrumb","itemListElement":[{"@type":"ListItem","position":1,"name":"In\u00edcio","item":"https:\/\/www.estrategiaconcursos.com.br\/blog\/"},{"@type":"ListItem","position":2,"name":"C\u00e2mara de BH inicia os preparativos para o pr\u00f3ximo concurso"}]},{"@type":"WebSite","@id":"https:\/\/www.estrategiaconcursos.com.br\/blog\/#website","url":"https:\/\/www.estrategiaconcursos.com.br\/blog\/","name":"Estrat\u00e9gia Concursos","description":"O blog da Estrat\u00e9gia Concursos traz not\u00edcias sobre concursos e artigos de professores oferecendo cursos para concursos (pdf + videaulas) no site.","publisher":{"@id":"https:\/\/www.estrategiaconcursos.com.br\/blog\/#organization"},"potentialAction":[{"@type":"SearchAction","target":{"@type":"EntryPoint","urlTemplate":"https:\/\/www.estrategiaconcursos.com.br\/blog\/?s={search_term_string}"},"query-input":{"@type":"PropertyValueSpecification","valueRequired":true,"valueName":"search_term_string"}}],"inLanguage":"pt-BR"},{"@type":"Organization","@id":"https:\/\/www.estrategiaconcursos.com.br\/blog\/#organization","name":"Estrat\u00e9gia Concursos","url":"https:\/\/www.estrategiaconcursos.com.br\/blog\/","logo":{"@type":"ImageObject","inLanguage":"pt-BR","@id":"https:\/\/www.estrategiaconcursos.com.br\/blog\/#\/schema\/logo\/image\/","url":"https:\/\/dhg1h5j42swfq.cloudfront.net\/2025\/06\/03203428\/logo_concursos-1.jpg","contentUrl":"https:\/\/dhg1h5j42swfq.cloudfront.net\/2025\/06\/03203428\/logo_concursos-1.jpg","width":230,"height":60,"caption":"Estrat\u00e9gia Concursos"},"image":{"@id":"https:\/\/www.estrategiaconcursos.com.br\/blog\/#\/schema\/logo\/image\/"},"sameAs":["https:\/\/x.com\/EstratConcursos"]},{"@type":"Person","@id":"https:\/\/www.estrategiaconcursos.com.br\/blog\/#\/schema\/person\/4970184533d0a3ffa5b0299ae0a2b21f","name":"Thiago Cavalcante Gomes","image":{"@type":"ImageObject","inLanguage":"pt-BR","@id":"https:\/\/secure.gravatar.com\/avatar\/?s=96&d=mm&r=g","url":"https:\/\/secure.gravatar.com\/avatar\/?s=96&d=mm&r=g","contentUrl":"https:\/\/secure.gravatar.com\/avatar\/?s=96&d=mm&r=g","caption":"Thiago Cavalcante Gomes"},"url":"https:\/\/www.estrategiaconcursos.com.br\/blog\/author\/thiago-gomes\/"}]}},"_links":{"self":[{"href":"https:\/\/www.estrategiaconcursos.com.br\/blog\/wp-json\/wp\/v2\/posts\/1021893","targetHints":{"allow":["GET"]}}],"collection":[{"href":"https:\/\/www.estrategiaconcursos.com.br\/blog\/wp-json\/wp\/v2\/posts"}],"about":[{"href":"https:\/\/www.estrategiaconcursos.com.br\/blog\/wp-json\/wp\/v2\/types\/post"}],"author":[{"embeddable":true,"href":"https:\/\/www.estrategiaconcursos.com.br\/blog\/wp-json\/wp\/v2\/users\/2041"}],"replies":[{"embeddable":true,"href":"https:\/\/www.estrategiaconcursos.com.br\/blog\/wp-json\/wp\/v2\/comments?post=1021893"}],"version-history":[{"count":6,"href":"https:\/\/www.estrategiaconcursos.com.br\/blog\/wp-json\/wp\/v2\/posts\/1021893\/revisions"}],"predecessor-version":[{"id":1022174,"href":"https:\/\/www.estrategiaconcursos.com.br\/blog\/wp-json\/wp\/v2\/posts\/1021893\/revisions\/1022174"}],"wp:featuredmedia":[{"embeddable":true,"href":"https:\/\/www.estrategiaconcursos.com.br\/blog\/wp-json\/wp\/v2\/media\/111732"}],"wp:attachment":[{"href":"https:\/\/www.estrategiaconcursos.com.br\/blog\/wp-json\/wp\/v2\/media?parent=1021893"}],"wp:term":[{"taxonomy":"category","embeddable":true,"href":"https:\/\/www.estrategiaconcursos.com.br\/blog\/wp-json\/wp\/v2\/categories?post=1021893"},{"taxonomy":"post_tag","embeddable":true,"href":"https:\/\/www.estrategiaconcursos.com.br\/blog\/wp-json\/wp\/v2\/tags?post=1021893"},{"taxonomy":"tax_estado","embeddable":true,"href":"https:\/\/www.estrategiaconcursos.com.br\/blog\/wp-json\/wp\/v2\/tax_estado?post=1021893"}],"curies":[{"name":"wp","href":"https:\/\/api.w.org\/{rel}","templated":true}]}}