{"id":1021538,"date":"2022-05-04T17:45:59","date_gmt":"2022-05-04T20:45:59","guid":{"rendered":"https:\/\/www.estrategiaconcursos.com.br\/blog\/?p=1021538"},"modified":"2022-05-04T17:47:48","modified_gmt":"2022-05-04T20:47:48","slug":"concurso-trt-14-cargos","status":"publish","type":"post","link":"https:\/\/www.estrategiaconcursos.com.br\/blog\/concurso-trt-14-cargos\/","title":{"rendered":"Concurso TRT 14: \u00f3rg\u00e3o indica cargos do novo edital"},"content":{"rendered":"\n<p>O <a href=\"https:\/\/portal.trt14.jus.br\/portal\/\" target=\"_blank\" rel=\"noreferrer noopener\">Tribunal Regional do Trabalho\u00a0da\u00a014\u00aa\u00a0Regi\u00e3o<\/a> (TRT 14) divulgou um levantamento de quais cargos dever\u00e3o ser comtemplados no novo concurso do \u00f3rg\u00e3o!<\/p>\n\n\n\n<p>Ser\u00e3o ofertados pelo certame oportunidades de n\u00edvel m\u00e9dio e superior de escolaridade para os cargos de  Analista e T\u00e9cnico judici\u00e1rio. Confira!<\/p>\n\n\n\n<ul class=\"wp-block-list\"><li>Analista Judici\u00e1rio \u2013 \u00c1rea Judici\u00e1ria;<\/li><li>Analista Judici\u00e1rio \u2013 \u00c1rea Administrativa;<\/li><li>Analista Judici\u00e1rio \u2013 \u00c1rea Apoio Especializado, Especialidade: Oficial de Justi\u00e7a Avaliador Federal;<\/li><li>Analista Judici\u00e1rio \u2013 \u00c1rea Apoio Especializado, Especialidade: Tecnologia da Informa\u00e7\u00e3o;<\/li><li>T\u00e9cnico Judici\u00e1rio \u2013 \u00c1rea Administrativa;<\/li><li>T\u00e9cnico Judici\u00e1rio \u2013 \u00c1rea Apoio Especializado, Especialidade: Tecnologia da Informa\u00e7\u00e3o.<\/li><\/ul>\n\n\n\n<h3 class=\"wp-block-heading\" id=\"h-concurso-trt-14-situacao-atual\">Concurso TRT 14: situa\u00e7\u00e3o atual<\/h3>\n\n\n\n<p id=\"situacao-do-concurso\">Foi autorizada a realiza\u00e7\u00e3o do novo concurso p\u00fablico para provimento de cargos no quadro de servidores em diversos TRTs, incluindo o TRT da 14\u00aa Regi\u00e3o (RO e AC).<\/p>\n\n\n\n<p>De acordo com o CSJT a autoriza\u00e7\u00e3o entrar\u00e1 em vigor assim que o cumprimento da redistribui\u00e7\u00e3o de cargos dos<strong>\u00a0<\/strong>Tribunais Regionais do Trabalho da 4\u00aa, 5\u00aa, 6\u00aa, 8\u00aa, 10\u00aa,11\u00aa, 12\u00aa, 13\u00aa, 14\u00aa, 18\u00aa, 19\u00aa, 21\u00aa e 23\u00aa regi\u00f5es, para o TRT da 22\u00aa regi\u00e3o\u00a0for efetuado.<\/p>\n\n\n\n<h3 class=\"wp-block-heading\" id=\"cargos-vagos\">Cargos vagos<\/h3>\n\n\n\n<p>Segundo o levantamento mais recente, de dezembro de 2019, o \u00f3rg\u00e3o possui atualmente\u00a0<strong>91 cargos vagos<\/strong>\u00a0em seu quadro de servidores. O cargo com maior d\u00e9ficit \u00e9 o de T\u00e9cnico Judici\u00e1rio.<\/p>\n\n\n\n<p>Vale lembrar que os dois concursos mais recentes para o quadro de servidores do Tribunal Regional do Trabalho da 14\u00aa regi\u00e3o (Rond\u00f4nia e Acre) retomaram a validade a partir de 1\u00ba de janeiro de 2021.<\/p>\n\n\n\n<p>O concurso de 2018, que ofertou vagas para Analista Judici\u00e1rio, ainda pode ser prorrogado por mais dois anos.<\/p>\n\n\n\n<p>Quer ficar por dentro de todas as informa\u00e7\u00f5es sobre o concurso TRT 14, cujo os cargos voc\u00ea viu nesta mat\u00e9ria? N\u00f3s, do Estrat\u00e9gia Concursos, preparamos um artigo completo para voc\u00ea!<\/p>\n\n\n\n<p class=\"has-text-align-center has-pale-cyan-blue-background-color has-background\"><strong>Saiba mais: <a href=\"https:\/\/www.estrategiaconcursos.com.br\/blog\/concurso-trt-14\/\" target=\"_blank\" rel=\"noreferrer noopener\">concurso TRT 14<\/a><\/strong><\/p>\n\n\n\n<h2 class=\"has-text-align-center wp-block-heading\" id=\"h-quer-saber-tudo-sobre-concursos-previstos-confira-nossos-artigos\">Quer saber tudo sobre concursos previstos?<br \/>Confira nossos artigos!<\/h2>\n\n\n\n<ul class=\"wp-block-list\"><li><a href=\"https:\/\/www.estrategiaconcursos.com.br\/blog\/concursos-abertos\/\" target=\"_blank\" rel=\"noreferrer noopener\">Concursos abertos<\/a><\/li><li><a href=\"https:\/\/www.estrategiaconcursos.com.br\/blog\/concursos-2022\/\" target=\"_blank\" rel=\"noreferrer noopener\">Concursos 2022<\/a><\/li><\/ul>\n\n\n\n<h2 class=\"has-text-align-center wp-block-heading\" id=\"assinatura-e-cursos\">Assinatura ilimitada e cursos para o concurso TRT 14<\/h2>\n\n\n\n<p>Gostou desta oportunidade e deseja come\u00e7ar se preparar agora mesmo? Ent\u00e3o, confira os nossos cursos e comece a estudar para TRT 14:<\/p>\n\n\n\n<div class=\"container\" id=\"boxes\">\n  <div class=\"row\">\n\n    <div class=\"col-sm\">\n      <div class=\"banner-tribunal\" id=\"box-assinatura\">\n        <h3 class=\"titulo-assinatura\">Cursos para TRT 14<\/h3>\n        <p class=\"subtitulo-assinatura\">Conhe\u00e7a os cursos<\/p>\n        <div class=\"box-botao\">\n          <a class=\"btn-assinatura\" target=\"_blank\" href=\"https:\/\/www.estrategiaconcursos.com.br\/cursosPorConcurso\/trt-14-regiao-rondonia-e-acre-305\/\" role=\"button\" rel=\"noopener noreferrer\">Conhe\u00e7a mais<\/a>\n        <\/div>\n      <\/div>\n      <p class=\"texto-auxiliar\">Prepare-se com o melhor material e com quem mais aprova em Concursos P\u00fablicos em todo o pa\u00eds.<\/p>\n    <\/div>\n\n  <\/div>\n<\/div>\n\n\n\n<div class=\"container\" id=\"boxes\">\n  <div class=\"row\">\n\n    <div class=\"col-sm\">\n      <div class=\"estrategia\" id=\"box-assinatura\">\n        <h3 class=\"titulo-assinatura\">Assinatura Concursos<\/h3>\n        <p class=\"subtitulo-assinatura\">Assinatura de 1 ano ou 2 anos<\/p>\n        <div class=\"box-botao\">\n          <a class=\"btn-assinatura\" target=\"_blank\" href=\"https:\/\/www.estrategiaconcursos.com.br\/assinaturas\/\" role=\"button\" rel=\"noopener noreferrer\">ASSINE AGORA<\/a>\n        <\/div>\n      <\/div>\n     \n    <\/div><\/div><\/div>\n\n\n\n<p> <\/p>\n","protected":false},"excerpt":{"rendered":"<p>O Tribunal Regional do Trabalho\u00a0da\u00a014\u00aa\u00a0Regi\u00e3o (TRT 14) divulgou um levantamento de quais cargos dever\u00e3o ser comtemplados no novo concurso do \u00f3rg\u00e3o! Ser\u00e3o ofertados pelo certame oportunidades de n\u00edvel m\u00e9dio e superior de escolaridade para os cargos de Analista e T\u00e9cnico judici\u00e1rio. Confira! Analista Judici\u00e1rio \u2013 \u00c1rea Judici\u00e1ria; Analista Judici\u00e1rio \u2013 \u00c1rea Administrativa; Analista Judici\u00e1rio \u2013 [&hellip;]<\/p>\n","protected":false},"author":2402,"featured_media":1016713,"comment_status":"open","ping_status":"closed","sticky":false,"template":"","format":"standard","meta":{"post_tipo":"news","footnotes":""},"categories":[1984,220219],"tags":[],"tax_estado":[219964,219984],"class_list":["post-1021538","post","type-post","status-publish","format-standard","has-post-thumbnail","hentry","category-tribunais","category-noticias","tax_estado-ac","tax_estado-ro"],"acf":[],"yoast_head":"<!-- This site is optimized with the Yoast SEO Premium plugin v27.2 (Yoast SEO v27.2) - https:\/\/yoast.com\/product\/yoast-seo-premium-wordpress\/ -->\n<title>Concurso TRT 14: \u00f3rg\u00e3o indica cargos do novo edital<\/title>\n<meta name=\"description\" content=\"Concurso TRT 14: \u00f3rg\u00e3o divulga quais cargos devem ser contemplados no novo certame. Confira todas as informa\u00e7\u00f5es aqui no site do Estrat\u00e9gia!\" \/>\n<meta name=\"robots\" content=\"index, follow, max-snippet:-1, max-image-preview:large, max-video-preview:-1\" \/>\n<link rel=\"canonical\" href=\"https:\/\/www.estrategiaconcursos.com.br\/blog\/concurso-trt-14-cargos\/\" \/>\n<meta property=\"og:locale\" content=\"pt_BR\" \/>\n<meta property=\"og:type\" content=\"article\" \/>\n<meta property=\"og:title\" content=\"Concurso TRT 14: \u00f3rg\u00e3o indica cargos do novo edital\" \/>\n<meta property=\"og:description\" content=\"Concurso TRT 14: \u00f3rg\u00e3o divulga quais cargos devem ser contemplados no novo certame. Confira todas as informa\u00e7\u00f5es aqui no site do Estrat\u00e9gia!\" \/>\n<meta property=\"og:url\" content=\"https:\/\/www.estrategiaconcursos.com.br\/blog\/concurso-trt-14-cargos\/\" \/>\n<meta property=\"og:site_name\" content=\"Estrat\u00e9gia Concursos\" \/>\n<meta property=\"article:published_time\" content=\"2022-05-04T20:45:59+00:00\" \/>\n<meta property=\"article:modified_time\" content=\"2022-05-04T20:47:48+00:00\" \/>\n<meta property=\"og:image\" content=\"https:\/\/dhg1h5j42swfq.cloudfront.net\/2022\/04\/27161125\/trt-14.jpeg\" \/>\n\t<meta property=\"og:image:width\" content=\"768\" \/>\n\t<meta property=\"og:image:height\" content=\"432\" \/>\n\t<meta property=\"og:image:type\" content=\"image\/jpeg\" \/>\n<meta name=\"author\" content=\"Daniela Santos Nascimento\" \/>\n<meta name=\"twitter:card\" content=\"summary_large_image\" \/>\n<meta name=\"twitter:creator\" content=\"@EstratConcursos\" \/>\n<meta name=\"twitter:site\" content=\"@EstratConcursos\" \/>\n<meta name=\"twitter:label1\" content=\"Escrito por\" \/>\n\t<meta name=\"twitter:data1\" content=\"Daniela Santos Nascimento\" \/>\n\t<meta name=\"twitter:label2\" content=\"Est. tempo de leitura\" \/>\n\t<meta name=\"twitter:data2\" content=\"3 minutos\" \/>\n<script type=\"application\/ld+json\" class=\"yoast-schema-graph\">{\"@context\":\"https:\/\/schema.org\",\"@graph\":[{\"@type\":\"NewsArticle\",\"@id\":\"https:\/\/www.estrategiaconcursos.com.br\/blog\/concurso-trt-14-cargos\/#article\",\"isPartOf\":{\"@id\":\"https:\/\/www.estrategiaconcursos.com.br\/blog\/concurso-trt-14-cargos\/\"},\"author\":{\"name\":\"Daniela Santos Nascimento\",\"@id\":\"https:\/\/www.estrategiaconcursos.com.br\/blog\/#\/schema\/person\/399990d02336f200766707b881aee98f\"},\"headline\":\"Concurso TRT 14: \u00f3rg\u00e3o indica cargos do novo edital\",\"datePublished\":\"2022-05-04T20:45:59+00:00\",\"dateModified\":\"2022-05-04T20:47:48+00:00\",\"mainEntityOfPage\":{\"@id\":\"https:\/\/www.estrategiaconcursos.com.br\/blog\/concurso-trt-14-cargos\/\"},\"wordCount\":389,\"commentCount\":0,\"publisher\":{\"@id\":\"https:\/\/www.estrategiaconcursos.com.br\/blog\/#organization\"},\"image\":{\"@id\":\"https:\/\/www.estrategiaconcursos.com.br\/blog\/concurso-trt-14-cargos\/#primaryimage\"},\"thumbnailUrl\":\"https:\/\/dhg1h5j42swfq.cloudfront.net\/2022\/04\/27161125\/trt-14.jpeg\",\"articleSection\":[\"Tribunais\",\"\u00daltimas not\u00edcias\"],\"inLanguage\":\"pt-BR\",\"potentialAction\":[{\"@type\":\"CommentAction\",\"name\":\"Comment\",\"target\":[\"https:\/\/www.estrategiaconcursos.com.br\/blog\/concurso-trt-14-cargos\/#respond\"]}],\"copyrightYear\":\"2022\",\"copyrightHolder\":{\"@id\":\"https:\/\/www.estrategiaconcursos.com.br\/blog\/#organization\"}},{\"@type\":\"WebPage\",\"@id\":\"https:\/\/www.estrategiaconcursos.com.br\/blog\/concurso-trt-14-cargos\/\",\"url\":\"https:\/\/www.estrategiaconcursos.com.br\/blog\/concurso-trt-14-cargos\/\",\"name\":\"Concurso TRT 14: \u00f3rg\u00e3o indica cargos do novo edital\",\"isPartOf\":{\"@id\":\"https:\/\/www.estrategiaconcursos.com.br\/blog\/#website\"},\"primaryImageOfPage\":{\"@id\":\"https:\/\/www.estrategiaconcursos.com.br\/blog\/concurso-trt-14-cargos\/#primaryimage\"},\"image\":{\"@id\":\"https:\/\/www.estrategiaconcursos.com.br\/blog\/concurso-trt-14-cargos\/#primaryimage\"},\"thumbnailUrl\":\"https:\/\/dhg1h5j42swfq.cloudfront.net\/2022\/04\/27161125\/trt-14.jpeg\",\"datePublished\":\"2022-05-04T20:45:59+00:00\",\"dateModified\":\"2022-05-04T20:47:48+00:00\",\"description\":\"Concurso TRT 14: \u00f3rg\u00e3o divulga quais cargos devem ser contemplados no novo certame. Confira todas as informa\u00e7\u00f5es aqui no site do Estrat\u00e9gia!\",\"breadcrumb\":{\"@id\":\"https:\/\/www.estrategiaconcursos.com.br\/blog\/concurso-trt-14-cargos\/#breadcrumb\"},\"inLanguage\":\"pt-BR\",\"potentialAction\":[{\"@type\":\"ReadAction\",\"target\":[\"https:\/\/www.estrategiaconcursos.com.br\/blog\/concurso-trt-14-cargos\/\"]}]},{\"@type\":\"ImageObject\",\"inLanguage\":\"pt-BR\",\"@id\":\"https:\/\/www.estrategiaconcursos.com.br\/blog\/concurso-trt-14-cargos\/#primaryimage\",\"url\":\"https:\/\/dhg1h5j42swfq.cloudfront.net\/2022\/04\/27161125\/trt-14.jpeg\",\"contentUrl\":\"https:\/\/dhg1h5j42swfq.cloudfront.net\/2022\/04\/27161125\/trt-14.jpeg\",\"width\":768,\"height\":432},{\"@type\":\"BreadcrumbList\",\"@id\":\"https:\/\/www.estrategiaconcursos.com.br\/blog\/concurso-trt-14-cargos\/#breadcrumb\",\"itemListElement\":[{\"@type\":\"ListItem\",\"position\":1,\"name\":\"In\u00edcio\",\"item\":\"https:\/\/www.estrategiaconcursos.com.br\/blog\/\"},{\"@type\":\"ListItem\",\"position\":2,\"name\":\"Concurso TRT 14: \u00f3rg\u00e3o indica cargos do novo edital\"}]},{\"@type\":\"WebSite\",\"@id\":\"https:\/\/www.estrategiaconcursos.com.br\/blog\/#website\",\"url\":\"https:\/\/www.estrategiaconcursos.com.br\/blog\/\",\"name\":\"Estrat\u00e9gia Concursos\",\"description\":\"O blog da Estrat\u00e9gia Concursos traz not\u00edcias sobre concursos e artigos de professores oferecendo cursos para concursos (pdf + videaulas) no site.\",\"publisher\":{\"@id\":\"https:\/\/www.estrategiaconcursos.com.br\/blog\/#organization\"},\"potentialAction\":[{\"@type\":\"SearchAction\",\"target\":{\"@type\":\"EntryPoint\",\"urlTemplate\":\"https:\/\/www.estrategiaconcursos.com.br\/blog\/?s={search_term_string}\"},\"query-input\":{\"@type\":\"PropertyValueSpecification\",\"valueRequired\":true,\"valueName\":\"search_term_string\"}}],\"inLanguage\":\"pt-BR\"},{\"@type\":\"Organization\",\"@id\":\"https:\/\/www.estrategiaconcursos.com.br\/blog\/#organization\",\"name\":\"Estrat\u00e9gia Concursos\",\"url\":\"https:\/\/www.estrategiaconcursos.com.br\/blog\/\",\"logo\":{\"@type\":\"ImageObject\",\"inLanguage\":\"pt-BR\",\"@id\":\"https:\/\/www.estrategiaconcursos.com.br\/blog\/#\/schema\/logo\/image\/\",\"url\":\"https:\/\/dhg1h5j42swfq.cloudfront.net\/2025\/06\/03203428\/logo_concursos-1.jpg\",\"contentUrl\":\"https:\/\/dhg1h5j42swfq.cloudfront.net\/2025\/06\/03203428\/logo_concursos-1.jpg\",\"width\":230,\"height\":60,\"caption\":\"Estrat\u00e9gia Concursos\"},\"image\":{\"@id\":\"https:\/\/www.estrategiaconcursos.com.br\/blog\/#\/schema\/logo\/image\/\"},\"sameAs\":[\"https:\/\/x.com\/EstratConcursos\"]},{\"@type\":\"Person\",\"@id\":\"https:\/\/www.estrategiaconcursos.com.br\/blog\/#\/schema\/person\/399990d02336f200766707b881aee98f\",\"name\":\"Daniela Santos Nascimento\",\"image\":{\"@type\":\"ImageObject\",\"inLanguage\":\"pt-BR\",\"@id\":\"https:\/\/secure.gravatar.com\/avatar\/7f343622ad121e2893832a8c76808be436bdfcbf2f7d696174c94ecd84f2384a?s=96&d=mm&r=g\",\"url\":\"https:\/\/secure.gravatar.com\/avatar\/7f343622ad121e2893832a8c76808be436bdfcbf2f7d696174c94ecd84f2384a?s=96&d=mm&r=g\",\"contentUrl\":\"https:\/\/secure.gravatar.com\/avatar\/7f343622ad121e2893832a8c76808be436bdfcbf2f7d696174c94ecd84f2384a?s=96&d=mm&r=g\",\"caption\":\"Daniela Santos Nascimento\"},\"url\":\"https:\/\/www.estrategiaconcursos.com.br\/blog\/author\/daniela-nascimentoestrategia-com\/\"}]}<\/script>\n<!-- \/ Yoast SEO Premium plugin. -->","yoast_head_json":{"title":"Concurso TRT 14: \u00f3rg\u00e3o indica cargos do novo edital","description":"Concurso TRT 14: \u00f3rg\u00e3o divulga quais cargos devem ser contemplados no novo certame. Confira todas as informa\u00e7\u00f5es aqui no site do Estrat\u00e9gia!","robots":{"index":"index","follow":"follow","max-snippet":"max-snippet:-1","max-image-preview":"max-image-preview:large","max-video-preview":"max-video-preview:-1"},"canonical":"https:\/\/www.estrategiaconcursos.com.br\/blog\/concurso-trt-14-cargos\/","og_locale":"pt_BR","og_type":"article","og_title":"Concurso TRT 14: \u00f3rg\u00e3o indica cargos do novo edital","og_description":"Concurso TRT 14: \u00f3rg\u00e3o divulga quais cargos devem ser contemplados no novo certame. Confira todas as informa\u00e7\u00f5es aqui no site do Estrat\u00e9gia!","og_url":"https:\/\/www.estrategiaconcursos.com.br\/blog\/concurso-trt-14-cargos\/","og_site_name":"Estrat\u00e9gia Concursos","article_published_time":"2022-05-04T20:45:59+00:00","article_modified_time":"2022-05-04T20:47:48+00:00","og_image":[{"width":768,"height":432,"url":"https:\/\/dhg1h5j42swfq.cloudfront.net\/2022\/04\/27161125\/trt-14.jpeg","type":"image\/jpeg"}],"author":"Daniela Santos Nascimento","twitter_card":"summary_large_image","twitter_creator":"@EstratConcursos","twitter_site":"@EstratConcursos","twitter_misc":{"Escrito por":"Daniela Santos Nascimento","Est. tempo de leitura":"3 minutos"},"schema":{"@context":"https:\/\/schema.org","@graph":[{"@type":"NewsArticle","@id":"https:\/\/www.estrategiaconcursos.com.br\/blog\/concurso-trt-14-cargos\/#article","isPartOf":{"@id":"https:\/\/www.estrategiaconcursos.com.br\/blog\/concurso-trt-14-cargos\/"},"author":{"name":"Daniela Santos Nascimento","@id":"https:\/\/www.estrategiaconcursos.com.br\/blog\/#\/schema\/person\/399990d02336f200766707b881aee98f"},"headline":"Concurso TRT 14: \u00f3rg\u00e3o indica cargos do novo edital","datePublished":"2022-05-04T20:45:59+00:00","dateModified":"2022-05-04T20:47:48+00:00","mainEntityOfPage":{"@id":"https:\/\/www.estrategiaconcursos.com.br\/blog\/concurso-trt-14-cargos\/"},"wordCount":389,"commentCount":0,"publisher":{"@id":"https:\/\/www.estrategiaconcursos.com.br\/blog\/#organization"},"image":{"@id":"https:\/\/www.estrategiaconcursos.com.br\/blog\/concurso-trt-14-cargos\/#primaryimage"},"thumbnailUrl":"https:\/\/dhg1h5j42swfq.cloudfront.net\/2022\/04\/27161125\/trt-14.jpeg","articleSection":["Tribunais","\u00daltimas not\u00edcias"],"inLanguage":"pt-BR","potentialAction":[{"@type":"CommentAction","name":"Comment","target":["https:\/\/www.estrategiaconcursos.com.br\/blog\/concurso-trt-14-cargos\/#respond"]}],"copyrightYear":"2022","copyrightHolder":{"@id":"https:\/\/www.estrategiaconcursos.com.br\/blog\/#organization"}},{"@type":"WebPage","@id":"https:\/\/www.estrategiaconcursos.com.br\/blog\/concurso-trt-14-cargos\/","url":"https:\/\/www.estrategiaconcursos.com.br\/blog\/concurso-trt-14-cargos\/","name":"Concurso TRT 14: \u00f3rg\u00e3o indica cargos do novo edital","isPartOf":{"@id":"https:\/\/www.estrategiaconcursos.com.br\/blog\/#website"},"primaryImageOfPage":{"@id":"https:\/\/www.estrategiaconcursos.com.br\/blog\/concurso-trt-14-cargos\/#primaryimage"},"image":{"@id":"https:\/\/www.estrategiaconcursos.com.br\/blog\/concurso-trt-14-cargos\/#primaryimage"},"thumbnailUrl":"https:\/\/dhg1h5j42swfq.cloudfront.net\/2022\/04\/27161125\/trt-14.jpeg","datePublished":"2022-05-04T20:45:59+00:00","dateModified":"2022-05-04T20:47:48+00:00","description":"Concurso TRT 14: \u00f3rg\u00e3o divulga quais cargos devem ser contemplados no novo certame. Confira todas as informa\u00e7\u00f5es aqui no site do Estrat\u00e9gia!","breadcrumb":{"@id":"https:\/\/www.estrategiaconcursos.com.br\/blog\/concurso-trt-14-cargos\/#breadcrumb"},"inLanguage":"pt-BR","potentialAction":[{"@type":"ReadAction","target":["https:\/\/www.estrategiaconcursos.com.br\/blog\/concurso-trt-14-cargos\/"]}]},{"@type":"ImageObject","inLanguage":"pt-BR","@id":"https:\/\/www.estrategiaconcursos.com.br\/blog\/concurso-trt-14-cargos\/#primaryimage","url":"https:\/\/dhg1h5j42swfq.cloudfront.net\/2022\/04\/27161125\/trt-14.jpeg","contentUrl":"https:\/\/dhg1h5j42swfq.cloudfront.net\/2022\/04\/27161125\/trt-14.jpeg","width":768,"height":432},{"@type":"BreadcrumbList","@id":"https:\/\/www.estrategiaconcursos.com.br\/blog\/concurso-trt-14-cargos\/#breadcrumb","itemListElement":[{"@type":"ListItem","position":1,"name":"In\u00edcio","item":"https:\/\/www.estrategiaconcursos.com.br\/blog\/"},{"@type":"ListItem","position":2,"name":"Concurso TRT 14: \u00f3rg\u00e3o indica cargos do novo edital"}]},{"@type":"WebSite","@id":"https:\/\/www.estrategiaconcursos.com.br\/blog\/#website","url":"https:\/\/www.estrategiaconcursos.com.br\/blog\/","name":"Estrat\u00e9gia Concursos","description":"O blog da Estrat\u00e9gia Concursos traz not\u00edcias sobre concursos e artigos de professores oferecendo cursos para concursos (pdf + videaulas) no site.","publisher":{"@id":"https:\/\/www.estrategiaconcursos.com.br\/blog\/#organization"},"potentialAction":[{"@type":"SearchAction","target":{"@type":"EntryPoint","urlTemplate":"https:\/\/www.estrategiaconcursos.com.br\/blog\/?s={search_term_string}"},"query-input":{"@type":"PropertyValueSpecification","valueRequired":true,"valueName":"search_term_string"}}],"inLanguage":"pt-BR"},{"@type":"Organization","@id":"https:\/\/www.estrategiaconcursos.com.br\/blog\/#organization","name":"Estrat\u00e9gia Concursos","url":"https:\/\/www.estrategiaconcursos.com.br\/blog\/","logo":{"@type":"ImageObject","inLanguage":"pt-BR","@id":"https:\/\/www.estrategiaconcursos.com.br\/blog\/#\/schema\/logo\/image\/","url":"https:\/\/dhg1h5j42swfq.cloudfront.net\/2025\/06\/03203428\/logo_concursos-1.jpg","contentUrl":"https:\/\/dhg1h5j42swfq.cloudfront.net\/2025\/06\/03203428\/logo_concursos-1.jpg","width":230,"height":60,"caption":"Estrat\u00e9gia Concursos"},"image":{"@id":"https:\/\/www.estrategiaconcursos.com.br\/blog\/#\/schema\/logo\/image\/"},"sameAs":["https:\/\/x.com\/EstratConcursos"]},{"@type":"Person","@id":"https:\/\/www.estrategiaconcursos.com.br\/blog\/#\/schema\/person\/399990d02336f200766707b881aee98f","name":"Daniela Santos Nascimento","image":{"@type":"ImageObject","inLanguage":"pt-BR","@id":"https:\/\/secure.gravatar.com\/avatar\/7f343622ad121e2893832a8c76808be436bdfcbf2f7d696174c94ecd84f2384a?s=96&d=mm&r=g","url":"https:\/\/secure.gravatar.com\/avatar\/7f343622ad121e2893832a8c76808be436bdfcbf2f7d696174c94ecd84f2384a?s=96&d=mm&r=g","contentUrl":"https:\/\/secure.gravatar.com\/avatar\/7f343622ad121e2893832a8c76808be436bdfcbf2f7d696174c94ecd84f2384a?s=96&d=mm&r=g","caption":"Daniela Santos Nascimento"},"url":"https:\/\/www.estrategiaconcursos.com.br\/blog\/author\/daniela-nascimentoestrategia-com\/"}]}},"_links":{"self":[{"href":"https:\/\/www.estrategiaconcursos.com.br\/blog\/wp-json\/wp\/v2\/posts\/1021538","targetHints":{"allow":["GET"]}}],"collection":[{"href":"https:\/\/www.estrategiaconcursos.com.br\/blog\/wp-json\/wp\/v2\/posts"}],"about":[{"href":"https:\/\/www.estrategiaconcursos.com.br\/blog\/wp-json\/wp\/v2\/types\/post"}],"author":[{"embeddable":true,"href":"https:\/\/www.estrategiaconcursos.com.br\/blog\/wp-json\/wp\/v2\/users\/2402"}],"replies":[{"embeddable":true,"href":"https:\/\/www.estrategiaconcursos.com.br\/blog\/wp-json\/wp\/v2\/comments?post=1021538"}],"version-history":[{"count":5,"href":"https:\/\/www.estrategiaconcursos.com.br\/blog\/wp-json\/wp\/v2\/posts\/1021538\/revisions"}],"predecessor-version":[{"id":1021580,"href":"https:\/\/www.estrategiaconcursos.com.br\/blog\/wp-json\/wp\/v2\/posts\/1021538\/revisions\/1021580"}],"wp:featuredmedia":[{"embeddable":true,"href":"https:\/\/www.estrategiaconcursos.com.br\/blog\/wp-json\/wp\/v2\/media\/1016713"}],"wp:attachment":[{"href":"https:\/\/www.estrategiaconcursos.com.br\/blog\/wp-json\/wp\/v2\/media?parent=1021538"}],"wp:term":[{"taxonomy":"category","embeddable":true,"href":"https:\/\/www.estrategiaconcursos.com.br\/blog\/wp-json\/wp\/v2\/categories?post=1021538"},{"taxonomy":"post_tag","embeddable":true,"href":"https:\/\/www.estrategiaconcursos.com.br\/blog\/wp-json\/wp\/v2\/tags?post=1021538"},{"taxonomy":"tax_estado","embeddable":true,"href":"https:\/\/www.estrategiaconcursos.com.br\/blog\/wp-json\/wp\/v2\/tax_estado?post=1021538"}],"curies":[{"name":"wp","href":"https:\/\/api.w.org\/{rel}","templated":true}]}}