{"id":10208,"date":"2013-06-07T14:17:18","date_gmt":"2013-06-07T14:17:18","guid":{"rendered":"https:\/\/www.estrategiaconcursos.com.br\/blog\/resumo-de-direito-do-trabalho-trts-parte-5-empregadorgrupo-de-empresas-desconsideracao-da-personalidade-juridica\/"},"modified":"2016-12-13T12:57:45","modified_gmt":"2016-12-13T15:57:45","slug":"resumo-de-direito-do-trabalho-trts-parte-5-empregadorgrupo-de-empresas-desconsideracao-da-personalidade-juridica","status":"publish","type":"post","link":"https:\/\/www.estrategiaconcursos.com.br\/blog\/resumo-de-direito-do-trabalho-trts-parte-5-empregadorgrupo-de-empresas-desconsideracao-da-personalidade-juridica\/","title":{"rendered":"Resumo de Direito do Trabalho &#8211; TRTs &#8211; Parte 5 &#8211; Empregador\/grupo de empresas\/ desconsidera\u00e7\u00e3o da personalidade jur\u00eddica"},"content":{"rendered":"<p class=\"MsoListParagraphCxSpFirst\" style=\"margin-top:6.0pt;margin-right:0cm;\nmargin-bottom:6.0pt;margin-left:36.0pt;mso-add-space:auto;text-align:justify;\ntext-indent:-18.0pt;line-height:150%;mso-list:l0 level1 lfo1\"><!--[if !supportLists]--><b><span style=\"font-size:12.0pt;line-height:\n150%;font-family:&quot;Times New Roman&quot;,&quot;serif&quot;;mso-fareast-font-family:&quot;Times New Roman&quot;\">1.<span style=\"font-weight: normal; font-size: 7pt; line-height: normal; font-family: 'Times New Roman';\">&nbsp;&nbsp;&nbsp;&nbsp;&nbsp;<br \/>\n<\/span><\/span><\/b><!--[endif]--><b><span style=\"font-size:12.0pt;line-height:150%;font-family:&quot;Times New Roman&quot;,&quot;serif&quot;\">O<br \/>\nempregador;<o:p><\/o:p><\/span><\/b><\/p>\n<p class=\"MsoListParagraphCxSpMiddle\" style=\"margin-top:6.0pt;margin-right:0cm;\nmargin-bottom:6.0pt;margin-left:36.0pt;mso-add-space:auto;text-align:justify;\ntext-indent:-18.0pt;line-height:150%;mso-list:l0 level2 lfo1\"><!--[if !supportLists]--><b><span style=\"font-size:12.0pt;line-height:\n150%;font-family:&quot;Times New Roman&quot;,&quot;serif&quot;;mso-fareast-font-family:&quot;Times New Roman&quot;\">1.1.<\/span><\/b><!--[endif]--><b><span style=\"font-size:12.0pt;line-height:150%;font-family:&quot;Times New Roman&quot;,&quot;serif&quot;\"><br \/>\nConceito;<o:p><\/o:p><\/span><\/b><\/p>\n<p class=\"MsoListParagraphCxSpMiddle\" style=\"margin-top:6.0pt;margin-right:0cm;\nmargin-bottom:6.0pt;margin-left:0cm;mso-add-space:auto;text-align:justify;\nline-height:150%\"><b><span style=\"font-size:12.0pt;line-height:150%;font-family:&quot;Times New Roman&quot;,&quot;serif&quot;\">&nbsp;<\/span><\/b><\/p>\n<p class=\"MsoListParagraphCxSpMiddle\" style=\"margin-top:6.0pt;margin-right:0cm;\nmargin-bottom:6.0pt;margin-left:0cm;mso-add-space:auto;text-align:justify;\nline-height:150%\"><span style=\"font-size:12.0pt;line-height:150%;font-family:\n&quot;Times New Roman&quot;,&quot;serif&quot;\">O primeiro conceito de empregador a ser analisado \u00e9<br \/>\no <i>legal<\/i>, descrito no art. 2\u00ba da CLT,<br \/>\nassim redigido: <i>\u0093Considera-se empregador<br \/>\na empresa, individual ou coletiva, que, assumindo os riscos da atividade<br \/>\necon\u00f4mica, admite, assalaria e dirige a presta\u00e7\u00e3o pessoal de servi\u00e7o\u0094. <\/i>Desse<br \/>\nconceito extraem-se dois requisitos \u00e0 configura\u00e7\u00e3o da rela\u00e7\u00e3o de emprego:<br \/>\npessoalidade e alteridade, que representam o fato do empregado n\u00e3o poder ser<br \/>\nconstantemente substitu\u00eddo, assim como a assun\u00e7\u00e3o dos riscos integralmente pelo<br \/>\nempregador.<o:p><\/o:p><\/span><\/p>\n<p class=\"MsoListParagraphCxSpMiddle\" style=\"margin-top:6.0pt;margin-right:0cm;\nmargin-bottom:6.0pt;margin-left:0cm;mso-add-space:auto;text-align:justify;\nline-height:150%\"><span style=\"font-size:12.0pt;line-height:150%;font-family:\n&quot;Times New Roman&quot;,&quot;serif&quot;\">O \u00a7 1\u00ba do art. 2\u00ba da CLT equipara os profissionais<br \/>\nliberais e outras institui\u00e7\u00f5es, com ou sem finalidade lucrativa, para fins de<br \/>\nreconhecimento de v\u00ednculo de emprego, \u00e0s empresas referidas no <i>caput.<o:p><\/o:p><\/i><\/span><\/p>\n<p class=\"MsoListParagraphCxSpMiddle\" style=\"margin-top:6.0pt;margin-right:0cm;\nmargin-bottom:6.0pt;margin-left:0cm;mso-add-space:auto;text-align:justify;\nline-height:150%\"><span style=\"font-size:12.0pt;line-height:150%;font-family:\n&quot;Times New Roman&quot;,&quot;serif&quot;\">Em s\u00edntese, o empregado \u00e9 aquele que assume os<br \/>\nriscos da atividade econ\u00f4mica e, para a sua consecu\u00e7\u00e3o, contrata trabalhadores,<br \/>\nmantendo com esses vinculo de emprego. O sempre festejado AMAURI MASCARO<br \/>\nNASCIMENTO diz que <i>\u0093Ser\u00e1 empregador todo<br \/>\nente para quem uma pessoa f\u00edsica prestar servi\u00e7os continuados, subordinados e<br \/>\nassalariados\u0094.<o:p><\/o:p><\/i><\/span><\/p>\n<p class=\"MsoListParagraphCxSpMiddle\" style=\"margin-top:6.0pt;margin-right:0cm;\nmargin-bottom:6.0pt;margin-left:0cm;mso-add-space:auto;text-align:justify;\nline-height:150%\"><span style=\"font-size:12.0pt;line-height:150%;font-family:\n&quot;Times New Roman&quot;,&quot;serif&quot;\">O empregador, portanto, poder\u00e1 ser uma pessoa f\u00edsica<br \/>\nou jur\u00eddica, este com diversas caracter\u00edsticas, dependendo do tipo societ\u00e1rio<br \/>\n(Ltda, S\/A, etc.).<o:p><\/o:p><\/span><\/p>\n<p class=\"MsoListParagraphCxSpMiddle\" style=\"margin-top:6.0pt;margin-right:0cm;\nmargin-bottom:6.0pt;margin-left:0cm;mso-add-space:auto;text-align:justify;\nline-height:150%\"><span style=\"font-size:12.0pt;line-height:150%;font-family:\n&quot;Times New Roman&quot;,&quot;serif&quot;\">&nbsp;<\/span><\/p>\n<p class=\"MsoListParagraphCxSpMiddle\" style=\"margin-top:6.0pt;margin-right:0cm;\nmargin-bottom:6.0pt;margin-left:36.0pt;mso-add-space:auto;text-align:justify;\ntext-indent:-18.0pt;line-height:150%;mso-list:l0 level2 lfo1\"><!--[if !supportLists]--><b><span style=\"font-size:12.0pt;line-height:\n150%;font-family:&quot;Times New Roman&quot;,&quot;serif&quot;;mso-fareast-font-family:&quot;Times New Roman&quot;\">1.2.<\/span><\/b><!--[endif]--><b><span style=\"font-size:12.0pt;line-height:150%;font-family:&quot;Times New Roman&quot;,&quot;serif&quot;\"><br \/>\nCaracter\u00edsticas;<o:p><\/o:p><\/span><\/b><\/p>\n<p class=\"MsoListParagraphCxSpMiddle\" style=\"margin-top:6.0pt;margin-right:0cm;\nmargin-bottom:6.0pt;margin-left:54.0pt;mso-add-space:auto;text-align:justify;\ntext-indent:-36.0pt;line-height:150%;mso-list:l0 level3 lfo1\"><!--[if !supportLists]--><b><span style=\"font-size:12.0pt;line-height:\n150%;font-family:&quot;Times New Roman&quot;,&quot;serif&quot;;mso-fareast-font-family:&quot;Times New Roman&quot;\">1.2.1.<span style=\"font-weight: normal; font-size: 7pt; line-height: normal; font-family: 'Times New Roman';\">&nbsp;&nbsp;&nbsp;&nbsp;&nbsp;<br \/>\n<\/span><\/span><\/b><!--[endif]--><b><span style=\"font-size:12.0pt;line-height:150%;font-family:&quot;Times New Roman&quot;,&quot;serif&quot;\">Alteridade;<o:p><\/o:p><\/span><\/b><\/p>\n<p class=\"MsoListParagraphCxSpMiddle\" style=\"margin-top:6.0pt;margin-right:0cm;\nmargin-bottom:6.0pt;margin-left:0cm;mso-add-space:auto;text-align:justify;\nline-height:150%\"><b><span style=\"font-size:12.0pt;line-height:150%;font-family:&quot;Times New Roman&quot;,&quot;serif&quot;\">&nbsp;<\/span><\/b><\/p>\n<p class=\"MsoListParagraphCxSpMiddle\" style=\"margin-top:6.0pt;margin-right:0cm;\nmargin-bottom:6.0pt;margin-left:0cm;mso-add-space:auto;text-align:justify;\nline-height:150%\"><span style=\"font-size:12.0pt;line-height:150%;font-family:\n&quot;Times New Roman&quot;,&quot;serif&quot;\">Quando da an\u00e1lise dos requisitos ensejadores da<br \/>\nrela\u00e7\u00e3o de emprego, afirmou-se o seguinte sobre a <i>alteridade: \u0093Quando verificado o significado no termo alteridade, o<br \/>\ndicion\u00e1rio, tem-se \u0093<span class=\"descricao1\"><span style=\"mso-ansi-font-size:\n12.0pt;mso-bidi-font-size:12.0pt;line-height:150%\">Estado ou qualidade do que \u00e9<br \/>\noutro\u0094, o que demonstra exatamente o sentido que o legislador trabalhista quis<br \/>\ndar \u00e0 rela\u00e7\u00e3o de emprego, no tocante aos riscos do empreendimento\u0094.<\/span><\/span><\/i><span class=\"descricao1\"><span style=\"mso-ansi-font-size:12.0pt;mso-bidi-font-size:\n12.0pt;line-height:150%\"><o:p><\/o:p><\/span><\/span><\/span><\/p>\n<p class=\"MsoListParagraphCxSpMiddle\" style=\"margin-top:6.0pt;margin-right:0cm;\nmargin-bottom:6.0pt;margin-left:0cm;mso-add-space:auto;text-align:justify;\nline-height:150%\"><span class=\"descricao1\"><span style=\"font-size:12.0pt;\nline-height:150%;font-family:&quot;Times New Roman&quot;,&quot;serif&quot;\">Trata-se da exclusiva<br \/>\nresponsabiliza\u00e7\u00e3o do empregador pelos riscos do empreendimentos, ou seja a<br \/>\nassun\u00e7\u00e3o total de preju\u00edzos que o neg\u00f3cio venha a suportar. Enquanto o s\u00f3cio<br \/>\nassume os lucros e os preju\u00edzos, ao empregado somente pode ser distribu\u00eddo o<br \/>\nprimeiro. O n\u00e3o pagamento de sal\u00e1rios, natural por\u00e9m ilegal, quando a empresa<br \/>\npassa por dificuldades financeiras, enseja a ruptura do contrato de trabalho<br \/>\npor justa causa do empregador, que \u00e9 conhecida como rescis\u00e3o indireta do<br \/>\ncontrato, pois por pior que seja a crise financeira pela qual est\u00e1 passando o<br \/>\nempregador, n\u00e3o pode deixar de arcar com todos os pagamentos devidos aos<br \/>\nempregados.<o:p><\/o:p><\/span><\/span><\/p>\n<p class=\"MsoListParagraphCxSpMiddle\" style=\"margin-top:6.0pt;margin-right:0cm;\nmargin-bottom:6.0pt;margin-left:0cm;mso-add-space:auto;text-align:justify;\nline-height:150%\"><span class=\"descricao1\"><span style=\"font-size:12.0pt;\nline-height:150%;font-family:&quot;Times New Roman&quot;,&quot;serif&quot;\">A CRFB\/88 atenuou a<br \/>\nregra estabelecendo a possibilidade de redu\u00e7\u00e3o provis\u00f3ria de sal\u00e1rios, desde<br \/>\nque precedida de negocia\u00e7\u00e3o coletiva. Contudo, a regra a ser seguida continua a<br \/>\nser a da irredutibilidade salarial, bem como a assun\u00e7\u00e3o integral dos riscos<br \/>\npelo empregador.<\/span><\/span><span style=\"font-size:12.0pt;line-height:150%;\nfont-family:&quot;Times New Roman&quot;,&quot;serif&quot;\"><o:p><\/o:p><\/span><\/p>\n<p class=\"MsoListParagraphCxSpMiddle\" style=\"margin-top:6.0pt;margin-right:0cm;\nmargin-bottom:6.0pt;margin-left:0cm;mso-add-space:auto;text-align:justify;\nline-height:150%\"><b><span style=\"font-size:12.0pt;line-height:150%;font-family:&quot;Times New Roman&quot;,&quot;serif&quot;\">&nbsp;<\/span><\/b><\/p>\n<p class=\"MsoListParagraphCxSpMiddle\" style=\"margin-top:6.0pt;margin-right:0cm;\nmargin-bottom:6.0pt;margin-left:54.0pt;mso-add-space:auto;text-align:justify;\ntext-indent:-36.0pt;line-height:150%;mso-list:l0 level3 lfo1\"><!--[if !supportLists]--><b><span style=\"font-size:12.0pt;line-height:\n150%;font-family:&quot;Times New Roman&quot;,&quot;serif&quot;;mso-fareast-font-family:&quot;Times New Roman&quot;\">1.2.2.<span style=\"font-weight: normal; font-size: 7pt; line-height: normal; font-family: 'Times New Roman';\">&nbsp;&nbsp;&nbsp;&nbsp;&nbsp;<br \/>\n<\/span><\/span><\/b><!--[endif]--><b><span style=\"font-size:12.0pt;line-height:150%;font-family:&quot;Times New Roman&quot;,&quot;serif&quot;\">Personalidade<br \/>\njur\u00eddica pr\u00f3pria;<o:p><\/o:p><\/span><\/b><\/p>\n<p class=\"MsoListParagraphCxSpMiddle\" style=\"margin-top:6.0pt;margin-right:0cm;\nmargin-bottom:6.0pt;margin-left:0cm;mso-add-space:auto;text-align:justify;\nline-height:150%\"><b><span style=\"font-size:12.0pt;line-height:150%;font-family:&quot;Times New Roman&quot;,&quot;serif&quot;\">&nbsp;<\/span><\/b><\/p>\n<p class=\"MsoListParagraphCxSpMiddle\" style=\"margin-top:6.0pt;margin-right:0cm;\nmargin-bottom:6.0pt;margin-left:0cm;mso-add-space:auto;text-align:justify;\nline-height:150%\"><span style=\"font-size:12.0pt;line-height:150%;font-family:\n&quot;Times New Roman&quot;,&quot;serif&quot;\">Sabe-se que a pessoa jur\u00eddica possui personalidade<br \/>\njur\u00eddica diversa de seus s\u00f3cios, ou seja, trata-se de ente diverso, constitu\u00eddo<br \/>\npor vontade e com patrim\u00f4nio de pessoas f\u00edsicas ou outras pessoas jur\u00eddicas,<br \/>\nmas que, a partir de seu nascimento, possuem direitos, deveres e obriga\u00e7\u00f5es<br \/>\npr\u00f3prios, que n\u00e3o mais se confundem com o de seus s\u00f3cios ou acionistas. Assim,<br \/>\no patrim\u00f4nio da empresa \u0093A\u0094 n\u00e3o se confunde com o patrim\u00f4nio de Jo\u00e3o e Jos\u00e9,<br \/>\nseus s\u00f3cios. O v\u00ednculo de emprego \u00e9 formado entre Maria e a empresa \u0093A\u0094, e n\u00e3o<br \/>\npara com Jo\u00e3o e Jos\u00e9, s\u00f3cios daquela.<o:p><\/o:p><\/span><\/p>\n<p class=\"MsoListParagraphCxSpMiddle\" style=\"margin-top:6.0pt;margin-right:0cm;\nmargin-bottom:6.0pt;margin-left:0cm;mso-add-space:auto;text-align:justify;\nline-height:150%\"><b><span style=\"font-size:12.0pt;line-height:150%;font-family:&quot;Times New Roman&quot;,&quot;serif&quot;\">&nbsp;<\/span><\/b><\/p>\n<p class=\"MsoListParagraphCxSpMiddle\" style=\"margin-top:6.0pt;margin-right:0cm;\nmargin-bottom:6.0pt;margin-left:54.0pt;mso-add-space:auto;text-align:justify;\ntext-indent:-36.0pt;line-height:150%;mso-list:l0 level4 lfo1\"><!--[if !supportLists]--><b><span style=\"font-size:12.0pt;line-height:\n150%;font-family:&quot;Times New Roman&quot;,&quot;serif&quot;;mso-fareast-font-family:&quot;Times New Roman&quot;\">1.2.2.1.<\/span><\/b><!--[endif]--><b><span style=\"font-size:12.0pt;line-height:\n150%;font-family:&quot;Times New Roman&quot;,&quot;serif&quot;\">Despersonaliza\u00e7\u00e3o;<o:p><\/o:p><\/span><\/b><\/p>\n<p class=\"MsoListParagraphCxSpMiddle\" style=\"margin-top:6.0pt;margin-right:0cm;\nmargin-bottom:6.0pt;margin-left:0cm;mso-add-space:auto;text-align:justify;\nline-height:150%\"><b><span style=\"font-size:12.0pt;line-height:150%;font-family:&quot;Times New Roman&quot;,&quot;serif&quot;\">&nbsp;<\/span><\/b><\/p>\n<p class=\"MsoListParagraphCxSpMiddle\" style=\"margin-top:6.0pt;margin-right:0cm;\nmargin-bottom:6.0pt;margin-left:0cm;mso-add-space:auto;text-align:justify;\nline-height:150%\"><span style=\"font-size:12.0pt;line-height:150%;font-family:\n&quot;Times New Roman&quot;,&quot;serif&quot;\">Nesse t\u00f3pico cabe analisar a despersonaliza\u00e7\u00e3o do<br \/>\nempregador para fins de configura\u00e7\u00e3o do v\u00ednculo de emprego, notadamente quando<br \/>\nh\u00e1 altera\u00e7\u00e3o na estrutura da empresa.<o:p><\/o:p><\/span><\/p>\n<p class=\"MsoListParagraphCxSpMiddle\" style=\"margin-top:6.0pt;margin-right:0cm;\nmargin-bottom:6.0pt;margin-left:0cm;mso-add-space:auto;text-align:justify;\nline-height:150%\"><span style=\"font-size:12.0pt;line-height:150%;font-family:\n&quot;Times New Roman&quot;,&quot;serif&quot;\">A CLT possui dois importantes dispositivos \u0096 art. 10<br \/>\ne 448 \u0096 que disciplinam a mesma mat\u00e9ria e desconsideram, para fins de an\u00e1lise<br \/>\nda rela\u00e7\u00e3o de emprego, as altera\u00e7\u00f5es promovidas no quadro societ\u00e1rio e mesmo na<br \/>\nestrutura da empresa (passando de LTDA para S\/A e vice-e-versa), mantendo-se o<br \/>\nv\u00ednculo de emprego anteriormente firmado.<o:p><\/o:p><\/span><\/p>\n<p class=\"MsoListParagraphCxSpMiddle\" style=\"margin-top:6.0pt;margin-right:0cm;\nmargin-bottom:6.0pt;margin-left:0cm;mso-add-space:auto;text-align:justify;\nline-height:150%\"><span style=\"font-size:12.0pt;line-height:150%;font-family:\n&quot;Times New Roman&quot;,&quot;serif&quot;\">Considera-se que a rela\u00e7\u00e3o de emprego \u00e9 mantida<br \/>\nentre o empregado e a empresa contratante, pouco importando sua estrutura<br \/>\nsociet\u00e1ria e forma, o que representa dizer que se a empresa \u0093A\u0094 for vendida<br \/>\npara \u0093B\u0094, os contratos de trabalho mantidos com a primeira n\u00e3o sofrer\u00e3o<br \/>\nqualquer altera\u00e7\u00e3o, mantendo-se com \u0093B\u0094, pois a aliena\u00e7\u00e3o n\u00e3o traz qualquer conseq\u00fc\u00eancia<br \/>\npara os empregados. O art. 10\u00ba est\u00e1 assim redigido: <i>\u0093Qualquer altera\u00e7\u00e3o na estrutura jur\u00eddica da empresa n\u00e3o afetar\u00e1 os direitos<br \/>\nadquiridos por seus empregados\u0094.<\/i> Em outras palavras, n\u00e3o poder\u00e1 haver<br \/>\nqualquer altera\u00e7\u00e3o mal\u00e9fica nos direitos dos trabalhadores com a aliena\u00e7\u00e3o de<br \/>\n\u0093A\u0094 para \u0093B\u0094. Mostra-se bastante comum, em casos como o apontado, a \u0093baixa\u0094 na<br \/>\ncarteira da empresa \u0093A\u0094 e a anota\u00e7\u00e3o por \u0093B\u0094, com redu\u00e7\u00e3o salarial. Tal<br \/>\naltera\u00e7\u00e3o mostra-se ilegal, pois o v\u00ednculo jur\u00eddico (rela\u00e7\u00e3o de trabalho)<br \/>\nmant\u00e9m, n\u00e3o podendo haver qualquer altera\u00e7\u00e3o mal\u00e9fica, por ferir o princ\u00edpio da<br \/>\ncondi\u00e7\u00e3o mais ben\u00e9fica. Se o novo empregador n\u00e3o concorda em pagar sal\u00e1rio t\u00e3o<br \/>\nalto para um funcion\u00e1rio, deve demiti-lo, contratando outro para a sua fun\u00e7\u00e3o.<br \/>\nNessa situa\u00e7\u00e3o n\u00e3o h\u00e1 qualquer ilegalidade, pois a sucess\u00e3o de empregado n\u00e3o<br \/>\nimporta em necess\u00e1ria manuten\u00e7\u00e3o do sal\u00e1rio pago ao ocupante anterior do cargo<br \/>\nao novo funcion\u00e1rio. Fala-se, por isso, em despersonaliza\u00e7\u00e3o do empregador,<br \/>\npois pouco importa quem s\u00e3o os propriet\u00e1rios \u0096 s\u00f3cios&nbsp; ou acionistas \u0096 bem como a forma societ\u00e1ria \u0096<br \/>\nse sociedade simples, LTDA, Sociedade An\u00f4nima \u0096 e sim o empregador (empresa).<o:p><\/o:p><\/span><\/p>\n<p class=\"MsoListParagraphCxSpMiddle\" style=\"margin-top:6.0pt;margin-right:0cm;\nmargin-bottom:6.0pt;margin-left:0cm;mso-add-space:auto;text-align:justify;\nline-height:150%\"><b><span style=\"font-size:12.0pt;line-height:150%;font-family:&quot;Times New Roman&quot;,&quot;serif&quot;\">&nbsp;<\/span><\/b><\/p>\n<p class=\"MsoListParagraphCxSpMiddle\" style=\"margin-top:6.0pt;margin-right:0cm;\nmargin-bottom:6.0pt;margin-left:54.0pt;mso-add-space:auto;text-align:justify;\ntext-indent:-36.0pt;line-height:150%;mso-list:l0 level4 lfo1\"><!--[if !supportLists]--><b><span style=\"font-size:12.0pt;line-height:\n150%;font-family:&quot;Times New Roman&quot;,&quot;serif&quot;;mso-fareast-font-family:&quot;Times New Roman&quot;\">1.2.2.2.<\/span><\/b><!--[endif]--><b><span style=\"font-size:12.0pt;line-height:\n150%;font-family:&quot;Times New Roman&quot;,&quot;serif&quot;\">Desconsidera\u00e7\u00e3o da personalidade<br \/>\njur\u00eddica para fins execut\u00f3rios;<o:p><\/o:p><\/span><\/b><\/p>\n<p class=\"MsoListParagraphCxSpMiddle\" style=\"margin-top:6.0pt;margin-right:0cm;\nmargin-bottom:6.0pt;margin-left:0cm;mso-add-space:auto;text-align:justify;\nline-height:150%\"><b><span style=\"font-size:12.0pt;line-height:150%;font-family:&quot;Times New Roman&quot;,&quot;serif&quot;\">&nbsp;<\/span><\/b><\/p>\n<p class=\"MsoListParagraphCxSpMiddle\" style=\"margin-top:6.0pt;margin-right:0cm;\nmargin-bottom:6.0pt;margin-left:0cm;mso-add-space:auto;text-align:justify;\nline-height:150%\"><span style=\"font-size:12.0pt;line-height:150%;font-family:\n&quot;Times New Roman&quot;,&quot;serif&quot;\">A teoria da desconsidera\u00e7\u00e3o da personalidade<br \/>\njur\u00eddica vem sendo cada vez mais aplicada no processo de execu\u00e7\u00e3o trabalhista,<br \/>\nconsistindo na penhora e expropria\u00e7\u00e3o de bens dos s\u00f3cios da empresa,<br \/>\nnotadamente nas sociedades limitadas, como exce\u00e7\u00e3o \u00e0 regra de que os s\u00f3cios<br \/>\nrespondem pelas d\u00edvidas da sociedade de forma limitada ao capital<br \/>\nintegralizado. Assim, se Jo\u00e3o integralizou R$10.000,00 (dez mil reais) para a<br \/>\nconstitui\u00e7\u00e3o da sociedade, responder\u00e1 apenas por essa parte. Caso n\u00e3o tenha<br \/>\nintegralizado todo o capital subscrito, responder\u00e1 com seus bens particulares<br \/>\npelo montante faltante.<o:p><\/o:p><\/span><\/p>\n<p class=\"MsoListParagraphCxSpMiddle\" style=\"margin-top:6.0pt;margin-right:0cm;\nmargin-bottom:6.0pt;margin-left:0cm;mso-add-space:auto;text-align:justify;\nline-height:150%\"><span style=\"font-size:12.0pt;line-height:150%;font-family:\n&quot;Times New Roman&quot;,&quot;serif&quot;\">Muitas vezes a personalidade jur\u00eddica pr\u00f3pria da<br \/>\nsociedade \u00e9 utilizada para fraudar direitos dos credores, pois os s\u00f3cios<br \/>\ntransferem grande parte da renda da empresa para seus patrim\u00f4nios particulares,<br \/>\ndeixando a sociedade em estado de insolv\u00eancia, sendo protegidos pela<br \/>\nresponsabilidade limitada. Nessas situa\u00e7\u00f5es h\u00e1 que se relativizar a<br \/>\nresponsabilidade limitada, decorrente da personalidade jur\u00eddica pr\u00f3pria da<br \/>\nsociedade, para invadir o patrim\u00f4nio dos s\u00f3cios, solvendo as d\u00edvidas com a<br \/>\naliena\u00e7\u00e3o dos bens particulares. Essa situa\u00e7\u00e3o \u00e9 conhecida por <i>teoria da desconsidera\u00e7\u00e3o da personalidade<br \/>\njur\u00eddica<\/i>, sendo albergada pelo ordenamento jur\u00eddico p\u00e1trio nos artigos 50<br \/>\ndo C\u00f3digo Civil e 28 do C\u00f3digo de Defesa do Consumidor.<o:p><\/o:p><\/span><\/p>\n<p class=\"MsoListParagraphCxSpMiddle\" style=\"margin-top:6.0pt;margin-right:0cm;\nmargin-bottom:6.0pt;margin-left:0cm;mso-add-space:auto;text-align:justify;\nline-height:150%\"><span style=\"font-size:12.0pt;line-height:150%;font-family:\n&quot;Times New Roman&quot;,&quot;serif&quot;\">O direito do consumidor, ramo relativamente novo,<br \/>\npossui princ\u00edpios parecidos com o direito do trabalho, por basear-se na<br \/>\nhipossufici\u00eancia de um dos sujeitos da rela\u00e7\u00e3o jur\u00eddica \u0096 o consumidor \u0096<br \/>\nenquanto no direito do trabalho protege-se, igualmente, o empregado. Logo,<br \/>\npode-se aplicar por analogia o art. 28 do CPC, que assim reza:<i> \u0093O juiz poder\u00e1 desconsiderar a<br \/>\npersonalidade jur\u00eddica da sociedade quando, em detrimento do consumidor, houver<br \/>\nabuso de direito, excesso de poder, infra\u00e7\u00e3o da lei, fato ou ato il\u00edcito ou<br \/>\nviola\u00e7\u00e3o dos estatutos ou contrato social. A desconsidera\u00e7\u00e3o tamb\u00e9m ser\u00e1<br \/>\nefetivada quando houver fal\u00eancia, estado de insolv\u00eancia, encerramento ou<br \/>\ninatividade da pessoa jur\u00eddica provocados por m\u00e1 administra\u00e7\u00e3o\u0094.<o:p><\/o:p><\/i><\/span><\/p>\n<p class=\"MsoListParagraphCxSpMiddle\" style=\"margin-top:6.0pt;margin-right:0cm;\nmargin-bottom:6.0pt;margin-left:0cm;mso-add-space:auto;text-align:justify;\nline-height:150%\"><span style=\"font-size:12.0pt;line-height:150%;font-family:\n&quot;Times New Roman&quot;,&quot;serif&quot;\">Resta claro que a desconsidera\u00e7\u00e3o da personalidade<br \/>\njur\u00eddica do empregador decorre de atos fraudulentos visando ao n\u00e3o recebimento<br \/>\npor parte dos credores. Contudo, por tratar-se de cr\u00e9dito privilegiado \u0096 os<br \/>\nsal\u00e1rios e as demais parcelas dele decorrentes \u0096 o TST abrandou os requisitos<br \/>\npara o penhora e expropria\u00e7\u00e3o de bens dos s\u00f3cios. Segundo o referido Tribunal,<br \/>\nbasta restar caracterizada a insufici\u00eancia de patrim\u00f4nio da empresa executada para<br \/>\nser poss\u00edvel a desconsidera\u00e7\u00e3o da personalidade jur\u00eddica. A pr\u00f3pria<br \/>\ninsufici\u00eancia de patrim\u00f4nio presume a m\u00e1 administra\u00e7\u00e3o do neg\u00f3cio.<o:p><\/o:p><\/span><\/p>\n<p class=\"MsoListParagraphCxSpMiddle\" style=\"margin-top:6.0pt;margin-right:0cm;\nmargin-bottom:6.0pt;margin-left:0cm;mso-add-space:auto;text-align:justify;\nline-height:150%\"><span style=\"font-size:12.0pt;line-height:150%;font-family:\n&quot;Times New Roman&quot;,&quot;serif&quot;\">Sobre a aplica\u00e7\u00e3o de tal teoria na pr\u00e1tica<br \/>\ntrabalhista, CARLOS HENRIQUE BEZERRA LEITE afirma que <i>\u0093(&#8230;) vem ganhando cada vez mais adeptos a teoria da desconsidera\u00e7\u00e3o<br \/>\nda pessoa jur\u00eddica, tamb\u00e9m chamada de doutrina do disregard of legal entity,<br \/>\nteoria da penetra\u00e7\u00e3o ou, simplesmente, teoria do disregard\u0094.<o:p><\/o:p><\/i><\/span><\/p>\n<p class=\"MsoListParagraphCxSpMiddle\" style=\"margin-top:6.0pt;margin-right:0cm;\nmargin-bottom:6.0pt;margin-left:0cm;mso-add-space:auto;text-align:justify;\nline-height:150%\"><span style=\"font-size:12.0pt;line-height:150%;font-family:\n&quot;Times New Roman&quot;,&quot;serif&quot;\">Maiores detalhes sobre o tema ser\u00e3o tecidos quando<br \/>\ndo estudo do processo de execu\u00e7\u00e3o, na unidade referente ao direito processual<br \/>\ndo trabalho.<o:p><\/o:p><\/span><\/p>\n<p class=\"MsoListParagraphCxSpMiddle\" style=\"margin-top:6.0pt;margin-right:0cm;\nmargin-bottom:6.0pt;margin-left:0cm;mso-add-space:auto;text-align:justify;\nline-height:150%\"><b><span style=\"font-size:12.0pt;line-height:150%;font-family:&quot;Times New Roman&quot;,&quot;serif&quot;\">&nbsp;<\/span><\/b><\/p>\n<p class=\"MsoListParagraphCxSpMiddle\" style=\"margin-top:6.0pt;margin-right:0cm;\nmargin-bottom:6.0pt;margin-left:36.0pt;mso-add-space:auto;text-align:justify;\ntext-indent:-18.0pt;line-height:150%;mso-list:l0 level2 lfo1\"><!--[if !supportLists]--><b><span style=\"font-size:12.0pt;line-height:\n150%;font-family:&quot;Times New Roman&quot;,&quot;serif&quot;;mso-fareast-font-family:&quot;Times New Roman&quot;\">1.3.<\/span><\/b><!--[endif]--><b><span style=\"font-size:12.0pt;line-height:150%;font-family:&quot;Times New Roman&quot;,&quot;serif&quot;\"><br \/>\nGrupo de Empresas;<o:p><\/o:p><\/span><\/b><\/p>\n<p class=\"MsoListParagraphCxSpMiddle\" style=\"margin-top:6.0pt;margin-right:0cm;\nmargin-bottom:6.0pt;margin-left:0cm;mso-add-space:auto;text-align:justify;\nline-height:150%\"><b><span style=\"font-size:12.0pt;line-height:150%;font-family:&quot;Times New Roman&quot;,&quot;serif&quot;\">&nbsp;<\/span><\/b><\/p>\n<p class=\"MsoListParagraphCxSpMiddle\" style=\"margin-top:6.0pt;margin-right:0cm;\nmargin-bottom:6.0pt;margin-left:0cm;mso-add-space:auto;text-align:justify;\nline-height:150%\"><span style=\"font-size:12.0pt;line-height:150%;font-family:\n&quot;Times New Roman&quot;,&quot;serif&quot;\">Tema de grande relev\u00e2ncia para o direito do<br \/>\ntrabalho, o <i>grupo de empresas<\/i> \u00e9<br \/>\nlembrado pelo legislador logo no art. 2\u00ba da CLT, quando conceitua <i>empregador. <\/i>O \u00a72\u00ba do artigo afirma que: <i>\u0093Sempre que uma ou mais empresas, tendo,<br \/>\nembora, cada uma delas, personalidade jur\u00eddica pr\u00f3pria, estiverem sob a<br \/>\ndire\u00e7\u00e3o, controle ou administra\u00e7\u00e3o de outra, constituindo grupo industrial,<br \/>\ncomercial ou de qualquer outra atividade econ\u00f4mica, ser\u00e3o, para os efeitos da<br \/>\nrela\u00e7\u00e3o de emprego, solidariamente respons\u00e1veis a empresa principal e cada uma<br \/>\ndas subordinadas\u0094.<o:p><\/o:p><\/i><\/span><\/p>\n<p class=\"MsoListParagraphCxSpMiddle\" style=\"margin-top:6.0pt;margin-right:0cm;\nmargin-bottom:6.0pt;margin-left:0cm;mso-add-space:auto;text-align:justify;\nline-height:150%\"><span style=\"font-size:12.0pt;line-height:150%;font-family:\n&quot;Times New Roman&quot;,&quot;serif&quot;\">No grupo, as empresas possuem personalidade jur\u00eddica<br \/>\npr\u00f3pria, o que significa dizer que continuam a ser \u0093A\u0094, \u0093B\u0094 e \u0093C\u0094, cada uma com<br \/>\nseu contrato social, seus s\u00f3cios, capital, estrutura, etc.<o:p><\/o:p><\/span><\/p>\n<p class=\"MsoListParagraphCxSpMiddle\" style=\"margin-top:6.0pt;margin-right:0cm;\nmargin-bottom:6.0pt;margin-left:0cm;mso-add-space:auto;text-align:justify;\nline-height:150%\"><span style=\"font-size:12.0pt;line-height:150%;font-family:\n&quot;Times New Roman&quot;,&quot;serif&quot;\">N\u00e3o h\u00e1, para o direito do trabalho, necessidade que<br \/>\nas formadores do grupo estejam sob a administra\u00e7\u00e3o ou direta de uma empresa<br \/>\nprincipal, denominado <i>holding. <\/i>Segundo<br \/>\nMAUR\u00cdCIO GODINHO DELGADO os la\u00e7os que unem as empresas podem ser de <i>\u0093(&#8230;) dire\u00e7\u00e3o ou coordena\u00e7\u00e3o (&#8230;)\u0094.<o:p><\/o:p><\/i><\/span><\/p>\n<p class=\"MsoListParagraphCxSpMiddle\" style=\"margin-top:6.0pt;margin-right:0cm;\nmargin-bottom:6.0pt;margin-left:0cm;mso-add-space:auto;text-align:justify;\nline-height:150%\"><span style=\"font-size:12.0pt;line-height:150%;font-family:\n&quot;Times New Roman&quot;,&quot;serif&quot;\">De tal conceito emergem duas teorias sobre a rela\u00e7\u00e3o<br \/>\nexistente entre as empresas formadoras do grupo.A primeira, capitaneada por<br \/>\nSERGIO PINTO MARTINS descreve a necessidade de domina\u00e7\u00e3o das empresas por<br \/>\noutro, ou seja, deve haver uma rela\u00e7\u00e3o de hierarquia entre a empresa principal<br \/>\ne as demais, a primeira sendo a controladora e as demais, controladas.<o:p><\/o:p><\/span><\/p>\n<p class=\"MsoListParagraphCxSpMiddle\" style=\"margin-top:6.0pt;margin-right:0cm;\nmargin-bottom:6.0pt;margin-left:0cm;mso-add-space:auto;text-align:justify;\nline-height:150%\"><span style=\"font-size:12.0pt;line-height:150%;font-family:\n&quot;Times New Roman&quot;,&quot;serif&quot;\">A segundo corrente, cujo expoente principal \u00e9 AMAURI<br \/>\nMASCARO NASCIMENTO, para quem \u0093<i>(&#8230;)<br \/>\nbasta uma rela\u00e7\u00e3o de coordena\u00e7\u00e3o entre as diversas empresas sem que exista uma<br \/>\nem posi\u00e7\u00e3o predominante, crit\u00e9rio que nos parece melhor (&#8230;)\u0094.<o:p><\/o:p><\/i><\/span><\/p>\n<p class=\"MsoListParagraphCxSpMiddle\" style=\"margin-top:6.0pt;margin-right:0cm;\nmargin-bottom:6.0pt;margin-left:0cm;mso-add-space:auto;text-align:justify;\nline-height:150%\"><span style=\"font-size:12.0pt;line-height:150%;font-family:\n&quot;Times New Roman&quot;,&quot;serif&quot;\">Tal corrente parece ser a melhor, pois vai ao<br \/>\nencontro do informalismo que caracteriza os institutos de direito do trabalho,<br \/>\nassim como evidencia a fun\u00e7\u00e3o da norma criada pelo legislador, qual seja,<br \/>\naumentar as garantias do cr\u00e9dito trabalhista, j\u00e1 que cria a responsabilidade<br \/>\nsolid\u00e1rio entre os membros do grupo, pelo pagamento dos haveres trabalhistas.<o:p><\/o:p><\/span><\/p>\n<p class=\"MsoListParagraphCxSpMiddle\" style=\"margin-top:6.0pt;margin-right:0cm;\nmargin-bottom:6.0pt;margin-left:0cm;mso-add-space:auto;text-align:justify;\nline-height:150%\"><span style=\"font-size:12.0pt;line-height:150%;font-family:\n&quot;Times New Roman&quot;,&quot;serif&quot;\">A constata\u00e7\u00e3o da exist\u00eancia de grupo de empresas<br \/>\ntorna-se muito dif\u00edcil quando n\u00e3o constam de seus contratos sociais os<br \/>\nverdadeiros s\u00f3cios, pois o grupo caracteriza-se, nitidamente, quando a mesma<br \/>\npessoa f\u00edsica ou jur\u00eddica \u00e9 s\u00f3cia de v\u00e1rias empresas, do mesmo ou de diferentes<br \/>\nsetores da economia. O elo entre as empresas \u00e9 caracterizado pelo poder de<br \/>\nmando de uma ou v\u00e1rias pessoas sobre as sociedades, ou seja, o mesmo empres\u00e1ria<br \/>\n\u0093A\u0094 \u00e9 detentor de n\u00famero significativo de a\u00e7\u00f5es ou quotas da empresa \u0093Alfa\u0094,<br \/>\n\u0093Beta\u0094 e \u0093Gama\u0094, exercendo poder decis\u00f3ria sobre todas elas. Neste caso restar\u00e1<br \/>\nevidenciado o grupo, com as conseq\u00fc\u00eancias legais.<o:p><\/o:p><\/span><\/p>\n<p class=\"MsoListParagraphCxSpMiddle\" style=\"margin-top:6.0pt;margin-right:0cm;\nmargin-bottom:6.0pt;margin-left:0cm;mso-add-space:auto;text-align:justify;\nline-height:150%\"><b><span style=\"font-size:12.0pt;line-height:150%;font-family:&quot;Times New Roman&quot;,&quot;serif&quot;\">&nbsp;<\/span><\/b><\/p>\n<p class=\"MsoListParagraphCxSpMiddle\" style=\"margin-top:6.0pt;margin-right:0cm;\nmargin-bottom:6.0pt;margin-left:54.0pt;mso-add-space:auto;text-align:justify;\ntext-indent:-36.0pt;line-height:150%;mso-list:l0 level3 lfo1\"><!--[if !supportLists]--><b><span style=\"font-size:12.0pt;line-height:\n150%;font-family:&quot;Times New Roman&quot;,&quot;serif&quot;;mso-fareast-font-family:&quot;Times New Roman&quot;\">1.3.1.<span style=\"font-weight: normal; font-size: 7pt; line-height: normal; font-family: 'Times New Roman';\">&nbsp;&nbsp;&nbsp;&nbsp;&nbsp;<br \/>\n<\/span><\/span><\/b><!--[endif]--><b><span style=\"font-size:12.0pt;line-height:150%;font-family:&quot;Times New Roman&quot;,&quot;serif&quot;\">Solidariedade<br \/>\nativa;<o:p><\/o:p><\/span><\/b><\/p>\n<p class=\"MsoListParagraphCxSpMiddle\" style=\"margin-top:6.0pt;margin-right:0cm;\nmargin-bottom:6.0pt;margin-left:0cm;mso-add-space:auto;text-align:justify;\nline-height:150%\"><b><span style=\"font-size:12.0pt;line-height:150%;font-family:&quot;Times New Roman&quot;,&quot;serif&quot;\">&nbsp;<\/span><\/b><\/p>\n<p class=\"MsoListParagraphCxSpMiddle\" style=\"margin-top:6.0pt;margin-right:0cm;\nmargin-bottom:6.0pt;margin-left:0cm;mso-add-space:auto;text-align:justify;\nline-height:150%\"><span style=\"font-size:12.0pt;line-height:150%;font-family:\n&quot;Times New Roman&quot;,&quot;serif&quot;\">O tema encontra-se cristalizado na S\u00famula n\u00ba 129 do<br \/>\nTST, assim redigida: <i>\u0093A presta\u00e7\u00e3o de<br \/>\nservi\u00e7os a mais de uma empresa do mesmo grupo econ\u00f4mico, durante a mesma<br \/>\njornada de trabalho, n\u00e3o caracteriza a coexist\u00eancia de mais de um contrato de<br \/>\ntrabalho, salvo ajuste em contr\u00e1rio\u0094.<\/i><o:p><\/o:p><\/span><\/p>\n<p class=\"MsoListParagraphCxSpMiddle\" style=\"margin-top:6.0pt;margin-right:0cm;\nmargin-bottom:6.0pt;margin-left:0cm;mso-add-space:auto;text-align:justify;\nline-height:150%\"><span style=\"font-size:12.0pt;line-height:150%;font-family:\n&quot;Times New Roman&quot;,&quot;serif&quot;\">Significa dizer que o empregador n\u00e3o \u00e9 a empresa, e<br \/>\nsim, o grupo. Trata-se da teoria do <i>empregador<br \/>\n\u00fanico<\/i>. Assim, se o empregado Jo\u00e3o for contratado pela empresa \u0093Alfa\u0094, que<br \/>\nfaz parte de um grupo formado por \u0093A\u0094, \u0093B\u0094 e \u0093C\u0094, as duas \u00faltimas empresas<br \/>\ntamb\u00e9m ser\u00e3o consideradas empregadores. Logo, a CTPS poder\u00e1 ser assinada por<br \/>\n\u0093A\u0094 e sua baixa por \u0093B\u0094. O empregado poder\u00e1 realizar parte de sua jornada em<br \/>\n\u0093B\u0094 e parte em \u0093C\u0094. Haver\u00e1 equipara\u00e7\u00e3o salarial em rela\u00e7\u00e3o aos empregados do<br \/>\ngrupo, o que representa dizer que Jo\u00e3o e Maria, por cumprirem os requisitos do<br \/>\nart. 461 da CLT, bem como da S\u00famula n\u00ba 6 do TST, far\u00e3o jus \u00e0 equipara\u00e7\u00e3o<br \/>\nsalarial mesmo se trabalharem em empresas diferentes do mesmo grupo.<o:p><\/o:p><\/span><\/p>\n<p class=\"MsoListParagraphCxSpMiddle\" style=\"margin-top:6.0pt;margin-right:0cm;\nmargin-bottom:6.0pt;margin-left:0cm;mso-add-space:auto;text-align:justify;\nline-height:150%\"><span style=\"font-size:12.0pt;line-height:150%;font-family:\n&quot;Times New Roman&quot;,&quot;serif&quot;\">A s\u00famula transcrita \u00e9 clara ao afirmar que n\u00e3o h\u00e1<br \/>\nforma\u00e7\u00e3o de v\u00e1rios contratos de trabalho, desde que n\u00e3o haja pactua\u00e7\u00e3o expressa<br \/>\nem sentido contr\u00e1rio, pois havendo, o empregado ser\u00e1 beneficiado, pois<br \/>\nreceber\u00e1, por exemplo, dois sal\u00e1rios, dentre outros benef\u00edcios em dobro.<o:p><\/o:p><\/span><\/p>\n<p class=\"MsoListParagraphCxSpMiddle\" style=\"margin-top:6.0pt;margin-right:0cm;\nmargin-bottom:6.0pt;margin-left:0cm;mso-add-space:auto;text-align:justify;\nline-height:150%\"><b><span style=\"font-size:12.0pt;line-height:150%;font-family:&quot;Times New Roman&quot;,&quot;serif&quot;\">&nbsp;<\/span><\/b><\/p>\n<p class=\"MsoListParagraphCxSpMiddle\" style=\"margin-top:6.0pt;margin-right:0cm;\nmargin-bottom:6.0pt;margin-left:54.0pt;mso-add-space:auto;text-align:justify;\ntext-indent:-36.0pt;line-height:150%;mso-list:l0 level3 lfo1\"><!--[if !supportLists]--><b><span style=\"font-size:12.0pt;line-height:\n150%;font-family:&quot;Times New Roman&quot;,&quot;serif&quot;;mso-fareast-font-family:&quot;Times New Roman&quot;\">1.3.2.<span style=\"font-weight: normal; font-size: 7pt; line-height: normal; font-family: 'Times New Roman';\">&nbsp;&nbsp;&nbsp;&nbsp;&nbsp;<br \/>\n<\/span><\/span><\/b><!--[endif]--><b><span style=\"font-size:12.0pt;line-height:150%;font-family:&quot;Times New Roman&quot;,&quot;serif&quot;\">Solidariedade<br \/>\npassiva;<o:p><\/o:p><\/span><\/b><\/p>\n<p class=\"MsoListParagraphCxSpMiddle\" style=\"margin-top:6.0pt;margin-right:0cm;\nmargin-bottom:6.0pt;margin-left:0cm;mso-add-space:auto;text-align:justify;\nline-height:150%\"><b><span style=\"font-size:12.0pt;line-height:150%;font-family:&quot;Times New Roman&quot;,&quot;serif&quot;\">&nbsp;<\/span><\/b><\/p>\n<p class=\"MsoListParagraphCxSpMiddle\" style=\"margin-top:6.0pt;margin-right:0cm;\nmargin-bottom:6.0pt;margin-left:0cm;mso-add-space:auto;text-align:justify;\nline-height:150%\"><span style=\"font-size:12.0pt;line-height:150%;font-family:\n&quot;Times New Roman&quot;,&quot;serif&quot;\">Al\u00e9m da j\u00e1 comentada solidariedade ativa, mostra-se<br \/>\nindispens\u00e1vel a an\u00e1lise da <i>solidariedade<br \/>\npassiva<\/i> das empresas componentes do grupo econ\u00f4mico, situa\u00e7\u00e3o previsto no<br \/>\nart. 2\u00ba, \u00a72\u00ba da CLT. Trata-se de mais importante situa\u00e7\u00e3o de solidariedade<br \/>\nlegal do direito do trabalho, podendo lembrar igualmente do art. 16 da Lei n\u00ba<br \/>\n6019\/74, que trata do trabalho tempor\u00e1rio, ainda a ser estudado.<o:p><\/o:p><\/span><\/p>\n<p class=\"MsoListParagraphCxSpMiddle\" style=\"margin-top:6.0pt;margin-right:0cm;\nmargin-bottom:6.0pt;margin-left:0cm;mso-add-space:auto;text-align:justify;\nline-height:150%\"><span style=\"font-size:12.0pt;line-height:150%;font-family:\n&quot;Times New Roman&quot;,&quot;serif&quot;\">Importa dizer que se o empregado foi contratado pela<br \/>\nempresa \u0093A\u0094 e possui cr\u00e9ditos de natureza trabalhista, poder\u00e1 cobr\u00e1-los de<br \/>\nqualquer empresa do grupo, mesmo n\u00e3o tendo trabalhado para as demais, ou seja,<br \/>\n\u0093B\u0094, \u0093C\u0094 e \u0093D\u0094, empresas que com \u0093A\u0094 formam um grupo econ\u00f4mico, poder\u00e3o ser<br \/>\ninstadas \u00e0 pagar os haveres trabalhistas do empregado contratado exclusivamente<br \/>\npor \u0093A\u0094. Tal possibilidade adv\u00e9m da solidariedade passiva existente entre as<br \/>\nempresas componentes do grupo, independentemente de atuarem ou n\u00e3o no mesmo<br \/>\nsetor da economia.<o:p><\/o:p><\/span><\/p>\n<p class=\"MsoListParagraphCxSpMiddle\" style=\"margin-top:6.0pt;margin-right:0cm;\nmargin-bottom:6.0pt;margin-left:0cm;mso-add-space:auto;text-align:justify;\nline-height:150%\"><span style=\"font-size:12.0pt;line-height:150%;font-family:\n&quot;Times New Roman&quot;,&quot;serif&quot;\">A diferen\u00e7a elementar entre a responsabilidade<br \/>\nsolid\u00e1ria e a responsabilidade subsidi\u00e1ria, no plano do direito material, \u00e9 que<br \/>\nna primeira os cr\u00e9ditos podem ser cobrados de qualquer empresa do grupo, sem<br \/>\nnecessidade de verificar se a empregadora possui ou n\u00e3o patrim\u00f4nio para cumprir<br \/>\na obriga\u00e7\u00e3o. O credor livremente escolhe qual empresa do grupo ser\u00e1 respons\u00e1vel<br \/>\npelo adimplemento. J\u00e1 na responsabilidade subsidi\u00e1ria, que ocorre, por exemplo,<br \/>\nna terceiriza\u00e7\u00e3o (S\u00famula n\u00ba 331 do TST), o respons\u00e1vel subsidi\u00e1rio ser\u00e1<br \/>\ncompelido ao pagamento apenas se ficar demonstrada a impossibilidade do<br \/>\nrespons\u00e1vel principal em faz\u00ea-lo. Da\u00ed a express\u00e3o \u0093subsidi\u00e1ria\u0094. Deve-se passar<br \/>\npor tais etapas: 1\u00ba: devedor principal; 2\u00ba: respons\u00e1vel subsidi\u00e1rio.<o:p><\/o:p><\/span><\/p>\n<p class=\"MsoListParagraphCxSpMiddle\" style=\"margin-top:6.0pt;margin-right:0cm;\nmargin-bottom:6.0pt;margin-left:36.0pt;mso-add-space:auto;text-align:justify;\nline-height:150%\"><b><span style=\"font-size:12.0pt;line-height:150%;font-family:&quot;Times New Roman&quot;,&quot;serif&quot;\">&nbsp;<\/span><\/b><\/p>\n<p class=\"MsoListParagraphCxSpMiddle\" style=\"margin-top:6.0pt;margin-right:0cm;\nmargin-bottom:6.0pt;margin-left:54.0pt;mso-add-space:auto;text-align:justify;\ntext-indent:-36.0pt;line-height:150%;mso-list:l0 level3 lfo1\"><!--[if !supportLists]--><b><span style=\"font-size:12.0pt;line-height:\n150%;font-family:&quot;Times New Roman&quot;,&quot;serif&quot;;mso-fareast-font-family:&quot;Times New Roman&quot;\">1.3.3.<span style=\"font-weight: normal; font-size: 7pt; line-height: normal; font-family: 'Times New Roman';\">&nbsp;&nbsp;&nbsp;&nbsp;&nbsp;<br \/>\n<\/span><\/span><\/b><!--[endif]--><b><span style=\"font-size:12.0pt;line-height:150%;font-family:&quot;Times New Roman&quot;,&quot;serif&quot;\">Aspectos<br \/>\nprocessuais;<o:p><\/o:p><\/span><\/b><\/p>\n<p class=\"MsoListParagraphCxSpMiddle\" style=\"margin-top:6.0pt;margin-right:0cm;\nmargin-bottom:6.0pt;margin-left:0cm;mso-add-space:auto;text-align:justify;\nline-height:150%\"><b><span style=\"font-size:12.0pt;line-height:150%;font-family:&quot;Times New Roman&quot;,&quot;serif&quot;\">&nbsp;<\/span><\/b><\/p>\n<p class=\"MsoListParagraphCxSpMiddle\" style=\"margin-top:6.0pt;margin-right:0cm;\nmargin-bottom:6.0pt;margin-left:0cm;mso-add-space:auto;text-align:justify;\nline-height:150%\"><span style=\"font-size:12.0pt;line-height:150%;font-family:\n&quot;Times New Roman&quot;,&quot;serif&quot;\">Um importante aspecto processual acerca da<br \/>\nresponsabilidade solid\u00e1ria \u00e9 a resposta \u00e0 seguinte indaga\u00e7\u00e3o: todas as empresas<br \/>\ndo grupo devem constar no p\u00f3lo passivo da reclama\u00e7\u00e3o trabalhista, para poderem<br \/>\nser executados? Somente as empresas que foram r\u00e9s na a\u00e7\u00e3o trabalhista podem ser<br \/>\nexecutadas pelo inadimplemento dos cr\u00e9ditos trabalhistas?<o:p><\/o:p><\/span><\/p>\n<p class=\"MsoListParagraphCxSpMiddle\" style=\"margin-top:6.0pt;margin-right:0cm;\nmargin-bottom:6.0pt;margin-left:0cm;mso-add-space:auto;text-align:justify;\nline-height:150%\"><span style=\"font-size:12.0pt;line-height:150%;font-family:\n&quot;Times New Roman&quot;,&quot;serif&quot;\">At\u00e9 a edi\u00e7\u00e3o da Resolu\u00e7\u00e3o n\u00ba 121\/2003 do TST, que<br \/>\ndentre in\u00fameras altera\u00e7\u00f5es, cancelou a S\u00famula n\u00ba 205, o entendimento do TST era<br \/>\nque <i>\u0093o respons\u00e1vel solid\u00e1rio, integrante<br \/>\ndo grupo econ\u00f4mico, que n\u00e3o participou da rela\u00e7\u00e3o processual como reclamado e<br \/>\nque, portanto, n\u00e3o consta no t\u00edtulo executivo judicial como devedor, n\u00e3o pode<br \/>\nser sujeito passivo na execu\u00e7\u00e3o\u0094.<\/i><o:p><\/o:p><\/span><\/p>\n<p class=\"MsoListParagraphCxSpMiddle\" style=\"margin-top:6.0pt;margin-right:0cm;\nmargin-bottom:6.0pt;margin-left:0cm;mso-add-space:auto;text-align:justify;\nline-height:150%\"><span style=\"font-size:12.0pt;line-height:150%;font-family:\n&quot;Times New Roman&quot;,&quot;serif&quot;\">Contudo, o cancelamento da referida s\u00famula demonstra<br \/>\nn\u00e3o ser necess\u00e1ria a participa\u00e7\u00e3o das empresas do grupo, bastando que o p\u00f3lo<br \/>\npassivo seja preenchido por uma delas, em geral, a empresa que assinou a CTPS<br \/>\ndo obreiro. Assim, sendo a empresa \u0093A\u0094 condenada ao pagamento de quantia, por<br \/>\nexemplo, poder\u00e3o ser executadas todas as empresas do grupo, mesmo que n\u00e3o<br \/>\nconstem do t\u00edtulo executivo judicial e n\u00e3o tenham participado do contradit\u00f3rio,<br \/>\npois entende-se que o grupo foi representado o defendido pela empresa \u0093A\u0094.<o:p><\/o:p><\/span><\/p>\n<p class=\"MsoListParagraphCxSpLast\" style=\"margin-top:6.0pt;margin-right:0cm;\nmargin-bottom:6.0pt;margin-left:0cm;mso-add-space:auto;text-align:justify;\nline-height:150%\"><span style=\"font-size:12.0pt;line-height:150%;font-family:\n&quot;Times New Roman&quot;,&quot;serif&quot;\">Neste ponto reside importante diferen\u00e7a processual<br \/>\nentre as responsabilidades solid\u00e1ria e subsidi\u00e1ria, pois na segunda a empresa<br \/>\nprincipal e a subsidi\u00e1ria devem constar no p\u00f3lo passivo, sob pena de n\u00e3o ser<br \/>\npoder executar a segunda, nos termos da S\u00famula n\u00ba 331 do TST.<o:p><\/o:p><\/span><\/p>\n","protected":false},"excerpt":{"rendered":"<p>1.&nbsp;&nbsp;&nbsp;&nbsp;&nbsp; O empregador; 1.1. Conceito; &nbsp; O primeiro conceito de empregador a ser analisado \u00e9 o legal, descrito no art. 2\u00ba da CLT, assim redigido: \u0093Considera-se empregador a empresa, individual ou coletiva, que, assumindo os riscos da atividade econ\u00f4mica, admite, assalaria e dirige a presta\u00e7\u00e3o pessoal de servi\u00e7o\u0094. Desse conceito extraem-se dois requisitos \u00e0 configura\u00e7\u00e3o [&hellip;]<\/p>\n","protected":false},"author":123,"featured_media":0,"comment_status":"open","ping_status":"open","sticky":false,"template":"","format":"standard","meta":{"post_tipo":"article","footnotes":""},"categories":[1],"tags":[1145],"tax_estado":[],"class_list":["post-10208","post","type-post","status-publish","format-standard","hentry","category-cursos-e-concursos","tag-resumo"],"acf":[],"yoast_head":"<!-- This site is optimized with the Yoast SEO Premium plugin v27.2 (Yoast SEO v27.2) - https:\/\/yoast.com\/product\/yoast-seo-premium-wordpress\/ -->\n<title>Resumo de Direito do Trabalho - TRTs - Parte 5 - Empregador\/grupo de empresas\/ desconsidera\u00e7\u00e3o da personalidade jur\u00eddica<\/title>\n<meta name=\"robots\" content=\"index, follow, max-snippet:-1, max-image-preview:large, max-video-preview:-1\" \/>\n<link rel=\"canonical\" href=\"https:\/\/www.estrategiaconcursos.com.br\/blog\/resumo-de-direito-do-trabalho-trts-parte-5-empregadorgrupo-de-empresas-desconsideracao-da-personalidade-juridica\/\" \/>\n<meta property=\"og:locale\" content=\"pt_BR\" \/>\n<meta property=\"og:type\" content=\"article\" \/>\n<meta property=\"og:title\" content=\"Resumo de Direito do Trabalho - TRTs - Parte 5 - Empregador\/grupo de empresas\/ desconsidera\u00e7\u00e3o da personalidade jur\u00eddica\" \/>\n<meta property=\"og:description\" content=\"1.&nbsp;&nbsp;&nbsp;&nbsp;&nbsp; O empregador; 1.1. Conceito; &nbsp; O primeiro conceito de empregador a ser analisado \u00e9 o legal, descrito no art. 2\u00ba da CLT, assim redigido: \u0093Considera-se empregador a empresa, individual ou coletiva, que, assumindo os riscos da atividade econ\u00f4mica, admite, assalaria e dirige a presta\u00e7\u00e3o pessoal de servi\u00e7o\u0094. Desse conceito extraem-se dois requisitos \u00e0 configura\u00e7\u00e3o [&hellip;]\" \/>\n<meta property=\"og:url\" content=\"https:\/\/www.estrategiaconcursos.com.br\/blog\/resumo-de-direito-do-trabalho-trts-parte-5-empregadorgrupo-de-empresas-desconsideracao-da-personalidade-juridica\/\" \/>\n<meta property=\"og:site_name\" content=\"Estrat\u00e9gia Concursos\" \/>\n<meta property=\"article:author\" content=\"https:\/\/www.facebook.com\/bruno.klippel\" \/>\n<meta property=\"article:published_time\" content=\"2013-06-07T14:17:18+00:00\" \/>\n<meta property=\"article:modified_time\" content=\"2016-12-13T15:57:45+00:00\" \/>\n<meta name=\"author\" content=\"Bruno Klippel\" \/>\n<meta name=\"twitter:card\" content=\"summary_large_image\" \/>\n<meta name=\"twitter:creator\" content=\"@https:\/\/twitter.com\/brunoklippel\" \/>\n<meta name=\"twitter:site\" content=\"@EstratConcursos\" \/>\n<meta name=\"twitter:label1\" content=\"Escrito por\" \/>\n\t<meta name=\"twitter:data1\" content=\"Bruno Klippel\" \/>\n\t<meta name=\"twitter:label2\" content=\"Est. tempo de leitura\" \/>\n\t<meta name=\"twitter:data2\" content=\"13 minutos\" \/>\n<script type=\"application\/ld+json\" class=\"yoast-schema-graph\">{\"@context\":\"https:\/\/schema.org\",\"@graph\":[{\"@type\":\"NewsArticle\",\"@id\":\"https:\/\/www.estrategiaconcursos.com.br\/blog\/resumo-de-direito-do-trabalho-trts-parte-5-empregadorgrupo-de-empresas-desconsideracao-da-personalidade-juridica\/#article\",\"isPartOf\":{\"@id\":\"https:\/\/www.estrategiaconcursos.com.br\/blog\/resumo-de-direito-do-trabalho-trts-parte-5-empregadorgrupo-de-empresas-desconsideracao-da-personalidade-juridica\/\"},\"author\":{\"name\":\"Bruno Klippel\",\"@id\":\"https:\/\/www.estrategiaconcursos.com.br\/blog\/#\/schema\/person\/e45245f931dbe7daa788a36aeae3db76\"},\"headline\":\"Resumo de Direito do Trabalho &#8211; TRTs &#8211; Parte 5 &#8211; Empregador\/grupo de empresas\/ desconsidera\u00e7\u00e3o da personalidade jur\u00eddica\",\"datePublished\":\"2013-06-07T14:17:18+00:00\",\"dateModified\":\"2016-12-13T15:57:45+00:00\",\"mainEntityOfPage\":{\"@id\":\"https:\/\/www.estrategiaconcursos.com.br\/blog\/resumo-de-direito-do-trabalho-trts-parte-5-empregadorgrupo-de-empresas-desconsideracao-da-personalidade-juridica\/\"},\"wordCount\":2691,\"commentCount\":0,\"publisher\":{\"@id\":\"https:\/\/www.estrategiaconcursos.com.br\/blog\/#organization\"},\"keywords\":[\"resumo\"],\"articleSection\":[\"Concursos P\u00fablicos\"],\"inLanguage\":\"pt-BR\",\"potentialAction\":[{\"@type\":\"CommentAction\",\"name\":\"Comment\",\"target\":[\"https:\/\/www.estrategiaconcursos.com.br\/blog\/resumo-de-direito-do-trabalho-trts-parte-5-empregadorgrupo-de-empresas-desconsideracao-da-personalidade-juridica\/#respond\"]}],\"copyrightYear\":\"2013\",\"copyrightHolder\":{\"@id\":\"https:\/\/www.estrategiaconcursos.com.br\/blog\/#organization\"}},{\"@type\":\"WebPage\",\"@id\":\"https:\/\/www.estrategiaconcursos.com.br\/blog\/resumo-de-direito-do-trabalho-trts-parte-5-empregadorgrupo-de-empresas-desconsideracao-da-personalidade-juridica\/\",\"url\":\"https:\/\/www.estrategiaconcursos.com.br\/blog\/resumo-de-direito-do-trabalho-trts-parte-5-empregadorgrupo-de-empresas-desconsideracao-da-personalidade-juridica\/\",\"name\":\"Resumo de Direito do Trabalho - TRTs - Parte 5 - Empregador\/grupo de empresas\/ desconsidera\u00e7\u00e3o da personalidade jur\u00eddica\",\"isPartOf\":{\"@id\":\"https:\/\/www.estrategiaconcursos.com.br\/blog\/#website\"},\"datePublished\":\"2013-06-07T14:17:18+00:00\",\"dateModified\":\"2016-12-13T15:57:45+00:00\",\"breadcrumb\":{\"@id\":\"https:\/\/www.estrategiaconcursos.com.br\/blog\/resumo-de-direito-do-trabalho-trts-parte-5-empregadorgrupo-de-empresas-desconsideracao-da-personalidade-juridica\/#breadcrumb\"},\"inLanguage\":\"pt-BR\",\"potentialAction\":[{\"@type\":\"ReadAction\",\"target\":[\"https:\/\/www.estrategiaconcursos.com.br\/blog\/resumo-de-direito-do-trabalho-trts-parte-5-empregadorgrupo-de-empresas-desconsideracao-da-personalidade-juridica\/\"]}]},{\"@type\":\"BreadcrumbList\",\"@id\":\"https:\/\/www.estrategiaconcursos.com.br\/blog\/resumo-de-direito-do-trabalho-trts-parte-5-empregadorgrupo-de-empresas-desconsideracao-da-personalidade-juridica\/#breadcrumb\",\"itemListElement\":[{\"@type\":\"ListItem\",\"position\":1,\"name\":\"In\u00edcio\",\"item\":\"https:\/\/www.estrategiaconcursos.com.br\/blog\/\"},{\"@type\":\"ListItem\",\"position\":2,\"name\":\"Resumo de Direito do Trabalho &#8211; TRTs &#8211; Parte 5 &#8211; Empregador\/grupo de empresas\/ desconsidera\u00e7\u00e3o da personalidade jur\u00eddica\"}]},{\"@type\":\"WebSite\",\"@id\":\"https:\/\/www.estrategiaconcursos.com.br\/blog\/#website\",\"url\":\"https:\/\/www.estrategiaconcursos.com.br\/blog\/\",\"name\":\"Estrat\u00e9gia Concursos\",\"description\":\"O blog da Estrat\u00e9gia Concursos traz not\u00edcias sobre concursos e artigos de professores oferecendo cursos para concursos (pdf + videaulas) no site.\",\"publisher\":{\"@id\":\"https:\/\/www.estrategiaconcursos.com.br\/blog\/#organization\"},\"potentialAction\":[{\"@type\":\"SearchAction\",\"target\":{\"@type\":\"EntryPoint\",\"urlTemplate\":\"https:\/\/www.estrategiaconcursos.com.br\/blog\/?s={search_term_string}\"},\"query-input\":{\"@type\":\"PropertyValueSpecification\",\"valueRequired\":true,\"valueName\":\"search_term_string\"}}],\"inLanguage\":\"pt-BR\"},{\"@type\":\"Organization\",\"@id\":\"https:\/\/www.estrategiaconcursos.com.br\/blog\/#organization\",\"name\":\"Estrat\u00e9gia Concursos\",\"url\":\"https:\/\/www.estrategiaconcursos.com.br\/blog\/\",\"logo\":{\"@type\":\"ImageObject\",\"inLanguage\":\"pt-BR\",\"@id\":\"https:\/\/www.estrategiaconcursos.com.br\/blog\/#\/schema\/logo\/image\/\",\"url\":\"https:\/\/dhg1h5j42swfq.cloudfront.net\/2025\/06\/03203428\/logo_concursos-1.jpg\",\"contentUrl\":\"https:\/\/dhg1h5j42swfq.cloudfront.net\/2025\/06\/03203428\/logo_concursos-1.jpg\",\"width\":230,\"height\":60,\"caption\":\"Estrat\u00e9gia Concursos\"},\"image\":{\"@id\":\"https:\/\/www.estrategiaconcursos.com.br\/blog\/#\/schema\/logo\/image\/\"},\"sameAs\":[\"https:\/\/x.com\/EstratConcursos\"]},{\"@type\":\"Person\",\"@id\":\"https:\/\/www.estrategiaconcursos.com.br\/blog\/#\/schema\/person\/e45245f931dbe7daa788a36aeae3db76\",\"name\":\"Bruno Klippel\",\"image\":{\"@type\":\"ImageObject\",\"inLanguage\":\"pt-BR\",\"@id\":\"https:\/\/secure.gravatar.com\/avatar\/555136b5a9f57831d9839d55086ed04254bbba23fd861d79951efc1f321b41cf?s=96&d=mm&r=g\",\"url\":\"https:\/\/secure.gravatar.com\/avatar\/555136b5a9f57831d9839d55086ed04254bbba23fd861d79951efc1f321b41cf?s=96&d=mm&r=g\",\"contentUrl\":\"https:\/\/secure.gravatar.com\/avatar\/555136b5a9f57831d9839d55086ed04254bbba23fd861d79951efc1f321b41cf?s=96&d=mm&r=g\",\"caption\":\"Bruno Klippel\"},\"sameAs\":[\"https:\/\/www.facebook.com\/bruno.klippel\",\"https:\/\/x.com\/https:\/\/twitter.com\/brunoklippel\"],\"url\":\"https:\/\/www.estrategiaconcursos.com.br\/blog\/author\/brunoklippelestrategiaconcursos-com-br\/\"}]}<\/script>\n<!-- \/ Yoast SEO Premium plugin. -->","yoast_head_json":{"title":"Resumo de Direito do Trabalho - TRTs - Parte 5 - Empregador\/grupo de empresas\/ desconsidera\u00e7\u00e3o da personalidade jur\u00eddica","robots":{"index":"index","follow":"follow","max-snippet":"max-snippet:-1","max-image-preview":"max-image-preview:large","max-video-preview":"max-video-preview:-1"},"canonical":"https:\/\/www.estrategiaconcursos.com.br\/blog\/resumo-de-direito-do-trabalho-trts-parte-5-empregadorgrupo-de-empresas-desconsideracao-da-personalidade-juridica\/","og_locale":"pt_BR","og_type":"article","og_title":"Resumo de Direito do Trabalho - TRTs - Parte 5 - Empregador\/grupo de empresas\/ desconsidera\u00e7\u00e3o da personalidade jur\u00eddica","og_description":"1.&nbsp;&nbsp;&nbsp;&nbsp;&nbsp; O empregador; 1.1. Conceito; &nbsp; O primeiro conceito de empregador a ser analisado \u00e9 o legal, descrito no art. 2\u00ba da CLT, assim redigido: \u0093Considera-se empregador a empresa, individual ou coletiva, que, assumindo os riscos da atividade econ\u00f4mica, admite, assalaria e dirige a presta\u00e7\u00e3o pessoal de servi\u00e7o\u0094. Desse conceito extraem-se dois requisitos \u00e0 configura\u00e7\u00e3o [&hellip;]","og_url":"https:\/\/www.estrategiaconcursos.com.br\/blog\/resumo-de-direito-do-trabalho-trts-parte-5-empregadorgrupo-de-empresas-desconsideracao-da-personalidade-juridica\/","og_site_name":"Estrat\u00e9gia Concursos","article_author":"https:\/\/www.facebook.com\/bruno.klippel","article_published_time":"2013-06-07T14:17:18+00:00","article_modified_time":"2016-12-13T15:57:45+00:00","author":"Bruno Klippel","twitter_card":"summary_large_image","twitter_creator":"@https:\/\/twitter.com\/brunoklippel","twitter_site":"@EstratConcursos","twitter_misc":{"Escrito por":"Bruno Klippel","Est. tempo de leitura":"13 minutos"},"schema":{"@context":"https:\/\/schema.org","@graph":[{"@type":"NewsArticle","@id":"https:\/\/www.estrategiaconcursos.com.br\/blog\/resumo-de-direito-do-trabalho-trts-parte-5-empregadorgrupo-de-empresas-desconsideracao-da-personalidade-juridica\/#article","isPartOf":{"@id":"https:\/\/www.estrategiaconcursos.com.br\/blog\/resumo-de-direito-do-trabalho-trts-parte-5-empregadorgrupo-de-empresas-desconsideracao-da-personalidade-juridica\/"},"author":{"name":"Bruno Klippel","@id":"https:\/\/www.estrategiaconcursos.com.br\/blog\/#\/schema\/person\/e45245f931dbe7daa788a36aeae3db76"},"headline":"Resumo de Direito do Trabalho &#8211; TRTs &#8211; Parte 5 &#8211; Empregador\/grupo de empresas\/ desconsidera\u00e7\u00e3o da personalidade jur\u00eddica","datePublished":"2013-06-07T14:17:18+00:00","dateModified":"2016-12-13T15:57:45+00:00","mainEntityOfPage":{"@id":"https:\/\/www.estrategiaconcursos.com.br\/blog\/resumo-de-direito-do-trabalho-trts-parte-5-empregadorgrupo-de-empresas-desconsideracao-da-personalidade-juridica\/"},"wordCount":2691,"commentCount":0,"publisher":{"@id":"https:\/\/www.estrategiaconcursos.com.br\/blog\/#organization"},"keywords":["resumo"],"articleSection":["Concursos P\u00fablicos"],"inLanguage":"pt-BR","potentialAction":[{"@type":"CommentAction","name":"Comment","target":["https:\/\/www.estrategiaconcursos.com.br\/blog\/resumo-de-direito-do-trabalho-trts-parte-5-empregadorgrupo-de-empresas-desconsideracao-da-personalidade-juridica\/#respond"]}],"copyrightYear":"2013","copyrightHolder":{"@id":"https:\/\/www.estrategiaconcursos.com.br\/blog\/#organization"}},{"@type":"WebPage","@id":"https:\/\/www.estrategiaconcursos.com.br\/blog\/resumo-de-direito-do-trabalho-trts-parte-5-empregadorgrupo-de-empresas-desconsideracao-da-personalidade-juridica\/","url":"https:\/\/www.estrategiaconcursos.com.br\/blog\/resumo-de-direito-do-trabalho-trts-parte-5-empregadorgrupo-de-empresas-desconsideracao-da-personalidade-juridica\/","name":"Resumo de Direito do Trabalho - TRTs - Parte 5 - Empregador\/grupo de empresas\/ desconsidera\u00e7\u00e3o da personalidade jur\u00eddica","isPartOf":{"@id":"https:\/\/www.estrategiaconcursos.com.br\/blog\/#website"},"datePublished":"2013-06-07T14:17:18+00:00","dateModified":"2016-12-13T15:57:45+00:00","breadcrumb":{"@id":"https:\/\/www.estrategiaconcursos.com.br\/blog\/resumo-de-direito-do-trabalho-trts-parte-5-empregadorgrupo-de-empresas-desconsideracao-da-personalidade-juridica\/#breadcrumb"},"inLanguage":"pt-BR","potentialAction":[{"@type":"ReadAction","target":["https:\/\/www.estrategiaconcursos.com.br\/blog\/resumo-de-direito-do-trabalho-trts-parte-5-empregadorgrupo-de-empresas-desconsideracao-da-personalidade-juridica\/"]}]},{"@type":"BreadcrumbList","@id":"https:\/\/www.estrategiaconcursos.com.br\/blog\/resumo-de-direito-do-trabalho-trts-parte-5-empregadorgrupo-de-empresas-desconsideracao-da-personalidade-juridica\/#breadcrumb","itemListElement":[{"@type":"ListItem","position":1,"name":"In\u00edcio","item":"https:\/\/www.estrategiaconcursos.com.br\/blog\/"},{"@type":"ListItem","position":2,"name":"Resumo de Direito do Trabalho &#8211; TRTs &#8211; Parte 5 &#8211; Empregador\/grupo de empresas\/ desconsidera\u00e7\u00e3o da personalidade jur\u00eddica"}]},{"@type":"WebSite","@id":"https:\/\/www.estrategiaconcursos.com.br\/blog\/#website","url":"https:\/\/www.estrategiaconcursos.com.br\/blog\/","name":"Estrat\u00e9gia Concursos","description":"O blog da Estrat\u00e9gia Concursos traz not\u00edcias sobre concursos e artigos de professores oferecendo cursos para concursos (pdf + videaulas) no site.","publisher":{"@id":"https:\/\/www.estrategiaconcursos.com.br\/blog\/#organization"},"potentialAction":[{"@type":"SearchAction","target":{"@type":"EntryPoint","urlTemplate":"https:\/\/www.estrategiaconcursos.com.br\/blog\/?s={search_term_string}"},"query-input":{"@type":"PropertyValueSpecification","valueRequired":true,"valueName":"search_term_string"}}],"inLanguage":"pt-BR"},{"@type":"Organization","@id":"https:\/\/www.estrategiaconcursos.com.br\/blog\/#organization","name":"Estrat\u00e9gia Concursos","url":"https:\/\/www.estrategiaconcursos.com.br\/blog\/","logo":{"@type":"ImageObject","inLanguage":"pt-BR","@id":"https:\/\/www.estrategiaconcursos.com.br\/blog\/#\/schema\/logo\/image\/","url":"https:\/\/dhg1h5j42swfq.cloudfront.net\/2025\/06\/03203428\/logo_concursos-1.jpg","contentUrl":"https:\/\/dhg1h5j42swfq.cloudfront.net\/2025\/06\/03203428\/logo_concursos-1.jpg","width":230,"height":60,"caption":"Estrat\u00e9gia Concursos"},"image":{"@id":"https:\/\/www.estrategiaconcursos.com.br\/blog\/#\/schema\/logo\/image\/"},"sameAs":["https:\/\/x.com\/EstratConcursos"]},{"@type":"Person","@id":"https:\/\/www.estrategiaconcursos.com.br\/blog\/#\/schema\/person\/e45245f931dbe7daa788a36aeae3db76","name":"Bruno Klippel","image":{"@type":"ImageObject","inLanguage":"pt-BR","@id":"https:\/\/secure.gravatar.com\/avatar\/555136b5a9f57831d9839d55086ed04254bbba23fd861d79951efc1f321b41cf?s=96&d=mm&r=g","url":"https:\/\/secure.gravatar.com\/avatar\/555136b5a9f57831d9839d55086ed04254bbba23fd861d79951efc1f321b41cf?s=96&d=mm&r=g","contentUrl":"https:\/\/secure.gravatar.com\/avatar\/555136b5a9f57831d9839d55086ed04254bbba23fd861d79951efc1f321b41cf?s=96&d=mm&r=g","caption":"Bruno Klippel"},"sameAs":["https:\/\/www.facebook.com\/bruno.klippel","https:\/\/x.com\/https:\/\/twitter.com\/brunoklippel"],"url":"https:\/\/www.estrategiaconcursos.com.br\/blog\/author\/brunoklippelestrategiaconcursos-com-br\/"}]}},"_links":{"self":[{"href":"https:\/\/www.estrategiaconcursos.com.br\/blog\/wp-json\/wp\/v2\/posts\/10208","targetHints":{"allow":["GET"]}}],"collection":[{"href":"https:\/\/www.estrategiaconcursos.com.br\/blog\/wp-json\/wp\/v2\/posts"}],"about":[{"href":"https:\/\/www.estrategiaconcursos.com.br\/blog\/wp-json\/wp\/v2\/types\/post"}],"author":[{"embeddable":true,"href":"https:\/\/www.estrategiaconcursos.com.br\/blog\/wp-json\/wp\/v2\/users\/123"}],"replies":[{"embeddable":true,"href":"https:\/\/www.estrategiaconcursos.com.br\/blog\/wp-json\/wp\/v2\/comments?post=10208"}],"version-history":[{"count":1,"href":"https:\/\/www.estrategiaconcursos.com.br\/blog\/wp-json\/wp\/v2\/posts\/10208\/revisions"}],"predecessor-version":[{"id":57766,"href":"https:\/\/www.estrategiaconcursos.com.br\/blog\/wp-json\/wp\/v2\/posts\/10208\/revisions\/57766"}],"wp:attachment":[{"href":"https:\/\/www.estrategiaconcursos.com.br\/blog\/wp-json\/wp\/v2\/media?parent=10208"}],"wp:term":[{"taxonomy":"category","embeddable":true,"href":"https:\/\/www.estrategiaconcursos.com.br\/blog\/wp-json\/wp\/v2\/categories?post=10208"},{"taxonomy":"post_tag","embeddable":true,"href":"https:\/\/www.estrategiaconcursos.com.br\/blog\/wp-json\/wp\/v2\/tags?post=10208"},{"taxonomy":"tax_estado","embeddable":true,"href":"https:\/\/www.estrategiaconcursos.com.br\/blog\/wp-json\/wp\/v2\/tax_estado?post=10208"}],"curies":[{"name":"wp","href":"https:\/\/api.w.org\/{rel}","templated":true}]}}