{"id":1020263,"date":"2022-05-21T15:46:00","date_gmt":"2022-05-21T18:46:00","guid":{"rendered":"https:\/\/www.estrategiaconcursos.com.br\/blog\/?p=1020263"},"modified":"2022-05-04T15:19:38","modified_gmt":"2022-05-04T18:19:38","slug":"lei-organica-assistencia-social","status":"publish","type":"post","link":"https:\/\/www.estrategiaconcursos.com.br\/blog\/lei-organica-assistencia-social\/","title":{"rendered":"Resumo da Lei Org\u00e2nica da Assist\u00eancia Social para o MP-SC"},"content":{"rendered":"\n<p class=\"has-medium-font-size\">Veja aqui um resumo da <strong>Lei Org\u00e2nica da Assist\u00eancia Social<\/strong>, na <strong>Lei 8.742\/1993<\/strong>, para o concurso Minist\u00e9rio P\u00fablico de Santa Catarina (<strong><a href=\"https:\/\/www.estrategiaconcursos.com.br\/cursosPorConcurso\/ministerio-publico-de-santa-catarina-mp-sc-servidores\/\" target=\"_blank\" rel=\"noreferrer noopener\">MP-SC<\/a><\/strong>).<\/p>\n\n\n\n<div class=\"wp-block-image\"><figure class=\"aligncenter size-full is-resized\"><img loading=\"lazy\" decoding=\"async\" src=\"https:\/\/dhg1h5j42swfq.cloudfront.net\/2022\/05\/03150429\/image-36.png\" alt=\"Resumo da Lei Org\u00e2nica da Assist\u00eancia Social para o MP-SC\" class=\"wp-image-1020272\" width=\"319\" height=\"330\"\/><figcaption>Resumo da Lei Org\u00e2nica da Assist\u00eancia Social para o MP-SC<\/figcaption><\/figure><\/div>\n\n\n\n<p>Ol\u00e1, pessoal! Tudo joia?<\/p>\n\n\n\n<p>O edital do concurso do&nbsp;<strong><a href=\"https:\/\/www.estrategiaconcursos.com.br\/blog\/concurso-mp-sc\/\" target=\"_blank\" rel=\"noreferrer noopener\">Minist\u00e9rio P\u00fablico de Santa Catarina<\/a><\/strong>&nbsp;(MP-SC) foi publicado. S\u00e3o<strong>&nbsp;50 vagas&nbsp;<\/strong>de<strong>&nbsp;Auxiliar&nbsp;<\/strong>e<strong>&nbsp;Analista,<\/strong>&nbsp;mais cadastro de reserva, com remunera\u00e7\u00e3o inicial de&nbsp;<strong>R$ 6.233,73&nbsp;<\/strong>e&nbsp;<strong>R$ 8.040,06<\/strong>, respectivamente.<\/p>\n\n\n\n<p>Dessa maneira, no artigo de hoje, iremos realizar um resumo da<strong><mark style=\"background-color:rgba(0, 0, 0, 0)\" class=\"has-inline-color has-vivid-cyan-blue-color\"> Lei Org\u00e2nica da Assist\u00eancia Social<\/mark><\/strong> <strong>(LOAS)<\/strong>, na <strong>Lei 8.742\/1993<\/strong>, para o certame do MP-SC.<\/p>\n\n\n\n<p>Vamos l\u00e1?<\/p>\n\n\n\n<div class=\"container\" id=\"boxes\">\n  <div class=\"row\">\n\n    <div class=\"col-sm\">\n      <div class=\"banner-tribunal\" id=\"box-assinatura\">\n        <h3 class=\"titulo-assinatura\">Cursos para o MP SC<\/h3>\n        <p class=\"subtitulo-assinatura\">Conhe\u00e7a os cursos<\/p>\n        <div class=\"box-botao\">\n          <a class=\"btn-assinatura\" target=\"_blank\" href=\"https:\/\/www.estrategiaconcursos.com.br\/cursosPorConcurso\/ministerio-publico-de-santa-catarina-mp-sc-servidores\/\" rel=\"noopener noreferrer\">Conhe\u00e7a mais<\/a>\n        <\/div>\n      <\/div>\n      <p class=\"texto-auxiliar\"><\/p>\n    <\/div>\n\n  <\/div>\n<\/div>\n\n\n\n<h2 class=\"wp-block-heading\" id=\"h-disposicoes-gerais-da-assistencia-social\"><mark style=\"background-color:rgba(0, 0, 0, 0)\" class=\"has-inline-color has-vivid-cyan-blue-color\">Disposi\u00e7\u00f5es Gerais da Assist\u00eancia Social<\/mark><\/h2>\n\n\n\n<p>A <strong><mark style=\"background-color:rgba(0, 0, 0, 0)\" class=\"has-inline-color has-vivid-cyan-blue-color\">assist\u00eancia social<\/mark><\/strong> \u00e9 um <strong>direito do cidad\u00e3o <\/strong>e um <strong>dever do Estado<\/strong>, sendo uma Pol\u00edtica de Seguridade Social <strong><mark style=\"background-color:rgba(0, 0, 0, 0)\" class=\"has-inline-color has-vivid-cyan-blue-color\">n\u00e3o contributiva<\/mark><\/strong>, que prov\u00ea os <strong>m\u00ednimos sociais<\/strong>, realizada atrav\u00e9s de um conjunto integrado de a\u00e7\u00f5es de<strong> iniciativa p\u00fablica<\/strong> e da <strong>sociedade<\/strong>, para garantir o atendimento \u00e0s<strong> necessidades b\u00e1sicas.<\/strong><\/p>\n\n\n\n<p>Em outras palavras, a assist\u00eancia social visa oferecer \u00e0 popula\u00e7\u00e3o mais vulner\u00e1vel o <strong>m\u00ednimo existencial<\/strong>, de modo a assegurar as necessidades b\u00e1sicas do indiv\u00edduo.<\/p>\n\n\n\n<p>A assist\u00eancia social foi regulamentada no Brasil apenas em 1993, pela Lei 8.742, a<strong><mark style=\"background-color:rgba(0, 0, 0, 0)\" class=\"has-inline-color has-vivid-cyan-blue-color\"> Lei Org\u00e2nica da Assist\u00eancia Social (LOAS)<\/mark><\/strong>, a qual ser\u00e1 o nosso objeto de estudo neste artigo.<\/p>\n\n\n\n<p>Segundo esta lei, a <strong>assist\u00eancia social <\/strong>tem por <strong><mark style=\"background-color:rgba(0, 0, 0, 0)\" class=\"has-inline-color has-vivid-cyan-blue-color\">objetivos<\/mark><\/strong>:&nbsp;&nbsp;&nbsp;&nbsp;&nbsp;&nbsp;&nbsp;&nbsp;<\/p>\n\n\n\n<ul class=\"wp-block-list\"><li>a <strong>prote\u00e7\u00e3o social,<\/strong> que visa \u00e0 garantia da vida, \u00e0 redu\u00e7\u00e3o de danos e \u00e0 preven\u00e7\u00e3o da incid\u00eancia de riscos, especialmente:&nbsp;&nbsp;&nbsp;&nbsp;&nbsp;&nbsp;&nbsp;&nbsp;&nbsp;&nbsp;&nbsp;&nbsp;&nbsp;&nbsp;&nbsp;&nbsp;&nbsp;<ul><li>a prote\u00e7\u00e3o \u00e0 <strong>fam\u00edlia<\/strong>, \u00e0 <strong>maternidade<\/strong>, \u00e0 <strong>inf\u00e2ncia<\/strong>, \u00e0 <strong>adolesc\u00eancia<\/strong> e \u00e0 <strong>velhice<\/strong>;&nbsp;&nbsp;&nbsp;&nbsp;&nbsp;&nbsp;&nbsp;&nbsp;&nbsp;&nbsp;&nbsp;&nbsp;&nbsp;&nbsp;&nbsp;&nbsp;&nbsp;<\/li><\/ul><ul><li>o amparo \u00e0s <strong>crian\u00e7as <\/strong>e aos <strong>adolescentes carentes<\/strong>;&nbsp;&nbsp;&nbsp;&nbsp;&nbsp;&nbsp;&nbsp;&nbsp;&nbsp;<\/li><\/ul><ul><li>a promo\u00e7\u00e3o da integra\u00e7\u00e3o ao<strong> mercado de trabalho<\/strong>;&nbsp;&nbsp;&nbsp;&nbsp;&nbsp;&nbsp;&nbsp;&nbsp;&nbsp;&nbsp;&nbsp;<\/li><\/ul><ul><li>a habilita\u00e7\u00e3o e reabilita\u00e7\u00e3o das <strong>pessoas com defici\u00eancia<\/strong> e a promo\u00e7\u00e3o de sua integra\u00e7\u00e3o \u00e0 vida comunit\u00e1ria; e&nbsp;&nbsp;&nbsp;&nbsp;&nbsp;&nbsp;&nbsp;&nbsp;&nbsp;&nbsp;&nbsp;&nbsp;&nbsp;&nbsp;&nbsp;<\/li><\/ul><ul><li>a garantia de <strong>1 sal\u00e1rio-m\u00ednimo<\/strong> de benef\u00edcio mensal \u00e0 pessoa com defici\u00eancia e ao <strong>idoso <\/strong>que comprovem n\u00e3o possuir meios de prover a pr\u00f3pria manuten\u00e7\u00e3o ou de t\u00ea-la provida por sua fam\u00edlia;&nbsp;&nbsp;&nbsp;&nbsp;&nbsp;&nbsp;&nbsp;&nbsp;&nbsp;&nbsp;&nbsp;&nbsp;<\/li><\/ul><\/li><li>a <strong>vigil\u00e2ncia socioassistencial<\/strong>, que visa a analisar territorialmente a capacidade protetiva das fam\u00edlias e nela a ocorr\u00eancia de vulnerabilidades, de amea\u00e7as, de vitimiza\u00e7\u00f5es e danos;&nbsp;&nbsp;&nbsp;&nbsp;&nbsp;&nbsp;&nbsp;&nbsp;&nbsp;&nbsp;&nbsp;&nbsp;&nbsp;&nbsp;&nbsp;&nbsp;<\/li><li>a <strong>defesa de direitos<\/strong>, que visa a garantir o pleno acesso aos direitos no conjunto das provis\u00f5es socioassistenciais.&nbsp;&nbsp;&nbsp;&nbsp;&nbsp;&nbsp;&nbsp;&nbsp;&nbsp;&nbsp;<\/li><\/ul>\n\n\n\n<p>Em rela\u00e7\u00e3o ao <strong><mark style=\"background-color:rgba(0, 0, 0, 0)\" class=\"has-inline-color has-vivid-cyan-blue-color\">enfrentamento da pobreza<\/mark><\/strong>, a assist\u00eancia social \u00e9 realizada de forma <strong>integrada <\/strong>\u00e0s pol\u00edticas setoriais, garantindo m\u00ednimos sociais e provimento de condi\u00e7\u00f5es para atender conting\u00eancias sociais e promovendo a universaliza\u00e7\u00e3o dos direitos sociais.<\/p>\n\n\n\n<p>As <strong>entidades <\/strong>e <strong>organiza\u00e7\u00f5es <\/strong>de assist\u00eancia social s\u00e3o aquelas <strong>sem fins lucrativos<\/strong> que, isolada ou cumulativamente, prestam <strong>atendimento<\/strong> e <strong>assessoramento <\/strong>aos benefici\u00e1rios, bem como as que atuam na <strong>defesa e garantia de direitos<\/strong>.<\/p>\n\n\n\n<p><strong><mark style=\"background-color:rgba(0, 0, 0, 0)\" class=\"has-inline-color has-vivid-cyan-blue-color\">Entidades de atendimento<\/mark> -&gt;<\/strong> aquelas que concedem benef\u00edcios de<strong> presta\u00e7\u00e3o social b\u00e1sica ou especial<\/strong>, dirigidos \u00e0s fam\u00edlias e indiv\u00edduos em situa\u00e7\u00f5es de vulnerabilidade ou risco social e pessoal.<\/p>\n\n\n\n<p><strong><mark style=\"background-color:rgba(0, 0, 0, 0)\" class=\"has-inline-color has-vivid-cyan-blue-color\">Entidades de assessoramento<\/mark> -&gt;<\/strong> voltados para o <strong>fortalecimento dos movimentos sociais<\/strong> e das organiza\u00e7\u00f5es de usu\u00e1rios, forma\u00e7\u00e3o e capacita\u00e7\u00e3o de lideran\u00e7as.&nbsp;&nbsp;&nbsp;&nbsp;&nbsp;&nbsp;&nbsp;&nbsp;&nbsp;&nbsp;&nbsp;&nbsp;&nbsp;&nbsp;&nbsp;&nbsp;&nbsp;&nbsp;<\/p>\n\n\n\n<p><strong><mark style=\"background-color:rgba(0, 0, 0, 0)\" class=\"has-inline-color has-vivid-cyan-blue-color\">Entidades de defesa e garantia de direitos <\/mark>-&gt;<\/strong> defesa e efetiva\u00e7\u00e3o dos <strong>direitos socioassistenciais<\/strong>, constru\u00e7\u00e3o de <strong>novos direitos<\/strong>, promo\u00e7\u00e3o da <strong>cidadania<\/strong>, enfrentamento das desigualdades sociais.<\/p>\n\n\n\n<h2 class=\"wp-block-heading\" id=\"h-principios-e-diretrizes-da-assistencia-social\"><mark style=\"background-color:rgba(0, 0, 0, 0)\" class=\"has-inline-color has-vivid-cyan-blue-color\">Princ\u00edpios e Diretrizes da Assist\u00eancia Social<\/mark><\/h2>\n\n\n\n<p>A organiza\u00e7\u00e3o da assist\u00eancia social \u00e9 pautada basicamente em<strong> <mark style=\"background-color:rgba(0, 0, 0, 0)\" class=\"has-inline-color has-vivid-cyan-blue-color\">tr\u00eas diretrizes<\/mark><\/strong>, sendo elas a <strong>descentraliza\u00e7\u00e3o<\/strong> pol\u00edtico-administrativa para os Estados, o Distrito Federal e os Munic\u00edpios; a <strong>participa\u00e7\u00e3o <\/strong>da popula\u00e7\u00e3o na formula\u00e7\u00e3o das pol\u00edticas; e a <strong>responsabilidade do Estado<\/strong> na condu\u00e7\u00e3o da pol\u00edtica de assist\u00eancia social em cada esfera de governo.<\/p>\n\n\n\n<p>Al\u00e9m disso, a assist\u00eancia social \u00e9 tamb\u00e9m regida por<strong><mark style=\"background-color:rgba(0, 0, 0, 0)\" class=\"has-inline-color has-vivid-cyan-blue-color\"> cinco princ\u00edpios<\/mark><\/strong>:<\/p>\n\n\n\n<ul class=\"wp-block-list\"><li><strong>supremacia do atendimento \u00e0s necessidades sociais<\/strong> sobre as exig\u00eancias de rentabilidade econ\u00f4mica;<\/li><li><strong>universaliza\u00e7\u00e3o dos direitos sociais<\/strong>, a fim de tornar o destinat\u00e1rio da a\u00e7\u00e3o assistencial alcan\u00e7\u00e1vel pelas demais pol\u00edticas p\u00fablicas;<\/li><li><strong>respeito \u00e0 dignidade do cidad\u00e3o<\/strong>, \u00e0 sua <strong>autonomia <\/strong>e ao seu direito a benef\u00edcios e servi\u00e7os de qualidade, bem como \u00e0 conviv\u00eancia familiar e comunit\u00e1ria, vedando-se qualquer comprova\u00e7\u00e3o vexat\u00f3ria de necessidade;<\/li><li><strong>igualdade de direitos no acesso ao atendimento<\/strong>, sem discrimina\u00e7\u00e3o de qualquer natureza, garantindo-se equival\u00eancia \u00e0s popula\u00e7\u00f5es urbanas e rurais;<\/li><li><strong>divulga\u00e7\u00e3o ampla dos benef\u00edcios<\/strong>, servi\u00e7os, programas e projetos assistenciais, bem como dos recursos oferecidos pelo Poder P\u00fablico e dos crit\u00e9rios para sua concess\u00e3o.<\/li><\/ul>\n\n\n\n<h2 class=\"wp-block-heading\" id=\"h-organizacao-e-gestao-da-assistencia-social\"><mark style=\"background-color:rgba(0, 0, 0, 0)\" class=\"has-inline-color has-vivid-cyan-blue-color\">Organiza\u00e7\u00e3o e Gest\u00e3o da Assist\u00eancia Social<\/mark><\/h2>\n\n\n\n<p>A <strong><mark style=\"background-color:rgba(0, 0, 0, 0)\" class=\"has-inline-color has-vivid-cyan-blue-color\">gest\u00e3o<\/mark><\/strong> das a\u00e7\u00f5es na \u00e1rea de assist\u00eancia social \u00e9 organizada sob a forma de <strong><mark style=\"background-color:rgba(0, 0, 0, 0)\" class=\"has-inline-color has-black-color\">sistema <\/mark><\/strong><mark style=\"background-color:rgba(0, 0, 0, 0)\" class=\"has-inline-color has-vivid-cyan-blue-color\"><strong>descentralizado<\/strong> <\/mark>e <strong><mark style=\"background-color:rgba(0, 0, 0, 0)\" class=\"has-inline-color has-vivid-cyan-blue-color\">participativo<\/mark><\/strong>, como bem disp\u00f5e as suas diretrizes vistas acima.<\/p>\n\n\n\n<p>Esse sistema \u00e9 denominado de <strong><mark style=\"background-color:rgba(0, 0, 0, 0)\" class=\"has-inline-color has-vivid-cyan-blue-color\">Sistema \u00danico de Assist\u00eancia Social (Suas)<\/mark><\/strong>, possuindo os objetivos de consolidar a gest\u00e3o compartilhada; integrar a rede p\u00fablica e privada de servi\u00e7os de assist\u00eancia social; definir os n\u00edveis de gest\u00e3o; entre outros.<\/p>\n\n\n\n<p>As <strong>a\u00e7\u00f5es <\/strong>ofertadas no \u00e2mbito do Suas t\u00eam por objetivo a <strong>prote\u00e7\u00e3o \u00e0 fam\u00edlia<\/strong>, \u00e0 <strong>maternidade<\/strong>, \u00e0 <strong>inf\u00e2ncia<\/strong>, \u00e0 <strong>adolesc\u00eancia<\/strong> e \u00e0 <strong>velhice <\/strong>e, como <strong>base de organiza\u00e7\u00e3o<\/strong>, o <strong>territ\u00f3rio<\/strong>.<\/p>\n\n\n\n<p><strong><mark style=\"background-color:rgba(0, 0, 0, 0)\" class=\"has-inline-color has-vivid-red-color\">A SABER:<\/mark><\/strong> A inst\u00e2ncia <strong>coordenadora <\/strong>da Pol\u00edtica Nacional de Assist\u00eancia Social \u00e9 o <strong><mark style=\"background-color:rgba(0, 0, 0, 0)\" class=\"has-inline-color has-vivid-cyan-blue-color\">Minist\u00e9rio do Desenvolvimento Social e Combate \u00e0 Fome<\/mark><\/strong>.&nbsp;&nbsp;&nbsp;&nbsp;&nbsp;&nbsp;&nbsp;&nbsp;&nbsp;<\/p>\n\n\n\n<h3 class=\"wp-block-heading\" id=\"h-tipos-de-protecao-social\"><mark style=\"background-color:rgba(0, 0, 0, 0)\" class=\"has-inline-color has-vivid-purple-color\">Tipos de prote\u00e7\u00e3o social<\/mark><\/h3>\n\n\n\n<p>A <strong>assist\u00eancia social<\/strong> \u00e9 organizada de acordo com dois tipos de <strong>prote\u00e7\u00e3o social<\/strong>, sendo elas a:<\/p>\n\n\n\n<ul class=\"wp-block-list\"><li><strong><mark style=\"background-color:rgba(0, 0, 0, 0)\" class=\"has-inline-color has-vivid-cyan-blue-color\">prote\u00e7\u00e3o social b\u00e1sica<\/mark><\/strong>: conjunto de servi\u00e7os, programas, projetos e benef\u00edcios da assist\u00eancia social que visa a <strong>prevenir situa\u00e7\u00f5es de vulnerabilidade e risco social <\/strong>por meio do desenvolvimento de potencialidades e aquisi\u00e7\u00f5es e do fortalecimento de v\u00ednculos familiares e comunit\u00e1rios. Ela \u00e9 ofertada, principalmente, no <strong>Centro de Refer\u00eancia de Assist\u00eancia Social (<mark style=\"background-color:rgba(0, 0, 0, 0)\" class=\"has-inline-color has-vivid-cyan-blue-color\">Cras<\/mark>)<\/strong>. &nbsp;&nbsp;&nbsp;&nbsp;&nbsp;&nbsp;<\/li><li><strong><mark style=\"background-color:rgba(0, 0, 0, 0)\" class=\"has-inline-color has-vivid-cyan-blue-color\">prote\u00e7\u00e3o social especial<\/mark><\/strong>: conjunto de servi\u00e7os, programas e projetos que tem por objetivo contribuir para a <strong>reconstru\u00e7\u00e3o de v\u00ednculos familiares e comunit\u00e1rios,<\/strong> a defesa de direito, o fortalecimento das potencialidades e aquisi\u00e7\u00f5es e a prote\u00e7\u00e3o de fam\u00edlias e indiv\u00edduos para o enfrentamento das situa\u00e7\u00f5es de viola\u00e7\u00e3o de direitos. Ela \u00e9 ofertada, principalmente, no <strong>Centro de Refer\u00eancia Especializado de Assist\u00eancia Social (<mark style=\"background-color:rgba(0, 0, 0, 0)\" class=\"has-inline-color has-vivid-cyan-blue-color\">Creas<\/mark>).&nbsp;<\/strong>&nbsp;&nbsp;&nbsp;&nbsp;&nbsp;&nbsp;&nbsp;&nbsp;&nbsp;&nbsp;&nbsp;&nbsp;&nbsp;&nbsp;&nbsp;&nbsp;&nbsp;&nbsp;&nbsp;&nbsp;&nbsp;<\/li><\/ul>\n\n\n\n<p><mark style=\"background-color:rgba(0, 0, 0, 0)\" class=\"has-inline-color has-black-color\">Al\u00e9m disso,<\/mark><mark style=\"background-color:rgba(0, 0, 0, 0)\" class=\"has-inline-color has-vivid-red-color\"> <\/mark>o <strong>instrumento <\/strong>das prote\u00e7\u00f5es da assist\u00eancia social que<strong> identifica e previne as situa\u00e7\u00f5es de risco e vulnerabilidade social<\/strong> \u00e9 a<mark style=\"background-color:rgba(0, 0, 0, 0)\" class=\"has-inline-color has-vivid-cyan-blue-color\"> <strong>vigil\u00e2ncia socioassistencial<\/strong><\/mark><strong>.<\/strong><\/p>\n\n\n\n<p><strong><mark style=\"background-color:rgba(0, 0, 0, 0)\" class=\"has-inline-color has-vivid-red-color\">IMPORTANTE:<\/mark> <\/strong>Vale ressaltar que o <strong><mark style=\"background-color:rgba(0, 0, 0, 0)\" class=\"has-inline-color has-vivid-cyan-blue-color\">Cras<\/mark> <\/strong>\u00e9 unidade p\u00fablica <strong>municipal<\/strong>, de base territorial, enquanto que o <strong><mark style=\"background-color:rgba(0, 0, 0, 0)\" class=\"has-inline-color has-vivid-cyan-blue-color\">Creas <\/mark><\/strong>\u00e9 unidade p\u00fablica de abrang\u00eancia e gest\u00e3o <strong>municipal<\/strong>, <strong>estadual<\/strong> ou <strong>regional<\/strong>.&nbsp;&nbsp;&nbsp;<\/p>\n\n\n\n<h3 class=\"wp-block-heading\" id=\"cadunico\"><mark style=\"background-color:rgba(0, 0, 0, 0)\" class=\"has-inline-color has-vivid-purple-color\">Cad\u00fanico<\/mark><\/h3>\n\n\n\n<p>A Lei Org\u00e2nica da Assist\u00eancia Social tamb\u00e9m trouxe a institui\u00e7\u00e3o do<strong><mark style=\"background-color:rgba(0, 0, 0, 0)\" class=\"has-inline-color has-vivid-cyan-blue-color\"> Cadastro \u00danico para Programas Sociais do Governo Federal (Cad\u00danico)<\/mark><\/strong>, sendo ele um <strong>registro p\u00fablico eletr\u00f4nico <\/strong>com a finalidade de coletar, processar, sistematizar e disseminar informa\u00e7\u00f5es georreferenciadas para a identifica\u00e7\u00e3o e a caracteriza\u00e7\u00e3o socioecon\u00f4mica das <strong>fam\u00edlias de baixa renda<\/strong>.&nbsp;&nbsp;&nbsp;&nbsp;&nbsp;&nbsp;&nbsp;&nbsp;<\/p>\n\n\n\n<p><strong><mark style=\"background-color:rgba(0, 0, 0, 0)\" class=\"has-inline-color has-vivid-red-color\">FIQUE ATENTO: <\/mark><\/strong>Atualmente, a inscri\u00e7\u00e3o no <strong>Cad\u00danico <\/strong>\u00e9 <strong><mark style=\"background-color:rgba(0, 0, 0, 0)\" class=\"has-inline-color has-vivid-cyan-blue-color\">obrigat\u00f3ria <\/mark><\/strong>para acesso a <strong>programas sociais do Governo Federal.&nbsp;<\/strong><\/p>\n\n\n\n<h3 class=\"wp-block-heading\" id=\"h-conselhos-de-assistencia-social\"><mark style=\"background-color:rgba(0, 0, 0, 0)\" class=\"has-inline-color has-vivid-purple-color\">Conselhos de Assist\u00eancia Social<\/mark><\/h3>\n\n\n\n<p>As a\u00e7\u00f5es das<strong> tr\u00eas esferas<\/strong> de governo na \u00e1rea de assist\u00eancia social realizam-se de forma <strong>articulada<\/strong>.<\/p>\n\n\n\n<p>As<strong><mark style=\"background-color:rgba(0, 0, 0, 0)\" class=\"has-inline-color has-vivid-cyan-blue-color\"> inst\u00e2ncias deliberativas do Suas<\/mark><\/strong><mark style=\"background-color:rgba(0, 0, 0, 0)\" class=\"has-inline-color has-black-color\">,<\/mark> que s\u00e3o de car\u00e1ter permanente e possuem<strong> composi\u00e7\u00e3o parit\u00e1ria<\/strong> entre governo e sociedade civil, s\u00e3o<\/p>\n\n\n\n<ul class=\"wp-block-list\"><li>o Conselho <strong>Nacional <\/strong>de Assist\u00eancia Social;<\/li><li>os Conselhos <strong>Estaduais <\/strong>de Assist\u00eancia Social;<\/li><li>o Conselho de Assist\u00eancia Social do <strong>Distrito Federal<\/strong>;<\/li><li>os Conselhos <strong>Municipais <\/strong>de Assist\u00eancia Social.<\/li><\/ul>\n\n\n\n<p>Os <strong><mark style=\"background-color:rgba(0, 0, 0, 0)\" class=\"has-inline-color has-vivid-cyan-blue-color\">Conselhos de Assist\u00eancia Social <\/mark><\/strong>est\u00e3o vinculados ao \u00f3rg\u00e3o gestor de assist\u00eancia social, e s\u00e3o respons\u00e1veis por prover a infraestrutura necess\u00e1ria ao seu funcionamento, garantindo recursos materiais, humanos e financeiros, inclusive com despesas referentes a passagens e di\u00e1rias de conselheiros representantes do governo ou da sociedade civil, quando estiverem no exerc\u00edcio de suas atribui\u00e7\u00f5es.<\/p>\n\n\n\n<p>Em rela\u00e7\u00e3o ao <mark style=\"background-color:rgba(0, 0, 0, 0)\" class=\"has-inline-color has-vivid-cyan-blue-color\"><strong>Conselho Nacional de Assist\u00eancia Social (CNAS)<\/strong>,<\/mark> ele \u00e9 o \u00f3rg\u00e3o respons\u00e1vel pela <strong>coordena\u00e7\u00e3o <\/strong>da <strong>Pol\u00edtica Nacional de Assist\u00eancia Social<\/strong>.<\/p>\n\n\n\n<p>Trata-se de um <strong>\u00f3rg\u00e3o superior<\/strong> de delibera\u00e7\u00e3o colegiada, vinculado \u00e0 estrutura do \u00f3rg\u00e3o da<strong> Administra\u00e7\u00e3o P\u00fablica Federal<\/strong>, cujos<strong> 18 membros<\/strong>, nomeados pelo Presidente da Rep\u00fablica, t\u00eam <strong>mandato de 2 anos<\/strong>, permitida uma \u00fanica recondu\u00e7\u00e3o por igual per\u00edodo.<\/p>\n\n\n\n<p>J\u00e1 os <strong>demais Conselhos<\/strong> ser\u00e3o institu\u00eddos, respectivamente, pelos Estados, pelo Distrito Federal e pelos Munic\u00edpios, mediante lei espec\u00edfica.<\/p>\n\n\n\n<p>Eles possuem compet\u00eancia para <strong>acompanhar a execu\u00e7\u00e3o <\/strong>da pol\u00edtica de assist\u00eancia social, bem como para apreciar e aprovar a <strong>proposta or\u00e7ament\u00e1ria<\/strong>, em conson\u00e2ncia com as diretrizes das confer\u00eancias nacionais, estaduais, distrital e municipais, de acordo com seu \u00e2mbito de atua\u00e7\u00e3o.&nbsp;&nbsp;&nbsp;&nbsp;&nbsp;&nbsp;&nbsp;&nbsp;&nbsp;&nbsp;&nbsp;<\/p>\n\n\n\n<h2 class=\"wp-block-heading\" id=\"h-beneficio-de-prestacao-continuada-bpc\"><mark style=\"background-color:rgba(0, 0, 0, 0)\" class=\"has-inline-color has-vivid-cyan-blue-color\">Benef\u00edcio de Presta\u00e7\u00e3o Continuada (BPC)<\/mark><\/h2>\n\n\n\n<p>Um dos mais importantes benef\u00edcios de Assist\u00eancia Social \u00e9 o <strong>Benef\u00edcio de Presta\u00e7\u00e3o Continuada (BPC)<\/strong>, o qual garante <strong><mark style=\"background-color:rgba(0, 0, 0, 0)\" class=\"has-inline-color has-vivid-cyan-blue-color\">um sal\u00e1rio-m\u00ednimo mensal <\/mark><\/strong>\u00e0 pessoa com <strong>defici\u00eancia <\/strong>e ao <strong>idoso<\/strong> com <strong>65 anos ou mais<\/strong>, que comprovem <strong>n\u00e3o possuir meios<\/strong> de prover a pr\u00f3pria manuten\u00e7\u00e3o nem de t\u00ea-la provida por sua fam\u00edlia.&nbsp;&nbsp;&nbsp;<\/p>\n\n\n\n<p>Os eleg\u00edveis para receber o BPC devem ter <strong>renda familiar mensal&nbsp;<\/strong>per capita<strong><mark style=\"background-color:rgba(0, 0, 0, 0)\" class=\"has-inline-color has-vivid-cyan-blue-color\">&nbsp;igual ou inferior a 1\/4 <\/mark><\/strong>do <strong>sal\u00e1rio-m\u00ednimo.<\/strong> Al\u00e9m disso, o BPC<strong> n\u00e3o pode ser acumulado<\/strong> pelo benefici\u00e1rio com qualquer outro no \u00e2mbito da seguridade social ou de outro regime, <strong>salvo <\/strong>os da<strong> assist\u00eancia m\u00e9dica<\/strong> e da <strong>pens\u00e3o <\/strong>especial de natureza indenizat\u00f3ria.&nbsp;&nbsp;&nbsp;&nbsp;&nbsp;&nbsp;&nbsp;&nbsp;&nbsp;&nbsp;&nbsp;<\/p>\n\n\n\n<p><strong><mark style=\"background-color:rgba(0, 0, 0, 0)\" class=\"has-inline-color has-vivid-red-color\">PRAZO:&nbsp;<\/mark><\/strong>O benef\u00edcio de presta\u00e7\u00e3o continuada deve ser <strong>revisto <\/strong>a <strong><mark style=\"background-color:rgba(0, 0, 0, 0)\" class=\"has-inline-color has-vivid-cyan-blue-color\">cada 2 anos<\/mark><mark style=\"background-color:rgba(0, 0, 0, 0)\" class=\"has-inline-color has-black-color\">,<\/mark><mark style=\"background-color:rgba(0, 0, 0, 0)\" class=\"has-inline-color has-vivid-cyan-blue-color\"> <\/mark><\/strong>para avalia\u00e7\u00e3o da continuidade das condi\u00e7\u00f5es que lhe deram origem.<\/p>\n\n\n\n<p>Importante salientar ainda que a <strong>cessa\u00e7\u00e3o <\/strong>do BPC concedido \u00e0 pessoa com defici\u00eancia <strong>n\u00e3o impede nova concess\u00e3o <\/strong>do benef\u00edcio, desde que atendidos os requisitos definidos em regulamento.<\/p>\n\n\n\n<p>Por fim, o benef\u00edcio de presta\u00e7\u00e3o continuada ser\u00e1 <strong>suspenso<\/strong> pelo \u00f3rg\u00e3o concedente quando a pessoa com defici\u00eancia exercer <strong>atividade remunerada<\/strong>, <strong>inclusive<\/strong> na condi\u00e7\u00e3o de microempreendedor individual (<strong>MEI<\/strong>).<\/p>\n\n\n\n<p>Contudo, vale ressaltar que a contrata\u00e7\u00e3o de pessoa com defici\u00eancia como <strong>aprendiz<\/strong> n\u00e3o acarreta a suspens\u00e3o do benef\u00edcio de presta\u00e7\u00e3o continuada, <strong>limitado <\/strong>a<strong> 2 anos<\/strong> o <strong>recebimento concomitante <\/strong>da remunera\u00e7\u00e3o e do benef\u00edcio.&nbsp;&nbsp;&nbsp;&nbsp;&nbsp;<\/p>\n\n\n\n<h2 class=\"wp-block-heading\" id=\"h-finalizando\"><mark style=\"background-color:rgba(0, 0, 0, 0)\" class=\"has-inline-color has-vivid-cyan-blue-color\">Finalizando<\/mark><\/h2>\n\n\n\n<p>Bom, Pessoal! Chegamos ao final do resumo da Lei Org\u00e2nica da Assist\u00eancia Social, na Lei 8.742\/1993, para o MP-SC.<\/p>\n\n\n\n<p>Contudo, ressaltamos a import\u00e2ncia da<strong>&nbsp;leitura da lei&nbsp;<\/strong>citada aqui, para a sua aprova\u00e7\u00e3o. Esse artigo \u00e9 apenas uma an\u00e1lise mais simplificada dessa norma.<\/p>\n\n\n\n<p>Caso queira se preparar para chegar&nbsp;<strong>competitivo&nbsp;<\/strong>nesta prova, invista nos&nbsp;<a href=\"https:\/\/www.estrategiaconcursos.com.br\/cursosPorConcurso\/ministerio-publico-de-santa-catarina-mp-sc-servidores\/\" target=\"_blank\" rel=\"noreferrer noopener\"><strong>cursos para o MP-SC<\/strong><\/a>&nbsp;do&nbsp;<strong>Estrat\u00e9gia Concursos<\/strong>.&nbsp;L\u00e1 voc\u00ea encontrar\u00e1&nbsp;<strong>aulas completas e detalhadas, com os melhores professores do mercado<\/strong>,&nbsp;de todos os t\u00f3picos exigidos no edital deste concurso.<\/p>\n\n\n\n<p>Conhe\u00e7a tamb\u00e9m o&nbsp;<a href=\"https:\/\/questoes.estrategiaconcursos.com.br\/\" target=\"_blank\" rel=\"noreferrer noopener\"><strong>Sistema de Quest\u00f5es do Estrat\u00e9gia<\/strong><\/a>. Afinal, a \u00fanica maneira de&nbsp;<strong>consolidar o conte\u00fado&nbsp;<\/strong>de maneira satisfat\u00f3ria \u00e9 atrav\u00e9s da&nbsp;<strong>resolu\u00e7\u00e3o de quest\u00f5es.<\/strong><\/p>\n\n\n\n<p>Bons estudos a todos e at\u00e9 a pr\u00f3xima!<\/p>\n\n\n\n<h2 class=\"has-text-align-center wp-block-heading\" id=\"h-cursos-e-assinaturas\">Cursos e Assinaturas <\/h2>\n\n\n\n<p>Prepare-se com o melhor material e com quem mais aprova em Concursos P\u00fablicos em todo o pa\u00eds!<\/p>\n\n\n\n<p class=\"has-text-align-center has-vivid-cyan-blue-color has-text-color has-background\" style=\"background-color:#0078bd\"><a href=\"https:\/\/www.estrategiaconcursos.com.br\/blog\/concursos-abertos\/\" target=\"_blank\" rel=\"noreferrer noopener\"><strong><span class=\"has-inline-color has-white-color\">Concursos abertos<\/span><\/strong><\/a><\/p>\n\n\n\n<p class=\"has-text-align-center has-vivid-cyan-blue-color has-text-color has-background\" style=\"background-color:#0072b4\"><strong><a href=\"https:\/\/www.estrategiaconcursos.com.br\/blog\/concursos-2022\/\" target=\"_blank\" rel=\"noreferrer noopener\"><span class=\"has-inline-color has-white-color\">Concursos 2022<\/span><\/a><\/strong><\/p>\n\n\n\n<div class=\"container\" id=\"boxes\">\n  <div class=\"row\">\n    <div class=\"col-sm\">\n      <div class=\"estrategia\" id=\"box-assinatura\">\n        <h3 class=\"titulo-assinatura\">Assinatura de Concursos<\/h3>\n        <p class=\"subtitulo-assinatura\">Assinatura de 1 ano ou 2 anos<\/p>\n        <div class=\"box-botao\">\n          <a class=\"btn-assinatura\" target=\"_blank\" href=\"https:\/\/www.estrategiaconcursos.com.br\/assinaturas\/\" role=\"button\" rel=\"noopener noreferrer\">ASSINE AGORA<\/a>\n        <\/div>\n      <\/div>\n      \n    <\/div><\/div><\/div>\n","protected":false},"excerpt":{"rendered":"<p>Veja aqui um resumo da Lei Org\u00e2nica da Assist\u00eancia Social, na Lei 8.742\/1993, para o concurso Minist\u00e9rio P\u00fablico de Santa Catarina (MP-SC). Ol\u00e1, pessoal! Tudo joia? O edital do concurso do&nbsp;Minist\u00e9rio P\u00fablico de Santa Catarina&nbsp;(MP-SC) foi publicado. S\u00e3o&nbsp;50 vagas&nbsp;de&nbsp;Auxiliar&nbsp;e&nbsp;Analista,&nbsp;mais cadastro de reserva, com remunera\u00e7\u00e3o inicial de&nbsp;R$ 6.233,73&nbsp;e&nbsp;R$ 8.040,06, respectivamente. Dessa maneira, no artigo de hoje, [&hellip;]<\/p>\n","protected":false},"author":1976,"featured_media":1020272,"comment_status":"open","ping_status":"closed","sticky":false,"template":"","format":"standard","meta":{"post_tipo":"article","footnotes":""},"categories":[1,2185],"tags":[],"tax_estado":[219987],"class_list":["post-1020263","post","type-post","status-publish","format-standard","has-post-thumbnail","hentry","category-cursos-e-concursos","category-carreiras-juridicas","tax_estado-sc"],"acf":[],"yoast_head":"<!-- This site is optimized with the Yoast SEO Premium plugin v27.2 (Yoast SEO v27.2) - https:\/\/yoast.com\/product\/yoast-seo-premium-wordpress\/ -->\n<title>Resumo da Lei Org\u00e2nica da Assist\u00eancia Social para o MP-SC<\/title>\n<meta name=\"description\" content=\"Veja aqui um resumo da Lei Org\u00e2nica da Assist\u00eancia Social, na Lei 8.742\/1993, para o concurso Minist\u00e9rio P\u00fablico de Santa Catarina (MP-SC).\" \/>\n<meta name=\"robots\" content=\"index, follow, max-snippet:-1, max-image-preview:large, max-video-preview:-1\" \/>\n<link rel=\"canonical\" href=\"https:\/\/www.estrategiaconcursos.com.br\/blog\/lei-organica-assistencia-social\/\" \/>\n<meta property=\"og:locale\" content=\"pt_BR\" \/>\n<meta property=\"og:type\" content=\"article\" \/>\n<meta property=\"og:title\" content=\"Resumo da Lei Org\u00e2nica da Assist\u00eancia Social para o MP-SC\" \/>\n<meta property=\"og:description\" content=\"Veja aqui um resumo da Lei Org\u00e2nica da Assist\u00eancia Social, na Lei 8.742\/1993, para o concurso Minist\u00e9rio P\u00fablico de Santa Catarina (MP-SC).\" \/>\n<meta property=\"og:url\" content=\"https:\/\/www.estrategiaconcursos.com.br\/blog\/lei-organica-assistencia-social\/\" \/>\n<meta property=\"og:site_name\" content=\"Estrat\u00e9gia Concursos\" \/>\n<meta property=\"article:published_time\" content=\"2022-05-21T18:46:00+00:00\" \/>\n<meta property=\"og:image\" content=\"https:\/\/dhg1h5j42swfq.cloudfront.net\/2022\/05\/03150429\/image-36.png\" \/>\n\t<meta property=\"og:image:width\" content=\"253\" \/>\n\t<meta property=\"og:image:height\" content=\"262\" \/>\n\t<meta property=\"og:image:type\" content=\"image\/png\" \/>\n<meta name=\"author\" content=\"Kassio Henrique Sobral Rocha\" \/>\n<meta name=\"twitter:card\" content=\"summary_large_image\" \/>\n<meta name=\"twitter:creator\" content=\"@EstratConcursos\" \/>\n<meta name=\"twitter:site\" content=\"@EstratConcursos\" \/>\n<meta name=\"twitter:label1\" content=\"Escrito por\" \/>\n\t<meta name=\"twitter:data1\" content=\"Kassio Henrique Sobral Rocha\" \/>\n\t<meta name=\"twitter:label2\" content=\"Est. tempo de leitura\" \/>\n\t<meta name=\"twitter:data2\" content=\"10 minutos\" \/>\n<script type=\"application\/ld+json\" class=\"yoast-schema-graph\">{\"@context\":\"https:\/\/schema.org\",\"@graph\":[{\"@type\":\"NewsArticle\",\"@id\":\"https:\/\/www.estrategiaconcursos.com.br\/blog\/lei-organica-assistencia-social\/#article\",\"isPartOf\":{\"@id\":\"https:\/\/www.estrategiaconcursos.com.br\/blog\/lei-organica-assistencia-social\/\"},\"author\":{\"name\":\"Kassio Henrique Sobral Rocha\",\"@id\":\"https:\/\/www.estrategiaconcursos.com.br\/blog\/#\/schema\/person\/f0c830e07cfe11c231c0ea5dbb036df5\"},\"headline\":\"Resumo da Lei Org\u00e2nica da Assist\u00eancia Social para o MP-SC\",\"datePublished\":\"2022-05-21T18:46:00+00:00\",\"mainEntityOfPage\":{\"@id\":\"https:\/\/www.estrategiaconcursos.com.br\/blog\/lei-organica-assistencia-social\/\"},\"wordCount\":2185,\"commentCount\":0,\"publisher\":{\"@id\":\"https:\/\/www.estrategiaconcursos.com.br\/blog\/#organization\"},\"image\":{\"@id\":\"https:\/\/www.estrategiaconcursos.com.br\/blog\/lei-organica-assistencia-social\/#primaryimage\"},\"thumbnailUrl\":\"https:\/\/dhg1h5j42swfq.cloudfront.net\/2022\/05\/03150429\/image-36.png\",\"articleSection\":[\"Concursos P\u00fablicos\",\"Jur\u00eddico\"],\"inLanguage\":\"pt-BR\",\"potentialAction\":[{\"@type\":\"CommentAction\",\"name\":\"Comment\",\"target\":[\"https:\/\/www.estrategiaconcursos.com.br\/blog\/lei-organica-assistencia-social\/#respond\"]}],\"copyrightYear\":\"2022\",\"copyrightHolder\":{\"@id\":\"https:\/\/www.estrategiaconcursos.com.br\/blog\/#organization\"}},{\"@type\":\"WebPage\",\"@id\":\"https:\/\/www.estrategiaconcursos.com.br\/blog\/lei-organica-assistencia-social\/\",\"url\":\"https:\/\/www.estrategiaconcursos.com.br\/blog\/lei-organica-assistencia-social\/\",\"name\":\"Resumo da Lei Org\u00e2nica da Assist\u00eancia Social para o MP-SC\",\"isPartOf\":{\"@id\":\"https:\/\/www.estrategiaconcursos.com.br\/blog\/#website\"},\"primaryImageOfPage\":{\"@id\":\"https:\/\/www.estrategiaconcursos.com.br\/blog\/lei-organica-assistencia-social\/#primaryimage\"},\"image\":{\"@id\":\"https:\/\/www.estrategiaconcursos.com.br\/blog\/lei-organica-assistencia-social\/#primaryimage\"},\"thumbnailUrl\":\"https:\/\/dhg1h5j42swfq.cloudfront.net\/2022\/05\/03150429\/image-36.png\",\"datePublished\":\"2022-05-21T18:46:00+00:00\",\"description\":\"Veja aqui um resumo da Lei Org\u00e2nica da Assist\u00eancia Social, na Lei 8.742\/1993, para o concurso Minist\u00e9rio P\u00fablico de Santa Catarina (MP-SC).\",\"breadcrumb\":{\"@id\":\"https:\/\/www.estrategiaconcursos.com.br\/blog\/lei-organica-assistencia-social\/#breadcrumb\"},\"inLanguage\":\"pt-BR\",\"potentialAction\":[{\"@type\":\"ReadAction\",\"target\":[\"https:\/\/www.estrategiaconcursos.com.br\/blog\/lei-organica-assistencia-social\/\"]}]},{\"@type\":\"ImageObject\",\"inLanguage\":\"pt-BR\",\"@id\":\"https:\/\/www.estrategiaconcursos.com.br\/blog\/lei-organica-assistencia-social\/#primaryimage\",\"url\":\"https:\/\/dhg1h5j42swfq.cloudfront.net\/2022\/05\/03150429\/image-36.png\",\"contentUrl\":\"https:\/\/dhg1h5j42swfq.cloudfront.net\/2022\/05\/03150429\/image-36.png\",\"width\":253,\"height\":262,\"caption\":\"Resumo da Lei Org\u00e2nica da Assist\u00eancia Social para o MP-SC\"},{\"@type\":\"BreadcrumbList\",\"@id\":\"https:\/\/www.estrategiaconcursos.com.br\/blog\/lei-organica-assistencia-social\/#breadcrumb\",\"itemListElement\":[{\"@type\":\"ListItem\",\"position\":1,\"name\":\"In\u00edcio\",\"item\":\"https:\/\/www.estrategiaconcursos.com.br\/blog\/\"},{\"@type\":\"ListItem\",\"position\":2,\"name\":\"Resumo da Lei Org\u00e2nica da Assist\u00eancia Social para o MP-SC\"}]},{\"@type\":\"WebSite\",\"@id\":\"https:\/\/www.estrategiaconcursos.com.br\/blog\/#website\",\"url\":\"https:\/\/www.estrategiaconcursos.com.br\/blog\/\",\"name\":\"Estrat\u00e9gia Concursos\",\"description\":\"O blog da Estrat\u00e9gia Concursos traz not\u00edcias sobre concursos e artigos de professores oferecendo cursos para concursos (pdf + videaulas) no site.\",\"publisher\":{\"@id\":\"https:\/\/www.estrategiaconcursos.com.br\/blog\/#organization\"},\"potentialAction\":[{\"@type\":\"SearchAction\",\"target\":{\"@type\":\"EntryPoint\",\"urlTemplate\":\"https:\/\/www.estrategiaconcursos.com.br\/blog\/?s={search_term_string}\"},\"query-input\":{\"@type\":\"PropertyValueSpecification\",\"valueRequired\":true,\"valueName\":\"search_term_string\"}}],\"inLanguage\":\"pt-BR\"},{\"@type\":\"Organization\",\"@id\":\"https:\/\/www.estrategiaconcursos.com.br\/blog\/#organization\",\"name\":\"Estrat\u00e9gia Concursos\",\"url\":\"https:\/\/www.estrategiaconcursos.com.br\/blog\/\",\"logo\":{\"@type\":\"ImageObject\",\"inLanguage\":\"pt-BR\",\"@id\":\"https:\/\/www.estrategiaconcursos.com.br\/blog\/#\/schema\/logo\/image\/\",\"url\":\"https:\/\/dhg1h5j42swfq.cloudfront.net\/2025\/06\/03203428\/logo_concursos-1.jpg\",\"contentUrl\":\"https:\/\/dhg1h5j42swfq.cloudfront.net\/2025\/06\/03203428\/logo_concursos-1.jpg\",\"width\":230,\"height\":60,\"caption\":\"Estrat\u00e9gia Concursos\"},\"image\":{\"@id\":\"https:\/\/www.estrategiaconcursos.com.br\/blog\/#\/schema\/logo\/image\/\"},\"sameAs\":[\"https:\/\/x.com\/EstratConcursos\"]},{\"@type\":\"Person\",\"@id\":\"https:\/\/www.estrategiaconcursos.com.br\/blog\/#\/schema\/person\/f0c830e07cfe11c231c0ea5dbb036df5\",\"name\":\"Kassio Henrique Sobral Rocha\",\"image\":{\"@type\":\"ImageObject\",\"inLanguage\":\"pt-BR\",\"@id\":\"https:\/\/secure.gravatar.com\/avatar\/d10350cbdad043facd8ec77a377f86f9026afee3348e463b04854fd4490ce759?s=96&d=mm&r=g\",\"url\":\"https:\/\/secure.gravatar.com\/avatar\/d10350cbdad043facd8ec77a377f86f9026afee3348e463b04854fd4490ce759?s=96&d=mm&r=g\",\"contentUrl\":\"https:\/\/secure.gravatar.com\/avatar\/d10350cbdad043facd8ec77a377f86f9026afee3348e463b04854fd4490ce759?s=96&d=mm&r=g\",\"caption\":\"Kassio Henrique Sobral Rocha\"},\"url\":\"https:\/\/www.estrategiaconcursos.com.br\/blog\/author\/kassio-rochayahoo-com-br\/\"}]}<\/script>\n<!-- \/ Yoast SEO Premium plugin. -->","yoast_head_json":{"title":"Resumo da Lei Org\u00e2nica da Assist\u00eancia Social para o MP-SC","description":"Veja aqui um resumo da Lei Org\u00e2nica da Assist\u00eancia Social, na Lei 8.742\/1993, para o concurso Minist\u00e9rio P\u00fablico de Santa Catarina (MP-SC).","robots":{"index":"index","follow":"follow","max-snippet":"max-snippet:-1","max-image-preview":"max-image-preview:large","max-video-preview":"max-video-preview:-1"},"canonical":"https:\/\/www.estrategiaconcursos.com.br\/blog\/lei-organica-assistencia-social\/","og_locale":"pt_BR","og_type":"article","og_title":"Resumo da Lei Org\u00e2nica da Assist\u00eancia Social para o MP-SC","og_description":"Veja aqui um resumo da Lei Org\u00e2nica da Assist\u00eancia Social, na Lei 8.742\/1993, para o concurso Minist\u00e9rio P\u00fablico de Santa Catarina (MP-SC).","og_url":"https:\/\/www.estrategiaconcursos.com.br\/blog\/lei-organica-assistencia-social\/","og_site_name":"Estrat\u00e9gia Concursos","article_published_time":"2022-05-21T18:46:00+00:00","og_image":[{"width":253,"height":262,"url":"https:\/\/dhg1h5j42swfq.cloudfront.net\/2022\/05\/03150429\/image-36.png","type":"image\/png"}],"author":"Kassio Henrique Sobral Rocha","twitter_card":"summary_large_image","twitter_creator":"@EstratConcursos","twitter_site":"@EstratConcursos","twitter_misc":{"Escrito por":"Kassio Henrique Sobral Rocha","Est. tempo de leitura":"10 minutos"},"schema":{"@context":"https:\/\/schema.org","@graph":[{"@type":"NewsArticle","@id":"https:\/\/www.estrategiaconcursos.com.br\/blog\/lei-organica-assistencia-social\/#article","isPartOf":{"@id":"https:\/\/www.estrategiaconcursos.com.br\/blog\/lei-organica-assistencia-social\/"},"author":{"name":"Kassio Henrique Sobral Rocha","@id":"https:\/\/www.estrategiaconcursos.com.br\/blog\/#\/schema\/person\/f0c830e07cfe11c231c0ea5dbb036df5"},"headline":"Resumo da Lei Org\u00e2nica da Assist\u00eancia Social para o MP-SC","datePublished":"2022-05-21T18:46:00+00:00","mainEntityOfPage":{"@id":"https:\/\/www.estrategiaconcursos.com.br\/blog\/lei-organica-assistencia-social\/"},"wordCount":2185,"commentCount":0,"publisher":{"@id":"https:\/\/www.estrategiaconcursos.com.br\/blog\/#organization"},"image":{"@id":"https:\/\/www.estrategiaconcursos.com.br\/blog\/lei-organica-assistencia-social\/#primaryimage"},"thumbnailUrl":"https:\/\/dhg1h5j42swfq.cloudfront.net\/2022\/05\/03150429\/image-36.png","articleSection":["Concursos P\u00fablicos","Jur\u00eddico"],"inLanguage":"pt-BR","potentialAction":[{"@type":"CommentAction","name":"Comment","target":["https:\/\/www.estrategiaconcursos.com.br\/blog\/lei-organica-assistencia-social\/#respond"]}],"copyrightYear":"2022","copyrightHolder":{"@id":"https:\/\/www.estrategiaconcursos.com.br\/blog\/#organization"}},{"@type":"WebPage","@id":"https:\/\/www.estrategiaconcursos.com.br\/blog\/lei-organica-assistencia-social\/","url":"https:\/\/www.estrategiaconcursos.com.br\/blog\/lei-organica-assistencia-social\/","name":"Resumo da Lei Org\u00e2nica da Assist\u00eancia Social para o MP-SC","isPartOf":{"@id":"https:\/\/www.estrategiaconcursos.com.br\/blog\/#website"},"primaryImageOfPage":{"@id":"https:\/\/www.estrategiaconcursos.com.br\/blog\/lei-organica-assistencia-social\/#primaryimage"},"image":{"@id":"https:\/\/www.estrategiaconcursos.com.br\/blog\/lei-organica-assistencia-social\/#primaryimage"},"thumbnailUrl":"https:\/\/dhg1h5j42swfq.cloudfront.net\/2022\/05\/03150429\/image-36.png","datePublished":"2022-05-21T18:46:00+00:00","description":"Veja aqui um resumo da Lei Org\u00e2nica da Assist\u00eancia Social, na Lei 8.742\/1993, para o concurso Minist\u00e9rio P\u00fablico de Santa Catarina (MP-SC).","breadcrumb":{"@id":"https:\/\/www.estrategiaconcursos.com.br\/blog\/lei-organica-assistencia-social\/#breadcrumb"},"inLanguage":"pt-BR","potentialAction":[{"@type":"ReadAction","target":["https:\/\/www.estrategiaconcursos.com.br\/blog\/lei-organica-assistencia-social\/"]}]},{"@type":"ImageObject","inLanguage":"pt-BR","@id":"https:\/\/www.estrategiaconcursos.com.br\/blog\/lei-organica-assistencia-social\/#primaryimage","url":"https:\/\/dhg1h5j42swfq.cloudfront.net\/2022\/05\/03150429\/image-36.png","contentUrl":"https:\/\/dhg1h5j42swfq.cloudfront.net\/2022\/05\/03150429\/image-36.png","width":253,"height":262,"caption":"Resumo da Lei Org\u00e2nica da Assist\u00eancia Social para o MP-SC"},{"@type":"BreadcrumbList","@id":"https:\/\/www.estrategiaconcursos.com.br\/blog\/lei-organica-assistencia-social\/#breadcrumb","itemListElement":[{"@type":"ListItem","position":1,"name":"In\u00edcio","item":"https:\/\/www.estrategiaconcursos.com.br\/blog\/"},{"@type":"ListItem","position":2,"name":"Resumo da Lei Org\u00e2nica da Assist\u00eancia Social para o MP-SC"}]},{"@type":"WebSite","@id":"https:\/\/www.estrategiaconcursos.com.br\/blog\/#website","url":"https:\/\/www.estrategiaconcursos.com.br\/blog\/","name":"Estrat\u00e9gia Concursos","description":"O blog da Estrat\u00e9gia Concursos traz not\u00edcias sobre concursos e artigos de professores oferecendo cursos para concursos (pdf + videaulas) no site.","publisher":{"@id":"https:\/\/www.estrategiaconcursos.com.br\/blog\/#organization"},"potentialAction":[{"@type":"SearchAction","target":{"@type":"EntryPoint","urlTemplate":"https:\/\/www.estrategiaconcursos.com.br\/blog\/?s={search_term_string}"},"query-input":{"@type":"PropertyValueSpecification","valueRequired":true,"valueName":"search_term_string"}}],"inLanguage":"pt-BR"},{"@type":"Organization","@id":"https:\/\/www.estrategiaconcursos.com.br\/blog\/#organization","name":"Estrat\u00e9gia Concursos","url":"https:\/\/www.estrategiaconcursos.com.br\/blog\/","logo":{"@type":"ImageObject","inLanguage":"pt-BR","@id":"https:\/\/www.estrategiaconcursos.com.br\/blog\/#\/schema\/logo\/image\/","url":"https:\/\/dhg1h5j42swfq.cloudfront.net\/2025\/06\/03203428\/logo_concursos-1.jpg","contentUrl":"https:\/\/dhg1h5j42swfq.cloudfront.net\/2025\/06\/03203428\/logo_concursos-1.jpg","width":230,"height":60,"caption":"Estrat\u00e9gia Concursos"},"image":{"@id":"https:\/\/www.estrategiaconcursos.com.br\/blog\/#\/schema\/logo\/image\/"},"sameAs":["https:\/\/x.com\/EstratConcursos"]},{"@type":"Person","@id":"https:\/\/www.estrategiaconcursos.com.br\/blog\/#\/schema\/person\/f0c830e07cfe11c231c0ea5dbb036df5","name":"Kassio Henrique Sobral Rocha","image":{"@type":"ImageObject","inLanguage":"pt-BR","@id":"https:\/\/secure.gravatar.com\/avatar\/d10350cbdad043facd8ec77a377f86f9026afee3348e463b04854fd4490ce759?s=96&d=mm&r=g","url":"https:\/\/secure.gravatar.com\/avatar\/d10350cbdad043facd8ec77a377f86f9026afee3348e463b04854fd4490ce759?s=96&d=mm&r=g","contentUrl":"https:\/\/secure.gravatar.com\/avatar\/d10350cbdad043facd8ec77a377f86f9026afee3348e463b04854fd4490ce759?s=96&d=mm&r=g","caption":"Kassio Henrique Sobral Rocha"},"url":"https:\/\/www.estrategiaconcursos.com.br\/blog\/author\/kassio-rochayahoo-com-br\/"}]}},"_links":{"self":[{"href":"https:\/\/www.estrategiaconcursos.com.br\/blog\/wp-json\/wp\/v2\/posts\/1020263","targetHints":{"allow":["GET"]}}],"collection":[{"href":"https:\/\/www.estrategiaconcursos.com.br\/blog\/wp-json\/wp\/v2\/posts"}],"about":[{"href":"https:\/\/www.estrategiaconcursos.com.br\/blog\/wp-json\/wp\/v2\/types\/post"}],"author":[{"embeddable":true,"href":"https:\/\/www.estrategiaconcursos.com.br\/blog\/wp-json\/wp\/v2\/users\/1976"}],"replies":[{"embeddable":true,"href":"https:\/\/www.estrategiaconcursos.com.br\/blog\/wp-json\/wp\/v2\/comments?post=1020263"}],"version-history":[{"count":14,"href":"https:\/\/www.estrategiaconcursos.com.br\/blog\/wp-json\/wp\/v2\/posts\/1020263\/revisions"}],"predecessor-version":[{"id":1021356,"href":"https:\/\/www.estrategiaconcursos.com.br\/blog\/wp-json\/wp\/v2\/posts\/1020263\/revisions\/1021356"}],"wp:featuredmedia":[{"embeddable":true,"href":"https:\/\/www.estrategiaconcursos.com.br\/blog\/wp-json\/wp\/v2\/media\/1020272"}],"wp:attachment":[{"href":"https:\/\/www.estrategiaconcursos.com.br\/blog\/wp-json\/wp\/v2\/media?parent=1020263"}],"wp:term":[{"taxonomy":"category","embeddable":true,"href":"https:\/\/www.estrategiaconcursos.com.br\/blog\/wp-json\/wp\/v2\/categories?post=1020263"},{"taxonomy":"post_tag","embeddable":true,"href":"https:\/\/www.estrategiaconcursos.com.br\/blog\/wp-json\/wp\/v2\/tags?post=1020263"},{"taxonomy":"tax_estado","embeddable":true,"href":"https:\/\/www.estrategiaconcursos.com.br\/blog\/wp-json\/wp\/v2\/tax_estado?post=1020263"}],"curies":[{"name":"wp","href":"https:\/\/api.w.org\/{rel}","templated":true}]}}