{"id":10199,"date":"2013-06-06T11:54:32","date_gmt":"2013-06-06T11:54:32","guid":{"rendered":"https:\/\/www.estrategiaconcursos.com.br\/blog\/resumos-de-direito-do-trabalho-trts-parte-4-continuacao-relacao-de-emprego-figuras-distintas-do-empregado-empregado\/"},"modified":"2016-12-13T12:57:45","modified_gmt":"2016-12-13T15:57:45","slug":"resumos-de-direito-do-trabalho-trts-parte-4-continuacao-relacao-de-emprego-figuras-distintas-do-empregado-empregado","status":"publish","type":"post","link":"https:\/\/www.estrategiaconcursos.com.br\/blog\/resumos-de-direito-do-trabalho-trts-parte-4-continuacao-relacao-de-emprego-figuras-distintas-do-empregado-empregado\/","title":{"rendered":"Resumos de direito do trabalho &#8211; TRTs &#8211; parte 4 &#8211; Continua\u00e7\u00e3o rela\u00e7\u00e3o de emprego \/ figuras distintas do empregado \/ empregado"},"content":{"rendered":"<p class=\"MsoListParagraphCxSpFirst\" style=\"margin-top:6.0pt;margin-right:0cm;\nmargin-bottom:6.0pt;margin-left:36.0pt;mso-add-space:auto;text-align:justify;\ntext-indent:-18.0pt;line-height:150%;mso-list:l0 level2 lfo1\"><!--[if !supportLists]--><b><span style=\"font-size:12.0pt;line-height:\n150%;font-family:&quot;Times New Roman&quot;,&quot;serif&quot;;mso-fareast-font-family:&quot;Times New Roman&quot;\">1.1.<\/span><\/b><!--[endif]--><b><span style=\"font-size:12.0pt;line-height:150%;font-family:&quot;Times New Roman&quot;,&quot;serif&quot;\">Figuras<br \/>\ndistintas do <i>empregado<\/i>:<o:p><\/o:p><\/span><\/b><\/p>\n<p class=\"MsoListParagraphCxSpMiddle\" style=\"margin-top:6.0pt;margin-right:0cm;\nmargin-bottom:6.0pt;margin-left:54.0pt;mso-add-space:auto;text-align:justify;\ntext-indent:-36.0pt;line-height:150%;mso-list:l0 level4 lfo1\"><!--[if !supportLists]--><b><span style=\"font-size:12.0pt;line-height:\n150%;font-family:&quot;Times New Roman&quot;,&quot;serif&quot;;mso-fareast-font-family:&quot;Times New Roman&quot;\">1.1.1.1.<\/span><\/b><!--[endif]--><b><span style=\"font-size:12.0pt;line-height:\n150%;font-family:&quot;Times New Roman&quot;,&quot;serif&quot;\">Estagi\u00e1rio;<o:p><\/o:p><\/span><\/b><\/p>\n<p class=\"MsoListParagraphCxSpMiddle\" style=\"margin-top:6.0pt;margin-right:0cm;\nmargin-bottom:6.0pt;margin-left:0cm;mso-add-space:auto;text-align:justify;\nline-height:150%\"><b><span style=\"font-size:12.0pt;line-height:150%;font-family:&quot;Times New Roman&quot;,&quot;serif&quot;\">&nbsp;<\/span><\/b><\/p>\n<p class=\"MsoListParagraphCxSpMiddle\" style=\"margin-top:6.0pt;margin-right:0cm;\nmargin-bottom:6.0pt;margin-left:0cm;mso-add-space:auto;text-align:justify;\nline-height:150%\"><span style=\"font-size:12.0pt;line-height:150%;font-family:\n&quot;Times New Roman&quot;,&quot;serif&quot;\">O est\u00e1gio passou a ser regulamentado pela <strong>Lei<br \/>\nn. 11.788\/2008<\/strong><strong><span style=\"font-weight:normal;mso-bidi-font-weight:\nbold\">, que assim o conceitua em seu art. 1\u00ba: <i>\u0093<\/i><\/span><\/strong><i>Est\u00e1gio \u00e9<br \/>\nato educativo escolar supervisionado, desenvolvido no ambiente de trabalho, que<br \/>\nvisa \u00e0 prepara\u00e7\u00e3o para o trabalho produtivo de educandos que estejam<br \/>\nfreq\u00fcentando o ensino regular em institui\u00e7\u00f5es de educa\u00e7\u00e3o superior, de educa\u00e7\u00e3o<br \/>\nprofissional, de ensino m\u00e9dio, da educa\u00e7\u00e3o especial e dos anos finais do ensino<br \/>\nfundamental, na modalidade profissional da educa\u00e7\u00e3o de jovens e adultos\u0094.<o:p><\/o:p><\/i><\/span><\/p>\n<p class=\"MsoListParagraphCxSpMiddle\" style=\"margin-top:6.0pt;margin-right:0cm;\nmargin-bottom:6.0pt;margin-left:0cm;mso-add-space:auto;text-align:justify;\nline-height:150%\"><span style=\"font-size:12.0pt;line-height:150%;font-family:\n&quot;Times New Roman&quot;,&quot;serif&quot;\">O objetivo do est\u00e1gio \u00e9 a complementa\u00e7\u00e3o do<br \/>\naprendizado, de forma a proporcionar ao estagi\u00e1rio a aplica\u00e7\u00e3o pr\u00e1tica dos<br \/>\nensinamentos te\u00f3ricos. Por isso, n\u00e3o forma v\u00ednculo empregat\u00edcio com a parte<br \/>\nconcedente, ou seja, com a empresa que contratou o estudante\/estagi\u00e1rio. A<br \/>\ninexist\u00eancia de v\u00ednculo, como regra geral, deve atender a alguns requisitos,<br \/>\ndescritos no art. 3\u00ba da lei, a saber:<o:p><\/o:p><\/span><\/p>\n<p class=\"MsoListParagraphCxSpMiddle\" style=\"margin-top:6.0pt;margin-right:0cm;\nmargin-bottom:6.0pt;margin-left:36.0pt;mso-add-space:auto;text-align:justify;\ntext-indent:-18.0pt;line-height:150%;mso-list:l2 level1 lfo2\"><!--[if !supportLists]--><span style=\"font-size:12.0pt;line-height:150%;font-family:Symbol;mso-fareast-font-family:\nSymbol;mso-bidi-font-family:Symbol\">\u00b7<span style=\"font-size: 7pt; line-height: normal; font-family: 'Times New Roman';\">&nbsp;&nbsp;&nbsp;&nbsp;&nbsp;&nbsp;&nbsp;&nbsp;<br \/>\n<\/span><\/span><!--[endif]--><span style=\"font-size:12.0pt;line-height:150%;\nfont-family:&quot;Times New Roman&quot;,&quot;serif&quot;\">O aluno deve estar regularmente<br \/>\nmatriculado em institui\u00e7\u00e3o de ensino;<o:p><\/o:p><\/span><\/p>\n<p class=\"MsoListParagraphCxSpMiddle\" style=\"margin-top:6.0pt;margin-right:0cm;\nmargin-bottom:6.0pt;margin-left:36.0pt;mso-add-space:auto;text-align:justify;\ntext-indent:-18.0pt;line-height:150%;mso-list:l2 level1 lfo2\"><!--[if !supportLists]--><span style=\"font-size:12.0pt;line-height:150%;font-family:Symbol;mso-fareast-font-family:\nSymbol;mso-bidi-font-family:Symbol\">\u00b7<span style=\"font-size: 7pt; line-height: normal; font-family: 'Times New Roman';\">&nbsp;&nbsp;&nbsp;&nbsp;&nbsp;&nbsp;&nbsp;&nbsp;<br \/>\n<\/span><\/span><!--[endif]--><span style=\"font-size:12.0pt;line-height:150%;\nfont-family:&quot;Times New Roman&quot;,&quot;serif&quot;\">Deve haver termo de compromisso escrito,<br \/>\nfirmado pelo estudante, pela empresa concedente e a institui\u00e7\u00e3o de ensino.<o:p><\/o:p><\/span><\/p>\n<p class=\"MsoListParagraphCxSpMiddle\" style=\"margin-top:6.0pt;margin-right:0cm;\nmargin-bottom:6.0pt;margin-left:36.0pt;mso-add-space:auto;text-align:justify;\ntext-indent:-18.0pt;line-height:150%;mso-list:l2 level1 lfo2\"><!--[if !supportLists]--><span style=\"font-size:12.0pt;line-height:150%;font-family:Symbol;mso-fareast-font-family:\nSymbol;mso-bidi-font-family:Symbol\">\u00b7<span style=\"font-size: 7pt; line-height: normal; font-family: 'Times New Roman';\">&nbsp;&nbsp;&nbsp;&nbsp;&nbsp;&nbsp;&nbsp;&nbsp;<br \/>\n<\/span><\/span><!--[endif]--><span style=\"font-size:12.0pt;line-height:150%;\nfont-family:&quot;Times New Roman&quot;,&quot;serif&quot;\">As atividades realizadas pelo estagi\u00e1rio<br \/>\ndevem ser compat\u00edveis com os ensinamentos recebidos na institui\u00e7\u00e3o de ensino e<br \/>\nprevistos no termo de compromisso.<o:p><\/o:p><\/span><\/p>\n<p class=\"MsoListParagraphCxSpMiddle\" style=\"margin-top:6.0pt;margin-right:0cm;\nmargin-bottom:6.0pt;margin-left:0cm;mso-add-space:auto;text-align:justify;\nline-height:150%\"><span style=\"font-size:12.0pt;line-height:150%;font-family:\n&quot;Times New Roman&quot;,&quot;serif&quot;\">Havendo o desrespeito aos requisitos descritos,<br \/>\ndisp\u00f5e o \u00a72\u00ba do art. 3\u00ba que haver\u00e1 o reconhecimento do v\u00ednculo de emprego, com<br \/>\ntodas as conseq\u00fc\u00eancias trabalhistas e previdenci\u00e1rias.<o:p><\/o:p><\/span><\/p>\n<p class=\"MsoListParagraphCxSpMiddle\" style=\"margin-top:6.0pt;margin-right:0cm;\nmargin-bottom:6.0pt;margin-left:0cm;mso-add-space:auto;text-align:justify;\nline-height:150%\"><span style=\"font-size:12.0pt;line-height:150%;font-family:\n&quot;Times New Roman&quot;,&quot;serif&quot;\">A verifica\u00e7\u00e3o dos requisitos, bem como o<br \/>\nreconhecimento do v\u00ednculo quando de sua aus\u00eancia, mostram-se absolutamente<br \/>\nnecess\u00e1rias para evitar-se burla \u00e0 legisla\u00e7\u00e3o trabalhista, j\u00e1 que mostra-se<br \/>\nbastante comum, infelizmente, a contrata\u00e7\u00e3o de \u0093estagi\u00e1rios\u0094 que desenvolvem<br \/>\ndiversas fun\u00e7\u00f5es na empresa que n\u00e3o est\u00e3o relacionadas \u00e0s mat\u00e9rias por ele<br \/>\ncursadas na institui\u00e7\u00e3o de ensino, em verdadeira substitui\u00e7\u00e3o \u00e0 outros<br \/>\nempregados. Estagi\u00e1rio n\u00e3o tem por fun\u00e7\u00e3o atender telefone, pagar conta em<br \/>\nbanco, arrumar escrit\u00f3rio, dentre outros, pois tais fun\u00e7\u00f5es s\u00e3o de secret\u00e1rio,<br \/>\nde <i>Officeboy<\/i>, de faxineira, n\u00e3o<br \/>\nestando relacionadas com aplica\u00e7\u00e3o na pr\u00e1tica dos ensinamentos te\u00f3ricos<br \/>\nrecebidos pelo estagi\u00e1rio.<o:p><\/o:p><\/span><\/p>\n<p class=\"MsoListParagraphCxSpMiddle\" style=\"margin-top:6.0pt;margin-right:0cm;\nmargin-bottom:6.0pt;margin-left:0cm;mso-add-space:auto;text-align:justify;\nline-height:150%\"><span style=\"font-size:12.0pt;line-height:150%;font-family:\n&quot;Times New Roman&quot;,&quot;serif&quot;\">Logo, se presentes todos os requisitos legais, n\u00e3o<br \/>\nhaver\u00e1 reconhecimento de vinculo entre estagi\u00e1rio e empresa concedente mesmo<br \/>\nque haja o pagamento de valores \u00e0 titulo de bolsa ou ajuda de custo. Contudo,<br \/>\nse o est\u00e1gio for meramente de \u0093fachada\u0094, para esconder uma verdadeira rela\u00e7\u00e3o<br \/>\nde emprego, poder\u00e1 o empregado pleitear judicialmente o reconhecimento v\u00ednculo<br \/>\nde emprego, com o conseq\u00fcente pagamento de todas as verbas trabalhistas,<br \/>\nfundi\u00e1rias, rescis\u00f3rias e previdenci\u00e1rias devidas.<o:p><\/o:p><\/span><\/p>\n<p class=\"MsoListParagraphCxSpMiddle\" style=\"margin-top:6.0pt;margin-right:0cm;\nmargin-bottom:6.0pt;margin-left:0cm;mso-add-space:auto;text-align:justify;\nline-height:150%\"><b><span style=\"font-size:12.0pt;line-height:150%;font-family:&quot;Times New Roman&quot;,&quot;serif&quot;\">&nbsp;<\/span><\/b><\/p>\n<p class=\"MsoListParagraphCxSpMiddle\" style=\"margin-top:6.0pt;margin-right:0cm;\nmargin-bottom:6.0pt;margin-left:54.0pt;mso-add-space:auto;text-align:justify;\ntext-indent:-36.0pt;line-height:150%;mso-list:l0 level4 lfo1\"><!--[if !supportLists]--><b><span style=\"font-size:12.0pt;line-height:\n150%;font-family:&quot;Times New Roman&quot;,&quot;serif&quot;;mso-fareast-font-family:&quot;Times New Roman&quot;\">1.1.1.2.<\/span><\/b><!--[endif]--><b><span style=\"font-size:12.0pt;line-height:\n150%;font-family:&quot;Times New Roman&quot;,&quot;serif&quot;\">Aut\u00f4nomo;<o:p><\/o:p><\/span><\/b><\/p>\n<p class=\"MsoListParagraphCxSpMiddle\" style=\"margin-top:6.0pt;margin-right:0cm;\nmargin-bottom:6.0pt;margin-left:0cm;mso-add-space:auto;text-align:justify;\nline-height:150%\"><b><span style=\"font-size:12.0pt;line-height:150%;font-family:&quot;Times New Roman&quot;,&quot;serif&quot;\">&nbsp;<\/span><\/b><\/p>\n<p class=\"MsoListParagraphCxSpMiddle\" style=\"margin-top:6.0pt;margin-right:0cm;\nmargin-bottom:6.0pt;margin-left:0cm;mso-add-space:auto;text-align:justify;\nline-height:150%\"><span style=\"font-size:12.0pt;line-height:150%;font-family:\n&quot;Times New Roman&quot;,&quot;serif&quot;\">O aut\u00f4nomo difere do empregado pois n\u00e3o possui<br \/>\nsubordina\u00e7\u00e3o jur\u00eddica como o segundo, ou seja, n\u00e3o est\u00e1 vinculado juridicamente<br \/>\n\u00e0 qualquer outra pessoa, f\u00edsica ou jur\u00eddica. Os servi\u00e7os s\u00e3o prestados<br \/>\nindependentemente, sob sua responsabilidade e com a inteira assun\u00e7\u00e3o dos<br \/>\nriscos. O aut\u00f4nomo trabalha por conta pr\u00f3pria, como o pintor, jardineiro,<br \/>\ndentre outros, que s\u00e3o contratados para desenvolvimento de uma atividade. O<br \/>\npintor, por exemplo, \u00e9 contratado para pintar uma casa. Contrata-se a<br \/>\natividade. A forma de execu\u00e7\u00e3o \u00e9 de sua responsabilidade. Igualmente ocorre com<br \/>\no marceneiro contratado para fazer um guarda-roupa. Se trabalhara de dia, a<br \/>\nnoite, de madrugado, apenas durante a semana ou tamb\u00e9m nos finais-de-semana,<br \/>\npouco importa, pois tais regras s\u00e3o por ele estabelecidas, e n\u00e3o por quem o<br \/>\ncontratou. Demonstra-se claramente a aus\u00eancia de subordina\u00e7\u00e3o jur\u00eddica.<o:p><\/o:p><\/span><\/p>\n<p class=\"MsoListParagraphCxSpMiddle\" style=\"margin-top:6.0pt;margin-right:0cm;\nmargin-bottom:6.0pt;margin-left:0cm;mso-add-space:auto;text-align:justify;\nline-height:150%\"><span style=\"font-size:12.0pt;line-height:150%;font-family:\n&quot;Times New Roman&quot;,&quot;serif&quot;\">AMAURI MASCARO NASCIMENTO destaca que o aut\u00f4nomo \u00e9 <i>\u0093(&#8230;) um verdadeiro pequeno empres\u00e1rio,<br \/>\nporque organiza a sua atividade econ\u00f4mica exercida em proveiro pr\u00f3prio\u0094.<o:p><\/o:p><\/i><\/span><\/p>\n<p class=\"MsoListParagraphCxSpMiddle\" style=\"margin-top:6.0pt;margin-right:0cm;\nmargin-bottom:6.0pt;margin-left:0cm;mso-add-space:auto;text-align:justify;\nline-height:150%\"><span style=\"font-size:12.0pt;line-height:150%;font-family:\n&quot;Times New Roman&quot;,&quot;serif&quot;\">Tra\u00e7ar a diferen\u00e7a entre empregado e aut\u00f4nomo muitas<br \/>\nvezes \u00e9 dif\u00edcil, pois o empregador busca, na maioria das vezes, para fraudar a<br \/>\nlegisla\u00e7\u00e3o trabalhista, demonstrar que o reclamante era aut\u00f4nomo, tendo em<br \/>\nvista a n\u00e3o aplica\u00e7\u00e3o da CLT ao mesmo, e sim, as normas sobre contrato de<br \/>\npresta\u00e7\u00e3o de servi\u00e7os do C\u00f3digo Civil, bem menos protetivas que aquelas.<o:p><\/o:p><\/span><\/p>\n<p class=\"MsoListParagraphCxSpMiddle\" style=\"margin-top:6.0pt;margin-right:0cm;\nmargin-bottom:6.0pt;margin-left:0cm;mso-add-space:auto;text-align:justify;\nline-height:150%\"><b><span style=\"font-size:12.0pt;line-height:150%;font-family:&quot;Times New Roman&quot;,&quot;serif&quot;\">&nbsp;<\/span><\/b><\/p>\n<p class=\"MsoListParagraphCxSpMiddle\" style=\"margin-top:6.0pt;margin-right:0cm;\nmargin-bottom:6.0pt;margin-left:54.0pt;mso-add-space:auto;text-align:justify;\ntext-indent:-36.0pt;line-height:150%;mso-list:l0 level4 lfo1\"><!--[if !supportLists]--><b><span style=\"font-size:12.0pt;line-height:\n150%;font-family:&quot;Times New Roman&quot;,&quot;serif&quot;;mso-fareast-font-family:&quot;Times New Roman&quot;\">1.1.1.3.<\/span><\/b><!--[endif]--><b><span style=\"font-size:12.0pt;line-height:\n150%;font-family:&quot;Times New Roman&quot;,&quot;serif&quot;\">Eventual;<o:p><\/o:p><\/span><\/b><\/p>\n<p class=\"MsoListParagraphCxSpMiddle\" style=\"margin-top:6.0pt;margin-right:0cm;\nmargin-bottom:6.0pt;margin-left:0cm;mso-add-space:auto;text-align:justify;\nline-height:150%\"><b><span style=\"font-size:12.0pt;line-height:150%;font-family:&quot;Times New Roman&quot;,&quot;serif&quot;\">&nbsp;<\/span><\/b><\/p>\n<p class=\"MsoListParagraphCxSpMiddle\" style=\"margin-top:6.0pt;margin-right:0cm;\nmargin-bottom:6.0pt;margin-left:0cm;mso-add-space:auto;text-align:justify;\nline-height:150%\"><span style=\"font-size:12.0pt;line-height:150%;font-family:\n&quot;Times New Roman&quot;,&quot;serif&quot;\">Quando do estudo do requisito da <i>habitualidade, <\/i>firmou-se a aplica\u00e7\u00e3o da<br \/>\nteoria da fixa\u00e7\u00e3o para distinguir empregado e eventual. Segundo tal teoria, o<br \/>\neventual n\u00e3o est\u00e1 fixado a um empregador, pois realizada trabalho espor\u00e1dico<br \/>\npara v\u00e1rios contratantes, ao passo que empregado \u00e9 aquele que est\u00e1 fixado \u00e0 uma<br \/>\ndeterminada pessoa, f\u00edsica ou jur\u00eddica, realizando trabalho de maneira<br \/>\nhabitual, cont\u00ednua. A pr\u00f3pria lei descreve dessa forma o eventual, conforme<br \/>\nart. 12 da Lei n\u00ba 8.212.\/91, assim redigido: <i>\u0093aquele que presta servi\u00e7o de natureza urbana ou rural em car\u00e1ter<br \/>\neventual, a uma ou mais empresas, sem rela\u00e7\u00e3o de emprego\u0094.<o:p><\/o:p><\/i><\/span><\/p>\n<p class=\"MsoListParagraphCxSpMiddle\" style=\"margin-top:6.0pt;margin-right:0cm;\nmargin-bottom:6.0pt;margin-left:0cm;mso-add-space:auto;text-align:justify;\nline-height:150%\"><span style=\"font-size:12.0pt;line-height:150%;font-family:\n&quot;Times New Roman&quot;,&quot;serif&quot;\">Segundo S\u00c9RGIO PINTO MARTINS, <i>\u0093o eventual vai ser aquela pessoa que trabalho de vez em quanto para o<br \/>\nmesmo tomador dos servi\u00e7os, ao contr\u00e1rio do empregado que trabalha<br \/>\nhabitualmente\u0094.<o:p><\/o:p><\/i><\/span><\/p>\n<p class=\"MsoListParagraphCxSpMiddle\" style=\"margin-top:6.0pt;margin-right:0cm;\nmargin-bottom:6.0pt;margin-left:0cm;mso-add-space:auto;text-align:justify;\nline-height:150%\"><span style=\"font-size:12.0pt;line-height:150%;font-family:\n&quot;Times New Roman&quot;,&quot;serif&quot;\">Importante verificar no caso concreto se h\u00e1 rela\u00e7\u00e3o<br \/>\nde emprego ou trabalho meramente eventual pois a CLT n\u00e3o se aplica \u00e0 segunda<br \/>\nhip\u00f3tese, sendo aplic\u00e1vel o C\u00f3digo Civil.<o:p><\/o:p><\/span><\/p>\n<p class=\"MsoListParagraphCxSpMiddle\" style=\"margin-top:6.0pt;margin-right:0cm;\nmargin-bottom:6.0pt;margin-left:0cm;mso-add-space:auto;text-align:justify;\nline-height:150%\"><b><span style=\"font-size:12.0pt;line-height:150%;font-family:&quot;Times New Roman&quot;,&quot;serif&quot;\">&nbsp;<\/span><\/b><\/p>\n<p class=\"MsoListParagraphCxSpMiddle\" style=\"margin-top:6.0pt;margin-right:0cm;\nmargin-bottom:6.0pt;margin-left:54.0pt;mso-add-space:auto;text-align:justify;\ntext-indent:-36.0pt;line-height:150%;mso-list:l0 level4 lfo1\"><!--[if !supportLists]--><b><span style=\"font-size:12.0pt;line-height:\n150%;font-family:&quot;Times New Roman&quot;,&quot;serif&quot;;mso-fareast-font-family:&quot;Times New Roman&quot;\">1.1.1.4.<\/span><\/b><!--[endif]--><b><span style=\"font-size:12.0pt;line-height:\n150%;font-family:&quot;Times New Roman&quot;,&quot;serif&quot;\">Avulso;<o:p><\/o:p><\/span><\/b><\/p>\n<p class=\"MsoListParagraphCxSpMiddle\" style=\"margin-top:6.0pt;margin-right:0cm;\nmargin-bottom:6.0pt;margin-left:0cm;mso-add-space:auto;text-align:justify;\nline-height:150%\"><b><span style=\"font-size:12.0pt;line-height:150%;font-family:&quot;Times New Roman&quot;,&quot;serif&quot;\">&nbsp;<\/span><\/b><\/p>\n<p class=\"MsoListParagraphCxSpMiddle\" style=\"margin-top:6.0pt;margin-right:0cm;\nmargin-bottom:6.0pt;margin-left:0cm;mso-add-space:auto;text-align:justify;\nline-height:150%\"><span style=\"font-size:12.0pt;line-height:150%;font-family:\n&quot;Times New Roman&quot;,&quot;serif&quot;\">O avulso possui situa\u00e7\u00e3o <i>sui generis<\/i>, ou seja, diferente, pois n\u00e3o \u00e9 empregado de ningu\u00e9m,<br \/>\nmas tem seu trabalho organizado pelo sindicato ou pelo OGMO (\u00f3rg\u00e3o gestor de<br \/>\nm\u00e3o de obra).<o:p><\/o:p><\/span><\/p>\n<p class=\"MsoListParagraphCxSpMiddle\" style=\"margin-top:6.0pt;margin-right:0cm;\nmargin-bottom:6.0pt;margin-left:0cm;mso-add-space:auto;text-align:justify;\nline-height:150%\"><span style=\"font-size:12.0pt;line-height:150%;font-family:\n&quot;Times New Roman&quot;,&quot;serif&quot;\">N\u00e3o h\u00e1 rela\u00e7\u00e3o de emprego entre o trabalhador avulso<br \/>\ne o sindicato ou OGMO, muito menos com a empresa tomadora de servi\u00e7os. <i>\u0093N\u00e3o \u00e9 o trabalhador avulso subordinado nem<br \/>\n\u00e0 pessoa a quem presta servi\u00e7os, muito menos ao sindicato, que apenas<br \/>\narregimenta a m\u00e3o-de-obra e paga os prestadores de servi\u00e7o, de acordo com o<br \/>\nvalor recebido pelas empresas\u0094.<o:p><\/o:p><\/i><\/span><\/p>\n<p class=\"MsoListParagraphCxSpMiddle\" style=\"margin-top:6.0pt;margin-right:0cm;\nmargin-bottom:6.0pt;margin-left:0cm;mso-add-space:auto;text-align:justify;\nline-height:150%\"><span style=\"font-size:12.0pt;line-height:150%;font-family:\n&quot;Times New Roman&quot;,&quot;serif&quot;\">Nesse tipo de rela\u00e7\u00e3o de trabalho, vislumbra-se a<br \/>\nimpessoalidade, ou seja, a aus\u00eancia de pessoalidade, requisito indispens\u00e1vel<br \/>\npara a configura\u00e7\u00e3o do v\u00ednculo de emprego, pois pouco importa ao tomador quem<br \/>\nrealizar\u00e1 o servi\u00e7o, e sim, que aquele seja realizado da forma contratada. <o:p><\/o:p><\/span><\/p>\n<p class=\"MsoListParagraphCxSpMiddle\" style=\"margin-top:6.0pt;margin-right:0cm;\nmargin-bottom:6.0pt;margin-left:0cm;mso-add-space:auto;text-align:justify;\nline-height:150%\"><span style=\"font-size:12.0pt;line-height:150%;font-family:\n&quot;Times New Roman&quot;,&quot;serif&quot;\">A aus\u00eancia de v\u00ednculo de emprego com o OGMO<br \/>\nencontra-se expl\u00edcito nos artigos 18 e 19 da Lei n\u00ba 8.630\/93, que \u00e9 a Lei de<br \/>\nModerniza\u00e7\u00e3o dos Portos.<o:p><\/o:p><\/span><\/p>\n<p class=\"MsoListParagraphCxSpMiddle\" style=\"margin-top:6.0pt;margin-right:0cm;\nmargin-bottom:6.0pt;margin-left:0cm;mso-add-space:auto;text-align:justify;\nline-height:150%\"><span style=\"font-size:12.0pt;line-height:150%;font-family:\n&quot;Times New Roman&quot;,&quot;serif&quot;\">As caracter\u00edsticas inerentes ao avulso s\u00e3o:<o:p><\/o:p><\/span><\/p>\n<p class=\"MsoListParagraphCxSpMiddle\" style=\"margin-top:6.0pt;margin-right:0cm;\nmargin-bottom:6.0pt;margin-left:36.0pt;mso-add-space:auto;text-align:justify;\ntext-indent:-18.0pt;line-height:150%;mso-list:l1 level1 lfo3\"><!--[if !supportLists]--><span style=\"font-size:12.0pt;line-height:150%;font-family:Symbol;mso-fareast-font-family:\nSymbol;mso-bidi-font-family:Symbol\">\u00b7<span style=\"font-size: 7pt; line-height: normal; font-family: 'Times New Roman';\">&nbsp;&nbsp;&nbsp;&nbsp;&nbsp;&nbsp;&nbsp;&nbsp;<br \/>\n<\/span><\/span><!--[endif]--><span style=\"font-size:12.0pt;line-height:150%;\nfont-family:&quot;Times New Roman&quot;,&quot;serif&quot;\">Liberdade na presta\u00e7\u00e3o dos servi\u00e7os,<br \/>\npela aus\u00eancia de v\u00ednculo com o sindicato, OGMO ou empresa contratante;<o:p><\/o:p><\/span><\/p>\n<p class=\"MsoListParagraphCxSpMiddle\" style=\"margin-top:6.0pt;margin-right:0cm;\nmargin-bottom:6.0pt;margin-left:36.0pt;mso-add-space:auto;text-align:justify;\ntext-indent:-18.0pt;line-height:150%;mso-list:l1 level1 lfo3\"><!--[if !supportLists]--><span style=\"font-size:12.0pt;line-height:150%;font-family:Symbol;mso-fareast-font-family:\nSymbol;mso-bidi-font-family:Symbol\">\u00b7<span style=\"font-size: 7pt; line-height: normal; font-family: 'Times New Roman';\">&nbsp;&nbsp;&nbsp;&nbsp;&nbsp;&nbsp;&nbsp;&nbsp;<br \/>\n<\/span><\/span><!--[endif]--><span style=\"font-size:12.0pt;line-height:150%;\nfont-family:&quot;Times New Roman&quot;,&quot;serif&quot;\">Possibilidade de presta\u00e7\u00e3o de servi\u00e7os a<br \/>\num sem n\u00famero de empresas;<o:p><\/o:p><\/span><\/p>\n<p class=\"MsoListParagraphCxSpMiddle\" style=\"margin-top:6.0pt;margin-right:0cm;\nmargin-bottom:6.0pt;margin-left:36.0pt;mso-add-space:auto;text-align:justify;\ntext-indent:-18.0pt;line-height:150%;mso-list:l1 level1 lfo3\"><!--[if !supportLists]--><span style=\"font-size:12.0pt;line-height:150%;font-family:Symbol;mso-fareast-font-family:\nSymbol;mso-bidi-font-family:Symbol\">\u00b7<span style=\"font-size: 7pt; line-height: normal; font-family: 'Times New Roman';\">&nbsp;&nbsp;&nbsp;&nbsp;&nbsp;&nbsp;&nbsp;&nbsp;<br \/>\n<\/span><\/span><!--[endif]--><span style=\"font-size:12.0pt;line-height:150%;\nfont-family:&quot;Times New Roman&quot;,&quot;serif&quot;\">Trabalho intermediado pelo sindicato ou<br \/>\nOGMO, que receba das empresas e efetua o rateio entre os trabalhadores,<br \/>\nincluindo todos os direito trabalhistas, previdenci\u00e1rios;<o:p><\/o:p><\/span><\/p>\n<p class=\"MsoListParagraphCxSpMiddle\" style=\"margin-top:6.0pt;margin-right:0cm;\nmargin-bottom:6.0pt;margin-left:36.0pt;mso-add-space:auto;text-align:justify;\ntext-indent:-18.0pt;line-height:150%;mso-list:l1 level1 lfo3\"><!--[if !supportLists]--><span style=\"font-size:12.0pt;line-height:150%;font-family:Symbol;mso-fareast-font-family:\nSymbol;mso-bidi-font-family:Symbol\">\u00b7<span style=\"font-size: 7pt; line-height: normal; font-family: 'Times New Roman';\">&nbsp;&nbsp;&nbsp;&nbsp;&nbsp;&nbsp;&nbsp;&nbsp;<br \/>\n<\/span><\/span><!--[endif]--><span style=\"font-size:12.0pt;line-height:150%;\nfont-family:&quot;Times New Roman&quot;,&quot;serif&quot;\">Per\u00edodo de trabalho curto em rela\u00e7\u00e3o a<br \/>\ncada empresa contratante.<o:p><\/o:p><\/span><\/p>\n<p class=\"MsoListParagraphCxSpMiddle\" style=\"margin-top:6.0pt;margin-right:0cm;\nmargin-bottom:6.0pt;margin-left:0cm;mso-add-space:auto;text-align:justify;\nline-height:150%\"><span style=\"font-size:12.0pt;line-height:150%;font-family:\n&quot;Times New Roman&quot;,&quot;serif&quot;\">Ressalte-se ainda que existe o avulso portu\u00e1rio e o<br \/>\nn\u00e3o portu\u00e1rio, sendo que o primeiro \u00e9 regulamentado pela Lei n\u00ba 8.630\/93,<br \/>\npossuindo igualdade de direitos em compara\u00e7\u00e3o com o trabalhador com v\u00ednculo<br \/>\npermanente, nos termos do art. 7\u00ba, XXXIV da CRFB\/88. Como exemplos do avulso<br \/>\nn\u00e3o portu\u00e1rio, tem-se: ensacador de caf\u00e9, sal, cacau e o classificador de<br \/>\nfrutas.<o:p><\/o:p><\/span><\/p>\n<p class=\"MsoListParagraphCxSpMiddle\" style=\"margin-top:6.0pt;margin-right:0cm;\nmargin-bottom:6.0pt;margin-left:0cm;mso-add-space:auto;text-align:justify;\nline-height:150%\"><b><span style=\"font-size:12.0pt;line-height:150%;font-family:&quot;Times New Roman&quot;,&quot;serif&quot;\">&nbsp;<\/span><\/b><\/p>\n<p class=\"MsoListParagraphCxSpMiddle\" style=\"margin-top:6.0pt;margin-right:0cm;\nmargin-bottom:6.0pt;margin-left:54.0pt;mso-add-space:auto;text-align:justify;\ntext-indent:-36.0pt;line-height:150%;mso-list:l0 level4 lfo1\"><!--[if !supportLists]--><b><span style=\"font-size:12.0pt;line-height:\n150%;font-family:&quot;Times New Roman&quot;,&quot;serif&quot;;mso-fareast-font-family:&quot;Times New Roman&quot;\">1.1.1.5.<\/span><\/b><!--[endif]--><b><span style=\"font-size:12.0pt;line-height:\n150%;font-family:&quot;Times New Roman&quot;,&quot;serif&quot;\">Volunt\u00e1rio;<o:p><\/o:p><\/span><\/b><\/p>\n<p class=\"MsoListParagraphCxSpMiddle\" style=\"margin-top:6.0pt;margin-right:0cm;\nmargin-bottom:6.0pt;margin-left:0cm;mso-add-space:auto;text-align:justify;\nline-height:150%\"><b><span style=\"font-size:12.0pt;line-height:150%;font-family:&quot;Times New Roman&quot;,&quot;serif&quot;\">&nbsp;<\/span><\/b><\/p>\n<p class=\"MsoListParagraphCxSpMiddle\" style=\"margin-top:6.0pt;margin-right:0cm;\nmargin-bottom:6.0pt;margin-left:0cm;mso-add-space:auto;text-align:justify;\nline-height:150%\"><span style=\"font-size:12.0pt;line-height:150%;font-family:\n&quot;Times New Roman&quot;,&quot;serif&quot;\">O trabalhador volunt\u00e1rio j\u00e1 foi objeto de an\u00e1lise<br \/>\nquando do estudo do requisito <i>onerosidade<\/i>,<br \/>\nnos seguintes termos: <o:p><\/o:p><\/span><\/p>\n<p class=\"MsoListParagraphCxSpMiddle\" style=\"margin-top:6.0pt;margin-right:0cm;\nmargin-bottom:6.0pt;margin-left:0cm;mso-add-space:auto;text-align:justify;\nline-height:150%\"><span style=\"font-size:12.0pt;line-height:150%;font-family:\n&quot;Times New Roman&quot;,&quot;serif&quot;\">&nbsp;<\/span><\/p>\n<p class=\"MsoListParagraphCxSpMiddle\" style=\"margin-top:6.0pt;margin-right:0cm;\nmargin-bottom:6.0pt;margin-left:18.0pt;mso-add-space:auto;text-align:justify;\ntext-indent:35.4pt;line-height:150%\"><i><span style=\"font-size:12.0pt;line-height:150%;font-family:&quot;Times New Roman&quot;,&quot;serif&quot;\">\u0093<\/span><\/i><span style=\"font-size:12.0pt;line-height:150%;font-family:&quot;Times New Roman&quot;,&quot;serif&quot;\">Importante<br \/>\nfrisar que o trabalho volunt\u00e1rio n\u00e3o importa em reconhecimento do v\u00ednculo de<br \/>\nemprego pela aus\u00eancia de onerosidade, nos termos da Lei n. 9.608\/98, que em seu<br \/>\nart. 1\u00ba define tal trabalho como <i>\u0093a<br \/>\natividade n\u00e3o remunerada, prestada por pessoa f\u00edsica a entidade p\u00fablica de<br \/>\nqualquer natureza, ou a institui\u00e7\u00e3o privada de fins n\u00e3o lucrativo, que tenha<br \/>\nobjetivos c\u00edvicos, culturais, educacionais, cient\u00edficos ou de assist\u00eancia<br \/>\nsocial, inclusive mutualidade\u0094. <\/i>Constata-se que a trabalho volunt\u00e1rio n\u00e3o \u00e9<br \/>\naquele prestado apenas sem remunera\u00e7\u00e3o. A aus\u00eancia de remunera\u00e7\u00e3o n\u00e3o importa<br \/>\nno reconhecimento direto de que se trata de trabalho volunt\u00e1rio. H\u00e1 que se<br \/>\nanalisar, sobretudo nas institui\u00e7\u00f5es privadas, sob pena de fraudarem-se<br \/>\ndireitos trabalhistas, a natureza da atividade, que n\u00e3o deve possuir fins<br \/>\nlucrativos. Segundo D\u00c9LIO MARANH\u00c3O, <i>\u0093n\u00e3o<br \/>\n\u00e9 a falta de estipula\u00e7\u00e3o do quantum do sal\u00e1rio ou o seu pagamento sob a forma<br \/>\nindireta que desfiguram a condi\u00e7\u00e3o de empregado, e sim, a inten\u00e7\u00e3o de prestar o<br \/>\nservi\u00e7o desinteressadamente, por mera benevol\u00eancia\u0094.<\/i><o:p><\/o:p><\/span><\/p>\n<p class=\"MsoListParagraphCxSpMiddle\" style=\"margin-top:6.0pt;margin-right:0cm;\nmargin-bottom:6.0pt;margin-left:0cm;mso-add-space:auto;text-align:justify;\nline-height:150%\"><i><span style=\"font-size:\n12.0pt;line-height:150%;font-family:&quot;Times New Roman&quot;,&quot;serif&quot;\">&nbsp;<\/span><\/i><\/p>\n<p class=\"MsoListParagraphCxSpMiddle\" style=\"margin-top:6.0pt;margin-right:0cm;\nmargin-bottom:6.0pt;margin-left:36.0pt;mso-add-space:auto;text-align:justify;\ntext-indent:-18.0pt;line-height:150%;mso-list:l0 level1 lfo1\"><!--[if !supportLists]--><b><span style=\"font-size:12.0pt;line-height:\n150%;font-family:&quot;Times New Roman&quot;,&quot;serif&quot;;mso-fareast-font-family:&quot;Times New Roman&quot;\">2.<span style=\"font-weight: normal; font-size: 7pt; line-height: normal; font-family: 'Times New Roman';\">&nbsp;&nbsp;&nbsp;&nbsp;&nbsp;<br \/>\n<\/span><\/span><\/b><!--[endif]--><b><span style=\"font-size:12.0pt;line-height:150%;font-family:&quot;Times New Roman&quot;,&quot;serif&quot;\">O<br \/>\nempregado;<o:p><\/o:p><\/span><\/b><\/p>\n<p class=\"MsoListParagraphCxSpMiddle\" style=\"margin-top:6.0pt;margin-right:0cm;\nmargin-bottom:6.0pt;margin-left:36.0pt;mso-add-space:auto;text-align:justify;\ntext-indent:-18.0pt;line-height:150%;mso-list:l0 level2 lfo1\"><!--[if !supportLists]--><b><span style=\"font-size:12.0pt;line-height:\n150%;font-family:&quot;Times New Roman&quot;,&quot;serif&quot;;mso-fareast-font-family:&quot;Times New Roman&quot;\">2.1.<\/span><\/b><!--[endif]--><b><span style=\"font-size:12.0pt;line-height:150%;font-family:&quot;Times New Roman&quot;,&quot;serif&quot;\">Empregado<br \/>\nurbano;<o:p><\/o:p><\/span><\/b><\/p>\n<p class=\"MsoListParagraphCxSpMiddle\" style=\"margin-top:6.0pt;margin-right:0cm;\nmargin-bottom:6.0pt;margin-left:54.0pt;mso-add-space:auto;text-align:justify;\ntext-indent:-36.0pt;line-height:150%;mso-list:l0 level3 lfo1\"><!--[if !supportLists]--><b><span style=\"font-size:12.0pt;line-height:\n150%;font-family:&quot;Times New Roman&quot;,&quot;serif&quot;;mso-fareast-font-family:&quot;Times New Roman&quot;\">2.1.1.<span style=\"font-weight: normal; font-size: 7pt; line-height: normal; font-family: 'Times New Roman';\">&nbsp;&nbsp;&nbsp;&nbsp;&nbsp;<br \/>\n<\/span><\/span><\/b><!--[endif]--><b><span style=\"font-size:12.0pt;line-height:150%;font-family:&quot;Times New Roman&quot;,&quot;serif&quot;\">Empregado<br \/>\nem domic\u00edlio;<o:p><\/o:p><\/span><\/b><\/p>\n<p class=\"MsoListParagraphCxSpMiddle\" style=\"margin-top:6.0pt;margin-right:0cm;\nmargin-bottom:6.0pt;margin-left:0cm;mso-add-space:auto;text-align:justify;\nline-height:150%\"><b><span style=\"font-size:12.0pt;line-height:150%;font-family:&quot;Times New Roman&quot;,&quot;serif&quot;\">&nbsp;<\/span><\/b><\/p>\n<p class=\"MsoListParagraphCxSpMiddle\" style=\"margin-top:6.0pt;margin-right:0cm;\nmargin-bottom:6.0pt;margin-left:0cm;mso-add-space:auto;text-align:justify;\nline-height:150%\"><span style=\"font-size:12.0pt;line-height:150%;font-family:\n&quot;Times New Roman&quot;,&quot;serif&quot;\">N\u00e3o exige a lei, como requisito \u00e0 configura\u00e7\u00e3o do<br \/>\nv\u00ednculo de emprego, que o trabalho seja desenvolvido nas depend\u00eancias f\u00edsicas<br \/>\ndo empregador, ou seja, na empresa. Poder\u00e1 s\u00ea-lo, portanto, em domic\u00edlio. Tal<br \/>\nfato n\u00e3o retira a pessoalidade na execu\u00e7\u00e3o dos servi\u00e7os, a onerosidade, a<br \/>\nhabitualidade e, sobretudo, a subordina\u00e7\u00e3o. Apesar do empregador n\u00e3o estar<br \/>\ndiretamente analisando o trabalho desenvolvido pelo empregado, observando a sua<br \/>\nexecu\u00e7\u00e3o, continua a subordina\u00e7\u00e3o inerente ao v\u00ednculo de emprego, pois haver\u00e1<br \/>\ncontrole sobre a produ\u00e7\u00e3o, qualidade, dia e hor\u00e1rio de entrega, dentre outros.<o:p><\/o:p><\/span><\/p>\n<p class=\"MsoListParagraphCxSpMiddle\" style=\"margin-top:6.0pt;margin-right:0cm;\nmargin-bottom:6.0pt;margin-left:0cm;mso-add-space:auto;text-align:justify;\nline-height:150%\"><span style=\"font-size:12.0pt;line-height:150%;font-family:\n&quot;Times New Roman&quot;,&quot;serif&quot;\">Sobre tal aspecto, S\u00c9RGIO PINTO MARTINS, com<br \/>\npercuci\u00eancia, destaca: <i>\u0093Para a<br \/>\ncaracteriza\u00e7\u00e3o do v\u00ednculo de emprego com o empregador, \u00e9 preciso que o<br \/>\nempregado em domic\u00edlio tenha subordina\u00e7\u00e3o, que poder\u00e1 ser medida pelo controle<br \/>\ndo empregador sobre o trabalho do obreiro, como estabelecendo cota de produ\u00e7\u00e3o,<br \/>\ndeterminando dia e hora para entrega do produto, qualidade da pe\u00e7a, etc\u0094.<o:p><\/o:p><\/i><\/span><\/p>\n<p class=\"MsoListParagraphCxSpMiddle\" style=\"margin-top:6.0pt;margin-right:0cm;\nmargin-bottom:6.0pt;margin-left:0cm;mso-add-space:auto;text-align:justify;\nline-height:150%\"><span style=\"font-size:12.0pt;line-height:150%;font-family:\n&quot;Times New Roman&quot;,&quot;serif&quot;\">O trabalho em domic\u00edlio tendo a ser cada vez mais<br \/>\ncomum, pois reduz os custos do empregador, que n\u00e3o precisa manter um escrit\u00f3rio<br \/>\npara alojar os empregados e m\u00e1quinas, bem como reduz o estresse dos empregados,<br \/>\nque permanecem em suas casas, com a fam\u00edlia, n\u00e3o precisam enfrentar o tr\u00e2nsito<br \/>\ne, em regra, realizam o trabalho no hor\u00e1rio que lhe \u00e9 mais c\u00f4modo.<o:p><\/o:p><\/span><\/p>\n<p class=\"MsoListParagraphCxSpMiddle\" style=\"margin-top:6.0pt;margin-right:0cm;\nmargin-bottom:6.0pt;margin-left:0cm;mso-add-space:auto;text-align:justify;\nline-height:150%\"><span style=\"font-size:12.0pt;line-height:150%;font-family:\n&quot;Times New Roman&quot;,&quot;serif&quot;\">Se h\u00e1 v\u00ednculo de emprego no trabalho em domic\u00edlio,<br \/>\ntodas as parcelas trabalhistas s\u00e3o devidas, n\u00e3o havendo qualquer discrimina\u00e7\u00e3o,<br \/>\no que, frise-se, \u00e9 proibido pela CRFB\/88, <o:p><\/o:p><\/span><\/p>\n<p class=\"MsoListParagraphCxSpMiddle\" style=\"margin-top:6.0pt;margin-right:0cm;\nmargin-bottom:6.0pt;margin-left:0cm;mso-add-space:auto;text-align:justify;\nline-height:150%\"><span style=\"font-size:12.0pt;line-height:150%;font-family:\n&quot;Times New Roman&quot;,&quot;serif&quot;\">AMAURI MASCARO NASCIMENTO destaca, com propriedade,<br \/>\nque <i>\u0093a CLT\u00e9 aplic\u00e1vel aos trabalhadores<br \/>\nem domic\u00edlio, uma vez configurada a rela\u00e7\u00e3o de emprego\u0094.<\/i><o:p><\/o:p><\/span><\/p>\n<p class=\"MsoListParagraphCxSpMiddle\" style=\"margin-top:6.0pt;margin-right:0cm;\nmargin-bottom:6.0pt;margin-left:0cm;mso-add-space:auto;text-align:justify;\nline-height:150%\"><span style=\"font-size:12.0pt;line-height:150%;font-family:\n&quot;Times New Roman&quot;,&quot;serif&quot;\">A CLT, em seu art. 6\u00ba, aborda a quest\u00e3o, fazendo da<br \/>\nseguinte maneira: <i>\u0093N\u00e3o se distingue entre<br \/>\no trabalho realizado no estabelecimento do empregador e o executado no<br \/>\ndomic\u00edlio do empregado, desde que esteja caracterizada a rela\u00e7\u00e3o de emprego\u0094.<\/i><br \/>\nTal fato decorre da id\u00e9ia de que n\u00e3o se exige trabalho em determinado local<br \/>\npara a configura\u00e7\u00e3o do v\u00ednculo, como j\u00e1 afirmado. <o:p><\/o:p><\/span><\/p>\n<p class=\"MsoListParagraphCxSpMiddle\" style=\"margin-top:6.0pt;margin-right:0cm;\nmargin-bottom:6.0pt;margin-left:0cm;mso-add-space:auto;text-align:justify;\nline-height:150%\"><span style=\"font-size:12.0pt;line-height:150%;font-family:\n&quot;Times New Roman&quot;,&quot;serif&quot;\">Por fim, vale a pena frisar que \u00e9 assegurado, pelo<br \/>\nmenos um sal\u00e1rio m\u00ednimo, ao empregado em domic\u00edlio, se este receber por pe\u00e7a e<br \/>\nn\u00e3o atingir o m\u00ednimo legal devido, nos termos do art. 83 da CLT.<o:p><\/o:p><\/span><\/p>\n<p class=\"MsoListParagraphCxSpMiddle\" style=\"margin-top:6.0pt;margin-right:0cm;\nmargin-bottom:6.0pt;margin-left:0cm;mso-add-space:auto;text-align:justify;\nline-height:150%\"><b><span style=\"font-size:12.0pt;line-height:150%;font-family:&quot;Times New Roman&quot;,&quot;serif&quot;\">&nbsp;<\/span><\/b><\/p>\n<p class=\"MsoListParagraphCxSpMiddle\" style=\"margin-top:6.0pt;margin-right:0cm;\nmargin-bottom:6.0pt;margin-left:54.0pt;mso-add-space:auto;text-align:justify;\ntext-indent:-36.0pt;line-height:150%;mso-list:l0 level3 lfo1\"><!--[if !supportLists]--><b><span style=\"font-size:12.0pt;line-height:\n150%;font-family:&quot;Times New Roman&quot;,&quot;serif&quot;;mso-fareast-font-family:&quot;Times New Roman&quot;\">2.1.2.<span style=\"font-weight: normal; font-size: 7pt; line-height: normal; font-family: 'Times New Roman';\">&nbsp;&nbsp;&nbsp;&nbsp;&nbsp;<br \/>\n<\/span><\/span><\/b><!--[endif]--><b><span style=\"font-size:12.0pt;line-height:150%;font-family:&quot;Times New Roman&quot;,&quot;serif&quot;\">Cargos<br \/>\nde Confian\u00e7a;<o:p><\/o:p><\/span><\/b><\/p>\n<p class=\"MsoListParagraphCxSpMiddle\" style=\"margin-top:6.0pt;margin-right:0cm;\nmargin-bottom:6.0pt;margin-left:0cm;mso-add-space:auto;text-align:justify;\nline-height:150%\"><b><span style=\"font-size:12.0pt;line-height:150%;font-family:&quot;Times New Roman&quot;,&quot;serif&quot;\">&nbsp;<\/span><\/b><\/p>\n<p class=\"MsoListParagraphCxSpMiddle\" style=\"margin-top:6.0pt;margin-right:0cm;\nmargin-bottom:6.0pt;margin-left:0cm;mso-add-space:auto;text-align:justify;\nline-height:150%\"><span style=\"font-size:12.0pt;line-height:150%;font-family:\n&quot;Times New Roman&quot;,&quot;serif&quot;\">Diversas particularidades s\u00e3o verificadas no tocante<br \/>\nao empregado ocupante de cargo de confian\u00e7a, raz\u00e3o pela qual o TST editou,<br \/>\nespecificamente em rela\u00e7\u00e3o ao banc\u00e1rio, diversas s\u00famulas na busca pela<br \/>\nuniformiza\u00e7\u00e3o da mat\u00e9ria.<o:p><\/o:p><\/span><\/p>\n<p class=\"MsoListParagraphCxSpMiddle\" style=\"margin-top:6.0pt;margin-right:0cm;\nmargin-bottom:6.0pt;margin-left:0cm;mso-add-space:auto;text-align:justify;\nline-height:150%\"><span style=\"font-size:12.0pt;line-height:150%;font-family:\n&quot;Times New Roman&quot;,&quot;serif&quot;\">O primeiro ponto a ser destacado tange \u00e0 defini\u00e7\u00e3o<br \/>\ndo termo \u0093cargo de confian\u00e7a\u0094. O art. 62, II da CLT ajuda na solu\u00e7\u00e3o da<br \/>\nquest\u00e3o, ao tratar dos gerentes como aqueles que exercem cargo de gest\u00e3o. Cargo<br \/>\nde gest\u00e3o pode ser considerado aquele em que o empregado det\u00e9m altas<br \/>\natribui\u00e7\u00f5es dentro da estrutura organizacional da empresa. Dentre tais \u0093altas<br \/>\natribui\u00e7\u00f5es\u0094 compreendem-se, exemplificativamente, a negocia\u00e7\u00e3o de contratos, a<br \/>\ndefini\u00e7\u00e3o de investimentos, contrata\u00e7\u00e3o e demiss\u00e3o de empregados de setores<br \/>\nespecializados, dentre in\u00fameras outras. Pode-se ainda falar, como uma s\u00edntese,<br \/>\nque o empregado que ocupa tais cargos \u0093falam em nome da empresa\u0094, tomam medidas<br \/>\ne decis\u00f5es indispens\u00e1veis para a continuidade do empreendimento, al\u00e9m de<br \/>\nexercerem subordina\u00e7\u00e3o para com outros empregados. Por isso o inciso II do art.<br \/>\n62 da CLT equipara os diretores e chefes de departamento e filial aos<br \/>\nexercentes de cargo de confian\u00e7a. Sobre os conceitos acima elencados, D\u00c9LIO<br \/>\nMARANH\u00c3O afirma que <i>(&#8230;) o empregado que<br \/>\nadministra o estabelecimento, ou aquele que chefia determinado setor vital para<br \/>\nos interesses do estabelecimento\u0094<\/i>, devem ser considerados como <i>de confian\u00e7a.<\/i><o:p><\/o:p><\/span><\/p>\n<p class=\"MsoListParagraphCxSpMiddle\" style=\"margin-top:6.0pt;margin-right:0cm;\nmargin-bottom:6.0pt;margin-left:0cm;mso-add-space:auto;text-align:justify;\nline-height:150%\"><span style=\"font-size:12.0pt;line-height:150%;font-family:\n&quot;Times New Roman&quot;,&quot;serif&quot;\">Al\u00e9m do que foi tratado, o par\u00e1grafo \u00fanico do artigo<br \/>\nj\u00e1 mencionado destaca que o ocupante de cargo de confian\u00e7a, para fazer jus ao<br \/>\nenquadramento do dispositivo legal, deve receber um padr\u00e3o remunerat\u00f3rio<br \/>\nsuperior aos demais, de pelo menos 40% (quarenta por cento), quantia que serve<br \/>\npara remunerar a maior responsabilidade, bem como eventual jornada<br \/>\nextraordin\u00e1ria que venha a realizar.<o:p><\/o:p><\/span><\/p>\n<p class=\"MsoListParagraphCxSpMiddle\" style=\"margin-top:6.0pt;margin-right:0cm;\nmargin-bottom:6.0pt;margin-left:0cm;mso-add-space:auto;text-align:justify;\nline-height:150%\"><span style=\"font-size:12.0pt;line-height:150%;font-family:\n&quot;Times New Roman&quot;,&quot;serif&quot;\">Nesse t\u00f3pico &#8211; jornada extraordin\u00e1ria &#8211; \u00e9 que reside<br \/>\nponto interessante, pois o art. 62 da CLT exclui de alguns empregados o direito<br \/>\n\u00e0 percep\u00e7\u00e3o de adicional de jornada extraordin\u00e1ria, por dois motivos: no inciso<br \/>\nI, tem-se aquelas situa\u00e7\u00f5es em que \u00e9 imposs\u00edvel aferir o cumprimento da jornada<br \/>\nde trabalho, pois os empregados <i>\u0093(&#8230;)<br \/>\nexercem atividade externa incompat\u00edvel com a fixa\u00e7\u00e3o de hor\u00e1rio de trabalho\u0094. <\/i>O<br \/>\ninciso II trata dos ocupantes de cargo de confian\u00e7a, como <i>\u0093os gerentes, assim considerados os exercentes de cargos de gest\u00e3o, aos<br \/>\nquais se equiparam, para efeito do disposto neste artigo, os diretores e chefes<br \/>\nde departamento ou filial\u0094.<o:p><\/o:p><\/i><\/span><\/p>\n<p class=\"MsoListParagraphCxSpMiddle\" style=\"margin-top:6.0pt;margin-right:0cm;\nmargin-bottom:6.0pt;margin-left:0cm;mso-add-space:auto;text-align:justify;\nline-height:150%\"><span style=\"font-size:12.0pt;line-height:150%;font-family:\n&quot;Times New Roman&quot;,&quot;serif&quot;\">Nesse segundo inciso exclui-se o direito \u00e0 percep\u00e7\u00e3o<br \/>\nde jornada pela presun\u00e7\u00e3o \u0096 relativa, frise-se \u0096 de que tais empregados n\u00e3o<br \/>\npossuem controle de jornada, por ocuparem situa\u00e7\u00e3o hierarquicamente superior na<br \/>\nestrutura empresarial. N\u00e3o \u00e9 comum verificar um gerente ou diretor \u0093passando<br \/>\ncrach\u00e1\u0094 para anota\u00e7\u00e3o de hor\u00e1rio de entrada e sa\u00edda. <o:p><\/o:p><\/span><\/p>\n<p class=\"MsoListParagraphCxSpMiddle\" style=\"margin-top:6.0pt;margin-right:0cm;\nmargin-bottom:6.0pt;margin-left:0cm;mso-add-space:auto;text-align:justify;\nline-height:150%\"><span style=\"font-size:12.0pt;line-height:150%;font-family:\n&quot;Times New Roman&quot;,&quot;serif&quot;\">Contudo, mesmo exercendo tais cargos, se houver<br \/>\ncontrole de jornada, exclu\u00edda estar\u00e1 a aplica\u00e7\u00e3o do art. 62 da CLT, o que<br \/>\nresulta dizer que ser\u00e3o devidas as horas extraordin\u00e1rias superiores \u00e0 8\u00aa di\u00e1ria<br \/>\ne a 44\u00aa semanal trabalhadas.<o:p><\/o:p><\/span><\/p>\n<p class=\"MsoListParagraphCxSpMiddle\" style=\"margin-top:6.0pt;margin-right:0cm;\nmargin-bottom:6.0pt;margin-left:0cm;mso-add-space:auto;text-align:justify;\nline-height:150%\"><span style=\"font-size:12.0pt;line-height:150%;font-family:\n&quot;Times New Roman&quot;,&quot;serif&quot;\">Cabe analisar agora as normas sobre cargo de<br \/>\nconfian\u00e7a relativas ao banc\u00e1rio, por possu\u00edrem algumas particularidade,<br \/>\nverificadas pela jurisprud\u00eancia consolidada do TST, em especial a S\u00famula n\u00ba<br \/>\n102.<o:p><\/o:p><\/span><\/p>\n<p class=\"MsoListParagraphCxSpMiddle\" style=\"margin-top:6.0pt;margin-right:0cm;\nmargin-bottom:6.0pt;margin-left:0cm;mso-add-space:auto;text-align:justify;\nline-height:150%\"><span style=\"font-size:12.0pt;line-height:150%;font-family:\n&quot;Times New Roman&quot;,&quot;serif&quot;\">O primeiro destaque a ser dado \u00e9 que a gratifica\u00e7\u00e3o<br \/>\nda fun\u00e7\u00e3o de confian\u00e7a do banc\u00e1rio \u00e9 de 1\/3, ou seja, 33,333&#8230;%, e n\u00e3o 40%<br \/>\nconforme art. 62, par\u00e1grafo \u00fanico da CLT. Ta regra encontra-se no art. 224, \u00a72\u00ba<br \/>\nda CLT, referido no inciso II da S\u00famula n\u00ba 102 do TST, que tamb\u00e9m deixa claro<br \/>\nque a gratifica\u00e7\u00e3o apenas remunera as horas extraordin\u00e1rias excedentes da<br \/>\njornada normal (6 horas), mas n\u00e3o excedente de oito. Isso significa dizer que, diferentemente<br \/>\ndos empregados regidos pelo art. 62 da CLT, os banc\u00e1rios n\u00e3o exercem, em regra,<br \/>\njornada sem limite, e sim, laboram no m\u00e1ximo 8 (oito) horas di\u00e1rias. O inciso V<br \/>\nda mesma s\u00famula afirma que <i>\u0093O banc\u00e1rio<br \/>\nsujeito \u00e0 regra do art. 224, \u00a7 2\u00ba, da CLT cumpre jornada de trabalho de 8<br \/>\n(oito) horas, sendo extraordin\u00e1rias as trabalhadas al\u00e9m da oitava\u0094. <\/i><o:p><\/o:p><\/span><\/p>\n<p class=\"MsoListParagraphCxSpMiddle\" style=\"margin-top:6.0pt;margin-right:0cm;\nmargin-bottom:6.0pt;margin-left:0cm;mso-add-space:auto;text-align:justify;\nline-height:150%\"><span style=\"font-size:12.0pt;line-height:150%;font-family:\n&quot;Times New Roman&quot;,&quot;serif&quot;\">Destaca-se ainda o inciso VII da s\u00famula que afirma<br \/>\nser invi\u00e1vel o pleito de condena\u00e7\u00e3o ao pagamento de horas extraordin\u00e1rias<br \/>\nquando o banc\u00e1rio receber t\u00e3o somente gratifica\u00e7\u00e3o de 1\/3, quando norma<br \/>\ncoletiva previr valor superior, restando apenas o direito \u00e0 percep\u00e7\u00e3o das<br \/>\ndiferen\u00e7as.<o:p><\/o:p><\/span><\/p>\n<p class=\"MsoListParagraphCxSpMiddle\" style=\"margin-top:6.0pt;margin-right:0cm;\nmargin-bottom:6.0pt;margin-left:0cm;mso-add-space:auto;text-align:justify;\nline-height:150%\"><span style=\"font-size:12.0pt;line-height:150%;font-family:\n&quot;Times New Roman&quot;,&quot;serif&quot;\">Por fim, a \u00fanica situa\u00e7\u00e3o em que h\u00e1 previs\u00e3o de<br \/>\naplica\u00e7\u00e3o do art. 62 da CLT ao banc\u00e1rio \u00e9 no tocante ao gerente-geral de<br \/>\nag\u00eancia. Tal exercente de cargo de confian\u00e7a pode trabalhar em jornada superior<br \/>\na 8 (oito) horas di\u00e1rias que n\u00e3o ter\u00e1 direito ao recebimento de horas extras. <o:p><\/o:p><\/span><\/p>\n<p class=\"MsoListParagraphCxSpMiddle\" style=\"margin-top:6.0pt;margin-right:0cm;\nmargin-bottom:6.0pt;margin-left:0cm;mso-add-space:auto;text-align:justify;\nline-height:150%\"><b><span style=\"font-size:12.0pt;line-height:150%;font-family:&quot;Times New Roman&quot;,&quot;serif&quot;\">&nbsp;<\/span><\/b><\/p>\n<p class=\"MsoListParagraphCxSpMiddle\" style=\"margin-top:6.0pt;margin-right:0cm;\nmargin-bottom:6.0pt;margin-left:54.0pt;mso-add-space:auto;text-align:justify;\ntext-indent:-36.0pt;line-height:150%;mso-list:l0 level3 lfo1\"><!--[if !supportLists]--><b><span style=\"font-size:12.0pt;line-height:\n150%;font-family:&quot;Times New Roman&quot;,&quot;serif&quot;;mso-fareast-font-family:&quot;Times New Roman&quot;\">2.1.3.<span style=\"font-weight: normal; font-size: 7pt; line-height: normal; font-family: 'Times New Roman';\">&nbsp;&nbsp;&nbsp;&nbsp;&nbsp;<br \/>\n<\/span><\/span><\/b><!--[endif]--><b><span style=\"font-size:12.0pt;line-height:150%;font-family:&quot;Times New Roman&quot;,&quot;serif&quot;\">Empregado<br \/>\ndiretor;<o:p><\/o:p><\/span><\/b><\/p>\n<p class=\"MsoListParagraphCxSpMiddle\" style=\"margin-top:6.0pt;margin-right:0cm;\nmargin-bottom:6.0pt;margin-left:0cm;mso-add-space:auto;text-align:justify;\nline-height:150%\"><b><span style=\"font-size:12.0pt;line-height:150%;font-family:&quot;Times New Roman&quot;,&quot;serif&quot;\">&nbsp;<\/span><\/b><\/p>\n<p class=\"MsoListParagraphCxSpMiddle\" style=\"margin-top:6.0pt;margin-right:0cm;\nmargin-bottom:6.0pt;margin-left:0cm;mso-add-space:auto;text-align:justify;\nline-height:150%\"><span style=\"font-size:12.0pt;line-height:150%;font-family:\n&quot;Times New Roman&quot;,&quot;serif&quot;\">Nesse ponto da mat\u00e9ria, deve ser aplicado o<br \/>\nentendimento do TST cristalizado na S\u00famula n\u00ba 269, assim redigida: <i>\u0093O empregado eleito para ocupar cargo de<br \/>\ndiretor tem o respectivo contrato de trabalho suspenso, n\u00e3o se computando o<br \/>\ntempo de servi\u00e7o desse per\u00edodo, salvo se permanecer a subordina\u00e7\u00e3o jur\u00eddica<br \/>\ninerente \u00e0 rela\u00e7\u00e3o de emprego\u0094.<\/i> <o:p><\/o:p><\/span><\/p>\n<p class=\"MsoListParagraphCxSpMiddle\" style=\"margin-top:6.0pt;margin-right:0cm;\nmargin-bottom:6.0pt;margin-left:0cm;mso-add-space:auto;text-align:justify;\nline-height:150%\"><span style=\"font-size:12.0pt;line-height:150%;font-family:\n&quot;Times New Roman&quot;,&quot;serif&quot;\">Verifica-se que, em regra, o TST entendeu pela<br \/>\nincompatibilidade entre as duas figuras, quais sejam: empregado e diretor, uma<br \/>\nvez que o primeiro \u00e9 <i>subordinado <\/i>e o<br \/>\nsegundo <i>subordinante<\/i>. MAUR\u00cdCIO<br \/>\nGODINHO DELGADO assim explica a vertente cl\u00e1ssica ou tradicional relacionada ao<br \/>\ntema: <i>\u0093A vertente cl\u00e1ssica, de forte<br \/>\ntend\u00eancia negativista, percebe uma incompatibilidade de situa\u00e7\u00f5es entre a<br \/>\nposi\u00e7\u00e3o societ\u00e1ria do diretor e a posi\u00e7\u00e3o organizacional do empregado. As<br \/>\nsitua\u00e7\u00f5es jur\u00eddicas, de natureza diretiva e de natureza subordinada, seriam<br \/>\nreciprocamente excludentes, conduzindo \u00e0 inviabilidade de se acatar a presen\u00e7a<br \/>\nde rela\u00e7\u00e3o empregat\u00edcia para tais diretores\u0094.<o:p><\/o:p><\/i><\/span><\/p>\n<p class=\"MsoListParagraphCxSpMiddle\" style=\"margin-top:6.0pt;margin-right:0cm;\nmargin-bottom:6.0pt;margin-left:0cm;mso-add-space:auto;text-align:justify;\nline-height:150%\"><span style=\"font-size:12.0pt;line-height:150%;font-family:\n&quot;Times New Roman&quot;,&quot;serif&quot;\">O TST adotou tais premissas para chegar \u00e0 reda\u00e7\u00e3o<br \/>\ntranscrita da S\u00famula n\u00ba 269, pois considerou que o contrato de trabalho, a<br \/>\npartir do momento que o empregado \u00e9 al\u00e7ado \u00e0 figura de diretor, fica suspenso,<br \/>\npassando a gerir-se pelas normas estatut\u00e1rias, ou seja, pelas regras inerentes<br \/>\nao cargo tra\u00e7adas pela pr\u00f3pria empresa quando se sua forma\u00e7\u00e3o.<o:p><\/o:p><\/span><\/p>\n<p class=\"MsoListParagraphCxSpMiddle\" style=\"margin-top:6.0pt;margin-right:0cm;\nmargin-bottom:6.0pt;margin-left:0cm;mso-add-space:auto;text-align:justify;\nline-height:150%\"><span style=\"font-size:12.0pt;line-height:150%;font-family:\n&quot;Times New Roman&quot;,&quot;serif&quot;\">Ocorre que a pr\u00f3pria s\u00famula relativiza a regra por<br \/>\nela criada, se o diretor n\u00e3o exercer as fun\u00e7\u00f5es a ele definidas pelo estatuto<br \/>\ncom relativa autonomia e poder de gest\u00e3o, por serem peculiares ao cargo. Logo,<br \/>\nsomente haver\u00e1 suspens\u00e3o do contrato de trabalho se o diretor passar <i>\u0093(&#8230;) a prestar, com relativa autonomia<br \/>\nhier\u00e1rquica e sem subordina\u00e7\u00e3o, as atribui\u00e7\u00f5es pr\u00f3prias estatut\u00e1rias para as<br \/>\nquais \u00e9 eleito pela assembl\u00e9ia da sociedade an\u00f4nima\u0094.<\/i><o:p><\/o:p><\/span><\/p>\n<p class=\"MsoListParagraphCxSpMiddle\" style=\"margin-top:6.0pt;margin-right:0cm;\nmargin-bottom:6.0pt;margin-left:0cm;mso-add-space:auto;text-align:justify;\nline-height:150%\"><span style=\"font-size:12.0pt;line-height:150%;font-family:\n&quot;Times New Roman&quot;,&quot;serif&quot;\">Caso contr\u00e1rio, permanecendo a realizar as mesmas<br \/>\nfun\u00e7\u00f5es de outrora, com subordina\u00e7\u00e3o, n\u00e3o deixar\u00e1 de ser empregado e seu<br \/>\nv\u00ednculo permanecer\u00e1 inalterado. \u00c9 o que registra o TST ao final do verbete n\u00ba<br \/>\n269.<o:p><\/o:p><\/span><\/p>\n<p class=\"MsoListParagraphCxSpMiddle\" style=\"margin-top:6.0pt;margin-right:0cm;\nmargin-bottom:6.0pt;margin-left:0cm;mso-add-space:auto;text-align:justify;\nline-height:150%\"><b><span style=\"font-size:12.0pt;line-height:150%;font-family:&quot;Times New Roman&quot;,&quot;serif&quot;\">&nbsp;<\/span><\/b><\/p>\n<p class=\"MsoListParagraphCxSpMiddle\" style=\"margin-top:6.0pt;margin-right:0cm;\nmargin-bottom:6.0pt;margin-left:54.0pt;mso-add-space:auto;text-align:justify;\ntext-indent:-36.0pt;line-height:150%;mso-list:l0 level3 lfo1\"><!--[if !supportLists]--><b><span style=\"font-size:12.0pt;line-height:\n150%;font-family:&quot;Times New Roman&quot;,&quot;serif&quot;;mso-fareast-font-family:&quot;Times New Roman&quot;\">2.1.4.<span style=\"font-weight: normal; font-size: 7pt; line-height: normal; font-family: 'Times New Roman';\">&nbsp;&nbsp;&nbsp;&nbsp;&nbsp;<br \/>\n<\/span><\/span><\/b><!--[endif]--><b><span style=\"font-size:12.0pt;line-height:150%;font-family:&quot;Times New Roman&quot;,&quot;serif&quot;\">Empregado<br \/>\nacionista\/s\u00f3cio;<o:p><\/o:p><\/span><\/b><\/p>\n<p class=\"MsoListParagraphCxSpMiddle\" style=\"margin-top:6.0pt;margin-right:0cm;\nmargin-bottom:6.0pt;margin-left:0cm;mso-add-space:auto;text-align:justify;\nline-height:150%\"><b><span style=\"font-size:12.0pt;line-height:150%;font-family:&quot;Times New Roman&quot;,&quot;serif&quot;\">&nbsp;<\/span><\/b><\/p>\n<p class=\"MsoListParagraphCxSpMiddle\" style=\"margin-top:6.0pt;margin-right:0cm;\nmargin-bottom:6.0pt;margin-left:0cm;mso-add-space:auto;text-align:justify;\nline-height:150%\"><span style=\"font-size:12.0pt;line-height:150%;font-family:\n&quot;Times New Roman&quot;,&quot;serif&quot;\">Outro problema a ser enfrentado pelo direito do<br \/>\ntrabalho toca \u00e0 situa\u00e7\u00e3o do empregado que passa a ser tamb\u00e9m s\u00f3cio ou acionista<br \/>\nda empresa, tendo em vista uma poss\u00edvel redu\u00e7\u00e3o na subordina\u00e7\u00e3o antes<br \/>\nexistente.<o:p><\/o:p><\/span><\/p>\n<p class=\"MsoListParagraphCxSpMiddle\" style=\"margin-top:6.0pt;margin-right:0cm;\nmargin-bottom:6.0pt;margin-left:0cm;mso-add-space:auto;text-align:justify;\nline-height:150%\"><span style=\"font-size:12.0pt;line-height:150%;font-family:\n&quot;Times New Roman&quot;,&quot;serif&quot;\">Sendo o empregado s\u00f3cio ou acionista da empresa,<br \/>\npermanece aquele com as mesmas caracter\u00edsticas de outrora? Seu labor ser\u00e1<br \/>\nrealizado com igual subordina\u00e7\u00e3o? Essa parece ser o ponto central da quest\u00e3o.<o:p><\/o:p><\/span><\/p>\n<p class=\"MsoListParagraphCxSpMiddle\" style=\"margin-top:6.0pt;margin-right:0cm;\nmargin-bottom:6.0pt;margin-left:0cm;mso-add-space:auto;text-align:justify;\nline-height:150%\"><span style=\"font-size:12.0pt;line-height:150%;font-family:\n&quot;Times New Roman&quot;,&quot;serif&quot;\">RENTATO SARAIVA afirma, com propriedade, que <i>\u0093em fun\u00e7\u00e3o do contrato de emprego celebrado,<br \/>\npassa o obreiro a ser subordinado juridicamente ao patr\u00e3o, devendo o<br \/>\ntrabalhador acatar as ordens e determina\u00e7\u00f5es emanadas, nascendo para o<br \/>\nempregador, inclusive, a possibilidade de aplicar penalidades ao empregado<br \/>\n(&#8230;), em caso de cometimento de falta ou descumprimento das ordens emitidas\u0094.<br \/>\n<\/i>Caso o empregado seja s\u00f3cio ou acionista da empresa, poder\u00e1 \u00e0 ele ser aplicada<br \/>\nalguma penalidade, como advert\u00eancia, suspens\u00e3o ou demiss\u00e3o por justa causa? Na<br \/>\nqualidade de s\u00f3cio\/acionista, o empregado estaria enquadrado como empregador e<br \/>\nn\u00e3o empregado, motivo pela qual pode ser imposs\u00edvel a aplica\u00e7\u00e3o de penalidades,<br \/>\npor aus\u00eancia de subordina\u00e7\u00e3o.<o:p><\/o:p><\/span><\/p>\n<p class=\"MsoListParagraphCxSpMiddle\" style=\"margin-top:6.0pt;margin-right:0cm;\nmargin-bottom:6.0pt;margin-left:0cm;mso-add-space:auto;text-align:justify;\nline-height:150%\"><span style=\"font-size:12.0pt;line-height:150%;font-family:\n&quot;Times New Roman&quot;,&quot;serif&quot;\">Em primeiro lugar, n\u00e3o h\u00e1 incompatibilidade entre as<br \/>\nfiguras do <i>empregado <\/i>e do <i>s\u00f3cio<\/i>. Ocorre que a an\u00e1lise do caso<br \/>\nconcreto pode concluir pela preval\u00eancia de uma ou outra figura, ou seja,<br \/>\nsomente a verifica\u00e7\u00e3o <i>in concreto <\/i>da<br \/>\nsitua\u00e7\u00e3o levar\u00e1 \u00e0 conclus\u00e3o sobre ser aquela pessoa f\u00edsica empregado ou<br \/>\nempregador (s\u00f3cio\/acionista), pois n\u00e3o h\u00e1 regra objetiva acerca da quest\u00e3o.<br \/>\nPode a pessoa f\u00edsica deter parcela consider\u00e1vel do capital social e concluir-se<br \/>\npelo intuito fraudat\u00f3rio, considerando-se aquela como <i>empregado.<\/i> Havendo trabalho com autonomia, como \u00e9 comum aos s\u00f3cios,<br \/>\nser\u00e1 assim considerado. Havendo subordina\u00e7\u00e3o e os demais requisitos do art. 3\u00ba<br \/>\nda CLT, haver\u00e1 burla \u00e0 legisla\u00e7\u00e3o trabalhista, o que \u00e9 proibido pelo art. 9\u00ba da<br \/>\nCLT e reconhecimento do v\u00ednculo de emprego.<o:p><\/o:p><\/span><\/p>\n<p class=\"MsoListParagraphCxSpLast\" style=\"margin-top:6.0pt;margin-right:0cm;\nmargin-bottom:6.0pt;margin-left:0cm;mso-add-space:auto;text-align:justify;\nline-height:150%\"><span style=\"font-size:12.0pt;line-height:150%;font-family:\n&quot;Times New Roman&quot;,&quot;serif&quot;\">Uma excelente s\u00edntese sobre a mat\u00e9ria \u00e9 formulada<br \/>\npor AMAURI MASCARO NASCIMENTO:<i>\u0094n\u00e3o s\u00e3o<br \/>\nincompat\u00edveis as condi\u00e7\u00f5es de empregado e acionista da sociedade an\u00f4nima, desde<br \/>\nque o n\u00famero de a\u00e7\u00f5es n\u00e3o se eleve a ponto de transformar o empregado em<br \/>\nsubordinante e n\u00e3o em subordinado\u0094.<\/i><\/span><\/p>\n","protected":false},"excerpt":{"rendered":"<p>1.1.Figuras distintas do empregado: 1.1.1.1.Estagi\u00e1rio; &nbsp; O est\u00e1gio passou a ser regulamentado pela Lei n. 11.788\/2008, que assim o conceitua em seu art. 1\u00ba: \u0093Est\u00e1gio \u00e9 ato educativo escolar supervisionado, desenvolvido no ambiente de trabalho, que visa \u00e0 prepara\u00e7\u00e3o para o trabalho produtivo de educandos que estejam freq\u00fcentando o ensino regular em institui\u00e7\u00f5es de educa\u00e7\u00e3o [&hellip;]<\/p>\n","protected":false},"author":123,"featured_media":0,"comment_status":"open","ping_status":"open","sticky":false,"template":"","format":"standard","meta":{"post_tipo":"article","footnotes":""},"categories":[1],"tags":[1145],"tax_estado":[],"class_list":["post-10199","post","type-post","status-publish","format-standard","hentry","category-cursos-e-concursos","tag-resumo"],"acf":[],"yoast_head":"<!-- This site is optimized with the Yoast SEO Premium plugin v27.2 (Yoast SEO v27.2) - https:\/\/yoast.com\/product\/yoast-seo-premium-wordpress\/ -->\n<title>Resumos de direito do trabalho - TRTs - parte 4 - Continua\u00e7\u00e3o rela\u00e7\u00e3o de emprego \/ figuras distintas do empregado \/ empregado<\/title>\n<meta name=\"robots\" content=\"index, follow, max-snippet:-1, max-image-preview:large, max-video-preview:-1\" \/>\n<link rel=\"canonical\" href=\"https:\/\/www.estrategiaconcursos.com.br\/blog\/resumos-de-direito-do-trabalho-trts-parte-4-continuacao-relacao-de-emprego-figuras-distintas-do-empregado-empregado\/\" \/>\n<meta property=\"og:locale\" content=\"pt_BR\" \/>\n<meta property=\"og:type\" content=\"article\" \/>\n<meta property=\"og:title\" content=\"Resumos de direito do trabalho - TRTs - parte 4 - Continua\u00e7\u00e3o rela\u00e7\u00e3o de emprego \/ figuras distintas do empregado \/ empregado\" \/>\n<meta property=\"og:description\" content=\"1.1.Figuras distintas do empregado: 1.1.1.1.Estagi\u00e1rio; &nbsp; O est\u00e1gio passou a ser regulamentado pela Lei n. 11.788\/2008, que assim o conceitua em seu art. 1\u00ba: \u0093Est\u00e1gio \u00e9 ato educativo escolar supervisionado, desenvolvido no ambiente de trabalho, que visa \u00e0 prepara\u00e7\u00e3o para o trabalho produtivo de educandos que estejam freq\u00fcentando o ensino regular em institui\u00e7\u00f5es de educa\u00e7\u00e3o [&hellip;]\" \/>\n<meta property=\"og:url\" content=\"https:\/\/www.estrategiaconcursos.com.br\/blog\/resumos-de-direito-do-trabalho-trts-parte-4-continuacao-relacao-de-emprego-figuras-distintas-do-empregado-empregado\/\" \/>\n<meta property=\"og:site_name\" content=\"Estrat\u00e9gia Concursos\" \/>\n<meta property=\"article:author\" content=\"https:\/\/www.facebook.com\/bruno.klippel\" \/>\n<meta property=\"article:published_time\" content=\"2013-06-06T11:54:32+00:00\" \/>\n<meta property=\"article:modified_time\" content=\"2016-12-13T15:57:45+00:00\" \/>\n<meta name=\"author\" content=\"Bruno Klippel\" \/>\n<meta name=\"twitter:card\" content=\"summary_large_image\" \/>\n<meta name=\"twitter:creator\" content=\"@https:\/\/twitter.com\/brunoklippel\" \/>\n<meta name=\"twitter:site\" content=\"@EstratConcursos\" \/>\n<meta name=\"twitter:label1\" content=\"Escrito por\" \/>\n\t<meta name=\"twitter:data1\" content=\"Bruno Klippel\" \/>\n\t<meta name=\"twitter:label2\" content=\"Est. tempo de leitura\" \/>\n\t<meta name=\"twitter:data2\" content=\"17 minutos\" \/>\n<script type=\"application\/ld+json\" class=\"yoast-schema-graph\">{\"@context\":\"https:\/\/schema.org\",\"@graph\":[{\"@type\":\"NewsArticle\",\"@id\":\"https:\/\/www.estrategiaconcursos.com.br\/blog\/resumos-de-direito-do-trabalho-trts-parte-4-continuacao-relacao-de-emprego-figuras-distintas-do-empregado-empregado\/#article\",\"isPartOf\":{\"@id\":\"https:\/\/www.estrategiaconcursos.com.br\/blog\/resumos-de-direito-do-trabalho-trts-parte-4-continuacao-relacao-de-emprego-figuras-distintas-do-empregado-empregado\/\"},\"author\":{\"name\":\"Bruno Klippel\",\"@id\":\"https:\/\/www.estrategiaconcursos.com.br\/blog\/#\/schema\/person\/e45245f931dbe7daa788a36aeae3db76\"},\"headline\":\"Resumos de direito do trabalho &#8211; TRTs &#8211; parte 4 &#8211; Continua\u00e7\u00e3o rela\u00e7\u00e3o de emprego \/ figuras distintas do empregado \/ empregado\",\"datePublished\":\"2013-06-06T11:54:32+00:00\",\"dateModified\":\"2016-12-13T15:57:45+00:00\",\"mainEntityOfPage\":{\"@id\":\"https:\/\/www.estrategiaconcursos.com.br\/blog\/resumos-de-direito-do-trabalho-trts-parte-4-continuacao-relacao-de-emprego-figuras-distintas-do-empregado-empregado\/\"},\"wordCount\":3417,\"commentCount\":0,\"publisher\":{\"@id\":\"https:\/\/www.estrategiaconcursos.com.br\/blog\/#organization\"},\"keywords\":[\"resumo\"],\"articleSection\":[\"Concursos P\u00fablicos\"],\"inLanguage\":\"pt-BR\",\"potentialAction\":[{\"@type\":\"CommentAction\",\"name\":\"Comment\",\"target\":[\"https:\/\/www.estrategiaconcursos.com.br\/blog\/resumos-de-direito-do-trabalho-trts-parte-4-continuacao-relacao-de-emprego-figuras-distintas-do-empregado-empregado\/#respond\"]}],\"copyrightYear\":\"2013\",\"copyrightHolder\":{\"@id\":\"https:\/\/www.estrategiaconcursos.com.br\/blog\/#organization\"}},{\"@type\":\"WebPage\",\"@id\":\"https:\/\/www.estrategiaconcursos.com.br\/blog\/resumos-de-direito-do-trabalho-trts-parte-4-continuacao-relacao-de-emprego-figuras-distintas-do-empregado-empregado\/\",\"url\":\"https:\/\/www.estrategiaconcursos.com.br\/blog\/resumos-de-direito-do-trabalho-trts-parte-4-continuacao-relacao-de-emprego-figuras-distintas-do-empregado-empregado\/\",\"name\":\"Resumos de direito do trabalho - TRTs - parte 4 - Continua\u00e7\u00e3o rela\u00e7\u00e3o de emprego \/ figuras distintas do empregado \/ empregado\",\"isPartOf\":{\"@id\":\"https:\/\/www.estrategiaconcursos.com.br\/blog\/#website\"},\"datePublished\":\"2013-06-06T11:54:32+00:00\",\"dateModified\":\"2016-12-13T15:57:45+00:00\",\"breadcrumb\":{\"@id\":\"https:\/\/www.estrategiaconcursos.com.br\/blog\/resumos-de-direito-do-trabalho-trts-parte-4-continuacao-relacao-de-emprego-figuras-distintas-do-empregado-empregado\/#breadcrumb\"},\"inLanguage\":\"pt-BR\",\"potentialAction\":[{\"@type\":\"ReadAction\",\"target\":[\"https:\/\/www.estrategiaconcursos.com.br\/blog\/resumos-de-direito-do-trabalho-trts-parte-4-continuacao-relacao-de-emprego-figuras-distintas-do-empregado-empregado\/\"]}]},{\"@type\":\"BreadcrumbList\",\"@id\":\"https:\/\/www.estrategiaconcursos.com.br\/blog\/resumos-de-direito-do-trabalho-trts-parte-4-continuacao-relacao-de-emprego-figuras-distintas-do-empregado-empregado\/#breadcrumb\",\"itemListElement\":[{\"@type\":\"ListItem\",\"position\":1,\"name\":\"In\u00edcio\",\"item\":\"https:\/\/www.estrategiaconcursos.com.br\/blog\/\"},{\"@type\":\"ListItem\",\"position\":2,\"name\":\"Resumos de direito do trabalho &#8211; TRTs &#8211; parte 4 &#8211; Continua\u00e7\u00e3o rela\u00e7\u00e3o de emprego \/ figuras distintas do empregado \/ empregado\"}]},{\"@type\":\"WebSite\",\"@id\":\"https:\/\/www.estrategiaconcursos.com.br\/blog\/#website\",\"url\":\"https:\/\/www.estrategiaconcursos.com.br\/blog\/\",\"name\":\"Estrat\u00e9gia Concursos\",\"description\":\"O blog da Estrat\u00e9gia Concursos traz not\u00edcias sobre concursos e artigos de professores oferecendo cursos para concursos (pdf + videaulas) no site.\",\"publisher\":{\"@id\":\"https:\/\/www.estrategiaconcursos.com.br\/blog\/#organization\"},\"potentialAction\":[{\"@type\":\"SearchAction\",\"target\":{\"@type\":\"EntryPoint\",\"urlTemplate\":\"https:\/\/www.estrategiaconcursos.com.br\/blog\/?s={search_term_string}\"},\"query-input\":{\"@type\":\"PropertyValueSpecification\",\"valueRequired\":true,\"valueName\":\"search_term_string\"}}],\"inLanguage\":\"pt-BR\"},{\"@type\":\"Organization\",\"@id\":\"https:\/\/www.estrategiaconcursos.com.br\/blog\/#organization\",\"name\":\"Estrat\u00e9gia Concursos\",\"url\":\"https:\/\/www.estrategiaconcursos.com.br\/blog\/\",\"logo\":{\"@type\":\"ImageObject\",\"inLanguage\":\"pt-BR\",\"@id\":\"https:\/\/www.estrategiaconcursos.com.br\/blog\/#\/schema\/logo\/image\/\",\"url\":\"https:\/\/dhg1h5j42swfq.cloudfront.net\/2025\/06\/03203428\/logo_concursos-1.jpg\",\"contentUrl\":\"https:\/\/dhg1h5j42swfq.cloudfront.net\/2025\/06\/03203428\/logo_concursos-1.jpg\",\"width\":230,\"height\":60,\"caption\":\"Estrat\u00e9gia Concursos\"},\"image\":{\"@id\":\"https:\/\/www.estrategiaconcursos.com.br\/blog\/#\/schema\/logo\/image\/\"},\"sameAs\":[\"https:\/\/x.com\/EstratConcursos\"]},{\"@type\":\"Person\",\"@id\":\"https:\/\/www.estrategiaconcursos.com.br\/blog\/#\/schema\/person\/e45245f931dbe7daa788a36aeae3db76\",\"name\":\"Bruno Klippel\",\"image\":{\"@type\":\"ImageObject\",\"inLanguage\":\"pt-BR\",\"@id\":\"https:\/\/secure.gravatar.com\/avatar\/555136b5a9f57831d9839d55086ed04254bbba23fd861d79951efc1f321b41cf?s=96&d=mm&r=g\",\"url\":\"https:\/\/secure.gravatar.com\/avatar\/555136b5a9f57831d9839d55086ed04254bbba23fd861d79951efc1f321b41cf?s=96&d=mm&r=g\",\"contentUrl\":\"https:\/\/secure.gravatar.com\/avatar\/555136b5a9f57831d9839d55086ed04254bbba23fd861d79951efc1f321b41cf?s=96&d=mm&r=g\",\"caption\":\"Bruno Klippel\"},\"sameAs\":[\"https:\/\/www.facebook.com\/bruno.klippel\",\"https:\/\/x.com\/https:\/\/twitter.com\/brunoklippel\"],\"url\":\"https:\/\/www.estrategiaconcursos.com.br\/blog\/author\/brunoklippelestrategiaconcursos-com-br\/\"}]}<\/script>\n<!-- \/ Yoast SEO Premium plugin. -->","yoast_head_json":{"title":"Resumos de direito do trabalho - TRTs - parte 4 - Continua\u00e7\u00e3o rela\u00e7\u00e3o de emprego \/ figuras distintas do empregado \/ empregado","robots":{"index":"index","follow":"follow","max-snippet":"max-snippet:-1","max-image-preview":"max-image-preview:large","max-video-preview":"max-video-preview:-1"},"canonical":"https:\/\/www.estrategiaconcursos.com.br\/blog\/resumos-de-direito-do-trabalho-trts-parte-4-continuacao-relacao-de-emprego-figuras-distintas-do-empregado-empregado\/","og_locale":"pt_BR","og_type":"article","og_title":"Resumos de direito do trabalho - TRTs - parte 4 - Continua\u00e7\u00e3o rela\u00e7\u00e3o de emprego \/ figuras distintas do empregado \/ empregado","og_description":"1.1.Figuras distintas do empregado: 1.1.1.1.Estagi\u00e1rio; &nbsp; O est\u00e1gio passou a ser regulamentado pela Lei n. 11.788\/2008, que assim o conceitua em seu art. 1\u00ba: \u0093Est\u00e1gio \u00e9 ato educativo escolar supervisionado, desenvolvido no ambiente de trabalho, que visa \u00e0 prepara\u00e7\u00e3o para o trabalho produtivo de educandos que estejam freq\u00fcentando o ensino regular em institui\u00e7\u00f5es de educa\u00e7\u00e3o [&hellip;]","og_url":"https:\/\/www.estrategiaconcursos.com.br\/blog\/resumos-de-direito-do-trabalho-trts-parte-4-continuacao-relacao-de-emprego-figuras-distintas-do-empregado-empregado\/","og_site_name":"Estrat\u00e9gia Concursos","article_author":"https:\/\/www.facebook.com\/bruno.klippel","article_published_time":"2013-06-06T11:54:32+00:00","article_modified_time":"2016-12-13T15:57:45+00:00","author":"Bruno Klippel","twitter_card":"summary_large_image","twitter_creator":"@https:\/\/twitter.com\/brunoklippel","twitter_site":"@EstratConcursos","twitter_misc":{"Escrito por":"Bruno Klippel","Est. tempo de leitura":"17 minutos"},"schema":{"@context":"https:\/\/schema.org","@graph":[{"@type":"NewsArticle","@id":"https:\/\/www.estrategiaconcursos.com.br\/blog\/resumos-de-direito-do-trabalho-trts-parte-4-continuacao-relacao-de-emprego-figuras-distintas-do-empregado-empregado\/#article","isPartOf":{"@id":"https:\/\/www.estrategiaconcursos.com.br\/blog\/resumos-de-direito-do-trabalho-trts-parte-4-continuacao-relacao-de-emprego-figuras-distintas-do-empregado-empregado\/"},"author":{"name":"Bruno Klippel","@id":"https:\/\/www.estrategiaconcursos.com.br\/blog\/#\/schema\/person\/e45245f931dbe7daa788a36aeae3db76"},"headline":"Resumos de direito do trabalho &#8211; TRTs &#8211; parte 4 &#8211; Continua\u00e7\u00e3o rela\u00e7\u00e3o de emprego \/ figuras distintas do empregado \/ empregado","datePublished":"2013-06-06T11:54:32+00:00","dateModified":"2016-12-13T15:57:45+00:00","mainEntityOfPage":{"@id":"https:\/\/www.estrategiaconcursos.com.br\/blog\/resumos-de-direito-do-trabalho-trts-parte-4-continuacao-relacao-de-emprego-figuras-distintas-do-empregado-empregado\/"},"wordCount":3417,"commentCount":0,"publisher":{"@id":"https:\/\/www.estrategiaconcursos.com.br\/blog\/#organization"},"keywords":["resumo"],"articleSection":["Concursos P\u00fablicos"],"inLanguage":"pt-BR","potentialAction":[{"@type":"CommentAction","name":"Comment","target":["https:\/\/www.estrategiaconcursos.com.br\/blog\/resumos-de-direito-do-trabalho-trts-parte-4-continuacao-relacao-de-emprego-figuras-distintas-do-empregado-empregado\/#respond"]}],"copyrightYear":"2013","copyrightHolder":{"@id":"https:\/\/www.estrategiaconcursos.com.br\/blog\/#organization"}},{"@type":"WebPage","@id":"https:\/\/www.estrategiaconcursos.com.br\/blog\/resumos-de-direito-do-trabalho-trts-parte-4-continuacao-relacao-de-emprego-figuras-distintas-do-empregado-empregado\/","url":"https:\/\/www.estrategiaconcursos.com.br\/blog\/resumos-de-direito-do-trabalho-trts-parte-4-continuacao-relacao-de-emprego-figuras-distintas-do-empregado-empregado\/","name":"Resumos de direito do trabalho - TRTs - parte 4 - Continua\u00e7\u00e3o rela\u00e7\u00e3o de emprego \/ figuras distintas do empregado \/ empregado","isPartOf":{"@id":"https:\/\/www.estrategiaconcursos.com.br\/blog\/#website"},"datePublished":"2013-06-06T11:54:32+00:00","dateModified":"2016-12-13T15:57:45+00:00","breadcrumb":{"@id":"https:\/\/www.estrategiaconcursos.com.br\/blog\/resumos-de-direito-do-trabalho-trts-parte-4-continuacao-relacao-de-emprego-figuras-distintas-do-empregado-empregado\/#breadcrumb"},"inLanguage":"pt-BR","potentialAction":[{"@type":"ReadAction","target":["https:\/\/www.estrategiaconcursos.com.br\/blog\/resumos-de-direito-do-trabalho-trts-parte-4-continuacao-relacao-de-emprego-figuras-distintas-do-empregado-empregado\/"]}]},{"@type":"BreadcrumbList","@id":"https:\/\/www.estrategiaconcursos.com.br\/blog\/resumos-de-direito-do-trabalho-trts-parte-4-continuacao-relacao-de-emprego-figuras-distintas-do-empregado-empregado\/#breadcrumb","itemListElement":[{"@type":"ListItem","position":1,"name":"In\u00edcio","item":"https:\/\/www.estrategiaconcursos.com.br\/blog\/"},{"@type":"ListItem","position":2,"name":"Resumos de direito do trabalho &#8211; TRTs &#8211; parte 4 &#8211; Continua\u00e7\u00e3o rela\u00e7\u00e3o de emprego \/ figuras distintas do empregado \/ empregado"}]},{"@type":"WebSite","@id":"https:\/\/www.estrategiaconcursos.com.br\/blog\/#website","url":"https:\/\/www.estrategiaconcursos.com.br\/blog\/","name":"Estrat\u00e9gia Concursos","description":"O blog da Estrat\u00e9gia Concursos traz not\u00edcias sobre concursos e artigos de professores oferecendo cursos para concursos (pdf + videaulas) no site.","publisher":{"@id":"https:\/\/www.estrategiaconcursos.com.br\/blog\/#organization"},"potentialAction":[{"@type":"SearchAction","target":{"@type":"EntryPoint","urlTemplate":"https:\/\/www.estrategiaconcursos.com.br\/blog\/?s={search_term_string}"},"query-input":{"@type":"PropertyValueSpecification","valueRequired":true,"valueName":"search_term_string"}}],"inLanguage":"pt-BR"},{"@type":"Organization","@id":"https:\/\/www.estrategiaconcursos.com.br\/blog\/#organization","name":"Estrat\u00e9gia Concursos","url":"https:\/\/www.estrategiaconcursos.com.br\/blog\/","logo":{"@type":"ImageObject","inLanguage":"pt-BR","@id":"https:\/\/www.estrategiaconcursos.com.br\/blog\/#\/schema\/logo\/image\/","url":"https:\/\/dhg1h5j42swfq.cloudfront.net\/2025\/06\/03203428\/logo_concursos-1.jpg","contentUrl":"https:\/\/dhg1h5j42swfq.cloudfront.net\/2025\/06\/03203428\/logo_concursos-1.jpg","width":230,"height":60,"caption":"Estrat\u00e9gia Concursos"},"image":{"@id":"https:\/\/www.estrategiaconcursos.com.br\/blog\/#\/schema\/logo\/image\/"},"sameAs":["https:\/\/x.com\/EstratConcursos"]},{"@type":"Person","@id":"https:\/\/www.estrategiaconcursos.com.br\/blog\/#\/schema\/person\/e45245f931dbe7daa788a36aeae3db76","name":"Bruno Klippel","image":{"@type":"ImageObject","inLanguage":"pt-BR","@id":"https:\/\/secure.gravatar.com\/avatar\/555136b5a9f57831d9839d55086ed04254bbba23fd861d79951efc1f321b41cf?s=96&d=mm&r=g","url":"https:\/\/secure.gravatar.com\/avatar\/555136b5a9f57831d9839d55086ed04254bbba23fd861d79951efc1f321b41cf?s=96&d=mm&r=g","contentUrl":"https:\/\/secure.gravatar.com\/avatar\/555136b5a9f57831d9839d55086ed04254bbba23fd861d79951efc1f321b41cf?s=96&d=mm&r=g","caption":"Bruno Klippel"},"sameAs":["https:\/\/www.facebook.com\/bruno.klippel","https:\/\/x.com\/https:\/\/twitter.com\/brunoklippel"],"url":"https:\/\/www.estrategiaconcursos.com.br\/blog\/author\/brunoklippelestrategiaconcursos-com-br\/"}]}},"_links":{"self":[{"href":"https:\/\/www.estrategiaconcursos.com.br\/blog\/wp-json\/wp\/v2\/posts\/10199","targetHints":{"allow":["GET"]}}],"collection":[{"href":"https:\/\/www.estrategiaconcursos.com.br\/blog\/wp-json\/wp\/v2\/posts"}],"about":[{"href":"https:\/\/www.estrategiaconcursos.com.br\/blog\/wp-json\/wp\/v2\/types\/post"}],"author":[{"embeddable":true,"href":"https:\/\/www.estrategiaconcursos.com.br\/blog\/wp-json\/wp\/v2\/users\/123"}],"replies":[{"embeddable":true,"href":"https:\/\/www.estrategiaconcursos.com.br\/blog\/wp-json\/wp\/v2\/comments?post=10199"}],"version-history":[{"count":1,"href":"https:\/\/www.estrategiaconcursos.com.br\/blog\/wp-json\/wp\/v2\/posts\/10199\/revisions"}],"predecessor-version":[{"id":57767,"href":"https:\/\/www.estrategiaconcursos.com.br\/blog\/wp-json\/wp\/v2\/posts\/10199\/revisions\/57767"}],"wp:attachment":[{"href":"https:\/\/www.estrategiaconcursos.com.br\/blog\/wp-json\/wp\/v2\/media?parent=10199"}],"wp:term":[{"taxonomy":"category","embeddable":true,"href":"https:\/\/www.estrategiaconcursos.com.br\/blog\/wp-json\/wp\/v2\/categories?post=10199"},{"taxonomy":"post_tag","embeddable":true,"href":"https:\/\/www.estrategiaconcursos.com.br\/blog\/wp-json\/wp\/v2\/tags?post=10199"},{"taxonomy":"tax_estado","embeddable":true,"href":"https:\/\/www.estrategiaconcursos.com.br\/blog\/wp-json\/wp\/v2\/tax_estado?post=10199"}],"curies":[{"name":"wp","href":"https:\/\/api.w.org\/{rel}","templated":true}]}}