{"id":10195,"date":"2013-06-05T14:12:30","date_gmt":"2013-06-05T14:12:30","guid":{"rendered":"https:\/\/www.estrategiaconcursos.com.br\/blog\/resumos-de-direito-do-trabalho-relacao-de-emprego-parte-3-trtsc-trtgo-trtsp-e-trtpa\/"},"modified":"2016-12-13T12:57:45","modified_gmt":"2016-12-13T15:57:45","slug":"resumos-de-direito-do-trabalho-relacao-de-emprego-parte-3-trtsc-trtgo-trtsp-e-trtpa","status":"publish","type":"post","link":"https:\/\/www.estrategiaconcursos.com.br\/blog\/resumos-de-direito-do-trabalho-relacao-de-emprego-parte-3-trtsc-trtgo-trtsp-e-trtpa\/","title":{"rendered":"Resumos de Direito do Trabalho &#8211; Rela\u00e7\u00e3o de emprego &#8211; Parte 3 &#8211; TRT\/SC, TRT\/GO, TRT\/SP e TRT\/PA."},"content":{"rendered":"<p class=\"MsoListParagraphCxSpFirst\" style=\"margin-top:6.0pt;margin-right:0cm;\nmargin-bottom:6.0pt;margin-left:36.0pt;mso-add-space:auto;text-align:justify;\ntext-indent:-18.0pt;line-height:150%;mso-list:l0 level1 lfo1\"><!--[if !supportLists]--><b><span style=\"font-size:12.0pt;line-height:\n150%;font-family:&quot;Times New Roman&quot;,&quot;serif&quot;;mso-fareast-font-family:&quot;Times New Roman&quot;\">1.<span style=\"font-weight: normal; font-size: 7pt; line-height: normal; font-family: 'Times New Roman';\">&nbsp;&nbsp;&nbsp;&nbsp;&nbsp;<br \/>\n<\/span><\/span><\/b><!--[endif]--><b><span style=\"font-size:12.0pt;line-height:150%;font-family:&quot;Times New Roman&quot;,&quot;serif&quot;\">Rela\u00e7\u00e3o<br \/>\nde emprego;<o:p><\/o:p><\/span><\/b><\/p>\n<p class=\"MsoListParagraphCxSpMiddle\" style=\"margin-top:6.0pt;margin-right:0cm;\nmargin-bottom:6.0pt;margin-left:0cm;mso-add-space:auto;text-align:justify;\nline-height:150%\"><b><span style=\"font-size:12.0pt;line-height:150%;font-family:&quot;Times New Roman&quot;,&quot;serif&quot;\">&nbsp;<\/span><\/b><\/p>\n<p class=\"MsoListParagraphCxSpMiddle\" style=\"margin-top:6.0pt;margin-right:0cm;\nmargin-bottom:6.0pt;margin-left:0cm;mso-add-space:auto;text-align:justify;\nline-height:150%\"><span style=\"font-size:12.0pt;line-height:150%;font-family:\n&quot;Times New Roman&quot;,&quot;serif&quot;\">Rela\u00e7\u00e3o de emprego \u00e9 o v\u00ednculo que surge entre<br \/>\nempregado e empregador, contudo, trata-se de um v\u00ednculo especial, que ser\u00e1<br \/>\nverificado apenas se presentes alguns requisitos, dispostos, em especial, no<br \/>\nart. 3\u00ba da CLT.<o:p><\/o:p><\/span><\/p>\n<p class=\"MsoListParagraphCxSpMiddle\" style=\"margin-top:6.0pt;margin-right:0cm;\nmargin-bottom:6.0pt;margin-left:0cm;mso-add-space:auto;text-align:justify;\nline-height:150%\"><span style=\"font-size:12.0pt;line-height:150%;font-family:\n&quot;Times New Roman&quot;,&quot;serif&quot;\">N\u00e3o \u00e9 qualquer rela\u00e7\u00e3o de trabalho que pode ser<br \/>\nconsiderada rela\u00e7\u00e3o de emprego, pois aquela \u00e9 g\u00eanero da qual esta \u00e9 uma de suas<br \/>\nesp\u00e9cies. Em um caso concreto, pode ser verificada a presta\u00e7\u00e3o de servi\u00e7os por<br \/>\nJo\u00e3o \u00e0 Jos\u00e9 sem que esteja configurada uma rela\u00e7\u00e3o de emprego.<o:p><\/o:p><\/span><\/p>\n<p class=\"MsoListParagraphCxSpMiddle\" style=\"margin-top:6.0pt;margin-right:0cm;\nmargin-bottom:6.0pt;margin-left:0cm;mso-add-space:auto;text-align:justify;\nline-height:150%\"><span style=\"font-size:12.0pt;line-height:150%;font-family:\n&quot;Times New Roman&quot;,&quot;serif&quot;\">Sobre o tema, destaca-se o art. 442 da CLT, que assi<\/span><span style=\"font-family:&quot;Times New Roman&quot;,&quot;serif&quot;\">m disp\u00f5e: <i>\u0093Contrato individual de trabalho \u00e9 o acordo t\u00e1cito ou expresso,<br \/>\ncorrespondente \u00e0 rela\u00e7\u00e3o de emprego\u0094.<o:p><\/o:p><\/i><\/span><\/p>\n<p class=\"MsoListParagraphCxSpMiddle\" style=\"margin-top:6.0pt;margin-right:0cm;\nmargin-bottom:6.0pt;margin-left:0cm;mso-add-space:auto;text-align:justify;\nline-height:150%\"><b><span style=\"font-size:12.0pt;line-height:150%;font-family:&quot;Times New Roman&quot;,&quot;serif&quot;\">&nbsp;<\/span><\/b><\/p>\n<p class=\"MsoListParagraphCxSpMiddle\" style=\"margin-top:6.0pt;margin-right:0cm;\nmargin-bottom:6.0pt;margin-left:36.0pt;mso-add-space:auto;text-align:justify;\ntext-indent:-18.0pt;line-height:150%;mso-list:l0 level2 lfo1\"><!--[if !supportLists]--><b><span style=\"font-size:12.0pt;line-height:\n150%;font-family:&quot;Times New Roman&quot;,&quot;serif&quot;;mso-fareast-font-family:&quot;Times New Roman&quot;\">1.1.<\/span><\/b><!--[endif]--><b><span style=\"font-size:12.0pt;line-height:150%;font-family:&quot;Times New Roman&quot;,&quot;serif&quot;\">Diferen\u00e7a<br \/>\nentre rela\u00e7\u00e3o de emprego e rela\u00e7\u00e3o de trabalho;<o:p><\/o:p><\/span><\/b><\/p>\n<p class=\"MsoListParagraphCxSpMiddle\" style=\"margin-top:6.0pt;margin-right:0cm;\nmargin-bottom:6.0pt;margin-left:0cm;mso-add-space:auto;text-align:justify;\nline-height:150%\"><b><span style=\"font-size:12.0pt;line-height:150%;font-family:&quot;Times New Roman&quot;,&quot;serif&quot;\">&nbsp;<\/span><\/b><\/p>\n<p class=\"MsoListParagraphCxSpMiddle\" style=\"margin-top:6.0pt;margin-right:0cm;\nmargin-bottom:6.0pt;margin-left:0cm;mso-add-space:auto;text-align:justify;\nline-height:150%\"><span style=\"font-size:12.0pt;line-height:150%;font-family:\n&quot;Times New Roman&quot;,&quot;serif&quot;\">Conforme afirmou-se no t\u00f3pico anterior, rela\u00e7\u00e3o de<br \/>\nempregado e rela\u00e7\u00e3o de trabalho n\u00e3o s\u00e3o sin\u00f4nimos. Em verdade, o termo rela\u00e7\u00e3o<br \/>\nde trabalho denota situa\u00e7\u00e3o mais ampla que rela\u00e7\u00e3o de emprego, por tratar-se de<br \/>\ng\u00eanero, sendo uma de suas esp\u00e9cies a rela\u00e7\u00e3o de emprego.<o:p><\/o:p><\/span><\/p>\n<p class=\"MsoListParagraphCxSpMiddle\" style=\"margin-top:6.0pt;margin-right:0cm;\nmargin-bottom:6.0pt;margin-left:0cm;mso-add-space:auto;text-align:justify;\nline-height:150%\"><span style=\"font-size:12.0pt;line-height:150%;font-family:\n&quot;Times New Roman&quot;,&quot;serif&quot;\">Isso porque qualquer presta\u00e7\u00e3o de servi\u00e7os entre uma<br \/>\npessoas f\u00edsicas ou f\u00edsica e jur\u00eddica, constitiu uma rela\u00e7\u00e3o de trabalho, j\u00e1 que<br \/>\nh\u00e1 a presta\u00e7\u00e3o de labor e o recebimento de quantia em contrapresta\u00e7\u00e3o. Por\u00e9m,<br \/>\ntal rela\u00e7\u00e3o somente ser\u00e1 qualificada a ponto de ser denominada <i>de emprego<\/i>, <i>&nbsp;<\/i>se estiverem presentes<br \/>\nalguns requisitos, a saber: <i>trabalho<br \/>\nrealizado por pessoa f\u00edsica, pessoalidade, habitualidade, onerosidade,<br \/>\nsubordina\u00e7\u00e3o <\/i>e <i>alteridade<\/i>. A<br \/>\naus\u00eancia de qualquer dos requisitos elencados desqualifica a rela\u00e7\u00e3o de emprego<br \/>\npara uma rela\u00e7\u00e3o de trabalho, retirando do obreiro os direitos e garantias<br \/>\nprevistos na CLT e em outras leis trabalhistas, por tratar-se de v\u00ednculo civil,<br \/>\nou seja, que deve ser analisada conforme regras de direito comum.<o:p><\/o:p><\/span><\/p>\n<p class=\"MsoListParagraphCxSpMiddle\" style=\"margin-top:6.0pt;margin-right:0cm;\nmargin-bottom:6.0pt;margin-left:0cm;mso-add-space:auto;text-align:justify;\nline-height:150%\"><span style=\"font-size:12.0pt;line-height:150%;font-family:\n&quot;Times New Roman&quot;,&quot;serif&quot;\">Um exemplo ajudar\u00e1 na compreens\u00e3o do tema: O<br \/>\npedreiro, o eletricista ou o jardineiro que s\u00e3o chamados para realizar uma<br \/>\nreforma, trocar a fia\u00e7\u00e3o da casa ou podar as plantas do jardim est\u00e3o exercendo<br \/>\nlabor, ou seja, est\u00e3o \u0093trocando\u0094 sua for\u00e7a de trabalho por uma remunera\u00e7\u00e3o. Enquanto<br \/>\nestiverem executando suas fun\u00e7\u00f5es, encontrar-se-\u00e3o&nbsp; vinculados a quem os contratou, por normas do<br \/>\nC\u00f3digo Civil Brasileiro, que rege o contrato de presta\u00e7\u00e3o de servi\u00e7os. Mas<br \/>\nporque n\u00e3o est\u00e3o vinculados ao tomador do servi\u00e7os por t\u00edpica rela\u00e7\u00e3o de<br \/>\nemprego? Pois n\u00e3o est\u00e3o presentes, concomitantemente, todos os requisitos j\u00e1<br \/>\ncitados, como por exemplo, a <i>habitualidade<\/i>,<br \/>\ntamb\u00e9m denominada de <i>n\u00e3o eventualidade. <\/i>O<br \/>\npedreiro ou o eletricista e ainda o jardineiro, n\u00e3o exercem suas fun\u00e7\u00f5es para o<br \/>\nmesmo tomador de servi\u00e7os de forma habitual, ou seja, todos os dias, ou alguns<br \/>\ndias na semana ou mesmo um dia por semana. O trabalho por eles exercido \u00e9<br \/>\nabsolutamente eventual. Quando h\u00e1 necessidade de seus servi\u00e7os, s\u00e3o chamados a<br \/>\nprest\u00e1-los, o que pode ocorrer duas vezes por m\u00eas ou uma vez ao ano. N\u00e3o h\u00e1 uma<br \/>\nprograma\u00e7\u00e3o de datas para a execu\u00e7\u00e3o dos servi\u00e7os. <b>Trata-se de rela\u00e7\u00e3o de trabalho<\/b>, <b>ante a eventualidade na presta\u00e7\u00e3o dos servi\u00e7os.<o:p><\/o:p><\/b><\/span><\/p>\n<p class=\"MsoListParagraphCxSpMiddle\" style=\"margin-top:6.0pt;margin-right:0cm;\nmargin-bottom:6.0pt;margin-left:0cm;mso-add-space:auto;text-align:justify;\nline-height:150%\"><span style=\"font-size:12.0pt;line-height:150%;font-family:\n&quot;Times New Roman&quot;,&quot;serif&quot;\">Situa\u00e7\u00e3o totalmente diversa \u00e9 aquela que envolve,<br \/>\npor exemplo, empregado dom\u00e9stico e ente familiar, seu empregador. Nessa<br \/>\nsitua\u00e7\u00e3o, mesmo que p empregado n\u00e3o trabalhe todos os dias, e sim, apenas<br \/>\nalguns, h\u00e1 uma habitualidade na presta\u00e7\u00e3o dos servi\u00e7os, pois h\u00e1 labor todas as<br \/>\nsegundas, quartas e sextas-feiras. Aqui existe habitualidade, que n\u00e3o precisa<br \/>\nser todos os dias, bastando alguns. <b>Nessa<br \/>\nsitua\u00e7\u00e3o temos t\u00edpica rela\u00e7\u00e3o de emprego, pois presentes todos os requisitos do<br \/>\nart. 3\u00ba da CLT.<o:p><\/o:p><\/b><\/span><\/p>\n<p class=\"MsoListParagraphCxSpMiddle\" style=\"margin-top:6.0pt;margin-right:0cm;\nmargin-bottom:6.0pt;margin-left:0cm;mso-add-space:auto;text-align:justify;\nline-height:150%\"><span style=\"font-size:12.0pt;line-height:150%;font-family:\n&quot;Times New Roman&quot;,&quot;serif&quot;\">Em s\u00edntese, somente haver\u00e1 rela\u00e7\u00e3o de emprego se<br \/>\npresentes os requisitos do artigo supracitado da CLT. A aus\u00eancia de qualquer<br \/>\ndeles acarretar\u00e1 a forma\u00e7\u00e3o de rela\u00e7\u00e3o de trabalho entre as partes.<o:p><\/o:p><\/span><\/p>\n<p class=\"MsoListParagraphCxSpMiddle\" style=\"margin-top:6.0pt;margin-right:0cm;\nmargin-bottom:6.0pt;margin-left:0cm;mso-add-space:auto;text-align:justify;\nline-height:150%\"><span style=\"font-size:12.0pt;line-height:150%;font-family:\n&quot;Times New Roman&quot;,&quot;serif&quot;\">&nbsp;<\/span><\/p>\n<p class=\"MsoListParagraphCxSpMiddle\" style=\"margin-top:6.0pt;margin-right:0cm;\nmargin-bottom:6.0pt;margin-left:54.0pt;mso-add-space:auto;text-align:justify;\ntext-indent:-36.0pt;line-height:150%;mso-list:l0 level3 lfo1\"><!--[if !supportLists]--><b><span style=\"font-size:12.0pt;line-height:\n150%;font-family:&quot;Times New Roman&quot;,&quot;serif&quot;;mso-fareast-font-family:&quot;Times New Roman&quot;\">1.1.1.<span style=\"font-weight: normal; font-size: 7pt; line-height: normal; font-family: 'Times New Roman';\">&nbsp;&nbsp;&nbsp;&nbsp;&nbsp;<br \/>\n<\/span><\/span><\/b><!--[endif]--><b><span style=\"font-size:12.0pt;line-height:150%;font-family:&quot;Times New Roman&quot;,&quot;serif&quot;\">Compet\u00eancia<br \/>\nda Justi\u00e7a do Trabalho;<o:p><\/o:p><\/span><\/b><\/p>\n<p class=\"MsoListParagraphCxSpMiddle\" style=\"margin-top:6.0pt;margin-right:0cm;\nmargin-bottom:6.0pt;margin-left:0cm;mso-add-space:auto;text-align:justify;\nline-height:150%\"><b><span style=\"font-size:12.0pt;line-height:150%;font-family:&quot;Times New Roman&quot;,&quot;serif&quot;\">&nbsp;<\/span><\/b><\/p>\n<p class=\"MsoListParagraphCxSpMiddle\" style=\"margin-top:6.0pt;margin-right:0cm;\nmargin-bottom:6.0pt;margin-left:0cm;mso-add-space:auto;text-align:justify;\nline-height:150%\"><span style=\"font-size:12.0pt;line-height:150%;font-family:\n&quot;Times New Roman&quot;,&quot;serif&quot;\">O presente t\u00f3pico, apesar de fazer men\u00e7\u00e3o \u00e0 t\u00edpica<br \/>\nmat\u00e9ria de direito processual do trabalho, est\u00e1 aqui colocada pois intimamente<br \/>\nrelacionada com o tema em estudo, em especial ap\u00f3s as altera\u00e7\u00f5es empreendidas<br \/>\npela Emenda Constitucional n. 45\/04, que alargou a compet\u00eancia da Justi\u00e7a do<br \/>\nTrabalho, ao modificar o texto do art. 114, I da CRFB\/88.<o:p><\/o:p><\/span><\/p>\n<p class=\"MsoListParagraphCxSpMiddle\" style=\"margin-top:6.0pt;margin-right:0cm;\nmargin-bottom:6.0pt;margin-left:0cm;mso-add-space:auto;text-align:justify;\nline-height:150%\"><span style=\"font-size:12.0pt;line-height:150%;font-family:\n&quot;Times New Roman&quot;,&quot;serif&quot;\">O texto atual versa que a Justi\u00e7a do Trabalho \u00e9<br \/>\ncompetente para processar e julgar <i>\u0093as<br \/>\na\u00e7\u00f5es oriundas da rela\u00e7\u00e3o de trabalho, abrangidos os entes de direito p\u00fablico<br \/>\nexterno e da administra\u00e7\u00e3o p\u00fablica direta e indireta da Uni\u00e3o, dos Estados, do<br \/>\nDistrito Federal e dos Munic\u00edpios\u0094.<o:p><\/o:p><\/i><\/span><\/p>\n<p class=\"MsoListParagraphCxSpMiddle\" style=\"margin-top:6.0pt;margin-right:0cm;\nmargin-bottom:6.0pt;margin-left:0cm;mso-add-space:auto;text-align:justify;\nline-height:150%\"><span style=\"font-size:12.0pt;line-height:150%;font-family:\n&quot;Times New Roman&quot;,&quot;serif&quot;\">O texto revogado trazia, em vez de rela\u00e7\u00e3o de<br \/>\ntrabalho, o termo <i>diss\u00eddios individuais e<br \/>\ncoletivos entre trabalhadores e empregadores<\/i>, o que deixa n\u00edtido que a<br \/>\ncompet\u00eancia dessa justi\u00e7a especializada era mais restrita, pois somente os<br \/>\nlit\u00edgios atinentes \u00e0 rela\u00e7\u00e3o de emprego, esp\u00e9cie de rela\u00e7\u00e3o de trabalho, \u00e9 que<br \/>\npoderiam ser objeto de an\u00e1lise.<o:p><\/o:p><\/span><\/p>\n<p class=\"MsoListParagraphCxSpMiddle\" style=\"margin-top:6.0pt;margin-right:0cm;\nmargin-bottom:6.0pt;margin-left:0cm;mso-add-space:auto;text-align:justify;\nline-height:150%\"><span style=\"font-size:12.0pt;line-height:150%;font-family:\n&quot;Times New Roman&quot;,&quot;serif&quot;\">Ap\u00f3s a EC n. 45\/04, qualquer lide envolvendo mat\u00e9ria<br \/>\ntrabalhista ser\u00e1 da compet\u00eancia absoluta da Justi\u00e7a do Trabalho. Perceba-se que<br \/>\na altera\u00e7\u00e3o legislativa fez com que a compet\u00eancia daquele ramo do judici\u00e1rio<br \/>\npassasse a ser visualizada n\u00e3o em torno dos sujeitos da rela\u00e7\u00e3o de emprego<br \/>\n(trabalhadores e empregadores), e sim, na mat\u00e9ria objeto de an\u00e1lise (rela\u00e7\u00e3o de<br \/>\ntrabalho). As in\u00fameras quest\u00f5es envolvendo a <i>nova compet\u00eancia da Justi\u00e7a do Trabalho <\/i>ser\u00e3o oportunamente<br \/>\nestudadas na presente obra.<o:p><\/o:p><\/span><\/p>\n<p class=\"MsoListParagraphCxSpMiddle\" style=\"margin-top:6.0pt;margin-right:0cm;\nmargin-bottom:6.0pt;margin-left:0cm;mso-add-space:auto;text-align:justify;\nline-height:150%\"><span style=\"font-size:12.0pt;line-height:150%;font-family:\n&quot;Times New Roman&quot;,&quot;serif&quot;\">&nbsp;<\/span><\/p>\n<p class=\"MsoListParagraphCxSpMiddle\" style=\"margin-top:6.0pt;margin-right:0cm;\nmargin-bottom:6.0pt;margin-left:36.0pt;mso-add-space:auto;text-align:justify;\ntext-indent:-18.0pt;line-height:150%;mso-list:l0 level2 lfo1\"><!--[if !supportLists]--><b><span style=\"font-size:12.0pt;line-height:\n150%;font-family:&quot;Times New Roman&quot;,&quot;serif&quot;;mso-fareast-font-family:&quot;Times New Roman&quot;\">1.2.<\/span><\/b><!--[endif]--><b><span style=\"font-size:12.0pt;line-height:150%;font-family:&quot;Times New Roman&quot;,&quot;serif&quot;\">Requisitos<br \/>\npara a configura\u00e7\u00e3o da rela\u00e7\u00e3o de emprego;<o:p><\/o:p><\/span><\/b><\/p>\n<p class=\"MsoListParagraphCxSpMiddle\" style=\"margin-top:6.0pt;margin-right:0cm;\nmargin-bottom:6.0pt;margin-left:0cm;mso-add-space:auto;text-align:justify;\nline-height:150%\"><b><span style=\"font-size:12.0pt;line-height:150%;font-family:&quot;Times New Roman&quot;,&quot;serif&quot;\">&nbsp;<\/span><\/b><\/p>\n<p class=\"MsoListParagraphCxSpMiddle\" style=\"margin-top:6.0pt;margin-right:0cm;\nmargin-bottom:6.0pt;margin-left:0cm;mso-add-space:auto;text-align:justify;\nline-height:150%\"><span style=\"font-size:12.0pt;line-height:150%;font-family:\n&quot;Times New Roman&quot;,&quot;serif&quot;\">Os requisitos legais que devem estar preenchidos<br \/>\npara que uma rela\u00e7\u00e3o de trabalho seja qualificada como <i>rela\u00e7\u00e3o de emprego <\/i>encontram-se, em sua maioria, no art. 3\u00ba da CLT,<br \/>\nque assim reza: <i>\u0093Considera-se empregado<br \/>\ntoda pessoa f\u00edsica que prestar servi\u00e7os de natureza n\u00e3o eventual a empregador,<br \/>\nsob a depend\u00eancia deste e mediante sal\u00e1rio\u0094.<\/i> Nesse dispositivo encontram-se<br \/>\nos seguintes requisitos: <i>trabalho<br \/>\nrealizado por pessoa f\u00edsica;habitualidade, onerosidade <\/i>e <i>subordina\u00e7\u00e3o.<\/i><o:p><\/o:p><\/span><\/p>\n<p class=\"MsoListParagraphCxSpMiddle\" style=\"margin-top:6.0pt;margin-right:0cm;\nmargin-bottom:6.0pt;margin-left:0cm;mso-add-space:auto;text-align:justify;\nline-height:150%\"><span style=\"font-size:12.0pt;line-height:150%;font-family:\n&quot;Times New Roman&quot;,&quot;serif&quot;\">Os demais requisitos \u0096 <i>pessoalidade <\/i>e <i>alteridade \u0096 <\/i>s\u00e3o<br \/>\nretirados do art. 2\u00ba da CLT, que define a figura do empregador, da seguinte<br \/>\nmaneira: <i>\u0093Considera-se empregador a<br \/>\nempresa, individual ou coletiva, que, assumindo os riscos da atividade<br \/>\necon\u00f4mica, admite, assalaria e dirige a presta\u00e7\u00e3o pessoal de servi\u00e7o\u0094.<\/i><b><o:p><\/o:p><\/b><\/span><\/p>\n<p class=\"MsoListParagraphCxSpMiddle\" style=\"margin-top:6.0pt;margin-right:0cm;\nmargin-bottom:6.0pt;margin-left:54.0pt;mso-add-space:auto;text-align:justify;\nline-height:150%\"><b><span style=\"font-size:12.0pt;line-height:150%;font-family:&quot;Times New Roman&quot;,&quot;serif&quot;\">&nbsp;<\/span><\/b><\/p>\n<p class=\"MsoListParagraphCxSpMiddle\" style=\"margin-top:6.0pt;margin-right:0cm;\nmargin-bottom:6.0pt;margin-left:54.0pt;mso-add-space:auto;text-align:justify;\ntext-indent:-36.0pt;line-height:150%;mso-list:l0 level3 lfo1\"><!--[if !supportLists]--><b><span style=\"font-size:12.0pt;line-height:\n150%;font-family:&quot;Times New Roman&quot;,&quot;serif&quot;;mso-fareast-font-family:&quot;Times New Roman&quot;\">1.2.1.<span style=\"font-weight: normal; font-size: 7pt; line-height: normal; font-family: 'Times New Roman';\">&nbsp;&nbsp;&nbsp;&nbsp;&nbsp;<br \/>\n<\/span><\/span><\/b><!--[endif]--><b><span style=\"font-size:12.0pt;line-height:150%;font-family:&quot;Times New Roman&quot;,&quot;serif&quot;\">Trabalho<br \/>\nrealizado por pessoa f\u00edsica;<o:p><\/o:p><\/span><\/b><\/p>\n<p class=\"MsoListParagraphCxSpMiddle\" style=\"margin-top:6.0pt;margin-right:0cm;\nmargin-bottom:6.0pt;margin-left:0cm;mso-add-space:auto;text-align:justify;\nline-height:150%\"><b><span style=\"font-size:12.0pt;line-height:150%;font-family:&quot;Times New Roman&quot;,&quot;serif&quot;\">&nbsp;<\/span><\/b><\/p>\n<p class=\"MsoListParagraphCxSpMiddle\" style=\"margin-top:6.0pt;margin-right:0cm;\nmargin-bottom:6.0pt;margin-left:0cm;mso-add-space:auto;text-align:justify;\nline-height:150%\"><span style=\"font-size:12.0pt;line-height:150%;font-family:\n&quot;Times New Roman&quot;,&quot;serif&quot;\">O primeiro aspecto a ser destacado \u00e9 que n\u00e3o existe<br \/>\nrela\u00e7\u00e3o de emprego entre pessoas jur\u00eddicas. Somente a pessoa f\u00edsica pode ser<br \/>\nconsiderada empregado. O v\u00ednculo entre pessoas jur\u00eddicas n\u00e3o \u00e9 regulamentado<br \/>\npelas leis trabalhistas, em especial pela CLT, e sim, pelo C\u00f3digo Civil, pois<br \/>\nnesse situa\u00e7\u00e3o o objeto \u00e9 um contrato de presta\u00e7\u00e3o de servi\u00e7os, em que h\u00e1 a<br \/>\nigualdade jur\u00eddica entre as partes contratantes, n\u00e3o havendo necessidade de<br \/>\nproteger um dos sujeitos da rela\u00e7\u00e3o.<o:p><\/o:p><\/span><\/p>\n<p class=\"MsoListParagraphCxSpMiddle\" style=\"margin-top:6.0pt;margin-right:0cm;\nmargin-bottom:6.0pt;margin-left:0cm;mso-add-space:auto;text-align:justify;\nline-height:150%\"><span style=\"font-size:12.0pt;line-height:150%;font-family:\n&quot;Times New Roman&quot;,&quot;serif&quot;\">S\u00c9RGIO PINTO MARTINS esclarece que <i>\u0093n\u00e3o \u00e9 poss\u00edvel o empregado ser pessoa<br \/>\njur\u00eddica ou animal. A legisla\u00e7\u00e3o trabalhista tutela a pessoa f\u00edsica do<br \/>\ntrabalhador. Os servi\u00e7os prestados pela pessoa jur\u00eddica s\u00e3o regulados pelo<br \/>\nDireito Civil\u0094.<o:p><\/o:p><\/i><\/span><\/p>\n<p class=\"MsoListParagraphCxSpMiddle\" style=\"margin-top:6.0pt;margin-right:0cm;\nmargin-bottom:6.0pt;margin-left:0cm;mso-add-space:auto;text-align:justify;\nline-height:150%\"><b><span style=\"font-size:12.0pt;line-height:150%;font-family:&quot;Times New Roman&quot;,&quot;serif&quot;\">&nbsp;<\/span><\/b><\/p>\n<p class=\"MsoListParagraphCxSpMiddle\" style=\"margin-top:6.0pt;margin-right:0cm;\nmargin-bottom:6.0pt;margin-left:54.0pt;mso-add-space:auto;text-align:justify;\ntext-indent:-36.0pt;line-height:150%;mso-list:l0 level3 lfo1\"><!--[if !supportLists]--><b><span style=\"font-size:12.0pt;line-height:\n150%;font-family:&quot;Times New Roman&quot;,&quot;serif&quot;;mso-fareast-font-family:&quot;Times New Roman&quot;\">1.2.2.<span style=\"font-weight: normal; font-size: 7pt; line-height: normal; font-family: 'Times New Roman';\">&nbsp;&nbsp;&nbsp;&nbsp;&nbsp;<br \/>\n<\/span><\/span><\/b><!--[endif]--><b><span style=\"font-size:12.0pt;line-height:150%;font-family:&quot;Times New Roman&quot;,&quot;serif&quot;\">Pessoalidade;<o:p><\/o:p><\/span><\/b><\/p>\n<p class=\"MsoListParagraphCxSpMiddle\" style=\"margin-top:6.0pt;margin-right:0cm;\nmargin-bottom:6.0pt;margin-left:0cm;mso-add-space:auto;text-align:justify;\nline-height:150%\"><b><span style=\"font-size:12.0pt;line-height:150%;font-family:&quot;Times New Roman&quot;,&quot;serif&quot;\">&nbsp;<\/span><\/b><\/p>\n<p class=\"MsoListParagraphCxSpMiddle\" style=\"margin-top:6.0pt;margin-right:0cm;\nmargin-bottom:6.0pt;margin-left:0cm;mso-add-space:auto;text-align:justify;\nline-height:150%\"><span style=\"font-size:12.0pt;line-height:150%;font-family:\n&quot;Times New Roman&quot;,&quot;serif&quot;\">Al\u00e9m do empregado ser pessoa f\u00edsica, exige-se, para<br \/>\na configura\u00e7\u00e3o do v\u00ednculo de emprego e, por conseq\u00fc\u00eancia, a percep\u00e7\u00e3o dos<br \/>\ndireitos exclusivamente elencados para os empregados, que o trabalho seja<br \/>\ndesenvolvido de forma <i>pessoal<\/i>, ou<br \/>\nseja, sem possibilidade de substitui\u00e7\u00e3o. Na rela\u00e7\u00e3o de emprego, h\u00e1 a<br \/>\ncontrata\u00e7\u00e3o de Jo\u00e3o Guilherme por suas qualidades, qualidades estas que s\u00e3o<br \/>\ninerentes \u00e0 ele e n\u00e3o a qualquer outro membro da sociedade. O empregador mant\u00e9m<br \/>\ne quer manter v\u00ednculo apenas com aquele sujeito, n\u00e3o sendo poss\u00edvel a<br \/>\nsubstitui\u00e7\u00e3o. Se o labor puder ser prestado por qualquer outra pessoa, que n\u00e3o<br \/>\nJo\u00e3o Guilherme, n\u00e3o havendo qualquer \u00f3bice por parte do empregador, n\u00e3o ser\u00e1<br \/>\nJo\u00e3o considerado empregado, e sim, aut\u00f4nomo, assim como Jos\u00e9, seu substituto.<o:p><\/o:p><\/span><\/p>\n<p class=\"MsoListParagraphCxSpMiddle\" style=\"margin-top:6.0pt;margin-right:0cm;\nmargin-bottom:6.0pt;margin-left:0cm;mso-add-space:auto;text-align:justify;\nline-height:150%\"><span style=\"font-size:12.0pt;line-height:150%;font-family:\n&quot;Times New Roman&quot;,&quot;serif&quot;\">Ocorre que muitas vezes, no intuito de fraudar a<br \/>\nlegisla\u00e7\u00e3o trabalhista, em total afronta ao art. 9\u00ba da CLT, o empregador pactua<br \/>\num contrato de presta\u00e7\u00e3o de servi\u00e7os com uma empresa, mas em verdade, trata-se<br \/>\nde contrato de trabalho, em uma n\u00edtida rela\u00e7\u00e3o de emprego, pois presentes todos<br \/>\nos requisitos legais, em especial a pessoalidade. Explica-se. Se h\u00e1 a<br \/>\ncontrata\u00e7\u00e3o de uma pessoa jur\u00eddica para o desenvolvimento de alguma atividade,<br \/>\ncontratam-se os servi\u00e7os da empresa, independentemente de quem os fa\u00e7a. Logo,<br \/>\nse Jo\u00e3o, empregado da empresa contratada n\u00e3o puder atender ao cliente, o<br \/>\nservi\u00e7o poder\u00e1 ser executado por Jos\u00e9, tamb\u00e9m empregado da contratada.<br \/>\nVerifica-se claramente que a \u0093pessoalidade\u0094 encontra-se na empresa contratada<br \/>\n(na pessoa jur\u00eddica) e n\u00e3o nas pessoas f\u00edsicas que ali laboram. Por\u00e9m, muitas<br \/>\nvezes a pessoa jur\u00eddica contratante exige a presta\u00e7\u00e3o dos servi\u00e7os por<br \/>\nespec\u00edfico empregado, o que cria a pessoalidade e, por conseq\u00fc\u00eancia, se<br \/>\npresentes os demais requisitos, o v\u00ednculo de emprego.<o:p><\/o:p><\/span><\/p>\n<p class=\"MsoListParagraphCxSpMiddle\" style=\"margin-top:6.0pt;margin-right:0cm;\nmargin-bottom:6.0pt;margin-left:0cm;mso-add-space:auto;text-align:justify;\nline-height:150%\"><span style=\"font-size:12.0pt;line-height:150%;font-family:\n&quot;Times New Roman&quot;,&quot;serif&quot;\">Em outras situa\u00e7\u00f5es, que j\u00e1 foram objeto de an\u00e1lise<br \/>\npela Justi\u00e7a do Trabalho de nosso pa\u00eds, o empregado \u00e9 \u0093demitido\u0094, cria uma<br \/>\npessoa jur\u00eddica e essa \u00e9 contratada pelo ex-empregador, para lhe prestar<br \/>\nservi\u00e7os. Ocorre que os servi\u00e7os continuam a ser realizados, com pessoalidade,<br \/>\npelo ex-empregado, ou seja, tratou-se apenas de uma manobra para fraudar<br \/>\ndireitos trabalhistas, pois nessa situa\u00e7\u00e3o n\u00e3o h\u00e1 pagamento de FGTS, INSS,<br \/>\nf\u00e9rias, 13\u00ba sal\u00e1rio, aviso pr\u00e9vio, etc. As decis\u00f5es da Justi\u00e7a do Trabalho<br \/>\nforam no sentido de reconhecer a fraude trabalhista e reconhecer o v\u00ednculo de<br \/>\nemprego diretamente com o tomador de servi\u00e7os, condenando-o a pagar todas as<br \/>\nverbas trabalhistas que foram sonegadas.<o:p><\/o:p><\/span><\/p>\n<p class=\"MsoListParagraphCxSpMiddle\" style=\"margin-top:6.0pt;margin-right:0cm;\nmargin-bottom:6.0pt;margin-left:0cm;mso-add-space:auto;text-align:justify;\nline-height:150%\"><span style=\"font-size:12.0pt;line-height:150%;font-family:\n&quot;Times New Roman&quot;,&quot;serif&quot;\">Isso demonstra que n\u00e3o h\u00e1 possibilidade de altera\u00e7\u00e3o<br \/>\nsubjetiva em rela\u00e7\u00e3o ao empregado, e sim, apenas em rela\u00e7\u00e3o ao empregador, o<br \/>\nque ser\u00e1 melhor estudado no item sobre <i>sucess\u00e3o<br \/>\ntrabalhista.<o:p><\/o:p><\/i><\/span><\/p>\n<p class=\"MsoListParagraphCxSpMiddle\" style=\"margin-top:6.0pt;margin-right:0cm;\nmargin-bottom:6.0pt;margin-left:0cm;mso-add-space:auto;text-align:justify;\nline-height:150%\"><span style=\"font-size:12.0pt;line-height:150%;font-family:\n&quot;Times New Roman&quot;,&quot;serif&quot;\">O requisito em estudo demonstra o modo ou forma de<br \/>\nrealiza\u00e7\u00e3o de uma obriga\u00e7\u00e3o de fazer, o que, segundo MAUR\u00cdCIO GODINHO DELGADO, <i>\u0093o que distingue a rela\u00e7\u00e3o de emprego, o<br \/>\ncontrato de emprego, o empregado, de outras figuras sociojur\u00eddicas pr\u00f3ximas,<br \/>\nrepita-se, \u00e9 o modo de concretiza\u00e7\u00e3o dessa obriga\u00e7\u00e3o de fazer. A presta\u00e7\u00e3o<br \/>\nlaborativa h\u00e1 de se realizar, pela pessoa f\u00edsica, pessoalmente,<br \/>\nsubordinadamente, com n\u00e3o-eventualidade e sob intuito oneroso\u0094.<o:p><\/o:p><\/i><\/span><\/p>\n<p class=\"MsoListParagraphCxSpMiddle\" style=\"margin-top:6.0pt;margin-right:0cm;\nmargin-bottom:6.0pt;margin-left:0cm;mso-add-space:auto;text-align:justify;\nline-height:150%\"><span style=\"font-size:12.0pt;line-height:150%;font-family:\n&quot;Times New Roman&quot;,&quot;serif&quot;\">Em s\u00edntese, o contrato de trabalho \u00e9 <i>intuitu personae<\/i>, ou seja, firmado com<br \/>\ncerta pessoa, espec\u00edfica, e n\u00e3o com qualquer outro, sob pena de desfigurar-se o<br \/>\nv\u00ednculo de emprego.<o:p><\/o:p><\/span><\/p>\n<p class=\"MsoListParagraphCxSpMiddle\" style=\"margin-top:6.0pt;margin-right:0cm;\nmargin-bottom:6.0pt;margin-left:0cm;mso-add-space:auto;text-align:justify;\nline-height:150%\"><b><span style=\"font-size:12.0pt;line-height:150%;font-family:&quot;Times New Roman&quot;,&quot;serif&quot;\">&nbsp;<\/span><\/b><\/p>\n<p class=\"MsoListParagraphCxSpMiddle\" style=\"margin-top:6.0pt;margin-right:0cm;\nmargin-bottom:6.0pt;margin-left:54.0pt;mso-add-space:auto;text-align:justify;\ntext-indent:-36.0pt;line-height:150%;mso-list:l0 level3 lfo1\"><!--[if !supportLists]--><b><span style=\"font-size:12.0pt;line-height:\n150%;font-family:&quot;Times New Roman&quot;,&quot;serif&quot;;mso-fareast-font-family:&quot;Times New Roman&quot;\">1.2.3.<span style=\"font-weight: normal; font-size: 7pt; line-height: normal; font-family: 'Times New Roman';\">&nbsp;&nbsp;&nbsp;&nbsp;&nbsp;<br \/>\n<\/span><\/span><\/b><!--[endif]--><b><span style=\"font-size:12.0pt;line-height:150%;font-family:&quot;Times New Roman&quot;,&quot;serif&quot;\">Habitualidade;<o:p><\/o:p><\/span><\/b><\/p>\n<p class=\"MsoListParagraphCxSpMiddle\" style=\"margin-top:6.0pt;margin-right:0cm;\nmargin-bottom:6.0pt;margin-left:0cm;mso-add-space:auto;text-align:justify;\nline-height:150%\"><b><span style=\"font-size:12.0pt;line-height:150%;font-family:&quot;Times New Roman&quot;,&quot;serif&quot;\">&nbsp;<\/span><\/b><\/p>\n<p class=\"MsoListParagraphCxSpMiddle\" style=\"margin-top:6.0pt;margin-right:0cm;\nmargin-bottom:6.0pt;margin-left:0cm;mso-add-space:auto;text-align:justify;\nline-height:150%\"><span style=\"font-size:12.0pt;line-height:150%;font-family:\n&quot;Times New Roman&quot;,&quot;serif&quot;\">Tamb\u00e9m denominado de <i>n\u00e3o-eventualidade, <\/i>tendo em vista o texto do art. 3\u00ba da CLT, o<br \/>\npresente requisito exige que a presta\u00e7\u00e3o dos servi\u00e7os, para fins de<br \/>\nreconhecimento de v\u00ednculo empregat\u00edcio, n\u00e3o seja eventual, espor\u00e1dica,<br \/>\nocasional, irregular, e sim, que haja uma certa regularidade no desenvolvimento<br \/>\ndo labor, por configurar-se como um contrato de trato sucessivo, que n\u00e3o se<br \/>\nexaure em um \u00fanica ato, como uma compra e venda, em que \u00e9 pago o pre\u00e7o e<br \/>\nentregue o produto.<o:p><\/o:p><\/span><\/p>\n<p class=\"MsoListParagraphCxSpMiddle\" style=\"margin-top:6.0pt;margin-right:0cm;\nmargin-bottom:6.0pt;margin-left:0cm;mso-add-space:auto;text-align:justify;\nline-height:150%\"><span style=\"font-size:12.0pt;line-height:150%;font-family:\n&quot;Times New Roman&quot;,&quot;serif&quot;\">Na grande maioria das vezes, o trabalho \u00e9 realizado<br \/>\ndiariamente, mas n\u00e3o h\u00e1 tal necessidade, pois o trabalho pode se dar em alguns<br \/>\ndias da semana, por exemplo, segundas, quartas e sextas-feiras. O importante \u00e9<br \/>\nque haja regularidade na presta\u00e7\u00e3o dos servi\u00e7os, e n\u00e3o trabalho ocasional, como<br \/>\numa vez a cada quinze dias.<o:p><\/o:p><\/span><\/p>\n<p class=\"MsoListParagraphCxSpMiddle\" style=\"margin-top:6.0pt;margin-right:0cm;\nmargin-bottom:6.0pt;margin-left:0cm;mso-add-space:auto;text-align:justify;\nline-height:150%\"><span style=\"font-size:12.0pt;line-height:150%;font-family:\n&quot;Times New Roman&quot;,&quot;serif&quot;\">Neste ponto reside uma das d\u00favidas mais inquietantes<br \/>\ndo direito do trabalho, ainda n\u00e3o sedimentada pela jurisprud\u00eancia do TST: saber<br \/>\no limite entre diarista e empregado dom\u00e9stico, pois discute-se o n\u00famero m\u00ednimo<br \/>\nde dias que o trabalhador deve exercer labor, para uma mesma fam\u00edlia, para ser<br \/>\nconsiderado empregado e n\u00e3o aut\u00f4nomo, ou como tornou-se praxe, diarista. As<br \/>\ndecis\u00f5es mais recentes tra\u00e7am o seguinte panorama: se houver trabalho em pelo<br \/>\nmenos 3 (tr\u00eas) dias da semana, ser\u00e1 considerado empregado. Abaixo desse numero,<br \/>\no trabalho n\u00e3o seria habitual, portanto, o trabalhador ser\u00e1 aut\u00f4nomo, ou como<br \/>\nqueiram, diarista.<o:p><\/o:p><\/span><\/p>\n<p class=\"MsoListParagraphCxSpMiddle\" style=\"margin-top:6.0pt;margin-right:0cm;\nmargin-bottom:6.0pt;margin-left:0cm;mso-add-space:auto;text-align:justify;\nline-height:150%\"><span style=\"font-size:12.0pt;line-height:150%;font-family:\n&quot;Times New Roman&quot;,&quot;serif&quot;\">A presta\u00e7\u00e3o de trabalho por no m\u00ednimo 3 (tr\u00eas) dias<br \/>\nna semana \u00e9 uma interpreta\u00e7\u00e3o dos tribunais acerca do termo habitual, mas,<br \/>\nfrise-se, n\u00e3o h\u00e1 na lei qualquer norma acerca do n\u00famero m\u00ednimo de dias a serem<br \/>\ntrabalhados.<o:p><\/o:p><\/span><\/p>\n<p class=\"MsoListParagraphCxSpMiddle\" style=\"margin-top:6.0pt;margin-right:0cm;\nmargin-bottom:6.0pt;margin-left:0cm;mso-add-space:auto;text-align:justify;\nline-height:150%\"><span style=\"font-size:12.0pt;line-height:150%;font-family:\n&quot;Times New Roman&quot;,&quot;serif&quot;\">A defini\u00e7\u00e3o de tal requisito mostra-se extremamente<br \/>\nimportante porque o diarista, tecnicamente denominado de eventual, n\u00e3o \u00e9<br \/>\nprotegido pela CLT. Sobre o tema, AMAURI MASCARO NASCIMENTO aplica a <i>teoria da fixa\u00e7\u00e3o <\/i>do empregado na<br \/>\nempresa, para diferenciar empregado e eventual, nos seguintes termos: <i>\u0093(&#8230;) a teoria da fixa\u00e7\u00e3o jur\u00eddica na<br \/>\nempresa, segundo a qual eventual \u00e9 o trabalhador que n\u00e3o se fixa a uma fonte de<br \/>\ntrabalho, enquanto empregado \u00e9 o trabalhador que se fixa a uma fonte de<br \/>\ntrabalho. Eventual n\u00e3o \u00e9 fixo. Empregado \u00e9 fixo. A fixa\u00e7\u00e3o \u00e9 jur\u00eddica\u0094.<o:p><\/o:p><\/i><\/span><\/p>\n<p class=\"MsoListParagraphCxSpMiddle\" style=\"margin-top:6.0pt;margin-right:0cm;\nmargin-bottom:6.0pt;margin-left:0cm;mso-add-space:auto;text-align:justify;\nline-height:150%\"><span style=\"font-size:12.0pt;line-height:150%;font-family:\n&quot;Times New Roman&quot;,&quot;serif&quot;\">Assim, habitual pode ser o trabalho realizado toda<br \/>\nsegunda-feira. Tal labor \u00e9 regular, habitual, ou seja, n\u00e3o-eventual. O fato do<br \/>\nempregado trabalhar apenas nas segundas-feiras, mas em todas, n\u00e3o faz de seu<br \/>\nservi\u00e7o espor\u00e1dico. Muito pelo contr\u00e1rio, \u00e9 totalmente habitual. <o:p><\/o:p><\/span><\/p>\n<p class=\"MsoListParagraphCxSpMiddle\" style=\"margin-top:6.0pt;margin-right:0cm;\nmargin-bottom:6.0pt;margin-left:0cm;mso-add-space:auto;text-align:justify;\nline-height:150%\"><span style=\"font-size:12.0pt;line-height:150%;font-family:\n&quot;Times New Roman&quot;,&quot;serif&quot;\">Contudo, como j\u00e1 foi afirmado, a jurisprud\u00eancia do<br \/>\nTST tende a fixar, como regra geral, o m\u00ednimo de 3 (tr\u00eas) dias para o mesmo<br \/>\nente familiar, conforme julgado abaixo colacionado:<o:p><\/o:p><\/span><\/p>\n<p class=\"MsoListParagraphCxSpMiddle\" style=\"margin-top:6.0pt;margin-right:0cm;\nmargin-bottom:6.0pt;margin-left:0cm;mso-add-space:auto;text-align:justify;\nline-height:150%\"><span style=\"font-size:12.0pt;line-height:150%;font-family:\n&quot;Times New Roman&quot;,&quot;serif&quot;\">&nbsp;<\/span><\/p>\n<p class=\"MsoListParagraphCxSpMiddle\" style=\"margin: 6pt 0cm 6pt 36pt; text-align: justify;\"><span style=\"font-size:10.0pt;mso-bidi-font-size:12.0pt;\nfont-family:&quot;Times New Roman&quot;,&quot;serif&quot;\">RECURSO DE REVISTA. DOM\u00c9STICO. V\u00cdNCULO<br \/>\nDE EMPREGO. CONTINUIDADE NA PRESTA\u00c7\u00c3O DE SERVI\u00c7OS. CARACTERIZA\u00c7\u00c3O. O empregado<br \/>\ndom\u00e9stico \u00e9 aquele que presta servi\u00e7os de natureza cont\u00ednua sem finalidade<br \/>\nlucrativa \u00e0 pessoa ou \u00e0 fam\u00edlia no \u00e2mbito residencial, nos termos do que disp\u00f5e<br \/>\no artigo 1\u00ba da Lei n\u00ba 5.859\/72. No caso, incontroverso que a presta\u00e7\u00e3o de<br \/>\nservi\u00e7os pela reclamante se deu por quase doze anos, tr\u00eas vezes por semana, \u00e0s<br \/>\nsegundas, quartas e sextas-feiras, mediante o recebimento de sal\u00e1rio mensal, o<br \/>\nque denota a continuidade na presta\u00e7\u00e3o de servi\u00e7os,&nbsp; de modo a reconhecer o v\u00ednculo de emprego<br \/>\nentre as partes. Recurso de Revista conhecido e provido. (RR &#8211;<br \/>\n250040-44.2004.5.02.0078 , Relator Ministro: Aloysio Corr\u00eaa da Veiga, Data de<br \/>\nJulgamento: 26\/05\/2010, 6\u00aa Turma, Data de Publica\u00e7\u00e3o: 11\/06\/2010)<o:p><\/o:p><\/span><\/p>\n<p class=\"MsoListParagraphCxSpMiddle\" style=\"margin: 6pt 0cm 6pt 36pt; text-align: justify;\"><span style=\"font-size:12.0pt;font-family:&quot;Times New Roman&quot;,&quot;serif&quot;\">&nbsp;<\/span><\/p>\n<p class=\"MsoListParagraphCxSpMiddle\" style=\"margin-top:6.0pt;margin-right:0cm;\nmargin-bottom:6.0pt;margin-left:54.0pt;mso-add-space:auto;text-align:justify;\nline-height:150%\"><b><span style=\"font-size:12.0pt;line-height:150%;font-family:&quot;Times New Roman&quot;,&quot;serif&quot;\">&nbsp;<\/span><\/b><\/p>\n<p class=\"MsoListParagraphCxSpMiddle\" style=\"margin-top:6.0pt;margin-right:0cm;\nmargin-bottom:6.0pt;margin-left:54.0pt;mso-add-space:auto;text-align:justify;\ntext-indent:-36.0pt;line-height:150%;mso-list:l0 level3 lfo1\"><!--[if !supportLists]--><b><span style=\"font-size:12.0pt;line-height:\n150%;font-family:&quot;Times New Roman&quot;,&quot;serif&quot;;mso-fareast-font-family:&quot;Times New Roman&quot;\">1.2.4.<span style=\"font-weight: normal; font-size: 7pt; line-height: normal; font-family: 'Times New Roman';\">&nbsp;&nbsp;&nbsp;&nbsp;&nbsp;<br \/>\n<\/span><\/span><\/b><!--[endif]--><b><span style=\"font-size:12.0pt;line-height:150%;font-family:&quot;Times New Roman&quot;,&quot;serif&quot;\">Onerosidade;<o:p><\/o:p><\/span><\/b><\/p>\n<p class=\"MsoListParagraphCxSpMiddle\" style=\"margin-top:6.0pt;margin-right:0cm;\nmargin-bottom:6.0pt;margin-left:0cm;mso-add-space:auto;text-align:justify;\nline-height:150%\"><b><span style=\"font-size:12.0pt;line-height:150%;font-family:&quot;Times New Roman&quot;,&quot;serif&quot;\">&nbsp;<\/span><\/b><\/p>\n<p class=\"MsoListParagraphCxSpMiddle\" style=\"margin-top:6.0pt;margin-right:0cm;\nmargin-bottom:6.0pt;margin-left:0cm;mso-add-space:auto;text-align:justify;\nline-height:150%\"><span style=\"font-size:12.0pt;line-height:150%;font-family:\n&quot;Times New Roman&quot;,&quot;serif&quot;\">Na rela\u00e7\u00e3o de emprego surgem, por parte do empregado<br \/>\ne do empregador, direitos e obriga\u00e7\u00f5es. Dentre os \u00faltimos, tem-se que o<br \/>\nempregado deve prestar os servi\u00e7os para os quais foi contratado, da forma mais<br \/>\nt\u00e9cnica poss\u00edvel, enquanto o empregador possui, por dever, pagar a<br \/>\ncontrapresta\u00e7\u00e3o devida, que \u00e9 a remunera\u00e7\u00e3o. Tal fato adv\u00e9m da onerosidade do<br \/>\ncontrato de trabalho. Trata-se de v\u00ednculo sinalagm\u00e1tico, ou seja, que gera<br \/>\ndireitos e obriga\u00e7\u00f5es rec\u00edprocos.<o:p><\/o:p><\/span><\/p>\n<p class=\"MsoListParagraphCxSpMiddle\" style=\"margin-top:6.0pt;margin-right:0cm;\nmargin-bottom:6.0pt;margin-left:0cm;mso-add-space:auto;text-align:justify;\nline-height:150%\"><span style=\"font-size:12.0pt;line-height:150%;font-family:\n&quot;Times New Roman&quot;,&quot;serif&quot;\">RENATO SARAIVA destaca que <i>\u0093a rela\u00e7\u00e3o de emprego imp\u00f5e a onerosidade, o recebimento da remunera\u00e7\u00e3o<br \/>\npelos servi\u00e7os executados\u0094.<o:p><\/o:p><\/i><\/span><\/p>\n<p class=\"MsoListParagraphCxSpMiddle\" style=\"margin-top:6.0pt;margin-right:0cm;\nmargin-bottom:6.0pt;margin-left:0cm;mso-add-space:auto;text-align:justify;\nline-height:150%\"><span style=\"font-size:12.0pt;line-height:150%;font-family:\n&quot;Times New Roman&quot;,&quot;serif&quot;\">Importante frisar que o trabalho volunt\u00e1rio n\u00e3o<br \/>\nimporta em reconhecimento do v\u00ednculo de emprego pela aus\u00eancia de onerosidade,<br \/>\nnos termos da Lei n. 9.608\/98, que em seu art. 1\u00ba define tal trabalho como <i>\u0093a atividade n\u00e3o remunerada, prestada por<br \/>\npessoa f\u00edsica a entidade p\u00fablica de qualquer natureza, ou a institui\u00e7\u00e3o privada<br \/>\nde fins n\u00e3o lucrativo, que tenha objetivos c\u00edvicos, culturais, educacionais,<br \/>\ncient\u00edficos ou de assist\u00eancia social, inclusive mutualidade\u0094.<o:p><\/o:p><\/i><\/span><\/p>\n<p class=\"MsoListParagraphCxSpMiddle\" style=\"margin-top:6.0pt;margin-right:0cm;\nmargin-bottom:6.0pt;margin-left:0cm;mso-add-space:auto;text-align:justify;\nline-height:150%\"><span style=\"font-size:12.0pt;line-height:150%;font-family:\n&quot;Times New Roman&quot;,&quot;serif&quot;\">Constata-se que a trabalho volunt\u00e1rio n\u00e3o \u00e9 aquele<br \/>\nprestado apenas sem remunera\u00e7\u00e3o. A aus\u00eancia de remunera\u00e7\u00e3o n\u00e3o importa no<br \/>\nreconhecimento direto de que se trata de trabalho volunt\u00e1rio. H\u00e1 que se analisar,<br \/>\nsobretudo nas institui\u00e7\u00f5es privadas, sob pena de fraudarem-se direitos<br \/>\ntrabalhistas, a natureza da atividade, que n\u00e3o deve possuir fins lucrativos. Segundo<br \/>\nD\u00c9LIO MARANH\u00c3O, <i>\u0093n\u00e3o \u00e9 a falta de<br \/>\nestipula\u00e7\u00e3o do quantum do sal\u00e1rio ou o seu pagamento sob a forma indireta que<br \/>\ndesfiguram a condi\u00e7\u00e3o de empregado, e sim, a inten\u00e7\u00e3o de prestar o servi\u00e7o<br \/>\ndesinteressadamente, por mera benevol\u00eancia\u0094.<\/i><o:p><\/o:p><\/span><\/p>\n<p class=\"MsoListParagraphCxSpMiddle\" style=\"margin-top:6.0pt;margin-right:0cm;\nmargin-bottom:6.0pt;margin-left:0cm;mso-add-space:auto;text-align:justify;\nline-height:150%\"><span style=\"font-size:12.0pt;line-height:150%;font-family:\n&quot;Times New Roman&quot;,&quot;serif&quot;\">Tal fato decorre da previs\u00e3o legal da aus\u00eancia de<br \/>\nestipula\u00e7\u00e3o de sal\u00e1rios, nos termos do art. 460 da CLT. Sabe-se que o v\u00ednculo<br \/>\nde emprego pode formar-se t\u00e1cita ou expressamente, sendo nessa \u00faltima situa\u00e7\u00e3o<br \/>\npor escrito ou verbalmente. Quando sua forma\u00e7\u00e3o \u00e9 t\u00e1cita, n\u00e3o h\u00e1, em regra,<br \/>\nestipula\u00e7\u00e3o de sal\u00e1rios, pois o obreiro inicia a sua atividade na empresa e o<br \/>\nempregador a ela n\u00e3o se op\u00f5e. Nessa situa\u00e7\u00e3o, n\u00e3o estamos diante de um trabalho<br \/>\nvolunt\u00e1rio, ainda mais se tratar-se de pessoa jur\u00eddica que visa o lucro. H\u00e1 que<br \/>\nse aplicar, na esp\u00e9cie, o art. 460 da CLT, que prev\u00ea o pagamento de sal\u00e1rio na<br \/>\nvalor geralmente pago no mercado para o exerc\u00edcio daquela mesma fun\u00e7\u00e3o, ou<br \/>\nseja, se n\u00e3o houve pactua\u00e7\u00e3o express\u00e3o, dever\u00e1 ser pago o valor m\u00e9dio de<br \/>\nmercado. <o:p><\/o:p><\/span><\/p>\n<p class=\"MsoListParagraphCxSpMiddle\" style=\"margin-top:6.0pt;margin-right:0cm;\nmargin-bottom:6.0pt;margin-left:0cm;mso-add-space:auto;text-align:justify;\nline-height:150%\"><b><span style=\"font-size:12.0pt;line-height:150%;font-family:&quot;Times New Roman&quot;,&quot;serif&quot;\">&nbsp;<\/span><\/b><\/p>\n<p class=\"MsoListParagraphCxSpMiddle\" style=\"margin-top:6.0pt;margin-right:0cm;\nmargin-bottom:6.0pt;margin-left:54.0pt;mso-add-space:auto;text-align:justify;\ntext-indent:-36.0pt;line-height:150%;mso-list:l0 level3 lfo1\"><!--[if !supportLists]--><b><span style=\"font-size:12.0pt;line-height:\n150%;font-family:&quot;Times New Roman&quot;,&quot;serif&quot;;mso-fareast-font-family:&quot;Times New Roman&quot;\">1.2.5.<span style=\"font-weight: normal; font-size: 7pt; line-height: normal; font-family: 'Times New Roman';\">&nbsp;&nbsp;&nbsp;&nbsp;&nbsp;<br \/>\n<\/span><\/span><\/b><!--[endif]--><b><span style=\"font-size:12.0pt;line-height:150%;font-family:&quot;Times New Roman&quot;,&quot;serif&quot;\">Subordina\u00e7\u00e3o;<o:p><\/o:p><\/span><\/b><\/p>\n<p class=\"MsoListParagraphCxSpMiddle\" style=\"margin-top:6.0pt;margin-right:0cm;\nmargin-bottom:6.0pt;margin-left:0cm;mso-add-space:auto;text-align:justify;\nline-height:150%\"><b><span style=\"font-size:12.0pt;line-height:150%;font-family:&quot;Times New Roman&quot;,&quot;serif&quot;\">&nbsp;<\/span><\/b><\/p>\n<p class=\"MsoListParagraphCxSpMiddle\" style=\"margin-top:6.0pt;margin-right:0cm;\nmargin-bottom:6.0pt;margin-left:0cm;mso-add-space:auto;text-align:justify;\nline-height:150%\"><span style=\"font-size:12.0pt;line-height:150%;font-family:\n&quot;Times New Roman&quot;,&quot;serif&quot;\">A subordina\u00e7\u00e3o \u00e9 um aspecto bastante vis\u00edvel na<br \/>\nrela\u00e7\u00e3o empregat\u00edcia, pois a lei dota o empregador de diversos poderes frente<br \/>\nao empregado, quais sejam: poder de organiza\u00e7\u00e3o, poder de controle e poder<br \/>\ndisciplinar. Pode o empregador demitir, mesmo sem justo motivo, alterar o turno<br \/>\nde trabalho, transferir de localidade se houver necessidade dos servi\u00e7os,<br \/>\nalterar as atribui\u00e7\u00f5es do empregado, controlar o cumprimento da jornada de<br \/>\ntrabalho, realizar revistas nos empregados, bem como aplicar penalidades, tais<br \/>\ncomo advert\u00eancia, suspens\u00e3o e demiss\u00e3o por justa causa. Tais poderes s\u00e3o<br \/>\ninerentes \u00e0 subordina\u00e7\u00e3o do empregado ao empregador. Trata-se de requisito do<br \/>\nv\u00ednculo. Na aus\u00eancia dele, haver\u00e1 o trabalho aut\u00f4nomo, n\u00e3o o v\u00ednculo<br \/>\nempregat\u00edcio. Contudo, existem algumas esp\u00e9cies de subordina\u00e7\u00e3o. Veremos qual \u00e9<br \/>\na subordina\u00e7\u00e3o inerente ao v\u00ednculo de emprego.<o:p><\/o:p><\/span><\/p>\n<p class=\"MsoListParagraphCxSpMiddle\" style=\"margin-top:6.0pt;margin-right:0cm;\nmargin-bottom:6.0pt;margin-left:0cm;mso-add-space:auto;text-align:justify;\nline-height:150%\"><b><span style=\"font-size:12.0pt;line-height:150%;font-family:&quot;Times New Roman&quot;,&quot;serif&quot;\">&nbsp;<\/span><\/b><\/p>\n<p class=\"MsoListParagraphCxSpMiddle\" style=\"margin-top:6.0pt;margin-right:0cm;\nmargin-bottom:6.0pt;margin-left:54.0pt;mso-add-space:auto;text-align:justify;\ntext-indent:-36.0pt;line-height:150%;mso-list:l0 level4 lfo1\"><!--[if !supportLists]--><b><span style=\"font-size:12.0pt;line-height:\n150%;font-family:&quot;Times New Roman&quot;,&quot;serif&quot;;mso-fareast-font-family:&quot;Times New Roman&quot;\">1.2.5.1.<\/span><\/b><!--[endif]--><b><span style=\"font-size:12.0pt;line-height:\n150%;font-family:&quot;Times New Roman&quot;,&quot;serif&quot;\">T\u00e9cnica;<o:p><\/o:p><\/span><\/b><\/p>\n<p class=\"MsoListParagraphCxSpMiddle\" style=\"margin-top:6.0pt;margin-right:0cm;\nmargin-bottom:6.0pt;margin-left:0cm;mso-add-space:auto;text-align:justify;\nline-height:150%\"><b><span style=\"font-size:12.0pt;line-height:150%;font-family:&quot;Times New Roman&quot;,&quot;serif&quot;\">&nbsp;<\/span><\/b><\/p>\n<p class=\"MsoListParagraphCxSpMiddle\" style=\"margin-top:6.0pt;margin-right:0cm;\nmargin-bottom:6.0pt;margin-left:0cm;mso-add-space:auto;text-align:justify;\nline-height:150%\"><span style=\"font-size:12.0pt;line-height:150%;font-family:\n&quot;Times New Roman&quot;,&quot;serif&quot;\">A subordina\u00e7\u00e3o t\u00e9cnica n\u00e3o pode ser considerada a<br \/>\nverdadeira subordina\u00e7\u00e3o, tendo em vista que muitas vezes o empregado \u00e9 o<br \/>\ndetentor da t\u00e9cnica para a fabrica\u00e7\u00e3o do produto ou execu\u00e7\u00e3o do servi\u00e7o, ou<br \/>\nseja, o empregador conhece menos de seu neg\u00f3cio em compara\u00e7\u00e3o com o empregado.<br \/>\nIsso fica claro numa empresa que possui um grande n\u00famero de computadores e um<br \/>\nsetor de processamento de dados. Os funcion\u00e1rios do CPD sabem muito mais de<br \/>\ncomputadores \u0096 hardware e software \u0096 do que o dono da empresa. O contador<br \/>\ncontratado por um escrit\u00f3rio de advocacia possui t\u00e9cnica sobre o assunto muito<br \/>\nmais apurado que o advogado dono do escrit\u00f3rio.<o:p><\/o:p><\/span><\/p>\n<p class=\"MsoListParagraphCxSpMiddle\" style=\"margin-top:6.0pt;margin-right:0cm;\nmargin-bottom:6.0pt;margin-left:0cm;mso-add-space:auto;text-align:justify;\nline-height:150%\"><span style=\"font-size:12.0pt;line-height:150%;font-family:\n&quot;Times New Roman&quot;,&quot;serif&quot;\">Sobre o tema, s\u00e3o precisas as palavras de AMAURI<br \/>\nMASCARO NASCIMENTO ao afirmar que <i>\u0093para<br \/>\noutros, a subordina\u00e7\u00e3o \u00e9 t\u00e9cnica, significando que o empregado depende<br \/>\ntecnicamente do empregador, tese que recebe a cr\u00edtica daqueles que defendem que<br \/>\nos tecnocratas n\u00e3o dependem do empregador, este \u00e9 que na verdade depende<br \/>\ndaqueles\u0094, <\/i>ou em outras palavras, conforme RENATO SARAIVA,<i>\u0093(&#8230;) n\u00e3o se trata de subordina\u00e7\u00e3o t\u00e9cnica,<br \/>\nconsiderando que o obreiro, por vezes, det\u00e9m a t\u00e9cnica de trabalho que seu<br \/>\nempregador n\u00e3o possui\u0094.<o:p><\/o:p><\/i><\/span><\/p>\n<p class=\"MsoListParagraphCxSpMiddle\" style=\"margin-top:6.0pt;margin-right:0cm;\nmargin-bottom:6.0pt;margin-left:0cm;mso-add-space:auto;text-align:justify;\nline-height:150%\"><b><span style=\"font-size:12.0pt;line-height:150%;font-family:&quot;Times New Roman&quot;,&quot;serif&quot;\">&nbsp;<\/span><\/b><\/p>\n<p class=\"MsoListParagraphCxSpMiddle\" style=\"margin-top:6.0pt;margin-right:0cm;\nmargin-bottom:6.0pt;margin-left:54.0pt;mso-add-space:auto;text-align:justify;\ntext-indent:-36.0pt;line-height:150%;mso-list:l0 level4 lfo1\"><!--[if !supportLists]--><b><span style=\"font-size:12.0pt;line-height:\n150%;font-family:&quot;Times New Roman&quot;,&quot;serif&quot;;mso-fareast-font-family:&quot;Times New Roman&quot;\">1.2.5.2.<\/span><\/b><!--[endif]--><b><span style=\"font-size:12.0pt;line-height:\n150%;font-family:&quot;Times New Roman&quot;,&quot;serif&quot;\">Econ\u00f4mica;<o:p><\/o:p><\/span><\/b><\/p>\n<p class=\"MsoListParagraphCxSpMiddle\" style=\"margin-top:6.0pt;margin-right:0cm;\nmargin-bottom:6.0pt;margin-left:0cm;mso-add-space:auto;text-align:justify;\nline-height:150%\"><b><span style=\"font-size:12.0pt;line-height:150%;font-family:&quot;Times New Roman&quot;,&quot;serif&quot;\">&nbsp;<\/span><\/b><\/p>\n<p class=\"MsoListParagraphCxSpMiddle\" style=\"margin-top:6.0pt;margin-right:0cm;\nmargin-bottom:6.0pt;margin-left:0cm;mso-add-space:auto;text-align:justify;\nline-height:150%\"><span style=\"font-size:12.0pt;line-height:150%;font-family:\n&quot;Times New Roman&quot;,&quot;serif&quot;\">A subordina\u00e7\u00e3o econ\u00f4mica tamb\u00e9m n\u00e3o pode ser<br \/>\nconsiderada como aquela inerente ao v\u00ednculo de emprego, pois pode ocorrer do<br \/>\nempregado possuir condi\u00e7\u00e3o financeira melhor do o empregador, ou seja, possuir<br \/>\nmaior patrim\u00f4nio e riqueza se comparado ao patr\u00e3o. \u00c8 o que destaca RENATO<br \/>\nSARAIVA ao afirmar que \u0093<i>(&#8230;) o empregado<br \/>\npode, muitas vezes, possuir situa\u00e7\u00e3o financeira superior a do seu empregador<br \/>\n(como acontece com alguns atletas profissionais de futebol)\u0094. <o:p><\/o:p><\/i><\/span><\/p>\n<p class=\"MsoListParagraphCxSpMiddle\" style=\"margin-top:6.0pt;margin-right:0cm;\nmargin-bottom:6.0pt;margin-left:0cm;mso-add-space:auto;text-align:justify;\nline-height:150%\"><span style=\"font-size:12.0pt;line-height:150%;font-family:\n&quot;Times New Roman&quot;,&quot;serif&quot;\">H\u00e1 que se refutar a presente subordina\u00e7\u00e3o por outro<br \/>\nmotivo: nem todo aquele que depende economicamente de outrem \u00e9 considerado<br \/>\nempregado, como pode acontecer na rela\u00e7\u00e3o pais e filhos ou entre c\u00f4njuges. <o:p><\/o:p><\/span><\/p>\n<p class=\"MsoListParagraphCxSpMiddle\" style=\"margin-top:6.0pt;margin-right:0cm;\nmargin-bottom:6.0pt;margin-left:0cm;mso-add-space:auto;text-align:justify;\nline-height:150%\"><b><span style=\"font-size:12.0pt;line-height:150%;font-family:&quot;Times New Roman&quot;,&quot;serif&quot;\">&nbsp;<\/span><\/b><\/p>\n<p class=\"MsoListParagraphCxSpMiddle\" style=\"margin-top:6.0pt;margin-right:0cm;\nmargin-bottom:6.0pt;margin-left:54.0pt;mso-add-space:auto;text-align:justify;\ntext-indent:-36.0pt;line-height:150%;mso-list:l0 level4 lfo1\"><!--[if !supportLists]--><b><span style=\"font-size:12.0pt;line-height:\n150%;font-family:&quot;Times New Roman&quot;,&quot;serif&quot;;mso-fareast-font-family:&quot;Times New Roman&quot;\">1.2.5.3.<\/span><\/b><!--[endif]--><b><span style=\"font-size:12.0pt;line-height:\n150%;font-family:&quot;Times New Roman&quot;,&quot;serif&quot;\">Jur\u00eddica;<o:p><\/o:p><\/span><\/b><\/p>\n<p class=\"MsoListParagraphCxSpMiddle\" style=\"margin-top:6.0pt;margin-right:0cm;\nmargin-bottom:6.0pt;margin-left:0cm;mso-add-space:auto;text-align:justify;\nline-height:150%\"><b><span style=\"font-size:12.0pt;line-height:150%;font-family:&quot;Times New Roman&quot;,&quot;serif&quot;\">&nbsp;<\/span><\/b><\/p>\n<p class=\"MsoListParagraphCxSpMiddle\" style=\"margin-top:6.0pt;margin-right:0cm;\nmargin-bottom:6.0pt;margin-left:0cm;mso-add-space:auto;text-align:justify;\nline-height:150%\"><span style=\"font-size:12.0pt;line-height:150%;font-family:\n&quot;Times New Roman&quot;,&quot;serif&quot;\">Inicia-se o presente item com a defini\u00e7\u00e3o de<br \/>\nsubordina\u00e7\u00e3o de AMAURI MASCARO NASCIMENTO: <i>\u0093(&#8230;)<br \/>\nsitua\u00e7\u00e3o em que e encontra o trabalhador, decorrente da limita\u00e7\u00e3o contratual da<br \/>\nautonomia da sua vontade, para o fim de transferir ao empregador o poder de<br \/>\ndire\u00e7\u00e3o sobre a atividade que desempenhar\u00e1\u0094.<o:p><\/o:p><\/i><\/span><\/p>\n<p class=\"MsoListParagraphCxSpMiddle\" style=\"margin-top:6.0pt;margin-right:0cm;\nmargin-bottom:6.0pt;margin-left:0cm;mso-add-space:auto;text-align:justify;\nline-height:150%\"><span style=\"font-size:12.0pt;line-height:150%;font-family:\n&quot;Times New Roman&quot;,&quot;serif&quot;\">Verifica-se claramente que a <i>limita\u00e7\u00e3o contratual da autonomia<\/i> da vontade do empregado, por<br \/>\nparte do empregador, decorre da lei, raz\u00e3o pela qual a fala-se em <i>subordina\u00e7\u00e3o jur\u00eddica<\/i>, que \u00e9, para a<br \/>\ndoutrina majorit\u00e1ria, a verdadeira subordina\u00e7\u00e3o existente na rela\u00e7\u00e3o de<br \/>\nemprego.<o:p><\/o:p><\/span><\/p>\n<p class=\"MsoListParagraphCxSpMiddle\" style=\"margin-top:6.0pt;margin-right:0cm;\nmargin-bottom:6.0pt;margin-left:0cm;mso-add-space:auto;text-align:justify;\nline-height:150%\"><span style=\"font-size:12.0pt;line-height:150%;font-family:\n&quot;Times New Roman&quot;,&quot;serif&quot;\">Ao aderir aos termos do contrato de trabalho, o<br \/>\nempregador passa a receber ordens e ter sua atividade disciplinada e monitorada<br \/>\npelo empregador, decorr\u00eancia l\u00f3gica dos poderes inerentes ao \u00faltimo. N\u00e3o poder\u00e1<br \/>\no empregador desrespeitar as ordem do empregador, desde que legais, sob pena de<br \/>\nlhe ser aplicada alguma san\u00e7\u00e3o, inclusive o desfazimento do vinculo por justa<br \/>\ncausa obreira. Decorrem da lei as imposi\u00e7\u00f5es do empregador. Da\u00ed ser denominada<br \/>\nde <i>subordina\u00e7\u00e3o jur\u00eddica <\/i>o requisito<br \/>\nque ora se estuda.<o:p><\/o:p><\/span><\/p>\n<p class=\"MsoListParagraphCxSpMiddle\" style=\"margin-top:6.0pt;margin-right:0cm;\nmargin-bottom:6.0pt;margin-left:0cm;mso-add-space:auto;text-align:justify;\nline-height:150%\"><span style=\"font-size:12.0pt;line-height:150%;font-family:\n&quot;Times New Roman&quot;,&quot;serif&quot;\">Por fim, \u00e9 da grande valia a diferen\u00e7a tra\u00e7ada entre<br \/>\nempregado e aut\u00f4nomo, feita por S\u00c9RGIO PINTO MARTINS, tendo por base o<br \/>\nrequisito em estudo: <i>\u0093O empregado \u00e9, por<br \/>\nconseguinte, um trabalhador subordinado, dirigido pelo empregador. O<br \/>\ntrabalhador aut\u00f4nomo n\u00e3o \u00e9 empregado justamente por n\u00e3o ser subordinado a<br \/>\nningu\u00e9m, exercendo com autonomia suas atividades e assumindo os riscos de seu<br \/>\nneg\u00f3cio\u0094.<o:p><\/o:p><\/i><\/span><\/p>\n<p class=\"MsoListParagraphCxSpMiddle\" style=\"margin-top:6.0pt;margin-right:0cm;\nmargin-bottom:6.0pt;margin-left:0cm;mso-add-space:auto;text-align:justify;\nline-height:150%\"><b><span style=\"font-size:12.0pt;line-height:150%;font-family:&quot;Times New Roman&quot;,&quot;serif&quot;\">&nbsp;<\/span><\/b><\/p>\n<p class=\"MsoListParagraphCxSpMiddle\" style=\"margin-top:6.0pt;margin-right:0cm;\nmargin-bottom:6.0pt;margin-left:54.0pt;mso-add-space:auto;text-align:justify;\ntext-indent:-36.0pt;line-height:150%;mso-list:l0 level3 lfo1\"><!--[if !supportLists]--><b><span style=\"font-size:12.0pt;line-height:\n150%;font-family:&quot;Times New Roman&quot;,&quot;serif&quot;;mso-fareast-font-family:&quot;Times New Roman&quot;\">1.2.6.<span style=\"font-weight: normal; font-size: 7pt; line-height: normal; font-family: 'Times New Roman';\">&nbsp;&nbsp;&nbsp;&nbsp;&nbsp;<br \/>\n<\/span><\/span><\/b><!--[endif]--><b><span style=\"font-size:12.0pt;line-height:150%;font-family:&quot;Times New Roman&quot;,&quot;serif&quot;\">Alteridade;<o:p><\/o:p><\/span><\/b><\/p>\n<p class=\"MsoListParagraphCxSpMiddle\" style=\"margin-top:6.0pt;margin-right:0cm;\nmargin-bottom:6.0pt;margin-left:0cm;mso-add-space:auto;text-align:justify;\nline-height:150%\"><b><span style=\"font-size:12.0pt;line-height:150%;font-family:&quot;Times New Roman&quot;,&quot;serif&quot;\">&nbsp;<\/span><\/b><\/p>\n<p class=\"MsoListParagraphCxSpMiddle\" style=\"margin-top:6.0pt;margin-right:0cm;\nmargin-bottom:6.0pt;margin-left:0cm;mso-add-space:auto;text-align:justify;\nline-height:150%\"><span style=\"font-size:12.0pt;line-height:150%;font-family:\n&quot;Times New Roman&quot;,&quot;serif&quot;\">Por fim, o \u00faltimo requisito para a configura\u00e7\u00e3o do<br \/>\nv\u00ednculo de emprego. Quando verificado o significado no termo <i>alteridade, <\/i>o dicion\u00e1rio, tem-se <i>\u0093<span class=\"descricao1\"><span style=\"mso-ansi-font-size:12.0pt;mso-bidi-font-size:12.0pt;line-height:150%\">Estado<br \/>\nou qualidade do que \u00e9 outro\u0094<\/span><\/span><\/i><span class=\"descricao1\"><span style=\"mso-ansi-font-size:12.0pt;mso-bidi-font-size:12.0pt;line-height:150%\">,<br \/>\no que demonstra exatamente o sentido que o legislador trabalhista quis dar \u00e0<br \/>\nrela\u00e7\u00e3o de emprego, no tocante aos riscos do empreendimento. Explica-se. O art.<br \/>\n2\u00ba da CLT afirma que: <\/span><\/span><i>\u0093Considera-se<br \/>\nempregador a empresa, individual ou coletiva, que, <b>assumindo os riscos da atividade econ\u00f4mica<\/b>, admite, assalaria e<br \/>\ndirige a presta\u00e7\u00e3o pessoal de servi\u00e7o\u0094.<\/i> O termos em destaque, assumindo os<br \/>\nrisco da atividade econ\u00f4mica, retrata exatamente o requisito da alteridade,<br \/>\npois os riscos n\u00e3o s\u00e3o do empregado, e sim, <i>do<br \/>\noutro<\/i>, o empregador. O empregado utiliza da sua for\u00e7a de trabalho para<br \/>\nalcan\u00e7ar a remunera\u00e7\u00e3o. Se o neg\u00f3cio vai mal, d\u00e1 preju\u00edzos, tais fatos devem<br \/>\nser suportados exclusivamente pelo empregador, pois n\u00e3o h\u00e1 distribui\u00e7\u00e3o de<br \/>\npreju\u00edzos, apenas de lucros.<o:p><\/o:p><\/span><\/p>\n<p class=\"MsoListParagraphCxSpMiddle\" style=\"margin-top:6.0pt;margin-right:0cm;\nmargin-bottom:6.0pt;margin-left:0cm;mso-add-space:auto;text-align:justify;\nline-height:150%\"><span style=\"font-size:12.0pt;line-height:150%;font-family:\n&quot;Times New Roman&quot;,&quot;serif&quot;\">A assun\u00e7\u00e3o de riscos \u00e9 inerente ao empregador. Se o<br \/>\nempregado assume riscos, n\u00e3o \u00e9 empregado, e sim, s\u00f3cio. \u00c9 requisito do contrato<br \/>\nde trabalho o empregado prestar servi\u00e7os por conta alheia, e n\u00e3o pr\u00f3pria. Mesmo<br \/>\nque o empregador, loja do shopping, n\u00e3o venda uma s\u00f3 pe\u00e7a de roupa no m\u00eas, o<br \/>\nsal\u00e1rio \u00e9 devido ao empregado. Mesmo que receba por comiss\u00e3o, lhe ser\u00e1 devido<br \/>\npelo menos um sal\u00e1rio m\u00ednimo.<o:p><\/o:p><\/span><\/p>\n<p class=\"MsoListParagraphCxSpMiddle\" style=\"margin-top:6.0pt;margin-right:0cm;\nmargin-bottom:6.0pt;margin-left:0cm;mso-add-space:auto;text-align:justify;\nline-height:150%\"><span style=\"font-size:12.0pt;line-height:150%;font-family:\n&quot;Times New Roman&quot;,&quot;serif&quot;\">No trabalho aut\u00f4nomo, o empregado, por n\u00e3o possuir<br \/>\nv\u00ednculo empregat\u00edcio, assume os riscos de sua pr\u00f3pria atividade. Se n\u00e3o vender,<br \/>\nn\u00e3o receber\u00e1 qualquer valor. Se vender o triplo do que esta habituado, ficar\u00e1<br \/>\nintegralmente com o lucro, pois dele s\u00e3o os riscos do neg\u00f3cio.<o:p><\/o:p><\/span><\/p>\n<p class=\"MsoListParagraphCxSpLast\" style=\"margin-top:6.0pt;margin-right:0cm;\nmargin-bottom:6.0pt;margin-left:0cm;mso-add-space:auto;text-align:justify;\nline-height:150%\"><span style=\"font-size:12.0pt;line-height:150%;font-family:\n&quot;Times New Roman&quot;,&quot;serif&quot;\">Uma s\u00edntese bastante interessante do requisito \u00e9<br \/>\nfeita por RENATO SARAIVA, nos seguintes termos: <i>\u0093Logo, tendo laborado para o empregador, independentemente da empresa<br \/>\nter auferido lucros ou preju\u00edzos, as parcelas salariais sempre ser\u00e3o devidas ao<br \/>\nobreiro, o qual n\u00e3o assume o risco da atividade econ\u00f4mica\u0094.<o:p><\/o:p><\/i><\/span><\/p>\n<p class=\"MsoNormal\"><o:p>&nbsp;<\/o:p><\/p>\n","protected":false},"excerpt":{"rendered":"<p>1.&nbsp;&nbsp;&nbsp;&nbsp;&nbsp; Rela\u00e7\u00e3o de emprego; &nbsp; Rela\u00e7\u00e3o de emprego \u00e9 o v\u00ednculo que surge entre empregado e empregador, contudo, trata-se de um v\u00ednculo especial, que ser\u00e1 verificado apenas se presentes alguns requisitos, dispostos, em especial, no art. 3\u00ba da CLT. N\u00e3o \u00e9 qualquer rela\u00e7\u00e3o de trabalho que pode ser considerada rela\u00e7\u00e3o de emprego, pois aquela \u00e9 [&hellip;]<\/p>\n","protected":false},"author":123,"featured_media":0,"comment_status":"open","ping_status":"open","sticky":false,"template":"","format":"standard","meta":{"post_tipo":"article","footnotes":""},"categories":[1],"tags":[1145],"tax_estado":[],"class_list":["post-10195","post","type-post","status-publish","format-standard","hentry","category-cursos-e-concursos","tag-resumo"],"acf":[],"yoast_head":"<!-- This site is optimized with the Yoast SEO Premium plugin v27.2 (Yoast SEO v27.2) - https:\/\/yoast.com\/product\/yoast-seo-premium-wordpress\/ -->\n<title>Resumos de Direito do Trabalho - Rela\u00e7\u00e3o de emprego - Parte 3 - TRT\/SC, TRT\/GO, TRT\/SP e TRT\/PA.<\/title>\n<meta name=\"robots\" content=\"index, follow, max-snippet:-1, max-image-preview:large, max-video-preview:-1\" \/>\n<link rel=\"canonical\" href=\"https:\/\/www.estrategiaconcursos.com.br\/blog\/resumos-de-direito-do-trabalho-relacao-de-emprego-parte-3-trtsc-trtgo-trtsp-e-trtpa\/\" \/>\n<meta property=\"og:locale\" content=\"pt_BR\" \/>\n<meta property=\"og:type\" content=\"article\" \/>\n<meta property=\"og:title\" content=\"Resumos de Direito do Trabalho - Rela\u00e7\u00e3o de emprego - Parte 3 - TRT\/SC, TRT\/GO, TRT\/SP e TRT\/PA.\" \/>\n<meta property=\"og:description\" content=\"1.&nbsp;&nbsp;&nbsp;&nbsp;&nbsp; Rela\u00e7\u00e3o de emprego; &nbsp; Rela\u00e7\u00e3o de emprego \u00e9 o v\u00ednculo que surge entre empregado e empregador, contudo, trata-se de um v\u00ednculo especial, que ser\u00e1 verificado apenas se presentes alguns requisitos, dispostos, em especial, no art. 3\u00ba da CLT. N\u00e3o \u00e9 qualquer rela\u00e7\u00e3o de trabalho que pode ser considerada rela\u00e7\u00e3o de emprego, pois aquela \u00e9 [&hellip;]\" \/>\n<meta property=\"og:url\" content=\"https:\/\/www.estrategiaconcursos.com.br\/blog\/resumos-de-direito-do-trabalho-relacao-de-emprego-parte-3-trtsc-trtgo-trtsp-e-trtpa\/\" \/>\n<meta property=\"og:site_name\" content=\"Estrat\u00e9gia Concursos\" \/>\n<meta property=\"article:author\" content=\"https:\/\/www.facebook.com\/bruno.klippel\" \/>\n<meta property=\"article:published_time\" content=\"2013-06-05T14:12:30+00:00\" \/>\n<meta property=\"article:modified_time\" content=\"2016-12-13T15:57:45+00:00\" \/>\n<meta name=\"author\" content=\"Bruno Klippel\" \/>\n<meta name=\"twitter:card\" content=\"summary_large_image\" \/>\n<meta name=\"twitter:creator\" content=\"@https:\/\/twitter.com\/brunoklippel\" \/>\n<meta name=\"twitter:site\" content=\"@EstratConcursos\" \/>\n<meta name=\"twitter:label1\" content=\"Escrito por\" \/>\n\t<meta name=\"twitter:data1\" content=\"Bruno Klippel\" \/>\n\t<meta name=\"twitter:label2\" content=\"Est. tempo de leitura\" \/>\n\t<meta name=\"twitter:data2\" content=\"20 minutos\" \/>\n<script type=\"application\/ld+json\" class=\"yoast-schema-graph\">{\"@context\":\"https:\/\/schema.org\",\"@graph\":[{\"@type\":\"NewsArticle\",\"@id\":\"https:\/\/www.estrategiaconcursos.com.br\/blog\/resumos-de-direito-do-trabalho-relacao-de-emprego-parte-3-trtsc-trtgo-trtsp-e-trtpa\/#article\",\"isPartOf\":{\"@id\":\"https:\/\/www.estrategiaconcursos.com.br\/blog\/resumos-de-direito-do-trabalho-relacao-de-emprego-parte-3-trtsc-trtgo-trtsp-e-trtpa\/\"},\"author\":{\"name\":\"Bruno Klippel\",\"@id\":\"https:\/\/www.estrategiaconcursos.com.br\/blog\/#\/schema\/person\/e45245f931dbe7daa788a36aeae3db76\"},\"headline\":\"Resumos de Direito do Trabalho &#8211; Rela\u00e7\u00e3o de emprego &#8211; Parte 3 &#8211; TRT\/SC, TRT\/GO, TRT\/SP e TRT\/PA.\",\"datePublished\":\"2013-06-05T14:12:30+00:00\",\"dateModified\":\"2016-12-13T15:57:45+00:00\",\"mainEntityOfPage\":{\"@id\":\"https:\/\/www.estrategiaconcursos.com.br\/blog\/resumos-de-direito-do-trabalho-relacao-de-emprego-parte-3-trtsc-trtgo-trtsp-e-trtpa\/\"},\"wordCount\":3987,\"commentCount\":4,\"publisher\":{\"@id\":\"https:\/\/www.estrategiaconcursos.com.br\/blog\/#organization\"},\"keywords\":[\"resumo\"],\"articleSection\":[\"Concursos P\u00fablicos\"],\"inLanguage\":\"pt-BR\",\"potentialAction\":[{\"@type\":\"CommentAction\",\"name\":\"Comment\",\"target\":[\"https:\/\/www.estrategiaconcursos.com.br\/blog\/resumos-de-direito-do-trabalho-relacao-de-emprego-parte-3-trtsc-trtgo-trtsp-e-trtpa\/#respond\"]}],\"copyrightYear\":\"2013\",\"copyrightHolder\":{\"@id\":\"https:\/\/www.estrategiaconcursos.com.br\/blog\/#organization\"}},{\"@type\":\"WebPage\",\"@id\":\"https:\/\/www.estrategiaconcursos.com.br\/blog\/resumos-de-direito-do-trabalho-relacao-de-emprego-parte-3-trtsc-trtgo-trtsp-e-trtpa\/\",\"url\":\"https:\/\/www.estrategiaconcursos.com.br\/blog\/resumos-de-direito-do-trabalho-relacao-de-emprego-parte-3-trtsc-trtgo-trtsp-e-trtpa\/\",\"name\":\"Resumos de Direito do Trabalho - Rela\u00e7\u00e3o de emprego - Parte 3 - TRT\/SC, TRT\/GO, TRT\/SP e TRT\/PA.\",\"isPartOf\":{\"@id\":\"https:\/\/www.estrategiaconcursos.com.br\/blog\/#website\"},\"datePublished\":\"2013-06-05T14:12:30+00:00\",\"dateModified\":\"2016-12-13T15:57:45+00:00\",\"breadcrumb\":{\"@id\":\"https:\/\/www.estrategiaconcursos.com.br\/blog\/resumos-de-direito-do-trabalho-relacao-de-emprego-parte-3-trtsc-trtgo-trtsp-e-trtpa\/#breadcrumb\"},\"inLanguage\":\"pt-BR\",\"potentialAction\":[{\"@type\":\"ReadAction\",\"target\":[\"https:\/\/www.estrategiaconcursos.com.br\/blog\/resumos-de-direito-do-trabalho-relacao-de-emprego-parte-3-trtsc-trtgo-trtsp-e-trtpa\/\"]}]},{\"@type\":\"BreadcrumbList\",\"@id\":\"https:\/\/www.estrategiaconcursos.com.br\/blog\/resumos-de-direito-do-trabalho-relacao-de-emprego-parte-3-trtsc-trtgo-trtsp-e-trtpa\/#breadcrumb\",\"itemListElement\":[{\"@type\":\"ListItem\",\"position\":1,\"name\":\"In\u00edcio\",\"item\":\"https:\/\/www.estrategiaconcursos.com.br\/blog\/\"},{\"@type\":\"ListItem\",\"position\":2,\"name\":\"Resumos de Direito do Trabalho &#8211; Rela\u00e7\u00e3o de emprego &#8211; Parte 3 &#8211; TRT\/SC, TRT\/GO, TRT\/SP e TRT\/PA.\"}]},{\"@type\":\"WebSite\",\"@id\":\"https:\/\/www.estrategiaconcursos.com.br\/blog\/#website\",\"url\":\"https:\/\/www.estrategiaconcursos.com.br\/blog\/\",\"name\":\"Estrat\u00e9gia Concursos\",\"description\":\"O blog da Estrat\u00e9gia Concursos traz not\u00edcias sobre concursos e artigos de professores oferecendo cursos para concursos (pdf + videaulas) no site.\",\"publisher\":{\"@id\":\"https:\/\/www.estrategiaconcursos.com.br\/blog\/#organization\"},\"potentialAction\":[{\"@type\":\"SearchAction\",\"target\":{\"@type\":\"EntryPoint\",\"urlTemplate\":\"https:\/\/www.estrategiaconcursos.com.br\/blog\/?s={search_term_string}\"},\"query-input\":{\"@type\":\"PropertyValueSpecification\",\"valueRequired\":true,\"valueName\":\"search_term_string\"}}],\"inLanguage\":\"pt-BR\"},{\"@type\":\"Organization\",\"@id\":\"https:\/\/www.estrategiaconcursos.com.br\/blog\/#organization\",\"name\":\"Estrat\u00e9gia Concursos\",\"url\":\"https:\/\/www.estrategiaconcursos.com.br\/blog\/\",\"logo\":{\"@type\":\"ImageObject\",\"inLanguage\":\"pt-BR\",\"@id\":\"https:\/\/www.estrategiaconcursos.com.br\/blog\/#\/schema\/logo\/image\/\",\"url\":\"https:\/\/dhg1h5j42swfq.cloudfront.net\/2025\/06\/03203428\/logo_concursos-1.jpg\",\"contentUrl\":\"https:\/\/dhg1h5j42swfq.cloudfront.net\/2025\/06\/03203428\/logo_concursos-1.jpg\",\"width\":230,\"height\":60,\"caption\":\"Estrat\u00e9gia Concursos\"},\"image\":{\"@id\":\"https:\/\/www.estrategiaconcursos.com.br\/blog\/#\/schema\/logo\/image\/\"},\"sameAs\":[\"https:\/\/x.com\/EstratConcursos\"]},{\"@type\":\"Person\",\"@id\":\"https:\/\/www.estrategiaconcursos.com.br\/blog\/#\/schema\/person\/e45245f931dbe7daa788a36aeae3db76\",\"name\":\"Bruno Klippel\",\"image\":{\"@type\":\"ImageObject\",\"inLanguage\":\"pt-BR\",\"@id\":\"https:\/\/secure.gravatar.com\/avatar\/555136b5a9f57831d9839d55086ed04254bbba23fd861d79951efc1f321b41cf?s=96&d=mm&r=g\",\"url\":\"https:\/\/secure.gravatar.com\/avatar\/555136b5a9f57831d9839d55086ed04254bbba23fd861d79951efc1f321b41cf?s=96&d=mm&r=g\",\"contentUrl\":\"https:\/\/secure.gravatar.com\/avatar\/555136b5a9f57831d9839d55086ed04254bbba23fd861d79951efc1f321b41cf?s=96&d=mm&r=g\",\"caption\":\"Bruno Klippel\"},\"sameAs\":[\"https:\/\/www.facebook.com\/bruno.klippel\",\"https:\/\/x.com\/https:\/\/twitter.com\/brunoklippel\"],\"url\":\"https:\/\/www.estrategiaconcursos.com.br\/blog\/author\/brunoklippelestrategiaconcursos-com-br\/\"}]}<\/script>\n<!-- \/ Yoast SEO Premium plugin. -->","yoast_head_json":{"title":"Resumos de Direito do Trabalho - Rela\u00e7\u00e3o de emprego - Parte 3 - TRT\/SC, TRT\/GO, TRT\/SP e TRT\/PA.","robots":{"index":"index","follow":"follow","max-snippet":"max-snippet:-1","max-image-preview":"max-image-preview:large","max-video-preview":"max-video-preview:-1"},"canonical":"https:\/\/www.estrategiaconcursos.com.br\/blog\/resumos-de-direito-do-trabalho-relacao-de-emprego-parte-3-trtsc-trtgo-trtsp-e-trtpa\/","og_locale":"pt_BR","og_type":"article","og_title":"Resumos de Direito do Trabalho - Rela\u00e7\u00e3o de emprego - Parte 3 - TRT\/SC, TRT\/GO, TRT\/SP e TRT\/PA.","og_description":"1.&nbsp;&nbsp;&nbsp;&nbsp;&nbsp; Rela\u00e7\u00e3o de emprego; &nbsp; Rela\u00e7\u00e3o de emprego \u00e9 o v\u00ednculo que surge entre empregado e empregador, contudo, trata-se de um v\u00ednculo especial, que ser\u00e1 verificado apenas se presentes alguns requisitos, dispostos, em especial, no art. 3\u00ba da CLT. N\u00e3o \u00e9 qualquer rela\u00e7\u00e3o de trabalho que pode ser considerada rela\u00e7\u00e3o de emprego, pois aquela \u00e9 [&hellip;]","og_url":"https:\/\/www.estrategiaconcursos.com.br\/blog\/resumos-de-direito-do-trabalho-relacao-de-emprego-parte-3-trtsc-trtgo-trtsp-e-trtpa\/","og_site_name":"Estrat\u00e9gia Concursos","article_author":"https:\/\/www.facebook.com\/bruno.klippel","article_published_time":"2013-06-05T14:12:30+00:00","article_modified_time":"2016-12-13T15:57:45+00:00","author":"Bruno Klippel","twitter_card":"summary_large_image","twitter_creator":"@https:\/\/twitter.com\/brunoklippel","twitter_site":"@EstratConcursos","twitter_misc":{"Escrito por":"Bruno Klippel","Est. tempo de leitura":"20 minutos"},"schema":{"@context":"https:\/\/schema.org","@graph":[{"@type":"NewsArticle","@id":"https:\/\/www.estrategiaconcursos.com.br\/blog\/resumos-de-direito-do-trabalho-relacao-de-emprego-parte-3-trtsc-trtgo-trtsp-e-trtpa\/#article","isPartOf":{"@id":"https:\/\/www.estrategiaconcursos.com.br\/blog\/resumos-de-direito-do-trabalho-relacao-de-emprego-parte-3-trtsc-trtgo-trtsp-e-trtpa\/"},"author":{"name":"Bruno Klippel","@id":"https:\/\/www.estrategiaconcursos.com.br\/blog\/#\/schema\/person\/e45245f931dbe7daa788a36aeae3db76"},"headline":"Resumos de Direito do Trabalho &#8211; Rela\u00e7\u00e3o de emprego &#8211; Parte 3 &#8211; TRT\/SC, TRT\/GO, TRT\/SP e TRT\/PA.","datePublished":"2013-06-05T14:12:30+00:00","dateModified":"2016-12-13T15:57:45+00:00","mainEntityOfPage":{"@id":"https:\/\/www.estrategiaconcursos.com.br\/blog\/resumos-de-direito-do-trabalho-relacao-de-emprego-parte-3-trtsc-trtgo-trtsp-e-trtpa\/"},"wordCount":3987,"commentCount":4,"publisher":{"@id":"https:\/\/www.estrategiaconcursos.com.br\/blog\/#organization"},"keywords":["resumo"],"articleSection":["Concursos P\u00fablicos"],"inLanguage":"pt-BR","potentialAction":[{"@type":"CommentAction","name":"Comment","target":["https:\/\/www.estrategiaconcursos.com.br\/blog\/resumos-de-direito-do-trabalho-relacao-de-emprego-parte-3-trtsc-trtgo-trtsp-e-trtpa\/#respond"]}],"copyrightYear":"2013","copyrightHolder":{"@id":"https:\/\/www.estrategiaconcursos.com.br\/blog\/#organization"}},{"@type":"WebPage","@id":"https:\/\/www.estrategiaconcursos.com.br\/blog\/resumos-de-direito-do-trabalho-relacao-de-emprego-parte-3-trtsc-trtgo-trtsp-e-trtpa\/","url":"https:\/\/www.estrategiaconcursos.com.br\/blog\/resumos-de-direito-do-trabalho-relacao-de-emprego-parte-3-trtsc-trtgo-trtsp-e-trtpa\/","name":"Resumos de Direito do Trabalho - Rela\u00e7\u00e3o de emprego - Parte 3 - TRT\/SC, TRT\/GO, TRT\/SP e TRT\/PA.","isPartOf":{"@id":"https:\/\/www.estrategiaconcursos.com.br\/blog\/#website"},"datePublished":"2013-06-05T14:12:30+00:00","dateModified":"2016-12-13T15:57:45+00:00","breadcrumb":{"@id":"https:\/\/www.estrategiaconcursos.com.br\/blog\/resumos-de-direito-do-trabalho-relacao-de-emprego-parte-3-trtsc-trtgo-trtsp-e-trtpa\/#breadcrumb"},"inLanguage":"pt-BR","potentialAction":[{"@type":"ReadAction","target":["https:\/\/www.estrategiaconcursos.com.br\/blog\/resumos-de-direito-do-trabalho-relacao-de-emprego-parte-3-trtsc-trtgo-trtsp-e-trtpa\/"]}]},{"@type":"BreadcrumbList","@id":"https:\/\/www.estrategiaconcursos.com.br\/blog\/resumos-de-direito-do-trabalho-relacao-de-emprego-parte-3-trtsc-trtgo-trtsp-e-trtpa\/#breadcrumb","itemListElement":[{"@type":"ListItem","position":1,"name":"In\u00edcio","item":"https:\/\/www.estrategiaconcursos.com.br\/blog\/"},{"@type":"ListItem","position":2,"name":"Resumos de Direito do Trabalho &#8211; Rela\u00e7\u00e3o de emprego &#8211; Parte 3 &#8211; TRT\/SC, TRT\/GO, TRT\/SP e TRT\/PA."}]},{"@type":"WebSite","@id":"https:\/\/www.estrategiaconcursos.com.br\/blog\/#website","url":"https:\/\/www.estrategiaconcursos.com.br\/blog\/","name":"Estrat\u00e9gia Concursos","description":"O blog da Estrat\u00e9gia Concursos traz not\u00edcias sobre concursos e artigos de professores oferecendo cursos para concursos (pdf + videaulas) no site.","publisher":{"@id":"https:\/\/www.estrategiaconcursos.com.br\/blog\/#organization"},"potentialAction":[{"@type":"SearchAction","target":{"@type":"EntryPoint","urlTemplate":"https:\/\/www.estrategiaconcursos.com.br\/blog\/?s={search_term_string}"},"query-input":{"@type":"PropertyValueSpecification","valueRequired":true,"valueName":"search_term_string"}}],"inLanguage":"pt-BR"},{"@type":"Organization","@id":"https:\/\/www.estrategiaconcursos.com.br\/blog\/#organization","name":"Estrat\u00e9gia Concursos","url":"https:\/\/www.estrategiaconcursos.com.br\/blog\/","logo":{"@type":"ImageObject","inLanguage":"pt-BR","@id":"https:\/\/www.estrategiaconcursos.com.br\/blog\/#\/schema\/logo\/image\/","url":"https:\/\/dhg1h5j42swfq.cloudfront.net\/2025\/06\/03203428\/logo_concursos-1.jpg","contentUrl":"https:\/\/dhg1h5j42swfq.cloudfront.net\/2025\/06\/03203428\/logo_concursos-1.jpg","width":230,"height":60,"caption":"Estrat\u00e9gia Concursos"},"image":{"@id":"https:\/\/www.estrategiaconcursos.com.br\/blog\/#\/schema\/logo\/image\/"},"sameAs":["https:\/\/x.com\/EstratConcursos"]},{"@type":"Person","@id":"https:\/\/www.estrategiaconcursos.com.br\/blog\/#\/schema\/person\/e45245f931dbe7daa788a36aeae3db76","name":"Bruno Klippel","image":{"@type":"ImageObject","inLanguage":"pt-BR","@id":"https:\/\/secure.gravatar.com\/avatar\/555136b5a9f57831d9839d55086ed04254bbba23fd861d79951efc1f321b41cf?s=96&d=mm&r=g","url":"https:\/\/secure.gravatar.com\/avatar\/555136b5a9f57831d9839d55086ed04254bbba23fd861d79951efc1f321b41cf?s=96&d=mm&r=g","contentUrl":"https:\/\/secure.gravatar.com\/avatar\/555136b5a9f57831d9839d55086ed04254bbba23fd861d79951efc1f321b41cf?s=96&d=mm&r=g","caption":"Bruno Klippel"},"sameAs":["https:\/\/www.facebook.com\/bruno.klippel","https:\/\/x.com\/https:\/\/twitter.com\/brunoklippel"],"url":"https:\/\/www.estrategiaconcursos.com.br\/blog\/author\/brunoklippelestrategiaconcursos-com-br\/"}]}},"_links":{"self":[{"href":"https:\/\/www.estrategiaconcursos.com.br\/blog\/wp-json\/wp\/v2\/posts\/10195","targetHints":{"allow":["GET"]}}],"collection":[{"href":"https:\/\/www.estrategiaconcursos.com.br\/blog\/wp-json\/wp\/v2\/posts"}],"about":[{"href":"https:\/\/www.estrategiaconcursos.com.br\/blog\/wp-json\/wp\/v2\/types\/post"}],"author":[{"embeddable":true,"href":"https:\/\/www.estrategiaconcursos.com.br\/blog\/wp-json\/wp\/v2\/users\/123"}],"replies":[{"embeddable":true,"href":"https:\/\/www.estrategiaconcursos.com.br\/blog\/wp-json\/wp\/v2\/comments?post=10195"}],"version-history":[{"count":1,"href":"https:\/\/www.estrategiaconcursos.com.br\/blog\/wp-json\/wp\/v2\/posts\/10195\/revisions"}],"predecessor-version":[{"id":57768,"href":"https:\/\/www.estrategiaconcursos.com.br\/blog\/wp-json\/wp\/v2\/posts\/10195\/revisions\/57768"}],"wp:attachment":[{"href":"https:\/\/www.estrategiaconcursos.com.br\/blog\/wp-json\/wp\/v2\/media?parent=10195"}],"wp:term":[{"taxonomy":"category","embeddable":true,"href":"https:\/\/www.estrategiaconcursos.com.br\/blog\/wp-json\/wp\/v2\/categories?post=10195"},{"taxonomy":"post_tag","embeddable":true,"href":"https:\/\/www.estrategiaconcursos.com.br\/blog\/wp-json\/wp\/v2\/tags?post=10195"},{"taxonomy":"tax_estado","embeddable":true,"href":"https:\/\/www.estrategiaconcursos.com.br\/blog\/wp-json\/wp\/v2\/tax_estado?post=10195"}],"curies":[{"name":"wp","href":"https:\/\/api.w.org\/{rel}","templated":true}]}}