{"id":10192,"date":"2013-06-04T14:49:37","date_gmt":"2013-06-04T14:49:37","guid":{"rendered":"https:\/\/www.estrategiaconcursos.com.br\/blog\/resumo-de-direito-do-trabalho-trtsc-e-trtgo-parte-2-principios-do-direito-do-trabalho\/"},"modified":"2016-12-13T12:57:45","modified_gmt":"2016-12-13T15:57:45","slug":"resumo-de-direito-do-trabalho-trtsc-e-trtgo-parte-2-principios-do-direito-do-trabalho","status":"publish","type":"post","link":"https:\/\/www.estrategiaconcursos.com.br\/blog\/resumo-de-direito-do-trabalho-trtsc-e-trtgo-parte-2-principios-do-direito-do-trabalho\/","title":{"rendered":"Resumo de Direito do Trabalho &#8211; TRT\/SC e TRT\/GO &#8211; Parte 2 &#8211; Princ\u00edpios do Direito do Trabalho"},"content":{"rendered":"<p class=\"MsoListParagraphCxSpFirst\" style=\"margin-top:6.0pt;margin-right:0cm;\nmargin-bottom:6.0pt;margin-left:36.0pt;mso-add-space:auto;text-align:justify;\ntext-indent:-18.0pt;line-height:150%;mso-list:l0 level1 lfo1\"><!--[if !supportLists]--><b><span style=\"font-size:12.0pt;line-height:\n150%;font-family:&quot;Times New Roman&quot;,&quot;serif&quot;;mso-fareast-font-family:&quot;Times New Roman&quot;\">1.<span style=\"font-weight: normal; font-size: 7pt; line-height: normal; font-family: 'Times New Roman';\">&nbsp;&nbsp;&nbsp;&nbsp;&nbsp;<br \/>\n<\/span><\/span><\/b><!--[endif]--><b><span style=\"font-size:12.0pt;line-height:150%;font-family:&quot;Times New Roman&quot;,&quot;serif&quot;\">Princ\u00edpios<br \/>\ndo Direito do Trabalho;<o:p><\/o:p><\/span><\/b><\/p>\n<p class=\"MsoListParagraphCxSpMiddle\" style=\"margin-top:6.0pt;margin-right:0cm;\nmargin-bottom:6.0pt;margin-left:0cm;mso-add-space:auto;text-align:justify;\nline-height:150%\"><b><span style=\"font-size:12.0pt;line-height:150%;font-family:&quot;Times New Roman&quot;,&quot;serif&quot;\">&nbsp;<\/span><\/b><\/p>\n<p class=\"MsoListParagraphCxSpMiddle\" style=\"margin-top:6.0pt;margin-right:0cm;\nmargin-bottom:6.0pt;margin-left:0cm;mso-add-space:auto;text-align:justify;\nline-height:150%\"><span style=\"font-size:12.0pt;line-height:150%;font-family:\n&quot;Times New Roman&quot;,&quot;serif&quot;\">Todo ramo do direito possui seus princ\u00edpios<br \/>\npr\u00f3prios, que s\u00e3o as <b>proposi\u00e7\u00f5es<br \/>\nfundamentais<\/b>, ou seja, as id\u00e9ias que guiam a confec\u00e7\u00e3o das leis, sua<br \/>\naplica\u00e7\u00e3o e interpreta\u00e7\u00e3o. Tais <b>proposi\u00e7\u00f5es<br \/>\nfundamentais <\/b>da ci\u00eancia jur\u00eddica possuem importante fun\u00e7\u00e3o, pois conferem <b>integra\u00e7\u00e3o<\/b> e <b>harmonia<\/b> \u00e0s diversas normas jur\u00eddicas regulat\u00f3rias, por exemplo, do<br \/>\ndireito penal, processual civil, e, como n\u00e3o poderia deixar de ser, do direito<br \/>\ndo trabalho.<o:p><\/o:p><\/span><\/p>\n<p class=\"MsoListParagraphCxSpMiddle\" style=\"margin-top:6.0pt;margin-right:0cm;\nmargin-bottom:6.0pt;margin-left:0cm;mso-add-space:auto;text-align:justify;\nline-height:150%\"><span style=\"font-size:12.0pt;line-height:150%;font-family:\n&quot;Times New Roman&quot;,&quot;serif&quot;\">A id\u00e9ia basilar do direito do trabalho repousa na<br \/>\nnecessidade de <b>prote\u00e7\u00e3o do empregado<\/b>,<br \/>\npor ser a parte <b>hipossuficiente<\/b> da<br \/>\nrela\u00e7\u00e3o jur\u00eddica analisada. O empregado, por ser mais fraco, se comparado ao<br \/>\nempregador, merece aten\u00e7\u00e3o e prote\u00e7\u00e3o especial. Tal fato decorre da pr\u00f3pria<br \/>\ncria\u00e7\u00e3o e desenvolvimento do direito do trabalho, cujas normas foram criadas<br \/>\npara evitar-se o abuso por parte dos donos do capital.<o:p><\/o:p><\/span><\/p>\n<p class=\"MsoListParagraphCxSpMiddle\" style=\"margin-top:6.0pt;margin-right:0cm;\nmargin-bottom:6.0pt;margin-left:0cm;mso-add-space:auto;text-align:justify;\nline-height:150%\"><span style=\"font-size:12.0pt;line-height:150%;font-family:\n&quot;Times New Roman&quot;,&quot;serif&quot;\">Assim, ser\u00e3o analisados os princ\u00edpios do direito do<br \/>\ntrabalho, sendo que em primeiro lugar ser\u00e1 objeto de estudo o princ\u00edpio da<br \/>\nprote\u00e7\u00e3o, do qual decorrem todos os demais, cujo intuito \u00e9 o de criar uma \u0093rede<br \/>\nprotecionista\u0094 visando \u00e0 consagra\u00e7\u00e3o do princ\u00edpio constitucional da isonomia em<br \/>\nseu plano material, que ordena sejam tratados desigualmente os desiguais, na<br \/>\nexata medida de suas desigualdades. <o:p><\/o:p><\/span><\/p>\n<p class=\"MsoListParagraphCxSpMiddle\" style=\"margin-top:6.0pt;margin-right:0cm;\nmargin-bottom:6.0pt;margin-left:0cm;mso-add-space:auto;text-align:justify;\nline-height:150%\"><span style=\"font-size:12.0pt;line-height:150%;font-family:\n&quot;Times New Roman&quot;,&quot;serif&quot;\">&nbsp;<\/span><\/p>\n<p class=\"MsoListParagraphCxSpMiddle\" style=\"margin-top:6.0pt;margin-right:0cm;\nmargin-bottom:6.0pt;margin-left:0cm;mso-add-space:auto;text-align:justify;\nline-height:150%\"><b><span style=\"font-size:12.0pt;line-height:150%;font-family:&quot;Times New Roman&quot;,&quot;serif&quot;\">&nbsp;<\/span><\/b><\/p>\n<p class=\"MsoListParagraphCxSpMiddle\" style=\"margin-top:6.0pt;margin-right:0cm;\nmargin-bottom:6.0pt;margin-left:36.0pt;mso-add-space:auto;text-align:justify;\ntext-indent:-18.0pt;line-height:150%;mso-list:l0 level2 lfo1\"><!--[if !supportLists]--><b><span style=\"font-size:12.0pt;line-height:\n150%;font-family:&quot;Times New Roman&quot;,&quot;serif&quot;;mso-fareast-font-family:&quot;Times New Roman&quot;\">1.1.<\/span><\/b><!--[endif]--><b><span style=\"font-size:12.0pt;line-height:150%;font-family:&quot;Times New Roman&quot;,&quot;serif&quot;\">Princ\u00edpio<br \/>\nda Prote\u00e7\u00e3o;<o:p><\/o:p><\/span><\/b><\/p>\n<p class=\"MsoListParagraphCxSpMiddle\" style=\"margin-top:6.0pt;margin-right:0cm;\nmargin-bottom:6.0pt;margin-left:0cm;mso-add-space:auto;text-align:justify;\nline-height:150%\"><b><span style=\"font-size:12.0pt;line-height:150%;font-family:&quot;Times New Roman&quot;,&quot;serif&quot;\">&nbsp;<\/span><\/b><\/p>\n<p class=\"MsoListParagraphCxSpMiddle\" style=\"margin-top:6.0pt;margin-right:0cm;\nmargin-bottom:6.0pt;margin-left:0cm;mso-add-space:auto;text-align:justify;\nline-height:150%\"><span style=\"font-size:12.0pt;line-height:150%;font-family:\n&quot;Times New Roman&quot;,&quot;serif&quot;\">O princ\u00edpio da prote\u00e7\u00e3o teve como expoente maior o<br \/>\nmestre uruguaio <b>Am\u00e9rico Pl\u00e1 Rodriguez,<\/b><br \/>\nque sistematizou o entendimento da quest\u00e3o, subdividindo o mesmo em tr\u00eas<br \/>\nprincipais regras: <i>in d\u00fabio pro operario,<br \/>\n<\/i>da norma mais favor\u00e1vel e da condi\u00e7\u00e3o mais ben\u00e9fica. Todos s\u00e3o utilizados<br \/>\npara, como j\u00e1 se salientou no item anterior, concretizar o princ\u00edpio da<br \/>\nisonomia em seu plano material, tamb\u00e9m denominado de real, no \u00e2mbito do direito<br \/>\ndo trabalho.<o:p><\/o:p><\/span><\/p>\n<p class=\"MsoListParagraphCxSpMiddle\" style=\"margin-top:6.0pt;margin-right:0cm;\nmargin-bottom:6.0pt;margin-left:0cm;mso-add-space:auto;text-align:justify;\nline-height:150%\"><span style=\"font-size:12.0pt;line-height:150%;font-family:\n&quot;Times New Roman&quot;,&quot;serif&quot;\">Parte-se da seguinte premissa: <b>o trabalhador n\u00e3o se encontra em \u0093p\u00e9 de igualdade\u0094 com o empregador<\/b>,<br \/>\nou seja, h\u00e1 uma n\u00edtida desigualdade entre aqueles, pois o empregado somente<br \/>\npossui, em regra, a sua for\u00e7a de trabalho, dependendo do labor para a sua<br \/>\nmanuten\u00e7\u00e3o, enquanto que o empregador \u00e9 o propriet\u00e1rio dos meios de produ\u00e7\u00e3o,<br \/>\ndo capital, podendo contratar diversos empregados para a execu\u00e7\u00e3o da mesma<br \/>\nfun\u00e7\u00e3o. Enquanto o primeiro n\u00e3o possui alternativa, a n\u00e3o ser trabalhar, o<br \/>\nsegundo pode optar por diversos obreiros com capacidade para a realiza\u00e7\u00e3o das<br \/>\nfun\u00e7\u00f5es.<o:p><\/o:p><\/span><\/p>\n<p class=\"MsoListParagraphCxSpMiddle\" style=\"margin-top:6.0pt;margin-right:0cm;\nmargin-bottom:6.0pt;margin-left:0cm;mso-add-space:auto;text-align:justify;\nline-height:150%\"><span style=\"font-size:12.0pt;line-height:150%;font-family:\n&quot;Times New Roman&quot;,&quot;serif&quot;\">Logo, deve o legislador, visando tratar<br \/>\ndesigualmente os desiguais, prever normas jur\u00eddicas que privilegiem o<br \/>\ntrabalhador, diminuindo o \u0093abismo\u0094 existente entre as partes do contrato de<br \/>\ntrabalho.<o:p><\/o:p><\/span><\/p>\n<p class=\"MsoListParagraphCxSpMiddle\" style=\"margin-top:6.0pt;margin-right:0cm;\nmargin-bottom:6.0pt;margin-left:0cm;mso-add-space:auto;text-align:justify;\nline-height:150%\"><span style=\"font-size:12.0pt;line-height:150%;font-family:\n&quot;Times New Roman&quot;,&quot;serif&quot;\">Ser\u00e3o analisadas, nos t\u00f3picos seguintes, as regras<br \/>\nsistematizadas por Pl\u00e1 Rodriguez, em franca utiliza\u00e7\u00e3o no direito do trabalho,<br \/>\nem especial na jurisprud\u00eancia do TST.<o:p><\/o:p><\/span><\/p>\n<p class=\"MsoListParagraphCxSpMiddle\" style=\"margin-top:6.0pt;margin-right:0cm;\nmargin-bottom:6.0pt;margin-left:0cm;mso-add-space:auto;text-align:justify;\nline-height:150%\"><b><span style=\"font-size:12.0pt;line-height:150%;font-family:&quot;Times New Roman&quot;,&quot;serif&quot;\">&nbsp;<\/span><\/b><\/p>\n<p class=\"MsoListParagraphCxSpMiddle\" style=\"margin-top:6.0pt;margin-right:0cm;\nmargin-bottom:6.0pt;margin-left:54.0pt;mso-add-space:auto;text-align:justify;\ntext-indent:-36.0pt;line-height:150%;mso-list:l0 level3 lfo1\"><!--[if !supportLists]--><b><span style=\"font-size:12.0pt;line-height:\n150%;font-family:&quot;Times New Roman&quot;,&quot;serif&quot;;mso-fareast-font-family:&quot;Times New Roman&quot;\">1.1.1.<span style=\"font-weight: normal; font-size: 7pt; line-height: normal; font-family: 'Times New Roman';\">&nbsp;&nbsp;&nbsp;&nbsp;&nbsp;<br \/>\n<\/span><\/span><\/b><!--[endif]--><b><i><span style=\"font-size:12.0pt;line-height:\n150%;font-family:&quot;Times New Roman&quot;,&quot;serif&quot;\">In d\u00fabio pro oper\u00e1rio;<\/span><\/i><\/b><b><span style=\"font-size:12.0pt;line-height:\n150%;font-family:&quot;Times New Roman&quot;,&quot;serif&quot;\"><o:p><\/o:p><\/span><\/b><\/p>\n<p class=\"MsoListParagraphCxSpMiddle\" style=\"margin-top:6.0pt;margin-right:0cm;\nmargin-bottom:6.0pt;margin-left:0cm;mso-add-space:auto;text-align:justify;\nline-height:150%\"><b><i><span style=\"font-size:12.0pt;line-height:150%;font-family:&quot;Times New Roman&quot;,&quot;serif&quot;\">&nbsp;<\/span><\/i><\/b><\/p>\n<p class=\"MsoListParagraphCxSpMiddle\" style=\"margin-top:6.0pt;margin-right:0cm;\nmargin-bottom:6.0pt;margin-left:0cm;mso-add-space:auto;text-align:justify;\nline-height:150%\"><span style=\"font-size:12.0pt;line-height:150%;font-family:\n&quot;Times New Roman&quot;,&quot;serif&quot;\">A regra <i>in<br \/>\nd\u00fabio pro oper\u00e1rio<\/i>, ou seja, na d\u00favida a favor do trabalhador, est\u00e1<br \/>\nrelacionada \u00e0 interpreta\u00e7\u00e3o das normas jur\u00eddicas. Havendo d\u00favida no tocante \u00e0<br \/>\ninterpreta\u00e7\u00e3o de determinado preceito, deve ser escolhido aquele que mostra-se<br \/>\nmais favor\u00e1vel ao empregado, pois o intuito do legislador, ao criar uma norma<br \/>\nde direito do trabalho, \u00e9 diminuir a desigualdade j\u00e1 afirmada, ou seja, \u00e9<br \/>\nproteger o obreiro.<o:p><\/o:p><\/span><\/p>\n<p class=\"MsoListParagraphCxSpMiddle\" style=\"margin-top:6.0pt;margin-right:0cm;\nmargin-bottom:6.0pt;margin-left:0cm;mso-add-space:auto;text-align:justify;\nline-height:150%\"><span style=\"font-size:12.0pt;line-height:150%;font-family:\n&quot;Times New Roman&quot;,&quot;serif&quot;\">Se um determinado texto legal gera no leitor uma<br \/>\ndupla interpreta\u00e7\u00e3o, natural se mostra a aplica\u00e7\u00e3o daquele que mais protege o<br \/>\ndestinat\u00e1rio do direito do trabalho, que, como j\u00e1 foi demonstrado no t\u00f3pico<br \/>\nsobre a origem de tal ramo, \u00e9 o detentor da for\u00e7a de trabalho.<o:p><\/o:p><\/span><\/p>\n<p class=\"MsoListParagraphCxSpMiddle\" style=\"margin-top:6.0pt;margin-right:0cm;\nmargin-bottom:6.0pt;margin-left:0cm;mso-add-space:auto;text-align:justify;\nline-height:150%\"><span style=\"font-size:12.0pt;line-height:150%;font-family:\n&quot;Times New Roman&quot;,&quot;serif&quot;\">Segundo define AM\u00c9RICO PL\u00c1 RODRIGUEZ trata-se do<br \/>\ncrit\u00e9rio <i>\u0093segundo o qual, no caso de que<br \/>\numa norma seja suscet\u00edvel de entender-se de v\u00e1rios modos, deve-se preferir a<br \/>\ninterpreta\u00e7\u00e3o mais favor\u00e1vel ao trabalhador\u0094.<\/i><o:p><\/o:p><\/span><\/p>\n<p class=\"MsoListParagraphCxSpMiddle\" style=\"margin-top:6.0pt;margin-right:0cm;\nmargin-bottom:6.0pt;margin-left:0cm;mso-add-space:auto;text-align:justify;\nline-height:150%\"><span style=\"font-size:12.0pt;line-height:150%;font-family:\n&quot;Times New Roman&quot;,&quot;serif&quot;\">A aplica\u00e7\u00e3o de tal t\u00e9cnica interpretativa leva em<br \/>\nconsidera\u00e7\u00e3o a fun\u00e7\u00e3o social do direito do trabalho, que influenciou o seu<br \/>\nsurgimento, bem como o desenvolvimento da ci\u00eancia. Sobre a mat\u00e9ria \u00e9 enf\u00e1tico<br \/>\nAMAURI MASCARO NASCIMENTO ao dizer que <i>\u0093o<br \/>\ndireito do trabalho tem marcada fun\u00e7\u00e3o social, o que influi na sua<br \/>\ninterpreta\u00e7\u00e3o, de modo que ao operar a norma o int\u00e9rprete deve considerar os<br \/>\nfins sociais a que aquela se destina, tra\u00e7o presente em todo o direito, mas que<br \/>\nse acentua no direito do trabalho\u0094.<o:p><\/o:p><\/i><\/span><\/p>\n<p class=\"MsoListParagraphCxSpMiddle\" style=\"margin-top:6.0pt;margin-right:0cm;\nmargin-bottom:6.0pt;margin-left:0cm;mso-add-space:auto;text-align:justify;\nline-height:150%\"><b><span style=\"font-size:12.0pt;line-height:150%;font-family:&quot;Times New Roman&quot;,&quot;serif&quot;\">&nbsp;<\/span><\/b><\/p>\n<p class=\"MsoListParagraphCxSpMiddle\" style=\"margin-top:6.0pt;margin-right:0cm;\nmargin-bottom:6.0pt;margin-left:54.0pt;mso-add-space:auto;text-align:justify;\ntext-indent:-36.0pt;line-height:150%;mso-list:l0 level3 lfo1\"><!--[if !supportLists]--><b><span style=\"font-size:12.0pt;line-height:\n150%;font-family:&quot;Times New Roman&quot;,&quot;serif&quot;;mso-fareast-font-family:&quot;Times New Roman&quot;\">1.1.2.<span style=\"font-weight: normal; font-size: 7pt; line-height: normal; font-family: 'Times New Roman';\">&nbsp;&nbsp;&nbsp;&nbsp;&nbsp;<br \/>\n<\/span><\/span><\/b><!--[endif]--><b><span style=\"font-size:12.0pt;line-height:150%;font-family:&quot;Times New Roman&quot;,&quot;serif&quot;\">Norma<br \/>\nmais favor\u00e1vel;<o:p><\/o:p><\/span><\/b><\/p>\n<p class=\"MsoListParagraphCxSpMiddle\" style=\"margin-top:6.0pt;margin-right:0cm;\nmargin-bottom:6.0pt;margin-left:0cm;mso-add-space:auto;text-align:justify;\nline-height:150%\"><b><span style=\"font-size:12.0pt;line-height:150%;font-family:&quot;Times New Roman&quot;,&quot;serif&quot;\">&nbsp;<\/span><\/b><\/p>\n<p class=\"MsoListParagraphCxSpMiddle\" style=\"margin-top:6.0pt;margin-right:0cm;\nmargin-bottom:6.0pt;margin-left:0cm;mso-add-space:auto;text-align:justify;\nline-height:150%\"><span style=\"font-size:12.0pt;line-height:150%;font-family:\n&quot;Times New Roman&quot;,&quot;serif&quot;\">A segunda regra atinente ao princ\u00edpio da prote\u00e7\u00e3o,<br \/>\nmostra indispens\u00e1vel para o entendimento sobre a hierarquia das normas<br \/>\ntrabalhistas, j\u00e1 analisada em t\u00f3pico anterior, pois a hierarquiza\u00e7\u00e3o flex\u00edvel<br \/>\nde tais normas decorre da busca pela norma mais favor\u00e1vel ao empregado. Como j\u00e1<br \/>\nse afirmou em t\u00f3pico espec\u00edfico, n\u00e3o se aplica a hierarquiza\u00e7\u00e3o r\u00edgida das<br \/>\nnormas jur\u00eddicas, como se faz em outros ramos do direito. Isso significa dizer<br \/>\nque nem sempre ser\u00e1 aplicada a Constitui\u00e7\u00e3o Federal, podendo, no caso concreto,<br \/>\naplicar-se a regra contida em um contrato de trabalho, acordo coletivo,<br \/>\nregulamento empresarial, ou mesmo o costume, desde que sejam mais favor\u00e1veis do<br \/>\nque o texto constitucional.<o:p><\/o:p><\/span><\/p>\n<p class=\"MsoListParagraphCxSpMiddle\" style=\"margin-top:6.0pt;margin-right:0cm;\nmargin-bottom:6.0pt;margin-left:0cm;mso-add-space:auto;text-align:justify;\nline-height:150%\"><span style=\"font-size:12.0pt;line-height:150%;font-family:\n&quot;Times New Roman&quot;,&quot;serif&quot;\">Formula-se a seguintes quest\u00e3o: que norma aplicar no<br \/>\ntocante ao percentual do adicional de horas extraordin\u00e1rias: 50% (cinq\u00fcenta por<br \/>\ncento) da CRFB\/88 ou 60% (sessenta por cento) previsto em um acordo coletivo?<br \/>\nSem qualquer d\u00favida deve ser aplicado o \u00faltimo percentual, previsto no fonte<br \/>\naut\u00f4noma acordo coletivo, pois mais ben\u00e9fica se comparado com aquele previsto<br \/>\nna Constitui\u00e7\u00e3o Federal. Pouco importa, nessa situa\u00e7\u00e3o, se o Texto Maior<br \/>\nencontra-se no topo da pir\u00e2mide de leis. Simplesmente n\u00e3o ser\u00e1 aplicado se<br \/>\nhouver qualquer outra regra, escrita ou n\u00e3o, como o costume, que aumente as<br \/>\ngarantias do empregado.<o:p><\/o:p><\/span><\/p>\n<p class=\"MsoListParagraphCxSpMiddle\" style=\"margin-top:6.0pt;margin-right:0cm;\nmargin-bottom:6.0pt;margin-left:0cm;mso-add-space:auto;text-align:justify;\nline-height:150%\"><span style=\"font-size:12.0pt;line-height:150%;font-family:\n&quot;Times New Roman&quot;,&quot;serif&quot;\">AMAURI MASCARO NASCIMENTO demonstra com bastante<br \/>\nsimplicidade, por\u00e9m, de forma absolutamente correta o significado da regra: <i>\u0093Esse aspecto influi na forma\u00e7\u00e3o de um<br \/>\nprinc\u00edpio pr\u00f3prio do direito do trabalho sobre a hierarquia das suas normas. \u00c9<br \/>\no princ\u00edpio da norma favor\u00e1vel ao trabalhador, segundo o qual, havendo duas ou<br \/>\nmais normas sobre a mesma mat\u00e9ria, ser\u00e1 aplicada, no caso concreto, a mais<br \/>\nben\u00e9fica para o trabalhador\u0094.<o:p><\/o:p><\/i><\/span><\/p>\n<p class=\"MsoListParagraphCxSpMiddle\" style=\"margin-top:6.0pt;margin-right:0cm;\nmargin-bottom:6.0pt;margin-left:0cm;mso-add-space:auto;text-align:justify;\nline-height:150%\"><span style=\"font-size:12.0pt;line-height:150%;font-family:\n&quot;Times New Roman&quot;,&quot;serif&quot;\">Por fim, de forma a sintetizar todo o exposto, transcrevem-se<br \/>\nas palavras de PL\u00c1 RODRIGUEZ sobre o tema: <i>\u0093N\u00e3o<br \/>\nse aplicar\u00e1 a norma correspondente dentro de uma ordem hier\u00e1rquica<br \/>\npredeterminada, mas se aplicar\u00e1, em cada caso, a norma mais favor\u00e1vel ao<br \/>\ntrabalhador\u0094.<o:p><\/o:p><\/i><\/span><\/p>\n<p class=\"MsoListParagraphCxSpMiddle\" style=\"margin-top:6.0pt;margin-right:0cm;\nmargin-bottom:6.0pt;margin-left:0cm;mso-add-space:auto;text-align:justify;\nline-height:150%\"><b><span style=\"font-size:12.0pt;line-height:150%;font-family:&quot;Times New Roman&quot;,&quot;serif&quot;\">&nbsp;<\/span><\/b><\/p>\n<p class=\"MsoListParagraphCxSpMiddle\" style=\"margin-top:6.0pt;margin-right:0cm;\nmargin-bottom:6.0pt;margin-left:54.0pt;mso-add-space:auto;text-align:justify;\ntext-indent:-36.0pt;line-height:150%;mso-list:l0 level3 lfo1\"><!--[if !supportLists]--><b><span style=\"font-size:12.0pt;line-height:\n150%;font-family:&quot;Times New Roman&quot;,&quot;serif&quot;;mso-fareast-font-family:&quot;Times New Roman&quot;\">1.1.3.<span style=\"font-weight: normal; font-size: 7pt; line-height: normal; font-family: 'Times New Roman';\">&nbsp;&nbsp;&nbsp;&nbsp;&nbsp;<br \/>\n<\/span><\/span><\/b><!--[endif]--><b><span style=\"font-size:12.0pt;line-height:150%;font-family:&quot;Times New Roman&quot;,&quot;serif&quot;\">Condi\u00e7\u00e3o<br \/>\nmais ben\u00e9fica;<o:p><\/o:p><\/span><\/b><\/p>\n<p class=\"MsoListParagraphCxSpMiddle\" style=\"margin-top:6.0pt;margin-right:0cm;\nmargin-bottom:6.0pt;margin-left:0cm;mso-add-space:auto;text-align:justify;\nline-height:150%\"><b><span style=\"font-size:12.0pt;line-height:150%;font-family:&quot;Times New Roman&quot;,&quot;serif&quot;\">&nbsp;<\/span><\/b><\/p>\n<p class=\"MsoListParagraphCxSpMiddle\" style=\"margin-top:6.0pt;margin-right:0cm;\nmargin-bottom:6.0pt;margin-left:0cm;mso-add-space:auto;text-align:justify;\nline-height:150%\"><span style=\"font-size:12.0pt;line-height:150%;font-family:\n&quot;Times New Roman&quot;,&quot;serif&quot;\">Enquanto a regra da <i>norma mais favor\u00e1vel <\/i>\u00e9 aplic\u00e1vel \u00e0 situa\u00e7\u00f5es gerais, ou seja,<br \/>\nabstratas, a regra da <i>condi\u00e7\u00e3o mais<br \/>\nben\u00e9fica<\/i> tem atua\u00e7\u00e3o em situa\u00e7\u00f5es concretas, determinadas, isto \u00e9, segundo<br \/>\na an\u00e1lise de um contrato de trabalho firmado entre Jo\u00e3o e seu empregador, em que<br \/>\ndiversas cl\u00e1usulas contratuais v\u00e3o sendo inseridas durante seu lapso temporal,<br \/>\ndevendo-se preservar as mais vantajosas, tendo em vista a perpetua\u00e7\u00e3o do<br \/>\ndireito adquirido.<o:p><\/o:p><\/span><\/p>\n<p class=\"MsoListParagraphCxSpMiddle\" style=\"margin-top:6.0pt;margin-right:0cm;\nmargin-bottom:6.0pt;margin-left:0cm;mso-add-space:auto;text-align:justify;\nline-height:150%\"><span style=\"font-size:12.0pt;line-height:150%;font-family:\n&quot;Times New Roman&quot;,&quot;serif&quot;\">Segundo entendimento de MAUR\u00cdCIO GODINHO DELGADO, <i>\u0093(&#8230;) o princ\u00edpio informa que cl\u00e1usulas<br \/>\ncontratuais ben\u00e9ficas somente poder\u00e3o ser suprimidas caso suplantadas por<br \/>\ncl\u00e1usula posterior ainda mais favor\u00e1vel, mantendo intocadas (direito adquirido)<br \/>\nem face de qualquer subseq\u00fcente altera\u00e7\u00e3o menos vantajosa do contrato ou<br \/>\nregulamento de empresa (&#8230;)\u0094.<o:p><\/o:p><\/i><\/span><\/p>\n<p class=\"MsoListParagraphCxSpMiddle\" style=\"margin-top:6.0pt;margin-right:0cm;\nmargin-bottom:6.0pt;margin-left:0cm;mso-add-space:auto;text-align:justify;\nline-height:150%\"><span style=\"font-size:12.0pt;line-height:150%;font-family:\n&quot;Times New Roman&quot;,&quot;serif&quot;\">Vedam-se, portanto, as altera\u00e7\u00f5es contratuais que<br \/>\nsejam lesivas ao empregado, isto \u00e9, que importem em diminui\u00e7\u00e3o das garantias<br \/>\ncontratuais do obreiro. Tal regra encontra-se disposta na CLT, em seu art. 468,<br \/>\n<i>caput,<\/i> que assim disp\u00f5e: <i>\u0093Nos contratos individuais de trabalho s\u00f3 \u00e9<br \/>\nl\u00edcita a altera\u00e7\u00e3o das respectivas condi\u00e7\u00f5es por m\u00fatuo consentimento, e ainda<br \/>\nassim desde que n\u00e3o resultem, direta ou indiretamente, preju\u00edzos ao empregado,<br \/>\nsob pena de nulidade da cl\u00e1usula infringente desta garantia\u0094.<o:p><\/o:p><\/i><\/span><\/p>\n<p class=\"MsoListParagraphCxSpMiddle\" style=\"margin-top:6.0pt;margin-right:0cm;\nmargin-bottom:6.0pt;margin-left:0cm;mso-add-space:auto;text-align:justify;\nline-height:150%\"><span style=\"font-size:12.0pt;line-height:150%;font-family:\n&quot;Times New Roman&quot;,&quot;serif&quot;\">Verifica-se tratar-se de norma de ordem p\u00fablica, ou<br \/>\nseja, de aplica\u00e7\u00e3o compuls\u00f3ria, pois nem mesmo com a concord\u00e2ncia do empregado<br \/>\n\u00e9 poss\u00edvel a aplica\u00e7\u00e3o ou integra\u00e7\u00e3o de normas menos ben\u00e9ficas ao contrato de<br \/>\ntrabalho. Logo, a concord\u00e2ncia do empregado ser\u00e1 presumidamente viciada, ante a<br \/>\nsua hipossufici\u00eancia face o empregador. Assim, se a empresa efetua o pagamento<br \/>\nde adicional de transfer\u00eancia de 30% (trinta por cento), por disposi\u00e7\u00f5es<br \/>\ncontratuais, n\u00e3o poder\u00e1 passar a pagar 25% (vinte e cinco por cento), mesmo que<br \/>\ntal percentual seja o disposto na lei, pois o empregado ter\u00e1 incorporado ao seu<br \/>\ncontrato de trabalho uma disposi\u00e7\u00e3o que lhe \u00e9 mal\u00e9fica. Pelo exposto deflui-se<br \/>\nque o pagamento do adicional de transfer\u00eancia n\u00e3o poder\u00e1 ser reduzido, e sim,<br \/>\napenas aumentado em seu percentual.<o:p><\/o:p><\/span><\/p>\n<p class=\"MsoListParagraphCxSpMiddle\" style=\"margin-top:6.0pt;margin-right:0cm;\nmargin-bottom:6.0pt;margin-left:0cm;mso-add-space:auto;text-align:justify;\nline-height:150%\"><span style=\"font-size:12.0pt;line-height:150%;font-family:\n&quot;Times New Roman&quot;,&quot;serif&quot;\">Tamb\u00e9m a jurisprud\u00eancia do TST reconheceu a<br \/>\naplica\u00e7\u00e3o do princ\u00edpio na S\u00famula n. 51, I, ao assim dispor: <i>\u0093As cl\u00e1usulas regulamentares, que revoguem<br \/>\nou alterem vantagens deferidas anteriormente, s\u00f3 atingir\u00e3o os trabalhadores<br \/>\nadmitidos ap\u00f3s a revoga\u00e7\u00e3o ou altera\u00e7\u00e3o do regulamento\u0094.<o:p><\/o:p><\/i><\/span><\/p>\n<p class=\"MsoListParagraphCxSpMiddle\" style=\"margin-top:6.0pt;margin-right:0cm;\nmargin-bottom:6.0pt;margin-left:0cm;mso-add-space:auto;text-align:justify;\nline-height:150%\"><span style=\"font-size:12.0pt;line-height:150%;font-family:\n&quot;Times New Roman&quot;,&quot;serif&quot;\">Deve-se salientar que tal crit\u00e9rio da <i>norma mais favor\u00e1vel <\/i>n\u00e3o se aplica \u00e0s<br \/>\ncl\u00e1usulas contratuais inseridas por for\u00e7a de negocia\u00e7\u00e3o coletiva, pois estas<br \/>\npossuem por caracter\u00edstica a transitoriedade, ou seja, s\u00e3o criadas para<br \/>\naplica\u00e7\u00e3o durante um certo per\u00edodo de tempo. Ap\u00f3s a cessa\u00e7\u00e3o dos seus efeitos,<br \/>\ncujo prazo m\u00e1ximo \u00e9 de 2 (dois) anos, retorna-se \u00e0 situa\u00e7\u00e3o pret\u00e9rita, sem<br \/>\nintegra\u00e7\u00e3o dos preceitos aos contratos de trabalho. Assim, se um acordo ou<br \/>\nconven\u00e7\u00e3o coletivos previrem um benef\u00edcio como o 14\u00ba sal\u00e1rio, este somente ser\u00e1<br \/>\ndevido enquanto previsto e vigente a norma coletiva. Se os sindicatos das<br \/>\ncategorias n\u00e3o chegarem a um acordo, na negocia\u00e7\u00e3o seguinte, para a perman\u00eancia<br \/>\nda parcela, este ser\u00e1 automaticamente retirada dos empregados, n\u00e3o se podendo<br \/>\nfalar em integra\u00e7\u00e3o.<o:p><\/o:p><\/span><\/p>\n<p class=\"MsoListParagraphCxSpMiddle\" style=\"margin-top:6.0pt;margin-right:0cm;\nmargin-bottom:6.0pt;margin-left:0cm;mso-add-space:auto;text-align:justify;\nline-height:150%\"><span style=\"font-size:12.0pt;line-height:150%;font-family:\n&quot;Times New Roman&quot;,&quot;serif&quot;\">Por fim, vale a pena frisar que o crit\u00e9rio da <i>condi\u00e7\u00e3o mais ben\u00e9fica <\/i>serve para<br \/>\ndirimir d\u00favidas sobre a aplica\u00e7\u00e3o da lei no tempo, quando existe o confronto<br \/>\nentre lei anterior e lei posterior, devendo ser aplicada a posterior apenas se<br \/>\nmostrar-se mais ben\u00e9fica em rela\u00e7\u00e3o \u00e0 anterior.<o:p><\/o:p><\/span><\/p>\n<p class=\"MsoListParagraphCxSpMiddle\" style=\"margin-top:6.0pt;margin-right:0cm;\nmargin-bottom:6.0pt;margin-left:0cm;mso-add-space:auto;text-align:justify;\nline-height:150%\"><b><span style=\"font-size:12.0pt;line-height:150%;font-family:&quot;Times New Roman&quot;,&quot;serif&quot;\">&nbsp;<\/span><\/b><\/p>\n<p class=\"MsoListParagraphCxSpMiddle\" style=\"margin-top:6.0pt;margin-right:0cm;\nmargin-bottom:6.0pt;margin-left:36.0pt;mso-add-space:auto;text-align:justify;\ntext-indent:-18.0pt;line-height:150%;mso-list:l0 level2 lfo1\"><!--[if !supportLists]--><b><span style=\"font-size:12.0pt;line-height:\n150%;font-family:&quot;Times New Roman&quot;,&quot;serif&quot;;mso-fareast-font-family:&quot;Times New Roman&quot;\">1.2.<\/span><\/b><!--[endif]--><b><span style=\"font-size:12.0pt;line-height:150%;font-family:&quot;Times New Roman&quot;,&quot;serif&quot;\">Princ\u00edpio<br \/>\nda imperatividade das normas trabalhistas;<o:p><\/o:p><\/span><\/b><\/p>\n<p class=\"MsoListParagraphCxSpMiddle\" style=\"margin-top:6.0pt;margin-right:0cm;\nmargin-bottom:6.0pt;margin-left:0cm;mso-add-space:auto;text-align:justify;\nline-height:150%\"><b><span style=\"font-size:12.0pt;line-height:150%;font-family:&quot;Times New Roman&quot;,&quot;serif&quot;\">&nbsp;<\/span><\/b><\/p>\n<p class=\"MsoListParagraphCxSpMiddle\" style=\"margin-top:6.0pt;margin-right:0cm;\nmargin-bottom:6.0pt;margin-left:0cm;mso-add-space:auto;text-align:justify;\nline-height:150%\"><span style=\"font-size:12.0pt;line-height:150%;font-family:\n&quot;Times New Roman&quot;,&quot;serif&quot;\">O princ\u00edpio da <i>imperatividade<br \/>\ndas normas trabalhistas <\/i>\u00e9 reflexo da g\u00eanese do direito do trabalho, qual<br \/>\nseja, a necessidade de prote\u00e7\u00e3o do trabalhador, ante o desequil\u00edbrio se<br \/>\ncomparado ao empregador. A hipossuficiente do obreiro fez com que fossem<br \/>\ncriadas normas imperativas, ou seja, de aplica\u00e7\u00e3o indispon\u00edvel, ou seja, a<br \/>\nvontade das partes n\u00e3o pode alterar o panorama criado pela lei, como se d\u00e1 no<br \/>\ncampo do direito civil, em que as partes s\u00e3o consideradas iguais, sem<br \/>\nprivil\u00e9gios.<o:p><\/o:p><\/span><\/p>\n<p class=\"MsoListParagraphCxSpMiddle\" style=\"margin-top:6.0pt;margin-right:0cm;\nmargin-bottom:6.0pt;margin-left:0cm;mso-add-space:auto;text-align:justify;\nline-height:150%\"><span style=\"font-size:12.0pt;line-height:150%;font-family:\n&quot;Times New Roman&quot;,&quot;serif&quot;\">Segundo MAUR\u00cdCIO GODINHO DELGADO, <i>\u0093as regras justrabalhistas s\u00e3o, desse modo,<br \/>\nessencialmente imperativas, n\u00e3o podendo, de maneira geral, ter sua reg\u00eancia<br \/>\ncontratual afastada pela simples manifesta\u00e7\u00e3o de vontade das partes\u0094.<o:p><\/o:p><\/i><\/span><\/p>\n<p class=\"MsoListParagraphCxSpMiddle\" style=\"margin-top:6.0pt;margin-right:0cm;\nmargin-bottom:6.0pt;margin-left:0cm;mso-add-space:auto;text-align:justify;\nline-height:150%\"><span style=\"font-size:12.0pt;line-height:150%;font-family:\n&quot;Times New Roman&quot;,&quot;serif&quot;\">Nesta toada, a restri\u00e7\u00e3o \u00e0 autonomia privada \u00e9 vista<br \/>\ncomo uma forma de assegurar os direitos trabalhistas, pois a fragilidade<br \/>\necon\u00f4mica do empregado certamente o levaria a abrir m\u00e3o de diversos direitos<br \/>\nregulamentados por lei, para manter-se no emprego. Assim, o aviso pr\u00e9vio<br \/>\nmostra-se irrenunci\u00e1vel, a teor da S\u00famula n. 276 do TST, bem como o sal\u00e1rio<br \/>\nm\u00ednimo, dentre outros importantes institutos de direito do trabalho.<o:p><\/o:p><\/span><\/p>\n<p class=\"MsoListParagraphCxSpMiddle\" style=\"margin-top:6.0pt;margin-right:0cm;\nmargin-bottom:6.0pt;margin-left:0cm;mso-add-space:auto;text-align:justify;\nline-height:150%\"><b><span style=\"font-size:12.0pt;line-height:150%;font-family:&quot;Times New Roman&quot;,&quot;serif&quot;\">&nbsp;<\/span><\/b><\/p>\n<p class=\"MsoListParagraphCxSpMiddle\" style=\"margin-top:6.0pt;margin-right:0cm;\nmargin-bottom:6.0pt;margin-left:36.0pt;mso-add-space:auto;text-align:justify;\ntext-indent:-18.0pt;line-height:150%;mso-list:l0 level2 lfo1\"><!--[if !supportLists]--><b><span style=\"font-size:12.0pt;line-height:\n150%;font-family:&quot;Times New Roman&quot;,&quot;serif&quot;;mso-fareast-font-family:&quot;Times New Roman&quot;\">1.3.<\/span><\/b><!--[endif]--><b><span style=\"font-size:12.0pt;line-height:150%;font-family:&quot;Times New Roman&quot;,&quot;serif&quot;\">Princ\u00edpio<br \/>\nda indisponibilidade;<o:p><\/o:p><\/span><\/b><\/p>\n<p class=\"MsoListParagraphCxSpMiddle\" style=\"margin-top:6.0pt;margin-right:0cm;\nmargin-bottom:6.0pt;margin-left:0cm;mso-add-space:auto;text-align:justify;\nline-height:150%\"><b><span style=\"font-size:12.0pt;line-height:150%;font-family:&quot;Times New Roman&quot;,&quot;serif&quot;\">&nbsp;<\/span><\/b><\/p>\n<p class=\"MsoListParagraphCxSpMiddle\" style=\"margin-top:6.0pt;margin-right:0cm;\nmargin-bottom:6.0pt;margin-left:0cm;mso-add-space:auto;text-align:justify;\nline-height:150%\"><span style=\"font-size:12.0pt;line-height:150%;font-family:\n&quot;Times New Roman&quot;,&quot;serif&quot;\">O presente princ\u00edpio mostra-se intimamente<br \/>\nrelacionado ao anterior \u0096 <i>da<br \/>\nimperatividade das normas trabalhistas <\/i>\u0096 devendo-se afirmar que aquele \u00e9<br \/>\nproje\u00e7\u00e3o do \u00faltimo, conforme ensinamento de GODINHO DELGADO.<o:p><\/o:p><\/span><\/p>\n<p class=\"MsoListParagraphCxSpMiddle\" style=\"margin-top:6.0pt;margin-right:0cm;\nmargin-bottom:6.0pt;margin-left:0cm;mso-add-space:auto;text-align:justify;\nline-height:150%\"><span style=\"font-size:12.0pt;line-height:150%;font-family:\n&quot;Times New Roman&quot;,&quot;serif&quot;\">Isso porque a imperatividade das normas jur\u00eddicas,<br \/>\nconforme j\u00e1 exposto, imp\u00f5e a impossibilidade do empregador dispor, renunciar,<br \/>\n\u0093abrir m\u00e3o\u0094 de direitos que lhe s\u00e3o inatos. O termo indisponibilidade mostra-se<br \/>\nmais amplo que irrenunciabilidade, pois abarca tanto a renuncia quanto a<br \/>\ntransa\u00e7\u00e3o, ou seja, tanto atos unilaterais quanto bilaterais. N\u00e3o pode o<br \/>\nobreiro deixar de exercer direito que lhe \u00e9 assegurado, seja por ato unilateral<br \/>\n\u0096<i> disposi\u00e7\u00e3o, ren\u00fancia de direitos <\/i>-,<br \/>\nbem como por ato bilateral, tal como a transa\u00e7\u00e3o, acordo.<o:p><\/o:p><\/span><\/p>\n<p class=\"MsoListParagraphCxSpMiddle\" style=\"margin-top:6.0pt;margin-right:0cm;\nmargin-bottom:6.0pt;margin-left:0cm;mso-add-space:auto;text-align:justify;\nline-height:150%\"><span style=\"font-size:12.0pt;line-height:150%;font-family:\n&quot;Times New Roman&quot;,&quot;serif&quot;\">Algumas normas trabalhistas fixam uma<br \/>\nindisponibilidade absoluta, ao passo que outras regulamentam hip\u00f3teses de<br \/>\nindisponibilidade relativa. As primeiras foram criadas pelo legislador tendo em<br \/>\nvista o interesse p\u00fablico em definir padr\u00f5es m\u00ednimos de vida digna para os<br \/>\nentes sociais (trabalhadores). Incluem-se nesse indisponibilidade absoluta as<br \/>\nnormas sobre assinatura de CTPS, sal\u00e1rio m\u00ednimo e as normas sobre sa\u00fade e<br \/>\nseguran\u00e7a do trabalho, como a utiliza\u00e7\u00e3o de equipamentos de prote\u00e7\u00e3o<br \/>\nindividual. Como exemplo de norma que traduz indisponibilidade relativa, tem-se<br \/>\nas formas de pagamento de sal\u00e1rios, que podem ser <i>fixo<\/i> e <i>vari\u00e1vel. <\/i>A forma<br \/>\nde pagamento do sal\u00e1rio pode ser alterada no curso do contrato de trabalho, <b>desde que n\u00e3o traga situa\u00e7\u00e3o mal\u00e9fica para<br \/>\no empregado<\/b>, ou seja, a altera\u00e7\u00e3o pode ocorrer, o que denota uma relativa<br \/>\nindisponibilidade. Contudo, n\u00e3o se pode analisar a quest\u00e3o esquecendo-se da<br \/>\nregra da <b>condi\u00e7\u00e3o mais ben\u00e9fica<\/b>.<o:p><\/o:p><\/span><\/p>\n<p class=\"MsoListParagraphCxSpMiddle\" style=\"margin-top:6.0pt;margin-right:0cm;\nmargin-bottom:6.0pt;margin-left:0cm;mso-add-space:auto;text-align:justify;\nline-height:150%\"><span style=\"font-size:12.0pt;line-height:150%;font-family:\n&quot;Times New Roman&quot;,&quot;serif&quot;\">Por\u00e9m, trata-se de regra geral, que traz em si<br \/>\nalgumas hip\u00f3teses poss\u00edveis de disposi\u00e7\u00e3o. As primeiras s\u00e3o o reconhecimento da<br \/>\nprescri\u00e7\u00e3o e decad\u00eancia, situa\u00e7\u00f5es em que o empregado, por n\u00e3o exercer um<br \/>\ndireito no prazo previsto por lei, tem suprimidos direitos trabalhistas.<b><o:p><\/o:p><\/b><\/span><\/p>\n<p class=\"MsoListParagraphCxSpMiddle\" style=\"margin-top:6.0pt;margin-right:0cm;\nmargin-bottom:6.0pt;margin-left:0cm;mso-add-space:auto;text-align:justify;\nline-height:150%\"><span style=\"font-size:12.0pt;line-height:150%;font-family:\n&quot;Times New Roman&quot;,&quot;serif&quot;\">Ainda a respeito do tema, deve-se analisar a<br \/>\nren\u00fancia, que regra geral n\u00e3o \u00e9 permitida no ordenamento jur\u00eddico, pois atenta<br \/>\ncontra o princ\u00edpio da indisponibilidade, uma vez que as normas protetivas<br \/>\ncriadas pelo Legislador, em mat\u00e9ria trabalhista, serem de ordem p\u00fablica, ou<br \/>\nseja, de aplica\u00e7\u00e3o obrigat\u00f3ria, imperativa.<o:p><\/o:p><\/span><\/p>\n<p class=\"MsoListParagraphCxSpMiddle\" style=\"margin-top:6.0pt;margin-right:0cm;\nmargin-bottom:6.0pt;margin-left:0cm;mso-add-space:auto;text-align:justify;\nline-height:150%\"><span style=\"font-size:12.0pt;line-height:150%;font-family:\n&quot;Times New Roman&quot;,&quot;serif&quot;\">O ato de ren\u00fancia do empregador presume-se inv\u00e1lido,<br \/>\nimpossibilitando a produ\u00e7\u00e3o de efeitos, por viola\u00e7\u00e3o aos artigos 9\u00ba e 444 da<br \/>\nCLT, que em s\u00edntese demonstram a nulidade dos atos que visem impedir ou fraudar<br \/>\na aplica\u00e7\u00e3o da lei trabalhista, o que certamente ocorreria se a ren\u00fancia fosse<br \/>\nposs\u00edvel, j\u00e1 que o empregado seria, muitas vezes, compelido a renunciar \u00e0<br \/>\ndireitos para permanecer no emprego.<o:p><\/o:p><\/span><\/p>\n<p class=\"MsoListParagraphCxSpMiddle\" style=\"margin-top:6.0pt;margin-right:0cm;\nmargin-bottom:6.0pt;margin-left:0cm;mso-add-space:auto;text-align:justify;\nline-height:150%\"><span style=\"font-size:12.0pt;line-height:150%;font-family:\n&quot;Times New Roman&quot;,&quot;serif&quot;\">Raras s\u00e3o as situa\u00e7\u00f5es em que \u00e9 poss\u00edvel a ren\u00fancia.<br \/>\nMAUR\u00cdCIO GODINHO DELGADO aponta duas, a saber: ren\u00fancia \u00e0 estabilidade decenal,<br \/>\ncom op\u00e7\u00e3o retroativa ao sistema do FGTS, para os contratos anteriores \u00e0 1988,<br \/>\nbem como a ren\u00fancia \u00e0 garantia de emprego do dirigente sindical que requer ou<br \/>\naceita livremente a transfer\u00eancia para fora da base territorial do sindicato<br \/>\nque representa, nos termos do art. 543 da CLT. Nesses duas situa\u00e7\u00f5es, h\u00e1 que se<br \/>\nanalisar se o sujeito renunciante \u00e9 capaz, se a sua vontade \u00e9 livre e n\u00e3o est\u00e1<br \/>\ncontaminado por qualquer v\u00edcio, bem como se h\u00e1 forma legal determinada para o<br \/>\nato. Estando presentes tais requisitos, a ren\u00fancia mostra-se v\u00e1lida.<o:p><\/o:p><\/span><\/p>\n<p class=\"MsoListParagraphCxSpMiddle\" style=\"margin-top:6.0pt;margin-right:0cm;\nmargin-bottom:6.0pt;margin-left:0cm;mso-add-space:auto;text-align:justify;\nline-height:150%\"><b><span style=\"font-size:12.0pt;line-height:150%;font-family:&quot;Times New Roman&quot;,&quot;serif&quot;\">&nbsp;<\/span><\/b><\/p>\n<p class=\"MsoListParagraphCxSpMiddle\" style=\"margin-top:6.0pt;margin-right:0cm;\nmargin-bottom:6.0pt;margin-left:36.0pt;mso-add-space:auto;text-align:justify;\ntext-indent:-18.0pt;line-height:150%;mso-list:l0 level2 lfo1\"><!--[if !supportLists]--><b><span style=\"font-size:12.0pt;line-height:\n150%;font-family:&quot;Times New Roman&quot;,&quot;serif&quot;;mso-fareast-font-family:&quot;Times New Roman&quot;\">1.4.<\/span><\/b><!--[endif]--><b><span style=\"font-size:12.0pt;line-height:150%;font-family:&quot;Times New Roman&quot;,&quot;serif&quot;\">Princ\u00edpio<br \/>\nda Inalterabilidade contratual lesiva;<o:p><\/o:p><\/span><\/b><\/p>\n<p class=\"MsoListParagraphCxSpMiddle\" style=\"margin-top:6.0pt;margin-right:0cm;\nmargin-bottom:6.0pt;margin-left:0cm;mso-add-space:auto;text-align:justify;\nline-height:150%\"><b><span style=\"font-size:12.0pt;line-height:150%;font-family:&quot;Times New Roman&quot;,&quot;serif&quot;\">&nbsp;<\/span><\/b><\/p>\n<p class=\"MsoListParagraphCxSpMiddle\" style=\"margin-top:6.0pt;margin-right:0cm;\nmargin-bottom:6.0pt;margin-left:0cm;mso-add-space:auto;text-align:justify;\nline-height:150%\"><span style=\"font-size:12.0pt;line-height:150%;font-family:\n&quot;Times New Roman&quot;,&quot;serif&quot;\">Inicia-se a an\u00e1lise do presente princ\u00edpio com uma<br \/>\nfrase bastante peculiar \u00e0 mat\u00e9ria de <i>contratos<\/i><br \/>\nno \u00e2mbito do direito civil: <i>pacta sunt<br \/>\nservanda<\/i>, ou seja, os contratos devem ser cumpridos. Ningu\u00e9m \u00e9 obrigado a<br \/>\ncontratar. Contudo, uma vez pactuado, os termos do neg\u00f3cio jur\u00eddico devem ser<br \/>\nestritamente cumpridos pelas partes. Esse entendimento cl\u00e1ssico em rela\u00e7\u00e3o aos<br \/>\ncontratos, que antes era absoluto, passou a ser relativizado, entendendo-se<br \/>\npela necess\u00e1ria revisita\u00e7\u00e3o de conceitos e, por conseq\u00fc\u00eancia, pela altera\u00e7\u00e3o de<br \/>\ncl\u00e1usulas contratuais, mesmo nos neg\u00f3cios em andamento. Passou-se a adotar a<br \/>\ndenominada cl\u00e1usula <i>rebus sic stantibus<\/i>,<br \/>\nTrata-se de f\u00f3rmula atenuadora de desigualdades que podem surgir no curso do<br \/>\ncontrato. MAUR\u00cdCIO GODINHO DELGADO ensina que <i>\u0093essa f\u00f3rmula retificadora surgiria caso fosse evidenciado que as<br \/>\ncondi\u00e7\u00f5es objetivas despontadas durante o prazo contratual \u0096 condi\u00e7\u00f5es criadas<br \/>\nsem o concurso das partes \u0096 provocaram grave desequil\u00edbrio contratual,<br \/>\ninexistente e impens\u00e1vel no instante de formula\u00e7\u00e3o do contrato e fixa\u00e7\u00e3o dos<br \/>\nrespectivos direitos e obriga\u00e7\u00f5es\u0094.<o:p><\/o:p><\/i><\/span><\/p>\n<p class=\"MsoListParagraphCxSpMiddle\" style=\"margin-top:6.0pt;margin-right:0cm;\nmargin-bottom:6.0pt;margin-left:0cm;mso-add-space:auto;text-align:justify;\nline-height:150%\"><span style=\"font-size:12.0pt;line-height:150%;font-family:\n&quot;Times New Roman&quot;,&quot;serif&quot;\">No direito do trabalho o contrato pode ser alterado,<br \/>\ndesde que seja ben\u00e9fica ao empregado, ou seja, a altera\u00e7\u00e3o que traga situa\u00e7\u00e3o<br \/>\nmelhor para o empregado \u00e9 permitida e muito bem-vinda, pois conforme j\u00e1 se<br \/>\nanalisou, as condi\u00e7\u00f5es mais ben\u00e9ficas ao empregado aderem de imediato aos<br \/>\ncontratos de trabalho, n\u00e3o podendo ser retiradas posteriormente. O que n\u00e3o se<br \/>\npermite, e a denomina\u00e7\u00e3o do princ\u00edpio demonstra, s\u00e3o as altera\u00e7\u00f5es lesivas, que<br \/>\nimportem em diminui\u00e7\u00e3o de garantias obreiras.<o:p><\/o:p><\/span><\/p>\n<p class=\"MsoListParagraphCxSpMiddle\" style=\"margin-top:6.0pt;margin-right:0cm;\nmargin-bottom:6.0pt;margin-left:0cm;mso-add-space:auto;text-align:justify;\nline-height:150%\"><span style=\"font-size:12.0pt;line-height:150%;font-family:\n&quot;Times New Roman&quot;,&quot;serif&quot;\">Contudo, a atenua\u00e7\u00e3o realizada pela cl\u00e1usula <i>rebus sic stantibus <\/i>n\u00e3o se aplica ao<br \/>\ndireito do trabalho, pois mesmo as altera\u00e7\u00f5es inesperadas, que ocorreram sem o<br \/>\nconcurso das partes, devem ser suportadas pelo empregador, pois deste \u00e9 o risco<br \/>\ndo neg\u00f3cio, ou seja, a <i>\u00e1lea <\/i>\u00e9 do<br \/>\nempregador. Tal regra encontra-se prevista no art. 2\u00ba da CLT, que prev\u00ea que o<br \/>\nempregador assume os riscos do empreendimento.<o:p><\/o:p><\/span><\/p>\n<p class=\"MsoListParagraphCxSpMiddle\" style=\"margin-top:6.0pt;margin-right:0cm;\nmargin-bottom:6.0pt;margin-left:0cm;mso-add-space:auto;text-align:justify;\nline-height:150%\"><span style=\"font-size:12.0pt;line-height:150%;font-family:\n&quot;Times New Roman&quot;,&quot;serif&quot;\">Dessa forma, n\u00e3o pode haver qualquer altera\u00e7\u00e3o que<br \/>\npiore a situa\u00e7\u00e3o do obreiro, como a redu\u00e7\u00e3o do percentual de um adicional pago,<br \/>\nbem como, regra geral, do sal\u00e1rio, com a exce\u00e7\u00e3o constitucional da negocia\u00e7\u00e3o<br \/>\ncoletiva, desde que se trata de situa\u00e7\u00e3o provis\u00f3ria.Tratam-se de altera\u00e7\u00f5es de<br \/>\ncunho objetivo, ou seja, nas cl\u00e1usulas contratuais.<o:p><\/o:p><\/span><\/p>\n<p class=\"MsoListParagraphCxSpMiddle\" style=\"margin-top:6.0pt;margin-right:0cm;\nmargin-bottom:6.0pt;margin-left:0cm;mso-add-space:auto;text-align:justify;\nline-height:150%\"><span style=\"font-size:12.0pt;line-height:150%;font-family:\n&quot;Times New Roman&quot;,&quot;serif&quot;\">Por fim, vale a pena frisar que a altera\u00e7\u00e3o no<br \/>\nempregador, isto \u00e9, altera\u00e7\u00e3o subjetiva, n\u00e3o pode acarretar a altera\u00e7\u00e3o lesiva<br \/>\ndos contratos em curso. Isso significa dizer que, mesmo que haja altera\u00e7\u00e3o no<br \/>\nempregador, os contratos dever\u00e3o ser mantidos. Trata-se do instituto da <i>sucess\u00e3o trabalhista<\/i>, a ser estudado a<br \/>\nfundo posteriormente.<o:p><\/o:p><\/span><\/p>\n<p class=\"MsoListParagraphCxSpMiddle\" style=\"margin-top:6.0pt;margin-right:0cm;\nmargin-bottom:6.0pt;margin-left:0cm;mso-add-space:auto;text-align:justify;\nline-height:150%\"><b><span style=\"font-size:12.0pt;line-height:150%;font-family:&quot;Times New Roman&quot;,&quot;serif&quot;\">&nbsp;<\/span><\/b><\/p>\n<p class=\"MsoListParagraphCxSpMiddle\" style=\"margin-top:6.0pt;margin-right:0cm;\nmargin-bottom:6.0pt;margin-left:36.0pt;mso-add-space:auto;text-align:justify;\ntext-indent:-18.0pt;line-height:150%;mso-list:l0 level2 lfo1\"><!--[if !supportLists]--><b><span style=\"font-size:12.0pt;line-height:\n150%;font-family:&quot;Times New Roman&quot;,&quot;serif&quot;;mso-fareast-font-family:&quot;Times New Roman&quot;\">1.5.<\/span><\/b><!--[endif]--><b><span style=\"font-size:12.0pt;line-height:150%;font-family:&quot;Times New Roman&quot;,&quot;serif&quot;\">Princ\u00edpio<br \/>\nda intangibilidade salarial;<o:p><\/o:p><\/span><\/b><\/p>\n<p class=\"MsoListParagraphCxSpMiddle\" style=\"margin-top:6.0pt;margin-right:0cm;\nmargin-bottom:6.0pt;margin-left:0cm;mso-add-space:auto;text-align:justify;\nline-height:150%\"><b><span style=\"font-size:12.0pt;line-height:150%;font-family:&quot;Times New Roman&quot;,&quot;serif&quot;\">&nbsp;<\/span><\/b><\/p>\n<p class=\"MsoListParagraphCxSpMiddle\" style=\"margin-top:6.0pt;margin-right:0cm;\nmargin-bottom:6.0pt;margin-left:0cm;mso-add-space:auto;text-align:justify;\nline-height:150%\"><span style=\"font-size:12.0pt;line-height:150%;font-family:\n&quot;Times New Roman&quot;,&quot;serif&quot;\">O princ\u00edpio da intangibilidade salarial possui<br \/>\n\u00ednfima rela\u00e7\u00e3o para com o princ\u00edpio da inalterabilidade lesiva, pois a redu\u00e7\u00e3o<br \/>\nsalarial \u00e9 um tipo de altera\u00e7\u00e3o danosa. Estuda-se em separado por uma<br \/>\npeculiaridade do direito do trabalho p\u00e1trio, em verdade, de cunho constitucional,<br \/>\nque prev\u00ea a possibilidade de redu\u00e7\u00e3o salarial, desde que precedida de<br \/>\nnegocia\u00e7\u00e3o coletiva, por um prazo determinado.<o:p><\/o:p><\/span><\/p>\n<p class=\"MsoListParagraphCxSpMiddle\" style=\"margin-top:6.0pt;margin-right:0cm;\nmargin-bottom:6.0pt;margin-left:0cm;mso-add-space:auto;text-align:justify;\nline-height:150%\"><span style=\"font-size:12.0pt;line-height:150%;font-family:\n&quot;Times New Roman&quot;,&quot;serif&quot;\">Antes de adentrar-se no estudo das regras de<br \/>\nprote\u00e7\u00e3o ao sal\u00e1rio, deve-se afirmar que a preocupa\u00e7\u00e3o do legislador em tra\u00e7ar<br \/>\nnormas protetivas no tocante aos sal\u00e1rios possui fundamento no <i>princ\u00edpio da dignidade da pessoa humana<\/i>,<br \/>\npois o empregado possui como maior patrim\u00f4nio a sua for\u00e7a de trabalho, que<br \/>\nresulta no pagamento de sal\u00e1rios. Logo, o legislador ao prever normas<br \/>\nrestritivas \u00e0 usurpa\u00e7\u00e3o e diminui\u00e7\u00e3o dos valores devidos ao obreiro, est\u00e1<br \/>\napenas atuando nos termos de um dos princ\u00edpios constitucionais mais<br \/>\nimportantes, que serve para balizar todo o resto do texto constitucional. Sem<br \/>\nsombra de d\u00favidas, todas as normas da Constitui\u00e7\u00e3o Federal de 1988 devem ser<br \/>\nlidas sob a \u00f3tica da <i>dignidade da pessoa<br \/>\nhumana<\/i>, sob pena de andarem em descompasso com o que foi pensado pelo<br \/>\nLegislador Constituinte.<o:p><\/o:p><\/span><\/p>\n<p class=\"MsoListParagraphCxSpMiddle\" style=\"margin-top:6.0pt;margin-right:0cm;\nmargin-bottom:6.0pt;margin-left:0cm;mso-add-space:auto;text-align:justify;\nline-height:150%\"><span style=\"font-size:12.0pt;line-height:150%;font-family:\n&quot;Times New Roman&quot;,&quot;serif&quot;\">Acerca da intangibilidade salarial, o primeiro ponto<br \/>\na ser destacado \u00e9 a impossibilidade de sua redu\u00e7\u00e3o, salvo por negocia\u00e7\u00e3o<br \/>\ncoletiva, nos termos do art. 7\u00ba, VI da CRFB\/88. Sem sombra de d\u00favidas \u00e9 uma das<br \/>\nnormas de prote\u00e7\u00e3o mais importantes e eficazes do ornamento trabalhista. A sua<br \/>\naus\u00eancia certamente ocasionaria uma redu\u00e7\u00e3o progressiva nos sal\u00e1rios, sempre<br \/>\nque o empregador entendesse que seu subordinado est\u00e1 \u0093recebendo mais do que<br \/>\nmerece\u0094 ou mais do que o mercado est\u00e1 pagando. O empregado que fosse admitido<br \/>\ncom sal\u00e1rio de R$2.000,00 (dois mil reais), logo estaria recebendo R$1.000,00<br \/>\n(mil reais), at\u00e9 chegar no sal\u00e1rio m\u00ednimo, que frise-se, \u00e9 outra garantia<br \/>\nfundamental para evitar-se o recebimento de quantia \u00ednfima. Por\u00e9m, o Legislador<br \/>\nConstituinte previu a possibilidade de redu\u00e7\u00e3o salarial se autorizado por<br \/>\nnegocia\u00e7\u00e3o coletiva, ou seja, com a interveni\u00eancia sindical, por prazo<br \/>\ndeterminado, isto \u00e9, a redu\u00e7\u00e3o deve ser provis\u00f3ria, para permitir que o<br \/>\nempregador, em momentos de instabilidade financeira, n\u00e3o venha a demitir, e<br \/>\nsim, reduzir sal\u00e1rios e jornada, at\u00e9 o restabelecimento do estado de<br \/>\nnormalidade.<o:p><\/o:p><\/span><\/p>\n<p class=\"MsoListParagraphCxSpMiddle\" style=\"margin-top:6.0pt;margin-right:0cm;\nmargin-bottom:6.0pt;margin-left:0cm;mso-add-space:auto;text-align:justify;\nline-height:150%\"><span style=\"font-size:12.0pt;line-height:150%;font-family:\n&quot;Times New Roman&quot;,&quot;serif&quot;\">Outro aspecto de relevo do princ\u00edpio \u00e9 a<br \/>\nimpossibilidade de descontos salariais, nos termos do art. 462 da CLT. Contudo,<br \/>\ntal regra possui exce\u00e7\u00f5es, em que \u00e9 permitido ao empregador a realiza\u00e7\u00e3o de<br \/>\ndescontos, a saber: adiantamentos, parcelas previstas em dispositivos de lei e<br \/>\nconven\u00e7\u00e3o coletiva, bem como na ocorr\u00eancia de dano, culposo se houver<br \/>\nautoriza\u00e7\u00e3o do obreiro, e doloso, independentemente de autoriza\u00e7\u00e3o. Maiores<br \/>\ninforma\u00e7\u00f5es sobre descontos salariais ser\u00e3o prestados no cap\u00edtulo sobre sal\u00e1rio<br \/>\ne remunera\u00e7\u00e3o.<o:p><\/o:p><\/span><\/p>\n<p class=\"MsoListParagraphCxSpMiddle\" style=\"margin-top:6.0pt;margin-right:0cm;\nmargin-bottom:6.0pt;margin-left:0cm;mso-add-space:auto;text-align:justify;\nline-height:150%\"><span style=\"font-size:12.0pt;line-height:150%;font-family:\n&quot;Times New Roman&quot;,&quot;serif&quot;\">Ainda sobre intangibilidade salarial, h\u00e1 que se<br \/>\ndestacar a impossibilidade de penhora, a teor do art. 649, IV do CPC, que<br \/>\nconsidera absolutamente impenhor\u00e1veis <i>\u0093os<br \/>\nvencimentos, subs\u00eddios, soldos, sal\u00e1rios, remunera\u00e7\u00f5es, proventos de<br \/>\naposentadoria, pens\u00f5es, pec\u00falios e montepios; as quantias recebidas por<br \/>\nliberalidade de terceiro e destinadas ao sustento do devedor e sua fam\u00edlia, os<br \/>\nganhos de trabalhador aut\u00f4nomo e os honor\u00e1rios de profissional liberal, (&#8230;)\u0094.<\/i><br \/>\nTal regra tamb\u00e9m \u00e9 excepcionada para pagamento de pens\u00e3o aliment\u00edcia. <o:p><\/o:p><\/span><\/p>\n<p class=\"MsoListParagraphCxSpMiddle\" style=\"margin-top:6.0pt;margin-right:0cm;\nmargin-bottom:6.0pt;margin-left:0cm;mso-add-space:auto;text-align:justify;\nline-height:150%\"><b><span style=\"font-size:12.0pt;line-height:150%;font-family:&quot;Times New Roman&quot;,&quot;serif&quot;\">&nbsp;<\/span><\/b><\/p>\n<p class=\"MsoListParagraphCxSpMiddle\" style=\"margin-top:6.0pt;margin-right:0cm;\nmargin-bottom:6.0pt;margin-left:36.0pt;mso-add-space:auto;text-align:justify;\ntext-indent:-18.0pt;line-height:150%;mso-list:l0 level2 lfo1\"><!--[if !supportLists]--><b><span style=\"font-size:12.0pt;line-height:\n150%;font-family:&quot;Times New Roman&quot;,&quot;serif&quot;;mso-fareast-font-family:&quot;Times New Roman&quot;\">1.6.<\/span><\/b><!--[endif]--><b><span style=\"font-size:12.0pt;line-height:150%;font-family:&quot;Times New Roman&quot;,&quot;serif&quot;\">Princ\u00edpio<br \/>\nda Primazia da realidade;<o:p><\/o:p><\/span><\/b><\/p>\n<p class=\"MsoListParagraphCxSpMiddle\" style=\"margin-top:6.0pt;margin-right:0cm;\nmargin-bottom:6.0pt;margin-left:0cm;mso-add-space:auto;text-align:justify;\nline-height:150%\"><b><span style=\"font-size:12.0pt;line-height:150%;font-family:&quot;Times New Roman&quot;,&quot;serif&quot;\">&nbsp;<\/span><\/b><\/p>\n<p class=\"MsoListParagraphCxSpMiddle\" style=\"margin-top:6.0pt;margin-right:0cm;\nmargin-bottom:6.0pt;margin-left:0cm;mso-add-space:auto;text-align:justify;\nline-height:150%\"><span style=\"font-size:12.0pt;line-height:150%;font-family:\n&quot;Times New Roman&quot;,&quot;serif&quot;\">No embate entre os fatos e os documentos que os<br \/>\nrelatam, deve-se dar prefer\u00eancia ao primeiro, pois a realidade deve preponderar<br \/>\nsobre a forma. Isso quer dizer que se a CTPS estiver anotada com sal\u00e1rio de<br \/>\nR$1.000,00 (mil reais), mas o obreiro receber R$1.500,00 (mil e quinhentos),<br \/>\npara todos os efeitos deve-se adotar o segundo valor, pois apesar do documento<br \/>\nretratar uma realidade, essa n\u00e3o era verificada. Nesses termos, AM\u00c9RICO PL\u00c1<br \/>\nRODRIGUEZ destaca: <i>\u0093O princ\u00edpio da<br \/>\nprimazia da realidade significa que, em caso de discord\u00e2ncia entre o que ocorre<br \/>\nna pr\u00e1tica e o que emerge de documentos ou acordos, deve-se dar prefer\u00eancia ao<br \/>\nprimeiro, isto \u00e9, ao que sucede no terreno dos fatos\u0094.<o:p><\/o:p><\/i><\/span><\/p>\n<p class=\"MsoListParagraphCxSpMiddle\" style=\"margin-top:6.0pt;margin-right:0cm;\nmargin-bottom:6.0pt;margin-left:0cm;mso-add-space:auto;text-align:justify;\nline-height:150%\"><span style=\"font-size:12.0pt;line-height:150%;font-family:\n&quot;Times New Roman&quot;,&quot;serif&quot;\">Muitas vezes, para desobrigar o empregador de<br \/>\npagamento de tributos mais elevados ou para burlar a legisla\u00e7\u00e3o trabalhista em<br \/>\ndetrimento do empregado, aquele obriga o \u00faltimo a assinar documentos que n\u00e3o<br \/>\nretratam a realidade, tal como a anota\u00e7\u00e3o em cart\u00f5es de ponto. Apesar do<br \/>\nobreiro permanecer trabalhando at\u00e9 as 22h, este era obrigado a marcar no cart\u00e3o<br \/>\nde ponto a sa\u00edda as 18h e voltar para o batente, n\u00e3o lhe sendo permitida a<br \/>\nmarca\u00e7\u00e3o do hor\u00e1rio correto de sa\u00edda. Nessa situa\u00e7\u00e3o, os cart\u00f5es de ponto n\u00e3o<br \/>\ndevem ser levados em considera\u00e7\u00e3o, e sim, outras provas, como testemunhais,<br \/>\ndepoimento pessoal, pericial ou documental, que demonstram a realiza\u00e7\u00e3o de<br \/>\nlabor at\u00e9 as 22h. O TST inclusive editou a S\u00famula n. 338, em que afirma serem<br \/>\ninserv\u00edveis os cart\u00f5es de ponto que apontem hor\u00e1rios de entrada e sa\u00edda<br \/>\nid\u00eanticos durante o lapso temporal do contrato de trabalho, pois tal situa\u00e7\u00e3o,<br \/>\nqual seja, chegar e sair do trabalho <i>exatamente<br \/>\n<\/i>e <i>sempre<\/i> no mesmo hor\u00e1rio (hora e<br \/>\nminuto) \u00e9 inveross\u00edmil, ou seja, tende a n\u00e3o retratar a realidade, j\u00e1 que<br \/>\nextremamente dif\u00edcil de ocorrer.<o:p><\/o:p><\/span><\/p>\n<p class=\"MsoListParagraphCxSpMiddle\" style=\"margin-top:6.0pt;margin-right:0cm;\nmargin-bottom:6.0pt;margin-left:0cm;mso-add-space:auto;text-align:justify;\nline-height:150%\"><span style=\"font-size:12.0pt;line-height:150%;font-family:\n&quot;Times New Roman&quot;,&quot;serif&quot;\">Sobre o tema, ARNALDO SUSSEKIND observa que <i>\u0093em raz\u00e3o do qual a rela\u00e7\u00e3o objetiva<br \/>\nevidenciada pelo fatos define a verdadeira rela\u00e7\u00e3o jur\u00eddica estipulada pelos<br \/>\ncontratantes, ainda que sob capa simulada, n\u00e3o correspondente \u00e0 realidade\u0094.<o:p><\/o:p><\/i><\/span><\/p>\n<p class=\"MsoListParagraphCxSpMiddle\" style=\"margin-top:6.0pt;margin-right:0cm;\nmargin-bottom:6.0pt;margin-left:0cm;mso-add-space:auto;text-align:justify;\nline-height:150%\"><span style=\"font-size:12.0pt;line-height:150%;font-family:\n&quot;Times New Roman&quot;,&quot;serif&quot;\">Outra situa\u00e7\u00e3o rotineira \u00e9 lembrada por S\u00c9RGIO PINTO<br \/>\nMARTINS da seguinte maneira: <i>\u0093Por<br \/>\nexemplo, se um empregado \u00e9 rotulado de aut\u00f4nomo pelo empregador, possuindo<br \/>\ncontrato escrito de representa\u00e7\u00e3o comercial com o \u00faltimo, o que deve ser observado<br \/>\nrealmente s\u00e3o as condi\u00e7\u00f5es f\u00e1ticas que demonstrem a exist\u00eancia do contrato de<br \/>\ntrabalho\u0094.<\/i><o:p><\/o:p><\/span><\/p>\n<p class=\"MsoListParagraphCxSpMiddle\" style=\"margin-top:6.0pt;margin-right:0cm;\nmargin-bottom:6.0pt;margin-left:0cm;mso-add-space:auto;text-align:justify;\nline-height:150%\"><b><span style=\"font-size:12.0pt;line-height:150%;font-family:&quot;Times New Roman&quot;,&quot;serif&quot;\">&nbsp;<\/span><\/b><\/p>\n<p class=\"MsoListParagraphCxSpMiddle\" style=\"margin-top:6.0pt;margin-right:0cm;\nmargin-bottom:6.0pt;margin-left:36.0pt;mso-add-space:auto;text-align:justify;\ntext-indent:-18.0pt;line-height:150%;mso-list:l0 level2 lfo1\"><!--[if !supportLists]--><b><span style=\"font-size:12.0pt;line-height:\n150%;font-family:&quot;Times New Roman&quot;,&quot;serif&quot;;mso-fareast-font-family:&quot;Times New Roman&quot;\">1.7.<\/span><\/b><!--[endif]--><b><span style=\"font-size:12.0pt;line-height:150%;font-family:&quot;Times New Roman&quot;,&quot;serif&quot;\">Princ\u00edpio<br \/>\nda Continuidade da rela\u00e7\u00e3o de emprego;<o:p><\/o:p><\/span><\/b><\/p>\n<p class=\"MsoListParagraphCxSpMiddle\" style=\"margin-top:6.0pt;margin-right:0cm;\nmargin-bottom:6.0pt;margin-left:0cm;mso-add-space:auto;text-align:justify;\nline-height:150%\"><b><span style=\"font-size:12.0pt;line-height:150%;font-family:&quot;Times New Roman&quot;,&quot;serif&quot;\">&nbsp;<\/span><\/b><\/p>\n<p class=\"MsoListParagraphCxSpMiddle\" style=\"margin-top:6.0pt;margin-right:0cm;\nmargin-bottom:6.0pt;margin-left:0cm;mso-add-space:auto;text-align:justify;\nline-height:150%\"><span style=\"font-size:12.0pt;line-height:150%;font-family:\n&quot;Times New Roman&quot;,&quot;serif&quot;\">O primeiro ponto a ser destacado sobre o princ\u00edpio<br \/>\nda continuidade da rela\u00e7\u00e3o de emprego \u00e9 atinente ao prazo de dura\u00e7\u00e3o do<br \/>\ncontrato de trabalho, que regra geral \u00e9 indeterminado, ou seja, sem prazo certo<br \/>\npara a sua rescis\u00e3o. Os contratos por prazo determinado podem ser pactuados em<br \/>\nsitua\u00e7\u00f5es excepcionais, dentro de requisitos descritos na lei e que, se n\u00e3o<br \/>\ncumpridos, ocasionar\u00e3o por conseq\u00fc\u00eancia a transmuda\u00e7\u00e3o do pacto por prazo certo<br \/>\n(determinado) ou prazo incerto (indeterminado), protegendo o obreiro, em<br \/>\nespecial, porque a rescis\u00e3o ser\u00e1 financeiramente mais vantajosa para o<br \/>\nempregado. Exemplificativamente, o contrato de experi\u00eancia, previsto no art.<br \/>\n443 da CLT, pode ser formulado, por escrito, com anota\u00e7\u00e3o na CTPS, por prazo<br \/>\nm\u00e1ximo de 90 (noventa) dias, com uma prorroga\u00e7\u00e3o dentro de tal prazo (45d +<br \/>\n45d; 30d + 60d, 15d + 75d). Assim, passado o prazo sem a termina\u00e7\u00e3o do<br \/>\ncontrato, este automaticamente ser\u00e1 considerado por prazo indeterminado. Caso<br \/>\nhaja 2 (duas) prorroga\u00e7\u00f5es (30d + 30d + 30d), por violar os dispositivos legais<br \/>\nsobre a mat\u00e9ria, o contrato passar\u00e1 a vigorar conforme normas regentes dos<br \/>\ncontratos por prazo indeterminado.<o:p><\/o:p><\/span><\/p>\n<p class=\"MsoListParagraphCxSpMiddle\" style=\"margin-top:6.0pt;margin-right:0cm;\nmargin-bottom:6.0pt;margin-left:0cm;mso-add-space:auto;text-align:justify;\nline-height:150%\"><span style=\"font-size:12.0pt;line-height:150%;font-family:\n&quot;Times New Roman&quot;,&quot;serif&quot;\">Outro aspecto de revelo \u00e9 a presun\u00e7\u00e3o favor\u00e1vel ao<br \/>\nempregado em algumas situa\u00e7\u00f5es de t\u00e9rmino do contrato de trabalho. Presume-se,<br \/>\nse houver d\u00favida sobre a forma de rescis\u00e3o contratual, que a mesma deu-se sem<br \/>\njusta causa obreira, em vez de entender-se que houve justa causa ou pedido de<br \/>\ndemiss\u00e3o, pois a primeira forma de termina\u00e7\u00e3o \u00e9 mais favor\u00e1vel ao obreiro.<o:p><\/o:p><\/span><\/p>\n<p class=\"MsoListParagraphCxSpLast\" style=\"margin-top:6.0pt;margin-right:0cm;\nmargin-bottom:6.0pt;margin-left:0cm;mso-add-space:auto;text-align:justify;\nline-height:150%\"><span style=\"font-size:12.0pt;line-height:150%;font-family:\n&quot;Times New Roman&quot;,&quot;serif&quot;\">MAUR\u00cdCIO GODINHO DELGADO, ao estudar a S\u00famula n. 212<br \/>\ndo TST, destaca que o princ\u00edpio <i>\u0093faz<br \/>\npresumida tamb\u00e9m a prova de ruptura do v\u00ednculo empregat\u00edcio, em contextos<br \/>\nprocessuais de controv\u00e9rsia sobre a quest\u00e3o\u0094<\/i>. Isso pois a s\u00famula destaca<br \/>\nque o \u00f4nus da prova \u00e9 do empregador, quando o mesmo negar a rela\u00e7\u00e3o<br \/>\nempregat\u00edcio ou o despedimento.<o:p><\/o:p><\/span><\/p>\n<p class=\"MsoNormal\"><o:p>&nbsp;<\/o:p><\/p>\n","protected":false},"excerpt":{"rendered":"<p>1.&nbsp;&nbsp;&nbsp;&nbsp;&nbsp; Princ\u00edpios do Direito do Trabalho; &nbsp; Todo ramo do direito possui seus princ\u00edpios pr\u00f3prios, que s\u00e3o as proposi\u00e7\u00f5es fundamentais, ou seja, as id\u00e9ias que guiam a confec\u00e7\u00e3o das leis, sua aplica\u00e7\u00e3o e interpreta\u00e7\u00e3o. Tais proposi\u00e7\u00f5es fundamentais da ci\u00eancia jur\u00eddica possuem importante fun\u00e7\u00e3o, pois conferem integra\u00e7\u00e3o e harmonia \u00e0s diversas normas jur\u00eddicas regulat\u00f3rias, por exemplo, [&hellip;]<\/p>\n","protected":false},"author":123,"featured_media":0,"comment_status":"open","ping_status":"open","sticky":false,"template":"","format":"standard","meta":{"post_tipo":"article","footnotes":""},"categories":[1],"tags":[1145],"tax_estado":[],"class_list":["post-10192","post","type-post","status-publish","format-standard","hentry","category-cursos-e-concursos","tag-resumo"],"acf":[],"yoast_head":"<!-- This site is optimized with the Yoast SEO Premium plugin v27.2 (Yoast SEO v27.2) - https:\/\/yoast.com\/product\/yoast-seo-premium-wordpress\/ -->\n<title>Resumo de Direito do Trabalho - TRT\/SC e TRT\/GO - Parte 2 - Princ\u00edpios do Direito do Trabalho<\/title>\n<meta name=\"robots\" content=\"index, follow, max-snippet:-1, max-image-preview:large, max-video-preview:-1\" \/>\n<link rel=\"canonical\" href=\"https:\/\/www.estrategiaconcursos.com.br\/blog\/resumo-de-direito-do-trabalho-trtsc-e-trtgo-parte-2-principios-do-direito-do-trabalho\/\" \/>\n<meta property=\"og:locale\" content=\"pt_BR\" \/>\n<meta property=\"og:type\" content=\"article\" \/>\n<meta property=\"og:title\" content=\"Resumo de Direito do Trabalho - TRT\/SC e TRT\/GO - Parte 2 - Princ\u00edpios do Direito do Trabalho\" \/>\n<meta property=\"og:description\" content=\"1.&nbsp;&nbsp;&nbsp;&nbsp;&nbsp; Princ\u00edpios do Direito do Trabalho; &nbsp; Todo ramo do direito possui seus princ\u00edpios pr\u00f3prios, que s\u00e3o as proposi\u00e7\u00f5es fundamentais, ou seja, as id\u00e9ias que guiam a confec\u00e7\u00e3o das leis, sua aplica\u00e7\u00e3o e interpreta\u00e7\u00e3o. Tais proposi\u00e7\u00f5es fundamentais da ci\u00eancia jur\u00eddica possuem importante fun\u00e7\u00e3o, pois conferem integra\u00e7\u00e3o e harmonia \u00e0s diversas normas jur\u00eddicas regulat\u00f3rias, por exemplo, [&hellip;]\" \/>\n<meta property=\"og:url\" content=\"https:\/\/www.estrategiaconcursos.com.br\/blog\/resumo-de-direito-do-trabalho-trtsc-e-trtgo-parte-2-principios-do-direito-do-trabalho\/\" \/>\n<meta property=\"og:site_name\" content=\"Estrat\u00e9gia Concursos\" \/>\n<meta property=\"article:author\" content=\"https:\/\/www.facebook.com\/bruno.klippel\" \/>\n<meta property=\"article:published_time\" content=\"2013-06-04T14:49:37+00:00\" \/>\n<meta property=\"article:modified_time\" content=\"2016-12-13T15:57:45+00:00\" \/>\n<meta name=\"author\" content=\"Bruno Klippel\" \/>\n<meta name=\"twitter:card\" content=\"summary_large_image\" \/>\n<meta name=\"twitter:creator\" content=\"@https:\/\/twitter.com\/brunoklippel\" \/>\n<meta name=\"twitter:site\" content=\"@EstratConcursos\" \/>\n<meta name=\"twitter:label1\" content=\"Escrito por\" \/>\n\t<meta name=\"twitter:data1\" content=\"Bruno Klippel\" \/>\n\t<meta name=\"twitter:label2\" content=\"Est. tempo de leitura\" \/>\n\t<meta name=\"twitter:data2\" content=\"21 minutos\" \/>\n<script type=\"application\/ld+json\" class=\"yoast-schema-graph\">{\"@context\":\"https:\/\/schema.org\",\"@graph\":[{\"@type\":\"NewsArticle\",\"@id\":\"https:\/\/www.estrategiaconcursos.com.br\/blog\/resumo-de-direito-do-trabalho-trtsc-e-trtgo-parte-2-principios-do-direito-do-trabalho\/#article\",\"isPartOf\":{\"@id\":\"https:\/\/www.estrategiaconcursos.com.br\/blog\/resumo-de-direito-do-trabalho-trtsc-e-trtgo-parte-2-principios-do-direito-do-trabalho\/\"},\"author\":{\"name\":\"Bruno Klippel\",\"@id\":\"https:\/\/www.estrategiaconcursos.com.br\/blog\/#\/schema\/person\/e45245f931dbe7daa788a36aeae3db76\"},\"headline\":\"Resumo de Direito do Trabalho &#8211; TRT\/SC e TRT\/GO &#8211; Parte 2 &#8211; Princ\u00edpios do Direito do Trabalho\",\"datePublished\":\"2013-06-04T14:49:37+00:00\",\"dateModified\":\"2016-12-13T15:57:45+00:00\",\"mainEntityOfPage\":{\"@id\":\"https:\/\/www.estrategiaconcursos.com.br\/blog\/resumo-de-direito-do-trabalho-trtsc-e-trtgo-parte-2-principios-do-direito-do-trabalho\/\"},\"wordCount\":4275,\"commentCount\":0,\"publisher\":{\"@id\":\"https:\/\/www.estrategiaconcursos.com.br\/blog\/#organization\"},\"keywords\":[\"resumo\"],\"articleSection\":[\"Concursos P\u00fablicos\"],\"inLanguage\":\"pt-BR\",\"potentialAction\":[{\"@type\":\"CommentAction\",\"name\":\"Comment\",\"target\":[\"https:\/\/www.estrategiaconcursos.com.br\/blog\/resumo-de-direito-do-trabalho-trtsc-e-trtgo-parte-2-principios-do-direito-do-trabalho\/#respond\"]}],\"copyrightYear\":\"2013\",\"copyrightHolder\":{\"@id\":\"https:\/\/www.estrategiaconcursos.com.br\/blog\/#organization\"}},{\"@type\":\"WebPage\",\"@id\":\"https:\/\/www.estrategiaconcursos.com.br\/blog\/resumo-de-direito-do-trabalho-trtsc-e-trtgo-parte-2-principios-do-direito-do-trabalho\/\",\"url\":\"https:\/\/www.estrategiaconcursos.com.br\/blog\/resumo-de-direito-do-trabalho-trtsc-e-trtgo-parte-2-principios-do-direito-do-trabalho\/\",\"name\":\"Resumo de Direito do Trabalho - TRT\/SC e TRT\/GO - Parte 2 - Princ\u00edpios do Direito do Trabalho\",\"isPartOf\":{\"@id\":\"https:\/\/www.estrategiaconcursos.com.br\/blog\/#website\"},\"datePublished\":\"2013-06-04T14:49:37+00:00\",\"dateModified\":\"2016-12-13T15:57:45+00:00\",\"breadcrumb\":{\"@id\":\"https:\/\/www.estrategiaconcursos.com.br\/blog\/resumo-de-direito-do-trabalho-trtsc-e-trtgo-parte-2-principios-do-direito-do-trabalho\/#breadcrumb\"},\"inLanguage\":\"pt-BR\",\"potentialAction\":[{\"@type\":\"ReadAction\",\"target\":[\"https:\/\/www.estrategiaconcursos.com.br\/blog\/resumo-de-direito-do-trabalho-trtsc-e-trtgo-parte-2-principios-do-direito-do-trabalho\/\"]}]},{\"@type\":\"BreadcrumbList\",\"@id\":\"https:\/\/www.estrategiaconcursos.com.br\/blog\/resumo-de-direito-do-trabalho-trtsc-e-trtgo-parte-2-principios-do-direito-do-trabalho\/#breadcrumb\",\"itemListElement\":[{\"@type\":\"ListItem\",\"position\":1,\"name\":\"In\u00edcio\",\"item\":\"https:\/\/www.estrategiaconcursos.com.br\/blog\/\"},{\"@type\":\"ListItem\",\"position\":2,\"name\":\"Resumo de Direito do Trabalho &#8211; TRT\/SC e TRT\/GO &#8211; Parte 2 &#8211; Princ\u00edpios do Direito do Trabalho\"}]},{\"@type\":\"WebSite\",\"@id\":\"https:\/\/www.estrategiaconcursos.com.br\/blog\/#website\",\"url\":\"https:\/\/www.estrategiaconcursos.com.br\/blog\/\",\"name\":\"Estrat\u00e9gia Concursos\",\"description\":\"O blog da Estrat\u00e9gia Concursos traz not\u00edcias sobre concursos e artigos de professores oferecendo cursos para concursos (pdf + videaulas) no site.\",\"publisher\":{\"@id\":\"https:\/\/www.estrategiaconcursos.com.br\/blog\/#organization\"},\"potentialAction\":[{\"@type\":\"SearchAction\",\"target\":{\"@type\":\"EntryPoint\",\"urlTemplate\":\"https:\/\/www.estrategiaconcursos.com.br\/blog\/?s={search_term_string}\"},\"query-input\":{\"@type\":\"PropertyValueSpecification\",\"valueRequired\":true,\"valueName\":\"search_term_string\"}}],\"inLanguage\":\"pt-BR\"},{\"@type\":\"Organization\",\"@id\":\"https:\/\/www.estrategiaconcursos.com.br\/blog\/#organization\",\"name\":\"Estrat\u00e9gia Concursos\",\"url\":\"https:\/\/www.estrategiaconcursos.com.br\/blog\/\",\"logo\":{\"@type\":\"ImageObject\",\"inLanguage\":\"pt-BR\",\"@id\":\"https:\/\/www.estrategiaconcursos.com.br\/blog\/#\/schema\/logo\/image\/\",\"url\":\"https:\/\/dhg1h5j42swfq.cloudfront.net\/2025\/06\/03203428\/logo_concursos-1.jpg\",\"contentUrl\":\"https:\/\/dhg1h5j42swfq.cloudfront.net\/2025\/06\/03203428\/logo_concursos-1.jpg\",\"width\":230,\"height\":60,\"caption\":\"Estrat\u00e9gia Concursos\"},\"image\":{\"@id\":\"https:\/\/www.estrategiaconcursos.com.br\/blog\/#\/schema\/logo\/image\/\"},\"sameAs\":[\"https:\/\/x.com\/EstratConcursos\"]},{\"@type\":\"Person\",\"@id\":\"https:\/\/www.estrategiaconcursos.com.br\/blog\/#\/schema\/person\/e45245f931dbe7daa788a36aeae3db76\",\"name\":\"Bruno Klippel\",\"image\":{\"@type\":\"ImageObject\",\"inLanguage\":\"pt-BR\",\"@id\":\"https:\/\/secure.gravatar.com\/avatar\/555136b5a9f57831d9839d55086ed04254bbba23fd861d79951efc1f321b41cf?s=96&d=mm&r=g\",\"url\":\"https:\/\/secure.gravatar.com\/avatar\/555136b5a9f57831d9839d55086ed04254bbba23fd861d79951efc1f321b41cf?s=96&d=mm&r=g\",\"contentUrl\":\"https:\/\/secure.gravatar.com\/avatar\/555136b5a9f57831d9839d55086ed04254bbba23fd861d79951efc1f321b41cf?s=96&d=mm&r=g\",\"caption\":\"Bruno Klippel\"},\"sameAs\":[\"https:\/\/www.facebook.com\/bruno.klippel\",\"https:\/\/x.com\/https:\/\/twitter.com\/brunoklippel\"],\"url\":\"https:\/\/www.estrategiaconcursos.com.br\/blog\/author\/brunoklippelestrategiaconcursos-com-br\/\"}]}<\/script>\n<!-- \/ Yoast SEO Premium plugin. -->","yoast_head_json":{"title":"Resumo de Direito do Trabalho - TRT\/SC e TRT\/GO - Parte 2 - Princ\u00edpios do Direito do Trabalho","robots":{"index":"index","follow":"follow","max-snippet":"max-snippet:-1","max-image-preview":"max-image-preview:large","max-video-preview":"max-video-preview:-1"},"canonical":"https:\/\/www.estrategiaconcursos.com.br\/blog\/resumo-de-direito-do-trabalho-trtsc-e-trtgo-parte-2-principios-do-direito-do-trabalho\/","og_locale":"pt_BR","og_type":"article","og_title":"Resumo de Direito do Trabalho - TRT\/SC e TRT\/GO - Parte 2 - Princ\u00edpios do Direito do Trabalho","og_description":"1.&nbsp;&nbsp;&nbsp;&nbsp;&nbsp; Princ\u00edpios do Direito do Trabalho; &nbsp; Todo ramo do direito possui seus princ\u00edpios pr\u00f3prios, que s\u00e3o as proposi\u00e7\u00f5es fundamentais, ou seja, as id\u00e9ias que guiam a confec\u00e7\u00e3o das leis, sua aplica\u00e7\u00e3o e interpreta\u00e7\u00e3o. Tais proposi\u00e7\u00f5es fundamentais da ci\u00eancia jur\u00eddica possuem importante fun\u00e7\u00e3o, pois conferem integra\u00e7\u00e3o e harmonia \u00e0s diversas normas jur\u00eddicas regulat\u00f3rias, por exemplo, [&hellip;]","og_url":"https:\/\/www.estrategiaconcursos.com.br\/blog\/resumo-de-direito-do-trabalho-trtsc-e-trtgo-parte-2-principios-do-direito-do-trabalho\/","og_site_name":"Estrat\u00e9gia Concursos","article_author":"https:\/\/www.facebook.com\/bruno.klippel","article_published_time":"2013-06-04T14:49:37+00:00","article_modified_time":"2016-12-13T15:57:45+00:00","author":"Bruno Klippel","twitter_card":"summary_large_image","twitter_creator":"@https:\/\/twitter.com\/brunoklippel","twitter_site":"@EstratConcursos","twitter_misc":{"Escrito por":"Bruno Klippel","Est. tempo de leitura":"21 minutos"},"schema":{"@context":"https:\/\/schema.org","@graph":[{"@type":"NewsArticle","@id":"https:\/\/www.estrategiaconcursos.com.br\/blog\/resumo-de-direito-do-trabalho-trtsc-e-trtgo-parte-2-principios-do-direito-do-trabalho\/#article","isPartOf":{"@id":"https:\/\/www.estrategiaconcursos.com.br\/blog\/resumo-de-direito-do-trabalho-trtsc-e-trtgo-parte-2-principios-do-direito-do-trabalho\/"},"author":{"name":"Bruno Klippel","@id":"https:\/\/www.estrategiaconcursos.com.br\/blog\/#\/schema\/person\/e45245f931dbe7daa788a36aeae3db76"},"headline":"Resumo de Direito do Trabalho &#8211; TRT\/SC e TRT\/GO &#8211; Parte 2 &#8211; Princ\u00edpios do Direito do Trabalho","datePublished":"2013-06-04T14:49:37+00:00","dateModified":"2016-12-13T15:57:45+00:00","mainEntityOfPage":{"@id":"https:\/\/www.estrategiaconcursos.com.br\/blog\/resumo-de-direito-do-trabalho-trtsc-e-trtgo-parte-2-principios-do-direito-do-trabalho\/"},"wordCount":4275,"commentCount":0,"publisher":{"@id":"https:\/\/www.estrategiaconcursos.com.br\/blog\/#organization"},"keywords":["resumo"],"articleSection":["Concursos P\u00fablicos"],"inLanguage":"pt-BR","potentialAction":[{"@type":"CommentAction","name":"Comment","target":["https:\/\/www.estrategiaconcursos.com.br\/blog\/resumo-de-direito-do-trabalho-trtsc-e-trtgo-parte-2-principios-do-direito-do-trabalho\/#respond"]}],"copyrightYear":"2013","copyrightHolder":{"@id":"https:\/\/www.estrategiaconcursos.com.br\/blog\/#organization"}},{"@type":"WebPage","@id":"https:\/\/www.estrategiaconcursos.com.br\/blog\/resumo-de-direito-do-trabalho-trtsc-e-trtgo-parte-2-principios-do-direito-do-trabalho\/","url":"https:\/\/www.estrategiaconcursos.com.br\/blog\/resumo-de-direito-do-trabalho-trtsc-e-trtgo-parte-2-principios-do-direito-do-trabalho\/","name":"Resumo de Direito do Trabalho - TRT\/SC e TRT\/GO - Parte 2 - Princ\u00edpios do Direito do Trabalho","isPartOf":{"@id":"https:\/\/www.estrategiaconcursos.com.br\/blog\/#website"},"datePublished":"2013-06-04T14:49:37+00:00","dateModified":"2016-12-13T15:57:45+00:00","breadcrumb":{"@id":"https:\/\/www.estrategiaconcursos.com.br\/blog\/resumo-de-direito-do-trabalho-trtsc-e-trtgo-parte-2-principios-do-direito-do-trabalho\/#breadcrumb"},"inLanguage":"pt-BR","potentialAction":[{"@type":"ReadAction","target":["https:\/\/www.estrategiaconcursos.com.br\/blog\/resumo-de-direito-do-trabalho-trtsc-e-trtgo-parte-2-principios-do-direito-do-trabalho\/"]}]},{"@type":"BreadcrumbList","@id":"https:\/\/www.estrategiaconcursos.com.br\/blog\/resumo-de-direito-do-trabalho-trtsc-e-trtgo-parte-2-principios-do-direito-do-trabalho\/#breadcrumb","itemListElement":[{"@type":"ListItem","position":1,"name":"In\u00edcio","item":"https:\/\/www.estrategiaconcursos.com.br\/blog\/"},{"@type":"ListItem","position":2,"name":"Resumo de Direito do Trabalho &#8211; TRT\/SC e TRT\/GO &#8211; Parte 2 &#8211; Princ\u00edpios do Direito do Trabalho"}]},{"@type":"WebSite","@id":"https:\/\/www.estrategiaconcursos.com.br\/blog\/#website","url":"https:\/\/www.estrategiaconcursos.com.br\/blog\/","name":"Estrat\u00e9gia Concursos","description":"O blog da Estrat\u00e9gia Concursos traz not\u00edcias sobre concursos e artigos de professores oferecendo cursos para concursos (pdf + videaulas) no site.","publisher":{"@id":"https:\/\/www.estrategiaconcursos.com.br\/blog\/#organization"},"potentialAction":[{"@type":"SearchAction","target":{"@type":"EntryPoint","urlTemplate":"https:\/\/www.estrategiaconcursos.com.br\/blog\/?s={search_term_string}"},"query-input":{"@type":"PropertyValueSpecification","valueRequired":true,"valueName":"search_term_string"}}],"inLanguage":"pt-BR"},{"@type":"Organization","@id":"https:\/\/www.estrategiaconcursos.com.br\/blog\/#organization","name":"Estrat\u00e9gia Concursos","url":"https:\/\/www.estrategiaconcursos.com.br\/blog\/","logo":{"@type":"ImageObject","inLanguage":"pt-BR","@id":"https:\/\/www.estrategiaconcursos.com.br\/blog\/#\/schema\/logo\/image\/","url":"https:\/\/dhg1h5j42swfq.cloudfront.net\/2025\/06\/03203428\/logo_concursos-1.jpg","contentUrl":"https:\/\/dhg1h5j42swfq.cloudfront.net\/2025\/06\/03203428\/logo_concursos-1.jpg","width":230,"height":60,"caption":"Estrat\u00e9gia Concursos"},"image":{"@id":"https:\/\/www.estrategiaconcursos.com.br\/blog\/#\/schema\/logo\/image\/"},"sameAs":["https:\/\/x.com\/EstratConcursos"]},{"@type":"Person","@id":"https:\/\/www.estrategiaconcursos.com.br\/blog\/#\/schema\/person\/e45245f931dbe7daa788a36aeae3db76","name":"Bruno Klippel","image":{"@type":"ImageObject","inLanguage":"pt-BR","@id":"https:\/\/secure.gravatar.com\/avatar\/555136b5a9f57831d9839d55086ed04254bbba23fd861d79951efc1f321b41cf?s=96&d=mm&r=g","url":"https:\/\/secure.gravatar.com\/avatar\/555136b5a9f57831d9839d55086ed04254bbba23fd861d79951efc1f321b41cf?s=96&d=mm&r=g","contentUrl":"https:\/\/secure.gravatar.com\/avatar\/555136b5a9f57831d9839d55086ed04254bbba23fd861d79951efc1f321b41cf?s=96&d=mm&r=g","caption":"Bruno Klippel"},"sameAs":["https:\/\/www.facebook.com\/bruno.klippel","https:\/\/x.com\/https:\/\/twitter.com\/brunoklippel"],"url":"https:\/\/www.estrategiaconcursos.com.br\/blog\/author\/brunoklippelestrategiaconcursos-com-br\/"}]}},"_links":{"self":[{"href":"https:\/\/www.estrategiaconcursos.com.br\/blog\/wp-json\/wp\/v2\/posts\/10192","targetHints":{"allow":["GET"]}}],"collection":[{"href":"https:\/\/www.estrategiaconcursos.com.br\/blog\/wp-json\/wp\/v2\/posts"}],"about":[{"href":"https:\/\/www.estrategiaconcursos.com.br\/blog\/wp-json\/wp\/v2\/types\/post"}],"author":[{"embeddable":true,"href":"https:\/\/www.estrategiaconcursos.com.br\/blog\/wp-json\/wp\/v2\/users\/123"}],"replies":[{"embeddable":true,"href":"https:\/\/www.estrategiaconcursos.com.br\/blog\/wp-json\/wp\/v2\/comments?post=10192"}],"version-history":[{"count":1,"href":"https:\/\/www.estrategiaconcursos.com.br\/blog\/wp-json\/wp\/v2\/posts\/10192\/revisions"}],"predecessor-version":[{"id":57769,"href":"https:\/\/www.estrategiaconcursos.com.br\/blog\/wp-json\/wp\/v2\/posts\/10192\/revisions\/57769"}],"wp:attachment":[{"href":"https:\/\/www.estrategiaconcursos.com.br\/blog\/wp-json\/wp\/v2\/media?parent=10192"}],"wp:term":[{"taxonomy":"category","embeddable":true,"href":"https:\/\/www.estrategiaconcursos.com.br\/blog\/wp-json\/wp\/v2\/categories?post=10192"},{"taxonomy":"post_tag","embeddable":true,"href":"https:\/\/www.estrategiaconcursos.com.br\/blog\/wp-json\/wp\/v2\/tags?post=10192"},{"taxonomy":"tax_estado","embeddable":true,"href":"https:\/\/www.estrategiaconcursos.com.br\/blog\/wp-json\/wp\/v2\/tax_estado?post=10192"}],"curies":[{"name":"wp","href":"https:\/\/api.w.org\/{rel}","templated":true}]}}