{"id":10190,"date":"2013-06-03T23:54:16","date_gmt":"2013-06-04T02:54:16","guid":{"rendered":"https:\/\/www.estrategiaconcursos.com.br\/blog\/o-comite-de-pronunciamentos-contabeis-e-cursos-3\/"},"modified":"2020-04-13T15:51:55","modified_gmt":"2020-04-13T18:51:55","slug":"o-comite-de-pronunciamentos-contabeis-e-cursos-3","status":"publish","type":"post","link":"https:\/\/www.estrategiaconcursos.com.br\/blog\/o-comite-de-pronunciamentos-contabeis-e-cursos-3\/","title":{"rendered":"O Comit\u00ea de Pronunciamentos Cont\u00e1beis e cursos&#8230;"},"content":{"rendered":"<p class=\"MsoNormal\"><span style=\"font-size:10.0pt;mso-fareast-font-family:&quot;Times New Roman&quot;;\nmso-bidi-font-family:Tahoma;mso-fareast-language:PT-BR\">Ol\u00e1, meus amigos. Como<br \/>\nest\u00e3o?!<o:p><\/o:p><\/span><\/p>\n<p class=\"MsoNormal\"><span style=\"font-size:10.0pt;mso-fareast-font-family:&quot;Times New Roman&quot;;\nmso-bidi-font-family:Tahoma;mso-fareast-language:PT-BR\">&nbsp;<o:p><\/o:p><\/span><\/p>\n<p class=\"MsoNormal\"><span style=\"font-size:10.0pt;mso-fareast-font-family:&quot;Times New Roman&quot;;\nmso-bidi-font-family:Tahoma;mso-fareast-language:PT-BR\">Nos estudos das<br \/>\nci\u00eancias cont\u00e1beis, muito se fala em CPC. CPC pra c\u00e1, CPC pra l\u00e1.&nbsp;Mas,<br \/>\npara estudar os Pronunciamentos Cont\u00e1beis, como pressuposto, temos de nos perguntar:<br \/>\nafinal,&nbsp;o que \u00e9 o Comit\u00ea de Pronunciamentos Cont\u00e1beis?<o:p><\/o:p><\/span><\/p>\n<p class=\"MsoNormal\"><span style=\"font-size:10.0pt;mso-fareast-font-family:&quot;Times New Roman&quot;;\nmso-bidi-font-family:Tahoma;mso-fareast-language:PT-BR\">&nbsp;<o:p><\/o:p><\/span><\/p>\n<p class=\"MsoNormal\"><span style=\"font-size:10.0pt;mso-fareast-font-family:&quot;Times New Roman&quot;;\nmso-bidi-font-family:Tahoma;mso-fareast-language:PT-BR\">Pois bem, criado pela<br \/>\nResolu\u00e7\u00e3o CFC n\u00ba&nbsp;<a href=\"http:\/\/www.cpc.org.br\/pdf\/RES_1055.pdf\" target=\"_blank\" rel=\"noopener noreferrer\"><span style=\"color:windowtext;text-decoration:none;text-underline:\nnone\">1.055\/05<\/span><\/a>, o Comit\u00ea de Pronunciamentos Cont\u00e1beis tem como<br \/>\nobjetivo&nbsp;&#8220;o estudo, o preparo e a emiss\u00e3o de Pronunciamentos T\u00e9cnicos<br \/>\nsobre procedimentos de Contabilidade e a divulga\u00e7\u00e3o de informa\u00e7\u00f5es dessa<br \/>\nnatureza, para permitir a emiss\u00e3o de normas pela entidade reguladora<br \/>\nbrasileira, visando \u00e0 centraliza\u00e7\u00e3o e uniformiza\u00e7\u00e3o do seu processo de<br \/>\nprodu\u00e7\u00e3o, levando sempre em conta a converg\u00eancia da Contabilidade Brasileira<br \/>\naos padr\u00f5es internacionais&#8221;.<o:p><\/o:p><\/span><\/p>\n<p class=\"MsoNormal\"><span style=\"font-size:10.0pt;mso-fareast-font-family:&quot;Times New Roman&quot;;\nmso-bidi-font-family:Tahoma;mso-fareast-language:PT-BR\"><o:p>&nbsp;<\/o:p><\/span><\/p>\n<p class=\"MsoNormal\"><span style=\"font-size:10.0pt;mso-fareast-font-family:&quot;Times New Roman&quot;;\nmso-bidi-font-family:Tahoma;mso-fareast-language:PT-BR\">\u00c9 atribui\u00e7\u00e3o do Comit\u00ea<br \/>\nde Pronunciamentos Cont\u00e1beis &#8211; (CPC) estudar, pesquisar, discutir, elaborar e<br \/>\ndeliberar sobre o conte\u00fado e a reda\u00e7\u00e3o de Pronunciamentos T\u00e9cnicos.<o:p><\/o:p><\/span><\/p>\n<p class=\"MsoNormal\"><span style=\"font-size:10.0pt;mso-fareast-font-family:&quot;Times New Roman&quot;;\nmso-bidi-font-family:Tahoma;mso-fareast-language:PT-BR\"><o:p>&nbsp;<\/o:p><\/span><\/p>\n<p class=\"MsoNormal\"><span style=\"font-size:10.0pt;mso-fareast-font-family:&quot;Times New Roman&quot;;\nmso-bidi-font-family:Tahoma;mso-fareast-language:PT-BR\">O CPC \u00e9 composto pelas<br \/>\nseguintes entidades:<o:p><\/o:p><\/span><\/p>\n<p class=\"MsoNormal\"><span style=\"font-size:10.0pt;mso-fareast-font-family:&quot;Times New Roman&quot;;\nmso-bidi-font-family:Tahoma;mso-fareast-language:PT-BR\"><o:p>&nbsp;<\/o:p><\/span><\/p>\n<p class=\"MsoNormal\"><span style=\"font-size:10.0pt;mso-fareast-font-family:&quot;Times New Roman&quot;;\nmso-bidi-font-family:Tahoma;mso-fareast-language:PT-BR\">a &#8211; ABRASCA &#8211;<br \/>\nAssocia\u00e7\u00e3o Brasileira das Companhias Abertas;<o:p><\/o:p><\/span><\/p>\n<p class=\"MsoNormal\"><span style=\"font-size:10.0pt;mso-fareast-font-family:&quot;Times New Roman&quot;;\nmso-bidi-font-family:Tahoma;mso-fareast-language:PT-BR\">b &#8211; APIMEC NACIONAL &#8211;<br \/>\nAssocia\u00e7\u00e3o dos Analistas e Profissionais de Investimento do Mercado de<br \/>\nCapitais;<o:p><\/o:p><\/span><\/p>\n<p class=\"MsoNormal\"><span style=\"font-size:10.0pt;mso-fareast-font-family:&quot;Times New Roman&quot;;\nmso-bidi-font-family:Tahoma;mso-fareast-language:PT-BR\">c &#8211; BM&amp;FBOVESPA<br \/>\nS.A. Bolsa de Valores, Mercadorias e Futuros; (2)<o:p><\/o:p><\/span><\/p>\n<p class=\"MsoNormal\"><span style=\"font-size:10.0pt;mso-fareast-font-family:&quot;Times New Roman&quot;;\nmso-bidi-font-family:Tahoma;mso-fareast-language:PT-BR\">d &#8211; CFC &#8211; Conselho<br \/>\nFederal de Contabilidade;<o:p><\/o:p><\/span><\/p>\n<p class=\"MsoNormal\"><span style=\"font-size:10.0pt;mso-fareast-font-family:&quot;Times New Roman&quot;;\nmso-bidi-font-family:Tahoma;mso-fareast-language:PT-BR\">e &#8211; IBRACON &#8211; Instituto<br \/>\ndos Auditores Independentes do Brasil;<o:p><\/o:p><\/span><\/p>\n<p class=\"MsoNormal\"><span style=\"font-size:10.0pt;mso-fareast-font-family:&quot;Times New Roman&quot;;\nmso-bidi-font-family:Tahoma;mso-fareast-language:PT-BR\">f &#8211; FIPECAFI &#8211; Funda\u00e7\u00e3o<br \/>\nInstituto de Pesquisas Cont\u00e1beis, Atuariais e Financeiras.<o:p><\/o:p><\/span><\/p>\n<p class=\"MsoNormal\"><span style=\"font-size:10.0pt;mso-fareast-font-family:&quot;Times New Roman&quot;;\nmso-bidi-font-family:Tahoma;mso-fareast-language:PT-BR\"><o:p>&nbsp;<\/o:p><\/span><\/p>\n<p class=\"MsoNormal\"><span style=\"font-size:10.0pt;mso-fareast-font-family:&quot;Times New Roman&quot;;\nmso-bidi-font-family:Tahoma;mso-fareast-language:PT-BR\">Foi criado em fun\u00e7\u00e3o<br \/>\ndas necessidades de:<o:p><\/o:p><\/span><\/p>\n<p class=\"MsoNormal\"><span style=\"font-size:10.0pt;mso-fareast-font-family:&quot;Times New Roman&quot;;\nmso-bidi-font-family:Tahoma;mso-fareast-language:PT-BR\"><o:p>&nbsp;<\/o:p><\/span><\/p>\n<p class=\"MsoNormal\"><span style=\"font-size:10.0pt;mso-fareast-font-family:&quot;Times New Roman&quot;;\nmso-bidi-font-family:Tahoma;mso-fareast-language:PT-BR\">&#8211; converg\u00eancia<br \/>\ninternacional das normas cont\u00e1beis (redu\u00e7\u00e3o de custo de elabora\u00e7\u00e3o de<br \/>\nrelat\u00f3rios cont\u00e1beis, redu\u00e7\u00e3o de riscos e custo nas an\u00e1lises e decis\u00f5es,<br \/>\nredu\u00e7\u00e3o de custo de capital);<o:p><\/o:p><\/span><\/p>\n<p class=\"MsoNormal\"><span style=\"font-size:10.0pt;mso-fareast-font-family:&quot;Times New Roman&quot;;\nmso-bidi-font-family:Tahoma;mso-fareast-language:PT-BR\">&#8211; centraliza\u00e7\u00e3o na<br \/>\nemiss\u00e3o de normas dessa natureza (no Brasil, diversas entidades o fazem);<o:p><\/o:p><\/span><\/p>\n<p class=\"MsoNormal\"><span style=\"font-size:10.0pt;mso-fareast-font-family:&quot;Times New Roman&quot;;\nmso-bidi-font-family:Tahoma;mso-fareast-language:PT-BR\">&#8211; representa\u00e7\u00e3o e<br \/>\nprocesso democr\u00e1ticos na produ\u00e7\u00e3o dessas informa\u00e7\u00f5es (produtores da informa\u00e7\u00e3o<br \/>\ncont\u00e1bil, auditor, usu\u00e1rio, intermedi\u00e1rio, academia, governo).<o:p><\/o:p><\/span><\/p>\n<p class=\"MsoNormal\"><span style=\"font-size:10.0pt;mso-fareast-font-family:&quot;Times New Roman&quot;;\nmso-bidi-font-family:Tahoma;mso-fareast-language:PT-BR\"><o:p>&nbsp;<\/o:p><\/span><\/p>\n<p class=\"MsoNormal\"><span style=\"font-size:10.0pt;mso-fareast-font-family:&quot;Times New Roman&quot;;\nmso-bidi-font-family:Tahoma;mso-fareast-language:PT-BR\">O Comit\u00ea de<br \/>\nPronunciamentos Cont\u00e1beis &#8211; (CPC) poder\u00e1 emitir Orienta\u00e7\u00f5es e Interpreta\u00e7\u00f5es,<br \/>\nal\u00e9m dos Pronunciamentos T\u00e9cnicos, sendo que todos poder\u00e3o ser consubstanciados<br \/>\nem Norma Brasileira de Contabilidade pelo CFC e em atos normativos pelos \u00f3rg\u00e3os<br \/>\nreguladores brasileiros, visando dirimir d\u00favidas quanto \u00e0 implementa\u00e7\u00e3o desses<br \/>\nPronunciamentos T\u00e9cnicos.<o:p><\/o:p><\/span><\/p>\n<p class=\"MsoNormal\"><span style=\"font-size:10.0pt;mso-fareast-font-family:&quot;Times New Roman&quot;;\nmso-bidi-font-family:Tahoma;mso-fareast-language:PT-BR\"><o:p>&nbsp;<\/o:p><\/span><\/p>\n<p class=\"MsoNormal\"><span style=\"font-size:10.0pt;mso-fareast-font-family:&quot;Times New Roman&quot;;\nmso-bidi-font-family:Tahoma;mso-fareast-language:PT-BR\">Portanto, todas essas<br \/>\nnormas que s\u00e3o emitidas pelo CPC t\u00eam a finalidade prec\u00edpua de harmonizar a<br \/>\ncontabilidade p\u00e1tria aos padr\u00f5es internacionais.<o:p><\/o:p><\/span><\/p>\n<p class=\"MsoNormal\"><span style=\"font-size:10.0pt;mso-fareast-font-family:&quot;Times New Roman&quot;;\nmso-bidi-font-family:Tahoma;mso-fareast-language:PT-BR\"><o:p>&nbsp;<\/o:p><\/span><\/p>\n<p class=\"MsoNormal\"><span style=\"font-size:10.0pt;mso-fareast-font-family:&quot;Times New Roman&quot;;\nmso-bidi-font-family:Tahoma;mso-fareast-language:PT-BR\">Vamos ver como isso foi<br \/>\ncobrado em prova pela Funda\u00e7\u00e3o Get\u00falio Vargas?<o:p><\/o:p><\/span><\/p>\n<p class=\"MsoNormal\"><b><span style=\"font-size:10.0pt;mso-fareast-font-family:&quot;Times New Roman&quot;;mso-bidi-font-family:\nTahoma;mso-fareast-language:PT-BR\"><o:p>&nbsp;<\/o:p><\/span><\/b><\/p>\n<p class=\"MsoNormal\"><b><span style=\"font-size:10.0pt;mso-fareast-font-family:&quot;Times New Roman&quot;;mso-bidi-font-family:\nTahoma;mso-fareast-language:PT-BR\">(FGV\/Analista de Controle<br \/>\nInterno\/SEFAZ\/RJ\/2011)<\/span><\/b><span style=\"font-size:10.0pt;mso-fareast-font-family:\n&quot;Times New Roman&quot;;mso-bidi-font-family:Tahoma;mso-fareast-language:PT-BR\"> A<br \/>\nrespeito do Comit\u00ea de Pronunciamentos Cont\u00e1beis,&nbsp;<b>n\u00e3o<\/b>&nbsp;\u00e9 correto<br \/>\nafirmar que<o:p><\/o:p><\/span><\/p>\n<p class=\"MsoNormal\"><span style=\"font-size:10.0pt;mso-fareast-font-family:&quot;Times New Roman&quot;;\nmso-bidi-font-family:Tahoma;mso-fareast-language:PT-BR\"><o:p>&nbsp;<\/o:p><\/span><\/p>\n<p class=\"MsoNormal\"><span style=\"font-size:10.0pt;mso-fareast-font-family:&quot;Times New Roman&quot;;\nmso-bidi-font-family:Tahoma;mso-fareast-language:PT-BR\">a) as normas emitidas<br \/>\npelo CPC devem ser aplicadas nos balan\u00e7os individuais e consolidados das<br \/>\nempresas, diferente do que acontece na Uni\u00e3o Europeia.<o:p><\/o:p><\/span><\/p>\n<p class=\"MsoNormal\"><span style=\"font-size:10.0pt;mso-fareast-font-family:&quot;Times New Roman&quot;;\nmso-bidi-font-family:Tahoma;mso-fareast-language:PT-BR\">b) o CPC determina que<br \/>\nas normas emitidas por ele devem ser aplicadas nas sociedades abertas, bancos e<br \/>\nseguradoras.<o:p><\/o:p><\/span><\/p>\n<p class=\"MsoNormal\"><span style=\"font-size:10.0pt;mso-fareast-font-family:&quot;Times New Roman&quot;;\nmso-bidi-font-family:Tahoma;mso-fareast-language:PT-BR\">c) as modifica\u00e7\u00f5es<br \/>\nintroduzidas pelas normas emitidas pelo CPC devem ser fiscalmente neutras.<o:p><\/o:p><\/span><\/p>\n<p class=\"MsoNormal\"><span style=\"font-size:10.0pt;mso-fareast-font-family:&quot;Times New Roman&quot;;\nmso-bidi-font-family:Tahoma;mso-fareast-language:PT-BR\">d) o CPC fornece<br \/>\ntratamento diferenciado a pequenas e m\u00e9dias empresas.<o:p><\/o:p><\/span><\/p>\n<p class=\"MsoNormal\"><span style=\"font-size:10.0pt;mso-fareast-font-family:&quot;Times New Roman&quot;;\nmso-bidi-font-family:Tahoma;mso-fareast-language:PT-BR\">e) o CPC \u00e9 formado sob<br \/>\na \u00e9gide de seis entidades n\u00e3o governamentais.<o:p><\/o:p><\/span><\/p>\n<p class=\"MsoNormal\"><b><u><span style=\"font-size:10.0pt;mso-fareast-font-family:\n&quot;Times New Roman&quot;;mso-bidi-font-family:Tahoma;mso-fareast-language:PT-BR\"><o:p><span style=\"text-decoration:none\">&nbsp;<\/span><\/o:p><\/span><\/u><\/b><\/p>\n<p class=\"MsoNormal\"><b><u><span style=\"font-size:10.0pt;mso-fareast-font-family:\n&quot;Times New Roman&quot;;mso-bidi-font-family:Tahoma;mso-fareast-language:PT-BR\">Coment\u00e1rios<\/span><\/u><\/b><span style=\"font-size:10.0pt;mso-fareast-font-family:&quot;Times New Roman&quot;;mso-bidi-font-family:\nTahoma;mso-fareast-language:PT-BR\"><o:p><\/o:p><\/span><\/p>\n<p class=\"MsoNormal\"><span style=\"font-size:10.0pt;mso-fareast-font-family:&quot;Times New Roman&quot;;\nmso-bidi-font-family:Tahoma;mso-fareast-language:PT-BR\">&nbsp;<o:p><\/o:p><\/span><\/p>\n<p class=\"MsoNormal\"><span style=\"font-size:10.0pt;mso-fareast-font-family:&quot;Times New Roman&quot;;\nmso-bidi-font-family:Tahoma;mso-fareast-language:PT-BR\">Analisemos, agora, as<br \/>\nassertivas.<o:p><\/o:p><\/span><\/p>\n<p class=\"MsoNormal\"><b><span style=\"font-size:10.0pt;mso-fareast-font-family:\n&quot;Times New Roman&quot;;mso-bidi-font-family:Tahoma;mso-fareast-language:PT-BR\"><o:p>&nbsp;<\/o:p><\/span><\/b><\/p>\n<p class=\"MsoNormal\"><b><span style=\"font-size:10.0pt;mso-fareast-font-family:\n&quot;Times New Roman&quot;;mso-bidi-font-family:Tahoma;mso-fareast-language:PT-BR\">a) as<br \/>\nnormas emitidas pelo CPC devem ser aplicadas nos balan\u00e7os individuais e<br \/>\nconsolidados das empresas, diferente do que acontece na Uni\u00e3o Europeia.<\/span><\/b><span style=\"font-size:10.0pt;mso-fareast-font-family:&quot;Times New Roman&quot;;mso-bidi-font-family:\nTahoma;mso-fareast-language:PT-BR\"><o:p><\/o:p><\/span><\/p>\n<p class=\"MsoNormal\"><span style=\"font-size:10.0pt;mso-fareast-font-family:&quot;Times New Roman&quot;;\nmso-bidi-font-family:Tahoma;mso-fareast-language:PT-BR\"><o:p>&nbsp;<\/o:p><\/span><\/p>\n<p class=\"MsoNormal\"><span style=\"font-size:10.0pt;mso-fareast-font-family:&quot;Times New Roman&quot;;\nmso-bidi-font-family:Tahoma;mso-fareast-language:PT-BR\">O item est\u00e1 correto. O<br \/>\nBrasil \u00e9 um dos primeiros pa\u00edses que apresenta os balan\u00e7os individual e<br \/>\nconsolidado nos termos das normas internacionais. A Uni\u00e3o Europeia come\u00e7ou a<br \/>\nadotar os procedimentos do IFRS em 2005. Na UE, apenas os balan\u00e7os consolidados<br \/>\nest\u00e3o obrigados a se harmonizarem com as normas de converg\u00eancia.&nbsp;&nbsp;<o:p><\/o:p><\/span><\/p>\n<p class=\"MsoNormal\"><b><span style=\"font-size:10.0pt;mso-fareast-font-family:\n&quot;Times New Roman&quot;;mso-bidi-font-family:Tahoma;mso-fareast-language:PT-BR\"><o:p>&nbsp;<\/o:p><\/span><\/b><\/p>\n<p class=\"MsoNormal\"><b><span style=\"font-size:10.0pt;mso-fareast-font-family:\n&quot;Times New Roman&quot;;mso-bidi-font-family:Tahoma;mso-fareast-language:PT-BR\">b) o<br \/>\nCPC determina que as normas emitidas por ele devem ser aplicadas nas sociedades<br \/>\nabertas, bancos e seguradoras.<\/span><\/b><span style=\"font-size:10.0pt;\nmso-fareast-font-family:&quot;Times New Roman&quot;;mso-bidi-font-family:Tahoma;\nmso-fareast-language:PT-BR\"><o:p><\/o:p><\/span><\/p>\n<p class=\"MsoNormal\"><span style=\"font-size:10.0pt;mso-fareast-font-family:&quot;Times New Roman&quot;;\nmso-bidi-font-family:Tahoma;mso-fareast-language:PT-BR\"><o:p>&nbsp;<\/o:p><\/span><\/p>\n<p class=\"MsoNormal\"><span style=\"font-size:10.0pt;mso-fareast-font-family:&quot;Times New Roman&quot;;\nmso-bidi-font-family:Tahoma;mso-fareast-language:PT-BR\">O item est\u00e1 incorreto,<br \/>\nsendo, pois, nosso gabarito. O Comit\u00ea de Pronunciamentos Cont\u00e1beis &#8211; (CPC) tem<br \/>\npor objetivo o estudo, o preparo e a emiss\u00e3o de Pronunciamentos T\u00e9cnicos sobre<br \/>\nprocedimentos de Contabilidade e a divulga\u00e7\u00e3o de informa\u00e7\u00f5es dessa natureza,<br \/>\npara permitir a emiss\u00e3o de normas pela entidade reguladora brasileira, visando<br \/>\n\u00e0 centraliza\u00e7\u00e3o e uniformiza\u00e7\u00e3o do seu processo de produ\u00e7\u00e3o, levando sempre em<br \/>\nconta a converg\u00eancia da Contabilidade Brasileira aos padr\u00f5es internacionais.<br \/>\nAssim, o CPC emitiu o CPC 01, por exemplo, que trata da redu\u00e7\u00e3o ao valor<br \/>\nrecuper\u00e1vel de ativos. O CFC emitiu, para seu \u00e2mbito de atua\u00e7\u00e3o, a Resolu\u00e7\u00e3o<br \/>\n1.292\/10. A CVM emitiu, para as cias abertas, a Resolu\u00e7\u00e3o n. 639\/10. E assim<br \/>\npor diante.<o:p><\/o:p><\/span><\/p>\n<p class=\"MsoNormal\"><b><span style=\"font-size:10.0pt;mso-fareast-font-family:\n&quot;Times New Roman&quot;;mso-bidi-font-family:Tahoma;mso-fareast-language:PT-BR\"><o:p>&nbsp;<\/o:p><\/span><\/b><\/p>\n<p class=\"MsoNormal\"><b><span style=\"font-size:10.0pt;mso-fareast-font-family:\n&quot;Times New Roman&quot;;mso-bidi-font-family:Tahoma;mso-fareast-language:PT-BR\">c) as<br \/>\nmodifica\u00e7\u00f5es introduzidas pelas normas emitidas pelo CPC devem ser fiscalmente<br \/>\nneutras<\/span><\/b><span style=\"font-size:10.0pt;mso-fareast-font-family:&quot;Times New Roman&quot;;\nmso-bidi-font-family:Tahoma;mso-fareast-language:PT-BR\">.<o:p><\/o:p><\/span><\/p>\n<p class=\"MsoNormal\"><span style=\"font-size:10.0pt;mso-fareast-font-family:&quot;Times New Roman&quot;;\nmso-bidi-font-family:Tahoma;mso-fareast-language:PT-BR\"><o:p>&nbsp;<\/o:p><\/span><\/p>\n<p class=\"MsoNormal\"><span style=\"font-size:10.0pt;mso-fareast-font-family:&quot;Times New Roman&quot;;\nmso-bidi-font-family:Tahoma;mso-fareast-language:PT-BR\">O item est\u00e1 correto, j\u00e1<br \/>\nque as normas do CPC n\u00e3o s\u00e3o suficientes para que sejam criadas obriga\u00e7\u00f5es ou<br \/>\nimplica\u00e7\u00f5es tribut\u00e1rias.<o:p><\/o:p><\/span><\/p>\n<p class=\"MsoNormal\"><b><span style=\"font-size:10.0pt;mso-fareast-font-family:\n&quot;Times New Roman&quot;;mso-bidi-font-family:Tahoma;mso-fareast-language:PT-BR\"><o:p>&nbsp;<\/o:p><\/span><\/b><\/p>\n<p class=\"MsoNormal\"><b><span style=\"font-size:10.0pt;mso-fareast-font-family:\n&quot;Times New Roman&quot;;mso-bidi-font-family:Tahoma;mso-fareast-language:PT-BR\">d) o<br \/>\nCPC fornece tratamento diferenciado a pequenas e m\u00e9dias empresas<\/span><\/b><span style=\"font-size:10.0pt;mso-fareast-font-family:&quot;Times New Roman&quot;;mso-bidi-font-family:\nTahoma;mso-fareast-language:PT-BR\">.<o:p><\/o:p><\/span><\/p>\n<p class=\"MsoNormal\"><span style=\"font-size:10.0pt;mso-fareast-font-family:&quot;Times New Roman&quot;;\nmso-bidi-font-family:Tahoma;mso-fareast-language:PT-BR\"><o:p>&nbsp;<\/o:p><\/span><\/p>\n<p class=\"MsoNormal\"><span style=\"font-size:10.0pt;mso-fareast-font-family:&quot;Times New Roman&quot;;\nmso-bidi-font-family:Tahoma;mso-fareast-language:PT-BR\">O item est\u00e1 correto,<br \/>\ntanto que o CPC emitiu, para as pequenas e m\u00e9dias empresas&nbsp;&nbsp;um<br \/>\npronunciamento especial, chamado PRONUNCIAMENTO T\u00c9CNICO PARA PEQUENAS E M\u00c9DIAS<br \/>\nEMPRESAS (PME).<o:p><\/o:p><\/span><\/p>\n<p class=\"MsoNormal\"><b><span style=\"font-size:10.0pt;mso-fareast-font-family:\n&quot;Times New Roman&quot;;mso-bidi-font-family:Tahoma;mso-fareast-language:PT-BR\"><o:p>&nbsp;<\/o:p><\/span><\/b><\/p>\n<p class=\"MsoNormal\"><b><span style=\"font-size:10.0pt;mso-fareast-font-family:\n&quot;Times New Roman&quot;;mso-bidi-font-family:Tahoma;mso-fareast-language:PT-BR\">e) o<br \/>\nCPC \u00e9 formado sob a \u00e9gide de seis entidades n\u00e3o governamentais<\/span><\/b><span style=\"font-size:10.0pt;mso-fareast-font-family:&quot;Times New Roman&quot;;mso-bidi-font-family:\nTahoma;mso-fareast-language:PT-BR\">.<o:p><\/o:p><\/span><\/p>\n<p class=\"MsoNormal\"><span style=\"font-size:10.0pt;mso-fareast-font-family:&quot;Times New Roman&quot;;\nmso-bidi-font-family:Tahoma;mso-fareast-language:PT-BR\"><o:p>&nbsp;<\/o:p><\/span><\/p>\n<p class=\"MsoNormal\"><span style=\"font-size:10.0pt;mso-fareast-font-family:&quot;Times New Roman&quot;;\nmso-bidi-font-family:Tahoma;mso-fareast-language:PT-BR\">O item est\u00e1 correto.<o:p><\/o:p><\/span><\/p>\n<p class=\"MsoNormal\"><span style=\"font-size:10.0pt;mso-fareast-font-family:&quot;Times New Roman&quot;;\nmso-bidi-font-family:Tahoma;mso-fareast-language:PT-BR\"><o:p>&nbsp;<\/o:p><\/span><\/p>\n<p class=\"MsoNormal\"><span style=\"font-size:10.0pt;mso-fareast-font-family:&quot;Times New Roman&quot;;\nmso-bidi-font-family:Tahoma;mso-fareast-language:PT-BR\">O CPC \u00e9 composto pelas<br \/>\nseguintes entidades:<o:p><\/o:p><\/span><\/p>\n<p class=\"MsoNormal\"><span style=\"font-size:10.0pt;mso-fareast-font-family:&quot;Times New Roman&quot;;\nmso-bidi-font-family:Tahoma;mso-fareast-language:PT-BR\"><o:p>&nbsp;<\/o:p><\/span><\/p>\n<p class=\"MsoNormal\"><span style=\"font-size:10.0pt;mso-fareast-font-family:&quot;Times New Roman&quot;;\nmso-bidi-font-family:Tahoma;mso-fareast-language:PT-BR\">a &#8211; ABRASCA &#8211;<br \/>\nAssocia\u00e7\u00e3o Brasileira das Companhias Abertas;<o:p><\/o:p><\/span><\/p>\n<p class=\"MsoNormal\"><span style=\"font-size:10.0pt;mso-fareast-font-family:&quot;Times New Roman&quot;;\nmso-bidi-font-family:Tahoma;mso-fareast-language:PT-BR\">b &#8211; APIMEC NACIONAL &#8211;<br \/>\nAssocia\u00e7\u00e3o dos Analistas e Profissionais de Investimento do Mercado de<br \/>\nCapitais;<o:p><\/o:p><\/span><\/p>\n<p class=\"MsoNormal\"><span style=\"font-size:10.0pt;mso-fareast-font-family:&quot;Times New Roman&quot;;\nmso-bidi-font-family:Tahoma;mso-fareast-language:PT-BR\">c- BM&amp;FBOVESPA S.A.<br \/>\nBolsa de Valores, Mercadorias e Futuros; (2)<o:p><\/o:p><\/span><\/p>\n<p class=\"MsoNormal\"><span style=\"font-size:10.0pt;mso-fareast-font-family:&quot;Times New Roman&quot;;\nmso-bidi-font-family:Tahoma;mso-fareast-language:PT-BR\">d &#8211; CFC &#8211; Conselho<br \/>\nFederal de Contabilidade;<o:p><\/o:p><\/span><\/p>\n<p class=\"MsoNormal\"><span style=\"font-size:10.0pt;mso-fareast-font-family:&quot;Times New Roman&quot;;\nmso-bidi-font-family:Tahoma;mso-fareast-language:PT-BR\">e &#8211; IBRACON &#8211; Instituto<br \/>\ndos Auditores Independentes do Brasil;<o:p><\/o:p><\/span><\/p>\n<p class=\"MsoNormal\"><span style=\"font-size:10.0pt;mso-fareast-font-family:&quot;Times New Roman&quot;;\nmso-bidi-font-family:Tahoma;mso-fareast-language:PT-BR\">f &#8211; FIPECAFI &#8211; Funda\u00e7\u00e3o<br \/>\nInstituto de Pesquisas Cont\u00e1beis, Atuariais e Financeiras.<o:p><\/o:p><\/span><\/p>\n<p class=\"MsoNormal\"><b><span style=\"font-size:10.0pt;mso-fareast-font-family:\n&quot;Times New Roman&quot;;mso-bidi-font-family:Tahoma;mso-fareast-language:PT-BR\"><o:p>&nbsp;<\/o:p><\/span><\/b><\/p>\n<p class=\"MsoNormal\"><b><span style=\"font-size:10.0pt;mso-fareast-font-family:\n&quot;Times New Roman&quot;;mso-bidi-font-family:Tahoma;mso-fareast-language:PT-BR\">Gabarito:<br \/>\nB.<o:p><\/o:p><\/span><\/b><\/p>\n<p class=\"MsoNormal\"><b><span style=\"font-size:10.0pt;mso-fareast-font-family:\n&quot;Times New Roman&quot;;mso-bidi-font-family:Tahoma;mso-fareast-language:PT-BR\"><o:p>&nbsp;<\/o:p><\/span><\/b><\/p>\n<p class=\"MsoNormal\"><b><span style=\"font-size:10.0pt;mso-fareast-font-family:\n&quot;Times New Roman&quot;;mso-bidi-font-family:Tahoma;color:red;mso-fareast-language:\nPT-BR\">Amigos, para aqueles que pretendem fazer uma prepara\u00e7\u00e3o s\u00f3lida, objetiva<br \/>\ne atualizada em contabilidade, estamos (eu e Luciano Rosa) oferecendo os<br \/>\nseguintes cursos:<o:p><\/o:p><\/span><\/b><\/p>\n<p class=\"MsoNormal\"><b><span style=\"font-size:10.0pt;mso-fareast-font-family:\n&quot;Times New Roman&quot;;mso-bidi-font-family:Tahoma;mso-fareast-language:PT-BR\"><o:p>&nbsp;<\/o:p><\/span><\/b><\/p>\n<p class=\"MsoNormal\"><b><span style=\"font-size:10.0pt;mso-fareast-font-family:\n&quot;Times New Roman&quot;;mso-bidi-font-family:Tahoma;mso-fareast-language:PT-BR\">&#8211;<br \/>\nContabilidade para o ICMS RJ:<o:p><\/o:p><\/span><\/b><\/p>\n<p class=\"MsoNormal\"><b><span style=\"font-size:10.0pt;mso-fareast-font-family:\n&quot;Times New Roman&quot;;mso-bidi-font-family:Tahoma;mso-fareast-language:PT-BR\"><o:p>&nbsp;<\/o:p><\/span><\/b><\/p>\n<p class=\"MsoNormal\"><span style=\"font-size:10.0pt;mso-bidi-font-size:11.0pt\"><a href=\"http:\/\/www.estrategiaconcursos.com.br\/curso\/2130\/contabilidade-geral-e-avancada-p-icmsrj\">http:\/\/www.estrategiaconcursos.com.br\/curso\/2130\/contabilidade-geral-e-avancada-p-icmsrj<\/a><\/span><b><span style=\"font-size:10.0pt;mso-fareast-font-family:&quot;Times New Roman&quot;;mso-bidi-font-family:\nTahoma;mso-fareast-language:PT-BR\"><o:p><\/o:p><\/span><\/b><\/p>\n<p class=\"MsoNormal\"><b><span style=\"font-size:10.0pt;mso-fareast-font-family:\n&quot;Times New Roman&quot;;mso-bidi-font-family:Tahoma;mso-fareast-language:PT-BR\"><o:p>&nbsp;<\/o:p><\/span><\/b><\/p>\n<p class=\"MsoNormal\"><b><span style=\"font-size:10.0pt;mso-fareast-font-family:\n&quot;Times New Roman&quot;;mso-bidi-font-family:Tahoma;mso-fareast-language:PT-BR\">&#8211;<br \/>\nAn\u00e1lise das demonstra\u00e7\u00f5es cont\u00e1beis para o TCU:<o:p><\/o:p><\/span><\/b><\/p>\n<p class=\"MsoNormal\"><b><span style=\"font-size:10.0pt;mso-fareast-font-family:\n&quot;Times New Roman&quot;;mso-bidi-font-family:Tahoma;mso-fareast-language:PT-BR\"><o:p>&nbsp;<\/o:p><\/span><\/b><\/p>\n<p class=\"MsoNormal\"><span style=\"font-size:10.0pt;mso-bidi-font-size:11.0pt\"><a href=\"http:\/\/www.estrategiaconcursos.com.br\/curso\/1990\/analise-de-demonstracoes-contabeis-de-empresas-p-tcu\">http:\/\/www.estrategiaconcursos.com.br\/curso\/1990\/analise-de-demonstracoes-contabeis-de-empresas-p-tcu<\/a><o:p><\/o:p><\/span><\/p>\n<p class=\"MsoNormal\"><span style=\"font-size:10.0pt;mso-bidi-font-size:11.0pt\"><o:p>&nbsp;<\/o:p><\/span><\/p>\n<p class=\"MsoNormal\"><b><span style=\"font-size:10.0pt;mso-bidi-font-size:11.0pt\">&#8211; Contabilidade geral para<br \/>\nAuditor Fiscal da Receita Federal:<o:p><\/o:p><\/span><\/b><\/p>\n<p class=\"MsoNormal\"><b><span style=\"font-size:10.0pt;mso-bidi-font-size:11.0pt\"><o:p>&nbsp;<\/o:p><\/span><\/b><\/p>\n<p class=\"MsoNormal\"><span style=\"font-size:10.0pt;mso-bidi-font-size:11.0pt\"><a href=\"http:\/\/www.estrategiaconcursos.com.br\/curso\/1434\/contabilidade-geral-e-avancada-p-afrfb-2013\">http:\/\/www.estrategiaconcursos.com.br\/curso\/1434\/contabilidade-geral-e-avancada-p-afrfb-2013<\/a><\/span><b><span style=\"font-size:6.0pt;mso-bidi-font-size:\n10.0pt;mso-fareast-font-family:&quot;Times New Roman&quot;;mso-bidi-font-family:Tahoma;\nmso-fareast-language:PT-BR\"><o:p><\/o:p><\/span><\/b><\/p>\n<p class=\"MsoNormal\"><span style=\"font-size:10.0pt\"><o:p>&nbsp;<\/o:p><\/span><\/p>\n<p class=\"MsoNormal\"><b><span style=\"font-size:10.0pt\">&#8211; Contabilidade geral para Especialista ANS:<o:p><\/o:p><\/span><\/b><\/p>\n<p class=\"MsoNormal\"><b><span style=\"font-size:10.0pt\"><o:p>&nbsp;<\/o:p><\/span><\/b><\/p>\n<p class=\"MsoNormal\"><span style=\"font-size:10.0pt;mso-bidi-font-size:11.0pt\"><a href=\"http:\/\/www.estrategiaconcursos.com.br\/curso\/2031\/contabilidade-geral-p-ans-especialista\">http:\/\/www.estrategiaconcursos.com.br\/curso\/2031\/contabilidade-geral-p-ans-especialista<\/a><o:p><\/o:p><\/span><\/p>\n<p class=\"MsoNormal\"><span style=\"font-size:10.0pt;mso-bidi-font-size:11.0pt\"><o:p>&nbsp;<\/o:p><\/span><\/p>\n<p class=\"MsoNormal\"><span style=\"font-size:10.0pt;mso-bidi-font-size:11.0pt\">&#8211; <b>Contabilidade geral para APOFP\/SP:<o:p><\/o:p><\/b><\/span><\/p>\n<p class=\"MsoNormal\"><span style=\"font-size:10.0pt;mso-bidi-font-size:11.0pt\"><o:p>&nbsp;<\/o:p><\/span><\/p>\n<p class=\"MsoNormal\"><span style=\"font-size:10.0pt;mso-bidi-font-size:11.0pt\"><a href=\"http:\/\/www.estrategiaconcursos.com.br\/curso\/2030\/contabilidade-geral-p-apofp\">http:\/\/www.estrategiaconcursos.com.br\/curso\/2030\/contabilidade-geral-p-apofp<\/a><o:p><\/o:p><\/span><\/p>\n<p class=\"MsoNormal\"><span style=\"font-size:10.0pt;mso-bidi-font-size:11.0pt\"><o:p>&nbsp;<\/o:p><\/span><\/p>\n<p class=\"MsoNormal\"><span style=\"font-size:10.0pt;mso-bidi-font-size:11.0pt\">&#8211; <b>Contabilidade geral para ATRFB:<o:p><\/o:p><\/b><\/span><\/p>\n<p class=\"MsoNormal\"><span style=\"font-size:10.0pt;mso-bidi-font-size:11.0pt\"><o:p>&nbsp;<\/o:p><\/span><\/p>\n<p class=\"MsoNormal\"><span class=\"MsoHyperlink\"><span style=\"font-size:10.0pt;\nmso-bidi-font-size:11.0pt\"><a href=\"http:\/\/www.estrategiaconcursos.com.br\/curso\/1992\/contabilidade-geral-p-atrfb-teoria-e-exercicios-2013\">http:\/\/www.estrategiaconcursos.com.br\/curso\/1992\/contabilidade-geral-p-atrfb-teoria-e-exercicios-2013<\/a><o:p><\/o:p><\/span><\/span><\/p>\n<p class=\"MsoNormal\"><span class=\"MsoHyperlink\"><span style=\"font-size:10.0pt;\nmso-bidi-font-size:11.0pt\"><o:p>&nbsp;<\/o:p><\/span><\/span><\/p>\n<p class=\"MsoNormal\"><span class=\"MsoHyperlink\"><b><span style=\"font-size: 10pt; color: red;\">Al\u00e9m de contabilidade, ministro<br \/>\ntamb\u00e9m a disciplina de direito empresarial, lecionando aqui no Estrat\u00e9gia os<br \/>\nseguintes cursos:<o:p><\/o:p><\/span><\/b><\/span><\/p>\n<p class=\"MsoNormal\"><span class=\"MsoHyperlink\"><span style=\"font-size: 10pt;\"><o:p>&nbsp;<\/o:p><\/span><\/span><\/p>\n<p class=\"MsoNormal\"><span class=\"MsoHyperlink\"><span style=\"font-size: 10pt; color: windowtext;\">&#8211; <b>Direito empresarial para RFB e<br \/>\nAFT: <o:p><\/o:p><\/b><\/span><\/span><\/p>\n<p class=\"MsoNormal\"><span class=\"MsoHyperlink\"><b><span style=\"font-size: 10pt;\"><o:p>&nbsp;<\/o:p><\/span><\/b><\/span><\/p>\n<p class=\"MsoNormal\" align=\"left\"><span class=\"MsoHyperlink\"><span style=\"font-size:10.0pt;mso-bidi-font-size:11.0pt\"><a href=\"http:\/\/www.estrategiaconcursos.com.br\/curso\/1436\/direito-empresarial-p-afrfb-e-aft-2013\">http:\/\/www.estrategiaconcursos.com.br\/curso\/1436\/direito-empresarial-p-afrfb-e-aft-2013<\/a><o:p><\/o:p><\/span><\/span><\/p>\n<p class=\"MsoNormal\" align=\"left\"><span class=\"MsoHyperlink\"><span style=\"font-size:10.0pt;mso-bidi-font-size:11.0pt\"><o:p>&nbsp;<\/o:p><\/span><\/span><\/p>\n<p class=\"MsoNormal\" align=\"left\"><span class=\"MsoHyperlink\"><span style=\"font-size: 10pt;\">&#8211; <\/span><\/span><span class=\"MsoHyperlink\"><b><span style=\"font-size: 10pt; color: windowtext;\">Direito<br \/>\nempresarial para ICMS RJ:<\/span><\/b><\/span><span class=\"MsoHyperlink\"><span style=\"font-size: 10pt;\"><o:p><\/o:p><\/span><\/span><\/p>\n<p class=\"MsoNormal\" align=\"left\"><span class=\"MsoHyperlink\"><span style=\"font-size: 10pt;\"><o:p>&nbsp;<\/o:p><\/span><\/span><\/p>\n<p class=\"MsoNormal\" align=\"left\"><span style=\"font-size:\n10.0pt;mso-bidi-font-size:11.0pt\"><a href=\"http:\/\/www.estrategiaconcursos.com.br\/curso\/2131\/direito-empresarial-p-icmsrj\">http:\/\/www.estrategiaconcursos.com.br\/curso\/2131\/direito-empresarial-p-icmsrj<\/a><o:p><\/o:p><\/span><\/p>\n<p class=\"MsoNormal\" align=\"left\"><span style=\"font-size:\n10.0pt;mso-bidi-font-size:11.0pt\"><o:p>&nbsp;<\/o:p><\/span><\/p>\n<p class=\"MsoNormal\" align=\"left\"><span style=\"font-size:\n10.0pt;mso-bidi-font-size:11.0pt\">&#8211; <b>Direito<br \/>\nempresarial para Delegado de Pol\u00edcia Federal:<o:p><\/o:p><\/b><\/span><\/p>\n<p class=\"MsoNormal\" align=\"left\"><b><span style=\"font-size:10.0pt;mso-bidi-font-size:11.0pt\"><o:p>&nbsp;<\/o:p><\/span><\/b><\/p>\n<p class=\"MsoNormal\" align=\"left\"><span style=\"font-size:\n10.0pt;mso-bidi-font-size:11.0pt\"><a href=\"http:\/\/www.estrategiaconcursos.com.br\/curso\/2063\/direito-empresarial-p-policia-federal-delegado\">http:\/\/www.estrategiaconcursos.com.br\/curso\/2063\/direito-empresarial-p-policia-federal-delegado<\/a><o:p><\/o:p><\/span><\/p>\n<p class=\"MsoNormal\" align=\"left\"><span style=\"font-size:\n10.0pt;mso-bidi-font-size:11.0pt\"><o:p>&nbsp;<\/o:p><\/span><\/p>\n<p class=\"MsoNormal\"><span style=\"font-size:10.0pt;mso-bidi-font-size:11.0pt\">Prezados,<br \/>\npara aqueles que gostam de estudar por livros, eu e o professor Lucas Salvetti<br \/>\nestaremos sorteando, em alguns dias, dois exemplares, das nossas obras de 1.001<br \/>\nquest\u00f5es comentadas de auditoria ESAF e 1.001 quest\u00f5es comentadas de direito<br \/>\nempresarial FCC. Basta curtir a nossa p\u00e1gina <b>Auditoria e Contabilidade para Concursos <\/b>no facebook e ver as<br \/>\nregras para participa\u00e7\u00e3o!<o:p><\/o:p><\/span><\/p>\n<p class=\"MsoNormal\"><span style=\"font-size:10.0pt;mso-bidi-font-size:11.0pt\"><o:p>&nbsp;<\/o:p><\/span><\/p>\n<p class=\"MsoNormal\"><span style=\"font-size:10.0pt;mso-bidi-font-size:11.0pt\">\u00c9<br \/>\nisso. Desejo a todos excelentes estudos! <o:p><\/o:p><\/span><\/p>\n<p class=\"MsoNormal\"><span style=\"font-size:10.0pt;mso-bidi-font-size:11.0pt\"><o:p>&nbsp;<\/o:p><\/span><\/p>\n<p class=\"MsoNormal\"><span style=\"font-size:10.0pt;mso-bidi-font-size:11.0pt\">Abra\u00e7os.<o:p><\/o:p><\/span><\/p>\n<p class=\"MsoNormal\"><span style=\"font-size:10.0pt;mso-bidi-font-size:11.0pt\"><o:p>&nbsp;<\/o:p><\/span><\/p>\n<p class=\"MsoNormal\"><b><span lang=\"EN-US\" style=\"font-size:11.0pt;mso-ansi-language:EN-US\">Gabriel Rabelo<o:p><\/o:p><\/span><\/b><\/p>\n<p class=\"MsoNormal\"><b><span style=\"font-size:11.0pt\"><a href=\"mailto:gabrielrabelo@estrategiaconcursos.com.br\"><span lang=\"EN-US\">gabrielrabelo@estrategiaconcursos.com.br<\/span><\/a><\/span><\/b><b><span lang=\"EN-US\" style=\"font-size:11.0pt;\nmso-ansi-language:EN-US\"><o:p><\/o:p><\/span><\/b><\/p>\n<p class=\"MsoNormal\">\n<p class=\"MsoNormal\"><b><span style=\"font-size:11.0pt\"><a href=\"http:\/\/www.facebook.com\/gabriel.rabelo.391\"><span lang=\"EN-US\">http:\/\/www.facebook.com\/gabriel.rabelo.391<\/span><\/a><\/span><\/b><span class=\"MsoHyperlink\"><b><span lang=\"EN-US\" style=\"font-size: 8pt; color: windowtext;\"><o:p><\/o:p><\/span><\/b><\/span><\/p>\n","protected":false},"excerpt":{"rendered":"<p>Ol\u00e1, meus amigos. Como est\u00e3o?! &nbsp; Nos estudos das ci\u00eancias cont\u00e1beis, muito se fala em CPC. CPC pra c\u00e1, CPC pra l\u00e1.&nbsp;Mas, para estudar os Pronunciamentos Cont\u00e1beis, como pressuposto, temos de nos perguntar: afinal,&nbsp;o que \u00e9 o Comit\u00ea de Pronunciamentos Cont\u00e1beis? &nbsp; Pois bem, criado pela Resolu\u00e7\u00e3o CFC n\u00ba&nbsp;1.055\/05, o Comit\u00ea de Pronunciamentos Cont\u00e1beis tem [&hellip;]<\/p>\n","protected":false},"author":20,"featured_media":0,"comment_status":"open","ping_status":"open","sticky":false,"template":"","format":"standard","meta":{"post_tipo":"article","footnotes":""},"categories":[1],"tags":[],"tax_estado":[],"class_list":["post-10190","post","type-post","status-publish","format-standard","hentry","category-cursos-e-concursos"],"acf":[],"yoast_head":"<!-- This site is optimized with the Yoast SEO Premium plugin v27.2 (Yoast SEO v27.2) - https:\/\/yoast.com\/product\/yoast-seo-premium-wordpress\/ -->\n<title>O Comit\u00ea de Pronunciamentos Cont\u00e1beis e cursos...<\/title>\n<meta name=\"robots\" content=\"index, follow, max-snippet:-1, max-image-preview:large, max-video-preview:-1\" \/>\n<link rel=\"canonical\" href=\"https:\/\/www.estrategiaconcursos.com.br\/blog\/o-comite-de-pronunciamentos-contabeis-e-cursos-3\/\" \/>\n<meta property=\"og:locale\" content=\"pt_BR\" \/>\n<meta property=\"og:type\" content=\"article\" \/>\n<meta property=\"og:title\" content=\"O Comit\u00ea de Pronunciamentos Cont\u00e1beis e cursos...\" \/>\n<meta property=\"og:description\" content=\"Ol\u00e1, meus amigos. Como est\u00e3o?! &nbsp; Nos estudos das ci\u00eancias cont\u00e1beis, muito se fala em CPC. CPC pra c\u00e1, CPC pra l\u00e1.&nbsp;Mas, para estudar os Pronunciamentos Cont\u00e1beis, como pressuposto, temos de nos perguntar: afinal,&nbsp;o que \u00e9 o Comit\u00ea de Pronunciamentos Cont\u00e1beis? &nbsp; Pois bem, criado pela Resolu\u00e7\u00e3o CFC n\u00ba&nbsp;1.055\/05, o Comit\u00ea de Pronunciamentos Cont\u00e1beis tem [&hellip;]\" \/>\n<meta property=\"og:url\" content=\"https:\/\/www.estrategiaconcursos.com.br\/blog\/o-comite-de-pronunciamentos-contabeis-e-cursos-3\/\" \/>\n<meta property=\"og:site_name\" content=\"Estrat\u00e9gia Concursos\" \/>\n<meta property=\"article:published_time\" content=\"2013-06-04T02:54:16+00:00\" \/>\n<meta property=\"article:modified_time\" content=\"2020-04-13T18:51:55+00:00\" \/>\n<meta name=\"author\" content=\"Luciano Rosa\" \/>\n<meta name=\"twitter:card\" content=\"summary_large_image\" \/>\n<meta name=\"twitter:creator\" content=\"@EstratConcursos\" \/>\n<meta name=\"twitter:site\" content=\"@EstratConcursos\" \/>\n<meta name=\"twitter:label1\" content=\"Escrito por\" \/>\n\t<meta name=\"twitter:data1\" content=\"Luciano Rosa\" \/>\n\t<meta name=\"twitter:label2\" content=\"Est. tempo de leitura\" \/>\n\t<meta name=\"twitter:data2\" content=\"6 minutos\" \/>\n<script type=\"application\/ld+json\" class=\"yoast-schema-graph\">{\"@context\":\"https:\/\/schema.org\",\"@graph\":[{\"@type\":\"NewsArticle\",\"@id\":\"https:\/\/www.estrategiaconcursos.com.br\/blog\/o-comite-de-pronunciamentos-contabeis-e-cursos-3\/#article\",\"isPartOf\":{\"@id\":\"https:\/\/www.estrategiaconcursos.com.br\/blog\/o-comite-de-pronunciamentos-contabeis-e-cursos-3\/\"},\"author\":{\"name\":\"Luciano Rosa\",\"@id\":\"https:\/\/www.estrategiaconcursos.com.br\/blog\/#\/schema\/person\/523996854b82477bef38e2ab59b10b96\"},\"headline\":\"O Comit\u00ea de Pronunciamentos Cont\u00e1beis e cursos&#8230;\",\"datePublished\":\"2013-06-04T02:54:16+00:00\",\"dateModified\":\"2020-04-13T18:51:55+00:00\",\"mainEntityOfPage\":{\"@id\":\"https:\/\/www.estrategiaconcursos.com.br\/blog\/o-comite-de-pronunciamentos-contabeis-e-cursos-3\/\"},\"wordCount\":1250,\"commentCount\":0,\"publisher\":{\"@id\":\"https:\/\/www.estrategiaconcursos.com.br\/blog\/#organization\"},\"articleSection\":[\"Concursos P\u00fablicos\"],\"inLanguage\":\"pt-BR\",\"potentialAction\":[{\"@type\":\"CommentAction\",\"name\":\"Comment\",\"target\":[\"https:\/\/www.estrategiaconcursos.com.br\/blog\/o-comite-de-pronunciamentos-contabeis-e-cursos-3\/#respond\"]}],\"copyrightYear\":\"2013\",\"copyrightHolder\":{\"@id\":\"https:\/\/www.estrategiaconcursos.com.br\/blog\/#organization\"}},{\"@type\":\"WebPage\",\"@id\":\"https:\/\/www.estrategiaconcursos.com.br\/blog\/o-comite-de-pronunciamentos-contabeis-e-cursos-3\/\",\"url\":\"https:\/\/www.estrategiaconcursos.com.br\/blog\/o-comite-de-pronunciamentos-contabeis-e-cursos-3\/\",\"name\":\"O Comit\u00ea de Pronunciamentos Cont\u00e1beis e cursos...\",\"isPartOf\":{\"@id\":\"https:\/\/www.estrategiaconcursos.com.br\/blog\/#website\"},\"datePublished\":\"2013-06-04T02:54:16+00:00\",\"dateModified\":\"2020-04-13T18:51:55+00:00\",\"breadcrumb\":{\"@id\":\"https:\/\/www.estrategiaconcursos.com.br\/blog\/o-comite-de-pronunciamentos-contabeis-e-cursos-3\/#breadcrumb\"},\"inLanguage\":\"pt-BR\",\"potentialAction\":[{\"@type\":\"ReadAction\",\"target\":[\"https:\/\/www.estrategiaconcursos.com.br\/blog\/o-comite-de-pronunciamentos-contabeis-e-cursos-3\/\"]}]},{\"@type\":\"BreadcrumbList\",\"@id\":\"https:\/\/www.estrategiaconcursos.com.br\/blog\/o-comite-de-pronunciamentos-contabeis-e-cursos-3\/#breadcrumb\",\"itemListElement\":[{\"@type\":\"ListItem\",\"position\":1,\"name\":\"In\u00edcio\",\"item\":\"https:\/\/www.estrategiaconcursos.com.br\/blog\/\"},{\"@type\":\"ListItem\",\"position\":2,\"name\":\"O Comit\u00ea de Pronunciamentos Cont\u00e1beis e cursos&#8230;\"}]},{\"@type\":\"WebSite\",\"@id\":\"https:\/\/www.estrategiaconcursos.com.br\/blog\/#website\",\"url\":\"https:\/\/www.estrategiaconcursos.com.br\/blog\/\",\"name\":\"Estrat\u00e9gia Concursos\",\"description\":\"O blog da Estrat\u00e9gia Concursos traz not\u00edcias sobre concursos e artigos de professores oferecendo cursos para concursos (pdf + videaulas) no site.\",\"publisher\":{\"@id\":\"https:\/\/www.estrategiaconcursos.com.br\/blog\/#organization\"},\"potentialAction\":[{\"@type\":\"SearchAction\",\"target\":{\"@type\":\"EntryPoint\",\"urlTemplate\":\"https:\/\/www.estrategiaconcursos.com.br\/blog\/?s={search_term_string}\"},\"query-input\":{\"@type\":\"PropertyValueSpecification\",\"valueRequired\":true,\"valueName\":\"search_term_string\"}}],\"inLanguage\":\"pt-BR\"},{\"@type\":\"Organization\",\"@id\":\"https:\/\/www.estrategiaconcursos.com.br\/blog\/#organization\",\"name\":\"Estrat\u00e9gia Concursos\",\"url\":\"https:\/\/www.estrategiaconcursos.com.br\/blog\/\",\"logo\":{\"@type\":\"ImageObject\",\"inLanguage\":\"pt-BR\",\"@id\":\"https:\/\/www.estrategiaconcursos.com.br\/blog\/#\/schema\/logo\/image\/\",\"url\":\"https:\/\/dhg1h5j42swfq.cloudfront.net\/2025\/06\/03203428\/logo_concursos-1.jpg\",\"contentUrl\":\"https:\/\/dhg1h5j42swfq.cloudfront.net\/2025\/06\/03203428\/logo_concursos-1.jpg\",\"width\":230,\"height\":60,\"caption\":\"Estrat\u00e9gia Concursos\"},\"image\":{\"@id\":\"https:\/\/www.estrategiaconcursos.com.br\/blog\/#\/schema\/logo\/image\/\"},\"sameAs\":[\"https:\/\/x.com\/EstratConcursos\"]},{\"@type\":\"Person\",\"@id\":\"https:\/\/www.estrategiaconcursos.com.br\/blog\/#\/schema\/person\/523996854b82477bef38e2ab59b10b96\",\"name\":\"Luciano Rosa\",\"image\":{\"@type\":\"ImageObject\",\"inLanguage\":\"pt-BR\",\"@id\":\"https:\/\/secure.gravatar.com\/avatar\/83a121de5c60d4c6fd842714d97bf0c8077c4e40935f2d96950c4a5859cf82c4?s=96&d=mm&r=g\",\"url\":\"https:\/\/secure.gravatar.com\/avatar\/83a121de5c60d4c6fd842714d97bf0c8077c4e40935f2d96950c4a5859cf82c4?s=96&d=mm&r=g\",\"contentUrl\":\"https:\/\/secure.gravatar.com\/avatar\/83a121de5c60d4c6fd842714d97bf0c8077c4e40935f2d96950c4a5859cf82c4?s=96&d=mm&r=g\",\"caption\":\"Luciano Rosa\"},\"url\":\"https:\/\/www.estrategiaconcursos.com.br\/blog\/author\/lucianorosaestrategiaconcursos-com-br\/\"}]}<\/script>\n<!-- \/ Yoast SEO Premium plugin. -->","yoast_head_json":{"title":"O Comit\u00ea de Pronunciamentos Cont\u00e1beis e cursos...","robots":{"index":"index","follow":"follow","max-snippet":"max-snippet:-1","max-image-preview":"max-image-preview:large","max-video-preview":"max-video-preview:-1"},"canonical":"https:\/\/www.estrategiaconcursos.com.br\/blog\/o-comite-de-pronunciamentos-contabeis-e-cursos-3\/","og_locale":"pt_BR","og_type":"article","og_title":"O Comit\u00ea de Pronunciamentos Cont\u00e1beis e cursos...","og_description":"Ol\u00e1, meus amigos. Como est\u00e3o?! &nbsp; Nos estudos das ci\u00eancias cont\u00e1beis, muito se fala em CPC. CPC pra c\u00e1, CPC pra l\u00e1.&nbsp;Mas, para estudar os Pronunciamentos Cont\u00e1beis, como pressuposto, temos de nos perguntar: afinal,&nbsp;o que \u00e9 o Comit\u00ea de Pronunciamentos Cont\u00e1beis? &nbsp; Pois bem, criado pela Resolu\u00e7\u00e3o CFC n\u00ba&nbsp;1.055\/05, o Comit\u00ea de Pronunciamentos Cont\u00e1beis tem [&hellip;]","og_url":"https:\/\/www.estrategiaconcursos.com.br\/blog\/o-comite-de-pronunciamentos-contabeis-e-cursos-3\/","og_site_name":"Estrat\u00e9gia Concursos","article_published_time":"2013-06-04T02:54:16+00:00","article_modified_time":"2020-04-13T18:51:55+00:00","author":"Luciano Rosa","twitter_card":"summary_large_image","twitter_creator":"@EstratConcursos","twitter_site":"@EstratConcursos","twitter_misc":{"Escrito por":"Luciano Rosa","Est. tempo de leitura":"6 minutos"},"schema":{"@context":"https:\/\/schema.org","@graph":[{"@type":"NewsArticle","@id":"https:\/\/www.estrategiaconcursos.com.br\/blog\/o-comite-de-pronunciamentos-contabeis-e-cursos-3\/#article","isPartOf":{"@id":"https:\/\/www.estrategiaconcursos.com.br\/blog\/o-comite-de-pronunciamentos-contabeis-e-cursos-3\/"},"author":{"name":"Luciano Rosa","@id":"https:\/\/www.estrategiaconcursos.com.br\/blog\/#\/schema\/person\/523996854b82477bef38e2ab59b10b96"},"headline":"O Comit\u00ea de Pronunciamentos Cont\u00e1beis e cursos&#8230;","datePublished":"2013-06-04T02:54:16+00:00","dateModified":"2020-04-13T18:51:55+00:00","mainEntityOfPage":{"@id":"https:\/\/www.estrategiaconcursos.com.br\/blog\/o-comite-de-pronunciamentos-contabeis-e-cursos-3\/"},"wordCount":1250,"commentCount":0,"publisher":{"@id":"https:\/\/www.estrategiaconcursos.com.br\/blog\/#organization"},"articleSection":["Concursos P\u00fablicos"],"inLanguage":"pt-BR","potentialAction":[{"@type":"CommentAction","name":"Comment","target":["https:\/\/www.estrategiaconcursos.com.br\/blog\/o-comite-de-pronunciamentos-contabeis-e-cursos-3\/#respond"]}],"copyrightYear":"2013","copyrightHolder":{"@id":"https:\/\/www.estrategiaconcursos.com.br\/blog\/#organization"}},{"@type":"WebPage","@id":"https:\/\/www.estrategiaconcursos.com.br\/blog\/o-comite-de-pronunciamentos-contabeis-e-cursos-3\/","url":"https:\/\/www.estrategiaconcursos.com.br\/blog\/o-comite-de-pronunciamentos-contabeis-e-cursos-3\/","name":"O Comit\u00ea de Pronunciamentos Cont\u00e1beis e cursos...","isPartOf":{"@id":"https:\/\/www.estrategiaconcursos.com.br\/blog\/#website"},"datePublished":"2013-06-04T02:54:16+00:00","dateModified":"2020-04-13T18:51:55+00:00","breadcrumb":{"@id":"https:\/\/www.estrategiaconcursos.com.br\/blog\/o-comite-de-pronunciamentos-contabeis-e-cursos-3\/#breadcrumb"},"inLanguage":"pt-BR","potentialAction":[{"@type":"ReadAction","target":["https:\/\/www.estrategiaconcursos.com.br\/blog\/o-comite-de-pronunciamentos-contabeis-e-cursos-3\/"]}]},{"@type":"BreadcrumbList","@id":"https:\/\/www.estrategiaconcursos.com.br\/blog\/o-comite-de-pronunciamentos-contabeis-e-cursos-3\/#breadcrumb","itemListElement":[{"@type":"ListItem","position":1,"name":"In\u00edcio","item":"https:\/\/www.estrategiaconcursos.com.br\/blog\/"},{"@type":"ListItem","position":2,"name":"O Comit\u00ea de Pronunciamentos Cont\u00e1beis e cursos&#8230;"}]},{"@type":"WebSite","@id":"https:\/\/www.estrategiaconcursos.com.br\/blog\/#website","url":"https:\/\/www.estrategiaconcursos.com.br\/blog\/","name":"Estrat\u00e9gia Concursos","description":"O blog da Estrat\u00e9gia Concursos traz not\u00edcias sobre concursos e artigos de professores oferecendo cursos para concursos (pdf + videaulas) no site.","publisher":{"@id":"https:\/\/www.estrategiaconcursos.com.br\/blog\/#organization"},"potentialAction":[{"@type":"SearchAction","target":{"@type":"EntryPoint","urlTemplate":"https:\/\/www.estrategiaconcursos.com.br\/blog\/?s={search_term_string}"},"query-input":{"@type":"PropertyValueSpecification","valueRequired":true,"valueName":"search_term_string"}}],"inLanguage":"pt-BR"},{"@type":"Organization","@id":"https:\/\/www.estrategiaconcursos.com.br\/blog\/#organization","name":"Estrat\u00e9gia Concursos","url":"https:\/\/www.estrategiaconcursos.com.br\/blog\/","logo":{"@type":"ImageObject","inLanguage":"pt-BR","@id":"https:\/\/www.estrategiaconcursos.com.br\/blog\/#\/schema\/logo\/image\/","url":"https:\/\/dhg1h5j42swfq.cloudfront.net\/2025\/06\/03203428\/logo_concursos-1.jpg","contentUrl":"https:\/\/dhg1h5j42swfq.cloudfront.net\/2025\/06\/03203428\/logo_concursos-1.jpg","width":230,"height":60,"caption":"Estrat\u00e9gia Concursos"},"image":{"@id":"https:\/\/www.estrategiaconcursos.com.br\/blog\/#\/schema\/logo\/image\/"},"sameAs":["https:\/\/x.com\/EstratConcursos"]},{"@type":"Person","@id":"https:\/\/www.estrategiaconcursos.com.br\/blog\/#\/schema\/person\/523996854b82477bef38e2ab59b10b96","name":"Luciano Rosa","image":{"@type":"ImageObject","inLanguage":"pt-BR","@id":"https:\/\/secure.gravatar.com\/avatar\/83a121de5c60d4c6fd842714d97bf0c8077c4e40935f2d96950c4a5859cf82c4?s=96&d=mm&r=g","url":"https:\/\/secure.gravatar.com\/avatar\/83a121de5c60d4c6fd842714d97bf0c8077c4e40935f2d96950c4a5859cf82c4?s=96&d=mm&r=g","contentUrl":"https:\/\/secure.gravatar.com\/avatar\/83a121de5c60d4c6fd842714d97bf0c8077c4e40935f2d96950c4a5859cf82c4?s=96&d=mm&r=g","caption":"Luciano Rosa"},"url":"https:\/\/www.estrategiaconcursos.com.br\/blog\/author\/lucianorosaestrategiaconcursos-com-br\/"}]}},"_links":{"self":[{"href":"https:\/\/www.estrategiaconcursos.com.br\/blog\/wp-json\/wp\/v2\/posts\/10190","targetHints":{"allow":["GET"]}}],"collection":[{"href":"https:\/\/www.estrategiaconcursos.com.br\/blog\/wp-json\/wp\/v2\/posts"}],"about":[{"href":"https:\/\/www.estrategiaconcursos.com.br\/blog\/wp-json\/wp\/v2\/types\/post"}],"author":[{"embeddable":true,"href":"https:\/\/www.estrategiaconcursos.com.br\/blog\/wp-json\/wp\/v2\/users\/20"}],"replies":[{"embeddable":true,"href":"https:\/\/www.estrategiaconcursos.com.br\/blog\/wp-json\/wp\/v2\/comments?post=10190"}],"version-history":[{"count":1,"href":"https:\/\/www.estrategiaconcursos.com.br\/blog\/wp-json\/wp\/v2\/posts\/10190\/revisions"}],"predecessor-version":[{"id":503190,"href":"https:\/\/www.estrategiaconcursos.com.br\/blog\/wp-json\/wp\/v2\/posts\/10190\/revisions\/503190"}],"wp:attachment":[{"href":"https:\/\/www.estrategiaconcursos.com.br\/blog\/wp-json\/wp\/v2\/media?parent=10190"}],"wp:term":[{"taxonomy":"category","embeddable":true,"href":"https:\/\/www.estrategiaconcursos.com.br\/blog\/wp-json\/wp\/v2\/categories?post=10190"},{"taxonomy":"post_tag","embeddable":true,"href":"https:\/\/www.estrategiaconcursos.com.br\/blog\/wp-json\/wp\/v2\/tags?post=10190"},{"taxonomy":"tax_estado","embeddable":true,"href":"https:\/\/www.estrategiaconcursos.com.br\/blog\/wp-json\/wp\/v2\/tax_estado?post=10190"}],"curies":[{"name":"wp","href":"https:\/\/api.w.org\/{rel}","templated":true}]}}