{"id":10189,"date":"2013-06-03T16:50:35","date_gmt":"2013-06-03T16:50:35","guid":{"rendered":"https:\/\/www.estrategiaconcursos.com.br\/blog\/resumo-direito-do-trabalho-trt-sc-e-go-2013-parte-1\/"},"modified":"2017-06-27T10:16:12","modified_gmt":"2017-06-27T13:16:12","slug":"resumo-direito-do-trabalho-trt-sc-e-go-2013-parte-1","status":"publish","type":"post","link":"https:\/\/www.estrategiaconcursos.com.br\/blog\/resumo-direito-do-trabalho-trt-sc-e-go-2013-parte-1\/","title":{"rendered":"Resumo Direito do Trabalho para TRT SC"},"content":{"rendered":"<p class=\"MsoNormal\" style=\"margin-top:6.0pt;margin-right:0cm;margin-bottom:6.0pt;\nmargin-left:0cm;text-align:justify;line-height:150%\"><br \/>\n\t<b><span style=\"font-size:12.0pt;line-height:150%;font-family:&quot;Times New Roman&quot;,&quot;serif&quot;\">DIREITO<br \/>\n\tINDIVIDUAL DO TRABALHO<o:p><\/o:p><\/span><\/b>\n<\/p>\n<p class=\"MsoListParagraphCxSpFirst\" style=\"margin-top:6.0pt;margin-right:0cm;\nmargin-bottom:6.0pt;margin-left:36.0pt;mso-add-space:auto;text-align:justify;\ntext-indent:-18.0pt;line-height:150%;mso-list:l0 level1 lfo1\"><br \/>\n\t<!--[if !supportLists]--><b><span style=\"font-size:12.0pt;line-height:\n150%;font-family:&quot;Times New Roman&quot;,&quot;serif&quot;;mso-fareast-font-family:&quot;Times New Roman&quot;\">1.<span style=\"font-weight: normal; font-size: 7pt; line-height: normal; font-family: 'Times New Roman';\">&nbsp;&nbsp;&nbsp;&nbsp;&nbsp;<\/span><\/span><\/b><br \/>\n\t<!--[endif]--><b><span style=\"font-size:12.0pt;line-height:150%;font-family:&quot;Times New Roman&quot;,&quot;serif&quot;\">Conceito,<br \/>\n\tnatureza jur&iacute;dica, fontes, origem e desenvolvimento hist&oacute;rico;<o:p><\/o:p><\/span><\/b>\n<\/p>\n<p class=\"MsoListParagraphCxSpMiddle\" style=\"margin-top:6.0pt;margin-right:0cm;\nmargin-bottom:6.0pt;margin-left:36.0pt;mso-add-space:auto;text-align:justify;\ntext-indent:-18.0pt;line-height:150%;mso-list:l0 level2 lfo1\"><br \/>\n\t<!--[if !supportLists]--><b><span style=\"font-size:12.0pt;line-height:\n150%;font-family:&quot;Times New Roman&quot;,&quot;serif&quot;;mso-fareast-font-family:&quot;Times New Roman&quot;\">1.1.<\/span><\/b><!--[endif]--><b><span style=\"font-size:12.0pt;line-height:150%;font-family:&quot;Times New Roman&quot;,&quot;serif&quot;\">Conceito<br \/>\n\tde Direito do Trabalho;<o:p><\/o:p><\/span><\/b>\n<\/p>\n<p class=\"MsoListParagraphCxSpMiddle\" style=\"margin-top:6.0pt;margin-right:0cm;\nmargin-bottom:6.0pt;margin-left:0cm;mso-add-space:auto;text-align:justify;\nline-height:150%\"><br \/>\n\t<span style=\"font-size:12.0pt;line-height:150%;font-family:\n&quot;Times New Roman&quot;,&quot;serif&quot;\">&nbsp;<\/span>\n<\/p>\n<p class=\"MsoListParagraphCxSpMiddle\" style=\"margin-top:6.0pt;margin-right:0cm;\nmargin-bottom:6.0pt;margin-left:0cm;mso-add-space:auto;text-align:justify;\nline-height:150%\"><br \/>\n\t<span style=\"font-size:12.0pt;line-height:150%;font-family:\n&quot;Times New Roman&quot;,&quot;serif&quot;\">O direito do trabalho, como ramo especializado que<br \/>\n\t&eacute;, foi pensado e desenvolvido para regulamentar uma importante rela&ccedil;&atilde;o jur&iacute;dica<br \/>\n\thavida em sociedade: a rela&ccedil;&atilde;o empregat&iacute;cia, em que temos de um lado o<br \/>\n\tempregado e de outro o empregador. Tais figuras encontram-se em situa&ccedil;&otilde;es<br \/>\n\ttotalmente distintas na referida rela&ccedil;&atilde;o, pois o primeiro &eacute; considerado<br \/>\n\thipossuficiente se comparado ao segundo. A desigualdade verificada entre ambos<br \/>\n\tfez com que o Estado passasse a prever regras protetivas para o empregado,<br \/>\n\treflexo da isonomia em seu plano material que prev&ecirc; tratamento desigual para os<br \/>\n\tdesiguais, na medida de suas desigualdades.<o:p><\/o:p><\/span>\n<\/p>\n<p class=\"MsoListParagraphCxSpMiddle\" style=\"margin-top:6.0pt;margin-right:0cm;\nmargin-bottom:6.0pt;margin-left:0cm;mso-add-space:auto;text-align:justify;\nline-height:150%\"><br \/>\n\t<span style=\"font-size:12.0pt;line-height:150%;font-family:\n&quot;Times New Roman&quot;,&quot;serif&quot;\">O complexo de normas de direito do trabalho<br \/>\n\tbaseia-se na id&eacute;ia de <i>prote&ccedil;&atilde;o do<br \/>\n\tempregado,<\/i> o que ser&aacute; verificado a cada cap&iacute;tulo do presente trabalho, pois<br \/>\n\tos institutos foram integralmente pensados para se conferir uma determinada<br \/>\n\tigualdade aos integrantes da rela&ccedil;&atilde;o jur&iacute;dica trabalhista.<o:p><\/o:p><\/span>\n<\/p>\n<p class=\"MsoListParagraphCxSpMiddle\" style=\"margin-top:6.0pt;margin-right:0cm;\nmargin-bottom:6.0pt;margin-left:0cm;mso-add-space:auto;text-align:justify;\nline-height:150%\"><br \/>\n\t<span style=\"font-size:12.0pt;line-height:150%;font-family:\n&quot;Times New Roman&quot;,&quot;serif&quot;\">Antes de adentrar-se ao estudo dos princ&iacute;pios e<br \/>\n\tnormas do ramo especializado, deve-se conceituar o direito do trabalho.<o:p><\/o:p><\/span>\n<\/p>\n<p class=\"MsoListParagraphCxSpMiddle\" style=\"margin-top:6.0pt;margin-right:0cm;\nmargin-bottom:6.0pt;margin-left:0cm;mso-add-space:auto;text-align:justify;\nline-height:150%\"><br \/>\n\t<span style=\"font-size:12.0pt;line-height:150%;font-family:\n&quot;Times New Roman&quot;,&quot;serif&quot;\">O ramo do direito em estudo pode ser conceituado sob<br \/>\n\ttr&ecirc;s enfoques: subjetivista, objetivista e misto.<o:p><\/o:p><\/span>\n<\/p>\n<p class=\"MsoListParagraphCxSpMiddle\" style=\"margin-top:6.0pt;margin-right:0cm;\nmargin-bottom:6.0pt;margin-left:36.0pt;mso-add-space:auto;text-align:justify;\ntext-indent:-18.0pt;line-height:150%;mso-list:l1 level1 lfo2\"><br \/>\n\t<!--[if !supportLists]--><span style=\"font-size:12.0pt;line-height:150%;font-family:Symbol;mso-fareast-font-family:\nSymbol;mso-bidi-font-family:Symbol\">&middot;<span style=\"font-size: 7pt; line-height: normal; font-family: 'Times New Roman';\">&nbsp;&nbsp;&nbsp;&nbsp;&nbsp;&nbsp;&nbsp;&nbsp;<\/span><\/span><br \/>\n\t<!--[endif]--><b><u><span style=\"font-size:12.0pt;line-height:150%;font-family:&quot;Times New Roman&quot;,&quot;serif&quot;\">Subjetivista:<\/span><\/u><\/b><br \/>\n\t<span style=\"font-size:12.0pt;line-height:150%;font-family:&quot;Times New Roman&quot;,&quot;serif&quot;\">O primeiro leva em considera&ccedil;&atilde;o os sujeitos da rela&ccedil;&atilde;o de emprego, ou seja,<br \/>\n\tempregado e empregador. Para tal corrente, o direito do trabalho seria, em<br \/>\n\tverdade, o direito do trabalhador, ou seja, daquele que mant&eacute;m com outro uma<br \/>\n\trela&ccedil;&atilde;o de emprego. Por&eacute;m, o direito do trabalho n&atilde;o serve para analisar apenas<br \/>\n\ta rela&ccedil;&atilde;o de emprego, e sim, outras figuras jur&iacute;dicas, como o avulso, que n&atilde;o &eacute;<br \/>\n\tempregado, contudo, possui direitos regulados pelo ramo do direito em destaque.<br \/>\n\tEm suma, mostra-se reducionista a presente corrente.<o:p><\/o:p><\/span>\n<\/p>\n<p class=\"MsoListParagraphCxSpMiddle\" style=\"margin-top:6.0pt;margin-right:0cm;\nmargin-bottom:6.0pt;margin-left:36.0pt;mso-add-space:auto;text-align:justify;\ntext-indent:-18.0pt;line-height:150%;mso-list:l1 level1 lfo2\"><br \/>\n\t<!--[if !supportLists]--><span style=\"font-size:12.0pt;line-height:150%;font-family:Symbol;mso-fareast-font-family:\nSymbol;mso-bidi-font-family:Symbol\">&middot;<span style=\"font-size: 7pt; line-height: normal; font-family: 'Times New Roman';\">&nbsp;&nbsp;&nbsp;&nbsp;&nbsp;&nbsp;&nbsp;&nbsp;<\/span><\/span><br \/>\n\t<!--[endif]--><b><u><span style=\"font-size:12.0pt;line-height:150%;font-family:&quot;Times New Roman&quot;,&quot;serif&quot;\">Objetivista:<\/span><\/u><\/b><b><span style=\"font-size:12.0pt;line-height:\n150%;font-family:&quot;Times New Roman&quot;,&quot;serif&quot;\"> <\/span><\/b><span style=\"font-size:\n12.0pt;line-height:150%;font-family:&quot;Times New Roman&quot;,&quot;serif&quot;\">Tal corrente<br \/>\n\tdefine o direito do trabalho tendo por base a rela&ccedil;&atilde;o de emprego, ou seja, o<br \/>\n\tv&iacute;nculo existente entre empregado e empregador. As defini&ccedil;&otilde;es objetivistas s&atilde;o<br \/>\n\tconsideradas mais t&eacute;cnicas que as subjetivistas, contudo, tamb&eacute;m n&atilde;o s&atilde;o<br \/>\n\tideais, pois n&atilde;o consideram os outros v&iacute;nculos jur&iacute;dicos que podem surgir entre<br \/>\n\tas pessoas diferentes do v&iacute;nculo de emprego. Novamente o avulso &eacute; um &oacute;timo<br \/>\n\texemplo, pois n&atilde;o h&aacute; rela&ccedil;&atilde;o de emprego, mas seu estudo interesse e faz parte<br \/>\n\tdo direito do trabalho. <b><u><o:p><\/o:p><\/u><\/b><\/span>\n<\/p>\n<p class=\"MsoListParagraphCxSpMiddle\" style=\"margin-top:6.0pt;margin-right:0cm;\nmargin-bottom:6.0pt;margin-left:36.0pt;mso-add-space:auto;text-align:justify;\ntext-indent:-18.0pt;line-height:150%;mso-list:l1 level1 lfo2\"><br \/>\n\t<!--[if !supportLists]--><span style=\"font-size:12.0pt;line-height:150%;font-family:Symbol;mso-fareast-font-family:\nSymbol;mso-bidi-font-family:Symbol\">&middot;<span style=\"font-size: 7pt; line-height: normal; font-family: 'Times New Roman';\">&nbsp;&nbsp;&nbsp;&nbsp;&nbsp;&nbsp;&nbsp;&nbsp;<\/span><\/span><br \/>\n\t<!--[endif]--><b><u><span style=\"font-size:12.0pt;line-height:150%;font-family:&quot;Times New Roman&quot;,&quot;serif&quot;\">Misto:<\/span><\/u><\/b><br \/>\n\t<span style=\"font-size:12.0pt;line-height:150%;font-family:&quot;Times New Roman&quot;,&quot;serif&quot;\">O<br \/>\n\tenfoque misto &eacute; considerado por MAUR&Iacute;CIO GODINHO DELGADO<a href=\"#_ftn1\" name=\"_ftnref1\" title=\"\"><span class=\"MsoFootnoteReference\"><!--[if !supportFootnotes]--><span class=\"MsoFootnoteReference\"><span style=\"font-size: 12pt; line-height: 115%;\">[1]<\/span><\/span><!--[endif]--><\/span><\/a><br \/>\n\tcomo a que melhor define o ramo do direito em an&aacute;lise. Para o autor, \u0093as<br \/>\n\tconcep&ccedil;&otilde;es mistas, desse modo, tem melhor aptid&atilde;o para o atendimento da meta<br \/>\n\tcient&iacute;fica estabelecida para uma defini&ccedil;&atilde;o (&#8230;)\u0094. Ao mesclar as teoria<br \/>\n\tsubjetiva e objetiva, a teoria mista consegue definir o direito do trabalho<br \/>\n\tatrav&eacute;s da an&aacute;lise da rela&ccedil;&atilde;o empregat&iacute;cia e outras, que importam ao ramo do<br \/>\n\tdireito, bem como o v&iacute;nculo jur&iacute;dico formado tanto por empregados e<br \/>\n\tempregadores, quanto por outros agentes sociais.<b><u><o:p><\/o:p><\/u><\/b><\/span>\n<\/p>\n<p class=\"MsoListParagraphCxSpMiddle\" style=\"margin-top:6.0pt;margin-right:0cm;\nmargin-bottom:6.0pt;margin-left:18.0pt;mso-add-space:auto;text-align:justify;\nline-height:150%\"><br \/>\n\t<span style=\"font-size:12.0pt;line-height:150%;font-family:\n&quot;Times New Roman&quot;,&quot;serif&quot;\">Em s&iacute;ntese, define-se o direito do trabalho, no<br \/>\n\testeio dos ensinamentos de S&Eacute;RGIO PINTO MARTINS<a href=\"#_ftn2\" name=\"_ftnref2\" title=\"\"><span class=\"MsoFootnoteReference\"><!--[if !supportFootnotes]--><span class=\"MsoFootnoteReference\"><span style=\"font-size: 12pt; line-height: 115%;\">[2]<\/span><\/span><!--[endif]--><\/span><\/a><br \/>\n\tcomo <i>\u0093(&#8230;) o conjunto de princ&iacute;pios,<br \/>\n\tregras e institui&ccedil;&otilde;es atinentes &agrave; rela&ccedil;&atilde;o de trabalho subordinado e situa&ccedil;&otilde;es<br \/>\n\tan&aacute;logas, visando assegurar melhores condi&ccedil;&otilde;es de trabalho e sociais ao<br \/>\n\ttrabalhador, de acordo com as medidas de prote&ccedil;&atilde;o que lhe s&atilde;o destinadas\u0094.<o:p><\/o:p><\/i><\/span>\n<\/p>\n<p class=\"MsoListParagraphCxSpMiddle\" style=\"margin-top:6.0pt;margin-right:0cm;\nmargin-bottom:6.0pt;margin-left:36.0pt;mso-add-space:auto;text-align:justify;\nline-height:150%\"><br \/>\n\t<span style=\"font-size:12.0pt;line-height:150%;font-family:\n&quot;Times New Roman&quot;,&quot;serif&quot;\">&nbsp;<\/span>\n<\/p>\n<p class=\"MsoListParagraphCxSpMiddle\" style=\"margin-top:6.0pt;margin-right:0cm;\nmargin-bottom:6.0pt;margin-left:36.0pt;mso-add-space:auto;text-align:justify;\ntext-indent:-18.0pt;line-height:150%;mso-list:l0 level2 lfo1\"><br \/>\n\t<!--[if !supportLists]--><b><span style=\"font-size:12.0pt;line-height:\n150%;font-family:&quot;Times New Roman&quot;,&quot;serif&quot;;mso-fareast-font-family:&quot;Times New Roman&quot;\">1.2.<\/span><\/b><!--[endif]--><b><span style=\"font-size:12.0pt;line-height:150%;font-family:&quot;Times New Roman&quot;,&quot;serif&quot;\">Natureza<br \/>\n\tJur&iacute;dica;<o:p><\/o:p><\/span><\/b>\n<\/p>\n<p class=\"MsoListParagraphCxSpMiddle\" style=\"margin-top:6.0pt;margin-right:0cm;\nmargin-bottom:6.0pt;margin-left:0cm;mso-add-space:auto;text-align:justify;\nline-height:150%\"><br \/>\n\t<b><span style=\"font-size:12.0pt;line-height:150%;font-family:&quot;Times New Roman&quot;,&quot;serif&quot;\">&nbsp;<\/span><\/b>\n<\/p>\n<p class=\"MsoListParagraphCxSpMiddle\" style=\"margin-top:6.0pt;margin-right:0cm;\nmargin-bottom:6.0pt;margin-left:0cm;mso-add-space:auto;text-align:justify;\nline-height:150%\"><br \/>\n\t<span style=\"font-size:12.0pt;line-height:150%;font-family:\n&quot;Times New Roman&quot;,&quot;serif&quot;\">No presente t&oacute;pico, cabe a an&aacute;lise da natureza<br \/>\n\tjur&iacute;dica do direito do trabalho, ou seja, se tal ramo faz parte do direito<br \/>\n\tp&uacute;blico, direito privado ou de terceiro g&ecirc;nero.<o:p><\/o:p><\/span>\n<\/p>\n<p class=\"MsoListParagraphCxSpMiddle\" style=\"margin-top:6.0pt;margin-right:0cm;\nmargin-bottom:6.0pt;margin-left:0cm;mso-add-space:auto;text-align:justify;\nline-height:150%\"><br \/>\n\t<span style=\"font-size:12.0pt;line-height:150%;font-family:\n&quot;Times New Roman&quot;,&quot;serif&quot;\">O direito do trabalho j&aacute; foi considerado como um<br \/>\n\tramo do direito p&uacute;blico, tendo em vista a imperatividade de suas normas e pelo<br \/>\n\tinteresse p&uacute;blico na aplica&ccedil;&atilde;o de seus princ&iacute;pios. Assim como o direito<br \/>\n\tconstitucional e o administrativo, haveria grande interesse p&uacute;blico na<br \/>\n\taplica&ccedil;&atilde;o das normas de direito do trabalho, interessando diretamente ao Estado<br \/>\n\te n&atilde;o aos particulares envolvidos nas rela&ccedil;&otilde;es jur&iacute;dicas.<o:p><\/o:p><\/span>\n<\/p>\n<p class=\"MsoListParagraphCxSpMiddle\" style=\"margin-top:6.0pt;margin-right:0cm;\nmargin-bottom:6.0pt;margin-left:0cm;mso-add-space:auto;text-align:justify;\nline-height:150%\"><br \/>\n\t<span style=\"font-size:12.0pt;line-height:150%;font-family:\n&quot;Times New Roman&quot;,&quot;serif&quot;\">Afirma-se, contudo, que o <b>direito do trabalho n&atilde;o &eacute; um ramo do direito p&uacute;blico.<o:p><\/o:p><\/b><\/span>\n<\/p>\n<p class=\"MsoListParagraphCxSpMiddle\" style=\"margin-top:6.0pt;margin-right:0cm;\nmargin-bottom:6.0pt;margin-left:0cm;mso-add-space:auto;text-align:justify;\nline-height:150%\"><br \/>\n\t<span style=\"font-size:12.0pt;line-height:150%;font-family:\n&quot;Times New Roman&quot;,&quot;serif&quot;\">Muito pelo contr&aacute;rio, a melhor doutrina \u0096 por todos<br \/>\n\tvide GODINHO DELGADO \u0096 &eacute; categ&oacute;rica em afirmar que o direito do trabalho &eacute; um<br \/>\n\tramo do direito privado, assim como o direito civil e o consumidor, por trata<br \/>\n\tde rela&ccedil;&otilde;es entre particulares, e n&atilde;o com o Estado, como o faz o direito<br \/>\n\tconstitucional e o administrativo. Se a rela&ccedil;&atilde;o analisada &eacute; entre particulares,<br \/>\n\tnada mais natural do que enquadrar o ramo como de direito privado. A diferen&ccedil;a<br \/>\n\t&eacute; que o direito do trabalho, assim como o consumidor, prev&ecirc; normas mais<br \/>\n\tprotetivas dos interesses da parte mais fraca, ou seja, hipossufiente. <b>O direito do trabalho, em suma, pertence ao<br \/>\n\tdireito privado<i>, <\/i><\/b>independentemente<br \/>\n\tda maior prote&ccedil;&atilde;o conferida ao empregado, pois <i>\u0093(&#8230;) a tutela do Estado sobre rela&ccedil;&otilde;es privadas n&atilde;o &eacute; incompat&iacute;vel<br \/>\n\tcom a natureza do Direito Privado do ramo jur&iacute;dico em exame \u0096 como se percebe,<br \/>\n\tpor exemplo, pelo caso do Direito de Fam&iacute;lia\u0094<a href=\"#_ftn3\" name=\"_ftnref3\" title=\"\"><span class=\"MsoFootnoteReference\"><!--[if !supportFootnotes]--><span class=\"MsoFootnoteReference\"><b><span style=\"font-size: 12pt; line-height: 115%;\">[3]<\/span><\/b><\/span><!--[endif]--><\/span><\/a>.<\/i><o:p><\/o:p><\/span>\n<\/p>\n<p class=\"MsoListParagraphCxSpMiddle\" style=\"margin-top:6.0pt;margin-right:0cm;\nmargin-bottom:6.0pt;margin-left:0cm;mso-add-space:auto;text-align:justify;\nline-height:150%\"><br \/>\n\t<span style=\"font-size:12.0pt;line-height:150%;font-family:\n&quot;Times New Roman&quot;,&quot;serif&quot;\">Vale&nbsp; a pena<br \/>\n\ttecer coment&aacute;rios acerca de uma corrente doutrin&aacute;ria que pregava o<br \/>\n\tenquadramento do direito do trabalho num terceiro g&ecirc;nero \u0096 o direito social \u0096<br \/>\n\tque seria um meio-termo entre o direito p&uacute;blico e o privado. Tal concep&ccedil;&atilde;o n&atilde;o<br \/>\n\t&eacute; adotada pois n&atilde;o existem caracter&iacute;sticas inerentes ao direito do trabalho que<br \/>\n\to fa&ccedil;a totalmente diferente dos demais ramos do direito, de forma a que n&atilde;o<br \/>\n\thouvesse possibilidade de enquadr&aacute;-lo como de direito p&uacute;blico ou privado. N&atilde;o<br \/>\n\tse trata de ramo totalmente independente e diferente dos demais.<o:p><\/o:p><\/span>\n<\/p>\n<p class=\"MsoListParagraphCxSpMiddle\" style=\"margin-top:6.0pt;margin-right:0cm;\nmargin-bottom:6.0pt;margin-left:0cm;mso-add-space:auto;text-align:justify;\nline-height:150%\"><br \/>\n\t<span style=\"font-size:12.0pt;line-height:150%;font-family:\n&quot;Times New Roman&quot;,&quot;serif&quot;\">Em s&iacute;ntese, <b>a<br \/>\n\tnatureza jur&iacute;dica do direito do trabalho &eacute; de direito privado!<\/b><o:p><\/o:p><\/span>\n<\/p>\n<p class=\"MsoListParagraphCxSpMiddle\" style=\"margin-top:6.0pt;margin-right:0cm;\nmargin-bottom:6.0pt;margin-left:0cm;mso-add-space:auto;text-align:justify;\nline-height:150%\"><br \/>\n\t<b><span style=\"font-size:12.0pt;line-height:150%;font-family:&quot;Times New Roman&quot;,&quot;serif&quot;\">&nbsp;<\/span><\/b>\n<\/p>\n<p class=\"MsoListParagraphCxSpMiddle\" style=\"margin-top:6.0pt;margin-right:0cm;\nmargin-bottom:6.0pt;margin-left:36.0pt;mso-add-space:auto;text-align:justify;\ntext-indent:-18.0pt;line-height:150%;mso-list:l0 level2 lfo1\"><br \/>\n\t<!--[if !supportLists]--><b><span style=\"font-size:12.0pt;line-height:\n150%;font-family:&quot;Times New Roman&quot;,&quot;serif&quot;;mso-fareast-font-family:&quot;Times New Roman&quot;\">1.3.<\/span><\/b><!--[endif]--><b><span style=\"font-size:12.0pt;line-height:150%;font-family:&quot;Times New Roman&quot;,&quot;serif&quot;\">Fontes;<o:p><\/o:p><\/span><\/b>\n<\/p>\n<p class=\"MsoListParagraphCxSpMiddle\" style=\"margin-top:6.0pt;margin-right:0cm;\nmargin-bottom:6.0pt;margin-left:0cm;mso-add-space:auto;text-align:justify;\nline-height:150%\"><br \/>\n\t<b><span style=\"font-size:12.0pt;line-height:150%;font-family:&quot;Times New Roman&quot;,&quot;serif&quot;\">&nbsp;<\/span><\/b>\n<\/p>\n<p class=\"MsoListParagraphCxSpMiddle\" style=\"margin-top:6.0pt;margin-right:0cm;\nmargin-bottom:6.0pt;margin-left:0cm;mso-add-space:auto;text-align:justify;\nline-height:150%\"><br \/>\n\t<span style=\"font-size:12.0pt;line-height:150%;font-family:\n&quot;Times New Roman&quot;,&quot;serif&quot;\">O tema <i>fontes<br \/>\n\tdo direito do trabalho <\/i>vem sendo cada vez mais explorado em concursos<br \/>\n\tp&uacute;blicos, raz&atilde;o pela qual reservamos espa&ccedil;o importante na presente obra,<br \/>\n\tdestacando as principais classifica&ccedil;&otilde;es e conceitos.<o:p><\/o:p><\/span>\n<\/p>\n<p class=\"MsoListParagraphCxSpMiddle\" style=\"margin-top:6.0pt;margin-right:0cm;\nmargin-bottom:6.0pt;margin-left:0cm;mso-add-space:auto;text-align:justify;\nline-height:150%\"><br \/>\n\t<span style=\"font-size:12.0pt;line-height:150%;font-family:\n&quot;Times New Roman&quot;,&quot;serif&quot;\">Em primeiro lugar, destaca a diferen&ccedil;a entre fontes <i>materiais <\/i>e <i>formais.<\/i><o:p><\/o:p><\/span>\n<\/p>\n<p class=\"MsoListParagraphCxSpMiddle\" style=\"margin-top:6.0pt;margin-right:0cm;\nmargin-bottom:6.0pt;margin-left:36.0pt;mso-add-space:auto;text-align:justify;\ntext-indent:-18.0pt;line-height:150%;mso-list:l2 level1 lfo3\"><br \/>\n\t<!--[if !supportLists]--><span style=\"font-size:12.0pt;line-height:150%;font-family:Symbol;mso-fareast-font-family:\nSymbol;mso-bidi-font-family:Symbol\">&middot;<span style=\"font-size: 7pt; line-height: normal; font-family: 'Times New Roman';\">&nbsp;&nbsp;&nbsp;&nbsp;&nbsp;&nbsp;&nbsp;&nbsp;<\/span><\/span><br \/>\n\t<!--[endif]--><b><span style=\"font-size:12.0pt;line-height:150%;font-family:&quot;Times New Roman&quot;,&quot;serif&quot;\">Fontes<br \/>\n\tMateriais:<\/span><\/b><span style=\"font-size:12.0pt;line-height:150%;font-family:\n&quot;Times New Roman&quot;,&quot;serif&quot;\"> s&atilde;o os acontecimentos externos ao direito que geram<br \/>\n\ta cria&ccedil;&atilde;o da norma jur&iacute;dica. Em direito do trabalho, as fontes materiais est&atilde;o<br \/>\n\trelacionadas &agrave; Revolu&ccedil;&atilde;o Industrial, bem como &agrave;s revolu&ccedil;&otilde;es prolet&aacute;rias por<br \/>\n\tmelhores condi&ccedil;&otilde;es de trabalho. Destaca-se que a Revolu&ccedil;&atilde;o Industrial fez com<br \/>\n\tque milh&otilde;es de trabalhadores fossem exageradamente explorados, com jornadas de<br \/>\n\ttrabalho extensas, trabalho em ambientes insalubres, trabalho de menores, etc.<br \/>\n\tAssim, os movimentos sociais organizados, que lutavam por melhores condi&ccedil;&otilde;es de<br \/>\n\ttrabalho, bem como a Revolu&ccedil;&atilde;o Industrial, s&atilde;o os principais acontecimentos<br \/>\n\thist&oacute;ricos e sociais, que impulsionaram a cria&ccedil;&atilde;o das normas laborais, sendo,<br \/>\n\tportanto, significativas como fontes materiais de tal ramo jur&iacute;dico.<o:p><\/o:p><\/span>\n<\/p>\n<p class=\"MsoListParagraphCxSpMiddle\" style=\"margin-top:6.0pt;margin-right:0cm;\nmargin-bottom:6.0pt;margin-left:36.0pt;mso-add-space:auto;text-align:justify;\ntext-indent:-18.0pt;line-height:150%;mso-list:l2 level1 lfo3\"><br \/>\n\t<!--[if !supportLists]--><span style=\"font-size:12.0pt;line-height:150%;font-family:Symbol;mso-fareast-font-family:\nSymbol;mso-bidi-font-family:Symbol\">&middot;<span style=\"font-size: 7pt; line-height: normal; font-family: 'Times New Roman';\">&nbsp;&nbsp;&nbsp;&nbsp;&nbsp;&nbsp;&nbsp;&nbsp;<\/span><\/span><br \/>\n\t<!--[endif]--><b><span style=\"font-size:12.0pt;line-height:150%;font-family:&quot;Times New Roman&quot;,&quot;serif&quot;\">Fontes<br \/>\n\tFormais: <\/span><\/b><span style=\"font-size:12.0pt;line-height:150%;font-family:\n&quot;Times New Roman&quot;,&quot;serif&quot;\">as fontes formais demonstram a forma de<br \/>\n\texterioriza&ccedil;&atilde;o da norma jur&iacute;dica, ou seja, a explicita&ccedil;&atilde;o do comando legal<br \/>\n\timposto. Adota-se a <i>teoria pluralista <\/i>das<br \/>\n\tfontes formais, ou seja, reconhece-se, em direito do trabalho, a exist&ecirc;ncia de<br \/>\n\tdiversos centros produtores de normas jur&iacute;dicas, em contraposi&ccedil;&atilde;o &agrave; <i>teoria monista<\/i>, que afirma ser toda<br \/>\n\tnorma oriunda do Estado. Al&eacute;m da lei, reconhece-se como fonte formal o costume,<br \/>\n\tas normas privadas, o contrato de trabalho, dentre outros.<b><o:p><\/o:p><\/b><\/span>\n<\/p>\n<p class=\"MsoListParagraphCxSpMiddle\" style=\"margin-top:6.0pt;margin-right:0cm;\nmargin-bottom:6.0pt;margin-left:0cm;mso-add-space:auto;text-align:justify;\nline-height:150%\"><br \/>\n\t<b><span style=\"font-size:12.0pt;line-height:150%;font-family:&quot;Times New Roman&quot;,&quot;serif&quot;\">&nbsp;<\/span><\/b>\n<\/p>\n<p class=\"MsoListParagraphCxSpMiddle\" style=\"margin-top:6.0pt;margin-right:0cm;\nmargin-bottom:6.0pt;margin-left:54.0pt;mso-add-space:auto;text-align:justify;\ntext-indent:-36.0pt;line-height:150%;mso-list:l0 level3 lfo1\"><br \/>\n\t<!--[if !supportLists]--><b><span style=\"font-size:12.0pt;line-height:\n150%;font-family:&quot;Times New Roman&quot;,&quot;serif&quot;;mso-fareast-font-family:&quot;Times New Roman&quot;\">1.3.1.<span style=\"font-weight: normal; font-size: 7pt; line-height: normal; font-family: 'Times New Roman';\">&nbsp;&nbsp;&nbsp;&nbsp;&nbsp;<\/span><\/span><\/b><br \/>\n\t<!--[endif]--><b><span style=\"font-size:12.0pt;line-height:150%;font-family:&quot;Times New Roman&quot;,&quot;serif&quot;\">Fontes<br \/>\n\tHeter&ocirc;nomas;<o:p><\/o:p><\/span><\/b>\n<\/p>\n<p class=\"MsoListParagraphCxSpMiddle\" style=\"margin-top:6.0pt;margin-right:0cm;\nmargin-bottom:6.0pt;margin-left:0cm;mso-add-space:auto;text-align:justify;\nline-height:150%\"><br \/>\n\t<b><span style=\"font-size:12.0pt;line-height:150%;font-family:&quot;Times New Roman&quot;,&quot;serif&quot;\">&nbsp;<\/span><\/b>\n<\/p>\n<p class=\"MsoListParagraphCxSpMiddle\" style=\"margin-top:6.0pt;margin-right:0cm;\nmargin-bottom:6.0pt;margin-left:0cm;mso-add-space:auto;text-align:justify;\nline-height:150%\"><br \/>\n\t<span style=\"font-size:12.0pt;line-height:150%;font-family:\n&quot;Times New Roman&quot;,&quot;serif&quot;\">A classifica&ccedil;&atilde;o em fontes formais heter&ocirc;nomas leva<br \/>\n\tem considera&ccedil;&atilde;o a n&atilde;o participa&ccedil;&atilde;o dos receptores da norma jur&iacute;dica em seu<br \/>\n\tprocesso de cria&ccedil;&atilde;o, ou seja, as normas jur&iacute;dicas laborais s&atilde;o criadas sem que<br \/>\n\tos trabalhadores estejam envolvidos no processo legislativo. Isso ocorre quando<br \/>\n\tuma lei &eacute; editada pelo Congresso Nacional visando a regulamentar um determinado<br \/>\n\tdireito trabalhista. A CRFB\/88 pode ser considerada uma fonte formal<br \/>\n\theter&ocirc;noma, pois n&atilde;o houve imediata participa&ccedil;&atilde;o dos destinat&aacute;rios principais<br \/>\n\tde seu conte&uacute;do. <b>Al&eacute;m da Constitui&ccedil;&atilde;o,<br \/>\n\tas leis, medidas provis&oacute;rias, tratados e conven&ccedil;&otilde;es internacionais, decretos,<br \/>\n\tportarias instru&ccedil;&otilde;es, por serem impostos pelo Estado, &nbsp;s&atilde;o fontes heter&ocirc;nomas.<\/b> <o:p><\/o:p><\/span>\n<\/p>\n<p class=\"MsoListParagraphCxSpMiddle\" style=\"margin-top:6.0pt;margin-right:0cm;\nmargin-bottom:6.0pt;margin-left:54.0pt;mso-add-space:auto;text-align:justify;\nline-height:150%\"><br \/>\n\t<b><span style=\"font-size:12.0pt;line-height:150%;font-family:&quot;Times New Roman&quot;,&quot;serif&quot;\">&nbsp;<\/span><\/b>\n<\/p>\n<p class=\"MsoListParagraphCxSpMiddle\" style=\"margin-top:6.0pt;margin-right:0cm;\nmargin-bottom:6.0pt;margin-left:54.0pt;mso-add-space:auto;text-align:justify;\ntext-indent:-36.0pt;line-height:150%;mso-list:l0 level4 lfo1\"><br \/>\n\t<!--[if !supportLists]--><b><span style=\"font-size:12.0pt;line-height:\n150%;font-family:&quot;Times New Roman&quot;,&quot;serif&quot;;mso-fareast-font-family:&quot;Times New Roman&quot;\">1.3.1.1.<\/span><\/b><!--[endif]--><b><span style=\"font-size:12.0pt;line-height:\n150%;font-family:&quot;Times New Roman&quot;,&quot;serif&quot;\">Senten&ccedil;a Normativa;<o:p><\/o:p><\/span><\/b>\n<\/p>\n<p class=\"MsoListParagraphCxSpMiddle\" style=\"margin-top:6.0pt;margin-right:0cm;\nmargin-bottom:6.0pt;margin-left:0cm;mso-add-space:auto;text-align:justify;\nline-height:150%\"><br \/>\n\t<b><span style=\"font-size:12.0pt;line-height:150%;font-family:&quot;Times New Roman&quot;,&quot;serif&quot;\">&nbsp;<\/span><\/b>\n<\/p>\n<p class=\"MsoListParagraphCxSpMiddle\" style=\"margin-top:6.0pt;margin-right:0cm;\nmargin-bottom:6.0pt;margin-left:0cm;mso-add-space:auto;text-align:justify;\nline-height:150%\"><br \/>\n\t<span style=\"font-size:12.0pt;line-height:150%;font-family:\n&quot;Times New Roman&quot;,&quot;serif&quot;\">Importa destacar importante fonte heter&ocirc;noma<br \/>\n\tespecifica do direito do trabalho. Trata-se da denominada <i>senten&ccedil;a normativa<\/i>, que consiste na decis&atilde;o proferida em processo<br \/>\n\tde diss&iacute;dio coletivo, em que s&atilde;o fixadas, pelo Poder Judici&aacute;rio, novas<br \/>\n\tcondi&ccedil;&otilde;es de trabalho, sendo que tais regras s&atilde;o impessoais, abstratas, gerais,<br \/>\n\ttais como as normas jur&iacute;dicas fixadas pelo Poder Legislativo.<o:p><\/o:p><\/span>\n<\/p>\n<p class=\"MsoListParagraphCxSpMiddle\" style=\"margin-top:6.0pt;margin-right:0cm;\nmargin-bottom:6.0pt;margin-left:0cm;mso-add-space:auto;text-align:justify;\nline-height:150%\"><br \/>\n\t<span style=\"font-size:12.0pt;line-height:150%;font-family:\n&quot;Times New Roman&quot;,&quot;serif&quot;\">H&aacute; que se destacar tal instituto por sua<br \/>\n\tespecificidade. Sabe-se a senten&ccedil;a proferida em diss&iacute;dio individual possui <i>limites objetivo <\/i>e<i> subjetivo<\/i>, o que representa dizer que a decis&atilde;o judicial alcan&ccedil;ar&aacute;<br \/>\n\tapenas os pedidos que foram formulados pelo autor, bem como produzir&aacute; efeitos<br \/>\n\tsomente para aqueles que participaram do contradit&oacute;rio. Contudo, no diss&iacute;dio coletivo<br \/>\n\ta situa&ccedil;&atilde;o &eacute; diversa. A senten&ccedil;a produzir&aacute; efeitos para todos os membros das<br \/>\n\tcategorias profissionais envolvidas no lit&iacute;gio, por exemplo, todos os<br \/>\n\tempregados de empresas metal&uacute;rgicas de um determinado Estado da federa&ccedil;&atilde;o, o<br \/>\n\tque significa dizer que a norma criada pelo Poder Judici&aacute;rio ser&aacute; impessoal,<br \/>\n\tabstrata, como se fosse emanada do Poder Legislativo.<o:p><\/o:p><\/span>\n<\/p>\n<p class=\"MsoListParagraphCxSpMiddle\" style=\"margin-top:6.0pt;margin-right:0cm;\nmargin-bottom:6.0pt;margin-left:0cm;mso-add-space:auto;text-align:justify;\nline-height:150%\"><br \/>\n\t<span style=\"font-size:12.0pt;line-height:150%;font-family:\n&quot;Times New Roman&quot;,&quot;serif&quot;\">Logo, por tratar-se da cria&ccedil;&atilde;o de norma impessoal,<br \/>\n\tabstrata, sem a participa&ccedil;&atilde;o direta dos principais destinat&aacute;rios, &eacute; considerada<br \/>\n\tcomo <i>fonte heter&ocirc;noma<\/i> do direito do<br \/>\n\ttrabalho.<o:p><\/o:p><\/span>\n<\/p>\n<p class=\"MsoListParagraphCxSpMiddle\" style=\"margin-top:6.0pt;margin-right:0cm;\nmargin-bottom:6.0pt;margin-left:0cm;mso-add-space:auto;text-align:justify;\nline-height:150%\"><br \/>\n\t<b><span style=\"font-size:12.0pt;line-height:150%;font-family:&quot;Times New Roman&quot;,&quot;serif&quot;\">&nbsp;<\/span><\/b>\n<\/p>\n<p class=\"MsoListParagraphCxSpMiddle\" style=\"margin-top:6.0pt;margin-right:0cm;\nmargin-bottom:6.0pt;margin-left:54.0pt;mso-add-space:auto;text-align:justify;\ntext-indent:-36.0pt;line-height:150%;mso-list:l0 level3 lfo1\"><br \/>\n\t<!--[if !supportLists]--><b><span style=\"font-size:12.0pt;line-height:\n150%;font-family:&quot;Times New Roman&quot;,&quot;serif&quot;;mso-fareast-font-family:&quot;Times New Roman&quot;\">1.3.2.<span style=\"font-weight: normal; font-size: 7pt; line-height: normal; font-family: 'Times New Roman';\">&nbsp;&nbsp;&nbsp;&nbsp;&nbsp;<\/span><\/span><\/b><br \/>\n\t<!--[endif]--><b><span style=\"font-size:12.0pt;line-height:150%;font-family:&quot;Times New Roman&quot;,&quot;serif&quot;\">Fontes<br \/>\n\taut&ocirc;nomas;<o:p><\/o:p><\/span><\/b>\n<\/p>\n<p class=\"MsoListParagraphCxSpMiddle\" style=\"margin-top:6.0pt;margin-right:0cm;\nmargin-bottom:6.0pt;margin-left:0cm;mso-add-space:auto;text-align:justify;\nline-height:150%\"><br \/>\n\t<b><span style=\"font-size:12.0pt;line-height:150%;font-family:&quot;Times New Roman&quot;,&quot;serif&quot;\">&nbsp;<\/span><\/b>\n<\/p>\n<p class=\"MsoListParagraphCxSpMiddle\" style=\"margin-top:6.0pt;margin-right:0cm;\nmargin-bottom:6.0pt;margin-left:0cm;mso-add-space:auto;text-align:justify;\nline-height:150%\"><br \/>\n\t<span style=\"font-size:12.0pt;line-height:150%;font-family:\n&quot;Times New Roman&quot;,&quot;serif&quot;\">Ao contr&aacute;rio das fontes heter&ocirc;nomas, nas quais n&atilde;o<br \/>\n\th&aacute; participa&ccedil;&atilde;o em seu processo de cria&ccedil;&atilde;o dos destinat&aacute;rios, nas <i>fontes aut&ocirc;nomas <\/i>a participa&ccedil;&atilde;o daqueles<br \/>\n\tmostra-se direta, ou seja, as normas jur&iacute;dicas trabalhistas s&atilde;o criadas pela<br \/>\n\tatua&ccedil;&atilde;o dos trabalhadores e empregadores. Exemplos t&iacute;picos s&atilde;o os <i>acordos <\/i>e <i>conven&ccedil;&otilde;es coletivas de trabalho<\/i>, em que sindicato dos<br \/>\n\ttrabalhadores e empresas, no primeiro caso, e sindicatos dos empregados e<br \/>\n\tempregados no segundo, deliberam a criam novas condi&ccedil;&otilde;es de trabalho,<br \/>\n\tnegociando novos direitos e benef&iacute;cios para os destinat&aacute;rios.<o:p><\/o:p><\/span>\n<\/p>\n<p class=\"MsoListParagraphCxSpMiddle\" style=\"margin-top:6.0pt;margin-right:0cm;\nmargin-bottom:6.0pt;margin-left:0cm;mso-add-space:auto;text-align:justify;\nline-height:150%\"><br \/>\n\t<span style=\"font-size:12.0pt;line-height:150%;font-family:\n&quot;Times New Roman&quot;,&quot;serif&quot;\">Verifica-se claramente a atua&ccedil;&atilde;o dos destinat&aacute;rios,<br \/>\n\tpois os empregados e empregadores, representados por seus sindicatos (<i>conven&ccedil;&atilde;o coletiva)<\/i> ou diretamente (<i>acordo coletivo)<\/i> definem as normas<br \/>\n\tjur&iacute;dicas a serem aplicadas em uma determinada rela&ccedil;&atilde;o jur&iacute;dica laboral.<br \/>\n\tSalienta-se que uma das regras mais importantes do direito do trabalho, a ser<br \/>\n\tposteriormente analisada, &eacute; a aplica&ccedil;&atilde;o da <i>norma<br \/>\n\tmais favor&aacute;vel <\/i>ao obreiro que, em s&iacute;ntese, descreve que as normas<br \/>\n\theter&ocirc;nomas, ou seja, as estatais, fixam uma prote&ccedil;&atilde;o m&iacute;nima ao empregado, que<br \/>\n\tpode ser aumentada por meio de qualquer outro meio, seja por acordo ou<br \/>\n\tconven&ccedil;&atilde;o coletiva, seja pelo pr&oacute;prio contrato de trabalho, costume, etc.<o:p><\/o:p><\/span>\n<\/p>\n<p class=\"MsoListParagraphCxSpMiddle\" style=\"margin-top:6.0pt;margin-right:0cm;\nmargin-bottom:6.0pt;margin-left:0cm;mso-add-space:auto;text-align:justify;\nline-height:150%\"><br \/>\n\t<span style=\"font-size:12.0pt;line-height:150%;font-family:\n&quot;Times New Roman&quot;,&quot;serif&quot;\">Isso significa dizer que as fontes heter&ocirc;nomas<br \/>\n\tpossuem importante fun&ccedil;&atilde;o de aumentarem a prote&ccedil;&atilde;o do empregado, por<br \/>\n\taumentarem, por exemplo, o percentual dos adicionais de insalubridade, noturno,<br \/>\n\thoras extraordin&aacute;rios, bem como institu&iacute;rem bi&ecirc;nios, q&uuml;inq&uuml;&ecirc;nios, pr&ecirc;mios,<br \/>\n\tdentre outros direitos trabalhistas.<o:p><\/o:p><\/span>\n<\/p>\n<p class=\"MsoListParagraphCxSpMiddle\" style=\"margin-top:6.0pt;margin-right:0cm;\nmargin-bottom:6.0pt;margin-left:0cm;mso-add-space:auto;text-align:justify;\nline-height:150%\"><br \/>\n\t<span style=\"font-size:12.0pt;line-height:150%;font-family:\n&quot;Times New Roman&quot;,&quot;serif&quot;\">Al&eacute;m dos acordos e conven&ccedil;&otilde;es coletivas, outras<br \/>\n\timportantes fontes aut&ocirc;nomas s&atilde;o encontradas, tais como: usos e costumes,<br \/>\n\tregulamentos empresariais, cl&aacute;usulas contratuais, etc.<o:p><\/o:p><\/span>\n<\/p>\n<p class=\"MsoListParagraphCxSpMiddle\" style=\"margin-top:6.0pt;margin-right:0cm;\nmargin-bottom:6.0pt;margin-left:0cm;mso-add-space:auto;text-align:justify;\nline-height:150%\"><br \/>\n\t<span style=\"font-size:12.0pt;line-height:150%;font-family:\n&quot;Times New Roman&quot;,&quot;serif&quot;\">O pagamento espont&acirc;neo e habitual de adicional<br \/>\n\tnoturno de 50% (cinq&uuml;enta por cento), quando a lei prev&ecirc;, para o empregado<br \/>\n\turbano, 20% (vinte por cento), &eacute; considerado fonte do direito do trabalho,<br \/>\n\tsendo tal fonte conhecida por <i>usos e<br \/>\n\tcostumes<\/i>. N&atilde;o h&aacute; qualquer norma jur&iacute;dica a ensejar tal pagamento, por&eacute;m, se<br \/>\n\tpago rotineiramente, por ser mais ben&eacute;fico ao empregado, ser&aacute; incorporado ao<br \/>\n\tpatrim&ocirc;nio jur&iacute;dico do empregado.<o:p><\/o:p><\/span>\n<\/p>\n<p class=\"MsoListParagraphCxSpMiddle\" style=\"margin-top:6.0pt;margin-right:0cm;\nmargin-bottom:6.0pt;margin-left:0cm;mso-add-space:auto;text-align:justify;\nline-height:150%\"><br \/>\n\t<span style=\"font-size:12.0pt;line-height:150%;font-family:\n&quot;Times New Roman&quot;,&quot;serif&quot;\">Da mesma forma ocorre com os regulamentos<br \/>\n\tempresariais e as cl&aacute;usulas dos contratos de trabalho. Havendo previs&atilde;o de<br \/>\n\tsitua&ccedil;&atilde;o mais ben&eacute;fica para o empregado, por vontade da empresa, que a inseriu<br \/>\n\tem seu regulamento ou no contrato de trabalho, ser&aacute; norma jur&iacute;dica gerado por <i>fonte aut&ocirc;noma<\/i>, tendo em vista a<br \/>\n\tparticipa&ccedil;&atilde;o efetiva e direta dos destinat&aacute;rios da norma.<o:p><\/o:p><\/span>\n<\/p>\n<p class=\"MsoListParagraphCxSpMiddle\" style=\"margin-top:6.0pt;margin-right:0cm;\nmargin-bottom:6.0pt;margin-left:0cm;mso-add-space:auto;text-align:justify;\nline-height:150%\"><br \/>\n\t<b><span style=\"font-size:12.0pt;line-height:150%;font-family:&quot;Times New Roman&quot;,&quot;serif&quot;\">&nbsp;<\/span><\/b>\n<\/p>\n<p class=\"MsoListParagraphCxSpMiddle\" style=\"margin-top:6.0pt;margin-right:0cm;\nmargin-bottom:6.0pt;margin-left:54.0pt;mso-add-space:auto;text-align:justify;\ntext-indent:-36.0pt;line-height:150%;mso-list:l0 level3 lfo1\"><br \/>\n\t<!--[if !supportLists]--><b><span style=\"font-size:12.0pt;line-height:\n150%;font-family:&quot;Times New Roman&quot;,&quot;serif&quot;;mso-fareast-font-family:&quot;Times New Roman&quot;\">1.3.3.<span style=\"font-weight: normal; font-size: 7pt; line-height: normal; font-family: 'Times New Roman';\">&nbsp;&nbsp;&nbsp;&nbsp;&nbsp;<\/span><\/span><\/b><br \/>\n\t<!--[endif]--><b><span style=\"font-size:12.0pt;line-height:150%;font-family:&quot;Times New Roman&quot;,&quot;serif&quot;\">Hierarquia<br \/>\n\tentre as fontes trabalhistas;<o:p><\/o:p><\/span><\/b>\n<\/p>\n<p class=\"MsoListParagraphCxSpMiddle\" style=\"margin-top:6.0pt;margin-right:0cm;\nmargin-bottom:6.0pt;margin-left:0cm;mso-add-space:auto;text-align:justify;\nline-height:150%\"><br \/>\n\t<b><span style=\"font-size:12.0pt;line-height:150%;font-family:&quot;Times New Roman&quot;,&quot;serif&quot;\">&nbsp;<\/span><\/b>\n<\/p>\n<p class=\"MsoListParagraphCxSpMiddle\" style=\"margin-top:6.0pt;margin-right:0cm;\nmargin-bottom:6.0pt;margin-left:0cm;mso-add-space:auto;text-align:justify;\nline-height:150%\"><br \/>\n\t<span style=\"font-size:12.0pt;line-height:150%;font-family:\n&quot;Times New Roman&quot;,&quot;serif&quot;\">O presente t&oacute;pico tem por fun&ccedil;&atilde;o analisar a<br \/>\n\thierarquia tradicional das normas jur&iacute;dicas em contraposi&ccedil;&atilde;o com as regras<br \/>\n\taplic&aacute;veis &agrave;s fontes do direito do trabalho.<o:p><\/o:p><\/span>\n<\/p>\n<p class=\"MsoListParagraphCxSpMiddle\" style=\"margin-top:6.0pt;margin-right:0cm;\nmargin-bottom:6.0pt;margin-left:0cm;mso-add-space:auto;text-align:justify;\nline-height:150%\"><br \/>\n\t<span style=\"font-size:12.0pt;line-height:150%;font-family:\n&quot;Times New Roman&quot;,&quot;serif&quot;\">Em primeiro lugar, destaca-se que a hierarquia das<br \/>\n\tnormas jur&iacute;dicas em diversos ramos do direito, como o civil, constitucional,<br \/>\n\tadministrativo, etc., mostra-se inflex&iacute;vel, r&iacute;gido, em um escalonamento guiado<br \/>\n\tpela apresenta&ccedil;&atilde;o da Constitui&ccedil;&atilde;o Federal em seu topo, com as demais normas<br \/>\n\tjur&iacute;dicas abaixo dela, buscando sua validade no Texto Maior. Isso significa<br \/>\n\tdizer que todas as normas do sistema buscam seu fundamento de validade na<br \/>\n\tConstitui&ccedil;&atilde;o Federal, n&atilde;o podendo ir de encontro &agrave;s suas normas, sob pena de<br \/>\n\tincidir em inconstitucionalidade. Abaixo da Constitui&ccedil;&atilde;o est&atilde;o, por exemplo, as<br \/>\n\tleis complementares, leis ordin&aacute;rios, medidas provis&oacute;rias, dentre outras,<br \/>\n\tescalonadas rigidamente, cada uma buscando seu fundamento de validade na norma<br \/>\n\tsuperiora. Qualquer ferimento ao escalonamento, abaixo da Constitui&ccedil;&atilde;o, importa<br \/>\n\tem ilegalidade.<o:p><\/o:p><\/span>\n<\/p>\n<p class=\"MsoListParagraphCxSpMiddle\" style=\"margin-top:6.0pt;margin-right:0cm;\nmargin-bottom:6.0pt;margin-left:0cm;mso-add-space:auto;text-align:justify;\nline-height:150%\"><br \/>\n\t<span style=\"font-size:12.0pt;line-height:150%;font-family:\n&quot;Times New Roman&quot;,&quot;serif&quot;\">No direito do trabalho, a hierarquia existente entre<br \/>\n\tas diversas normas jur&iacute;dicas mostra-se bastante diferente, pois n&atilde;o &eacute; r&iacute;gida e<br \/>\n\tinflex&iacute;vel. Muito pelo contr&aacute;rio, mostra-se mut&aacute;vel, flex&iacute;vel, alter&aacute;vel, tendo<br \/>\n\tem vista a regra da norma mais favor&aacute;vel ao empregado.<o:p><\/o:p><\/span>\n<\/p>\n<p class=\"MsoListParagraphCxSpMiddle\" style=\"margin-top:6.0pt;margin-right:0cm;\nmargin-bottom:6.0pt;margin-left:0cm;mso-add-space:auto;text-align:justify;\nline-height:150%\"><br \/>\n\t<span style=\"font-size:12.0pt;line-height:150%;font-family:\n&quot;Times New Roman&quot;,&quot;serif&quot;\">Segundo tal regra, deve ser aplicada a <i>norma mais favor&aacute;vel ao empregado, <\/i>independentemente<br \/>\n\tde sua posi&ccedil;&atilde;o na escala hier&aacute;rquica, ou seja, deve-se aplicar a norma jur&iacute;dica<br \/>\n\tcriada em um acordo coletivo em detrimento da Constitui&ccedil;&atilde;o Federal, se aquela<br \/>\n\tprevir situa&ccedil;&atilde;o mais ben&eacute;fica ao obreiro. Um exemplo deixa f&aacute;cil o<br \/>\n\tentendimento: a CRFB\/88 prev&ecirc; o pagamento de adicional por trabalho<br \/>\n\textraordin&aacute;rio de, no m&iacute;nimo, 50% (cinq&uuml;enta por cento) sobre a hora normal. Caso<br \/>\n\to acordo coletivo preveja adicional de 70% (setenta por cento), prevalecer&aacute; o<br \/>\n\t&uacute;ltimo, pois mais favor&aacute;vel ao obreiro, pouco importando a posi&ccedil;&atilde;o hier&aacute;rquica<br \/>\n\tdas normas, j&aacute; que a Constitui&ccedil;&atilde;o encontra-se no &aacute;pice e o acordo coletivo,<br \/>\n\tfonte aut&ocirc;noma, em posi&ccedil;&atilde;o inferior.<o:p><\/o:p><\/span>\n<\/p>\n<p class=\"MsoListParagraphCxSpMiddle\" style=\"margin-top:6.0pt;margin-right:0cm;\nmargin-bottom:6.0pt;margin-left:0cm;mso-add-space:auto;text-align:justify;\nline-height:150%\"><br \/>\n\t<span style=\"font-size:12.0pt;line-height:150%;font-family:\n&quot;Times New Roman&quot;,&quot;serif&quot;\">Na aplica&ccedil;&atilde;o da norma jur&iacute;dica ao caso concreto,<br \/>\n\tportanto, pouco importa a posi&ccedil;&atilde;o na \u0093pir&acirc;mide de normas\u0094, e sim, a prote&ccedil;&atilde;o<br \/>\n\tconferida ao destinat&aacute;rio da mesma. <o:p><\/o:p><\/span>\n<\/p>\n<p class=\"MsoListParagraphCxSpMiddle\" style=\"margin-top:6.0pt;margin-right:0cm;\nmargin-bottom:6.0pt;margin-left:0cm;mso-add-space:auto;text-align:justify;\nline-height:150%\"><br \/>\n\t<b><span style=\"font-size:12.0pt;line-height:150%;font-family:&quot;Times New Roman&quot;,&quot;serif&quot;\">&nbsp;<\/span><\/b>\n<\/p>\n<p class=\"MsoListParagraphCxSpMiddle\" style=\"margin-top:6.0pt;margin-right:0cm;\nmargin-bottom:6.0pt;margin-left:36.0pt;mso-add-space:auto;text-align:justify;\ntext-indent:-18.0pt;line-height:150%;mso-list:l0 level2 lfo1\"><br \/>\n\t<!--[if !supportLists]--><b><span style=\"font-size:12.0pt;line-height:\n150%;font-family:&quot;Times New Roman&quot;,&quot;serif&quot;;mso-fareast-font-family:&quot;Times New Roman&quot;\">1.4.<\/span><\/b><!--[endif]--><b><span style=\"font-size:12.0pt;line-height:150%;font-family:&quot;Times New Roman&quot;,&quot;serif&quot;\">Origem<br \/>\n\te desenvolvimento do Direito do Trabalho;<o:p><\/o:p><\/span><\/b>\n<\/p>\n<p class=\"MsoListParagraphCxSpMiddle\" style=\"margin-top:6.0pt;margin-right:0cm;\nmargin-bottom:6.0pt;margin-left:0cm;mso-add-space:auto;text-align:justify;\nline-height:150%\"><br \/>\n\t<b><span style=\"font-size:12.0pt;line-height:150%;font-family:&quot;Times New Roman&quot;,&quot;serif&quot;\">&nbsp;<\/span><\/b>\n<\/p>\n<p class=\"MsoListParagraphCxSpMiddle\" style=\"margin-top:6.0pt;margin-right:0cm;\nmargin-bottom:6.0pt;margin-left:0cm;mso-add-space:auto;text-align:justify;\nline-height:150%\"><br \/>\n\t<span style=\"font-size:12.0pt;line-height:150%;font-family:\n&quot;Times New Roman&quot;,&quot;serif&quot;\">A primeira forma de trabalho que &eacute; conhecida<br \/>\n\tconsistiu na <i>escravid&atilde;o<\/i>, em que o<br \/>\n\tescravo era considerado como uma coisa e n&atilde;o como pessoa, raz&atilde;o pela qual n&atilde;o<br \/>\n\ttinha qualquer direito reconhecido, devendo t&atilde;o somente trabalhar para seu<br \/>\n\tpropriet&aacute;rio.<o:p><\/o:p><\/span>\n<\/p>\n<p class=\"MsoListParagraphCxSpMiddle\" style=\"margin-top:6.0pt;margin-right:0cm;\nmargin-bottom:6.0pt;margin-left:0cm;mso-add-space:auto;text-align:justify;\nline-height:150%\"><br \/>\n\t<span style=\"font-size:12.0pt;line-height:150%;font-family:\n&quot;Times New Roman&quot;,&quot;serif&quot;\">Na Gr&eacute;cia, o trabalho era considerado como algo<br \/>\n\tpejorativo, pois aqueles que ocupavam a posi&ccedil;&otilde;es de superioridade na pir&acirc;mide<br \/>\n\tsocial n&atilde;o desenvolviam qualquer for&ccedil;a f&iacute;sica, cabendo-lhes apenas pensar e<br \/>\n\tparticipar da sociedade atrav&eacute;s da fala. Faziam, portanto, pol&iacute;tica. Somente<br \/>\n\tpara as classes mais pobres o trabalho era considerado atividade digna.<o:p><\/o:p><\/span>\n<\/p>\n<p class=\"MsoListParagraphCxSpMiddle\" style=\"margin-top:6.0pt;margin-right:0cm;\nmargin-bottom:6.0pt;margin-left:0cm;mso-add-space:auto;text-align:justify;\nline-height:150%\"><br \/>\n\t<span style=\"font-size:12.0pt;line-height:150%;font-family:\n&quot;Times New Roman&quot;,&quot;serif&quot;\">Tamb&eacute;m em Roma o trabalho tinha conota&ccedil;&atilde;o<br \/>\n\tpejorativa, sendo realizado pelos escravos. Neste momento da hist&oacute;ria restou<br \/>\n\tconfigurada a loca&ccedil;&atilde;o de m&atilde;o de obra. Num segundo momento, na &eacute;poca conhecida por<br \/>\n\t<i>feudalismo<\/i>, o trabalho passou a ser<br \/>\n\trealizado pelos servos aos senhores feudais, em troca de prote&ccedil;&atilde;o e parte da<br \/>\n\tprodu&ccedil;&atilde;o. O trabalho ainda era considerado como um castigo.<o:p><\/o:p><\/span>\n<\/p>\n<p class=\"MsoListParagraphCxSpMiddle\" style=\"margin-top:6.0pt;margin-right:0cm;\nmargin-bottom:6.0pt;margin-left:0cm;mso-add-space:auto;text-align:justify;\nline-height:150%\"><br \/>\n\t<span style=\"font-size:12.0pt;line-height:150%;font-family:\n&quot;Times New Roman&quot;,&quot;serif&quot;\">A evolu&ccedil;&atilde;o da sociedade fez surgir a corpora&ccedil;&atilde;o de<br \/>\n\tof&iacute;cio, com estrutura hierarquizada, composta, num primeiro momento, por<br \/>\n\tMestres e Aprendizes, sendo que os primeiros recebiam taxas para ensinar um<br \/>\n\tof&iacute;cio aos segundos. Nesse tempo, h&aacute; havia forte explora&ccedil;&atilde;o do trabalho, com<br \/>\n\tjornadas de trabalho que chegavam a 14 (quatorze) horas di&aacute;rias, situa&ccedil;&atilde;o que<br \/>\n\tpassou a pior com a inven&ccedil;&atilde;o do lampi&atilde;o a g&aacute;s, pois as corpora&ccedil;&otilde;es de of&iacute;cio e<br \/>\n\tas ind&uacute;strias passaram a trabalhar tamb&eacute;m no turno noturno.<o:p><\/o:p><\/span>\n<\/p>\n<p class=\"MsoListParagraphCxSpMiddle\" style=\"margin-top:6.0pt;margin-right:0cm;\nmargin-bottom:6.0pt;margin-left:0cm;mso-add-space:auto;text-align:justify;\nline-height:150%\"><br \/>\n\t<span style=\"font-size:12.0pt;line-height:150%;font-family:\n&quot;Times New Roman&quot;,&quot;serif&quot;\">Segundo informa&ccedil;&otilde;es de S&Eacute;RGIO PINTO MARTINS<a href=\"#_ftn4\" name=\"_ftnref4\" title=\"\"><span class=\"MsoFootnoteReference\"><!--[if !supportFootnotes]--><span class=\"MsoFootnoteReference\"><span style=\"font-size: 12pt; line-height: 115%;\">[4]<\/span><\/span><!--[endif]--><\/span><\/a><br \/>\n\t<i>\u0093um edito de 1776, inspirado nas id&eacute;ias<br \/>\n\tde Turgot, p&ocirc;s fim &agrave;s corpora&ccedil;&otilde;es de of&iacute;cio. Algumas corpora&ccedil;&otilde;es, por&eacute;m, foram<br \/>\n\treconstru&iacute;das\u0094.<o:p><\/o:p><\/i><\/span>\n<\/p>\n<p class=\"MsoListParagraphCxSpMiddle\" style=\"margin-top:6.0pt;margin-right:0cm;\nmargin-bottom:6.0pt;margin-left:0cm;mso-add-space:auto;text-align:justify;\nline-height:150%\"><br \/>\n\t<span style=\"font-size:12.0pt;line-height:150%;font-family:\n&quot;Times New Roman&quot;,&quot;serif&quot;\">A Revolu&ccedil;&atilde;o Francesa, datada de 1789, suprimiu as<br \/>\n\treferidas corpora&ccedil;&otilde;es, sendo em que 1791, por meio da Lei Le Chapelier,<br \/>\n\tproibiu-se o seu restabelecimento, bem como proibiu o agrupamento de<br \/>\n\tprofissionais, tendo em vista a liberdade de com&eacute;rcio e do homem, id&eacute;ias<br \/>\n\tdaquele momento hist&oacute;rico. A Revolu&ccedil;&atilde;o Francesa criou as figuras do empregado e<br \/>\n\tdo empregador, passando os primeiros a trabalharam por sal&aacute;rios.<o:p><\/o:p><\/span>\n<\/p>\n<p class=\"MsoListParagraphCxSpMiddle\" style=\"margin-top:6.0pt;margin-right:0cm;\nmargin-bottom:6.0pt;margin-left:0cm;mso-add-space:auto;text-align:justify;\nline-height:150%\"><br \/>\n\t<span style=\"font-size:12.0pt;line-height:150%;font-family:\n&quot;Times New Roman&quot;,&quot;serif&quot;\">Pois bem, a Revolu&ccedil;&atilde;o Industrial fez com que o<br \/>\n\tn&uacute;mero de ind&uacute;strias de expandisse de forma acentuada, em especial nas &aacute;reas de<br \/>\n\tconcentra&ccedil;&atilde;o de carv&atilde;o, o que ocasionou a crescente explora&ccedil;&atilde;o do proletariado,<br \/>\n\tprincipalmente com rela&ccedil;&atilde;o aos menores e mulheres, que trabalhavam durante<br \/>\n\tlongas jornadas de trabalho e percebiam quantias &iacute;nfimas, bem menores do que as<br \/>\n\tpagas aos homens. Isso fez com o que o Estado passasse a intervir nas rela&ccedil;&otilde;es<br \/>\n\tde trabalho, buscando a prote&ccedil;&atilde;o do proletariado, j&aacute; que a liberdade<br \/>\n\tcontratual, potencializada pela clara desigualdade entre as partes, estava por<br \/>\n\timpedir a frui&ccedil;&atilde;o do Estado do bem-estar social.<o:p><\/o:p><\/span>\n<\/p>\n<p class=\"MsoListParagraphCxSpMiddle\" style=\"margin-top:6.0pt;margin-right:0cm;\nmargin-bottom:6.0pt;margin-left:0cm;mso-add-space:auto;text-align:justify;\nline-height:150%\"><br \/>\n\t<span style=\"font-size:12.0pt;line-height:150%;font-family:\n&quot;Times New Roman&quot;,&quot;serif&quot;\">A partir desse momento, a lei passa a prever regras<br \/>\n\tm&iacute;nimas de prote&ccedil;&atilde;o ao obreiro, evitando-se a explora&ccedil;&atilde;o de sua for&ccedil;a de<br \/>\n\ttrabalho. Nessa toada, surgem as primeiras normas de restri&ccedil;&atilde;o de jornada de<br \/>\n\ttrabalho, como a conhecida Lei de Peel, em 1802 na Inglaterra.<o:p><\/o:p><\/span>\n<\/p>\n<p class=\"MsoListParagraphCxSpMiddle\" style=\"margin-top:6.0pt;margin-right:0cm;\nmargin-bottom:6.0pt;margin-left:0cm;mso-add-space:auto;text-align:justify;\nline-height:150%\"><br \/>\n\t<span style=\"font-size:12.0pt;line-height:150%;font-family:\n&quot;Times New Roman&quot;,&quot;serif&quot;\">Acerca do intervencionista estatal, ARNALDO<br \/>\n\tSUSSEKIND e outros<a href=\"#_ftn5\" name=\"_ftnref5\" title=\"\"><span class=\"MsoFootnoteReference\"><!--[if !supportFootnotes]--><span class=\"MsoFootnoteReference\"><span style=\"font-size: 12pt; line-height: 115%;\">[5]<\/span><\/span><!--[endif]--><\/span><\/a>,<br \/>\n\tafirma que <i>\u0093fortalece-se a nova concep&ccedil;&atilde;o<br \/>\n\tda sociedade e surge, com delineamentos precisos, o \u0091Estado pol&iacute;cia\u0092 ou o<br \/>\n\t\u0091Estado provid&ecirc;ncia\u0092. Verificado que a liberdade econ&ocirc;mica , pois, a livre<br \/>\n\tconcorr&ecirc;ncia, n&atilde;o conseguem harmonizar os interesses individuais e que, ao<br \/>\n\tcontr&aacute;rio dessa harmonia, a diversidade econ&ocirc;mica criada entre os indiv&iacute;duos<br \/>\n\tpela liberdade &eacute; causa da exist&ecirc;ncia de classes sociais que se op&otilde;em e amea&ccedil;am<br \/>\n\ta exist&ecirc;ncia do pr&oacute;prio Estado, ele, para corrigir a desigualdade, amplia suas<br \/>\n\tatribui&ccedil;&otilde;es\u0094.<o:p><\/o:p><\/i><\/span>\n<\/p>\n<p class=\"MsoListParagraphCxSpMiddle\" style=\"margin-top:6.0pt;margin-right:0cm;\nmargin-bottom:6.0pt;margin-left:0cm;mso-add-space:auto;text-align:justify;\nline-height:150%\"><br \/>\n\t<span style=\"font-size:12.0pt;line-height:150%;font-family:\n&quot;Times New Roman&quot;,&quot;serif&quot;\">A Igreja passou a ter papel fundamental na corre&ccedil;&atilde;o<br \/>\n\tdas distor&ccedil;&otilde;es havidas no tocante ao trabalho subordinado, expedindo diversos<br \/>\n\ttextos condenando a explora&ccedil;&atilde;o do trabalho. A principal atua&ccedil;&atilde;o da Igreja<br \/>\n\tdeu-se por meio da Enc&iacute;clica <i>Rerum<br \/>\n\tnovarum<\/i>, que significa <i>coisas novas<\/i>,<br \/>\n\tem 1891, que inaugurou a transi&ccedil;&atilde;o para o <i>estado<br \/>\n\tsocial<\/i>, em que o bem estar estava no centro das preocupa&ccedil;&otilde;es do Estado, que<br \/>\n\tinterviria para manuten&ccedil;&atilde;o da situa&ccedil;&atilde;o entendida por adequada. Outras<br \/>\n\tenc&iacute;clicas foram posteriormente elaboradas pela Igreja Cat&oacute;lica.<o:p><\/o:p><\/span>\n<\/p>\n<p class=\"MsoListParagraphCxSpMiddle\" style=\"margin-top:6.0pt;margin-right:0cm;\nmargin-bottom:6.0pt;margin-left:0cm;mso-add-space:auto;text-align:justify;\nline-height:150%\"><br \/>\n\t<span style=\"font-size:12.0pt;line-height:150%;font-family:\n&quot;Times New Roman&quot;,&quot;serif&quot;\">Fato hist&oacute;rico marcante foi o t&eacute;rmino da Primeira Guerra<br \/>\n\tMundial, que culminou com o in&iacute;cio do denominado <i>constitucionalismo social<\/i>, com a inser&ccedil;&atilde;o, nas Constitui&ccedil;&otilde;es dos<br \/>\n\tEstados, de regras de prote&ccedil;&atilde;o ao trabalhador, buscando-se o <i>welfare estate<\/i> ou Estado do bem-estar<br \/>\n\tsocial. Assim ocorreu com a Constitui&ccedil;&atilde;o Mexicana de 1917, at&eacute; hoje um marco na<br \/>\n\thist&oacute;ria do direito do trabalho, bem como a Constitui&ccedil;&atilde;o de Weimar, de 1919.<br \/>\n\tSeguindo-se o desenvolvimento mundial, em 1919 &eacute; criada a OIT \u0096 Organiza&ccedil;&atilde;o<br \/>\n\tInternacional do Trabalho \u0096 por meio do Tratado de Versalhes. Em 1927 surge na<br \/>\n\tIt&aacute;lia a <i>Carta Del Lavoro<\/i>, criando um<br \/>\n\tsistema corporativista e, em 1948, ap&oacute;s a Segunda Guerra Mundial, &eacute; redigida a <i>Declara&ccedil;&atilde;o Universal dos Direitos do Homem<\/i>,<br \/>\n\tprevendo uma s&eacute;rie de restri&ccedil;&otilde;es &agrave; explora&ccedil;&atilde;o do proletariado.<o:p><\/o:p><\/span>\n<\/p>\n<p class=\"MsoListParagraphCxSpMiddle\" style=\"margin-top:6.0pt;margin-right:0cm;\nmargin-bottom:6.0pt;margin-left:0cm;mso-add-space:auto;text-align:justify;\nline-height:150%\"><br \/>\n\t<span style=\"font-size:12.0pt;line-height:150%;font-family:\n&quot;Times New Roman&quot;,&quot;serif&quot;\">Tais ideais inspiraram o constituinte de 1988, que<br \/>\n\tcriou uma Carta de Direitos cujo rol de direitos e garantias dos trabalhadores<br \/>\n\tmostra-se bastante extenso e protetivo, que ser&aacute; objeto de an&aacute;lise no item<br \/>\n\tseguinte. <o:p><\/o:p><\/span>\n<\/p>\n<p class=\"MsoListParagraphCxSpMiddle\" style=\"margin-top:6.0pt;margin-right:0cm;\nmargin-bottom:6.0pt;margin-left:0cm;mso-add-space:auto;text-align:justify;\nline-height:150%\"><br \/>\n\t<b><span style=\"font-size:12.0pt;line-height:150%;font-family:&quot;Times New Roman&quot;,&quot;serif&quot;\">&nbsp;<\/span><\/b>\n<\/p>\n<p class=\"MsoListParagraphCxSpMiddle\" style=\"margin-top:6.0pt;margin-right:0cm;\nmargin-bottom:6.0pt;margin-left:54.0pt;mso-add-space:auto;text-align:justify;\ntext-indent:-36.0pt;line-height:150%;mso-list:l0 level3 lfo1\"><br \/>\n\t<!--[if !supportLists]--><b><span style=\"font-size:12.0pt;line-height:\n150%;font-family:&quot;Times New Roman&quot;,&quot;serif&quot;;mso-fareast-font-family:&quot;Times New Roman&quot;\">1.4.1.<span style=\"font-weight: normal; font-size: 7pt; line-height: normal; font-family: 'Times New Roman';\">&nbsp;&nbsp;&nbsp;&nbsp;&nbsp;<\/span><\/span><\/b><br \/>\n\t<!--[endif]--><b><span style=\"font-size:12.0pt;line-height:150%;font-family:&quot;Times New Roman&quot;,&quot;serif&quot;\">O<br \/>\n\tDireito do Trabalho no Brasil;<o:p><\/o:p><\/span><\/b>\n<\/p>\n<p class=\"MsoListParagraphCxSpMiddle\" style=\"margin-top:6.0pt;margin-right:0cm;\nmargin-bottom:6.0pt;margin-left:36.0pt;mso-add-space:auto;text-align:justify;\nline-height:150%\"><br \/>\n\t<b><span style=\"font-size:12.0pt;line-height:150%;font-family:&quot;Times New Roman&quot;,&quot;serif&quot;\">&nbsp;<\/span><\/b>\n<\/p>\n<p class=\"MsoListParagraphCxSpMiddle\" style=\"margin-top:6.0pt;margin-right:0cm;\nmargin-bottom:6.0pt;margin-left:0cm;mso-add-space:auto;text-align:justify;\nline-height:150%\"><br \/>\n\t<span style=\"font-size:12.0pt;line-height:150%;font-family:\n&quot;Times New Roman&quot;,&quot;serif&quot;\">O Brasil seguiu a tend&ecirc;ncia internacional de criar<br \/>\n\tnormas de prote&ccedil;&atilde;o aos empregados, com a limita&ccedil;&atilde;o da jornada de trabalho,<br \/>\n\tproibi&ccedil;&atilde;o de trabalho para menores, liberdade de associa&ccedil;&atilde;o, f&eacute;rias, dentre<br \/>\n\toutros.<o:p><\/o:p><\/span>\n<\/p>\n<p class=\"MsoListParagraphCxSpMiddle\" style=\"margin-top:6.0pt;margin-right:0cm;\nmargin-bottom:6.0pt;margin-left:0cm;mso-add-space:auto;text-align:justify;\nline-height:150%\"><br \/>\n\t<span style=\"font-size:12.0pt;line-height:150%;font-family:\n&quot;Times New Roman&quot;,&quot;serif&quot;\">Foi a partir da Constitui&ccedil;&atilde;o de 1934, inspirada no<br \/>\n\tmovimento denominado <i>Constitucionalismo<br \/>\n\tSocial<\/i>, inaugurado com as Constitui&ccedil;&otilde;es Mexicana e de Weimar, j&aacute; referidas<br \/>\n\tno texto, que nosso pa&iacute;s passou a regulamentar de fato alguns aspectos<br \/>\n\trelevantes do direito do trabalho, como a limita&ccedil;&atilde;o de jornada em 8 (oito)<br \/>\n\thoras di&aacute;rias, repouso semanal, f&eacute;rias anuais remuneradas, garantindo ainda a<br \/>\n\tisonomia salarial, bem como o sal&aacute;rio m&iacute;nimo.<o:p><\/o:p><\/span>\n<\/p>\n<p class=\"MsoListParagraphCxSpMiddle\" style=\"margin-top:6.0pt;margin-right:0cm;\nmargin-bottom:6.0pt;margin-left:0cm;mso-add-space:auto;text-align:justify;\nline-height:150%\"><br \/>\n\t<span style=\"font-size:12.0pt;line-height:150%;font-family:\n&quot;Times New Roman&quot;,&quot;serif&quot;\">A Constitui&ccedil;&atilde;o de 1937 marcou uma n&iacute;tida fase de<br \/>\n\tintervencionismo Estatal, certamente por influ&ecirc;ncia do per&iacute;odo pol&iacute;tico no qual<br \/>\n\tfoi imposta. Dentre os principais pontos, destacam-se: cria&ccedil;&atilde;o de sindicato<br \/>\n\t&uacute;nico e imposto sindical, compet&ecirc;ncia normativa da Justi&ccedil;a do Trabalho e<br \/>\n\tproibi&ccedil;&atilde;o de greve e <i>lockout<\/i><br \/>\n\t(paralisa&ccedil;&atilde;o das atividades por parte do empregador).<o:p><\/o:p><\/span>\n<\/p>\n<p class=\"MsoListParagraphCxSpMiddle\" style=\"margin-top:6.0pt;margin-right:0cm;\nmargin-bottom:6.0pt;margin-left:0cm;mso-add-space:auto;text-align:justify;\nline-height:150%\"><br \/>\n\t<span style=\"font-size:12.0pt;line-height:150%;font-family:\n&quot;Times New Roman&quot;,&quot;serif&quot;\">Por sua vez, a Constitui&ccedil;&atilde;o de 1946 marca o retorno<br \/>\n\t&agrave; fase democr&aacute;tica, rompendo com os ideais corporativistas da Carta anterior.<br \/>\n\tNela inserem-se a participa&ccedil;&atilde;o nos lucros, repouso semanal remunerado,<br \/>\n\testabilidade, direito de greve, dentre outros.<o:p><\/o:p><\/span>\n<\/p>\n<p class=\"MsoListParagraphCxSpMiddle\" style=\"margin-top:6.0pt;margin-right:0cm;\nmargin-bottom:6.0pt;margin-left:0cm;mso-add-space:auto;text-align:justify;\nline-height:150%\"><br \/>\n\t<span style=\"font-size:12.0pt;line-height:150%;font-family:\n&quot;Times New Roman&quot;,&quot;serif&quot;\">A Constitui&ccedil;&atilde;o de 1967, bem como a EC n. 1\/69<br \/>\n\tmantiveram os mesmos direitos trabalhistas previstos nas normas anteriores.<o:p><\/o:p><\/span>\n<\/p>\n<p class=\"MsoListParagraphCxSpMiddle\" style=\"margin-top:6.0pt;margin-right:0cm;\nmargin-bottom:6.0pt;margin-left:0cm;mso-add-space:auto;text-align:justify;\nline-height:150%\"><br \/>\n\t<span style=\"font-size:12.0pt;line-height:150%;font-family:\n&quot;Times New Roman&quot;,&quot;serif&quot;\">Por fim, a Constitui&ccedil;&atilde;o da Rep&uacute;blica Federativa do<br \/>\n\tBrasil de 5 de outubro de 1988, conhecida por <i>\u0093Constitui&ccedil;&atilde;o Cidad&atilde;\u0094, <\/i>traz um rol extenso de direitos e garantias<br \/>\n\tconstitucionais fundamentais destinadas aos trabalhadores, nos artigos 7 a 11<br \/>\n\tde seu texto, inovando no cen&aacute;rio brasileiro, de forma a alcan&ccedil;ar a almejada<br \/>\n\tprote&ccedil;&atilde;o ao obreiro.<o:p><\/o:p><\/span>\n<\/p>\n<p class=\"MsoListParagraphCxSpLast\" style=\"margin-top:6.0pt;margin-right:0cm;\nmargin-bottom:6.0pt;margin-left:0cm;mso-add-space:auto;text-align:justify;\nline-height:150%\"><br \/>\n\t<span style=\"font-size:12.0pt;line-height:150%;font-family:\n&quot;Times New Roman&quot;,&quot;serif&quot;\">Dentre os princ&iacute;pios aspectos de relevo atinentes ao<br \/>\n\tdireito do trabalho, destacam-se: redu&ccedil;&atilde;o da jornada semanal para 44 (quarenta<br \/>\n\te quatro horas); adicional de horas extras de, no m&iacute;nimo, 50% (cinq&uuml;enta por<br \/>\n\tcento), f&eacute;rias acrescidas de adicional de 1\/3; irredutibilidade salarial, salvo<br \/>\n\tnegocia&ccedil;&atilde;o coletiva, licen&ccedil;a-paternidade de 5 (cinco) dias, dentre muitos<br \/>\n\toutros que ser&atilde;o objeto de an&aacute;lise no decorrer dos estudos sobre os institutos<br \/>\n\tde direito laboral.<\/span>\n<\/p>\n<p class=\"MsoListParagraphCxSpLast\" style=\"margin-top:6.0pt;margin-right:0cm;\nmargin-bottom:6.0pt;margin-left:0cm;mso-add-space:auto;text-align:justify;\nline-height:150%\"><br \/>\n\t&nbsp;\n<\/p>\n<p class=\"MsoListParagraphCxSpLast\" style=\"margin-top:6.0pt;margin-right:0cm;\nmargin-bottom:6.0pt;margin-left:0cm;mso-add-space:auto;text-align:justify;\nline-height:150%\"><br \/>\n\t<span style=\"font-size:12.0pt;line-height:150%;font-family:\n&quot;Times New Roman&quot;,&quot;serif&quot;\">Tudo sobre o <a href=\"https:\/\/www.estrategiaconcursos.com.br\/blog\/concurso-trt-sc\/\">Concurso TRT-SC 2017<\/a><\/span>\n<\/p>\n<p class=\"MsoListParagraphCxSpLast\" style=\"margin-top:6.0pt;margin-right:0cm;\nmargin-bottom:6.0pt;margin-left:0cm;mso-add-space:auto;text-align:justify;\nline-height:150%\"><br \/>\n\t<a href=\"https:\/\/www.estrategiaconcursos.com.br\/cursosPorConcurso\/trt-12-regiao-santa-catarina-160\/\"><span style=\"font-size:12.0pt;line-height:150%;font-family:\n&quot;Times New Roman&quot;,&quot;serif&quot;\">Cursos para Concurso TRT-SC<\/span><\/a><\/p>\n","protected":false},"excerpt":{"rendered":"<p>DIREITO INDIVIDUAL DO TRABALHO 1.&nbsp;&nbsp;&nbsp;&nbsp;&nbsp; Conceito, natureza jur&iacute;dica, fontes, origem e desenvolvimento hist&oacute;rico; 1.1.Conceito de Direito do Trabalho; &nbsp; O direito do trabalho, como ramo especializado que &eacute;, foi pensado e desenvolvido para regulamentar uma importante rela&ccedil;&atilde;o jur&iacute;dica havida em sociedade: a rela&ccedil;&atilde;o empregat&iacute;cia, em que temos de um lado o empregado e de outro [&hellip;]<\/p>\n","protected":false},"author":123,"featured_media":0,"comment_status":"open","ping_status":"open","sticky":false,"template":"","format":"standard","meta":{"post_tipo":"article","footnotes":""},"categories":[1],"tags":[1145],"tax_estado":[],"class_list":["post-10189","post","type-post","status-publish","format-standard","hentry","category-cursos-e-concursos","tag-resumo"],"acf":[],"yoast_head":"<!-- This site is optimized with the Yoast SEO Premium plugin v27.2 (Yoast SEO v27.2) - https:\/\/yoast.com\/product\/yoast-seo-premium-wordpress\/ -->\n<title>Resumo Direito do Trabalho para TRT SC<\/title>\n<meta name=\"description\" content=\"Resumo de Direito do Trabalho para Concurso TRT-SC, parte 1. Estudo Direito do trabalho para Concursos TRT com Estrat\u00e9gia Concursos!\" \/>\n<meta name=\"robots\" content=\"index, follow, max-snippet:-1, max-image-preview:large, max-video-preview:-1\" \/>\n<link rel=\"canonical\" href=\"https:\/\/www.estrategiaconcursos.com.br\/blog\/resumo-direito-do-trabalho-trt-sc-e-go-2013-parte-1\/\" \/>\n<meta property=\"og:locale\" content=\"pt_BR\" \/>\n<meta property=\"og:type\" content=\"article\" \/>\n<meta property=\"og:title\" content=\"Resumo Direito do Trabalho para TRT SC\" \/>\n<meta property=\"og:description\" content=\"Resumo de Direito do Trabalho para Concurso TRT-SC, parte 1. Estudo Direito do trabalho para Concursos TRT com Estrat\u00e9gia Concursos!\" \/>\n<meta property=\"og:url\" content=\"https:\/\/www.estrategiaconcursos.com.br\/blog\/resumo-direito-do-trabalho-trt-sc-e-go-2013-parte-1\/\" \/>\n<meta property=\"og:site_name\" content=\"Estrat\u00e9gia Concursos\" \/>\n<meta property=\"article:author\" content=\"https:\/\/www.facebook.com\/bruno.klippel\" \/>\n<meta property=\"article:published_time\" content=\"2013-06-03T16:50:35+00:00\" \/>\n<meta property=\"article:modified_time\" content=\"2017-06-27T13:16:12+00:00\" \/>\n<meta name=\"author\" content=\"Bruno Klippel\" \/>\n<meta name=\"twitter:card\" content=\"summary_large_image\" \/>\n<meta name=\"twitter:creator\" content=\"@https:\/\/twitter.com\/brunoklippel\" \/>\n<meta name=\"twitter:site\" content=\"@EstratConcursos\" \/>\n<meta name=\"twitter:label1\" content=\"Escrito por\" \/>\n\t<meta name=\"twitter:data1\" content=\"Bruno Klippel\" \/>\n\t<meta name=\"twitter:label2\" content=\"Est. tempo de leitura\" \/>\n\t<meta name=\"twitter:data2\" content=\"22 minutos\" \/>\n<script type=\"application\/ld+json\" class=\"yoast-schema-graph\">{\"@context\":\"https:\/\/schema.org\",\"@graph\":[{\"@type\":\"NewsArticle\",\"@id\":\"https:\/\/www.estrategiaconcursos.com.br\/blog\/resumo-direito-do-trabalho-trt-sc-e-go-2013-parte-1\/#article\",\"isPartOf\":{\"@id\":\"https:\/\/www.estrategiaconcursos.com.br\/blog\/resumo-direito-do-trabalho-trt-sc-e-go-2013-parte-1\/\"},\"author\":{\"name\":\"Bruno Klippel\",\"@id\":\"https:\/\/www.estrategiaconcursos.com.br\/blog\/#\/schema\/person\/e45245f931dbe7daa788a36aeae3db76\"},\"headline\":\"Resumo Direito do Trabalho para TRT SC\",\"datePublished\":\"2013-06-03T16:50:35+00:00\",\"dateModified\":\"2017-06-27T13:16:12+00:00\",\"mainEntityOfPage\":{\"@id\":\"https:\/\/www.estrategiaconcursos.com.br\/blog\/resumo-direito-do-trabalho-trt-sc-e-go-2013-parte-1\/\"},\"wordCount\":4324,\"commentCount\":0,\"publisher\":{\"@id\":\"https:\/\/www.estrategiaconcursos.com.br\/blog\/#organization\"},\"keywords\":[\"resumo\"],\"articleSection\":[\"Concursos P\u00fablicos\"],\"inLanguage\":\"pt-BR\",\"potentialAction\":[{\"@type\":\"CommentAction\",\"name\":\"Comment\",\"target\":[\"https:\/\/www.estrategiaconcursos.com.br\/blog\/resumo-direito-do-trabalho-trt-sc-e-go-2013-parte-1\/#respond\"]}],\"copyrightYear\":\"2013\",\"copyrightHolder\":{\"@id\":\"https:\/\/www.estrategiaconcursos.com.br\/blog\/#organization\"}},{\"@type\":\"WebPage\",\"@id\":\"https:\/\/www.estrategiaconcursos.com.br\/blog\/resumo-direito-do-trabalho-trt-sc-e-go-2013-parte-1\/\",\"url\":\"https:\/\/www.estrategiaconcursos.com.br\/blog\/resumo-direito-do-trabalho-trt-sc-e-go-2013-parte-1\/\",\"name\":\"Resumo Direito do Trabalho para TRT SC\",\"isPartOf\":{\"@id\":\"https:\/\/www.estrategiaconcursos.com.br\/blog\/#website\"},\"datePublished\":\"2013-06-03T16:50:35+00:00\",\"dateModified\":\"2017-06-27T13:16:12+00:00\",\"description\":\"Resumo de Direito do Trabalho para Concurso TRT-SC, parte 1. Estudo Direito do trabalho para Concursos TRT com Estrat\u00e9gia Concursos!\",\"breadcrumb\":{\"@id\":\"https:\/\/www.estrategiaconcursos.com.br\/blog\/resumo-direito-do-trabalho-trt-sc-e-go-2013-parte-1\/#breadcrumb\"},\"inLanguage\":\"pt-BR\",\"potentialAction\":[{\"@type\":\"ReadAction\",\"target\":[\"https:\/\/www.estrategiaconcursos.com.br\/blog\/resumo-direito-do-trabalho-trt-sc-e-go-2013-parte-1\/\"]}]},{\"@type\":\"BreadcrumbList\",\"@id\":\"https:\/\/www.estrategiaconcursos.com.br\/blog\/resumo-direito-do-trabalho-trt-sc-e-go-2013-parte-1\/#breadcrumb\",\"itemListElement\":[{\"@type\":\"ListItem\",\"position\":1,\"name\":\"In\u00edcio\",\"item\":\"https:\/\/www.estrategiaconcursos.com.br\/blog\/\"},{\"@type\":\"ListItem\",\"position\":2,\"name\":\"Resumo Direito do Trabalho para TRT SC\"}]},{\"@type\":\"WebSite\",\"@id\":\"https:\/\/www.estrategiaconcursos.com.br\/blog\/#website\",\"url\":\"https:\/\/www.estrategiaconcursos.com.br\/blog\/\",\"name\":\"Estrat\u00e9gia Concursos\",\"description\":\"O blog da Estrat\u00e9gia Concursos traz not\u00edcias sobre concursos e artigos de professores oferecendo cursos para concursos (pdf + videaulas) no site.\",\"publisher\":{\"@id\":\"https:\/\/www.estrategiaconcursos.com.br\/blog\/#organization\"},\"potentialAction\":[{\"@type\":\"SearchAction\",\"target\":{\"@type\":\"EntryPoint\",\"urlTemplate\":\"https:\/\/www.estrategiaconcursos.com.br\/blog\/?s={search_term_string}\"},\"query-input\":{\"@type\":\"PropertyValueSpecification\",\"valueRequired\":true,\"valueName\":\"search_term_string\"}}],\"inLanguage\":\"pt-BR\"},{\"@type\":\"Organization\",\"@id\":\"https:\/\/www.estrategiaconcursos.com.br\/blog\/#organization\",\"name\":\"Estrat\u00e9gia Concursos\",\"url\":\"https:\/\/www.estrategiaconcursos.com.br\/blog\/\",\"logo\":{\"@type\":\"ImageObject\",\"inLanguage\":\"pt-BR\",\"@id\":\"https:\/\/www.estrategiaconcursos.com.br\/blog\/#\/schema\/logo\/image\/\",\"url\":\"https:\/\/dhg1h5j42swfq.cloudfront.net\/2025\/06\/03203428\/logo_concursos-1.jpg\",\"contentUrl\":\"https:\/\/dhg1h5j42swfq.cloudfront.net\/2025\/06\/03203428\/logo_concursos-1.jpg\",\"width\":230,\"height\":60,\"caption\":\"Estrat\u00e9gia Concursos\"},\"image\":{\"@id\":\"https:\/\/www.estrategiaconcursos.com.br\/blog\/#\/schema\/logo\/image\/\"},\"sameAs\":[\"https:\/\/x.com\/EstratConcursos\"]},{\"@type\":\"Person\",\"@id\":\"https:\/\/www.estrategiaconcursos.com.br\/blog\/#\/schema\/person\/e45245f931dbe7daa788a36aeae3db76\",\"name\":\"Bruno Klippel\",\"image\":{\"@type\":\"ImageObject\",\"inLanguage\":\"pt-BR\",\"@id\":\"https:\/\/secure.gravatar.com\/avatar\/555136b5a9f57831d9839d55086ed04254bbba23fd861d79951efc1f321b41cf?s=96&d=mm&r=g\",\"url\":\"https:\/\/secure.gravatar.com\/avatar\/555136b5a9f57831d9839d55086ed04254bbba23fd861d79951efc1f321b41cf?s=96&d=mm&r=g\",\"contentUrl\":\"https:\/\/secure.gravatar.com\/avatar\/555136b5a9f57831d9839d55086ed04254bbba23fd861d79951efc1f321b41cf?s=96&d=mm&r=g\",\"caption\":\"Bruno Klippel\"},\"sameAs\":[\"https:\/\/www.facebook.com\/bruno.klippel\",\"https:\/\/x.com\/https:\/\/twitter.com\/brunoklippel\"],\"url\":\"https:\/\/www.estrategiaconcursos.com.br\/blog\/author\/brunoklippelestrategiaconcursos-com-br\/\"}]}<\/script>\n<!-- \/ Yoast SEO Premium plugin. -->","yoast_head_json":{"title":"Resumo Direito do Trabalho para TRT SC","description":"Resumo de Direito do Trabalho para Concurso TRT-SC, parte 1. Estudo Direito do trabalho para Concursos TRT com Estrat\u00e9gia Concursos!","robots":{"index":"index","follow":"follow","max-snippet":"max-snippet:-1","max-image-preview":"max-image-preview:large","max-video-preview":"max-video-preview:-1"},"canonical":"https:\/\/www.estrategiaconcursos.com.br\/blog\/resumo-direito-do-trabalho-trt-sc-e-go-2013-parte-1\/","og_locale":"pt_BR","og_type":"article","og_title":"Resumo Direito do Trabalho para TRT SC","og_description":"Resumo de Direito do Trabalho para Concurso TRT-SC, parte 1. Estudo Direito do trabalho para Concursos TRT com Estrat\u00e9gia Concursos!","og_url":"https:\/\/www.estrategiaconcursos.com.br\/blog\/resumo-direito-do-trabalho-trt-sc-e-go-2013-parte-1\/","og_site_name":"Estrat\u00e9gia Concursos","article_author":"https:\/\/www.facebook.com\/bruno.klippel","article_published_time":"2013-06-03T16:50:35+00:00","article_modified_time":"2017-06-27T13:16:12+00:00","author":"Bruno Klippel","twitter_card":"summary_large_image","twitter_creator":"@https:\/\/twitter.com\/brunoklippel","twitter_site":"@EstratConcursos","twitter_misc":{"Escrito por":"Bruno Klippel","Est. tempo de leitura":"22 minutos"},"schema":{"@context":"https:\/\/schema.org","@graph":[{"@type":"NewsArticle","@id":"https:\/\/www.estrategiaconcursos.com.br\/blog\/resumo-direito-do-trabalho-trt-sc-e-go-2013-parte-1\/#article","isPartOf":{"@id":"https:\/\/www.estrategiaconcursos.com.br\/blog\/resumo-direito-do-trabalho-trt-sc-e-go-2013-parte-1\/"},"author":{"name":"Bruno Klippel","@id":"https:\/\/www.estrategiaconcursos.com.br\/blog\/#\/schema\/person\/e45245f931dbe7daa788a36aeae3db76"},"headline":"Resumo Direito do Trabalho para TRT SC","datePublished":"2013-06-03T16:50:35+00:00","dateModified":"2017-06-27T13:16:12+00:00","mainEntityOfPage":{"@id":"https:\/\/www.estrategiaconcursos.com.br\/blog\/resumo-direito-do-trabalho-trt-sc-e-go-2013-parte-1\/"},"wordCount":4324,"commentCount":0,"publisher":{"@id":"https:\/\/www.estrategiaconcursos.com.br\/blog\/#organization"},"keywords":["resumo"],"articleSection":["Concursos P\u00fablicos"],"inLanguage":"pt-BR","potentialAction":[{"@type":"CommentAction","name":"Comment","target":["https:\/\/www.estrategiaconcursos.com.br\/blog\/resumo-direito-do-trabalho-trt-sc-e-go-2013-parte-1\/#respond"]}],"copyrightYear":"2013","copyrightHolder":{"@id":"https:\/\/www.estrategiaconcursos.com.br\/blog\/#organization"}},{"@type":"WebPage","@id":"https:\/\/www.estrategiaconcursos.com.br\/blog\/resumo-direito-do-trabalho-trt-sc-e-go-2013-parte-1\/","url":"https:\/\/www.estrategiaconcursos.com.br\/blog\/resumo-direito-do-trabalho-trt-sc-e-go-2013-parte-1\/","name":"Resumo Direito do Trabalho para TRT SC","isPartOf":{"@id":"https:\/\/www.estrategiaconcursos.com.br\/blog\/#website"},"datePublished":"2013-06-03T16:50:35+00:00","dateModified":"2017-06-27T13:16:12+00:00","description":"Resumo de Direito do Trabalho para Concurso TRT-SC, parte 1. Estudo Direito do trabalho para Concursos TRT com Estrat\u00e9gia Concursos!","breadcrumb":{"@id":"https:\/\/www.estrategiaconcursos.com.br\/blog\/resumo-direito-do-trabalho-trt-sc-e-go-2013-parte-1\/#breadcrumb"},"inLanguage":"pt-BR","potentialAction":[{"@type":"ReadAction","target":["https:\/\/www.estrategiaconcursos.com.br\/blog\/resumo-direito-do-trabalho-trt-sc-e-go-2013-parte-1\/"]}]},{"@type":"BreadcrumbList","@id":"https:\/\/www.estrategiaconcursos.com.br\/blog\/resumo-direito-do-trabalho-trt-sc-e-go-2013-parte-1\/#breadcrumb","itemListElement":[{"@type":"ListItem","position":1,"name":"In\u00edcio","item":"https:\/\/www.estrategiaconcursos.com.br\/blog\/"},{"@type":"ListItem","position":2,"name":"Resumo Direito do Trabalho para TRT SC"}]},{"@type":"WebSite","@id":"https:\/\/www.estrategiaconcursos.com.br\/blog\/#website","url":"https:\/\/www.estrategiaconcursos.com.br\/blog\/","name":"Estrat\u00e9gia Concursos","description":"O blog da Estrat\u00e9gia Concursos traz not\u00edcias sobre concursos e artigos de professores oferecendo cursos para concursos (pdf + videaulas) no site.","publisher":{"@id":"https:\/\/www.estrategiaconcursos.com.br\/blog\/#organization"},"potentialAction":[{"@type":"SearchAction","target":{"@type":"EntryPoint","urlTemplate":"https:\/\/www.estrategiaconcursos.com.br\/blog\/?s={search_term_string}"},"query-input":{"@type":"PropertyValueSpecification","valueRequired":true,"valueName":"search_term_string"}}],"inLanguage":"pt-BR"},{"@type":"Organization","@id":"https:\/\/www.estrategiaconcursos.com.br\/blog\/#organization","name":"Estrat\u00e9gia Concursos","url":"https:\/\/www.estrategiaconcursos.com.br\/blog\/","logo":{"@type":"ImageObject","inLanguage":"pt-BR","@id":"https:\/\/www.estrategiaconcursos.com.br\/blog\/#\/schema\/logo\/image\/","url":"https:\/\/dhg1h5j42swfq.cloudfront.net\/2025\/06\/03203428\/logo_concursos-1.jpg","contentUrl":"https:\/\/dhg1h5j42swfq.cloudfront.net\/2025\/06\/03203428\/logo_concursos-1.jpg","width":230,"height":60,"caption":"Estrat\u00e9gia Concursos"},"image":{"@id":"https:\/\/www.estrategiaconcursos.com.br\/blog\/#\/schema\/logo\/image\/"},"sameAs":["https:\/\/x.com\/EstratConcursos"]},{"@type":"Person","@id":"https:\/\/www.estrategiaconcursos.com.br\/blog\/#\/schema\/person\/e45245f931dbe7daa788a36aeae3db76","name":"Bruno Klippel","image":{"@type":"ImageObject","inLanguage":"pt-BR","@id":"https:\/\/secure.gravatar.com\/avatar\/555136b5a9f57831d9839d55086ed04254bbba23fd861d79951efc1f321b41cf?s=96&d=mm&r=g","url":"https:\/\/secure.gravatar.com\/avatar\/555136b5a9f57831d9839d55086ed04254bbba23fd861d79951efc1f321b41cf?s=96&d=mm&r=g","contentUrl":"https:\/\/secure.gravatar.com\/avatar\/555136b5a9f57831d9839d55086ed04254bbba23fd861d79951efc1f321b41cf?s=96&d=mm&r=g","caption":"Bruno Klippel"},"sameAs":["https:\/\/www.facebook.com\/bruno.klippel","https:\/\/x.com\/https:\/\/twitter.com\/brunoklippel"],"url":"https:\/\/www.estrategiaconcursos.com.br\/blog\/author\/brunoklippelestrategiaconcursos-com-br\/"}]}},"_links":{"self":[{"href":"https:\/\/www.estrategiaconcursos.com.br\/blog\/wp-json\/wp\/v2\/posts\/10189","targetHints":{"allow":["GET"]}}],"collection":[{"href":"https:\/\/www.estrategiaconcursos.com.br\/blog\/wp-json\/wp\/v2\/posts"}],"about":[{"href":"https:\/\/www.estrategiaconcursos.com.br\/blog\/wp-json\/wp\/v2\/types\/post"}],"author":[{"embeddable":true,"href":"https:\/\/www.estrategiaconcursos.com.br\/blog\/wp-json\/wp\/v2\/users\/123"}],"replies":[{"embeddable":true,"href":"https:\/\/www.estrategiaconcursos.com.br\/blog\/wp-json\/wp\/v2\/comments?post=10189"}],"version-history":[{"count":2,"href":"https:\/\/www.estrategiaconcursos.com.br\/blog\/wp-json\/wp\/v2\/posts\/10189\/revisions"}],"predecessor-version":[{"id":79162,"href":"https:\/\/www.estrategiaconcursos.com.br\/blog\/wp-json\/wp\/v2\/posts\/10189\/revisions\/79162"}],"wp:attachment":[{"href":"https:\/\/www.estrategiaconcursos.com.br\/blog\/wp-json\/wp\/v2\/media?parent=10189"}],"wp:term":[{"taxonomy":"category","embeddable":true,"href":"https:\/\/www.estrategiaconcursos.com.br\/blog\/wp-json\/wp\/v2\/categories?post=10189"},{"taxonomy":"post_tag","embeddable":true,"href":"https:\/\/www.estrategiaconcursos.com.br\/blog\/wp-json\/wp\/v2\/tags?post=10189"},{"taxonomy":"tax_estado","embeddable":true,"href":"https:\/\/www.estrategiaconcursos.com.br\/blog\/wp-json\/wp\/v2\/tax_estado?post=10189"}],"curies":[{"name":"wp","href":"https:\/\/api.w.org\/{rel}","templated":true}]}}