{"id":101876,"date":"2022-05-23T10:14:00","date_gmt":"2022-05-23T13:14:00","guid":{"rendered":"https:\/\/www.estrategiaconcursos.com.br\/blog\/?p=101876"},"modified":"2025-10-30T12:07:30","modified_gmt":"2025-10-30T15:07:30","slug":"concurso-alese","status":"publish","type":"post","link":"https:\/\/www.estrategiaconcursos.com.br\/blog\/concurso-alese\/","title":{"rendered":"Concurso ALESE: novo edital segue sem previs\u00e3o! Confira!"},"content":{"rendered":"\n<p>De acordo com informa\u00e7\u00f5es da assessoria de comunica\u00e7\u00e3o da ALESE, reveladas ao jornalismo do Estrat\u00e9gia Concursos, n\u00e3o h\u00e1 previs\u00e3o de que um novo concurso seja realizado no momento.<\/p>\n\n\n\n<blockquote class=\"wp-block-quote is-layout-flow wp-block-quote-is-layout-flow\">\n<p><em>&#8220;Infelizmente n\u00e3o h\u00e1 previs\u00e3o de concurso para a ALESE. O \u00fanico da hist\u00f3ria da Assembleia de Sergipe foi o de 2018&#8221;,<\/em> afirmou a assessoria.<\/p>\n<\/blockquote>\n\n\n\n<p>Realizado em 2018, o \u00faltimo edital ofertou o total de 96 vagas imediatas, al\u00e9m de cadastro reserva, distribu\u00eddas entre diversos cargos de n\u00edveis m\u00e9dio e superior, com sal\u00e1rios at\u00e9 R$ 5 mil!<\/p>\n\n\n\n<ul class=\"has-very-light-gray-to-cyan-bluish-gray-gradient-background has-background wp-block-list\">\n<li><strong>Assembleia Legislativa de Sergipe &#8211; ALESE<\/strong><\/li>\n\n\n\n<li><strong>Status<\/strong>: sem previs\u00e3o<\/li>\n\n\n\n<li><strong>Sal\u00e1rio inicial<\/strong>: R$ 2.103,36 a R$ 3.164,48 + adicionais [\u00faltimo edital]<\/li>\n\n\n\n<li><strong>\u00daltimo edital:<\/strong> <a href=\"https:\/\/dhg1h5j42swfq.cloudfront.net\/2018\/01\/12091730\/Edital-ALESE-20181.pdf\" target=\"_blank\" rel=\"noreferrer noopener nofollow\">ALESE 2018<\/a><\/li>\n<\/ul>\n\n\n\n<p>Conv\u00e9m lembrar que, em raz\u00e3o de uma A\u00e7\u00e3o Civil P\u00fablica ajuizada pelo Minist\u00e9rio P\u00fablico de Sergipe, o Poder Judici\u00e1rio determinou que os candidatos aprovados no \u00faltimo certame, realizado em 2018, fossem convocados.<\/p>\n\n\n\n<p>A decis\u00e3o tamb\u00e9m estabeleceu que seja realizada a exonera\u00e7\u00e3o de cargos comissionados que estejam em desacordo com parecer do Supremo Tribunal Federal (STF). Isso porque foi declarada a a inconstitucionalidade de alguns cargos comissionados que haviam sido criados pela ALESE, visto que exerciam fun\u00e7\u00f5es t\u00e9cnicas e burocr\u00e1ticas.<\/p>\n\n\n\n<p>Confira neste artigo as principais informa\u00e7\u00f5es e novidades a respeito do concurso da Assembleia Legislativa do Sergipe. Acompanhe os t\u00f3picos abaixo e n\u00e3o perca nenhum detalhe:<\/p>\n\n\n\n<ul class=\"wp-block-list\">\n<li><a href=\"#situacao\">Situa\u00e7\u00e3o atual do concurso<\/a>\n<ul class=\"wp-block-list\">\n<li><a href=\"#previsao\">Edital sem previs\u00e3o<\/a><\/li>\n\n\n\n<li><a href=\"#convocacao\">Convoca\u00e7\u00e3o de aprovados<\/a><\/li>\n<\/ul>\n<\/li>\n\n\n\n<li><a href=\"#ultimo-concurso\">\u00daltimo concurso<\/a>\n<ul class=\"wp-block-list\">\n<li><a href=\"#cargos-vagas\">Cargos e vagas<\/a><\/li>\n\n\n\n<li><a href=\"#remuneracao\">Remunera\u00e7\u00e3o<\/a><\/li>\n\n\n\n<li><a href=\"#provas\">Etapas e provas<\/a><\/li>\n<\/ul>\n<\/li>\n\n\n\n<li><a href=\"#cursos-assinatura\">Cursos e assinaturas<\/a><\/li>\n\n\n\n<li><a href=\"#ficha\">Ficha t\u00e9cnica<\/a><\/li>\n<\/ul>\n\n\n\n<h2 class=\"wp-block-heading\" id=\"situacao\">Concurso ALESE: situa\u00e7\u00e3o atual<\/h2>\n\n\n\n<h3 class=\"wp-block-heading\" id=\"previsao\">Edital sem previs\u00e3o<\/h3>\n\n\n\n<p>A assessoria de comunica\u00e7\u00e3o da Assembleia Legislativa do estado de Sergipe (<a href=\"https:\/\/al.se.leg.br\/\" target=\"_blank\" rel=\"noreferrer noopener\">ALESE<\/a>) informou \u00e0 equipe de jornalismo do Estrat\u00e9gia Concursos que um novo concurso para a Casa segue sem previs\u00e3o.<\/p>\n\n\n\n<h3 class=\"wp-block-heading\" id=\"convocacao\">Convoca\u00e7\u00e3o de aprovados<\/h3>\n\n\n\n<p>Ap\u00f3s A\u00e7\u00e3o Civil P\u00fablica ajuizada pelo Minist\u00e9rio P\u00fablico de Sergipe (MP SE), a Justi\u00e7a determinou a convoca\u00e7\u00e3o dos aprovados no \u00faltimo concurso p\u00fablico da Assembleia Legislativa do estado (ALESE). Tamb\u00e9m foi determinada a exonera\u00e7\u00e3o de cargos comissionados que estejam em desacordo com parecer do Supremo Tribunal Federal (STF).<\/p>\n\n\n\n<p>Al\u00e9m disso, a decis\u00e3o estabeleceu a inconstitucionalidade de alguns cargos comissionados que haviam sido criados pela ALESE por exercerem fun\u00e7\u00f5es t\u00e9cnicas e burocr\u00e1ticas. O MP SE comprovou um excesso de profissionais comissionados, pois a Assembleia Legislativa n\u00e3o realizou a readequa\u00e7\u00e3o dos quadros dos servidores.<\/p>\n\n\n\n<blockquote class=\"wp-block-quote is-layout-flow wp-block-quote-is-layout-flow\">\n<p><em>\u201cTem-se, ainda, um concurso p\u00fablico para o qual n\u00e3o se encontra nos autos nenhum documento de nomea\u00e7\u00e3o e posse dos aprovados, exceto um ato de convoca\u00e7\u00e3o que, em se fazendo um paralelo com o n\u00famero de cargos comissionados previstos na Resolu\u00e7\u00e3o n\u00ba 50\/2019, n\u00e3o encontramos a proporcionalidade exigida pela decis\u00e3o do STF e ao mesmo tempo observamos que, n\u00e3o existe distin\u00e7\u00e3o entre as atribui\u00e7\u00f5es dos cargos efetivos e os cargos comissionados, mesmo aqueles a serem ocupados por profissionais de N\u00edvel Superior\u201d.<\/em><\/p>\n<\/blockquote>\n\n\n\n<h2 class=\"wp-block-heading\" id=\"ultimo-concurso\">Concurso ALESE: \u00faltimo concurso<\/h2>\n\n\n\n<p>O edital do concurso ALESE foi divulgado em 12 de janeiro de 2018, no Di\u00e1rio Oficial do Estado de Sergipe. No total, foram oferecidas&nbsp;96 vagas, al\u00e9m de forma\u00e7\u00e3o de cadastro de reserva, para cargos de n\u00edvel m\u00e9dio (T\u00e9cnico) e superior (Analista).<\/p>\n\n\n\n<p>Vale ressaltar que, seguindo a lei de cotas, das 96 vagas disponibilizadas no certame,&nbsp;20%&nbsp;foram reservadas \u00e0s&nbsp; pessoas com defici\u00eancia.<\/p>\n\n\n\n<h3 class=\"wp-block-heading\" id=\"cargos-vagas\">Cargos e vagas<\/h3>\n\n\n\n<p><strong>N\u00edvel M\u00e9dio (T\u00e9cnico Legislativo)<\/strong><\/p>\n\n\n\n<ul class=\"wp-block-list\">\n<li>40 vagas para T\u00e9cnico Legislativo (\u00c1rea: apoio t\u00e9cnico-administrativo);<\/li>\n\n\n\n<li>14 vagas para T\u00e9cnico Legislativo (\u00c1rea: Taquigrafia).<\/li>\n<\/ul>\n\n\n\n<p><strong>N\u00edvel Superior (Assistente Legislativo)<\/strong><\/p>\n\n\n\n<ul class=\"wp-block-list\">\n<li>05 vagas para Enfermeiros;<\/li>\n\n\n\n<li>03 vagas para Odont\u00f3logos;<\/li>\n\n\n\n<li>02 vagas para M\u00e9dicos;<\/li>\n\n\n\n<li>01 vagas para Psic\u00f3logo;<\/li>\n\n\n\n<li>02 vagas para Assistentes Sociais;<\/li>\n\n\n\n<li>02 vagas para Administradores;<\/li>\n\n\n\n<li>02 vagas para Contadores;<\/li>\n\n\n\n<li>01 vaga para Economista;<\/li>\n\n\n\n<li>01 vaga para Bibliotec\u00e1rio;<\/li>\n\n\n\n<li>05 vagas para Jornalistas;<\/li>\n\n\n\n<li>01 vaga para Arquivista;<\/li>\n\n\n\n<li>01 vaga para Arquiteto;<\/li>\n\n\n\n<li>01 vaga para Engenheiro Civil;<\/li>\n\n\n\n<li>05 vagas para Analista Legislativo &#8211; Bacharel em Direito;<\/li>\n\n\n\n<li>10 vagas para Proc. Legislativo &#8211; Bacharel em Direito.<\/li>\n<\/ul>\n\n\n\n<h3 class=\"wp-block-heading\" id=\"remuneracao\">Remunera\u00e7\u00e3o<\/h3>\n\n\n\n<p>A remunera\u00e7\u00e3o do \u00faltimo concurso ALESE foi fixado em R$ 2.103,36 a R$ 3.164,48, al\u00e9m de adicionais de Aux\u00edlio Alimenta\u00e7\u00e3o no valor de R$ 680,00 e Aux\u00edlio Sa\u00fade variando entre os valores de R$ 920,00 a R$ 986,00, de acordo com a faixa et\u00e1ria.<\/p>\n\n\n\n<h3 class=\"wp-block-heading\" id=\"provas\">Etapas e provas<\/h3>\n\n\n\n<p>A aplica\u00e7\u00e3o das provas ocorreu em<strong> <\/strong>abril de 2018. O per\u00edodo da manh\u00e3 foi destinado aos candidatos dos cargos de <strong>n\u00edvel<\/strong> <strong>m\u00e9dio<\/strong>. J\u00e1 no per\u00edodo da tarde foram aplicadas as provas de <strong>n\u00edvel superior.<\/strong><\/p>\n\n\n\n<p>Para os cargos de T\u00e9cnico Legislativo (\u00c1rea: apoio t\u00e9cnico-administrativo), houve aplica\u00e7\u00e3o de apenas uma etapa, sendo ela a prova objetiva. J\u00e1 para T\u00e9cnico Legislativo (\u00c1rea:&nbsp;Taquigrafia) foram aplicadas, na mesma data, uma&nbsp;prova objetiva e&nbsp;uma prova discursiva (reda\u00e7\u00e3o). Os candidatos tamb\u00e9m foram avaliados atrav\u00e9s de uma&nbsp;prova pr\u00e1tica.<\/p>\n\n\n\n<p>Para os cargos de Assistente Legislativo (N\u00edvel Superior) foi aplicada, al\u00e9m da&nbsp;prova objetiva,&nbsp;uma prova discursiva, na mesma data, consistindo em um&nbsp;estudo de caso.<\/p>\n\n\n\n<p>As provas objetivas e discursivas tiveram dura\u00e7\u00e3o m\u00e1xima de&nbsp;4 horas, todas compostas por 40 quest\u00f5es de m\u00faltipla escolha.<\/p>\n\n\n\n<h2 class=\"wp-block-heading has-text-align-center\" id=\"h-quer-saber-tudo-sobre-os-concursos-previstos-confira-nossos-artigos\">Quer saber tudo sobre os concursos previstos?<br \/>Confira nossos artigos!<\/h2>\n\n\n\n<ul class=\"wp-block-list\">\n<li><a href=\"https:\/\/www.estrategiaconcursos.com.br\/blog\/concursos-abertos\/\" target=\"_blank\" rel=\"noreferrer noopener\">Concursos abertos<\/a><\/li>\n\n\n\n<li><a href=\"https:\/\/www.estrategiaconcursos.com.br\/blog\/concursos-2024\/\" target=\"_blank\" rel=\"noreferrer noopener\">Concursos 2024<\/a><\/li>\n<\/ul>\n\n\n\n<hr class=\"wp-block-separator has-css-opacity\"\/>\n\n\n\n<h2 class=\"wp-block-heading has-text-align-center\" id=\"cursos-assinatura\">Quer estudar para o concurso ALESE?<\/h2>\n\n\n\n<div class=\"container\" id=\"boxes\">\n  <div class=\"row\">\n\n    <div class=\"col-sm\">\n      <div class=\"banner-ale\" id=\"box-assinatura\">\n        <h3 class=\"titulo-assinatura\">Concurso ALESE<\/h3>\n        <p class=\"subtitulo-assinatura\">Prepara\u00e7\u00e3o completa para a carreira na ALESE<\/p>\n        <div class=\"box-botao\">\n          <a class=\"btn-assinatura\" target=\"_blank\" href=\"https:\/\/www.estrategiaconcursos.com.br\/cursosPorConcurso\/area-legislativa-pacotes-promocionais\/\" role=\"button\" rel=\"noopener noreferrer\">VER CURSOS<\/a>\n        <\/div>\n      <\/div>\n     \n\n  <\/div>\n<\/div><\/div>\n\n\n\n<div class=\"container\" id=\"boxes\">\n  <div class=\"row\">\n\n    <div class=\"col-sm\">\n      <div class=\"estrategia\" id=\"box-assinatura\">\n        <h3 class=\"titulo-assinatura\">Assinatura de Concursos<\/h3>\n        <p class=\"subtitulo-assinatura\">Assinatura de 1 ano ou 2 anos<\/p>\n        <div class=\"box-botao\">\n          <a class=\"btn-assinatura\" target=\"_blank\" href=\"https:\/\/www.estrategiaconcursos.com.br\/assinaturas\/\" role=\"button\" rel=\"noopener noreferrer\">ASSINE AGORA<\/a>\n        <\/div>\n      <\/div>\n     \n    <\/div><\/div><\/div>\n\n\n\n<figure class=\"wp-block-image size-large is-resized\"><img loading=\"lazy\" decoding=\"async\" width=\"1024\" height=\"632\" src=\"https:\/\/dhg1h5j42swfq.cloudfront.net\/2021\/04\/26093628\/ficha-tecnica-172-1024x632.png\" alt=\"Ficha t\u00e9cnica do concurso ALESE\" class=\"wp-image-723161\" style=\"width:297px;height:183px\" title=\"\" srcset=\"https:\/\/dhg1h5j42swfq.cloudfront.net\/2021\/04\/26093628\/ficha-tecnica-172-1024x632.png 1024w, https:\/\/dhg1h5j42swfq.cloudfront.net\/2021\/04\/26093628\/ficha-tecnica-172-300x185.png 300w, https:\/\/dhg1h5j42swfq.cloudfront.net\/2021\/04\/26093628\/ficha-tecnica-172-768x474.png 768w, https:\/\/dhg1h5j42swfq.cloudfront.net\/2021\/04\/26093628\/ficha-tecnica-172-1536x948.png 1536w, https:\/\/dhg1h5j42swfq.cloudfront.net\/2021\/04\/26093628\/ficha-tecnica-172-610x377.png 610w, https:\/\/dhg1h5j42swfq.cloudfront.net\/2021\/04\/26093628\/ficha-tecnica-172.png 1571w\" sizes=\"auto, (max-width: 1024px) 100vw, 1024px\" \/><\/figure>\n\n\n\n<h3 class=\"wp-block-heading\" id=\"ficha\">Informa\u00e7\u00f5es do \u00faltimo concurso ALESE<\/h3>\n\n\n\n<ul class=\"wp-block-list\">\n<li><strong>Data<\/strong>: 2018<\/li>\n\n\n\n<li><strong>Vagas<\/strong>: 96 <\/li>\n\n\n\n<li><strong>Lota\u00e7\u00f5es<\/strong>: Aracaju <\/li>\n\n\n\n<li><strong>Banca<\/strong>: FCC<\/li>\n\n\n\n<li><strong>Escolaridade<\/strong>:&nbsp;Ensino m\u00e9dio e superior<\/li>\n\n\n\n<li><strong>\u00daltimo edital<\/strong>: <a href=\"https:\/\/dhg1h5j42swfq.cloudfront.net\/2018\/01\/12091730\/Edital-ALESE-20181.pdf\" target=\"_blank\" rel=\"noreferrer noopener nofollow\">ALESE 2018<\/a><\/li>\n<\/ul>\n","protected":false},"excerpt":{"rendered":"<p>De acordo com informa\u00e7\u00f5es da assessoria de comunica\u00e7\u00e3o da ALESE, reveladas ao jornalismo do Estrat\u00e9gia Concursos, n\u00e3o h\u00e1 previs\u00e3o de que um novo concurso seja realizado no momento. &#8220;Infelizmente n\u00e3o h\u00e1 previs\u00e3o de concurso para a ALESE. O \u00fanico da hist\u00f3ria da Assembleia de Sergipe foi o de 2018&#8221;, afirmou a assessoria. Realizado em 2018, [&hellip;]<\/p>\n","protected":false},"author":1483,"featured_media":1112396,"comment_status":"open","ping_status":"closed","sticky":false,"template":"","format":"standard","meta":{"post_tipo":"news_page","footnotes":""},"categories":[2017],"tags":[3359,48],"tax_estado":[219988],"class_list":["post-101876","post","type-post","status-publish","format-standard","has-post-thumbnail","hentry","category-concursos-legislativos","tag-concurso-alese","tag-edital","tax_estado-se"],"acf":[],"yoast_head":"<!-- This site is optimized with the Yoast SEO Premium plugin v27.2 (Yoast SEO v27.2) - https:\/\/yoast.com\/product\/yoast-seo-premium-wordpress\/ -->\n<title>Concurso ALESE: novo edital segue sem previs\u00e3o! Confira!<\/title>\n<meta name=\"description\" content=\"Concurso ALESE: novo edital da Assembleia Legislativa de Sergipe segue sem previs\u00e3o, segundo informa\u00e7\u00f5es da assessoria da Casa. Confira!\" \/>\n<meta name=\"robots\" content=\"index, follow, max-snippet:-1, max-image-preview:large, max-video-preview:-1\" \/>\n<link rel=\"canonical\" href=\"https:\/\/www.estrategiaconcursos.com.br\/blog\/concurso-alese\/\" \/>\n<meta property=\"og:locale\" content=\"pt_BR\" \/>\n<meta property=\"og:type\" content=\"article\" \/>\n<meta property=\"og:title\" content=\"Concurso ALESE: novo edital segue sem previs\u00e3o! Confira!\" \/>\n<meta property=\"og:description\" content=\"Concurso ALESE: novo edital da Assembleia Legislativa de Sergipe segue sem previs\u00e3o, segundo informa\u00e7\u00f5es da assessoria da Casa. Confira!\" \/>\n<meta property=\"og:url\" content=\"https:\/\/www.estrategiaconcursos.com.br\/blog\/concurso-alese\/\" \/>\n<meta property=\"og:site_name\" content=\"Estrat\u00e9gia Concursos\" \/>\n<meta property=\"article:published_time\" content=\"2022-05-23T13:14:00+00:00\" \/>\n<meta property=\"article:modified_time\" content=\"2025-10-30T15:07:30+00:00\" \/>\n<meta property=\"og:image\" content=\"https:\/\/dhg1h5j42swfq.cloudfront.net\/2021\/04\/19102344\/concurso-alese.jpg\" \/>\n\t<meta property=\"og:image:width\" content=\"768\" \/>\n\t<meta property=\"og:image:height\" content=\"432\" \/>\n\t<meta property=\"og:image:type\" content=\"image\/jpeg\" \/>\n<meta name=\"author\" content=\"Diogo Mendes\" \/>\n<meta name=\"twitter:card\" content=\"summary_large_image\" \/>\n<meta name=\"twitter:creator\" content=\"@EstratConcursos\" \/>\n<meta name=\"twitter:site\" content=\"@EstratConcursos\" \/>\n<meta name=\"twitter:label1\" content=\"Escrito por\" \/>\n\t<meta name=\"twitter:data1\" content=\"Diogo Mendes\" \/>\n\t<meta name=\"twitter:label2\" content=\"Est. tempo de leitura\" \/>\n\t<meta name=\"twitter:data2\" content=\"4 minutos\" \/>\n<script type=\"application\/ld+json\" class=\"yoast-schema-graph\">{\"@context\":\"https:\/\/schema.org\",\"@graph\":[{\"@type\":\"NewsArticle\",\"@id\":\"https:\/\/www.estrategiaconcursos.com.br\/blog\/concurso-alese\/#article\",\"isPartOf\":{\"@id\":\"https:\/\/www.estrategiaconcursos.com.br\/blog\/concurso-alese\/\"},\"author\":{\"name\":\"Diogo Mendes\",\"@id\":\"https:\/\/www.estrategiaconcursos.com.br\/blog\/#\/schema\/person\/cc9e76173880338ce9f656c88664a1f6\"},\"headline\":\"Concurso ALESE: novo edital segue sem previs\u00e3o! Confira!\",\"datePublished\":\"2022-05-23T13:14:00+00:00\",\"dateModified\":\"2025-10-30T15:07:30+00:00\",\"mainEntityOfPage\":{\"@id\":\"https:\/\/www.estrategiaconcursos.com.br\/blog\/concurso-alese\/\"},\"wordCount\":952,\"commentCount\":23,\"publisher\":{\"@id\":\"https:\/\/www.estrategiaconcursos.com.br\/blog\/#organization\"},\"image\":{\"@id\":\"https:\/\/www.estrategiaconcursos.com.br\/blog\/concurso-alese\/#primaryimage\"},\"thumbnailUrl\":\"https:\/\/dhg1h5j42swfq.cloudfront.net\/2021\/04\/19102344\/concurso-alese.jpg\",\"keywords\":[\"Concurso ALESE\",\"edital\"],\"articleSection\":[\"Legislativo\"],\"inLanguage\":\"pt-BR\",\"potentialAction\":[{\"@type\":\"CommentAction\",\"name\":\"Comment\",\"target\":[\"https:\/\/www.estrategiaconcursos.com.br\/blog\/concurso-alese\/#respond\"]}],\"copyrightYear\":\"2022\",\"copyrightHolder\":{\"@id\":\"https:\/\/www.estrategiaconcursos.com.br\/blog\/#organization\"}},{\"@type\":\"WebPage\",\"@id\":\"https:\/\/www.estrategiaconcursos.com.br\/blog\/concurso-alese\/\",\"url\":\"https:\/\/www.estrategiaconcursos.com.br\/blog\/concurso-alese\/\",\"name\":\"Concurso ALESE: novo edital segue sem previs\u00e3o! Confira!\",\"isPartOf\":{\"@id\":\"https:\/\/www.estrategiaconcursos.com.br\/blog\/#website\"},\"primaryImageOfPage\":{\"@id\":\"https:\/\/www.estrategiaconcursos.com.br\/blog\/concurso-alese\/#primaryimage\"},\"image\":{\"@id\":\"https:\/\/www.estrategiaconcursos.com.br\/blog\/concurso-alese\/#primaryimage\"},\"thumbnailUrl\":\"https:\/\/dhg1h5j42swfq.cloudfront.net\/2021\/04\/19102344\/concurso-alese.jpg\",\"datePublished\":\"2022-05-23T13:14:00+00:00\",\"dateModified\":\"2025-10-30T15:07:30+00:00\",\"description\":\"Concurso ALESE: novo edital da Assembleia Legislativa de Sergipe segue sem previs\u00e3o, segundo informa\u00e7\u00f5es da assessoria da Casa. Confira!\",\"breadcrumb\":{\"@id\":\"https:\/\/www.estrategiaconcursos.com.br\/blog\/concurso-alese\/#breadcrumb\"},\"inLanguage\":\"pt-BR\",\"potentialAction\":[{\"@type\":\"ReadAction\",\"target\":[\"https:\/\/www.estrategiaconcursos.com.br\/blog\/concurso-alese\/\"]}]},{\"@type\":\"ImageObject\",\"inLanguage\":\"pt-BR\",\"@id\":\"https:\/\/www.estrategiaconcursos.com.br\/blog\/concurso-alese\/#primaryimage\",\"url\":\"https:\/\/dhg1h5j42swfq.cloudfront.net\/2021\/04\/19102344\/concurso-alese.jpg\",\"contentUrl\":\"https:\/\/dhg1h5j42swfq.cloudfront.net\/2021\/04\/19102344\/concurso-alese.jpg\",\"width\":768,\"height\":432,\"caption\":\"concurso alese\"},{\"@type\":\"BreadcrumbList\",\"@id\":\"https:\/\/www.estrategiaconcursos.com.br\/blog\/concurso-alese\/#breadcrumb\",\"itemListElement\":[{\"@type\":\"ListItem\",\"position\":1,\"name\":\"In\u00edcio\",\"item\":\"https:\/\/www.estrategiaconcursos.com.br\/blog\/\"},{\"@type\":\"ListItem\",\"position\":2,\"name\":\"Concurso ALESE: novo edital segue sem previs\u00e3o! Confira!\"}]},{\"@type\":\"WebSite\",\"@id\":\"https:\/\/www.estrategiaconcursos.com.br\/blog\/#website\",\"url\":\"https:\/\/www.estrategiaconcursos.com.br\/blog\/\",\"name\":\"Estrat\u00e9gia Concursos\",\"description\":\"O blog da Estrat\u00e9gia Concursos traz not\u00edcias sobre concursos e artigos de professores oferecendo cursos para concursos (pdf + videaulas) no site.\",\"publisher\":{\"@id\":\"https:\/\/www.estrategiaconcursos.com.br\/blog\/#organization\"},\"potentialAction\":[{\"@type\":\"SearchAction\",\"target\":{\"@type\":\"EntryPoint\",\"urlTemplate\":\"https:\/\/www.estrategiaconcursos.com.br\/blog\/?s={search_term_string}\"},\"query-input\":{\"@type\":\"PropertyValueSpecification\",\"valueRequired\":true,\"valueName\":\"search_term_string\"}}],\"inLanguage\":\"pt-BR\"},{\"@type\":\"Organization\",\"@id\":\"https:\/\/www.estrategiaconcursos.com.br\/blog\/#organization\",\"name\":\"Estrat\u00e9gia Concursos\",\"url\":\"https:\/\/www.estrategiaconcursos.com.br\/blog\/\",\"logo\":{\"@type\":\"ImageObject\",\"inLanguage\":\"pt-BR\",\"@id\":\"https:\/\/www.estrategiaconcursos.com.br\/blog\/#\/schema\/logo\/image\/\",\"url\":\"https:\/\/dhg1h5j42swfq.cloudfront.net\/2025\/06\/03203428\/logo_concursos-1.jpg\",\"contentUrl\":\"https:\/\/dhg1h5j42swfq.cloudfront.net\/2025\/06\/03203428\/logo_concursos-1.jpg\",\"width\":230,\"height\":60,\"caption\":\"Estrat\u00e9gia Concursos\"},\"image\":{\"@id\":\"https:\/\/www.estrategiaconcursos.com.br\/blog\/#\/schema\/logo\/image\/\"},\"sameAs\":[\"https:\/\/x.com\/EstratConcursos\"]},{\"@type\":\"Person\",\"@id\":\"https:\/\/www.estrategiaconcursos.com.br\/blog\/#\/schema\/person\/cc9e76173880338ce9f656c88664a1f6\",\"name\":\"Diogo Mendes\",\"image\":{\"@type\":\"ImageObject\",\"inLanguage\":\"pt-BR\",\"@id\":\"https:\/\/secure.gravatar.com\/avatar\/9754d6777d460a45ef4067b586b94c32005cc2345a0404b8d96adc620cf63806?s=96&d=mm&r=g\",\"url\":\"https:\/\/secure.gravatar.com\/avatar\/9754d6777d460a45ef4067b586b94c32005cc2345a0404b8d96adc620cf63806?s=96&d=mm&r=g\",\"contentUrl\":\"https:\/\/secure.gravatar.com\/avatar\/9754d6777d460a45ef4067b586b94c32005cc2345a0404b8d96adc620cf63806?s=96&d=mm&r=g\",\"caption\":\"Diogo Mendes\"},\"description\":\"Diogo Mendes \u00e9 jornalista formado pela Universidade Paulista, com experi\u00eancia em reda\u00e7\u00f5es de diversos ve\u00edculos e na produ\u00e7\u00e3o de conte\u00fados especializados em concursos p\u00fablicos. Desde 2019, atua no Estrat\u00e9gia Concursos como Jornalista e Analista de Conte\u00fado, com foco na apura\u00e7\u00e3o de informa\u00e7\u00f5es junto a \u00f3rg\u00e3os e fontes oficiais. Dedica-se especialmente \u00e0 produ\u00e7\u00e3o de not\u00edcias e reportagens sobre Concursos Legislativos, al\u00e9m de acompanhar diariamente os concursos policiais, banc\u00e1rios e da \u00e1rea da sa\u00fade.\",\"url\":\"https:\/\/www.estrategiaconcursos.com.br\/blog\/author\/diogo-mendesestrategiaconcursos-com-br\/\"}]}<\/script>\n<!-- \/ Yoast SEO Premium plugin. -->","yoast_head_json":{"title":"Concurso ALESE: novo edital segue sem previs\u00e3o! Confira!","description":"Concurso ALESE: novo edital da Assembleia Legislativa de Sergipe segue sem previs\u00e3o, segundo informa\u00e7\u00f5es da assessoria da Casa. Confira!","robots":{"index":"index","follow":"follow","max-snippet":"max-snippet:-1","max-image-preview":"max-image-preview:large","max-video-preview":"max-video-preview:-1"},"canonical":"https:\/\/www.estrategiaconcursos.com.br\/blog\/concurso-alese\/","og_locale":"pt_BR","og_type":"article","og_title":"Concurso ALESE: novo edital segue sem previs\u00e3o! Confira!","og_description":"Concurso ALESE: novo edital da Assembleia Legislativa de Sergipe segue sem previs\u00e3o, segundo informa\u00e7\u00f5es da assessoria da Casa. Confira!","og_url":"https:\/\/www.estrategiaconcursos.com.br\/blog\/concurso-alese\/","og_site_name":"Estrat\u00e9gia Concursos","article_published_time":"2022-05-23T13:14:00+00:00","article_modified_time":"2025-10-30T15:07:30+00:00","og_image":[{"width":768,"height":432,"url":"https:\/\/dhg1h5j42swfq.cloudfront.net\/2021\/04\/19102344\/concurso-alese.jpg","type":"image\/jpeg"}],"author":"Diogo Mendes","twitter_card":"summary_large_image","twitter_creator":"@EstratConcursos","twitter_site":"@EstratConcursos","twitter_misc":{"Escrito por":"Diogo Mendes","Est. tempo de leitura":"4 minutos"},"schema":{"@context":"https:\/\/schema.org","@graph":[{"@type":"NewsArticle","@id":"https:\/\/www.estrategiaconcursos.com.br\/blog\/concurso-alese\/#article","isPartOf":{"@id":"https:\/\/www.estrategiaconcursos.com.br\/blog\/concurso-alese\/"},"author":{"name":"Diogo Mendes","@id":"https:\/\/www.estrategiaconcursos.com.br\/blog\/#\/schema\/person\/cc9e76173880338ce9f656c88664a1f6"},"headline":"Concurso ALESE: novo edital segue sem previs\u00e3o! Confira!","datePublished":"2022-05-23T13:14:00+00:00","dateModified":"2025-10-30T15:07:30+00:00","mainEntityOfPage":{"@id":"https:\/\/www.estrategiaconcursos.com.br\/blog\/concurso-alese\/"},"wordCount":952,"commentCount":23,"publisher":{"@id":"https:\/\/www.estrategiaconcursos.com.br\/blog\/#organization"},"image":{"@id":"https:\/\/www.estrategiaconcursos.com.br\/blog\/concurso-alese\/#primaryimage"},"thumbnailUrl":"https:\/\/dhg1h5j42swfq.cloudfront.net\/2021\/04\/19102344\/concurso-alese.jpg","keywords":["Concurso ALESE","edital"],"articleSection":["Legislativo"],"inLanguage":"pt-BR","potentialAction":[{"@type":"CommentAction","name":"Comment","target":["https:\/\/www.estrategiaconcursos.com.br\/blog\/concurso-alese\/#respond"]}],"copyrightYear":"2022","copyrightHolder":{"@id":"https:\/\/www.estrategiaconcursos.com.br\/blog\/#organization"}},{"@type":"WebPage","@id":"https:\/\/www.estrategiaconcursos.com.br\/blog\/concurso-alese\/","url":"https:\/\/www.estrategiaconcursos.com.br\/blog\/concurso-alese\/","name":"Concurso ALESE: novo edital segue sem previs\u00e3o! Confira!","isPartOf":{"@id":"https:\/\/www.estrategiaconcursos.com.br\/blog\/#website"},"primaryImageOfPage":{"@id":"https:\/\/www.estrategiaconcursos.com.br\/blog\/concurso-alese\/#primaryimage"},"image":{"@id":"https:\/\/www.estrategiaconcursos.com.br\/blog\/concurso-alese\/#primaryimage"},"thumbnailUrl":"https:\/\/dhg1h5j42swfq.cloudfront.net\/2021\/04\/19102344\/concurso-alese.jpg","datePublished":"2022-05-23T13:14:00+00:00","dateModified":"2025-10-30T15:07:30+00:00","description":"Concurso ALESE: novo edital da Assembleia Legislativa de Sergipe segue sem previs\u00e3o, segundo informa\u00e7\u00f5es da assessoria da Casa. Confira!","breadcrumb":{"@id":"https:\/\/www.estrategiaconcursos.com.br\/blog\/concurso-alese\/#breadcrumb"},"inLanguage":"pt-BR","potentialAction":[{"@type":"ReadAction","target":["https:\/\/www.estrategiaconcursos.com.br\/blog\/concurso-alese\/"]}]},{"@type":"ImageObject","inLanguage":"pt-BR","@id":"https:\/\/www.estrategiaconcursos.com.br\/blog\/concurso-alese\/#primaryimage","url":"https:\/\/dhg1h5j42swfq.cloudfront.net\/2021\/04\/19102344\/concurso-alese.jpg","contentUrl":"https:\/\/dhg1h5j42swfq.cloudfront.net\/2021\/04\/19102344\/concurso-alese.jpg","width":768,"height":432,"caption":"concurso alese"},{"@type":"BreadcrumbList","@id":"https:\/\/www.estrategiaconcursos.com.br\/blog\/concurso-alese\/#breadcrumb","itemListElement":[{"@type":"ListItem","position":1,"name":"In\u00edcio","item":"https:\/\/www.estrategiaconcursos.com.br\/blog\/"},{"@type":"ListItem","position":2,"name":"Concurso ALESE: novo edital segue sem previs\u00e3o! Confira!"}]},{"@type":"WebSite","@id":"https:\/\/www.estrategiaconcursos.com.br\/blog\/#website","url":"https:\/\/www.estrategiaconcursos.com.br\/blog\/","name":"Estrat\u00e9gia Concursos","description":"O blog da Estrat\u00e9gia Concursos traz not\u00edcias sobre concursos e artigos de professores oferecendo cursos para concursos (pdf + videaulas) no site.","publisher":{"@id":"https:\/\/www.estrategiaconcursos.com.br\/blog\/#organization"},"potentialAction":[{"@type":"SearchAction","target":{"@type":"EntryPoint","urlTemplate":"https:\/\/www.estrategiaconcursos.com.br\/blog\/?s={search_term_string}"},"query-input":{"@type":"PropertyValueSpecification","valueRequired":true,"valueName":"search_term_string"}}],"inLanguage":"pt-BR"},{"@type":"Organization","@id":"https:\/\/www.estrategiaconcursos.com.br\/blog\/#organization","name":"Estrat\u00e9gia Concursos","url":"https:\/\/www.estrategiaconcursos.com.br\/blog\/","logo":{"@type":"ImageObject","inLanguage":"pt-BR","@id":"https:\/\/www.estrategiaconcursos.com.br\/blog\/#\/schema\/logo\/image\/","url":"https:\/\/dhg1h5j42swfq.cloudfront.net\/2025\/06\/03203428\/logo_concursos-1.jpg","contentUrl":"https:\/\/dhg1h5j42swfq.cloudfront.net\/2025\/06\/03203428\/logo_concursos-1.jpg","width":230,"height":60,"caption":"Estrat\u00e9gia Concursos"},"image":{"@id":"https:\/\/www.estrategiaconcursos.com.br\/blog\/#\/schema\/logo\/image\/"},"sameAs":["https:\/\/x.com\/EstratConcursos"]},{"@type":"Person","@id":"https:\/\/www.estrategiaconcursos.com.br\/blog\/#\/schema\/person\/cc9e76173880338ce9f656c88664a1f6","name":"Diogo Mendes","image":{"@type":"ImageObject","inLanguage":"pt-BR","@id":"https:\/\/secure.gravatar.com\/avatar\/9754d6777d460a45ef4067b586b94c32005cc2345a0404b8d96adc620cf63806?s=96&d=mm&r=g","url":"https:\/\/secure.gravatar.com\/avatar\/9754d6777d460a45ef4067b586b94c32005cc2345a0404b8d96adc620cf63806?s=96&d=mm&r=g","contentUrl":"https:\/\/secure.gravatar.com\/avatar\/9754d6777d460a45ef4067b586b94c32005cc2345a0404b8d96adc620cf63806?s=96&d=mm&r=g","caption":"Diogo Mendes"},"description":"Diogo Mendes \u00e9 jornalista formado pela Universidade Paulista, com experi\u00eancia em reda\u00e7\u00f5es de diversos ve\u00edculos e na produ\u00e7\u00e3o de conte\u00fados especializados em concursos p\u00fablicos. Desde 2019, atua no Estrat\u00e9gia Concursos como Jornalista e Analista de Conte\u00fado, com foco na apura\u00e7\u00e3o de informa\u00e7\u00f5es junto a \u00f3rg\u00e3os e fontes oficiais. Dedica-se especialmente \u00e0 produ\u00e7\u00e3o de not\u00edcias e reportagens sobre Concursos Legislativos, al\u00e9m de acompanhar diariamente os concursos policiais, banc\u00e1rios e da \u00e1rea da sa\u00fade.","url":"https:\/\/www.estrategiaconcursos.com.br\/blog\/author\/diogo-mendesestrategiaconcursos-com-br\/"}]}},"_links":{"self":[{"href":"https:\/\/www.estrategiaconcursos.com.br\/blog\/wp-json\/wp\/v2\/posts\/101876","targetHints":{"allow":["GET"]}}],"collection":[{"href":"https:\/\/www.estrategiaconcursos.com.br\/blog\/wp-json\/wp\/v2\/posts"}],"about":[{"href":"https:\/\/www.estrategiaconcursos.com.br\/blog\/wp-json\/wp\/v2\/types\/post"}],"author":[{"embeddable":true,"href":"https:\/\/www.estrategiaconcursos.com.br\/blog\/wp-json\/wp\/v2\/users\/1483"}],"replies":[{"embeddable":true,"href":"https:\/\/www.estrategiaconcursos.com.br\/blog\/wp-json\/wp\/v2\/comments?post=101876"}],"version-history":[{"count":31,"href":"https:\/\/www.estrategiaconcursos.com.br\/blog\/wp-json\/wp\/v2\/posts\/101876\/revisions"}],"predecessor-version":[{"id":1371069,"href":"https:\/\/www.estrategiaconcursos.com.br\/blog\/wp-json\/wp\/v2\/posts\/101876\/revisions\/1371069"}],"wp:featuredmedia":[{"embeddable":true,"href":"https:\/\/www.estrategiaconcursos.com.br\/blog\/wp-json\/wp\/v2\/media\/1112396"}],"wp:attachment":[{"href":"https:\/\/www.estrategiaconcursos.com.br\/blog\/wp-json\/wp\/v2\/media?parent=101876"}],"wp:term":[{"taxonomy":"category","embeddable":true,"href":"https:\/\/www.estrategiaconcursos.com.br\/blog\/wp-json\/wp\/v2\/categories?post=101876"},{"taxonomy":"post_tag","embeddable":true,"href":"https:\/\/www.estrategiaconcursos.com.br\/blog\/wp-json\/wp\/v2\/tags?post=101876"},{"taxonomy":"tax_estado","embeddable":true,"href":"https:\/\/www.estrategiaconcursos.com.br\/blog\/wp-json\/wp\/v2\/tax_estado?post=101876"}],"curies":[{"name":"wp","href":"https:\/\/api.w.org\/{rel}","templated":true}]}}