{"id":1018757,"date":"2022-05-07T12:57:00","date_gmt":"2022-05-07T15:57:00","guid":{"rendered":"https:\/\/www.estrategiaconcursos.com.br\/blog\/?p=1018757"},"modified":"2022-05-11T09:35:34","modified_gmt":"2022-05-11T12:35:34","slug":"lei-organica-mp-sc-competencias","status":"publish","type":"post","link":"https:\/\/www.estrategiaconcursos.com.br\/blog\/lei-organica-mp-sc-competencias\/","title":{"rendered":"Lei Org\u00e2nica do MP-SC: Compet\u00eancias do MP-SC na Lei 738\/2019"},"content":{"rendered":"\n<p>Confira aqui um resumo das <strong>Compet\u00eancias do MP-SC<\/strong>, na sua <strong>Lei Org\u00e2nica<\/strong>&nbsp;(<strong>Lei 738\/2019)<\/strong>, para o concurso do&nbsp;<strong><a href=\"https:\/\/www.estrategiaconcursos.com.br\/cursosPorConcurso\/ministerio-publico-de-santa-catarina-mp-sc-servidores\/\" target=\"_blank\" rel=\"noreferrer noopener\">Minist\u00e9rio P\u00fablico de Santa Catarina<\/a><\/strong>.<\/p>\n\n\n\n<div class=\"wp-block-image\"><figure class=\"aligncenter size-full is-resized\"><img loading=\"lazy\" decoding=\"async\" src=\"https:\/\/dhg1h5j42swfq.cloudfront.net\/2022\/03\/24215440\/mp-sc.jpg\" alt=\"Lei Org\u00e2nica do MP-SC: Compet\u00eancias do MP-SC na Lei 738\/2019\" class=\"wp-image-994493\" width=\"536\" height=\"301\" srcset=\"https:\/\/dhg1h5j42swfq.cloudfront.net\/2022\/03\/24215440\/mp-sc.jpg 768w, https:\/\/dhg1h5j42swfq.cloudfront.net\/2022\/03\/24215440\/mp-sc-300x169.jpg 300w, https:\/\/dhg1h5j42swfq.cloudfront.net\/2022\/03\/24215440\/mp-sc-610x343.jpg 610w\" sizes=\"auto, (max-width: 536px) 100vw, 536px\" \/><figcaption>Lei Org\u00e2nica do MP-SC: Compet\u00eancias do MP-SC na Lei 738\/2019<\/figcaption><\/figure><\/div>\n\n\n\n<p>&nbsp;&nbsp;&nbsp; <\/p>\n\n\n\n<p>Ol\u00e1, pessoal! Tudo joia?<\/p>\n\n\n\n<p>O <a href=\"https:\/\/www.estrategiaconcursos.com.br\/blog\/concurso-mp-sc\/\" target=\"_blank\" rel=\"noreferrer noopener\">concurso MP SC<\/a>\u00a0(<strong>Minist\u00e9rio P\u00fablico de Santa Catarina<\/strong>) est\u00e1 com o seu edital publicado. S\u00e3o<strong>\u00a050 vagas\u00a0<\/strong>de<strong>\u00a0Auxiliar\u00a0<\/strong>e<strong>\u00a0Analista,<\/strong>\u00a0mais cadastro de reserva, com remunera\u00e7\u00e3o inicial de\u00a0<strong>R$ 6.233,73\u00a0<\/strong>e\u00a0<strong>R$ 8.040,06<\/strong>, respectivamente.<\/p>\n\n\n\n<p>No artigo de hoje, iremos realizar um resumo das<strong><mark style=\"background-color:rgba(0, 0, 0, 0)\" class=\"has-inline-color has-vivid-cyan-blue-color\"> Compet\u00eancias do MP-SC<\/mark><\/strong>, na sua <strong><mark style=\"background-color:rgba(0, 0, 0, 0)\" class=\"has-inline-color has-vivid-cyan-blue-color\">Lei Org\u00e2nica&nbsp;<\/mark><\/strong>(<strong>Lei 738\/2019)<\/strong>.<\/p>\n\n\n\n<p>Voc\u00ea pode conferir no nosso blog o artigo sobre a <strong><a href=\"https:\/\/www.estrategiaconcursos.com.br\/blog\/lei-organica-mp-sc-organizacao\" target=\"_blank\" rel=\"noreferrer noopener\">Organiza\u00e7\u00e3o do MP-SC na Lei Org\u00e2nica<\/a><\/strong>.<\/p>\n\n\n\n<p>Vamos l\u00e1?<\/p>\n\n\n\n<div class=\"container\" id=\"boxes\">\n  <div class=\"row\">\n\n    <div class=\"col-sm\">\n      <div class=\"banner-tribunal\" id=\"box-assinatura\">\n        <h3 class=\"titulo-assinatura\">Cursos para o MP SC<\/h3>\n        <p class=\"subtitulo-assinatura\">Conhe\u00e7a os cursos<\/p>\n        <div class=\"box-botao\">\n          <a class=\"btn-assinatura\" target=\"_blank\" href=\"https:\/\/www.estrategiaconcursos.com.br\/cursosPorConcurso\/ministerio-publico-de-santa-catarina-mp-sc-servidores\/\" rel=\"noopener noreferrer\">Conhe\u00e7a mais<\/a>\n        <\/div>\n      <\/div>\n      <p class=\"texto-auxiliar\"><\/p>\n    <\/div>\n\n  <\/div>\n<\/div>\n\n\n\n<h2 class=\"wp-block-heading\" id=\"h-atuacao-institucional-do-mp-sc\"><mark style=\"background-color:rgba(0, 0, 0, 0)\" class=\"has-inline-color has-vivid-cyan-blue-color\">Atua\u00e7\u00e3o Institucional do MP-SC<\/mark><\/h2>\n\n\n\n<p>A <strong><mark style=\"background-color:rgba(0, 0, 0, 0)\" class=\"has-inline-color has-vivid-cyan-blue-color\">atua\u00e7\u00e3o <\/mark><\/strong>do Minist\u00e9rio P\u00fablico de Santa Catarina deve levar em conta os <strong>objetivos <\/strong>e <strong>diretrizes institucionais<\/strong> estabelecidos a cada <strong><mark style=\"background-color:rgba(0, 0, 0, 0)\" class=\"has-inline-color has-vivid-cyan-blue-color\">2 anos<\/mark><\/strong> no <strong><mark style=\"background-color:rgba(0, 0, 0, 0)\" class=\"has-inline-color has-vivid-cyan-blue-color\">Plano Geral de Atua\u00e7\u00e3o<\/mark><\/strong>.<\/p>\n\n\n\n<p>Esse plano tem como objetivo <strong>viabilizar<\/strong> a consecu\u00e7\u00e3o de <strong>metas priorit\u00e1rias <\/strong>nas diversas \u00e1reas de atribui\u00e7\u00f5es legais do MP.<\/p>\n\n\n\n<p>O <strong><mark style=\"background-color:rgba(0, 0, 0, 0)\" class=\"has-inline-color has-vivid-cyan-blue-color\">Procurador-Geral de Justi\u00e7a<\/mark><\/strong> \u00e9 o <strong>respons\u00e1vel <\/strong>pelo estabelecimento do Plano Geral de Atua\u00e7\u00e3o, com a participa\u00e7\u00e3o dos Centros de Apoio Operacional, Coordenadoria de Recursos, Procuradorias e Promotorias de Justi\u00e7a, ouvido o Conselho Consultivo de Pol\u00edticas e Prioridades Institucionais.<\/p>\n\n\n\n<p>Para a <strong>execu\u00e7\u00e3o<\/strong> do Plano Geral de Atua\u00e7\u00e3o, devem ser estabelecidos alguns <mark style=\"background-color:rgba(0, 0, 0, 0)\" class=\"has-inline-color has-vivid-cyan-blue-color\"><strong>programas <\/strong><\/mark>e <strong><mark style=\"background-color:rgba(0, 0, 0, 0)\" class=\"has-inline-color has-vivid-cyan-blue-color\">projetos<\/mark><\/strong>, como os:<\/p>\n\n\n\n<ul class=\"wp-block-list\"><li>Programas de Atua\u00e7\u00e3o das Promotorias de Justi\u00e7a;<\/li><li>Programas de Atua\u00e7\u00e3o Integrada das Promotorias de Justi\u00e7a; e<\/li><li>Projetos Especiais.<\/li><\/ul>\n\n\n\n<h2 class=\"wp-block-heading\" id=\"h-funcoes-institucionais-do-mp-sc\"><mark style=\"background-color:rgba(0, 0, 0, 0)\" class=\"has-inline-color has-vivid-cyan-blue-color\">Fun\u00e7\u00f5es Institucionais do MP-SC<\/mark><\/h2>\n\n\n\n<p>Vamos agora analisar as fun\u00e7\u00f5es institucionais do MP de Santa Catarina. Apesar de ser um t\u00f3pico bem \u201cdecoreba\u201d, iremos realizar alguns coment\u00e1rios, com o intuito de facilitar o seu entendimento.<\/p>\n\n\n\n<p>Assim, s\u00e3o <strong><mark style=\"background-color:rgba(0, 0, 0, 0)\" class=\"has-inline-color has-vivid-cyan-blue-color\">fun\u00e7\u00f5es institucionais<\/mark><\/strong> do Minist\u00e9rio P\u00fablico:<\/p>\n\n\n\n<p><strong><mark style=\"background-color:rgba(0, 0, 0, 0)\" class=\"has-inline-color has-vivid-cyan-blue-color\">I <\/mark><\/strong>\u2013 promover a <strong>defesa <\/strong>do <strong>regime democr\u00e1tico <\/strong>e dos<strong> interesses sociais<\/strong> e<strong> individuais indispon\u00edveis<\/strong>;<\/p>\n\n\n\n<p>Na&nbsp;<strong>defesa do <mark style=\"background-color:rgba(0, 0, 0, 0)\" class=\"has-inline-color has-vivid-cyan-blue-color\">regime democr\u00e1tico<\/mark><\/strong>, o MP-SC atua como um&nbsp;<strong>protetor do Estado Democr\u00e1tico de Direito<\/strong>, agindo em nome do&nbsp;<strong>coletivo<\/strong>, com o intuito de proteger os interesses da sociedade como um todo.<\/p>\n\n\n\n<p>Um&nbsp;<strong>exemplo&nbsp;<\/strong>desse caso \u00e9 a sua atua\u00e7\u00e3o na garantia do correto andamento do&nbsp;<strong>processo eleitoral<\/strong>, de modo que os eleitores possam contribuir para a escolha democr\u00e1tica dos seus representantes atrav\u00e9s do voto.<\/p>\n\n\n\n<p>Por sua vez, em rela\u00e7\u00e3o aos<strong>&nbsp;<mark style=\"background-color:rgba(0, 0, 0, 0)\" class=\"has-inline-color has-vivid-cyan-blue-color\">interesses individuais indispon\u00edveis<\/mark><\/strong>, eles englobam o direito do indiv\u00edduo dentro de um&nbsp;<strong>espectro coletivo, de relev\u00e2ncia p\u00fablica<\/strong>. Ao trazer o termo&nbsp;<strong>indispon\u00edvel<\/strong>, h\u00e1 o entendimento de que o Minist\u00e9rio P\u00fablico ir\u00e1 agir justamente quando esses direitos estiverem indispon\u00edveis para os cidad\u00e3os, ou seja, quando eles&nbsp;<strong>n\u00e3o est\u00e3o \u00e0 disposi\u00e7\u00e3o ou est\u00e3o inacess\u00edveis por algum motivo.<\/strong><\/p>\n\n\n\n<p><strong><mark style=\"background-color:rgba(0, 0, 0, 0)\" class=\"has-inline-color has-vivid-cyan-blue-color\">II <\/mark><\/strong>\u2013 promover a <strong>representa\u00e7\u00e3o <\/strong>destinada \u00e0 <strong>interven\u00e7\u00e3o <\/strong>do <strong>Estado<\/strong> nos <strong>Munic\u00edpios <\/strong>para assegurar a <strong>execu\u00e7\u00e3o de lei,<\/strong> <strong>ordem <\/strong>ou <strong>decis\u00e3o judicial<\/strong>;<\/p>\n\n\n\n<p>O MP-SC, mais especificamente o PGJ, \u00e9 competente para entrar com uma <strong>ADI Interventiva<\/strong>, em rela\u00e7\u00e3o \u00e0 interven\u00e7\u00e3o do estado de Santa Catarina em seus munic\u00edpios, de modo a assegurar a execu\u00e7\u00e3o de lei, ordem ou decis\u00e3o judicial.<\/p>\n\n\n\n<p><strong><mark style=\"background-color:rgba(0, 0, 0, 0)\" class=\"has-inline-color has-vivid-cyan-blue-color\">III <\/mark><\/strong>\u2013 propor <strong>a\u00e7\u00e3o direta de inconstitucionalidade <\/strong>de leis ou atos normativos <strong>estaduais <\/strong>ou <strong>municipais <\/strong>em face da <strong>Constitui\u00e7\u00e3o Estadual,<\/strong> inclusive por omiss\u00e3o;<\/p>\n\n\n\n<p>O MP-SC tamb\u00e9m \u00e9 competente para entrar com ADI, no TJ do Estado, caso considere que determinada lei ou ato normativo estadual ou municipal contraria a Constitui\u00e7\u00e3o Estadual.<\/p>\n\n\n\n<p><strong><mark style=\"background-color:rgba(0, 0, 0, 0)\" class=\"has-inline-color has-vivid-cyan-blue-color\">IV <\/mark><\/strong>\u2013 promover, <strong>privativamente<\/strong>, a<strong> a\u00e7\u00e3o penal p\u00fablica<\/strong>;<\/p>\n\n\n\n<p>Veja que \u00e9 uma compet\u00eancia <strong><mark style=\"background-color:rgba(0, 0, 0, 0)\" class=\"has-inline-color has-vivid-cyan-blue-color\">PRIVATIVA <\/mark><\/strong>do MP-SC. Al\u00e9m disso, n\u00e3o confunda a\u00e7\u00e3o penal com a\u00e7\u00e3o civil.<\/p>\n\n\n\n<p><strong><mark style=\"background-color:rgba(0, 0, 0, 0)\" class=\"has-inline-color has-vivid-cyan-blue-color\">VI <\/mark><\/strong>\u2013 promover o inqu\u00e9rito civil e a <strong>a\u00e7\u00e3o civil p\u00fablica<\/strong>, na forma da lei;<\/p>\n\n\n\n<p>Veja que, em rela\u00e7\u00e3o \u00e0 a\u00e7\u00e3o civil p\u00fablica, h\u00e1 compet\u00eancia do MP para promov\u00ea-la, mas ela <strong>n\u00e3o \u00e9 privativa.<\/strong><\/p>\n\n\n\n<p><strong><mark style=\"background-color:rgba(0, 0, 0, 0)\" class=\"has-inline-color has-vivid-cyan-blue-color\">VIII <\/mark><\/strong>\u2013 exercer a <strong>fiscaliza\u00e7\u00e3o<\/strong> dos <strong>estabelecimentos prisionais <\/strong>e dos que <strong>abriguem<\/strong> idosos, crian\u00e7as, adolescentes, incapazes ou pessoas portadoras de defici\u00eancia;<\/p>\n\n\n\n<p>\u00c9 papel do MP-SC fiscalizar os estabelecimentos prisionais do estado com o intuito de certificar que eles est\u00e3o aptos a abrigarem todos aqueles que estejam privados da liberdade. Al\u00e9m disso, \u00e9 tamb\u00e9m papel do MP fiscalizar asilos, creches, entre outros.<\/p>\n\n\n\n<p><strong><mark style=\"background-color:rgba(0, 0, 0, 0)\" class=\"has-inline-color has-vivid-cyan-blue-color\">IX <\/mark><\/strong>\u2013 <strong>responsabilizar <\/strong>os <strong>gestores <\/strong>de dinheiro p\u00fablico por contas irregulares ou ilegalidade de despesa e pr\u00e1tica de atos de <strong>improbidade administrativa<\/strong>;<\/p>\n\n\n\n<p>Important\u00edssima compet\u00eancia do MP, em rela\u00e7\u00e3o \u00e0 responsabiliza\u00e7\u00e3o pelos atos de improbidade administrativa.<\/p>\n\n\n\n<p><strong><mark style=\"background-color:rgba(0, 0, 0, 0)\" class=\"has-inline-color has-vivid-cyan-blue-color\">XVII <\/mark><\/strong>\u2013 exercer o <strong>controle externo<\/strong> da <strong>atividade policial,<\/strong> <strong>civil<\/strong> ou <strong>militar<\/strong>;<\/p>\n\n\n\n<p>Nesse caso, o MP tem livre ingresso em estabelecimentos policiais ou prisionais; bem como o livre acesso a quaisquer documentos relativos \u00e0 atividade de pol\u00edcia judici\u00e1ria, ou requisit\u00e1-los; podendo ainda acompanhar atividades investigat\u00f3rias.<\/p>\n\n\n\n<p>H\u00e1 ainda <strong>outras compet\u00eancias<\/strong> do MP-SC na sua lei org\u00e2nica, em seu <strong>artigo 90<\/strong>. Procuramos listar apenas os <strong>incisos <\/strong>considerados mais <strong>relevantes<\/strong>. Assim, fica a leitura obrigat\u00f3ria para voc\u00eas.<\/p>\n\n\n\n<p><strong><mark style=\"background-color:rgba(0, 0, 0, 0)\" class=\"has-inline-color has-vivid-red-color\">A SABER: <\/mark><\/strong>A <strong>pris\u00e3o <\/strong>de qualquer pessoa, por parte de autoridade policial <strong>estadual<\/strong>, dever\u00e1 ser <strong>comunicada imediatamente<\/strong> ao membro do <strong>Minist\u00e9rio P\u00fablico <\/strong>que tenha atribui\u00e7\u00e3o para apreci\u00e1-la, com indica\u00e7\u00e3o do lugar onde se encontra o preso e c\u00f3pia dos documentos comprobat\u00f3rios da legalidade da pris\u00e3o.<\/p>\n\n\n\n<p>Al\u00e9m disso, \u00e9 importante salientar que as fun\u00e7\u00f5es do Minist\u00e9rio P\u00fablico s\u00f3 podem ser exercidas por <strong>integrantes da carreira<\/strong>, que dever\u00e3o <strong>residir na comarca <\/strong>da respectiva <strong>lota\u00e7\u00e3o<\/strong>.<\/p>\n\n\n\n<h2 class=\"wp-block-heading\" id=\"atribuicoes-concorrentes-e-conflitos-de-atribuicao\"><mark style=\"background-color:rgba(0, 0, 0, 0)\" class=\"has-inline-color has-vivid-cyan-blue-color\">Atribui\u00e7\u00f5es Concorrentes e Conflitos de Atribui\u00e7\u00e3o<\/mark><\/h2>\n\n\n\n<p>Um ponto importante \u00e9 que, no <strong>mesmo processo<\/strong> ou procedimento, <strong>n\u00e3o pode<\/strong> <strong>mais de um \u00f3rg\u00e3o<\/strong> do <strong>MP <\/strong>oficiar <strong>simultaneamente<\/strong>.<\/p>\n\n\n\n<p>Contudo, para fins de <strong>atua\u00e7\u00e3o conjunta<\/strong> e <strong>integrada<\/strong>, como propositura de a\u00e7\u00f5es ou interposi\u00e7\u00e3o de recursos, ser\u00e1 <strong>admitida<\/strong> a <strong>atua\u00e7\u00e3o simult\u00e2nea <\/strong>de <strong>membros <\/strong>do Minist\u00e9rio P\u00fablico.<\/p>\n\n\n\n<p>Al\u00e9m disso, se houver <strong>mais de uma causa<\/strong> bastante para a interven\u00e7\u00e3o do Minist\u00e9rio P\u00fablico, por ele oficiar\u00e1 o <strong>\u00f3rg\u00e3o <\/strong>incumbido do <strong>zelo <\/strong>do interesse p\u00fablico mais abrangente.<\/p>\n\n\n\n<p>Por fim, caso haja <strong><mark style=\"background-color:rgba(0, 0, 0, 0)\" class=\"has-inline-color has-vivid-cyan-blue-color\">conflitos de atribui\u00e7\u00e3o<\/mark><\/strong>, eles ser\u00e3o <strong>decididos<\/strong> pelo <strong>Procurador-Geral de Justi\u00e7a<\/strong>, sendo que o conflito dever\u00e1 ser suscitado sempre que colidentes os interesses patrocinados pelos diversos \u00f3rg\u00e3os do Minist\u00e9rio P\u00fablico, estabelecidos ou n\u00e3o em uma mesma comarca.<\/p>\n\n\n\n<h2 class=\"wp-block-heading\" id=\"h-funcoes-dos-orgaos-de-execucao\"><mark style=\"background-color:rgba(0, 0, 0, 0)\" class=\"has-inline-color has-vivid-cyan-blue-color\">Fun\u00e7\u00f5es dos \u00d3rg\u00e3os de Execu\u00e7\u00e3o<\/mark><\/h2>\n\n\n\n<p>No artigo sobre a <strong><a href=\"https:\/\/www.estrategiaconcursos.com.br\/blog\/lei-organica-mp-sc-organizacao\" target=\"_blank\" rel=\"noreferrer noopener\">Organiza\u00e7\u00e3o do MP-SC<\/a><\/strong>, vimos como est\u00e1 estruturado o MP de Santa Catarina, bem como algumas atribui\u00e7\u00f5es dos mais variados \u00f3rg\u00e3os que o comp\u00f5em, sendo eles:<\/p>\n\n\n\n<ul class=\"wp-block-list\"><li>o <strong>Procurador-Geral de Justi\u00e7a<\/strong>;<\/li><li>o <strong>Col\u00e9gio de Procuradores de Justi\u00e7a<\/strong>;<\/li><li>o <strong>Conselho Superior do Minist\u00e9rio P\u00fablico<\/strong>;<\/li><li>os <strong>Procuradores de Justi\u00e7a<\/strong>;<\/li><li>as<strong> Coordenadorias de Recursos<\/strong>; e<\/li><li>os <strong>Promotores de Justi\u00e7a<\/strong>.<\/li><\/ul>\n\n\n\n<p>Contudo, deixamos para analisar as compet\u00eancias dos \u00f3rg\u00e3os de execu\u00e7\u00e3o neste artigo. Vamos l\u00e1?<\/p>\n\n\n\n<h3 class=\"wp-block-heading\" id=\"h-procurador-geral-de-justica\"><mark style=\"background-color:rgba(0, 0, 0, 0)\" class=\"has-inline-color has-vivid-purple-color\">Procurador-Geral de Justi\u00e7a<\/mark><\/h3>\n\n\n\n<p>O Procurador-Geral de Justi\u00e7a, <strong>chefe do MP-SC<\/strong>, possui as seguintes <strong><mark style=\"background-color:rgba(0, 0, 0, 0)\" class=\"has-inline-color has-vivid-cyan-blue-color\">atribui\u00e7\u00f5es processuais<\/mark><\/strong>:<\/p>\n\n\n\n<ul class=\"wp-block-list\"><li><strong>propor a\u00e7\u00e3o<\/strong> nos casos de <strong>infra\u00e7\u00f5es penais<\/strong> <strong>comuns <\/strong>e de<strong> crimes de responsabilidade<\/strong>, nas hip\u00f3teses de compet\u00eancia origin\u00e1ria do<strong> Tribunal de Justi\u00e7a<\/strong>;<\/li><li><strong>impetrar<\/strong>, no interesse do Minist\u00e9rio P\u00fablico,<strong> mandados de seguran\u00e7a<\/strong> e <strong>habeas data<\/strong> contra atos do <strong>Governador<\/strong>, da <strong>Mesa <\/strong>e da <strong>Presid\u00eancia da Assembleia Legislativa<\/strong>, da <strong>Presid\u00eancia do Tribunal de Justi\u00e7a <\/strong>ou de algum de seus membros, do Presidente ou de membro do Corpo Deliberativo do Tribunal de Contas do Estado e dos Secret\u00e1rios de Estado;<\/li><li><strong>impetrar<\/strong>, no interesse do Minist\u00e9rio P\u00fablico, <strong>mandados de injun\u00e7\u00e3o<\/strong>, quando a inexist\u00eancia de norma regulamentadora estadual ou municipal, de qualquer dos Poderes, inclusive da Administra\u00e7\u00e3o Indireta, torne invi\u00e1vel o exerc\u00edcio de direitos assegurados em normas constitucionais e infraconstitucionais;<\/li><li>propor<strong> a\u00e7\u00e3o de inconstitucionalidade<\/strong> de lei ou ato normativo <strong>estadual<\/strong> ou <strong>municipal<\/strong>, contestados em face da <strong>Constitui\u00e7\u00e3o Estadual <\/strong>e <strong>a\u00e7\u00e3o de inconstitucionalidade por omiss\u00e3o<\/strong> em face de preceito da<strong> Constitui\u00e7\u00e3o Estadual<\/strong>;<\/li><li>propor <strong>representa\u00e7\u00e3o <\/strong>para fins de <strong>interven\u00e7\u00e3o<\/strong> do <strong>Estado <\/strong>nos <strong>Munic\u00edpios<\/strong>, para assegurar a observ\u00e2ncia dos princ\u00edpios indicados na Constitui\u00e7\u00e3o do Estado, bem como para prover a execu\u00e7\u00e3o de lei, de ordem ou decis\u00e3o judicial;<\/li><li><strong>propor<\/strong>, perante o Tribunal de Justi\u00e7a, <strong>a\u00e7\u00e3o civil <\/strong>destinada \u00e0 decreta\u00e7\u00e3o da <strong>perda do cargo<\/strong> e de cassa\u00e7\u00e3o de aposentadoria ou de disponibilidade de <strong>membro vital\u00edcio <\/strong>do Minist\u00e9rio P\u00fablico; dentre outras fun\u00e7\u00f5es.<\/li><\/ul>\n\n\n\n<h3 class=\"wp-block-heading\" id=\"h-colegio-de-procuradores-de-justica\"><mark style=\"background-color:rgba(0, 0, 0, 0)\" class=\"has-inline-color has-vivid-purple-color\">Col\u00e9gio de Procuradores de Justi\u00e7a<\/mark><\/h3>\n\n\n\n<p>J\u00e1 em rela\u00e7\u00e3o ao Col\u00e9gio de Procuradores de Justi\u00e7a, \u00e9 sua <strong>atribui\u00e7\u00e3o <\/strong>rever, pelo voto da<strong><mark style=\"background-color:rgba(0, 0, 0, 0)\" class=\"has-inline-color has-vivid-cyan-blue-color\"> maioria absoluta<\/mark><\/strong> dos seus integrantes, decis\u00e3o de <strong>arquivamento <\/strong>de <strong>inqu\u00e9rito policial <\/strong>ou<strong> pe\u00e7as de informa\u00e7\u00e3o <\/strong>determinada pelo <strong>Procurador-Geral de Justi\u00e7a<\/strong>:<\/p>\n\n\n\n<ul class=\"wp-block-list\"><li>mediante<strong> encaminhamento do relator<\/strong>, em caso de n\u00e3o confirma\u00e7\u00e3o do arquivamento pelo Tribunal de Justi\u00e7a; e<\/li><li>mediante <strong>requerimento do leg\u00edtimo interessado<\/strong>, desde que protocolado no Minist\u00e9rio P\u00fablico no prazo de 5 dias, contado da respectiva intima\u00e7\u00e3o, sob pena de preclus\u00e3o.<\/li><\/ul>\n\n\n\n<h3 class=\"wp-block-heading\" id=\"h-conselho-superior-do-ministerio-publico\"><mark style=\"background-color:rgba(0, 0, 0, 0)\" class=\"has-inline-color has-vivid-purple-color\">Conselho Superior do Minist\u00e9rio P\u00fablico<\/mark><\/h3>\n\n\n\n<p>O Conselho Superior do Minist\u00e9rio P\u00fablico (CSMP) \u00e9 tamb\u00e9m competente para <strong>rever o arquivamento<\/strong> de <strong>inqu\u00e9rito civil <\/strong>ou de <strong>pe\u00e7as de informa\u00e7\u00e3o<\/strong>, na forma da lei e de seu Regimento Interno.<\/p>\n\n\n\n<h3 class=\"wp-block-heading\" id=\"h-coordenadorias-de-recursos\"><mark style=\"background-color:rgba(0, 0, 0, 0)\" class=\"has-inline-color has-vivid-purple-color\">Coordenadorias de Recursos<\/mark><\/h3>\n\n\n\n<p>As Coordenadorias de Recursos, <strong>chefiadas por Procuradores de Justi\u00e7a<\/strong>, como o pr\u00f3prio nome j\u00e1 diz, possuem compet\u00eancia para<strong> interpor recursos judiciais<\/strong>, inclusive aos Tribunais Superiores, sem preju\u00edzo da atribui\u00e7\u00e3o concorrente de outros \u00f3rg\u00e3os do Minist\u00e9rio P\u00fablico.<\/p>\n\n\n\n<p>Al\u00e9m disso, elas podem dar <strong>suporte t\u00e9cnico e operacional <\/strong>aos demais \u00f3rg\u00e3os de execu\u00e7\u00e3o, em primeiras e segundas inst\u00e2ncias, nas situa\u00e7\u00f5es processuais em que se vislumbre necessidade de interposi\u00e7\u00e3o de recurso extraordin\u00e1rio ou especial; dentre outras fun\u00e7\u00f5es.<\/p>\n\n\n\n<h3 class=\"wp-block-heading\" id=\"h-procuradores-de-justica\"><mark style=\"background-color:rgba(0, 0, 0, 0)\" class=\"has-inline-color has-vivid-purple-color\">Procuradores de Justi\u00e7a<\/mark><\/h3>\n\n\n\n<p>J\u00e1 os Procuradores de Justi\u00e7a s\u00e3o competentes para exercer as atribui\u00e7\u00f5es de Minist\u00e9rio P\u00fablico <strong>junto ao<\/strong> <strong><mark style=\"background-color:rgba(0, 0, 0, 0)\" class=\"has-inline-color has-vivid-cyan-blue-color\">Tribunal de Justi\u00e7a<\/mark><\/strong>, inclusive a de interpor<strong> recursos aos Tribunais Superiores<\/strong>, desde que n\u00e3o privativas do Procurador-Geral de Justi\u00e7a.<\/p>\n\n\n\n<h3 class=\"wp-block-heading\" id=\"h-promotores-de-justica\"><mark style=\"background-color:rgba(0, 0, 0, 0)\" class=\"has-inline-color has-vivid-purple-color\">Promotores de Justi\u00e7a<\/mark><\/h3>\n\n\n\n<p>Por sua vez, cabe aos Promotores de Justi\u00e7a exercerem as atribui\u00e7\u00f5es de Minist\u00e9rio P\u00fablico <strong>junto aos<\/strong> <strong><mark style=\"background-color:rgba(0, 0, 0, 0)\" class=\"has-inline-color has-vivid-cyan-blue-color\">\u00f3rg\u00e3os jurisdicionais de primeira inst\u00e2ncia<\/mark><\/strong>, diferentemente dos Procuradores, que exercem suas fun\u00e7\u00f5es junto aos \u00f3rg\u00e3os de segunda inst\u00e2ncia.<\/p>\n\n\n\n<p>Al\u00e9m disso, cabe ainda aos Promotores, entre outras fun\u00e7\u00f5es:<\/p>\n\n\n\n<ul class=\"wp-block-list\"><li><strong>atender a qualquer do povo<\/strong>, adotando, quando for o caso, as medidas de sua compet\u00eancia;<\/li><li><strong>oficiar <\/strong>perante a<strong> Justi\u00e7a Eleitoral de primeira inst\u00e2ncia<\/strong>, com as atribui\u00e7\u00f5es do Minist\u00e9rio P\u00fablico Eleitoral previstas na Lei Org\u00e2nica do Minist\u00e9rio P\u00fablico da Uni\u00e3o que forem pertinentes;<\/li><li>propor <strong>a\u00e7\u00e3o direta de inconstitucionalidade<\/strong> de lei ou ato normativo municipal, em face da Constitui\u00e7\u00e3o Estadual, e a\u00e7\u00e3o de inconstitucionalidade por omiss\u00e3o, em face de preceito da Constitui\u00e7\u00e3o Estadual, no \u00e2mbito dos Munic\u00edpios de sua atua\u00e7\u00e3o;<\/li><li>impetra<strong>r habeas corpus<\/strong> e <strong>mandado de seguran\u00e7a <\/strong>e requerer correi\u00e7\u00e3o parcial ou interpor reclama\u00e7\u00e3o, inclusive perante o <strong>Tribunal de Justi\u00e7a<\/strong> ou <strong>Turmas de Recursos<\/strong>.<\/li><\/ul>\n\n\n\n<h2 class=\"wp-block-heading\" id=\"h-finalizando\"><mark style=\"background-color:rgba(0, 0, 0, 0)\" class=\"has-inline-color has-vivid-cyan-blue-color\">Finalizando<\/mark><\/h2>\n\n\n\n<p>Bom, Pessoal! Chegamos ao final do resumo das <strong>Compet\u00eancias do MP-SC<\/strong>, na sua&nbsp;<strong>Lei Org\u00e2nica<\/strong>&nbsp;(<strong>Lei 738\/2019)<\/strong>.<\/p>\n\n\n\n<p>Contudo, ressaltamos a import\u00e2ncia da<strong>&nbsp;leitura da lei&nbsp;<\/strong>citada aqui, para a sua aprova\u00e7\u00e3o. Esse artigo \u00e9 apenas uma an\u00e1lise mais simplificada dessa norma.<\/p>\n\n\n\n<p>Caso queira se preparar para chegar&nbsp;<strong>competitivo&nbsp;<\/strong>nesta prova, invista nos&nbsp;<a href=\"https:\/\/www.estrategiaconcursos.com.br\/cursosPorConcurso\/ministerio-publico-de-santa-catarina-mp-sc-servidores\/\" target=\"_blank\" rel=\"noreferrer noopener\"><strong>cursos para o MP-SC<\/strong><\/a>&nbsp;do&nbsp;<strong>Estrat\u00e9gia Concursos<\/strong>.&nbsp;L\u00e1 voc\u00ea encontrar\u00e1&nbsp;<strong>aulas completas e detalhadas, com os melhores professores do mercado<\/strong>,&nbsp;de todos os t\u00f3picos exigidos no edital deste concurso.<\/p>\n\n\n\n<p>Conhe\u00e7a tamb\u00e9m o&nbsp;<a href=\"https:\/\/questoes.estrategiaconcursos.com.br\/\" target=\"_blank\" rel=\"noreferrer noopener\"><strong>Sistema de Quest\u00f5es do Estrat\u00e9gia<\/strong><\/a>. Afinal, a \u00fanica maneira de&nbsp;<strong>consolidar o conte\u00fado&nbsp;<\/strong>de maneira satisfat\u00f3ria \u00e9 atrav\u00e9s da&nbsp;<strong>resolu\u00e7\u00e3o de quest\u00f5es.<\/strong><\/p>\n\n\n\n<p>Bons estudos a todos e at\u00e9 a pr\u00f3xima!<\/p>\n\n\n\n<h2 class=\"has-text-align-center wp-block-heading\" id=\"h-cursos-e-assinaturas\">Cursos e Assinaturas <\/h2>\n\n\n\n<p>Prepare-se com o melhor material e com quem mais aprova em Concursos P\u00fablicos em todo o pa\u00eds!<\/p>\n\n\n\n<p class=\"has-text-align-center has-vivid-cyan-blue-color has-text-color has-background\" style=\"background-color:#0078bd\"><a href=\"https:\/\/www.estrategiaconcursos.com.br\/blog\/concursos-abertos\/\" target=\"_blank\" rel=\"noreferrer noopener\"><strong><span class=\"has-inline-color has-white-color\">Concursos abertos<\/span><\/strong><\/a><\/p>\n\n\n\n<p class=\"has-text-align-center has-vivid-cyan-blue-color has-text-color has-background\" style=\"background-color:#0072b4\"><strong><a href=\"https:\/\/www.estrategiaconcursos.com.br\/blog\/concursos-2022\/\" target=\"_blank\" rel=\"noreferrer noopener\"><span class=\"has-inline-color has-white-color\">Concursos 2022<\/span><\/a><\/strong><\/p>\n\n\n\n<div class=\"container\" id=\"boxes\">\n  <div class=\"row\">\n    <div class=\"col-sm\">\n      <div class=\"estrategia\" id=\"box-assinatura\">\n        <h3 class=\"titulo-assinatura\">Assinatura de Concursos<\/h3>\n        <p class=\"subtitulo-assinatura\">Assinatura de 1 ano ou 2 anos<\/p>\n        <div class=\"box-botao\">\n          <a class=\"btn-assinatura\" target=\"_blank\" href=\"https:\/\/www.estrategiaconcursos.com.br\/assinaturas\/\" role=\"button\" rel=\"noopener noreferrer\">ASSINE AGORA<\/a>\n        <\/div>\n      <\/div>\n      \n    <\/div><\/div><\/div>\n","protected":false},"excerpt":{"rendered":"<p>Confira aqui um resumo das Compet\u00eancias do MP-SC, na sua Lei Org\u00e2nica&nbsp;(Lei 738\/2019), para o concurso do&nbsp;Minist\u00e9rio P\u00fablico de Santa Catarina. &nbsp;&nbsp;&nbsp; Ol\u00e1, pessoal! Tudo joia? O concurso MP SC\u00a0(Minist\u00e9rio P\u00fablico de Santa Catarina) est\u00e1 com o seu edital publicado. S\u00e3o\u00a050 vagas\u00a0de\u00a0Auxiliar\u00a0e\u00a0Analista,\u00a0mais cadastro de reserva, com remunera\u00e7\u00e3o inicial de\u00a0R$ 6.233,73\u00a0e\u00a0R$ 8.040,06, respectivamente. No artigo de [&hellip;]<\/p>\n","protected":false},"author":1976,"featured_media":994493,"comment_status":"open","ping_status":"closed","sticky":false,"template":"","format":"standard","meta":{"post_tipo":"article","footnotes":""},"categories":[1,2185],"tags":[],"tax_estado":[219987],"class_list":["post-1018757","post","type-post","status-publish","format-standard","has-post-thumbnail","hentry","category-cursos-e-concursos","category-carreiras-juridicas","tax_estado-sc"],"acf":[],"yoast_head":"<!-- This site is optimized with the Yoast SEO Premium plugin v27.2 (Yoast SEO v27.2) - https:\/\/yoast.com\/product\/yoast-seo-premium-wordpress\/ -->\n<title>Lei Org\u00e2nica do MP-SC: Compet\u00eancias do MP-SC na Lei 738\/2019<\/title>\n<meta name=\"description\" content=\"Confira aqui um resumo das Compet\u00eancias do MP-SC, na sua\u00a0Lei Org\u00e2nica, para o concurso do\u00a0Minist\u00e9rio P\u00fablico de Santa Catarina.\" \/>\n<meta name=\"robots\" content=\"index, follow, max-snippet:-1, max-image-preview:large, max-video-preview:-1\" \/>\n<link rel=\"canonical\" href=\"https:\/\/www.estrategiaconcursos.com.br\/blog\/lei-organica-mp-sc-competencias\/\" \/>\n<meta property=\"og:locale\" content=\"pt_BR\" \/>\n<meta property=\"og:type\" content=\"article\" \/>\n<meta property=\"og:title\" content=\"Lei Org\u00e2nica do MP-SC: Compet\u00eancias do MP-SC na Lei 738\/2019\" \/>\n<meta property=\"og:description\" content=\"Confira aqui um resumo das Compet\u00eancias do MP-SC, na sua\u00a0Lei Org\u00e2nica, para o concurso do\u00a0Minist\u00e9rio P\u00fablico de Santa Catarina.\" \/>\n<meta property=\"og:url\" content=\"https:\/\/www.estrategiaconcursos.com.br\/blog\/lei-organica-mp-sc-competencias\/\" \/>\n<meta property=\"og:site_name\" content=\"Estrat\u00e9gia Concursos\" \/>\n<meta property=\"article:published_time\" content=\"2022-05-07T15:57:00+00:00\" \/>\n<meta property=\"article:modified_time\" content=\"2022-05-11T12:35:34+00:00\" \/>\n<meta property=\"og:image\" content=\"https:\/\/dhg1h5j42swfq.cloudfront.net\/2022\/03\/24215440\/mp-sc.jpg\" \/>\n\t<meta property=\"og:image:width\" content=\"768\" \/>\n\t<meta property=\"og:image:height\" content=\"432\" \/>\n\t<meta property=\"og:image:type\" content=\"image\/jpeg\" \/>\n<meta name=\"author\" content=\"Kassio Henrique Sobral Rocha\" \/>\n<meta name=\"twitter:card\" content=\"summary_large_image\" \/>\n<meta name=\"twitter:creator\" content=\"@EstratConcursos\" \/>\n<meta name=\"twitter:site\" content=\"@EstratConcursos\" \/>\n<meta name=\"twitter:label1\" content=\"Escrito por\" \/>\n\t<meta name=\"twitter:data1\" content=\"Kassio Henrique Sobral Rocha\" \/>\n\t<meta name=\"twitter:label2\" content=\"Est. tempo de leitura\" \/>\n\t<meta name=\"twitter:data2\" content=\"11 minutos\" \/>\n<script type=\"application\/ld+json\" class=\"yoast-schema-graph\">{\"@context\":\"https:\/\/schema.org\",\"@graph\":[{\"@type\":\"NewsArticle\",\"@id\":\"https:\/\/www.estrategiaconcursos.com.br\/blog\/lei-organica-mp-sc-competencias\/#article\",\"isPartOf\":{\"@id\":\"https:\/\/www.estrategiaconcursos.com.br\/blog\/lei-organica-mp-sc-competencias\/\"},\"author\":{\"name\":\"Kassio Henrique Sobral Rocha\",\"@id\":\"https:\/\/www.estrategiaconcursos.com.br\/blog\/#\/schema\/person\/f0c830e07cfe11c231c0ea5dbb036df5\"},\"headline\":\"Lei Org\u00e2nica do MP-SC: Compet\u00eancias do MP-SC na Lei 738\/2019\",\"datePublished\":\"2022-05-07T15:57:00+00:00\",\"dateModified\":\"2022-05-11T12:35:34+00:00\",\"mainEntityOfPage\":{\"@id\":\"https:\/\/www.estrategiaconcursos.com.br\/blog\/lei-organica-mp-sc-competencias\/\"},\"wordCount\":2115,\"commentCount\":0,\"publisher\":{\"@id\":\"https:\/\/www.estrategiaconcursos.com.br\/blog\/#organization\"},\"image\":{\"@id\":\"https:\/\/www.estrategiaconcursos.com.br\/blog\/lei-organica-mp-sc-competencias\/#primaryimage\"},\"thumbnailUrl\":\"https:\/\/dhg1h5j42swfq.cloudfront.net\/2022\/03\/24215440\/mp-sc.jpg\",\"articleSection\":[\"Concursos P\u00fablicos\",\"Jur\u00eddico\"],\"inLanguage\":\"pt-BR\",\"potentialAction\":[{\"@type\":\"CommentAction\",\"name\":\"Comment\",\"target\":[\"https:\/\/www.estrategiaconcursos.com.br\/blog\/lei-organica-mp-sc-competencias\/#respond\"]}],\"copyrightYear\":\"2022\",\"copyrightHolder\":{\"@id\":\"https:\/\/www.estrategiaconcursos.com.br\/blog\/#organization\"}},{\"@type\":\"WebPage\",\"@id\":\"https:\/\/www.estrategiaconcursos.com.br\/blog\/lei-organica-mp-sc-competencias\/\",\"url\":\"https:\/\/www.estrategiaconcursos.com.br\/blog\/lei-organica-mp-sc-competencias\/\",\"name\":\"Lei Org\u00e2nica do MP-SC: Compet\u00eancias do MP-SC na Lei 738\/2019\",\"isPartOf\":{\"@id\":\"https:\/\/www.estrategiaconcursos.com.br\/blog\/#website\"},\"primaryImageOfPage\":{\"@id\":\"https:\/\/www.estrategiaconcursos.com.br\/blog\/lei-organica-mp-sc-competencias\/#primaryimage\"},\"image\":{\"@id\":\"https:\/\/www.estrategiaconcursos.com.br\/blog\/lei-organica-mp-sc-competencias\/#primaryimage\"},\"thumbnailUrl\":\"https:\/\/dhg1h5j42swfq.cloudfront.net\/2022\/03\/24215440\/mp-sc.jpg\",\"datePublished\":\"2022-05-07T15:57:00+00:00\",\"dateModified\":\"2022-05-11T12:35:34+00:00\",\"description\":\"Confira aqui um resumo das Compet\u00eancias do MP-SC, na sua\u00a0Lei Org\u00e2nica, para o concurso do\u00a0Minist\u00e9rio P\u00fablico de Santa Catarina.\",\"breadcrumb\":{\"@id\":\"https:\/\/www.estrategiaconcursos.com.br\/blog\/lei-organica-mp-sc-competencias\/#breadcrumb\"},\"inLanguage\":\"pt-BR\",\"potentialAction\":[{\"@type\":\"ReadAction\",\"target\":[\"https:\/\/www.estrategiaconcursos.com.br\/blog\/lei-organica-mp-sc-competencias\/\"]}]},{\"@type\":\"ImageObject\",\"inLanguage\":\"pt-BR\",\"@id\":\"https:\/\/www.estrategiaconcursos.com.br\/blog\/lei-organica-mp-sc-competencias\/#primaryimage\",\"url\":\"https:\/\/dhg1h5j42swfq.cloudfront.net\/2022\/03\/24215440\/mp-sc.jpg\",\"contentUrl\":\"https:\/\/dhg1h5j42swfq.cloudfront.net\/2022\/03\/24215440\/mp-sc.jpg\",\"width\":768,\"height\":432,\"caption\":\"CONCURSO MP SC\"},{\"@type\":\"BreadcrumbList\",\"@id\":\"https:\/\/www.estrategiaconcursos.com.br\/blog\/lei-organica-mp-sc-competencias\/#breadcrumb\",\"itemListElement\":[{\"@type\":\"ListItem\",\"position\":1,\"name\":\"In\u00edcio\",\"item\":\"https:\/\/www.estrategiaconcursos.com.br\/blog\/\"},{\"@type\":\"ListItem\",\"position\":2,\"name\":\"Lei Org\u00e2nica do MP-SC: Compet\u00eancias do MP-SC na Lei 738\/2019\"}]},{\"@type\":\"WebSite\",\"@id\":\"https:\/\/www.estrategiaconcursos.com.br\/blog\/#website\",\"url\":\"https:\/\/www.estrategiaconcursos.com.br\/blog\/\",\"name\":\"Estrat\u00e9gia Concursos\",\"description\":\"O blog da Estrat\u00e9gia Concursos traz not\u00edcias sobre concursos e artigos de professores oferecendo cursos para concursos (pdf + videaulas) no site.\",\"publisher\":{\"@id\":\"https:\/\/www.estrategiaconcursos.com.br\/blog\/#organization\"},\"potentialAction\":[{\"@type\":\"SearchAction\",\"target\":{\"@type\":\"EntryPoint\",\"urlTemplate\":\"https:\/\/www.estrategiaconcursos.com.br\/blog\/?s={search_term_string}\"},\"query-input\":{\"@type\":\"PropertyValueSpecification\",\"valueRequired\":true,\"valueName\":\"search_term_string\"}}],\"inLanguage\":\"pt-BR\"},{\"@type\":\"Organization\",\"@id\":\"https:\/\/www.estrategiaconcursos.com.br\/blog\/#organization\",\"name\":\"Estrat\u00e9gia Concursos\",\"url\":\"https:\/\/www.estrategiaconcursos.com.br\/blog\/\",\"logo\":{\"@type\":\"ImageObject\",\"inLanguage\":\"pt-BR\",\"@id\":\"https:\/\/www.estrategiaconcursos.com.br\/blog\/#\/schema\/logo\/image\/\",\"url\":\"https:\/\/dhg1h5j42swfq.cloudfront.net\/2025\/06\/03203428\/logo_concursos-1.jpg\",\"contentUrl\":\"https:\/\/dhg1h5j42swfq.cloudfront.net\/2025\/06\/03203428\/logo_concursos-1.jpg\",\"width\":230,\"height\":60,\"caption\":\"Estrat\u00e9gia Concursos\"},\"image\":{\"@id\":\"https:\/\/www.estrategiaconcursos.com.br\/blog\/#\/schema\/logo\/image\/\"},\"sameAs\":[\"https:\/\/x.com\/EstratConcursos\"]},{\"@type\":\"Person\",\"@id\":\"https:\/\/www.estrategiaconcursos.com.br\/blog\/#\/schema\/person\/f0c830e07cfe11c231c0ea5dbb036df5\",\"name\":\"Kassio Henrique Sobral Rocha\",\"image\":{\"@type\":\"ImageObject\",\"inLanguage\":\"pt-BR\",\"@id\":\"https:\/\/secure.gravatar.com\/avatar\/d10350cbdad043facd8ec77a377f86f9026afee3348e463b04854fd4490ce759?s=96&d=mm&r=g\",\"url\":\"https:\/\/secure.gravatar.com\/avatar\/d10350cbdad043facd8ec77a377f86f9026afee3348e463b04854fd4490ce759?s=96&d=mm&r=g\",\"contentUrl\":\"https:\/\/secure.gravatar.com\/avatar\/d10350cbdad043facd8ec77a377f86f9026afee3348e463b04854fd4490ce759?s=96&d=mm&r=g\",\"caption\":\"Kassio Henrique Sobral Rocha\"},\"url\":\"https:\/\/www.estrategiaconcursos.com.br\/blog\/author\/kassio-rochayahoo-com-br\/\"}]}<\/script>\n<!-- \/ Yoast SEO Premium plugin. -->","yoast_head_json":{"title":"Lei Org\u00e2nica do MP-SC: Compet\u00eancias do MP-SC na Lei 738\/2019","description":"Confira aqui um resumo das Compet\u00eancias do MP-SC, na sua\u00a0Lei Org\u00e2nica, para o concurso do\u00a0Minist\u00e9rio P\u00fablico de Santa Catarina.","robots":{"index":"index","follow":"follow","max-snippet":"max-snippet:-1","max-image-preview":"max-image-preview:large","max-video-preview":"max-video-preview:-1"},"canonical":"https:\/\/www.estrategiaconcursos.com.br\/blog\/lei-organica-mp-sc-competencias\/","og_locale":"pt_BR","og_type":"article","og_title":"Lei Org\u00e2nica do MP-SC: Compet\u00eancias do MP-SC na Lei 738\/2019","og_description":"Confira aqui um resumo das Compet\u00eancias do MP-SC, na sua\u00a0Lei Org\u00e2nica, para o concurso do\u00a0Minist\u00e9rio P\u00fablico de Santa Catarina.","og_url":"https:\/\/www.estrategiaconcursos.com.br\/blog\/lei-organica-mp-sc-competencias\/","og_site_name":"Estrat\u00e9gia Concursos","article_published_time":"2022-05-07T15:57:00+00:00","article_modified_time":"2022-05-11T12:35:34+00:00","og_image":[{"width":768,"height":432,"url":"https:\/\/dhg1h5j42swfq.cloudfront.net\/2022\/03\/24215440\/mp-sc.jpg","type":"image\/jpeg"}],"author":"Kassio Henrique Sobral Rocha","twitter_card":"summary_large_image","twitter_creator":"@EstratConcursos","twitter_site":"@EstratConcursos","twitter_misc":{"Escrito por":"Kassio Henrique Sobral Rocha","Est. tempo de leitura":"11 minutos"},"schema":{"@context":"https:\/\/schema.org","@graph":[{"@type":"NewsArticle","@id":"https:\/\/www.estrategiaconcursos.com.br\/blog\/lei-organica-mp-sc-competencias\/#article","isPartOf":{"@id":"https:\/\/www.estrategiaconcursos.com.br\/blog\/lei-organica-mp-sc-competencias\/"},"author":{"name":"Kassio Henrique Sobral Rocha","@id":"https:\/\/www.estrategiaconcursos.com.br\/blog\/#\/schema\/person\/f0c830e07cfe11c231c0ea5dbb036df5"},"headline":"Lei Org\u00e2nica do MP-SC: Compet\u00eancias do MP-SC na Lei 738\/2019","datePublished":"2022-05-07T15:57:00+00:00","dateModified":"2022-05-11T12:35:34+00:00","mainEntityOfPage":{"@id":"https:\/\/www.estrategiaconcursos.com.br\/blog\/lei-organica-mp-sc-competencias\/"},"wordCount":2115,"commentCount":0,"publisher":{"@id":"https:\/\/www.estrategiaconcursos.com.br\/blog\/#organization"},"image":{"@id":"https:\/\/www.estrategiaconcursos.com.br\/blog\/lei-organica-mp-sc-competencias\/#primaryimage"},"thumbnailUrl":"https:\/\/dhg1h5j42swfq.cloudfront.net\/2022\/03\/24215440\/mp-sc.jpg","articleSection":["Concursos P\u00fablicos","Jur\u00eddico"],"inLanguage":"pt-BR","potentialAction":[{"@type":"CommentAction","name":"Comment","target":["https:\/\/www.estrategiaconcursos.com.br\/blog\/lei-organica-mp-sc-competencias\/#respond"]}],"copyrightYear":"2022","copyrightHolder":{"@id":"https:\/\/www.estrategiaconcursos.com.br\/blog\/#organization"}},{"@type":"WebPage","@id":"https:\/\/www.estrategiaconcursos.com.br\/blog\/lei-organica-mp-sc-competencias\/","url":"https:\/\/www.estrategiaconcursos.com.br\/blog\/lei-organica-mp-sc-competencias\/","name":"Lei Org\u00e2nica do MP-SC: Compet\u00eancias do MP-SC na Lei 738\/2019","isPartOf":{"@id":"https:\/\/www.estrategiaconcursos.com.br\/blog\/#website"},"primaryImageOfPage":{"@id":"https:\/\/www.estrategiaconcursos.com.br\/blog\/lei-organica-mp-sc-competencias\/#primaryimage"},"image":{"@id":"https:\/\/www.estrategiaconcursos.com.br\/blog\/lei-organica-mp-sc-competencias\/#primaryimage"},"thumbnailUrl":"https:\/\/dhg1h5j42swfq.cloudfront.net\/2022\/03\/24215440\/mp-sc.jpg","datePublished":"2022-05-07T15:57:00+00:00","dateModified":"2022-05-11T12:35:34+00:00","description":"Confira aqui um resumo das Compet\u00eancias do MP-SC, na sua\u00a0Lei Org\u00e2nica, para o concurso do\u00a0Minist\u00e9rio P\u00fablico de Santa Catarina.","breadcrumb":{"@id":"https:\/\/www.estrategiaconcursos.com.br\/blog\/lei-organica-mp-sc-competencias\/#breadcrumb"},"inLanguage":"pt-BR","potentialAction":[{"@type":"ReadAction","target":["https:\/\/www.estrategiaconcursos.com.br\/blog\/lei-organica-mp-sc-competencias\/"]}]},{"@type":"ImageObject","inLanguage":"pt-BR","@id":"https:\/\/www.estrategiaconcursos.com.br\/blog\/lei-organica-mp-sc-competencias\/#primaryimage","url":"https:\/\/dhg1h5j42swfq.cloudfront.net\/2022\/03\/24215440\/mp-sc.jpg","contentUrl":"https:\/\/dhg1h5j42swfq.cloudfront.net\/2022\/03\/24215440\/mp-sc.jpg","width":768,"height":432,"caption":"CONCURSO MP SC"},{"@type":"BreadcrumbList","@id":"https:\/\/www.estrategiaconcursos.com.br\/blog\/lei-organica-mp-sc-competencias\/#breadcrumb","itemListElement":[{"@type":"ListItem","position":1,"name":"In\u00edcio","item":"https:\/\/www.estrategiaconcursos.com.br\/blog\/"},{"@type":"ListItem","position":2,"name":"Lei Org\u00e2nica do MP-SC: Compet\u00eancias do MP-SC na Lei 738\/2019"}]},{"@type":"WebSite","@id":"https:\/\/www.estrategiaconcursos.com.br\/blog\/#website","url":"https:\/\/www.estrategiaconcursos.com.br\/blog\/","name":"Estrat\u00e9gia Concursos","description":"O blog da Estrat\u00e9gia Concursos traz not\u00edcias sobre concursos e artigos de professores oferecendo cursos para concursos (pdf + videaulas) no site.","publisher":{"@id":"https:\/\/www.estrategiaconcursos.com.br\/blog\/#organization"},"potentialAction":[{"@type":"SearchAction","target":{"@type":"EntryPoint","urlTemplate":"https:\/\/www.estrategiaconcursos.com.br\/blog\/?s={search_term_string}"},"query-input":{"@type":"PropertyValueSpecification","valueRequired":true,"valueName":"search_term_string"}}],"inLanguage":"pt-BR"},{"@type":"Organization","@id":"https:\/\/www.estrategiaconcursos.com.br\/blog\/#organization","name":"Estrat\u00e9gia Concursos","url":"https:\/\/www.estrategiaconcursos.com.br\/blog\/","logo":{"@type":"ImageObject","inLanguage":"pt-BR","@id":"https:\/\/www.estrategiaconcursos.com.br\/blog\/#\/schema\/logo\/image\/","url":"https:\/\/dhg1h5j42swfq.cloudfront.net\/2025\/06\/03203428\/logo_concursos-1.jpg","contentUrl":"https:\/\/dhg1h5j42swfq.cloudfront.net\/2025\/06\/03203428\/logo_concursos-1.jpg","width":230,"height":60,"caption":"Estrat\u00e9gia Concursos"},"image":{"@id":"https:\/\/www.estrategiaconcursos.com.br\/blog\/#\/schema\/logo\/image\/"},"sameAs":["https:\/\/x.com\/EstratConcursos"]},{"@type":"Person","@id":"https:\/\/www.estrategiaconcursos.com.br\/blog\/#\/schema\/person\/f0c830e07cfe11c231c0ea5dbb036df5","name":"Kassio Henrique Sobral Rocha","image":{"@type":"ImageObject","inLanguage":"pt-BR","@id":"https:\/\/secure.gravatar.com\/avatar\/d10350cbdad043facd8ec77a377f86f9026afee3348e463b04854fd4490ce759?s=96&d=mm&r=g","url":"https:\/\/secure.gravatar.com\/avatar\/d10350cbdad043facd8ec77a377f86f9026afee3348e463b04854fd4490ce759?s=96&d=mm&r=g","contentUrl":"https:\/\/secure.gravatar.com\/avatar\/d10350cbdad043facd8ec77a377f86f9026afee3348e463b04854fd4490ce759?s=96&d=mm&r=g","caption":"Kassio Henrique Sobral Rocha"},"url":"https:\/\/www.estrategiaconcursos.com.br\/blog\/author\/kassio-rochayahoo-com-br\/"}]}},"_links":{"self":[{"href":"https:\/\/www.estrategiaconcursos.com.br\/blog\/wp-json\/wp\/v2\/posts\/1018757","targetHints":{"allow":["GET"]}}],"collection":[{"href":"https:\/\/www.estrategiaconcursos.com.br\/blog\/wp-json\/wp\/v2\/posts"}],"about":[{"href":"https:\/\/www.estrategiaconcursos.com.br\/blog\/wp-json\/wp\/v2\/types\/post"}],"author":[{"embeddable":true,"href":"https:\/\/www.estrategiaconcursos.com.br\/blog\/wp-json\/wp\/v2\/users\/1976"}],"replies":[{"embeddable":true,"href":"https:\/\/www.estrategiaconcursos.com.br\/blog\/wp-json\/wp\/v2\/comments?post=1018757"}],"version-history":[{"count":12,"href":"https:\/\/www.estrategiaconcursos.com.br\/blog\/wp-json\/wp\/v2\/posts\/1018757\/revisions"}],"predecessor-version":[{"id":1025868,"href":"https:\/\/www.estrategiaconcursos.com.br\/blog\/wp-json\/wp\/v2\/posts\/1018757\/revisions\/1025868"}],"wp:featuredmedia":[{"embeddable":true,"href":"https:\/\/www.estrategiaconcursos.com.br\/blog\/wp-json\/wp\/v2\/media\/994493"}],"wp:attachment":[{"href":"https:\/\/www.estrategiaconcursos.com.br\/blog\/wp-json\/wp\/v2\/media?parent=1018757"}],"wp:term":[{"taxonomy":"category","embeddable":true,"href":"https:\/\/www.estrategiaconcursos.com.br\/blog\/wp-json\/wp\/v2\/categories?post=1018757"},{"taxonomy":"post_tag","embeddable":true,"href":"https:\/\/www.estrategiaconcursos.com.br\/blog\/wp-json\/wp\/v2\/tags?post=1018757"},{"taxonomy":"tax_estado","embeddable":true,"href":"https:\/\/www.estrategiaconcursos.com.br\/blog\/wp-json\/wp\/v2\/tax_estado?post=1018757"}],"curies":[{"name":"wp","href":"https:\/\/api.w.org\/{rel}","templated":true}]}}