{"id":1018732,"date":"2022-05-02T10:33:21","date_gmt":"2022-05-02T13:33:21","guid":{"rendered":"https:\/\/www.estrategiaconcursos.com.br\/blog\/?p=1018732"},"modified":"2022-05-03T10:28:28","modified_gmt":"2022-05-03T13:28:28","slug":"concurso-trt-mg-ultimo-edital","status":"publish","type":"post","link":"https:\/\/www.estrategiaconcursos.com.br\/blog\/concurso-trt-mg-ultimo-edital\/","title":{"rendered":"Concurso TRT MG: veja os detalhes do \u00faltimo edital"},"content":{"rendered":"\n<p>Um novo edital do <strong>concurso TRT MG<\/strong> (Tribunal Regional do Trabalho de Minas Gerais) \u00e9 aguardado. <\/p>\n\n\n\n<p>O certame j\u00e1 est\u00e1 autorizado e a <strong>comiss\u00e3o formada<\/strong>. A expectativa \u00e9 de que o edital TRT MG<strong> <\/strong>seja publicado ainda este ano &#8211; 2022. <\/p>\n\n\n\n<p>As oportunidades ser\u00e3o para os cargos de <strong>T\u00e9cnico<\/strong> e <strong>Analista<\/strong>. As tratativas com as bancas <strong>Fumarc <\/strong>(Funda\u00e7\u00e3o Mariana Resende Costa) e o<strong> IBFC<\/strong> (Instituto Brasileiro de Forma\u00e7\u00e3o e Capacita\u00e7\u00e3o) foram iniciadas. <\/p>\n\n\n\n<p>Com a imin\u00eancia do edital \u00e9 melhor j\u00e1 organizar uma rotina de estudos. Por conta disso, o Estrat\u00e9gia Concursos separou o \u00faltimo edital do concurso TRT MG pata nortear a sua prepara\u00e7\u00e3o. <\/p>\n\n\n\n<h3 class=\"wp-block-heading\" id=\"h-ultimo-edital-concurso-trt-mg\">\u00daltimo edital concurso TRT MG<\/h3>\n\n\n\n<p>O \u00faltimo <strong>edital TRT MG<\/strong> ocorreu em 2015 sob organiza\u00e7\u00e3o da <strong>FCC <\/strong>(Funda\u00e7\u00e3o Carlos Chagas). Na \u00e9poca, as oportunidades foram para forma\u00e7\u00e3o de cadastro de reserva para os cargos de Analista e T\u00e9cnico Judici\u00e1rio em diversas especialidades, sendo:<\/p>\n\n\n\n<ul class=\"wp-block-list\"><li><strong>Analista Judici\u00e1rio<\/strong><ul><li>\u00c1rea Judici\u00e1ria \u2013 Oficial de Justi\u00e7a Avaliador Federal<\/li><li>\u00c1rea Judici\u00e1ria<\/li><li>\u00c1rea Administrativa<\/li><li>\u00c1rea Administrativa \u2013 Contabilidade<\/li><li>\u00c1rea Apoio Especializado \u2013 Estat\u00edstica<\/li><li>\u00c1rea Apoio Especializado \u2013 Arquitetura<\/li><li>\u00c1rea Apoio Especializado \u2013 Arquivologia<\/li><li>\u00c1rea Apoio Especializado \u2013 Biblioteconomia<\/li><li>\u00c1rea Apoio Especializado \u2013 Comunica\u00e7\u00e3o Social<\/li><li>\u00c1rea Apoio Especializado \u2013 Enfermagem<\/li><li>\u00c1rea Apoio Especializado \u2013 Engenharia (Civil, El\u00e9trica, Mec\u00e2nica e Seguran\u00e7a do Trabalho)<\/li><li>\u00c1rea Apoio Especializado \u2013 Fisioterapia<\/li><li>\u00c1rea Apoio Especializado \u2013 Historiador<\/li><li>\u00c1rea Apoio Especializado \u2013 Medicina (Cardiologia, do Trabalho e Psiquiatria)<\/li><li>\u00c1rea Apoio Especializado \u2013 Odontologia (Endodontia, Pediatria e Pr\u00f3tese)<\/li><li>\u00c1rea Apoio Especializado \u2013 Psicologia<\/li><li>\u00c1rea Apoio Especializado \u2013 Servi\u00e7o Social<\/li><li>\u00c1rea Apoio Especializado \u2013 Tecnologia da Informa\u00e7\u00e3o<\/li><\/ul><\/li><\/ul>\n\n\n\n<ul class=\"wp-block-list\"><li><strong>T\u00e9cnico Judici\u00e1rio<\/strong><ul><li>\u00c1rea Administrativa<\/li><li>\u00c1rea Administrativa \u2013 Contabilidade<\/li><li>\u00c1rea Apoio Especializado \u2013 Enfermagem<\/li><li>\u00c1rea Apoio Especializado \u2013 Tecnologia da Informa\u00e7\u00e3o<\/li><\/ul><\/li><\/ul>\n\n\n\n<h3 class=\"wp-block-heading\" id=\"provas-ultimo-edital-trt-mg\">Provas \u00faltimo edital TRT MG<\/h3>\n\n\n\n<p>Os candidatos foram avaliados por meio de prova objetiva de conhecimentos b\u00e1sicos e espec\u00edficos com 60 quest\u00f5es, sendo:<\/p>\n\n\n\n<ul class=\"wp-block-list\"><li>Conhecimentos B\u00e1sicos \u2013 20 quest\u00f5es (peso 1)<\/li><li>Conhecimentos Espec\u00edficos \u2013 40 quest\u00f5es (peso 3)<\/li><li>Estudo de Caso \u2013 2 quest\u00f5es (peso 1)<\/li><\/ul>\n\n\n\n<p>Al\u00e9m disso, foi necess\u00e1rio fazer estudo de caso&nbsp;com duas quest\u00f5es. Com dura\u00e7\u00e3o de 4h30, as duas etapas do <a href=\"https:\/\/portal.trt3.jus.br\/internet\" target=\"_blank\" rel=\"noreferrer noopener\">TRT MG<\/a> foram de car\u00e1ter eliminat\u00f3rio e classificat\u00f3rio. <\/p>\n\n\n\n<p>Os sal\u00e1rios previstos em 2015 estavam entre R$ 5.425,79 a R$ 10.485,62. Mas saiba que atualmente os servidores recebem uma remunera\u00e7\u00e3o inicial de R$ 7.591,37 (n\u00edvel m\u00e9dio) at\u00e9 R$ 12.455,30 (n\u00edvel superior).<\/p>\n\n\n\n<p>Os aprovados tamb\u00e9m contaram com alguns benef\u00edcios, sendo eles:<\/p>\n\n\n\n<ul class=\"wp-block-list\"><li><strong>Aux\u00edlio Alimenta\u00e7\u00e3o:<\/strong> R$ 910,08<\/li><li><strong>Aux\u00edlio Transporte<\/strong><\/li><li><strong>Adicional de Qualifica\u00e7\u00e3o<\/strong>: at\u00e9 3%<\/li><li><strong>Adicional de T\u00edtulos<\/strong>: at\u00e912,50%<\/li><\/ul>\n\n\n\n<h2 class=\"has-text-align-center has-pale-cyan-blue-background-color has-background has-medium-font-size wp-block-heading\" id=\"saiba-mais-concurso-trt-mg\">Saiba mais: <a href=\"https:\/\/www.estrategiaconcursos.com.br\/blog\/concurso-trt-mg\/\" target=\"_blank\" rel=\"noreferrer noopener\">concurso TRT MG<\/a> <\/h2>\n\n\n\n\n\n<h2 class=\"has-text-align-center wp-block-heading\" id=\"quer-estudar-para-o-concurso-trt-mg\"><strong><em>Quer estudar para o concurso TRT MG?<\/em><\/strong><\/h2>\n\n\n\n<div class=\"container\" id=\"boxes\">\n  <div class=\"row\">\n\n    <div class=\"col-sm\">\n      <div class=\"banner-tribunal\" id=\"box-assinatura\">\n        <h3 class=\"titulo-assinatura\">Curso TRT MG<\/h3>\n        <p class=\"subtitulo-assinatura\">Conhe\u00e7a os cursos<\/p>\n        <div class=\"box-botao\">\n          <a class=\"btn-assinatura\" target=\"_blank\" href=\"https:\/\/www.estrategiaconcursos.com.br\/curso\/trt-3-regiao-analista-judiciario-area-administrativa-pacote-2022-pre-edital\/\" role=\"button\" rel=\"noopener noreferrer\">Conhe\u00e7a mais<\/a>\n        <\/div>\n      <\/div>\n      <p class=\"texto-auxiliar\">Prepare-se com o melhor material e com quem mais aprova em Concursos P\u00fablicos em todo o pa\u00eds.<\/p>\n    <\/div>\n\n  <\/div>\n<\/div>\n\n\n\n<div class=\"container\" id=\"boxes\">\n  <div class=\"row\">\n\n    <div class=\"col-sm\">\n      <div class=\"estrategia\" id=\"box-assinatura\">\n        <h3 class=\"titulo-assinatura\">Assinatura Concursos<\/h3>\n        <p class=\"subtitulo-assinatura\">Assinatura de 1 ano ou 2 anos<\/p>\n        <div class=\"box-botao\">\n          <a class=\"btn-assinatura\" target=\"_blank\" href=\"https:\/\/www.estrategiaconcursos.com.br\/assinaturas\/\" role=\"button\" rel=\"noopener noreferrer\">ASSINE AGORA<\/a>\n        <\/div>\n      <\/div>\n     \n    <\/div><\/div><\/div>\n","protected":false},"excerpt":{"rendered":"<p>Um novo edital do concurso TRT MG (Tribunal Regional do Trabalho de Minas Gerais) \u00e9 aguardado. O certame j\u00e1 est\u00e1 autorizado e a comiss\u00e3o formada. A expectativa \u00e9 de que o edital TRT MG seja publicado ainda este ano &#8211; 2022. As oportunidades ser\u00e3o para os cargos de T\u00e9cnico e Analista. As tratativas com as [&hellip;]<\/p>\n","protected":false},"author":2375,"featured_media":1007949,"comment_status":"open","ping_status":"closed","sticky":false,"template":"","format":"standard","meta":{"post_tipo":"news","footnotes":""},"categories":[1984,220219],"tags":[],"tax_estado":[219974],"class_list":["post-1018732","post","type-post","status-publish","format-standard","has-post-thumbnail","hentry","category-tribunais","category-noticias","tax_estado-mg"],"acf":[],"yoast_head":"<!-- This site is optimized with the Yoast SEO Premium plugin v27.2 (Yoast SEO v27.2) - https:\/\/yoast.com\/product\/yoast-seo-premium-wordpress\/ -->\n<title>Concurso TRT MG: veja os detalhes do \u00faltimo edital<\/title>\n<meta name=\"description\" content=\"Concurso TRT MG: saiba todos os detalhes do \u00faltimo edital com o Estrat\u00e9gia Concursos. Uma maneira de ajudar na sua prepara\u00e7\u00e3o.\" \/>\n<meta name=\"robots\" content=\"index, follow, max-snippet:-1, max-image-preview:large, max-video-preview:-1\" \/>\n<link rel=\"canonical\" href=\"https:\/\/www.estrategiaconcursos.com.br\/blog\/concurso-trt-mg-ultimo-edital\/\" \/>\n<meta property=\"og:locale\" content=\"pt_BR\" \/>\n<meta property=\"og:type\" content=\"article\" \/>\n<meta property=\"og:title\" content=\"Concurso TRT MG: veja os detalhes do \u00faltimo edital\" \/>\n<meta property=\"og:description\" content=\"Concurso TRT MG: saiba todos os detalhes do \u00faltimo edital com o Estrat\u00e9gia Concursos. Uma maneira de ajudar na sua prepara\u00e7\u00e3o.\" \/>\n<meta property=\"og:url\" content=\"https:\/\/www.estrategiaconcursos.com.br\/blog\/concurso-trt-mg-ultimo-edital\/\" \/>\n<meta property=\"og:site_name\" content=\"Estrat\u00e9gia Concursos\" \/>\n<meta property=\"article:published_time\" content=\"2022-05-02T13:33:21+00:00\" \/>\n<meta property=\"article:modified_time\" content=\"2022-05-03T13:28:28+00:00\" \/>\n<meta property=\"og:image\" content=\"https:\/\/dhg1h5j42swfq.cloudfront.net\/2022\/04\/13084511\/concurso-trt-mg-edital-autorizado.jpeg\" \/>\n\t<meta property=\"og:image:width\" content=\"150\" \/>\n\t<meta property=\"og:image:height\" content=\"150\" \/>\n\t<meta property=\"og:image:type\" content=\"image\/jpeg\" \/>\n<meta name=\"author\" content=\"Priscila Almeida\" \/>\n<meta name=\"twitter:card\" content=\"summary_large_image\" \/>\n<meta name=\"twitter:creator\" content=\"@EstratConcursos\" \/>\n<meta name=\"twitter:site\" content=\"@EstratConcursos\" \/>\n<meta name=\"twitter:label1\" content=\"Escrito por\" \/>\n\t<meta name=\"twitter:data1\" content=\"Priscila Almeida\" \/>\n\t<meta name=\"twitter:label2\" content=\"Est. tempo de leitura\" \/>\n\t<meta name=\"twitter:data2\" content=\"3 minutos\" \/>\n<script type=\"application\/ld+json\" class=\"yoast-schema-graph\">{\"@context\":\"https:\/\/schema.org\",\"@graph\":[{\"@type\":\"NewsArticle\",\"@id\":\"https:\/\/www.estrategiaconcursos.com.br\/blog\/concurso-trt-mg-ultimo-edital\/#article\",\"isPartOf\":{\"@id\":\"https:\/\/www.estrategiaconcursos.com.br\/blog\/concurso-trt-mg-ultimo-edital\/\"},\"author\":{\"name\":\"Priscila Almeida\",\"@id\":\"https:\/\/www.estrategiaconcursos.com.br\/blog\/#\/schema\/person\/a06e841e501f2e1d8c49c4e8f066bfd1\"},\"headline\":\"Concurso TRT MG: veja os detalhes do \u00faltimo edital\",\"datePublished\":\"2022-05-02T13:33:21+00:00\",\"dateModified\":\"2022-05-03T13:28:28+00:00\",\"mainEntityOfPage\":{\"@id\":\"https:\/\/www.estrategiaconcursos.com.br\/blog\/concurso-trt-mg-ultimo-edital\/\"},\"wordCount\":478,\"commentCount\":0,\"publisher\":{\"@id\":\"https:\/\/www.estrategiaconcursos.com.br\/blog\/#organization\"},\"image\":{\"@id\":\"https:\/\/www.estrategiaconcursos.com.br\/blog\/concurso-trt-mg-ultimo-edital\/#primaryimage\"},\"thumbnailUrl\":\"https:\/\/dhg1h5j42swfq.cloudfront.net\/2022\/04\/13084511\/concurso-trt-mg-edital-autorizado.jpeg\",\"articleSection\":[\"Tribunais\",\"\u00daltimas not\u00edcias\"],\"inLanguage\":\"pt-BR\",\"potentialAction\":[{\"@type\":\"CommentAction\",\"name\":\"Comment\",\"target\":[\"https:\/\/www.estrategiaconcursos.com.br\/blog\/concurso-trt-mg-ultimo-edital\/#respond\"]}],\"copyrightYear\":\"2022\",\"copyrightHolder\":{\"@id\":\"https:\/\/www.estrategiaconcursos.com.br\/blog\/#organization\"}},{\"@type\":\"WebPage\",\"@id\":\"https:\/\/www.estrategiaconcursos.com.br\/blog\/concurso-trt-mg-ultimo-edital\/\",\"url\":\"https:\/\/www.estrategiaconcursos.com.br\/blog\/concurso-trt-mg-ultimo-edital\/\",\"name\":\"Concurso TRT MG: veja os detalhes do \u00faltimo edital\",\"isPartOf\":{\"@id\":\"https:\/\/www.estrategiaconcursos.com.br\/blog\/#website\"},\"primaryImageOfPage\":{\"@id\":\"https:\/\/www.estrategiaconcursos.com.br\/blog\/concurso-trt-mg-ultimo-edital\/#primaryimage\"},\"image\":{\"@id\":\"https:\/\/www.estrategiaconcursos.com.br\/blog\/concurso-trt-mg-ultimo-edital\/#primaryimage\"},\"thumbnailUrl\":\"https:\/\/dhg1h5j42swfq.cloudfront.net\/2022\/04\/13084511\/concurso-trt-mg-edital-autorizado.jpeg\",\"datePublished\":\"2022-05-02T13:33:21+00:00\",\"dateModified\":\"2022-05-03T13:28:28+00:00\",\"description\":\"Concurso TRT MG: saiba todos os detalhes do \u00faltimo edital com o Estrat\u00e9gia Concursos. Uma maneira de ajudar na sua prepara\u00e7\u00e3o.\",\"breadcrumb\":{\"@id\":\"https:\/\/www.estrategiaconcursos.com.br\/blog\/concurso-trt-mg-ultimo-edital\/#breadcrumb\"},\"inLanguage\":\"pt-BR\",\"potentialAction\":[{\"@type\":\"ReadAction\",\"target\":[\"https:\/\/www.estrategiaconcursos.com.br\/blog\/concurso-trt-mg-ultimo-edital\/\"]}]},{\"@type\":\"ImageObject\",\"inLanguage\":\"pt-BR\",\"@id\":\"https:\/\/www.estrategiaconcursos.com.br\/blog\/concurso-trt-mg-ultimo-edital\/#primaryimage\",\"url\":\"https:\/\/dhg1h5j42swfq.cloudfront.net\/2022\/04\/13084511\/concurso-trt-mg-edital-autorizado.jpeg\",\"contentUrl\":\"https:\/\/dhg1h5j42swfq.cloudfront.net\/2022\/04\/13084511\/concurso-trt-mg-edital-autorizado.jpeg\",\"width\":150,\"height\":150,\"caption\":\"\u00faltima prova concurso TRT MG\"},{\"@type\":\"BreadcrumbList\",\"@id\":\"https:\/\/www.estrategiaconcursos.com.br\/blog\/concurso-trt-mg-ultimo-edital\/#breadcrumb\",\"itemListElement\":[{\"@type\":\"ListItem\",\"position\":1,\"name\":\"In\u00edcio\",\"item\":\"https:\/\/www.estrategiaconcursos.com.br\/blog\/\"},{\"@type\":\"ListItem\",\"position\":2,\"name\":\"Concurso TRT MG: veja os detalhes do \u00faltimo edital\"}]},{\"@type\":\"WebSite\",\"@id\":\"https:\/\/www.estrategiaconcursos.com.br\/blog\/#website\",\"url\":\"https:\/\/www.estrategiaconcursos.com.br\/blog\/\",\"name\":\"Estrat\u00e9gia Concursos\",\"description\":\"O blog da Estrat\u00e9gia Concursos traz not\u00edcias sobre concursos e artigos de professores oferecendo cursos para concursos (pdf + videaulas) no site.\",\"publisher\":{\"@id\":\"https:\/\/www.estrategiaconcursos.com.br\/blog\/#organization\"},\"potentialAction\":[{\"@type\":\"SearchAction\",\"target\":{\"@type\":\"EntryPoint\",\"urlTemplate\":\"https:\/\/www.estrategiaconcursos.com.br\/blog\/?s={search_term_string}\"},\"query-input\":{\"@type\":\"PropertyValueSpecification\",\"valueRequired\":true,\"valueName\":\"search_term_string\"}}],\"inLanguage\":\"pt-BR\"},{\"@type\":\"Organization\",\"@id\":\"https:\/\/www.estrategiaconcursos.com.br\/blog\/#organization\",\"name\":\"Estrat\u00e9gia Concursos\",\"url\":\"https:\/\/www.estrategiaconcursos.com.br\/blog\/\",\"logo\":{\"@type\":\"ImageObject\",\"inLanguage\":\"pt-BR\",\"@id\":\"https:\/\/www.estrategiaconcursos.com.br\/blog\/#\/schema\/logo\/image\/\",\"url\":\"https:\/\/dhg1h5j42swfq.cloudfront.net\/2025\/06\/03203428\/logo_concursos-1.jpg\",\"contentUrl\":\"https:\/\/dhg1h5j42swfq.cloudfront.net\/2025\/06\/03203428\/logo_concursos-1.jpg\",\"width\":230,\"height\":60,\"caption\":\"Estrat\u00e9gia Concursos\"},\"image\":{\"@id\":\"https:\/\/www.estrategiaconcursos.com.br\/blog\/#\/schema\/logo\/image\/\"},\"sameAs\":[\"https:\/\/x.com\/EstratConcursos\"]},{\"@type\":\"Person\",\"@id\":\"https:\/\/www.estrategiaconcursos.com.br\/blog\/#\/schema\/person\/a06e841e501f2e1d8c49c4e8f066bfd1\",\"name\":\"Priscila Almeida\",\"image\":{\"@type\":\"ImageObject\",\"inLanguage\":\"pt-BR\",\"@id\":\"https:\/\/secure.gravatar.com\/avatar\/0a963c9e2a947fa675b669cea2b5d0ba6dd1cbf46b966190343b6c9973ad3337?s=96&d=mm&r=g\",\"url\":\"https:\/\/secure.gravatar.com\/avatar\/0a963c9e2a947fa675b669cea2b5d0ba6dd1cbf46b966190343b6c9973ad3337?s=96&d=mm&r=g\",\"contentUrl\":\"https:\/\/secure.gravatar.com\/avatar\/0a963c9e2a947fa675b669cea2b5d0ba6dd1cbf46b966190343b6c9973ad3337?s=96&d=mm&r=g\",\"caption\":\"Priscila Almeida\"},\"description\":\"Atua na \u00e1rea de concursos p\u00fablicos desde 2019. As editorias que mais t\u00eam familiaridade s\u00e3o: Tribunais (TJs; TRTs; TREs; TSTs; STJ, STF, STM e TSE); Defensorias; Minist\u00e9rios P\u00fablicos; Procuradorias; Educa\u00e7\u00e3o e Conselhos. Na \u00e1rea de comunica\u00e7\u00e3o, de maneira geral, a caminhada \u00e9 um pouco mais longa - desde 2007. Possui experi\u00eancia em reda\u00e7\u00f5es de r\u00e1dio, TV, Web e impresso, al\u00e9m de desenvolver trabalhos em assessorias de comunica\u00e7\u00e3o institucional, empresarial e p\u00fablicas. Entre outros trabalhos, se destacam a atua\u00e7\u00e3o nas \u00e1reas de Justi\u00e7a, Congresso, Esportes, Sa\u00fade, Agropecu\u00e1ria, Cidades e Avia\u00e7\u00e3o Civil.\",\"url\":\"https:\/\/www.estrategiaconcursos.com.br\/blog\/author\/priscila-almeidaestrategia-com\/\"}]}<\/script>\n<!-- \/ Yoast SEO Premium plugin. -->","yoast_head_json":{"title":"Concurso TRT MG: veja os detalhes do \u00faltimo edital","description":"Concurso TRT MG: saiba todos os detalhes do \u00faltimo edital com o Estrat\u00e9gia Concursos. Uma maneira de ajudar na sua prepara\u00e7\u00e3o.","robots":{"index":"index","follow":"follow","max-snippet":"max-snippet:-1","max-image-preview":"max-image-preview:large","max-video-preview":"max-video-preview:-1"},"canonical":"https:\/\/www.estrategiaconcursos.com.br\/blog\/concurso-trt-mg-ultimo-edital\/","og_locale":"pt_BR","og_type":"article","og_title":"Concurso TRT MG: veja os detalhes do \u00faltimo edital","og_description":"Concurso TRT MG: saiba todos os detalhes do \u00faltimo edital com o Estrat\u00e9gia Concursos. Uma maneira de ajudar na sua prepara\u00e7\u00e3o.","og_url":"https:\/\/www.estrategiaconcursos.com.br\/blog\/concurso-trt-mg-ultimo-edital\/","og_site_name":"Estrat\u00e9gia Concursos","article_published_time":"2022-05-02T13:33:21+00:00","article_modified_time":"2022-05-03T13:28:28+00:00","og_image":[{"width":150,"height":150,"url":"https:\/\/dhg1h5j42swfq.cloudfront.net\/2022\/04\/13084511\/concurso-trt-mg-edital-autorizado.jpeg","type":"image\/jpeg"}],"author":"Priscila Almeida","twitter_card":"summary_large_image","twitter_creator":"@EstratConcursos","twitter_site":"@EstratConcursos","twitter_misc":{"Escrito por":"Priscila Almeida","Est. tempo de leitura":"3 minutos"},"schema":{"@context":"https:\/\/schema.org","@graph":[{"@type":"NewsArticle","@id":"https:\/\/www.estrategiaconcursos.com.br\/blog\/concurso-trt-mg-ultimo-edital\/#article","isPartOf":{"@id":"https:\/\/www.estrategiaconcursos.com.br\/blog\/concurso-trt-mg-ultimo-edital\/"},"author":{"name":"Priscila Almeida","@id":"https:\/\/www.estrategiaconcursos.com.br\/blog\/#\/schema\/person\/a06e841e501f2e1d8c49c4e8f066bfd1"},"headline":"Concurso TRT MG: veja os detalhes do \u00faltimo edital","datePublished":"2022-05-02T13:33:21+00:00","dateModified":"2022-05-03T13:28:28+00:00","mainEntityOfPage":{"@id":"https:\/\/www.estrategiaconcursos.com.br\/blog\/concurso-trt-mg-ultimo-edital\/"},"wordCount":478,"commentCount":0,"publisher":{"@id":"https:\/\/www.estrategiaconcursos.com.br\/blog\/#organization"},"image":{"@id":"https:\/\/www.estrategiaconcursos.com.br\/blog\/concurso-trt-mg-ultimo-edital\/#primaryimage"},"thumbnailUrl":"https:\/\/dhg1h5j42swfq.cloudfront.net\/2022\/04\/13084511\/concurso-trt-mg-edital-autorizado.jpeg","articleSection":["Tribunais","\u00daltimas not\u00edcias"],"inLanguage":"pt-BR","potentialAction":[{"@type":"CommentAction","name":"Comment","target":["https:\/\/www.estrategiaconcursos.com.br\/blog\/concurso-trt-mg-ultimo-edital\/#respond"]}],"copyrightYear":"2022","copyrightHolder":{"@id":"https:\/\/www.estrategiaconcursos.com.br\/blog\/#organization"}},{"@type":"WebPage","@id":"https:\/\/www.estrategiaconcursos.com.br\/blog\/concurso-trt-mg-ultimo-edital\/","url":"https:\/\/www.estrategiaconcursos.com.br\/blog\/concurso-trt-mg-ultimo-edital\/","name":"Concurso TRT MG: veja os detalhes do \u00faltimo edital","isPartOf":{"@id":"https:\/\/www.estrategiaconcursos.com.br\/blog\/#website"},"primaryImageOfPage":{"@id":"https:\/\/www.estrategiaconcursos.com.br\/blog\/concurso-trt-mg-ultimo-edital\/#primaryimage"},"image":{"@id":"https:\/\/www.estrategiaconcursos.com.br\/blog\/concurso-trt-mg-ultimo-edital\/#primaryimage"},"thumbnailUrl":"https:\/\/dhg1h5j42swfq.cloudfront.net\/2022\/04\/13084511\/concurso-trt-mg-edital-autorizado.jpeg","datePublished":"2022-05-02T13:33:21+00:00","dateModified":"2022-05-03T13:28:28+00:00","description":"Concurso TRT MG: saiba todos os detalhes do \u00faltimo edital com o Estrat\u00e9gia Concursos. Uma maneira de ajudar na sua prepara\u00e7\u00e3o.","breadcrumb":{"@id":"https:\/\/www.estrategiaconcursos.com.br\/blog\/concurso-trt-mg-ultimo-edital\/#breadcrumb"},"inLanguage":"pt-BR","potentialAction":[{"@type":"ReadAction","target":["https:\/\/www.estrategiaconcursos.com.br\/blog\/concurso-trt-mg-ultimo-edital\/"]}]},{"@type":"ImageObject","inLanguage":"pt-BR","@id":"https:\/\/www.estrategiaconcursos.com.br\/blog\/concurso-trt-mg-ultimo-edital\/#primaryimage","url":"https:\/\/dhg1h5j42swfq.cloudfront.net\/2022\/04\/13084511\/concurso-trt-mg-edital-autorizado.jpeg","contentUrl":"https:\/\/dhg1h5j42swfq.cloudfront.net\/2022\/04\/13084511\/concurso-trt-mg-edital-autorizado.jpeg","width":150,"height":150,"caption":"\u00faltima prova concurso TRT MG"},{"@type":"BreadcrumbList","@id":"https:\/\/www.estrategiaconcursos.com.br\/blog\/concurso-trt-mg-ultimo-edital\/#breadcrumb","itemListElement":[{"@type":"ListItem","position":1,"name":"In\u00edcio","item":"https:\/\/www.estrategiaconcursos.com.br\/blog\/"},{"@type":"ListItem","position":2,"name":"Concurso TRT MG: veja os detalhes do \u00faltimo edital"}]},{"@type":"WebSite","@id":"https:\/\/www.estrategiaconcursos.com.br\/blog\/#website","url":"https:\/\/www.estrategiaconcursos.com.br\/blog\/","name":"Estrat\u00e9gia Concursos","description":"O blog da Estrat\u00e9gia Concursos traz not\u00edcias sobre concursos e artigos de professores oferecendo cursos para concursos (pdf + videaulas) no site.","publisher":{"@id":"https:\/\/www.estrategiaconcursos.com.br\/blog\/#organization"},"potentialAction":[{"@type":"SearchAction","target":{"@type":"EntryPoint","urlTemplate":"https:\/\/www.estrategiaconcursos.com.br\/blog\/?s={search_term_string}"},"query-input":{"@type":"PropertyValueSpecification","valueRequired":true,"valueName":"search_term_string"}}],"inLanguage":"pt-BR"},{"@type":"Organization","@id":"https:\/\/www.estrategiaconcursos.com.br\/blog\/#organization","name":"Estrat\u00e9gia Concursos","url":"https:\/\/www.estrategiaconcursos.com.br\/blog\/","logo":{"@type":"ImageObject","inLanguage":"pt-BR","@id":"https:\/\/www.estrategiaconcursos.com.br\/blog\/#\/schema\/logo\/image\/","url":"https:\/\/dhg1h5j42swfq.cloudfront.net\/2025\/06\/03203428\/logo_concursos-1.jpg","contentUrl":"https:\/\/dhg1h5j42swfq.cloudfront.net\/2025\/06\/03203428\/logo_concursos-1.jpg","width":230,"height":60,"caption":"Estrat\u00e9gia Concursos"},"image":{"@id":"https:\/\/www.estrategiaconcursos.com.br\/blog\/#\/schema\/logo\/image\/"},"sameAs":["https:\/\/x.com\/EstratConcursos"]},{"@type":"Person","@id":"https:\/\/www.estrategiaconcursos.com.br\/blog\/#\/schema\/person\/a06e841e501f2e1d8c49c4e8f066bfd1","name":"Priscila Almeida","image":{"@type":"ImageObject","inLanguage":"pt-BR","@id":"https:\/\/secure.gravatar.com\/avatar\/0a963c9e2a947fa675b669cea2b5d0ba6dd1cbf46b966190343b6c9973ad3337?s=96&d=mm&r=g","url":"https:\/\/secure.gravatar.com\/avatar\/0a963c9e2a947fa675b669cea2b5d0ba6dd1cbf46b966190343b6c9973ad3337?s=96&d=mm&r=g","contentUrl":"https:\/\/secure.gravatar.com\/avatar\/0a963c9e2a947fa675b669cea2b5d0ba6dd1cbf46b966190343b6c9973ad3337?s=96&d=mm&r=g","caption":"Priscila Almeida"},"description":"Atua na \u00e1rea de concursos p\u00fablicos desde 2019. As editorias que mais t\u00eam familiaridade s\u00e3o: Tribunais (TJs; TRTs; TREs; TSTs; STJ, STF, STM e TSE); Defensorias; Minist\u00e9rios P\u00fablicos; Procuradorias; Educa\u00e7\u00e3o e Conselhos. Na \u00e1rea de comunica\u00e7\u00e3o, de maneira geral, a caminhada \u00e9 um pouco mais longa - desde 2007. Possui experi\u00eancia em reda\u00e7\u00f5es de r\u00e1dio, TV, Web e impresso, al\u00e9m de desenvolver trabalhos em assessorias de comunica\u00e7\u00e3o institucional, empresarial e p\u00fablicas. Entre outros trabalhos, se destacam a atua\u00e7\u00e3o nas \u00e1reas de Justi\u00e7a, Congresso, Esportes, Sa\u00fade, Agropecu\u00e1ria, Cidades e Avia\u00e7\u00e3o Civil.","url":"https:\/\/www.estrategiaconcursos.com.br\/blog\/author\/priscila-almeidaestrategia-com\/"}]}},"_links":{"self":[{"href":"https:\/\/www.estrategiaconcursos.com.br\/blog\/wp-json\/wp\/v2\/posts\/1018732","targetHints":{"allow":["GET"]}}],"collection":[{"href":"https:\/\/www.estrategiaconcursos.com.br\/blog\/wp-json\/wp\/v2\/posts"}],"about":[{"href":"https:\/\/www.estrategiaconcursos.com.br\/blog\/wp-json\/wp\/v2\/types\/post"}],"author":[{"embeddable":true,"href":"https:\/\/www.estrategiaconcursos.com.br\/blog\/wp-json\/wp\/v2\/users\/2375"}],"replies":[{"embeddable":true,"href":"https:\/\/www.estrategiaconcursos.com.br\/blog\/wp-json\/wp\/v2\/comments?post=1018732"}],"version-history":[{"count":5,"href":"https:\/\/www.estrategiaconcursos.com.br\/blog\/wp-json\/wp\/v2\/posts\/1018732\/revisions"}],"predecessor-version":[{"id":1019955,"href":"https:\/\/www.estrategiaconcursos.com.br\/blog\/wp-json\/wp\/v2\/posts\/1018732\/revisions\/1019955"}],"wp:featuredmedia":[{"embeddable":true,"href":"https:\/\/www.estrategiaconcursos.com.br\/blog\/wp-json\/wp\/v2\/media\/1007949"}],"wp:attachment":[{"href":"https:\/\/www.estrategiaconcursos.com.br\/blog\/wp-json\/wp\/v2\/media?parent=1018732"}],"wp:term":[{"taxonomy":"category","embeddable":true,"href":"https:\/\/www.estrategiaconcursos.com.br\/blog\/wp-json\/wp\/v2\/categories?post=1018732"},{"taxonomy":"post_tag","embeddable":true,"href":"https:\/\/www.estrategiaconcursos.com.br\/blog\/wp-json\/wp\/v2\/tags?post=1018732"},{"taxonomy":"tax_estado","embeddable":true,"href":"https:\/\/www.estrategiaconcursos.com.br\/blog\/wp-json\/wp\/v2\/tax_estado?post=1018732"}],"curies":[{"name":"wp","href":"https:\/\/api.w.org\/{rel}","templated":true}]}}