{"id":101857,"date":"2018-02-04T14:30:01","date_gmt":"2018-02-04T17:30:01","guid":{"rendered":"https:\/\/www.estrategiaconcursos.com.br\/blog\/?p=101857"},"modified":"2020-06-29T15:10:05","modified_gmt":"2020-06-29T18:10:05","slug":"concurso-sedu-es-edital","status":"publish","type":"post","link":"https:\/\/www.estrategiaconcursos.com.br\/blog\/concurso-sedu-es-edital\/","title":{"rendered":"Concurso Sedu ES &#8211; FIM DAS INSCRI\u00c7\u00d5ES| S\u00e3o ofertadas mais de mil vagas para Professor"},"content":{"rendered":"<p style=\"text-align: justify;\">Este \u00e9 \u00faltimo dia de inscri\u00e7\u00e3o, 05 de fevereiro, do<strong> Concurso SEDU ES&nbsp;<\/strong>que foi publicado na edi\u00e7\u00e3o do dia 12 de janeiro, no Di\u00e1rio Oficial do Esp\u00edrito Santo, com o oferecimento de mais de mil vagas no cargo de <em>Professor da Secretaria de Educa\u00e7\u00e3o<\/em>.<\/p>\n<p style=\"text-align: justify;\">A banca organizadora deste certame \u00e9 a Funda\u00e7\u00e3o Calos Chagas &#8211; FCC e distribui <strong>1.025 vagas <\/strong>por todo estado, com remunera\u00e7\u00e3o inicial de at\u00e9 R$ 3.554,92 para carga hor\u00e1ria de 25 horas semanais.<\/p>\n<p style=\"text-align: center;\"><strong><span style=\"font-size: 18pt;\"><em>An\u00e1lise de Edital SEDU-ES:<\/em><\/span><\/strong><\/p>\n<div class=\"lyte-wrapper\" style=\"width:853px;max-width:100%;margin:5px;\"><div class=\"lyMe\" id=\"WYL__QRWjy6COLg\"><div id=\"lyte__QRWjy6COLg\" data-src=\"\/\/i.ytimg.com\/vi\/_QRWjy6COLg\/hqdefault.jpg\" class=\"pL\"><div class=\"tC\"><div class=\"tT\"><\/div><\/div><div class=\"play\"><\/div><div class=\"ctrl\"><div class=\"Lctrl\"><\/div><div class=\"Rctrl\"><\/div><\/div><\/div><noscript><a href=\"https:\/\/youtu.be\/_QRWjy6COLg\" rel=\"nofollow\"><img loading=\"lazy\" decoding=\"async\" src=\"https:\/\/i.ytimg.com\/vi\/_QRWjy6COLg\/0.jpg\" alt=\"YouTube video thumbnail\" width=\"853\" height=\"460\" \/><br \/>Assista a este v\u00eddeo no YouTube<\/a><\/noscript><\/div><\/div><div class=\"lL\" style=\"max-width:100%;width:853px;margin:5px;\"><\/div><\/p>\n<p>&nbsp;<\/p>\n<h3 style=\"text-align: justify;\">Dos Cargos e vagas<\/h3>\n<p style=\"text-align: justify;\">As vagas e cargos ser\u00e3o distribu\u00eddas entre 78 munic\u00edpios do Estado, nas disciplinas de:<\/p>\n<p style=\"text-align: justify;\"><img loading=\"lazy\" decoding=\"async\" width=\"150\" height=\"150\" class=\"aligncenter wp-image-101859 size-thumbnail\" alt=\"edital sedu es 2018\" src=\"https:\/\/dhg1h5j42swfq.cloudfront.net\/2018\/01\/12070032\/cargos-sedu-es.jpg\"\/><img loading=\"lazy\" decoding=\"async\" width=\"825\" height=\"560\" class=\"aligncenter size-full wp-image-101858\" alt=\"\" src=\"https:\/\/dhg1h5j42swfq.cloudfront.net\/2018\/01\/12070030\/cargos-sedu-es.1JPG.jpg\" srcset=\"https:\/\/dhg1h5j42swfq.cloudfront.net\/2018\/01\/12070030\/cargos-sedu-es.1JPG.jpg 825w, https:\/\/dhg1h5j42swfq.cloudfront.net\/2018\/01\/12070030\/cargos-sedu-es.1JPG.jpg 300w, https:\/\/dhg1h5j42swfq.cloudfront.net\/2018\/01\/12070030\/cargos-sedu-es.1JPG.jpg 768w, https:\/\/dhg1h5j42swfq.cloudfront.net\/2018\/01\/12070030\/cargos-sedu-es.1JPG.jpg 610w\" sizes=\"auto, (max-width: 825px) 100vw, 825px\" \/><\/p>\n<p><span style=\"text-decoration: underline;\"><em><strong>As vagas s\u00e3o distribu\u00eddas por cargo\/disciplina:<\/strong><\/em><\/span><\/p>\n<p><em>Pedagogo (87 vagas), <\/em><br \/>\n<em>Arte (58 vagas), <\/em><br \/>\n<em>Biologia\/Ci\u00eancias (108 vagas), <\/em><br \/>\n<em>Educa\u00e7\u00e3o F\u00edsica (73 vagas), <\/em><br \/>\n<em>Espanhol (01 vaga), <\/em><br \/>\n<em>Filosofia (03 vagas), <\/em><br \/>\n<em>F\u00edsica (67 vagas), <\/em><br \/>\n<em>Geografia (117 vagas), <\/em><br \/>\n<em>Hist\u00f3ria (58 vagas), <\/em><br \/>\n<em>L\u00edngua Inglesa (10 vagas), <\/em><br \/>\n<em>L\u00edngua Portuguesa (170 vagas), <\/em><br \/>\n<em>Matem\u00e1tica (227 vagas), <\/em><br \/>\n<em>Qu\u00edmica (44 vagas), <\/em><br \/>\n<em>Sociologia (02 vagas).<\/em><\/p>\n<p style=\"text-align: justify;\"><strong>O subsidio mensal para todos os cargos ser\u00e1 definido em fun\u00e7\u00e3o da escolaridade nos termos da Lei n\u00ba 5.580, de 13 de janeiro de 1998 e&nbsp;altera\u00e7\u00f5es e da Lei Complementar n\u00ba 428, de 17 de dezembro de 2007, conforme quadro a seguir:<\/strong><\/p>\n<p style=\"text-align: justify;\"><a href=\"https:\/\/dhg1h5j42swfq.cloudfront.net\/2018\/01\/12070344\/nivel-sedu-es.jpg\"><img loading=\"lazy\" decoding=\"async\" width=\"1001\" height=\"502\" class=\"aligncenter wp-image-101860 size-full\" alt=\"sal\u00e1rio sedu es\" src=\"https:\/\/dhg1h5j42swfq.cloudfront.net\/2018\/01\/12070344\/nivel-sedu-es.jpg\" srcset=\"https:\/\/dhg1h5j42swfq.cloudfront.net\/2018\/01\/12070344\/nivel-sedu-es.jpg 1001w, https:\/\/dhg1h5j42swfq.cloudfront.net\/2018\/01\/12070344\/nivel-sedu-es.jpg 300w, https:\/\/dhg1h5j42swfq.cloudfront.net\/2018\/01\/12070344\/nivel-sedu-es.jpg 768w, https:\/\/dhg1h5j42swfq.cloudfront.net\/2018\/01\/12070344\/nivel-sedu-es.jpg 610w\" sizes=\"auto, (max-width: 1001px) 100vw, 1001px\" \/><\/a><\/p>\n<h3><\/h3>\n<h3 style=\"text-align: justify;\">Inscri\u00e7\u00f5es<\/h3>\n<p style=\"text-align: justify;\">As inscri\u00e7\u00f5es poder\u00e3o ser realizadas no site da banca organizadora, FCC, entre os dias&nbsp;<strong><span style=\"color: #0000ff;\">15\/01\/2018 \u00e0s 14h do dia 05\/02\/2018,<span style=\"color: #000000;\"> no valor de R$ 66,65.<\/span><\/span><\/strong><\/p>\n<h3 style=\"text-align: justify;\">As Etapas do Concurso Sedu ES<\/h3>\n<p style=\"text-align: justify;\">O certame ser\u00e1 composto pelas seguintes fases:<\/p>\n<p style=\"text-align: justify;\">a) Provas objetivas + Prova discursiva, de car\u00e1ter eliminat\u00f3rio e classificat\u00f3rio;<br \/>\nb) Avalia\u00e7\u00e3o de t\u00edtulos, de car\u00e1ter classificat\u00f3rio;<\/p>\n<p style=\"text-align: justify;\"><strong>A Prova Objetiva<\/strong><\/p>\n<p style=\"text-align: justify;\"><em><span style=\"text-decoration: underline;\">Para todos os cargos<\/span><\/em><\/p>\n<ul style=\"text-align: justify;\">\n<li>30 quest\u00f5es de Conhecimentos B\u00e1sicos\n<ul>\n<li>Portugu\u00eas<\/li>\n<li>Conhecimentos&nbsp;Pedag\u00f3gicos<\/li>\n<li>Conhecimentos B\u00e1sicos&nbsp;de Inform\u00e1tica<\/li>\n<\/ul>\n<\/li>\n<li>40 quest\u00f5es de Conhecimentos Espec\u00edficos<\/li>\n<li>5 horas para realiza\u00e7\u00e3o<\/li>\n<\/ul>\n<p style=\"text-align: justify;\"><strong>A Prova Discursiva<\/strong><\/p>\n<ul style=\"text-align: justify;\">\n<li>2 quest\u00f5es &#8211; Estudo de Caso<\/li>\n<li>Versar\u00e1 sobre conte\u00fado program\u00e1tico&nbsp;do Anexo IV do Edital, adequado \u00e0s atribui\u00e7\u00f5es do cargo, e constar\u00e1 de uma reflex\u00e3o sobre o cotidiano escola<\/li>\n<\/ul>\n<p style=\"text-align: justify;\"><strong>OBS:<\/strong> As Provas Objetivas e Discursiva ser\u00e3o realizadas nas cidades de Vit\u00f3ria, Cachoeiro de Itapemirim, Colatina, Linhares, S\u00e3o Mateus e Vila&nbsp;Velha, no Estado do Esp\u00edrito Santo, conforme op\u00e7\u00e3o de Cidade de Prova indicada pelo candidato no Formul\u00e1rio de Inscri\u00e7\u00e3o via Internet, com&nbsp;previs\u00e3o de aplica\u00e7\u00e3o no dia <strong><span style=\"color: #ff0000;\">18\/03\/2018 no per\u00edodo da manh\u00e3<\/span> <\/strong>(hor\u00e1rio de Bras\u00edlia).<\/p>\n<h3 style=\"text-align: justify;\">A Avalia\u00e7\u00e3o de T\u00edtulos<\/h3>\n<p style=\"text-align: justify;\">Os diplomas poder\u00e3o ser apresentados em c\u00f3pia autenticada por tabelionato. N\u00e3o ser\u00e3o aceitos protocolos de documentos. Certid\u00f5es ou&nbsp;declara\u00e7\u00f5es, s\u00f3 ser\u00e3o aceitas na vers\u00e3o original e se o candidato colou grau nos \u00faltimos 12 meses, desde que acompanhadas de hist\u00f3rico&nbsp;escolar.<\/p>\n<p style=\"text-align: justify;\">&nbsp;Os documentos e diplomas relacionados a cursos realizados no exterior somente ser\u00e3o considerados quando vertidos para o portugu\u00eas, por&nbsp;tradutor oficial, e reconhecidos segundo a legisla\u00e7\u00e3o pr\u00f3pria.<\/p>\n<p style=\"text-align: justify;\">Cada t\u00edtulo ser\u00e1 considerado e avaliado uma \u00fanica vez, situa\u00e7\u00e3o em que fica vedada a cumulatividade de cr\u00e9ditos e dever\u00e3o&nbsp;ser encaminhados pelos candidatos no per\u00edodo previsto de <strong><span style=\"color: #ff0000;\">19\/03\/2018 a 21\/03\/2018.<\/span><\/strong><\/p>\n<p style=\"text-align: justify;\"><a href=\"https:\/\/dhg1h5j42swfq.cloudfront.net\/2018\/01\/12071720\/titulos-sedu-es.jpg\"><img loading=\"lazy\" decoding=\"async\" width=\"862\" height=\"384\" class=\"aligncenter wp-image-101861 size-full\" alt=\"avalia\u00e7\u00e3o t\u00edtulos SEDU ES\" src=\"https:\/\/dhg1h5j42swfq.cloudfront.net\/2018\/01\/12071720\/titulos-sedu-es.jpg\" srcset=\"https:\/\/dhg1h5j42swfq.cloudfront.net\/2018\/01\/12071720\/titulos-sedu-es.jpg 862w, https:\/\/dhg1h5j42swfq.cloudfront.net\/2018\/01\/12071720\/titulos-sedu-es.jpg 300w, https:\/\/dhg1h5j42swfq.cloudfront.net\/2018\/01\/12071720\/titulos-sedu-es.jpg 768w, https:\/\/dhg1h5j42swfq.cloudfront.net\/2018\/01\/12071720\/titulos-sedu-es.jpg 610w\" sizes=\"auto, (max-width: 862px) 100vw, 862px\" \/><\/a><\/p>\n<h3 style=\"text-align: justify;\">Conhecimentos B\u00e1sicos para o Concurso SEDU ES<\/h3>\n<p style=\"text-align: justify;\"><em><strong>L\u00edngua Portuguesa<\/strong><\/em><\/p>\n<p style=\"text-align: justify;\">1. Compreens\u00e3o e interpreta\u00e7\u00e3o de textos de g\u00eaneros variados: 1.1 Identifica\u00e7\u00e3o de informa\u00e7\u00f5es expl\u00edcitas e impl\u00edcitas; 1.2 Significado de palavras e&nbsp;express\u00f5es; 1.3 Distin\u00e7\u00e3o entre fato e opini\u00e3o; 1.4 Tema do texto; 1.5 Suporte, g\u00eanero e enunciador do texto; 1.6 Fun\u00e7\u00e3o sociocomunicativa de um&nbsp;g\u00eanero textual; 1.7 Interpreta\u00e7\u00e3o com o aux\u00edlio de material gr\u00e1fico diverso; 1.8 Reconhecimento de textos de diferentes g\u00eaneros. 2. Rela\u00e7\u00e3o entre&nbsp;textos: 2.1 Diferentes formas de tratar uma informa\u00e7\u00e3o; 2.2 Posi\u00e7\u00f5es distintas entre duas ou mais opini\u00f5es relativas ao mesmo fato ou tema;<br \/>\nIntertextualidade. 3. Coer\u00eancia e coes\u00e3o referencial e sequencial: 3.1 Rela\u00e7\u00f5es entre as partes do texto; 3.2 Identifica\u00e7\u00e3o da tese do texto; 3.3&nbsp;Rela\u00e7\u00e3o entre tese e argumentos; 3.4 Estrat\u00e9gias argumentativas; 3.5 Partes principais e secund\u00e1rias no texto; 3.6 Rela\u00e7\u00f5es de sentido entre recursos&nbsp;verbais e n\u00e3o verbais; 3.7 Rela\u00e7\u00e3o causa\/consequ\u00eancia entre partes e elementos do texto; 3.8 Rela\u00e7\u00f5es l\u00f3gico-discursivas presentes no texto,&nbsp;marcadas por conjun\u00e7\u00f5es, adv\u00e9rbios, etc. 4. Rela\u00e7\u00f5es entre recursos expressivos e efeitos de sentido: 4.1 Efeitos de ironia ou humor em textos<br \/>\nvariados; 4.2 Efeito de sentido decorrente do uso da pontua\u00e7\u00e3o e de outras nota\u00e7\u00f5es, da escolha de uma determinada palavra ou express\u00e3o; 4.3&nbsp;Explora\u00e7\u00e3o de recursos ortogr\u00e1ficos, morfossint\u00e1ticos e estil\u00edsticos. 5. Varia\u00e7\u00e3o lingu\u00edstica: 5.1 Marcas lingu\u00edsticas que evidenciam o locutor e o&nbsp;interlocutor do texto; 5.2 Marcas lingu\u00edsticas ou situa\u00e7\u00f5es de uso que singularizam as variedades lingu\u00edsticas sociais, regionais e de registro.<\/p>\n<p style=\"text-align: justify;\"><em><strong>Conhecimentos Pedag\u00f3gicos<\/strong><\/em><\/p>\n<p style=\"text-align: justify;\">1. Aspectos Filos\u00f3ficos da Educa\u00e7\u00e3o: 1.1 O pensamento pedag\u00f3gico brasileiro: correntes e tend\u00eancias na pr\u00e1tica escolar; 1.2 Pedagogia da&nbsp;Autonomia. 2. Aspectos Sociol\u00f3gicos da Educa\u00e7\u00e3o: 2.1 Educa\u00e7\u00e3o para o controle e para a transforma\u00e7\u00e3o social, cultura e organiza\u00e7\u00e3o social; 2.2&nbsp;Desigualdades sociais, a rela\u00e7\u00e3o escola \/ fam\u00edlia \/ comunidade. 3. Aspectos Psicol\u00f3gicos da Educa\u00e7\u00e3o: 3.1 A rela\u00e7\u00e3o desenvolvimento\/aprendizagem:&nbsp;diferentes abordagens; 3.2 Crescimento e desenvolvimento: biol\u00f3gico, psicol\u00f3gico e social; 3.3 O desenvolvimento cognitivo e afetivo na crian\u00e7a e<br \/>\nno adolescente. 4. Avalia\u00e7\u00e3o: 4.1 A avalia\u00e7\u00e3o da aprendizagem como processo: concep\u00e7\u00f5es, procedimentos, t\u00e9cnicas e instrumentos; 4.2 Fun\u00e7\u00f5es&nbsp;da avalia\u00e7\u00e3o, diagn\u00f3stica, formativa e somativa; 4.3 Avalia\u00e7\u00e3o do sistema educacional (PAEBES, SAEB e Prova Brasil), avalia\u00e7\u00e3o institucional e o uso&nbsp;dos resultados da avalia\u00e7\u00e3o no planejamento de ensino; 4.4 O fracasso escolar: abordagens atuais. 5. Did\u00e1tica: 5.1 A rela\u00e7\u00e3o professor\/aluno; 5.2&nbsp;Os objetivos educacionais, os conte\u00fados de aprendizagem; 5.3 As rela\u00e7\u00f5es interativas em sala de aula; o papel dos professores e dos alunos e os&nbsp;aspectos socioemocionais; 5.4 Organiza\u00e7\u00e3o social da sala de aula e sua pluralidade; 5.5 Planejamento da a\u00e7\u00e3o did\u00e1tica: Planos de curso, Planos de&nbsp;Aula. 6. Diretrizes, Par\u00e2metros, Medidas e Dispositivos Legais para a Educa\u00e7\u00e3o: 6.1 A LDB atual, Lei N\u00ba 9394\/1996 e suas altera\u00e7\u00f5es; 6.2 O Estatuto&nbsp;da Crian\u00e7a e do Adolescente &#8211; ECA, Lei N\u00ba 8069\/1990; 6.3 O Curr\u00edculo B\u00e1sico da Rede Estadual do Esp\u00edrito Santo (www.educacao.es.gov.br); 6.4&nbsp;Resolu\u00e7\u00e3o CEE N\u00ba 3.777\/2014 (Fixa normas para a Educa\u00e7\u00e3o no Sistema de Ensino do Estado do Esp\u00edrito Santo e d\u00e1 outras provid\u00eancias); 6.5&nbsp;Pol\u00edtica Nacional de Educa\u00e7\u00e3o Especial na Perspectiva da Educa\u00e7\u00e3o Inclusiva\/2008 (Decreto n\u00ba 7.611, de 17 de novembro de 2011. Disp\u00f5e sobre a&nbsp;educa\u00e7\u00e3o especial, o atendimento educacional especializado e d\u00e1 outras provid\u00eancias); 6.5 Resolu\u00e7\u00e3o CNE N\u00ba 4\/2009 (Institui Diretrizes&nbsp;Operacionais para o Atendimento Educacional Especializado); 6.6 Resolu\u00e7\u00e3o CEE N\u00ba 2.152\/2010 (Disp\u00f5e sobre a Educa\u00e7\u00e3o Especial no Sistema&nbsp;Estadual de Ensino do Esp\u00edrito Santo); 6.7 Lei Brasileira de Inclus\u00e3o N\u00ba 13.146\/2015. 7. As Diretrizes Curriculares Nacionais para o Ensino&nbsp;Fundamental \u2013 Parecer CNE\/CEB N\u00ba 11\/2010 e para o Ensino M\u00e9dio; Resolu\u00e7\u00e3o CNE\/CEB N\u00ba 3, de 26 de junho de 1998.<\/p>\n<p style=\"text-align: justify;\"><em><strong>Conhecimentos B\u00e1sicos de Inform\u00e1tica<\/strong><\/em><\/p>\n<p style=\"text-align: justify;\">1. Seguran\u00e7a da Informa\u00e7\u00e3o\/Seguran\u00e7a na Internet. 2. Conceitos e modos de utiliza\u00e7\u00e3o de aplicativos para edi\u00e7\u00e3o de apresenta\u00e7\u00f5es: ambiente&nbsp;Microsoft Office. 3. Conceitos e modos de utiliza\u00e7\u00e3o de aplicativos para edi\u00e7\u00e3o de edi\u00e7\u00e3o de textos: ambiente Microsoft Office. 4. Conceitos e modos&nbsp;de utiliza\u00e7\u00e3o de aplicativos para edi\u00e7\u00e3o de planilhas: ambiente Microsoft Office. 5. Sistema operacional Windows. 6. Conceitos de organiza\u00e7\u00e3o e de&nbsp;gerenciamento de informa\u00e7\u00f5es, arquivos, pastas e programas. 7. Conceitos b\u00e1sicos e modos de utiliza\u00e7\u00e3o de tecnologias, ferramentas, aplicativos e&nbsp;procedimentos associados \u00e0 internet e intranet. 8. Portaria N\u00ba 107-R (Publicada no Di\u00e1rio Oficial do Esp\u00edrito Santo em 12\/08\/2016 &#8211; Estabelece crit\u00e9rios&nbsp;para a utiliza\u00e7\u00e3o do telefone celular como ferramenta did\u00e1tico pedag\u00f3gica nas salas de aula das institui\u00e7\u00f5es de ensino da rede p\u00fablica estadual).<\/p>\n<p style=\"text-align: center;\"><a href=\"https:\/\/www.estrategiaconcursos.com.br\/cursosPorConcurso\/sedu-es\/\"><em><strong><span style=\"font-size: 18pt;\">Cursos SEDU ES<\/span><\/strong><\/em><\/a><\/p>\n<p><img loading=\"lazy\" decoding=\"async\" width=\"869\" height=\"455\" class=\"aligncenter wp-image-101862\" alt=\"cursos Concurso SEDU ES 2018\" src=\"https:\/\/dhg1h5j42swfq.cloudfront.net\/2018\/01\/12072930\/sedu-es.jpg\" srcset=\"https:\/\/dhg1h5j42swfq.cloudfront.net\/2018\/01\/12072930\/sedu-es.jpg 1200w, https:\/\/dhg1h5j42swfq.cloudfront.net\/2018\/01\/12072930\/sedu-es.jpg 300w, https:\/\/dhg1h5j42swfq.cloudfront.net\/2018\/01\/12072930\/sedu-es.jpg 768w, https:\/\/dhg1h5j42swfq.cloudfront.net\/2018\/01\/12072930\/sedu-es.jpg 1024w, https:\/\/dhg1h5j42swfq.cloudfront.net\/2018\/01\/12072930\/sedu-es.jpg 610w\" sizes=\"auto, (max-width: 869px) 100vw, 869px\" \/><\/p>\n<p style=\"text-align: justify;\"><em><strong><img loading=\"lazy\" decoding=\"async\" width=\"300\" height=\"102\" title=\"\" class=\"alignleft\" alt=\"\" src=\"https:\/\/www.estrategiaconcursos.com.br\/blog\/wp-content\/uploads\/2017\/01\/coruja-ficha-tecnica-300x102.png\"\/><\/strong><\/em><\/p>\n<p>&nbsp;<\/p>\n<p>&nbsp;<\/p>\n<p>&nbsp;<\/p>\n<p><strong>\u2666Informa\u00e7\u00f5es do Concurso Sedu ES<\/strong><br \/>\n\u25baVagas: 1.025<br \/>\n\u25baLota\u00e7\u00f5es: Todo Esp\u00edrito Santo<br \/>\n\u25baRemunera\u00e7\u00e3o inicial: at\u00e9 R$ 3.554,92<br \/>\n\u25baBanca: FCC<br \/>\n\u25baEscolaridade: Ensino Superior<br \/>\n\u25baCursos Estrat\u00e9gia Concursos: <a href=\"https:\/\/www.estrategiaconcursos.com.br\/cursos\/concurso\/\" target=\"_blank\" rel=\"noopener noreferrer\">CURSO PARA CONCURSO<\/a><br \/>\nEdital 2018 &#8211;&nbsp;<a href=\"https:\/\/dhg1h5j42swfq.cloudfront.net\/2017\/12\/12074609\/DOE-ES-2018-P%C3%81G-20.pdf\" target=\"_blank\" rel=\"noopener noreferrer\">DOE-ES-2018-P\u00c1G-20<\/a><\/p>\n<p><em>Nat\u00e1lia Scarano<\/em><br \/>\nAscom Estrat\u00e9gia<br \/>\ncomunicacao@estrategiaconcursos.com.br<\/p>\n","protected":false},"excerpt":{"rendered":"<p>Este \u00e9 \u00faltimo dia de inscri\u00e7\u00e3o, 05 de fevereiro, do Concurso SEDU ES&nbsp;que foi publicado na edi\u00e7\u00e3o do dia 12 de janeiro, no Di\u00e1rio Oficial do Esp\u00edrito Santo, com o oferecimento de mais de mil vagas no cargo de Professor da Secretaria de Educa\u00e7\u00e3o. A banca organizadora deste certame \u00e9 a Funda\u00e7\u00e3o Calos Chagas &#8211; [&hellip;]<\/p>\n","protected":false},"author":1,"featured_media":86321,"comment_status":"open","ping_status":"closed","sticky":false,"template":"","format":"standard","meta":{"post_tipo":"news","footnotes":""},"categories":[1,3766],"tags":[3026],"tax_estado":[],"class_list":["post-101857","post","type-post","status-publish","format-standard","has-post-thumbnail","hentry","category-cursos-e-concursos","category-educacional","tag-sedu-es"],"acf":[],"yoast_head":"<!-- This site is optimized with the Yoast SEO Premium plugin v27.2 (Yoast SEO v27.2) - https:\/\/yoast.com\/product\/yoast-seo-premium-wordpress\/ -->\n<title>Concurso Sedu ES - FIM DAS INSCRI\u00c7\u00d5ES | S\u00e3o mais de 1.000 vagas!<\/title>\n<meta name=\"description\" content=\"Concurso Sedu ES - Confira todas as informa\u00e7\u00f5es sobre este certame, vagas, cargos, remunera\u00e7\u00e3o, per\u00edodo de inscri\u00e7\u00f5es e lota\u00e7\u00f5es por todo Esp\u00edrito Santo!\" \/>\n<meta name=\"robots\" content=\"index, follow, max-snippet:-1, max-image-preview:large, max-video-preview:-1\" \/>\n<link rel=\"canonical\" href=\"https:\/\/www.estrategiaconcursos.com.br\/blog\/concurso-sedu-es-edital\/\" \/>\n<meta property=\"og:locale\" content=\"pt_BR\" \/>\n<meta property=\"og:type\" content=\"article\" \/>\n<meta property=\"og:title\" content=\"Concurso Sedu ES - FIM DAS INSCRI\u00c7\u00d5ES| S\u00e3o ofertadas mais de mil vagas para Professor\" \/>\n<meta property=\"og:description\" content=\"Concurso Sedu ES - Confira todas as informa\u00e7\u00f5es sobre este certame, vagas, cargos, remunera\u00e7\u00e3o, per\u00edodo de inscri\u00e7\u00f5es e lota\u00e7\u00f5es por todo Esp\u00edrito Santo!\" \/>\n<meta property=\"og:url\" content=\"https:\/\/www.estrategiaconcursos.com.br\/blog\/concurso-sedu-es-edital\/\" \/>\n<meta property=\"og:site_name\" content=\"Estrat\u00e9gia Concursos\" \/>\n<meta property=\"article:author\" content=\"https:\/\/www.facebook.com\/EstrategiaConcursos\" \/>\n<meta property=\"article:published_time\" content=\"2018-02-04T17:30:01+00:00\" \/>\n<meta property=\"article:modified_time\" content=\"2020-06-29T18:10:05+00:00\" \/>\n<meta property=\"og:image\" content=\"https:\/\/dhg1h5j42swfq.cloudfront.net\/2017\/08\/22145115\/saiu-edital-ec-1-e1505493000970.jpg\" \/>\n\t<meta property=\"og:image:width\" content=\"400\" \/>\n\t<meta property=\"og:image:height\" content=\"209\" \/>\n\t<meta property=\"og:image:type\" content=\"image\/jpeg\" \/>\n<meta name=\"author\" content=\"Coordena\u00e7\u00e3o\" \/>\n<meta name=\"twitter:card\" content=\"summary_large_image\" \/>\n<meta name=\"twitter:creator\" content=\"@EstratConcursos\" \/>\n<meta name=\"twitter:site\" content=\"@EstratConcursos\" \/>\n<meta name=\"twitter:label1\" content=\"Escrito por\" \/>\n\t<meta name=\"twitter:data1\" content=\"Coordena\u00e7\u00e3o\" \/>\n\t<meta name=\"twitter:label2\" content=\"Est. tempo de leitura\" \/>\n\t<meta name=\"twitter:data2\" content=\"7 minutos\" \/>\n<script type=\"application\/ld+json\" class=\"yoast-schema-graph\">{\"@context\":\"https:\/\/schema.org\",\"@graph\":[{\"@type\":\"NewsArticle\",\"@id\":\"https:\/\/www.estrategiaconcursos.com.br\/blog\/concurso-sedu-es-edital\/#article\",\"isPartOf\":{\"@id\":\"https:\/\/www.estrategiaconcursos.com.br\/blog\/concurso-sedu-es-edital\/\"},\"author\":{\"name\":\"Coordena\u00e7\u00e3o\",\"@id\":\"https:\/\/www.estrategiaconcursos.com.br\/blog\/#\/schema\/person\/b4a388c97673c5f483d72185668afa1f\"},\"headline\":\"Concurso Sedu ES &#8211; FIM DAS INSCRI\u00c7\u00d5ES| S\u00e3o ofertadas mais de mil vagas para Professor\",\"datePublished\":\"2018-02-04T17:30:01+00:00\",\"dateModified\":\"2020-06-29T18:10:05+00:00\",\"mainEntityOfPage\":{\"@id\":\"https:\/\/www.estrategiaconcursos.com.br\/blog\/concurso-sedu-es-edital\/\"},\"wordCount\":1412,\"commentCount\":0,\"publisher\":{\"@id\":\"https:\/\/www.estrategiaconcursos.com.br\/blog\/#organization\"},\"image\":{\"@id\":\"https:\/\/www.estrategiaconcursos.com.br\/blog\/concurso-sedu-es-edital\/#primaryimage\"},\"thumbnailUrl\":\"https:\/\/dhg1h5j42swfq.cloudfront.net\/2017\/08\/22145115\/saiu-edital-ec-1-e1505493000970.jpg\",\"keywords\":[\"Sedu ES\"],\"articleSection\":[\"Concursos P\u00fablicos\",\"Educa\u00e7\u00e3o\"],\"inLanguage\":\"pt-BR\",\"potentialAction\":[{\"@type\":\"CommentAction\",\"name\":\"Comment\",\"target\":[\"https:\/\/www.estrategiaconcursos.com.br\/blog\/concurso-sedu-es-edital\/#respond\"]}],\"copyrightYear\":\"2018\",\"copyrightHolder\":{\"@id\":\"https:\/\/www.estrategiaconcursos.com.br\/blog\/#organization\"}},{\"@type\":\"WebPage\",\"@id\":\"https:\/\/www.estrategiaconcursos.com.br\/blog\/concurso-sedu-es-edital\/\",\"url\":\"https:\/\/www.estrategiaconcursos.com.br\/blog\/concurso-sedu-es-edital\/\",\"name\":\"Concurso Sedu ES - FIM DAS INSCRI\u00c7\u00d5ES | S\u00e3o mais de 1.000 vagas!\",\"isPartOf\":{\"@id\":\"https:\/\/www.estrategiaconcursos.com.br\/blog\/#website\"},\"primaryImageOfPage\":{\"@id\":\"https:\/\/www.estrategiaconcursos.com.br\/blog\/concurso-sedu-es-edital\/#primaryimage\"},\"image\":{\"@id\":\"https:\/\/www.estrategiaconcursos.com.br\/blog\/concurso-sedu-es-edital\/#primaryimage\"},\"thumbnailUrl\":\"https:\/\/dhg1h5j42swfq.cloudfront.net\/2017\/08\/22145115\/saiu-edital-ec-1-e1505493000970.jpg\",\"datePublished\":\"2018-02-04T17:30:01+00:00\",\"dateModified\":\"2020-06-29T18:10:05+00:00\",\"description\":\"Concurso Sedu ES - Confira todas as informa\u00e7\u00f5es sobre este certame, vagas, cargos, remunera\u00e7\u00e3o, per\u00edodo de inscri\u00e7\u00f5es e lota\u00e7\u00f5es por todo Esp\u00edrito Santo!\",\"breadcrumb\":{\"@id\":\"https:\/\/www.estrategiaconcursos.com.br\/blog\/concurso-sedu-es-edital\/#breadcrumb\"},\"inLanguage\":\"pt-BR\",\"potentialAction\":[{\"@type\":\"ReadAction\",\"target\":[\"https:\/\/www.estrategiaconcursos.com.br\/blog\/concurso-sedu-es-edital\/\"]}]},{\"@type\":\"ImageObject\",\"inLanguage\":\"pt-BR\",\"@id\":\"https:\/\/www.estrategiaconcursos.com.br\/blog\/concurso-sedu-es-edital\/#primaryimage\",\"url\":\"https:\/\/dhg1h5j42swfq.cloudfront.net\/2017\/08\/22145115\/saiu-edital-ec-1-e1505493000970.jpg\",\"contentUrl\":\"https:\/\/dhg1h5j42swfq.cloudfront.net\/2017\/08\/22145115\/saiu-edital-ec-1-e1505493000970.jpg\",\"width\":400,\"height\":209,\"caption\":\"concurso fuzileiro naval\"},{\"@type\":\"BreadcrumbList\",\"@id\":\"https:\/\/www.estrategiaconcursos.com.br\/blog\/concurso-sedu-es-edital\/#breadcrumb\",\"itemListElement\":[{\"@type\":\"ListItem\",\"position\":1,\"name\":\"In\u00edcio\",\"item\":\"https:\/\/www.estrategiaconcursos.com.br\/blog\/\"},{\"@type\":\"ListItem\",\"position\":2,\"name\":\"Concurso Sedu ES &#8211; FIM DAS INSCRI\u00c7\u00d5ES| S\u00e3o ofertadas mais de mil vagas para Professor\"}]},{\"@type\":\"WebSite\",\"@id\":\"https:\/\/www.estrategiaconcursos.com.br\/blog\/#website\",\"url\":\"https:\/\/www.estrategiaconcursos.com.br\/blog\/\",\"name\":\"Estrat\u00e9gia Concursos\",\"description\":\"O blog da Estrat\u00e9gia Concursos traz not\u00edcias sobre concursos e artigos de professores oferecendo cursos para concursos (pdf + videaulas) no site.\",\"publisher\":{\"@id\":\"https:\/\/www.estrategiaconcursos.com.br\/blog\/#organization\"},\"potentialAction\":[{\"@type\":\"SearchAction\",\"target\":{\"@type\":\"EntryPoint\",\"urlTemplate\":\"https:\/\/www.estrategiaconcursos.com.br\/blog\/?s={search_term_string}\"},\"query-input\":{\"@type\":\"PropertyValueSpecification\",\"valueRequired\":true,\"valueName\":\"search_term_string\"}}],\"inLanguage\":\"pt-BR\"},{\"@type\":\"Organization\",\"@id\":\"https:\/\/www.estrategiaconcursos.com.br\/blog\/#organization\",\"name\":\"Estrat\u00e9gia Concursos\",\"url\":\"https:\/\/www.estrategiaconcursos.com.br\/blog\/\",\"logo\":{\"@type\":\"ImageObject\",\"inLanguage\":\"pt-BR\",\"@id\":\"https:\/\/www.estrategiaconcursos.com.br\/blog\/#\/schema\/logo\/image\/\",\"url\":\"https:\/\/dhg1h5j42swfq.cloudfront.net\/2025\/06\/03203428\/logo_concursos-1.jpg\",\"contentUrl\":\"https:\/\/dhg1h5j42swfq.cloudfront.net\/2025\/06\/03203428\/logo_concursos-1.jpg\",\"width\":230,\"height\":60,\"caption\":\"Estrat\u00e9gia Concursos\"},\"image\":{\"@id\":\"https:\/\/www.estrategiaconcursos.com.br\/blog\/#\/schema\/logo\/image\/\"},\"sameAs\":[\"https:\/\/x.com\/EstratConcursos\"]},{\"@type\":\"Person\",\"@id\":\"https:\/\/www.estrategiaconcursos.com.br\/blog\/#\/schema\/person\/b4a388c97673c5f483d72185668afa1f\",\"name\":\"Coordena\u00e7\u00e3o\",\"image\":{\"@type\":\"ImageObject\",\"inLanguage\":\"pt-BR\",\"@id\":\"https:\/\/secure.gravatar.com\/avatar\/b720319e4c9a967eb58678d110f4fe35452fc5d5f97b202bac7b8acceb18c6ad?s=96&d=mm&r=g\",\"url\":\"https:\/\/secure.gravatar.com\/avatar\/b720319e4c9a967eb58678d110f4fe35452fc5d5f97b202bac7b8acceb18c6ad?s=96&d=mm&r=g\",\"contentUrl\":\"https:\/\/secure.gravatar.com\/avatar\/b720319e4c9a967eb58678d110f4fe35452fc5d5f97b202bac7b8acceb18c6ad?s=96&d=mm&r=g\",\"caption\":\"Coordena\u00e7\u00e3o\"},\"sameAs\":[\"https:\/\/www.facebook.com\/EstrategiaConcursos\",\"https:\/\/x.com\/EstratConcursos\"],\"url\":\"https:\/\/www.estrategiaconcursos.com.br\/blog\/author\/estrategia2013\/\"}]}<\/script>\n<!-- \/ Yoast SEO Premium plugin. -->","yoast_head_json":{"title":"Concurso Sedu ES - FIM DAS INSCRI\u00c7\u00d5ES | S\u00e3o mais de 1.000 vagas!","description":"Concurso Sedu ES - Confira todas as informa\u00e7\u00f5es sobre este certame, vagas, cargos, remunera\u00e7\u00e3o, per\u00edodo de inscri\u00e7\u00f5es e lota\u00e7\u00f5es por todo Esp\u00edrito Santo!","robots":{"index":"index","follow":"follow","max-snippet":"max-snippet:-1","max-image-preview":"max-image-preview:large","max-video-preview":"max-video-preview:-1"},"canonical":"https:\/\/www.estrategiaconcursos.com.br\/blog\/concurso-sedu-es-edital\/","og_locale":"pt_BR","og_type":"article","og_title":"Concurso Sedu ES - FIM DAS INSCRI\u00c7\u00d5ES| S\u00e3o ofertadas mais de mil vagas para Professor","og_description":"Concurso Sedu ES - Confira todas as informa\u00e7\u00f5es sobre este certame, vagas, cargos, remunera\u00e7\u00e3o, per\u00edodo de inscri\u00e7\u00f5es e lota\u00e7\u00f5es por todo Esp\u00edrito Santo!","og_url":"https:\/\/www.estrategiaconcursos.com.br\/blog\/concurso-sedu-es-edital\/","og_site_name":"Estrat\u00e9gia Concursos","article_author":"https:\/\/www.facebook.com\/EstrategiaConcursos","article_published_time":"2018-02-04T17:30:01+00:00","article_modified_time":"2020-06-29T18:10:05+00:00","og_image":[{"width":400,"height":209,"url":"https:\/\/dhg1h5j42swfq.cloudfront.net\/2017\/08\/22145115\/saiu-edital-ec-1-e1505493000970.jpg","type":"image\/jpeg"}],"author":"Coordena\u00e7\u00e3o","twitter_card":"summary_large_image","twitter_creator":"@EstratConcursos","twitter_site":"@EstratConcursos","twitter_misc":{"Escrito por":"Coordena\u00e7\u00e3o","Est. tempo de leitura":"7 minutos"},"schema":{"@context":"https:\/\/schema.org","@graph":[{"@type":"NewsArticle","@id":"https:\/\/www.estrategiaconcursos.com.br\/blog\/concurso-sedu-es-edital\/#article","isPartOf":{"@id":"https:\/\/www.estrategiaconcursos.com.br\/blog\/concurso-sedu-es-edital\/"},"author":{"name":"Coordena\u00e7\u00e3o","@id":"https:\/\/www.estrategiaconcursos.com.br\/blog\/#\/schema\/person\/b4a388c97673c5f483d72185668afa1f"},"headline":"Concurso Sedu ES &#8211; FIM DAS INSCRI\u00c7\u00d5ES| S\u00e3o ofertadas mais de mil vagas para Professor","datePublished":"2018-02-04T17:30:01+00:00","dateModified":"2020-06-29T18:10:05+00:00","mainEntityOfPage":{"@id":"https:\/\/www.estrategiaconcursos.com.br\/blog\/concurso-sedu-es-edital\/"},"wordCount":1412,"commentCount":0,"publisher":{"@id":"https:\/\/www.estrategiaconcursos.com.br\/blog\/#organization"},"image":{"@id":"https:\/\/www.estrategiaconcursos.com.br\/blog\/concurso-sedu-es-edital\/#primaryimage"},"thumbnailUrl":"https:\/\/dhg1h5j42swfq.cloudfront.net\/2017\/08\/22145115\/saiu-edital-ec-1-e1505493000970.jpg","keywords":["Sedu ES"],"articleSection":["Concursos P\u00fablicos","Educa\u00e7\u00e3o"],"inLanguage":"pt-BR","potentialAction":[{"@type":"CommentAction","name":"Comment","target":["https:\/\/www.estrategiaconcursos.com.br\/blog\/concurso-sedu-es-edital\/#respond"]}],"copyrightYear":"2018","copyrightHolder":{"@id":"https:\/\/www.estrategiaconcursos.com.br\/blog\/#organization"}},{"@type":"WebPage","@id":"https:\/\/www.estrategiaconcursos.com.br\/blog\/concurso-sedu-es-edital\/","url":"https:\/\/www.estrategiaconcursos.com.br\/blog\/concurso-sedu-es-edital\/","name":"Concurso Sedu ES - FIM DAS INSCRI\u00c7\u00d5ES | S\u00e3o mais de 1.000 vagas!","isPartOf":{"@id":"https:\/\/www.estrategiaconcursos.com.br\/blog\/#website"},"primaryImageOfPage":{"@id":"https:\/\/www.estrategiaconcursos.com.br\/blog\/concurso-sedu-es-edital\/#primaryimage"},"image":{"@id":"https:\/\/www.estrategiaconcursos.com.br\/blog\/concurso-sedu-es-edital\/#primaryimage"},"thumbnailUrl":"https:\/\/dhg1h5j42swfq.cloudfront.net\/2017\/08\/22145115\/saiu-edital-ec-1-e1505493000970.jpg","datePublished":"2018-02-04T17:30:01+00:00","dateModified":"2020-06-29T18:10:05+00:00","description":"Concurso Sedu ES - Confira todas as informa\u00e7\u00f5es sobre este certame, vagas, cargos, remunera\u00e7\u00e3o, per\u00edodo de inscri\u00e7\u00f5es e lota\u00e7\u00f5es por todo Esp\u00edrito Santo!","breadcrumb":{"@id":"https:\/\/www.estrategiaconcursos.com.br\/blog\/concurso-sedu-es-edital\/#breadcrumb"},"inLanguage":"pt-BR","potentialAction":[{"@type":"ReadAction","target":["https:\/\/www.estrategiaconcursos.com.br\/blog\/concurso-sedu-es-edital\/"]}]},{"@type":"ImageObject","inLanguage":"pt-BR","@id":"https:\/\/www.estrategiaconcursos.com.br\/blog\/concurso-sedu-es-edital\/#primaryimage","url":"https:\/\/dhg1h5j42swfq.cloudfront.net\/2017\/08\/22145115\/saiu-edital-ec-1-e1505493000970.jpg","contentUrl":"https:\/\/dhg1h5j42swfq.cloudfront.net\/2017\/08\/22145115\/saiu-edital-ec-1-e1505493000970.jpg","width":400,"height":209,"caption":"concurso fuzileiro naval"},{"@type":"BreadcrumbList","@id":"https:\/\/www.estrategiaconcursos.com.br\/blog\/concurso-sedu-es-edital\/#breadcrumb","itemListElement":[{"@type":"ListItem","position":1,"name":"In\u00edcio","item":"https:\/\/www.estrategiaconcursos.com.br\/blog\/"},{"@type":"ListItem","position":2,"name":"Concurso Sedu ES &#8211; FIM DAS INSCRI\u00c7\u00d5ES| S\u00e3o ofertadas mais de mil vagas para Professor"}]},{"@type":"WebSite","@id":"https:\/\/www.estrategiaconcursos.com.br\/blog\/#website","url":"https:\/\/www.estrategiaconcursos.com.br\/blog\/","name":"Estrat\u00e9gia Concursos","description":"O blog da Estrat\u00e9gia Concursos traz not\u00edcias sobre concursos e artigos de professores oferecendo cursos para concursos (pdf + videaulas) no site.","publisher":{"@id":"https:\/\/www.estrategiaconcursos.com.br\/blog\/#organization"},"potentialAction":[{"@type":"SearchAction","target":{"@type":"EntryPoint","urlTemplate":"https:\/\/www.estrategiaconcursos.com.br\/blog\/?s={search_term_string}"},"query-input":{"@type":"PropertyValueSpecification","valueRequired":true,"valueName":"search_term_string"}}],"inLanguage":"pt-BR"},{"@type":"Organization","@id":"https:\/\/www.estrategiaconcursos.com.br\/blog\/#organization","name":"Estrat\u00e9gia Concursos","url":"https:\/\/www.estrategiaconcursos.com.br\/blog\/","logo":{"@type":"ImageObject","inLanguage":"pt-BR","@id":"https:\/\/www.estrategiaconcursos.com.br\/blog\/#\/schema\/logo\/image\/","url":"https:\/\/dhg1h5j42swfq.cloudfront.net\/2025\/06\/03203428\/logo_concursos-1.jpg","contentUrl":"https:\/\/dhg1h5j42swfq.cloudfront.net\/2025\/06\/03203428\/logo_concursos-1.jpg","width":230,"height":60,"caption":"Estrat\u00e9gia Concursos"},"image":{"@id":"https:\/\/www.estrategiaconcursos.com.br\/blog\/#\/schema\/logo\/image\/"},"sameAs":["https:\/\/x.com\/EstratConcursos"]},{"@type":"Person","@id":"https:\/\/www.estrategiaconcursos.com.br\/blog\/#\/schema\/person\/b4a388c97673c5f483d72185668afa1f","name":"Coordena\u00e7\u00e3o","image":{"@type":"ImageObject","inLanguage":"pt-BR","@id":"https:\/\/secure.gravatar.com\/avatar\/b720319e4c9a967eb58678d110f4fe35452fc5d5f97b202bac7b8acceb18c6ad?s=96&d=mm&r=g","url":"https:\/\/secure.gravatar.com\/avatar\/b720319e4c9a967eb58678d110f4fe35452fc5d5f97b202bac7b8acceb18c6ad?s=96&d=mm&r=g","contentUrl":"https:\/\/secure.gravatar.com\/avatar\/b720319e4c9a967eb58678d110f4fe35452fc5d5f97b202bac7b8acceb18c6ad?s=96&d=mm&r=g","caption":"Coordena\u00e7\u00e3o"},"sameAs":["https:\/\/www.facebook.com\/EstrategiaConcursos","https:\/\/x.com\/EstratConcursos"],"url":"https:\/\/www.estrategiaconcursos.com.br\/blog\/author\/estrategia2013\/"}]}},"_links":{"self":[{"href":"https:\/\/www.estrategiaconcursos.com.br\/blog\/wp-json\/wp\/v2\/posts\/101857","targetHints":{"allow":["GET"]}}],"collection":[{"href":"https:\/\/www.estrategiaconcursos.com.br\/blog\/wp-json\/wp\/v2\/posts"}],"about":[{"href":"https:\/\/www.estrategiaconcursos.com.br\/blog\/wp-json\/wp\/v2\/types\/post"}],"author":[{"embeddable":true,"href":"https:\/\/www.estrategiaconcursos.com.br\/blog\/wp-json\/wp\/v2\/users\/1"}],"replies":[{"embeddable":true,"href":"https:\/\/www.estrategiaconcursos.com.br\/blog\/wp-json\/wp\/v2\/comments?post=101857"}],"version-history":[{"count":20,"href":"https:\/\/www.estrategiaconcursos.com.br\/blog\/wp-json\/wp\/v2\/posts\/101857\/revisions"}],"predecessor-version":[{"id":534401,"href":"https:\/\/www.estrategiaconcursos.com.br\/blog\/wp-json\/wp\/v2\/posts\/101857\/revisions\/534401"}],"wp:featuredmedia":[{"embeddable":true,"href":"https:\/\/www.estrategiaconcursos.com.br\/blog\/wp-json\/wp\/v2\/media\/86321"}],"wp:attachment":[{"href":"https:\/\/www.estrategiaconcursos.com.br\/blog\/wp-json\/wp\/v2\/media?parent=101857"}],"wp:term":[{"taxonomy":"category","embeddable":true,"href":"https:\/\/www.estrategiaconcursos.com.br\/blog\/wp-json\/wp\/v2\/categories?post=101857"},{"taxonomy":"post_tag","embeddable":true,"href":"https:\/\/www.estrategiaconcursos.com.br\/blog\/wp-json\/wp\/v2\/tags?post=101857"},{"taxonomy":"tax_estado","embeddable":true,"href":"https:\/\/www.estrategiaconcursos.com.br\/blog\/wp-json\/wp\/v2\/tax_estado?post=101857"}],"curies":[{"name":"wp","href":"https:\/\/api.w.org\/{rel}","templated":true}]}}