{"id":1018357,"date":"2022-05-11T08:39:00","date_gmt":"2022-05-11T11:39:00","guid":{"rendered":"https:\/\/www.estrategiaconcursos.com.br\/blog\/?p=1018357"},"modified":"2022-05-11T09:32:21","modified_gmt":"2022-05-11T12:32:21","slug":"lei-organica-mp-sc-organizacao","status":"publish","type":"post","link":"https:\/\/www.estrategiaconcursos.com.br\/blog\/lei-organica-mp-sc-organizacao\/","title":{"rendered":"Lei Org\u00e2nica do MP-SC: A Organiza\u00e7\u00e3o do MP-SC na Lei 738\/2019"},"content":{"rendered":"\n<p class=\"has-medium-font-size\">Veja neste artigo um resumo da <strong>Organiza\u00e7\u00e3o do MP-SC<\/strong>, na sua &nbsp;<strong>Lei Org\u00e2nica<\/strong> (<strong>Lei 738\/2019)<\/strong>, para o concurso do&nbsp;<strong><a href=\"https:\/\/www.estrategiaconcursos.com.br\/cursosPorConcurso\/ministerio-publico-de-santa-catarina-mp-sc-servidores\/\" target=\"_blank\" rel=\"noreferrer noopener\">Minist\u00e9rio P\u00fablico de Santa Catarina<\/a><\/strong>.<\/p>\n\n\n\n<div class=\"wp-block-image\"><figure class=\"aligncenter size-full is-resized\"><img loading=\"lazy\" decoding=\"async\" src=\"https:\/\/dhg1h5j42swfq.cloudfront.net\/2018\/08\/28115654\/concurso-mp-sc22-e1535468221493.jpg\" alt=\"Lei Org\u00e2nica do MP-SC: A Organiza\u00e7\u00e3o do MP-SC na Lei 738\/2019\" class=\"wp-image-138200\" width=\"433\" height=\"277\"\/><figcaption>Lei Org\u00e2nica do MP-SC: A Organiza\u00e7\u00e3o do MP-SC na Lei 738\/2019<\/figcaption><\/figure><\/div>\n\n\n\n<p>Ol\u00e1, pessoal! Tudo joia?<\/p>\n\n\n\n<p>O <a href=\"https:\/\/www.estrategiaconcursos.com.br\/blog\/concurso-mp-sc\/\" target=\"_blank\" rel=\"noreferrer noopener\">concurso MP SC<\/a> (<strong>Minist\u00e9rio P\u00fablico de Santa Catarina<\/strong>) est\u00e1 chegando. Est\u00e3o sendo ofertadas<strong>\u00a050 vagas\u00a0<\/strong>de<strong>\u00a0Auxiliar\u00a0<\/strong>e<strong>\u00a0Analista,<\/strong>\u00a0mais cadastro de reserva, com remunera\u00e7\u00e3o inicial de\u00a0<strong>R$ 6.233,73\u00a0<\/strong>e\u00a0<strong>R$ 8.040,06<\/strong>, respectivamente. Nada mal, n\u00e3o \u00e9 mesmo?<\/p>\n\n\n\n<p>No artigo de hoje, iremos realizar um resumo da <strong><mark style=\"background-color:rgba(0, 0, 0, 0)\" class=\"has-inline-color has-vivid-cyan-blue-color\">Organiza\u00e7\u00e3o do MP-SC<\/mark><\/strong>, na sua <mark style=\"background-color:rgba(0, 0, 0, 0)\" class=\"has-inline-color has-vivid-cyan-blue-color\"><strong>Lei Org\u00e2nica<\/strong> <\/mark>(<strong>Lei 738\/2019)<\/strong>.<\/p>\n\n\n\n<div class=\"container\" id=\"boxes\">\n  <div class=\"row\">\n\n    <div class=\"col-sm\">\n      <div class=\"banner-tribunal\" id=\"box-assinatura\">\n        <h3 class=\"titulo-assinatura\">Cursos para o MP SC<\/h3>\n        <p class=\"subtitulo-assinatura\">Conhe\u00e7a os cursos<\/p>\n        <div class=\"box-botao\">\n          <a class=\"btn-assinatura\" target=\"_blank\" href=\"https:\/\/www.estrategiaconcursos.com.br\/cursosPorConcurso\/ministerio-publico-de-santa-catarina-mp-sc-servidores\/\" rel=\"noopener noreferrer\">Conhe\u00e7a mais<\/a>\n        <\/div>\n      <\/div>\n      <p class=\"texto-auxiliar\"><\/p>\n    <\/div>\n\n  <\/div>\n<\/div>\n\n\n\n<h2 class=\"wp-block-heading\" id=\"h-o-ministerio-publico-de-sc\"><mark style=\"background-color:rgba(0, 0, 0, 0)\" class=\"has-inline-color has-vivid-cyan-blue-color\">O Minist\u00e9rio P\u00fablico de SC<\/mark><\/h2>\n\n\n\n<p>Voc\u00ea j\u00e1 deve saber as informa\u00e7\u00f5es gerais sobre o Minist\u00e9rio P\u00fablico presentes na Constitui\u00e7\u00e3o Brasileira. Dessa maneira, a partir de agora, iremos analisar as <strong>disposi\u00e7\u00f5es espec\u00edficas<\/strong> do <strong>Minist\u00e9rio P\u00fablico de Santa Catarina<\/strong> (MP-SC), na sua <strong>lei org\u00e2nica<\/strong>.<\/p>\n\n\n\n<p>Primeiramente, vamos \u00e0 reda\u00e7\u00e3o do artigo 3\u00ba da lei org\u00e2nica, o qual conceitua o Minist\u00e9rio P\u00fablico:<\/p>\n\n\n\n<blockquote class=\"wp-block-quote is-layout-flow wp-block-quote-is-layout-flow\"><p><em>\u201cArt. 3\u00ba O Minist\u00e9rio P\u00fablico \u00e9 Institui\u00e7\u00e3o permanente, essencial \u00e0 fun\u00e7\u00e3o jurisdicional do Estado, incumbindo-lhe a defesa da ordem jur\u00eddica, do regime democr\u00e1tico e dos interesses sociais e individuais indispon\u00edveis.\u201d<\/em><\/p><\/blockquote>\n\n\n\n<p><strong><mark style=\"background-color:rgba(0, 0, 0, 0)\" class=\"has-inline-color has-vivid-red-color\">PARA FIXAR:<\/mark><\/strong><\/p>\n\n\n\n<p><strong><mark style=\"background-color:rgba(0, 0, 0, 0)\" class=\"has-inline-color has-vivid-cyan-blue-color\">O Minist\u00e9rio P\u00fablico \u00e9<\/mark><\/strong>:<\/p>\n\n\n\n<ul class=\"wp-block-list\"><li>institui\u00e7\u00e3o <strong>permanente<\/strong>,<\/li><li>essencial \u00e0 fun\u00e7\u00e3o <strong>jurisdicional <\/strong>do Estado,<\/li><li>incumbindo-lhe a <strong>defesa <\/strong>da:<ul><li><strong>ordem jur\u00eddica<\/strong>,<\/li><\/ul><ul><li>do <strong>regime democr\u00e1tico<\/strong> e<\/li><\/ul><ul><li>dos <strong>interesses sociais <\/strong>e <strong>individuais<\/strong> <strong>indispon\u00edveis<\/strong>.<\/li><\/ul><\/li><\/ul>\n\n\n\n<p>J\u00e1 em rela\u00e7\u00e3o aos <strong><mark style=\"background-color:rgba(0, 0, 0, 0)\" class=\"has-inline-color has-vivid-cyan-blue-color\">princ\u00edpios institucionais<\/mark><\/strong> do Minist\u00e9rio P\u00fablico, t\u00eam-se:<\/p>\n\n\n\n<ul class=\"wp-block-list\"><li><strong><mark style=\"background-color:rgba(0, 0, 0, 0)\" class=\"has-inline-color has-vivid-cyan-blue-color\">Unidade<\/mark>:&nbsp;<\/strong>esse princ\u00edpio disp\u00f5e que todos os seus membros integram&nbsp;<strong>apenas um s\u00f3 \u00f3rg\u00e3o,<\/strong> sob a chefia de um Procurador-Geral de Justi\u00e7a, no \u00e2mbito do Minist\u00e9rio P\u00fablico Estadual.<\/li><li><strong><mark style=\"background-color:rgba(0, 0, 0, 0)\" class=\"has-inline-color has-vivid-cyan-blue-color\">Indivisibilidade<\/mark>:<\/strong> permite que um&nbsp;<strong>membro&nbsp;<\/strong>do Minist\u00e9rio P\u00fablico possa&nbsp;<strong>substituir outro, em uma mesma fun\u00e7\u00e3o.<\/strong>&nbsp;Isso ocorre em decorr\u00eancia do postulado da unidade, uma vez que a pr\u00e1tica do ato \u00e9 da institui\u00e7\u00e3o do Minist\u00e9rio P\u00fablico, e n\u00e3o do membro autor da a\u00e7\u00e3o.<\/li><li><strong><mark style=\"background-color:rgba(0, 0, 0, 0)\" class=\"has-inline-color has-vivid-cyan-blue-color\">Independ\u00eancia Funcional<\/mark>:&nbsp;<\/strong>garante a<strong>&nbsp;independ\u00eancia da atua\u00e7\u00e3o&nbsp;<\/strong>do membro dentro das suas atividades, n\u00e3o podendo sofrer interfer\u00eancias.<\/li><\/ul>\n\n\n\n<p>\u00c9 importante salientar que o MP&nbsp;<strong>n\u00e3o faz parte de nenhum dos tr\u00eas poderes<\/strong>&nbsp;(Executivo, Legislativo ou Judici\u00e1rio<strong>).<\/strong> Ele \u00e9&nbsp;<strong>aut\u00f4nomo <\/strong>e <strong>independente.<\/strong><\/p>\n\n\n\n<p>Nesse sentido, \u00e9 assegurado ao Minist\u00e9rio P\u00fablico a <strong>autonomia funcional<\/strong>, <strong>administrativa<\/strong> e <strong>financeira<\/strong>. Desse modo, o MP-SC \u00e9 competente, para praticar atos pr\u00f3prios de gest\u00e3o; decidir sobre a situa\u00e7\u00e3o funcional e administrativa do pessoal; propor ao Poder Legislativo a cria\u00e7\u00e3o, transforma\u00e7\u00e3o e extin\u00e7\u00e3o de seus cargos, e a fixa\u00e7\u00e3o dos vencimentos; elaborar seus regimentos internos; entre outras fun\u00e7\u00f5es.<\/p>\n\n\n\n<h2 class=\"wp-block-heading\" id=\"h-organizacao-do-mp-sc-na-lei-organica\"><mark style=\"background-color:rgba(0, 0, 0, 0)\" class=\"has-inline-color has-vivid-cyan-blue-color\">Organiza\u00e7\u00e3o do MP-SC na Lei Org\u00e2nica<\/mark><\/h2>\n\n\n\n<p>Esta parte da Lei Org\u00e2nica possui muito \u201cdecoreba\u201d, mas \u00e9 muito importante que voc\u00ea saiba como \u00e9 organizado o Minist\u00e9rio P\u00fablico de Santa Catarina.<\/p>\n\n\n\n<p>O <strong>MP-SC<\/strong> compreende os seguintes <strong><mark style=\"background-color:rgba(0, 0, 0, 0)\" class=\"has-inline-color has-vivid-cyan-blue-color\">\u00f3rg\u00e3os<\/mark><\/strong>:<\/p>\n\n\n\n<ul class=\"wp-block-list\"><li>da <strong>Administra\u00e7\u00e3o Superior<\/strong>;<\/li><li>da <strong>Administra\u00e7\u00e3o<\/strong>;<\/li><li>de <strong>Execu\u00e7\u00e3o<\/strong>; e<\/li><li><strong>Auxiliares<\/strong>.<\/li><\/ul>\n\n\n\n<p>Dentro de cada um desses \u00f3rg\u00e3os, h\u00e1 diversas estruturas internas, que s\u00e3o organizadas com o intuito de facilitar o desempenho das atividades do MP.<\/p>\n\n\n\n<p>Podemos visualizar abaixo a <strong><mark style=\"background-color:rgba(0, 0, 0, 0)\" class=\"has-inline-color has-vivid-cyan-blue-color\">estrutura organizacional<\/mark><\/strong> do <strong>MP-SC<\/strong>:<\/p>\n\n\n\n<figure class=\"wp-block-image size-full\"><img loading=\"lazy\" decoding=\"async\" width=\"756\" height=\"548\" src=\"https:\/\/dhg1h5j42swfq.cloudfront.net\/2022\/04\/29165924\/image-354.png\" alt=\"Organiza\u00e7\u00e3o do MP-SC na Lei Org\u00e2nica\" class=\"wp-image-1018371\" srcset=\"https:\/\/dhg1h5j42swfq.cloudfront.net\/2022\/04\/29165924\/image-354.png 756w, https:\/\/dhg1h5j42swfq.cloudfront.net\/2022\/04\/29165924\/image-354-300x217.png 300w, https:\/\/dhg1h5j42swfq.cloudfront.net\/2022\/04\/29165924\/image-354-610x442.png 610w\" sizes=\"auto, (max-width: 756px) 100vw, 756px\" \/><figcaption>Organiza\u00e7\u00e3o do MP-SC na Lei Org\u00e2nica<\/figcaption><\/figure>\n\n\n\n<p>Vamos analisar agora toda essa estrutura, de modo a aprender quais s\u00e3o os <strong>integrantes <\/strong>e as <strong>compet\u00eancias <\/strong>de cada um deles.<\/p>\n\n\n\n<h3 class=\"wp-block-heading\" id=\"h-orgaos-de-administracao-superior\"><mark style=\"background-color:rgba(0, 0, 0, 0)\" class=\"has-inline-color has-vivid-cyan-blue-color\">\u00d3rg\u00e3os de Administra\u00e7\u00e3o Superior<\/mark><\/h3>\n\n\n\n<p>Os \u00f3rg\u00e3os da Administra\u00e7\u00e3o Superior do Minist\u00e9rio P\u00fablico correspondem aos <strong>principais \u00f3rg\u00e3os<\/strong> da estrutura administrativa do MP-SC, sendo eles:<\/p>\n\n\n\n<ul class=\"wp-block-list\"><li>a <strong>Procuradoria-Geral de Justi\u00e7a<\/strong>;<\/li><li>o <strong>Col\u00e9gio de Procuradores de Justi\u00e7a<\/strong>;<\/li><li>o <strong>Conselho Superior do Minist\u00e9rio P\u00fablico<\/strong>; e<\/li><li>a <strong>Corregedoria-Geral do Minist\u00e9rio P\u00fablico<\/strong>.<\/li><\/ul>\n\n\n\n<h4 class=\"wp-block-heading\" id=\"h-procuradoria-geral-de-justica\"><mark style=\"background-color:rgba(0, 0, 0, 0)\" class=\"has-inline-color has-vivid-purple-color\">Procuradoria-Geral de Justi\u00e7a<\/mark><\/h4>\n\n\n\n<p>A Procuradoria-Geral de Justi\u00e7a \u00e9 <strong>dirigida<\/strong> pelo<strong> Procurador-Geral de Justi\u00e7a<\/strong>, o qual \u00e9 o <strong><mark style=\"background-color:rgba(0, 0, 0, 0)\" class=\"has-inline-color has-vivid-cyan-blue-color\">chefe <\/mark><\/strong>do <strong>Minist\u00e9rio P\u00fablico do Estado<\/strong>.<\/p>\n\n\n\n<p>Devido a sua import\u00e2ncia, ele possui prerrogativas e representa\u00e7\u00e3o protocolar de <strong>Chefe de Poder<\/strong>, posicionando-se logo ap\u00f3s o Presidente do Tribunal de Justi\u00e7a.<\/p>\n\n\n\n<p>O <strong><mark style=\"background-color:rgba(0, 0, 0, 0)\" class=\"has-inline-color has-vivid-cyan-blue-color\">Procurador-Geral de Justi\u00e7a<\/mark><\/strong> \u00e9:<\/p>\n\n\n\n<ul class=\"wp-block-list\"><li><strong>nomeado <\/strong>pelo <strong>Chefe<\/strong> do Poder <strong>Executivo<\/strong>,<\/li><li>dentre os <strong>membros<\/strong> do <strong>Minist\u00e9rio P\u00fablico<\/strong> com <strong>mais de 10 anos de carreira<\/strong>,<\/li><li>integrantes de <strong>lista tr\u00edplice<\/strong> elaborada,<\/li><li>para <strong>mandato <\/strong>de <strong>2 anos<\/strong>, permitida <strong>uma recondu\u00e7\u00e3o<\/strong>.<\/li><\/ul>\n\n\n\n<p><strong><mark style=\"background-color:rgba(0, 0, 0, 0)\" class=\"has-inline-color has-vivid-red-color\">FIQUE ATENTO: <\/mark><\/strong>Apesar de ser permitida apenas <strong>uma recondu\u00e7\u00e3o<\/strong>, s\u00e3o permitidas <strong><mark style=\"background-color:rgba(0, 0, 0, 0)\" class=\"has-inline-color has-vivid-cyan-blue-color\">recondu\u00e7\u00f5es alternadas <\/mark><\/strong>ao cargo de Procurador-Geral de Justi\u00e7a.<\/p>\n\n\n\n<p>Contudo, \u00e9 importante salientar que s\u00e3o <strong>ineleg\u00edveis <\/strong>para o cargo de Procurador-Geral de Justi\u00e7a os membros do Minist\u00e9rio P\u00fablico que ainda <strong>n\u00e3o tenham completado 10 &nbsp;anos de carreira<\/strong> e os que estiverem <strong>afastados <\/strong>desta <strong>at\u00e9 120 dias antes do in\u00edcio<\/strong> do prazo de inscri\u00e7\u00e3o.<\/p>\n\n\n\n<p>Caso o Chefe do Poder Executivo <strong>n\u00e3o nomeie<\/strong> o Procurador-Geral de Justi\u00e7a nos <strong>15 dias<\/strong> que se seguirem ao recebimento da<strong> lista tr\u00edplice<\/strong>, ser\u00e1 havido, <strong>automaticamente<\/strong>, por investido no cargo o membro do Minist\u00e9rio P\u00fablico <strong>mais votado<\/strong>, para exerc\u00edcio do mandato, resolvendo-se eventual <strong>empate <\/strong>em favor do mais <strong>antigo <\/strong>na carreira.<\/p>\n\n\n\n<p>O Procurador-Geral de Justi\u00e7a tomar\u00e1 posse e entrar\u00e1 em <strong>exerc\u00edcio <\/strong>no <strong>primeiro dia \u00fatil seguinte<\/strong> ao t\u00e9rmino do mandato do seu antecessor. Contudo, se n\u00e3o puder comparecer, por motivo justificado, o nomeado poder\u00e1 ter <strong>prorrogada<\/strong> a data da sua posse por <strong>at\u00e9 90 dias<\/strong>.<\/p>\n\n\n\n<p>O PGJ poder\u00e1 ser <strong><mark style=\"background-color:rgba(0, 0, 0, 0)\" class=\"has-inline-color has-vivid-cyan-blue-color\">destitu\u00eddo <\/mark><\/strong>do cargo, que somente poder\u00e1 ocorrer por <strong>iniciativa <\/strong>da <strong>maioria absoluta<\/strong> dos membros do <strong>Col\u00e9gio de Procuradores de Justi\u00e7a<\/strong>, ter\u00e1 cabimento em caso de abuso de poder, conduta incompat\u00edvel ou grave omiss\u00e3o nos deveres do cargo. Entretanto, esta proposta de destitui\u00e7\u00e3o depender\u00e1 da <strong>aprova\u00e7\u00e3o <\/strong>de <strong>dois ter\u00e7os<\/strong> de seus integrantes, mediante<strong> voto secreto,<\/strong> assegurada ampla defesa.<\/p>\n\n\n\n<p>Ap\u00f3s a aprova\u00e7\u00e3o da proposta, a <strong>destitui\u00e7\u00e3o<\/strong> ocorrer\u00e1 mediante <strong>aprova\u00e7\u00e3o <\/strong>da <strong>maioria absoluta<\/strong> da <strong>Assembleia Legislativa<\/strong> do estado, mediante voto <strong>secreto<\/strong>.<\/p>\n\n\n\n<p>Algumas das principais <strong>atribui\u00e7\u00f5es <\/strong>do Procurador-Geral de Justi\u00e7a, como <strong>Chefe do Minist\u00e9rio P\u00fablico<\/strong>, \u00e9 <strong>representar a Institui\u00e7\u00e3o,<\/strong> judicial e extrajudicialmente, promovendo todas as medidas adequadas para a defesa dos direitos, interesses e garantias do Minist\u00e9rio P\u00fablico; <strong>dirimir conflitos<\/strong> de atribui\u00e7\u00e3o entre membros do Minist\u00e9rio P\u00fablico; determinar a <strong>instaura\u00e7\u00e3o <\/strong>de<strong> processo administrativo <\/strong>ou de <strong>sindic\u00e2ncia<\/strong>; elaborar proposta or\u00e7ament\u00e1ria; entre outras fun\u00e7\u00f5es.<\/p>\n\n\n\n<h4 class=\"wp-block-heading\" id=\"h-colegio-de-procuradores-de-justica\"><mark style=\"background-color:rgba(0, 0, 0, 0)\" class=\"has-inline-color has-vivid-purple-color\">Col\u00e9gio de Procuradores de Justi\u00e7a<\/mark><\/h4>\n\n\n\n<p>O Col\u00e9gio de Procuradores de Justi\u00e7a \u00e9 \u00f3rg\u00e3o tanto da <strong>Administra\u00e7\u00e3o Superior <\/strong>quanto de <strong>Execu\u00e7\u00e3o <\/strong>do Minist\u00e9rio P\u00fablico, sendo integrado por <strong>todos <\/strong>os <strong><mark style=\"background-color:rgba(0, 0, 0, 0)\" class=\"has-inline-color has-vivid-cyan-blue-color\">Procuradores de Justi\u00e7a <\/mark><\/strong>e <strong>presidido<\/strong> pelo<strong> Procurador-Geral de Justi\u00e7a.<\/strong><\/p>\n\n\n\n<p>H\u00e1 ainda, no Col\u00e9gio de Procuradores de Justi\u00e7a, o chamado <strong><mark style=\"background-color:rgba(0, 0, 0, 0)\" class=\"has-inline-color has-vivid-cyan-blue-color\">\u00d3rg\u00e3o Especial<\/mark><\/strong>, composto pelo <strong>Procurador-Geral de Justi\u00e7a,<\/strong> que o presidir\u00e1, pelo <strong>Corregedor-Geral<\/strong> do Minist\u00e9rio P\u00fablico e, ainda, por <strong>22 Procuradores<\/strong> de Justi\u00e7a.<\/p>\n\n\n\n<p>Algumas das <strong><mark style=\"background-color:rgba(0, 0, 0, 0)\" class=\"has-inline-color has-vivid-cyan-blue-color\">compet\u00eancias <\/mark><\/strong>do Col\u00e9gio de Procuradores de Justi\u00e7a \u00e9:<\/p>\n\n\n\n<ul class=\"wp-block-list\"><li><strong>convocar a elei\u00e7\u00e3o<\/strong> da lista tr\u00edplice;<\/li><li><strong>opinar<\/strong>, por solicita\u00e7\u00e3o do Procurador-Geral de Justi\u00e7a ou de um quarto de seus integrantes, sobre mat\u00e9ria relativa \u00e0 autonomia do Minist\u00e9rio P\u00fablico;<\/li><li><strong>propor <\/strong>ao Procurador-Geral de Justi\u00e7a a cria\u00e7\u00e3o de cargos e servi\u00e7os auxiliares;<\/li><li><strong>eleger e destituir<\/strong> o<strong> Corregedor-Geral<\/strong> do Minist\u00e9rio P\u00fablico;<\/li><li><strong>aprovar <\/strong>a<strong> proposta or\u00e7ament\u00e1ria <\/strong>anual do Minist\u00e9rio P\u00fablico, elaborada pela Procuradoria-Geral de Justi\u00e7a;<\/li><li><strong>julgar recurso <\/strong>contra decis\u00e3o de <strong>vitaliciamento <\/strong>ou n\u00e3o de membro do Minist\u00e9rio P\u00fablico; dentre outras fun\u00e7\u00f5es.<\/li><\/ul>\n\n\n\n<h4 class=\"wp-block-heading\" id=\"h-conselho-superior-do-ministerio-publico\"><mark style=\"background-color:rgba(0, 0, 0, 0)\" class=\"has-inline-color has-vivid-purple-color\">Conselho Superior do Minist\u00e9rio P\u00fablico<\/mark><\/h4>\n\n\n\n<p>O Conselho Superior do Minist\u00e9rio P\u00fablico, \u00f3rg\u00e3o da Administra\u00e7\u00e3o Superior e de Execu\u00e7\u00e3o do Minist\u00e9rio P\u00fablico, \u00e9 integrado pelo <strong>Procurador-Geral de Justi\u00e7a<\/strong>, seu Presidente, pelo<strong> Corregedor-Geral do Minist\u00e9rio P\u00fablico,<\/strong> ambos os membros natos, e por mais <strong>11 Procuradores<\/strong> de Justi\u00e7a <strong>eleitos<\/strong>.<\/p>\n\n\n\n<p>Contudo, s\u00e3o <strong><mark style=\"background-color:rgba(0, 0, 0, 0)\" class=\"has-inline-color has-vivid-cyan-blue-color\">ineleg\u00edveis<\/mark><\/strong> para o Conselho Superior do Minist\u00e9rio P\u00fablico os Procuradores de Justi\u00e7a que estiverem <strong>afastados <\/strong>da carreira<strong> at\u00e9 120 dias antes <\/strong>da data do pleito e os que tenham exercido, ainda que por substitui\u00e7\u00e3o, as fun\u00e7\u00f5es de <strong>Procurador-Geral de Justi\u00e7a<\/strong> ou de <strong>Corregedor-Geral <\/strong>do Minist\u00e9rio P\u00fablico <strong>at\u00e9 90 dias antes<\/strong> da data do pleito.<\/p>\n\n\n\n<p>S\u00e3o algumas das <strong><mark style=\"background-color:rgba(0, 0, 0, 0)\" class=\"has-inline-color has-vivid-cyan-blue-color\">atribui\u00e7\u00f5es <\/mark><\/strong>do Conselho Superior do Minist\u00e9rio P\u00fablico:<\/p>\n\n\n\n<ul class=\"wp-block-list\"><li><strong>aprovar o quadro geral<\/strong> de <strong>antiguidade <\/strong>do Minist\u00e9rio P\u00fablico e decidir sobre <strong>reclama\u00e7\u00f5es <\/strong>formuladas a esse respeito, desde que apresentadas no prazo de 15 dias, contados da publica\u00e7\u00e3o oficial;<\/li><li><strong>aprovar <\/strong>os <strong>pedidos <\/strong>de op\u00e7\u00e3o ou <strong>remo\u00e7\u00e3o <\/strong>por <strong>permuta <\/strong>entre os membros do Minist\u00e9rio P\u00fablico;<\/li><li><strong>autorizar o afastamento<\/strong> de <strong>membro <\/strong>do Minist\u00e9rio P\u00fablico para frequentar curso ou semin\u00e1rio de aperfei\u00e7oamento e estudo, no Pa\u00eds ou no exterior;<\/li><li><strong>convocar<\/strong> membro do Minist\u00e9rio P\u00fablico para prestar <strong>esclarecimentos <\/strong>quando n\u00e3o atender aos deveres funcionais;<\/li><li><strong>elaborar o regulamento<\/strong> e as normas de concurso de<strong> ingresso \u00e0 carreira<\/strong> do Minist\u00e9rio P\u00fablico;<\/li><li><strong>promover<\/strong>, de of\u00edcio, <strong>aposentadoria compuls\u00f3ria <\/strong>de membro do Minist\u00e9rio P\u00fablico; dentre outras.<\/li><\/ul>\n\n\n\n<h4 class=\"wp-block-heading\" id=\"h-corregedoria-geral-do-ministerio-publico\"><mark style=\"background-color:rgba(0, 0, 0, 0)\" class=\"has-inline-color has-vivid-purple-color\">Corregedoria-Geral do Minist\u00e9rio P\u00fablico<\/mark><\/h4>\n\n\n\n<p>A Corregedoria-Geral do Minist\u00e9rio P\u00fablico \u00e9 o \u00f3rg\u00e3o encarregado da <strong>orienta\u00e7\u00e3o <\/strong>e <strong>fiscaliza\u00e7\u00e3o <\/strong>das <strong><mark style=\"background-color:rgba(0, 0, 0, 0)\" class=\"has-inline-color has-vivid-cyan-blue-color\">atividades funcionais e da conduta dos membros <\/mark><\/strong>do Minist\u00e9rio P\u00fablico.<\/p>\n\n\n\n<p>Al\u00e9m disso, compete tamb\u00e9m \u00e0 Corregedoria-Geral do Minist\u00e9rio P\u00fablico<strong> avaliar o resultado<\/strong> das <strong>atividades<\/strong> das <strong>Promotorias <\/strong>de Justi\u00e7a.<\/p>\n\n\n\n<p>O Corregedor-Geral do Minist\u00e9rio P\u00fablico deve ser <strong>eleito<\/strong>, por voto obrigat\u00f3rio e secreto, pelo Col\u00e9gio de Procuradores de Justi\u00e7a, para mandato de<strong> 2 anos<\/strong>, permitida uma <strong>recondu\u00e7\u00e3o<\/strong>.<\/p>\n\n\n\n<p>O Corregedor-Geral do Minist\u00e9rio P\u00fablico poder\u00e1 ser <strong>destitu\u00eddo <\/strong>pelo voto de<strong> dois ter\u00e7os <\/strong>dos membros do <strong>Col\u00e9gio de Procuradores de Justi\u00e7a<\/strong>, em caso de abuso de poder, conduta incompat\u00edvel ou grave omiss\u00e3o dos deveres do cargo, por representa\u00e7\u00e3o do Procurador-Geral de Justi\u00e7a ou da maioria dos seus integrantes.<\/p>\n\n\n\n<h3 class=\"wp-block-heading\" id=\"h-orgaos-de-administracao-do-ministerio-publico\"><mark style=\"background-color:rgba(0, 0, 0, 0)\" class=\"has-inline-color has-vivid-cyan-blue-color\">\u00d3rg\u00e3os de Administra\u00e7\u00e3o do Minist\u00e9rio P\u00fablico<\/mark><\/h3>\n\n\n\n<p>Os \u00f3rg\u00e3os da Administra\u00e7\u00e3o do Minist\u00e9rio P\u00fablico s\u00e3o apenas dois:<\/p>\n\n\n\n<ul class=\"wp-block-list\"><li>as <strong>Procuradorias <\/strong>de Justi\u00e7a; e<\/li><li>as <strong>Promotorias <\/strong>de Justi\u00e7a.<\/li><\/ul>\n\n\n\n<h4 class=\"wp-block-heading\" id=\"h-procuradorias-de-justica\"><mark style=\"background-color:rgba(0, 0, 0, 0)\" class=\"has-inline-color has-vivid-purple-color\">Procuradorias de Justi\u00e7a<\/mark><\/h4>\n\n\n\n<p>As Procuradorias de Justi\u00e7a s\u00e3o formadas, basicamente, pelos <strong>Procuradores de Justi\u00e7a<\/strong>.<\/p>\n\n\n\n<p>Elas s\u00e3o institu\u00eddas por ato do Col\u00e9gio de Procuradores de Justi\u00e7a, mediante proposta do Procurador-Geral de Justi\u00e7a.<\/p>\n\n\n\n<p>As Procuradorias de Justi\u00e7a realizar\u00e3o, <strong>obrigatoriamente<\/strong>, <strong><mark style=\"background-color:rgba(0, 0, 0, 0)\" class=\"has-inline-color has-vivid-cyan-blue-color\">reuni\u00f5es mensais <\/mark><\/strong>para tratar de <strong>assuntos <\/strong>de seu peculiar <strong>interesse<\/strong>, como a fixa\u00e7\u00e3o de tese jur\u00eddica, sem car\u00e1ter vinculativo, inclusive para interposi\u00e7\u00e3o de recursos aos Tribunais Superiores, encaminhando-as ao Procurador-Geral de Justi\u00e7a para conhecimento e publicidade; propor ao Procurador-Geral de Justi\u00e7a a escala de f\u00e9rias individuais de seus integrantes; entre outros assuntos.<\/p>\n\n\n\n<h4 class=\"wp-block-heading\" id=\"h-promotorias-de-justica\"><mark style=\"background-color:rgba(0, 0, 0, 0)\" class=\"has-inline-color has-vivid-purple-color\">Promotorias de Justi\u00e7a<\/mark><\/h4>\n\n\n\n<p>As Promotorias de Justi\u00e7a s\u00e3o compostas pelos<strong> Promotores de Justi\u00e7a<\/strong>. Elas podem ser <strong>judiciais <\/strong>e <strong>extrajudiciais<\/strong>, <strong>especializadas<\/strong>, <strong>gerais <\/strong>ou <strong>cumulativas<\/strong>, sendo organizadas por ato do Procurador-Geral de Justi\u00e7a.<\/p>\n\n\n\n<p>As atribui\u00e7\u00f5es das Promotorias de Justi\u00e7a e dos cargos de Promotores de Justi\u00e7a ser\u00e3o fixadas mediante proposta do Procurador-Geral de Justi\u00e7a, aprovada pelo Col\u00e9gio de Procuradores de Justi\u00e7a.<\/p>\n\n\n\n<h3 class=\"wp-block-heading\" id=\"h-orgaos-de-execucao\"><mark style=\"background-color:rgba(0, 0, 0, 0)\" class=\"has-inline-color has-vivid-cyan-blue-color\">\u00d3rg\u00e3os de Execu\u00e7\u00e3o<\/mark><\/h3>\n\n\n\n<p>Os \u00f3rg\u00e3os de Execu\u00e7\u00e3o s\u00e3o aqueles que <strong>executam<\/strong>, de fato, as <strong>fun\u00e7\u00f5es <\/strong>constitucionais do Minist\u00e9rio P\u00fablico.<\/p>\n\n\n\n<p>Ele \u00e9 formado basicamente por alguns dos \u00f3rg\u00e3os j\u00e1 citados, por meio dos seus <strong>integrantes<\/strong>.<\/p>\n\n\n\n<p>S\u00e3o eles:<\/p>\n\n\n\n<ul class=\"wp-block-list\"><li>o <strong>Procurador-Geral de Justi\u00e7a<\/strong>;<\/li><li>o <strong>Col\u00e9gio de Procuradores de Justi\u00e7a<\/strong>;<\/li><li>o <strong>Conselho Superior do Minist\u00e9rio P\u00fablico<\/strong>;<\/li><li>os <strong>Procuradores de Justi\u00e7a<\/strong>;<\/li><li>as<strong> Coordenadorias de Recursos<\/strong>; e<\/li><li>os <strong>Promotores de Justi\u00e7a<\/strong>.<\/li><\/ul>\n\n\n\n<p>Voc\u00ea pode conferir, de maneira detalhada, as <strong><a href=\"https:\/\/www.estrategiaconcursos.com.br\/blog\/lei-organica-mp-sc-competencias\" target=\"_blank\" rel=\"noreferrer noopener\">Compet\u00eancias dos \u00d3rg\u00e3os de Execu\u00e7\u00e3o do MP-SC<\/a><\/strong>.<\/p>\n\n\n\n<p>Desse modo, vamos agora analisar os \u00d3rg\u00e3os Auxiliares.<\/p>\n\n\n\n<h3 class=\"wp-block-heading\" id=\"h-orgaos-auxiliares\"><mark style=\"background-color:rgba(0, 0, 0, 0)\" class=\"has-inline-color has-vivid-cyan-blue-color\">\u00d3rg\u00e3os Auxiliares<\/mark><\/h3>\n\n\n\n<p>Finalizando o estudo da organiza\u00e7\u00e3o do MP-SC, na Lei Org\u00e2nica, vamos falar sobre os \u00f3rg\u00e3os Auxiliares do Minist\u00e9rio P\u00fablico, os quais s\u00e3o:<\/p>\n\n\n\n<ul class=\"wp-block-list\"><li>a <strong>Secretaria-Geral do Minist\u00e9rio P\u00fablico;<\/strong><\/li><li>os <strong>Centros de Apoio Operacional<\/strong>;<\/li><li>a <strong>Comiss\u00e3o de Concurso<\/strong>;<\/li><li>o <strong>Centro de Estudos e Aperfei\u00e7oamento Funcional<\/strong>;<\/li><li>os <strong>\u00d3rg\u00e3os de apoio t\u00e9cnico e administrativo<\/strong>;<\/li><li>os <strong>Estagi\u00e1rios<\/strong>; e<\/li><li>a <strong>Ouvidoria <\/strong>do Minist\u00e9rio P\u00fablico.<\/li><\/ul>\n\n\n\n<h4 class=\"wp-block-heading\" id=\"h-secretaria-geral-do-ministerio-publico\"><mark style=\"background-color:rgba(0, 0, 0, 0)\" class=\"has-inline-color has-vivid-purple-color\">Secretaria-Geral do Minist\u00e9rio P\u00fablico<\/mark><\/h4>\n\n\n\n<p>A Secretaria-Geral do Minist\u00e9rio P\u00fablico \u00e9 exercida por um<strong> Procurador <\/strong>de Justi\u00e7a ou por um <strong>Promotor <\/strong>de Justi\u00e7a da<strong> mais elevada entr\u00e2ncia<\/strong>, designado pelo Procurador-Geral de Justi\u00e7a.<\/p>\n\n\n\n<p>Ela \u00e9 a respons\u00e1vel pela <strong>supervis\u00e3o<\/strong> e <strong>dire\u00e7\u00e3o <\/strong>dos <strong>servi\u00e7os <\/strong>afetos aos <strong>\u00f3rg\u00e3os de apoio t\u00e9cnico e administrativo<\/strong> do Minist\u00e9rio P\u00fablico.<\/p>\n\n\n\n<p>Al\u00e9m disso, compete ao Secret\u00e1rio-Geral do Minist\u00e9rio P\u00fablico <strong>assistir <\/strong>o <strong>Procurador-Geral de Justi\u00e7a <\/strong>no desempenho de suas <strong>fun\u00e7\u00f5es<\/strong>; elaborar a proposta or\u00e7ament\u00e1ria do Minist\u00e9rio P\u00fablico e submet\u00ea-la \u00e0 aprecia\u00e7\u00e3o do Procurador-Geral de Justi\u00e7a, devidamente instru\u00edda; conduzir os processos administrativos ou sindic\u00e2ncias de funcion\u00e1rios e servidores do Minist\u00e9rio P\u00fablico, entre outras fun\u00e7\u00f5es.<\/p>\n\n\n\n<h4 class=\"wp-block-heading\" id=\"h-centros-de-apoio-operacional\"><mark style=\"background-color:rgba(0, 0, 0, 0)\" class=\"has-inline-color has-vivid-purple-color\">Centros de Apoio Operacional<\/mark><\/h4>\n\n\n\n<p>Os Centros de Apoio Operacional ser\u00e3o institu\u00eddos e organizados por ato do Procurador-Geral de Justi\u00e7a, podendo ser designados membros do Minist\u00e9rio P\u00fablico para prestar servi\u00e7os junto aos Centros de Apoio Operacional, <strong>vedada <\/strong>a designa\u00e7\u00e3o dos que <strong>n\u00e3o tenham vitaliciedade<\/strong> ou de <strong>Promotores <\/strong>de Justi\u00e7a <strong>Substitutos<\/strong>.<\/p>\n\n\n\n<p>Algumas das <strong><mark style=\"background-color:rgba(0, 0, 0, 0)\" class=\"has-inline-color has-vivid-cyan-blue-color\">compet\u00eancias <\/mark><\/strong>dos Centros de Apoio Operacional s\u00e3o:<\/p>\n\n\n\n<ul class=\"wp-block-list\"><li>estimular a <strong>integra\u00e7\u00e3o <\/strong>e o <strong>interc\u00e2mbio <\/strong>entre <strong>\u00f3rg\u00e3os <\/strong>de execu\u00e7\u00e3o que atuem na mesma \u00e1rea de atividade e que tenham atribui\u00e7\u00f5es comuns;<\/li><li>colaborar no <strong>levantamento das necessidades dos \u00f3rg\u00e3os<\/strong> do Minist\u00e9rio P\u00fablico, com vistas \u00e0 ado\u00e7\u00e3o das provid\u00eancias cab\u00edveis;<\/li><li>estabelecer <strong>interc\u00e2mbio <\/strong>permanente com entidades ou \u00f3rg\u00e3os p\u00fablicos ou privados que atuem em \u00e1reas afins, para obten\u00e7\u00e3o de elementos t\u00e9cnicos especializados necess\u00e1rios ao desempenho de suas fun\u00e7\u00f5es;<\/li><li>prestar <strong>apoio <\/strong>aos <strong>\u00f3rg\u00e3os de execu\u00e7\u00e3o <\/strong>do Minist\u00e9rio P\u00fablico, especialmente na instru\u00e7\u00e3o de inqu\u00e9ritos civis ou na prepara\u00e7\u00e3o e propositura de medidas judiciais.<\/li><\/ul>\n\n\n\n<h4 class=\"wp-block-heading\" id=\"h-comissao-de-concurso\"><mark style=\"background-color:rgba(0, 0, 0, 0)\" class=\"has-inline-color has-vivid-purple-color\">Comiss\u00e3o de Concurso<\/mark><\/h4>\n\n\n\n<p>A Comiss\u00e3o de Concurso \u00e9 o \u00f3rg\u00e3o respons\u00e1vel pela <strong><mark style=\"background-color:rgba(0, 0, 0, 0)\" class=\"has-inline-color has-vivid-cyan-blue-color\">realiza\u00e7\u00e3o da sele\u00e7\u00e3o de candidatos<\/mark><\/strong> ao <strong>ingresso na carreira <\/strong>do Minist\u00e9rio P\u00fablico.<\/p>\n\n\n\n<p>Ela \u00e9 <strong>presidida <\/strong>pelo <strong>Procurador-Geral de Justi\u00e7a <\/strong>e composta por <strong>6 membros vital\u00edcios <\/strong>da Institui\u00e7\u00e3o.<\/p>\n\n\n\n<p>As decis\u00f5es da Comiss\u00e3o de Concurso s\u00e3o tomadas por <strong>maioria absoluta<\/strong> de votos, cabendo ao presidente tamb\u00e9m o voto de desempate.<\/p>\n\n\n\n<h4 class=\"wp-block-heading\" id=\"h-centro-de-estudos-e-aperfeicoamento-funcional\"><mark style=\"background-color:rgba(0, 0, 0, 0)\" class=\"has-inline-color has-vivid-purple-color\">Centro de Estudos e Aperfei\u00e7oamento Funcional<\/mark><\/h4>\n\n\n\n<p>O Centro de Estudos e Aperfei\u00e7oamento Funcional \u00e9 o \u00f3rg\u00e3o competente para <strong>realizar <\/strong>ou <strong>patrocinar <mark style=\"background-color:rgba(0, 0, 0, 0)\" class=\"has-inline-color has-vivid-cyan-blue-color\">atividades de ensino, pesquisa e extens\u00e3o<\/mark><\/strong>, visando ao aprimoramento profissional e cultural dos membros da Institui\u00e7\u00e3o, de seus auxiliares e funcion\u00e1rios, bem como a melhor execu\u00e7\u00e3o de seus servi\u00e7os e racionaliza\u00e7\u00e3o de seus recursos materiais.&nbsp;<\/p>\n\n\n\n<p>Entre as atividades mencionadas acima, incluem-se publica\u00e7\u00f5es, cursos, semin\u00e1rios, congressos, simp\u00f3sios, grupos de estudo, projetos de pesquisa e a\u00e7\u00f5es de extens\u00e3o.<\/p>\n\n\n\n<h4 class=\"wp-block-heading\" id=\"h-orgaos-de-apoio-tecnico-e-administrativo\"><mark style=\"background-color:rgba(0, 0, 0, 0)\" class=\"has-inline-color has-vivid-purple-color\">\u00d3rg\u00e3os de Apoio T\u00e9cnico e Administrativo<\/mark><\/h4>\n\n\n\n<p>Os \u00f3rg\u00e3os de apoio t\u00e9cnico e administrativo do Minist\u00e9rio P\u00fablico ser\u00e3o organizados e institu\u00eddos por lei de iniciativa do Procurador-Geral de Justi\u00e7a, sendo que os seus cargos ser\u00e3o providos por concurso p\u00fablico, salvo em se tratando de cargos de provimento em comiss\u00e3o e nas hip\u00f3teses legais de contrata\u00e7\u00e3o por tempo determinado para atender \u00e0 necessidade tempor\u00e1ria de excepcional interesse p\u00fablico.<\/p>\n\n\n\n<p>As suas fun\u00e7\u00f5es j\u00e1 est\u00e3o no nome do pr\u00f3prio \u00f3rg\u00e3o: <strong>prestar apoio t\u00e9cnico e administrativo <\/strong>ao Minist\u00e9rio P\u00fablico.<\/p>\n\n\n\n<h4 class=\"wp-block-heading\" id=\"h-estagiarios\"><mark style=\"background-color:rgba(0, 0, 0, 0)\" class=\"has-inline-color has-vivid-purple-color\">Estagi\u00e1rios<\/mark><\/h4>\n\n\n\n<p>Os estagi\u00e1rios, <strong>auxiliares <\/strong>do Minist\u00e9rio P\u00fablico, ser\u00e3o admitidos para o exerc\u00edcio de suas fun\u00e7\u00f5es por per\u00edodo n\u00e3o superior a<strong> 2 anos<\/strong>, <strong>salvo <\/strong>se tratar de pessoa com <strong>defici\u00eancia<\/strong>, oportunizando o desempenho de atividades complementares em sua \u00e1rea de forma\u00e7\u00e3o, objetivando seu desenvolvimento para a cidadania, a vida e o trabalho.<\/p>\n\n\n\n<p>O est\u00e1gio compreende o<strong><mark style=\"background-color:rgba(0, 0, 0, 0)\" class=\"has-inline-color has-vivid-cyan-blue-color\"> exerc\u00edcio transit\u00f3rio de fun\u00e7\u00f5es auxiliares <\/mark><\/strong>do Minist\u00e9rio P\u00fablico, podendo ser oferecido para estudantes:<\/p>\n\n\n\n<ul class=\"wp-block-list\"><li>do <strong>ensino m\u00e9dio<\/strong>; <\/li><li>dos <strong>3 \u00faltimos anos <\/strong>do curso de gradua\u00e7\u00e3o em <strong>Direito<\/strong>;<\/li><li>de curso de <strong>gradua\u00e7\u00e3o<\/strong> em \u00e1reas do <strong>conhecimento diversas do Direito<\/strong>; e<\/li><li>para <strong>bachar\u00e9is <\/strong>regularmente matriculados em cursos de <strong>p\u00f3s-gradua\u00e7\u00e3o,<\/strong> em n\u00edvel de especializa\u00e7\u00e3o, mestrado, doutorado ou p\u00f3s-doutorado, em \u00e1reas de conhecimento que tenham <strong>pertin\u00eancia <\/strong>com as fun\u00e7\u00f5es institucionais do Minist\u00e9rio P\u00fablico estadual ou que com elas guardem afinidade.<\/li><\/ul>\n\n\n\n<p><strong><mark style=\"background-color:rgba(0, 0, 0, 0)\" class=\"has-inline-color has-vivid-red-color\">A SABER: <\/mark><\/strong>O est\u00e1gio <strong>n\u00e3o confere v\u00ednculo empregat\u00edcio <\/strong>com o Estado, sendo vedado estender aos estagi\u00e1rios direitos ou vantagens asseguradas aos servidores p\u00fablicos.<\/p>\n\n\n\n<p>Al\u00e9m disso, \u00e9 <strong>vedada <\/strong>a admiss\u00e3o de estagi\u00e1rio para atuar sob orienta\u00e7\u00e3o ou <strong>subordina\u00e7\u00e3o direta<\/strong> a <strong>membro <\/strong>do <strong>Minist\u00e9rio P\u00fablico<\/strong> ou a servidor ocupante de cargo de<strong> dire\u00e7\u00e3o<\/strong>, <strong>chefia <\/strong>ou <strong>assessoramento <\/strong>que lhe seja c\u00f4njuge, companheiro ou parente <strong>at\u00e9 o terceiro grau<\/strong>, inclusive.<\/p>\n\n\n\n<p>Atendida a conveni\u00eancia do servi\u00e7o e com a anu\u00eancia das respectivas chefias, ser\u00e1 poss\u00edvel a <strong>transfer\u00eancia <\/strong>de estagi\u00e1rio de um para <strong>outro \u00f3rg\u00e3o do Minist\u00e9rio P\u00fablico<\/strong>, a pedido ou de of\u00edcio.<\/p>\n\n\n\n<h4 class=\"wp-block-heading\" id=\"h-ouvidoria\"><mark style=\"background-color:rgba(0, 0, 0, 0)\" class=\"has-inline-color has-vivid-purple-color\">Ouvidoria<\/mark><\/h4>\n\n\n\n<p>Finalizando o nosso artigo sobre a organiza\u00e7\u00e3o do MP-SC, na sua lei org\u00e2nica, vamos falar sobre a Ouvidoria.<\/p>\n\n\n\n<p>A Ouvidoria tem por objetivo contribuir para <strong>elevar <\/strong>continuamente os <strong>padr\u00f5es <\/strong>de <strong>transpar\u00eancia<\/strong>, <strong>presteza <\/strong>e <strong>seguran\u00e7a <\/strong>das atividades dos membros, \u00f3rg\u00e3os e servi\u00e7os auxiliares da Institui\u00e7\u00e3o.<\/p>\n\n\n\n<p>Ela dever\u00e1 criar<strong> <mark style=\"background-color:rgba(0, 0, 0, 0)\" class=\"has-inline-color has-vivid-cyan-blue-color\">canais permanentes de comunica\u00e7\u00e3o<\/mark><\/strong> e interlocu\u00e7\u00e3o que permitam o recebimento de representa\u00e7\u00f5es, den\u00fancias, reclama\u00e7\u00f5es, cr\u00edticas, aprecia\u00e7\u00f5es, coment\u00e1rios, elogios, pedidos de informa\u00e7\u00f5es e sugest\u00f5es de cidad\u00e3os, entidades representativas, \u00f3rg\u00e3os p\u00fablicos e autoridades, bem como a obten\u00e7\u00e3o, por parte destes, de informa\u00e7\u00f5es sobre a\u00e7\u00f5es desenvolvidas pela Institui\u00e7\u00e3o.<\/p>\n\n\n\n<p>Importante ressaltar que as not\u00edcias de <strong>irregularidades<\/strong>, <strong>representa\u00e7\u00f5es<\/strong>, <strong>reclama\u00e7\u00f5es <\/strong>e <strong>den\u00fancias <\/strong>dever\u00e3o ser minimamente <strong>fundamentadas <\/strong>e, quando poss\u00edvel, acompanhadas de elementos de <strong>prova<\/strong>.<\/p>\n\n\n\n<p>O <strong>Ouvidor<\/strong>, ocupante de cargo do <strong>mais elevado grau da carreira<\/strong>, ser\u00e1 nomeado pelo Procurador-Geral de Justi\u00e7a, dentre integrantes de <strong>lista tr\u00edplice <\/strong>elaborada pelo Col\u00e9gio de Procuradores de Justi\u00e7a, para mandato de <strong>2 anos<\/strong>, permitida uma <strong>recondu\u00e7\u00e3o<\/strong>, observado igual procedimento.<\/p>\n\n\n\n<p>Durante o exerc\u00edcio do mandato, o <strong>Ouvidor <\/strong>ficar\u00e1 <strong>impedido<\/strong> de <strong>exercer outros cargos<\/strong> ou fun\u00e7\u00f5es no Minist\u00e9rio P\u00fablico, <strong>salvo <\/strong>as inerentes ao cargo de<strong> Procurador de Justi\u00e7a<\/strong>.<\/p>\n\n\n\n<h2 class=\"wp-block-heading\" id=\"h-finalizando\"><mark style=\"background-color:rgba(0, 0, 0, 0)\" class=\"has-inline-color has-vivid-cyan-blue-color\">Finalizando<\/mark><\/h2>\n\n\n\n<p>Bom, Pessoal! Chegamos ao final do resumo da <strong>Organiza\u00e7\u00e3o<\/strong> <strong>do MP-SC<\/strong>, na sua &nbsp;<strong>Lei Org\u00e2nica<\/strong> (<strong>Lei 738\/2019)<\/strong>.<\/p>\n\n\n\n<p>Contudo, ressaltamos a import\u00e2ncia da<strong>&nbsp;leitura da lei&nbsp;<\/strong>citada aqui, para a sua aprova\u00e7\u00e3o. Esse artigo \u00e9 apenas uma an\u00e1lise mais simplificada dessa norma.<\/p>\n\n\n\n<p>Caso queira se preparar para chegar&nbsp;<strong>competitivo&nbsp;<\/strong>nesta prova, invista nos&nbsp;<a href=\"https:\/\/www.estrategiaconcursos.com.br\/cursosPorConcurso\/ministerio-publico-de-santa-catarina-mp-sc-servidores\/\" target=\"_blank\" rel=\"noreferrer noopener\"><strong>cursos para o MP-SC<\/strong><\/a>&nbsp;do&nbsp;<strong>Estrat\u00e9gia Concursos<\/strong>.&nbsp;L\u00e1 voc\u00ea encontrar\u00e1&nbsp;<strong>aulas completas e detalhadas, com os melhores professores do mercado<\/strong>,&nbsp;de todos os t\u00f3picos exigidos no edital deste concurso.<\/p>\n\n\n\n<p>Conhe\u00e7a tamb\u00e9m o&nbsp;<a href=\"https:\/\/questoes.estrategiaconcursos.com.br\/\" target=\"_blank\" rel=\"noreferrer noopener\"><strong>Sistema de Quest\u00f5es do Estrat\u00e9gia<\/strong><\/a>. Afinal, a \u00fanica maneira de&nbsp;<strong>consolidar o conte\u00fado&nbsp;<\/strong>de maneira satisfat\u00f3ria \u00e9 atrav\u00e9s da&nbsp;<strong>resolu\u00e7\u00e3o de quest\u00f5es.<\/strong><\/p>\n\n\n\n<p>Bons estudos a todos e at\u00e9 a pr\u00f3xima!<\/p>\n\n\n\n<h2 class=\"has-text-align-center wp-block-heading\" id=\"h-cursos-e-assinaturas\">Cursos e Assinaturas <\/h2>\n\n\n\n<p>Prepare-se com o melhor material e com quem mais aprova em Concursos P\u00fablicos em todo o pa\u00eds!<\/p>\n\n\n\n<p class=\"has-text-align-center has-vivid-cyan-blue-color has-text-color has-background\" style=\"background-color:#0078bd\"><a href=\"https:\/\/www.estrategiaconcursos.com.br\/blog\/concursos-abertos\/\" target=\"_blank\" rel=\"noreferrer noopener\"><strong><span class=\"has-inline-color has-white-color\">Concursos abertos<\/span><\/strong><\/a><\/p>\n\n\n\n<p class=\"has-text-align-center has-vivid-cyan-blue-color has-text-color has-background\" style=\"background-color:#0072b4\"><strong><a href=\"https:\/\/www.estrategiaconcursos.com.br\/blog\/concursos-2022\/\" target=\"_blank\" rel=\"noreferrer noopener\"><span class=\"has-inline-color has-white-color\">Concursos 2022<\/span><\/a><\/strong><\/p>\n\n\n\n<div class=\"container\" id=\"boxes\">\n  <div class=\"row\">\n    <div class=\"col-sm\">\n      <div class=\"estrategia\" id=\"box-assinatura\">\n        <h3 class=\"titulo-assinatura\">Assinatura de Concursos<\/h3>\n        <p class=\"subtitulo-assinatura\">Assinatura de 1 ano ou 2 anos<\/p>\n        <div class=\"box-botao\">\n          <a class=\"btn-assinatura\" target=\"_blank\" href=\"https:\/\/www.estrategiaconcursos.com.br\/assinaturas\/\" role=\"button\" rel=\"noopener noreferrer\">ASSINE AGORA<\/a>\n        <\/div>\n      <\/div>\n      \n    <\/div><\/div><\/div>\n","protected":false},"excerpt":{"rendered":"<p>Veja neste artigo um resumo da Organiza\u00e7\u00e3o do MP-SC, na sua &nbsp;Lei Org\u00e2nica (Lei 738\/2019), para o concurso do&nbsp;Minist\u00e9rio P\u00fablico de Santa Catarina. Ol\u00e1, pessoal! Tudo joia? O concurso MP SC (Minist\u00e9rio P\u00fablico de Santa Catarina) est\u00e1 chegando. Est\u00e3o sendo ofertadas\u00a050 vagas\u00a0de\u00a0Auxiliar\u00a0e\u00a0Analista,\u00a0mais cadastro de reserva, com remunera\u00e7\u00e3o inicial de\u00a0R$ 6.233,73\u00a0e\u00a0R$ 8.040,06, respectivamente. Nada mal, n\u00e3o [&hellip;]<\/p>\n","protected":false},"author":1976,"featured_media":138200,"comment_status":"open","ping_status":"closed","sticky":false,"template":"","format":"standard","meta":{"post_tipo":"article","footnotes":""},"categories":[1,2185],"tags":[],"tax_estado":[219987],"class_list":["post-1018357","post","type-post","status-publish","format-standard","has-post-thumbnail","hentry","category-cursos-e-concursos","category-carreiras-juridicas","tax_estado-sc"],"acf":[],"yoast_head":"<!-- This site is optimized with the Yoast SEO Premium plugin v27.2 (Yoast SEO v27.2) - https:\/\/yoast.com\/product\/yoast-seo-premium-wordpress\/ -->\n<title>Lei Org\u00e2nica do MP-SC: A Organiza\u00e7\u00e3o do MP-SC na Lei 738\/2019<\/title>\n<meta name=\"description\" content=\"Veja aqui um resumo da Organiza\u00e7\u00e3o do MP-SC, na Lei Org\u00e2nica (Lei 738\/2019), para o concurso do\u00a0Minist\u00e9rio P\u00fablico de Santa Catarina\u00a0(MP-SC).\" \/>\n<meta name=\"robots\" content=\"index, follow, max-snippet:-1, max-image-preview:large, max-video-preview:-1\" \/>\n<link rel=\"canonical\" href=\"https:\/\/www.estrategiaconcursos.com.br\/blog\/lei-organica-mp-sc-organizacao\/\" \/>\n<meta property=\"og:locale\" content=\"pt_BR\" \/>\n<meta property=\"og:type\" content=\"article\" \/>\n<meta property=\"og:title\" content=\"Lei Org\u00e2nica do MP-SC: A Organiza\u00e7\u00e3o do MP-SC na Lei 738\/2019\" \/>\n<meta property=\"og:description\" content=\"Veja aqui um resumo da Organiza\u00e7\u00e3o do MP-SC, na Lei Org\u00e2nica (Lei 738\/2019), para o concurso do\u00a0Minist\u00e9rio P\u00fablico de Santa Catarina\u00a0(MP-SC).\" \/>\n<meta property=\"og:url\" content=\"https:\/\/www.estrategiaconcursos.com.br\/blog\/lei-organica-mp-sc-organizacao\/\" \/>\n<meta property=\"og:site_name\" content=\"Estrat\u00e9gia Concursos\" \/>\n<meta property=\"article:published_time\" content=\"2022-05-11T11:39:00+00:00\" \/>\n<meta property=\"article:modified_time\" content=\"2022-05-11T12:32:21+00:00\" \/>\n<meta property=\"og:image\" content=\"https:\/\/dhg1h5j42swfq.cloudfront.net\/2018\/08\/28115654\/concurso-mp-sc22-e1535468221493.jpg\" \/>\n\t<meta property=\"og:image:width\" content=\"400\" \/>\n\t<meta property=\"og:image:height\" content=\"256\" \/>\n\t<meta property=\"og:image:type\" content=\"image\/jpeg\" \/>\n<meta name=\"author\" content=\"Kassio Henrique Sobral Rocha\" \/>\n<meta name=\"twitter:card\" content=\"summary_large_image\" \/>\n<meta name=\"twitter:creator\" content=\"@EstratConcursos\" \/>\n<meta name=\"twitter:site\" content=\"@EstratConcursos\" \/>\n<meta name=\"twitter:label1\" content=\"Escrito por\" \/>\n\t<meta name=\"twitter:data1\" content=\"Kassio Henrique Sobral Rocha\" \/>\n\t<meta name=\"twitter:label2\" content=\"Est. tempo de leitura\" \/>\n\t<meta name=\"twitter:data2\" content=\"16 minutos\" \/>\n<script type=\"application\/ld+json\" class=\"yoast-schema-graph\">{\"@context\":\"https:\/\/schema.org\",\"@graph\":[{\"@type\":\"NewsArticle\",\"@id\":\"https:\/\/www.estrategiaconcursos.com.br\/blog\/lei-organica-mp-sc-organizacao\/#article\",\"isPartOf\":{\"@id\":\"https:\/\/www.estrategiaconcursos.com.br\/blog\/lei-organica-mp-sc-organizacao\/\"},\"author\":{\"name\":\"Kassio Henrique Sobral Rocha\",\"@id\":\"https:\/\/www.estrategiaconcursos.com.br\/blog\/#\/schema\/person\/f0c830e07cfe11c231c0ea5dbb036df5\"},\"headline\":\"Lei Org\u00e2nica do MP-SC: A Organiza\u00e7\u00e3o do MP-SC na Lei 738\/2019\",\"datePublished\":\"2022-05-11T11:39:00+00:00\",\"dateModified\":\"2022-05-11T12:32:21+00:00\",\"mainEntityOfPage\":{\"@id\":\"https:\/\/www.estrategiaconcursos.com.br\/blog\/lei-organica-mp-sc-organizacao\/\"},\"wordCount\":3376,\"commentCount\":0,\"publisher\":{\"@id\":\"https:\/\/www.estrategiaconcursos.com.br\/blog\/#organization\"},\"image\":{\"@id\":\"https:\/\/www.estrategiaconcursos.com.br\/blog\/lei-organica-mp-sc-organizacao\/#primaryimage\"},\"thumbnailUrl\":\"https:\/\/dhg1h5j42swfq.cloudfront.net\/2018\/08\/28115654\/concurso-mp-sc22-e1535468221493.jpg\",\"articleSection\":[\"Concursos P\u00fablicos\",\"Jur\u00eddico\"],\"inLanguage\":\"pt-BR\",\"potentialAction\":[{\"@type\":\"CommentAction\",\"name\":\"Comment\",\"target\":[\"https:\/\/www.estrategiaconcursos.com.br\/blog\/lei-organica-mp-sc-organizacao\/#respond\"]}],\"copyrightYear\":\"2022\",\"copyrightHolder\":{\"@id\":\"https:\/\/www.estrategiaconcursos.com.br\/blog\/#organization\"}},{\"@type\":\"WebPage\",\"@id\":\"https:\/\/www.estrategiaconcursos.com.br\/blog\/lei-organica-mp-sc-organizacao\/\",\"url\":\"https:\/\/www.estrategiaconcursos.com.br\/blog\/lei-organica-mp-sc-organizacao\/\",\"name\":\"Lei Org\u00e2nica do MP-SC: A Organiza\u00e7\u00e3o do MP-SC na Lei 738\/2019\",\"isPartOf\":{\"@id\":\"https:\/\/www.estrategiaconcursos.com.br\/blog\/#website\"},\"primaryImageOfPage\":{\"@id\":\"https:\/\/www.estrategiaconcursos.com.br\/blog\/lei-organica-mp-sc-organizacao\/#primaryimage\"},\"image\":{\"@id\":\"https:\/\/www.estrategiaconcursos.com.br\/blog\/lei-organica-mp-sc-organizacao\/#primaryimage\"},\"thumbnailUrl\":\"https:\/\/dhg1h5j42swfq.cloudfront.net\/2018\/08\/28115654\/concurso-mp-sc22-e1535468221493.jpg\",\"datePublished\":\"2022-05-11T11:39:00+00:00\",\"dateModified\":\"2022-05-11T12:32:21+00:00\",\"description\":\"Veja aqui um resumo da Organiza\u00e7\u00e3o do MP-SC, na Lei Org\u00e2nica (Lei 738\/2019), para o concurso do\u00a0Minist\u00e9rio P\u00fablico de Santa Catarina\u00a0(MP-SC).\",\"breadcrumb\":{\"@id\":\"https:\/\/www.estrategiaconcursos.com.br\/blog\/lei-organica-mp-sc-organizacao\/#breadcrumb\"},\"inLanguage\":\"pt-BR\",\"potentialAction\":[{\"@type\":\"ReadAction\",\"target\":[\"https:\/\/www.estrategiaconcursos.com.br\/blog\/lei-organica-mp-sc-organizacao\/\"]}]},{\"@type\":\"ImageObject\",\"inLanguage\":\"pt-BR\",\"@id\":\"https:\/\/www.estrategiaconcursos.com.br\/blog\/lei-organica-mp-sc-organizacao\/#primaryimage\",\"url\":\"https:\/\/dhg1h5j42swfq.cloudfront.net\/2018\/08\/28115654\/concurso-mp-sc22-e1535468221493.jpg\",\"contentUrl\":\"https:\/\/dhg1h5j42swfq.cloudfront.net\/2018\/08\/28115654\/concurso-mp-sc22-e1535468221493.jpg\",\"width\":400,\"height\":256,\"caption\":\"MP-SC na Lei Org\u00e2nica\"},{\"@type\":\"BreadcrumbList\",\"@id\":\"https:\/\/www.estrategiaconcursos.com.br\/blog\/lei-organica-mp-sc-organizacao\/#breadcrumb\",\"itemListElement\":[{\"@type\":\"ListItem\",\"position\":1,\"name\":\"In\u00edcio\",\"item\":\"https:\/\/www.estrategiaconcursos.com.br\/blog\/\"},{\"@type\":\"ListItem\",\"position\":2,\"name\":\"Lei Org\u00e2nica do MP-SC: A Organiza\u00e7\u00e3o do MP-SC na Lei 738\/2019\"}]},{\"@type\":\"WebSite\",\"@id\":\"https:\/\/www.estrategiaconcursos.com.br\/blog\/#website\",\"url\":\"https:\/\/www.estrategiaconcursos.com.br\/blog\/\",\"name\":\"Estrat\u00e9gia Concursos\",\"description\":\"O blog da Estrat\u00e9gia Concursos traz not\u00edcias sobre concursos e artigos de professores oferecendo cursos para concursos (pdf + videaulas) no site.\",\"publisher\":{\"@id\":\"https:\/\/www.estrategiaconcursos.com.br\/blog\/#organization\"},\"potentialAction\":[{\"@type\":\"SearchAction\",\"target\":{\"@type\":\"EntryPoint\",\"urlTemplate\":\"https:\/\/www.estrategiaconcursos.com.br\/blog\/?s={search_term_string}\"},\"query-input\":{\"@type\":\"PropertyValueSpecification\",\"valueRequired\":true,\"valueName\":\"search_term_string\"}}],\"inLanguage\":\"pt-BR\"},{\"@type\":\"Organization\",\"@id\":\"https:\/\/www.estrategiaconcursos.com.br\/blog\/#organization\",\"name\":\"Estrat\u00e9gia Concursos\",\"url\":\"https:\/\/www.estrategiaconcursos.com.br\/blog\/\",\"logo\":{\"@type\":\"ImageObject\",\"inLanguage\":\"pt-BR\",\"@id\":\"https:\/\/www.estrategiaconcursos.com.br\/blog\/#\/schema\/logo\/image\/\",\"url\":\"https:\/\/dhg1h5j42swfq.cloudfront.net\/2025\/06\/03203428\/logo_concursos-1.jpg\",\"contentUrl\":\"https:\/\/dhg1h5j42swfq.cloudfront.net\/2025\/06\/03203428\/logo_concursos-1.jpg\",\"width\":230,\"height\":60,\"caption\":\"Estrat\u00e9gia Concursos\"},\"image\":{\"@id\":\"https:\/\/www.estrategiaconcursos.com.br\/blog\/#\/schema\/logo\/image\/\"},\"sameAs\":[\"https:\/\/x.com\/EstratConcursos\"]},{\"@type\":\"Person\",\"@id\":\"https:\/\/www.estrategiaconcursos.com.br\/blog\/#\/schema\/person\/f0c830e07cfe11c231c0ea5dbb036df5\",\"name\":\"Kassio Henrique Sobral Rocha\",\"image\":{\"@type\":\"ImageObject\",\"inLanguage\":\"pt-BR\",\"@id\":\"https:\/\/secure.gravatar.com\/avatar\/d10350cbdad043facd8ec77a377f86f9026afee3348e463b04854fd4490ce759?s=96&d=mm&r=g\",\"url\":\"https:\/\/secure.gravatar.com\/avatar\/d10350cbdad043facd8ec77a377f86f9026afee3348e463b04854fd4490ce759?s=96&d=mm&r=g\",\"contentUrl\":\"https:\/\/secure.gravatar.com\/avatar\/d10350cbdad043facd8ec77a377f86f9026afee3348e463b04854fd4490ce759?s=96&d=mm&r=g\",\"caption\":\"Kassio Henrique Sobral Rocha\"},\"url\":\"https:\/\/www.estrategiaconcursos.com.br\/blog\/author\/kassio-rochayahoo-com-br\/\"}]}<\/script>\n<!-- \/ Yoast SEO Premium plugin. -->","yoast_head_json":{"title":"Lei Org\u00e2nica do MP-SC: A Organiza\u00e7\u00e3o do MP-SC na Lei 738\/2019","description":"Veja aqui um resumo da Organiza\u00e7\u00e3o do MP-SC, na Lei Org\u00e2nica (Lei 738\/2019), para o concurso do\u00a0Minist\u00e9rio P\u00fablico de Santa Catarina\u00a0(MP-SC).","robots":{"index":"index","follow":"follow","max-snippet":"max-snippet:-1","max-image-preview":"max-image-preview:large","max-video-preview":"max-video-preview:-1"},"canonical":"https:\/\/www.estrategiaconcursos.com.br\/blog\/lei-organica-mp-sc-organizacao\/","og_locale":"pt_BR","og_type":"article","og_title":"Lei Org\u00e2nica do MP-SC: A Organiza\u00e7\u00e3o do MP-SC na Lei 738\/2019","og_description":"Veja aqui um resumo da Organiza\u00e7\u00e3o do MP-SC, na Lei Org\u00e2nica (Lei 738\/2019), para o concurso do\u00a0Minist\u00e9rio P\u00fablico de Santa Catarina\u00a0(MP-SC).","og_url":"https:\/\/www.estrategiaconcursos.com.br\/blog\/lei-organica-mp-sc-organizacao\/","og_site_name":"Estrat\u00e9gia Concursos","article_published_time":"2022-05-11T11:39:00+00:00","article_modified_time":"2022-05-11T12:32:21+00:00","og_image":[{"width":400,"height":256,"url":"https:\/\/dhg1h5j42swfq.cloudfront.net\/2018\/08\/28115654\/concurso-mp-sc22-e1535468221493.jpg","type":"image\/jpeg"}],"author":"Kassio Henrique Sobral Rocha","twitter_card":"summary_large_image","twitter_creator":"@EstratConcursos","twitter_site":"@EstratConcursos","twitter_misc":{"Escrito por":"Kassio Henrique Sobral Rocha","Est. tempo de leitura":"16 minutos"},"schema":{"@context":"https:\/\/schema.org","@graph":[{"@type":"NewsArticle","@id":"https:\/\/www.estrategiaconcursos.com.br\/blog\/lei-organica-mp-sc-organizacao\/#article","isPartOf":{"@id":"https:\/\/www.estrategiaconcursos.com.br\/blog\/lei-organica-mp-sc-organizacao\/"},"author":{"name":"Kassio Henrique Sobral Rocha","@id":"https:\/\/www.estrategiaconcursos.com.br\/blog\/#\/schema\/person\/f0c830e07cfe11c231c0ea5dbb036df5"},"headline":"Lei Org\u00e2nica do MP-SC: A Organiza\u00e7\u00e3o do MP-SC na Lei 738\/2019","datePublished":"2022-05-11T11:39:00+00:00","dateModified":"2022-05-11T12:32:21+00:00","mainEntityOfPage":{"@id":"https:\/\/www.estrategiaconcursos.com.br\/blog\/lei-organica-mp-sc-organizacao\/"},"wordCount":3376,"commentCount":0,"publisher":{"@id":"https:\/\/www.estrategiaconcursos.com.br\/blog\/#organization"},"image":{"@id":"https:\/\/www.estrategiaconcursos.com.br\/blog\/lei-organica-mp-sc-organizacao\/#primaryimage"},"thumbnailUrl":"https:\/\/dhg1h5j42swfq.cloudfront.net\/2018\/08\/28115654\/concurso-mp-sc22-e1535468221493.jpg","articleSection":["Concursos P\u00fablicos","Jur\u00eddico"],"inLanguage":"pt-BR","potentialAction":[{"@type":"CommentAction","name":"Comment","target":["https:\/\/www.estrategiaconcursos.com.br\/blog\/lei-organica-mp-sc-organizacao\/#respond"]}],"copyrightYear":"2022","copyrightHolder":{"@id":"https:\/\/www.estrategiaconcursos.com.br\/blog\/#organization"}},{"@type":"WebPage","@id":"https:\/\/www.estrategiaconcursos.com.br\/blog\/lei-organica-mp-sc-organizacao\/","url":"https:\/\/www.estrategiaconcursos.com.br\/blog\/lei-organica-mp-sc-organizacao\/","name":"Lei Org\u00e2nica do MP-SC: A Organiza\u00e7\u00e3o do MP-SC na Lei 738\/2019","isPartOf":{"@id":"https:\/\/www.estrategiaconcursos.com.br\/blog\/#website"},"primaryImageOfPage":{"@id":"https:\/\/www.estrategiaconcursos.com.br\/blog\/lei-organica-mp-sc-organizacao\/#primaryimage"},"image":{"@id":"https:\/\/www.estrategiaconcursos.com.br\/blog\/lei-organica-mp-sc-organizacao\/#primaryimage"},"thumbnailUrl":"https:\/\/dhg1h5j42swfq.cloudfront.net\/2018\/08\/28115654\/concurso-mp-sc22-e1535468221493.jpg","datePublished":"2022-05-11T11:39:00+00:00","dateModified":"2022-05-11T12:32:21+00:00","description":"Veja aqui um resumo da Organiza\u00e7\u00e3o do MP-SC, na Lei Org\u00e2nica (Lei 738\/2019), para o concurso do\u00a0Minist\u00e9rio P\u00fablico de Santa Catarina\u00a0(MP-SC).","breadcrumb":{"@id":"https:\/\/www.estrategiaconcursos.com.br\/blog\/lei-organica-mp-sc-organizacao\/#breadcrumb"},"inLanguage":"pt-BR","potentialAction":[{"@type":"ReadAction","target":["https:\/\/www.estrategiaconcursos.com.br\/blog\/lei-organica-mp-sc-organizacao\/"]}]},{"@type":"ImageObject","inLanguage":"pt-BR","@id":"https:\/\/www.estrategiaconcursos.com.br\/blog\/lei-organica-mp-sc-organizacao\/#primaryimage","url":"https:\/\/dhg1h5j42swfq.cloudfront.net\/2018\/08\/28115654\/concurso-mp-sc22-e1535468221493.jpg","contentUrl":"https:\/\/dhg1h5j42swfq.cloudfront.net\/2018\/08\/28115654\/concurso-mp-sc22-e1535468221493.jpg","width":400,"height":256,"caption":"MP-SC na Lei Org\u00e2nica"},{"@type":"BreadcrumbList","@id":"https:\/\/www.estrategiaconcursos.com.br\/blog\/lei-organica-mp-sc-organizacao\/#breadcrumb","itemListElement":[{"@type":"ListItem","position":1,"name":"In\u00edcio","item":"https:\/\/www.estrategiaconcursos.com.br\/blog\/"},{"@type":"ListItem","position":2,"name":"Lei Org\u00e2nica do MP-SC: A Organiza\u00e7\u00e3o do MP-SC na Lei 738\/2019"}]},{"@type":"WebSite","@id":"https:\/\/www.estrategiaconcursos.com.br\/blog\/#website","url":"https:\/\/www.estrategiaconcursos.com.br\/blog\/","name":"Estrat\u00e9gia Concursos","description":"O blog da Estrat\u00e9gia Concursos traz not\u00edcias sobre concursos e artigos de professores oferecendo cursos para concursos (pdf + videaulas) no site.","publisher":{"@id":"https:\/\/www.estrategiaconcursos.com.br\/blog\/#organization"},"potentialAction":[{"@type":"SearchAction","target":{"@type":"EntryPoint","urlTemplate":"https:\/\/www.estrategiaconcursos.com.br\/blog\/?s={search_term_string}"},"query-input":{"@type":"PropertyValueSpecification","valueRequired":true,"valueName":"search_term_string"}}],"inLanguage":"pt-BR"},{"@type":"Organization","@id":"https:\/\/www.estrategiaconcursos.com.br\/blog\/#organization","name":"Estrat\u00e9gia Concursos","url":"https:\/\/www.estrategiaconcursos.com.br\/blog\/","logo":{"@type":"ImageObject","inLanguage":"pt-BR","@id":"https:\/\/www.estrategiaconcursos.com.br\/blog\/#\/schema\/logo\/image\/","url":"https:\/\/dhg1h5j42swfq.cloudfront.net\/2025\/06\/03203428\/logo_concursos-1.jpg","contentUrl":"https:\/\/dhg1h5j42swfq.cloudfront.net\/2025\/06\/03203428\/logo_concursos-1.jpg","width":230,"height":60,"caption":"Estrat\u00e9gia Concursos"},"image":{"@id":"https:\/\/www.estrategiaconcursos.com.br\/blog\/#\/schema\/logo\/image\/"},"sameAs":["https:\/\/x.com\/EstratConcursos"]},{"@type":"Person","@id":"https:\/\/www.estrategiaconcursos.com.br\/blog\/#\/schema\/person\/f0c830e07cfe11c231c0ea5dbb036df5","name":"Kassio Henrique Sobral Rocha","image":{"@type":"ImageObject","inLanguage":"pt-BR","@id":"https:\/\/secure.gravatar.com\/avatar\/d10350cbdad043facd8ec77a377f86f9026afee3348e463b04854fd4490ce759?s=96&d=mm&r=g","url":"https:\/\/secure.gravatar.com\/avatar\/d10350cbdad043facd8ec77a377f86f9026afee3348e463b04854fd4490ce759?s=96&d=mm&r=g","contentUrl":"https:\/\/secure.gravatar.com\/avatar\/d10350cbdad043facd8ec77a377f86f9026afee3348e463b04854fd4490ce759?s=96&d=mm&r=g","caption":"Kassio Henrique Sobral Rocha"},"url":"https:\/\/www.estrategiaconcursos.com.br\/blog\/author\/kassio-rochayahoo-com-br\/"}]}},"_links":{"self":[{"href":"https:\/\/www.estrategiaconcursos.com.br\/blog\/wp-json\/wp\/v2\/posts\/1018357","targetHints":{"allow":["GET"]}}],"collection":[{"href":"https:\/\/www.estrategiaconcursos.com.br\/blog\/wp-json\/wp\/v2\/posts"}],"about":[{"href":"https:\/\/www.estrategiaconcursos.com.br\/blog\/wp-json\/wp\/v2\/types\/post"}],"author":[{"embeddable":true,"href":"https:\/\/www.estrategiaconcursos.com.br\/blog\/wp-json\/wp\/v2\/users\/1976"}],"replies":[{"embeddable":true,"href":"https:\/\/www.estrategiaconcursos.com.br\/blog\/wp-json\/wp\/v2\/comments?post=1018357"}],"version-history":[{"count":12,"href":"https:\/\/www.estrategiaconcursos.com.br\/blog\/wp-json\/wp\/v2\/posts\/1018357\/revisions"}],"predecessor-version":[{"id":1025862,"href":"https:\/\/www.estrategiaconcursos.com.br\/blog\/wp-json\/wp\/v2\/posts\/1018357\/revisions\/1025862"}],"wp:featuredmedia":[{"embeddable":true,"href":"https:\/\/www.estrategiaconcursos.com.br\/blog\/wp-json\/wp\/v2\/media\/138200"}],"wp:attachment":[{"href":"https:\/\/www.estrategiaconcursos.com.br\/blog\/wp-json\/wp\/v2\/media?parent=1018357"}],"wp:term":[{"taxonomy":"category","embeddable":true,"href":"https:\/\/www.estrategiaconcursos.com.br\/blog\/wp-json\/wp\/v2\/categories?post=1018357"},{"taxonomy":"post_tag","embeddable":true,"href":"https:\/\/www.estrategiaconcursos.com.br\/blog\/wp-json\/wp\/v2\/tags?post=1018357"},{"taxonomy":"tax_estado","embeddable":true,"href":"https:\/\/www.estrategiaconcursos.com.br\/blog\/wp-json\/wp\/v2\/tax_estado?post=1018357"}],"curies":[{"name":"wp","href":"https:\/\/api.w.org\/{rel}","templated":true}]}}