{"id":1018335,"date":"2022-04-29T18:00:00","date_gmt":"2022-04-29T21:00:00","guid":{"rendered":"https:\/\/www.estrategiaconcursos.com.br\/blog\/?p=1018335"},"modified":"2022-05-06T11:58:19","modified_gmt":"2022-05-06T14:58:19","slug":"concurso-publico-editais-da-semana-25-a-29-04","status":"publish","type":"post","link":"https:\/\/www.estrategiaconcursos.com.br\/blog\/concurso-publico-editais-da-semana-25-a-29-04\/","title":{"rendered":"Concurso P\u00fablico: 21 editais esta semana; Mais de 5.3 mil vagas"},"content":{"rendered":"\n<p>A \u00faltima semana de abril foi intensa e recheada de editais de concurso nas mais<strong> diversas \u00e1reas<\/strong>.<\/p>\n\n\n\n<p>S\u00e3o <strong>5.377 vagas<\/strong> imediatas e em cadastro reserva para todas as escolaridades e localidades do pa\u00eds.<\/p>\n\n\n\n<p>Quer ficar informado sobre os <a href=\"https:\/\/www.estrategiaconcursos.com.br\/blog\/concursos-abertos\/\" target=\"_blank\" rel=\"noreferrer noopener\">novos editais de concursos<\/a> publicados nos \u00faltimos dias? <em><strong>Confira mais informa\u00e7\u00f5es ao longo deste artigo!<\/strong><\/em>  <\/p>\n\n\n\n<div class=\"container\" id=\"boxes\">\n  <div class=\"row\">\n\n    <div class=\"col-sm\">\n      <div class=\"banner-estrategia\" id=\"box-assinatura\">\n        <h3 class=\"titulo-assinatura\">Cursos para concursos<\/h3>\n        <p class=\"subtitulo-assinatura\">Estude conosco<\/p>\n        <div class=\"box-botao\">\n          <a class=\"btn-assinatura\" target=\"_blank\" href=\"https:\/\/www.estrategiaconcursos.com.br\/cursos\/\" role=\"button\" rel=\"noopener noreferrer\">Conhe\u00e7a os cursos<\/a>\n        <\/div>\n      <\/div>\n     \n    <\/div>\n\n  <\/div>\n<\/div>\n\n\n\n<h2 class=\"has-text-align-center has-cyan-bluish-gray-background-color has-background wp-block-heading\" id=\"h-confira-os-editais-de-concursos-publicados-nesta-semana\">Confira os editais de concursos publicados nesta semana:<\/h2>\n\n\n\n<h3 class=\"wp-block-heading\" id=\"concurso-prefeitura-de-cascavel-pr\"><a href=\"https:\/\/www.estrategiaconcursos.com.br\/blog\/concurso-pericia-oficial-al\/\" target=\"_blank\" rel=\"noreferrer noopener\">Concurso Per\u00edcia AL<\/a><\/h3>\n\n\n\n<ul class=\"wp-block-list\"><li><strong>Banca:<\/strong>&nbsp;Cebraspe<\/li><li><strong>Per\u00edodo de inscri\u00e7\u00f5es<\/strong>: 16\/05 a 24\/06\/2022<\/li><li><strong>Data da prova<\/strong>: 31\/07\/2022<\/li><li><strong>Vagas:<\/strong>&nbsp;121 + CR<\/li><li><strong>Cargo:<\/strong>&nbsp;V\u00e1rios<\/li><li><strong>Remunera\u00e7\u00e3o<\/strong>: R$ 2.760,83 a R$ 9.646,81<\/li><li><strong>Edital:<\/strong>&nbsp;<a href=\"https:\/\/dhg1h5j42swfq.cloudfront.net\/2022\/04\/28051840\/policia-28-04.pdf\" target=\"_blank\" rel=\"noreferrer noopener nofollow\">Per\u00edcia AL 2022<\/a><\/li><li><strong>Cursos:<\/strong>&nbsp;<a href=\"https:\/\/www.estrategiaconcursos.com.br\/cursosPorConcurso\/pericia-oficial-do-estado-de-alagoas-poal\/\" target=\"_blank\" rel=\"noreferrer noopener\">Per\u00edcia AL<\/a><\/li><\/ul>\n\n\n\n<h3 class=\"wp-block-heading\" id=\"concurso-prefeitura-de-cascavel-pr\"><a href=\"https:\/\/www.estrategiaconcursos.com.br\/blog\/concurso-bombeiro-ap\/\" target=\"_blank\" rel=\"noreferrer noopener\">Concurso Bombeiro AP<\/a><\/h3>\n\n\n\n<ul class=\"wp-block-list\"><li><strong>Banca:<\/strong>&nbsp;FCC<\/li><li><strong>Per\u00edodo de inscri\u00e7\u00f5es<\/strong>:&nbsp;09\/05 a 10\/06\/2022<\/li><li><strong>Data da prova<\/strong>: 24\/07\/2022<\/li><li><strong>Vagas:<\/strong>&nbsp;1.500 CR<\/li><li><strong>Cargo:<\/strong>&nbsp;Soldado<\/li><li><strong>Remunera\u00e7\u00e3o<\/strong>: R$ 5.313,18 (ap\u00f3s curso de forma\u00e7\u00e3o)<\/li><li><strong>Edital:<\/strong>&nbsp;<a href=\"https:\/\/dhg1h5j42swfq.cloudfront.net\/2022\/04\/28115912\/edital_bmap_n0_01-2022_28-04-22_publicar.pdf\" target=\"_blank\" rel=\"noreferrer noopener nofollow\">Bombeiro AP 2022<\/a><\/li><li><strong>Cursos:<\/strong>&nbsp;<a href=\"https:\/\/www.estrategiaconcursos.com.br\/cursosPorConcurso\/cursos-para-concursos-policiais\/\" target=\"_blank\" rel=\"noreferrer noopener\">CBM AP<\/a><\/li><\/ul>\n\n\n\n<h3 class=\"wp-block-heading\" id=\"concurso-prefeitura-de-cascavel-pr\"><a href=\"https:\/\/www.estrategiaconcursos.com.br\/blog\/concurso-pm-ap\/\" target=\"_blank\" rel=\"noreferrer noopener\">Concurso PM AP<\/a><\/h3>\n\n\n\n<ul class=\"wp-block-list\"><li><strong>Banca:<\/strong>&nbsp;FCC<\/li><li><strong>Per\u00edodo de inscri\u00e7\u00f5es<\/strong>:&nbsp;02\/05 a 03\/06\/2022<\/li><li><strong>Data da prova<\/strong>: 17\/07\/2022<\/li><li><strong>Vagas:<\/strong>&nbsp;2.500 CR<\/li><li><strong>Cargo:<\/strong>&nbsp;Soldado<\/li><li><strong>Remunera\u00e7\u00e3o<\/strong>: R$ 5.313,18 (ap\u00f3s curso de forma\u00e7\u00e3o)<\/li><li><strong>Edital:<\/strong>&nbsp;<a href=\"https:\/\/dhg1h5j42swfq.cloudfront.net\/2022\/04\/28155142\/edital_pm_n0_01-2022_28-04-2022__1__publicar-1.pdf\" target=\"_blank\" rel=\"noreferrer noopener nofollow\">PM AP 2022<\/a><\/li><li><strong>Cursos:<\/strong>&nbsp;<a href=\"https:\/\/www.estrategiaconcursos.com.br\/cursosPorConcurso\/policia-militar-ap\/\" target=\"_blank\" rel=\"noreferrer noopener\">PM AP<\/a><\/li><\/ul>\n\n\n\n<h3 class=\"wp-block-heading\" id=\"concurso-prefeitura-de-cascavel-pr\"><a href=\"https:\/\/www.estrategiaconcursos.com.br\/blog\/concurso-agergs\/\" target=\"_blank\" rel=\"noreferrer noopener\">Concurso AGERGS<\/a>&nbsp;(RS)<\/h3>\n\n\n\n<ul class=\"wp-block-list\"><li><strong>Banca:<\/strong>&nbsp;Fundatec<\/li><li><strong>Per\u00edodo de inscri\u00e7\u00f5es<\/strong>:&nbsp;at\u00e9 27\/05\/2022<\/li><li><strong>Data da prova<\/strong>: 17\/07\/2022<\/li><li><strong>Vagas:<\/strong>&nbsp;15<\/li><li><strong>Cargo:<\/strong>&nbsp;Auxiliar T\u00e9cnico e T\u00e9cnico Superior<\/li><li><strong>Remunera\u00e7\u00e3o<\/strong>:&nbsp;R$ 1.170,45 a R$ 5.125,30<\/li><li><strong>Edital:<\/strong>&nbsp;<a href=\"https:\/\/dhg1h5j42swfq.cloudfront.net\/2022\/04\/28110950\/edital_abertura_655626a9dec1d306.pdf\" target=\"_blank\" rel=\"noreferrer noopener nofollow\">Edital AGERGS 2022<\/a><\/li><li><strong>Cursos:<\/strong>&nbsp;<a href=\"https:\/\/www.estrategiaconcursos.com.br\/cursosPorConcurso\/agencia-estadual-de-regulacao-dos-servicos-publicos-delegados-do-rio-grande-do-sul-agergs\/\" target=\"_blank\" rel=\"noreferrer noopener\">AGERGS<\/a><\/li><\/ul>\n\n\n\n<h3 class=\"wp-block-heading\" id=\"concurso-prefeitura-de-cascavel-pr\"><a href=\"https:\/\/www.estrategiaconcursos.com.br\/blog\/concurso-mp-go\/\" target=\"_blank\" rel=\"noreferrer noopener\">Concurso MP GO<\/a><\/h3>\n\n\n\n<ul class=\"wp-block-list\"><li><strong>Banca:<\/strong>&nbsp;organiza\u00e7\u00e3o pr\u00f3pria<\/li><li><strong>Per\u00edodo de inscri\u00e7\u00f5es<\/strong>:&nbsp;at\u00e9 28\/05\/2022<\/li><li><strong>Data da prova<\/strong>: 14\/08, 28\/08 e 25\/09\/2022<\/li><li><strong>Vagas:<\/strong>&nbsp;04<\/li><li><strong>Cargo:<\/strong>&nbsp;Secret\u00e1rio Auxiliar e Oficial de Promotoria<\/li><li><strong>Remunera\u00e7\u00e3o<\/strong>:&nbsp;R$ 3.549,56<\/li><li><strong>Edital:<\/strong>&nbsp;<a href=\"https:\/\/dhg1h5j42swfq.cloudfront.net\/2022\/04\/28205227\/edital-mpgo-secretario-e-oficial.pdf\" target=\"_blank\" rel=\"noreferrer noopener nofollow\">MPGO 2022 \u2013 Secret\u00e1rio e Oficial<\/a><\/li><li><strong>Cursos:<\/strong>&nbsp;<a href=\"https:\/\/www.estrategiaconcursos.com.br\/cursosPorConcurso\/mp-go-182\/\" target=\"_blank\" rel=\"noreferrer noopener\">MP GO<\/a><\/li><\/ul>\n\n\n\n<h3 class=\"wp-block-heading\" id=\"concurso-prefeitura-de-cascavel-pr\"><a href=\"https:\/\/cj.estrategia.com\/portal\/concurso-magistratura-ma\/\" target=\"_blank\" rel=\"noreferrer noopener\">Concurso Magistratura MA<\/a><\/h3>\n\n\n\n<ul class=\"wp-block-list\"><li><strong>Banca:<\/strong>&nbsp;Cebraspe<\/li><li><strong>Per\u00edodo de inscri\u00e7\u00f5es<\/strong>:&nbsp;at\u00e9 26\/05\/2022<\/li><li><strong>Data da prova<\/strong>: 17\/07\/2022<\/li><li><strong>Vagas:<\/strong>&nbsp;15 + CR<\/li><li><strong>Cargo:<\/strong>&nbsp;Juiz Substituto<\/li><li><strong>Remunera\u00e7\u00e3o<\/strong>:&nbsp;R$ 30.404,47&nbsp;<\/li><li><strong>Edital:<\/strong>&nbsp;<a href=\"https:\/\/dhg1h5j42swfq.cloudfront.net\/2022\/04\/25162523\/edital_112022_25_04_2022_18_12_39.pdf\" target=\"_blank\" rel=\"noreferrer noopener nofollow\">Edital TJ MA 2022<\/a><\/li><li><strong>Cursos:<\/strong>&nbsp;<a href=\"https:\/\/www.estrategiaconcursos.com.br\/cursosPorConcurso\/tj-ma-tribunal-de-justica-do-estado-do-maranhao-juiz-substituto\/\" target=\"_blank\" rel=\"noreferrer noopener\">Juiz MA<\/a><\/li><\/ul>\n\n\n\n<h3 class=\"wp-block-heading\" id=\"concurso-prefeitura-de-cascavel-pr\"><a href=\"https:\/\/cj.estrategia.com\/portal\/pss-tj-rj-juiz-leigo\/\" target=\"_blank\" rel=\"noreferrer noopener\">Concurso Juiz Leigo RJ<\/a><\/h3>\n\n\n\n<ul class=\"wp-block-list\"><li><strong>Banca:<\/strong>&nbsp;Vunesp<\/li><li><strong>Per\u00edodo de inscri\u00e7\u00f5es<\/strong>:&nbsp;02 a 19\/05\/2022<\/li><li><strong>Data da prova<\/strong>: 03\/07\/2022<\/li><li><strong>Vagas:<\/strong>&nbsp;250<\/li><li><strong>Cargo:<\/strong>&nbsp;Juiz Leigo<\/li><li><strong>Remunera\u00e7\u00e3o<\/strong>:&nbsp;R$ 26,00 por ato homologado<\/li><li><strong>Edital:<\/strong>&nbsp;<a href=\"https:\/\/www.vunesp.com.br\/TJRJ2101\" target=\"_blank\" rel=\"noreferrer noopener\">Edital&nbsp;PSS TJ RJ Juiz Leigo<\/a><\/li><li><strong>Cursos:<\/strong>&nbsp;<a href=\"https:\/\/www.estrategiaconcursos.com.br\/assinaturas-magistratura\/\" target=\"_blank\" rel=\"noreferrer noopener\">Juiz RJ<\/a><\/li><\/ul>\n\n\n\n<h3 class=\"wp-block-heading\" id=\"concurso-prefeitura-de-cascavel-pr\"><a href=\"https:\/\/www.estrategiaconcursos.com.br\/blog\/concurso-campinas-saude\/\" target=\"_blank\" rel=\"noreferrer noopener\">Concurso Prefeitura de Campinas<\/a> (SP)<\/h3>\n\n\n\n<ul class=\"wp-block-list\"><li><strong>Banca:<\/strong>&nbsp;Vunesp<\/li><li><strong>Per\u00edodo de inscri\u00e7\u00f5es<\/strong>:&nbsp;11\/05 a 13\/06\/2022<\/li><li><strong>Data da prova<\/strong>: 17\/07\/2022<\/li><li><strong>Vagas:<\/strong>&nbsp;70<\/li><li><strong>Cargo:<\/strong>&nbsp;M\u00e9dico (v\u00e1rias especialidades)<\/li><li><strong>Remunera\u00e7\u00e3o<\/strong>:&nbsp;R$ 2.897,76 a R$ 8.693,40<\/li><li><strong>Edital:<\/strong>&nbsp;<a href=\"https:\/\/dhg1h5j42swfq.cloudfront.net\/2022\/04\/29151958\/campinas-saude.pdf\" target=\"_blank\" rel=\"noreferrer noopener nofollow\">Campinas Sa\u00fade<\/a><\/li><li><strong>Cursos:<\/strong>&nbsp;<a href=\"https:\/\/www.estrategiaconcursos.com.br\/cursos\/concurso\/\" target=\"_blank\" rel=\"noreferrer noopener\">Campinas<\/a><\/li><\/ul>\n\n\n\n<h3 class=\"wp-block-heading\" id=\"concurso-prefeitura-de-cascavel-pr\"><a href=\"https:\/\/www.estrategiaconcursos.com.br\/blog\/concurso-apucarana-pr\/\" target=\"_blank\" rel=\"noreferrer noopener\">Concurso Prefeitura de Apucarana<\/a> (PR)<\/h3>\n\n\n\n<ul class=\"wp-block-list\"><li><strong>Banca:<\/strong>&nbsp;FAUEL<\/li><li><strong>Per\u00edodo de inscri\u00e7\u00f5es<\/strong>:&nbsp;03 a 17\/05\/2022<\/li><li><strong>Data da prova<\/strong>: 12\/06\/2022<\/li><li><strong>Vagas:<\/strong>&nbsp;93<\/li><li><strong>Cargo:<\/strong>&nbsp;V\u00e1rios<\/li><li><strong>Remunera\u00e7\u00e3o<\/strong>:&nbsp;R$ 1.398,09 a R$ 7.201,54<\/li><li><strong>Edital:<\/strong>&nbsp;<a href=\"https:\/\/dhg1h5j42swfq.cloudfront.net\/2022\/04\/29110317\/apucarana_cp_ed_017_2022_edital_abertura.pdf\" target=\"_blank\" rel=\"noreferrer noopener nofollow\">Prefeitura de Apucarana 2022<\/a><\/li><li><strong>Cursos:<\/strong>&nbsp;<a href=\"https:\/\/www.estrategiaconcursos.com.br\/cursos\/\" target=\"_blank\" rel=\"noreferrer noopener\">Apucarana<\/a><\/li><\/ul>\n\n\n\n<h3 class=\"wp-block-heading\" id=\"concurso-prefeitura-de-cascavel-pr\"><a href=\"https:\/\/www.estrategiaconcursos.com.br\/blog\/concurso-piracicaba-saude\/\" target=\"_blank\" rel=\"noreferrer noopener\">Concurso Prefeitura de Piracicaba<\/a>&nbsp;(SP)<\/h3>\n\n\n\n<ul class=\"wp-block-list\"><li><strong>Banca:<\/strong>&nbsp;Vunesp<\/li><li><strong>Per\u00edodo de inscri\u00e7\u00f5es<\/strong>:&nbsp;04\/05 a 06\/06\/2022<\/li><li><strong>Data da prova<\/strong>: 17\/07\/2022<\/li><li><strong>Vagas:<\/strong>&nbsp;68<\/li><li><strong>Cargo:<\/strong>&nbsp;Agente Comunit\u00e1rio de Sa\u00fade<\/li><li><strong>Remunera\u00e7\u00e3o<\/strong>:&nbsp;R$ 1.778,60<\/li><li><strong>Edital:<\/strong>&nbsp;<a href=\"https:\/\/dhg1h5j42swfq.cloudfront.net\/2022\/04\/25135820\/edital-piracicaba-saude.pdf\" target=\"_blank\" rel=\"noreferrer noopener nofollow\">Piracicaba Sa\u00fade ACS<\/a><\/li><li><strong>Cursos:<\/strong>&nbsp;<a href=\"https:\/\/www.estrategiaconcursos.com.br\/cursosPorConcurso\/cursos-da-saude\/\" target=\"_blank\" rel=\"noreferrer noopener\">Piracicaba<\/a><\/li><\/ul>\n\n\n\n<h3 class=\"wp-block-heading\" id=\"concurso-prefeitura-de-cascavel-pr\"><a href=\"https:\/\/www.estrategiaconcursos.com.br\/blog\/concurso-cau-sc\/\" target=\"_blank\" rel=\"noreferrer noopener\">Concurso CAU SC<\/a><\/h3>\n\n\n\n<ul class=\"wp-block-list\"><li><strong>Banca:<\/strong>&nbsp;Quadrix<\/li><li><strong>Per\u00edodo de inscri\u00e7\u00f5es<\/strong>:&nbsp;at\u00e9 06\/06\/2022<\/li><li><strong>Data da prova<\/strong>: 10\/07\/2022<\/li><li><strong>Vagas:<\/strong>&nbsp;1 + CR<\/li><li><strong>Cargo:<\/strong>&nbsp;V\u00e1rios<\/li><li><strong>Remunera\u00e7\u00e3o<\/strong>:&nbsp;R$ 3.134,07 a R$ 9.440,97<\/li><li><strong>Edital:<\/strong>&nbsp;<a href=\"http:\/\/www.quadrix.org.br\/web\/visualizar.html?file=http:\/\/www.quadrix.org.br\/Archives\/General\/25898\/26298\/26300\/B1188F265FEC\/1_CAU-SC_concurso_publico_2022_edital_1.pdf\" target=\"_blank\" rel=\"noreferrer noopener\">Edital CAU SP<\/a><\/li><li><strong>Cursos:<\/strong>&nbsp;<a href=\"https:\/\/www.estrategiaconcursos.com.br\/cursosPorConcurso\/conselho-de-arquitetura-e-urbanismo-de-santa-catarina-cau-sc\/\" target=\"_blank\" rel=\"noreferrer noopener\">CAU SC<\/a><\/li><\/ul>\n\n\n\n<h3 class=\"wp-block-heading\" id=\"concurso-prefeitura-de-cascavel-pr\"><a href=\"https:\/\/www.estrategiaconcursos.com.br\/blog\/concurso-ifrs\/\" target=\"_blank\" rel=\"noreferrer noopener\">Concurso IFRS<\/a><\/h3>\n\n\n\n<ul class=\"wp-block-list\"><li><strong>Banca:<\/strong>&nbsp;Fundatec<\/li><li><strong>Per\u00edodo de inscri\u00e7\u00f5es<\/strong>:&nbsp;at\u00e9 09\/05\/2022<\/li><li><strong>Data da prova<\/strong>: 29\/05\/2022<\/li><li><strong>Vagas:<\/strong>&nbsp;33<\/li><li><strong>Cargo:<\/strong>&nbsp;V\u00e1rios<\/li><li><strong>Remunera\u00e7\u00e3o<\/strong>:&nbsp;R$ 1.945,07 e R$ 4.180,66<\/li><li><strong>Edital:<\/strong>&nbsp;<a href=\"https:\/\/dhg1h5j42swfq.cloudfront.net\/2022\/04\/25150814\/edital_abertura_6676266b663860ff.pdf\" target=\"_blank\" rel=\"noreferrer noopener nofollow\">Edital IFRS<\/a><\/li><li><strong>Cursos:<\/strong>&nbsp;<a href=\"https:\/\/www.estrategiaconcursos.com.br\/cursos\/concurso\/\" target=\"_blank\" rel=\"noreferrer noopener\">IFRS<\/a><\/li><\/ul>\n\n\n\n<h3 class=\"wp-block-heading\" id=\"concurso-prefeitura-de-cascavel-pr\"><a href=\"https:\/\/www.estrategiaconcursos.com.br\/blog\/concurso-ifnmg\/\" target=\"_blank\" rel=\"noreferrer noopener\">Concurso IFNMG<\/a><\/h3>\n\n\n\n<ul class=\"wp-block-list\"><li><strong>Banca:<\/strong>&nbsp;Instituto AOCP<\/li><li><strong>Per\u00edodo de inscri\u00e7\u00f5es<\/strong>: at\u00e9 25\/05\/2022<\/li><li><strong>Data da prova<\/strong>: 26\/06\/2022<\/li><li><strong>Vagas:<\/strong>&nbsp;08<\/li><li><strong>Cargo:&nbsp;<\/strong>T\u00e9cnico administrativo em v\u00e1rias \u00e1reas<\/li><li><strong>Remunera\u00e7\u00e3o<\/strong>:&nbsp;R$ 2.446,96 a R$ 4.180,66<\/li><li><strong>Edital:<\/strong>&nbsp;<a href=\"https:\/\/www.in.gov.br\/web\/dou\/-\/edital-n-140-de-25-de-abril-de-2022-395034794\" target=\"_blank\" rel=\"noreferrer noopener\">Edital IFNMG<\/a><\/li><li><strong>Cursos:<\/strong>&nbsp;<a href=\"https:\/\/www.estrategiaconcursos.com.br\/cursos\/concurso\/\" target=\"_blank\" rel=\"noreferrer noopener\">IFNMG<\/a><\/li><\/ul>\n\n\n\n<h3 class=\"wp-block-heading\" id=\"concurso-prefeitura-de-cascavel-pr\"><a href=\"https:\/\/www.estrategiaconcursos.com.br\/blog\/concurso-uneb\/\" target=\"_blank\" rel=\"noreferrer noopener\">Concurso UNEB<\/a>&nbsp;(BA)<\/h3>\n\n\n\n<ul class=\"wp-block-list\"><li><strong>Banca:<\/strong>&nbsp;organiza\u00e7\u00e3o pr\u00f3pria<\/li><li><strong>Per\u00edodo de inscri\u00e7\u00f5es<\/strong>:&nbsp;05 a 18\/05\/2022<\/li><li><strong>Data da prova<\/strong>: 08 e 09\/06\/2022<\/li><li><strong>Vagas:<\/strong>&nbsp;135<\/li><li><strong>Cargo:<\/strong>&nbsp;Professor na Classe de Auxiliar<\/li><li><strong>Remunera\u00e7\u00e3o<\/strong>:&nbsp;R$ 3.793,28<\/li><li><strong>Edital:<\/strong>&nbsp;<a href=\"http:\/\/www.concursodocente.uneb.br\/DOCS\/2022\/EDITAL_034-2022\/Edital_034_2022_Concurso_Docente_Professor_na_Classe_de_Auxiliar_nivel_A_2022.pdf\" target=\"_blank\" rel=\"noreferrer noopener\">Edital UNEB<\/a><\/li><li><strong>Cursos:<\/strong>&nbsp;<a href=\"https:\/\/www.estrategiaconcursos.com.br\/cursos\/\" target=\"_blank\" rel=\"noreferrer noopener\">UNEB<\/a><\/li><\/ul>\n\n\n\n<h3 class=\"wp-block-heading\" id=\"concurso-prefeitura-de-cascavel-pr\"><a href=\"https:\/\/www.estrategiaconcursos.com.br\/blog\/concurso-uece\/\" target=\"_blank\" rel=\"noreferrer noopener\">Concurso UECE<\/a><\/h3>\n\n\n\n<ul class=\"wp-block-list\"><li><strong>Banca:<\/strong>&nbsp;organiza\u00e7\u00e3o pr\u00f3pria<\/li><li><strong>Per\u00edodo de inscri\u00e7\u00f5es<\/strong>:&nbsp;a ser anunciado<\/li><li><strong>Data da prova<\/strong>: a ser anunciada<\/li><li><strong>Vagas:<\/strong>&nbsp;365&nbsp;<\/li><li><strong>Cargo:<\/strong>&nbsp;Professor Assistente e Professor Adjunto<\/li><li><strong>Remunera\u00e7\u00e3o<\/strong>:&nbsp;R$ 7.767,94 a R$ 11.237,96<\/li><li><strong>Edital:<\/strong>&nbsp;<a href=\"http:\/\/imagens.seplag.ce.gov.br\/PDF\/20220426\/do20220426p01.pdf\" target=\"_blank\" rel=\"noreferrer noopener\">Edital 1<\/a>&nbsp;|&nbsp;<a href=\"http:\/\/imagens.seplag.ce.gov.br\/PDF\/20220426\/do20220426p02.pdf\" target=\"_blank\" rel=\"noreferrer noopener\">Edital 2<\/a><\/li><li><strong>Cursos:<\/strong>&nbsp;<a href=\"https:\/\/www.estrategiaconcursos.com.br\/cursosPorConcurso\/universidade-estadual-do-ceara-uece\/\" target=\"_blank\" rel=\"noreferrer noopener\">UECE<\/a><\/li><\/ul>\n\n\n\n<h3 class=\"wp-block-heading\" id=\"concurso-prefeitura-de-cascavel-pr\"><a href=\"https:\/\/www.estrategiaconcursos.com.br\/blog\/concurso-uva\/\" target=\"_blank\" rel=\"noreferrer noopener\">Concurso UVA<\/a>&nbsp;(CE)<\/h3>\n\n\n\n<ul class=\"wp-block-list\"><li><strong>Banca:<\/strong>&nbsp;organiza\u00e7\u00e3o pr\u00f3pria<\/li><li><strong>Per\u00edodo de inscri\u00e7\u00f5es<\/strong>:&nbsp;a partir de 11\/05\/2022<\/li><li><strong>Data da prova<\/strong>: a ser divulgada<\/li><li><strong>Vagas:<\/strong>&nbsp;145<\/li><li><strong>Cargo:<\/strong>&nbsp;Professor<\/li><li><strong>Remunera\u00e7\u00e3o<\/strong>:&nbsp;R$ 5.717,99 a R$ 11.237,96<\/li><li><strong>Edital:<\/strong>&nbsp;<a href=\"http:\/\/imagens.seplag.ce.gov.br\/PDF\/20220425\/do20220425p01.pdf\" target=\"_blank\" rel=\"noreferrer noopener\">Edital UVA<\/a><\/li><li><strong>Cursos:<\/strong>&nbsp;<a href=\"https:\/\/www.estrategiaconcursos.com.br\/cursos\/concurso\/\" target=\"_blank\" rel=\"noreferrer noopener\">UVA<\/a><\/li><\/ul>\n\n\n\n<h3 class=\"wp-block-heading\" id=\"concurso-prefeitura-de-cascavel-pr\">Concurso UEFS (BA)<\/h3>\n\n\n\n<ul class=\"wp-block-list\"><li><strong>Banca:<\/strong>&nbsp;organiza\u00e7\u00e3o pr\u00f3pria<\/li><li><strong>Per\u00edodo de inscri\u00e7\u00f5es<\/strong>: at\u00e9 17\/05\/2022<\/li><li><strong>Data da prova<\/strong>: 30\/05 a 11\/06\/2022 (previsto)<\/li><li><strong>Vagas:<\/strong>&nbsp;14<\/li><li><strong>Cargos:<\/strong>&nbsp;Professor Auxiliar e Professor Assistente<\/li><li><strong>Remunera\u00e7\u00e3o<\/strong>:&nbsp;R$ 1.896,64 a R$ 7.052,37<\/li><li><strong>Edital:<\/strong>&nbsp;<a href=\"https:\/\/dhg1h5j42swfq.cloudfront.net\/2022\/04\/26150952\/diariooficial-3-54-60.pdf\" target=\"_blank\" rel=\"noreferrer noopener nofollow\">Edital UEFS<\/a><\/li><li><strong>Cursos:<\/strong>&nbsp;<a href=\"https:\/\/www.estrategiaconcursos.com.br\/cursos\/concurso\/\" target=\"_blank\" rel=\"noreferrer noopener\">UEFS<\/a><\/li><\/ul>\n\n\n\n<h3 class=\"wp-block-heading\" id=\"concurso-prefeitura-de-cascavel-pr\"><a href=\"https:\/\/www.estrategiaconcursos.com.br\/blog\/concurso-marinha-2022\/\" target=\"_blank\" rel=\"noreferrer noopener\">Concurso Marinha CP-T<\/a><\/h3>\n\n\n\n<ul class=\"wp-block-list\"><li><strong>Banca:<\/strong>&nbsp;organiza\u00e7\u00e3o pr\u00f3pria<\/li><li><strong>Per\u00edodo de inscri\u00e7\u00f5es<\/strong>: 04 a 17\/07\/2022<\/li><li><strong>Data da prova<\/strong>: 28\/08\/2022; 23\/10\/2022; 08\/03\/2023<\/li><li><strong>Vagas:<\/strong>&nbsp;41<\/li><li><strong>Cargos:<\/strong>&nbsp;V\u00e1rios<\/li><li><strong>Remunera\u00e7\u00e3o<\/strong>: R$ 9.070,60<\/li><li><strong>Edital:<\/strong>&nbsp;<a href=\"https:\/\/dhg1h5j42swfq.cloudfront.net\/2022\/04\/29151550\/engenheiros-marinha-edital-2022.pdf\" target=\"_blank\" rel=\"noreferrer noopener nofollow\">Engenheiros<\/a>&nbsp;|&nbsp;<a href=\"https:\/\/dhg1h5j42swfq.cloudfront.net\/2022\/04\/29151546\/capelaes-navais-edital-2022.pdf\" target=\"_blank\" rel=\"noreferrer noopener nofollow\">Capel\u00e3es<\/a>&nbsp;|&nbsp;<a href=\"https:\/\/dhg1h5j42swfq.cloudfront.net\/2022\/04\/29151624\/cp-t_2022-1.pdf\" target=\"_blank\" rel=\"noreferrer noopener nofollow\">Auxiliar T\u00e9c.<\/a><\/li><li><strong>Cursos:<\/strong>&nbsp;<a href=\"https:\/\/www.estrategiaconcursos.com.br\/cursosPorConcurso\/marinha-do-brasil-quadro-tecnico-cp-t\/\" target=\"_blank\" rel=\"noreferrer noopener\">Marinha<\/a><\/li><\/ul>\n\n\n\n<p class=\"has-text-align-center has-background\" style=\"background-color:#ededed;font-size:clamp(14.642px, 0.915rem + ((1vw - 3.2px) * 0.721), 22px);px\"><strong>Veja tamb\u00e9m: <a href=\"https:\/\/www.estrategiaconcursos.com.br\/blog\/principais-noticias-do-dia\/\" target=\"_blank\" rel=\"noreferrer noopener\">Principais not\u00edcias do dia<\/a><\/strong><\/p>\n\n\n\n<div class=\"wp-block-image\"><figure class=\"aligncenter size-large is-resized\"><img loading=\"lazy\" decoding=\"async\" src=\"https:\/\/dhg1h5j42swfq.cloudfront.net\/2020\/09\/18141901\/Coruja_Concursos%404x-506x1024.png\" alt=\"Concurso P\u00fablico: 10 editais esta semana! Mais de 3,5 mil vagas\" class=\"wp-image-574355\" width=\"35\" height=\"71\" srcset=\"https:\/\/dhg1h5j42swfq.cloudfront.net\/2020\/09\/18141901\/Coruja_Concursos%404x-506x1024.png 506w, https:\/\/dhg1h5j42swfq.cloudfront.net\/2020\/09\/18141901\/Coruja_Concursos%404x-148x300.png 148w, https:\/\/dhg1h5j42swfq.cloudfront.net\/2020\/09\/18141901\/Coruja_Concursos%404x-610x1236.png 610w, https:\/\/dhg1h5j42swfq.cloudfront.net\/2020\/09\/18141901\/Coruja_Concursos%404x.png 745w\" sizes=\"auto, (max-width: 35px) 100vw, 35px\" \/><\/figure><\/div>\n\n\n\n<div class=\"container\" id=\"boxes\">\n  <div class=\"row\">\n\n    <div class=\"col-sm\">\n      <div class=\"estrategia\" id=\"box-assinatura\">\n        <h3 class=\"titulo-assinatura\">Assinatura Concursos<\/h3>\n        <p class=\"subtitulo-assinatura\">Assinatura de 1 ano ou 2 anos<\/p>\n        <div class=\"box-botao\">\n          <a class=\"btn-assinatura\" target=\"_blank\" href=\"https:\/\/www.estrategiaconcursos.com.br\/assinaturas\/\" role=\"button\" rel=\"noopener noreferrer\">ASSINE AGORA<\/a>\n        <\/div>\n      <\/div><\/div><\/div><\/div>\n\n\n\n<h2 class=\"has-text-align-center wp-block-heading\" id=\"h-quer-saber-tudo-sobre-concursos-previstos-confira-nossos-artigos\">Quer saber tudo sobre concursos previstos?<br \/>Confira nossos artigos!<\/h2>\n\n\n\n<ul class=\"wp-block-list\" id=\"concurso-publico-editais-esta-semana-03-a-07-01\"><li><a href=\"https:\/\/www.estrategiaconcursos.com.br\/blog\/concursos-abertos\/\" target=\"_blank\" rel=\"noreferrer noopener\">Concursos abertos<\/a><\/li><li><a href=\"https:\/\/www.estrategiaconcursos.com.br\/blog\/concursos-2022\/\" target=\"_blank\" rel=\"noreferrer noopener\">Concursos 2022<\/a><\/li><\/ul>\n","protected":false},"excerpt":{"rendered":"<p>A \u00faltima semana de abril foi intensa e recheada de editais de concurso nas mais diversas \u00e1reas. S\u00e3o 5.377 vagas imediatas e em cadastro reserva para todas as escolaridades e localidades do pa\u00eds. Quer ficar informado sobre os novos editais de concursos publicados nos \u00faltimos dias? Confira mais informa\u00e7\u00f5es ao longo deste artigo! Cursos para [&hellip;]<\/p>\n","protected":false},"author":659,"featured_media":746120,"comment_status":"open","ping_status":"closed","sticky":false,"template":"","format":"standard","meta":{"post_tipo":"news","footnotes":""},"categories":[1,220219],"tags":[],"tax_estado":[219963],"class_list":["post-1018335","post","type-post","status-publish","format-standard","has-post-thumbnail","hentry","category-cursos-e-concursos","category-noticias","tax_estado-concursos-federais"],"acf":[],"yoast_head":"<!-- This site is optimized with the Yoast SEO Premium plugin v27.2 (Yoast SEO v27.2) - https:\/\/yoast.com\/product\/yoast-seo-premium-wordpress\/ -->\n<title>Concurso P\u00fablico: 21 editais esta semana; Mais de 5.3 mil vagas<\/title>\n<meta name=\"description\" content=\"Concurso P\u00fablico 2022: 21 editais sa\u00edram ao longo desta semana (25 a 29\/04). Confira n\u00famero de vagas, remunera\u00e7\u00e3o e principais datas.\" \/>\n<meta name=\"robots\" content=\"index, follow, max-snippet:-1, max-image-preview:large, max-video-preview:-1\" \/>\n<link rel=\"canonical\" href=\"https:\/\/www.estrategiaconcursos.com.br\/blog\/concurso-publico-editais-da-semana-25-a-29-04\/\" \/>\n<meta property=\"og:locale\" content=\"pt_BR\" \/>\n<meta property=\"og:type\" content=\"article\" \/>\n<meta property=\"og:title\" content=\"Concurso P\u00fablico: 21 editais esta semana; Mais de 5.3 mil vagas\" \/>\n<meta property=\"og:description\" content=\"Concurso P\u00fablico 2022: 21 editais sa\u00edram ao longo desta semana (25 a 29\/04). Confira n\u00famero de vagas, remunera\u00e7\u00e3o e principais datas.\" \/>\n<meta property=\"og:url\" content=\"https:\/\/www.estrategiaconcursos.com.br\/blog\/concurso-publico-editais-da-semana-25-a-29-04\/\" \/>\n<meta property=\"og:site_name\" content=\"Estrat\u00e9gia Concursos\" \/>\n<meta property=\"article:published_time\" content=\"2022-04-29T21:00:00+00:00\" \/>\n<meta property=\"article:modified_time\" content=\"2022-05-06T14:58:19+00:00\" \/>\n<meta property=\"og:image\" content=\"https:\/\/dhg1h5j42swfq.cloudfront.net\/2021\/04\/20121239\/2022_concursos.jpeg\" \/>\n\t<meta property=\"og:image:width\" content=\"768\" \/>\n\t<meta property=\"og:image:height\" content=\"432\" \/>\n\t<meta property=\"og:image:type\" content=\"image\/jpeg\" \/>\n<meta name=\"author\" content=\"Camila Leite\" \/>\n<meta name=\"twitter:card\" content=\"summary_large_image\" \/>\n<meta name=\"twitter:creator\" content=\"@EstratConcursos\" \/>\n<meta name=\"twitter:site\" content=\"@EstratConcursos\" \/>\n<meta name=\"twitter:label1\" content=\"Escrito por\" \/>\n\t<meta name=\"twitter:data1\" content=\"Camila Leite\" \/>\n\t<meta name=\"twitter:label2\" content=\"Est. tempo de leitura\" \/>\n\t<meta name=\"twitter:data2\" content=\"5 minutos\" \/>\n<script type=\"application\/ld+json\" class=\"yoast-schema-graph\">{\"@context\":\"https:\/\/schema.org\",\"@graph\":[{\"@type\":\"NewsArticle\",\"@id\":\"https:\/\/www.estrategiaconcursos.com.br\/blog\/concurso-publico-editais-da-semana-25-a-29-04\/#article\",\"isPartOf\":{\"@id\":\"https:\/\/www.estrategiaconcursos.com.br\/blog\/concurso-publico-editais-da-semana-25-a-29-04\/\"},\"author\":{\"name\":\"Camila Leite\",\"@id\":\"https:\/\/www.estrategiaconcursos.com.br\/blog\/#\/schema\/person\/84ecdc6eb58d3cf1689bf76c5cd8fb38\"},\"headline\":\"Concurso P\u00fablico: 21 editais esta semana; Mais de 5.3 mil vagas\",\"datePublished\":\"2022-04-29T21:00:00+00:00\",\"dateModified\":\"2022-05-06T14:58:19+00:00\",\"mainEntityOfPage\":{\"@id\":\"https:\/\/www.estrategiaconcursos.com.br\/blog\/concurso-publico-editais-da-semana-25-a-29-04\/\"},\"wordCount\":842,\"commentCount\":0,\"publisher\":{\"@id\":\"https:\/\/www.estrategiaconcursos.com.br\/blog\/#organization\"},\"image\":{\"@id\":\"https:\/\/www.estrategiaconcursos.com.br\/blog\/concurso-publico-editais-da-semana-25-a-29-04\/#primaryimage\"},\"thumbnailUrl\":\"https:\/\/dhg1h5j42swfq.cloudfront.net\/2021\/04\/20121239\/2022_concursos.jpeg\",\"articleSection\":[\"Concursos P\u00fablicos\",\"\u00daltimas not\u00edcias\"],\"inLanguage\":\"pt-BR\",\"potentialAction\":[{\"@type\":\"CommentAction\",\"name\":\"Comment\",\"target\":[\"https:\/\/www.estrategiaconcursos.com.br\/blog\/concurso-publico-editais-da-semana-25-a-29-04\/#respond\"]}],\"copyrightYear\":\"2022\",\"copyrightHolder\":{\"@id\":\"https:\/\/www.estrategiaconcursos.com.br\/blog\/#organization\"}},{\"@type\":\"WebPage\",\"@id\":\"https:\/\/www.estrategiaconcursos.com.br\/blog\/concurso-publico-editais-da-semana-25-a-29-04\/\",\"url\":\"https:\/\/www.estrategiaconcursos.com.br\/blog\/concurso-publico-editais-da-semana-25-a-29-04\/\",\"name\":\"Concurso P\u00fablico: 21 editais esta semana; Mais de 5.3 mil vagas\",\"isPartOf\":{\"@id\":\"https:\/\/www.estrategiaconcursos.com.br\/blog\/#website\"},\"primaryImageOfPage\":{\"@id\":\"https:\/\/www.estrategiaconcursos.com.br\/blog\/concurso-publico-editais-da-semana-25-a-29-04\/#primaryimage\"},\"image\":{\"@id\":\"https:\/\/www.estrategiaconcursos.com.br\/blog\/concurso-publico-editais-da-semana-25-a-29-04\/#primaryimage\"},\"thumbnailUrl\":\"https:\/\/dhg1h5j42swfq.cloudfront.net\/2021\/04\/20121239\/2022_concursos.jpeg\",\"datePublished\":\"2022-04-29T21:00:00+00:00\",\"dateModified\":\"2022-05-06T14:58:19+00:00\",\"description\":\"Concurso P\u00fablico 2022: 21 editais sa\u00edram ao longo desta semana (25 a 29\/04). Confira n\u00famero de vagas, remunera\u00e7\u00e3o e principais datas.\",\"breadcrumb\":{\"@id\":\"https:\/\/www.estrategiaconcursos.com.br\/blog\/concurso-publico-editais-da-semana-25-a-29-04\/#breadcrumb\"},\"inLanguage\":\"pt-BR\",\"potentialAction\":[{\"@type\":\"ReadAction\",\"target\":[\"https:\/\/www.estrategiaconcursos.com.br\/blog\/concurso-publico-editais-da-semana-25-a-29-04\/\"]}]},{\"@type\":\"ImageObject\",\"inLanguage\":\"pt-BR\",\"@id\":\"https:\/\/www.estrategiaconcursos.com.br\/blog\/concurso-publico-editais-da-semana-25-a-29-04\/#primaryimage\",\"url\":\"https:\/\/dhg1h5j42swfq.cloudfront.net\/2021\/04\/20121239\/2022_concursos.jpeg\",\"contentUrl\":\"https:\/\/dhg1h5j42swfq.cloudfront.net\/2021\/04\/20121239\/2022_concursos.jpeg\",\"width\":768,\"height\":432,\"caption\":\"Concursos 2022\"},{\"@type\":\"BreadcrumbList\",\"@id\":\"https:\/\/www.estrategiaconcursos.com.br\/blog\/concurso-publico-editais-da-semana-25-a-29-04\/#breadcrumb\",\"itemListElement\":[{\"@type\":\"ListItem\",\"position\":1,\"name\":\"In\u00edcio\",\"item\":\"https:\/\/www.estrategiaconcursos.com.br\/blog\/\"},{\"@type\":\"ListItem\",\"position\":2,\"name\":\"Concurso P\u00fablico: 21 editais esta semana; Mais de 5.3 mil vagas\"}]},{\"@type\":\"WebSite\",\"@id\":\"https:\/\/www.estrategiaconcursos.com.br\/blog\/#website\",\"url\":\"https:\/\/www.estrategiaconcursos.com.br\/blog\/\",\"name\":\"Estrat\u00e9gia Concursos\",\"description\":\"O blog da Estrat\u00e9gia Concursos traz not\u00edcias sobre concursos e artigos de professores oferecendo cursos para concursos (pdf + videaulas) no site.\",\"publisher\":{\"@id\":\"https:\/\/www.estrategiaconcursos.com.br\/blog\/#organization\"},\"potentialAction\":[{\"@type\":\"SearchAction\",\"target\":{\"@type\":\"EntryPoint\",\"urlTemplate\":\"https:\/\/www.estrategiaconcursos.com.br\/blog\/?s={search_term_string}\"},\"query-input\":{\"@type\":\"PropertyValueSpecification\",\"valueRequired\":true,\"valueName\":\"search_term_string\"}}],\"inLanguage\":\"pt-BR\"},{\"@type\":\"Organization\",\"@id\":\"https:\/\/www.estrategiaconcursos.com.br\/blog\/#organization\",\"name\":\"Estrat\u00e9gia Concursos\",\"url\":\"https:\/\/www.estrategiaconcursos.com.br\/blog\/\",\"logo\":{\"@type\":\"ImageObject\",\"inLanguage\":\"pt-BR\",\"@id\":\"https:\/\/www.estrategiaconcursos.com.br\/blog\/#\/schema\/logo\/image\/\",\"url\":\"https:\/\/dhg1h5j42swfq.cloudfront.net\/2025\/06\/03203428\/logo_concursos-1.jpg\",\"contentUrl\":\"https:\/\/dhg1h5j42swfq.cloudfront.net\/2025\/06\/03203428\/logo_concursos-1.jpg\",\"width\":230,\"height\":60,\"caption\":\"Estrat\u00e9gia Concursos\"},\"image\":{\"@id\":\"https:\/\/www.estrategiaconcursos.com.br\/blog\/#\/schema\/logo\/image\/\"},\"sameAs\":[\"https:\/\/x.com\/EstratConcursos\"]},{\"@type\":\"Person\",\"@id\":\"https:\/\/www.estrategiaconcursos.com.br\/blog\/#\/schema\/person\/84ecdc6eb58d3cf1689bf76c5cd8fb38\",\"name\":\"Camila Leite\",\"image\":{\"@type\":\"ImageObject\",\"inLanguage\":\"pt-BR\",\"@id\":\"https:\/\/secure.gravatar.com\/avatar\/f2f8faef639c8a2bfb7fb909912a56917f4c3a0aed064500168e2fb8ea55cf61?s=96&d=mm&r=g\",\"url\":\"https:\/\/secure.gravatar.com\/avatar\/f2f8faef639c8a2bfb7fb909912a56917f4c3a0aed064500168e2fb8ea55cf61?s=96&d=mm&r=g\",\"contentUrl\":\"https:\/\/secure.gravatar.com\/avatar\/f2f8faef639c8a2bfb7fb909912a56917f4c3a0aed064500168e2fb8ea55cf61?s=96&d=mm&r=g\",\"caption\":\"Camila Leite\"},\"description\":\"Formada em Design Gr\u00e1fico e em Propaganda e Marketing pela UNIP, integra a equipe de jornalismo do Estrat\u00e9gia Concursos desde 2018. Ao longo dos anos, construiu uma s\u00f3lida experi\u00eancia na produ\u00e7\u00e3o de conte\u00fado informativo e relevante para concurseiros. Desde 2020, atua na cobertura das \u00e1reas Fiscal \u2014 com \u00eanfase nas Secretarias de Fazenda (Sefaz) das regi\u00f5es Sul e Sudeste \u2014, al\u00e9m da cobertura de concursos federais, como CNU, Petrobras, CGU, Receita Federal, ag\u00eancias reguladoras (Anvisa, ANAC, entre outras) e INSS. Mant\u00e9m contato direto com os principais \u00f3rg\u00e3os p\u00fablicos, acompanhando editais, atualiza\u00e7\u00f5es e movimenta\u00e7\u00f5es importantes para os candidatos.\",\"sameAs\":[\"https:\/\/www.linkedin.com\/in\/camila-pinheiro-leite-9ba135b6\/\"],\"url\":\"https:\/\/www.estrategiaconcursos.com.br\/blog\/author\/camila-leiteestrategiaconcursos-com-br\/\"}]}<\/script>\n<!-- \/ Yoast SEO Premium plugin. -->","yoast_head_json":{"title":"Concurso P\u00fablico: 21 editais esta semana; Mais de 5.3 mil vagas","description":"Concurso P\u00fablico 2022: 21 editais sa\u00edram ao longo desta semana (25 a 29\/04). Confira n\u00famero de vagas, remunera\u00e7\u00e3o e principais datas.","robots":{"index":"index","follow":"follow","max-snippet":"max-snippet:-1","max-image-preview":"max-image-preview:large","max-video-preview":"max-video-preview:-1"},"canonical":"https:\/\/www.estrategiaconcursos.com.br\/blog\/concurso-publico-editais-da-semana-25-a-29-04\/","og_locale":"pt_BR","og_type":"article","og_title":"Concurso P\u00fablico: 21 editais esta semana; Mais de 5.3 mil vagas","og_description":"Concurso P\u00fablico 2022: 21 editais sa\u00edram ao longo desta semana (25 a 29\/04). Confira n\u00famero de vagas, remunera\u00e7\u00e3o e principais datas.","og_url":"https:\/\/www.estrategiaconcursos.com.br\/blog\/concurso-publico-editais-da-semana-25-a-29-04\/","og_site_name":"Estrat\u00e9gia Concursos","article_published_time":"2022-04-29T21:00:00+00:00","article_modified_time":"2022-05-06T14:58:19+00:00","og_image":[{"width":768,"height":432,"url":"https:\/\/dhg1h5j42swfq.cloudfront.net\/2021\/04\/20121239\/2022_concursos.jpeg","type":"image\/jpeg"}],"author":"Camila Leite","twitter_card":"summary_large_image","twitter_creator":"@EstratConcursos","twitter_site":"@EstratConcursos","twitter_misc":{"Escrito por":"Camila Leite","Est. tempo de leitura":"5 minutos"},"schema":{"@context":"https:\/\/schema.org","@graph":[{"@type":"NewsArticle","@id":"https:\/\/www.estrategiaconcursos.com.br\/blog\/concurso-publico-editais-da-semana-25-a-29-04\/#article","isPartOf":{"@id":"https:\/\/www.estrategiaconcursos.com.br\/blog\/concurso-publico-editais-da-semana-25-a-29-04\/"},"author":{"name":"Camila Leite","@id":"https:\/\/www.estrategiaconcursos.com.br\/blog\/#\/schema\/person\/84ecdc6eb58d3cf1689bf76c5cd8fb38"},"headline":"Concurso P\u00fablico: 21 editais esta semana; Mais de 5.3 mil vagas","datePublished":"2022-04-29T21:00:00+00:00","dateModified":"2022-05-06T14:58:19+00:00","mainEntityOfPage":{"@id":"https:\/\/www.estrategiaconcursos.com.br\/blog\/concurso-publico-editais-da-semana-25-a-29-04\/"},"wordCount":842,"commentCount":0,"publisher":{"@id":"https:\/\/www.estrategiaconcursos.com.br\/blog\/#organization"},"image":{"@id":"https:\/\/www.estrategiaconcursos.com.br\/blog\/concurso-publico-editais-da-semana-25-a-29-04\/#primaryimage"},"thumbnailUrl":"https:\/\/dhg1h5j42swfq.cloudfront.net\/2021\/04\/20121239\/2022_concursos.jpeg","articleSection":["Concursos P\u00fablicos","\u00daltimas not\u00edcias"],"inLanguage":"pt-BR","potentialAction":[{"@type":"CommentAction","name":"Comment","target":["https:\/\/www.estrategiaconcursos.com.br\/blog\/concurso-publico-editais-da-semana-25-a-29-04\/#respond"]}],"copyrightYear":"2022","copyrightHolder":{"@id":"https:\/\/www.estrategiaconcursos.com.br\/blog\/#organization"}},{"@type":"WebPage","@id":"https:\/\/www.estrategiaconcursos.com.br\/blog\/concurso-publico-editais-da-semana-25-a-29-04\/","url":"https:\/\/www.estrategiaconcursos.com.br\/blog\/concurso-publico-editais-da-semana-25-a-29-04\/","name":"Concurso P\u00fablico: 21 editais esta semana; Mais de 5.3 mil vagas","isPartOf":{"@id":"https:\/\/www.estrategiaconcursos.com.br\/blog\/#website"},"primaryImageOfPage":{"@id":"https:\/\/www.estrategiaconcursos.com.br\/blog\/concurso-publico-editais-da-semana-25-a-29-04\/#primaryimage"},"image":{"@id":"https:\/\/www.estrategiaconcursos.com.br\/blog\/concurso-publico-editais-da-semana-25-a-29-04\/#primaryimage"},"thumbnailUrl":"https:\/\/dhg1h5j42swfq.cloudfront.net\/2021\/04\/20121239\/2022_concursos.jpeg","datePublished":"2022-04-29T21:00:00+00:00","dateModified":"2022-05-06T14:58:19+00:00","description":"Concurso P\u00fablico 2022: 21 editais sa\u00edram ao longo desta semana (25 a 29\/04). Confira n\u00famero de vagas, remunera\u00e7\u00e3o e principais datas.","breadcrumb":{"@id":"https:\/\/www.estrategiaconcursos.com.br\/blog\/concurso-publico-editais-da-semana-25-a-29-04\/#breadcrumb"},"inLanguage":"pt-BR","potentialAction":[{"@type":"ReadAction","target":["https:\/\/www.estrategiaconcursos.com.br\/blog\/concurso-publico-editais-da-semana-25-a-29-04\/"]}]},{"@type":"ImageObject","inLanguage":"pt-BR","@id":"https:\/\/www.estrategiaconcursos.com.br\/blog\/concurso-publico-editais-da-semana-25-a-29-04\/#primaryimage","url":"https:\/\/dhg1h5j42swfq.cloudfront.net\/2021\/04\/20121239\/2022_concursos.jpeg","contentUrl":"https:\/\/dhg1h5j42swfq.cloudfront.net\/2021\/04\/20121239\/2022_concursos.jpeg","width":768,"height":432,"caption":"Concursos 2022"},{"@type":"BreadcrumbList","@id":"https:\/\/www.estrategiaconcursos.com.br\/blog\/concurso-publico-editais-da-semana-25-a-29-04\/#breadcrumb","itemListElement":[{"@type":"ListItem","position":1,"name":"In\u00edcio","item":"https:\/\/www.estrategiaconcursos.com.br\/blog\/"},{"@type":"ListItem","position":2,"name":"Concurso P\u00fablico: 21 editais esta semana; Mais de 5.3 mil vagas"}]},{"@type":"WebSite","@id":"https:\/\/www.estrategiaconcursos.com.br\/blog\/#website","url":"https:\/\/www.estrategiaconcursos.com.br\/blog\/","name":"Estrat\u00e9gia Concursos","description":"O blog da Estrat\u00e9gia Concursos traz not\u00edcias sobre concursos e artigos de professores oferecendo cursos para concursos (pdf + videaulas) no site.","publisher":{"@id":"https:\/\/www.estrategiaconcursos.com.br\/blog\/#organization"},"potentialAction":[{"@type":"SearchAction","target":{"@type":"EntryPoint","urlTemplate":"https:\/\/www.estrategiaconcursos.com.br\/blog\/?s={search_term_string}"},"query-input":{"@type":"PropertyValueSpecification","valueRequired":true,"valueName":"search_term_string"}}],"inLanguage":"pt-BR"},{"@type":"Organization","@id":"https:\/\/www.estrategiaconcursos.com.br\/blog\/#organization","name":"Estrat\u00e9gia Concursos","url":"https:\/\/www.estrategiaconcursos.com.br\/blog\/","logo":{"@type":"ImageObject","inLanguage":"pt-BR","@id":"https:\/\/www.estrategiaconcursos.com.br\/blog\/#\/schema\/logo\/image\/","url":"https:\/\/dhg1h5j42swfq.cloudfront.net\/2025\/06\/03203428\/logo_concursos-1.jpg","contentUrl":"https:\/\/dhg1h5j42swfq.cloudfront.net\/2025\/06\/03203428\/logo_concursos-1.jpg","width":230,"height":60,"caption":"Estrat\u00e9gia Concursos"},"image":{"@id":"https:\/\/www.estrategiaconcursos.com.br\/blog\/#\/schema\/logo\/image\/"},"sameAs":["https:\/\/x.com\/EstratConcursos"]},{"@type":"Person","@id":"https:\/\/www.estrategiaconcursos.com.br\/blog\/#\/schema\/person\/84ecdc6eb58d3cf1689bf76c5cd8fb38","name":"Camila Leite","image":{"@type":"ImageObject","inLanguage":"pt-BR","@id":"https:\/\/secure.gravatar.com\/avatar\/f2f8faef639c8a2bfb7fb909912a56917f4c3a0aed064500168e2fb8ea55cf61?s=96&d=mm&r=g","url":"https:\/\/secure.gravatar.com\/avatar\/f2f8faef639c8a2bfb7fb909912a56917f4c3a0aed064500168e2fb8ea55cf61?s=96&d=mm&r=g","contentUrl":"https:\/\/secure.gravatar.com\/avatar\/f2f8faef639c8a2bfb7fb909912a56917f4c3a0aed064500168e2fb8ea55cf61?s=96&d=mm&r=g","caption":"Camila Leite"},"description":"Formada em Design Gr\u00e1fico e em Propaganda e Marketing pela UNIP, integra a equipe de jornalismo do Estrat\u00e9gia Concursos desde 2018. Ao longo dos anos, construiu uma s\u00f3lida experi\u00eancia na produ\u00e7\u00e3o de conte\u00fado informativo e relevante para concurseiros. Desde 2020, atua na cobertura das \u00e1reas Fiscal \u2014 com \u00eanfase nas Secretarias de Fazenda (Sefaz) das regi\u00f5es Sul e Sudeste \u2014, al\u00e9m da cobertura de concursos federais, como CNU, Petrobras, CGU, Receita Federal, ag\u00eancias reguladoras (Anvisa, ANAC, entre outras) e INSS. Mant\u00e9m contato direto com os principais \u00f3rg\u00e3os p\u00fablicos, acompanhando editais, atualiza\u00e7\u00f5es e movimenta\u00e7\u00f5es importantes para os candidatos.","sameAs":["https:\/\/www.linkedin.com\/in\/camila-pinheiro-leite-9ba135b6\/"],"url":"https:\/\/www.estrategiaconcursos.com.br\/blog\/author\/camila-leiteestrategiaconcursos-com-br\/"}]}},"_links":{"self":[{"href":"https:\/\/www.estrategiaconcursos.com.br\/blog\/wp-json\/wp\/v2\/posts\/1018335","targetHints":{"allow":["GET"]}}],"collection":[{"href":"https:\/\/www.estrategiaconcursos.com.br\/blog\/wp-json\/wp\/v2\/posts"}],"about":[{"href":"https:\/\/www.estrategiaconcursos.com.br\/blog\/wp-json\/wp\/v2\/types\/post"}],"author":[{"embeddable":true,"href":"https:\/\/www.estrategiaconcursos.com.br\/blog\/wp-json\/wp\/v2\/users\/659"}],"replies":[{"embeddable":true,"href":"https:\/\/www.estrategiaconcursos.com.br\/blog\/wp-json\/wp\/v2\/comments?post=1018335"}],"version-history":[{"count":8,"href":"https:\/\/www.estrategiaconcursos.com.br\/blog\/wp-json\/wp\/v2\/posts\/1018335\/revisions"}],"predecessor-version":[{"id":1023140,"href":"https:\/\/www.estrategiaconcursos.com.br\/blog\/wp-json\/wp\/v2\/posts\/1018335\/revisions\/1023140"}],"wp:featuredmedia":[{"embeddable":true,"href":"https:\/\/www.estrategiaconcursos.com.br\/blog\/wp-json\/wp\/v2\/media\/746120"}],"wp:attachment":[{"href":"https:\/\/www.estrategiaconcursos.com.br\/blog\/wp-json\/wp\/v2\/media?parent=1018335"}],"wp:term":[{"taxonomy":"category","embeddable":true,"href":"https:\/\/www.estrategiaconcursos.com.br\/blog\/wp-json\/wp\/v2\/categories?post=1018335"},{"taxonomy":"post_tag","embeddable":true,"href":"https:\/\/www.estrategiaconcursos.com.br\/blog\/wp-json\/wp\/v2\/tags?post=1018335"},{"taxonomy":"tax_estado","embeddable":true,"href":"https:\/\/www.estrategiaconcursos.com.br\/blog\/wp-json\/wp\/v2\/tax_estado?post=1018335"}],"curies":[{"name":"wp","href":"https:\/\/api.w.org\/{rel}","templated":true}]}}