{"id":1018017,"date":"2022-05-20T08:36:00","date_gmt":"2022-05-20T11:36:00","guid":{"rendered":"https:\/\/www.estrategiaconcursos.com.br\/blog\/?p=1018017"},"modified":"2022-05-04T17:41:23","modified_gmt":"2022-05-04T20:41:23","slug":"estatuto-funcionarios-pc-sp-licencas","status":"publish","type":"post","link":"https:\/\/www.estrategiaconcursos.com.br\/blog\/estatuto-funcionarios-pc-sp-licencas\/","title":{"rendered":"O Estatuto dos Funcion\u00e1rios P\u00fablicos para PC-SP: Licen\u00e7as"},"content":{"rendered":"\n<p>Confira aqui um resumo das <strong>Licen\u00e7as<\/strong> no&nbsp;<strong>Estatuto dos Funcion\u00e1rios P\u00fablicos Civis do Estado de S\u00e3o Paulo,&nbsp;<\/strong>&nbsp;na&nbsp;<strong>Lei 10.261\/68,<\/strong>&nbsp;para o concurso da&nbsp;<strong><a href=\"https:\/\/www.estrategiaconcursos.com.br\/cursosPorConcurso\/policia-civil-sp\/\" target=\"_blank\" rel=\"noreferrer noopener\">Pol\u00edcia Civil de S\u00e3o Paulo<\/a>&nbsp;(PC-SP).<\/strong><\/p>\n\n\n\n<div class=\"wp-block-image\"><figure class=\"aligncenter size-full is-resized\"><img loading=\"lazy\" decoding=\"async\" src=\"https:\/\/dhg1h5j42swfq.cloudfront.net\/2022\/04\/04155101\/pc-sp.jpg\" alt=\"O Estatuto dos Funcion\u00e1rios P\u00fablicos para PC-SP: Licen\u00e7as\" class=\"wp-image-1001204\" width=\"596\" height=\"336\" srcset=\"https:\/\/dhg1h5j42swfq.cloudfront.net\/2022\/04\/04155101\/pc-sp.jpg 768w, https:\/\/dhg1h5j42swfq.cloudfront.net\/2022\/04\/04155101\/pc-sp-300x169.jpg 300w, https:\/\/dhg1h5j42swfq.cloudfront.net\/2022\/04\/04155101\/pc-sp-610x343.jpg 610w\" sizes=\"auto, (max-width: 596px) 100vw, 596px\" \/><figcaption>O Estatuto dos Funcion\u00e1rios P\u00fablicos para PC-SP: Licen\u00e7as<\/figcaption><\/figure><\/div>\n\n\n\n<p>Ol\u00e1, pessoal! Tudo bem com voc\u00eas?<\/p>\n\n\n\n<p>O concurso da&nbsp;<strong><a href=\"https:\/\/www.estrategiaconcursos.com.br\/blog\/concurso-policia-civil-sp\/\" target=\"_blank\" rel=\"noreferrer noopener\">Pol\u00edcia Civil de S\u00e3o Paulo<\/a>&nbsp;(PC-SP)<\/strong>&nbsp;est\u00e1 cada dia mais perto. Est\u00e3o sendo ofertadas<strong>&nbsp;1600<\/strong>&nbsp;vagas para&nbsp;<strong>Escriv\u00e3o&nbsp;<\/strong>e&nbsp;<strong>900&nbsp;<\/strong>para&nbsp;<strong>Investigador<\/strong>, com remunera\u00e7\u00e3o inicial de<strong>&nbsp;R$ 3.931,18<\/strong>.<\/p>\n\n\n\n<p>No artigo de hoje, iremos realizar um resumo sobre as <strong><mark style=\"background-color:rgba(0, 0, 0, 0)\" class=\"has-inline-color has-vivid-cyan-blue-color\">licen\u00e7as <\/mark><\/strong>presentes&nbsp;no<strong> <mark style=\"background-color:rgba(0, 0, 0, 0)\" class=\"has-inline-color has-vivid-cyan-blue-color\">Estatuto dos Funcion\u00e1rios P\u00fablicos Civis do Estado de S\u00e3o Paulo<\/mark><\/strong>, na<strong>&nbsp;Lei 10.261\/68<\/strong>, a qual ser\u00e1 cobrada no concurso da PC-SP.<\/p>\n\n\n\n<p>Voc\u00ea j\u00e1 pode conferir no nosso blog o artigo sobre o <strong><a href=\"https:\/\/www.estrategiaconcursos.com.br\/blog\/estatuto-funcionarios-publicos-pc-sp\" target=\"_blank\" rel=\"noreferrer noopener\">Provimento de cargos no Estatuto dos Funcion\u00e1rios P\u00fablicos<\/a><\/strong>.<\/p>\n\n\n\n<p>Vamos l\u00e1?<\/p>\n\n\n\n<div class=\"container\" id=\"boxes\">\n  <div class=\"row\">\n\n    <div class=\"col-sm\">\n      <div class=\"banner-policial\" id=\"box-assinatura\">\n        <h3 class=\"titulo-assinatura\">Concurso PC SP<\/h3>\n        <p class=\"subtitulo-assinatura\">Conhe\u00e7a os cursos<\/p>\n        <div class=\"box-botao\">\n          <a class=\"btn-assinatura\" target=\"_blank\" href=\"https:\/\/www.estrategiaconcursos.com.br\/cursosPorConcurso\/policia-civil-sp\/\" role=\"button\" rel=\"noopener noreferrer\">Conhe\u00e7a mais<\/a>\n        <\/div>\n      <\/div>\n   \n    <\/div>\n\n  <\/div>\n<\/div>\n\n\n\n<h2 class=\"wp-block-heading\" id=\"h-quais-sao-as-licencas-para-os-funcionarios-de-sp\"><mark style=\"background-color:rgba(0, 0, 0, 0)\" class=\"has-inline-color has-vivid-cyan-blue-color\">Quais s\u00e3o as licen\u00e7as para os funcion\u00e1rios de SP?<\/mark><\/h2>\n\n\n\n<p>Durante o v\u00ednculo funcional dos servidores p\u00fablicos, \u00e9 normal que haja&nbsp;<strong>imprevistos&nbsp;<\/strong>que impe\u00e7am o funcion\u00e1rio de desempenhar suas fun\u00e7\u00f5es de maneira satisfat\u00f3ria.<\/p>\n\n\n\n<p>Dessa maneira, o <strong>Estatuto dos Funcion\u00e1rios P\u00fablicos Civis do Estado de S\u00e3o Paulo<\/strong> oferece algumas&nbsp;<strong>licen\u00e7as&nbsp;<\/strong>que podem ser desfrutadas pelos seus funcion\u00e1rios em caso de&nbsp;<strong>necessidade<\/strong>.<\/p>\n\n\n\n<p>Vamos analisar agora cada uma delas.<\/p>\n\n\n\n<h2 class=\"wp-block-heading\" id=\"licenca-para-tratamento-de-saude\"><mark style=\"background-color:rgba(0, 0, 0, 0)\" class=\"has-inline-color has-vivid-cyan-blue-color\">Licen\u00e7a para tratamento de sa\u00fade<\/mark><\/h2>\n\n\n\n<p>Esta licen\u00e7a \u00e9 a&nbsp;<strong>mais comum<\/strong>, tanto no meio p\u00fablico, quanto no privado. No estado de S\u00e3o Paulo, quando o funcion\u00e1rio estadual, por motivo de <strong>sa\u00fade<\/strong>, estiver impossibilitado para o exerc\u00edcio do cargo, ele ter\u00e1 direito \u00e0 licen\u00e7a para tratamento, concedida at\u00e9 o <strong>m\u00e1ximo <\/strong>de <strong><mark style=\"background-color:rgba(0, 0, 0, 0)\" class=\"has-inline-color has-vivid-cyan-blue-color\">4 anos<\/mark><\/strong>, <strong>com vencimento <\/strong>ou remunera\u00e7\u00e3o.<\/p>\n\n\n\n<p>Ap\u00f3s o prazo da licen\u00e7a, o funcion\u00e1rio ser\u00e1 submetido \u00e0 <strong>inspe\u00e7\u00e3o m\u00e9dica<\/strong>. Caso seja verificada sua <strong>invalidez<\/strong>, o funcion\u00e1rio ser\u00e1 <strong>aposentado<\/strong>. Contudo, caso <strong>n\u00e3o <\/strong>justifique a aposentadoria, permite-se o licenciamento <strong>al\u00e9m do prazo<\/strong> citado.<\/p>\n\n\n\n<p><strong><mark style=\"background-color:rgba(0, 0, 0, 0)\" class=\"has-inline-color has-vivid-red-color\">A SABER:<\/mark>&nbsp;<\/strong>O funcion\u00e1rio ocupante de cargo em <strong><mark style=\"background-color:rgba(0, 0, 0, 0)\" class=\"has-inline-color has-vivid-cyan-blue-color\">comiss\u00e3o <\/mark><\/strong>tamb\u00e9m poder\u00e1 ser <strong>aposentado<\/strong>, nas condi\u00e7\u00f5es acima.<\/p>\n\n\n\n<p>A licen\u00e7a para tratamento de sa\u00fade depender\u00e1 de inspe\u00e7\u00e3o m\u00e9dica oficial e poder\u00e1 ser concedida&nbsp;<strong>a pedido<\/strong> do funcion\u00e1rio ou <strong>\u201cex officio<\/strong>\u201d.<\/p>\n\n\n\n<p>Contudo, a <strong>inspe\u00e7\u00e3o<\/strong> <strong>m\u00e9dica<\/strong> poder\u00e1 ser <strong>dispensada<\/strong>, a crit\u00e9rio do \u00f3rg\u00e3o oficial, quando a<strong> an\u00e1lise documental<\/strong> for <strong>suficiente <\/strong>para comprovar a incapacidade laboral.<\/p>\n\n\n\n<h2 class=\"wp-block-heading\" id=\"h-licenca-ao-funcionario-acidentado-no-exercicio-de-suas-atribuicoes-ou-atacado-de-doenca-profissional\"><mark style=\"background-color:rgba(0, 0, 0, 0)\" class=\"has-inline-color has-vivid-cyan-blue-color\">Licen\u00e7a ao Funcion\u00e1rio Acidentado no Exerc\u00edcio de suas Atribui\u00e7\u00f5es ou Atacado de Doen\u00e7a Profissional<\/mark><\/h2>\n\n\n\n<p>Essa licen\u00e7a \u00e9 concedida ao funcion\u00e1rio <strong>acidentado <\/strong>no <strong><mark style=\"background-color:rgba(0, 0, 0, 0)\" class=\"has-inline-color has-vivid-cyan-blue-color\">exerc\u00edcio de suas atribui\u00e7\u00f5es<\/mark><\/strong> ou que tenha adquirido <strong>doen\u00e7a profissional<\/strong>, com <strong>vencimento <\/strong>ou remunera\u00e7\u00e3o, n\u00e3o podendo exceder a <strong><mark style=\"background-color:rgba(0, 0, 0, 0)\" class=\"has-inline-color has-vivid-cyan-blue-color\">4 anos<\/mark><\/strong>.<\/p>\n\n\n\n<p>Contudo, no caso de acidente, verificada a<strong> incapacidade total<\/strong> para qualquer fun\u00e7\u00e3o p\u00fablica, ser\u00e1 <strong>desde logo <\/strong>concedida <strong>aposentadoria <\/strong>ao funcion\u00e1rio.<\/p>\n\n\n\n<p>O estatuto ainda disp\u00f5e expressamente sobre algumas situa\u00e7\u00f5es que s\u00e3o tamb\u00e9m <strong>consideradas acidente<\/strong>, como a <strong>agress\u00e3o <\/strong>sofrida e <strong>n\u00e3o provocada<\/strong> pelo funcion\u00e1rio, no <strong>exerc\u00edcio<\/strong> de suas fun\u00e7\u00f5es; e a <strong>les\u00e3o <\/strong>sofrida pelo funcion\u00e1rio, quando <strong>em tr\u00e2nsito,<\/strong> no percurso usual <strong>para o trabalho<\/strong>.<\/p>\n\n\n\n<p>A <strong>comprova\u00e7\u00e3o do acidente<\/strong>, indispens\u00e1vel para a concess\u00e3o da licen\u00e7a, ser\u00e1 feita em procedimento pr\u00f3prio, que dever\u00e1 se iniciar no prazo de <strong><mark style=\"background-color:rgba(0, 0, 0, 0)\" class=\"has-inline-color has-vivid-cyan-blue-color\">10 dias<\/mark><\/strong>, contados da data do acidente.<\/p>\n\n\n\n<h2 class=\"wp-block-heading\" id=\"h-licenca-a-funcionaria-gestante\"><mark style=\"background-color:rgba(0, 0, 0, 0)\" class=\"has-inline-color has-vivid-cyan-blue-color\">Licen\u00e7a \u00e0 Funcion\u00e1ria Gestante<\/mark><\/h2>\n\n\n\n<p>Esta \u00e9 uma das licen\u00e7as mais <strong>importantes<\/strong>, visto que permite que a m\u00e3e esteja junto do seu filho durante os primeiros dias de nascimento ou de ado\u00e7\u00e3o.<\/p>\n\n\n\n<p>\u00c0 funcion\u00e1ria gestante ser\u00e1 concedida licen\u00e7a de <strong><mark style=\"background-color:rgba(0, 0, 0, 0)\" class=\"has-inline-color has-vivid-cyan-blue-color\">180 dias<\/mark><\/strong>, <strong>com vencimento <\/strong>ou remunera\u00e7\u00e3o, observado o seguinte:<\/p>\n\n\n\n<ul class=\"wp-block-list\"><li>a licen\u00e7a <strong>poder\u00e1<\/strong> ser concedida a partir da <strong>32\u00aa semana<\/strong> de gesta\u00e7\u00e3o, mediante documenta\u00e7\u00e3o m\u00e9dica que comprove a gravidez e a respectiva idade gestacional;<\/li><li>ocorrido o <strong>parto<\/strong>, sem que tenha sido requerida a licen\u00e7a, ser\u00e1 esta concedida mediante a apresenta\u00e7\u00e3o da<strong> certid\u00e3o de nascimento<\/strong> e vigorar\u00e1 a partir da <strong>data do evento<\/strong>, podendo <strong>retroagir<\/strong> <strong>at\u00e9 15 dias<\/strong>;<\/li><li>durante a licen\u00e7a, comete <strong>falta grave<\/strong> a servidora que <strong>exercer <\/strong>qualquer <strong>atividade remunerada<\/strong> ou mantiver a crian\u00e7a em <strong>creche <\/strong>ou organiza\u00e7\u00e3o similar.<\/li><\/ul>\n\n\n\n<p><strong><mark style=\"background-color:rgba(0, 0, 0, 0)\" class=\"has-inline-color has-vivid-red-color\">A SABER: <\/mark><\/strong>No caso de <strong>natimorto<\/strong>, ser\u00e1 concedida a licen\u00e7a para<strong> tratamento de sa\u00fade,<\/strong> a crit\u00e9rio m\u00e9dico.<\/p>\n\n\n\n<h2 class=\"wp-block-heading\" id=\"h-licenca-por-motivo-de-doenca-em-pessoa-da-familia\"><mark style=\"background-color:rgba(0, 0, 0, 0)\" class=\"has-inline-color has-vivid-cyan-blue-color\">Licen\u00e7a por Motivo de Doen\u00e7a em Pessoa da Fam\u00edlia<\/mark><\/h2>\n\n\n\n<p>N\u00e3o \u00e9 apenas quando a sa\u00fade do funcion\u00e1rio p\u00fablico est\u00e1 debilitada que ele possui direito \u00e0 licen\u00e7a.<\/p>\n\n\n\n<p>Quando o<strong> c\u00f4njuge <\/strong>ou de <strong>parentes at\u00e9 segundo grau <\/strong>do servidor<strong>&nbsp;<\/strong>estiver doente, o funcion\u00e1rio tamb\u00e9m poder\u00e1 se licenciar.<\/p>\n\n\n\n<p>Esta licen\u00e7a ser\u00e1 concedida <strong>com vencimentos<\/strong> ou remunera\u00e7\u00e3o <strong><mark style=\"background-color:rgba(0, 0, 0, 0)\" class=\"has-inline-color has-vivid-cyan-blue-color\">at\u00e9 1 m\u00eas<\/mark><\/strong> e com os seguintes <strong><mark style=\"background-color:rgba(0, 0, 0, 0)\" class=\"has-inline-color has-vivid-cyan-blue-color\">descontos<\/mark><\/strong>:<\/p>\n\n\n\n<ul class=\"wp-block-list\"><li>de <strong><mark style=\"background-color:rgba(0, 0, 0, 0)\" class=\"has-inline-color has-vivid-cyan-blue-color\">1\/3<\/mark><\/strong>, quando <strong>exceder <\/strong>a <strong>1 m\u00eas at\u00e9 3<\/strong>;<\/li><li>de <strong><mark style=\"background-color:rgba(0, 0, 0, 0)\" class=\"has-inline-color has-vivid-cyan-blue-color\">2\/3<\/mark><\/strong>, quando <strong>exceder<\/strong> a <strong>3 at\u00e9 6<\/strong>;<\/li><li><strong><mark style=\"background-color:rgba(0, 0, 0, 0)\" class=\"has-inline-color has-vivid-cyan-blue-color\">sem vencimento<\/mark> <\/strong>ou remunera\u00e7\u00e3o do <strong>s\u00e9timo ao vig\u00e9simo m\u00eas<\/strong>.<\/li><\/ul>\n\n\n\n<p>Por fim, ser\u00e3o <strong>somadas <\/strong>as licen\u00e7as concedidas durante o per\u00edodo de <strong><mark style=\"background-color:rgba(0, 0, 0, 0)\" class=\"has-inline-color has-vivid-cyan-blue-color\">20 meses<\/mark><\/strong>, contado da primeira concess\u00e3o.&nbsp;<\/p>\n\n\n\n<h2 class=\"wp-block-heading\" id=\"h-licenca-para-atender-a-obrigacoes-concernentes-ao-servico-militar\"><mark style=\"background-color:rgba(0, 0, 0, 0)\" class=\"has-inline-color has-vivid-cyan-blue-color\">Licen\u00e7a para Atender a Obriga\u00e7\u00f5es Concernentes ao Servi\u00e7o Militar<\/mark><\/h2>\n\n\n\n<p>O funcion\u00e1rio que for convocado para o<strong> servi\u00e7o militar<\/strong> e outros encargos da <strong>seguran\u00e7a naciona<\/strong>l ter\u00e1 direito \u00e0 licen\u00e7a, contudo,<strong> sem vencimento<\/strong> ou remunera\u00e7\u00e3o.<\/p>\n\n\n\n<p>Ap\u00f3s o <strong>fim <\/strong>da licen\u00e7a, o funcion\u00e1rio desincorporado<strong> reassumir\u00e1 imediatamente <\/strong>o exerc\u00edcio, sob pena de <strong>demiss\u00e3o<\/strong> por inassiduidade, se a aus\u00eancia <strong>exceder<\/strong> <strong><mark style=\"background-color:rgba(0, 0, 0, 0)\" class=\"has-inline-color has-vivid-cyan-blue-color\">15 dias<\/mark><\/strong> <strong>consecutivos<\/strong>.<\/p>\n\n\n\n<h2 class=\"wp-block-heading\" id=\"h-licenca-para-tratar-de-interesses-particulares\"><mark style=\"background-color:rgba(0, 0, 0, 0)\" class=\"has-inline-color has-vivid-cyan-blue-color\">Licen\u00e7a para Tratar de Interesses Particulares<\/mark><\/h2>\n\n\n\n<p>Quando surgir algum&nbsp;<strong>imprevisto na vida pessoal&nbsp;<\/strong>do servidor, ele poder\u00e1 solicitar uma licen\u00e7a, de modo a tratar dos seus&nbsp;<strong>interesses particulares<\/strong>.<\/p>\n\n\n\n<p>Contudo, ela n\u00e3o poder\u00e1 ser concedida livremente, sendo necess\u00e1rio que o poder p\u00fablico, ap\u00f3s avaliada a situa\u00e7\u00e3o,<strong>&nbsp;discricionariamente a&nbsp;conceda<\/strong>, podendo ser <strong>negada <\/strong>a licen\u00e7a quando o afastamento do funcion\u00e1rio for <strong>inconveniente ao interesse do servi\u00e7o<\/strong>.<\/p>\n\n\n\n<p><strong><mark style=\"background-color:rgba(0, 0, 0, 0)\" class=\"has-inline-color has-vivid-red-color\">A SABER: <\/mark><\/strong>Tal licen\u00e7a apenas poder\u00e1 ser concedida <strong>depois <\/strong>de <strong><mark style=\"background-color:rgba(0, 0, 0, 0)\" class=\"has-inline-color has-vivid-cyan-blue-color\">5 anos de exerc\u00edcio<\/mark><\/strong>, <strong>sem vencimento<\/strong> ou remunera\u00e7\u00e3o, pelo prazo <strong>m\u00e1ximo<\/strong> de <strong><mark style=\"background-color:rgba(0, 0, 0, 0)\" class=\"has-inline-color has-vivid-cyan-blue-color\">2 anos<\/mark><\/strong>.<\/p>\n\n\n\n<p>Al\u00e9m disso, a licen\u00e7a poder\u00e1 ser gozada <strong>parceladamente <\/strong>a ju\u00edzo da Administra\u00e7\u00e3o, desde que dentro do per\u00edodo de <strong>3 anos<\/strong>, sendo que s\u00f3 poder\u00e1 ser concedida <strong>nova licen\u00e7a <\/strong>depois de decorridos<strong> 5 anos<\/strong> do <strong>t\u00e9rmino da anterior.<\/strong><\/p>\n\n\n\n<p>Vale ainda salientar que <strong>n\u00e3o <\/strong>ser\u00e1 concedida licen\u00e7a para tratar de interesses particulares ao funcion\u00e1rio nomeado, removido ou transferido, <strong>antes <\/strong>de <strong>assumir o exerc\u00edcio <\/strong>do cargo.<\/p>\n\n\n\n<h2 class=\"wp-block-heading\" id=\"h-licenca-a-funcionaria-casada-com-funcionario-ou-militar\"><mark style=\"background-color:rgba(0, 0, 0, 0)\" class=\"has-inline-color has-vivid-cyan-blue-color\">Licen\u00e7a \u00e0 Funcion\u00e1ria Casada com Funcion\u00e1rio ou Militar<\/mark><\/h2>\n\n\n\n<p>Esta \u00e9 uma licen\u00e7a que permite que a <strong>funcion\u00e1ria <\/strong>estadual <strong>acompanhe <\/strong>o seu <strong>c\u00f4njuge<\/strong>, tamb\u00e9m <strong>funcion\u00e1rio<\/strong>, em eventual<strong> mudan\u00e7a de domic\u00edlio<\/strong>.<\/p>\n\n\n\n<p>Nesse sentido, a funcion\u00e1ria casada com funcion\u00e1rio estadual ou com militar ter\u00e1 direito \u00e0 licen\u00e7a, <strong>sem vencimento <\/strong>ou remunera\u00e7\u00e3o, quando o marido for mandado <strong>servir<\/strong>, <strong>independentemente de solicita\u00e7\u00e3o<\/strong>, em <strong>outro ponto do Estado<\/strong> ou do <strong>territ\u00f3rio nacional <\/strong>ou no <strong>estrangeiro<\/strong>.<\/p>\n\n\n\n<p>N\u00e3o h\u00e1 um limite m\u00e1ximo para esta licen\u00e7a, j\u00e1 que ela vigorar\u00e1 pelo <strong>tempo <\/strong>que <strong>durar <\/strong>a comiss\u00e3o ou a nova fun\u00e7\u00e3o do marido.&nbsp;<\/p>\n\n\n\n<h2 class=\"wp-block-heading\" id=\"h-licenca-compulsoria\"><mark style=\"background-color:rgba(0, 0, 0, 0)\" class=\"has-inline-color has-vivid-cyan-blue-color\">Licen\u00e7a Compuls\u00f3ria<\/mark><\/h2>\n\n\n\n<p>Quando o funcion\u00e1rio for considerado <strong>fonte <\/strong>de <strong>infec\u00e7\u00e3o <\/strong>de <strong>doen\u00e7a transmiss\u00edvel,<\/strong> ele poder\u00e1 ser licenciado, enquanto <strong>durar essa condi\u00e7\u00e3o<\/strong>, a ju\u00edzo de autoridade sanit\u00e1ria competente, sendo que, quando for <strong>verificada <\/strong>a proced\u00eancia da <strong>suspeita<\/strong>, o funcion\u00e1rio ser\u00e1 licenciado para <strong>tratamento de sa\u00fade.<\/strong><\/p>\n\n\n\n<p>Quando <strong>n\u00e3o positivada<\/strong> a mol\u00e9stia, dever\u00e1 o funcion\u00e1rio <strong>retornar <\/strong>ao servi\u00e7o, considerando-se como de <strong>efetivo exerc\u00edcio<\/strong> para todos os efeitos legais, o per\u00edodo de licen\u00e7a compuls\u00f3ria.<\/p>\n\n\n\n<p>Esta licen\u00e7a foi bastante utilizada durante a pandemia de COVID-19.<\/p>\n\n\n\n<h2 class=\"wp-block-heading\" id=\"h-licenca-premio\"><mark style=\"background-color:rgba(0, 0, 0, 0)\" class=\"has-inline-color has-vivid-cyan-blue-color\">Licen\u00e7a-pr\u00eamio<\/mark><\/h2>\n\n\n\n<p>O funcion\u00e1rio ter\u00e1 direito, como pr\u00eamio de <strong><mark style=\"background-color:rgba(0, 0, 0, 0)\" class=\"has-inline-color has-vivid-cyan-blue-color\">assiduidade<\/mark><\/strong>, \u00e0 licen\u00e7a de<mark style=\"background-color:rgba(0, 0, 0, 0)\" class=\"has-inline-color has-vivid-cyan-blue-color\"><strong> 90 dias<\/strong> <\/mark>em cada per\u00edodo de<strong> <mark style=\"background-color:rgba(0, 0, 0, 0)\" class=\"has-inline-color has-vivid-cyan-blue-color\">5 anos<\/mark><\/strong> de <strong>exerc\u00edcio ininterrupto<\/strong>. Contudo, para usufru\u00ed-la, \u00e9 necess\u00e1rio que o funcion\u00e1rio <strong>n\u00e3o <\/strong>tenha sofrido qualquer <strong>penalidade administrativa<\/strong>.<\/p>\n\n\n\n<p>O per\u00edodo da licen\u00e7a ser\u00e1 considerado de <strong>efetivo exerc\u00edcio <\/strong>para todos os efeitos legais, e n\u00e3o acarretar\u00e1 desconto algum no vencimento ou remunera\u00e7\u00e3o.<\/p>\n\n\n\n<p>H\u00e1 ainda algumas regras em rela\u00e7\u00e3o a essa licen\u00e7a, j\u00e1 que o funcion\u00e1rio poder\u00e1 requerer o gozo da licen\u00e7a-pr\u00eamio:<\/p>\n\n\n\n<ul class=\"wp-block-list\"><li>por <strong>inteiro <\/strong>ou em <strong>parcelas <\/strong>n\u00e3o inferiores a <strong>15 dias<\/strong>;<\/li><li>at\u00e9 o implemento das condi\u00e7\u00f5es para a aposentadoria volunt\u00e1ria.<\/li><\/ul>\n\n\n\n<p>Caso o funcion\u00e1rio apresente o pedido de <strong>aposentadoria<\/strong>, <strong>sem <\/strong>a pr\u00e9via e oportuna apresenta\u00e7\u00e3o do <strong>requerimento <\/strong>de gozo da <strong>licen\u00e7a-pr\u00eamio<\/strong>, implicar\u00e1 <strong>perda <\/strong>do direito \u00e0 tal licen\u00e7a.<\/p>\n\n\n\n<p>Ap\u00f3s o funcion\u00e1rio solicitar a licen\u00e7a, ele dever\u00e1 <strong>aguardar em exerc\u00edcio<\/strong> a aprecia\u00e7\u00e3o do requerimento de gozo da licen\u00e7a-pr\u00eamio. Caso n\u00e3o se inicie a licen\u00e7a em at\u00e9 <strong><mark style=\"background-color:rgba(0, 0, 0, 0)\" class=\"has-inline-color has-vivid-cyan-blue-color\">30 dias<\/mark> <\/strong>contados da publica\u00e7\u00e3o do ato que o houver autorizado, o gozo da licen\u00e7a-pr\u00eamio depender\u00e1 de<strong> novo requerimento<\/strong>.<\/p>\n\n\n\n<p>Vale ainda salientar que cabe \u00e0 autoridade competente&nbsp;adotar, ap\u00f3s manifesta\u00e7\u00e3o do chefe imediato, sem preju\u00edzo para o servi\u00e7o, as<strong> medidas necess\u00e1rias <\/strong>para que o funcion\u00e1rio possa <strong>gozar <\/strong>a licen\u00e7a-pr\u00eamio a que tenha direito. Al\u00e9m disso, ele deve&nbsp;decidir, ap\u00f3s manifesta\u00e7\u00e3o do chefe imediato, observada a op\u00e7\u00e3o do funcion\u00e1rio e respeitado o interesse do servi\u00e7o, pelo gozo da licen\u00e7a-pr\u00eamio por inteiro ou parceladamente.<\/p>\n\n\n\n<h2 class=\"wp-block-heading\" id=\"finalizando\"><mark style=\"background-color:rgba(0, 0, 0, 0)\" class=\"has-inline-color has-vivid-cyan-blue-color\">Finalizando<\/mark><\/h2>\n\n\n\n<p>Bom, Pessoal! Chegamos ao final do nosso resumo das licen\u00e7as&nbsp;no&nbsp;<strong>Estatuto dos Funcion\u00e1rios P\u00fablicos Civis do Estado de S\u00e3o Paulo,<\/strong>&nbsp;presente na Lei 10.261\/68 para o concurso PC-SP.<\/p>\n\n\n\n<p>Contudo, ressaltamos a import\u00e2ncia da<strong>&nbsp;leitura da lei&nbsp;<\/strong>citada aqui, para a sua aprova\u00e7\u00e3o. Esse artigo \u00e9 apenas uma an\u00e1lise mais simplificada dessa norma.<\/p>\n\n\n\n<p>Caso queira se preparar para chegar&nbsp;<strong>competitivo&nbsp;<\/strong>nesta prova, invista nos&nbsp;<a href=\"https:\/\/www.estrategiaconcursos.com.br\/cursosPorConcurso\/policia-civil-sp\/\" target=\"_blank\" rel=\"noreferrer noopener\"><strong>cursos para a PC-SP<\/strong><\/a>&nbsp;do&nbsp;<strong>Estrat\u00e9gia Concursos<\/strong>.&nbsp;L\u00e1 voc\u00ea encontrar\u00e1&nbsp;<strong>aulas completas e detalhadas, com os melhores professores do mercado<\/strong>,&nbsp;de todos os t\u00f3picos exigidos no edital deste concurso.<\/p>\n\n\n\n<p>Conhe\u00e7a tamb\u00e9m o&nbsp;<a href=\"https:\/\/questoes.estrategiaconcursos.com.br\/\" target=\"_blank\" rel=\"noreferrer noopener\"><strong>Sistema de Quest\u00f5es do Estrat\u00e9gia<\/strong><\/a>. Afinal, a \u00fanica maneira de&nbsp;<strong>consolidar o conte\u00fado&nbsp;<\/strong>de maneira satisfat\u00f3ria \u00e9 atrav\u00e9s da&nbsp;<strong>resolu\u00e7\u00e3o de quest\u00f5es.<\/strong><\/p>\n\n\n\n<p>Bons estudos a todos e at\u00e9 a pr\u00f3xima!<\/p>\n\n\n\n<h2 class=\"has-text-align-center wp-block-heading\" id=\"h-cursos-e-assinaturas\">Cursos e Assinaturas <\/h2>\n\n\n\n<p>Prepare-se com o melhor material e com quem mais aprova em Concursos P\u00fablicos em todo o pa\u00eds!<\/p>\n\n\n\n<p class=\"has-text-align-center has-vivid-cyan-blue-color has-text-color has-background\" style=\"background-color:#0078bd\"><a href=\"https:\/\/www.estrategiaconcursos.com.br\/blog\/concursos-abertos\/\" target=\"_blank\" rel=\"noreferrer noopener\"><strong><span class=\"has-inline-color has-white-color\">Concursos abertos<\/span><\/strong><\/a><\/p>\n\n\n\n<p class=\"has-text-align-center has-vivid-cyan-blue-color has-text-color has-background\" style=\"background-color:#0072b4\"><strong><a href=\"https:\/\/www.estrategiaconcursos.com.br\/blog\/concursos-2022\/\" target=\"_blank\" rel=\"noreferrer noopener\"><span class=\"has-inline-color has-white-color\">Concursos 2022<\/span><\/a><\/strong><\/p>\n\n\n\n<div class=\"container\" id=\"boxes\">\n  <div class=\"row\">\n    <div class=\"col-sm\">\n      <div class=\"estrategia\" id=\"box-assinatura\">\n        <h3 class=\"titulo-assinatura\">Assinatura de Concursos<\/h3>\n        <p class=\"subtitulo-assinatura\">Assinatura de 1 ano ou 2 anos<\/p>\n        <div class=\"box-botao\">\n          <a class=\"btn-assinatura\" target=\"_blank\" href=\"https:\/\/www.estrategiaconcursos.com.br\/assinaturas\/\" role=\"button\" rel=\"noopener noreferrer\">ASSINE AGORA<\/a>\n        <\/div>\n      <\/div>\n      \n    <\/div><\/div><\/div>\n","protected":false},"excerpt":{"rendered":"<p>Confira aqui um resumo das Licen\u00e7as no&nbsp;Estatuto dos Funcion\u00e1rios P\u00fablicos Civis do Estado de S\u00e3o Paulo,&nbsp;&nbsp;na&nbsp;Lei 10.261\/68,&nbsp;para o concurso da&nbsp;Pol\u00edcia Civil de S\u00e3o Paulo&nbsp;(PC-SP). Ol\u00e1, pessoal! Tudo bem com voc\u00eas? O concurso da&nbsp;Pol\u00edcia Civil de S\u00e3o Paulo&nbsp;(PC-SP)&nbsp;est\u00e1 cada dia mais perto. Est\u00e3o sendo ofertadas&nbsp;1600&nbsp;vagas para&nbsp;Escriv\u00e3o&nbsp;e&nbsp;900&nbsp;para&nbsp;Investigador, com remunera\u00e7\u00e3o inicial de&nbsp;R$ 3.931,18. No artigo de hoje, iremos [&hellip;]<\/p>\n","protected":false},"author":1976,"featured_media":1001204,"comment_status":"open","ping_status":"closed","sticky":false,"template":"","format":"standard","meta":{"post_tipo":"article","footnotes":""},"categories":[1988],"tags":[],"tax_estado":[219989],"class_list":["post-1018017","post","type-post","status-publish","format-standard","has-post-thumbnail","hentry","category-policia","tax_estado-sp"],"acf":[],"yoast_head":"<!-- This site is optimized with the Yoast SEO Premium plugin v27.2 (Yoast SEO v27.2) - https:\/\/yoast.com\/product\/yoast-seo-premium-wordpress\/ -->\n<title>O Estatuto dos Funcion\u00e1rios P\u00fablicos para PC-SP: Licen\u00e7as<\/title>\n<meta name=\"description\" content=\"Confira aqui um resumo das Licen\u00e7as no\u00a0Estatuto dos Funcion\u00e1rios P\u00fablicos Civis de SP,\u00a0para a\u00a0Pol\u00edcia Civil de S\u00e3o Paulo\u00a0(PC-SP).\" \/>\n<meta name=\"robots\" content=\"index, follow, max-snippet:-1, max-image-preview:large, max-video-preview:-1\" \/>\n<link rel=\"canonical\" href=\"https:\/\/www.estrategiaconcursos.com.br\/blog\/estatuto-funcionarios-pc-sp-licencas\/\" \/>\n<meta property=\"og:locale\" content=\"pt_BR\" \/>\n<meta property=\"og:type\" content=\"article\" \/>\n<meta property=\"og:title\" content=\"O Estatuto dos Funcion\u00e1rios P\u00fablicos para PC-SP: Licen\u00e7as\" \/>\n<meta property=\"og:description\" content=\"Confira aqui um resumo das Licen\u00e7as no\u00a0Estatuto dos Funcion\u00e1rios P\u00fablicos Civis de SP,\u00a0para a\u00a0Pol\u00edcia Civil de S\u00e3o Paulo\u00a0(PC-SP).\" \/>\n<meta property=\"og:url\" content=\"https:\/\/www.estrategiaconcursos.com.br\/blog\/estatuto-funcionarios-pc-sp-licencas\/\" \/>\n<meta property=\"og:site_name\" content=\"Estrat\u00e9gia Concursos\" \/>\n<meta property=\"article:published_time\" content=\"2022-05-20T11:36:00+00:00\" \/>\n<meta property=\"og:image\" content=\"https:\/\/dhg1h5j42swfq.cloudfront.net\/2022\/04\/04155101\/pc-sp.jpg\" \/>\n\t<meta property=\"og:image:width\" content=\"768\" \/>\n\t<meta property=\"og:image:height\" content=\"432\" \/>\n\t<meta property=\"og:image:type\" content=\"image\/jpeg\" \/>\n<meta name=\"author\" content=\"Kassio Henrique Sobral Rocha\" \/>\n<meta name=\"twitter:card\" content=\"summary_large_image\" \/>\n<meta name=\"twitter:creator\" content=\"@EstratConcursos\" \/>\n<meta name=\"twitter:site\" content=\"@EstratConcursos\" \/>\n<meta name=\"twitter:label1\" content=\"Escrito por\" \/>\n\t<meta name=\"twitter:data1\" content=\"Kassio Henrique Sobral Rocha\" \/>\n\t<meta name=\"twitter:label2\" content=\"Est. tempo de leitura\" \/>\n\t<meta name=\"twitter:data2\" content=\"9 minutos\" \/>\n<script type=\"application\/ld+json\" class=\"yoast-schema-graph\">{\"@context\":\"https:\/\/schema.org\",\"@graph\":[{\"@type\":\"NewsArticle\",\"@id\":\"https:\/\/www.estrategiaconcursos.com.br\/blog\/estatuto-funcionarios-pc-sp-licencas\/#article\",\"isPartOf\":{\"@id\":\"https:\/\/www.estrategiaconcursos.com.br\/blog\/estatuto-funcionarios-pc-sp-licencas\/\"},\"author\":{\"name\":\"Kassio Henrique Sobral Rocha\",\"@id\":\"https:\/\/www.estrategiaconcursos.com.br\/blog\/#\/schema\/person\/f0c830e07cfe11c231c0ea5dbb036df5\"},\"headline\":\"O Estatuto dos Funcion\u00e1rios P\u00fablicos para PC-SP: Licen\u00e7as\",\"datePublished\":\"2022-05-20T11:36:00+00:00\",\"mainEntityOfPage\":{\"@id\":\"https:\/\/www.estrategiaconcursos.com.br\/blog\/estatuto-funcionarios-pc-sp-licencas\/\"},\"wordCount\":1834,\"commentCount\":0,\"publisher\":{\"@id\":\"https:\/\/www.estrategiaconcursos.com.br\/blog\/#organization\"},\"image\":{\"@id\":\"https:\/\/www.estrategiaconcursos.com.br\/blog\/estatuto-funcionarios-pc-sp-licencas\/#primaryimage\"},\"thumbnailUrl\":\"https:\/\/dhg1h5j42swfq.cloudfront.net\/2022\/04\/04155101\/pc-sp.jpg\",\"articleSection\":[\"Policial (Agente, Escriv\u00e3o e Investigador)\"],\"inLanguage\":\"pt-BR\",\"potentialAction\":[{\"@type\":\"CommentAction\",\"name\":\"Comment\",\"target\":[\"https:\/\/www.estrategiaconcursos.com.br\/blog\/estatuto-funcionarios-pc-sp-licencas\/#respond\"]}],\"copyrightYear\":\"2022\",\"copyrightHolder\":{\"@id\":\"https:\/\/www.estrategiaconcursos.com.br\/blog\/#organization\"}},{\"@type\":\"WebPage\",\"@id\":\"https:\/\/www.estrategiaconcursos.com.br\/blog\/estatuto-funcionarios-pc-sp-licencas\/\",\"url\":\"https:\/\/www.estrategiaconcursos.com.br\/blog\/estatuto-funcionarios-pc-sp-licencas\/\",\"name\":\"O Estatuto dos Funcion\u00e1rios P\u00fablicos para PC-SP: Licen\u00e7as\",\"isPartOf\":{\"@id\":\"https:\/\/www.estrategiaconcursos.com.br\/blog\/#website\"},\"primaryImageOfPage\":{\"@id\":\"https:\/\/www.estrategiaconcursos.com.br\/blog\/estatuto-funcionarios-pc-sp-licencas\/#primaryimage\"},\"image\":{\"@id\":\"https:\/\/www.estrategiaconcursos.com.br\/blog\/estatuto-funcionarios-pc-sp-licencas\/#primaryimage\"},\"thumbnailUrl\":\"https:\/\/dhg1h5j42swfq.cloudfront.net\/2022\/04\/04155101\/pc-sp.jpg\",\"datePublished\":\"2022-05-20T11:36:00+00:00\",\"description\":\"Confira aqui um resumo das Licen\u00e7as no\u00a0Estatuto dos Funcion\u00e1rios P\u00fablicos Civis de SP,\u00a0para a\u00a0Pol\u00edcia Civil de S\u00e3o Paulo\u00a0(PC-SP).\",\"breadcrumb\":{\"@id\":\"https:\/\/www.estrategiaconcursos.com.br\/blog\/estatuto-funcionarios-pc-sp-licencas\/#breadcrumb\"},\"inLanguage\":\"pt-BR\",\"potentialAction\":[{\"@type\":\"ReadAction\",\"target\":[\"https:\/\/www.estrategiaconcursos.com.br\/blog\/estatuto-funcionarios-pc-sp-licencas\/\"]}]},{\"@type\":\"ImageObject\",\"inLanguage\":\"pt-BR\",\"@id\":\"https:\/\/www.estrategiaconcursos.com.br\/blog\/estatuto-funcionarios-pc-sp-licencas\/#primaryimage\",\"url\":\"https:\/\/dhg1h5j42swfq.cloudfront.net\/2022\/04\/04155101\/pc-sp.jpg\",\"contentUrl\":\"https:\/\/dhg1h5j42swfq.cloudfront.net\/2022\/04\/04155101\/pc-sp.jpg\",\"width\":768,\"height\":432,\"caption\":\"Concurso PC SP\"},{\"@type\":\"BreadcrumbList\",\"@id\":\"https:\/\/www.estrategiaconcursos.com.br\/blog\/estatuto-funcionarios-pc-sp-licencas\/#breadcrumb\",\"itemListElement\":[{\"@type\":\"ListItem\",\"position\":1,\"name\":\"In\u00edcio\",\"item\":\"https:\/\/www.estrategiaconcursos.com.br\/blog\/\"},{\"@type\":\"ListItem\",\"position\":2,\"name\":\"O Estatuto dos Funcion\u00e1rios P\u00fablicos para PC-SP: Licen\u00e7as\"}]},{\"@type\":\"WebSite\",\"@id\":\"https:\/\/www.estrategiaconcursos.com.br\/blog\/#website\",\"url\":\"https:\/\/www.estrategiaconcursos.com.br\/blog\/\",\"name\":\"Estrat\u00e9gia Concursos\",\"description\":\"O blog da Estrat\u00e9gia Concursos traz not\u00edcias sobre concursos e artigos de professores oferecendo cursos para concursos (pdf + videaulas) no site.\",\"publisher\":{\"@id\":\"https:\/\/www.estrategiaconcursos.com.br\/blog\/#organization\"},\"potentialAction\":[{\"@type\":\"SearchAction\",\"target\":{\"@type\":\"EntryPoint\",\"urlTemplate\":\"https:\/\/www.estrategiaconcursos.com.br\/blog\/?s={search_term_string}\"},\"query-input\":{\"@type\":\"PropertyValueSpecification\",\"valueRequired\":true,\"valueName\":\"search_term_string\"}}],\"inLanguage\":\"pt-BR\"},{\"@type\":\"Organization\",\"@id\":\"https:\/\/www.estrategiaconcursos.com.br\/blog\/#organization\",\"name\":\"Estrat\u00e9gia Concursos\",\"url\":\"https:\/\/www.estrategiaconcursos.com.br\/blog\/\",\"logo\":{\"@type\":\"ImageObject\",\"inLanguage\":\"pt-BR\",\"@id\":\"https:\/\/www.estrategiaconcursos.com.br\/blog\/#\/schema\/logo\/image\/\",\"url\":\"https:\/\/dhg1h5j42swfq.cloudfront.net\/2025\/06\/03203428\/logo_concursos-1.jpg\",\"contentUrl\":\"https:\/\/dhg1h5j42swfq.cloudfront.net\/2025\/06\/03203428\/logo_concursos-1.jpg\",\"width\":230,\"height\":60,\"caption\":\"Estrat\u00e9gia Concursos\"},\"image\":{\"@id\":\"https:\/\/www.estrategiaconcursos.com.br\/blog\/#\/schema\/logo\/image\/\"},\"sameAs\":[\"https:\/\/x.com\/EstratConcursos\"]},{\"@type\":\"Person\",\"@id\":\"https:\/\/www.estrategiaconcursos.com.br\/blog\/#\/schema\/person\/f0c830e07cfe11c231c0ea5dbb036df5\",\"name\":\"Kassio Henrique Sobral Rocha\",\"image\":{\"@type\":\"ImageObject\",\"inLanguage\":\"pt-BR\",\"@id\":\"https:\/\/secure.gravatar.com\/avatar\/d10350cbdad043facd8ec77a377f86f9026afee3348e463b04854fd4490ce759?s=96&d=mm&r=g\",\"url\":\"https:\/\/secure.gravatar.com\/avatar\/d10350cbdad043facd8ec77a377f86f9026afee3348e463b04854fd4490ce759?s=96&d=mm&r=g\",\"contentUrl\":\"https:\/\/secure.gravatar.com\/avatar\/d10350cbdad043facd8ec77a377f86f9026afee3348e463b04854fd4490ce759?s=96&d=mm&r=g\",\"caption\":\"Kassio Henrique Sobral Rocha\"},\"url\":\"https:\/\/www.estrategiaconcursos.com.br\/blog\/author\/kassio-rochayahoo-com-br\/\"}]}<\/script>\n<!-- \/ Yoast SEO Premium plugin. -->","yoast_head_json":{"title":"O Estatuto dos Funcion\u00e1rios P\u00fablicos para PC-SP: Licen\u00e7as","description":"Confira aqui um resumo das Licen\u00e7as no\u00a0Estatuto dos Funcion\u00e1rios P\u00fablicos Civis de SP,\u00a0para a\u00a0Pol\u00edcia Civil de S\u00e3o Paulo\u00a0(PC-SP).","robots":{"index":"index","follow":"follow","max-snippet":"max-snippet:-1","max-image-preview":"max-image-preview:large","max-video-preview":"max-video-preview:-1"},"canonical":"https:\/\/www.estrategiaconcursos.com.br\/blog\/estatuto-funcionarios-pc-sp-licencas\/","og_locale":"pt_BR","og_type":"article","og_title":"O Estatuto dos Funcion\u00e1rios P\u00fablicos para PC-SP: Licen\u00e7as","og_description":"Confira aqui um resumo das Licen\u00e7as no\u00a0Estatuto dos Funcion\u00e1rios P\u00fablicos Civis de SP,\u00a0para a\u00a0Pol\u00edcia Civil de S\u00e3o Paulo\u00a0(PC-SP).","og_url":"https:\/\/www.estrategiaconcursos.com.br\/blog\/estatuto-funcionarios-pc-sp-licencas\/","og_site_name":"Estrat\u00e9gia Concursos","article_published_time":"2022-05-20T11:36:00+00:00","og_image":[{"width":768,"height":432,"url":"https:\/\/dhg1h5j42swfq.cloudfront.net\/2022\/04\/04155101\/pc-sp.jpg","type":"image\/jpeg"}],"author":"Kassio Henrique Sobral Rocha","twitter_card":"summary_large_image","twitter_creator":"@EstratConcursos","twitter_site":"@EstratConcursos","twitter_misc":{"Escrito por":"Kassio Henrique Sobral Rocha","Est. tempo de leitura":"9 minutos"},"schema":{"@context":"https:\/\/schema.org","@graph":[{"@type":"NewsArticle","@id":"https:\/\/www.estrategiaconcursos.com.br\/blog\/estatuto-funcionarios-pc-sp-licencas\/#article","isPartOf":{"@id":"https:\/\/www.estrategiaconcursos.com.br\/blog\/estatuto-funcionarios-pc-sp-licencas\/"},"author":{"name":"Kassio Henrique Sobral Rocha","@id":"https:\/\/www.estrategiaconcursos.com.br\/blog\/#\/schema\/person\/f0c830e07cfe11c231c0ea5dbb036df5"},"headline":"O Estatuto dos Funcion\u00e1rios P\u00fablicos para PC-SP: Licen\u00e7as","datePublished":"2022-05-20T11:36:00+00:00","mainEntityOfPage":{"@id":"https:\/\/www.estrategiaconcursos.com.br\/blog\/estatuto-funcionarios-pc-sp-licencas\/"},"wordCount":1834,"commentCount":0,"publisher":{"@id":"https:\/\/www.estrategiaconcursos.com.br\/blog\/#organization"},"image":{"@id":"https:\/\/www.estrategiaconcursos.com.br\/blog\/estatuto-funcionarios-pc-sp-licencas\/#primaryimage"},"thumbnailUrl":"https:\/\/dhg1h5j42swfq.cloudfront.net\/2022\/04\/04155101\/pc-sp.jpg","articleSection":["Policial (Agente, Escriv\u00e3o e Investigador)"],"inLanguage":"pt-BR","potentialAction":[{"@type":"CommentAction","name":"Comment","target":["https:\/\/www.estrategiaconcursos.com.br\/blog\/estatuto-funcionarios-pc-sp-licencas\/#respond"]}],"copyrightYear":"2022","copyrightHolder":{"@id":"https:\/\/www.estrategiaconcursos.com.br\/blog\/#organization"}},{"@type":"WebPage","@id":"https:\/\/www.estrategiaconcursos.com.br\/blog\/estatuto-funcionarios-pc-sp-licencas\/","url":"https:\/\/www.estrategiaconcursos.com.br\/blog\/estatuto-funcionarios-pc-sp-licencas\/","name":"O Estatuto dos Funcion\u00e1rios P\u00fablicos para PC-SP: Licen\u00e7as","isPartOf":{"@id":"https:\/\/www.estrategiaconcursos.com.br\/blog\/#website"},"primaryImageOfPage":{"@id":"https:\/\/www.estrategiaconcursos.com.br\/blog\/estatuto-funcionarios-pc-sp-licencas\/#primaryimage"},"image":{"@id":"https:\/\/www.estrategiaconcursos.com.br\/blog\/estatuto-funcionarios-pc-sp-licencas\/#primaryimage"},"thumbnailUrl":"https:\/\/dhg1h5j42swfq.cloudfront.net\/2022\/04\/04155101\/pc-sp.jpg","datePublished":"2022-05-20T11:36:00+00:00","description":"Confira aqui um resumo das Licen\u00e7as no\u00a0Estatuto dos Funcion\u00e1rios P\u00fablicos Civis de SP,\u00a0para a\u00a0Pol\u00edcia Civil de S\u00e3o Paulo\u00a0(PC-SP).","breadcrumb":{"@id":"https:\/\/www.estrategiaconcursos.com.br\/blog\/estatuto-funcionarios-pc-sp-licencas\/#breadcrumb"},"inLanguage":"pt-BR","potentialAction":[{"@type":"ReadAction","target":["https:\/\/www.estrategiaconcursos.com.br\/blog\/estatuto-funcionarios-pc-sp-licencas\/"]}]},{"@type":"ImageObject","inLanguage":"pt-BR","@id":"https:\/\/www.estrategiaconcursos.com.br\/blog\/estatuto-funcionarios-pc-sp-licencas\/#primaryimage","url":"https:\/\/dhg1h5j42swfq.cloudfront.net\/2022\/04\/04155101\/pc-sp.jpg","contentUrl":"https:\/\/dhg1h5j42swfq.cloudfront.net\/2022\/04\/04155101\/pc-sp.jpg","width":768,"height":432,"caption":"Concurso PC SP"},{"@type":"BreadcrumbList","@id":"https:\/\/www.estrategiaconcursos.com.br\/blog\/estatuto-funcionarios-pc-sp-licencas\/#breadcrumb","itemListElement":[{"@type":"ListItem","position":1,"name":"In\u00edcio","item":"https:\/\/www.estrategiaconcursos.com.br\/blog\/"},{"@type":"ListItem","position":2,"name":"O Estatuto dos Funcion\u00e1rios P\u00fablicos para PC-SP: Licen\u00e7as"}]},{"@type":"WebSite","@id":"https:\/\/www.estrategiaconcursos.com.br\/blog\/#website","url":"https:\/\/www.estrategiaconcursos.com.br\/blog\/","name":"Estrat\u00e9gia Concursos","description":"O blog da Estrat\u00e9gia Concursos traz not\u00edcias sobre concursos e artigos de professores oferecendo cursos para concursos (pdf + videaulas) no site.","publisher":{"@id":"https:\/\/www.estrategiaconcursos.com.br\/blog\/#organization"},"potentialAction":[{"@type":"SearchAction","target":{"@type":"EntryPoint","urlTemplate":"https:\/\/www.estrategiaconcursos.com.br\/blog\/?s={search_term_string}"},"query-input":{"@type":"PropertyValueSpecification","valueRequired":true,"valueName":"search_term_string"}}],"inLanguage":"pt-BR"},{"@type":"Organization","@id":"https:\/\/www.estrategiaconcursos.com.br\/blog\/#organization","name":"Estrat\u00e9gia Concursos","url":"https:\/\/www.estrategiaconcursos.com.br\/blog\/","logo":{"@type":"ImageObject","inLanguage":"pt-BR","@id":"https:\/\/www.estrategiaconcursos.com.br\/blog\/#\/schema\/logo\/image\/","url":"https:\/\/dhg1h5j42swfq.cloudfront.net\/2025\/06\/03203428\/logo_concursos-1.jpg","contentUrl":"https:\/\/dhg1h5j42swfq.cloudfront.net\/2025\/06\/03203428\/logo_concursos-1.jpg","width":230,"height":60,"caption":"Estrat\u00e9gia Concursos"},"image":{"@id":"https:\/\/www.estrategiaconcursos.com.br\/blog\/#\/schema\/logo\/image\/"},"sameAs":["https:\/\/x.com\/EstratConcursos"]},{"@type":"Person","@id":"https:\/\/www.estrategiaconcursos.com.br\/blog\/#\/schema\/person\/f0c830e07cfe11c231c0ea5dbb036df5","name":"Kassio Henrique Sobral Rocha","image":{"@type":"ImageObject","inLanguage":"pt-BR","@id":"https:\/\/secure.gravatar.com\/avatar\/d10350cbdad043facd8ec77a377f86f9026afee3348e463b04854fd4490ce759?s=96&d=mm&r=g","url":"https:\/\/secure.gravatar.com\/avatar\/d10350cbdad043facd8ec77a377f86f9026afee3348e463b04854fd4490ce759?s=96&d=mm&r=g","contentUrl":"https:\/\/secure.gravatar.com\/avatar\/d10350cbdad043facd8ec77a377f86f9026afee3348e463b04854fd4490ce759?s=96&d=mm&r=g","caption":"Kassio Henrique Sobral Rocha"},"url":"https:\/\/www.estrategiaconcursos.com.br\/blog\/author\/kassio-rochayahoo-com-br\/"}]}},"_links":{"self":[{"href":"https:\/\/www.estrategiaconcursos.com.br\/blog\/wp-json\/wp\/v2\/posts\/1018017","targetHints":{"allow":["GET"]}}],"collection":[{"href":"https:\/\/www.estrategiaconcursos.com.br\/blog\/wp-json\/wp\/v2\/posts"}],"about":[{"href":"https:\/\/www.estrategiaconcursos.com.br\/blog\/wp-json\/wp\/v2\/types\/post"}],"author":[{"embeddable":true,"href":"https:\/\/www.estrategiaconcursos.com.br\/blog\/wp-json\/wp\/v2\/users\/1976"}],"replies":[{"embeddable":true,"href":"https:\/\/www.estrategiaconcursos.com.br\/blog\/wp-json\/wp\/v2\/comments?post=1018017"}],"version-history":[{"count":13,"href":"https:\/\/www.estrategiaconcursos.com.br\/blog\/wp-json\/wp\/v2\/posts\/1018017\/revisions"}],"predecessor-version":[{"id":1021562,"href":"https:\/\/www.estrategiaconcursos.com.br\/blog\/wp-json\/wp\/v2\/posts\/1018017\/revisions\/1021562"}],"wp:featuredmedia":[{"embeddable":true,"href":"https:\/\/www.estrategiaconcursos.com.br\/blog\/wp-json\/wp\/v2\/media\/1001204"}],"wp:attachment":[{"href":"https:\/\/www.estrategiaconcursos.com.br\/blog\/wp-json\/wp\/v2\/media?parent=1018017"}],"wp:term":[{"taxonomy":"category","embeddable":true,"href":"https:\/\/www.estrategiaconcursos.com.br\/blog\/wp-json\/wp\/v2\/categories?post=1018017"},{"taxonomy":"post_tag","embeddable":true,"href":"https:\/\/www.estrategiaconcursos.com.br\/blog\/wp-json\/wp\/v2\/tags?post=1018017"},{"taxonomy":"tax_estado","embeddable":true,"href":"https:\/\/www.estrategiaconcursos.com.br\/blog\/wp-json\/wp\/v2\/tax_estado?post=1018017"}],"curies":[{"name":"wp","href":"https:\/\/api.w.org\/{rel}","templated":true}]}}