{"id":1017745,"date":"2022-07-15T08:10:00","date_gmt":"2022-07-15T11:10:00","guid":{"rendered":"https:\/\/www.estrategiaconcursos.com.br\/blog\/?p=1017745"},"modified":"2022-07-15T13:22:25","modified_gmt":"2022-07-15T16:22:25","slug":"concurso-coren-ro","status":"publish","type":"post","link":"https:\/\/www.estrategiaconcursos.com.br\/blog\/concurso-coren-ro\/","title":{"rendered":"Concurso COREN RO: inscri\u00e7\u00f5es encerradas; provas em agosto"},"content":{"rendered":"\n<p>Est\u00e3o encerradas as inscri\u00e7\u00f5es do concurso para o <a href=\"https:\/\/www.estrategiaconcursos.com.br\/assinaturas\/\" target=\"_blank\" rel=\"noreferrer noopener\">Conselho Regional de Enfermagem de Rond\u00f4nia<\/a> (COREN RO).<\/p>\n\n\n\n<p>Conforme o documento, s\u00e3o ofertadas <strong>07 vagas<\/strong> mais forma\u00e7\u00e3o de cadastro de reserva distribu\u00eddas entre cargos de n\u00edveis m\u00e9dio e superior de escolaridade.<\/p>\n\n\n\n<p>Os candidatos ser\u00e3o avaliados por meio de prova objetiva na data prov\u00e1vel do dia 7 de agosto de 2022. Veja detalhes navegando pelo \u00edndice abaixo!<\/p>\n\n\n\n<ul id=\"block-ee678516-e9d1-48bd-b327-7b9acd55f0fd\" class=\"has-cyan-bluish-gray-background-color has-background wp-block-list\"><li><strong>Concurso Coren RO<\/strong><\/li><li><strong>Status:<\/strong>\u00a0inscri\u00e7\u00f5es encerradas<\/li><li><strong>Banca:\u00a0<\/strong>Instituto Avalia <\/li><li><strong>Vagas:\u00a0<\/strong>07 +  CR<\/li><li><strong>Sal\u00e1rio inicial:<\/strong>\u00a0R$ 1.508,01 a R$ 4.366,51<\/li><li><strong>Edital:<\/strong> <a href=\"https:\/\/dhg1h5j42swfq.cloudfront.net\/2022\/06\/13134617\/corenro_editalabertura.pdf\" target=\"_blank\" rel=\"noreferrer noopener nofollow\">COREN RO<\/a><\/li><\/ul>\n\n\n\n<div class=\"container\" id=\"boxes\">\n  <div class=\"row\">\n\n    <div class=\"col-sm\">\n      <div class=\"banner-estrategia\" id=\"box-assinatura\">\n        <h3 class=\"titulo-assinatura\">Cursos para concursos<\/h3>\n        <p class=\"subtitulo-assinatura\">Estude conosco<\/p>\n        <div class=\"box-botao\">\n          <a class=\"btn-assinatura\" target=\"_blank\" href=\"https:\/\/www.estrategiaconcursos.com.br\/cursos\/\" role=\"button\" rel=\"noopener noreferrer\">Conhe\u00e7a os cursos COREN RO<\/a>\n        <\/div>\n      <\/div>\n     \n    <\/div>\n\n  <\/div>\n<\/div>\n\n\n\n<p>Saiba os detalhes do concurso do Conselho Regional de Enfermagem de Rond\u00f4nia no \u00edndice abaixo:<\/p>\n\n\n\n<ul class=\"wp-block-list\"><li><a href=\"#atual\">Situa\u00e7\u00e3o atual<\/a><ul><li><a href=\"#datas\">Principais datas<\/a><\/li><\/ul><\/li><li><a href=\"#cargos-vagas\">Cargos e vagas<\/a><\/li><li><a href=\"#salario-e-beneficios\">Sal\u00e1rios e benef\u00edcios<\/a><\/li><li><a href=\"#requisitos\">Requisitos<\/a><\/li><li><a href=\"#ultimo-concurso-coren-ro\">\u00daltimo concurso <\/a><\/li><li><a href=\"#assinatura\">Assinaturas<\/a><\/li><li><a href=\"#ficha\">Ficha T\u00e9cnica<\/a><\/li><\/ul>\n\n\n\n<h2 class=\"wp-block-heading\" id=\"h-concurso-coren-ro-situacao-atual\">Concurso COREN RO: situa\u00e7\u00e3o atual<\/h2>\n\n\n\n<h3 class=\"wp-block-heading\" id=\"datas\">Principais datas<\/h3>\n\n\n\n<p class=\"has-very-light-gray-background-color has-background\"><s><strong>Inscri\u00e7\u00f5es<\/strong>: 13 de junho a 14 de julho de 2022<br \/><strong>Isen\u00e7\u00e3o da taxa<\/strong>: 13 de junho a 17 de junho <br \/><\/s><strong>\u00daltimo dia para pagamento<\/strong>: 15 de julho de 2022<br \/><strong>Prova<\/strong>: 07 de agosto de 2022<\/p>\n\n\n\n<h2 class=\"wp-block-heading\" id=\"cargos-vagas\">Cargos e vagas<\/h2>\n\n\n\n<h4 class=\"wp-block-heading\" id=\"nivel-medio\">N\u00edvel m\u00e9dio<\/h4>\n\n\n\n<figure class=\"wp-block-table is-style-stripes\"><table class=\"has-background has-fixed-layout\" style=\"background-color:#e7f5fe\"><thead><tr><th class=\"has-text-align-center\" data-align=\"center\">CARGOS<\/th><th class=\"has-text-align-center\" data-align=\"center\">VAGAS<\/th><th class=\"has-text-align-center\" data-align=\"center\">SAL\u00c1RIO<\/th><\/tr><\/thead><tbody><tr><td class=\"has-text-align-center\" data-align=\"center\">Assistente T\u00e9cnico Administrativo- Porto Velho\/RO<\/td><td class=\"has-text-align-center\" data-align=\"center\">05<\/td><td class=\"has-text-align-center\" data-align=\"center\">R$ 1.508,01 + benef\u00edcios<\/td><\/tr><tr><td class=\"has-text-align-center\" data-align=\"center\">Assistente T\u00e9cnico Administrativo- Ariquemes\/RO<\/td><td class=\"has-text-align-center\" data-align=\"center\">CR<\/td><td class=\"has-text-align-center\" data-align=\"center\">R$ 1.508,01 + benef\u00edcios<\/td><\/tr><tr><td class=\"has-text-align-center\" data-align=\"center\">Assistente T\u00e9cnico Administrativo- Vilhena\/RO<\/td><td class=\"has-text-align-center\" data-align=\"center\">CR<\/td><td class=\"has-text-align-center\" data-align=\"center\">R$ 1.508,01 + ben\u00e9ficos<\/td><\/tr><\/tbody><\/table><figcaption>Cargos de n\u00edvel m\u00e9dico concurso COREN RO<\/figcaption><\/figure>\n\n\n\n<h4 class=\"wp-block-heading\" id=\"nivel-superior\">N\u00edvel superior<\/h4>\n\n\n\n<figure class=\"wp-block-table is-style-stripes\"><table class=\"has-background has-fixed-layout\" style=\"background-color:#e7f5fe\"><thead><tr><th class=\"has-text-align-center\" data-align=\"center\">CARGOS<\/th><th class=\"has-text-align-center\" data-align=\"center\">VAGAS<\/th><th class=\"has-text-align-center\" data-align=\"center\">SAL\u00c1RIO<\/th><\/tr><\/thead><tbody><tr><td class=\"has-text-align-center\" data-align=\"center\">Analista de Sistema &#8211; Porto Velho\/RO<\/td><td class=\"has-text-align-center\" data-align=\"center\">CR<\/td><td class=\"has-text-align-center\" data-align=\"center\">R$ 4.366,51 + benef\u00edcios<\/td><\/tr><tr><td class=\"has-text-align-center\" data-align=\"center\">Enfermeiro Fiscal &#8211; Porto Velho\/RO<\/td><td class=\"has-text-align-center\" data-align=\"center\">02<\/td><td class=\"has-text-align-center\" data-align=\"center\">R$ 4.366,51 + benef\u00edcios<\/td><\/tr><\/tbody><\/table><figcaption>Cargos de n\u00edvel superior COREN RO<\/figcaption><\/figure>\n\n\n\n<h2 class=\"wp-block-heading\" id=\"salarios-e-beneficios\">Sal\u00e1rios e benef\u00edcios<\/h2>\n\n\n\n<p>Os sal\u00e1rio iniciais oferecidos pelo certame podem chegar at\u00e9 <strong>R$ 1.508,01<\/strong>, para o cargo de n\u00edvel m\u00e9dio, e at\u00e9 <strong>R$ 4.366,51<\/strong>, para os cargos de n\u00edvel superior.<\/p>\n\n\n\n<p>Al\u00e9m disso, a remunera\u00e7\u00e3o inicial bruta ser\u00e1 acrescida de:<\/p>\n\n\n\n<ul class=\"wp-block-list\"><li>a) Aux\u00edlio alimenta\u00e7\u00e3o: R$ 448,00;<\/li><li>b) Aux\u00edlio sa\u00fade: R$ 300,00;<\/li><li>c) Vale transporte: R$ 16,20 \/ dia \u00fatil.<\/li><\/ul>\n\n\n\n<h2 class=\"wp-block-heading\" id=\"requisitos\">Requisitos<\/h2>\n\n\n\n<h4 class=\"wp-block-heading\" id=\"cargo-de-nivel-medio\">Cargo de n\u00edvel m\u00e9dio<\/h4>\n\n\n\n<ul class=\"wp-block-list\"><li><strong>Assistente T\u00e9cnico Administrativo<\/strong>: certificado, devidamente registrado, de conclus\u00e3o de curso de ensino m\u00e9dio, expedido por institui\u00e7\u00e3o de ensino reconhecida pelo \u00f3rg\u00e3o competente.<\/li><\/ul>\n\n\n\n<h4 class=\"wp-block-heading\" id=\"cargos-de-nivel-superior\">Cargos de n\u00edvel superior<\/h4>\n\n\n\n<ul class=\"wp-block-list\"><li><strong>Analista de Sistema:<\/strong> diploma, devidamente registrado, de conclus\u00e3o de curso de gradua\u00e7\u00e3o na \u00e1rea de Inform\u00e1tica ou diploma de gradua\u00e7\u00e3o em qualquer \u00e1rea com especializa\u00e7\u00e3o em An\u00e1lise de Sistemas, fornecidos por institui\u00e7\u00e3o por institui\u00e7\u00e3o de ensino superior reconhecida pelo Minist\u00e9rio da Educa\u00e7\u00e3o;<\/li><\/ul>\n\n\n\n<ul class=\"wp-block-list\"><li><strong>Enfermeiro Fiscal:<\/strong> diploma, devidamente registrado, de conclus\u00e3o de curso de gradua\u00e7\u00e3o em Enfermagem, fornecido por institui\u00e7\u00e3o de ensino superior reconhecida pelo Minist\u00e9rio da Educa\u00e7\u00e3o (MEC), carteira nacional de habilita\u00e7\u00e3o, no m\u00ednimo do tipo \u201cB\u201d, registro definitivo de, no m\u00ednimo 03 anos na respectiva categoria profissional e comprovada experi\u00eancia profissional de, no m\u00ednimo, 03 anos.<\/li><\/ul>\n\n\n\n<h2 class=\"wp-block-heading\" id=\"etapas\">Etapas e provas<\/h2>\n\n\n\n<p>O concurso COREN RO passar\u00e1 pelas seguintes etapas de conhecimento e habilidades:<\/p>\n\n\n\n<ul class=\"wp-block-list\"><li>Prova objetiva, para todos os cargos;<\/li><li>Reda\u00e7\u00e3o, para o cargo de n\u00edvel m\u00e9dio;<\/li><li>Prova discursiva, para todos os cargos de n\u00edvel superior.<\/li><\/ul>\n\n\n\n<p>As Provas ser\u00e3o aplicadas na data prov\u00e1vel de<strong>&nbsp;07 de agosto de 2022<\/strong> no per\u00edodo da manh\u00e3 para o cargo de n\u00edvel m\u00e9dio, e no per\u00edodo da tarde para os cargos de n\u00edvel superior. <\/p>\n\n\n\n<p>Os locais da realiza\u00e7\u00e3o ser\u00e3o nas cidades de Porto Velho, Ariquemes e Vilhena, Estado de Rond\u00f4nia, podendo ser aplicadas tamb\u00e9m em cidades vizinhas, caso o n\u00famero de inscritos exceda a capacidade de aloca\u00e7\u00e3o do munic\u00edpio.<\/p>\n\n\n\n<h3 class=\"wp-block-heading\" id=\"objetiva\">Provas Objetivas<\/h3>\n\n\n\n<p>A etapa de provas objetivas, de car\u00e1ter eliminat\u00f3rio e classificat\u00f3rio ser\u00e1 aplicada para todos os cargos, e ser\u00e1 composta por 40 (quarenta) quest\u00f5es de m\u00faltipla escolha, distribu\u00eddas por \u00e1reas de conhecimento. Confira!<\/p>\n\n\n\n<div class=\"wp-block-image\"><figure class=\"aligncenter size-full\"><img loading=\"lazy\" decoding=\"async\" width=\"719\" height=\"384\" src=\"https:\/\/dhg1h5j42swfq.cloudfront.net\/2022\/06\/13141702\/image-179.png\" alt=\"Prova objetiva concurso COREN RO\" class=\"wp-image-1044205\" srcset=\"https:\/\/dhg1h5j42swfq.cloudfront.net\/2022\/06\/13141702\/image-179.png 719w, https:\/\/dhg1h5j42swfq.cloudfront.net\/2022\/06\/13141702\/image-179-300x160.png 300w, https:\/\/dhg1h5j42swfq.cloudfront.net\/2022\/06\/13141702\/image-179-610x326.png 610w\" sizes=\"auto, (max-width: 719px) 100vw, 719px\" \/><figcaption>Prova objetiva concurso COREN RO<\/figcaption><\/figure><\/div>\n\n\n\n<h3 class=\"wp-block-heading\" id=\"discursiva\">Prova de Reda\u00e7\u00e3o<\/h3>\n\n\n\n<p>A prova de Reda\u00e7\u00e3o, de car\u00e1ter classificat\u00f3rio e eliminat\u00f3rio, ser\u00e1 aplicada para o cargo de n\u00edvel m\u00e9dio. Ser\u00e1 elaborada a partir de um tema proposto, baseado em um ou mais textos ou fragmentos de textos.<\/p>\n\n\n\n<p>O candidato adotar\u00e1 uma linha de abordagem utilizando a tipologia textual \u201cDisserta\u00e7\u00e3o\u201d. O seu texto dever\u00e1 apresentar valores, opini\u00f5es, cren\u00e7as, hip\u00f3teses, ideias, em suma, os aspectos axiol\u00f3gicos ou cognitivos para esse tipo de produ\u00e7\u00e3o textual.<\/p>\n\n\n\n<h3 class=\"wp-block-heading\" id=\"h-prova-discursiva\">Prova Discursiva<\/h3>\n\n\n\n<p>A etapa de Prova discursiva, de car\u00e1ter classificat\u00f3rio e eliminat\u00f3rio, aplic\u00e1vel para todos os cargos de n\u00edvel superior, ser\u00e1 composta por 2 (duas) quest\u00f5es de Conhecimentos Espec\u00edficos das \u00e1reas escolhidas.<\/p>\n\n\n\n<h2 class=\"wp-block-heading\" id=\"ultimo-concurso-coren-ro\">\u00daltimo concurso COREN RO <\/h2>\n\n\n\n<p>O \u00faltimo concurso do <a href=\"http:\/\/www.coren-ro.org.br\/\" target=\"_blank\" rel=\"noreferrer noopener\">Conselho Regional de Enfermagem de Rond\u00f4nia<\/a> aconteceu em 2012 e ofertou vagas de n\u00edveis fundamental, m\u00e9dio e superior para as carreiras administrativa, cont\u00e1bil, jur\u00eddica e de sa\u00fade. A banca organizadora do certame foi a AOCP.<\/p>\n\n\n\n<p>Os candidatos foram avaliados apenas por meio de prova objetiva, de car\u00e1ter eliminat\u00f3rio e classificat\u00f3rio.<\/p>\n\n\n\n<h2 class=\"has-text-align-center wp-block-heading\" id=\"h-quer-saber-tudo-sobre-concursos-previstos-confira-nossos-artigos\">Quer saber tudo sobre concursos previstos?<br \/>Confira nossos artigos!<\/h2>\n\n\n\n<ul class=\"wp-block-list\"><li><a href=\"https:\/\/www.estrategiaconcursos.com.br\/blog\/concursos-abertos\/\" target=\"_blank\" rel=\"noreferrer noopener\">Concursos abertos<\/a><\/li><li><a href=\"https:\/\/www.estrategiaconcursos.com.br\/blog\/concursos-2022\/\" target=\"_blank\" rel=\"noreferrer noopener\">Concursos 2022<\/a><\/li><\/ul>\n\n\n\n<h2 class=\"has-text-align-center wp-block-heading\" id=\"quer-estudar-para-concurso\"><strong>Quer estudar para concurso?<\/strong><\/h2>\n\n\n\n<div class=\"container\" id=\"boxes\">\n  <div class=\"row\">\n\n    <div class=\"col-sm\">\n      <div class=\"banner-estrategia\" id=\"box-assinatura\">\n        <h3 class=\"titulo-assinatura\">Cursos para concursos<\/h3>\n        <p class=\"subtitulo-assinatura\">Estude conosco<\/p>\n        <div class=\"box-botao\">\n          <a class=\"btn-assinatura\" target=\"_blank\" href=\"https:\/\/www.estrategiaconcursos.com.br\/cursos\/\" role=\"button\" rel=\"noopener noreferrer\">Conhe\u00e7a os cursos COREN RO<\/a>\n        <\/div>\n      <\/div>\n     \n    <\/div>\n\n  <\/div>\n<\/div>\n\n\n\n\n\n<figure class=\"wp-block-image is-resized\"><img loading=\"lazy\" decoding=\"async\" src=\"https:\/\/dhg1h5j42swfq.cloudfront.net\/2021\/04\/14113213\/ficha-tecnica-130-1024x632.png\" alt=\"Ficha do concurso TRT RS\" class=\"wp-image-713874\" width=\"255\" height=\"157\" srcset=\"https:\/\/dhg1h5j42swfq.cloudfront.net\/2021\/04\/14113213\/ficha-tecnica-130-1024x632.png 1024w, https:\/\/dhg1h5j42swfq.cloudfront.net\/2021\/04\/14113213\/ficha-tecnica-130-300x185.png 300w, https:\/\/dhg1h5j42swfq.cloudfront.net\/2021\/04\/14113213\/ficha-tecnica-130-768x474.png 768w, https:\/\/dhg1h5j42swfq.cloudfront.net\/2021\/04\/14113213\/ficha-tecnica-130-1536x948.png 1536w, https:\/\/dhg1h5j42swfq.cloudfront.net\/2021\/04\/14113213\/ficha-tecnica-130-610x377.png 610w, https:\/\/dhg1h5j42swfq.cloudfront.net\/2021\/04\/14113213\/ficha-tecnica-130.png 1571w\" sizes=\"auto, (max-width: 255px) 100vw, 255px\" \/><\/figure>\n\n\n\n<h3 class=\"wp-block-heading\" id=\"ficha\"><strong>Informa\u00e7\u00f5es Coren RO <\/strong><\/h3>\n\n\n\n<ul class=\"wp-block-list\"><li><strong>Banca<\/strong>: Instituto Avalia de Inova\u00e7\u00e3o em Avalia\u00e7\u00e3o e Sele\u00e7\u00e3o<\/li><li><strong>Vagas<\/strong>: 07 + CR<\/li><li><strong>Escolaridade<\/strong>: n\u00edveis m\u00e9dio e superior <\/li><li><strong>Cargos<\/strong>: diversos<\/li><li><strong>Sal\u00e1rio inicial:<\/strong>&nbsp;R$ 1.508,01 a R$ 4.366,51<\/li><li><strong>Edital: <\/strong><a href=\"https:\/\/dhg1h5j42swfq.cloudfront.net\/2022\/06\/13134617\/corenro_editalabertura.pdf\" target=\"_blank\" rel=\"noreferrer noopener nofollow\">COREN RO<\/a><\/li><\/ul>\n","protected":false},"excerpt":{"rendered":"<p>Est\u00e3o encerradas as inscri\u00e7\u00f5es do concurso para o Conselho Regional de Enfermagem de Rond\u00f4nia (COREN RO). Conforme o documento, s\u00e3o ofertadas 07 vagas mais forma\u00e7\u00e3o de cadastro de reserva distribu\u00eddas entre cargos de n\u00edveis m\u00e9dio e superior de escolaridade. Os candidatos ser\u00e3o avaliados por meio de prova objetiva na data prov\u00e1vel do dia 7 de [&hellip;]<\/p>\n","protected":false},"author":1,"featured_media":1017797,"comment_status":"open","ping_status":"closed","sticky":false,"template":"","format":"standard","meta":{"post_tipo":"news_page","footnotes":""},"categories":[214992,220219],"tags":[],"tax_estado":[219984],"class_list":["post-1017745","post","type-post","status-publish","format-standard","has-post-thumbnail","hentry","category-concursos-administrativos","category-noticias","tax_estado-ro"],"acf":[],"yoast_head":"<!-- This site is optimized with the Yoast SEO Premium plugin v27.2 (Yoast SEO v27.2) - https:\/\/yoast.com\/product\/yoast-seo-premium-wordpress\/ -->\n<title>Concurso COREN RO: inscri\u00e7\u00f5es encerradas; provas em agosto<\/title>\n<meta name=\"description\" content=\"Concurso COREN RO: edital publicado; inscri\u00e7\u00f5es abertas para cargos de n\u00edveis m\u00e9dio e superior. Confira toas as informa\u00e7\u00f5es aqui!\" \/>\n<meta name=\"robots\" content=\"index, follow, max-snippet:-1, max-image-preview:large, max-video-preview:-1\" \/>\n<link rel=\"canonical\" href=\"https:\/\/www.estrategiaconcursos.com.br\/blog\/concurso-coren-ro\/\" \/>\n<meta property=\"og:locale\" content=\"pt_BR\" \/>\n<meta property=\"og:type\" content=\"article\" \/>\n<meta property=\"og:title\" content=\"Concurso COREN RO: inscri\u00e7\u00f5es encerradas; provas em agosto\" \/>\n<meta property=\"og:description\" content=\"Concurso COREN RO: edital publicado; inscri\u00e7\u00f5es abertas para cargos de n\u00edveis m\u00e9dio e superior. Confira toas as informa\u00e7\u00f5es aqui!\" \/>\n<meta property=\"og:url\" content=\"https:\/\/www.estrategiaconcursos.com.br\/blog\/concurso-coren-ro\/\" \/>\n<meta property=\"og:site_name\" content=\"Estrat\u00e9gia Concursos\" \/>\n<meta property=\"article:author\" content=\"https:\/\/www.facebook.com\/EstrategiaConcursos\" \/>\n<meta property=\"article:published_time\" content=\"2022-07-15T11:10:00+00:00\" \/>\n<meta property=\"article:modified_time\" content=\"2022-07-15T16:22:25+00:00\" \/>\n<meta property=\"og:image\" content=\"https:\/\/dhg1h5j42swfq.cloudfront.net\/2022\/04\/29090101\/coren-ro.png\" \/>\n\t<meta property=\"og:image:width\" content=\"224\" \/>\n\t<meta property=\"og:image:height\" content=\"224\" \/>\n\t<meta property=\"og:image:type\" content=\"image\/png\" \/>\n<meta name=\"author\" content=\"Coordena\u00e7\u00e3o\" \/>\n<meta name=\"twitter:card\" content=\"summary_large_image\" \/>\n<meta name=\"twitter:creator\" content=\"@EstratConcursos\" \/>\n<meta name=\"twitter:site\" content=\"@EstratConcursos\" \/>\n<meta name=\"twitter:label1\" content=\"Escrito por\" \/>\n\t<meta name=\"twitter:data1\" content=\"Coordena\u00e7\u00e3o\" \/>\n\t<meta name=\"twitter:label2\" content=\"Est. tempo de leitura\" \/>\n\t<meta name=\"twitter:data2\" content=\"5 minutos\" \/>\n<script type=\"application\/ld+json\" class=\"yoast-schema-graph\">{\"@context\":\"https:\/\/schema.org\",\"@graph\":[{\"@type\":\"NewsArticle\",\"@id\":\"https:\/\/www.estrategiaconcursos.com.br\/blog\/concurso-coren-ro\/#article\",\"isPartOf\":{\"@id\":\"https:\/\/www.estrategiaconcursos.com.br\/blog\/concurso-coren-ro\/\"},\"author\":{\"name\":\"Coordena\u00e7\u00e3o\",\"@id\":\"https:\/\/www.estrategiaconcursos.com.br\/blog\/#\/schema\/person\/b4a388c97673c5f483d72185668afa1f\"},\"headline\":\"Concurso COREN RO: inscri\u00e7\u00f5es encerradas; provas em agosto\",\"datePublished\":\"2022-07-15T11:10:00+00:00\",\"dateModified\":\"2022-07-15T16:22:25+00:00\",\"mainEntityOfPage\":{\"@id\":\"https:\/\/www.estrategiaconcursos.com.br\/blog\/concurso-coren-ro\/\"},\"wordCount\":905,\"commentCount\":0,\"publisher\":{\"@id\":\"https:\/\/www.estrategiaconcursos.com.br\/blog\/#organization\"},\"image\":{\"@id\":\"https:\/\/www.estrategiaconcursos.com.br\/blog\/concurso-coren-ro\/#primaryimage\"},\"thumbnailUrl\":\"https:\/\/dhg1h5j42swfq.cloudfront.net\/2022\/04\/29090101\/coren-ro.png\",\"articleSection\":[\"Executivo (Administrativa)\",\"\u00daltimas not\u00edcias\"],\"inLanguage\":\"pt-BR\",\"potentialAction\":[{\"@type\":\"CommentAction\",\"name\":\"Comment\",\"target\":[\"https:\/\/www.estrategiaconcursos.com.br\/blog\/concurso-coren-ro\/#respond\"]}],\"copyrightYear\":\"2022\",\"copyrightHolder\":{\"@id\":\"https:\/\/www.estrategiaconcursos.com.br\/blog\/#organization\"}},{\"@type\":\"WebPage\",\"@id\":\"https:\/\/www.estrategiaconcursos.com.br\/blog\/concurso-coren-ro\/\",\"url\":\"https:\/\/www.estrategiaconcursos.com.br\/blog\/concurso-coren-ro\/\",\"name\":\"Concurso COREN RO: inscri\u00e7\u00f5es encerradas; provas em agosto\",\"isPartOf\":{\"@id\":\"https:\/\/www.estrategiaconcursos.com.br\/blog\/#website\"},\"primaryImageOfPage\":{\"@id\":\"https:\/\/www.estrategiaconcursos.com.br\/blog\/concurso-coren-ro\/#primaryimage\"},\"image\":{\"@id\":\"https:\/\/www.estrategiaconcursos.com.br\/blog\/concurso-coren-ro\/#primaryimage\"},\"thumbnailUrl\":\"https:\/\/dhg1h5j42swfq.cloudfront.net\/2022\/04\/29090101\/coren-ro.png\",\"datePublished\":\"2022-07-15T11:10:00+00:00\",\"dateModified\":\"2022-07-15T16:22:25+00:00\",\"description\":\"Concurso COREN RO: edital publicado; inscri\u00e7\u00f5es abertas para cargos de n\u00edveis m\u00e9dio e superior. Confira toas as informa\u00e7\u00f5es aqui!\",\"breadcrumb\":{\"@id\":\"https:\/\/www.estrategiaconcursos.com.br\/blog\/concurso-coren-ro\/#breadcrumb\"},\"inLanguage\":\"pt-BR\",\"potentialAction\":[{\"@type\":\"ReadAction\",\"target\":[\"https:\/\/www.estrategiaconcursos.com.br\/blog\/concurso-coren-ro\/\"]}]},{\"@type\":\"ImageObject\",\"inLanguage\":\"pt-BR\",\"@id\":\"https:\/\/www.estrategiaconcursos.com.br\/blog\/concurso-coren-ro\/#primaryimage\",\"url\":\"https:\/\/dhg1h5j42swfq.cloudfront.net\/2022\/04\/29090101\/coren-ro.png\",\"contentUrl\":\"https:\/\/dhg1h5j42swfq.cloudfront.net\/2022\/04\/29090101\/coren-ro.png\",\"width\":224,\"height\":224},{\"@type\":\"BreadcrumbList\",\"@id\":\"https:\/\/www.estrategiaconcursos.com.br\/blog\/concurso-coren-ro\/#breadcrumb\",\"itemListElement\":[{\"@type\":\"ListItem\",\"position\":1,\"name\":\"In\u00edcio\",\"item\":\"https:\/\/www.estrategiaconcursos.com.br\/blog\/\"},{\"@type\":\"ListItem\",\"position\":2,\"name\":\"Concurso COREN RO: inscri\u00e7\u00f5es encerradas; provas em agosto\"}]},{\"@type\":\"WebSite\",\"@id\":\"https:\/\/www.estrategiaconcursos.com.br\/blog\/#website\",\"url\":\"https:\/\/www.estrategiaconcursos.com.br\/blog\/\",\"name\":\"Estrat\u00e9gia Concursos\",\"description\":\"O blog da Estrat\u00e9gia Concursos traz not\u00edcias sobre concursos e artigos de professores oferecendo cursos para concursos (pdf + videaulas) no site.\",\"publisher\":{\"@id\":\"https:\/\/www.estrategiaconcursos.com.br\/blog\/#organization\"},\"potentialAction\":[{\"@type\":\"SearchAction\",\"target\":{\"@type\":\"EntryPoint\",\"urlTemplate\":\"https:\/\/www.estrategiaconcursos.com.br\/blog\/?s={search_term_string}\"},\"query-input\":{\"@type\":\"PropertyValueSpecification\",\"valueRequired\":true,\"valueName\":\"search_term_string\"}}],\"inLanguage\":\"pt-BR\"},{\"@type\":\"Organization\",\"@id\":\"https:\/\/www.estrategiaconcursos.com.br\/blog\/#organization\",\"name\":\"Estrat\u00e9gia Concursos\",\"url\":\"https:\/\/www.estrategiaconcursos.com.br\/blog\/\",\"logo\":{\"@type\":\"ImageObject\",\"inLanguage\":\"pt-BR\",\"@id\":\"https:\/\/www.estrategiaconcursos.com.br\/blog\/#\/schema\/logo\/image\/\",\"url\":\"https:\/\/dhg1h5j42swfq.cloudfront.net\/2025\/06\/03203428\/logo_concursos-1.jpg\",\"contentUrl\":\"https:\/\/dhg1h5j42swfq.cloudfront.net\/2025\/06\/03203428\/logo_concursos-1.jpg\",\"width\":230,\"height\":60,\"caption\":\"Estrat\u00e9gia Concursos\"},\"image\":{\"@id\":\"https:\/\/www.estrategiaconcursos.com.br\/blog\/#\/schema\/logo\/image\/\"},\"sameAs\":[\"https:\/\/x.com\/EstratConcursos\"]},{\"@type\":\"Person\",\"@id\":\"https:\/\/www.estrategiaconcursos.com.br\/blog\/#\/schema\/person\/b4a388c97673c5f483d72185668afa1f\",\"name\":\"Coordena\u00e7\u00e3o\",\"image\":{\"@type\":\"ImageObject\",\"inLanguage\":\"pt-BR\",\"@id\":\"https:\/\/secure.gravatar.com\/avatar\/b720319e4c9a967eb58678d110f4fe35452fc5d5f97b202bac7b8acceb18c6ad?s=96&d=mm&r=g\",\"url\":\"https:\/\/secure.gravatar.com\/avatar\/b720319e4c9a967eb58678d110f4fe35452fc5d5f97b202bac7b8acceb18c6ad?s=96&d=mm&r=g\",\"contentUrl\":\"https:\/\/secure.gravatar.com\/avatar\/b720319e4c9a967eb58678d110f4fe35452fc5d5f97b202bac7b8acceb18c6ad?s=96&d=mm&r=g\",\"caption\":\"Coordena\u00e7\u00e3o\"},\"sameAs\":[\"https:\/\/www.facebook.com\/EstrategiaConcursos\",\"https:\/\/x.com\/EstratConcursos\"],\"url\":\"https:\/\/www.estrategiaconcursos.com.br\/blog\/author\/estrategia2013\/\"}]}<\/script>\n<!-- \/ Yoast SEO Premium plugin. -->","yoast_head_json":{"title":"Concurso COREN RO: inscri\u00e7\u00f5es encerradas; provas em agosto","description":"Concurso COREN RO: edital publicado; inscri\u00e7\u00f5es abertas para cargos de n\u00edveis m\u00e9dio e superior. Confira toas as informa\u00e7\u00f5es aqui!","robots":{"index":"index","follow":"follow","max-snippet":"max-snippet:-1","max-image-preview":"max-image-preview:large","max-video-preview":"max-video-preview:-1"},"canonical":"https:\/\/www.estrategiaconcursos.com.br\/blog\/concurso-coren-ro\/","og_locale":"pt_BR","og_type":"article","og_title":"Concurso COREN RO: inscri\u00e7\u00f5es encerradas; provas em agosto","og_description":"Concurso COREN RO: edital publicado; inscri\u00e7\u00f5es abertas para cargos de n\u00edveis m\u00e9dio e superior. Confira toas as informa\u00e7\u00f5es aqui!","og_url":"https:\/\/www.estrategiaconcursos.com.br\/blog\/concurso-coren-ro\/","og_site_name":"Estrat\u00e9gia Concursos","article_author":"https:\/\/www.facebook.com\/EstrategiaConcursos","article_published_time":"2022-07-15T11:10:00+00:00","article_modified_time":"2022-07-15T16:22:25+00:00","og_image":[{"width":224,"height":224,"url":"https:\/\/dhg1h5j42swfq.cloudfront.net\/2022\/04\/29090101\/coren-ro.png","type":"image\/png"}],"author":"Coordena\u00e7\u00e3o","twitter_card":"summary_large_image","twitter_creator":"@EstratConcursos","twitter_site":"@EstratConcursos","twitter_misc":{"Escrito por":"Coordena\u00e7\u00e3o","Est. tempo de leitura":"5 minutos"},"schema":{"@context":"https:\/\/schema.org","@graph":[{"@type":"NewsArticle","@id":"https:\/\/www.estrategiaconcursos.com.br\/blog\/concurso-coren-ro\/#article","isPartOf":{"@id":"https:\/\/www.estrategiaconcursos.com.br\/blog\/concurso-coren-ro\/"},"author":{"name":"Coordena\u00e7\u00e3o","@id":"https:\/\/www.estrategiaconcursos.com.br\/blog\/#\/schema\/person\/b4a388c97673c5f483d72185668afa1f"},"headline":"Concurso COREN RO: inscri\u00e7\u00f5es encerradas; provas em agosto","datePublished":"2022-07-15T11:10:00+00:00","dateModified":"2022-07-15T16:22:25+00:00","mainEntityOfPage":{"@id":"https:\/\/www.estrategiaconcursos.com.br\/blog\/concurso-coren-ro\/"},"wordCount":905,"commentCount":0,"publisher":{"@id":"https:\/\/www.estrategiaconcursos.com.br\/blog\/#organization"},"image":{"@id":"https:\/\/www.estrategiaconcursos.com.br\/blog\/concurso-coren-ro\/#primaryimage"},"thumbnailUrl":"https:\/\/dhg1h5j42swfq.cloudfront.net\/2022\/04\/29090101\/coren-ro.png","articleSection":["Executivo (Administrativa)","\u00daltimas not\u00edcias"],"inLanguage":"pt-BR","potentialAction":[{"@type":"CommentAction","name":"Comment","target":["https:\/\/www.estrategiaconcursos.com.br\/blog\/concurso-coren-ro\/#respond"]}],"copyrightYear":"2022","copyrightHolder":{"@id":"https:\/\/www.estrategiaconcursos.com.br\/blog\/#organization"}},{"@type":"WebPage","@id":"https:\/\/www.estrategiaconcursos.com.br\/blog\/concurso-coren-ro\/","url":"https:\/\/www.estrategiaconcursos.com.br\/blog\/concurso-coren-ro\/","name":"Concurso COREN RO: inscri\u00e7\u00f5es encerradas; provas em agosto","isPartOf":{"@id":"https:\/\/www.estrategiaconcursos.com.br\/blog\/#website"},"primaryImageOfPage":{"@id":"https:\/\/www.estrategiaconcursos.com.br\/blog\/concurso-coren-ro\/#primaryimage"},"image":{"@id":"https:\/\/www.estrategiaconcursos.com.br\/blog\/concurso-coren-ro\/#primaryimage"},"thumbnailUrl":"https:\/\/dhg1h5j42swfq.cloudfront.net\/2022\/04\/29090101\/coren-ro.png","datePublished":"2022-07-15T11:10:00+00:00","dateModified":"2022-07-15T16:22:25+00:00","description":"Concurso COREN RO: edital publicado; inscri\u00e7\u00f5es abertas para cargos de n\u00edveis m\u00e9dio e superior. Confira toas as informa\u00e7\u00f5es aqui!","breadcrumb":{"@id":"https:\/\/www.estrategiaconcursos.com.br\/blog\/concurso-coren-ro\/#breadcrumb"},"inLanguage":"pt-BR","potentialAction":[{"@type":"ReadAction","target":["https:\/\/www.estrategiaconcursos.com.br\/blog\/concurso-coren-ro\/"]}]},{"@type":"ImageObject","inLanguage":"pt-BR","@id":"https:\/\/www.estrategiaconcursos.com.br\/blog\/concurso-coren-ro\/#primaryimage","url":"https:\/\/dhg1h5j42swfq.cloudfront.net\/2022\/04\/29090101\/coren-ro.png","contentUrl":"https:\/\/dhg1h5j42swfq.cloudfront.net\/2022\/04\/29090101\/coren-ro.png","width":224,"height":224},{"@type":"BreadcrumbList","@id":"https:\/\/www.estrategiaconcursos.com.br\/blog\/concurso-coren-ro\/#breadcrumb","itemListElement":[{"@type":"ListItem","position":1,"name":"In\u00edcio","item":"https:\/\/www.estrategiaconcursos.com.br\/blog\/"},{"@type":"ListItem","position":2,"name":"Concurso COREN RO: inscri\u00e7\u00f5es encerradas; provas em agosto"}]},{"@type":"WebSite","@id":"https:\/\/www.estrategiaconcursos.com.br\/blog\/#website","url":"https:\/\/www.estrategiaconcursos.com.br\/blog\/","name":"Estrat\u00e9gia Concursos","description":"O blog da Estrat\u00e9gia Concursos traz not\u00edcias sobre concursos e artigos de professores oferecendo cursos para concursos (pdf + videaulas) no site.","publisher":{"@id":"https:\/\/www.estrategiaconcursos.com.br\/blog\/#organization"},"potentialAction":[{"@type":"SearchAction","target":{"@type":"EntryPoint","urlTemplate":"https:\/\/www.estrategiaconcursos.com.br\/blog\/?s={search_term_string}"},"query-input":{"@type":"PropertyValueSpecification","valueRequired":true,"valueName":"search_term_string"}}],"inLanguage":"pt-BR"},{"@type":"Organization","@id":"https:\/\/www.estrategiaconcursos.com.br\/blog\/#organization","name":"Estrat\u00e9gia Concursos","url":"https:\/\/www.estrategiaconcursos.com.br\/blog\/","logo":{"@type":"ImageObject","inLanguage":"pt-BR","@id":"https:\/\/www.estrategiaconcursos.com.br\/blog\/#\/schema\/logo\/image\/","url":"https:\/\/dhg1h5j42swfq.cloudfront.net\/2025\/06\/03203428\/logo_concursos-1.jpg","contentUrl":"https:\/\/dhg1h5j42swfq.cloudfront.net\/2025\/06\/03203428\/logo_concursos-1.jpg","width":230,"height":60,"caption":"Estrat\u00e9gia Concursos"},"image":{"@id":"https:\/\/www.estrategiaconcursos.com.br\/blog\/#\/schema\/logo\/image\/"},"sameAs":["https:\/\/x.com\/EstratConcursos"]},{"@type":"Person","@id":"https:\/\/www.estrategiaconcursos.com.br\/blog\/#\/schema\/person\/b4a388c97673c5f483d72185668afa1f","name":"Coordena\u00e7\u00e3o","image":{"@type":"ImageObject","inLanguage":"pt-BR","@id":"https:\/\/secure.gravatar.com\/avatar\/b720319e4c9a967eb58678d110f4fe35452fc5d5f97b202bac7b8acceb18c6ad?s=96&d=mm&r=g","url":"https:\/\/secure.gravatar.com\/avatar\/b720319e4c9a967eb58678d110f4fe35452fc5d5f97b202bac7b8acceb18c6ad?s=96&d=mm&r=g","contentUrl":"https:\/\/secure.gravatar.com\/avatar\/b720319e4c9a967eb58678d110f4fe35452fc5d5f97b202bac7b8acceb18c6ad?s=96&d=mm&r=g","caption":"Coordena\u00e7\u00e3o"},"sameAs":["https:\/\/www.facebook.com\/EstrategiaConcursos","https:\/\/x.com\/EstratConcursos"],"url":"https:\/\/www.estrategiaconcursos.com.br\/blog\/author\/estrategia2013\/"}]}},"_links":{"self":[{"href":"https:\/\/www.estrategiaconcursos.com.br\/blog\/wp-json\/wp\/v2\/posts\/1017745","targetHints":{"allow":["GET"]}}],"collection":[{"href":"https:\/\/www.estrategiaconcursos.com.br\/blog\/wp-json\/wp\/v2\/posts"}],"about":[{"href":"https:\/\/www.estrategiaconcursos.com.br\/blog\/wp-json\/wp\/v2\/types\/post"}],"author":[{"embeddable":true,"href":"https:\/\/www.estrategiaconcursos.com.br\/blog\/wp-json\/wp\/v2\/users\/1"}],"replies":[{"embeddable":true,"href":"https:\/\/www.estrategiaconcursos.com.br\/blog\/wp-json\/wp\/v2\/comments?post=1017745"}],"version-history":[{"count":8,"href":"https:\/\/www.estrategiaconcursos.com.br\/blog\/wp-json\/wp\/v2\/posts\/1017745\/revisions"}],"predecessor-version":[{"id":1061839,"href":"https:\/\/www.estrategiaconcursos.com.br\/blog\/wp-json\/wp\/v2\/posts\/1017745\/revisions\/1061839"}],"wp:featuredmedia":[{"embeddable":true,"href":"https:\/\/www.estrategiaconcursos.com.br\/blog\/wp-json\/wp\/v2\/media\/1017797"}],"wp:attachment":[{"href":"https:\/\/www.estrategiaconcursos.com.br\/blog\/wp-json\/wp\/v2\/media?parent=1017745"}],"wp:term":[{"taxonomy":"category","embeddable":true,"href":"https:\/\/www.estrategiaconcursos.com.br\/blog\/wp-json\/wp\/v2\/categories?post=1017745"},{"taxonomy":"post_tag","embeddable":true,"href":"https:\/\/www.estrategiaconcursos.com.br\/blog\/wp-json\/wp\/v2\/tags?post=1017745"},{"taxonomy":"tax_estado","embeddable":true,"href":"https:\/\/www.estrategiaconcursos.com.br\/blog\/wp-json\/wp\/v2\/tax_estado?post=1017745"}],"curies":[{"name":"wp","href":"https:\/\/api.w.org\/{rel}","templated":true}]}}