{"id":1016709,"date":"2022-05-16T07:13:00","date_gmt":"2022-05-16T10:13:00","guid":{"rendered":"https:\/\/www.estrategiaconcursos.com.br\/blog\/?p=1016709"},"modified":"2022-05-14T09:56:03","modified_gmt":"2022-05-14T12:56:03","slug":"adm-financeira-orcamentaria-sea-sc","status":"publish","type":"post","link":"https:\/\/www.estrategiaconcursos.com.br\/blog\/adm-financeira-orcamentaria-sea-sc\/","title":{"rendered":"Resumo de AFO para Secretaria de Estado da Administra\u00e7\u00e3o de Santa Catarina"},"content":{"rendered":"\n<p>Fique por dentro dos principais temas de Administra\u00e7\u00e3o Financeira Or\u00e7ament\u00e1ria para o concurso da SEA-SC.<\/p>\n\n\n\n<h2 class=\"wp-block-heading\" id=\"orcamento-publico-e-a-secretaria-de-estado-da-administracao-de-sc\">Or\u00e7amento P\u00fablico e a Secretaria de Estado da Administra\u00e7\u00e3o de SC<\/h2>\n\n\n\n<p>Com um dos melhores modelos de gest\u00e3o da Administra\u00e7\u00e3o P\u00fablica do Poder Executivo Estadual, a SEA-SC trouxe muitas oportunidades de cargos para quem almeja fazer parte dos quadros de servidores da Secretaria.<\/p>\n\n\n\n<p>Atrav\u00e9s da Lei Complementar n\u00ba 741, de 12 de junho de 2019, a Secretaria de Estado da Administra\u00e7\u00e3o daqui por diante passou a ser denominada simplesmente por Administra\u00e7\u00e3o P\u00fablica Estadual.<\/p>\n\n\n\n<p>A Administra\u00e7\u00e3o Financeira e Or\u00e7ament\u00e1ria \u00e9 a disciplina que estuda a atividade financeira do Estado.<\/p>\n\n\n\n<p>As finan\u00e7as do Estado est\u00e3o diretamente ligadas ao compromisso do governante com a sociedade para a execu\u00e7\u00e3o de pol\u00edticas p\u00fablicas, que se d\u00e1 por meio do Or\u00e7amento P\u00fablico.<\/p>\n\n\n\n<p>Atrav\u00e9s do Or\u00e7amento, todos os cidad\u00e3os podem visualizar onde, quando, como e por quanto ser\u00e1 realizada uma obra ou determinado servi\u00e7o p\u00fablico.<\/p>\n\n\n\n<p>\u00c9 atrav\u00e9s deste instrumento que os governos usam para organizar os seus recursos financeiros.<\/p>\n\n\n\n<p>No Brasil h\u00e1 uma lei prevista na Constitui\u00e7\u00e3o que estima a receita e fixa despesa para um exerc\u00edcio que \u00e9 a Lei Or\u00e7ament\u00e1ria Anual \u2013 LOA.<\/p>\n\n\n\n<p>Sendo assim, as despesas s\u00f3 podem ser realizadas se forem previstas ou incorporadas ao or\u00e7amento.<\/p>\n\n\n\n<p>\u00c9 por meio do estudo da Administra\u00e7\u00e3o Financeira e Or\u00e7ament\u00e1ria que se tem compreens\u00e3o das finan\u00e7as p\u00fablicas e ajuda na an\u00e1lise do Or\u00e7amento P\u00fablico.<\/p>\n\n\n\n<p>De modo a facilitar a aprendizagem, iremos tra\u00e7ar os temas de maior cobran\u00e7a nas provas de Administra\u00e7\u00e3o Financeira e Or\u00e7ament\u00e1ria, visando o Edital do concurso da Secretaria de Estado da Administra\u00e7\u00e3o SEA-SC.<\/p>\n\n\n\n<div class=\"wp-block-image\"><figure class=\"aligncenter size-full is-resized\"><img loading=\"lazy\" decoding=\"async\" src=\"https:\/\/dhg1h5j42swfq.cloudfront.net\/2022\/04\/28151905\/concurso_sea_sc.jpg\" alt=\"Concurso da Secretaria de Estado de Administra\u00e7\u00e3o - SC\" class=\"wp-image-1017410\" width=\"603\" height=\"402\" srcset=\"https:\/\/dhg1h5j42swfq.cloudfront.net\/2022\/04\/28151905\/concurso_sea_sc.jpg 430w, https:\/\/dhg1h5j42swfq.cloudfront.net\/2022\/04\/28151905\/concurso_sea_sc-300x200.jpg 300w\" sizes=\"auto, (max-width: 603px) 100vw, 603px\" \/><figcaption>Concurso da Secretaria de Estado de Administra\u00e7\u00e3o SEA-SC<\/figcaption><\/figure><\/div>\n\n\n\n<h2 class=\"wp-block-heading\" id=\"instrumentos-de-planejamento-e-orcamento-administracao-financeira-e-orcamentaria-sea-sc\">Instrumentos de Planejamento e Or\u00e7amento &#8211; Administra\u00e7\u00e3o Financeira e Or\u00e7ament\u00e1ria SEA-SC<\/h2>\n\n\n\n<p>O modelo or\u00e7ament\u00e1rio brasileiro \u00e9 definido na Constitui\u00e7\u00e3o Federal de 1988 do Brasil. Comp\u00f5e-se de tr\u00eas instrumentos: o Plano Plurianual \u2013 PPA, a Lei de Diretrizes Or\u00e7ament\u00e1rias \u2013 LDO e a Lei Or\u00e7ament\u00e1ria Anual &#8211; LOA.<\/p>\n\n\n\n<blockquote class=\"wp-block-quote is-layout-flow wp-block-quote-is-layout-flow\"><p>Art. 165. Leis de iniciativa do Poder Executivo estabelecer\u00e3o:<\/p><p>I &#8211; o plano plurianual;<\/p><p>II &#8211; as diretrizes or\u00e7ament\u00e1rias;<\/p><p>III &#8211; os or\u00e7amentos anuais.<\/p><\/blockquote>\n\n\n\n<p><strong>PLANO PLURIANUAL &#8211; PPA<\/strong> (Administra\u00e7\u00e3o Financeira e Or\u00e7ament\u00e1ria SEA-SC)<\/p>\n\n\n\n<p>Estabelecer\u00e1, de forma regionalizada, as diretrizes, objetivos e metas (DOM) da administra\u00e7\u00e3o p\u00fablica federal para as despesas de capital e outras delas decorrentes e para as relativas aos programas de dura\u00e7\u00e3o continuada.<\/p>\n\n\n\n<p>Em rela\u00e7\u00e3o ao PPA, a primeira quest\u00e3o que pode ser colocada neste contexto se refere ao entendimento da express\u00e3o &#8220;de forma regionalizada&#8221;.<\/p>\n\n\n\n<p>Sua finalidade est\u00e1 ligada ao mandato constitucional de &#8220;redu\u00e7\u00e3o das desigualdades regionais&#8221; (\u00a7 7\u00ba do art. 165 da CF 88). Ou seja, sendo apresentado de forma regionalizada, o plano permitir\u00e1 ser devidamente avaliado em rela\u00e7\u00e3o \u00e0quele objetivo.<\/p>\n\n\n\n<p>Nenhum investimento cuja execu\u00e7\u00e3o ultrapasse um exerc\u00edcio financeiro poder\u00e1 ser iniciado sem pr\u00e9via inclus\u00e3o no plano plurianual, ou sem lei que autorize a inclus\u00e3o, sob pena de crime de responsabilidade.<\/p>\n\n\n\n<p>Assim como a LDO, \u00e9 inova\u00e7\u00e3o da CF\/1988.<\/p>\n\n\n\n<p>Os planos e programas nacionais, regionais e setoriais previstos nesta Constitui\u00e7\u00e3o ser\u00e3o elaborados em conson\u00e2ncia com o plano plurianual e apreciados pelo Congresso Nacional.<\/p>\n\n\n\n<p>Prazo de 4 anos.<\/p>\n\n\n\n<p><strong>LEI DE DIRETRIZES OR\u00c7AMENT\u00c1RIAS \u2013 LDO<\/strong> (Administra\u00e7\u00e3o Financeira e Or\u00e7ament\u00e1ria SEA-SC)<\/p>\n\n\n\n<p>Uma das principais fun\u00e7\u00f5es da LDO \u00e9 estabelecer par\u00e2metros necess\u00e1rios \u00e0 aloca\u00e7\u00e3o dos recursos no or\u00e7amento anual, de forma a garantir, dentro do poss\u00edvel, a realiza\u00e7\u00e3o das metas e objetivos contemplados no PPA.<\/p>\n\n\n\n<p>\u00c9 papel da LDO ajustar as a\u00e7\u00f5es de governo previstas no PPA, \u00e0s reais possibilidades de caixa do Tesouro Nacional e selecionar dentre os programas inclu\u00eddos no PPA aqueles que ter\u00e3o prioridade na execu\u00e7\u00e3o do or\u00e7amento subsequente.<\/p>\n\n\n\n<p>A lei de diretrizes or\u00e7ament\u00e1rias compreender\u00e1 as metas e prioridades da administra\u00e7\u00e3o p\u00fablica federal, incluindo as despesas de capital para o exerc\u00edcio financeiro subsequente, orientar\u00e1 a elabora\u00e7\u00e3o da lei or\u00e7ament\u00e1ria anual, dispor\u00e1 sobre as altera\u00e7\u00f5es na legisla\u00e7\u00e3o tribut\u00e1ria e estabelecer\u00e1 a pol\u00edtica de aplica\u00e7\u00e3o das ag\u00eancias financeiras oficiais de fomento.<\/p>\n\n\n\n<p>A CF\/1988 determina que a lei de diretrizes or\u00e7ament\u00e1rias considere as altera\u00e7\u00f5es na legisla\u00e7\u00e3o tribut\u00e1ria, mas a LDO n\u00e3o pode criar, aumentar, suprimir, diminuir ou autorizar tributos, o que deve ser feito por outras leis.<\/p>\n\n\n\n<p>Tamb\u00e9m n\u00e3o existe regra determinando que tais leis sejam aprovadas antes da LDO.<\/p>\n\n\n\n<blockquote class=\"wp-block-quote is-layout-flow wp-block-quote-is-layout-flow\"><p><em>Art. 169. A despesa com pessoal ativo e inativo da Uni\u00e3o, dos Estados, do Distrito Federal e dos Munic\u00edpios n\u00e3o poder\u00e1 exceder os limites estabelecidos em lei complementar.<\/em><\/p><p><em>\u00a7 1\u00ba A concess\u00e3o de qualquer vantagem ou aumento de remunera\u00e7\u00e3o, a cria\u00e7\u00e3o de cargos, empregos e fun\u00e7\u00f5es ou altera\u00e7\u00e3o de estrutura de carreiras, bem como a admiss\u00e3o ou&nbsp; contrata\u00e7\u00e3o de pessoal, a qualquer t\u00edtulo, pelos \u00f3rg\u00e3os e entidades da administra\u00e7\u00e3o direta ou indireta, inclusive funda\u00e7\u00f5es institu\u00eddas e mantidas pelo poder p\u00fablico, s\u00f3 poder\u00e3o ser feitas:<\/em><\/p><p><em>I \u2013 se houver pr\u00e9via dota\u00e7\u00e3o or\u00e7ament\u00e1ria suficiente para atender \u00e0s proje\u00e7\u00f5es de despesa de pessoal e aos acr\u00e9scimos dela decorrentes;<\/em><\/p><p><em>II \u2013 se houver autoriza\u00e7\u00e3o espec\u00edfica na lei de diretrizes or\u00e7ament\u00e1rias, ressalvadas as empresas p\u00fablicas e as sociedades de economia mista.<\/em><\/p><\/blockquote>\n\n\n\n<p>A LDO dispor\u00e1 sobre a forma de utiliza\u00e7\u00e3o e montante da reserva de conting\u00eancia. Seu prazo \u00e9 anual.<\/p>\n\n\n\n<p><strong>LEI OR\u00c7AMENT\u00c1RIA ANUAL \u2013 LOA<\/strong> (Administra\u00e7\u00e3o Financeira e Or\u00e7ament\u00e1ria SEA-SC)<\/p>\n\n\n\n<p>A lei or\u00e7ament\u00e1ria da Uni\u00e3o estima receitas e fixa as despesas para um exerc\u00edcio financeiro. De um lado, permite avaliar as fontes de recursos p\u00fablicos no universo dos contribuintes e, de outro, quem s\u00e3o os benefici\u00e1rios desses recursos.<\/p>\n\n\n\n<p>Reza o \u00a7 5\u00ba do artigo 165 da Constitui\u00e7\u00e3o de 1988.<\/p>\n\n\n\n<p>A lei or\u00e7ament\u00e1ria anual compreender\u00e1:<\/p>\n\n\n\n<blockquote class=\"wp-block-quote is-layout-flow wp-block-quote-is-layout-flow\"><p><em>I \u2013 o or\u00e7amento fiscal referente aos Poderes da Uni\u00e3o, seus fundos, \u00f3rg\u00e3os e entidades da administra\u00e7\u00e3o direta e indireta, inclusive funda\u00e7\u00f5es institu\u00eddas e mantidas pelo Poder P\u00fablico;<\/em><\/p><p><em>II \u2013 o or\u00e7amento de investimento das empresas em que a Uni\u00e3o, direta ou indiretamente, detenha a maioria do capital social com direito a voto;<\/em><\/p><p><em>III \u2013 o or\u00e7amento da seguridade social, abrangendo todas as entidades e \u00f3rg\u00e3os a ela vinculados, da administra\u00e7\u00e3o direta ou indireta, bem como os fundos e funda\u00e7\u00f5es institu\u00eddos e mantidos pelo Poder P\u00fablico.<\/em><\/p><\/blockquote>\n\n\n\n<p>Os or\u00e7amentos fiscais e de investimentos das estatais, compatibilizados com o plano plurianual, ter\u00e3o entre suas fun\u00e7\u00f5es a de reduzir desigualdades inter-regionais, segundo crit\u00e9rios populacionais.<\/p>\n\n\n\n<p>O projeto de lei or\u00e7ament\u00e1ria ser\u00e1 acompanhado de demonstrativo regionalizado do efeito, sobre as receitas e despesas, decorrente de isen\u00e7\u00f5es, anistias, remiss\u00f5es, subs\u00eddios e benef\u00edcios de natureza financeira, tribut\u00e1ria e credit\u00edcia.<\/p>\n\n\n\n<p>\u00c9 vedada a utiliza\u00e7\u00e3o, sem autoriza\u00e7\u00e3o legislativa espec\u00edfica, de recursos dos or\u00e7amentos fiscal e da seguridade social para suprir necessidade ou cobrir d\u00e9ficit de empresas, funda\u00e7\u00f5es e fundos, inclusive daqueles que comp\u00f5em os pr\u00f3prios or\u00e7amentos fiscal, de investimentos das estatais e da seguridade social.<\/p>\n\n\n\n<p>Prazo anual.<\/p>\n\n\n\n<h2 class=\"wp-block-heading\" id=\"h-ciclo-de-planejamento-e-orcamento-administracao-financeira-e-orcamentaria-sea-sc\">Ciclo de planejamento e or\u00e7amento &#8211; Administra\u00e7\u00e3o Financeira e Or\u00e7ament\u00e1ria SEA-SC<\/h2>\n\n\n\n<p>O PPA \u00e9 pe\u00e7a de mais alta hierarquia dentre a tr\u00edade or\u00e7ament\u00e1ria, embora esta seja somente constitu\u00edda de leis ordin\u00e1rias.<\/p>\n\n\n\n<p>Esse \u00e9 o modelo disposto em nossa Carta Magna, que determina em seu art. 165, \u00a7 7\u00ba, que os or\u00e7amentos devem ser compatibilizados com o plano plurianual.<\/p>\n\n\n\n<p>No \u00a7 2\u00ba deste artigo, exige que a LOA deve ser elaborada conforme dispuser a LDO. E no art. 166 \u00a7 3\u00ba, I, prev\u00ea a admiss\u00e3o de emendas ao or\u00e7amento somente se compat\u00edveis com o plano plurianual e com a LDO.<\/p>\n\n\n\n<p>A t\u00e9cnica utilizada na elabora\u00e7\u00e3o dessas leis or\u00e7ament\u00e1rias \u2013 a do Or\u00e7amento Programa, ao possibilitar uma linguagem unificada nas rela\u00e7\u00f5es entre essas tr\u00eas leis, permite a desejada e preconizada integra\u00e7\u00e3o entre o planejamento e o or\u00e7amento.<\/p>\n\n\n\n<p>Todas as leis or\u00e7ament\u00e1rias s\u00e3o de iniciativa do Poder Executivo que as envia, sob a forma de proposta, para aprecia\u00e7\u00e3o e aprova\u00e7\u00e3o do Poder Legislativo. Cabe ao Chefe do Poder Executivo sancion\u00e1-las e execut\u00e1-las. Compete ao Poder Legislativo acompanhar e fiscalizar sua execu\u00e7\u00e3o.<\/p>\n\n\n\n<p>O ciclo integrado de planejamento e or\u00e7amento pode ser ilustrado da seguinte maneira:<\/p>\n\n\n\n<div class=\"wp-block-image\"><figure class=\"aligncenter size-full\"><img loading=\"lazy\" decoding=\"async\" width=\"532\" height=\"500\" src=\"https:\/\/dhg1h5j42swfq.cloudfront.net\/2022\/04\/28134725\/afo.png\" alt=\"\" class=\"wp-image-1017317\" srcset=\"https:\/\/dhg1h5j42swfq.cloudfront.net\/2022\/04\/28134725\/afo.png 532w, https:\/\/dhg1h5j42swfq.cloudfront.net\/2022\/04\/28134725\/afo-300x282.png 300w\" sizes=\"auto, (max-width: 532px) 100vw, 532px\" \/><figcaption>Administra\u00e7\u00e3o Financeira Or\u00e7ament\u00e1ria<\/figcaption><\/figure><\/div>\n\n\n\n<p>O ciclo or\u00e7ament\u00e1rio \u00e9 um processo cont\u00ednuo, din\u00e2mico e flex\u00edvel, por meio do qual se elabora, planeja, aprova, executa, controla e avalia a programa\u00e7\u00e3o de disp\u00eandios do setor p\u00fablico nos aspectos f\u00edsico e financeiro.<\/p>\n\n\n\n<p>O ciclo or\u00e7ament\u00e1rio n\u00e3o se confunde com o exerc\u00edcio financeiro.<\/p>\n\n\n\n<p>O exerc\u00edcio financeiro coincide com o ano civil, ou seja, inicia-se em 1.\u00ba de janeiro e se encerra em 31 de dezembro de cada ano.<\/p>\n\n\n\n<p>O Poder Executivo de cada ente colocar\u00e1 \u00e0 disposi\u00e7\u00e3o dos demais Poderes e do Minist\u00e9rio P\u00fablico, no m\u00ednimo trinta dias antes do prazo final para encaminhamento de suas propostas or\u00e7ament\u00e1rias, os estudos e as estimativas das receitas para o exerc\u00edcio subsequente, inclusive da corrente l\u00edquida, e as respectivas mem\u00f3rias de c\u00e1lculo.<\/p>\n\n\n\n<h2 class=\"wp-block-heading\" id=\"prazos-dos-ciclos-orcamentarios\">Prazos dos Ciclos Or\u00e7ament\u00e1rios<\/h2>\n\n\n\n<p>Outro aspecto de suma import\u00e2ncia que n\u00e3o caem, despencam nas provas, s\u00e3o os prazos de encaminhamentos das Leis Or\u00e7ament\u00e1rias.<\/p>\n\n\n\n<p>Vamos l\u00e1!<\/p>\n\n\n\n<p><strong>PPA:<\/strong><\/p>\n\n\n\n<p>Encaminhamento ao CN: at\u00e9 4 meses antes do encerramento do 1\u00b0 exerc\u00edcio financeiro (31.08).<\/p>\n\n\n\n<p>Devolu\u00e7\u00e3o para san\u00e7\u00e3o: at\u00e9 o encerramento da sess\u00e3o legislativa (22.12).<\/p>\n\n\n\n<p><strong>LDO:<\/strong><\/p>\n\n\n\n<p>Encaminhamento ao CN: at\u00e9 8 meses e 1\/2 antes do encerramento do exerc\u00edcio<\/p>\n\n\n\n<p>financeiro (15.04).<\/p>\n\n\n\n<p>Devolu\u00e7\u00e3o para san\u00e7\u00e3o: at\u00e9 o encerramento do 1\u00ba per\u00edodo da sess\u00e3o legislativa (17.07).<\/p>\n\n\n\n<p><strong>LOA:<\/strong><\/p>\n\n\n\n<p>Encaminhamento ao CN: at\u00e9 4 meses antes do encerramento do exerc\u00edcio financeiro<\/p>\n\n\n\n<p>(31.08).<\/p>\n\n\n\n<p>Devolu\u00e7\u00e3o para san\u00e7\u00e3o: at\u00e9 o encerramento da sess\u00e3o legislativa (22.12).<\/p>\n\n\n\n<p>Se n\u00e3o receber a proposta or\u00e7ament\u00e1ria no prazo fixado nas Constitui\u00e7\u00f5es ou nas Leis Org\u00e2nicas dos Munic\u00edpios, o Poder Legislativo considerar\u00e1 como proposta a Lei de Or\u00e7amento vigente.<\/p>\n\n\n\n<p>Importante deixar claro que a LRF n\u00e3o \u00e9 a Lei Complementar do \u00a7 9.\u00ba do art. 165:<\/p>\n\n\n\n<blockquote class=\"wp-block-quote is-layout-flow wp-block-quote-is-layout-flow\"><p><em>\u00a7 9\u00ba Cabe \u00e0 lei complementar:<\/em><\/p><p><em>&nbsp;I &#8211; dispor sobre o exerc\u00edcio financeiro, a vig\u00eancia, os prazos, a elabora\u00e7\u00e3o e a organiza\u00e7\u00e3o do plano plurianual, da lei de diretrizes or\u00e7ament\u00e1rias e da lei or\u00e7ament\u00e1ria anual;<\/em><\/p><p><em>&nbsp;II &#8211; estabelecer normas de gest\u00e3o financeira e patrimonial da administra\u00e7\u00e3o direta e indireta bem como condi\u00e7\u00f5es para a institui\u00e7\u00e3o e funcionamento de fundos;<\/em><\/p><p><em>III &#8211; dispor sobre crit\u00e9rios para a execu\u00e7\u00e3o equitativa, al\u00e9m de procedimentos que ser\u00e3o adotados quando houver impedimentos legais e t\u00e9cnicos, cumprimento de restos a pagar e limita\u00e7\u00e3o das programa\u00e7\u00f5es de car\u00e1ter obrigat\u00f3rio, para a realiza\u00e7\u00e3o do disposto no \u00a7 11 do art. 166.<\/em><\/p><\/blockquote>\n\n\n\n<p>Na aus\u00eancia dessa Lei, quem cumpre esse v\u00e1cuo legislativo a cada ano \u00e9 a <strong>LDO<\/strong>. Enquanto isso, na esfera federal, os prazos para o ciclo or\u00e7ament\u00e1rio est\u00e3o no <strong>ADCT<\/strong><\/p>\n\n\n\n<h2 class=\"wp-block-heading\" id=\"principios-da-administracao-financeira-e-orcamentaria-sea-sc\">Princ\u00edpios da Administra\u00e7\u00e3o Financeira e Or\u00e7ament\u00e1ria-SEA-SC<\/h2>\n\n\n\n<p>Os Princ\u00edpios Or\u00e7ament\u00e1rios aparecem com muita frequ\u00eancia nas provas de Administra\u00e7\u00e3o Financeira e Or\u00e7ament\u00e1ria em concursos p\u00fablicos.<\/p>\n\n\n\n<p>Vejamos os principais princ\u00edpios da AFO:<\/p>\n\n\n\n<p><strong>Princ\u00edpio da Anualidade:<\/strong> o exerc\u00edcio financeiro coincide com o ano civil (in\u00edcio em 1 de janeiro, t\u00e9rmino em 31 de dezembro).<\/p>\n\n\n\n<p><strong>Princ\u00edpio da Clareza:<\/strong> o or\u00e7amento deve ser claro e de f\u00e1cil compreens\u00e3o a qualquer cidad\u00e3o.<\/p>\n\n\n\n<p><strong>Princ\u00edpio do Equil\u00edbrio:<\/strong> os valores autorizados para a realiza\u00e7\u00e3o das despesas devem ser compat\u00edveis com os valores previstos para a arrecada\u00e7\u00e3o das receitas.<\/p>\n\n\n\n<p><strong>Princ\u00edpio da Exclusividade:<\/strong> a lei or\u00e7ament\u00e1ria deve conter apenas temas relacionados aos gastos e receitas previstos pelo governo.<\/p>\n\n\n\n<p><strong>Princ\u00edpio da Legalidade:<\/strong> a elabora\u00e7\u00e3o do or\u00e7amento deve observar as limita\u00e7\u00f5es legais em rela\u00e7\u00e3o aos gastos, \u00e0s receitas e, em especial, \u00e0s veda\u00e7\u00f5es impostas pela Constitui\u00e7\u00e3o Federal \u00e0 Uni\u00e3o, estados, Distrito Federal e munic\u00edpios.<\/p>\n\n\n\n<p><strong>Princ\u00edpio da Publicidade:<\/strong> garante transpar\u00eancia e pleno acesso a qualquer interessado \u00e0s informa\u00e7\u00f5es necess\u00e1rias ao exerc\u00edcio da fiscaliza\u00e7\u00e3o sobre a utiliza\u00e7\u00e3o dos recursos arrecadados dos contribuintes.<\/p>\n\n\n\n<p><strong>Princ\u00edpio da Unidade Or\u00e7ament\u00e1ria:<\/strong> o or\u00e7amento \u00e9 uno \u2013 cada unidade governamental deve possuir apenas um or\u00e7amento.<\/p>\n\n\n\n<p><strong>Princ\u00edpio da Universalidade:<\/strong> todas as receitas e todas as despesas devem constar da lei or\u00e7ament\u00e1ria, n\u00e3o podendo haver omiss\u00e3o.<\/p>\n\n\n\n<p><strong>Princ\u00edpio do Or\u00e7amento Bruto:<\/strong> todas as receitas e despesas devem constar na pe\u00e7a or\u00e7ament\u00e1ria com seus valores brutos (e n\u00e3o l\u00edquidos).<\/p>\n\n\n\n<p><strong>Princ\u00edpio da Simplifica\u00e7\u00e3o:<\/strong> o planejamento e o or\u00e7amento devem utilizar elementos de f\u00e1cil compreens\u00e3o.<\/p>\n\n\n\n<p><strong>Princ\u00edpio da Descentraliza\u00e7\u00e3o:<\/strong> \u00e9 prefer\u00edvel que a execu\u00e7\u00e3o das a\u00e7\u00f5es ocorra no n\u00edvel mais pr\u00f3ximo de seus benefici\u00e1rios.<\/p>\n\n\n\n<p><strong>Princ\u00edpio da Responsabiliza\u00e7\u00e3o:<\/strong> os gerentes\/administradores devem assumir de forma personalizada a responsabilidade pelo desenvolvimento de um programa, buscando a solu\u00e7\u00e3o ou o encaminhamento de um problema.<\/p>\n\n\n\n<h2 class=\"wp-block-heading\" id=\"sobre-o-relatorio-de-execucao-administracao-financeira-e-orcamentaria\">Sobre o Relat\u00f3rio de Execu\u00e7\u00e3o &#8211; Administra\u00e7\u00e3o Financeira e Or\u00e7ament\u00e1ria<\/h2>\n\n\n\n<p>O Relat\u00f3rio Resumido da Execu\u00e7\u00e3o Or\u00e7ament\u00e1ria (RREO) \u00e9 um documento mensal disponibilizado pelo Tesouro Nacional que permite o acompanhamento e an\u00e1lise do desempenho das a\u00e7\u00f5es governamentais estabelecidas na Lei de Diretrizes Or\u00e7ament\u00e1rias (LDO) e na Lei Or\u00e7ament\u00e1ria Anual (LOA).<\/p>\n\n\n\n<p>Ele \u00e9 exigido pela Constitui\u00e7\u00e3o Federal, em seu artigo 165, \u00a73\u00ba: &#8220;o Poder Executivo publicar\u00e1, no prazo de trinta dias ap\u00f3s o encerramento de cada bimestre, o Relat\u00f3rio Resumido de Execu\u00e7\u00e3o Or\u00e7ament\u00e1ria (RREO)&#8221;.<\/p>\n\n\n\n<p>Sua regulamenta\u00e7\u00e3o foi feita pela Lei Complementar n\u00ba 101, de 4 de maio de 2000 &#8211; Lei de Responsabilidade Fiscal (LRF) -, que estabelece as normas para sua elabora\u00e7\u00e3o e publica\u00e7\u00e3o.<\/p>\n\n\n\n<p>O RREO abrange os \u00f3rg\u00e3os da administra\u00e7\u00e3o direta e entidades da administra\u00e7\u00e3o indireta de todos os poderes, que recebam recursos dos or\u00e7amentos fiscal e da seguridade social, inclusive sob a forma de subven\u00e7\u00f5es para pagamento de pessoal ou de custeio em geral ou de capital, exclu\u00eddos, no \u00faltimo caso, aqueles provenientes de aumento de participa\u00e7\u00e3o acion\u00e1ria.<\/p>\n\n\n\n<h2 class=\"wp-block-heading\" id=\"os-creditos-adicionais-administracao-financeira-orcamentaria\">Os cr\u00e9ditos adicionais &#8211; Administra\u00e7\u00e3o Financeira Or\u00e7ament\u00e1ria<\/h2>\n\n\n\n<p>O Or\u00e7amento \u00e9 um produto do Sistema de Planejamento que define as a\u00e7\u00f5es a serem desenvolvidas em determinado exerc\u00edcio.<\/p>\n\n\n\n<p>Durante a implementa\u00e7\u00e3o dos programas de trabalho podem ocorrer situa\u00e7\u00f5es ou fatos novos que n\u00e3o foram previstos na fase de elabora\u00e7\u00e3o da pe\u00e7a or\u00e7ament\u00e1ria, e que exigem a atua\u00e7\u00e3o do Poder P\u00fablico.<\/p>\n\n\n\n<p>Para garantir ajustes ao or\u00e7amento durante sua execu\u00e7\u00e3o, foi regulamentado na Lei 4.320\/64, em seu artigo 40, o dispositivo legal denominado \u201ccr\u00e9dito adicional\u201d.<\/p>\n\n\n\n<p>Cr\u00e9ditos adicionais s\u00e3o autoriza\u00e7\u00f5es de despesas n\u00e3o computadas ou insuficientemente dotadas na Lei de Or\u00e7amento (Lei n\u00ba 4.320\/64, art. 40).<\/p>\n\n\n\n<p>Assim, permitem o refor\u00e7o e a abertura de novas dota\u00e7\u00f5es para ajustar o or\u00e7amento aos objetivos a serem atingidos pelo Governo.<\/p>\n\n\n\n<p><strong>S\u00e3o tr\u00eas as modalidades de cr\u00e9ditos adicionais:<\/strong><\/p>\n\n\n\n<p>1. &nbsp; &nbsp; &nbsp; <strong>Suplementar &#8211; <\/strong>destinado ao refor\u00e7o de dota\u00e7\u00e3o or\u00e7ament\u00e1ria (art. 167, incisos<\/p>\n\n\n\n<p>V e VI da CF\/88; art. 165, incisos V e VI da CE\/89; art. 41, inciso I da Lei Federal<\/p>\n\n\n\n<p>n\u00ba 4.320\/64);<\/p>\n\n\n\n<p>2. &nbsp; &nbsp; &nbsp; <strong>Especial &#8211; <\/strong>destinado a despesas para as quais n\u00e3o haja dota\u00e7\u00e3o or\u00e7ament\u00e1ria<\/p>\n\n\n\n<p>espec\u00edfica (art. 167, incisos I, V, VI e par\u00e1grafo 2\u00ba da CF\/88; art. 165, incisos I,<\/p>\n\n\n\n<p>V, VI e par\u00e1grafo 2\u00ba da CE\/89; art. 41, inciso II da Lei Federal n\u00ba 4.320\/64);<\/p>\n\n\n\n<p>3. &nbsp; &nbsp; &nbsp; <strong>Extraordin\u00e1rio &#8211; <\/strong>destinado a despesas imprevis\u00edveis e urgentes, como as<\/p>\n\n\n\n<p>decorrentes de guerra, como\u00e7\u00e3o interna ou calamidade p\u00fablica (art. 167,<\/p>\n\n\n\n<p>par\u00e1grafos 2\u00ba e 3\u00ba da CF\/88; art. 165, par\u00e1grafos 2\u00ba e 3\u00ba da CE\/89; art. 41,<\/p>\n\n\n\n<p>inciso III da Lei Federal n\u00ba 4.320\/64).<\/p>\n\n\n\n<p>Os cr\u00e9ditos adicionais t\u00eam a vig\u00eancia restrita ao exerc\u00edcio financeiro em que forem abertos. Entretanto, os cr\u00e9ditos especiais e extraordin\u00e1rios quando autorizados nos \u00faltimos quatro meses do exerc\u00edcio poder\u00e3o ser reabertos, no limite de seus saldos, continuando sua vig\u00eancia no exerc\u00edcio seguinte (CF\/88, art. 167, par\u00e1grafo 2\u00ba; CE\/89, art. 165, par\u00e1grafo 2\u00ba; Lei Federal n\u00ba 4.320\/64, art. 45).<\/p>\n\n\n\n<h2 class=\"wp-block-heading\" id=\"classificacao-das-receitas-administracao-financeira-e-orcamentaria\">Classifica\u00e7\u00e3o das Receitas \u2013 Administra\u00e7\u00e3o Financeira e Or\u00e7ament\u00e1ria<\/h2>\n\n\n\n<p>A classifica\u00e7\u00e3o decorre de sua natureza, s\u00e3o elas:<\/p>\n\n\n\n<p>1. Receitas Correntes;<\/p>\n\n\n\n<p>2. Receitas de Capital;<\/p>\n\n\n\n<p>3. Receitas Correntes Intraor\u00e7ament\u00e1rias;<\/p>\n\n\n\n<p>4. Receitas de Capital Intraor\u00e7ament\u00e1rias.<\/p>\n\n\n\n<p><strong><a href=\"http:\/\/www.planalto.gov.br\/ccivil_03\/leis\/l4320.htm\">Lei 4320\/1964:<\/a><\/strong><\/p>\n\n\n\n<p><em>Art. 11 &#8211; A receita classificar-se-\u00e1 nas seguintes categorias econ\u00f4micas:<\/em><\/p>\n\n\n\n<p><em>Receitas Correntes e Receitas de Capital.<\/em><\/p>\n\n\n\n<p><em>\u00a7 1\u00ba &#8211; S\u00e3o Receitas Correntes as receitas tribut\u00e1ria, de contribui\u00e7\u00f5es, patrimonial, agropecu\u00e1ria, industrial, de servi\u00e7os e outras e, ainda, as provenientes de recursos financeiros recebidos de outras pessoas de direito p\u00fablico ou privado, quando destinadas a atender despesas classific\u00e1veis em Despesas Correntes.<\/em><\/p>\n\n\n\n<p><em>\u00a7 2\u00ba &#8211; S\u00e3o Receitas de Capital as provenientes da realiza\u00e7\u00e3o de recursos financeiros oriundos de constitui\u00e7\u00e3o de d\u00edvidas; da convers\u00e3o, em esp\u00e9cie, de bens e direitos; os recursos recebidos de outras pessoas de direito p\u00fablico ou privado, destinados a atender despesas classific\u00e1veis em Despesas de Capital e, ainda, o super\u00e1vit do Or\u00e7amento Corrente.<\/em><\/p>\n\n\n\n<p><strong>Receitas Correntes<\/strong><\/p>\n\n\n\n<p>1. Impostos, Taxas e Contribui\u00e7\u00f5es de Melhoria<\/p>\n\n\n\n<p>2. Contribui\u00e7\u00f5es<\/p>\n\n\n\n<p>3. Receita Patrimonial<\/p>\n\n\n\n<p>4. Receita Agropecu\u00e1ria<\/p>\n\n\n\n<p>5. Receita Industrial<\/p>\n\n\n\n<p>6. Receita de Servi\u00e7os<\/p>\n\n\n\n<p>7. Transfer\u00eancias Correntes<\/p>\n\n\n\n<p><strong>Receitas de Capital<\/strong><\/p>\n\n\n\n<p>1. Opera\u00e7\u00f5es de Cr\u00e9dito<\/p>\n\n\n\n<p>2. Aliena\u00e7\u00e3o de Bens<\/p>\n\n\n\n<p>3. Amortiza\u00e7\u00e3o de Empr\u00e9stimos<\/p>\n\n\n\n<p>4. Transfer\u00eancias de Capital<\/p>\n\n\n\n<p>5. Outras Receitas de Capital<\/p>\n\n\n\n<p>Em suma, entende-se por receitas p\u00fablicas todo montante de valores ou bens que entram nos cofres p\u00fablicos em definitivo, destinados a suprir as despesas p\u00fablicas.<\/p>\n\n\n\n<h2 class=\"wp-block-heading\" id=\"consideracoes-finais\">Considera\u00e7\u00f5es Finais<\/h2>\n\n\n\n<p>Este resumo foi elaborado de acordo com o Edital do Concurso P\u00fablico da Secretaria de Estado de Administra\u00e7\u00e3o de SC, dentro do conte\u00fado de Administra\u00e7\u00e3o Financeira Or\u00e7ament\u00e1ria, que est\u00e1 sendo promovido pela banca IBADE.<\/p>\n\n\n\n<p>Com base nas provas anteriores da referida banca, o assunto que envolve o conte\u00fado em quest\u00e3o, est\u00e1 por completo discriminado no presente artigo.<\/p>\n\n\n\n<p>Lembrando que o Estrat\u00e9gia Concursos possui cursos espec\u00edficos voltados para o Edital da SEA de SC, bem como da mat\u00e9ria de AFO baseado no edital do concurso.<\/p>\n\n\n\n<p>N\u00e3o percam as atualiza\u00e7\u00f5es do site <a href=\"https:\/\/www.estrategiaconcursos.com.br\/\">https:\/\/www.estrategiaconcursos.com.br\/<\/a>.<\/p>\n\n\n\n<p>Desejo boa sorte a todos e foco nos estudos!<\/p>\n\n\n\n<p>At\u00e9 a pr\u00f3xima, pessoal.&nbsp;<\/p>\n\n\n\n<p class=\"has-text-align-center\" id=\"h-quer-saber-tudo-sobre-concursos-previstos\"><strong>Quer saber tudo sobre concursos previstos?<\/strong><\/p>\n\n\n\n<p class=\"has-text-align-center\"><strong>Confira nossos artigos!<\/strong><\/p>\n\n\n\n<p class=\"has-text-align-center has-white-color has-vivid-purple-background-color has-text-color has-background\"><a href=\"https:\/\/www.estrategiaconcursos.com.br\/blog\/concursos-abertos\/\" target=\"_blank\" rel=\"noreferrer noopener\">Concursos abertos<\/a><\/p>\n\n\n\n<p class=\"has-text-align-center has-white-color has-vivid-purple-background-color has-text-color has-background\"><a href=\"https:\/\/www.estrategiaconcursos.com.br\/blog\/concursos-2022\/\" target=\"_blank\" rel=\"noreferrer noopener\">Concursos 2022<\/a><\/p>\n\n\n\n<h3 class=\"wp-block-heading\" id=\"assinatura-de-concursos\">Assinatura de Concursos<\/h3>\n\n\n\n<p>Assinatura de 1 ano ou 2 anos<a target=\"_blank\" href=\"https:\/\/www.estrategiaconcursos.com.br\/assinaturas\/\" rel=\"noreferrer noopener\">ASSINE AGORA<\/a><\/p>\n","protected":false},"excerpt":{"rendered":"<p>Fique por dentro dos principais temas de Administra\u00e7\u00e3o Financeira Or\u00e7ament\u00e1ria para o concurso da SEA-SC. Or\u00e7amento P\u00fablico e a Secretaria de Estado da Administra\u00e7\u00e3o de SC Com um dos melhores modelos de gest\u00e3o da Administra\u00e7\u00e3o P\u00fablica do Poder Executivo Estadual, a SEA-SC trouxe muitas oportunidades de cargos para quem almeja fazer parte dos quadros de [&hellip;]<\/p>\n","protected":false},"author":1914,"featured_media":1017411,"comment_status":"open","ping_status":"closed","sticky":false,"template":"","format":"standard","meta":{"post_tipo":"article","footnotes":""},"categories":[1,214992],"tags":[],"tax_estado":[219987],"class_list":["post-1016709","post","type-post","status-publish","format-standard","has-post-thumbnail","hentry","category-cursos-e-concursos","category-concursos-administrativos","tax_estado-sc"],"acf":[],"yoast_head":"<!-- This site is optimized with the Yoast SEO Premium plugin v27.2 (Yoast SEO v27.2) - https:\/\/yoast.com\/product\/yoast-seo-premium-wordpress\/ -->\n<title>Administra\u00e7\u00e3o Financeira e Or\u00e7ament\u00e1ria SEA-SC<\/title>\n<meta name=\"description\" content=\"Fique por dentro dos principais temas de Administra\u00e7\u00e3o Financeira e Or\u00e7ament\u00e1ria - SEA-SC para o concurso da Secretaria.\" \/>\n<meta name=\"robots\" content=\"index, follow, max-snippet:-1, max-image-preview:large, max-video-preview:-1\" \/>\n<link rel=\"canonical\" href=\"https:\/\/www.estrategiaconcursos.com.br\/blog\/adm-financeira-orcamentaria-sea-sc\/\" \/>\n<meta property=\"og:locale\" content=\"pt_BR\" \/>\n<meta property=\"og:type\" content=\"article\" \/>\n<meta property=\"og:title\" content=\"Resumo de AFO para Secretaria de Estado da Administra\u00e7\u00e3o de Santa Catarina\" \/>\n<meta property=\"og:description\" content=\"Fique por dentro dos principais temas de Administra\u00e7\u00e3o Financeira e Or\u00e7ament\u00e1ria - SEA-SC para o concurso da Secretaria.\" \/>\n<meta property=\"og:url\" content=\"https:\/\/www.estrategiaconcursos.com.br\/blog\/adm-financeira-orcamentaria-sea-sc\/\" \/>\n<meta property=\"og:site_name\" content=\"Estrat\u00e9gia Concursos\" \/>\n<meta property=\"article:published_time\" content=\"2022-05-16T10:13:00+00:00\" \/>\n<meta property=\"og:image\" content=\"https:\/\/dhg1h5j42swfq.cloudfront.net\/2022\/04\/28152058\/concurso_sea_sc-1.jpg\" \/>\n\t<meta property=\"og:image:width\" content=\"430\" \/>\n\t<meta property=\"og:image:height\" content=\"287\" \/>\n\t<meta property=\"og:image:type\" content=\"image\/jpeg\" \/>\n<meta name=\"author\" content=\"Gisele Belo Canto\" \/>\n<meta name=\"twitter:card\" content=\"summary_large_image\" \/>\n<meta name=\"twitter:creator\" content=\"@EstratConcursos\" \/>\n<meta name=\"twitter:site\" content=\"@EstratConcursos\" \/>\n<meta name=\"twitter:label1\" content=\"Escrito por\" \/>\n\t<meta name=\"twitter:data1\" content=\"Gisele Belo Canto\" \/>\n\t<meta name=\"twitter:label2\" content=\"Est. tempo de leitura\" \/>\n\t<meta name=\"twitter:data2\" content=\"16 minutos\" \/>\n<script type=\"application\/ld+json\" class=\"yoast-schema-graph\">{\"@context\":\"https:\/\/schema.org\",\"@graph\":[{\"@type\":\"NewsArticle\",\"@id\":\"https:\/\/www.estrategiaconcursos.com.br\/blog\/adm-financeira-orcamentaria-sea-sc\/#article\",\"isPartOf\":{\"@id\":\"https:\/\/www.estrategiaconcursos.com.br\/blog\/adm-financeira-orcamentaria-sea-sc\/\"},\"author\":{\"name\":\"Gisele Belo Canto\",\"@id\":\"https:\/\/www.estrategiaconcursos.com.br\/blog\/#\/schema\/person\/fcabad88fb5f77e6eb2dbf49c6b2d62c\"},\"headline\":\"Resumo de AFO para Secretaria de Estado da Administra\u00e7\u00e3o de Santa Catarina\",\"datePublished\":\"2022-05-16T10:13:00+00:00\",\"mainEntityOfPage\":{\"@id\":\"https:\/\/www.estrategiaconcursos.com.br\/blog\/adm-financeira-orcamentaria-sea-sc\/\"},\"wordCount\":3223,\"commentCount\":0,\"publisher\":{\"@id\":\"https:\/\/www.estrategiaconcursos.com.br\/blog\/#organization\"},\"image\":{\"@id\":\"https:\/\/www.estrategiaconcursos.com.br\/blog\/adm-financeira-orcamentaria-sea-sc\/#primaryimage\"},\"thumbnailUrl\":\"https:\/\/dhg1h5j42swfq.cloudfront.net\/2022\/04\/28152058\/concurso_sea_sc-1.jpg\",\"articleSection\":[\"Concursos P\u00fablicos\",\"Executivo (Administrativa)\"],\"inLanguage\":\"pt-BR\",\"potentialAction\":[{\"@type\":\"CommentAction\",\"name\":\"Comment\",\"target\":[\"https:\/\/www.estrategiaconcursos.com.br\/blog\/adm-financeira-orcamentaria-sea-sc\/#respond\"]}],\"copyrightYear\":\"2022\",\"copyrightHolder\":{\"@id\":\"https:\/\/www.estrategiaconcursos.com.br\/blog\/#organization\"}},{\"@type\":\"WebPage\",\"@id\":\"https:\/\/www.estrategiaconcursos.com.br\/blog\/adm-financeira-orcamentaria-sea-sc\/\",\"url\":\"https:\/\/www.estrategiaconcursos.com.br\/blog\/adm-financeira-orcamentaria-sea-sc\/\",\"name\":\"Administra\u00e7\u00e3o Financeira e Or\u00e7ament\u00e1ria SEA-SC\",\"isPartOf\":{\"@id\":\"https:\/\/www.estrategiaconcursos.com.br\/blog\/#website\"},\"primaryImageOfPage\":{\"@id\":\"https:\/\/www.estrategiaconcursos.com.br\/blog\/adm-financeira-orcamentaria-sea-sc\/#primaryimage\"},\"image\":{\"@id\":\"https:\/\/www.estrategiaconcursos.com.br\/blog\/adm-financeira-orcamentaria-sea-sc\/#primaryimage\"},\"thumbnailUrl\":\"https:\/\/dhg1h5j42swfq.cloudfront.net\/2022\/04\/28152058\/concurso_sea_sc-1.jpg\",\"datePublished\":\"2022-05-16T10:13:00+00:00\",\"description\":\"Fique por dentro dos principais temas de Administra\u00e7\u00e3o Financeira e Or\u00e7ament\u00e1ria - SEA-SC para o concurso da Secretaria.\",\"breadcrumb\":{\"@id\":\"https:\/\/www.estrategiaconcursos.com.br\/blog\/adm-financeira-orcamentaria-sea-sc\/#breadcrumb\"},\"inLanguage\":\"pt-BR\",\"potentialAction\":[{\"@type\":\"ReadAction\",\"target\":[\"https:\/\/www.estrategiaconcursos.com.br\/blog\/adm-financeira-orcamentaria-sea-sc\/\"]}]},{\"@type\":\"ImageObject\",\"inLanguage\":\"pt-BR\",\"@id\":\"https:\/\/www.estrategiaconcursos.com.br\/blog\/adm-financeira-orcamentaria-sea-sc\/#primaryimage\",\"url\":\"https:\/\/dhg1h5j42swfq.cloudfront.net\/2022\/04\/28152058\/concurso_sea_sc-1.jpg\",\"contentUrl\":\"https:\/\/dhg1h5j42swfq.cloudfront.net\/2022\/04\/28152058\/concurso_sea_sc-1.jpg\",\"width\":430,\"height\":287,\"caption\":\"Administra\u00e7\u00e3o Financeira Or\u00e7ament\u00e1ria\"},{\"@type\":\"BreadcrumbList\",\"@id\":\"https:\/\/www.estrategiaconcursos.com.br\/blog\/adm-financeira-orcamentaria-sea-sc\/#breadcrumb\",\"itemListElement\":[{\"@type\":\"ListItem\",\"position\":1,\"name\":\"In\u00edcio\",\"item\":\"https:\/\/www.estrategiaconcursos.com.br\/blog\/\"},{\"@type\":\"ListItem\",\"position\":2,\"name\":\"Resumo de AFO para Secretaria de Estado da Administra\u00e7\u00e3o de Santa Catarina\"}]},{\"@type\":\"WebSite\",\"@id\":\"https:\/\/www.estrategiaconcursos.com.br\/blog\/#website\",\"url\":\"https:\/\/www.estrategiaconcursos.com.br\/blog\/\",\"name\":\"Estrat\u00e9gia Concursos\",\"description\":\"O blog da Estrat\u00e9gia Concursos traz not\u00edcias sobre concursos e artigos de professores oferecendo cursos para concursos (pdf + videaulas) no site.\",\"publisher\":{\"@id\":\"https:\/\/www.estrategiaconcursos.com.br\/blog\/#organization\"},\"potentialAction\":[{\"@type\":\"SearchAction\",\"target\":{\"@type\":\"EntryPoint\",\"urlTemplate\":\"https:\/\/www.estrategiaconcursos.com.br\/blog\/?s={search_term_string}\"},\"query-input\":{\"@type\":\"PropertyValueSpecification\",\"valueRequired\":true,\"valueName\":\"search_term_string\"}}],\"inLanguage\":\"pt-BR\"},{\"@type\":\"Organization\",\"@id\":\"https:\/\/www.estrategiaconcursos.com.br\/blog\/#organization\",\"name\":\"Estrat\u00e9gia Concursos\",\"url\":\"https:\/\/www.estrategiaconcursos.com.br\/blog\/\",\"logo\":{\"@type\":\"ImageObject\",\"inLanguage\":\"pt-BR\",\"@id\":\"https:\/\/www.estrategiaconcursos.com.br\/blog\/#\/schema\/logo\/image\/\",\"url\":\"https:\/\/dhg1h5j42swfq.cloudfront.net\/2025\/06\/03203428\/logo_concursos-1.jpg\",\"contentUrl\":\"https:\/\/dhg1h5j42swfq.cloudfront.net\/2025\/06\/03203428\/logo_concursos-1.jpg\",\"width\":230,\"height\":60,\"caption\":\"Estrat\u00e9gia Concursos\"},\"image\":{\"@id\":\"https:\/\/www.estrategiaconcursos.com.br\/blog\/#\/schema\/logo\/image\/\"},\"sameAs\":[\"https:\/\/x.com\/EstratConcursos\"]},{\"@type\":\"Person\",\"@id\":\"https:\/\/www.estrategiaconcursos.com.br\/blog\/#\/schema\/person\/fcabad88fb5f77e6eb2dbf49c6b2d62c\",\"name\":\"Gisele Belo Canto\",\"image\":{\"@type\":\"ImageObject\",\"inLanguage\":\"pt-BR\",\"@id\":\"https:\/\/secure.gravatar.com\/avatar\/394724be6aee496c46a4bd16a01d3defd0c8fcaf4f4fc495b5c6da88e0b3fe74?s=96&d=mm&r=g\",\"url\":\"https:\/\/secure.gravatar.com\/avatar\/394724be6aee496c46a4bd16a01d3defd0c8fcaf4f4fc495b5c6da88e0b3fe74?s=96&d=mm&r=g\",\"contentUrl\":\"https:\/\/secure.gravatar.com\/avatar\/394724be6aee496c46a4bd16a01d3defd0c8fcaf4f4fc495b5c6da88e0b3fe74?s=96&d=mm&r=g\",\"caption\":\"Gisele Belo Canto\"},\"url\":\"https:\/\/www.estrategiaconcursos.com.br\/blog\/author\/giselecanto25hotmail-com\/\"}]}<\/script>\n<!-- \/ Yoast SEO Premium plugin. -->","yoast_head_json":{"title":"Administra\u00e7\u00e3o Financeira e Or\u00e7ament\u00e1ria SEA-SC","description":"Fique por dentro dos principais temas de Administra\u00e7\u00e3o Financeira e Or\u00e7ament\u00e1ria - SEA-SC para o concurso da Secretaria.","robots":{"index":"index","follow":"follow","max-snippet":"max-snippet:-1","max-image-preview":"max-image-preview:large","max-video-preview":"max-video-preview:-1"},"canonical":"https:\/\/www.estrategiaconcursos.com.br\/blog\/adm-financeira-orcamentaria-sea-sc\/","og_locale":"pt_BR","og_type":"article","og_title":"Resumo de AFO para Secretaria de Estado da Administra\u00e7\u00e3o de Santa Catarina","og_description":"Fique por dentro dos principais temas de Administra\u00e7\u00e3o Financeira e Or\u00e7ament\u00e1ria - SEA-SC para o concurso da Secretaria.","og_url":"https:\/\/www.estrategiaconcursos.com.br\/blog\/adm-financeira-orcamentaria-sea-sc\/","og_site_name":"Estrat\u00e9gia Concursos","article_published_time":"2022-05-16T10:13:00+00:00","og_image":[{"width":430,"height":287,"url":"https:\/\/dhg1h5j42swfq.cloudfront.net\/2022\/04\/28152058\/concurso_sea_sc-1.jpg","type":"image\/jpeg"}],"author":"Gisele Belo Canto","twitter_card":"summary_large_image","twitter_creator":"@EstratConcursos","twitter_site":"@EstratConcursos","twitter_misc":{"Escrito por":"Gisele Belo Canto","Est. tempo de leitura":"16 minutos"},"schema":{"@context":"https:\/\/schema.org","@graph":[{"@type":"NewsArticle","@id":"https:\/\/www.estrategiaconcursos.com.br\/blog\/adm-financeira-orcamentaria-sea-sc\/#article","isPartOf":{"@id":"https:\/\/www.estrategiaconcursos.com.br\/blog\/adm-financeira-orcamentaria-sea-sc\/"},"author":{"name":"Gisele Belo Canto","@id":"https:\/\/www.estrategiaconcursos.com.br\/blog\/#\/schema\/person\/fcabad88fb5f77e6eb2dbf49c6b2d62c"},"headline":"Resumo de AFO para Secretaria de Estado da Administra\u00e7\u00e3o de Santa Catarina","datePublished":"2022-05-16T10:13:00+00:00","mainEntityOfPage":{"@id":"https:\/\/www.estrategiaconcursos.com.br\/blog\/adm-financeira-orcamentaria-sea-sc\/"},"wordCount":3223,"commentCount":0,"publisher":{"@id":"https:\/\/www.estrategiaconcursos.com.br\/blog\/#organization"},"image":{"@id":"https:\/\/www.estrategiaconcursos.com.br\/blog\/adm-financeira-orcamentaria-sea-sc\/#primaryimage"},"thumbnailUrl":"https:\/\/dhg1h5j42swfq.cloudfront.net\/2022\/04\/28152058\/concurso_sea_sc-1.jpg","articleSection":["Concursos P\u00fablicos","Executivo (Administrativa)"],"inLanguage":"pt-BR","potentialAction":[{"@type":"CommentAction","name":"Comment","target":["https:\/\/www.estrategiaconcursos.com.br\/blog\/adm-financeira-orcamentaria-sea-sc\/#respond"]}],"copyrightYear":"2022","copyrightHolder":{"@id":"https:\/\/www.estrategiaconcursos.com.br\/blog\/#organization"}},{"@type":"WebPage","@id":"https:\/\/www.estrategiaconcursos.com.br\/blog\/adm-financeira-orcamentaria-sea-sc\/","url":"https:\/\/www.estrategiaconcursos.com.br\/blog\/adm-financeira-orcamentaria-sea-sc\/","name":"Administra\u00e7\u00e3o Financeira e Or\u00e7ament\u00e1ria SEA-SC","isPartOf":{"@id":"https:\/\/www.estrategiaconcursos.com.br\/blog\/#website"},"primaryImageOfPage":{"@id":"https:\/\/www.estrategiaconcursos.com.br\/blog\/adm-financeira-orcamentaria-sea-sc\/#primaryimage"},"image":{"@id":"https:\/\/www.estrategiaconcursos.com.br\/blog\/adm-financeira-orcamentaria-sea-sc\/#primaryimage"},"thumbnailUrl":"https:\/\/dhg1h5j42swfq.cloudfront.net\/2022\/04\/28152058\/concurso_sea_sc-1.jpg","datePublished":"2022-05-16T10:13:00+00:00","description":"Fique por dentro dos principais temas de Administra\u00e7\u00e3o Financeira e Or\u00e7ament\u00e1ria - SEA-SC para o concurso da Secretaria.","breadcrumb":{"@id":"https:\/\/www.estrategiaconcursos.com.br\/blog\/adm-financeira-orcamentaria-sea-sc\/#breadcrumb"},"inLanguage":"pt-BR","potentialAction":[{"@type":"ReadAction","target":["https:\/\/www.estrategiaconcursos.com.br\/blog\/adm-financeira-orcamentaria-sea-sc\/"]}]},{"@type":"ImageObject","inLanguage":"pt-BR","@id":"https:\/\/www.estrategiaconcursos.com.br\/blog\/adm-financeira-orcamentaria-sea-sc\/#primaryimage","url":"https:\/\/dhg1h5j42swfq.cloudfront.net\/2022\/04\/28152058\/concurso_sea_sc-1.jpg","contentUrl":"https:\/\/dhg1h5j42swfq.cloudfront.net\/2022\/04\/28152058\/concurso_sea_sc-1.jpg","width":430,"height":287,"caption":"Administra\u00e7\u00e3o Financeira Or\u00e7ament\u00e1ria"},{"@type":"BreadcrumbList","@id":"https:\/\/www.estrategiaconcursos.com.br\/blog\/adm-financeira-orcamentaria-sea-sc\/#breadcrumb","itemListElement":[{"@type":"ListItem","position":1,"name":"In\u00edcio","item":"https:\/\/www.estrategiaconcursos.com.br\/blog\/"},{"@type":"ListItem","position":2,"name":"Resumo de AFO para Secretaria de Estado da Administra\u00e7\u00e3o de Santa Catarina"}]},{"@type":"WebSite","@id":"https:\/\/www.estrategiaconcursos.com.br\/blog\/#website","url":"https:\/\/www.estrategiaconcursos.com.br\/blog\/","name":"Estrat\u00e9gia Concursos","description":"O blog da Estrat\u00e9gia Concursos traz not\u00edcias sobre concursos e artigos de professores oferecendo cursos para concursos (pdf + videaulas) no site.","publisher":{"@id":"https:\/\/www.estrategiaconcursos.com.br\/blog\/#organization"},"potentialAction":[{"@type":"SearchAction","target":{"@type":"EntryPoint","urlTemplate":"https:\/\/www.estrategiaconcursos.com.br\/blog\/?s={search_term_string}"},"query-input":{"@type":"PropertyValueSpecification","valueRequired":true,"valueName":"search_term_string"}}],"inLanguage":"pt-BR"},{"@type":"Organization","@id":"https:\/\/www.estrategiaconcursos.com.br\/blog\/#organization","name":"Estrat\u00e9gia Concursos","url":"https:\/\/www.estrategiaconcursos.com.br\/blog\/","logo":{"@type":"ImageObject","inLanguage":"pt-BR","@id":"https:\/\/www.estrategiaconcursos.com.br\/blog\/#\/schema\/logo\/image\/","url":"https:\/\/dhg1h5j42swfq.cloudfront.net\/2025\/06\/03203428\/logo_concursos-1.jpg","contentUrl":"https:\/\/dhg1h5j42swfq.cloudfront.net\/2025\/06\/03203428\/logo_concursos-1.jpg","width":230,"height":60,"caption":"Estrat\u00e9gia Concursos"},"image":{"@id":"https:\/\/www.estrategiaconcursos.com.br\/blog\/#\/schema\/logo\/image\/"},"sameAs":["https:\/\/x.com\/EstratConcursos"]},{"@type":"Person","@id":"https:\/\/www.estrategiaconcursos.com.br\/blog\/#\/schema\/person\/fcabad88fb5f77e6eb2dbf49c6b2d62c","name":"Gisele Belo Canto","image":{"@type":"ImageObject","inLanguage":"pt-BR","@id":"https:\/\/secure.gravatar.com\/avatar\/394724be6aee496c46a4bd16a01d3defd0c8fcaf4f4fc495b5c6da88e0b3fe74?s=96&d=mm&r=g","url":"https:\/\/secure.gravatar.com\/avatar\/394724be6aee496c46a4bd16a01d3defd0c8fcaf4f4fc495b5c6da88e0b3fe74?s=96&d=mm&r=g","contentUrl":"https:\/\/secure.gravatar.com\/avatar\/394724be6aee496c46a4bd16a01d3defd0c8fcaf4f4fc495b5c6da88e0b3fe74?s=96&d=mm&r=g","caption":"Gisele Belo Canto"},"url":"https:\/\/www.estrategiaconcursos.com.br\/blog\/author\/giselecanto25hotmail-com\/"}]}},"_links":{"self":[{"href":"https:\/\/www.estrategiaconcursos.com.br\/blog\/wp-json\/wp\/v2\/posts\/1016709","targetHints":{"allow":["GET"]}}],"collection":[{"href":"https:\/\/www.estrategiaconcursos.com.br\/blog\/wp-json\/wp\/v2\/posts"}],"about":[{"href":"https:\/\/www.estrategiaconcursos.com.br\/blog\/wp-json\/wp\/v2\/types\/post"}],"author":[{"embeddable":true,"href":"https:\/\/www.estrategiaconcursos.com.br\/blog\/wp-json\/wp\/v2\/users\/1914"}],"replies":[{"embeddable":true,"href":"https:\/\/www.estrategiaconcursos.com.br\/blog\/wp-json\/wp\/v2\/comments?post=1016709"}],"version-history":[{"count":12,"href":"https:\/\/www.estrategiaconcursos.com.br\/blog\/wp-json\/wp\/v2\/posts\/1016709\/revisions"}],"predecessor-version":[{"id":1027571,"href":"https:\/\/www.estrategiaconcursos.com.br\/blog\/wp-json\/wp\/v2\/posts\/1016709\/revisions\/1027571"}],"wp:featuredmedia":[{"embeddable":true,"href":"https:\/\/www.estrategiaconcursos.com.br\/blog\/wp-json\/wp\/v2\/media\/1017411"}],"wp:attachment":[{"href":"https:\/\/www.estrategiaconcursos.com.br\/blog\/wp-json\/wp\/v2\/media?parent=1016709"}],"wp:term":[{"taxonomy":"category","embeddable":true,"href":"https:\/\/www.estrategiaconcursos.com.br\/blog\/wp-json\/wp\/v2\/categories?post=1016709"},{"taxonomy":"post_tag","embeddable":true,"href":"https:\/\/www.estrategiaconcursos.com.br\/blog\/wp-json\/wp\/v2\/tags?post=1016709"},{"taxonomy":"tax_estado","embeddable":true,"href":"https:\/\/www.estrategiaconcursos.com.br\/blog\/wp-json\/wp\/v2\/tax_estado?post=1016709"}],"curies":[{"name":"wp","href":"https:\/\/api.w.org\/{rel}","templated":true}]}}