{"id":1016122,"date":"2022-04-26T21:16:57","date_gmt":"2022-04-27T00:16:57","guid":{"rendered":"https:\/\/www.estrategiaconcursos.com.br\/blog\/?p=1016122"},"modified":"2024-11-18T10:04:46","modified_gmt":"2024-11-18T13:04:46","slug":"concurso-inss-manifestacao-sindicato","status":"publish","type":"post","link":"https:\/\/www.estrategiaconcursos.com.br\/blog\/concurso-inss-manifestacao-sindicato\/","title":{"rendered":"Concurso INSS: Manifesta\u00e7\u00e3o de servidores e greve"},"content":{"rendered":"\n<p>Ap\u00f3s o pedido para realiza\u00e7\u00e3o do novo concurso INSS ser encaminhado ao Minist\u00e9rio da Economia, servidores continuaram em greve e fizeram manifesta\u00e7\u00e3o por melhores condi\u00e7\u00f5es de trabalho.<\/p>\n\n\n\n<p>Dessa vez, o pedido \u00e9 para&nbsp;<strong>7.830 vagas<\/strong>, sendo 6.084 para T\u00e9cnico e 1.746 para Analista. As remunera\u00e7\u00f5es inicias variam de R$ 5.447,79 a R$ 8.357,07.<\/p>\n\n\n\n<figure class=\"wp-block-image size-large is-style-default\"><img loading=\"lazy\" decoding=\"async\" width=\"1024\" height=\"682\" src=\"https:\/\/dhg1h5j42swfq.cloudfront.net\/2022\/03\/15104442\/previdenciasocial-fachada-inss-05jan2022-3-scaled-1-1024x682.jpg\" alt=\"Servidores do INSS realizam manifesta\u00e7\u00e3o em prol de concurso p\u00fablico\" class=\"wp-image-987819\" srcset=\"https:\/\/dhg1h5j42swfq.cloudfront.net\/2022\/03\/15104442\/previdenciasocial-fachada-inss-05jan2022-3-scaled-1-1024x682.jpg 1024w, https:\/\/dhg1h5j42swfq.cloudfront.net\/2022\/03\/15104442\/previdenciasocial-fachada-inss-05jan2022-3-scaled-1-300x200.jpg 300w, https:\/\/dhg1h5j42swfq.cloudfront.net\/2022\/03\/15104442\/previdenciasocial-fachada-inss-05jan2022-3-scaled-1-768x512.jpg 768w, https:\/\/dhg1h5j42swfq.cloudfront.net\/2022\/03\/15104442\/previdenciasocial-fachada-inss-05jan2022-3-scaled-1-1536x1024.jpg 1536w, https:\/\/dhg1h5j42swfq.cloudfront.net\/2022\/03\/15104442\/previdenciasocial-fachada-inss-05jan2022-3-scaled-1-2048x1365.jpg 2048w, https:\/\/dhg1h5j42swfq.cloudfront.net\/2022\/03\/15104442\/previdenciasocial-fachada-inss-05jan2022-3-scaled-1-610x407.jpg 610w\" sizes=\"auto, (max-width: 1024px) 100vw, 1024px\" \/><figcaption class=\"wp-element-caption\">Servidores do INSS realizam manifesta\u00e7\u00e3o em prol do concurso INSS | Imagem: reprodu\u00e7\u00e3o<\/figcaption><\/figure>\n\n\n\n<p>A manifesta\u00e7\u00e3o dos servidores do INSS integrantes do Sindisprev RS na manh\u00e3 desta ter\u00e7a-feira (26) reuniu por volta de 300 pessoas em Porto Alegre.<\/p>\n\n\n\n<p>O diretor de imprensa do Sindisprev RS, Alcieres Cardoso, afirmou que uma das reivindica\u00e7\u00e3o \u00e9 a realiza\u00e7\u00e3o do concurso p\u00fablico. <\/p>\n\n\n\n<blockquote class=\"wp-block-quote is-layout-flow wp-block-quote-is-layout-flow\">\n<p><em>\u201cAl\u00e9m da reivindica\u00e7\u00e3o do reajuste salarial, tamb\u00e9m temos a quest\u00e3o do concurso p\u00fablico. Hoje, estamos com a metade da for\u00e7a de trabalho que havia em 2015, enquanto o n\u00famero de processos cresce em raz\u00e3o do aumento da popula\u00e7\u00e3o\u201d<\/em><\/p>\n<\/blockquote>\n\n\n\n<p>Em greve desde 23 de mar\u00e7o, o movimento cresce com a ades\u00e3o de mais servidores que pressionam o governo por melhorias.<\/p>\n\n\n\n<h3 class=\"wp-block-heading has-text-align-center has-background\" id=\"garanta-seu-pacote-completo-ou-pacotaco-ate-02-05-por-a-partir-de-r-2-00-por-dia-e-leve-6-mentorias-de-bonus-confira-aqui\" style=\"background-color:#bfdbd0\">Garanta seu Pacote Completo ou Pacota\u00e7o at\u00e9 02\/05 por a partir de R$ 2,00 por dia e leve 6 mentorias de B\u00d4NUS. <a href=\"https:\/\/www.estrategiaconcursos.com.br\/cursosPorConcurso\/inss-tecnico-do-seguro-social-101\/?utm_source=banner&amp;utm_medium=banner&amp;utm_campaign=ec-ge-vd-banner-inssesq-semesp-250422\" target=\"_blank\" rel=\"noreferrer noopener\">Confira AQUI!<\/a><\/h3>\n\n\n\n<p>O Estrat\u00e9gia Concursos preparou um artigo completo e exclusivo sobre o concurso INSS. Acesse e confira mais informa\u00e7\u00f5es:<\/p>\n\n\n\n<h3 class=\"wp-block-heading has-text-align-center has-background\" id=\"concurso-inss\" style=\"background-color:#c0e2d4\"><a href=\"https:\/\/www.estrategiaconcursos.com.br\/blog\/concurso-inss\/\" target=\"_blank\" rel=\"noreferrer noopener\">Concurso INSS<\/a><\/h3>\n\n\n\n<h3 class=\"wp-block-heading has-text-align-center\" id=\"h-quer-estudar-para-o-concurso-inss-com-o-lider-absoluto-em-aprovacao-acesse-nossos-cursos-a-seguir\">Quer estudar para o concurso INSS com o l\u00edder absoluto em aprova\u00e7\u00e3o? <br \/>Acesse nossos cursos a seguir! <\/h3>\n\n\n\n<div class=\"container\" id=\"boxes\">\n  <div class=\"row\">\n\n    <div class=\"col-sm\">\n      <div class=\"banner-adm\" id=\"box-assinatura\">\n        <h3 class=\"titulo-assinatura\">Concurso INSS<\/h3>\n        <p class=\"subtitulo-assinatura\">Estude conosco<\/p>\n        <div class=\"box-botao\">\n          <a class=\"btn-assinatura\" target=\"_blank\" href=\"https:\/\/www.estrategiaconcursos.com.br\/cursosPorConcurso\/inss-tecnico-do-seguro-social-101\/\" role=\"button\" rel=\"noopener noreferrer\">Conhe\u00e7a os cursos<\/a>\n        <\/div>\n      <\/div>\n      \n    <\/div>\n\n  <\/div>\n<\/div>\n\n\n\n<div class=\"container\" id=\"boxes\">\n  <div class=\"row\">\n\n    <div class=\"col-sm\">\n      <div class=\"estrategia\" id=\"box-assinatura\">\n        <h3 class=\"titulo-assinatura\">Assinatura de Concursos<\/h3>\n        <p class=\"subtitulo-assinatura\">Assinatura de 1 ano ou 2 anos<\/p>\n        <div class=\"box-botao\">\n          <a class=\"btn-assinatura\" target=\"_blank\" href=\"https:\/\/www.estrategiaconcursos.com.br\/assinaturas\/\" role=\"button\" rel=\"noopener noreferrer\">ASSINE AGORA<\/a>\n        <\/div>\n      <\/div>\n     \n    <\/div><\/div><\/div>\n\n\n\n<h2 class=\"wp-block-heading has-text-align-center\" id=\"h-quer-saber-tudo-sobre-concursos-previstos-confira-nossos-artigos\">Quer saber tudo sobre concursos previstos?<br \/>Confira nossos artigos!<\/h2>\n\n\n\n<ul class=\"wp-block-list\">\n<li><a href=\"https:\/\/www.estrategiaconcursos.com.br\/blog\/concursos-abertos\/\" target=\"_blank\" rel=\"noreferrer noopener\">Concursos abertos<\/a><\/li>\n\n\n\n<li><a href=\"https:\/\/www.estrategiaconcursos.com.br\/blog\/concursos-2022\/\" target=\"_blank\" rel=\"noreferrer noopener\">Concursos 2022<\/a><\/li>\n<\/ul>\n","protected":false},"excerpt":{"rendered":"<p>Ap\u00f3s o pedido para realiza\u00e7\u00e3o do novo concurso INSS ser encaminhado ao Minist\u00e9rio da Economia, servidores continuaram em greve e fizeram manifesta\u00e7\u00e3o por melhores condi\u00e7\u00f5es de trabalho. Dessa vez, o pedido \u00e9 para&nbsp;7.830 vagas, sendo 6.084 para T\u00e9cnico e 1.746 para Analista. As remunera\u00e7\u00f5es inicias variam de R$ 5.447,79 a R$ 8.357,07. A manifesta\u00e7\u00e3o dos [&hellip;]<\/p>\n","protected":false},"author":2041,"featured_media":698508,"comment_status":"open","ping_status":"closed","sticky":false,"template":"","format":"standard","meta":{"post_tipo":"news","footnotes":""},"categories":[220191,220219],"tags":[],"tax_estado":[219963],"class_list":["post-1016122","post","type-post","status-publish","format-standard","has-post-thumbnail","hentry","category-previdenciaria","category-noticias","tax_estado-concursos-federais"],"acf":[],"yoast_head":"<!-- This site is optimized with the Yoast SEO Premium plugin v27.2 (Yoast SEO v27.2) - https:\/\/yoast.com\/product\/yoast-seo-premium-wordpress\/ -->\n<title>Concurso INSS: Manifesta\u00e7\u00e3o de servidores e greve<\/title>\n<meta name=\"description\" content=\"Ap\u00f3s o pedido do novo concurso INSS ser encaminhado, servidores em greve realizaram manifesta\u00e7\u00e3o por melhores condi\u00e7\u00f5es de trabalho.\" \/>\n<meta name=\"robots\" content=\"index, follow, max-snippet:-1, max-image-preview:large, max-video-preview:-1\" \/>\n<link rel=\"canonical\" href=\"https:\/\/www.estrategiaconcursos.com.br\/blog\/concurso-inss-manifestacao-sindicato\/\" \/>\n<meta property=\"og:locale\" content=\"pt_BR\" \/>\n<meta property=\"og:type\" content=\"article\" \/>\n<meta property=\"og:title\" content=\"Concurso INSS: Manifesta\u00e7\u00e3o de servidores e greve\" \/>\n<meta property=\"og:description\" content=\"Ap\u00f3s o pedido do novo concurso INSS ser encaminhado, servidores em greve realizaram manifesta\u00e7\u00e3o por melhores condi\u00e7\u00f5es de trabalho.\" \/>\n<meta property=\"og:url\" content=\"https:\/\/www.estrategiaconcursos.com.br\/blog\/concurso-inss-manifestacao-sindicato\/\" \/>\n<meta property=\"og:site_name\" content=\"Estrat\u00e9gia Concursos\" \/>\n<meta property=\"article:published_time\" content=\"2022-04-27T00:16:57+00:00\" \/>\n<meta property=\"article:modified_time\" content=\"2024-11-18T13:04:46+00:00\" \/>\n<meta property=\"og:image\" content=\"https:\/\/dhg1h5j42swfq.cloudfront.net\/2021\/02\/22154356\/inss.jpg\" \/>\n\t<meta property=\"og:image:width\" content=\"1200\" \/>\n\t<meta property=\"og:image:height\" content=\"628\" \/>\n\t<meta property=\"og:image:type\" content=\"image\/jpeg\" \/>\n<meta name=\"author\" content=\"Thiago Cavalcante Gomes\" \/>\n<meta name=\"twitter:card\" content=\"summary_large_image\" \/>\n<meta name=\"twitter:creator\" content=\"@EstratConcursos\" \/>\n<meta name=\"twitter:site\" content=\"@EstratConcursos\" \/>\n<meta name=\"twitter:label1\" content=\"Escrito por\" \/>\n\t<meta name=\"twitter:data1\" content=\"Thiago Cavalcante Gomes\" \/>\n\t<meta name=\"twitter:label2\" content=\"Est. tempo de leitura\" \/>\n\t<meta name=\"twitter:data2\" content=\"2 minutos\" \/>\n<script type=\"application\/ld+json\" class=\"yoast-schema-graph\">{\"@context\":\"https:\/\/schema.org\",\"@graph\":[{\"@type\":\"NewsArticle\",\"@id\":\"https:\/\/www.estrategiaconcursos.com.br\/blog\/concurso-inss-manifestacao-sindicato\/#article\",\"isPartOf\":{\"@id\":\"https:\/\/www.estrategiaconcursos.com.br\/blog\/concurso-inss-manifestacao-sindicato\/\"},\"author\":{\"name\":\"Thiago Cavalcante Gomes\",\"@id\":\"https:\/\/www.estrategiaconcursos.com.br\/blog\/#\/schema\/person\/4970184533d0a3ffa5b0299ae0a2b21f\"},\"headline\":\"Concurso INSS: Manifesta\u00e7\u00e3o de servidores e greve\",\"datePublished\":\"2022-04-27T00:16:57+00:00\",\"dateModified\":\"2024-11-18T13:04:46+00:00\",\"mainEntityOfPage\":{\"@id\":\"https:\/\/www.estrategiaconcursos.com.br\/blog\/concurso-inss-manifestacao-sindicato\/\"},\"wordCount\":285,\"commentCount\":0,\"publisher\":{\"@id\":\"https:\/\/www.estrategiaconcursos.com.br\/blog\/#organization\"},\"image\":{\"@id\":\"https:\/\/www.estrategiaconcursos.com.br\/blog\/concurso-inss-manifestacao-sindicato\/#primaryimage\"},\"thumbnailUrl\":\"https:\/\/dhg1h5j42swfq.cloudfront.net\/2021\/02\/22154356\/inss.jpg\",\"articleSection\":[\"Previdenci\u00e1ria (INSS, PREVIC)\",\"\u00daltimas not\u00edcias\"],\"inLanguage\":\"pt-BR\",\"potentialAction\":[{\"@type\":\"CommentAction\",\"name\":\"Comment\",\"target\":[\"https:\/\/www.estrategiaconcursos.com.br\/blog\/concurso-inss-manifestacao-sindicato\/#respond\"]}],\"copyrightYear\":\"2022\",\"copyrightHolder\":{\"@id\":\"https:\/\/www.estrategiaconcursos.com.br\/blog\/#organization\"}},{\"@type\":\"WebPage\",\"@id\":\"https:\/\/www.estrategiaconcursos.com.br\/blog\/concurso-inss-manifestacao-sindicato\/\",\"url\":\"https:\/\/www.estrategiaconcursos.com.br\/blog\/concurso-inss-manifestacao-sindicato\/\",\"name\":\"Concurso INSS: Manifesta\u00e7\u00e3o de servidores e greve\",\"isPartOf\":{\"@id\":\"https:\/\/www.estrategiaconcursos.com.br\/blog\/#website\"},\"primaryImageOfPage\":{\"@id\":\"https:\/\/www.estrategiaconcursos.com.br\/blog\/concurso-inss-manifestacao-sindicato\/#primaryimage\"},\"image\":{\"@id\":\"https:\/\/www.estrategiaconcursos.com.br\/blog\/concurso-inss-manifestacao-sindicato\/#primaryimage\"},\"thumbnailUrl\":\"https:\/\/dhg1h5j42swfq.cloudfront.net\/2021\/02\/22154356\/inss.jpg\",\"datePublished\":\"2022-04-27T00:16:57+00:00\",\"dateModified\":\"2024-11-18T13:04:46+00:00\",\"description\":\"Ap\u00f3s o pedido do novo concurso INSS ser encaminhado, servidores em greve realizaram manifesta\u00e7\u00e3o por melhores condi\u00e7\u00f5es de trabalho.\",\"breadcrumb\":{\"@id\":\"https:\/\/www.estrategiaconcursos.com.br\/blog\/concurso-inss-manifestacao-sindicato\/#breadcrumb\"},\"inLanguage\":\"pt-BR\",\"potentialAction\":[{\"@type\":\"ReadAction\",\"target\":[\"https:\/\/www.estrategiaconcursos.com.br\/blog\/concurso-inss-manifestacao-sindicato\/\"]}]},{\"@type\":\"ImageObject\",\"inLanguage\":\"pt-BR\",\"@id\":\"https:\/\/www.estrategiaconcursos.com.br\/blog\/concurso-inss-manifestacao-sindicato\/#primaryimage\",\"url\":\"https:\/\/dhg1h5j42swfq.cloudfront.net\/2021\/02\/22154356\/inss.jpg\",\"contentUrl\":\"https:\/\/dhg1h5j42swfq.cloudfront.net\/2021\/02\/22154356\/inss.jpg\",\"width\":1200,\"height\":628,\"caption\":\"Concurso INSS retifica\u00e7\u00f5es\"},{\"@type\":\"BreadcrumbList\",\"@id\":\"https:\/\/www.estrategiaconcursos.com.br\/blog\/concurso-inss-manifestacao-sindicato\/#breadcrumb\",\"itemListElement\":[{\"@type\":\"ListItem\",\"position\":1,\"name\":\"In\u00edcio\",\"item\":\"https:\/\/www.estrategiaconcursos.com.br\/blog\/\"},{\"@type\":\"ListItem\",\"position\":2,\"name\":\"Concurso INSS: Manifesta\u00e7\u00e3o de servidores e greve\"}]},{\"@type\":\"WebSite\",\"@id\":\"https:\/\/www.estrategiaconcursos.com.br\/blog\/#website\",\"url\":\"https:\/\/www.estrategiaconcursos.com.br\/blog\/\",\"name\":\"Estrat\u00e9gia Concursos\",\"description\":\"O blog da Estrat\u00e9gia Concursos traz not\u00edcias sobre concursos e artigos de professores oferecendo cursos para concursos (pdf + videaulas) no site.\",\"publisher\":{\"@id\":\"https:\/\/www.estrategiaconcursos.com.br\/blog\/#organization\"},\"potentialAction\":[{\"@type\":\"SearchAction\",\"target\":{\"@type\":\"EntryPoint\",\"urlTemplate\":\"https:\/\/www.estrategiaconcursos.com.br\/blog\/?s={search_term_string}\"},\"query-input\":{\"@type\":\"PropertyValueSpecification\",\"valueRequired\":true,\"valueName\":\"search_term_string\"}}],\"inLanguage\":\"pt-BR\"},{\"@type\":\"Organization\",\"@id\":\"https:\/\/www.estrategiaconcursos.com.br\/blog\/#organization\",\"name\":\"Estrat\u00e9gia Concursos\",\"url\":\"https:\/\/www.estrategiaconcursos.com.br\/blog\/\",\"logo\":{\"@type\":\"ImageObject\",\"inLanguage\":\"pt-BR\",\"@id\":\"https:\/\/www.estrategiaconcursos.com.br\/blog\/#\/schema\/logo\/image\/\",\"url\":\"https:\/\/dhg1h5j42swfq.cloudfront.net\/2025\/06\/03203428\/logo_concursos-1.jpg\",\"contentUrl\":\"https:\/\/dhg1h5j42swfq.cloudfront.net\/2025\/06\/03203428\/logo_concursos-1.jpg\",\"width\":230,\"height\":60,\"caption\":\"Estrat\u00e9gia Concursos\"},\"image\":{\"@id\":\"https:\/\/www.estrategiaconcursos.com.br\/blog\/#\/schema\/logo\/image\/\"},\"sameAs\":[\"https:\/\/x.com\/EstratConcursos\"]},{\"@type\":\"Person\",\"@id\":\"https:\/\/www.estrategiaconcursos.com.br\/blog\/#\/schema\/person\/4970184533d0a3ffa5b0299ae0a2b21f\",\"name\":\"Thiago Cavalcante Gomes\",\"image\":{\"@type\":\"ImageObject\",\"inLanguage\":\"pt-BR\",\"@id\":\"https:\/\/secure.gravatar.com\/avatar\/?s=96&d=mm&r=g\",\"url\":\"https:\/\/secure.gravatar.com\/avatar\/?s=96&d=mm&r=g\",\"contentUrl\":\"https:\/\/secure.gravatar.com\/avatar\/?s=96&d=mm&r=g\",\"caption\":\"Thiago Cavalcante Gomes\"},\"url\":\"https:\/\/www.estrategiaconcursos.com.br\/blog\/author\/thiago-gomes\/\"}]}<\/script>\n<!-- \/ Yoast SEO Premium plugin. -->","yoast_head_json":{"title":"Concurso INSS: Manifesta\u00e7\u00e3o de servidores e greve","description":"Ap\u00f3s o pedido do novo concurso INSS ser encaminhado, servidores em greve realizaram manifesta\u00e7\u00e3o por melhores condi\u00e7\u00f5es de trabalho.","robots":{"index":"index","follow":"follow","max-snippet":"max-snippet:-1","max-image-preview":"max-image-preview:large","max-video-preview":"max-video-preview:-1"},"canonical":"https:\/\/www.estrategiaconcursos.com.br\/blog\/concurso-inss-manifestacao-sindicato\/","og_locale":"pt_BR","og_type":"article","og_title":"Concurso INSS: Manifesta\u00e7\u00e3o de servidores e greve","og_description":"Ap\u00f3s o pedido do novo concurso INSS ser encaminhado, servidores em greve realizaram manifesta\u00e7\u00e3o por melhores condi\u00e7\u00f5es de trabalho.","og_url":"https:\/\/www.estrategiaconcursos.com.br\/blog\/concurso-inss-manifestacao-sindicato\/","og_site_name":"Estrat\u00e9gia Concursos","article_published_time":"2022-04-27T00:16:57+00:00","article_modified_time":"2024-11-18T13:04:46+00:00","og_image":[{"width":1200,"height":628,"url":"https:\/\/dhg1h5j42swfq.cloudfront.net\/2021\/02\/22154356\/inss.jpg","type":"image\/jpeg"}],"author":"Thiago Cavalcante Gomes","twitter_card":"summary_large_image","twitter_creator":"@EstratConcursos","twitter_site":"@EstratConcursos","twitter_misc":{"Escrito por":"Thiago Cavalcante Gomes","Est. tempo de leitura":"2 minutos"},"schema":{"@context":"https:\/\/schema.org","@graph":[{"@type":"NewsArticle","@id":"https:\/\/www.estrategiaconcursos.com.br\/blog\/concurso-inss-manifestacao-sindicato\/#article","isPartOf":{"@id":"https:\/\/www.estrategiaconcursos.com.br\/blog\/concurso-inss-manifestacao-sindicato\/"},"author":{"name":"Thiago Cavalcante Gomes","@id":"https:\/\/www.estrategiaconcursos.com.br\/blog\/#\/schema\/person\/4970184533d0a3ffa5b0299ae0a2b21f"},"headline":"Concurso INSS: Manifesta\u00e7\u00e3o de servidores e greve","datePublished":"2022-04-27T00:16:57+00:00","dateModified":"2024-11-18T13:04:46+00:00","mainEntityOfPage":{"@id":"https:\/\/www.estrategiaconcursos.com.br\/blog\/concurso-inss-manifestacao-sindicato\/"},"wordCount":285,"commentCount":0,"publisher":{"@id":"https:\/\/www.estrategiaconcursos.com.br\/blog\/#organization"},"image":{"@id":"https:\/\/www.estrategiaconcursos.com.br\/blog\/concurso-inss-manifestacao-sindicato\/#primaryimage"},"thumbnailUrl":"https:\/\/dhg1h5j42swfq.cloudfront.net\/2021\/02\/22154356\/inss.jpg","articleSection":["Previdenci\u00e1ria (INSS, PREVIC)","\u00daltimas not\u00edcias"],"inLanguage":"pt-BR","potentialAction":[{"@type":"CommentAction","name":"Comment","target":["https:\/\/www.estrategiaconcursos.com.br\/blog\/concurso-inss-manifestacao-sindicato\/#respond"]}],"copyrightYear":"2022","copyrightHolder":{"@id":"https:\/\/www.estrategiaconcursos.com.br\/blog\/#organization"}},{"@type":"WebPage","@id":"https:\/\/www.estrategiaconcursos.com.br\/blog\/concurso-inss-manifestacao-sindicato\/","url":"https:\/\/www.estrategiaconcursos.com.br\/blog\/concurso-inss-manifestacao-sindicato\/","name":"Concurso INSS: Manifesta\u00e7\u00e3o de servidores e greve","isPartOf":{"@id":"https:\/\/www.estrategiaconcursos.com.br\/blog\/#website"},"primaryImageOfPage":{"@id":"https:\/\/www.estrategiaconcursos.com.br\/blog\/concurso-inss-manifestacao-sindicato\/#primaryimage"},"image":{"@id":"https:\/\/www.estrategiaconcursos.com.br\/blog\/concurso-inss-manifestacao-sindicato\/#primaryimage"},"thumbnailUrl":"https:\/\/dhg1h5j42swfq.cloudfront.net\/2021\/02\/22154356\/inss.jpg","datePublished":"2022-04-27T00:16:57+00:00","dateModified":"2024-11-18T13:04:46+00:00","description":"Ap\u00f3s o pedido do novo concurso INSS ser encaminhado, servidores em greve realizaram manifesta\u00e7\u00e3o por melhores condi\u00e7\u00f5es de trabalho.","breadcrumb":{"@id":"https:\/\/www.estrategiaconcursos.com.br\/blog\/concurso-inss-manifestacao-sindicato\/#breadcrumb"},"inLanguage":"pt-BR","potentialAction":[{"@type":"ReadAction","target":["https:\/\/www.estrategiaconcursos.com.br\/blog\/concurso-inss-manifestacao-sindicato\/"]}]},{"@type":"ImageObject","inLanguage":"pt-BR","@id":"https:\/\/www.estrategiaconcursos.com.br\/blog\/concurso-inss-manifestacao-sindicato\/#primaryimage","url":"https:\/\/dhg1h5j42swfq.cloudfront.net\/2021\/02\/22154356\/inss.jpg","contentUrl":"https:\/\/dhg1h5j42swfq.cloudfront.net\/2021\/02\/22154356\/inss.jpg","width":1200,"height":628,"caption":"Concurso INSS retifica\u00e7\u00f5es"},{"@type":"BreadcrumbList","@id":"https:\/\/www.estrategiaconcursos.com.br\/blog\/concurso-inss-manifestacao-sindicato\/#breadcrumb","itemListElement":[{"@type":"ListItem","position":1,"name":"In\u00edcio","item":"https:\/\/www.estrategiaconcursos.com.br\/blog\/"},{"@type":"ListItem","position":2,"name":"Concurso INSS: Manifesta\u00e7\u00e3o de servidores e greve"}]},{"@type":"WebSite","@id":"https:\/\/www.estrategiaconcursos.com.br\/blog\/#website","url":"https:\/\/www.estrategiaconcursos.com.br\/blog\/","name":"Estrat\u00e9gia Concursos","description":"O blog da Estrat\u00e9gia Concursos traz not\u00edcias sobre concursos e artigos de professores oferecendo cursos para concursos (pdf + videaulas) no site.","publisher":{"@id":"https:\/\/www.estrategiaconcursos.com.br\/blog\/#organization"},"potentialAction":[{"@type":"SearchAction","target":{"@type":"EntryPoint","urlTemplate":"https:\/\/www.estrategiaconcursos.com.br\/blog\/?s={search_term_string}"},"query-input":{"@type":"PropertyValueSpecification","valueRequired":true,"valueName":"search_term_string"}}],"inLanguage":"pt-BR"},{"@type":"Organization","@id":"https:\/\/www.estrategiaconcursos.com.br\/blog\/#organization","name":"Estrat\u00e9gia Concursos","url":"https:\/\/www.estrategiaconcursos.com.br\/blog\/","logo":{"@type":"ImageObject","inLanguage":"pt-BR","@id":"https:\/\/www.estrategiaconcursos.com.br\/blog\/#\/schema\/logo\/image\/","url":"https:\/\/dhg1h5j42swfq.cloudfront.net\/2025\/06\/03203428\/logo_concursos-1.jpg","contentUrl":"https:\/\/dhg1h5j42swfq.cloudfront.net\/2025\/06\/03203428\/logo_concursos-1.jpg","width":230,"height":60,"caption":"Estrat\u00e9gia Concursos"},"image":{"@id":"https:\/\/www.estrategiaconcursos.com.br\/blog\/#\/schema\/logo\/image\/"},"sameAs":["https:\/\/x.com\/EstratConcursos"]},{"@type":"Person","@id":"https:\/\/www.estrategiaconcursos.com.br\/blog\/#\/schema\/person\/4970184533d0a3ffa5b0299ae0a2b21f","name":"Thiago Cavalcante Gomes","image":{"@type":"ImageObject","inLanguage":"pt-BR","@id":"https:\/\/secure.gravatar.com\/avatar\/?s=96&d=mm&r=g","url":"https:\/\/secure.gravatar.com\/avatar\/?s=96&d=mm&r=g","contentUrl":"https:\/\/secure.gravatar.com\/avatar\/?s=96&d=mm&r=g","caption":"Thiago Cavalcante Gomes"},"url":"https:\/\/www.estrategiaconcursos.com.br\/blog\/author\/thiago-gomes\/"}]}},"_links":{"self":[{"href":"https:\/\/www.estrategiaconcursos.com.br\/blog\/wp-json\/wp\/v2\/posts\/1016122","targetHints":{"allow":["GET"]}}],"collection":[{"href":"https:\/\/www.estrategiaconcursos.com.br\/blog\/wp-json\/wp\/v2\/posts"}],"about":[{"href":"https:\/\/www.estrategiaconcursos.com.br\/blog\/wp-json\/wp\/v2\/types\/post"}],"author":[{"embeddable":true,"href":"https:\/\/www.estrategiaconcursos.com.br\/blog\/wp-json\/wp\/v2\/users\/2041"}],"replies":[{"embeddable":true,"href":"https:\/\/www.estrategiaconcursos.com.br\/blog\/wp-json\/wp\/v2\/comments?post=1016122"}],"version-history":[{"count":6,"href":"https:\/\/www.estrategiaconcursos.com.br\/blog\/wp-json\/wp\/v2\/posts\/1016122\/revisions"}],"predecessor-version":[{"id":1267428,"href":"https:\/\/www.estrategiaconcursos.com.br\/blog\/wp-json\/wp\/v2\/posts\/1016122\/revisions\/1267428"}],"wp:featuredmedia":[{"embeddable":true,"href":"https:\/\/www.estrategiaconcursos.com.br\/blog\/wp-json\/wp\/v2\/media\/698508"}],"wp:attachment":[{"href":"https:\/\/www.estrategiaconcursos.com.br\/blog\/wp-json\/wp\/v2\/media?parent=1016122"}],"wp:term":[{"taxonomy":"category","embeddable":true,"href":"https:\/\/www.estrategiaconcursos.com.br\/blog\/wp-json\/wp\/v2\/categories?post=1016122"},{"taxonomy":"post_tag","embeddable":true,"href":"https:\/\/www.estrategiaconcursos.com.br\/blog\/wp-json\/wp\/v2\/tags?post=1016122"},{"taxonomy":"tax_estado","embeddable":true,"href":"https:\/\/www.estrategiaconcursos.com.br\/blog\/wp-json\/wp\/v2\/tax_estado?post=1016122"}],"curies":[{"name":"wp","href":"https:\/\/api.w.org\/{rel}","templated":true}]}}