{"id":101518,"date":"2018-03-27T06:00:09","date_gmt":"2018-03-27T09:00:09","guid":{"rendered":"https:\/\/www.estrategiaconcursos.com.br\/blog\/?p=101518"},"modified":"2023-05-24T17:09:25","modified_gmt":"2023-05-24T20:09:25","slug":"concurso-sap-sp-edital","status":"publish","type":"post","link":"https:\/\/www.estrategiaconcursos.com.br\/blog\/concurso-sap-sp-edital\/","title":{"rendered":"Concurso SAP SP: Gabarito Preliminar divulgado &#8211; S\u00e3o 416 vagas para m\u00e9dio e superior!"},"content":{"rendered":"<p style=\"text-align: left;\"><span style=\"color: #000000;\">A banca organizadora do Concurso SAP SP, que oferta 416 vagas para mais de 09 cargos de n\u00edvel m\u00e9dio e superior, Sarmento Concursos, publicou em seu site oficial o gabarito preliminar da prova realizada este m\u00eas. Voc\u00ea pode conferir a publica\u00e7\u00e3o clicando <a href=\"https:\/\/www.estrategiaconcursos.com.br\/blog\/wp-content\/uploads\/2018\/02\/EDITAL-CCP-N\u00b0-060-2018-GABARITO-PRELIMINAR.pdf\" target=\"_blank\" rel=\"noopener\">AQUI<\/a>\u00a0e ver como se saiu no certame.<\/span><\/p>\n<p style=\"text-align: left;\"><span style=\"color: #000000;\">O edital foi divulgado no dia 10 de Janeiro pela Secretaria de Administra\u00e7\u00e3o Penitenci\u00e1ria de S\u00e3o Paulo e traz remunera\u00e7\u00f5es iniciais entre\u00a0\u00a0<strong>R$ 1.544,00<\/strong>\u00a0e<strong>\u00a0R$ 3.243,02<\/strong>, mais benef\u00edcios.<\/span><\/p>\n<h2 style=\"text-align: left;\">\u00a0Vagas ofertadas<\/h2>\n<ul style=\"text-align: justify;\">\n<li style=\"text-align: left;\"><span style=\"color: #000000;\">Agente\u00a0T\u00e9cnico de Assist\u00eancia \u00e0 Sa\u00fade (Psic\u00f3logo) &#8211;\u00a0<strong>23<\/strong><\/span><\/li>\n<li style=\"text-align: left;\"><span style=\"color: #000000;\">Agente T\u00e9cnico de Assist\u00eancia \u00e0 Sa\u00fade (Assistente Social) &#8211; <strong>22<\/strong><\/span><\/li>\n<li style=\"text-align: left;\"><span style=\"color: #000000;\">Agente T\u00e9cnico de Assist\u00eancia \u00e0 Sa\u00fade (Terapeuta Ocupacional) &#8211; <strong>05<\/strong><\/span><\/li>\n<li style=\"text-align: left;\"><span style=\"color: #000000;\">Analista Administrativo &#8211; <strong>25<\/strong><\/span><\/li>\n<li style=\"text-align: left;\"><span style=\"color: #000000;\">Analista Sociocultural (Pedagogo) &#8211; <strong>05<\/strong><\/span><\/li>\n<li style=\"text-align: left;\"><span style=\"color: #000000;\">Oficial Administrativo &#8211; <strong>265<\/strong><\/span><\/li>\n<li style=\"text-align: left;\"><span style=\"color: #000000;\">T\u00e9cnico de Enfermagem &#8211; <strong>51<\/strong><\/span><\/li>\n<li style=\"text-align: left;\"><span style=\"color: #000000;\">Enfermeiro &#8211; <strong>12<\/strong><\/span><\/li>\n<li style=\"text-align: left;\"><span style=\"color: #000000;\">Cirurgi\u00e3o Dentista &#8211; <strong>08<\/strong><\/span><\/li>\n<\/ul>\n<h3 style=\"text-align: justify;\">Provas do Concurso SAP SP<\/h3>\n<p style=\"text-align: justify;\">O concurso constar\u00e1 de prova objetiva:<\/p>\n<p style=\"padding-left: 30px; text-align: justify;\"><span style=\"color: #000000;\"><strong>Agente T\u00e9cnico de Assist\u00eancia \u00e0 Sa\u00fade (Assistente Social,\u00a0Psic\u00f3logo e Terapeuta Ocupacional) &#8211; Cirurgi\u00e3o Dentista &#8211;\u00a0Enfermeiro<\/strong><\/span><\/p>\n<p style=\"text-align: justify;\">Conhecimentos Espec\u00edficos &#8211; 35 quest\u00f5es<br \/>\nConhecimentos Gerais &#8211; 5\u00a0quest\u00f5es<\/p>\n<p style=\"padding-left: 30px; text-align: justify;\"><span style=\"color: #000000;\"><strong>Analista Administrativo:<\/strong><\/span><\/p>\n<p style=\"padding-left: 30px; text-align: justify;\"><span style=\"color: #000000;\"> L\u00edngua Portuguesa &#8211; 30\u00a0quest\u00f5es<\/span><br \/>\n<span style=\"color: #000000;\"> Matem\u00e1tica &#8211; 05\u00a0quest\u00f5es<\/span><br \/>\n<span style=\"color: #000000;\"> Conhecimentos Gerais &#8211; 40\u00a0quest\u00f5es<\/span><br \/>\n<span style=\"color: #000000;\"> Conhecimentos de Inform\u00e1tica &#8211; 05\u00a0quest\u00f5es<\/span><\/p>\n<p style=\"padding-left: 30px; text-align: justify;\"><span style=\"color: #000000;\"><strong>Analista Sociocultural (Pedagogo):<\/strong><\/span><\/p>\n<p style=\"padding-left: 30px; text-align: justify;\"><span style=\"color: #000000;\">L\u00edngua Portuguesa &#8211; 20<\/span><br \/>\n<span style=\"color: #000000;\"> Matem\u00e1tica &#8211; 05<\/span><br \/>\n<span style=\"color: #000000;\"> Conhecimentos Gerais &#8211; 15<\/span><br \/>\n<span style=\"color: #000000;\"> Conhecimentos Espec\u00edficos &#8211; 30<\/span><\/p>\n<p style=\"padding-left: 30px; text-align: justify;\"><span style=\"color: #000000;\"><strong>Oficial Administrativo:<\/strong><\/span><\/p>\n<p style=\"padding-left: 30px; text-align: justify;\"><span style=\"color: #000000;\">L\u00edngua Portuguesa &#8211; 30<\/span><br \/>\n<span style=\"color: #000000;\"> Matem\u00e1tica &#8211; 05<\/span><br \/>\n<span style=\"color: #000000;\"> Conhecimentos Gerais &#8211; 20<\/span><br \/>\n<span style=\"color: #000000;\"> Conhecimentos de Inform\u00e1tica &#8211; 05<\/span><\/p>\n<p style=\"padding-left: 30px; text-align: justify;\"><span style=\"color: #000000;\"><strong>T\u00e9cnico de Enfermagem:<\/strong><\/span><\/p>\n<p style=\"padding-left: 30px; text-align: justify;\"><span style=\"color: #000000;\">L\u00edngua Portuguesa &#8211; 10<\/span><br \/>\n<span style=\"color: #000000;\"> Matem\u00e1tica &#8211; 10<\/span><br \/>\n<span style=\"color: #000000;\"> Conhecimentos Gerais &#8211; 10<\/span><br \/>\n<span style=\"color: #000000;\"> Conhecimentos Espec\u00edficos &#8211; 20<\/span><\/p>\n<h2 style=\"text-align: justify;\">Locais de Prova<\/h2>\n<p style=\"text-align: justify;\">As provas ser\u00e3o aplicadas da seguinte forma:<\/p>\n<ul style=\"text-align: justify;\">\n<li style=\"text-align: left;\">Na cidade de <strong>S\u00e3o Paulo,<\/strong> para os candidatos ao cargo\u00a0de Analista Sociocultural (Pedagogo) e de Agente T\u00e9cnico de\u00a0Assist\u00eancia \u00e0 Sa\u00fade (Terapeuta Ocupacional);<\/li>\n<li style=\"text-align: left;\">Na cidade de <strong>Bauru<\/strong>, para os candidatos que optarem\u00a0pelas vagas destinadas \u00e0s unidades pertencentes \u00e0 Coordenadoria\u00a0de Unidades Prisionais da Regi\u00e3o Noroeste do Estado;<\/li>\n<li style=\"text-align: left;\">Na cidade de <strong>Campinas<\/strong>, para os candidatos que optarem\u00a0pelas vagas destinadas \u00e0s unidades pertencentes \u00e0 Coordenadoria\u00a0de Unidades Prisionais da Regi\u00e3o Central do Estado;<\/li>\n<li style=\"text-align: left;\">Na cidade de <strong>Presidente Prudente,<\/strong> para os candidatos\u00a0que optarem pelas vagas destinadas \u00e0s unidades pertencentes \u00e0\u00a0Coordenadoria de Unidades Prisionais da Regi\u00e3o Oeste do Estado;<\/li>\n<li style=\"text-align: left;\">Na cidade de <strong>Taubat\u00e9<\/strong>, para os candidatos que\u00a0optarem pelas vagas destinadas \u00e0s unidades pertencentes \u00e0\u00a0Coordenadoria de Unidades Prisionais da Regi\u00e3o do Vale do\u00a0Para\u00edba e Litoral;<\/li>\n<li style=\"text-align: left;\">Na cidade de <strong>S\u00e3o Paulo<\/strong> &#8211; para os candidatos que\u00a0optarem pelas vagas destinadas \u00e0s unidades pertencentes \u00e0\u00a0Coordenadoria de Unidades Prisionais da Regi\u00e3o Metropolitana\u00a0do Estado, da Coordenadoria de Sa\u00fade do Sistema Penitenci\u00e1rio\u00a0e da Coordenadoria de Reintegra\u00e7\u00e3o Social e Cidadania.<\/li>\n<\/ul>\n<h3 style=\"text-align: justify;\"><strong>As provas objetivas ser\u00e3o realizadas na data prevista:<\/strong><\/h3>\n<p style=\"text-align: left;\">Oficial Administrativo &#8211;\u00a0T\u00e9cnico de Enfermagem &#8211;\u00a0Agente T\u00e9cnico de Assist\u00eancia \u00e0 Sa\u00fade (Assistente Social, Psic\u00f3logo\u00a0e Terapeuta Ocupacional) &#8211; Cirurgi\u00e3o Dentista &#8211; Enfermeiro.<br \/>\n<span style=\"color: #000000;\"><strong>Data Prevista: 24\/03\/2018<\/strong><\/span><\/p>\n<p style=\"text-align: left;\">Analista Administrativo &#8211;\u00a0Analista Sociocultural (Pedagogo)<br \/>\n<span style=\"color: #000000;\"><strong>Data Prevista: 25\/03\/2018<\/strong><\/span><\/p>\n<h2 style=\"text-align: justify;\">Distribui\u00e7\u00e3o das Vagas<\/h2>\n<ol style=\"list-style-type: upper-roman; text-align: justify;\">\n<li style=\"text-align: left;\"><span style=\"color: #000000;\">Para o cargo de <strong>oficial administrativo<\/strong>, s\u00e3o 63 vagas na capital, 24 no Vale do Para\u00edba e litoral, 75 na regi\u00e3o metropolitana, 63 na regi\u00e3o noroeste e 40 na regi\u00e3o oeste do estado.<\/span><\/li>\n<li style=\"text-align: left;\">Para <span style=\"color: #000000;\"><strong>analista administrativo<\/strong>, 04 vagas na capital, 02 no Vale do Para\u00edba e Litoral, 11 na regi\u00e3o metropolitana, 04 na regi\u00e3o noroeste e 04 na regi\u00e3o oeste.<\/span><\/li>\n<li style=\"text-align: left;\"><span style=\"color: #000000;\">Para <strong>agente t\u00e9cnico de sa\u00fade<\/strong> &#8211; assistente social ser\u00e3o 04 vagas para a capital, 02 para o Vale do Para\u00edba e Litoral, 5 para a regi\u00e3o metropolitana, 5 para a regi\u00e3o noroeste e 6 para a regi\u00e3o oeste do estado.<\/span><\/li>\n<li style=\"text-align: left;\"><span style=\"color: #000000;\">Para <strong>psic\u00f3logo<\/strong>, 04 na regi\u00e3o central, 02 no Vale do Para\u00edba e Litoral, 06 na regi\u00e3o metropolitana, 05 na regi\u00e3o noroeste e 06 para a regi\u00e3o oeste.<\/span><\/li>\n<li style=\"text-align: left;\"><span style=\"color: #000000;\">Para <strong>t\u00e9cnico de enfermagem<\/strong>, 08 na capital, 06 para o Vale do Para\u00edba e Litoral, 13 para a regi\u00e3o metropolitana, 10 para a regi\u00e3o noroeste e 14 para a regi\u00e3o oeste.<\/span><\/li>\n<li style=\"text-align: left;\"><span style=\"color: #000000;\">Para <strong>enfermeiro<\/strong>, 02 na capital, 02 para Vale do Para\u00edba e litoral, 04 para regi\u00e3o metropolitana, 02 para regi\u00e3o noroeste e 02 para regi\u00e3o oeste.<\/span><\/li>\n<li style=\"text-align: left;\"><span style=\"color: #000000;\">Para <strong>terapeuta ocupacional<\/strong>, 05 na capital, 01 no Vale do Para\u00edba e Litoral, 02 na regi\u00e3o metropolitana, 02 na regi\u00e3o noroeste e 02 na regi\u00e3o oeste.<\/span><\/li>\n<li style=\"text-align: left;\"><span style=\"color: #000000;\">Para <strong>pedagogo<\/strong>, 05 vagas na capital.<\/span><\/li>\n<\/ol>\n<p style=\"text-align: center;\"><span style=\"color: #000000;\"><em><span style=\"font-size: 14pt;\">Gostou dessa <strong>oportunidade<\/strong>? Deseja se preparar para esta <strong>oportunidade<\/strong>?<\/span><\/em><\/span><br \/>\n<span style=\"color: #000000;\"> <em><span style=\"font-size: 14pt;\">O Estrat\u00e9gia Concurso possui cursos relacionados ao certame, <strong>Confira<\/strong>!<\/span><\/em><\/span><\/p>\n<p style=\"text-align: center;\"><span style=\"font-size: 18pt;\"><strong><a href=\"https:\/\/www.estrategiaconcursos.com.br\/cursosPorConcurso\/secretaria-de-administracao-penitenciaria-de-sao-paulo-sap-sp\/\" target=\"_blank\" rel=\"noopener\">CURSOS SAP SP ESTRAT\u00c9GIA CONCURSOS<\/a><\/strong><\/span><\/p>\n<h3><\/h3>\n<p><strong>\u2666Informa\u00e7\u00f5es do Pr\u00f3ximo Concurso SAP SP Edital<\/strong><br \/>\n<span style=\"color: #000000;\">\u25baData da Prova: <strong>24\u00a0 e 25 de mar\u00e7o<\/strong><\/span><br \/>\n<span style=\"color: #000000;\"> \u25baVagas: <strong>416 vagas<\/strong><\/span><br \/>\n<span style=\"color: #000000;\"> \u25baLota\u00e7\u00f5es: <strong>S\u00e3o Paulo<\/strong><\/span><br \/>\n<span style=\"color: #000000;\"> \u25baRemunera\u00e7\u00e3o inicial:\u00a0<strong>at\u00e9 R$ 3.919,31<\/strong><\/span><br \/>\n<span style=\"color: #000000;\"> \u25baBanca: Sarmento<\/span><br \/>\n\u25baEdital: <a href=\"https:\/\/www.estrategiaconcursos.com.br\/blog\/wp-content\/uploads\/2018\/02\/SAP-SP-edital-2018.pdf\" target=\"_blank\" rel=\"noopener\"><strong>Edital SAP SP<\/strong><\/a><br \/>\n<span style=\"color: #000000;\">\u25baEscolaridade: <strong>Ensino M\u00e9dio e Ensino Superior<\/strong><\/span><br \/>\n\u25baCursos:\u00a0<strong><a href=\"https:\/\/www.estrategiaconcursos.com.br\/cursosPorConcurso\/secretaria-de-administracao-penitenciaria-de-sao-paulo-sap-sp\/\" target=\"_blank\" rel=\"noopener\">CURSOS_SAP SP ESTRAT\u00c9GIA CONCURSOS<\/a><\/strong><\/p>\n<p><span style=\"color: #000000;\"><i>Nat\u00e1lia Scarano<\/i><\/span><br \/>\n<span style=\"color: #000000;\"> Ascom Estrat\u00e9gia<\/span><br \/>\n<span style=\"color: #000000;\"> <em>ascomestrategia@gmail.com<\/em><\/span><\/p>\n<p style=\"text-align: center;\"><em><strong><br \/>\n<\/strong><\/em><span style=\"color: #ffffff;\">center<\/span><\/p>\n","protected":false},"excerpt":{"rendered":"<p>A banca organizadora do Concurso SAP SP, que oferta 416 vagas para mais de 09 cargos de n\u00edvel m\u00e9dio e superior, Sarmento Concursos, publicou em seu site oficial o gabarito preliminar da prova realizada este m\u00eas. Voc\u00ea pode conferir a publica\u00e7\u00e3o clicando AQUI\u00a0e ver como se saiu no certame. O edital foi divulgado no dia [&hellip;]<\/p>\n","protected":false},"author":1,"featured_media":113599,"comment_status":"open","ping_status":"closed","sticky":false,"template":"","format":"standard","meta":{"post_tipo":"news","footnotes":""},"categories":[1],"tags":[3348],"tax_estado":[],"class_list":["post-101518","post","type-post","status-publish","format-standard","has-post-thumbnail","hentry","category-cursos-e-concursos","tag-sap-sp"],"acf":[],"yoast_head":"<!-- This site is optimized with the Yoast SEO Premium plugin v27.2 (Yoast SEO v27.2) - https:\/\/yoast.com\/product\/yoast-seo-premium-wordpress\/ -->\n<title>Concurso SAP SP- Gabarito Preliminar divulgado! Confira!<\/title>\n<meta name=\"description\" content=\"Concurso SAP SP - Gabarito Preliminar PUBLICADO! S\u00e3o 416 vagas para n\u00edvel m\u00e9dio e n\u00edvel superior, distribu\u00eddas por toda S\u00e3o Paulo! N\u00e3o perca essa chance!\" \/>\n<meta name=\"robots\" content=\"index, follow, max-snippet:-1, max-image-preview:large, max-video-preview:-1\" \/>\n<link rel=\"canonical\" href=\"https:\/\/www.estrategiaconcursos.com.br\/blog\/concurso-sap-sp-edital\/\" \/>\n<meta property=\"og:locale\" content=\"pt_BR\" \/>\n<meta property=\"og:type\" content=\"article\" \/>\n<meta property=\"og:title\" content=\"Concurso SAP SP: Gabarito Preliminar divulgado - S\u00e3o 416 vagas para m\u00e9dio e superior!\" \/>\n<meta property=\"og:description\" content=\"Concurso SAP SP - Gabarito Preliminar PUBLICADO! S\u00e3o 416 vagas para n\u00edvel m\u00e9dio e n\u00edvel superior, distribu\u00eddas por toda S\u00e3o Paulo! N\u00e3o perca essa chance!\" \/>\n<meta property=\"og:url\" content=\"https:\/\/www.estrategiaconcursos.com.br\/blog\/concurso-sap-sp-edital\/\" \/>\n<meta property=\"og:site_name\" content=\"Estrat\u00e9gia Concursos\" \/>\n<meta property=\"article:author\" content=\"https:\/\/www.facebook.com\/EstrategiaConcursos\" \/>\n<meta property=\"article:published_time\" content=\"2018-03-27T09:00:09+00:00\" \/>\n<meta property=\"article:modified_time\" content=\"2023-05-24T20:09:25+00:00\" \/>\n<meta property=\"og:image\" content=\"https:\/\/dhg1h5j42swfq.cloudfront.net\/2018\/02\/27120224\/SAP-SP2-e1522162951136.jpg\" \/>\n\t<meta property=\"og:image:width\" content=\"400\" \/>\n\t<meta property=\"og:image:height\" content=\"209\" \/>\n\t<meta property=\"og:image:type\" content=\"image\/jpeg\" \/>\n<meta name=\"author\" content=\"Coordena\u00e7\u00e3o\" \/>\n<meta name=\"twitter:card\" content=\"summary_large_image\" \/>\n<meta name=\"twitter:creator\" content=\"@EstratConcursos\" \/>\n<meta name=\"twitter:site\" content=\"@EstratConcursos\" \/>\n<meta name=\"twitter:label1\" content=\"Escrito por\" \/>\n\t<meta name=\"twitter:data1\" content=\"Coordena\u00e7\u00e3o\" \/>\n\t<meta name=\"twitter:label2\" content=\"Est. tempo de leitura\" \/>\n\t<meta name=\"twitter:data2\" content=\"4 minutos\" \/>\n<script type=\"application\/ld+json\" class=\"yoast-schema-graph\">{\"@context\":\"https:\/\/schema.org\",\"@graph\":[{\"@type\":\"NewsArticle\",\"@id\":\"https:\/\/www.estrategiaconcursos.com.br\/blog\/concurso-sap-sp-edital\/#article\",\"isPartOf\":{\"@id\":\"https:\/\/www.estrategiaconcursos.com.br\/blog\/concurso-sap-sp-edital\/\"},\"author\":{\"name\":\"Coordena\u00e7\u00e3o\",\"@id\":\"https:\/\/www.estrategiaconcursos.com.br\/blog\/#\/schema\/person\/b4a388c97673c5f483d72185668afa1f\"},\"headline\":\"Concurso SAP SP: Gabarito Preliminar divulgado &#8211; S\u00e3o 416 vagas para m\u00e9dio e superior!\",\"datePublished\":\"2018-03-27T09:00:09+00:00\",\"dateModified\":\"2023-05-24T20:09:25+00:00\",\"mainEntityOfPage\":{\"@id\":\"https:\/\/www.estrategiaconcursos.com.br\/blog\/concurso-sap-sp-edital\/\"},\"wordCount\":812,\"commentCount\":2,\"publisher\":{\"@id\":\"https:\/\/www.estrategiaconcursos.com.br\/blog\/#organization\"},\"image\":{\"@id\":\"https:\/\/www.estrategiaconcursos.com.br\/blog\/concurso-sap-sp-edital\/#primaryimage\"},\"thumbnailUrl\":\"https:\/\/dhg1h5j42swfq.cloudfront.net\/2018\/02\/27120224\/SAP-SP2-e1522162951136.jpg\",\"keywords\":[\"SAP SP\"],\"articleSection\":[\"Concursos P\u00fablicos\"],\"inLanguage\":\"pt-BR\",\"potentialAction\":[{\"@type\":\"CommentAction\",\"name\":\"Comment\",\"target\":[\"https:\/\/www.estrategiaconcursos.com.br\/blog\/concurso-sap-sp-edital\/#respond\"]}],\"copyrightYear\":\"2018\",\"copyrightHolder\":{\"@id\":\"https:\/\/www.estrategiaconcursos.com.br\/blog\/#organization\"}},{\"@type\":\"WebPage\",\"@id\":\"https:\/\/www.estrategiaconcursos.com.br\/blog\/concurso-sap-sp-edital\/\",\"url\":\"https:\/\/www.estrategiaconcursos.com.br\/blog\/concurso-sap-sp-edital\/\",\"name\":\"Concurso SAP SP- Gabarito Preliminar divulgado! Confira!\",\"isPartOf\":{\"@id\":\"https:\/\/www.estrategiaconcursos.com.br\/blog\/#website\"},\"primaryImageOfPage\":{\"@id\":\"https:\/\/www.estrategiaconcursos.com.br\/blog\/concurso-sap-sp-edital\/#primaryimage\"},\"image\":{\"@id\":\"https:\/\/www.estrategiaconcursos.com.br\/blog\/concurso-sap-sp-edital\/#primaryimage\"},\"thumbnailUrl\":\"https:\/\/dhg1h5j42swfq.cloudfront.net\/2018\/02\/27120224\/SAP-SP2-e1522162951136.jpg\",\"datePublished\":\"2018-03-27T09:00:09+00:00\",\"dateModified\":\"2023-05-24T20:09:25+00:00\",\"description\":\"Concurso SAP SP - Gabarito Preliminar PUBLICADO! S\u00e3o 416 vagas para n\u00edvel m\u00e9dio e n\u00edvel superior, distribu\u00eddas por toda S\u00e3o Paulo! N\u00e3o perca essa chance!\",\"breadcrumb\":{\"@id\":\"https:\/\/www.estrategiaconcursos.com.br\/blog\/concurso-sap-sp-edital\/#breadcrumb\"},\"inLanguage\":\"pt-BR\",\"potentialAction\":[{\"@type\":\"ReadAction\",\"target\":[\"https:\/\/www.estrategiaconcursos.com.br\/blog\/concurso-sap-sp-edital\/\"]}]},{\"@type\":\"ImageObject\",\"inLanguage\":\"pt-BR\",\"@id\":\"https:\/\/www.estrategiaconcursos.com.br\/blog\/concurso-sap-sp-edital\/#primaryimage\",\"url\":\"https:\/\/dhg1h5j42swfq.cloudfront.net\/2018\/02\/27120224\/SAP-SP2-e1522162951136.jpg\",\"contentUrl\":\"https:\/\/dhg1h5j42swfq.cloudfront.net\/2018\/02\/27120224\/SAP-SP2-e1522162951136.jpg\",\"width\":400,\"height\":209,\"caption\":\"concurso SAP SP\"},{\"@type\":\"BreadcrumbList\",\"@id\":\"https:\/\/www.estrategiaconcursos.com.br\/blog\/concurso-sap-sp-edital\/#breadcrumb\",\"itemListElement\":[{\"@type\":\"ListItem\",\"position\":1,\"name\":\"In\u00edcio\",\"item\":\"https:\/\/www.estrategiaconcursos.com.br\/blog\/\"},{\"@type\":\"ListItem\",\"position\":2,\"name\":\"Concurso SAP SP: Gabarito Preliminar divulgado &#8211; S\u00e3o 416 vagas para m\u00e9dio e superior!\"}]},{\"@type\":\"WebSite\",\"@id\":\"https:\/\/www.estrategiaconcursos.com.br\/blog\/#website\",\"url\":\"https:\/\/www.estrategiaconcursos.com.br\/blog\/\",\"name\":\"Estrat\u00e9gia Concursos\",\"description\":\"O blog da Estrat\u00e9gia Concursos traz not\u00edcias sobre concursos e artigos de professores oferecendo cursos para concursos (pdf + videaulas) no site.\",\"publisher\":{\"@id\":\"https:\/\/www.estrategiaconcursos.com.br\/blog\/#organization\"},\"potentialAction\":[{\"@type\":\"SearchAction\",\"target\":{\"@type\":\"EntryPoint\",\"urlTemplate\":\"https:\/\/www.estrategiaconcursos.com.br\/blog\/?s={search_term_string}\"},\"query-input\":{\"@type\":\"PropertyValueSpecification\",\"valueRequired\":true,\"valueName\":\"search_term_string\"}}],\"inLanguage\":\"pt-BR\"},{\"@type\":\"Organization\",\"@id\":\"https:\/\/www.estrategiaconcursos.com.br\/blog\/#organization\",\"name\":\"Estrat\u00e9gia Concursos\",\"url\":\"https:\/\/www.estrategiaconcursos.com.br\/blog\/\",\"logo\":{\"@type\":\"ImageObject\",\"inLanguage\":\"pt-BR\",\"@id\":\"https:\/\/www.estrategiaconcursos.com.br\/blog\/#\/schema\/logo\/image\/\",\"url\":\"https:\/\/dhg1h5j42swfq.cloudfront.net\/2025\/06\/03203428\/logo_concursos-1.jpg\",\"contentUrl\":\"https:\/\/dhg1h5j42swfq.cloudfront.net\/2025\/06\/03203428\/logo_concursos-1.jpg\",\"width\":230,\"height\":60,\"caption\":\"Estrat\u00e9gia Concursos\"},\"image\":{\"@id\":\"https:\/\/www.estrategiaconcursos.com.br\/blog\/#\/schema\/logo\/image\/\"},\"sameAs\":[\"https:\/\/x.com\/EstratConcursos\"]},{\"@type\":\"Person\",\"@id\":\"https:\/\/www.estrategiaconcursos.com.br\/blog\/#\/schema\/person\/b4a388c97673c5f483d72185668afa1f\",\"name\":\"Coordena\u00e7\u00e3o\",\"image\":{\"@type\":\"ImageObject\",\"inLanguage\":\"pt-BR\",\"@id\":\"https:\/\/secure.gravatar.com\/avatar\/b720319e4c9a967eb58678d110f4fe35452fc5d5f97b202bac7b8acceb18c6ad?s=96&d=mm&r=g\",\"url\":\"https:\/\/secure.gravatar.com\/avatar\/b720319e4c9a967eb58678d110f4fe35452fc5d5f97b202bac7b8acceb18c6ad?s=96&d=mm&r=g\",\"contentUrl\":\"https:\/\/secure.gravatar.com\/avatar\/b720319e4c9a967eb58678d110f4fe35452fc5d5f97b202bac7b8acceb18c6ad?s=96&d=mm&r=g\",\"caption\":\"Coordena\u00e7\u00e3o\"},\"sameAs\":[\"https:\/\/www.facebook.com\/EstrategiaConcursos\",\"https:\/\/x.com\/EstratConcursos\"],\"url\":\"https:\/\/www.estrategiaconcursos.com.br\/blog\/author\/estrategia2013\/\"}]}<\/script>\n<!-- \/ Yoast SEO Premium plugin. -->","yoast_head_json":{"title":"Concurso SAP SP- Gabarito Preliminar divulgado! Confira!","description":"Concurso SAP SP - Gabarito Preliminar PUBLICADO! S\u00e3o 416 vagas para n\u00edvel m\u00e9dio e n\u00edvel superior, distribu\u00eddas por toda S\u00e3o Paulo! N\u00e3o perca essa chance!","robots":{"index":"index","follow":"follow","max-snippet":"max-snippet:-1","max-image-preview":"max-image-preview:large","max-video-preview":"max-video-preview:-1"},"canonical":"https:\/\/www.estrategiaconcursos.com.br\/blog\/concurso-sap-sp-edital\/","og_locale":"pt_BR","og_type":"article","og_title":"Concurso SAP SP: Gabarito Preliminar divulgado - S\u00e3o 416 vagas para m\u00e9dio e superior!","og_description":"Concurso SAP SP - Gabarito Preliminar PUBLICADO! S\u00e3o 416 vagas para n\u00edvel m\u00e9dio e n\u00edvel superior, distribu\u00eddas por toda S\u00e3o Paulo! N\u00e3o perca essa chance!","og_url":"https:\/\/www.estrategiaconcursos.com.br\/blog\/concurso-sap-sp-edital\/","og_site_name":"Estrat\u00e9gia Concursos","article_author":"https:\/\/www.facebook.com\/EstrategiaConcursos","article_published_time":"2018-03-27T09:00:09+00:00","article_modified_time":"2023-05-24T20:09:25+00:00","og_image":[{"width":400,"height":209,"url":"https:\/\/dhg1h5j42swfq.cloudfront.net\/2018\/02\/27120224\/SAP-SP2-e1522162951136.jpg","type":"image\/jpeg"}],"author":"Coordena\u00e7\u00e3o","twitter_card":"summary_large_image","twitter_creator":"@EstratConcursos","twitter_site":"@EstratConcursos","twitter_misc":{"Escrito por":"Coordena\u00e7\u00e3o","Est. tempo de leitura":"4 minutos"},"schema":{"@context":"https:\/\/schema.org","@graph":[{"@type":"NewsArticle","@id":"https:\/\/www.estrategiaconcursos.com.br\/blog\/concurso-sap-sp-edital\/#article","isPartOf":{"@id":"https:\/\/www.estrategiaconcursos.com.br\/blog\/concurso-sap-sp-edital\/"},"author":{"name":"Coordena\u00e7\u00e3o","@id":"https:\/\/www.estrategiaconcursos.com.br\/blog\/#\/schema\/person\/b4a388c97673c5f483d72185668afa1f"},"headline":"Concurso SAP SP: Gabarito Preliminar divulgado &#8211; S\u00e3o 416 vagas para m\u00e9dio e superior!","datePublished":"2018-03-27T09:00:09+00:00","dateModified":"2023-05-24T20:09:25+00:00","mainEntityOfPage":{"@id":"https:\/\/www.estrategiaconcursos.com.br\/blog\/concurso-sap-sp-edital\/"},"wordCount":812,"commentCount":2,"publisher":{"@id":"https:\/\/www.estrategiaconcursos.com.br\/blog\/#organization"},"image":{"@id":"https:\/\/www.estrategiaconcursos.com.br\/blog\/concurso-sap-sp-edital\/#primaryimage"},"thumbnailUrl":"https:\/\/dhg1h5j42swfq.cloudfront.net\/2018\/02\/27120224\/SAP-SP2-e1522162951136.jpg","keywords":["SAP SP"],"articleSection":["Concursos P\u00fablicos"],"inLanguage":"pt-BR","potentialAction":[{"@type":"CommentAction","name":"Comment","target":["https:\/\/www.estrategiaconcursos.com.br\/blog\/concurso-sap-sp-edital\/#respond"]}],"copyrightYear":"2018","copyrightHolder":{"@id":"https:\/\/www.estrategiaconcursos.com.br\/blog\/#organization"}},{"@type":"WebPage","@id":"https:\/\/www.estrategiaconcursos.com.br\/blog\/concurso-sap-sp-edital\/","url":"https:\/\/www.estrategiaconcursos.com.br\/blog\/concurso-sap-sp-edital\/","name":"Concurso SAP SP- Gabarito Preliminar divulgado! Confira!","isPartOf":{"@id":"https:\/\/www.estrategiaconcursos.com.br\/blog\/#website"},"primaryImageOfPage":{"@id":"https:\/\/www.estrategiaconcursos.com.br\/blog\/concurso-sap-sp-edital\/#primaryimage"},"image":{"@id":"https:\/\/www.estrategiaconcursos.com.br\/blog\/concurso-sap-sp-edital\/#primaryimage"},"thumbnailUrl":"https:\/\/dhg1h5j42swfq.cloudfront.net\/2018\/02\/27120224\/SAP-SP2-e1522162951136.jpg","datePublished":"2018-03-27T09:00:09+00:00","dateModified":"2023-05-24T20:09:25+00:00","description":"Concurso SAP SP - Gabarito Preliminar PUBLICADO! S\u00e3o 416 vagas para n\u00edvel m\u00e9dio e n\u00edvel superior, distribu\u00eddas por toda S\u00e3o Paulo! N\u00e3o perca essa chance!","breadcrumb":{"@id":"https:\/\/www.estrategiaconcursos.com.br\/blog\/concurso-sap-sp-edital\/#breadcrumb"},"inLanguage":"pt-BR","potentialAction":[{"@type":"ReadAction","target":["https:\/\/www.estrategiaconcursos.com.br\/blog\/concurso-sap-sp-edital\/"]}]},{"@type":"ImageObject","inLanguage":"pt-BR","@id":"https:\/\/www.estrategiaconcursos.com.br\/blog\/concurso-sap-sp-edital\/#primaryimage","url":"https:\/\/dhg1h5j42swfq.cloudfront.net\/2018\/02\/27120224\/SAP-SP2-e1522162951136.jpg","contentUrl":"https:\/\/dhg1h5j42swfq.cloudfront.net\/2018\/02\/27120224\/SAP-SP2-e1522162951136.jpg","width":400,"height":209,"caption":"concurso SAP SP"},{"@type":"BreadcrumbList","@id":"https:\/\/www.estrategiaconcursos.com.br\/blog\/concurso-sap-sp-edital\/#breadcrumb","itemListElement":[{"@type":"ListItem","position":1,"name":"In\u00edcio","item":"https:\/\/www.estrategiaconcursos.com.br\/blog\/"},{"@type":"ListItem","position":2,"name":"Concurso SAP SP: Gabarito Preliminar divulgado &#8211; S\u00e3o 416 vagas para m\u00e9dio e superior!"}]},{"@type":"WebSite","@id":"https:\/\/www.estrategiaconcursos.com.br\/blog\/#website","url":"https:\/\/www.estrategiaconcursos.com.br\/blog\/","name":"Estrat\u00e9gia Concursos","description":"O blog da Estrat\u00e9gia Concursos traz not\u00edcias sobre concursos e artigos de professores oferecendo cursos para concursos (pdf + videaulas) no site.","publisher":{"@id":"https:\/\/www.estrategiaconcursos.com.br\/blog\/#organization"},"potentialAction":[{"@type":"SearchAction","target":{"@type":"EntryPoint","urlTemplate":"https:\/\/www.estrategiaconcursos.com.br\/blog\/?s={search_term_string}"},"query-input":{"@type":"PropertyValueSpecification","valueRequired":true,"valueName":"search_term_string"}}],"inLanguage":"pt-BR"},{"@type":"Organization","@id":"https:\/\/www.estrategiaconcursos.com.br\/blog\/#organization","name":"Estrat\u00e9gia Concursos","url":"https:\/\/www.estrategiaconcursos.com.br\/blog\/","logo":{"@type":"ImageObject","inLanguage":"pt-BR","@id":"https:\/\/www.estrategiaconcursos.com.br\/blog\/#\/schema\/logo\/image\/","url":"https:\/\/dhg1h5j42swfq.cloudfront.net\/2025\/06\/03203428\/logo_concursos-1.jpg","contentUrl":"https:\/\/dhg1h5j42swfq.cloudfront.net\/2025\/06\/03203428\/logo_concursos-1.jpg","width":230,"height":60,"caption":"Estrat\u00e9gia Concursos"},"image":{"@id":"https:\/\/www.estrategiaconcursos.com.br\/blog\/#\/schema\/logo\/image\/"},"sameAs":["https:\/\/x.com\/EstratConcursos"]},{"@type":"Person","@id":"https:\/\/www.estrategiaconcursos.com.br\/blog\/#\/schema\/person\/b4a388c97673c5f483d72185668afa1f","name":"Coordena\u00e7\u00e3o","image":{"@type":"ImageObject","inLanguage":"pt-BR","@id":"https:\/\/secure.gravatar.com\/avatar\/b720319e4c9a967eb58678d110f4fe35452fc5d5f97b202bac7b8acceb18c6ad?s=96&d=mm&r=g","url":"https:\/\/secure.gravatar.com\/avatar\/b720319e4c9a967eb58678d110f4fe35452fc5d5f97b202bac7b8acceb18c6ad?s=96&d=mm&r=g","contentUrl":"https:\/\/secure.gravatar.com\/avatar\/b720319e4c9a967eb58678d110f4fe35452fc5d5f97b202bac7b8acceb18c6ad?s=96&d=mm&r=g","caption":"Coordena\u00e7\u00e3o"},"sameAs":["https:\/\/www.facebook.com\/EstrategiaConcursos","https:\/\/x.com\/EstratConcursos"],"url":"https:\/\/www.estrategiaconcursos.com.br\/blog\/author\/estrategia2013\/"}]}},"_links":{"self":[{"href":"https:\/\/www.estrategiaconcursos.com.br\/blog\/wp-json\/wp\/v2\/posts\/101518","targetHints":{"allow":["GET"]}}],"collection":[{"href":"https:\/\/www.estrategiaconcursos.com.br\/blog\/wp-json\/wp\/v2\/posts"}],"about":[{"href":"https:\/\/www.estrategiaconcursos.com.br\/blog\/wp-json\/wp\/v2\/types\/post"}],"author":[{"embeddable":true,"href":"https:\/\/www.estrategiaconcursos.com.br\/blog\/wp-json\/wp\/v2\/users\/1"}],"replies":[{"embeddable":true,"href":"https:\/\/www.estrategiaconcursos.com.br\/blog\/wp-json\/wp\/v2\/comments?post=101518"}],"version-history":[{"count":17,"href":"https:\/\/www.estrategiaconcursos.com.br\/blog\/wp-json\/wp\/v2\/posts\/101518\/revisions"}],"predecessor-version":[{"id":1221710,"href":"https:\/\/www.estrategiaconcursos.com.br\/blog\/wp-json\/wp\/v2\/posts\/101518\/revisions\/1221710"}],"wp:featuredmedia":[{"embeddable":true,"href":"https:\/\/www.estrategiaconcursos.com.br\/blog\/wp-json\/wp\/v2\/media\/113599"}],"wp:attachment":[{"href":"https:\/\/www.estrategiaconcursos.com.br\/blog\/wp-json\/wp\/v2\/media?parent=101518"}],"wp:term":[{"taxonomy":"category","embeddable":true,"href":"https:\/\/www.estrategiaconcursos.com.br\/blog\/wp-json\/wp\/v2\/categories?post=101518"},{"taxonomy":"post_tag","embeddable":true,"href":"https:\/\/www.estrategiaconcursos.com.br\/blog\/wp-json\/wp\/v2\/tags?post=101518"},{"taxonomy":"tax_estado","embeddable":true,"href":"https:\/\/www.estrategiaconcursos.com.br\/blog\/wp-json\/wp\/v2\/tax_estado?post=101518"}],"curies":[{"name":"wp","href":"https:\/\/api.w.org\/{rel}","templated":true}]}}