{"id":1014877,"date":"2022-06-03T16:10:00","date_gmt":"2022-06-03T19:10:00","guid":{"rendered":"https:\/\/www.estrategiaconcursos.com.br\/blog\/?p=1014877"},"modified":"2022-06-04T10:29:43","modified_gmt":"2022-06-04T13:29:43","slug":"concurso-pm-ap-edital-publicado-2","status":"publish","type":"post","link":"https:\/\/www.estrategiaconcursos.com.br\/blog\/concurso-pm-ap-edital-publicado-2\/","title":{"rendered":"Edital PM AP: inscri\u00e7\u00f5es encerradas! 2.500 vagas de Soldado"},"content":{"rendered":"\n<p>O <strong>edital PM AP<\/strong> est\u00e1 com suas inscri\u00e7\u00f5es encerradas! Os interessados em participar da sele\u00e7\u00e3o puderam se candidatar at\u00e9 o dia 03 de junho, ao custo de R$ 100,00.<\/p>\n\n\n\n<p>Sob organiza\u00e7\u00e3o da <a href=\"https:\/\/www.concursosfcc.com.br\/concursos\/seaap122\/index.html\" target=\"_blank\" rel=\"noreferrer noopener\">FCC<\/a>, s\u00e3o ofertadas 2.500 vagas para forma\u00e7\u00e3o de cadastro de reserva ao cargo de <a href=\"https:\/\/www.estrategiaconcursos.com.br\/curso\/pm-ap-soldado-pacote-2022-pos-edital\/\" target=\"_blank\" rel=\"noreferrer noopener\">Soldado da Pol\u00edcia Militar do Amap\u00e1<\/a>.<\/p>\n\n\n\n<p>As oportunidades exigem dos candidatos forma\u00e7\u00e3o de n\u00edvel m\u00e9dio, al\u00e9m de idade entre 18 a 30 anos. A remunera\u00e7\u00e3o inicial, ap\u00f3s o curso de forma\u00e7\u00e3o, \u00e9 de R$ 5.313,18.<\/p>\n\n\n\n<ul class=\"has-very-light-gray-to-cyan-bluish-gray-gradient-background has-background wp-block-list\"><li><strong>Edital PM AP<\/strong><\/li><li><strong>Banca<\/strong>: FCC<\/li><li><strong>Vagas<\/strong>: 2.500 CR<\/li><li><strong>Sal\u00e1rio inicial<\/strong>: R$ 5.313,18<\/li><li><span style=\"font-size: revert;\"><strong>Edital<\/strong>:&nbsp;<\/span><a href=\"https:\/\/dhg1h5j42swfq.cloudfront.net\/2022\/04\/28155142\/edital_pm_n0_01-2022_28-04-2022__1__publicar-1.pdf\" target=\"_blank\" rel=\"noreferrer noopener nofollow\">PMAP 2022<\/a><\/li><\/ul>\n\n\n\n<div class=\"container\" id=\"boxes\">\n  <div class=\"row\">\n\n    <div class=\"col-sm\">\n      <div class=\"banner-policial\" id=\"box-assinatura\">\n        <h3 class=\"titulo-assinatura\">Concurso PM AP<\/h3>\n        <p class=\"subtitulo-assinatura\">Conhe\u00e7a os cursos<\/p>\n        <div class=\"box-botao\">\n          <a class=\"btn-assinatura\" target=\"_blank\" href=\"https:\/\/www.estrategiaconcursos.com.br\/cursosPorConcurso\/policia-militar-ap\/\" role=\"button\" rel=\"noopener noreferrer\">Conhe\u00e7a mais<\/a>\n        <\/div>\n      <\/div>\n     \n\n  <\/div>\n<\/div><\/div>\n\n\n\n<h2 class=\"wp-block-heading\" id=\"datas\">Principais datas do edital PM AP<\/h2>\n\n\n\n<p class=\"has-very-light-gray-background-color has-background\"><strong>Inscri\u00e7\u00f5es<\/strong>: <s>02 de maio a 03 de junho<\/s><br \/><strong>Isen\u00e7\u00e3o da taxa<\/strong>: <s>02 a 06 de maio<\/s><br \/><strong>\u00daltimo dia para pagamento<\/strong>: <s>03 de junho<\/s><br \/><strong>Prova<\/strong>: 17 de julho<\/p>\n\n\n\n<h2 class=\"wp-block-heading\" id=\"cargos-vagas\">Cargos e vagas do edital PM AP<\/h2>\n\n\n\n<figure class=\"wp-block-table is-style-stripes\"><table class=\"has-very-light-gray-to-cyan-bluish-gray-gradient-background has-background has-fixed-layout\"><thead><tr><th class=\"has-text-align-center\" data-align=\"center\">Cargo<\/th><th class=\"has-text-align-center\" data-align=\"center\">Vagas<\/th><th class=\"has-text-align-center\" data-align=\"center\">Sal\u00e1rio<\/th><\/tr><\/thead><tbody><tr><td class=\"has-text-align-center\" data-align=\"center\"><a href=\"https:\/\/www.estrategiaconcursos.com.br\/curso\/pm-ap-soldado-pacote-2022-pos-edital\/\" target=\"_blank\" rel=\"noreferrer noopener\">Soldado PMAP<\/a><\/td><td class=\"has-text-align-center\" data-align=\"center\">2.500 em cadastro de reserva<\/td><td class=\"has-text-align-center\" data-align=\"center\">R$ 5.313,18<\/td><\/tr><\/tbody><\/table><\/figure>\n\n\n\n<p><strong>Principais requisitos:<\/strong><\/p>\n\n\n\n<ul class=\"wp-block-list\"><li>Forma\u00e7\u00e3o de n\u00edvel m\u00e9dio;<\/li><li>Idade entre 18 a 30 anos;<\/li><li>Altura m\u00ednima de 1,60m de altura (masculino) e 1,55m de altura (feminino);<\/li><li>N\u00e3o apresentar, em uso dos diversos uniformes, tatuagem vis\u00edvel com significado incompat\u00edvel ao exerc\u00edcio da atividade militar.<\/li><\/ul>\n\n\n\n<p>O sal\u00e1rio durante o curso de forma\u00e7\u00e3o \u00e9 de R$ 2.827,00. Ap\u00f3s formado, o servidor receber\u00e1 R$ 5.313,18.<\/p>\n\n\n\n<h2 class=\"wp-block-heading\" id=\"etapas\">Etapas e provas do edital PM AP<\/h2>\n\n\n\n<p>A sele\u00e7\u00e3o que trata o edital PM AP ser\u00e1 realizada atrav\u00e9s das seguintes etapas de avalia\u00e7\u00e3o:<\/p>\n\n\n\n<ul class=\"wp-block-list\"><li><strong><span style=\"text-decoration: underline;\">1\u00aa Fase<\/span><\/strong><span style=\"text-decoration: underline;\">:<\/span> Prova Objetiva, de car\u00e1ter eliminat\u00f3rio e classificat\u00f3rio;<\/li><li><strong><span style=\"text-decoration: underline;\">2\u00aa Fase:<\/span><\/strong> Exame Documental, de car\u00e1ter eliminat\u00f3rio);<\/li><li><strong style=\"color: initial;\"><span style=\"text-decoration-line: underline;\">3\u00aa Fase: <\/span><\/strong><span style=\"color: initial;\">Avalia\u00e7\u00e3o das Capacidades F\u00edsicas (ACF), de car\u00e1ter eliminat\u00f3rio<\/span>;<\/li><li><strong><span style=\"text-decoration: underline;\">4\u00aa Fase:<\/span> <\/strong>Teste de Avalia\u00e7\u00e3o Psicol\u00f3gica (TAP), de car\u00e1ter eliminat\u00f3rio;<\/li><li><strong><span style=\"text-decoration: underline;\">5\u00aa Fase:<\/span><\/strong> Exame de Sa\u00fade, de car\u00e1ter eliminat\u00f3rio; e<\/li><li><strong><span style=\"text-decoration: underline;\">6\u00aa Fase:<\/span> <\/strong>Investiga\u00e7\u00e3o Social, de car\u00e1ter eliminat\u00f3rio.<\/li><\/ul>\n\n\n\n<h3 class=\"wp-block-heading\" id=\"objetiva\">Provas Objetivas<\/h3>\n\n\n\n<p>A prova objetiva constar\u00e1 de 60 quest\u00f5es de m\u00faltipla escolha, com cinco alternativas cada. Com dura\u00e7\u00e3o de 4 horas, sua aplica\u00e7\u00e3o ocorrer\u00e1 no dia 17 de julho, em Macap\u00e1\/AP, no per\u00edodo da manh\u00e3.<\/p>\n\n\n\n<p>A prova objetiva ser\u00e1 avaliada na escala de 0,00 a 60,00, onde cada quest\u00e3o valer\u00e1 1,00 ponto. Confira abaixo a distribui\u00e7\u00e3o das disciplinas:<\/p>\n\n\n\n<ul class=\"wp-block-list\"><li><em>L\u00edngua Portuguesa: 12 quest\u00f5es;<\/em><\/li><li><em>No\u00e7\u00f5es de Direito Constitucional: 6 quest\u00f5es;<\/em><\/li><li><em>No\u00e7\u00f5es de Direito Administrativo: 06 quest\u00f5es;<\/em><\/li><li><em>No\u00e7\u00f5es de Direito Penal: 06 quest\u00f5es;<\/em><\/li><li><em>No\u00e7\u00f5es de Direitos Humanos: 06 quest\u00f5es;<\/em><\/li><li><em>Racioc\u00ednio L\u00f3gico e Matem\u00e1tica: 06 quest\u00f5es;<\/em><\/li><li><em>Atualidades: 06 quest\u00f5es;<\/em><\/li><li><em>Hist\u00f3ria do Estado do Amap\u00e1: 06 quest\u00f5es; <\/em><\/li><li><em>Geografia do Estado do Amap\u00e1: 06 quest\u00f5es.<\/em><\/li><\/ul>\n\n\n\n<p>Ser\u00e1 considerado habilitado na prova objetiva do edital PM AP o candidato que obtiver, simultaneamente:<\/p>\n\n\n\n<ul class=\"wp-block-list\"><li>a) no m\u00ednimo 60% de acerto na prova<\/li><li>b) n\u00e3o tiver zerado em nenhuma das disciplinas<\/li><li>c) estiver classificado at\u00e9 a 2.500\u00aa posi\u00e7\u00e3o (Ser\u00e3o habilitados todos os empatados na 2.500\u00aa posi\u00e7\u00e3o)<\/li><\/ul>\n\n\n\n<h3 class=\"wp-block-heading\" id=\"avaliacao-das-capacidades-fisicas\">Avalia\u00e7\u00e3o das Capacidades F\u00edsicas<\/h3>\n\n\n\n<p>A Avalia\u00e7\u00e3o das Capacidades F\u00edsicas (ACF), de presen\u00e7a obrigat\u00f3ria e de car\u00e1ter eliminat\u00f3rio, ser\u00e1 realizado no Quartel do Comando Geral da Pol\u00edcia Militar, por subcomiss\u00e3o designada para este fim espec\u00edfico.<\/p>\n\n\n\n<p>A etapa visa avaliar a capacidade m\u00ednima do candidato para suportar, f\u00edsica e organicamente, as exig\u00eancias da pr\u00e1tica de atividades f\u00edsicas e demais exig\u00eancias pr\u00f3prias da fun\u00e7\u00e3o policial militar.<\/p>\n\n\n\n<p>A referida avalia\u00e7\u00e3o do edital PM AP seguir\u00e1 as prescri\u00e7\u00f5es contidas no&nbsp;<a href=\"https:\/\/dhg1h5j42swfq.cloudfront.net\/2022\/04\/28160106\/doen7054-19-32.pdf\" target=\"_blank\" rel=\"noreferrer noopener nofollow\">Decreto n\u00ba 5193\/2019<\/a>&nbsp;e suas altera\u00e7\u00f5es,&nbsp;<span style=\"text-decoration: underline;\">onde suas especifica\u00e7\u00f5es ser\u00e3o disponibilizadas junto aos editais convocat\u00f3rios<\/span>:<\/p>\n\n\n\n<div class=\"wp-block-image\"><figure class=\"aligncenter size-full is-resized\"><img loading=\"lazy\" decoding=\"async\" src=\"https:\/\/dhg1h5j42swfq.cloudfront.net\/2022\/04\/28160521\/image-346.png\" alt=\"Avalia\u00e7\u00e3o das Capacidades F\u00edsicas do edital PM AP prevista no Decreto n\u00ba 5193\/2019\" class=\"wp-image-1017499\" width=\"738\" height=\"362\" srcset=\"https:\/\/dhg1h5j42swfq.cloudfront.net\/2022\/04\/28160521\/image-346.png 855w, https:\/\/dhg1h5j42swfq.cloudfront.net\/2022\/04\/28160521\/image-346-300x147.png 300w, https:\/\/dhg1h5j42swfq.cloudfront.net\/2022\/04\/28160521\/image-346-768x377.png 768w, https:\/\/dhg1h5j42swfq.cloudfront.net\/2022\/04\/28160521\/image-346-610x300.png 610w\" sizes=\"auto, (max-width: 738px) 100vw, 738px\" \/><figcaption>Avalia\u00e7\u00e3o das Capacidades F\u00edsicas prevista no&nbsp;<a href=\"https:\/\/dhg1h5j42swfq.cloudfront.net\/2022\/04\/28160106\/doen7054-19-32.pdf\" target=\"_blank\" rel=\"noreferrer noopener\">Decreto n\u00ba 5193\/2019<\/a><\/figcaption><\/figure><\/div>\n\n\n\n<h3 class=\"wp-block-heading\" id=\"teste-de-avaliacao-psicologica\">Teste de Avalia\u00e7\u00e3o Psicol\u00f3gica<\/h3>\n\n\n\n<p>A Avalia\u00e7\u00e3o Psicol\u00f3gica tem por objetivo analisar as condi\u00e7\u00f5es psicol\u00f3gicas do candidato, suas caracter\u00edsticas e aptid\u00f5es para frequentar o CFSD PM, de acordo com o perfil exigido para o cargo de Soldado da Pol\u00edcia Militar.<\/p>\n\n\n\n<p>Em raz\u00e3o do Resultado da Avalia\u00e7\u00e3o Psicol\u00f3gica, o candidato ser\u00e1 julgado Apto ou Inapto. De outro modo, sendo considerado inapto ou ausente, o candidato ser\u00e1 eliminado do concurso, n\u00e3o prosseguindo na fase subsequente.<\/p>\n\n\n\n<h3 class=\"wp-block-heading\" id=\"pratica\">Exame de Sa\u00fade<\/h3>\n\n\n\n<p>Os candidatos ser\u00e3o submetidos \u00e0 Junta M\u00e9dica da Diretoria de Sa\u00fade da Pol\u00edcia Militar do Amap\u00e1, onde ser\u00e1 avaliada a sua condi\u00e7\u00e3o f\u00edsica com o objetivo de verificar as condi\u00e7\u00f5es de sa\u00fade e constitui\u00e7\u00e3o f\u00edsica do candidato para desempenho das tarefas inerentes ao cargo.<\/p>\n\n\n\n<p>Em raz\u00e3o do resultado do Exame de Sa\u00fade, o candidato ser\u00e1 julgado Apto ou Inapto. Aquele inapto ou ausente ser\u00e1 eliminado do concurso PM AP, n\u00e3o prosseguindo na fase subsequente.<\/p>\n\n\n\n<h3 class=\"wp-block-heading\" id=\"investigacao-social\">Investiga\u00e7\u00e3o Social<\/h3>\n\n\n\n<p>A Investiga\u00e7\u00e3o Social do edital PM AP, de car\u00e1ter eliminat\u00f3rio, procedida por meio de verifica\u00e7\u00e3o de informa\u00e7\u00f5es sobre a vida pregressa do candidato, ser\u00e1 feita pela Pol\u00edcia Militar.<\/p>\n\n\n\n<h3 class=\"wp-block-heading\" id=\"curso-de-formacao\">Curso de Forma\u00e7\u00e3o<\/h3>\n\n\n\n<p>Os candidatos recomendados na 6\u00aa Fase &#8211; Investiga\u00e7\u00e3o Social ser\u00e3o convocados para a matr\u00edcula no Curso de Forma\u00e7\u00e3o de Soldado Militar, como Soldado PM de 2\u00aa classe.<\/p>\n\n\n\n<p>A dura\u00e7\u00e3o do curso do edital PM AP ser\u00e1 de no m\u00ednimo, 720 horas-aulas.<\/p>\n\n\n\n<p>Os concludentes do Curso de Forma\u00e7\u00e3o ser\u00e3o lotados de acordo com a necessidade da Pol\u00edcia Militar do Amap\u00e1, abrangendo todos os Munic\u00edpios do Estado em que tenha instalada uma Unidade da Corpora\u00e7\u00e3o, conforme legisla\u00e7\u00e3o espec\u00edfica.<\/p>\n\n\n\n<p class=\"has-text-align-center has-cyan-bluish-gray-background-color has-background has-medium-font-size\"><strong>Saiba mais: <a href=\"https:\/\/www.estrategiaconcursos.com.br\/blog\/concurso-pm-ap\/\" target=\"_blank\" rel=\"noreferrer noopener\">Concurso Pol\u00edcia Militar Amap\u00e1<\/a><\/strong><\/p>\n\n\n\n<hr class=\"wp-block-separator\"\/>\n\n\n\n<h2 class=\"has-text-align-center wp-block-heading\" id=\"h-quer-saber-tudo-sobre-concursos-previstos-confira-nossos-artigos\">Quer saber tudo sobre concursos previstos?<br \/>Confira nossos artigos!<\/h2>\n\n\n\n<ul class=\"wp-block-list\"><li><a href=\"https:\/\/www.estrategiaconcursos.com.br\/blog\/concursos-abertos\/\" target=\"_blank\" rel=\"noreferrer noopener\">Concursos abertos<\/a><\/li><li><a href=\"https:\/\/www.estrategiaconcursos.com.br\/blog\/concursos-2022\/\" target=\"_blank\" rel=\"noreferrer noopener\">Concursos 2022<\/a><\/li><\/ul>\n\n\n\n<h2 class=\"has-text-align-center wp-block-heading\" id=\"cursos-assinatura\">Quer estudar para o edital PM AP?<\/h2>\n\n\n\n<div class=\"container\" id=\"boxes\">\n  <div class=\"row\">\n\n    <div class=\"col-sm\">\n      <div class=\"banner-policial\" id=\"box-assinatura\">\n        <h3 class=\"titulo-assinatura\">Concurso PM AP<\/h3>\n        <p class=\"subtitulo-assinatura\">Conhe\u00e7a os cursos<\/p>\n        <div class=\"box-botao\">\n          <a class=\"btn-assinatura\" target=\"_blank\" href=\"https:\/\/www.estrategiaconcursos.com.br\/cursosPorConcurso\/policia-militar-ap\/\" role=\"button\" rel=\"noopener noreferrer\">Conhe\u00e7a mais<\/a>\n        <\/div>\n      <\/div>\n     \n\n  <\/div>\n<\/div><\/div>\n\n\n\n<div class=\"container\" id=\"boxes\">\n  <div class=\"row\">\n\n    <div class=\"col-sm\">\n      <div class=\"estrategia\" id=\"box-assinatura\">\n        <h3 class=\"titulo-assinatura\">Assinatura Concursos<\/h3>\n        <p class=\"subtitulo-assinatura\">Assinatura de 1 ano ou 2 anos<\/p>\n        <div class=\"box-botao\">\n          <a class=\"btn-assinatura\" target=\"_blank\" href=\"https:\/\/www.estrategiaconcursos.com.br\/assinaturas\/\" role=\"button\" rel=\"noopener noreferrer\">ASSINE AGORA<\/a>\n        <\/div>\n      <\/div>\n     \n    <\/div><\/div><\/div>\n\n\n\n<figure class=\"wp-block-image size-large is-resized\"><img loading=\"lazy\" decoding=\"async\" src=\"https:\/\/dhg1h5j42swfq.cloudfront.net\/2021\/04\/06163103\/ficha-tecnica-103-1024x632.png\" alt=\"Ficha t\u00e9cnica\" class=\"wp-image-708709\" width=\"293\" height=\"181\" srcset=\"https:\/\/dhg1h5j42swfq.cloudfront.net\/2021\/04\/06163103\/ficha-tecnica-103-1024x632.png 1024w, https:\/\/dhg1h5j42swfq.cloudfront.net\/2021\/04\/06163103\/ficha-tecnica-103-300x185.png 300w, https:\/\/dhg1h5j42swfq.cloudfront.net\/2021\/04\/06163103\/ficha-tecnica-103-768x474.png 768w, https:\/\/dhg1h5j42swfq.cloudfront.net\/2021\/04\/06163103\/ficha-tecnica-103-1536x948.png 1536w, https:\/\/dhg1h5j42swfq.cloudfront.net\/2021\/04\/06163103\/ficha-tecnica-103-610x377.png 610w, https:\/\/dhg1h5j42swfq.cloudfront.net\/2021\/04\/06163103\/ficha-tecnica-103.png 1571w\" sizes=\"auto, (max-width: 293px) 100vw, 293px\" \/><\/figure>\n\n\n\n<h3 class=\"wp-block-heading\" id=\"ficha-tecnica\"><span style=\"color: #000000;\">\u2666Informa\u00e7\u00f5es do edital PM AP<\/span><\/h3>\n\n\n\n<ul class=\"wp-block-list\"><li><strong>Provas<\/strong>: 17\/07\/2022<\/li><li><span style=\"color: #000000;\"><strong>Vagas<\/strong>: <\/span>2.500 CR<\/li><li><strong>Cargo<\/strong>: Soldado <\/li><li><strong>Remunera\u00e7\u00e3o inicial<\/strong>: <span style=\"color: initial;\">R$ <\/span>5.313,18<\/li><li><span style=\"color: #000000;\"><strong>Banca<\/strong>: FCC<\/span><\/li><li><span style=\"color: #000000;\"><strong>Escolaridade<\/strong>: n\u00edvel m\u00e9dio<\/span><\/li><li><span style=\"color: #000000;\"><strong>Edital<\/strong>:&nbsp;<\/span><a href=\"https:\/\/dhg1h5j42swfq.cloudfront.net\/2022\/04\/28155142\/edital_pm_n0_01-2022_28-04-2022__1__publicar-1.pdf\" target=\"_blank\" rel=\"noreferrer noopener nofollow\">PMAP 2022<\/a><\/li><\/ul>\n","protected":false},"excerpt":{"rendered":"<p>O edital PM AP est\u00e1 com suas inscri\u00e7\u00f5es encerradas! Os interessados em participar da sele\u00e7\u00e3o puderam se candidatar at\u00e9 o dia 03 de junho, ao custo de R$ 100,00. Sob organiza\u00e7\u00e3o da FCC, s\u00e3o ofertadas 2.500 vagas para forma\u00e7\u00e3o de cadastro de reserva ao cargo de Soldado da Pol\u00edcia Militar do Amap\u00e1. As oportunidades exigem [&hellip;]<\/p>\n","protected":false},"author":1206,"featured_media":777118,"comment_status":"open","ping_status":"closed","sticky":false,"template":"","format":"standard","meta":{"post_tipo":"news","footnotes":""},"categories":[220187,220219],"tags":[],"tax_estado":[219967],"class_list":["post-1014877","post","type-post","status-publish","format-standard","has-post-thumbnail","hentry","category-policial-pracas","category-noticias","tax_estado-ap"],"acf":[],"yoast_head":"<!-- This site is optimized with the Yoast SEO Premium plugin v27.2 (Yoast SEO v27.2) - https:\/\/yoast.com\/product\/yoast-seo-premium-wordpress\/ -->\n<title>Edital PM AP: inscri\u00e7\u00f5es encerradas! 2.500 vagas de Soldado<\/title>\n<meta name=\"description\" content=\"Edital PM AP oferece 2.500 vagas em cadastro de reserva para Soldado, com sal\u00e1rio de R$ 5,3 mil. Inscri\u00e7\u00f5es encerradas!\" \/>\n<meta name=\"robots\" content=\"index, follow, max-snippet:-1, max-image-preview:large, max-video-preview:-1\" \/>\n<link rel=\"canonical\" href=\"https:\/\/www.estrategiaconcursos.com.br\/blog\/concurso-pm-ap-edital-publicado-2\/\" \/>\n<meta property=\"og:locale\" content=\"pt_BR\" \/>\n<meta property=\"og:type\" content=\"article\" \/>\n<meta property=\"og:title\" content=\"Edital PM AP: inscri\u00e7\u00f5es encerradas! 2.500 vagas de Soldado\" \/>\n<meta property=\"og:description\" content=\"Edital PM AP oferece 2.500 vagas em cadastro de reserva para Soldado, com sal\u00e1rio de R$ 5,3 mil. Inscri\u00e7\u00f5es encerradas!\" \/>\n<meta property=\"og:url\" content=\"https:\/\/www.estrategiaconcursos.com.br\/blog\/concurso-pm-ap-edital-publicado-2\/\" \/>\n<meta property=\"og:site_name\" content=\"Estrat\u00e9gia Concursos\" \/>\n<meta property=\"article:published_time\" content=\"2022-06-03T19:10:00+00:00\" \/>\n<meta property=\"article:modified_time\" content=\"2022-06-04T13:29:43+00:00\" \/>\n<meta property=\"og:image\" content=\"https:\/\/dhg1h5j42swfq.cloudfront.net\/2021\/06\/25131101\/pm-ap.jpg\" \/>\n\t<meta property=\"og:image:width\" content=\"768\" \/>\n\t<meta property=\"og:image:height\" content=\"432\" \/>\n\t<meta property=\"og:image:type\" content=\"image\/jpeg\" \/>\n<meta name=\"author\" content=\"Bruna de Andrade Fran\u00e7a\" \/>\n<meta name=\"twitter:card\" content=\"summary_large_image\" \/>\n<meta name=\"twitter:creator\" content=\"@EstratConcursos\" \/>\n<meta name=\"twitter:site\" content=\"@EstratConcursos\" \/>\n<meta name=\"twitter:label1\" content=\"Escrito por\" \/>\n\t<meta name=\"twitter:data1\" content=\"Bruna de Andrade Fran\u00e7a\" \/>\n\t<meta name=\"twitter:label2\" content=\"Est. tempo de leitura\" \/>\n\t<meta name=\"twitter:data2\" content=\"6 minutos\" \/>\n<script type=\"application\/ld+json\" class=\"yoast-schema-graph\">{\"@context\":\"https:\/\/schema.org\",\"@graph\":[{\"@type\":\"NewsArticle\",\"@id\":\"https:\/\/www.estrategiaconcursos.com.br\/blog\/concurso-pm-ap-edital-publicado-2\/#article\",\"isPartOf\":{\"@id\":\"https:\/\/www.estrategiaconcursos.com.br\/blog\/concurso-pm-ap-edital-publicado-2\/\"},\"author\":{\"name\":\"Bruna de Andrade Fran\u00e7a\",\"@id\":\"https:\/\/www.estrategiaconcursos.com.br\/blog\/#\/schema\/person\/6630f91134abc08115cca62ce6372855\"},\"headline\":\"Edital PM AP: inscri\u00e7\u00f5es encerradas! 2.500 vagas de Soldado\",\"datePublished\":\"2022-06-03T19:10:00+00:00\",\"dateModified\":\"2022-06-04T13:29:43+00:00\",\"mainEntityOfPage\":{\"@id\":\"https:\/\/www.estrategiaconcursos.com.br\/blog\/concurso-pm-ap-edital-publicado-2\/\"},\"wordCount\":991,\"commentCount\":0,\"publisher\":{\"@id\":\"https:\/\/www.estrategiaconcursos.com.br\/blog\/#organization\"},\"image\":{\"@id\":\"https:\/\/www.estrategiaconcursos.com.br\/blog\/concurso-pm-ap-edital-publicado-2\/#primaryimage\"},\"thumbnailUrl\":\"https:\/\/dhg1h5j42swfq.cloudfront.net\/2021\/06\/25131101\/pm-ap.jpg\",\"articleSection\":[\"Policial (PM\/BM - Pra\u00e7as)\",\"\u00daltimas not\u00edcias\"],\"inLanguage\":\"pt-BR\",\"potentialAction\":[{\"@type\":\"CommentAction\",\"name\":\"Comment\",\"target\":[\"https:\/\/www.estrategiaconcursos.com.br\/blog\/concurso-pm-ap-edital-publicado-2\/#respond\"]}],\"copyrightYear\":\"2022\",\"copyrightHolder\":{\"@id\":\"https:\/\/www.estrategiaconcursos.com.br\/blog\/#organization\"}},{\"@type\":\"WebPage\",\"@id\":\"https:\/\/www.estrategiaconcursos.com.br\/blog\/concurso-pm-ap-edital-publicado-2\/\",\"url\":\"https:\/\/www.estrategiaconcursos.com.br\/blog\/concurso-pm-ap-edital-publicado-2\/\",\"name\":\"Edital PM AP: inscri\u00e7\u00f5es encerradas! 2.500 vagas de Soldado\",\"isPartOf\":{\"@id\":\"https:\/\/www.estrategiaconcursos.com.br\/blog\/#website\"},\"primaryImageOfPage\":{\"@id\":\"https:\/\/www.estrategiaconcursos.com.br\/blog\/concurso-pm-ap-edital-publicado-2\/#primaryimage\"},\"image\":{\"@id\":\"https:\/\/www.estrategiaconcursos.com.br\/blog\/concurso-pm-ap-edital-publicado-2\/#primaryimage\"},\"thumbnailUrl\":\"https:\/\/dhg1h5j42swfq.cloudfront.net\/2021\/06\/25131101\/pm-ap.jpg\",\"datePublished\":\"2022-06-03T19:10:00+00:00\",\"dateModified\":\"2022-06-04T13:29:43+00:00\",\"description\":\"Edital PM AP oferece 2.500 vagas em cadastro de reserva para Soldado, com sal\u00e1rio de R$ 5,3 mil. Inscri\u00e7\u00f5es encerradas!\",\"breadcrumb\":{\"@id\":\"https:\/\/www.estrategiaconcursos.com.br\/blog\/concurso-pm-ap-edital-publicado-2\/#breadcrumb\"},\"inLanguage\":\"pt-BR\",\"potentialAction\":[{\"@type\":\"ReadAction\",\"target\":[\"https:\/\/www.estrategiaconcursos.com.br\/blog\/concurso-pm-ap-edital-publicado-2\/\"]}]},{\"@type\":\"ImageObject\",\"inLanguage\":\"pt-BR\",\"@id\":\"https:\/\/www.estrategiaconcursos.com.br\/blog\/concurso-pm-ap-edital-publicado-2\/#primaryimage\",\"url\":\"https:\/\/dhg1h5j42swfq.cloudfront.net\/2021\/06\/25131101\/pm-ap.jpg\",\"contentUrl\":\"https:\/\/dhg1h5j42swfq.cloudfront.net\/2021\/06\/25131101\/pm-ap.jpg\",\"width\":768,\"height\":432,\"caption\":\"PM AP\"},{\"@type\":\"BreadcrumbList\",\"@id\":\"https:\/\/www.estrategiaconcursos.com.br\/blog\/concurso-pm-ap-edital-publicado-2\/#breadcrumb\",\"itemListElement\":[{\"@type\":\"ListItem\",\"position\":1,\"name\":\"In\u00edcio\",\"item\":\"https:\/\/www.estrategiaconcursos.com.br\/blog\/\"},{\"@type\":\"ListItem\",\"position\":2,\"name\":\"Edital PM AP: inscri\u00e7\u00f5es encerradas! 2.500 vagas de Soldado\"}]},{\"@type\":\"WebSite\",\"@id\":\"https:\/\/www.estrategiaconcursos.com.br\/blog\/#website\",\"url\":\"https:\/\/www.estrategiaconcursos.com.br\/blog\/\",\"name\":\"Estrat\u00e9gia Concursos\",\"description\":\"O blog da Estrat\u00e9gia Concursos traz not\u00edcias sobre concursos e artigos de professores oferecendo cursos para concursos (pdf + videaulas) no site.\",\"publisher\":{\"@id\":\"https:\/\/www.estrategiaconcursos.com.br\/blog\/#organization\"},\"potentialAction\":[{\"@type\":\"SearchAction\",\"target\":{\"@type\":\"EntryPoint\",\"urlTemplate\":\"https:\/\/www.estrategiaconcursos.com.br\/blog\/?s={search_term_string}\"},\"query-input\":{\"@type\":\"PropertyValueSpecification\",\"valueRequired\":true,\"valueName\":\"search_term_string\"}}],\"inLanguage\":\"pt-BR\"},{\"@type\":\"Organization\",\"@id\":\"https:\/\/www.estrategiaconcursos.com.br\/blog\/#organization\",\"name\":\"Estrat\u00e9gia Concursos\",\"url\":\"https:\/\/www.estrategiaconcursos.com.br\/blog\/\",\"logo\":{\"@type\":\"ImageObject\",\"inLanguage\":\"pt-BR\",\"@id\":\"https:\/\/www.estrategiaconcursos.com.br\/blog\/#\/schema\/logo\/image\/\",\"url\":\"https:\/\/dhg1h5j42swfq.cloudfront.net\/2025\/06\/03203428\/logo_concursos-1.jpg\",\"contentUrl\":\"https:\/\/dhg1h5j42swfq.cloudfront.net\/2025\/06\/03203428\/logo_concursos-1.jpg\",\"width\":230,\"height\":60,\"caption\":\"Estrat\u00e9gia Concursos\"},\"image\":{\"@id\":\"https:\/\/www.estrategiaconcursos.com.br\/blog\/#\/schema\/logo\/image\/\"},\"sameAs\":[\"https:\/\/x.com\/EstratConcursos\"]},{\"@type\":\"Person\",\"@id\":\"https:\/\/www.estrategiaconcursos.com.br\/blog\/#\/schema\/person\/6630f91134abc08115cca62ce6372855\",\"name\":\"Bruna de Andrade Fran\u00e7a\",\"image\":{\"@type\":\"ImageObject\",\"inLanguage\":\"pt-BR\",\"@id\":\"https:\/\/secure.gravatar.com\/avatar\/d6316d36d50cea0fadae28ed3015b8870cc90a2d3d8a95c37b44006af36a00e3?s=96&d=mm&r=g\",\"url\":\"https:\/\/secure.gravatar.com\/avatar\/d6316d36d50cea0fadae28ed3015b8870cc90a2d3d8a95c37b44006af36a00e3?s=96&d=mm&r=g\",\"contentUrl\":\"https:\/\/secure.gravatar.com\/avatar\/d6316d36d50cea0fadae28ed3015b8870cc90a2d3d8a95c37b44006af36a00e3?s=96&d=mm&r=g\",\"caption\":\"Bruna de Andrade Fran\u00e7a\"},\"description\":\"Bruna de Andrade Fran\u00e7a \u00e9 publicit\u00e1ria com p\u00f3s-gradua\u00e7\u00e3o em Marketing &amp; Growth, atuando h\u00e1 mais de 6 anos no universo dos concursos p\u00fablicos. Desde 2021, lidera no Blog do Estrat\u00e9gia Concursos a cobertura editorial especializada em Concursos Policiais (PF, PRF, PM, PC, etc.), al\u00e9m das frentes de concursos banc\u00e1rios, de sa\u00fade e da \u00e1rea legislativa. Especialista em reda\u00e7\u00e3o, com pr\u00e1ticas de SEO e Copywriting, possui tamb\u00e9m atua\u00e7\u00e3o pr\u00e1tica de contato direto com \u00f3rg\u00e3os p\u00fablicos respons\u00e1veis por editais, permitindo acesso antecipado a informa\u00e7\u00f5es, desdobramentos importantes e atualiza\u00e7\u00e3o eficiente dos concursos p\u00fablicos.\",\"url\":\"https:\/\/www.estrategiaconcursos.com.br\/blog\/author\/bruna-andrade\/\"}]}<\/script>\n<!-- \/ Yoast SEO Premium plugin. -->","yoast_head_json":{"title":"Edital PM AP: inscri\u00e7\u00f5es encerradas! 2.500 vagas de Soldado","description":"Edital PM AP oferece 2.500 vagas em cadastro de reserva para Soldado, com sal\u00e1rio de R$ 5,3 mil. Inscri\u00e7\u00f5es encerradas!","robots":{"index":"index","follow":"follow","max-snippet":"max-snippet:-1","max-image-preview":"max-image-preview:large","max-video-preview":"max-video-preview:-1"},"canonical":"https:\/\/www.estrategiaconcursos.com.br\/blog\/concurso-pm-ap-edital-publicado-2\/","og_locale":"pt_BR","og_type":"article","og_title":"Edital PM AP: inscri\u00e7\u00f5es encerradas! 2.500 vagas de Soldado","og_description":"Edital PM AP oferece 2.500 vagas em cadastro de reserva para Soldado, com sal\u00e1rio de R$ 5,3 mil. Inscri\u00e7\u00f5es encerradas!","og_url":"https:\/\/www.estrategiaconcursos.com.br\/blog\/concurso-pm-ap-edital-publicado-2\/","og_site_name":"Estrat\u00e9gia Concursos","article_published_time":"2022-06-03T19:10:00+00:00","article_modified_time":"2022-06-04T13:29:43+00:00","og_image":[{"width":768,"height":432,"url":"https:\/\/dhg1h5j42swfq.cloudfront.net\/2021\/06\/25131101\/pm-ap.jpg","type":"image\/jpeg"}],"author":"Bruna de Andrade Fran\u00e7a","twitter_card":"summary_large_image","twitter_creator":"@EstratConcursos","twitter_site":"@EstratConcursos","twitter_misc":{"Escrito por":"Bruna de Andrade Fran\u00e7a","Est. tempo de leitura":"6 minutos"},"schema":{"@context":"https:\/\/schema.org","@graph":[{"@type":"NewsArticle","@id":"https:\/\/www.estrategiaconcursos.com.br\/blog\/concurso-pm-ap-edital-publicado-2\/#article","isPartOf":{"@id":"https:\/\/www.estrategiaconcursos.com.br\/blog\/concurso-pm-ap-edital-publicado-2\/"},"author":{"name":"Bruna de Andrade Fran\u00e7a","@id":"https:\/\/www.estrategiaconcursos.com.br\/blog\/#\/schema\/person\/6630f91134abc08115cca62ce6372855"},"headline":"Edital PM AP: inscri\u00e7\u00f5es encerradas! 2.500 vagas de Soldado","datePublished":"2022-06-03T19:10:00+00:00","dateModified":"2022-06-04T13:29:43+00:00","mainEntityOfPage":{"@id":"https:\/\/www.estrategiaconcursos.com.br\/blog\/concurso-pm-ap-edital-publicado-2\/"},"wordCount":991,"commentCount":0,"publisher":{"@id":"https:\/\/www.estrategiaconcursos.com.br\/blog\/#organization"},"image":{"@id":"https:\/\/www.estrategiaconcursos.com.br\/blog\/concurso-pm-ap-edital-publicado-2\/#primaryimage"},"thumbnailUrl":"https:\/\/dhg1h5j42swfq.cloudfront.net\/2021\/06\/25131101\/pm-ap.jpg","articleSection":["Policial (PM\/BM - Pra\u00e7as)","\u00daltimas not\u00edcias"],"inLanguage":"pt-BR","potentialAction":[{"@type":"CommentAction","name":"Comment","target":["https:\/\/www.estrategiaconcursos.com.br\/blog\/concurso-pm-ap-edital-publicado-2\/#respond"]}],"copyrightYear":"2022","copyrightHolder":{"@id":"https:\/\/www.estrategiaconcursos.com.br\/blog\/#organization"}},{"@type":"WebPage","@id":"https:\/\/www.estrategiaconcursos.com.br\/blog\/concurso-pm-ap-edital-publicado-2\/","url":"https:\/\/www.estrategiaconcursos.com.br\/blog\/concurso-pm-ap-edital-publicado-2\/","name":"Edital PM AP: inscri\u00e7\u00f5es encerradas! 2.500 vagas de Soldado","isPartOf":{"@id":"https:\/\/www.estrategiaconcursos.com.br\/blog\/#website"},"primaryImageOfPage":{"@id":"https:\/\/www.estrategiaconcursos.com.br\/blog\/concurso-pm-ap-edital-publicado-2\/#primaryimage"},"image":{"@id":"https:\/\/www.estrategiaconcursos.com.br\/blog\/concurso-pm-ap-edital-publicado-2\/#primaryimage"},"thumbnailUrl":"https:\/\/dhg1h5j42swfq.cloudfront.net\/2021\/06\/25131101\/pm-ap.jpg","datePublished":"2022-06-03T19:10:00+00:00","dateModified":"2022-06-04T13:29:43+00:00","description":"Edital PM AP oferece 2.500 vagas em cadastro de reserva para Soldado, com sal\u00e1rio de R$ 5,3 mil. Inscri\u00e7\u00f5es encerradas!","breadcrumb":{"@id":"https:\/\/www.estrategiaconcursos.com.br\/blog\/concurso-pm-ap-edital-publicado-2\/#breadcrumb"},"inLanguage":"pt-BR","potentialAction":[{"@type":"ReadAction","target":["https:\/\/www.estrategiaconcursos.com.br\/blog\/concurso-pm-ap-edital-publicado-2\/"]}]},{"@type":"ImageObject","inLanguage":"pt-BR","@id":"https:\/\/www.estrategiaconcursos.com.br\/blog\/concurso-pm-ap-edital-publicado-2\/#primaryimage","url":"https:\/\/dhg1h5j42swfq.cloudfront.net\/2021\/06\/25131101\/pm-ap.jpg","contentUrl":"https:\/\/dhg1h5j42swfq.cloudfront.net\/2021\/06\/25131101\/pm-ap.jpg","width":768,"height":432,"caption":"PM AP"},{"@type":"BreadcrumbList","@id":"https:\/\/www.estrategiaconcursos.com.br\/blog\/concurso-pm-ap-edital-publicado-2\/#breadcrumb","itemListElement":[{"@type":"ListItem","position":1,"name":"In\u00edcio","item":"https:\/\/www.estrategiaconcursos.com.br\/blog\/"},{"@type":"ListItem","position":2,"name":"Edital PM AP: inscri\u00e7\u00f5es encerradas! 2.500 vagas de Soldado"}]},{"@type":"WebSite","@id":"https:\/\/www.estrategiaconcursos.com.br\/blog\/#website","url":"https:\/\/www.estrategiaconcursos.com.br\/blog\/","name":"Estrat\u00e9gia Concursos","description":"O blog da Estrat\u00e9gia Concursos traz not\u00edcias sobre concursos e artigos de professores oferecendo cursos para concursos (pdf + videaulas) no site.","publisher":{"@id":"https:\/\/www.estrategiaconcursos.com.br\/blog\/#organization"},"potentialAction":[{"@type":"SearchAction","target":{"@type":"EntryPoint","urlTemplate":"https:\/\/www.estrategiaconcursos.com.br\/blog\/?s={search_term_string}"},"query-input":{"@type":"PropertyValueSpecification","valueRequired":true,"valueName":"search_term_string"}}],"inLanguage":"pt-BR"},{"@type":"Organization","@id":"https:\/\/www.estrategiaconcursos.com.br\/blog\/#organization","name":"Estrat\u00e9gia Concursos","url":"https:\/\/www.estrategiaconcursos.com.br\/blog\/","logo":{"@type":"ImageObject","inLanguage":"pt-BR","@id":"https:\/\/www.estrategiaconcursos.com.br\/blog\/#\/schema\/logo\/image\/","url":"https:\/\/dhg1h5j42swfq.cloudfront.net\/2025\/06\/03203428\/logo_concursos-1.jpg","contentUrl":"https:\/\/dhg1h5j42swfq.cloudfront.net\/2025\/06\/03203428\/logo_concursos-1.jpg","width":230,"height":60,"caption":"Estrat\u00e9gia Concursos"},"image":{"@id":"https:\/\/www.estrategiaconcursos.com.br\/blog\/#\/schema\/logo\/image\/"},"sameAs":["https:\/\/x.com\/EstratConcursos"]},{"@type":"Person","@id":"https:\/\/www.estrategiaconcursos.com.br\/blog\/#\/schema\/person\/6630f91134abc08115cca62ce6372855","name":"Bruna de Andrade Fran\u00e7a","image":{"@type":"ImageObject","inLanguage":"pt-BR","@id":"https:\/\/secure.gravatar.com\/avatar\/d6316d36d50cea0fadae28ed3015b8870cc90a2d3d8a95c37b44006af36a00e3?s=96&d=mm&r=g","url":"https:\/\/secure.gravatar.com\/avatar\/d6316d36d50cea0fadae28ed3015b8870cc90a2d3d8a95c37b44006af36a00e3?s=96&d=mm&r=g","contentUrl":"https:\/\/secure.gravatar.com\/avatar\/d6316d36d50cea0fadae28ed3015b8870cc90a2d3d8a95c37b44006af36a00e3?s=96&d=mm&r=g","caption":"Bruna de Andrade Fran\u00e7a"},"description":"Bruna de Andrade Fran\u00e7a \u00e9 publicit\u00e1ria com p\u00f3s-gradua\u00e7\u00e3o em Marketing &amp; Growth, atuando h\u00e1 mais de 6 anos no universo dos concursos p\u00fablicos. Desde 2021, lidera no Blog do Estrat\u00e9gia Concursos a cobertura editorial especializada em Concursos Policiais (PF, PRF, PM, PC, etc.), al\u00e9m das frentes de concursos banc\u00e1rios, de sa\u00fade e da \u00e1rea legislativa. Especialista em reda\u00e7\u00e3o, com pr\u00e1ticas de SEO e Copywriting, possui tamb\u00e9m atua\u00e7\u00e3o pr\u00e1tica de contato direto com \u00f3rg\u00e3os p\u00fablicos respons\u00e1veis por editais, permitindo acesso antecipado a informa\u00e7\u00f5es, desdobramentos importantes e atualiza\u00e7\u00e3o eficiente dos concursos p\u00fablicos.","url":"https:\/\/www.estrategiaconcursos.com.br\/blog\/author\/bruna-andrade\/"}]}},"_links":{"self":[{"href":"https:\/\/www.estrategiaconcursos.com.br\/blog\/wp-json\/wp\/v2\/posts\/1014877","targetHints":{"allow":["GET"]}}],"collection":[{"href":"https:\/\/www.estrategiaconcursos.com.br\/blog\/wp-json\/wp\/v2\/posts"}],"about":[{"href":"https:\/\/www.estrategiaconcursos.com.br\/blog\/wp-json\/wp\/v2\/types\/post"}],"author":[{"embeddable":true,"href":"https:\/\/www.estrategiaconcursos.com.br\/blog\/wp-json\/wp\/v2\/users\/1206"}],"replies":[{"embeddable":true,"href":"https:\/\/www.estrategiaconcursos.com.br\/blog\/wp-json\/wp\/v2\/comments?post=1014877"}],"version-history":[{"count":17,"href":"https:\/\/www.estrategiaconcursos.com.br\/blog\/wp-json\/wp\/v2\/posts\/1014877\/revisions"}],"predecessor-version":[{"id":1039675,"href":"https:\/\/www.estrategiaconcursos.com.br\/blog\/wp-json\/wp\/v2\/posts\/1014877\/revisions\/1039675"}],"wp:featuredmedia":[{"embeddable":true,"href":"https:\/\/www.estrategiaconcursos.com.br\/blog\/wp-json\/wp\/v2\/media\/777118"}],"wp:attachment":[{"href":"https:\/\/www.estrategiaconcursos.com.br\/blog\/wp-json\/wp\/v2\/media?parent=1014877"}],"wp:term":[{"taxonomy":"category","embeddable":true,"href":"https:\/\/www.estrategiaconcursos.com.br\/blog\/wp-json\/wp\/v2\/categories?post=1014877"},{"taxonomy":"post_tag","embeddable":true,"href":"https:\/\/www.estrategiaconcursos.com.br\/blog\/wp-json\/wp\/v2\/tags?post=1014877"},{"taxonomy":"tax_estado","embeddable":true,"href":"https:\/\/www.estrategiaconcursos.com.br\/blog\/wp-json\/wp\/v2\/tax_estado?post=1014877"}],"curies":[{"name":"wp","href":"https:\/\/api.w.org\/{rel}","templated":true}]}}