{"id":1014575,"date":"2022-04-25T15:06:21","date_gmt":"2022-04-25T18:06:21","guid":{"rendered":"https:\/\/www.estrategiaconcursos.com.br\/blog\/?p=1014575"},"modified":"2022-04-25T15:54:51","modified_gmt":"2022-04-25T18:54:51","slug":"concurso-ufjf-banca-definida","status":"publish","type":"post","link":"https:\/\/www.estrategiaconcursos.com.br\/blog\/concurso-ufjf-banca-definida\/","title":{"rendered":"Concurso UFJF: banca organizadora \u00e9 definida!"},"content":{"rendered":"\n<p>A contrata\u00e7\u00e3o da banca organizadora deixa o novo concurso da <a href=\"https:\/\/www.ufjf.br\/portal\/?s=CAMPUS\" target=\"_blank\" rel=\"noreferrer noopener\">Universidade Federal de Juiz de Fora<\/a> (UFJF) cada vez mais perto de acontecer!<\/p>\n\n\n\n<p>A UFJF escolheu, por meio de dispensa de licita\u00e7\u00e3o, a Funda\u00e7\u00e3o de Desenvolvimento da Pesquisa (Fundep) para coordenar a sele\u00e7\u00e3o de servidores para o cargo de T\u00e9cnico Administrativo em Educa\u00e7\u00e3o.<\/p>\n\n\n\n<p>As vagas e sal\u00e1rios ainda ser\u00e3o definidos, mas as expectativas para a publica\u00e7\u00e3o do novo edital seguem em alta! Confira abaixo o extrato do contrato publicado no Di\u00e1rio Oficial da Uni\u00e3o.<\/p>\n\n\n\n<div class=\"wp-block-image\"><figure class=\"aligncenter size-large is-resized\"><img loading=\"lazy\" decoding=\"async\" src=\"https:\/\/dhg1h5j42swfq.cloudfront.net\/2022\/04\/25142527\/image-295-1024x595.png\" alt=\"\" class=\"wp-image-1014668\" width=\"706\" height=\"410\" srcset=\"https:\/\/dhg1h5j42swfq.cloudfront.net\/2022\/04\/25142527\/image-295-1024x595.png 1024w, https:\/\/dhg1h5j42swfq.cloudfront.net\/2022\/04\/25142527\/image-295-300x174.png 300w, https:\/\/dhg1h5j42swfq.cloudfront.net\/2022\/04\/25142527\/image-295-768x446.png 768w, https:\/\/dhg1h5j42swfq.cloudfront.net\/2022\/04\/25142527\/image-295-610x355.png 610w, https:\/\/dhg1h5j42swfq.cloudfront.net\/2022\/04\/25142527\/image-295.png 1058w\" sizes=\"auto, (max-width: 706px) 100vw, 706px\" \/><\/figure><\/div>\n\n\n\n<h2 class=\"wp-block-heading\" id=\"h-ultimo-concurso-ufjf\">\u00daltimo concurso UFJF<\/h2>\n\n\n\n<p>O \u00faltimo certame realizado pela universidade, em 2019, ofertou <strong>29 vagas<\/strong> de n\u00edveis m\u00e9dio e superior para os cargos de <strong>T\u00e9cnico Administrativo<\/strong> em Educa\u00e7\u00e3o, <strong>T\u00e9cnico de Tecnologia da Informa\u00e7\u00e3o<\/strong>, e&nbsp;<strong>M\u00e9dico especialista em  Medicina de Fam\u00edlia e Comunidade<\/strong>. <\/p>\n\n\n\n<p>A organiza\u00e7\u00e3o do concurso ficou a cargo da banca Funda\u00e7\u00e3o Cefetminas, e os candidatos interessados  puderam se inscrever a um custo que variava entre <strong>R$ 80 <\/strong>e<strong> R$ 120<\/strong>, de acordo com o grau de escolaridade. <\/p>\n\n\n\n<p>Para o cargos de n\u00edvel m\u00e9dio, a remunera\u00e7\u00e3o inicial apontada foi de <strong>R$ 2.446,96<\/strong>. E para os cargos de n\u00edvel superior&nbsp;<strong>R$ 4.180,66<\/strong>!<\/p>\n\n\n\n<p>Al\u00e9m disso, o valor de<strong>&nbsp;R$ 458,00<\/strong>, que corresponde ao Aux\u00edlio Alimenta\u00e7\u00e3o, era acrescido como benef\u00edcio.<\/p>\n\n\n\n<h3 class=\"wp-block-heading\" id=\"etapas-e-provas\">Etapas e provas<\/h3>\n\n\n\n<p>O certame contou com etapas de <strong>prova objetiva<\/strong> de m\u00faltipla escolha, de car\u00e1ter eliminat\u00f3rio e classificat\u00f3rio, e <strong>prova pr\u00e1tica<\/strong> , tamb\u00e9m de car\u00e1ter eliminat\u00f3rio e classificat\u00f3rio, aplicada apenas para candidatos ao cargo de Tradutor Int\u00e9rprete de Linguagem de Sinais.<\/p>\n\n\n\n<p>Ficou interessado em saber mais sobre o novo concurso UFJF, que j\u00e1 est\u00e1 com a banca definida? N\u00f3s, do Estrat\u00e9gia Concursos, preparamos um artigo completo para voc\u00ea! Confira!<\/p>\n\n\n\n<p class=\"has-text-align-center has-pale-cyan-blue-background-color has-background\"><strong>Saiba mais: <a href=\"https:\/\/www.estrategiaconcursos.com.br\/blog\/concurso-ufjf\/\" target=\"_blank\" rel=\"noreferrer noopener\">concurso UFJF<\/a><\/strong><\/p>\n\n\n\n<h2 class=\"has-text-align-center wp-block-heading\" id=\"h-quer-saber-tudo-sobre-concursos-previstos-confira-nossos-artigos\">Quer saber tudo sobre concursos previstos?<br \/>Confira  nossos artigos!<\/h2>\n\n\n\n<ul class=\"wp-block-list\"><li><a href=\"https:\/\/www.estrategiaconcursos.com.br\/blog\/concursos-abertos\/\" target=\"_blank\" rel=\"noreferrer noopener\">Concursos abertos<\/a><\/li><li><a href=\"https:\/\/www.estrategiaconcursos.com.br\/blog\/concursos-2022\/\" target=\"_blank\" rel=\"noreferrer noopener\">Concursos 2022<\/a><\/li><\/ul>\n\n\n\n<h2 class=\"has-text-align-center wp-block-heading\" id=\"cursos-assinatura\">Quer estudar para o concurso UFJF?<\/h2>\n\n\n\n<div class=\"container\" id=\"boxes\">\n  <div class=\"row\">\n\n    <div class=\"col-sm\">\n      <div class=\"banner-estrategia\" id=\"box-assinatura\">\n        <h3 class=\"titulo-assinatura\">Cursos para concursos<\/h3>\n        <p class=\"subtitulo-assinatura\">Conhe\u00e7a os cursos<\/p>\n        <div class=\"box-botao\">\n          <a class=\"btn-assinatura\" target=\"_blank\" href=\"https:\/\/www.estrategiaconcursos.com.br\/cursos\/\" role=\"button\" rel=\"noopener noreferrer\">Conhe\u00e7a mais<\/a>\n        <\/div>\n      <\/div>\n     \n    <\/div>\n\n  <\/div>\n<\/div>\n\n\n\n<div class=\"container\" id=\"boxes\">\n  <div class=\"row\">\n\n    <div class=\"col-sm\">\n      <div class=\"estrategia\" id=\"box-assinatura\">\n        <h3 class=\"titulo-assinatura\">Assinatura Concursos<\/h3>\n        <p class=\"subtitulo-assinatura\">Assinatura de 1 ano ou 2 anos<\/p>\n        <div class=\"box-botao\">\n          <a class=\"btn-assinatura\" target=\"_blank\" href=\"https:\/\/www.estrategiaconcursos.com.br\/assinaturas\/\" role=\"button\" rel=\"noopener noreferrer\">ASSINE AGORA<\/a>\n        <\/div>\n      <\/div><\/div><\/div><\/div>\n","protected":false},"excerpt":{"rendered":"<p>A contrata\u00e7\u00e3o da banca organizadora deixa o novo concurso da Universidade Federal de Juiz de Fora (UFJF) cada vez mais perto de acontecer! A UFJF escolheu, por meio de dispensa de licita\u00e7\u00e3o, a Funda\u00e7\u00e3o de Desenvolvimento da Pesquisa (Fundep) para coordenar a sele\u00e7\u00e3o de servidores para o cargo de T\u00e9cnico Administrativo em Educa\u00e7\u00e3o. As vagas [&hellip;]<\/p>\n","protected":false},"author":2402,"featured_media":379740,"comment_status":"open","ping_status":"closed","sticky":false,"template":"","format":"standard","meta":{"post_tipo":"news","footnotes":""},"categories":[3766,220219],"tags":[220759,220760],"tax_estado":[219974],"class_list":["post-1014575","post","type-post","status-publish","format-standard","has-post-thumbnail","hentry","category-educacional","category-noticias","tag-banca-concurso-ufjf","tag-concurso-ufjf","tax_estado-mg"],"acf":[],"yoast_head":"<!-- This site is optimized with the Yoast SEO Premium plugin v27.2 (Yoast SEO v27.2) - https:\/\/yoast.com\/product\/yoast-seo-premium-wordpress\/ -->\n<title>Concurso UFJF: banca organizadora \u00e9 definida!<\/title>\n<meta name=\"description\" content=\"Concurso UFJF: novo certame tem banca organizadora contratada. Confira mais informa\u00e7\u00f5es aqui no site do Estrat\u00e9gia Concursos!\" \/>\n<meta name=\"robots\" content=\"index, follow, max-snippet:-1, max-image-preview:large, max-video-preview:-1\" \/>\n<link rel=\"canonical\" href=\"https:\/\/www.estrategiaconcursos.com.br\/blog\/concurso-ufjf-banca-definida\/\" \/>\n<meta property=\"og:locale\" content=\"pt_BR\" \/>\n<meta property=\"og:type\" content=\"article\" \/>\n<meta property=\"og:title\" content=\"Concurso UFJF: banca organizadora \u00e9 definida!\" \/>\n<meta property=\"og:description\" content=\"Concurso UFJF: novo certame tem banca organizadora contratada. Confira mais informa\u00e7\u00f5es aqui no site do Estrat\u00e9gia Concursos!\" \/>\n<meta property=\"og:url\" content=\"https:\/\/www.estrategiaconcursos.com.br\/blog\/concurso-ufjf-banca-definida\/\" \/>\n<meta property=\"og:site_name\" content=\"Estrat\u00e9gia Concursos\" \/>\n<meta property=\"article:published_time\" content=\"2022-04-25T18:06:21+00:00\" \/>\n<meta property=\"article:modified_time\" content=\"2022-04-25T18:54:51+00:00\" \/>\n<meta property=\"og:image\" content=\"https:\/\/dhg1h5j42swfq.cloudfront.net\/2019\/05\/29082222\/JORNALISMO_15-05_UFJF_I-e1559128953545.jpg\" \/>\n\t<meta property=\"og:image:width\" content=\"400\" \/>\n\t<meta property=\"og:image:height\" content=\"209\" \/>\n\t<meta property=\"og:image:type\" content=\"image\/jpeg\" \/>\n<meta name=\"author\" content=\"Daniela Santos Nascimento\" \/>\n<meta name=\"twitter:card\" content=\"summary_large_image\" \/>\n<meta name=\"twitter:creator\" content=\"@EstratConcursos\" \/>\n<meta name=\"twitter:site\" content=\"@EstratConcursos\" \/>\n<meta name=\"twitter:label1\" content=\"Escrito por\" \/>\n\t<meta name=\"twitter:data1\" content=\"Daniela Santos Nascimento\" \/>\n\t<meta name=\"twitter:label2\" content=\"Est. tempo de leitura\" \/>\n\t<meta name=\"twitter:data2\" content=\"2 minutos\" \/>\n<script type=\"application\/ld+json\" class=\"yoast-schema-graph\">{\"@context\":\"https:\/\/schema.org\",\"@graph\":[{\"@type\":\"NewsArticle\",\"@id\":\"https:\/\/www.estrategiaconcursos.com.br\/blog\/concurso-ufjf-banca-definida\/#article\",\"isPartOf\":{\"@id\":\"https:\/\/www.estrategiaconcursos.com.br\/blog\/concurso-ufjf-banca-definida\/\"},\"author\":{\"name\":\"Daniela Santos Nascimento\",\"@id\":\"https:\/\/www.estrategiaconcursos.com.br\/blog\/#\/schema\/person\/399990d02336f200766707b881aee98f\"},\"headline\":\"Concurso UFJF: banca organizadora \u00e9 definida!\",\"datePublished\":\"2022-04-25T18:06:21+00:00\",\"dateModified\":\"2022-04-25T18:54:51+00:00\",\"mainEntityOfPage\":{\"@id\":\"https:\/\/www.estrategiaconcursos.com.br\/blog\/concurso-ufjf-banca-definida\/\"},\"wordCount\":352,\"commentCount\":0,\"publisher\":{\"@id\":\"https:\/\/www.estrategiaconcursos.com.br\/blog\/#organization\"},\"image\":{\"@id\":\"https:\/\/www.estrategiaconcursos.com.br\/blog\/concurso-ufjf-banca-definida\/#primaryimage\"},\"thumbnailUrl\":\"https:\/\/dhg1h5j42swfq.cloudfront.net\/2019\/05\/29082222\/JORNALISMO_15-05_UFJF_I-e1559128953545.jpg\",\"keywords\":[\"banca concurso UFJF\",\"concurso UFJF\"],\"articleSection\":[\"Educa\u00e7\u00e3o\",\"\u00daltimas not\u00edcias\"],\"inLanguage\":\"pt-BR\",\"potentialAction\":[{\"@type\":\"CommentAction\",\"name\":\"Comment\",\"target\":[\"https:\/\/www.estrategiaconcursos.com.br\/blog\/concurso-ufjf-banca-definida\/#respond\"]}],\"copyrightYear\":\"2022\",\"copyrightHolder\":{\"@id\":\"https:\/\/www.estrategiaconcursos.com.br\/blog\/#organization\"}},{\"@type\":\"WebPage\",\"@id\":\"https:\/\/www.estrategiaconcursos.com.br\/blog\/concurso-ufjf-banca-definida\/\",\"url\":\"https:\/\/www.estrategiaconcursos.com.br\/blog\/concurso-ufjf-banca-definida\/\",\"name\":\"Concurso UFJF: banca organizadora \u00e9 definida!\",\"isPartOf\":{\"@id\":\"https:\/\/www.estrategiaconcursos.com.br\/blog\/#website\"},\"primaryImageOfPage\":{\"@id\":\"https:\/\/www.estrategiaconcursos.com.br\/blog\/concurso-ufjf-banca-definida\/#primaryimage\"},\"image\":{\"@id\":\"https:\/\/www.estrategiaconcursos.com.br\/blog\/concurso-ufjf-banca-definida\/#primaryimage\"},\"thumbnailUrl\":\"https:\/\/dhg1h5j42swfq.cloudfront.net\/2019\/05\/29082222\/JORNALISMO_15-05_UFJF_I-e1559128953545.jpg\",\"datePublished\":\"2022-04-25T18:06:21+00:00\",\"dateModified\":\"2022-04-25T18:54:51+00:00\",\"description\":\"Concurso UFJF: novo certame tem banca organizadora contratada. Confira mais informa\u00e7\u00f5es aqui no site do Estrat\u00e9gia Concursos!\",\"breadcrumb\":{\"@id\":\"https:\/\/www.estrategiaconcursos.com.br\/blog\/concurso-ufjf-banca-definida\/#breadcrumb\"},\"inLanguage\":\"pt-BR\",\"potentialAction\":[{\"@type\":\"ReadAction\",\"target\":[\"https:\/\/www.estrategiaconcursos.com.br\/blog\/concurso-ufjf-banca-definida\/\"]}]},{\"@type\":\"ImageObject\",\"inLanguage\":\"pt-BR\",\"@id\":\"https:\/\/www.estrategiaconcursos.com.br\/blog\/concurso-ufjf-banca-definida\/#primaryimage\",\"url\":\"https:\/\/dhg1h5j42swfq.cloudfront.net\/2019\/05\/29082222\/JORNALISMO_15-05_UFJF_I-e1559128953545.jpg\",\"contentUrl\":\"https:\/\/dhg1h5j42swfq.cloudfront.net\/2019\/05\/29082222\/JORNALISMO_15-05_UFJF_I-e1559128953545.jpg\",\"width\":400,\"height\":209,\"caption\":\"CONCURSO UFJF\"},{\"@type\":\"BreadcrumbList\",\"@id\":\"https:\/\/www.estrategiaconcursos.com.br\/blog\/concurso-ufjf-banca-definida\/#breadcrumb\",\"itemListElement\":[{\"@type\":\"ListItem\",\"position\":1,\"name\":\"In\u00edcio\",\"item\":\"https:\/\/www.estrategiaconcursos.com.br\/blog\/\"},{\"@type\":\"ListItem\",\"position\":2,\"name\":\"Concurso UFJF: banca organizadora \u00e9 definida!\"}]},{\"@type\":\"WebSite\",\"@id\":\"https:\/\/www.estrategiaconcursos.com.br\/blog\/#website\",\"url\":\"https:\/\/www.estrategiaconcursos.com.br\/blog\/\",\"name\":\"Estrat\u00e9gia Concursos\",\"description\":\"O blog da Estrat\u00e9gia Concursos traz not\u00edcias sobre concursos e artigos de professores oferecendo cursos para concursos (pdf + videaulas) no site.\",\"publisher\":{\"@id\":\"https:\/\/www.estrategiaconcursos.com.br\/blog\/#organization\"},\"potentialAction\":[{\"@type\":\"SearchAction\",\"target\":{\"@type\":\"EntryPoint\",\"urlTemplate\":\"https:\/\/www.estrategiaconcursos.com.br\/blog\/?s={search_term_string}\"},\"query-input\":{\"@type\":\"PropertyValueSpecification\",\"valueRequired\":true,\"valueName\":\"search_term_string\"}}],\"inLanguage\":\"pt-BR\"},{\"@type\":\"Organization\",\"@id\":\"https:\/\/www.estrategiaconcursos.com.br\/blog\/#organization\",\"name\":\"Estrat\u00e9gia Concursos\",\"url\":\"https:\/\/www.estrategiaconcursos.com.br\/blog\/\",\"logo\":{\"@type\":\"ImageObject\",\"inLanguage\":\"pt-BR\",\"@id\":\"https:\/\/www.estrategiaconcursos.com.br\/blog\/#\/schema\/logo\/image\/\",\"url\":\"https:\/\/dhg1h5j42swfq.cloudfront.net\/2025\/06\/03203428\/logo_concursos-1.jpg\",\"contentUrl\":\"https:\/\/dhg1h5j42swfq.cloudfront.net\/2025\/06\/03203428\/logo_concursos-1.jpg\",\"width\":230,\"height\":60,\"caption\":\"Estrat\u00e9gia Concursos\"},\"image\":{\"@id\":\"https:\/\/www.estrategiaconcursos.com.br\/blog\/#\/schema\/logo\/image\/\"},\"sameAs\":[\"https:\/\/x.com\/EstratConcursos\"]},{\"@type\":\"Person\",\"@id\":\"https:\/\/www.estrategiaconcursos.com.br\/blog\/#\/schema\/person\/399990d02336f200766707b881aee98f\",\"name\":\"Daniela Santos Nascimento\",\"image\":{\"@type\":\"ImageObject\",\"inLanguage\":\"pt-BR\",\"@id\":\"https:\/\/secure.gravatar.com\/avatar\/7f343622ad121e2893832a8c76808be436bdfcbf2f7d696174c94ecd84f2384a?s=96&d=mm&r=g\",\"url\":\"https:\/\/secure.gravatar.com\/avatar\/7f343622ad121e2893832a8c76808be436bdfcbf2f7d696174c94ecd84f2384a?s=96&d=mm&r=g\",\"contentUrl\":\"https:\/\/secure.gravatar.com\/avatar\/7f343622ad121e2893832a8c76808be436bdfcbf2f7d696174c94ecd84f2384a?s=96&d=mm&r=g\",\"caption\":\"Daniela Santos Nascimento\"},\"url\":\"https:\/\/www.estrategiaconcursos.com.br\/blog\/author\/daniela-nascimentoestrategia-com\/\"}]}<\/script>\n<!-- \/ Yoast SEO Premium plugin. -->","yoast_head_json":{"title":"Concurso UFJF: banca organizadora \u00e9 definida!","description":"Concurso UFJF: novo certame tem banca organizadora contratada. Confira mais informa\u00e7\u00f5es aqui no site do Estrat\u00e9gia Concursos!","robots":{"index":"index","follow":"follow","max-snippet":"max-snippet:-1","max-image-preview":"max-image-preview:large","max-video-preview":"max-video-preview:-1"},"canonical":"https:\/\/www.estrategiaconcursos.com.br\/blog\/concurso-ufjf-banca-definida\/","og_locale":"pt_BR","og_type":"article","og_title":"Concurso UFJF: banca organizadora \u00e9 definida!","og_description":"Concurso UFJF: novo certame tem banca organizadora contratada. Confira mais informa\u00e7\u00f5es aqui no site do Estrat\u00e9gia Concursos!","og_url":"https:\/\/www.estrategiaconcursos.com.br\/blog\/concurso-ufjf-banca-definida\/","og_site_name":"Estrat\u00e9gia Concursos","article_published_time":"2022-04-25T18:06:21+00:00","article_modified_time":"2022-04-25T18:54:51+00:00","og_image":[{"width":400,"height":209,"url":"https:\/\/dhg1h5j42swfq.cloudfront.net\/2019\/05\/29082222\/JORNALISMO_15-05_UFJF_I-e1559128953545.jpg","type":"image\/jpeg"}],"author":"Daniela Santos Nascimento","twitter_card":"summary_large_image","twitter_creator":"@EstratConcursos","twitter_site":"@EstratConcursos","twitter_misc":{"Escrito por":"Daniela Santos Nascimento","Est. tempo de leitura":"2 minutos"},"schema":{"@context":"https:\/\/schema.org","@graph":[{"@type":"NewsArticle","@id":"https:\/\/www.estrategiaconcursos.com.br\/blog\/concurso-ufjf-banca-definida\/#article","isPartOf":{"@id":"https:\/\/www.estrategiaconcursos.com.br\/blog\/concurso-ufjf-banca-definida\/"},"author":{"name":"Daniela Santos Nascimento","@id":"https:\/\/www.estrategiaconcursos.com.br\/blog\/#\/schema\/person\/399990d02336f200766707b881aee98f"},"headline":"Concurso UFJF: banca organizadora \u00e9 definida!","datePublished":"2022-04-25T18:06:21+00:00","dateModified":"2022-04-25T18:54:51+00:00","mainEntityOfPage":{"@id":"https:\/\/www.estrategiaconcursos.com.br\/blog\/concurso-ufjf-banca-definida\/"},"wordCount":352,"commentCount":0,"publisher":{"@id":"https:\/\/www.estrategiaconcursos.com.br\/blog\/#organization"},"image":{"@id":"https:\/\/www.estrategiaconcursos.com.br\/blog\/concurso-ufjf-banca-definida\/#primaryimage"},"thumbnailUrl":"https:\/\/dhg1h5j42swfq.cloudfront.net\/2019\/05\/29082222\/JORNALISMO_15-05_UFJF_I-e1559128953545.jpg","keywords":["banca concurso UFJF","concurso UFJF"],"articleSection":["Educa\u00e7\u00e3o","\u00daltimas not\u00edcias"],"inLanguage":"pt-BR","potentialAction":[{"@type":"CommentAction","name":"Comment","target":["https:\/\/www.estrategiaconcursos.com.br\/blog\/concurso-ufjf-banca-definida\/#respond"]}],"copyrightYear":"2022","copyrightHolder":{"@id":"https:\/\/www.estrategiaconcursos.com.br\/blog\/#organization"}},{"@type":"WebPage","@id":"https:\/\/www.estrategiaconcursos.com.br\/blog\/concurso-ufjf-banca-definida\/","url":"https:\/\/www.estrategiaconcursos.com.br\/blog\/concurso-ufjf-banca-definida\/","name":"Concurso UFJF: banca organizadora \u00e9 definida!","isPartOf":{"@id":"https:\/\/www.estrategiaconcursos.com.br\/blog\/#website"},"primaryImageOfPage":{"@id":"https:\/\/www.estrategiaconcursos.com.br\/blog\/concurso-ufjf-banca-definida\/#primaryimage"},"image":{"@id":"https:\/\/www.estrategiaconcursos.com.br\/blog\/concurso-ufjf-banca-definida\/#primaryimage"},"thumbnailUrl":"https:\/\/dhg1h5j42swfq.cloudfront.net\/2019\/05\/29082222\/JORNALISMO_15-05_UFJF_I-e1559128953545.jpg","datePublished":"2022-04-25T18:06:21+00:00","dateModified":"2022-04-25T18:54:51+00:00","description":"Concurso UFJF: novo certame tem banca organizadora contratada. Confira mais informa\u00e7\u00f5es aqui no site do Estrat\u00e9gia Concursos!","breadcrumb":{"@id":"https:\/\/www.estrategiaconcursos.com.br\/blog\/concurso-ufjf-banca-definida\/#breadcrumb"},"inLanguage":"pt-BR","potentialAction":[{"@type":"ReadAction","target":["https:\/\/www.estrategiaconcursos.com.br\/blog\/concurso-ufjf-banca-definida\/"]}]},{"@type":"ImageObject","inLanguage":"pt-BR","@id":"https:\/\/www.estrategiaconcursos.com.br\/blog\/concurso-ufjf-banca-definida\/#primaryimage","url":"https:\/\/dhg1h5j42swfq.cloudfront.net\/2019\/05\/29082222\/JORNALISMO_15-05_UFJF_I-e1559128953545.jpg","contentUrl":"https:\/\/dhg1h5j42swfq.cloudfront.net\/2019\/05\/29082222\/JORNALISMO_15-05_UFJF_I-e1559128953545.jpg","width":400,"height":209,"caption":"CONCURSO UFJF"},{"@type":"BreadcrumbList","@id":"https:\/\/www.estrategiaconcursos.com.br\/blog\/concurso-ufjf-banca-definida\/#breadcrumb","itemListElement":[{"@type":"ListItem","position":1,"name":"In\u00edcio","item":"https:\/\/www.estrategiaconcursos.com.br\/blog\/"},{"@type":"ListItem","position":2,"name":"Concurso UFJF: banca organizadora \u00e9 definida!"}]},{"@type":"WebSite","@id":"https:\/\/www.estrategiaconcursos.com.br\/blog\/#website","url":"https:\/\/www.estrategiaconcursos.com.br\/blog\/","name":"Estrat\u00e9gia Concursos","description":"O blog da Estrat\u00e9gia Concursos traz not\u00edcias sobre concursos e artigos de professores oferecendo cursos para concursos (pdf + videaulas) no site.","publisher":{"@id":"https:\/\/www.estrategiaconcursos.com.br\/blog\/#organization"},"potentialAction":[{"@type":"SearchAction","target":{"@type":"EntryPoint","urlTemplate":"https:\/\/www.estrategiaconcursos.com.br\/blog\/?s={search_term_string}"},"query-input":{"@type":"PropertyValueSpecification","valueRequired":true,"valueName":"search_term_string"}}],"inLanguage":"pt-BR"},{"@type":"Organization","@id":"https:\/\/www.estrategiaconcursos.com.br\/blog\/#organization","name":"Estrat\u00e9gia Concursos","url":"https:\/\/www.estrategiaconcursos.com.br\/blog\/","logo":{"@type":"ImageObject","inLanguage":"pt-BR","@id":"https:\/\/www.estrategiaconcursos.com.br\/blog\/#\/schema\/logo\/image\/","url":"https:\/\/dhg1h5j42swfq.cloudfront.net\/2025\/06\/03203428\/logo_concursos-1.jpg","contentUrl":"https:\/\/dhg1h5j42swfq.cloudfront.net\/2025\/06\/03203428\/logo_concursos-1.jpg","width":230,"height":60,"caption":"Estrat\u00e9gia Concursos"},"image":{"@id":"https:\/\/www.estrategiaconcursos.com.br\/blog\/#\/schema\/logo\/image\/"},"sameAs":["https:\/\/x.com\/EstratConcursos"]},{"@type":"Person","@id":"https:\/\/www.estrategiaconcursos.com.br\/blog\/#\/schema\/person\/399990d02336f200766707b881aee98f","name":"Daniela Santos Nascimento","image":{"@type":"ImageObject","inLanguage":"pt-BR","@id":"https:\/\/secure.gravatar.com\/avatar\/7f343622ad121e2893832a8c76808be436bdfcbf2f7d696174c94ecd84f2384a?s=96&d=mm&r=g","url":"https:\/\/secure.gravatar.com\/avatar\/7f343622ad121e2893832a8c76808be436bdfcbf2f7d696174c94ecd84f2384a?s=96&d=mm&r=g","contentUrl":"https:\/\/secure.gravatar.com\/avatar\/7f343622ad121e2893832a8c76808be436bdfcbf2f7d696174c94ecd84f2384a?s=96&d=mm&r=g","caption":"Daniela Santos Nascimento"},"url":"https:\/\/www.estrategiaconcursos.com.br\/blog\/author\/daniela-nascimentoestrategia-com\/"}]}},"_links":{"self":[{"href":"https:\/\/www.estrategiaconcursos.com.br\/blog\/wp-json\/wp\/v2\/posts\/1014575","targetHints":{"allow":["GET"]}}],"collection":[{"href":"https:\/\/www.estrategiaconcursos.com.br\/blog\/wp-json\/wp\/v2\/posts"}],"about":[{"href":"https:\/\/www.estrategiaconcursos.com.br\/blog\/wp-json\/wp\/v2\/types\/post"}],"author":[{"embeddable":true,"href":"https:\/\/www.estrategiaconcursos.com.br\/blog\/wp-json\/wp\/v2\/users\/2402"}],"replies":[{"embeddable":true,"href":"https:\/\/www.estrategiaconcursos.com.br\/blog\/wp-json\/wp\/v2\/comments?post=1014575"}],"version-history":[{"count":12,"href":"https:\/\/www.estrategiaconcursos.com.br\/blog\/wp-json\/wp\/v2\/posts\/1014575\/revisions"}],"predecessor-version":[{"id":1014822,"href":"https:\/\/www.estrategiaconcursos.com.br\/blog\/wp-json\/wp\/v2\/posts\/1014575\/revisions\/1014822"}],"wp:featuredmedia":[{"embeddable":true,"href":"https:\/\/www.estrategiaconcursos.com.br\/blog\/wp-json\/wp\/v2\/media\/379740"}],"wp:attachment":[{"href":"https:\/\/www.estrategiaconcursos.com.br\/blog\/wp-json\/wp\/v2\/media?parent=1014575"}],"wp:term":[{"taxonomy":"category","embeddable":true,"href":"https:\/\/www.estrategiaconcursos.com.br\/blog\/wp-json\/wp\/v2\/categories?post=1014575"},{"taxonomy":"post_tag","embeddable":true,"href":"https:\/\/www.estrategiaconcursos.com.br\/blog\/wp-json\/wp\/v2\/tags?post=1014575"},{"taxonomy":"tax_estado","embeddable":true,"href":"https:\/\/www.estrategiaconcursos.com.br\/blog\/wp-json\/wp\/v2\/tax_estado?post=1014575"}],"curies":[{"name":"wp","href":"https:\/\/api.w.org\/{rel}","templated":true}]}}