{"id":1014558,"date":"2022-04-25T13:25:42","date_gmt":"2022-04-25T16:25:42","guid":{"rendered":"https:\/\/www.estrategiaconcursos.com.br\/blog\/?p=1014558"},"modified":"2022-04-25T15:03:55","modified_gmt":"2022-04-25T18:03:55","slug":"retificacao-concurso-ufpr","status":"publish","type":"post","link":"https:\/\/www.estrategiaconcursos.com.br\/blog\/retificacao-concurso-ufpr\/","title":{"rendered":"Concurso UFPR: vagas e locais de provas alterados"},"content":{"rendered":"\n<p>O edital do <strong>concurso UFPR<\/strong> (<a href=\"https:\/\/www.estrategiaconcursos.com.br\/cursos\/concurso\/\" target=\"_blank\" rel=\"noreferrer noopener\">Universidade Federal do Paran\u00e1<\/a>) passou por retifica\u00e7\u00f5es em seu quadro de vagas e nos locais de aplica\u00e7\u00e3o da prova objetiva.<\/p>\n\n\n\n<p>De acordo com o documento divulgado, o quadro de vagas foi atualizado e agora consta da seguinte forma: <\/p>\n\n\n\n<ul class=\"wp-block-list\"><li>T\u00e9cnico em Farm\u00e1cia (1); <\/li><li>T\u00e9cnico em Radiologia (1); <\/li><li>T\u00e9cnico em Agropecu\u00e1ria (1); <\/li><li>Bi\u00f3logo (1); <\/li><li>Estat\u00edstico (1); <\/li><li>Odont\u00f3logo (2); <\/li><li>Engenheiro Agr\u00f4nomo (1); <\/li><li>Oftalmologia (1); <\/li><li>Ecocardiografia Fetal (1); <\/li><li>Neurorradiologia Intervencionista (1); <\/li><li>Radiologia &#8211; \u00eanfase em Resson\u00e2ncia Magn\u00e9tica (1); <\/li><li>Medicina Intensivista adulto (1); <\/li><li>Medicina Intensivista Pedi\u00e1trico (1); <\/li><li>Neurofisiologia &#8211; \u00eanfase Epilepsia (1); <\/li><li>Psiquiatria (3); <\/li><li>Cl\u00ednica Geral (9); <\/li><li>Medicina da Fam\u00edlia (1)<\/li><\/ul>\n\n\n\n<p>Al\u00e9m disso, os locais de <a href=\"https:\/\/www.nc.ufpr.br\" target=\"_blank\" rel=\"noreferrer noopener\">prova<\/a> foram alterados e agora, os candidatos tamb\u00e9m ser\u00e3o avaliados em Curitiba, Matinhos, Palotina e Paranava\u00ed.<\/p>\n\n\n\n<p>Na cidade de Curitiba ser\u00e3o realizadas as provas para os cargos ofertados em Curitiba, Matinhos, Palotina, Paranava\u00ed, Pontal do Paran\u00e1 e Toledo.<\/p>\n\n\n\n<p>Alternativamente, os candidatos aos cargos ofertados em Matinhos e Palotina, poder\u00e3o, no momento da inscri\u00e7\u00e3o, optar por realizar as provas nessas localidades.<\/p>\n\n\n\n<p>Os candidatos ao cargo oferecido na cidade de Toledo dever\u00e3o indicar, no ato da inscri\u00e7\u00e3o, a cidade de realiza\u00e7\u00e3o da prova, tendo como op\u00e7\u00e3o as cidades de Curitiba ou Palotina.<\/p>\n\n\n\n<p>Os candidatos ao cargo oferecido na cidade de Pontal do Paran\u00e1 dever\u00e3o indicar, no ato da inscri\u00e7\u00e3o, a cidade de realiza\u00e7\u00e3o da prova, tendo como op\u00e7\u00e3o as cidades de Curitiba ou Matinhos.<\/p>\n\n\n\n<p>Os candidatos ao cargo oferecido na cidade de Paranava\u00ed dever\u00e3o indicar, no ato da inscri\u00e7\u00e3o, a cidade de realiza\u00e7\u00e3o da prova, tendo como op\u00e7\u00e3o as cidades de Curitiba ou Paranava\u00ed.<\/p>\n\n\n\n<p class=\"has-text-align-center has-pale-cyan-blue-background-color has-background has-medium-font-size\"><strong>Saiba mais:<a href=\"https:\/\/www.estrategiaconcursos.com.br\/blog\/concurso-ufpr\/\" target=\"_blank\" rel=\"noreferrer noopener\"> retifica\u00e7\u00e3o concurso UFPR<\/a><\/strong><\/p>\n\n\n\n<h2 class=\"has-text-align-center wp-block-heading\" id=\"artigos\">Quer saber tudo sobre concursos previstos?<br \/>Confira  nossos artigos!<\/h2>\n\n\n\n<ul class=\"wp-block-list\"><li><a href=\"https:\/\/www.estrategiaconcursos.com.br\/blog\/concursos-abertos\/\" target=\"_blank\" rel=\"noreferrer noopener\">Concursos abertos<\/a><\/li><li><a href=\"https:\/\/www.estrategiaconcursos.com.br\/blog\/concursos-2022\/\" target=\"_blank\" rel=\"noreferrer noopener\">Concursos 2022<\/a><\/li><li><a href=\"https:\/\/www.estrategiaconcursos.com.br\/blog\/concursos-educacao-2022\/\" target=\"_blank\" rel=\"noreferrer noopener\">Concursos Educa\u00e7\u00e3o<\/a><\/li><\/ul>\n\n\n\n<h2 class=\"has-text-align-center wp-block-heading\" id=\"assinaturas-e-cursos\">Quer estudar para o concurso UFPR?<\/h2>\n\n\n\n<div class=\"col-sm\">\n      <div class=\"banner-estrategia\" id=\"box-assinatura\">\n        <h3 class=\"titulo-assinatura\">Cursos para o UFPR<\/h3>\n        <p class=\"subtitulo-assinatura\">Conhe\u00e7a os cursos<\/p>\n        <div class=\"box-botao\">\n          <a class=\"btn-assinatura\" target=\"_blank\" href=\"https:\/\/www.estrategiaconcursos.com.br\/cursos\/concurso\/\" role=\"button\" rel=\"noopener noreferrer\">Conhe\u00e7a mais<\/a>\n        <\/div>\n      <\/div>\n      <p class=\"texto-auxiliar\">Prepare-se com o melhor material e com quem mais aprova em Concursos P\u00fablicos em todo o pa\u00eds.<\/p>\n    <\/div>\n\n\n","protected":false},"excerpt":{"rendered":"<p>O edital do concurso UFPR (Universidade Federal do Paran\u00e1) passou por retifica\u00e7\u00f5es em seu quadro de vagas e nos locais de aplica\u00e7\u00e3o da prova objetiva. De acordo com o documento divulgado, o quadro de vagas foi atualizado e agora consta da seguinte forma: T\u00e9cnico em Farm\u00e1cia (1); T\u00e9cnico em Radiologia (1); T\u00e9cnico em Agropecu\u00e1ria (1); [&hellip;]<\/p>\n","protected":false},"author":2319,"featured_media":1011974,"comment_status":"open","ping_status":"closed","sticky":false,"template":"","format":"standard","meta":{"post_tipo":"news","footnotes":""},"categories":[3766],"tags":[220755,220756,220758,220757],"tax_estado":[219981],"class_list":["post-1014558","post","type-post","status-publish","format-standard","has-post-thumbnail","hentry","category-educacional","tag-concurso-ufpr","tag-edital-ufpr","tag-retificacoes-ufpr","tag-vagas-ufpr","tax_estado-pr"],"acf":[],"yoast_head":"<!-- This site is optimized with the Yoast SEO Premium plugin v27.2 (Yoast SEO v27.2) - https:\/\/yoast.com\/product\/yoast-seo-premium-wordpress\/ -->\n<title>Concurso UFPR: vagas e locais de provas alterados<\/title>\n<meta name=\"description\" content=\"Retifica\u00e7\u00e3o concurso UFPR: veja o que mudou no quadro de vagas e locais de aplica\u00e7\u00e3o das provas do certame!\" \/>\n<meta name=\"robots\" content=\"index, follow, max-snippet:-1, max-image-preview:large, max-video-preview:-1\" \/>\n<link rel=\"canonical\" href=\"https:\/\/www.estrategiaconcursos.com.br\/blog\/retificacao-concurso-ufpr\/\" \/>\n<meta property=\"og:locale\" content=\"pt_BR\" \/>\n<meta property=\"og:type\" content=\"article\" \/>\n<meta property=\"og:title\" content=\"Concurso UFPR: vagas e locais de provas alterados\" \/>\n<meta property=\"og:description\" content=\"Retifica\u00e7\u00e3o concurso UFPR: veja o que mudou no quadro de vagas e locais de aplica\u00e7\u00e3o das provas do certame!\" \/>\n<meta property=\"og:url\" content=\"https:\/\/www.estrategiaconcursos.com.br\/blog\/retificacao-concurso-ufpr\/\" \/>\n<meta property=\"og:site_name\" content=\"Estrat\u00e9gia Concursos\" \/>\n<meta property=\"article:published_time\" content=\"2022-04-25T16:25:42+00:00\" \/>\n<meta property=\"article:modified_time\" content=\"2022-04-25T18:03:55+00:00\" \/>\n<meta property=\"og:image\" content=\"https:\/\/dhg1h5j42swfq.cloudfront.net\/2022\/04\/20080442\/concurso_ufpr.jpeg\" \/>\n\t<meta property=\"og:image:width\" content=\"768\" \/>\n\t<meta property=\"og:image:height\" content=\"432\" \/>\n\t<meta property=\"og:image:type\" content=\"image\/jpeg\" \/>\n<meta name=\"author\" content=\"Let\u00edcia Teixeira\" \/>\n<meta name=\"twitter:card\" content=\"summary_large_image\" \/>\n<meta name=\"twitter:creator\" content=\"@EstratConcursos\" \/>\n<meta name=\"twitter:site\" content=\"@EstratConcursos\" \/>\n<meta name=\"twitter:label1\" content=\"Escrito por\" \/>\n\t<meta name=\"twitter:data1\" content=\"Let\u00edcia Teixeira\" \/>\n\t<meta name=\"twitter:label2\" content=\"Est. tempo de leitura\" \/>\n\t<meta name=\"twitter:data2\" content=\"2 minutos\" \/>\n<script type=\"application\/ld+json\" class=\"yoast-schema-graph\">{\"@context\":\"https:\/\/schema.org\",\"@graph\":[{\"@type\":\"NewsArticle\",\"@id\":\"https:\/\/www.estrategiaconcursos.com.br\/blog\/retificacao-concurso-ufpr\/#article\",\"isPartOf\":{\"@id\":\"https:\/\/www.estrategiaconcursos.com.br\/blog\/retificacao-concurso-ufpr\/\"},\"author\":{\"name\":\"Let\u00edcia Teixeira\",\"@id\":\"https:\/\/www.estrategiaconcursos.com.br\/blog\/#\/schema\/person\/9b94727dcf4410f4a7931c83966c843b\"},\"headline\":\"Concurso UFPR: vagas e locais de provas alterados\",\"datePublished\":\"2022-04-25T16:25:42+00:00\",\"dateModified\":\"2022-04-25T18:03:55+00:00\",\"mainEntityOfPage\":{\"@id\":\"https:\/\/www.estrategiaconcursos.com.br\/blog\/retificacao-concurso-ufpr\/\"},\"wordCount\":340,\"commentCount\":0,\"publisher\":{\"@id\":\"https:\/\/www.estrategiaconcursos.com.br\/blog\/#organization\"},\"image\":{\"@id\":\"https:\/\/www.estrategiaconcursos.com.br\/blog\/retificacao-concurso-ufpr\/#primaryimage\"},\"thumbnailUrl\":\"https:\/\/dhg1h5j42swfq.cloudfront.net\/2022\/04\/20080442\/concurso_ufpr.jpeg\",\"keywords\":[\"concurso UFPR\",\"edital UFPR\",\"retifica\u00e7\u00f5es UFPR\",\"vagas UFPR\"],\"articleSection\":[\"Educa\u00e7\u00e3o\"],\"inLanguage\":\"pt-BR\",\"potentialAction\":[{\"@type\":\"CommentAction\",\"name\":\"Comment\",\"target\":[\"https:\/\/www.estrategiaconcursos.com.br\/blog\/retificacao-concurso-ufpr\/#respond\"]}],\"copyrightYear\":\"2022\",\"copyrightHolder\":{\"@id\":\"https:\/\/www.estrategiaconcursos.com.br\/blog\/#organization\"}},{\"@type\":\"WebPage\",\"@id\":\"https:\/\/www.estrategiaconcursos.com.br\/blog\/retificacao-concurso-ufpr\/\",\"url\":\"https:\/\/www.estrategiaconcursos.com.br\/blog\/retificacao-concurso-ufpr\/\",\"name\":\"Concurso UFPR: vagas e locais de provas alterados\",\"isPartOf\":{\"@id\":\"https:\/\/www.estrategiaconcursos.com.br\/blog\/#website\"},\"primaryImageOfPage\":{\"@id\":\"https:\/\/www.estrategiaconcursos.com.br\/blog\/retificacao-concurso-ufpr\/#primaryimage\"},\"image\":{\"@id\":\"https:\/\/www.estrategiaconcursos.com.br\/blog\/retificacao-concurso-ufpr\/#primaryimage\"},\"thumbnailUrl\":\"https:\/\/dhg1h5j42swfq.cloudfront.net\/2022\/04\/20080442\/concurso_ufpr.jpeg\",\"datePublished\":\"2022-04-25T16:25:42+00:00\",\"dateModified\":\"2022-04-25T18:03:55+00:00\",\"description\":\"Retifica\u00e7\u00e3o concurso UFPR: veja o que mudou no quadro de vagas e locais de aplica\u00e7\u00e3o das provas do certame!\",\"breadcrumb\":{\"@id\":\"https:\/\/www.estrategiaconcursos.com.br\/blog\/retificacao-concurso-ufpr\/#breadcrumb\"},\"inLanguage\":\"pt-BR\",\"potentialAction\":[{\"@type\":\"ReadAction\",\"target\":[\"https:\/\/www.estrategiaconcursos.com.br\/blog\/retificacao-concurso-ufpr\/\"]}]},{\"@type\":\"ImageObject\",\"inLanguage\":\"pt-BR\",\"@id\":\"https:\/\/www.estrategiaconcursos.com.br\/blog\/retificacao-concurso-ufpr\/#primaryimage\",\"url\":\"https:\/\/dhg1h5j42swfq.cloudfront.net\/2022\/04\/20080442\/concurso_ufpr.jpeg\",\"contentUrl\":\"https:\/\/dhg1h5j42swfq.cloudfront.net\/2022\/04\/20080442\/concurso_ufpr.jpeg\",\"width\":768,\"height\":432},{\"@type\":\"BreadcrumbList\",\"@id\":\"https:\/\/www.estrategiaconcursos.com.br\/blog\/retificacao-concurso-ufpr\/#breadcrumb\",\"itemListElement\":[{\"@type\":\"ListItem\",\"position\":1,\"name\":\"In\u00edcio\",\"item\":\"https:\/\/www.estrategiaconcursos.com.br\/blog\/\"},{\"@type\":\"ListItem\",\"position\":2,\"name\":\"Concurso UFPR: vagas e locais de provas alterados\"}]},{\"@type\":\"WebSite\",\"@id\":\"https:\/\/www.estrategiaconcursos.com.br\/blog\/#website\",\"url\":\"https:\/\/www.estrategiaconcursos.com.br\/blog\/\",\"name\":\"Estrat\u00e9gia Concursos\",\"description\":\"O blog da Estrat\u00e9gia Concursos traz not\u00edcias sobre concursos e artigos de professores oferecendo cursos para concursos (pdf + videaulas) no site.\",\"publisher\":{\"@id\":\"https:\/\/www.estrategiaconcursos.com.br\/blog\/#organization\"},\"potentialAction\":[{\"@type\":\"SearchAction\",\"target\":{\"@type\":\"EntryPoint\",\"urlTemplate\":\"https:\/\/www.estrategiaconcursos.com.br\/blog\/?s={search_term_string}\"},\"query-input\":{\"@type\":\"PropertyValueSpecification\",\"valueRequired\":true,\"valueName\":\"search_term_string\"}}],\"inLanguage\":\"pt-BR\"},{\"@type\":\"Organization\",\"@id\":\"https:\/\/www.estrategiaconcursos.com.br\/blog\/#organization\",\"name\":\"Estrat\u00e9gia Concursos\",\"url\":\"https:\/\/www.estrategiaconcursos.com.br\/blog\/\",\"logo\":{\"@type\":\"ImageObject\",\"inLanguage\":\"pt-BR\",\"@id\":\"https:\/\/www.estrategiaconcursos.com.br\/blog\/#\/schema\/logo\/image\/\",\"url\":\"https:\/\/dhg1h5j42swfq.cloudfront.net\/2025\/06\/03203428\/logo_concursos-1.jpg\",\"contentUrl\":\"https:\/\/dhg1h5j42swfq.cloudfront.net\/2025\/06\/03203428\/logo_concursos-1.jpg\",\"width\":230,\"height\":60,\"caption\":\"Estrat\u00e9gia Concursos\"},\"image\":{\"@id\":\"https:\/\/www.estrategiaconcursos.com.br\/blog\/#\/schema\/logo\/image\/\"},\"sameAs\":[\"https:\/\/x.com\/EstratConcursos\"]},{\"@type\":\"Person\",\"@id\":\"https:\/\/www.estrategiaconcursos.com.br\/blog\/#\/schema\/person\/9b94727dcf4410f4a7931c83966c843b\",\"name\":\"Let\u00edcia Teixeira\",\"image\":{\"@type\":\"ImageObject\",\"inLanguage\":\"pt-BR\",\"@id\":\"https:\/\/secure.gravatar.com\/avatar\/fb589b06b881e20b676d08f9d03226d1e3291ba2f90e751ddc9ccb21abf0244d?s=96&d=mm&r=g\",\"url\":\"https:\/\/secure.gravatar.com\/avatar\/fb589b06b881e20b676d08f9d03226d1e3291ba2f90e751ddc9ccb21abf0244d?s=96&d=mm&r=g\",\"contentUrl\":\"https:\/\/secure.gravatar.com\/avatar\/fb589b06b881e20b676d08f9d03226d1e3291ba2f90e751ddc9ccb21abf0244d?s=96&d=mm&r=g\",\"caption\":\"Let\u00edcia Teixeira\"},\"description\":\"Jornalista com experi\u00eancia de mais de quatro anos no segmento de concursos p\u00fablicos. Especializada em Narrativa Transm\u00eddia e Storytelling pela Universidade Cat\u00f3lica de Bras\u00edlia, com atua\u00e7\u00e3o nas \u00e1reas de SEO, conte\u00fado, Webwriting e Copywriting.\",\"url\":\"https:\/\/www.estrategiaconcursos.com.br\/blog\/author\/leticia-teixeiraestrategia-com\/\"}]}<\/script>\n<!-- \/ Yoast SEO Premium plugin. -->","yoast_head_json":{"title":"Concurso UFPR: vagas e locais de provas alterados","description":"Retifica\u00e7\u00e3o concurso UFPR: veja o que mudou no quadro de vagas e locais de aplica\u00e7\u00e3o das provas do certame!","robots":{"index":"index","follow":"follow","max-snippet":"max-snippet:-1","max-image-preview":"max-image-preview:large","max-video-preview":"max-video-preview:-1"},"canonical":"https:\/\/www.estrategiaconcursos.com.br\/blog\/retificacao-concurso-ufpr\/","og_locale":"pt_BR","og_type":"article","og_title":"Concurso UFPR: vagas e locais de provas alterados","og_description":"Retifica\u00e7\u00e3o concurso UFPR: veja o que mudou no quadro de vagas e locais de aplica\u00e7\u00e3o das provas do certame!","og_url":"https:\/\/www.estrategiaconcursos.com.br\/blog\/retificacao-concurso-ufpr\/","og_site_name":"Estrat\u00e9gia Concursos","article_published_time":"2022-04-25T16:25:42+00:00","article_modified_time":"2022-04-25T18:03:55+00:00","og_image":[{"width":768,"height":432,"url":"https:\/\/dhg1h5j42swfq.cloudfront.net\/2022\/04\/20080442\/concurso_ufpr.jpeg","type":"image\/jpeg"}],"author":"Let\u00edcia Teixeira","twitter_card":"summary_large_image","twitter_creator":"@EstratConcursos","twitter_site":"@EstratConcursos","twitter_misc":{"Escrito por":"Let\u00edcia Teixeira","Est. tempo de leitura":"2 minutos"},"schema":{"@context":"https:\/\/schema.org","@graph":[{"@type":"NewsArticle","@id":"https:\/\/www.estrategiaconcursos.com.br\/blog\/retificacao-concurso-ufpr\/#article","isPartOf":{"@id":"https:\/\/www.estrategiaconcursos.com.br\/blog\/retificacao-concurso-ufpr\/"},"author":{"name":"Let\u00edcia Teixeira","@id":"https:\/\/www.estrategiaconcursos.com.br\/blog\/#\/schema\/person\/9b94727dcf4410f4a7931c83966c843b"},"headline":"Concurso UFPR: vagas e locais de provas alterados","datePublished":"2022-04-25T16:25:42+00:00","dateModified":"2022-04-25T18:03:55+00:00","mainEntityOfPage":{"@id":"https:\/\/www.estrategiaconcursos.com.br\/blog\/retificacao-concurso-ufpr\/"},"wordCount":340,"commentCount":0,"publisher":{"@id":"https:\/\/www.estrategiaconcursos.com.br\/blog\/#organization"},"image":{"@id":"https:\/\/www.estrategiaconcursos.com.br\/blog\/retificacao-concurso-ufpr\/#primaryimage"},"thumbnailUrl":"https:\/\/dhg1h5j42swfq.cloudfront.net\/2022\/04\/20080442\/concurso_ufpr.jpeg","keywords":["concurso UFPR","edital UFPR","retifica\u00e7\u00f5es UFPR","vagas UFPR"],"articleSection":["Educa\u00e7\u00e3o"],"inLanguage":"pt-BR","potentialAction":[{"@type":"CommentAction","name":"Comment","target":["https:\/\/www.estrategiaconcursos.com.br\/blog\/retificacao-concurso-ufpr\/#respond"]}],"copyrightYear":"2022","copyrightHolder":{"@id":"https:\/\/www.estrategiaconcursos.com.br\/blog\/#organization"}},{"@type":"WebPage","@id":"https:\/\/www.estrategiaconcursos.com.br\/blog\/retificacao-concurso-ufpr\/","url":"https:\/\/www.estrategiaconcursos.com.br\/blog\/retificacao-concurso-ufpr\/","name":"Concurso UFPR: vagas e locais de provas alterados","isPartOf":{"@id":"https:\/\/www.estrategiaconcursos.com.br\/blog\/#website"},"primaryImageOfPage":{"@id":"https:\/\/www.estrategiaconcursos.com.br\/blog\/retificacao-concurso-ufpr\/#primaryimage"},"image":{"@id":"https:\/\/www.estrategiaconcursos.com.br\/blog\/retificacao-concurso-ufpr\/#primaryimage"},"thumbnailUrl":"https:\/\/dhg1h5j42swfq.cloudfront.net\/2022\/04\/20080442\/concurso_ufpr.jpeg","datePublished":"2022-04-25T16:25:42+00:00","dateModified":"2022-04-25T18:03:55+00:00","description":"Retifica\u00e7\u00e3o concurso UFPR: veja o que mudou no quadro de vagas e locais de aplica\u00e7\u00e3o das provas do certame!","breadcrumb":{"@id":"https:\/\/www.estrategiaconcursos.com.br\/blog\/retificacao-concurso-ufpr\/#breadcrumb"},"inLanguage":"pt-BR","potentialAction":[{"@type":"ReadAction","target":["https:\/\/www.estrategiaconcursos.com.br\/blog\/retificacao-concurso-ufpr\/"]}]},{"@type":"ImageObject","inLanguage":"pt-BR","@id":"https:\/\/www.estrategiaconcursos.com.br\/blog\/retificacao-concurso-ufpr\/#primaryimage","url":"https:\/\/dhg1h5j42swfq.cloudfront.net\/2022\/04\/20080442\/concurso_ufpr.jpeg","contentUrl":"https:\/\/dhg1h5j42swfq.cloudfront.net\/2022\/04\/20080442\/concurso_ufpr.jpeg","width":768,"height":432},{"@type":"BreadcrumbList","@id":"https:\/\/www.estrategiaconcursos.com.br\/blog\/retificacao-concurso-ufpr\/#breadcrumb","itemListElement":[{"@type":"ListItem","position":1,"name":"In\u00edcio","item":"https:\/\/www.estrategiaconcursos.com.br\/blog\/"},{"@type":"ListItem","position":2,"name":"Concurso UFPR: vagas e locais de provas alterados"}]},{"@type":"WebSite","@id":"https:\/\/www.estrategiaconcursos.com.br\/blog\/#website","url":"https:\/\/www.estrategiaconcursos.com.br\/blog\/","name":"Estrat\u00e9gia Concursos","description":"O blog da Estrat\u00e9gia Concursos traz not\u00edcias sobre concursos e artigos de professores oferecendo cursos para concursos (pdf + videaulas) no site.","publisher":{"@id":"https:\/\/www.estrategiaconcursos.com.br\/blog\/#organization"},"potentialAction":[{"@type":"SearchAction","target":{"@type":"EntryPoint","urlTemplate":"https:\/\/www.estrategiaconcursos.com.br\/blog\/?s={search_term_string}"},"query-input":{"@type":"PropertyValueSpecification","valueRequired":true,"valueName":"search_term_string"}}],"inLanguage":"pt-BR"},{"@type":"Organization","@id":"https:\/\/www.estrategiaconcursos.com.br\/blog\/#organization","name":"Estrat\u00e9gia Concursos","url":"https:\/\/www.estrategiaconcursos.com.br\/blog\/","logo":{"@type":"ImageObject","inLanguage":"pt-BR","@id":"https:\/\/www.estrategiaconcursos.com.br\/blog\/#\/schema\/logo\/image\/","url":"https:\/\/dhg1h5j42swfq.cloudfront.net\/2025\/06\/03203428\/logo_concursos-1.jpg","contentUrl":"https:\/\/dhg1h5j42swfq.cloudfront.net\/2025\/06\/03203428\/logo_concursos-1.jpg","width":230,"height":60,"caption":"Estrat\u00e9gia Concursos"},"image":{"@id":"https:\/\/www.estrategiaconcursos.com.br\/blog\/#\/schema\/logo\/image\/"},"sameAs":["https:\/\/x.com\/EstratConcursos"]},{"@type":"Person","@id":"https:\/\/www.estrategiaconcursos.com.br\/blog\/#\/schema\/person\/9b94727dcf4410f4a7931c83966c843b","name":"Let\u00edcia Teixeira","image":{"@type":"ImageObject","inLanguage":"pt-BR","@id":"https:\/\/secure.gravatar.com\/avatar\/fb589b06b881e20b676d08f9d03226d1e3291ba2f90e751ddc9ccb21abf0244d?s=96&d=mm&r=g","url":"https:\/\/secure.gravatar.com\/avatar\/fb589b06b881e20b676d08f9d03226d1e3291ba2f90e751ddc9ccb21abf0244d?s=96&d=mm&r=g","contentUrl":"https:\/\/secure.gravatar.com\/avatar\/fb589b06b881e20b676d08f9d03226d1e3291ba2f90e751ddc9ccb21abf0244d?s=96&d=mm&r=g","caption":"Let\u00edcia Teixeira"},"description":"Jornalista com experi\u00eancia de mais de quatro anos no segmento de concursos p\u00fablicos. Especializada em Narrativa Transm\u00eddia e Storytelling pela Universidade Cat\u00f3lica de Bras\u00edlia, com atua\u00e7\u00e3o nas \u00e1reas de SEO, conte\u00fado, Webwriting e Copywriting.","url":"https:\/\/www.estrategiaconcursos.com.br\/blog\/author\/leticia-teixeiraestrategia-com\/"}]}},"_links":{"self":[{"href":"https:\/\/www.estrategiaconcursos.com.br\/blog\/wp-json\/wp\/v2\/posts\/1014558","targetHints":{"allow":["GET"]}}],"collection":[{"href":"https:\/\/www.estrategiaconcursos.com.br\/blog\/wp-json\/wp\/v2\/posts"}],"about":[{"href":"https:\/\/www.estrategiaconcursos.com.br\/blog\/wp-json\/wp\/v2\/types\/post"}],"author":[{"embeddable":true,"href":"https:\/\/www.estrategiaconcursos.com.br\/blog\/wp-json\/wp\/v2\/users\/2319"}],"replies":[{"embeddable":true,"href":"https:\/\/www.estrategiaconcursos.com.br\/blog\/wp-json\/wp\/v2\/comments?post=1014558"}],"version-history":[{"count":2,"href":"https:\/\/www.estrategiaconcursos.com.br\/blog\/wp-json\/wp\/v2\/posts\/1014558\/revisions"}],"predecessor-version":[{"id":1014577,"href":"https:\/\/www.estrategiaconcursos.com.br\/blog\/wp-json\/wp\/v2\/posts\/1014558\/revisions\/1014577"}],"wp:featuredmedia":[{"embeddable":true,"href":"https:\/\/www.estrategiaconcursos.com.br\/blog\/wp-json\/wp\/v2\/media\/1011974"}],"wp:attachment":[{"href":"https:\/\/www.estrategiaconcursos.com.br\/blog\/wp-json\/wp\/v2\/media?parent=1014558"}],"wp:term":[{"taxonomy":"category","embeddable":true,"href":"https:\/\/www.estrategiaconcursos.com.br\/blog\/wp-json\/wp\/v2\/categories?post=1014558"},{"taxonomy":"post_tag","embeddable":true,"href":"https:\/\/www.estrategiaconcursos.com.br\/blog\/wp-json\/wp\/v2\/tags?post=1014558"},{"taxonomy":"tax_estado","embeddable":true,"href":"https:\/\/www.estrategiaconcursos.com.br\/blog\/wp-json\/wp\/v2\/tax_estado?post=1014558"}],"curies":[{"name":"wp","href":"https:\/\/api.w.org\/{rel}","templated":true}]}}