{"id":1014483,"date":"2025-09-30T16:20:00","date_gmt":"2025-09-30T19:20:00","guid":{"rendered":"https:\/\/www.estrategiaconcursos.com.br\/blog\/?p=1014483"},"modified":"2025-10-01T18:13:36","modified_gmt":"2025-10-01T21:13:36","slug":"concurso-case-go","status":"publish","type":"post","link":"https:\/\/www.estrategiaconcursos.com.br\/blog\/concurso-case-go\/","title":{"rendered":"Concurso CASE GO: novo edital ter\u00e1 251 vagas. Confira!"},"content":{"rendered":"\n<p class=\"has-medium-font-size\"><strong><em>Comiss\u00e3o do concurso CASE GO est\u00e1 formada!<\/em><\/strong><\/p>\n\n\n\n<p>Um novo edital do <strong>concurso CASE GO<\/strong> (Centro de Atendimento Socioeducativo de Goi\u00e1s) segue aguardado e poder\u00e1 ser publicado em breve. <\/p>\n\n\n\n<p>A sele\u00e7\u00e3o ofertar\u00e1 <strong>251 vagas<\/strong>, sendo 101 para Analista de Pol\u00edticas de Assist\u00eancia Social e 150 vagas para Agente Socioeducativo.<\/p>\n\n\n\n<p>Vale lembrar que, em 2022, foi divulgada a portaria que instituiu o grupo de trabalho que prosseguir\u00e1 com os trabalhos determinados pelo <a href=\"https:\/\/dhg1h5j42swfq.cloudfront.net\/2022\/04\/25114118\/tac_construcao_e_reforma_centros_de_internacao_em_goias.pdf\" target=\"_blank\" rel=\"noreferrer noopener nofollow\">TAC 001\/2012<\/a>.<\/p>\n\n\n\n<ul class=\"wp-block-list has-cyan-bluish-gray-background-color has-background\">\n<li><strong>CASE GO<\/strong><\/li>\n\n\n\n<li><strong style=\"color: initial;\">Status<\/strong><span style=\"color: initial;\">: <\/span>comiss\u00e3o formada<\/li>\n\n\n\n<li><strong style=\"background-color: initial; color: initial;\">Vagas<\/strong><span style=\"background-color: initial; color: initial;\">: 251 <\/span><\/li>\n\n\n\n<li><strong>Sal\u00e1rio inicial<\/strong>: <span style=\"font-size: revert; color: initial;\">R$ 3.715,55 a R$ 6.192,53<\/span><\/li>\n\n\n\n<li><strong>\u00daltimo edital:<\/strong> <a href=\"https:\/\/dhg1h5j42swfq.cloudfront.net\/2022\/04\/25132714\/edital-case-go-2010.pdf\" target=\"_blank\" rel=\"noreferrer noopener nofollow\">CASE GO 2010<\/a><\/li>\n<\/ul>\n\n\n\n<p>Se voc\u00ea sonha em ingressar no Centro de Atendimento Socioeducativo de Goi\u00e1s (CASE GO), chegou ao lugar certo: neste artigo, reunimos as principais informa\u00e7\u00f5es sobre esse <a href=\"https:\/\/www.estrategiaconcursos.com.br\/blog\/concursos-de-policia\/\" target=\"_blank\" rel=\"noreferrer noopener\">concurso de pol\u00edcia<\/a>!<\/p>\n\n\n\n<ul class=\"wp-block-list\">\n<li><a href=\"#situacao-atual-concurso-pc-ba\">Informa\u00e7\u00f5es do concurso<\/a>\n<ul class=\"wp-block-list\">\n<li><a href=\"#comissao\">Comiss\u00e3o formada<\/a><\/li>\n\n\n\n<li><a href=\"#edital-previsto\">Edital previsto<\/a><\/li>\n<\/ul>\n<\/li>\n\n\n\n<li><a href=\"#carreira\">Carreira no CASE GO<\/a>\n<ul class=\"wp-block-list\">\n<li><a href=\"#requisitos\">Requisitos<\/a><\/li>\n\n\n\n<li><a href=\"#remuneracoes\">Remunera\u00e7\u00f5es<\/a><\/li>\n<\/ul>\n<\/li>\n\n\n\n<li><a href=\"#ultimo-concurso-pc-ba\">\u00daltimo concurso<\/a>\n<ul class=\"wp-block-list\">\n<li><a href=\"#cargos\">Cargos e vagas<\/a><\/li>\n\n\n\n<li><a href=\"#etapas-ultimo\">Etapas e provas<\/a><\/li>\n<\/ul>\n<\/li>\n\n\n\n<li><a href=\"#cursos-concurso-pc-ba\">Assinaturas e cursos<\/a><\/li>\n\n\n\n<li><a href=\"#ficha-tecnica-concurso-pc-ba\">Ficha t\u00e9cnica<\/a><\/li>\n<\/ul>\n\n\n\n<div class=\"container\" id=\"boxes\">\n  <div class=\"row\">\n\n    <div class=\"col-sm\">\n      <div class=\"banner-adm\" id=\"box-assinatura\">\n        <h3 class=\"titulo-assinatura\">Concurso CASE GO<\/h3>\n        <p class=\"subtitulo-assinatura\">Estude conosco<\/p>\n        <div class=\"box-botao\">\n          <a class=\"btn-assinatura\" target=\"_blank\" href=\"https:\/\/www.estrategiaconcursos.com.br\/cursos\/\" role=\"button\" rel=\"noopener noreferrer\">Conhe\u00e7a os cursos<\/a>\n        <\/div>\n      <\/div>\n      \n    <\/div>\n\n  <\/div>\n<\/div>\n\n\n\n<h2 class=\"wp-block-heading\" id=\"situacao-atual-concurso-pc-ba\">Informa\u00e7\u00f5es atuais do concurso CASE GO<\/h2>\n\n\n\n<h3 class=\"wp-block-heading\" id=\"comissao\">Comiss\u00e3o formada<\/h3>\n\n\n\n<p>Foi oficialmente institu\u00edda a comiss\u00e3o que ficar\u00e1 respons\u00e1vel por organizar o pr\u00f3ximo concurso do Centro de Atendimento Socioeducativo de Goi\u00e1s (CASE GO).<\/p>\n\n\n\n<ul class=\"wp-block-list\">\n<li>Alcestes Fontoura Carneiro Netto &#8211; GOINFRA<\/li>\n\n\n\n<li>Alexandre Demartini Rodrigues &#8211; SEAD;<\/li>\n\n\n\n<li>Bruno Moraes Faria Monteiro Bel\u00e9m &#8211; PGE;<\/li>\n\n\n\n<li>Carlos Augusto Sardinha Tavares J\u00fanior &#8211; SEDS;<\/li>\n\n\n\n<li>C\u00e1ssia Rodrigues de Bessa&nbsp;&#8211; SEDS;<\/li>\n\n\n\n<li>Daiany de Oliveira Santos &#8211; SGS;<\/li>\n\n\n\n<li>Derciley Cunha de Almeida &#8211; Economia;<\/li>\n\n\n\n<li>Gilberto Pompilio de Melo Filho &#8211; Economia;<\/li>\n\n\n\n<li>K\u00e9rima Ferreira Sobrinho &#8211; SEDS;<\/li>\n\n\n\n<li>Luiz Renato Ara\u00fajo Borges &#8211; GOINFRA; <\/li>\n\n\n\n<li>Renato Meneses Torres &#8211; GOINFRA.<\/li>\n<\/ul>\n\n\n\n<p class=\"has-background\" style=\"background-color:#dde2e6\"><strong>\u25ba<a href=\"https:\/\/dhg1h5j42swfq.cloudfront.net\/2022\/04\/25113602\/diario_oficial_2022-04-25_completo-2-5.pdf\" target=\"_blank\" rel=\"noreferrer noopener nofollow\">Grupo de Trabalho<\/a><\/strong><\/p>\n\n\n\n<h3 class=\"wp-block-heading\" id=\"edital-previsto\">Edital previsto<\/h3>\n\n\n\n<p>Antes que um novo edital seja publicado, altera\u00e7\u00f5es na Lei 22.489\/2023 devem ser realizadas. <\/p>\n\n\n\n<p>Vale lembrar que o <a href=\"https:\/\/dhg1h5j42swfq.cloudfront.net\/2022\/04\/25114118\/tac_construcao_e_reforma_centros_de_internacao_em_goias.pdf\" target=\"_blank\" rel=\"noreferrer noopener nofollow\">Termo de Ajustamento de Conduta<\/a>, firmado entre o Minist\u00e9rio P\u00fablico e o governo do estado, tem como objetivo melhorar o funcionamento do sistema socioeducativo, bem como suprir a vac\u00e2ncia de cargos.<\/p>\n\n\n\n<p>O provimento de pessoal, atrav\u00e9s do concurso CASE GO, ser\u00e1 para as unidades de: Itumbiara, Porangatu, Goi\u00e2nia, An\u00e1polis, Luzi\u00e2nia e Formosa, al\u00e9m das Casas Semiliberdade em Goi\u00e2nia e An\u00e1polis, Unidade Plant\u00e3o Interinstitucional e Provis\u00f3ria de Goi\u00e2nia.<\/p>\n\n\n\n<h2 class=\"wp-block-heading\" id=\"carreira\">Carreira no CASE GO<\/h2>\n\n\n\n<h3 class=\"wp-block-heading\" id=\"requisitos\">Requisitos<\/h3>\n\n\n\n<ul class=\"wp-block-list\">\n<li><strong>Agente Socioeducativo<\/strong><\/li>\n<\/ul>\n\n\n\n<p>N\u00edvel superior de forma\u00e7\u00e3o e CNH &#8220;B&#8221;.<\/p>\n\n\n\n<ul class=\"wp-block-list\">\n<li><strong>Analista de Pol\u00edticas de Assist\u00eancia Social&nbsp;<\/strong><\/li>\n<\/ul>\n\n\n\n<p>N\u00edvel superior em Psicologia, Servi\u00e7o Social, Ci\u00eancias Sociais, Pedagogia, Musicoterapia, Fonoaudiologia, Letras \u2013 Libras, Enfermagem ou qualquer \u00e1rea exigida no edital, al\u00e9m de registro no \u00f3rg\u00e3o profissional. <\/p>\n\n\n\n<h3 class=\"wp-block-heading\" id=\"remuneracoes\">Remunera\u00e7\u00f5es<\/h3>\n\n\n\n<figure class=\"wp-block-image aligncenter size-full\"><img loading=\"lazy\" decoding=\"async\" width=\"593\" height=\"587\" src=\"https:\/\/dhg1h5j42swfq.cloudfront.net\/2025\/09\/01102856\/image-2.png\" alt=\"\" class=\"wp-image-1647684\" srcset=\"https:\/\/dhg1h5j42swfq.cloudfront.net\/2025\/09\/01102856\/image-2.png 593w, https:\/\/dhg1h5j42swfq.cloudfront.net\/2025\/09\/01102856\/image-2-300x297.png 300w, https:\/\/dhg1h5j42swfq.cloudfront.net\/2025\/09\/01102856\/image-2-96x96.png 96w, https:\/\/dhg1h5j42swfq.cloudfront.net\/2025\/09\/01102856\/image-2-150x148.png 150w\" sizes=\"auto, (max-width: 593px) 100vw, 593px\" \/><\/figure>\n\n\n\n<h2 class=\"wp-block-heading\" id=\"h-ultimo-concurso-case-go\">\u00daltimo concurso CASE GO<\/h2>\n\n\n\n<p>O \u00faltimo concurso para o Centro de Atendimento Socioeducativo de Goi\u00e1s foi realizado em 2010, sob organiza\u00e7\u00e3o da banca&nbsp;Funcab.&nbsp;<\/p>\n\n\n\n<p>Na ocasi\u00e3o, foram ofertadas vagas em cadastro de reserva para os cargos de Analista de Pol\u00edticas de Assist\u00eancia Social e Assistente T\u00e9cnico Social. <\/p>\n\n\n\n<h3 class=\"wp-block-heading\" id=\"cargos-e-vagas\">Cargos e vagas<\/h3>\n\n\n\n<p><strong>Ensino M\u00e9dio<\/strong><\/p>\n\n\n\n<figure class=\"wp-block-table is-style-stripes\"><table class=\"has-very-light-gray-to-cyan-bluish-gray-gradient-background has-background has-fixed-layout\"><thead><tr><th class=\"has-text-align-center\" data-align=\"center\">Cargos<\/th><th class=\"has-text-align-center\" data-align=\"center\">Vagas<\/th><th class=\"has-text-align-center\" data-align=\"center\">Sal\u00e1rio<\/th><\/tr><\/thead><tbody><tr><td class=\"has-text-align-center\" data-align=\"center\">Assistente T\u00e9cnico Social<\/td><td class=\"has-text-align-center\" data-align=\"center\">CR<\/td><td class=\"has-text-align-center\" data-align=\"center\">R$ 1.500,00<\/td><\/tr><\/tbody><\/table><\/figure>\n\n\n\n<p><strong><span style=\"text-decoration: underline;\">Especialidades do cargo:<\/span><\/strong> Agente de Seguran\u00e7a Educacional, Educador Social e Assistente Operacional Social.<\/p>\n\n\n\n<p><strong>Ensino Superior<\/strong><\/p>\n\n\n\n<figure class=\"wp-block-table is-style-stripes\"><table class=\"has-very-light-gray-to-cyan-bluish-gray-gradient-background has-background has-fixed-layout\"><thead><tr><th class=\"has-text-align-center\" data-align=\"center\">Cargos<\/th><th class=\"has-text-align-center\" data-align=\"center\">Vagas<\/th><th class=\"has-text-align-center\" data-align=\"center\">Sal\u00e1rio<\/th><\/tr><\/thead><tbody><tr><td class=\"has-text-align-center\" data-align=\"center\">Analista de Pol\u00edticas de Assist\u00eancia Social<\/td><td class=\"has-text-align-center\" data-align=\"center\">CR<\/td><td class=\"has-text-align-center\" data-align=\"center\">R$ 2.500,00<\/td><\/tr><\/tbody><\/table><\/figure>\n\n\n\n<p><strong><span style=\"text-decoration: underline;\">Especialidades do cargo:<\/span><\/strong> Psic\u00f3logo, Pedagogo, Enfermeiro, Arteterapeuta, Musicoterapeuta e Soci\u00f3logo.<\/p>\n\n\n\n<h3 class=\"wp-block-heading\" id=\"etapas-e-provas-do-ultimo-concurso-case-go\">Etapas e provas do \u00faltimo concurso CASE GO<\/h3>\n\n\n\n<p>Os candidatos foram avaliados mediante tr\u00eas etapas, constitu\u00eddas de Prova Objetiva, Prova Discursiva e Prova de T\u00edtulos. As avalia\u00e7\u00f5es ocorreram em Goi\u00e2nia\/GO.<\/p>\n\n\n\n<h4 class=\"wp-block-heading\" id=\"provas-objetivas\">Provas Objetivas<\/h4>\n\n\n\n<p>A Prova Objetiva teve dura\u00e7\u00e3o de 4h, de car\u00e1ter eliminat\u00f3rio e classificat\u00f3rio, constitu\u00edda de 50 (cinquenta) quest\u00f5es de m\u00faltipla escolha, com 5 (cinco) alternativas e apenas uma correta.<\/p>\n\n\n\n<p><strong><span style=\"text-decoration: underline;\">Assistente T\u00e9cnico Social:<\/span><\/strong><\/p>\n\n\n\n<figure class=\"wp-block-image aligncenter size-full\"><img loading=\"lazy\" decoding=\"async\" width=\"751\" height=\"330\" src=\"https:\/\/dhg1h5j42swfq.cloudfront.net\/2022\/04\/25133526\/image-292.png\" alt=\"provas objetivas concurso case go\" class=\"wp-image-1014581\" srcset=\"https:\/\/dhg1h5j42swfq.cloudfront.net\/2022\/04\/25133526\/image-292.png 751w, https:\/\/dhg1h5j42swfq.cloudfront.net\/2022\/04\/25133526\/image-292-300x132.png 300w, https:\/\/dhg1h5j42swfq.cloudfront.net\/2022\/04\/25133526\/image-292-610x268.png 610w\" sizes=\"auto, (max-width: 751px) 100vw, 751px\" \/><figcaption class=\"wp-element-caption\">Provas Objetivas &#8211; N\u00edvel M\u00e9dio<\/figcaption><\/figure>\n\n\n\n<p><strong><span style=\"text-decoration: underline;\">Analista de Pol\u00edticas de Assist\u00eancia Social:<\/span><\/strong><\/p>\n\n\n\n<figure class=\"wp-block-image aligncenter size-full\"><img loading=\"lazy\" decoding=\"async\" width=\"751\" height=\"334\" src=\"https:\/\/dhg1h5j42swfq.cloudfront.net\/2022\/04\/25133708\/image-293.png\" alt=\"provas objetivas concurso case go\" class=\"wp-image-1014582\" srcset=\"https:\/\/dhg1h5j42swfq.cloudfront.net\/2022\/04\/25133708\/image-293.png 751w, https:\/\/dhg1h5j42swfq.cloudfront.net\/2022\/04\/25133708\/image-293-300x133.png 300w, https:\/\/dhg1h5j42swfq.cloudfront.net\/2022\/04\/25133708\/image-293-610x271.png 610w\" sizes=\"auto, (max-width: 751px) 100vw, 751px\" \/><figcaption class=\"wp-element-caption\">Provas Objetivas &#8211; N\u00edvel Superior<\/figcaption><\/figure>\n\n\n\n<p>Foi eliminado do presente Concurso o candidato que n\u00e3o obteve, pelo menos, 50% (cinquenta por cento) do total de pontos da Prova Objetiva.<\/p>\n\n\n\n<h4 class=\"wp-block-heading\" id=\"provas-discursivas\">Provas Discursivas<\/h4>\n\n\n\n<p>Foi aplicada Prova Discursiva para os candidatos de Assistente T\u00e9cnico Social e Analista de Pol\u00edticas de Assist\u00eancia Social. A prova valeu 20 pontos e teve car\u00e1ter classificat\u00f3rio e eliminat\u00f3rio.<\/p>\n\n\n\n<p>A Prova Discursiva, para os cargos de n\u00edvel superior, foi composta de uma quest\u00e3o, comum a todas as especialidades\/forma\u00e7\u00f5es e versou sobre as disciplinas de Legisla\u00e7\u00e3o e Normativas Correlatas \u00e2 Inf\u00e2ncia e a Juventude.<\/p>\n\n\n\n<p>Para os cargos de n\u00edvel m\u00e9dio foi uma quest\u00e3o comum e versou sobre um tema constante do conte\u00fado espec\u00edfico.<\/p>\n\n\n\n<h4 class=\"wp-block-heading\" id=\"provas-de-titulos\">Provas de T\u00edtulos<\/h4>\n\n\n\n<p>A Avalia\u00e7\u00e3o de T\u00edtulos teve car\u00e1ter apenas classificat\u00f3rio. Foram considerados os seguintes t\u00edtulos, para efeitos do presente Concurso:<\/p>\n\n\n\n<figure class=\"wp-block-image aligncenter size-full is-resized\"><img loading=\"lazy\" decoding=\"async\" width=\"714\" height=\"177\" src=\"https:\/\/dhg1h5j42swfq.cloudfront.net\/2022\/04\/25134101\/image-294.png\" alt=\"prova de t\u00edtulos concurso case go\" class=\"wp-image-1014584\" srcset=\"https:\/\/dhg1h5j42swfq.cloudfront.net\/2022\/04\/25134101\/image-294.png 714w, https:\/\/dhg1h5j42swfq.cloudfront.net\/2022\/04\/25134101\/image-294-300x74.png 300w, https:\/\/dhg1h5j42swfq.cloudfront.net\/2022\/04\/25134101\/image-294-610x151.png 610w\" sizes=\"auto, (max-width: 714px) 100vw, 714px\" \/><figcaption class=\"wp-element-caption\">Provas de T\u00edtulos &#8211; concurso CASE GO<\/figcaption><\/figure>\n\n\n\n<p>Os cursos de P\u00f3s-Gradua\u00e7\u00e3o Lato Sensu foram apresentados por meio de Certificados acompanhados do correspondente hist\u00f3rico.<\/p>\n\n\n\n<p>Declara\u00e7\u00f5es de conclus\u00e3o dos cursos de P\u00f3s-Gradua\u00e7\u00e3o Lato Sensu somente foram aceitas se o curso tivesse sido conclu\u00eddo, desde que constassem do referido documento o hist\u00f3rico do curso com data de conclus\u00e3o e aprova\u00e7\u00e3o de monografia.<\/p>\n\n\n\n<hr class=\"wp-block-separator has-css-opacity\"\/>\n\n\n\n<h2 class=\"wp-block-heading has-text-align-center\" id=\"h-quer-saber-tudo-sobre-concursos-previstos-confira-nossos-artigos\">Quer saber tudo sobre concursos previstos?<br \/>Confira nossos artigos!<\/h2>\n\n\n\n<ul class=\"wp-block-list\">\n<li><a href=\"https:\/\/www.estrategiaconcursos.com.br\/blog\/concursos-abertos\/\" target=\"_blank\" rel=\"noreferrer noopener\">Concursos abertos<\/a><\/li>\n\n\n\n<li><a href=\"https:\/\/www.estrategiaconcursos.com.br\/blog\/concursos-policia-penal\/\" target=\"_blank\" rel=\"noreferrer noopener\">Concursos pol\u00edcia penal<\/a><\/li>\n\n\n\n<li><a href=\"https:\/\/www.estrategiaconcursos.com.br\/blog\/concursos-de-policia\/\" target=\"_blank\" rel=\"noreferrer noopener\">Concursos de pol\u00edcia<\/a><\/li>\n\n\n\n<li><a href=\"https:\/\/www.estrategiaconcursos.com.br\/blog\/editais-concursos-2025\/\" target=\"_blank\" rel=\"noreferrer noopener\">Concursos 2025<\/a><\/li>\n\n\n\n<li><a href=\"https:\/\/www.estrategiaconcursos.com.br\/blog\/concursos-2026\/\">Concursos 2026<\/a><\/li>\n<\/ul>\n\n\n\n<div class=\"container\" id=\"boxes\">\n  <div class=\"row\">\n\n    <div class=\"col-sm\">\n      <div class=\"banner-adm\" id=\"box-assinatura\">\n        <h3 class=\"titulo-assinatura\">Concurso CASE GO<\/h3>\n        <p class=\"subtitulo-assinatura\">Estude conosco<\/p>\n        <div class=\"box-botao\">\n          <a class=\"btn-assinatura\" target=\"_blank\" href=\"https:\/\/www.estrategiaconcursos.com.br\/cursos\/\" role=\"button\" rel=\"noopener noreferrer\">Conhe\u00e7a os cursos<\/a>\n        <\/div>\n      <\/div>\n      \n    <\/div>\n\n  <\/div>\n<\/div>\n\n\n\n<div class=\"container\" id=\"boxes\">\n  <div class=\"row\">\n\n    <div class=\"col-sm\">\n      <div class=\"estrategia\" id=\"box-assinatura\">\n        <h3 class=\"titulo-assinatura\">Assinatura de Concursos<\/h3>\n        <p class=\"subtitulo-assinatura\">Assinatura de 1 ano ou 2 anos<\/p>\n        <div class=\"box-botao\">\n          <a class=\"btn-assinatura\" target=\"_blank\" href=\"https:\/\/www.estrategiaconcursos.com.br\/assinaturas\/\" role=\"button\" rel=\"noopener noreferrer\">ASSINE AGORA<\/a>\n        <\/div>\n      <\/div>\n     \n    <\/div><\/div><\/div>\n\n\n\n<figure class=\"wp-block-image size-large is-resized\"><img loading=\"lazy\" decoding=\"async\" width=\"1024\" height=\"632\" src=\"https:\/\/dhg1h5j42swfq.cloudfront.net\/2021\/04\/05172730\/ficha-tecnica-37-1024x632.png\" alt=\"Ficha t\u00e9cnica\" class=\"wp-image-707850\" style=\"width:233px;height:auto\" srcset=\"https:\/\/dhg1h5j42swfq.cloudfront.net\/2021\/04\/05172730\/ficha-tecnica-37-1024x632.png 1024w, https:\/\/dhg1h5j42swfq.cloudfront.net\/2021\/04\/05172730\/ficha-tecnica-37-300x185.png 300w, https:\/\/dhg1h5j42swfq.cloudfront.net\/2021\/04\/05172730\/ficha-tecnica-37-768x474.png 768w, https:\/\/dhg1h5j42swfq.cloudfront.net\/2021\/04\/05172730\/ficha-tecnica-37-1536x948.png 1536w, https:\/\/dhg1h5j42swfq.cloudfront.net\/2021\/04\/05172730\/ficha-tecnica-37-610x377.png 610w, https:\/\/dhg1h5j42swfq.cloudfront.net\/2021\/04\/05172730\/ficha-tecnica-37.png 1571w\" sizes=\"auto, (max-width: 1024px) 100vw, 1024px\" \/><\/figure>\n\n\n\n<h3 class=\"wp-block-heading\" id=\"ficha-tecnica-concurso-pc-ba\">Informa\u00e7\u00f5es do \u00faltimo concurso CASE GO<\/h3>\n\n\n\n<ul class=\"wp-block-list\">\n<li><strong>Data<\/strong>: 2010<\/li>\n\n\n\n<li><strong>Vagas<\/strong>: CR<\/li>\n\n\n\n<li><strong>Cargos<\/strong>: diversos<\/li>\n\n\n\n<li><strong>Banca<\/strong>: Funcab<\/li>\n\n\n\n<li><strong>Escolaridade<\/strong>: N\u00edvel m\u00e9dio e superior<\/li>\n\n\n\n<li><strong>\u00daltimo edital<\/strong>:&nbsp;<a href=\"https:\/\/dhg1h5j42swfq.cloudfront.net\/2022\/04\/25132714\/edital-case-go-2010.pdf\" target=\"_blank\" rel=\"noreferrer noopener nofollow\">CASE GO 2010<\/a><\/li>\n<\/ul>\n\n\n\n<p><\/p>\n","protected":false},"excerpt":{"rendered":"<p>Comiss\u00e3o do concurso CASE GO est\u00e1 formada! Um novo edital do concurso CASE GO (Centro de Atendimento Socioeducativo de Goi\u00e1s) segue aguardado e poder\u00e1 ser publicado em breve. A sele\u00e7\u00e3o ofertar\u00e1 251 vagas, sendo 101 para Analista de Pol\u00edticas de Assist\u00eancia Social e 150 vagas para Agente Socioeducativo. Vale lembrar que, em 2022, foi divulgada [&hellip;]<\/p>\n","protected":false},"author":1,"featured_media":1014663,"comment_status":"open","ping_status":"closed","sticky":false,"template":"","format":"standard","meta":{"post_tipo":"news_page","footnotes":""},"categories":[220188],"tags":[],"tax_estado":[219972],"class_list":["post-1014483","post","type-post","status-publish","format-standard","has-post-thumbnail","hentry","category-policial-agente-penitenciario","tax_estado-go"],"acf":[],"yoast_head":"<!-- This site is optimized with the Yoast SEO Premium plugin v27.2 (Yoast SEO v27.2) - https:\/\/yoast.com\/product\/yoast-seo-premium-wordpress\/ -->\n<title>Concurso CASE GO: novo edital ter\u00e1 251 vagas. Confira!<\/title>\n<meta name=\"description\" content=\"Concurso Case GO: Comiss\u00e3o formada. \u00daltima sele\u00e7\u00e3o ocorreu em 2010! Acesse o site e confira todos os detalhes!\" \/>\n<meta name=\"robots\" content=\"index, follow, max-snippet:-1, max-image-preview:large, max-video-preview:-1\" \/>\n<link rel=\"canonical\" href=\"https:\/\/www.estrategiaconcursos.com.br\/blog\/concurso-case-go\/\" \/>\n<meta property=\"og:locale\" content=\"pt_BR\" \/>\n<meta property=\"og:type\" content=\"article\" \/>\n<meta property=\"og:title\" content=\"Concurso CASE GO: novo edital ter\u00e1 251 vagas. Confira!\" \/>\n<meta property=\"og:description\" content=\"Concurso Case GO: Comiss\u00e3o formada. \u00daltima sele\u00e7\u00e3o ocorreu em 2010! Acesse o site e confira todos os detalhes!\" \/>\n<meta property=\"og:url\" content=\"https:\/\/www.estrategiaconcursos.com.br\/blog\/concurso-case-go\/\" \/>\n<meta property=\"og:site_name\" content=\"Estrat\u00e9gia Concursos\" \/>\n<meta property=\"article:author\" content=\"https:\/\/www.facebook.com\/EstrategiaConcursos\" \/>\n<meta property=\"article:published_time\" content=\"2025-09-30T19:20:00+00:00\" \/>\n<meta property=\"article:modified_time\" content=\"2025-10-01T21:13:36+00:00\" \/>\n<meta property=\"og:image\" content=\"https:\/\/dhg1h5j42swfq.cloudfront.net\/2022\/04\/25142319\/case_go.jpg\" \/>\n\t<meta property=\"og:image:width\" content=\"768\" \/>\n\t<meta property=\"og:image:height\" content=\"432\" \/>\n\t<meta property=\"og:image:type\" content=\"image\/jpeg\" \/>\n<meta name=\"author\" content=\"Coordena\u00e7\u00e3o\" \/>\n<meta name=\"twitter:card\" content=\"summary_large_image\" \/>\n<meta name=\"twitter:creator\" content=\"@EstratConcursos\" \/>\n<meta name=\"twitter:site\" content=\"@EstratConcursos\" \/>\n<meta name=\"twitter:label1\" content=\"Escrito por\" \/>\n\t<meta name=\"twitter:data1\" content=\"Coordena\u00e7\u00e3o\" \/>\n\t<meta name=\"twitter:label2\" content=\"Est. tempo de leitura\" \/>\n\t<meta name=\"twitter:data2\" content=\"5 minutos\" \/>\n<script type=\"application\/ld+json\" class=\"yoast-schema-graph\">{\"@context\":\"https:\/\/schema.org\",\"@graph\":[{\"@type\":\"NewsArticle\",\"@id\":\"https:\/\/www.estrategiaconcursos.com.br\/blog\/concurso-case-go\/#article\",\"isPartOf\":{\"@id\":\"https:\/\/www.estrategiaconcursos.com.br\/blog\/concurso-case-go\/\"},\"author\":{\"name\":\"Coordena\u00e7\u00e3o\",\"@id\":\"https:\/\/www.estrategiaconcursos.com.br\/blog\/#\/schema\/person\/b4a388c97673c5f483d72185668afa1f\"},\"headline\":\"Concurso CASE GO: novo edital ter\u00e1 251 vagas. Confira!\",\"datePublished\":\"2025-09-30T19:20:00+00:00\",\"dateModified\":\"2025-10-01T21:13:36+00:00\",\"mainEntityOfPage\":{\"@id\":\"https:\/\/www.estrategiaconcursos.com.br\/blog\/concurso-case-go\/\"},\"wordCount\":932,\"commentCount\":0,\"publisher\":{\"@id\":\"https:\/\/www.estrategiaconcursos.com.br\/blog\/#organization\"},\"image\":{\"@id\":\"https:\/\/www.estrategiaconcursos.com.br\/blog\/concurso-case-go\/#primaryimage\"},\"thumbnailUrl\":\"https:\/\/dhg1h5j42swfq.cloudfront.net\/2022\/04\/25142319\/case_go.jpg\",\"articleSection\":[\"Policial (Agente Penitenci\u00e1rio)\"],\"inLanguage\":\"pt-BR\",\"potentialAction\":[{\"@type\":\"CommentAction\",\"name\":\"Comment\",\"target\":[\"https:\/\/www.estrategiaconcursos.com.br\/blog\/concurso-case-go\/#respond\"]}],\"copyrightYear\":\"2025\",\"copyrightHolder\":{\"@id\":\"https:\/\/www.estrategiaconcursos.com.br\/blog\/#organization\"}},{\"@type\":\"WebPage\",\"@id\":\"https:\/\/www.estrategiaconcursos.com.br\/blog\/concurso-case-go\/\",\"url\":\"https:\/\/www.estrategiaconcursos.com.br\/blog\/concurso-case-go\/\",\"name\":\"Concurso CASE GO: novo edital ter\u00e1 251 vagas. Confira!\",\"isPartOf\":{\"@id\":\"https:\/\/www.estrategiaconcursos.com.br\/blog\/#website\"},\"primaryImageOfPage\":{\"@id\":\"https:\/\/www.estrategiaconcursos.com.br\/blog\/concurso-case-go\/#primaryimage\"},\"image\":{\"@id\":\"https:\/\/www.estrategiaconcursos.com.br\/blog\/concurso-case-go\/#primaryimage\"},\"thumbnailUrl\":\"https:\/\/dhg1h5j42swfq.cloudfront.net\/2022\/04\/25142319\/case_go.jpg\",\"datePublished\":\"2025-09-30T19:20:00+00:00\",\"dateModified\":\"2025-10-01T21:13:36+00:00\",\"description\":\"Concurso Case GO: Comiss\u00e3o formada. \u00daltima sele\u00e7\u00e3o ocorreu em 2010! Acesse o site e confira todos os detalhes!\",\"breadcrumb\":{\"@id\":\"https:\/\/www.estrategiaconcursos.com.br\/blog\/concurso-case-go\/#breadcrumb\"},\"inLanguage\":\"pt-BR\",\"potentialAction\":[{\"@type\":\"ReadAction\",\"target\":[\"https:\/\/www.estrategiaconcursos.com.br\/blog\/concurso-case-go\/\"]}]},{\"@type\":\"ImageObject\",\"inLanguage\":\"pt-BR\",\"@id\":\"https:\/\/www.estrategiaconcursos.com.br\/blog\/concurso-case-go\/#primaryimage\",\"url\":\"https:\/\/dhg1h5j42swfq.cloudfront.net\/2022\/04\/25142319\/case_go.jpg\",\"contentUrl\":\"https:\/\/dhg1h5j42swfq.cloudfront.net\/2022\/04\/25142319\/case_go.jpg\",\"width\":768,\"height\":432},{\"@type\":\"BreadcrumbList\",\"@id\":\"https:\/\/www.estrategiaconcursos.com.br\/blog\/concurso-case-go\/#breadcrumb\",\"itemListElement\":[{\"@type\":\"ListItem\",\"position\":1,\"name\":\"In\u00edcio\",\"item\":\"https:\/\/www.estrategiaconcursos.com.br\/blog\/\"},{\"@type\":\"ListItem\",\"position\":2,\"name\":\"Concurso CASE GO: novo edital ter\u00e1 251 vagas. Confira!\"}]},{\"@type\":\"WebSite\",\"@id\":\"https:\/\/www.estrategiaconcursos.com.br\/blog\/#website\",\"url\":\"https:\/\/www.estrategiaconcursos.com.br\/blog\/\",\"name\":\"Estrat\u00e9gia Concursos\",\"description\":\"O blog da Estrat\u00e9gia Concursos traz not\u00edcias sobre concursos e artigos de professores oferecendo cursos para concursos (pdf + videaulas) no site.\",\"publisher\":{\"@id\":\"https:\/\/www.estrategiaconcursos.com.br\/blog\/#organization\"},\"potentialAction\":[{\"@type\":\"SearchAction\",\"target\":{\"@type\":\"EntryPoint\",\"urlTemplate\":\"https:\/\/www.estrategiaconcursos.com.br\/blog\/?s={search_term_string}\"},\"query-input\":{\"@type\":\"PropertyValueSpecification\",\"valueRequired\":true,\"valueName\":\"search_term_string\"}}],\"inLanguage\":\"pt-BR\"},{\"@type\":\"Organization\",\"@id\":\"https:\/\/www.estrategiaconcursos.com.br\/blog\/#organization\",\"name\":\"Estrat\u00e9gia Concursos\",\"url\":\"https:\/\/www.estrategiaconcursos.com.br\/blog\/\",\"logo\":{\"@type\":\"ImageObject\",\"inLanguage\":\"pt-BR\",\"@id\":\"https:\/\/www.estrategiaconcursos.com.br\/blog\/#\/schema\/logo\/image\/\",\"url\":\"https:\/\/dhg1h5j42swfq.cloudfront.net\/2025\/06\/03203428\/logo_concursos-1.jpg\",\"contentUrl\":\"https:\/\/dhg1h5j42swfq.cloudfront.net\/2025\/06\/03203428\/logo_concursos-1.jpg\",\"width\":230,\"height\":60,\"caption\":\"Estrat\u00e9gia Concursos\"},\"image\":{\"@id\":\"https:\/\/www.estrategiaconcursos.com.br\/blog\/#\/schema\/logo\/image\/\"},\"sameAs\":[\"https:\/\/x.com\/EstratConcursos\"]},{\"@type\":\"Person\",\"@id\":\"https:\/\/www.estrategiaconcursos.com.br\/blog\/#\/schema\/person\/b4a388c97673c5f483d72185668afa1f\",\"name\":\"Coordena\u00e7\u00e3o\",\"image\":{\"@type\":\"ImageObject\",\"inLanguage\":\"pt-BR\",\"@id\":\"https:\/\/secure.gravatar.com\/avatar\/b720319e4c9a967eb58678d110f4fe35452fc5d5f97b202bac7b8acceb18c6ad?s=96&d=mm&r=g\",\"url\":\"https:\/\/secure.gravatar.com\/avatar\/b720319e4c9a967eb58678d110f4fe35452fc5d5f97b202bac7b8acceb18c6ad?s=96&d=mm&r=g\",\"contentUrl\":\"https:\/\/secure.gravatar.com\/avatar\/b720319e4c9a967eb58678d110f4fe35452fc5d5f97b202bac7b8acceb18c6ad?s=96&d=mm&r=g\",\"caption\":\"Coordena\u00e7\u00e3o\"},\"sameAs\":[\"https:\/\/www.facebook.com\/EstrategiaConcursos\",\"https:\/\/x.com\/EstratConcursos\"],\"url\":\"https:\/\/www.estrategiaconcursos.com.br\/blog\/author\/estrategia2013\/\"}]}<\/script>\n<!-- \/ Yoast SEO Premium plugin. -->","yoast_head_json":{"title":"Concurso CASE GO: novo edital ter\u00e1 251 vagas. Confira!","description":"Concurso Case GO: Comiss\u00e3o formada. \u00daltima sele\u00e7\u00e3o ocorreu em 2010! Acesse o site e confira todos os detalhes!","robots":{"index":"index","follow":"follow","max-snippet":"max-snippet:-1","max-image-preview":"max-image-preview:large","max-video-preview":"max-video-preview:-1"},"canonical":"https:\/\/www.estrategiaconcursos.com.br\/blog\/concurso-case-go\/","og_locale":"pt_BR","og_type":"article","og_title":"Concurso CASE GO: novo edital ter\u00e1 251 vagas. Confira!","og_description":"Concurso Case GO: Comiss\u00e3o formada. \u00daltima sele\u00e7\u00e3o ocorreu em 2010! Acesse o site e confira todos os detalhes!","og_url":"https:\/\/www.estrategiaconcursos.com.br\/blog\/concurso-case-go\/","og_site_name":"Estrat\u00e9gia Concursos","article_author":"https:\/\/www.facebook.com\/EstrategiaConcursos","article_published_time":"2025-09-30T19:20:00+00:00","article_modified_time":"2025-10-01T21:13:36+00:00","og_image":[{"width":768,"height":432,"url":"https:\/\/dhg1h5j42swfq.cloudfront.net\/2022\/04\/25142319\/case_go.jpg","type":"image\/jpeg"}],"author":"Coordena\u00e7\u00e3o","twitter_card":"summary_large_image","twitter_creator":"@EstratConcursos","twitter_site":"@EstratConcursos","twitter_misc":{"Escrito por":"Coordena\u00e7\u00e3o","Est. tempo de leitura":"5 minutos"},"schema":{"@context":"https:\/\/schema.org","@graph":[{"@type":"NewsArticle","@id":"https:\/\/www.estrategiaconcursos.com.br\/blog\/concurso-case-go\/#article","isPartOf":{"@id":"https:\/\/www.estrategiaconcursos.com.br\/blog\/concurso-case-go\/"},"author":{"name":"Coordena\u00e7\u00e3o","@id":"https:\/\/www.estrategiaconcursos.com.br\/blog\/#\/schema\/person\/b4a388c97673c5f483d72185668afa1f"},"headline":"Concurso CASE GO: novo edital ter\u00e1 251 vagas. Confira!","datePublished":"2025-09-30T19:20:00+00:00","dateModified":"2025-10-01T21:13:36+00:00","mainEntityOfPage":{"@id":"https:\/\/www.estrategiaconcursos.com.br\/blog\/concurso-case-go\/"},"wordCount":932,"commentCount":0,"publisher":{"@id":"https:\/\/www.estrategiaconcursos.com.br\/blog\/#organization"},"image":{"@id":"https:\/\/www.estrategiaconcursos.com.br\/blog\/concurso-case-go\/#primaryimage"},"thumbnailUrl":"https:\/\/dhg1h5j42swfq.cloudfront.net\/2022\/04\/25142319\/case_go.jpg","articleSection":["Policial (Agente Penitenci\u00e1rio)"],"inLanguage":"pt-BR","potentialAction":[{"@type":"CommentAction","name":"Comment","target":["https:\/\/www.estrategiaconcursos.com.br\/blog\/concurso-case-go\/#respond"]}],"copyrightYear":"2025","copyrightHolder":{"@id":"https:\/\/www.estrategiaconcursos.com.br\/blog\/#organization"}},{"@type":"WebPage","@id":"https:\/\/www.estrategiaconcursos.com.br\/blog\/concurso-case-go\/","url":"https:\/\/www.estrategiaconcursos.com.br\/blog\/concurso-case-go\/","name":"Concurso CASE GO: novo edital ter\u00e1 251 vagas. Confira!","isPartOf":{"@id":"https:\/\/www.estrategiaconcursos.com.br\/blog\/#website"},"primaryImageOfPage":{"@id":"https:\/\/www.estrategiaconcursos.com.br\/blog\/concurso-case-go\/#primaryimage"},"image":{"@id":"https:\/\/www.estrategiaconcursos.com.br\/blog\/concurso-case-go\/#primaryimage"},"thumbnailUrl":"https:\/\/dhg1h5j42swfq.cloudfront.net\/2022\/04\/25142319\/case_go.jpg","datePublished":"2025-09-30T19:20:00+00:00","dateModified":"2025-10-01T21:13:36+00:00","description":"Concurso Case GO: Comiss\u00e3o formada. \u00daltima sele\u00e7\u00e3o ocorreu em 2010! Acesse o site e confira todos os detalhes!","breadcrumb":{"@id":"https:\/\/www.estrategiaconcursos.com.br\/blog\/concurso-case-go\/#breadcrumb"},"inLanguage":"pt-BR","potentialAction":[{"@type":"ReadAction","target":["https:\/\/www.estrategiaconcursos.com.br\/blog\/concurso-case-go\/"]}]},{"@type":"ImageObject","inLanguage":"pt-BR","@id":"https:\/\/www.estrategiaconcursos.com.br\/blog\/concurso-case-go\/#primaryimage","url":"https:\/\/dhg1h5j42swfq.cloudfront.net\/2022\/04\/25142319\/case_go.jpg","contentUrl":"https:\/\/dhg1h5j42swfq.cloudfront.net\/2022\/04\/25142319\/case_go.jpg","width":768,"height":432},{"@type":"BreadcrumbList","@id":"https:\/\/www.estrategiaconcursos.com.br\/blog\/concurso-case-go\/#breadcrumb","itemListElement":[{"@type":"ListItem","position":1,"name":"In\u00edcio","item":"https:\/\/www.estrategiaconcursos.com.br\/blog\/"},{"@type":"ListItem","position":2,"name":"Concurso CASE GO: novo edital ter\u00e1 251 vagas. Confira!"}]},{"@type":"WebSite","@id":"https:\/\/www.estrategiaconcursos.com.br\/blog\/#website","url":"https:\/\/www.estrategiaconcursos.com.br\/blog\/","name":"Estrat\u00e9gia Concursos","description":"O blog da Estrat\u00e9gia Concursos traz not\u00edcias sobre concursos e artigos de professores oferecendo cursos para concursos (pdf + videaulas) no site.","publisher":{"@id":"https:\/\/www.estrategiaconcursos.com.br\/blog\/#organization"},"potentialAction":[{"@type":"SearchAction","target":{"@type":"EntryPoint","urlTemplate":"https:\/\/www.estrategiaconcursos.com.br\/blog\/?s={search_term_string}"},"query-input":{"@type":"PropertyValueSpecification","valueRequired":true,"valueName":"search_term_string"}}],"inLanguage":"pt-BR"},{"@type":"Organization","@id":"https:\/\/www.estrategiaconcursos.com.br\/blog\/#organization","name":"Estrat\u00e9gia Concursos","url":"https:\/\/www.estrategiaconcursos.com.br\/blog\/","logo":{"@type":"ImageObject","inLanguage":"pt-BR","@id":"https:\/\/www.estrategiaconcursos.com.br\/blog\/#\/schema\/logo\/image\/","url":"https:\/\/dhg1h5j42swfq.cloudfront.net\/2025\/06\/03203428\/logo_concursos-1.jpg","contentUrl":"https:\/\/dhg1h5j42swfq.cloudfront.net\/2025\/06\/03203428\/logo_concursos-1.jpg","width":230,"height":60,"caption":"Estrat\u00e9gia Concursos"},"image":{"@id":"https:\/\/www.estrategiaconcursos.com.br\/blog\/#\/schema\/logo\/image\/"},"sameAs":["https:\/\/x.com\/EstratConcursos"]},{"@type":"Person","@id":"https:\/\/www.estrategiaconcursos.com.br\/blog\/#\/schema\/person\/b4a388c97673c5f483d72185668afa1f","name":"Coordena\u00e7\u00e3o","image":{"@type":"ImageObject","inLanguage":"pt-BR","@id":"https:\/\/secure.gravatar.com\/avatar\/b720319e4c9a967eb58678d110f4fe35452fc5d5f97b202bac7b8acceb18c6ad?s=96&d=mm&r=g","url":"https:\/\/secure.gravatar.com\/avatar\/b720319e4c9a967eb58678d110f4fe35452fc5d5f97b202bac7b8acceb18c6ad?s=96&d=mm&r=g","contentUrl":"https:\/\/secure.gravatar.com\/avatar\/b720319e4c9a967eb58678d110f4fe35452fc5d5f97b202bac7b8acceb18c6ad?s=96&d=mm&r=g","caption":"Coordena\u00e7\u00e3o"},"sameAs":["https:\/\/www.facebook.com\/EstrategiaConcursos","https:\/\/x.com\/EstratConcursos"],"url":"https:\/\/www.estrategiaconcursos.com.br\/blog\/author\/estrategia2013\/"}]}},"_links":{"self":[{"href":"https:\/\/www.estrategiaconcursos.com.br\/blog\/wp-json\/wp\/v2\/posts\/1014483","targetHints":{"allow":["GET"]}}],"collection":[{"href":"https:\/\/www.estrategiaconcursos.com.br\/blog\/wp-json\/wp\/v2\/posts"}],"about":[{"href":"https:\/\/www.estrategiaconcursos.com.br\/blog\/wp-json\/wp\/v2\/types\/post"}],"author":[{"embeddable":true,"href":"https:\/\/www.estrategiaconcursos.com.br\/blog\/wp-json\/wp\/v2\/users\/1"}],"replies":[{"embeddable":true,"href":"https:\/\/www.estrategiaconcursos.com.br\/blog\/wp-json\/wp\/v2\/comments?post=1014483"}],"version-history":[{"count":45,"href":"https:\/\/www.estrategiaconcursos.com.br\/blog\/wp-json\/wp\/v2\/posts\/1014483\/revisions"}],"predecessor-version":[{"id":1648093,"href":"https:\/\/www.estrategiaconcursos.com.br\/blog\/wp-json\/wp\/v2\/posts\/1014483\/revisions\/1648093"}],"wp:featuredmedia":[{"embeddable":true,"href":"https:\/\/www.estrategiaconcursos.com.br\/blog\/wp-json\/wp\/v2\/media\/1014663"}],"wp:attachment":[{"href":"https:\/\/www.estrategiaconcursos.com.br\/blog\/wp-json\/wp\/v2\/media?parent=1014483"}],"wp:term":[{"taxonomy":"category","embeddable":true,"href":"https:\/\/www.estrategiaconcursos.com.br\/blog\/wp-json\/wp\/v2\/categories?post=1014483"},{"taxonomy":"post_tag","embeddable":true,"href":"https:\/\/www.estrategiaconcursos.com.br\/blog\/wp-json\/wp\/v2\/tags?post=1014483"},{"taxonomy":"tax_estado","embeddable":true,"href":"https:\/\/www.estrategiaconcursos.com.br\/blog\/wp-json\/wp\/v2\/tax_estado?post=1014483"}],"curies":[{"name":"wp","href":"https:\/\/api.w.org\/{rel}","templated":true}]}}