{"id":1014381,"date":"2022-04-30T06:30:00","date_gmt":"2022-04-30T09:30:00","guid":{"rendered":"https:\/\/www.estrategiaconcursos.com.br\/blog\/?p=1014381"},"modified":"2022-04-25T10:18:02","modified_gmt":"2022-04-25T13:18:02","slug":"defensor-dpe-pb-revisao-de-vespera","status":"publish","type":"post","link":"https:\/\/www.estrategiaconcursos.com.br\/blog\/defensor-dpe-pb-revisao-de-vespera\/","title":{"rendered":"Defensor DPE PB: Revis\u00e3o de V\u00e9spera"},"content":{"rendered":"\n<p>Reforce sua prepara\u00e7\u00e3o com a revis\u00e3o de v\u00e9spera do concurso Defensor DPE PB que acontece neste s\u00e1bado, 30 de abril, a partir das 07:00. Confira abaixo: <\/p>\n\n\n\n<h3 class=\"wp-block-heading\" id=\"defensor-dpe-pb-cronograma\">Defensor DPE PB: cronograma <\/h3>\n\n\n\n<figure class=\"wp-block-table is-style-stripes\"><table class=\"has-cyan-bluish-gray-background-color has-background\"><tbody><tr><td class=\"has-text-align-center\" data-align=\"center\"><strong>Disciplina<\/strong><\/td><td class=\"has-text-align-center\" data-align=\"center\"><strong>Hor\u00e1rio<\/strong><\/td><td class=\"has-text-align-center\" data-align=\"center\"><strong>Professor<\/strong><\/td><\/tr><tr><td class=\"has-text-align-center\" data-align=\"center\">Direitos Humanos<\/td><td class=\"has-text-align-center\" data-align=\"center\">07:00 \u00e0s 08:00<\/td><td class=\"has-text-align-center\" data-align=\"center\">Rafael Barreto<\/td><\/tr><tr><td class=\"has-text-align-center\" data-align=\"center\">Direito Constitucional<\/td><td class=\"has-text-align-center\" data-align=\"center\">08:00 \u00e0s 09:00<\/td><td class=\"has-text-align-center\" data-align=\"center\">Marcos Gomes<\/td><\/tr><tr><td class=\"has-text-align-center\" data-align=\"center\">Direito Penal e Criminologia<\/td><td class=\"has-text-align-center\" data-align=\"center\">09:00 \u00e0s 10:00<\/td><td class=\"has-text-align-center\" data-align=\"center\">Allan Joos<\/td><\/tr><tr><td class=\"has-text-align-center\" data-align=\"center\">Direito Processual Penal e Execu\u00e7\u00e3o Penal<\/td><td class=\"has-text-align-center\" data-align=\"center\">10:00 \u00e0s 11:00<\/td><td class=\"has-text-align-center\" data-align=\"center\">Allan Joos<\/td><\/tr><tr><td class=\"has-text-align-center\" data-align=\"center\">Crian\u00e7a e Adolescente<\/td><td class=\"has-text-align-center\" data-align=\"center\">11:00 \u00e0s 11:30<\/td><td class=\"has-text-align-center\" data-align=\"center\">L\u00facia Reinert<\/td><\/tr><tr><td class=\"has-text-align-center\" data-align=\"center\">Direito Civil<\/td><td class=\"has-text-align-center\" data-align=\"center\">11:30 \u00e0s 12:30<\/td><td class=\"has-text-align-center\" data-align=\"center\">Rodrigo Sardinha<\/td><\/tr><tr><td class=\"has-text-align-center\" data-align=\"center\">Direito do Consumidor<\/td><td class=\"has-text-align-center\" data-align=\"center\">12:30 \u00e0s 13:00<\/td><td class=\"has-text-align-center\" data-align=\"center\">Henrique da Rosa<\/td><\/tr><tr><td class=\"has-text-align-center\" data-align=\"center\">Direito Processual Civil<\/td><td class=\"has-text-align-center\" data-align=\"center\">13:00 \u00e0s 14:00<\/td><td class=\"has-text-align-center\" data-align=\"center\">Rog\u00e9rio Cunha<\/td><\/tr><tr><td class=\"has-text-align-center\" data-align=\"center\">Princ\u00edpios e Atribui\u00e7\u00f5es Institucional da DPE<\/td><td class=\"has-text-align-center\" data-align=\"center\">14:00 \u00e0s 14:30<\/td><td class=\"has-text-align-center\" data-align=\"center\">Marcos Gomes<\/td><\/tr><tr><td class=\"has-text-align-center\" data-align=\"center\">Difusos e Coletivos<\/td><td class=\"has-text-align-center\" data-align=\"center\">14:30 \u00e0s 15:00<\/td><td class=\"has-text-align-center\" data-align=\"center\">L\u00facia Reinert<\/td><\/tr><tr><td class=\"has-text-align-center\" data-align=\"center\">Direito Administrativo<\/td><td class=\"has-text-align-center\" data-align=\"center\">15:00 \u00e0s 16:00<\/td><td class=\"has-text-align-center\" data-align=\"center\">Daniel Mesquita<\/td><\/tr><\/tbody><\/table><figcaption>Cronograma<\/figcaption><\/figure>\n\n\n\n<h3 class=\"wp-block-heading\" id=\"defensor-dpe-pb-evento-ao-vivo\">Defensor DPE PB: evento ao vivo<\/h3>\n\n\n\n<p class=\"has-text-align-center has-medium-font-size\"><a href=\"https:\/\/www.youtube.com\/c\/Estrat%C3%A9giaCarreiraJur%C3%ADdica\/videos?view=2&amp;live_view=502\" target=\"_blank\" rel=\"noreferrer noopener\">ASSISTA AO VIVO AQUI! <\/a><\/p>\n\n\n\n<h3 class=\"wp-block-heading\" id=\"defensor-dpe-pb-curiosidades\">Defensor DPE PB: curiosidades<\/h3>\n\n\n\n<p>A carreira da Defensoria P\u00fablica da Para\u00edba \u00e9 dividida em entr\u00e2ncias, cujas remunera\u00e7\u00f5es variam da seguinte maneira:<\/p>\n\n\n\n<figure class=\"wp-block-table\"><table class=\"has-luminous-vivid-amber-to-luminous-vivid-orange-gradient-background has-background\"><tbody><tr><td class=\"has-text-align-center\" data-align=\"center\"><strong>Cargo<\/strong><\/td><td class=\"has-text-align-center\" data-align=\"center\"><strong>Subs\u00eddio<\/strong><\/td><\/tr><tr><td class=\"has-text-align-center\" data-align=\"center\">Defensor P\u00fablico da 1\u00aa Entr\u00e2ncia<\/td><td class=\"has-text-align-center\" data-align=\"center\">R$ 9.770,96<\/td><\/tr><tr><td class=\"has-text-align-center\" data-align=\"center\">Defensor P\u00fablico da 2\u00aa Entr\u00e2ncia<\/td><td class=\"has-text-align-center\" data-align=\"center\">R$ 10.748,06<\/td><\/tr><tr><td class=\"has-text-align-center\" data-align=\"center\">Defensor P\u00fablico da 3\u00aa Entr\u00e2ncia<\/td><td class=\"has-text-align-center\" data-align=\"center\">R$ 11.822,86<\/td><\/tr><tr><td class=\"has-text-align-center\" data-align=\"center\">Defensor P\u00fablico da Entr\u00e2ncia Especial<\/td><td class=\"has-text-align-center\" data-align=\"center\">R$ 13.005,15<\/td><\/tr><tr><td class=\"has-text-align-center\" data-align=\"center\">Subdefensor P\u00fablico Geral<\/td><td class=\"has-text-align-center\" data-align=\"center\">R$ 27.424,00<\/td><\/tr><tr><td class=\"has-text-align-center\" data-align=\"center\">Defensor P\u00fablico Geral<\/td><td class=\"has-text-align-center\" data-align=\"center\">R$ 30.471,11<\/td><\/tr><\/tbody><\/table><figcaption>tabela de remunera\u00e7\u00e3o<\/figcaption><\/figure>\n\n\n\n<p>Al\u00e9m da remunera\u00e7\u00e3o b\u00e1sica, o Defensor P\u00fablico da Para\u00edba faz jus \u00e0s seguintes vantagens:<\/p>\n\n\n\n<p><em>a) ajuda de custo, com mudan\u00e7a de domic\u00edlio em car\u00e1ter permanente, em valor n\u00e3o excedente ao equivalente a um subs\u00eddio mensal;<br \/>b) di\u00e1rias destinadas a indenizar as parcelas de despesas extraordin\u00e1rias com hospedagem, alimenta\u00e7\u00e3o e locomo\u00e7\u00e3o urbana, no valor de R$ 350,00 para dentro do territ\u00f3rio do Estado da Para\u00edba, e de R$ 800,00 para deslocamentos fora do Estado;<br \/>c) indeniza\u00e7\u00e3o de transporte para cobertura de despesas com a utiliza\u00e7\u00e3o de meio pr\u00f3prio de locomo\u00e7\u00e3o para execu\u00e7\u00e3o de servi\u00e7os externos;<br \/>d) aux\u00edlio-moradia, para ressarcimento de despesas comprovadamente realizadas pelo servidor com aluguel de moradia ou com meio de hospedagem administrado por empresa hoteleira,, n\u00e3o podendo exceder o equivalente a 2 sal\u00e1rios m\u00ednimos;<br \/>e) adicional de periculosidade, para atua\u00e7\u00e3o junto aos pres\u00eddios e estabelecimentos prisionais do Estado, no percentual de 15% para exerc\u00edcio de fun\u00e7\u00f5es nas cadeias p\u00fablicas, e de 20% para exerc\u00edcio das fun\u00e7\u00f5es nos pres\u00eddios e penitenci\u00e1rias, em qualquer caso, incidentes sobre o menor<br \/>subs\u00eddio da carreira;<br \/>f) aux\u00edlio-alimenta\u00e7\u00e3o para cobertura de despesa com alimenta\u00e7\u00e3o do<br \/>membro da carreira de Defensor P\u00fablico, no valor de R$ 45,00 por dia \u00fatil;<br \/>g) aux\u00edlio-sa\u00fade, no valor equivalente a 1 sal\u00e1rio-m\u00ednimo, devendo o membro da carreira de Defensor P\u00fablico comprovar uma vez por ano o efetivo gasto com a contrata\u00e7\u00e3o de plano de sa\u00fade;<br \/>h) reembolso da anuidade da OAB \u2013 Seccional da Para\u00edba para os Defensores P\u00fablicos que estejam em efetivo exerc\u00edcio;<br \/>i) adicional de f\u00e9rias equivalente a um ter\u00e7o do subs\u00eddio mensal;<br \/>j) adicional natalino, correspondente a um doze avos do subs\u00eddio mensal, por m\u00eas de efetivo exerc\u00edcio no respectivo cargo;<br \/>l) adicional pela acumula\u00e7\u00e3o de fun\u00e7\u00f5es, para os membros da Defensoria P\u00fablica que exer\u00e7am atividades acumuladas, equivalente a 10% (do subs\u00eddio mensal da categoria mais elevada da carreira;<br \/>m) adicional pelo exerc\u00edcio de atividade de fiscaliza\u00e7\u00e3o do PROCON Estadual, h\u00e1 hip\u00f3tese de haver designa\u00e7\u00e3o de Defensor P\u00fablico para atuar, sem preju\u00edzo de suas atribui\u00e7\u00f5es normais, na atividade de fiscaliza\u00e7\u00e3o nas rela\u00e7\u00f5es de consumo, coordenada pelo PROCON Estadual, vinculado \u00e0 Defensoria P\u00fablica do Estado da Para\u00edba<br \/>n) adicional de representa\u00e7\u00e3o pelo exerc\u00edcio de fun\u00e7\u00e3o de confian\u00e7a ou cargo em comiss\u00e3o.<\/em><\/p>\n\n\n\n<p class=\"has-text-align-center has-luminous-vivid-amber-background-color has-background has-medium-font-size\"><strong>Saiba mais: <a href=\"https:\/\/cj.estrategia.com\/portal\/concurso-dpe-pb-defensor\/\" target=\"_blank\" rel=\"noreferrer noopener\">DPE PB Defensor <\/a><\/strong><\/p>\n\n\n\n<h2 class=\"has-text-align-center wp-block-heading\" id=\"h-quer-saber-tudo-sobre-concursos-previstos-confira-nossos-artigos\">Quer saber tudo sobre concursos previstos?<br \/>Confira nossos artigos!<\/h2>\n\n\n\n<ul class=\"wp-block-list\"><li><a href=\"https:\/\/www.estrategiaconcursos.com.br\/blog\/concursos-abertos\/\" target=\"_blank\" rel=\"noreferrer noopener\">Concursos abertos<\/a><\/li><li><a href=\"https:\/\/www.estrategiaconcursos.com.br\/blog\/concursos-2022\/\" target=\"_blank\" rel=\"noreferrer noopener\">Concursos 2022<\/a><\/li><\/ul>\n\n\n\n<h2 class=\"has-text-align-center wp-block-heading\" id=\"cursos\">Quer estudar para concurso DPE PB Defensor?<\/h2>\n\n\n\n<div class=\"container\" id=\"boxes\">\n  <div class=\"row\">\n\n    <div class=\"col-sm\">\n      <div class=\"banner-tribunal\" id=\"box-assinatura\">\n        <h3 class=\"titulo-assinatura\">Cursos para DPE PB Defensor<\/h3>\n        <p class=\"subtitulo-assinatura\">Conhe\u00e7a os cursos<\/p>\n        <div class=\"box-botao\">\n          <a class=\"btn-assinatura\" target=\"_blank\" href=\"https:\/\/www.estrategiaconcursos.com.br\/cursosPorConcurso\/dpe-pb-defensoria-publica-da-paraiba-defensor-publico\/\" rel=\"noopener noreferrer\">Conhe\u00e7a mais<\/a>\n        <\/div>\n      <\/div>\n      <p class=\"texto-auxiliar\">Prepare-se com o melhor material e com quem mais aprova em Concursos P\u00fablicos em todo o pa\u00eds.<\/p>\n    <\/div>\n\n  <\/div>\n<\/div>\n\n\n\n<h2 class=\"has-text-align-center wp-block-heading\" id=\"assinatura-juridica\">Assinatura Jur\u00eddica<\/h2>\n\n\n\n<p class=\"has-text-align-left\">Estude com a maior assinatura jur\u00eddica! Cursos on\u2011line complet\u00edssimos em PDFs e videoaulas, com conte\u00fado te\u00f3rico did\u00e1tico, legisla\u00e7\u00e3o e jurisprud\u00eancia analisados, resolu\u00e7\u00e3o de in\u00fameras quest\u00f5es e resumos ao final de cada aula.<\/p>\n\n\n\n<p class=\"has-text-align-center has-very-dark-gray-color has-luminous-vivid-amber-background-color has-text-color has-background\" style=\"font-size:clamp(16.293px, 1.018rem + ((1vw - 3.2px) * 0.854), 25px);px\"><strong>ACESSE: <a rel=\"noreferrer noopener\" href=\"https:\/\/www.estrategiaconcursos.com.br\/assinaturas-ecj\/\" target=\"_blank\">Assinatura Jur\u00eddica<\/a><\/strong><\/p>\n","protected":false},"excerpt":{"rendered":"<p>Reforce sua prepara\u00e7\u00e3o com a revis\u00e3o de v\u00e9spera do concurso Defensor DPE PB que acontece neste s\u00e1bado, 30 de abril, a partir das 07:00. Confira abaixo: Defensor DPE PB: cronograma Disciplina Hor\u00e1rio Professor Direitos Humanos 07:00 \u00e0s 08:00 Rafael Barreto Direito Constitucional 08:00 \u00e0s 09:00 Marcos Gomes Direito Penal e Criminologia 09:00 \u00e0s 10:00 Allan [&hellip;]<\/p>\n","protected":false},"author":1,"featured_media":852392,"comment_status":"open","ping_status":"closed","sticky":false,"template":"","format":"standard","meta":{"post_tipo":"news","footnotes":""},"categories":[220193],"tags":[],"tax_estado":[219978],"class_list":["post-1014381","post","type-post","status-publish","format-standard","has-post-thumbnail","hentry","category-defensoria-publica","tax_estado-pb"],"acf":[],"yoast_head":"<!-- This site is optimized with the Yoast SEO Premium plugin v27.2 (Yoast SEO v27.2) - https:\/\/yoast.com\/product\/yoast-seo-premium-wordpress\/ -->\n<title>Defensor DPE PB: Revis\u00e3o de V\u00e9spera<\/title>\n<meta name=\"description\" content=\"Defensor DPE PB: reforce seus estudos com a Revis\u00e3o de V\u00e9spera que acontece neste s\u00e1bado, 30 de abril de 2022.\" \/>\n<meta name=\"robots\" content=\"index, follow, max-snippet:-1, max-image-preview:large, max-video-preview:-1\" \/>\n<link rel=\"canonical\" href=\"https:\/\/www.estrategiaconcursos.com.br\/blog\/defensor-dpe-pb-revisao-de-vespera\/\" \/>\n<meta property=\"og:locale\" content=\"pt_BR\" \/>\n<meta property=\"og:type\" content=\"article\" \/>\n<meta property=\"og:title\" content=\"Defensor DPE PB: Revis\u00e3o de V\u00e9spera\" \/>\n<meta property=\"og:description\" content=\"Defensor DPE PB: reforce seus estudos com a Revis\u00e3o de V\u00e9spera que acontece neste s\u00e1bado, 30 de abril de 2022.\" \/>\n<meta property=\"og:url\" content=\"https:\/\/www.estrategiaconcursos.com.br\/blog\/defensor-dpe-pb-revisao-de-vespera\/\" \/>\n<meta property=\"og:site_name\" content=\"Estrat\u00e9gia Concursos\" \/>\n<meta property=\"article:author\" content=\"https:\/\/www.facebook.com\/EstrategiaConcursos\" \/>\n<meta property=\"article:published_time\" content=\"2022-04-30T09:30:00+00:00\" \/>\n<meta property=\"og:image\" content=\"https:\/\/dhg1h5j42swfq.cloudfront.net\/2021\/08\/02114956\/dpe_pb_defensor.jpeg\" \/>\n\t<meta property=\"og:image:width\" content=\"768\" \/>\n\t<meta property=\"og:image:height\" content=\"432\" \/>\n\t<meta property=\"og:image:type\" content=\"image\/jpeg\" \/>\n<meta name=\"author\" content=\"Coordena\u00e7\u00e3o\" \/>\n<meta name=\"twitter:card\" content=\"summary_large_image\" \/>\n<meta name=\"twitter:creator\" content=\"@EstratConcursos\" \/>\n<meta name=\"twitter:site\" content=\"@EstratConcursos\" \/>\n<meta name=\"twitter:label1\" content=\"Escrito por\" \/>\n\t<meta name=\"twitter:data1\" content=\"Coordena\u00e7\u00e3o\" \/>\n\t<meta name=\"twitter:label2\" content=\"Est. tempo de leitura\" \/>\n\t<meta name=\"twitter:data2\" content=\"4 minutos\" \/>\n<script type=\"application\/ld+json\" class=\"yoast-schema-graph\">{\"@context\":\"https:\/\/schema.org\",\"@graph\":[{\"@type\":\"NewsArticle\",\"@id\":\"https:\/\/www.estrategiaconcursos.com.br\/blog\/defensor-dpe-pb-revisao-de-vespera\/#article\",\"isPartOf\":{\"@id\":\"https:\/\/www.estrategiaconcursos.com.br\/blog\/defensor-dpe-pb-revisao-de-vespera\/\"},\"author\":{\"name\":\"Coordena\u00e7\u00e3o\",\"@id\":\"https:\/\/www.estrategiaconcursos.com.br\/blog\/#\/schema\/person\/b4a388c97673c5f483d72185668afa1f\"},\"headline\":\"Defensor DPE PB: Revis\u00e3o de V\u00e9spera\",\"datePublished\":\"2022-04-30T09:30:00+00:00\",\"mainEntityOfPage\":{\"@id\":\"https:\/\/www.estrategiaconcursos.com.br\/blog\/defensor-dpe-pb-revisao-de-vespera\/\"},\"wordCount\":735,\"commentCount\":0,\"publisher\":{\"@id\":\"https:\/\/www.estrategiaconcursos.com.br\/blog\/#organization\"},\"image\":{\"@id\":\"https:\/\/www.estrategiaconcursos.com.br\/blog\/defensor-dpe-pb-revisao-de-vespera\/#primaryimage\"},\"thumbnailUrl\":\"https:\/\/dhg1h5j42swfq.cloudfront.net\/2021\/08\/02114956\/dpe_pb_defensor.jpeg\",\"articleSection\":[\"Jur\u00eddico - Defensoria P\u00fablica\"],\"inLanguage\":\"pt-BR\",\"potentialAction\":[{\"@type\":\"CommentAction\",\"name\":\"Comment\",\"target\":[\"https:\/\/www.estrategiaconcursos.com.br\/blog\/defensor-dpe-pb-revisao-de-vespera\/#respond\"]}],\"copyrightYear\":\"2022\",\"copyrightHolder\":{\"@id\":\"https:\/\/www.estrategiaconcursos.com.br\/blog\/#organization\"}},{\"@type\":\"WebPage\",\"@id\":\"https:\/\/www.estrategiaconcursos.com.br\/blog\/defensor-dpe-pb-revisao-de-vespera\/\",\"url\":\"https:\/\/www.estrategiaconcursos.com.br\/blog\/defensor-dpe-pb-revisao-de-vespera\/\",\"name\":\"Defensor DPE PB: Revis\u00e3o de V\u00e9spera\",\"isPartOf\":{\"@id\":\"https:\/\/www.estrategiaconcursos.com.br\/blog\/#website\"},\"primaryImageOfPage\":{\"@id\":\"https:\/\/www.estrategiaconcursos.com.br\/blog\/defensor-dpe-pb-revisao-de-vespera\/#primaryimage\"},\"image\":{\"@id\":\"https:\/\/www.estrategiaconcursos.com.br\/blog\/defensor-dpe-pb-revisao-de-vespera\/#primaryimage\"},\"thumbnailUrl\":\"https:\/\/dhg1h5j42swfq.cloudfront.net\/2021\/08\/02114956\/dpe_pb_defensor.jpeg\",\"datePublished\":\"2022-04-30T09:30:00+00:00\",\"description\":\"Defensor DPE PB: reforce seus estudos com a Revis\u00e3o de V\u00e9spera que acontece neste s\u00e1bado, 30 de abril de 2022.\",\"breadcrumb\":{\"@id\":\"https:\/\/www.estrategiaconcursos.com.br\/blog\/defensor-dpe-pb-revisao-de-vespera\/#breadcrumb\"},\"inLanguage\":\"pt-BR\",\"potentialAction\":[{\"@type\":\"ReadAction\",\"target\":[\"https:\/\/www.estrategiaconcursos.com.br\/blog\/defensor-dpe-pb-revisao-de-vespera\/\"]}]},{\"@type\":\"ImageObject\",\"inLanguage\":\"pt-BR\",\"@id\":\"https:\/\/www.estrategiaconcursos.com.br\/blog\/defensor-dpe-pb-revisao-de-vespera\/#primaryimage\",\"url\":\"https:\/\/dhg1h5j42swfq.cloudfront.net\/2021\/08\/02114956\/dpe_pb_defensor.jpeg\",\"contentUrl\":\"https:\/\/dhg1h5j42swfq.cloudfront.net\/2021\/08\/02114956\/dpe_pb_defensor.jpeg\",\"width\":768,\"height\":432},{\"@type\":\"BreadcrumbList\",\"@id\":\"https:\/\/www.estrategiaconcursos.com.br\/blog\/defensor-dpe-pb-revisao-de-vespera\/#breadcrumb\",\"itemListElement\":[{\"@type\":\"ListItem\",\"position\":1,\"name\":\"In\u00edcio\",\"item\":\"https:\/\/www.estrategiaconcursos.com.br\/blog\/\"},{\"@type\":\"ListItem\",\"position\":2,\"name\":\"Defensor DPE PB: Revis\u00e3o de V\u00e9spera\"}]},{\"@type\":\"WebSite\",\"@id\":\"https:\/\/www.estrategiaconcursos.com.br\/blog\/#website\",\"url\":\"https:\/\/www.estrategiaconcursos.com.br\/blog\/\",\"name\":\"Estrat\u00e9gia Concursos\",\"description\":\"O blog da Estrat\u00e9gia Concursos traz not\u00edcias sobre concursos e artigos de professores oferecendo cursos para concursos (pdf + videaulas) no site.\",\"publisher\":{\"@id\":\"https:\/\/www.estrategiaconcursos.com.br\/blog\/#organization\"},\"potentialAction\":[{\"@type\":\"SearchAction\",\"target\":{\"@type\":\"EntryPoint\",\"urlTemplate\":\"https:\/\/www.estrategiaconcursos.com.br\/blog\/?s={search_term_string}\"},\"query-input\":{\"@type\":\"PropertyValueSpecification\",\"valueRequired\":true,\"valueName\":\"search_term_string\"}}],\"inLanguage\":\"pt-BR\"},{\"@type\":\"Organization\",\"@id\":\"https:\/\/www.estrategiaconcursos.com.br\/blog\/#organization\",\"name\":\"Estrat\u00e9gia Concursos\",\"url\":\"https:\/\/www.estrategiaconcursos.com.br\/blog\/\",\"logo\":{\"@type\":\"ImageObject\",\"inLanguage\":\"pt-BR\",\"@id\":\"https:\/\/www.estrategiaconcursos.com.br\/blog\/#\/schema\/logo\/image\/\",\"url\":\"https:\/\/dhg1h5j42swfq.cloudfront.net\/2025\/06\/03203428\/logo_concursos-1.jpg\",\"contentUrl\":\"https:\/\/dhg1h5j42swfq.cloudfront.net\/2025\/06\/03203428\/logo_concursos-1.jpg\",\"width\":230,\"height\":60,\"caption\":\"Estrat\u00e9gia Concursos\"},\"image\":{\"@id\":\"https:\/\/www.estrategiaconcursos.com.br\/blog\/#\/schema\/logo\/image\/\"},\"sameAs\":[\"https:\/\/x.com\/EstratConcursos\"]},{\"@type\":\"Person\",\"@id\":\"https:\/\/www.estrategiaconcursos.com.br\/blog\/#\/schema\/person\/b4a388c97673c5f483d72185668afa1f\",\"name\":\"Coordena\u00e7\u00e3o\",\"image\":{\"@type\":\"ImageObject\",\"inLanguage\":\"pt-BR\",\"@id\":\"https:\/\/secure.gravatar.com\/avatar\/b720319e4c9a967eb58678d110f4fe35452fc5d5f97b202bac7b8acceb18c6ad?s=96&d=mm&r=g\",\"url\":\"https:\/\/secure.gravatar.com\/avatar\/b720319e4c9a967eb58678d110f4fe35452fc5d5f97b202bac7b8acceb18c6ad?s=96&d=mm&r=g\",\"contentUrl\":\"https:\/\/secure.gravatar.com\/avatar\/b720319e4c9a967eb58678d110f4fe35452fc5d5f97b202bac7b8acceb18c6ad?s=96&d=mm&r=g\",\"caption\":\"Coordena\u00e7\u00e3o\"},\"sameAs\":[\"https:\/\/www.facebook.com\/EstrategiaConcursos\",\"https:\/\/x.com\/EstratConcursos\"],\"url\":\"https:\/\/www.estrategiaconcursos.com.br\/blog\/author\/estrategia2013\/\"}]}<\/script>\n<!-- \/ Yoast SEO Premium plugin. -->","yoast_head_json":{"title":"Defensor DPE PB: Revis\u00e3o de V\u00e9spera","description":"Defensor DPE PB: reforce seus estudos com a Revis\u00e3o de V\u00e9spera que acontece neste s\u00e1bado, 30 de abril de 2022.","robots":{"index":"index","follow":"follow","max-snippet":"max-snippet:-1","max-image-preview":"max-image-preview:large","max-video-preview":"max-video-preview:-1"},"canonical":"https:\/\/www.estrategiaconcursos.com.br\/blog\/defensor-dpe-pb-revisao-de-vespera\/","og_locale":"pt_BR","og_type":"article","og_title":"Defensor DPE PB: Revis\u00e3o de V\u00e9spera","og_description":"Defensor DPE PB: reforce seus estudos com a Revis\u00e3o de V\u00e9spera que acontece neste s\u00e1bado, 30 de abril de 2022.","og_url":"https:\/\/www.estrategiaconcursos.com.br\/blog\/defensor-dpe-pb-revisao-de-vespera\/","og_site_name":"Estrat\u00e9gia Concursos","article_author":"https:\/\/www.facebook.com\/EstrategiaConcursos","article_published_time":"2022-04-30T09:30:00+00:00","og_image":[{"width":768,"height":432,"url":"https:\/\/dhg1h5j42swfq.cloudfront.net\/2021\/08\/02114956\/dpe_pb_defensor.jpeg","type":"image\/jpeg"}],"author":"Coordena\u00e7\u00e3o","twitter_card":"summary_large_image","twitter_creator":"@EstratConcursos","twitter_site":"@EstratConcursos","twitter_misc":{"Escrito por":"Coordena\u00e7\u00e3o","Est. tempo de leitura":"4 minutos"},"schema":{"@context":"https:\/\/schema.org","@graph":[{"@type":"NewsArticle","@id":"https:\/\/www.estrategiaconcursos.com.br\/blog\/defensor-dpe-pb-revisao-de-vespera\/#article","isPartOf":{"@id":"https:\/\/www.estrategiaconcursos.com.br\/blog\/defensor-dpe-pb-revisao-de-vespera\/"},"author":{"name":"Coordena\u00e7\u00e3o","@id":"https:\/\/www.estrategiaconcursos.com.br\/blog\/#\/schema\/person\/b4a388c97673c5f483d72185668afa1f"},"headline":"Defensor DPE PB: Revis\u00e3o de V\u00e9spera","datePublished":"2022-04-30T09:30:00+00:00","mainEntityOfPage":{"@id":"https:\/\/www.estrategiaconcursos.com.br\/blog\/defensor-dpe-pb-revisao-de-vespera\/"},"wordCount":735,"commentCount":0,"publisher":{"@id":"https:\/\/www.estrategiaconcursos.com.br\/blog\/#organization"},"image":{"@id":"https:\/\/www.estrategiaconcursos.com.br\/blog\/defensor-dpe-pb-revisao-de-vespera\/#primaryimage"},"thumbnailUrl":"https:\/\/dhg1h5j42swfq.cloudfront.net\/2021\/08\/02114956\/dpe_pb_defensor.jpeg","articleSection":["Jur\u00eddico - Defensoria P\u00fablica"],"inLanguage":"pt-BR","potentialAction":[{"@type":"CommentAction","name":"Comment","target":["https:\/\/www.estrategiaconcursos.com.br\/blog\/defensor-dpe-pb-revisao-de-vespera\/#respond"]}],"copyrightYear":"2022","copyrightHolder":{"@id":"https:\/\/www.estrategiaconcursos.com.br\/blog\/#organization"}},{"@type":"WebPage","@id":"https:\/\/www.estrategiaconcursos.com.br\/blog\/defensor-dpe-pb-revisao-de-vespera\/","url":"https:\/\/www.estrategiaconcursos.com.br\/blog\/defensor-dpe-pb-revisao-de-vespera\/","name":"Defensor DPE PB: Revis\u00e3o de V\u00e9spera","isPartOf":{"@id":"https:\/\/www.estrategiaconcursos.com.br\/blog\/#website"},"primaryImageOfPage":{"@id":"https:\/\/www.estrategiaconcursos.com.br\/blog\/defensor-dpe-pb-revisao-de-vespera\/#primaryimage"},"image":{"@id":"https:\/\/www.estrategiaconcursos.com.br\/blog\/defensor-dpe-pb-revisao-de-vespera\/#primaryimage"},"thumbnailUrl":"https:\/\/dhg1h5j42swfq.cloudfront.net\/2021\/08\/02114956\/dpe_pb_defensor.jpeg","datePublished":"2022-04-30T09:30:00+00:00","description":"Defensor DPE PB: reforce seus estudos com a Revis\u00e3o de V\u00e9spera que acontece neste s\u00e1bado, 30 de abril de 2022.","breadcrumb":{"@id":"https:\/\/www.estrategiaconcursos.com.br\/blog\/defensor-dpe-pb-revisao-de-vespera\/#breadcrumb"},"inLanguage":"pt-BR","potentialAction":[{"@type":"ReadAction","target":["https:\/\/www.estrategiaconcursos.com.br\/blog\/defensor-dpe-pb-revisao-de-vespera\/"]}]},{"@type":"ImageObject","inLanguage":"pt-BR","@id":"https:\/\/www.estrategiaconcursos.com.br\/blog\/defensor-dpe-pb-revisao-de-vespera\/#primaryimage","url":"https:\/\/dhg1h5j42swfq.cloudfront.net\/2021\/08\/02114956\/dpe_pb_defensor.jpeg","contentUrl":"https:\/\/dhg1h5j42swfq.cloudfront.net\/2021\/08\/02114956\/dpe_pb_defensor.jpeg","width":768,"height":432},{"@type":"BreadcrumbList","@id":"https:\/\/www.estrategiaconcursos.com.br\/blog\/defensor-dpe-pb-revisao-de-vespera\/#breadcrumb","itemListElement":[{"@type":"ListItem","position":1,"name":"In\u00edcio","item":"https:\/\/www.estrategiaconcursos.com.br\/blog\/"},{"@type":"ListItem","position":2,"name":"Defensor DPE PB: Revis\u00e3o de V\u00e9spera"}]},{"@type":"WebSite","@id":"https:\/\/www.estrategiaconcursos.com.br\/blog\/#website","url":"https:\/\/www.estrategiaconcursos.com.br\/blog\/","name":"Estrat\u00e9gia Concursos","description":"O blog da Estrat\u00e9gia Concursos traz not\u00edcias sobre concursos e artigos de professores oferecendo cursos para concursos (pdf + videaulas) no site.","publisher":{"@id":"https:\/\/www.estrategiaconcursos.com.br\/blog\/#organization"},"potentialAction":[{"@type":"SearchAction","target":{"@type":"EntryPoint","urlTemplate":"https:\/\/www.estrategiaconcursos.com.br\/blog\/?s={search_term_string}"},"query-input":{"@type":"PropertyValueSpecification","valueRequired":true,"valueName":"search_term_string"}}],"inLanguage":"pt-BR"},{"@type":"Organization","@id":"https:\/\/www.estrategiaconcursos.com.br\/blog\/#organization","name":"Estrat\u00e9gia Concursos","url":"https:\/\/www.estrategiaconcursos.com.br\/blog\/","logo":{"@type":"ImageObject","inLanguage":"pt-BR","@id":"https:\/\/www.estrategiaconcursos.com.br\/blog\/#\/schema\/logo\/image\/","url":"https:\/\/dhg1h5j42swfq.cloudfront.net\/2025\/06\/03203428\/logo_concursos-1.jpg","contentUrl":"https:\/\/dhg1h5j42swfq.cloudfront.net\/2025\/06\/03203428\/logo_concursos-1.jpg","width":230,"height":60,"caption":"Estrat\u00e9gia Concursos"},"image":{"@id":"https:\/\/www.estrategiaconcursos.com.br\/blog\/#\/schema\/logo\/image\/"},"sameAs":["https:\/\/x.com\/EstratConcursos"]},{"@type":"Person","@id":"https:\/\/www.estrategiaconcursos.com.br\/blog\/#\/schema\/person\/b4a388c97673c5f483d72185668afa1f","name":"Coordena\u00e7\u00e3o","image":{"@type":"ImageObject","inLanguage":"pt-BR","@id":"https:\/\/secure.gravatar.com\/avatar\/b720319e4c9a967eb58678d110f4fe35452fc5d5f97b202bac7b8acceb18c6ad?s=96&d=mm&r=g","url":"https:\/\/secure.gravatar.com\/avatar\/b720319e4c9a967eb58678d110f4fe35452fc5d5f97b202bac7b8acceb18c6ad?s=96&d=mm&r=g","contentUrl":"https:\/\/secure.gravatar.com\/avatar\/b720319e4c9a967eb58678d110f4fe35452fc5d5f97b202bac7b8acceb18c6ad?s=96&d=mm&r=g","caption":"Coordena\u00e7\u00e3o"},"sameAs":["https:\/\/www.facebook.com\/EstrategiaConcursos","https:\/\/x.com\/EstratConcursos"],"url":"https:\/\/www.estrategiaconcursos.com.br\/blog\/author\/estrategia2013\/"}]}},"_links":{"self":[{"href":"https:\/\/www.estrategiaconcursos.com.br\/blog\/wp-json\/wp\/v2\/posts\/1014381","targetHints":{"allow":["GET"]}}],"collection":[{"href":"https:\/\/www.estrategiaconcursos.com.br\/blog\/wp-json\/wp\/v2\/posts"}],"about":[{"href":"https:\/\/www.estrategiaconcursos.com.br\/blog\/wp-json\/wp\/v2\/types\/post"}],"author":[{"embeddable":true,"href":"https:\/\/www.estrategiaconcursos.com.br\/blog\/wp-json\/wp\/v2\/users\/1"}],"replies":[{"embeddable":true,"href":"https:\/\/www.estrategiaconcursos.com.br\/blog\/wp-json\/wp\/v2\/comments?post=1014381"}],"version-history":[{"count":13,"href":"https:\/\/www.estrategiaconcursos.com.br\/blog\/wp-json\/wp\/v2\/posts\/1014381\/revisions"}],"predecessor-version":[{"id":1014422,"href":"https:\/\/www.estrategiaconcursos.com.br\/blog\/wp-json\/wp\/v2\/posts\/1014381\/revisions\/1014422"}],"wp:featuredmedia":[{"embeddable":true,"href":"https:\/\/www.estrategiaconcursos.com.br\/blog\/wp-json\/wp\/v2\/media\/852392"}],"wp:attachment":[{"href":"https:\/\/www.estrategiaconcursos.com.br\/blog\/wp-json\/wp\/v2\/media?parent=1014381"}],"wp:term":[{"taxonomy":"category","embeddable":true,"href":"https:\/\/www.estrategiaconcursos.com.br\/blog\/wp-json\/wp\/v2\/categories?post=1014381"},{"taxonomy":"post_tag","embeddable":true,"href":"https:\/\/www.estrategiaconcursos.com.br\/blog\/wp-json\/wp\/v2\/tags?post=1014381"},{"taxonomy":"tax_estado","embeddable":true,"href":"https:\/\/www.estrategiaconcursos.com.br\/blog\/wp-json\/wp\/v2\/tax_estado?post=1014381"}],"curies":[{"name":"wp","href":"https:\/\/api.w.org\/{rel}","templated":true}]}}