{"id":1013612,"date":"2022-04-22T14:56:41","date_gmt":"2022-04-22T17:56:41","guid":{"rendered":"https:\/\/www.estrategiaconcursos.com.br\/blog\/?p=1013612"},"modified":"2022-10-15T11:38:57","modified_gmt":"2022-10-15T14:38:57","slug":"concurso-sefaz-pe-isencao-da-taxa","status":"publish","type":"post","link":"https:\/\/www.estrategiaconcursos.com.br\/blog\/concurso-sefaz-pe-isencao-da-taxa\/","title":{"rendered":"Concurso Sefaz PE: como garantir a isen\u00e7\u00e3o da taxa?"},"content":{"rendered":"\n<p>Publicado h\u00e1 pouco tempo, o edital do concurso Sefaz PE est\u00e1 com inscri\u00e7\u00f5es abertas. <strong>Al\u00e9m disso, tamb\u00e9m est\u00e1 dispon\u00edvel o prazo para realizar a solicita\u00e7\u00e3o da isen\u00e7\u00e3o da taxa fixada.<\/strong><\/p>\n\n\n\n<p>Entretanto, o requerimento se limita apenas a alguns candidatos, sendo aqueles que se enquadram em requisitos estabelecidos por Lei. <\/p>\n\n\n\n<p>Neste artigo voc\u00ea vai ficar por dentro de todos os detalhes acerca da isen\u00e7\u00e3o da taxa do concurso Sefaz PE. Acompanhe logo abaixo!<\/p>\n\n\n\n<figure class=\"wp-block-image aligncenter size-full is-resized\"><img loading=\"lazy\" decoding=\"async\" src=\"https:\/\/dhg1h5j42swfq.cloudfront.net\/2022\/04\/22145520\/175068.jpg\" alt=\"Como solicitar a isen\u00e7\u00e3o da taxa do concurso Sefaz PE?\" class=\"wp-image-1013682\" width=\"889\" height=\"391\" srcset=\"https:\/\/dhg1h5j42swfq.cloudfront.net\/2022\/04\/22145520\/175068.jpg 646w, https:\/\/dhg1h5j42swfq.cloudfront.net\/2022\/04\/22145520\/175068-300x132.jpg 300w, https:\/\/dhg1h5j42swfq.cloudfront.net\/2022\/04\/22145520\/175068-610x268.jpg 610w\" sizes=\"auto, (max-width: 889px) 100vw, 889px\" \/><\/figure>\n\n\n\n<p>Para come\u00e7ar, \u00e9 importante frisar que o per\u00edodo de inscri\u00e7\u00f5es e de solicita\u00e7\u00e3o da isen\u00e7\u00e3o \u00e9 o mesmo, entre os dias 05 de abril a 05 de maio.<\/p>\n\n\n\n<p>Dito isso, \u00e9 importante verificar se voc\u00ea possui o direito a isen\u00e7\u00e3o do valor da taxa, que pode variar entre R$ 100 (n\u00edvel m\u00e9dio) e R$ 130 (n\u00edvel superior). <\/p>\n\n\n\n<h2 class=\"wp-block-heading\" id=\"quem-pode-solicitar-a-isencao-do-valor-da-taxa-do-concurso-sefaz-pe\">Quem pode solicitar a isen\u00e7\u00e3o do valor da taxa do concurso Sefaz PE?<\/h2>\n\n\n\n<p>Haver\u00e1 isen\u00e7\u00e3o total do valor da taxa de inscri\u00e7\u00e3o somente para os amparados pela Lei Estadual n\u00ba 14.538, de 14 de dezembro de 2011, e que se enquadram nas seguintes possibilidades:<\/p>\n\n\n\n<p><strong>1\u00ba<\/strong> <strong>POSSIBILIDADE (Cad\u00danico)<\/strong><\/p>\n\n\n\n<ul class=\"wp-block-list\"><li>a) preenchimento eletr\u00f4nico do requerimento dispon\u00edvel no site de inscri\u00e7\u00e3o com a indica\u00e7\u00e3o do N\u00famero de Identifica\u00e7\u00e3o Social (NIS), atribu\u00eddo pelo Cad\u00danico;<\/li><li>b) preenchimento eletr\u00f4nico de declara\u00e7\u00e3o de que \u00e9 membro de fam\u00edlia de baixa renda (declara\u00e7\u00e3o de hipossufici\u00eancia).<\/li><\/ul>\n\n\n\n<p><strong>2\u00ba POSSIBILIDADE (doador regular de sangue)<\/strong><\/p>\n\n\n\n<p>Apresentar documento expedido por entidade reconhecida pelo Governo do Estado de Pernambuco, com registro de doa\u00e7\u00e3o m\u00ednima de 3 vezes para homens e de 2 vezes para mulheres, nos \u00faltimos 12 meses que antecedem \u00e0 data de publica\u00e7\u00e3o do edital do concurso.<\/p>\n\n\n\n<p><strong>3\u00ba POSSIBILIDADE (doador de medula \u00f3ssea)<\/strong><\/p>\n\n\n\n<p>Inscri\u00e7\u00e3o no Registro Nacional de Doadores de Medula \u00d3ssea (REDOME) e declara\u00e7\u00e3o expedida por entidade reconhecida pelo Governo do Estado.<\/p>\n\n\n\n<p>Ser\u00e1 necess\u00e1rio informa\u00e7\u00e3o a condi\u00e7\u00e3o de doador h\u00e1 pelo menos 12 meses que antecedem a publica\u00e7\u00e3o<br \/>do edital do concurso.<\/p>\n\n\n\n<p><strong>4\u00ba POSSIBILIDADE (doador de livros ao \u201cBanco do Livro\u201d do estado de Pernambuco)<\/strong><\/p>\n\n\n\n<p>O &#8220;Banco do Livro&#8221; ter\u00e1 por finalidade receber doa\u00e7\u00f5es de livros, revistas e CDs e distribu\u00ed-los \u00e0s Bibliotecas P\u00fablicas e Escolares. <\/p>\n\n\n\n<p>O documento pode ser expedido pelo \u00f3rg\u00e3o gestor do \u201cBanco do Livro\u201d, com registro de doa\u00e7\u00e3o<br \/>m\u00ednima de 50 livros.<\/p>\n\n\n\n<p><strong>5\u00ba POSSIBILIDADE (ensino m\u00e9dio ou t\u00e9cnico conclu\u00eddo em institui\u00e7\u00e3o p\u00fablica de ensino h\u00e1 menos de tr\u00eas anos da data de publica\u00e7\u00e3o deste edital)<\/strong><\/p>\n\n\n\n<ul class=\"wp-block-list\"><li>a) certificado de conclus\u00e3o do ensino t\u00e9cnico ou do ensino m\u00e9dio ou hist\u00f3rico escolar, que demonstre Inequivocadamente a data de conclus\u00e3o; e <\/li><li>b) preenchimento eletr\u00f4nico de declara\u00e7\u00e3o de que \u00e9 membro de fam\u00edlia de baixa renda (declara\u00e7\u00e3o de hipossufici\u00eancia).<\/li><\/ul>\n\n\n\n<p><strong>6\u00ba POSSIBILIDADE (pessoas com defici\u00eancia)<\/strong><\/p>\n\n\n\n<p>Envio do laudo m\u00e9dico, emitido no m\u00e1ximo 12 meses antes da data de publica\u00e7\u00e3o deste Edital. <\/p>\n\n\n\n<p>O laudo deve atestar a esp\u00e9cie e o grau ou n\u00edvel de sua defici\u00eancia, doen\u00e7a ou limita\u00e7\u00e3o f\u00edsica, com expressa refer\u00eancia ao c\u00f3digo correspondente da CID-10.<\/p>\n\n\n\n<p>Al\u00e9m disso, ser\u00e1 necess\u00e1rio conter a assinatura e o carimbo do m\u00e9dico com o n\u00famero de sua inscri\u00e7\u00e3o no CRM.<\/p>\n\n\n\n<h2 class=\"wp-block-heading\" id=\"onde-eu-devo-realizar-o-procedimento-de-solicitacao-da-isencao\">Onde eu devo realizar o procedimento de solicita\u00e7\u00e3o da isen\u00e7\u00e3o?<\/h2>\n\n\n\n<p>O candidato dever\u00e1 solicitar isen\u00e7\u00e3o de taxa no ato da inscri\u00e7\u00e3o, mediante requerimento, atrav\u00e9s do site da banca organizadora, <strong><a href=\"http:\/\/www.upenet.com.br\/concursos\/22_Sefaz\/22_SEFAZ.html\" target=\"_blank\" rel=\"noreferrer noopener\">IAUPE<\/a><\/strong>.<\/p>\n\n\n\n<p>Ap\u00f3s realizar o procedimento, o requerente deve aguardar a publica\u00e7\u00e3o do resultado das inscri\u00e7\u00f5es deferidas, previsto para o dia 17 de maio. <\/p>\n\n\n\n<p>Gostou das informa\u00e7\u00f5es dispon\u00edveis at\u00e9 aqui? Quer saber outros detalhes acerca do concurso Sefaz PE? Ent\u00e3o acesse agora mesmo o artigo exclusivo e muito mais completo que preparamos para voc\u00ea:<\/p>\n\n\n\n<p class=\"has-text-align-center has-background\" style=\"background-color:#e9e9e9;font-size:clamp(14.642px, 0.915rem + ((1vw - 3.2px) * 0.721), 22px);\"><strong>Saiba mais: <a href=\"https:\/\/www.estrategiaconcursos.com.br\/blog\/concurso-sefaz-pe\/\" target=\"_blank\" rel=\"noreferrer noopener\">Concurso Sefaz PE<\/a><\/strong><\/p>\n\n\n\n<h2 class=\"has-text-align-center wp-block-heading\" id=\"cursos-assinatura\">Quer estudar para o concurso Sefaz PE?<\/h2>\n\n\n\n<div class=\"container\" id=\"boxes\">\n  <div class=\"row\">\n\n    <div class=\"col-sm\">\n      <div class=\"banner-estrategia\" id=\"box-assinatura\">\n        <h3 class=\"titulo-assinatura\">Concurso Sefaz PE<\/h3>\n        <p class=\"subtitulo-assinatura\">Conhe\u00e7a os cursos<\/p>\n        <div class=\"box-botao\">\n          <a class=\"btn-assinatura\" target=\"_blank\" href=\"https:\/\/www.estrategiaconcursos.com.br\/cursosPorConcurso\/sefaz-pe-ou-icms-pe-285\/\" role=\"button\" rel=\"noopener noreferrer\">Conhe\u00e7a mais<\/a>\n        <\/div>\n      <\/div>\n     \n    <\/div>\n\n  <\/div>\n<\/div>\n\n\n\n<div class=\"container\" id=\"boxes\">\n  <div class=\"row\">\n\n    <div class=\"col-sm\">\n      <div class=\"estrategia\" id=\"box-assinatura\">\n        <h3 class=\"titulo-assinatura\">Assinatura Concursos<\/h3>\n        <p class=\"subtitulo-assinatura\">Assinatura de 1 ano ou 2 anos<\/p>\n        <div class=\"box-botao\">\n          <a class=\"btn-assinatura\" target=\"_blank\" href=\"https:\/\/www.estrategiaconcursos.com.br\/assinaturas\/\" role=\"button\" rel=\"noopener noreferrer\">ASSINE AGORA<\/a>\n        <\/div>\n      <\/div><\/div><\/div><\/div>\n\n\n\n<h2 class=\"has-text-align-center wp-block-heading\" id=\"h-quer-saber-tudo-sobre-concursos-previstos-confira-nossos-artigos\">Quer saber tudo sobre concursos previstos?<br \/>Confira nossos artigos!<\/h2>\n\n\n\n<ul class=\"wp-block-list\"><li><a href=\"https:\/\/www.estrategiaconcursos.com.br\/blog\/concursos-abertos\/\" target=\"_blank\" rel=\"noreferrer noopener\">Concursos abertos<\/a><\/li><li><a href=\"https:\/\/www.estrategiaconcursos.com.br\/blog\/concursos-2022\/\" target=\"_blank\" rel=\"noreferrer noopener\">Concursos 2022<\/a><\/li><\/ul>\n","protected":false},"excerpt":{"rendered":"<p>Publicado h\u00e1 pouco tempo, o edital do concurso Sefaz PE est\u00e1 com inscri\u00e7\u00f5es abertas. Al\u00e9m disso, tamb\u00e9m est\u00e1 dispon\u00edvel o prazo para realizar a solicita\u00e7\u00e3o da isen\u00e7\u00e3o da taxa fixada. Entretanto, o requerimento se limita apenas a alguns candidatos, sendo aqueles que se enquadram em requisitos estabelecidos por Lei. Neste artigo voc\u00ea vai ficar por [&hellip;]<\/p>\n","protected":false},"author":656,"featured_media":980849,"comment_status":"open","ping_status":"closed","sticky":false,"template":"","format":"standard","meta":{"post_tipo":"news","footnotes":""},"categories":[1983,220219],"tags":[],"tax_estado":[219979],"class_list":["post-1013612","post","type-post","status-publish","format-standard","has-post-thumbnail","hentry","category-fiscal-estadual","category-noticias","tax_estado-pe"],"acf":[],"yoast_head":"<!-- This site is optimized with the Yoast SEO Premium plugin v27.2 (Yoast SEO v27.2) - https:\/\/yoast.com\/product\/yoast-seo-premium-wordpress\/ -->\n<title>Concurso Sefaz PE: como garantir a isen\u00e7\u00e3o da taxa?<\/title>\n<meta name=\"description\" content=\"Concurso Sefaz PE: saiba como solicitar a isen\u00e7\u00e3o do valor da taxa fixada. O prazo segue aberto at\u00e9 o dia 05 de maio.\" \/>\n<meta name=\"robots\" content=\"index, follow, max-snippet:-1, max-image-preview:large, max-video-preview:-1\" \/>\n<link rel=\"canonical\" href=\"https:\/\/www.estrategiaconcursos.com.br\/blog\/concurso-sefaz-pe-isencao-da-taxa\/\" \/>\n<meta property=\"og:locale\" content=\"pt_BR\" \/>\n<meta property=\"og:type\" content=\"article\" \/>\n<meta property=\"og:title\" content=\"Concurso Sefaz PE: como garantir a isen\u00e7\u00e3o da taxa?\" \/>\n<meta property=\"og:description\" content=\"Concurso Sefaz PE: saiba como solicitar a isen\u00e7\u00e3o do valor da taxa fixada. O prazo segue aberto at\u00e9 o dia 05 de maio.\" \/>\n<meta property=\"og:url\" content=\"https:\/\/www.estrategiaconcursos.com.br\/blog\/concurso-sefaz-pe-isencao-da-taxa\/\" \/>\n<meta property=\"og:site_name\" content=\"Estrat\u00e9gia Concursos\" \/>\n<meta property=\"article:published_time\" content=\"2022-04-22T17:56:41+00:00\" \/>\n<meta property=\"article:modified_time\" content=\"2022-10-15T14:38:57+00:00\" \/>\n<meta property=\"og:image\" content=\"https:\/\/dhg1h5j42swfq.cloudfront.net\/2022\/03\/04161031\/sefaz_pe.jpg\" \/>\n\t<meta property=\"og:image:width\" content=\"768\" \/>\n\t<meta property=\"og:image:height\" content=\"432\" \/>\n\t<meta property=\"og:image:type\" content=\"image\/jpeg\" \/>\n<meta name=\"author\" content=\"F\u00e1bio Scaldelai\" \/>\n<meta name=\"twitter:card\" content=\"summary_large_image\" \/>\n<meta name=\"twitter:creator\" content=\"@EstratConcursos\" \/>\n<meta name=\"twitter:site\" content=\"@EstratConcursos\" \/>\n<meta name=\"twitter:label1\" content=\"Escrito por\" \/>\n\t<meta name=\"twitter:data1\" content=\"F\u00e1bio Scaldelai\" \/>\n\t<meta name=\"twitter:label2\" content=\"Est. tempo de leitura\" \/>\n\t<meta name=\"twitter:data2\" content=\"4 minutos\" \/>\n<script type=\"application\/ld+json\" class=\"yoast-schema-graph\">{\"@context\":\"https:\/\/schema.org\",\"@graph\":[{\"@type\":\"NewsArticle\",\"@id\":\"https:\/\/www.estrategiaconcursos.com.br\/blog\/concurso-sefaz-pe-isencao-da-taxa\/#article\",\"isPartOf\":{\"@id\":\"https:\/\/www.estrategiaconcursos.com.br\/blog\/concurso-sefaz-pe-isencao-da-taxa\/\"},\"author\":{\"name\":\"F\u00e1bio Scaldelai\",\"@id\":\"https:\/\/www.estrategiaconcursos.com.br\/blog\/#\/schema\/person\/e3b6b7ce0192dd4ad270655969d61750\"},\"headline\":\"Concurso Sefaz PE: como garantir a isen\u00e7\u00e3o da taxa?\",\"datePublished\":\"2022-04-22T17:56:41+00:00\",\"dateModified\":\"2022-10-15T14:38:57+00:00\",\"mainEntityOfPage\":{\"@id\":\"https:\/\/www.estrategiaconcursos.com.br\/blog\/concurso-sefaz-pe-isencao-da-taxa\/\"},\"wordCount\":692,\"commentCount\":0,\"publisher\":{\"@id\":\"https:\/\/www.estrategiaconcursos.com.br\/blog\/#organization\"},\"image\":{\"@id\":\"https:\/\/www.estrategiaconcursos.com.br\/blog\/concurso-sefaz-pe-isencao-da-taxa\/#primaryimage\"},\"thumbnailUrl\":\"https:\/\/dhg1h5j42swfq.cloudfront.net\/2022\/03\/04161031\/sefaz_pe.jpg\",\"articleSection\":[\"Fiscal - Estadual (ICMS)\",\"\u00daltimas not\u00edcias\"],\"inLanguage\":\"pt-BR\",\"potentialAction\":[{\"@type\":\"CommentAction\",\"name\":\"Comment\",\"target\":[\"https:\/\/www.estrategiaconcursos.com.br\/blog\/concurso-sefaz-pe-isencao-da-taxa\/#respond\"]}],\"copyrightYear\":\"2022\",\"copyrightHolder\":{\"@id\":\"https:\/\/www.estrategiaconcursos.com.br\/blog\/#organization\"}},{\"@type\":\"WebPage\",\"@id\":\"https:\/\/www.estrategiaconcursos.com.br\/blog\/concurso-sefaz-pe-isencao-da-taxa\/\",\"url\":\"https:\/\/www.estrategiaconcursos.com.br\/blog\/concurso-sefaz-pe-isencao-da-taxa\/\",\"name\":\"Concurso Sefaz PE: como garantir a isen\u00e7\u00e3o da taxa?\",\"isPartOf\":{\"@id\":\"https:\/\/www.estrategiaconcursos.com.br\/blog\/#website\"},\"primaryImageOfPage\":{\"@id\":\"https:\/\/www.estrategiaconcursos.com.br\/blog\/concurso-sefaz-pe-isencao-da-taxa\/#primaryimage\"},\"image\":{\"@id\":\"https:\/\/www.estrategiaconcursos.com.br\/blog\/concurso-sefaz-pe-isencao-da-taxa\/#primaryimage\"},\"thumbnailUrl\":\"https:\/\/dhg1h5j42swfq.cloudfront.net\/2022\/03\/04161031\/sefaz_pe.jpg\",\"datePublished\":\"2022-04-22T17:56:41+00:00\",\"dateModified\":\"2022-10-15T14:38:57+00:00\",\"description\":\"Concurso Sefaz PE: saiba como solicitar a isen\u00e7\u00e3o do valor da taxa fixada. O prazo segue aberto at\u00e9 o dia 05 de maio.\",\"breadcrumb\":{\"@id\":\"https:\/\/www.estrategiaconcursos.com.br\/blog\/concurso-sefaz-pe-isencao-da-taxa\/#breadcrumb\"},\"inLanguage\":\"pt-BR\",\"potentialAction\":[{\"@type\":\"ReadAction\",\"target\":[\"https:\/\/www.estrategiaconcursos.com.br\/blog\/concurso-sefaz-pe-isencao-da-taxa\/\"]}]},{\"@type\":\"ImageObject\",\"inLanguage\":\"pt-BR\",\"@id\":\"https:\/\/www.estrategiaconcursos.com.br\/blog\/concurso-sefaz-pe-isencao-da-taxa\/#primaryimage\",\"url\":\"https:\/\/dhg1h5j42swfq.cloudfront.net\/2022\/03\/04161031\/sefaz_pe.jpg\",\"contentUrl\":\"https:\/\/dhg1h5j42swfq.cloudfront.net\/2022\/03\/04161031\/sefaz_pe.jpg\",\"width\":768,\"height\":432,\"caption\":\"Processo Administrativo Tribut\u00e1rio SEFAZ-PE\"},{\"@type\":\"BreadcrumbList\",\"@id\":\"https:\/\/www.estrategiaconcursos.com.br\/blog\/concurso-sefaz-pe-isencao-da-taxa\/#breadcrumb\",\"itemListElement\":[{\"@type\":\"ListItem\",\"position\":1,\"name\":\"In\u00edcio\",\"item\":\"https:\/\/www.estrategiaconcursos.com.br\/blog\/\"},{\"@type\":\"ListItem\",\"position\":2,\"name\":\"Concurso Sefaz PE: como garantir a isen\u00e7\u00e3o da taxa?\"}]},{\"@type\":\"WebSite\",\"@id\":\"https:\/\/www.estrategiaconcursos.com.br\/blog\/#website\",\"url\":\"https:\/\/www.estrategiaconcursos.com.br\/blog\/\",\"name\":\"Estrat\u00e9gia Concursos\",\"description\":\"O blog da Estrat\u00e9gia Concursos traz not\u00edcias sobre concursos e artigos de professores oferecendo cursos para concursos (pdf + videaulas) no site.\",\"publisher\":{\"@id\":\"https:\/\/www.estrategiaconcursos.com.br\/blog\/#organization\"},\"potentialAction\":[{\"@type\":\"SearchAction\",\"target\":{\"@type\":\"EntryPoint\",\"urlTemplate\":\"https:\/\/www.estrategiaconcursos.com.br\/blog\/?s={search_term_string}\"},\"query-input\":{\"@type\":\"PropertyValueSpecification\",\"valueRequired\":true,\"valueName\":\"search_term_string\"}}],\"inLanguage\":\"pt-BR\"},{\"@type\":\"Organization\",\"@id\":\"https:\/\/www.estrategiaconcursos.com.br\/blog\/#organization\",\"name\":\"Estrat\u00e9gia Concursos\",\"url\":\"https:\/\/www.estrategiaconcursos.com.br\/blog\/\",\"logo\":{\"@type\":\"ImageObject\",\"inLanguage\":\"pt-BR\",\"@id\":\"https:\/\/www.estrategiaconcursos.com.br\/blog\/#\/schema\/logo\/image\/\",\"url\":\"https:\/\/dhg1h5j42swfq.cloudfront.net\/2025\/06\/03203428\/logo_concursos-1.jpg\",\"contentUrl\":\"https:\/\/dhg1h5j42swfq.cloudfront.net\/2025\/06\/03203428\/logo_concursos-1.jpg\",\"width\":230,\"height\":60,\"caption\":\"Estrat\u00e9gia Concursos\"},\"image\":{\"@id\":\"https:\/\/www.estrategiaconcursos.com.br\/blog\/#\/schema\/logo\/image\/\"},\"sameAs\":[\"https:\/\/x.com\/EstratConcursos\"]},{\"@type\":\"Person\",\"@id\":\"https:\/\/www.estrategiaconcursos.com.br\/blog\/#\/schema\/person\/e3b6b7ce0192dd4ad270655969d61750\",\"name\":\"F\u00e1bio Scaldelai\",\"image\":{\"@type\":\"ImageObject\",\"inLanguage\":\"pt-BR\",\"@id\":\"https:\/\/secure.gravatar.com\/avatar\/8ed7492c4d88d8495bc0cb24cda6847b8ae23eec459a919e08e77d0ca0fd79ec?s=96&d=mm&r=g\",\"url\":\"https:\/\/secure.gravatar.com\/avatar\/8ed7492c4d88d8495bc0cb24cda6847b8ae23eec459a919e08e77d0ca0fd79ec?s=96&d=mm&r=g\",\"contentUrl\":\"https:\/\/secure.gravatar.com\/avatar\/8ed7492c4d88d8495bc0cb24cda6847b8ae23eec459a919e08e77d0ca0fd79ec?s=96&d=mm&r=g\",\"caption\":\"F\u00e1bio Scaldelai\"},\"description\":\"Jornalista no Estrat\u00e9gia Concursos e Produtor de Televis\u00e3o, formado em Jornalismo, R\u00e1dio e TV pela Faculdade Integrada Rio Branco, com especializa\u00e7\u00f5es em Gest\u00e3o Empresarial e Marketing pelo M\u00f3dulo. Atuou como produtor no SBT, TV Bandeirantes e R\u00e1dio Band FM, al\u00e9m de acumular tr\u00eas anos de experi\u00eancia no setor de concursos p\u00fablicos pela LFG (Luiz Fl\u00e1vio Gomes). No Estrat\u00e9gia Concursos, atua na apura\u00e7\u00e3o de not\u00edcias da \u00e1rea fiscal, al\u00e9m de coberturas sobre concursos das \u00e1reas de controle (TCU, TCE, etc), concurso AFT, \u00e1rea de gest\u00e3o e administrativa, bem como dos \u00f3rg\u00e3os participantes do CNU. Tamb\u00e9m possui experi\u00eancia em link building e an\u00e1lise de m\u00eddia, adquirida durante sua atua\u00e7\u00e3o na ag\u00eancia SEO Marketing.\",\"url\":\"https:\/\/www.estrategiaconcursos.com.br\/blog\/author\/fabio-scaldelaiestrategiaconcursos-com-br\/\"}]}<\/script>\n<!-- \/ Yoast SEO Premium plugin. -->","yoast_head_json":{"title":"Concurso Sefaz PE: como garantir a isen\u00e7\u00e3o da taxa?","description":"Concurso Sefaz PE: saiba como solicitar a isen\u00e7\u00e3o do valor da taxa fixada. O prazo segue aberto at\u00e9 o dia 05 de maio.","robots":{"index":"index","follow":"follow","max-snippet":"max-snippet:-1","max-image-preview":"max-image-preview:large","max-video-preview":"max-video-preview:-1"},"canonical":"https:\/\/www.estrategiaconcursos.com.br\/blog\/concurso-sefaz-pe-isencao-da-taxa\/","og_locale":"pt_BR","og_type":"article","og_title":"Concurso Sefaz PE: como garantir a isen\u00e7\u00e3o da taxa?","og_description":"Concurso Sefaz PE: saiba como solicitar a isen\u00e7\u00e3o do valor da taxa fixada. O prazo segue aberto at\u00e9 o dia 05 de maio.","og_url":"https:\/\/www.estrategiaconcursos.com.br\/blog\/concurso-sefaz-pe-isencao-da-taxa\/","og_site_name":"Estrat\u00e9gia Concursos","article_published_time":"2022-04-22T17:56:41+00:00","article_modified_time":"2022-10-15T14:38:57+00:00","og_image":[{"width":768,"height":432,"url":"https:\/\/dhg1h5j42swfq.cloudfront.net\/2022\/03\/04161031\/sefaz_pe.jpg","type":"image\/jpeg"}],"author":"F\u00e1bio Scaldelai","twitter_card":"summary_large_image","twitter_creator":"@EstratConcursos","twitter_site":"@EstratConcursos","twitter_misc":{"Escrito por":"F\u00e1bio Scaldelai","Est. tempo de leitura":"4 minutos"},"schema":{"@context":"https:\/\/schema.org","@graph":[{"@type":"NewsArticle","@id":"https:\/\/www.estrategiaconcursos.com.br\/blog\/concurso-sefaz-pe-isencao-da-taxa\/#article","isPartOf":{"@id":"https:\/\/www.estrategiaconcursos.com.br\/blog\/concurso-sefaz-pe-isencao-da-taxa\/"},"author":{"name":"F\u00e1bio Scaldelai","@id":"https:\/\/www.estrategiaconcursos.com.br\/blog\/#\/schema\/person\/e3b6b7ce0192dd4ad270655969d61750"},"headline":"Concurso Sefaz PE: como garantir a isen\u00e7\u00e3o da taxa?","datePublished":"2022-04-22T17:56:41+00:00","dateModified":"2022-10-15T14:38:57+00:00","mainEntityOfPage":{"@id":"https:\/\/www.estrategiaconcursos.com.br\/blog\/concurso-sefaz-pe-isencao-da-taxa\/"},"wordCount":692,"commentCount":0,"publisher":{"@id":"https:\/\/www.estrategiaconcursos.com.br\/blog\/#organization"},"image":{"@id":"https:\/\/www.estrategiaconcursos.com.br\/blog\/concurso-sefaz-pe-isencao-da-taxa\/#primaryimage"},"thumbnailUrl":"https:\/\/dhg1h5j42swfq.cloudfront.net\/2022\/03\/04161031\/sefaz_pe.jpg","articleSection":["Fiscal - Estadual (ICMS)","\u00daltimas not\u00edcias"],"inLanguage":"pt-BR","potentialAction":[{"@type":"CommentAction","name":"Comment","target":["https:\/\/www.estrategiaconcursos.com.br\/blog\/concurso-sefaz-pe-isencao-da-taxa\/#respond"]}],"copyrightYear":"2022","copyrightHolder":{"@id":"https:\/\/www.estrategiaconcursos.com.br\/blog\/#organization"}},{"@type":"WebPage","@id":"https:\/\/www.estrategiaconcursos.com.br\/blog\/concurso-sefaz-pe-isencao-da-taxa\/","url":"https:\/\/www.estrategiaconcursos.com.br\/blog\/concurso-sefaz-pe-isencao-da-taxa\/","name":"Concurso Sefaz PE: como garantir a isen\u00e7\u00e3o da taxa?","isPartOf":{"@id":"https:\/\/www.estrategiaconcursos.com.br\/blog\/#website"},"primaryImageOfPage":{"@id":"https:\/\/www.estrategiaconcursos.com.br\/blog\/concurso-sefaz-pe-isencao-da-taxa\/#primaryimage"},"image":{"@id":"https:\/\/www.estrategiaconcursos.com.br\/blog\/concurso-sefaz-pe-isencao-da-taxa\/#primaryimage"},"thumbnailUrl":"https:\/\/dhg1h5j42swfq.cloudfront.net\/2022\/03\/04161031\/sefaz_pe.jpg","datePublished":"2022-04-22T17:56:41+00:00","dateModified":"2022-10-15T14:38:57+00:00","description":"Concurso Sefaz PE: saiba como solicitar a isen\u00e7\u00e3o do valor da taxa fixada. O prazo segue aberto at\u00e9 o dia 05 de maio.","breadcrumb":{"@id":"https:\/\/www.estrategiaconcursos.com.br\/blog\/concurso-sefaz-pe-isencao-da-taxa\/#breadcrumb"},"inLanguage":"pt-BR","potentialAction":[{"@type":"ReadAction","target":["https:\/\/www.estrategiaconcursos.com.br\/blog\/concurso-sefaz-pe-isencao-da-taxa\/"]}]},{"@type":"ImageObject","inLanguage":"pt-BR","@id":"https:\/\/www.estrategiaconcursos.com.br\/blog\/concurso-sefaz-pe-isencao-da-taxa\/#primaryimage","url":"https:\/\/dhg1h5j42swfq.cloudfront.net\/2022\/03\/04161031\/sefaz_pe.jpg","contentUrl":"https:\/\/dhg1h5j42swfq.cloudfront.net\/2022\/03\/04161031\/sefaz_pe.jpg","width":768,"height":432,"caption":"Processo Administrativo Tribut\u00e1rio SEFAZ-PE"},{"@type":"BreadcrumbList","@id":"https:\/\/www.estrategiaconcursos.com.br\/blog\/concurso-sefaz-pe-isencao-da-taxa\/#breadcrumb","itemListElement":[{"@type":"ListItem","position":1,"name":"In\u00edcio","item":"https:\/\/www.estrategiaconcursos.com.br\/blog\/"},{"@type":"ListItem","position":2,"name":"Concurso Sefaz PE: como garantir a isen\u00e7\u00e3o da taxa?"}]},{"@type":"WebSite","@id":"https:\/\/www.estrategiaconcursos.com.br\/blog\/#website","url":"https:\/\/www.estrategiaconcursos.com.br\/blog\/","name":"Estrat\u00e9gia Concursos","description":"O blog da Estrat\u00e9gia Concursos traz not\u00edcias sobre concursos e artigos de professores oferecendo cursos para concursos (pdf + videaulas) no site.","publisher":{"@id":"https:\/\/www.estrategiaconcursos.com.br\/blog\/#organization"},"potentialAction":[{"@type":"SearchAction","target":{"@type":"EntryPoint","urlTemplate":"https:\/\/www.estrategiaconcursos.com.br\/blog\/?s={search_term_string}"},"query-input":{"@type":"PropertyValueSpecification","valueRequired":true,"valueName":"search_term_string"}}],"inLanguage":"pt-BR"},{"@type":"Organization","@id":"https:\/\/www.estrategiaconcursos.com.br\/blog\/#organization","name":"Estrat\u00e9gia Concursos","url":"https:\/\/www.estrategiaconcursos.com.br\/blog\/","logo":{"@type":"ImageObject","inLanguage":"pt-BR","@id":"https:\/\/www.estrategiaconcursos.com.br\/blog\/#\/schema\/logo\/image\/","url":"https:\/\/dhg1h5j42swfq.cloudfront.net\/2025\/06\/03203428\/logo_concursos-1.jpg","contentUrl":"https:\/\/dhg1h5j42swfq.cloudfront.net\/2025\/06\/03203428\/logo_concursos-1.jpg","width":230,"height":60,"caption":"Estrat\u00e9gia Concursos"},"image":{"@id":"https:\/\/www.estrategiaconcursos.com.br\/blog\/#\/schema\/logo\/image\/"},"sameAs":["https:\/\/x.com\/EstratConcursos"]},{"@type":"Person","@id":"https:\/\/www.estrategiaconcursos.com.br\/blog\/#\/schema\/person\/e3b6b7ce0192dd4ad270655969d61750","name":"F\u00e1bio Scaldelai","image":{"@type":"ImageObject","inLanguage":"pt-BR","@id":"https:\/\/secure.gravatar.com\/avatar\/8ed7492c4d88d8495bc0cb24cda6847b8ae23eec459a919e08e77d0ca0fd79ec?s=96&d=mm&r=g","url":"https:\/\/secure.gravatar.com\/avatar\/8ed7492c4d88d8495bc0cb24cda6847b8ae23eec459a919e08e77d0ca0fd79ec?s=96&d=mm&r=g","contentUrl":"https:\/\/secure.gravatar.com\/avatar\/8ed7492c4d88d8495bc0cb24cda6847b8ae23eec459a919e08e77d0ca0fd79ec?s=96&d=mm&r=g","caption":"F\u00e1bio Scaldelai"},"description":"Jornalista no Estrat\u00e9gia Concursos e Produtor de Televis\u00e3o, formado em Jornalismo, R\u00e1dio e TV pela Faculdade Integrada Rio Branco, com especializa\u00e7\u00f5es em Gest\u00e3o Empresarial e Marketing pelo M\u00f3dulo. Atuou como produtor no SBT, TV Bandeirantes e R\u00e1dio Band FM, al\u00e9m de acumular tr\u00eas anos de experi\u00eancia no setor de concursos p\u00fablicos pela LFG (Luiz Fl\u00e1vio Gomes). No Estrat\u00e9gia Concursos, atua na apura\u00e7\u00e3o de not\u00edcias da \u00e1rea fiscal, al\u00e9m de coberturas sobre concursos das \u00e1reas de controle (TCU, TCE, etc), concurso AFT, \u00e1rea de gest\u00e3o e administrativa, bem como dos \u00f3rg\u00e3os participantes do CNU. Tamb\u00e9m possui experi\u00eancia em link building e an\u00e1lise de m\u00eddia, adquirida durante sua atua\u00e7\u00e3o na ag\u00eancia SEO Marketing.","url":"https:\/\/www.estrategiaconcursos.com.br\/blog\/author\/fabio-scaldelaiestrategiaconcursos-com-br\/"}]}},"_links":{"self":[{"href":"https:\/\/www.estrategiaconcursos.com.br\/blog\/wp-json\/wp\/v2\/posts\/1013612","targetHints":{"allow":["GET"]}}],"collection":[{"href":"https:\/\/www.estrategiaconcursos.com.br\/blog\/wp-json\/wp\/v2\/posts"}],"about":[{"href":"https:\/\/www.estrategiaconcursos.com.br\/blog\/wp-json\/wp\/v2\/types\/post"}],"author":[{"embeddable":true,"href":"https:\/\/www.estrategiaconcursos.com.br\/blog\/wp-json\/wp\/v2\/users\/656"}],"replies":[{"embeddable":true,"href":"https:\/\/www.estrategiaconcursos.com.br\/blog\/wp-json\/wp\/v2\/comments?post=1013612"}],"version-history":[{"count":25,"href":"https:\/\/www.estrategiaconcursos.com.br\/blog\/wp-json\/wp\/v2\/posts\/1013612\/revisions"}],"predecessor-version":[{"id":1110496,"href":"https:\/\/www.estrategiaconcursos.com.br\/blog\/wp-json\/wp\/v2\/posts\/1013612\/revisions\/1110496"}],"wp:featuredmedia":[{"embeddable":true,"href":"https:\/\/www.estrategiaconcursos.com.br\/blog\/wp-json\/wp\/v2\/media\/980849"}],"wp:attachment":[{"href":"https:\/\/www.estrategiaconcursos.com.br\/blog\/wp-json\/wp\/v2\/media?parent=1013612"}],"wp:term":[{"taxonomy":"category","embeddable":true,"href":"https:\/\/www.estrategiaconcursos.com.br\/blog\/wp-json\/wp\/v2\/categories?post=1013612"},{"taxonomy":"post_tag","embeddable":true,"href":"https:\/\/www.estrategiaconcursos.com.br\/blog\/wp-json\/wp\/v2\/tags?post=1013612"},{"taxonomy":"tax_estado","embeddable":true,"href":"https:\/\/www.estrategiaconcursos.com.br\/blog\/wp-json\/wp\/v2\/tax_estado?post=1013612"}],"curies":[{"name":"wp","href":"https:\/\/api.w.org\/{rel}","templated":true}]}}