{"id":1013252,"date":"2022-05-10T09:14:00","date_gmt":"2022-05-10T12:14:00","guid":{"rendered":"https:\/\/www.estrategiaconcursos.com.br\/blog\/?p=1013252"},"modified":"2022-05-04T13:50:07","modified_gmt":"2022-05-04T16:50:07","slug":"lei-protecao-testemunha-pc-sp","status":"publish","type":"post","link":"https:\/\/www.estrategiaconcursos.com.br\/blog\/lei-protecao-testemunha-pc-sp\/","title":{"rendered":"Resumo da Lei de Prote\u00e7\u00e3o a V\u00edtimas e Testemunhas para a PC-SP"},"content":{"rendered":"\n<p class=\"has-medium-font-size\">Veja neste artigo um resumo da <strong>Lei de Prote\u00e7\u00e3o a V\u00edtimas e Testemunhas, <\/strong>para o concurso da&nbsp;<strong><a href=\"https:\/\/www.estrategiaconcursos.com.br\/cursosPorConcurso\/policia-civil-sp\/\" target=\"_blank\" rel=\"noreferrer noopener\">Pol\u00edcia Civil de S\u00e3o Paulo<\/a> (PC-SP).<\/strong><\/p>\n\n\n\n<div class=\"wp-block-image\"><figure class=\"aligncenter size-large is-resized\"><img loading=\"lazy\" decoding=\"async\" src=\"https:\/\/dhg1h5j42swfq.cloudfront.net\/2021\/09\/02140319\/pc-sp-1280x720-1-1024x576.jpg\" alt=\"Resumo da Lei de Prote\u00e7\u00e3o a V\u00edtimas e Testemunhas para a PC-SP\" class=\"wp-image-852509\" width=\"568\" height=\"319\" srcset=\"https:\/\/dhg1h5j42swfq.cloudfront.net\/2021\/09\/02140319\/pc-sp-1280x720-1-1024x576.jpg 1024w, https:\/\/dhg1h5j42swfq.cloudfront.net\/2021\/09\/02140319\/pc-sp-1280x720-1-300x169.jpg 300w, https:\/\/dhg1h5j42swfq.cloudfront.net\/2021\/09\/02140319\/pc-sp-1280x720-1-768x432.jpg 768w, https:\/\/dhg1h5j42swfq.cloudfront.net\/2021\/09\/02140319\/pc-sp-1280x720-1-610x343.jpg 610w, https:\/\/dhg1h5j42swfq.cloudfront.net\/2021\/09\/02140319\/pc-sp-1280x720-1.jpg 1280w\" sizes=\"auto, (max-width: 568px) 100vw, 568px\" \/><figcaption>Lei de Prote\u00e7\u00e3o a V\u00edtimas e Testemunhas para a PC-SP<\/figcaption><\/figure><\/div>\n\n\n\n<p>Ol\u00e1, pessoal! Tudo bem com voc\u00eas?<\/p>\n\n\n\n<p>O concurso da&nbsp;<strong><a href=\"https:\/\/www.estrategiaconcursos.com.br\/blog\/concurso-policia-civil-sp\/\" target=\"_blank\" rel=\"noreferrer noopener\">Pol\u00edcia Civil de S\u00e3o Paulo<\/a> (PC-SP)<\/strong>&nbsp;est\u00e1 com o seu edital publicado. Est\u00e3o sendo ofertadas <strong>1600 <\/strong>vagas para <strong>Escriv\u00e3o<\/strong> e <strong>900 <\/strong>para <strong>Investigador<\/strong>, com remunera\u00e7\u00e3o inicial de <strong>R$ 3.931,18<\/strong>.<\/p>\n\n\n\n<p>Desse modo, no artigo de hoje, iremos realizar a an\u00e1lise de uma importante lei para a sua prova, a<strong> <mark style=\"background-color:rgba(0, 0, 0, 0)\" class=\"has-inline-color has-vivid-cyan-blue-color\">Lei de Prote\u00e7\u00e3o a<\/mark> <mark style=\"background-color:rgba(0, 0, 0, 0)\" class=\"has-inline-color has-vivid-cyan-blue-color\">V\u00edtimas e Testemunhas<\/mark><\/strong>, disposta na <strong>Lei 9.807\/98, <\/strong>para o concurso PC-SP.<\/p>\n\n\n\n<p>Vamos l\u00e1?<\/p>\n\n\n\n<div class=\"container\" id=\"boxes\">\n  <div class=\"row\">\n\n    <div class=\"col-sm\">\n      <div class=\"banner-policial\" id=\"box-assinatura\">\n        <h3 class=\"titulo-assinatura\">Concurso PC SP<\/h3>\n        <p class=\"subtitulo-assinatura\">Conhe\u00e7a os cursos<\/p>\n        <div class=\"box-botao\">\n          <a class=\"btn-assinatura\" target=\"_blank\" href=\"https:\/\/www.estrategiaconcursos.com.br\/cursosPorConcurso\/policia-civil-sp\/\" role=\"button\" rel=\"noopener noreferrer\">Conhe\u00e7a mais<\/a>\n        <\/div>\n      <\/div>\n   \n    <\/div>\n\n  <\/div>\n<\/div>\n\n\n\n<h2 class=\"wp-block-heading\" id=\"h-a-lei-de-protecao-a-vitimas-e-testemunhas-para-a-pc-sp\"><mark style=\"background-color:rgba(0, 0, 0, 0)\" class=\"has-inline-color has-vivid-cyan-blue-color\">A Lei de Prote\u00e7\u00e3o a V\u00edtimas e Testemunhas para a PC-SP<\/mark><\/h2>\n\n\n\n<p>A Lei 9.807\/98 tem como <strong><mark style=\"background-color:rgba(0, 0, 0, 0)\" class=\"has-inline-color has-vivid-cyan-blue-color\">objetivo <\/mark><\/strong>principal estabelecer normas para a organiza\u00e7\u00e3o e a manuten\u00e7\u00e3o de <strong>programas especiais de prote\u00e7\u00e3o a v\u00edtimas e a testemunhas amea\u00e7adas<\/strong>, al\u00e9m de dispor sobre a prote\u00e7\u00e3o de <strong>acusados ou condenados<\/strong> que tenham voluntariamente prestado efetiva colabora\u00e7\u00e3o \u00e0 investiga\u00e7\u00e3o policial e ao processo criminal.<\/p>\n\n\n\n<p>Perceba que a lei n\u00e3o disp\u00f5e apenas sobre prote\u00e7\u00e3o a v\u00edtimas e testemunhas, mas tamb\u00e9m traz benef\u00edcios para acusados ou condenados que colaborem em investiga\u00e7\u00f5es criminais.<\/p>\n\n\n\n<p>Vamos analisar o que disp\u00f5e o artigo 1\u00ba desta lei:<\/p>\n\n\n\n<blockquote class=\"wp-block-quote is-layout-flow wp-block-quote-is-layout-flow\"><p><em>\u201cArt. 1\u00ba: As medidas de prote\u00e7\u00e3o requeridas por v\u00edtimas ou por testemunhas de crimes que estejam coagidas ou expostas a grave amea\u00e7a em raz\u00e3o de colaborarem com a investiga\u00e7\u00e3o ou processo criminal ser\u00e3o prestadas pela Uni\u00e3o, pelos Estados e pelo Distrito Federal, no \u00e2mbito das respectivas compet\u00eancias, na forma de programas especiais organizados com base nas disposi\u00e7\u00f5es desta Lei.\u201d<\/em><\/p><\/blockquote>\n\n\n\n<p>N\u00e3o \u00e9 raro vermos nos notici\u00e1rios testemunhas e v\u00edtimas que s\u00e3o coagidas por colaborarem em processos criminais. H\u00e1, inclusive, diversas situa\u00e7\u00f5es em que os indiv\u00edduos, intimidados por terceiros, deixam de contribuir com as investiga\u00e7\u00f5es, pelo medo causado pelas amea\u00e7as.<\/p>\n\n\n\n<p>Dessa maneira, os \u00f3rg\u00e3os p\u00fablicos dever\u00e3o fornecer<strong><mark style=\"background-color:rgba(0, 0, 0, 0)\" class=\"has-inline-color has-vivid-cyan-blue-color\"> medidas de prote\u00e7\u00e3o<\/mark><\/strong>, de modo a garantir a seguran\u00e7a dessas pessoas, por meio de <strong>programas especiais<\/strong>.<\/p>\n\n\n\n<p>Al\u00e9m disso, a prote\u00e7\u00e3o poder\u00e1 ser dirigida ou estendida ao <strong>c\u00f4njuge <\/strong>ou companheiro, <strong>ascendentes<\/strong>, <strong>descendentes <\/strong>e <strong>dependentes <\/strong>que tenham conviv\u00eancia habitual com a v\u00edtima ou testemunha.<\/p>\n\n\n\n<p><strong><mark style=\"background-color:rgba(0, 0, 0, 0)\" class=\"has-inline-color has-vivid-red-color\">FIQUE ATENTO:<\/mark><\/strong><mark style=\"background-color:rgba(0, 0, 0, 0)\" class=\"has-inline-color has-vivid-red-color\"> <\/mark>Veja que as medidas de prote\u00e7\u00e3o ser\u00e3o prestadas pela <strong><mark style=\"background-color:rgba(0, 0, 0, 0)\" class=\"has-inline-color has-vivid-cyan-blue-color\">Uni\u00e3o <\/mark><\/strong>e <strong><mark style=\"background-color:rgba(0, 0, 0, 0)\" class=\"has-inline-color has-vivid-cyan-blue-color\">Estados<\/mark><\/strong>, mas <strong>n\u00e3o <\/strong>pelos <strong>Munic\u00edpios<\/strong>. Isso acontece pois n\u00e3o h\u00e1 Poder Judici\u00e1rio em \u00e2mbito municipal.<\/p>\n\n\n\n<p>Al\u00e9m da presta\u00e7\u00e3o direta de prote\u00e7\u00e3o, a Uni\u00e3o, os Estados e o Distrito Federal poder\u00e3o celebrar <strong>conv\u00eanios<\/strong>, <strong>acordos<\/strong>, <strong>ajustes<\/strong> ou <strong>termos de parceria <\/strong>entre <strong>si <\/strong>ou com entidades<strong> n\u00e3o-governamentais<\/strong>, objetivando a realiza\u00e7\u00e3o dos programas, sendo o<strong> Minist\u00e9rio da Justi\u00e7a<\/strong> o respons\u00e1vel pela supervis\u00e3o e fiscaliza\u00e7\u00e3o dos acordos de interesse da <strong>Uni\u00e3o<\/strong>.<\/p>\n\n\n\n<p><strong><mark style=\"background-color:rgba(0, 0, 0, 0)\" class=\"has-inline-color has-vivid-red-color\">A SABER:<\/mark><\/strong> H\u00e1 casos em que a <strong>v\u00edtima <\/strong>ou<strong> testemunha <\/strong>protegida n\u00e3o poder\u00e3o usufruir do programa de prote\u00e7\u00e3o, ou seja, elas s\u00e3o <strong><mark style=\"background-color:rgba(0, 0, 0, 0)\" class=\"has-inline-color has-vivid-cyan-blue-color\">exclu\u00eddas <\/mark><\/strong>da <strong>prote\u00e7\u00e3o <\/strong>fornecida. Isso acontecer\u00e1 nos casos dos indiv\u00edduos:<\/p>\n\n\n\n<ul class=\"wp-block-list\"><li>cuja <strong>personalidade <\/strong>ou conduta seja <strong>incompat\u00edvel <\/strong>com as restri\u00e7\u00f5es de <strong>comportamento <\/strong>exigidas pelo programa;<\/li><li>os <strong>condenados <\/strong>que estejam <strong>cumprindo pena<\/strong>; e<\/li><li>os indiciados ou acusados sob <strong>pris\u00e3o cautelar<\/strong> em qualquer de suas modalidades.<\/li><\/ul>\n\n\n\n<p>Contudo, tal exclus\u00e3o <strong>n\u00e3o trar\u00e1 preju\u00edzo<\/strong> \u00e0 eventual presta\u00e7\u00e3o de medidas de <strong>preserva\u00e7\u00e3o da&nbsp;integridade<\/strong> <strong>f\u00edsica<\/strong> desses indiv\u00edduos por parte dos \u00f3rg\u00e3os de seguran\u00e7a p\u00fablica.<\/p>\n\n\n\n<h2 class=\"wp-block-heading\" id=\"h-o-ingresso-no-programa-de-protecao-a-testemunhas-para-a-pc-sp\"><mark style=\"background-color:rgba(0, 0, 0, 0)\" class=\"has-inline-color has-vivid-cyan-blue-color\">O ingresso no programa de prote\u00e7\u00e3o a testemunhas para a PC-SP<\/mark><\/h2>\n\n\n\n<p>A <strong>solicita\u00e7\u00e3o <\/strong>ao \u00f3rg\u00e3o executor para <strong>ingressar <\/strong>no programa de prote\u00e7\u00e3o n\u00e3o ser\u00e1 feita apenas pelo <strong><mark style=\"background-color:rgba(0, 0, 0, 0)\" class=\"has-inline-color has-vivid-cyan-blue-color\">interessado<\/mark><\/strong>, podendo tamb\u00e9m ser realizada:<\/p>\n\n\n\n<ul class=\"wp-block-list\"><li>por representante do <strong>Minist\u00e9rio P\u00fablico<\/strong>;<\/li><li>pela <strong>autoridade policial <\/strong>que <strong>conduz <\/strong>a investiga\u00e7\u00e3o criminal;<\/li><li>pelo <strong>juiz <\/strong>competente para a <strong>instru\u00e7\u00e3o <\/strong>do processo criminal;<\/li><li>por <strong>\u00f3rg\u00e3os p\u00fablicos <\/strong>e <strong>entidades <\/strong>com atribui\u00e7\u00f5es de defesa dos <strong>direitos humanos<\/strong>.<\/li><\/ul>\n\n\n\n<p>Por\u00e9m, \u00e9 importante salientar que o ingresso no programa, as restri\u00e7\u00f5es de seguran\u00e7a e demais medidas por ele adotadas ter\u00e3o sempre a <strong><mark style=\"background-color:rgba(0, 0, 0, 0)\" class=\"has-inline-color has-vivid-cyan-blue-color\">anu\u00eancia <\/mark><\/strong>da <strong>pessoa protegida<\/strong>, ou de seu<strong> representante legal<\/strong>.<\/p>\n\n\n\n<p>As medidas e provid\u00eancias relacionadas com os programas ser\u00e3o adotadas, executadas e mantidas em <strong>sigilo <\/strong>pelos protegidos e pelos agentes envolvidos em sua execu\u00e7\u00e3o.<\/p>\n\n\n\n<p>Voc\u00ea deve saber que h\u00e1 situa\u00e7\u00f5es em que a medida de prote\u00e7\u00e3o \u00e9 urgente, como em situa\u00e7\u00f5es de atentado iminente. <\/p>\n\n\n\n<p>Nesses casos, levando em considera\u00e7\u00e3o a <strong>proced\u00eancia<\/strong>, <strong>gravidade <\/strong>e a <strong>imin\u00eancia <\/strong>da coa\u00e7\u00e3o ou amea\u00e7a, a v\u00edtima ou testemunha poder\u00e1 ser colocada <strong>provisoriamente <\/strong>sob a <strong><mark style=\"background-color:rgba(0, 0, 0, 0)\" class=\"has-inline-color has-vivid-cyan-blue-color\">cust\u00f3dia de \u00f3rg\u00e3o policial<\/mark><\/strong>, pelo \u00f3rg\u00e3o executor, no aguardo de decis\u00e3o do conselho deliberativo, com comunica\u00e7\u00e3o imediata a seus membros e ao Minist\u00e9rio P\u00fablico.<\/p>\n\n\n\n<h2 class=\"wp-block-heading\" id=\"h-as-medidas-de-protecao-a-testemunhas-para-a-pc-sp\"><mark style=\"background-color:rgba(0, 0, 0, 0)\" class=\"has-inline-color has-vivid-cyan-blue-color\">As medidas de prote\u00e7\u00e3o a testemunhas para a PC-SP<\/mark><\/h2>\n\n\n\n<p>Ao ingressar no programa de prote\u00e7\u00e3o \u00e0 v\u00edtima e testemunha, diversas <strong><mark style=\"background-color:rgba(0, 0, 0, 0)\" class=\"has-inline-color has-vivid-cyan-blue-color\">medidas de prote\u00e7\u00e3o<\/mark><\/strong> podem ser aplicadas em rela\u00e7\u00e3o \u00e0 situa\u00e7\u00e3o em quest\u00e3o. Desse modo, compreendem, dentre outras, as seguintes medidas, aplic\u00e1veis <strong>isolada<\/strong> ou <strong>cumulativamente <\/strong>em benef\u00edcio da pessoa protegida, segundo a <strong>gravidade <\/strong>e as <strong>circunst\u00e2ncias <\/strong>de cada caso:<\/p>\n\n\n\n<ul class=\"wp-block-list\"><li><strong>seguran\u00e7a na resid\u00eancia<\/strong>, incluindo o controle de telecomunica\u00e7\u00f5es;<\/li><li><strong>escolta <\/strong>e seguran\u00e7a nos deslocamentos da resid\u00eancia;<\/li><li><strong>transfer\u00eancia de resid\u00eancia<\/strong> ou acomoda\u00e7\u00e3o provis\u00f3ria em local compat\u00edvel;<\/li><li><strong>preserva\u00e7\u00e3o da identidade<\/strong>, imagem e dados pessoais;<\/li><li><strong>ajuda financeira mensal<\/strong> para prover as despesas necess\u00e1rias \u00e0 subsist\u00eancia individual ou familiar, no caso de a pessoa protegida estar impossibilitada de desenvolver trabalho regular ou de inexist\u00eancia de qualquer fonte de renda;<\/li><li><strong>suspens\u00e3o tempor\u00e1ria <\/strong>das <strong>atividades funcionais<\/strong>, sem preju\u00edzo dos respectivos vencimentos ou vantagens, quando servidor p\u00fablico ou militar;<\/li><li><strong>apoio e assist\u00eancia<\/strong> social, m\u00e9dica e psicol\u00f3gica;<\/li><li><strong>sigilo <\/strong>em rela\u00e7\u00e3o aos atos praticados em virtude da prote\u00e7\u00e3o concedida;<\/li><li><strong>apoio <\/strong>para o cumprimento de <strong>obriga\u00e7\u00f5es civis e<\/strong> <strong>administrativas <\/strong>que exijam o comparecimento pessoal.<\/li><\/ul>\n\n\n\n<p>Outra important\u00edssima medida, e que provavelmente voc\u00ea j\u00e1 viu em filmes ou novelas, \u00e9 a possibilidade de o protegido<strong><mark style=\"background-color:rgba(0, 0, 0, 0)\" class=\"has-inline-color has-vivid-cyan-blue-color\"> alterar o seu nome completo<\/mark><\/strong>.<\/p>\n\n\n\n<p>Contudo, isso n\u00e3o \u00e9 t\u00e3o simples de ser realizado. Para que tal medida possa ser implementada, \u00e9 necess\u00e1rio que o caso seja <strong>excepcional<\/strong>, considerando ainda a <strong>gravidade <\/strong>da coa\u00e7\u00e3o ou amea\u00e7a, sendo que, ap\u00f3s a solicita\u00e7\u00e3o da pessoa protegida, o <strong>conselho deliberativo<\/strong> encaminhar\u00e1 o requerimento ao <strong>juiz<\/strong> competente, que decidir\u00e1 a respeito, ap\u00f3s <strong>ouvido o Minist\u00e9rio P\u00fablico<\/strong>. Tal processo correr\u00e1 em <strong><mark style=\"background-color:rgba(0, 0, 0, 0)\" class=\"has-inline-color has-vivid-cyan-blue-color\">segredo de justi\u00e7a.<\/mark><\/strong><\/p>\n\n\n\n<p>Destaca-se ainda que a altera\u00e7\u00e3o de nome completo poder\u00e1 se <strong>estender <\/strong>ao <strong>c\u00f4njuge <\/strong>ou <strong>companheiro<\/strong>, <strong>ascendentes<\/strong>, <strong>descendentes <\/strong>e <strong>dependentes <\/strong>que tenham conviv\u00eancia habitual com a v\u00edtima ou testemunha, inclusive aos <strong>filhos menores.<\/strong><\/p>\n\n\n\n<p>Por fim, quando for <strong>cessada a coa\u00e7\u00e3o ou amea\u00e7a <\/strong>que deu causa \u00e0 altera\u00e7\u00e3o do nome, ficar\u00e1 <strong><mark style=\"background-color:rgba(0, 0, 0, 0)\" class=\"has-inline-color has-vivid-cyan-blue-color\">facultado <\/mark><\/strong>ao protegido solicitar ao juiz competente o retorno \u00e0 situa\u00e7\u00e3o anterior, com a <strong>altera\u00e7\u00e3o<\/strong> para o nome original. Em outras palavras, fica a crit\u00e9rio do protegido retornar ao nome anterior.<\/p>\n\n\n\n<h2 class=\"wp-block-heading\" id=\"exclusao-do-programa\"><mark style=\"background-color:rgba(0, 0, 0, 0)\" class=\"has-inline-color has-vivid-cyan-blue-color\">Exclus\u00e3o do programa<\/mark><\/h2>\n\n\n\n<p>Agora vamos analisar as hip\u00f3teses de <strong>exclus\u00e3o <\/strong>da pessoa protegida do <strong>programa de prote\u00e7\u00e3o<\/strong> a v\u00edtimas e a testemunhas. S\u00e3o hip\u00f3teses simples, por\u00e9m importantes. &nbsp;<\/p>\n\n\n\n<p>Assim, tal exclus\u00e3o poder\u00e1 ocorrer <strong>a qualquer tempo<\/strong>:<\/p>\n\n\n\n<ul class=\"wp-block-list\"><li>por <strong>solicita\u00e7\u00e3o <\/strong>do pr\u00f3prio interessado;<\/li><li>por <strong>decis\u00e3o<\/strong> do <strong>conselho deliberativo<\/strong>, em consequ\u00eancia de:<ul><li><strong>cessa\u00e7\u00e3o dos motivos<\/strong> que ensejaram a prote\u00e7\u00e3o;<\/li><\/ul><ul><li><strong>conduta incompat\u00edvel <\/strong>do protegido.<\/li><\/ul><\/li><\/ul>\n\n\n\n<p><strong><mark style=\"background-color:rgba(0, 0, 0, 0)\" class=\"has-inline-color has-vivid-red-color\">A SABER:<\/mark><\/strong> A prote\u00e7\u00e3o oferecida pelo programa ter\u00e1 a <strong>dura\u00e7\u00e3o m\u00e1xima <\/strong>de<strong><mark style=\"background-color:rgba(0, 0, 0, 0)\" class=\"has-inline-color has-vivid-cyan-blue-color\"> 2 anos<\/mark><\/strong>. Por\u00e9m, em circunst\u00e2ncias <strong>excepcionais<\/strong>, perdurando os motivos que autorizam a admiss\u00e3o, a perman\u00eancia poder\u00e1 ser <strong>prorrogada<\/strong>.<\/p>\n\n\n\n<h2 class=\"wp-block-heading\" id=\"h-protecao-aos-reus-colaboradores\"><mark style=\"background-color:rgba(0, 0, 0, 0)\" class=\"has-inline-color has-vivid-cyan-blue-color\">Prote\u00e7\u00e3o aos r\u00e9us colaboradores<\/mark><\/h2>\n\n\n\n<p>Al\u00e9m da prote\u00e7\u00e3o concedida a v\u00edtimas e testemunhas amea\u00e7adas, a lei tamb\u00e9m trouxe <strong>benef\u00edcios <\/strong>para os <strong><mark style=\"background-color:rgba(0, 0, 0, 0)\" class=\"has-inline-color has-vivid-cyan-blue-color\">r\u00e9us prim\u00e1rios<\/mark><\/strong> que <strong>colaborarem efetiva <\/strong>e <strong>voluntariamente <\/strong>com a investiga\u00e7\u00e3o e o processo criminal.<\/p>\n\n\n\n<p>Nesse sentido, poder\u00e1 o <strong>juiz<\/strong>, de of\u00edcio ou a requerimento das partes, conceder o <strong><mark style=\"background-color:rgba(0, 0, 0, 0)\" class=\"has-inline-color has-vivid-cyan-blue-color\">perd\u00e3o judicial<\/mark><\/strong> e a consequente <strong>extin\u00e7\u00e3o da punibilidade <\/strong>ao acusado que, sendo prim\u00e1rio, tenha <strong>colaborado<\/strong>, desde que dessa colabora\u00e7\u00e3o tenha <strong>resultado<\/strong>:<\/p>\n\n\n\n<ul class=\"wp-block-list\"><li>a <strong>identifica\u00e7\u00e3o <\/strong>dos demais <strong>coautores <\/strong>ou <strong>part\u00edcipes <\/strong>da a\u00e7\u00e3o criminosa;<\/li><li>a <strong>localiza\u00e7\u00e3o da v\u00edtima<\/strong> com a sua integridade f\u00edsica <strong>preservada<\/strong>;<\/li><li>a <strong>recupera\u00e7\u00e3o <\/strong>total ou parcial do produto do crime.<\/li><\/ul>\n\n\n\n<p>Contudo, \u00e9 importante salientar que a concess\u00e3o do perd\u00e3o judicial levar\u00e1 em conta a <strong>personalidade <\/strong>do <span style=\"text-decoration: underline;\"><strong>beneficiado<\/strong><\/span> e a <strong>natureza<\/strong>, <strong>circunst\u00e2ncias<\/strong>, <strong>gravidade <\/strong>e<strong> repercuss\u00e3o social <\/strong>do <strong><span style=\"text-decoration: underline;\">fato criminoso<\/span><\/strong>. Em outras palavras, mesmo que o r\u00e9u cumpra todas as condi\u00e7\u00f5es previstas acima, o juiz pode n\u00e3o conceder o perd\u00e3o, em virtude das circunst\u00e2ncias do caso.<\/p>\n\n\n\n<p>J\u00e1 no caso de <strong><mark style=\"background-color:rgba(0, 0, 0, 0)\" class=\"has-inline-color has-vivid-cyan-blue-color\">indiciados ou acusados <\/mark><\/strong>que colaborarem <strong>voluntariamente <\/strong>com a investiga\u00e7\u00e3o policial e o processo criminal na <strong>identifica\u00e7\u00e3o <\/strong>dos demais <strong>coautores <\/strong>ou <strong>part\u00edcipes <\/strong>do crime, na <strong>localiza\u00e7\u00e3o da v\u00edtima<\/strong> com <strong>vida <\/strong>e na <strong>recupera\u00e7\u00e3o <\/strong>total ou parcial do produto do crime, no caso de <strong>condena\u00e7\u00e3o<\/strong>, ter\u00e3o <strong>pena <\/strong><mark style=\"background-color:rgba(0, 0, 0, 0)\" class=\"has-inline-color has-vivid-cyan-blue-color\"><strong>reduzida<\/strong> <\/mark>de <strong><mark style=\"background-color:rgba(0, 0, 0, 0)\" class=\"has-inline-color has-vivid-cyan-blue-color\">1\/3 a 2\/3<\/mark><\/strong>.<\/p>\n\n\n\n<p>Ademais, mesmo nas situa\u00e7\u00f5es em que o colaborador esteja <strong>preso<\/strong>, ser\u00e3o aplicadas <strong>medidas especiais de seguran\u00e7a<\/strong> e prote\u00e7\u00e3o a sua integridade f\u00edsica, considerando amea\u00e7a ou coa\u00e7\u00e3o eventual ou efetiva.<\/p>\n\n\n\n<p>Nessa situa\u00e7\u00e3o, esteja sob pris\u00e3o tempor\u00e1ria, preventiva ou em decorr\u00eancia de flagrante delito, o colaborador ser\u00e1 custodiado em <strong>depend\u00eancia separada<\/strong> dos demais presos.<\/p>\n\n\n\n<h2 class=\"wp-block-heading\" id=\"finalizando\"><mark style=\"background-color:rgba(0, 0, 0, 0)\" class=\"has-inline-color has-vivid-cyan-blue-color\">Finalizando<\/mark><\/h2>\n\n\n\n<p>Bom, Pessoal! Chegamos ao final do nosso artigo sobre a Lei de Prote\u00e7\u00e3o a V\u00edtimas e Testemunhas, disposta na Lei 9.807\/98, para o concurso PC-SP.<\/p>\n\n\n\n<p>Contudo, ressaltamos a import\u00e2ncia da<strong>&nbsp;leitura da lei&nbsp;<\/strong>citada aqui, para a sua aprova\u00e7\u00e3o. Esse artigo \u00e9 apenas uma an\u00e1lise mais simplificada dessa norma.<\/p>\n\n\n\n<p>Caso queira se preparar para chegar&nbsp;<strong>competitivo&nbsp;<\/strong>nesta prova, invista nos&nbsp;<a href=\"https:\/\/www.estrategiaconcursos.com.br\/cursosPorConcurso\/policia-civil-sp\/\" target=\"_blank\" rel=\"noreferrer noopener\"><strong>cursos para a PC-SP<\/strong><\/a>&nbsp;do&nbsp;<strong>Estrat\u00e9gia Concursos<\/strong>.&nbsp;L\u00e1 voc\u00ea encontrar\u00e1&nbsp;<strong>aulas completas e detalhadas, com os melhores professores do mercado<\/strong>,&nbsp;de todos os t\u00f3picos exigidos no edital deste concurso.<\/p>\n\n\n\n<p>Conhe\u00e7a tamb\u00e9m o&nbsp;<a href=\"https:\/\/questoes.estrategiaconcursos.com.br\/\" target=\"_blank\" rel=\"noreferrer noopener\"><strong>Sistema de Quest\u00f5es do Estrat\u00e9gia<\/strong><\/a>. Afinal, a \u00fanica maneira de&nbsp;<strong>consolidar o conte\u00fado&nbsp;<\/strong>de maneira satisfat\u00f3ria \u00e9 atrav\u00e9s da&nbsp;<strong>resolu\u00e7\u00e3o de quest\u00f5es.<\/strong><\/p>\n\n\n\n<p>Bons estudos a todos e at\u00e9 a pr\u00f3xima!<\/p>\n\n\n\n<h2 class=\"has-text-align-center wp-block-heading\" id=\"h-cursos-e-assinaturas\">Cursos e Assinaturas <\/h2>\n\n\n\n<p>Prepare-se com o melhor material e com quem mais aprova em Concursos P\u00fablicos em todo o pa\u00eds!<\/p>\n\n\n\n<p class=\"has-text-align-center has-vivid-cyan-blue-color has-text-color has-background\" style=\"background-color:#0078bd\"><a href=\"https:\/\/www.estrategiaconcursos.com.br\/blog\/concursos-abertos\/\" target=\"_blank\" rel=\"noreferrer noopener\"><strong><span class=\"has-inline-color has-white-color\">Concursos abertos<\/span><\/strong><\/a><\/p>\n\n\n\n<p class=\"has-text-align-center has-vivid-cyan-blue-color has-text-color has-background\" style=\"background-color:#0072b4\"><strong><a href=\"https:\/\/www.estrategiaconcursos.com.br\/blog\/concursos-2022\/\" target=\"_blank\" rel=\"noreferrer noopener\"><span class=\"has-inline-color has-white-color\">Concursos 2022<\/span><\/a><\/strong><\/p>\n\n\n\n<div class=\"container\" id=\"boxes\">\n  <div class=\"row\">\n    <div class=\"col-sm\">\n      <div class=\"estrategia\" id=\"box-assinatura\">\n        <h3 class=\"titulo-assinatura\">Assinatura de Concursos<\/h3>\n        <p class=\"subtitulo-assinatura\">Assinatura de 1 ano ou 2 anos<\/p>\n        <div class=\"box-botao\">\n          <a class=\"btn-assinatura\" target=\"_blank\" href=\"https:\/\/www.estrategiaconcursos.com.br\/assinaturas\/\" role=\"button\" rel=\"noopener noreferrer\">ASSINE AGORA<\/a>\n        <\/div>\n      <\/div>\n      \n    <\/div><\/div><\/div>\n","protected":false},"excerpt":{"rendered":"<p>Veja neste artigo um resumo da Lei de Prote\u00e7\u00e3o a V\u00edtimas e Testemunhas, para o concurso da&nbsp;Pol\u00edcia Civil de S\u00e3o Paulo (PC-SP). Ol\u00e1, pessoal! Tudo bem com voc\u00eas? O concurso da&nbsp;Pol\u00edcia Civil de S\u00e3o Paulo (PC-SP)&nbsp;est\u00e1 com o seu edital publicado. Est\u00e3o sendo ofertadas 1600 vagas para Escriv\u00e3o e 900 para Investigador, com remunera\u00e7\u00e3o inicial [&hellip;]<\/p>\n","protected":false},"author":1976,"featured_media":852509,"comment_status":"open","ping_status":"closed","sticky":false,"template":"","format":"standard","meta":{"post_tipo":"article","footnotes":""},"categories":[1,1988],"tags":[],"tax_estado":[219989],"class_list":["post-1013252","post","type-post","status-publish","format-standard","has-post-thumbnail","hentry","category-cursos-e-concursos","category-policia","tax_estado-sp"],"acf":[],"yoast_head":"<!-- This site is optimized with the Yoast SEO Premium plugin v27.2 (Yoast SEO v27.2) - https:\/\/yoast.com\/product\/yoast-seo-premium-wordpress\/ -->\n<title>Resumo da Lei de Prote\u00e7\u00e3o a V\u00edtimas e Testemunhas para a PC-SP<\/title>\n<meta name=\"description\" content=\"Veja neste artigo um resumo da Lei de Prote\u00e7\u00e3o a V\u00edtimas e Testemunhas, para o concurso da\u00a0Pol\u00edcia Civil de S\u00e3o Paulo (PC-SP).\" \/>\n<meta name=\"robots\" content=\"index, follow, max-snippet:-1, max-image-preview:large, max-video-preview:-1\" \/>\n<link rel=\"canonical\" href=\"https:\/\/www.estrategiaconcursos.com.br\/blog\/lei-protecao-testemunha-pc-sp\/\" \/>\n<meta property=\"og:locale\" content=\"pt_BR\" \/>\n<meta property=\"og:type\" content=\"article\" \/>\n<meta property=\"og:title\" content=\"Resumo da Lei de Prote\u00e7\u00e3o a V\u00edtimas e Testemunhas para a PC-SP\" \/>\n<meta property=\"og:description\" content=\"Veja neste artigo um resumo da Lei de Prote\u00e7\u00e3o a V\u00edtimas e Testemunhas, para o concurso da\u00a0Pol\u00edcia Civil de S\u00e3o Paulo (PC-SP).\" \/>\n<meta property=\"og:url\" content=\"https:\/\/www.estrategiaconcursos.com.br\/blog\/lei-protecao-testemunha-pc-sp\/\" \/>\n<meta property=\"og:site_name\" content=\"Estrat\u00e9gia Concursos\" \/>\n<meta property=\"article:published_time\" content=\"2022-05-10T12:14:00+00:00\" \/>\n<meta property=\"og:image\" content=\"https:\/\/dhg1h5j42swfq.cloudfront.net\/2021\/09\/02140319\/pc-sp-1280x720-1.jpg\" \/>\n\t<meta property=\"og:image:width\" content=\"1280\" \/>\n\t<meta property=\"og:image:height\" content=\"720\" \/>\n\t<meta property=\"og:image:type\" content=\"image\/jpeg\" \/>\n<meta name=\"author\" content=\"Kassio Henrique Sobral Rocha\" \/>\n<meta name=\"twitter:card\" content=\"summary_large_image\" \/>\n<meta name=\"twitter:creator\" content=\"@EstratConcursos\" \/>\n<meta name=\"twitter:site\" content=\"@EstratConcursos\" \/>\n<meta name=\"twitter:label1\" content=\"Escrito por\" \/>\n\t<meta name=\"twitter:data1\" content=\"Kassio Henrique Sobral Rocha\" \/>\n\t<meta name=\"twitter:label2\" content=\"Est. tempo de leitura\" \/>\n\t<meta name=\"twitter:data2\" content=\"9 minutos\" \/>\n<script type=\"application\/ld+json\" class=\"yoast-schema-graph\">{\"@context\":\"https:\/\/schema.org\",\"@graph\":[{\"@type\":\"NewsArticle\",\"@id\":\"https:\/\/www.estrategiaconcursos.com.br\/blog\/lei-protecao-testemunha-pc-sp\/#article\",\"isPartOf\":{\"@id\":\"https:\/\/www.estrategiaconcursos.com.br\/blog\/lei-protecao-testemunha-pc-sp\/\"},\"author\":{\"name\":\"Kassio Henrique Sobral Rocha\",\"@id\":\"https:\/\/www.estrategiaconcursos.com.br\/blog\/#\/schema\/person\/f0c830e07cfe11c231c0ea5dbb036df5\"},\"headline\":\"Resumo da Lei de Prote\u00e7\u00e3o a V\u00edtimas e Testemunhas para a PC-SP\",\"datePublished\":\"2022-05-10T12:14:00+00:00\",\"mainEntityOfPage\":{\"@id\":\"https:\/\/www.estrategiaconcursos.com.br\/blog\/lei-protecao-testemunha-pc-sp\/\"},\"wordCount\":1857,\"commentCount\":0,\"publisher\":{\"@id\":\"https:\/\/www.estrategiaconcursos.com.br\/blog\/#organization\"},\"image\":{\"@id\":\"https:\/\/www.estrategiaconcursos.com.br\/blog\/lei-protecao-testemunha-pc-sp\/#primaryimage\"},\"thumbnailUrl\":\"https:\/\/dhg1h5j42swfq.cloudfront.net\/2021\/09\/02140319\/pc-sp-1280x720-1.jpg\",\"articleSection\":[\"Concursos P\u00fablicos\",\"Policial (Agente, Escriv\u00e3o e Investigador)\"],\"inLanguage\":\"pt-BR\",\"potentialAction\":[{\"@type\":\"CommentAction\",\"name\":\"Comment\",\"target\":[\"https:\/\/www.estrategiaconcursos.com.br\/blog\/lei-protecao-testemunha-pc-sp\/#respond\"]}],\"copyrightYear\":\"2022\",\"copyrightHolder\":{\"@id\":\"https:\/\/www.estrategiaconcursos.com.br\/blog\/#organization\"}},{\"@type\":\"WebPage\",\"@id\":\"https:\/\/www.estrategiaconcursos.com.br\/blog\/lei-protecao-testemunha-pc-sp\/\",\"url\":\"https:\/\/www.estrategiaconcursos.com.br\/blog\/lei-protecao-testemunha-pc-sp\/\",\"name\":\"Resumo da Lei de Prote\u00e7\u00e3o a V\u00edtimas e Testemunhas para a PC-SP\",\"isPartOf\":{\"@id\":\"https:\/\/www.estrategiaconcursos.com.br\/blog\/#website\"},\"primaryImageOfPage\":{\"@id\":\"https:\/\/www.estrategiaconcursos.com.br\/blog\/lei-protecao-testemunha-pc-sp\/#primaryimage\"},\"image\":{\"@id\":\"https:\/\/www.estrategiaconcursos.com.br\/blog\/lei-protecao-testemunha-pc-sp\/#primaryimage\"},\"thumbnailUrl\":\"https:\/\/dhg1h5j42swfq.cloudfront.net\/2021\/09\/02140319\/pc-sp-1280x720-1.jpg\",\"datePublished\":\"2022-05-10T12:14:00+00:00\",\"description\":\"Veja neste artigo um resumo da Lei de Prote\u00e7\u00e3o a V\u00edtimas e Testemunhas, para o concurso da\u00a0Pol\u00edcia Civil de S\u00e3o Paulo (PC-SP).\",\"breadcrumb\":{\"@id\":\"https:\/\/www.estrategiaconcursos.com.br\/blog\/lei-protecao-testemunha-pc-sp\/#breadcrumb\"},\"inLanguage\":\"pt-BR\",\"potentialAction\":[{\"@type\":\"ReadAction\",\"target\":[\"https:\/\/www.estrategiaconcursos.com.br\/blog\/lei-protecao-testemunha-pc-sp\/\"]}]},{\"@type\":\"ImageObject\",\"inLanguage\":\"pt-BR\",\"@id\":\"https:\/\/www.estrategiaconcursos.com.br\/blog\/lei-protecao-testemunha-pc-sp\/#primaryimage\",\"url\":\"https:\/\/dhg1h5j42swfq.cloudfront.net\/2021\/09\/02140319\/pc-sp-1280x720-1.jpg\",\"contentUrl\":\"https:\/\/dhg1h5j42swfq.cloudfront.net\/2021\/09\/02140319\/pc-sp-1280x720-1.jpg\",\"width\":1280,\"height\":720,\"caption\":\"pc-sp\"},{\"@type\":\"BreadcrumbList\",\"@id\":\"https:\/\/www.estrategiaconcursos.com.br\/blog\/lei-protecao-testemunha-pc-sp\/#breadcrumb\",\"itemListElement\":[{\"@type\":\"ListItem\",\"position\":1,\"name\":\"In\u00edcio\",\"item\":\"https:\/\/www.estrategiaconcursos.com.br\/blog\/\"},{\"@type\":\"ListItem\",\"position\":2,\"name\":\"Resumo da Lei de Prote\u00e7\u00e3o a V\u00edtimas e Testemunhas para a PC-SP\"}]},{\"@type\":\"WebSite\",\"@id\":\"https:\/\/www.estrategiaconcursos.com.br\/blog\/#website\",\"url\":\"https:\/\/www.estrategiaconcursos.com.br\/blog\/\",\"name\":\"Estrat\u00e9gia Concursos\",\"description\":\"O blog da Estrat\u00e9gia Concursos traz not\u00edcias sobre concursos e artigos de professores oferecendo cursos para concursos (pdf + videaulas) no site.\",\"publisher\":{\"@id\":\"https:\/\/www.estrategiaconcursos.com.br\/blog\/#organization\"},\"potentialAction\":[{\"@type\":\"SearchAction\",\"target\":{\"@type\":\"EntryPoint\",\"urlTemplate\":\"https:\/\/www.estrategiaconcursos.com.br\/blog\/?s={search_term_string}\"},\"query-input\":{\"@type\":\"PropertyValueSpecification\",\"valueRequired\":true,\"valueName\":\"search_term_string\"}}],\"inLanguage\":\"pt-BR\"},{\"@type\":\"Organization\",\"@id\":\"https:\/\/www.estrategiaconcursos.com.br\/blog\/#organization\",\"name\":\"Estrat\u00e9gia Concursos\",\"url\":\"https:\/\/www.estrategiaconcursos.com.br\/blog\/\",\"logo\":{\"@type\":\"ImageObject\",\"inLanguage\":\"pt-BR\",\"@id\":\"https:\/\/www.estrategiaconcursos.com.br\/blog\/#\/schema\/logo\/image\/\",\"url\":\"https:\/\/dhg1h5j42swfq.cloudfront.net\/2025\/06\/03203428\/logo_concursos-1.jpg\",\"contentUrl\":\"https:\/\/dhg1h5j42swfq.cloudfront.net\/2025\/06\/03203428\/logo_concursos-1.jpg\",\"width\":230,\"height\":60,\"caption\":\"Estrat\u00e9gia Concursos\"},\"image\":{\"@id\":\"https:\/\/www.estrategiaconcursos.com.br\/blog\/#\/schema\/logo\/image\/\"},\"sameAs\":[\"https:\/\/x.com\/EstratConcursos\"]},{\"@type\":\"Person\",\"@id\":\"https:\/\/www.estrategiaconcursos.com.br\/blog\/#\/schema\/person\/f0c830e07cfe11c231c0ea5dbb036df5\",\"name\":\"Kassio Henrique Sobral Rocha\",\"image\":{\"@type\":\"ImageObject\",\"inLanguage\":\"pt-BR\",\"@id\":\"https:\/\/secure.gravatar.com\/avatar\/d10350cbdad043facd8ec77a377f86f9026afee3348e463b04854fd4490ce759?s=96&d=mm&r=g\",\"url\":\"https:\/\/secure.gravatar.com\/avatar\/d10350cbdad043facd8ec77a377f86f9026afee3348e463b04854fd4490ce759?s=96&d=mm&r=g\",\"contentUrl\":\"https:\/\/secure.gravatar.com\/avatar\/d10350cbdad043facd8ec77a377f86f9026afee3348e463b04854fd4490ce759?s=96&d=mm&r=g\",\"caption\":\"Kassio Henrique Sobral Rocha\"},\"url\":\"https:\/\/www.estrategiaconcursos.com.br\/blog\/author\/kassio-rochayahoo-com-br\/\"}]}<\/script>\n<!-- \/ Yoast SEO Premium plugin. -->","yoast_head_json":{"title":"Resumo da Lei de Prote\u00e7\u00e3o a V\u00edtimas e Testemunhas para a PC-SP","description":"Veja neste artigo um resumo da Lei de Prote\u00e7\u00e3o a V\u00edtimas e Testemunhas, para o concurso da\u00a0Pol\u00edcia Civil de S\u00e3o Paulo (PC-SP).","robots":{"index":"index","follow":"follow","max-snippet":"max-snippet:-1","max-image-preview":"max-image-preview:large","max-video-preview":"max-video-preview:-1"},"canonical":"https:\/\/www.estrategiaconcursos.com.br\/blog\/lei-protecao-testemunha-pc-sp\/","og_locale":"pt_BR","og_type":"article","og_title":"Resumo da Lei de Prote\u00e7\u00e3o a V\u00edtimas e Testemunhas para a PC-SP","og_description":"Veja neste artigo um resumo da Lei de Prote\u00e7\u00e3o a V\u00edtimas e Testemunhas, para o concurso da\u00a0Pol\u00edcia Civil de S\u00e3o Paulo (PC-SP).","og_url":"https:\/\/www.estrategiaconcursos.com.br\/blog\/lei-protecao-testemunha-pc-sp\/","og_site_name":"Estrat\u00e9gia Concursos","article_published_time":"2022-05-10T12:14:00+00:00","og_image":[{"width":1280,"height":720,"url":"https:\/\/dhg1h5j42swfq.cloudfront.net\/2021\/09\/02140319\/pc-sp-1280x720-1.jpg","type":"image\/jpeg"}],"author":"Kassio Henrique Sobral Rocha","twitter_card":"summary_large_image","twitter_creator":"@EstratConcursos","twitter_site":"@EstratConcursos","twitter_misc":{"Escrito por":"Kassio Henrique Sobral Rocha","Est. tempo de leitura":"9 minutos"},"schema":{"@context":"https:\/\/schema.org","@graph":[{"@type":"NewsArticle","@id":"https:\/\/www.estrategiaconcursos.com.br\/blog\/lei-protecao-testemunha-pc-sp\/#article","isPartOf":{"@id":"https:\/\/www.estrategiaconcursos.com.br\/blog\/lei-protecao-testemunha-pc-sp\/"},"author":{"name":"Kassio Henrique Sobral Rocha","@id":"https:\/\/www.estrategiaconcursos.com.br\/blog\/#\/schema\/person\/f0c830e07cfe11c231c0ea5dbb036df5"},"headline":"Resumo da Lei de Prote\u00e7\u00e3o a V\u00edtimas e Testemunhas para a PC-SP","datePublished":"2022-05-10T12:14:00+00:00","mainEntityOfPage":{"@id":"https:\/\/www.estrategiaconcursos.com.br\/blog\/lei-protecao-testemunha-pc-sp\/"},"wordCount":1857,"commentCount":0,"publisher":{"@id":"https:\/\/www.estrategiaconcursos.com.br\/blog\/#organization"},"image":{"@id":"https:\/\/www.estrategiaconcursos.com.br\/blog\/lei-protecao-testemunha-pc-sp\/#primaryimage"},"thumbnailUrl":"https:\/\/dhg1h5j42swfq.cloudfront.net\/2021\/09\/02140319\/pc-sp-1280x720-1.jpg","articleSection":["Concursos P\u00fablicos","Policial (Agente, Escriv\u00e3o e Investigador)"],"inLanguage":"pt-BR","potentialAction":[{"@type":"CommentAction","name":"Comment","target":["https:\/\/www.estrategiaconcursos.com.br\/blog\/lei-protecao-testemunha-pc-sp\/#respond"]}],"copyrightYear":"2022","copyrightHolder":{"@id":"https:\/\/www.estrategiaconcursos.com.br\/blog\/#organization"}},{"@type":"WebPage","@id":"https:\/\/www.estrategiaconcursos.com.br\/blog\/lei-protecao-testemunha-pc-sp\/","url":"https:\/\/www.estrategiaconcursos.com.br\/blog\/lei-protecao-testemunha-pc-sp\/","name":"Resumo da Lei de Prote\u00e7\u00e3o a V\u00edtimas e Testemunhas para a PC-SP","isPartOf":{"@id":"https:\/\/www.estrategiaconcursos.com.br\/blog\/#website"},"primaryImageOfPage":{"@id":"https:\/\/www.estrategiaconcursos.com.br\/blog\/lei-protecao-testemunha-pc-sp\/#primaryimage"},"image":{"@id":"https:\/\/www.estrategiaconcursos.com.br\/blog\/lei-protecao-testemunha-pc-sp\/#primaryimage"},"thumbnailUrl":"https:\/\/dhg1h5j42swfq.cloudfront.net\/2021\/09\/02140319\/pc-sp-1280x720-1.jpg","datePublished":"2022-05-10T12:14:00+00:00","description":"Veja neste artigo um resumo da Lei de Prote\u00e7\u00e3o a V\u00edtimas e Testemunhas, para o concurso da\u00a0Pol\u00edcia Civil de S\u00e3o Paulo (PC-SP).","breadcrumb":{"@id":"https:\/\/www.estrategiaconcursos.com.br\/blog\/lei-protecao-testemunha-pc-sp\/#breadcrumb"},"inLanguage":"pt-BR","potentialAction":[{"@type":"ReadAction","target":["https:\/\/www.estrategiaconcursos.com.br\/blog\/lei-protecao-testemunha-pc-sp\/"]}]},{"@type":"ImageObject","inLanguage":"pt-BR","@id":"https:\/\/www.estrategiaconcursos.com.br\/blog\/lei-protecao-testemunha-pc-sp\/#primaryimage","url":"https:\/\/dhg1h5j42swfq.cloudfront.net\/2021\/09\/02140319\/pc-sp-1280x720-1.jpg","contentUrl":"https:\/\/dhg1h5j42swfq.cloudfront.net\/2021\/09\/02140319\/pc-sp-1280x720-1.jpg","width":1280,"height":720,"caption":"pc-sp"},{"@type":"BreadcrumbList","@id":"https:\/\/www.estrategiaconcursos.com.br\/blog\/lei-protecao-testemunha-pc-sp\/#breadcrumb","itemListElement":[{"@type":"ListItem","position":1,"name":"In\u00edcio","item":"https:\/\/www.estrategiaconcursos.com.br\/blog\/"},{"@type":"ListItem","position":2,"name":"Resumo da Lei de Prote\u00e7\u00e3o a V\u00edtimas e Testemunhas para a PC-SP"}]},{"@type":"WebSite","@id":"https:\/\/www.estrategiaconcursos.com.br\/blog\/#website","url":"https:\/\/www.estrategiaconcursos.com.br\/blog\/","name":"Estrat\u00e9gia Concursos","description":"O blog da Estrat\u00e9gia Concursos traz not\u00edcias sobre concursos e artigos de professores oferecendo cursos para concursos (pdf + videaulas) no site.","publisher":{"@id":"https:\/\/www.estrategiaconcursos.com.br\/blog\/#organization"},"potentialAction":[{"@type":"SearchAction","target":{"@type":"EntryPoint","urlTemplate":"https:\/\/www.estrategiaconcursos.com.br\/blog\/?s={search_term_string}"},"query-input":{"@type":"PropertyValueSpecification","valueRequired":true,"valueName":"search_term_string"}}],"inLanguage":"pt-BR"},{"@type":"Organization","@id":"https:\/\/www.estrategiaconcursos.com.br\/blog\/#organization","name":"Estrat\u00e9gia Concursos","url":"https:\/\/www.estrategiaconcursos.com.br\/blog\/","logo":{"@type":"ImageObject","inLanguage":"pt-BR","@id":"https:\/\/www.estrategiaconcursos.com.br\/blog\/#\/schema\/logo\/image\/","url":"https:\/\/dhg1h5j42swfq.cloudfront.net\/2025\/06\/03203428\/logo_concursos-1.jpg","contentUrl":"https:\/\/dhg1h5j42swfq.cloudfront.net\/2025\/06\/03203428\/logo_concursos-1.jpg","width":230,"height":60,"caption":"Estrat\u00e9gia Concursos"},"image":{"@id":"https:\/\/www.estrategiaconcursos.com.br\/blog\/#\/schema\/logo\/image\/"},"sameAs":["https:\/\/x.com\/EstratConcursos"]},{"@type":"Person","@id":"https:\/\/www.estrategiaconcursos.com.br\/blog\/#\/schema\/person\/f0c830e07cfe11c231c0ea5dbb036df5","name":"Kassio Henrique Sobral Rocha","image":{"@type":"ImageObject","inLanguage":"pt-BR","@id":"https:\/\/secure.gravatar.com\/avatar\/d10350cbdad043facd8ec77a377f86f9026afee3348e463b04854fd4490ce759?s=96&d=mm&r=g","url":"https:\/\/secure.gravatar.com\/avatar\/d10350cbdad043facd8ec77a377f86f9026afee3348e463b04854fd4490ce759?s=96&d=mm&r=g","contentUrl":"https:\/\/secure.gravatar.com\/avatar\/d10350cbdad043facd8ec77a377f86f9026afee3348e463b04854fd4490ce759?s=96&d=mm&r=g","caption":"Kassio Henrique Sobral Rocha"},"url":"https:\/\/www.estrategiaconcursos.com.br\/blog\/author\/kassio-rochayahoo-com-br\/"}]}},"_links":{"self":[{"href":"https:\/\/www.estrategiaconcursos.com.br\/blog\/wp-json\/wp\/v2\/posts\/1013252","targetHints":{"allow":["GET"]}}],"collection":[{"href":"https:\/\/www.estrategiaconcursos.com.br\/blog\/wp-json\/wp\/v2\/posts"}],"about":[{"href":"https:\/\/www.estrategiaconcursos.com.br\/blog\/wp-json\/wp\/v2\/types\/post"}],"author":[{"embeddable":true,"href":"https:\/\/www.estrategiaconcursos.com.br\/blog\/wp-json\/wp\/v2\/users\/1976"}],"replies":[{"embeddable":true,"href":"https:\/\/www.estrategiaconcursos.com.br\/blog\/wp-json\/wp\/v2\/comments?post=1013252"}],"version-history":[{"count":18,"href":"https:\/\/www.estrategiaconcursos.com.br\/blog\/wp-json\/wp\/v2\/posts\/1013252\/revisions"}],"predecessor-version":[{"id":1021155,"href":"https:\/\/www.estrategiaconcursos.com.br\/blog\/wp-json\/wp\/v2\/posts\/1013252\/revisions\/1021155"}],"wp:featuredmedia":[{"embeddable":true,"href":"https:\/\/www.estrategiaconcursos.com.br\/blog\/wp-json\/wp\/v2\/media\/852509"}],"wp:attachment":[{"href":"https:\/\/www.estrategiaconcursos.com.br\/blog\/wp-json\/wp\/v2\/media?parent=1013252"}],"wp:term":[{"taxonomy":"category","embeddable":true,"href":"https:\/\/www.estrategiaconcursos.com.br\/blog\/wp-json\/wp\/v2\/categories?post=1013252"},{"taxonomy":"post_tag","embeddable":true,"href":"https:\/\/www.estrategiaconcursos.com.br\/blog\/wp-json\/wp\/v2\/tags?post=1013252"},{"taxonomy":"tax_estado","embeddable":true,"href":"https:\/\/www.estrategiaconcursos.com.br\/blog\/wp-json\/wp\/v2\/tax_estado?post=1013252"}],"curies":[{"name":"wp","href":"https:\/\/api.w.org\/{rel}","templated":true}]}}