{"id":1013145,"date":"2022-05-05T07:57:00","date_gmt":"2022-05-05T10:57:00","guid":{"rendered":"https:\/\/www.estrategiaconcursos.com.br\/blog\/?p=1013145"},"modified":"2023-08-31T11:19:35","modified_gmt":"2023-08-31T14:19:35","slug":"beneficios-fiscais-sefaz-am","status":"publish","type":"post","link":"https:\/\/www.estrategiaconcursos.com.br\/blog\/beneficios-fiscais-sefaz-am\/","title":{"rendered":"Benef\u00edcios Fiscais para SEFAZ-AM \u2013 LC 24\/75 e LC 160\/2017"},"content":{"rendered":"\n<p>Ol\u00e1, pessoal. Tudo certo? No artigo de hoje veremos sobre os Benef\u00edcios Fiscais para SEFAZ-AM, temas que s\u00e3o tratados na LC 24\/75 e LC 160\/2017, combinado?<\/p>\n\n\n\n<p>Rapidamente lembremos que a LC 160\/2017 disp\u00f5e sobre o conv\u00eanio que permite aos Estados deliberar sobre remiss\u00e3o de cr\u00e9ditos tribut\u00e1rios institu\u00eddos em desacordo com a Constitui\u00e7\u00e3o Federal e a LC 24\/75.<\/p>\n\n\n\n<p>Enquanto a LC 24\/75 disp\u00f5e sobre os conv\u00eanios para a concess\u00e3o de isen\u00e7\u00f5es do imposto sobre opera\u00e7\u00f5es relativas \u00e0 circula\u00e7\u00e3o de mercadorias.<\/p>\n\n\n\n<figure class=\"wp-block-image aligncenter size-full\"><img loading=\"lazy\" decoding=\"async\" width=\"275\" height=\"184\" src=\"https:\/\/dhg1h5j42swfq.cloudfront.net\/2022\/04\/21134901\/image-1.jpeg\" alt=\"Benef\u00edcios Fiscais para SEFAZ-AM \u2013 LC 24\/75 e LC 160\/2017 \" class=\"wp-image-1013151\"\/><figcaption class=\"wp-element-caption\">Benef\u00edcios Fiscais para SEFAZ-AM \u2013 LC 24\/75 e LC 160\/2017<br \/><\/figcaption><\/figure>\n\n\n\n<h2 class=\"wp-block-heading\" id=\"lc-160-2017-disposicoes-gerais\">LC 160\/2017 \u2013 Disposi\u00e7\u00f5es Gerais<\/h2>\n\n\n\n<p>Iniciemos nos Benef\u00edcios Fiscais para SEFAZ-AM pela LC 160\/2017.<\/p>\n\n\n\n<p><mark style=\"background-color:rgba(0, 0, 0, 0)\" class=\"has-inline-color has-vivid-cyan-blue-color\"><strong>Objetivo<\/strong> <\/mark>(Art. 1\u00ba) \u2013 mediante conv\u00eanio, os Estados e o Distrito Federal poder\u00e3o deliberar sobre<\/p>\n\n\n\n<ul class=\"wp-block-list\">\n<li>I &#8211; a <strong>remiss\u00e3o dos cr\u00e9ditos tribut\u00e1rios<\/strong>, constitu\u00eddos ou n\u00e3o, decorrentes das isen\u00e7\u00f5es, dos incentivos e dos <strong>benef\u00edcios<\/strong> fiscais ou financeiro-fiscais institu\u00eddos <strong>em desacordo<\/strong> com o disposto na&nbsp;<a href=\"http:\/\/www.planalto.gov.br\/ccivil_03\/Constituicao\/Constituicao.htm#art155%C2%A72xiig\">al\u00ednea \u201cg\u201d do inciso XII do \u00a7 2<sup>o<\/sup>&nbsp;do art. 155 da Constitui\u00e7\u00e3o Federal<\/a>&nbsp;<strong>por legisla\u00e7\u00e3o estadual publicada at\u00e9 a data de in\u00edcio de produ\u00e7\u00e3o de efeitos desta Lei Complementar<\/strong>;<\/li>\n\n\n\n<li>II &#8211; a <strong>reinstitui\u00e7\u00e3o <\/strong>das isen\u00e7\u00f5es, dos incentivos e dos <strong>benef\u00edcios fiscais<\/strong> ou financeiro-fiscais referidos no <strong>inciso I<\/strong> deste artigo <strong>que ainda se encontrem em vigor<\/strong>.<\/li>\n<\/ul>\n\n\n\n<p><strong><mark style=\"background-color:rgba(0, 0, 0, 0)\" class=\"has-inline-color has-vivid-green-cyan-color\">Qu\u00f3rum de aprova\u00e7\u00e3o<\/mark><\/strong> (Art. 2\u00ba)<\/p>\n\n\n\n<ul class=\"wp-block-list\">\n<li>I &#8211; <strong>2\/3<\/strong> das <strong>unidades federadas<\/strong>; e&nbsp;<\/li>\n\n\n\n<li>II &#8211; <strong>1\/3<\/strong> das <strong>unidades federadas integrantes de cada uma das 5 regi\u00f5es do Pa\u00eds<\/strong>.<\/li>\n<\/ul>\n\n\n\n<p><strong><mark style=\"background-color:rgba(0, 0, 0, 0)\" class=\"has-inline-color has-vivid-purple-color\">Condi\u00e7\u00f5es para concess\u00e3o conv\u00eanio<\/mark><\/strong> (Art. 3\u00ba)<\/p>\n\n\n\n<p>I &#8211; <strong>publicar<\/strong>, em seus <strong>respectivos di\u00e1rios oficiais<\/strong>, rela\u00e7\u00e3o com a <strong>identifica\u00e7\u00e3o de todos os atos normativos<\/strong> relativos \u00e0s isen\u00e7\u00f5es, aos incentivos e aos <strong>benef\u00edcios fiscais<\/strong> ou financeiro-fiscais abrangidos pelo art. 1<sup>o<\/sup>&nbsp;desta Lei Complementar;<mark style=\"background-color:rgba(0, 0, 0, 0)\" class=\"has-inline-color has-vivid-red-color\">&nbsp;-&gt; n\u00e3o se aplica ao ICMS que n\u00e3o tenha sido atendido as condi\u00e7\u00f5es, devendo ser revogado (\u00a71\u00ba)<\/mark><\/p>\n\n\n\n<p>II &#8211; <strong>efetuar o registro e o dep\u00f3sito, na<\/strong> Secretaria Executiva do (<strong>Confaz<\/strong>), da <strong>documenta\u00e7\u00e3o comprobat\u00f3ria<\/strong> correspondente aos atos concessivos dos benef\u00edcios fiscais mencionados no inciso I deste artigo, que ser\u00e3o publicados no Portal Nacional da Transpar\u00eancia Tribut\u00e1ria, que ser\u00e1 institu\u00eddo pelo Confaz e disponibilizado em seu s\u00edtio eletr\u00f4nico.<\/p>\n\n\n\n<p><a><\/a><a><\/a><a><\/a><a><\/a><a><\/a>Por ser uma altera\u00e7\u00e3o recente da Lei, atente-se ao par\u00e1grafo.<\/p>\n\n\n\n<p>\u00a7 3\u00ba Os <strong>atos concessivos cujas exig\u00eancias de publica\u00e7\u00e3o, de registro e de dep\u00f3sito foram atendidas<\/strong> <strong>permanecer\u00e3o vigentes e produzindo efeitos como normas regulamentadoras<\/strong> nas respectivas unidades federadas concedentes das isen\u00e7\u00f5es, dos incentivos e dos benef\u00edcios fiscais ou financeiro-fiscais vinculados ao ICMS, nos termos dos \u00a7\u00a7 2\u00ba e 2\u00ba-A deste artigo.<\/p>\n\n\n\n<h3 class=\"wp-block-heading\" id=\"outras-disposicoes\"><a><\/a>Outras disposi\u00e7\u00f5es<\/h3>\n\n\n\n<p>Agora vejamos algumas regras aplicadas aos conv\u00eanios.<\/p>\n\n\n\n<p><strong><mark style=\"background-color:rgba(0, 0, 0, 0)\" class=\"has-inline-color has-vivid-green-cyan-color\">Modifica\u00e7\u00e3o do benef\u00edcio<\/mark><\/strong> (Art. 3, \u00a74\u00ba): A unidade federada concedente po<strong>der\u00e1 revogar ou modificar o ato concessivo ou reduzir o seu alcance ou o montante<\/strong> dos benef\u00edcios fiscais ou financeiro-fiscais <strong>antes do termo final de frui\u00e7\u00e3o<\/strong>. -&gt; n\u00e3o poder\u00e1 resultar em benef\u00edcios em valor superior ao que o contribuinte podia usufruir antes da modifica\u00e7\u00e3o do ato concessivo (\u00a75\u00ba)<\/p>\n\n\n\n<p><strong><mark style=\"background-color:rgba(0, 0, 0, 0)\" class=\"has-inline-color has-vivid-green-cyan-color\">Extens\u00e3o de benef\u00edcio<\/mark><\/strong> (Art. 3, \u00a77\u00ba): As unidades federadas poder\u00e3o estender a concess\u00e3o de benef\u00edcios a outros contribuintes estabelecidos em seu territ\u00f3rio, sob as mesmas condi\u00e7\u00f5es e nos prazos-limites de frui\u00e7\u00e3o.<\/p>\n\n\n\n<p><mark style=\"background-color:rgba(0, 0, 0, 0)\" class=\"has-inline-color has-vivid-green-cyan-color\"><strong>Ades\u00e3o de benef\u00edcios de outras UFs<\/strong> <\/mark>(Art. 3, \u00a78\u00ba):\u00a0 As unidades federadas poder\u00e3o aderir aos benef\u00edcios concedidos ou prorrogados por outra unidade federada da <strong>mesma regi\u00e3o, enquanto vigentes.<\/strong> <\/p>\n\n\n\n<p><mark style=\"background-color:rgba(0, 0, 0, 0)\" class=\"has-inline-color has-vivid-green-cyan-color\"><strong>Publicidade<\/strong> <\/mark>(Art. 3, \u00a74\u00ba): As unidades federadas dever\u00e3o prestar informa\u00e7\u00f5es sobre os benef\u00edcios e mant\u00ea-las atualizadas no <strong>Portal Nacional da Transpar\u00eancia Tribut\u00e1ria<\/strong>.<\/p>\n\n\n\n<h3 class=\"wp-block-heading\" id=\"viabilidade-da-lei\"><a><\/a><a><\/a><a><\/a>Viabilidade da Lei<\/h3>\n\n\n\n<p>Dando prosseguimento ao resumo sobre os Benef\u00edcios Fiscais para SEFAZ-AM pela LC 160\/2017.<\/p>\n\n\n\n<p>Primeiro ponto a lembrar \u00e9 que para viabilizar a Lei, o <strong>artigo 14 da LRF foi afastado <\/strong>(Art. 4\u00ba)<\/p>\n\n\n\n<p><em>Art. 14.A concess\u00e3o ou amplia\u00e7\u00e3o de incentivo ou benef\u00edcio de natureza tribut\u00e1ria da qual decorra ren\u00fancia de receita dever\u00e1 estar acompanhada de estimativa do impacto or\u00e7ament\u00e1rio-financeiro no exerc\u00edcio em que deva iniciar sua vig\u00eancia e nos dois seguintes, atender ao disposto na lei de diretrizes or\u00e7ament\u00e1rias e a pelo menos uma das seguintes condi\u00e7\u00f5es<a><\/a><\/em><\/p>\n\n\n\n<p><em>I &#8211; demonstra\u00e7\u00e3o pelo proponente de que a ren\u00fancia foi considerada na estimativa de receita da lei or\u00e7ament\u00e1ria, na forma do art. 12, e de que n\u00e3o afetar\u00e1 as metas de resultados fiscais previstas no anexo pr\u00f3prio da lei de diretrizes or\u00e7ament\u00e1rias;<\/em><em><\/em><\/p>\n\n\n\n<p><a><\/a><em>II &#8211; estar acompanhada de medidas de compensa\u00e7\u00e3o, no per\u00edodo mencionado no&nbsp;caput, por meio do aumento de receita, proveniente da eleva\u00e7\u00e3o de al\u00edquotas, amplia\u00e7\u00e3o da base de c\u00e1lculo, majora\u00e7\u00e3o ou cria\u00e7\u00e3o de tributo ou contribui\u00e7\u00e3o.<\/em><em><\/em><\/p>\n\n\n\n<p><a><\/a>Nesse sentido, a n\u00e3o constitui\u00e7\u00e3o de cr\u00e9ditos concedidas por lei da unidade federada de origem da mercadoria <strong>afastam as san\u00e7\u00f5es do artigo 8\u00ba da LC 24\/75<\/strong> retroativamente \u00e0 data original de concess\u00e3o do benef\u00edcio, vedadas a restitui\u00e7\u00e3o e a compensa\u00e7\u00e3o de tributo e a apropria\u00e7\u00e3o de cr\u00e9dito extempor\u00e2neo por sujeito passivo (Art. 5).<\/p>\n\n\n\n<h3 class=\"wp-block-heading\" id=\"penalidades\">Penalidades<\/h3>\n\n\n\n<p>Dito isso, vejamos as penalidades cab\u00edveis para a concess\u00e3o ou a manuten\u00e7\u00e3o de benef\u00edcios em desacordo (Art. 6).<\/p>\n\n\n\n<p><mark style=\"background-color:rgba(0, 0, 0, 0)\" class=\"has-inline-color has-vivid-cyan-blue-color\"><strong>Penalidades<\/strong> <\/mark>&#8211; N\u00e3o poder\u00e1 (LRF, Art. 23, \u00a7 3\u00ba):<\/p>\n\n\n\n<ul class=\"wp-block-list\">\n<li>I &#8211; receber transfer\u00eancias volunt\u00e1rias;<\/li>\n\n\n\n<li>II &#8211; obter garantia, direta ou indireta, de outro ente;<\/li>\n\n\n\n<li>III &#8211; contratar opera\u00e7\u00f5es de cr\u00e9dito, ressalvadas as destinadas ao pagamento da d\u00edvida mobili\u00e1ria e as que visem \u00e0 redu\u00e7\u00e3o das despesas com pessoal.<\/li>\n<\/ul>\n\n\n\n<p><mark style=\"background-color:rgba(0, 0, 0, 0)\" class=\"has-inline-color has-vivid-green-cyan-color\"><strong>Representa\u00e7\u00e3o<\/strong> <\/mark>(Art. 6, \u00a71\u00ba) Governador e acolhido pelo Ministro da Fazenda.<\/p>\n\n\n\n<p>Assim, a<strong>dmitida a representa\u00e7\u00e3o e ouvida<\/strong>, no prazo de <strong>30 dias<\/strong>, a <strong>unidade federada<\/strong> interessada, o <strong>Ministro<\/strong> da Fazenda, <strong>em at\u00e9 90 dias<\/strong> (\u00a7Art. 6, 2<sup>o<\/sup>):<\/p>\n\n\n\n<ul class=\"wp-block-list\">\n<li>I &#8211; <strong>determinar\u00e1 o <\/strong><mark style=\"background-color:rgba(0, 0, 0, 0)\" class=\"has-inline-color has-vivid-purple-color\"><strong>arquivamento<\/strong> <\/mark>da representa\u00e7\u00e3o, caso n\u00e3o seja constatada a infra\u00e7\u00e3o;<\/li>\n\n\n\n<li>II &#8211; <strong>editar\u00e1 portaria <mark style=\"background-color:rgba(0, 0, 0, 0)\" class=\"has-inline-color has-vivid-purple-color\">declarando a exist\u00eancia da infra\u00e7\u00e3o<\/mark><\/strong>, a qual produzir\u00e1 efeitos a partir de sua publica\u00e7\u00e3o.<\/li>\n<\/ul>\n\n\n\n<p><strong><mark style=\"background-color:rgba(0, 0, 0, 0)\" class=\"has-inline-color has-luminous-vivid-amber-color\">Obs.:<\/mark><\/strong> Compete ao TCU verificar a aplica\u00e7\u00e3o, pela Uni\u00e3o, da san\u00e7\u00e3o (\u00a73\u00ba)<\/p>\n\n\n\n<h2 class=\"wp-block-heading\" id=\"lc-24-75-disposicoes-gerais\"><a><\/a><a><\/a><a><\/a><a><\/a><a><\/a>LC 24\/75 \u2013 Disposi\u00e7\u00f5es Gerais<\/h2>\n\n\n\n<p>Continuando no resumo sobre os Benef\u00edcios Fiscais para SEFAZ-AM, agora vejamos sobre a LC 24\/75.<\/p>\n\n\n\n<p>Os <strong><mark style=\"background-color:rgba(0, 0, 0, 0)\" class=\"has-inline-color has-vivid-cyan-blue-color\">benef\u00edcios do ICMS<\/mark><\/strong> devem ser <strong>concedidos ou revogados<\/strong> nos termos de <strong>conv\u00eanios celebrados e ratificados pelos Estados<\/strong> e pelo Distrito Federal (Art. 1\u00ba)<\/p>\n\n\n\n<p><strong><mark style=\"background-color:rgba(0, 0, 0, 0)\" class=\"has-inline-color has-vivid-green-cyan-color\">Rol de benef\u00edcios:<\/mark><\/strong><\/p>\n\n\n\n<ul class=\"wp-block-list\">\n<li><strong>Isen\u00e7\u00e3o<\/strong> (Art. 1\u00ba, caput)<\/li>\n\n\n\n<li>I &#8211; \u00e0 <strong>redu\u00e7\u00e3o da BC<\/strong>;<\/li>\n\n\n\n<li>II &#8211; \u00e0 <strong>devolu\u00e7\u00e3o<\/strong> total ou parcial, direta ou indireta, condicionada ou n\u00e3o, <strong>do tributo<\/strong>, ao contribuinte, a respons\u00e1vel ou a terceiros;<\/li>\n\n\n\n<li>III &#8211; \u00e0 concess\u00e3o de <strong>cr\u00e9ditos presumidos<\/strong>;<\/li>\n\n\n\n<li>IV &#8211; \u00e0 <strong>quaisquer outros incentivos<\/strong> ou favores fiscais ou financeiro-fiscais, concedidos com base no Imposto de Circula\u00e7\u00e3o de Mercadorias, dos quais resulte redu\u00e7\u00e3o ou elimina\u00e7\u00e3o, direta ou indireta, do respectivo \u00f4nus; Ex. Manuten\u00e7\u00e3o de cr\u00e9dito<\/li>\n\n\n\n<li>V &#8211; \u00e0s <strong>prorroga\u00e7\u00f5es e \u00e0s extens\u00f5es das isen\u00e7\u00f5es<\/strong> vigentes nesta data.<\/li>\n<\/ul>\n\n\n\n<p><strong><mark style=\"background-color:rgba(0, 0, 0, 0)\" class=\"has-inline-color has-luminous-vivid-amber-color\">Obs.:<\/mark><\/strong> O diferimento (S.T para tr\u00e1s) n\u00e3o \u00e9 benef\u00edcio fiscal.<\/p>\n\n\n\n<p>Agora vamos esquematizar as partes importantes da Lei.<\/p>\n\n\n\n<h2 class=\"wp-block-heading\" id=\"lc-24-75-demais-disposicoes\">LC 24\/75 \u2013 Demais disposi\u00e7\u00f5es<\/h2>\n\n\n\n<p>Para finalizar o resumo sobre os Benef\u00edcios Fiscais para SEFAZ-AM, vejamos de forma esquematizada as demais disposi\u00e7\u00f5es na LC.<\/p>\n\n\n\n<p>Lembre-se da diferen\u00e7a entre a convoca\u00e7\u00e3o e a presen\u00e7a, pois todos s\u00e3o convocados, mas nem todos precisam estar presentes necessariamente.<\/p>\n\n\n\n<p><strong><mark style=\"background-color:rgba(0, 0, 0, 0)\" class=\"has-inline-color has-cyan-bluish-gray-color\">Convoca\u00e7\u00e3o X Presen\u00e7a<\/mark><\/strong><\/p>\n\n\n\n<ul class=\"wp-block-list\">\n<li><mark style=\"background-color:rgba(0, 0, 0, 0)\" class=\"has-inline-color has-vivid-purple-color\"><strong>Convoca\u00e7\u00e3o<\/strong> <\/mark>(Art. 2, caput) \u2013 Todos os representantes (27)<\/li>\n\n\n\n<li><strong><mark style=\"background-color:rgba(0, 0, 0, 0)\" class=\"has-inline-color has-vivid-purple-color\">Qu\u00f3rum m\u00ednimo\/Presen\u00e7a<\/mark><\/strong> (Art. 2, \u00a71\u00ba) \u2013 maioria (14)<\/li>\n<\/ul>\n\n\n\n<p>Nesse sentido, as decis\u00f5es s\u00e3o contadas dos representados (presentes).<\/p>\n\n\n\n<p><strong><mark style=\"background-color:rgba(0, 0, 0, 0)\" class=\"has-inline-color has-cyan-bluish-gray-color\">Delibera\u00e7\u00e3o<\/mark> <\/strong>(Art. 2, \u00a72\u00ba)<\/p>\n\n\n\n<ul class=\"wp-block-list\">\n<li><mark style=\"background-color:rgba(0, 0, 0, 0)\" class=\"has-inline-color has-vivid-purple-color\"><strong>Concess\u00e3o<\/strong> <\/mark>\u2013 Decis\u00e3o un\u00e2nime dos representados (presentes)<\/li>\n\n\n\n<li><mark style=\"background-color:rgba(0, 0, 0, 0)\" class=\"has-inline-color has-vivid-purple-color\"><strong>Revoga\u00e7\u00e3o<\/strong> <\/mark>&#8211;\u00a0 4\/5 dos representados (presentes)<\/li>\n<\/ul>\n\n\n\n<p>Entretanto, a obriga\u00e7\u00e3o de decreto recai a todos, presentes ou n\u00e3o.<\/p>\n\n\n\n<p><strong><mark style=\"background-color:rgba(0, 0, 0, 0)\" class=\"has-inline-color has-cyan-bluish-gray-color\">Decreto de ratifica\u00e7\u00e3o<\/mark><\/strong><\/p>\n\n\n\n<ul class=\"wp-block-list\">\n<li><mark style=\"background-color:rgba(0, 0, 0, 0)\" class=\"has-inline-color has-vivid-purple-color\"><strong>Concess\u00e3o<\/strong> <\/mark>(Art. 4, caput) \u2013 <strong>Todas as UFs<\/strong>, sendo que a falta de manifesta\u00e7\u00e3o \u00e9 considerada como ratifica\u00e7\u00e3o t\u00e1cita (Art. 4, \u00a71\u00ba).<\/li>\n\n\n\n<li><mark style=\"background-color:rgba(0, 0, 0, 0)\" class=\"has-inline-color has-vivid-purple-color\"><strong>Revoga\u00e7\u00e3o<\/strong> <\/mark>(Art. 4, \u00a72\u00ba) &#8211;\u00a0 4\/5 das UFs<\/li>\n<\/ul>\n\n\n\n<p><mark style=\"background-color:rgba(0, 0, 0, 0)\" class=\"has-inline-color has-luminous-vivid-amber-color\"><strong>Obs.:<\/strong> <\/mark>Os conv\u00eanios ratificados obrigam todas as Unidades da Federa\u00e7\u00e3o inclusive as que, regularmente convocadas, n\u00e3o se tenham feito representar na reuni\u00e3o. (Art. 7)<\/p>\n\n\n\n<p>Fiquemos ainda com alguns prazos importantes.<\/p>\n\n\n\n<p><strong><mark style=\"background-color:rgba(0, 0, 0, 0)\" class=\"has-inline-color has-vivid-green-cyan-color\">Celebra\u00e7\u00e3o do Conv\u00eanio<\/mark><\/strong><\/p>\n\n\n\n<ul class=\"wp-block-list\">\n<li>em at\u00e9 10 dias -&gt; <strong>Publica\u00e7\u00e3o<\/strong> do <strong>conv\u00eanio<\/strong> no DOU&nbsp;<\/li>\n\n\n\n<li>em at\u00e9 15 dias -&gt; <strong>Decretos<\/strong> dos entes (<strong>governadores<\/strong>) ratificado ou n\u00e3o (ratificando) o conv\u00eanio&nbsp;<\/li>\n\n\n\n<li>em at\u00e9 10 dias -&gt; <strong>Publica\u00e7\u00e3o<\/strong> no DOU da <strong>ratifica\u00e7\u00e3o<\/strong> ou n\u00e3o do conv\u00eanio<\/li>\n\n\n\n<li>Ap\u00f3s 30 dias -&gt; Vig\u00eancia do Conv\u00eanio, salvo disposi\u00e7\u00e3o em contr\u00e1rio<\/li>\n<\/ul>\n\n\n\n<p>Para finalizar, \u00e9 importante memorizar a seguinte disposi\u00e7\u00e3o, uma vez que est\u00e1 intrinsecamente ligado ao concurso.<\/p>\n\n\n\n<p>Art. 15 &#8211; O disposto nesta <strong><mark style=\"background-color:rgba(0, 0, 0, 0)\" class=\"has-inline-color has-vivid-cyan-blue-color\">Lei n\u00e3o se aplica<\/mark><\/strong> \u00e0s <strong>ind\u00fastrias instaladas<\/strong> ou que vierem a <strong>instalar-se na Zona Franca de Manaus<\/strong>, sendo vedado \u00e0s demais Unidades da Federa\u00e7\u00e3o determinar a exclus\u00e3o de incentivo fiscal, pr\u00eamio ou est\u00edmulo concedido pelo Estado do Amazonas.<\/p>\n\n\n\n<h2 class=\"wp-block-heading\" id=\"consideracoes-finais\">Considera\u00e7\u00f5es Finais<\/h2>\n\n\n\n<p>Pessoal, chegamos ao final do Resumo sobre os Benef\u00edcios Fiscais para SEFAZ-AM. Espero que tenham gostado.<\/p>\n\n\n\n<p>Para treinar o conte\u00fado por meio de quest\u00f5es, n\u00e3o deixe de acessar nosso Sistema de Quest\u00f5es.<\/p>\n\n\n\n<p><a href=\"https:\/\/concursos.estrategiaeducacional.com.br\/\">Sistema de Quest\u00f5es (SQ) \u2013 Estrat\u00e9gia Concursos<\/a><\/p>\n\n\n\n<p>Gostou do artigo? Siga-nos<\/p>\n\n\n\n<p><a href=\"https:\/\/www.instagram.com\/resumospassarin\/\">https:\/\/www.instagram.com\/resumospassarin\/<\/a><\/p>\n\n\n\n<h2 class=\"wp-block-heading has-text-align-center\" id=\"h-quer-saber-tudo-sobre-concursos-previstos-confira-nossos-artigos\">Quer saber tudo sobre concursos previstos?<br \/>Confira nossos artigos!<\/h2>\n\n\n\n<p class=\"has-text-align-center has-white-color has-black-background-color has-text-color has-background\"><strong><a href=\"https:\/\/www.estrategiaconcursos.com.br\/blog\/concursos-abertos\/\" target=\"_blank\" rel=\"noreferrer noopener\">Concursos abertos<\/a><\/strong><\/p>\n\n\n\n<p class=\"has-text-align-center has-white-color has-black-background-color has-text-color has-background\"><strong><a href=\"https:\/\/www.estrategiaconcursos.com.br\/blog\/concursos-2022\/\" target=\"_blank\" rel=\"noreferrer noopener\">Concursos 2022<\/a><\/strong><\/p>\n\n\n\n<div class=\"container\" id=\"boxes\">\n  <div class=\"row\">\n\n    <div class=\"col-sm\">\n      <div class=\"estrategia\" id=\"box-assinatura\">\n        <h3 class=\"titulo-assinatura\">Assinatura de Concursos<\/h3>\n        <p class=\"subtitulo-assinatura\">Assinatura de 1 ano ou 2 anos<\/p>\n        <div class=\"box-botao\">\n          <a class=\"btn-assinatura\" target=\"_blank\" href=\"https:\/\/www.estrategiaconcursos.com.br\/assinaturas\/\" role=\"button\" rel=\"noopener noreferrer\">ASSINE AGORA<\/a>\n        <\/div>\n      <\/div>\n     \n    <\/div><\/div><\/div>\n\n\n\n<p>At\u00e9 mais e bons estudos!<\/p>\n","protected":false},"excerpt":{"rendered":"<p>Ol\u00e1, pessoal. Tudo certo? No artigo de hoje veremos sobre os Benef\u00edcios Fiscais para SEFAZ-AM, temas que s\u00e3o tratados na LC 24\/75 e LC 160\/2017, combinado? Rapidamente lembremos que a LC 160\/2017 disp\u00f5e sobre o conv\u00eanio que permite aos Estados deliberar sobre remiss\u00e3o de cr\u00e9ditos tribut\u00e1rios institu\u00eddos em desacordo com a Constitui\u00e7\u00e3o Federal e a [&hellip;]<\/p>\n","protected":false},"author":1763,"featured_media":989618,"comment_status":"open","ping_status":"closed","sticky":false,"template":"","format":"standard","meta":{"post_tipo":"article","footnotes":""},"categories":[1983],"tags":[],"tax_estado":[],"class_list":["post-1013145","post","type-post","status-publish","format-standard","has-post-thumbnail","hentry","category-fiscal-estadual"],"acf":[],"yoast_head":"<!-- This site is optimized with the Yoast SEO Premium plugin v27.2 (Yoast SEO v27.2) - https:\/\/yoast.com\/product\/yoast-seo-premium-wordpress\/ -->\n<title>Benef\u00edcios Fiscais para SEFAZ-AM \u2013 LC 24\/75 e LC 160\/2017<\/title>\n<meta name=\"description\" content=\"Veja neste artigo sobre os Benef\u00edcios Fiscais para SEFAZ-AM, temas que s\u00e3o tratados na Lei complementar 24\/75 e Lei complementar 160\/2017.\" \/>\n<meta name=\"robots\" content=\"index, follow, max-snippet:-1, max-image-preview:large, max-video-preview:-1\" \/>\n<link rel=\"canonical\" href=\"https:\/\/www.estrategiaconcursos.com.br\/blog\/beneficios-fiscais-sefaz-am\/\" \/>\n<meta property=\"og:locale\" content=\"pt_BR\" \/>\n<meta property=\"og:type\" content=\"article\" \/>\n<meta property=\"og:title\" content=\"Benef\u00edcios Fiscais para SEFAZ-AM \u2013 LC 24\/75 e LC 160\/2017\" \/>\n<meta property=\"og:description\" content=\"Veja neste artigo sobre os Benef\u00edcios Fiscais para SEFAZ-AM, temas que s\u00e3o tratados na Lei complementar 24\/75 e Lei complementar 160\/2017.\" \/>\n<meta property=\"og:url\" content=\"https:\/\/www.estrategiaconcursos.com.br\/blog\/beneficios-fiscais-sefaz-am\/\" \/>\n<meta property=\"og:site_name\" content=\"Estrat\u00e9gia Concursos\" \/>\n<meta property=\"article:published_time\" content=\"2022-05-05T10:57:00+00:00\" \/>\n<meta property=\"article:modified_time\" content=\"2023-08-31T14:19:35+00:00\" \/>\n<meta property=\"og:image\" content=\"https:\/\/dhg1h5j42swfq.cloudfront.net\/2022\/03\/17150723\/sefaz-am-4.jpg\" \/>\n\t<meta property=\"og:image:width\" content=\"768\" \/>\n\t<meta property=\"og:image:height\" content=\"432\" \/>\n\t<meta property=\"og:image:type\" content=\"image\/jpeg\" \/>\n<meta name=\"author\" content=\"Leonardo Menezes Passarin\" \/>\n<meta name=\"twitter:card\" content=\"summary_large_image\" \/>\n<meta name=\"twitter:creator\" content=\"@EstratConcursos\" \/>\n<meta name=\"twitter:site\" content=\"@EstratConcursos\" \/>\n<meta name=\"twitter:label1\" content=\"Escrito por\" \/>\n\t<meta name=\"twitter:data1\" content=\"Leonardo Menezes Passarin\" \/>\n\t<meta name=\"twitter:label2\" content=\"Est. tempo de leitura\" \/>\n\t<meta name=\"twitter:data2\" content=\"8 minutos\" \/>\n<script type=\"application\/ld+json\" class=\"yoast-schema-graph\">{\"@context\":\"https:\/\/schema.org\",\"@graph\":[{\"@type\":\"NewsArticle\",\"@id\":\"https:\/\/www.estrategiaconcursos.com.br\/blog\/beneficios-fiscais-sefaz-am\/#article\",\"isPartOf\":{\"@id\":\"https:\/\/www.estrategiaconcursos.com.br\/blog\/beneficios-fiscais-sefaz-am\/\"},\"author\":{\"name\":\"Leonardo Menezes Passarin\",\"@id\":\"https:\/\/www.estrategiaconcursos.com.br\/blog\/#\/schema\/person\/245b44e43eb13f0dbd04a7a078cd0d0d\"},\"headline\":\"Benef\u00edcios Fiscais para SEFAZ-AM \u2013 LC 24\/75 e LC 160\/2017\",\"datePublished\":\"2022-05-05T10:57:00+00:00\",\"dateModified\":\"2023-08-31T14:19:35+00:00\",\"mainEntityOfPage\":{\"@id\":\"https:\/\/www.estrategiaconcursos.com.br\/blog\/beneficios-fiscais-sefaz-am\/\"},\"wordCount\":1595,\"commentCount\":0,\"publisher\":{\"@id\":\"https:\/\/www.estrategiaconcursos.com.br\/blog\/#organization\"},\"image\":{\"@id\":\"https:\/\/www.estrategiaconcursos.com.br\/blog\/beneficios-fiscais-sefaz-am\/#primaryimage\"},\"thumbnailUrl\":\"https:\/\/dhg1h5j42swfq.cloudfront.net\/2022\/03\/17150723\/sefaz-am-4.jpg\",\"articleSection\":[\"Fiscal - Estadual (ICMS)\"],\"inLanguage\":\"pt-BR\",\"potentialAction\":[{\"@type\":\"CommentAction\",\"name\":\"Comment\",\"target\":[\"https:\/\/www.estrategiaconcursos.com.br\/blog\/beneficios-fiscais-sefaz-am\/#respond\"]}],\"copyrightYear\":\"2022\",\"copyrightHolder\":{\"@id\":\"https:\/\/www.estrategiaconcursos.com.br\/blog\/#organization\"}},{\"@type\":\"WebPage\",\"@id\":\"https:\/\/www.estrategiaconcursos.com.br\/blog\/beneficios-fiscais-sefaz-am\/\",\"url\":\"https:\/\/www.estrategiaconcursos.com.br\/blog\/beneficios-fiscais-sefaz-am\/\",\"name\":\"Benef\u00edcios Fiscais para SEFAZ-AM \u2013 LC 24\/75 e LC 160\/2017\",\"isPartOf\":{\"@id\":\"https:\/\/www.estrategiaconcursos.com.br\/blog\/#website\"},\"primaryImageOfPage\":{\"@id\":\"https:\/\/www.estrategiaconcursos.com.br\/blog\/beneficios-fiscais-sefaz-am\/#primaryimage\"},\"image\":{\"@id\":\"https:\/\/www.estrategiaconcursos.com.br\/blog\/beneficios-fiscais-sefaz-am\/#primaryimage\"},\"thumbnailUrl\":\"https:\/\/dhg1h5j42swfq.cloudfront.net\/2022\/03\/17150723\/sefaz-am-4.jpg\",\"datePublished\":\"2022-05-05T10:57:00+00:00\",\"dateModified\":\"2023-08-31T14:19:35+00:00\",\"description\":\"Veja neste artigo sobre os Benef\u00edcios Fiscais para SEFAZ-AM, temas que s\u00e3o tratados na Lei complementar 24\/75 e Lei complementar 160\/2017.\",\"breadcrumb\":{\"@id\":\"https:\/\/www.estrategiaconcursos.com.br\/blog\/beneficios-fiscais-sefaz-am\/#breadcrumb\"},\"inLanguage\":\"pt-BR\",\"potentialAction\":[{\"@type\":\"ReadAction\",\"target\":[\"https:\/\/www.estrategiaconcursos.com.br\/blog\/beneficios-fiscais-sefaz-am\/\"]}]},{\"@type\":\"ImageObject\",\"inLanguage\":\"pt-BR\",\"@id\":\"https:\/\/www.estrategiaconcursos.com.br\/blog\/beneficios-fiscais-sefaz-am\/#primaryimage\",\"url\":\"https:\/\/dhg1h5j42swfq.cloudfront.net\/2022\/03\/17150723\/sefaz-am-4.jpg\",\"contentUrl\":\"https:\/\/dhg1h5j42swfq.cloudfront.net\/2022\/03\/17150723\/sefaz-am-4.jpg\",\"width\":768,\"height\":432,\"caption\":\"Sefaz AM: prova 1 de Auditor do concurso \u00e9 anulada!\"},{\"@type\":\"BreadcrumbList\",\"@id\":\"https:\/\/www.estrategiaconcursos.com.br\/blog\/beneficios-fiscais-sefaz-am\/#breadcrumb\",\"itemListElement\":[{\"@type\":\"ListItem\",\"position\":1,\"name\":\"In\u00edcio\",\"item\":\"https:\/\/www.estrategiaconcursos.com.br\/blog\/\"},{\"@type\":\"ListItem\",\"position\":2,\"name\":\"Benef\u00edcios Fiscais para SEFAZ-AM \u2013 LC 24\/75 e LC 160\/2017\"}]},{\"@type\":\"WebSite\",\"@id\":\"https:\/\/www.estrategiaconcursos.com.br\/blog\/#website\",\"url\":\"https:\/\/www.estrategiaconcursos.com.br\/blog\/\",\"name\":\"Estrat\u00e9gia Concursos\",\"description\":\"O blog da Estrat\u00e9gia Concursos traz not\u00edcias sobre concursos e artigos de professores oferecendo cursos para concursos (pdf + videaulas) no site.\",\"publisher\":{\"@id\":\"https:\/\/www.estrategiaconcursos.com.br\/blog\/#organization\"},\"potentialAction\":[{\"@type\":\"SearchAction\",\"target\":{\"@type\":\"EntryPoint\",\"urlTemplate\":\"https:\/\/www.estrategiaconcursos.com.br\/blog\/?s={search_term_string}\"},\"query-input\":{\"@type\":\"PropertyValueSpecification\",\"valueRequired\":true,\"valueName\":\"search_term_string\"}}],\"inLanguage\":\"pt-BR\"},{\"@type\":\"Organization\",\"@id\":\"https:\/\/www.estrategiaconcursos.com.br\/blog\/#organization\",\"name\":\"Estrat\u00e9gia Concursos\",\"url\":\"https:\/\/www.estrategiaconcursos.com.br\/blog\/\",\"logo\":{\"@type\":\"ImageObject\",\"inLanguage\":\"pt-BR\",\"@id\":\"https:\/\/www.estrategiaconcursos.com.br\/blog\/#\/schema\/logo\/image\/\",\"url\":\"https:\/\/dhg1h5j42swfq.cloudfront.net\/2025\/06\/03203428\/logo_concursos-1.jpg\",\"contentUrl\":\"https:\/\/dhg1h5j42swfq.cloudfront.net\/2025\/06\/03203428\/logo_concursos-1.jpg\",\"width\":230,\"height\":60,\"caption\":\"Estrat\u00e9gia Concursos\"},\"image\":{\"@id\":\"https:\/\/www.estrategiaconcursos.com.br\/blog\/#\/schema\/logo\/image\/\"},\"sameAs\":[\"https:\/\/x.com\/EstratConcursos\"]},{\"@type\":\"Person\",\"@id\":\"https:\/\/www.estrategiaconcursos.com.br\/blog\/#\/schema\/person\/245b44e43eb13f0dbd04a7a078cd0d0d\",\"name\":\"Leonardo Menezes Passarin\",\"image\":{\"@type\":\"ImageObject\",\"inLanguage\":\"pt-BR\",\"@id\":\"https:\/\/secure.gravatar.com\/avatar\/fc0e5714ceaa97f24e6e6a30eab74ba8a701c2b62f8cab100ffdb22c6d8f42c3?s=96&d=mm&r=g\",\"url\":\"https:\/\/secure.gravatar.com\/avatar\/fc0e5714ceaa97f24e6e6a30eab74ba8a701c2b62f8cab100ffdb22c6d8f42c3?s=96&d=mm&r=g\",\"contentUrl\":\"https:\/\/secure.gravatar.com\/avatar\/fc0e5714ceaa97f24e6e6a30eab74ba8a701c2b62f8cab100ffdb22c6d8f42c3?s=96&d=mm&r=g\",\"caption\":\"Leonardo Menezes Passarin\"},\"url\":\"https:\/\/www.estrategiaconcursos.com.br\/blog\/author\/passarin-leonardohotmail-com\/\"}]}<\/script>\n<!-- \/ Yoast SEO Premium plugin. -->","yoast_head_json":{"title":"Benef\u00edcios Fiscais para SEFAZ-AM \u2013 LC 24\/75 e LC 160\/2017","description":"Veja neste artigo sobre os Benef\u00edcios Fiscais para SEFAZ-AM, temas que s\u00e3o tratados na Lei complementar 24\/75 e Lei complementar 160\/2017.","robots":{"index":"index","follow":"follow","max-snippet":"max-snippet:-1","max-image-preview":"max-image-preview:large","max-video-preview":"max-video-preview:-1"},"canonical":"https:\/\/www.estrategiaconcursos.com.br\/blog\/beneficios-fiscais-sefaz-am\/","og_locale":"pt_BR","og_type":"article","og_title":"Benef\u00edcios Fiscais para SEFAZ-AM \u2013 LC 24\/75 e LC 160\/2017","og_description":"Veja neste artigo sobre os Benef\u00edcios Fiscais para SEFAZ-AM, temas que s\u00e3o tratados na Lei complementar 24\/75 e Lei complementar 160\/2017.","og_url":"https:\/\/www.estrategiaconcursos.com.br\/blog\/beneficios-fiscais-sefaz-am\/","og_site_name":"Estrat\u00e9gia Concursos","article_published_time":"2022-05-05T10:57:00+00:00","article_modified_time":"2023-08-31T14:19:35+00:00","og_image":[{"width":768,"height":432,"url":"https:\/\/dhg1h5j42swfq.cloudfront.net\/2022\/03\/17150723\/sefaz-am-4.jpg","type":"image\/jpeg"}],"author":"Leonardo Menezes Passarin","twitter_card":"summary_large_image","twitter_creator":"@EstratConcursos","twitter_site":"@EstratConcursos","twitter_misc":{"Escrito por":"Leonardo Menezes Passarin","Est. tempo de leitura":"8 minutos"},"schema":{"@context":"https:\/\/schema.org","@graph":[{"@type":"NewsArticle","@id":"https:\/\/www.estrategiaconcursos.com.br\/blog\/beneficios-fiscais-sefaz-am\/#article","isPartOf":{"@id":"https:\/\/www.estrategiaconcursos.com.br\/blog\/beneficios-fiscais-sefaz-am\/"},"author":{"name":"Leonardo Menezes Passarin","@id":"https:\/\/www.estrategiaconcursos.com.br\/blog\/#\/schema\/person\/245b44e43eb13f0dbd04a7a078cd0d0d"},"headline":"Benef\u00edcios Fiscais para SEFAZ-AM \u2013 LC 24\/75 e LC 160\/2017","datePublished":"2022-05-05T10:57:00+00:00","dateModified":"2023-08-31T14:19:35+00:00","mainEntityOfPage":{"@id":"https:\/\/www.estrategiaconcursos.com.br\/blog\/beneficios-fiscais-sefaz-am\/"},"wordCount":1595,"commentCount":0,"publisher":{"@id":"https:\/\/www.estrategiaconcursos.com.br\/blog\/#organization"},"image":{"@id":"https:\/\/www.estrategiaconcursos.com.br\/blog\/beneficios-fiscais-sefaz-am\/#primaryimage"},"thumbnailUrl":"https:\/\/dhg1h5j42swfq.cloudfront.net\/2022\/03\/17150723\/sefaz-am-4.jpg","articleSection":["Fiscal - Estadual (ICMS)"],"inLanguage":"pt-BR","potentialAction":[{"@type":"CommentAction","name":"Comment","target":["https:\/\/www.estrategiaconcursos.com.br\/blog\/beneficios-fiscais-sefaz-am\/#respond"]}],"copyrightYear":"2022","copyrightHolder":{"@id":"https:\/\/www.estrategiaconcursos.com.br\/blog\/#organization"}},{"@type":"WebPage","@id":"https:\/\/www.estrategiaconcursos.com.br\/blog\/beneficios-fiscais-sefaz-am\/","url":"https:\/\/www.estrategiaconcursos.com.br\/blog\/beneficios-fiscais-sefaz-am\/","name":"Benef\u00edcios Fiscais para SEFAZ-AM \u2013 LC 24\/75 e LC 160\/2017","isPartOf":{"@id":"https:\/\/www.estrategiaconcursos.com.br\/blog\/#website"},"primaryImageOfPage":{"@id":"https:\/\/www.estrategiaconcursos.com.br\/blog\/beneficios-fiscais-sefaz-am\/#primaryimage"},"image":{"@id":"https:\/\/www.estrategiaconcursos.com.br\/blog\/beneficios-fiscais-sefaz-am\/#primaryimage"},"thumbnailUrl":"https:\/\/dhg1h5j42swfq.cloudfront.net\/2022\/03\/17150723\/sefaz-am-4.jpg","datePublished":"2022-05-05T10:57:00+00:00","dateModified":"2023-08-31T14:19:35+00:00","description":"Veja neste artigo sobre os Benef\u00edcios Fiscais para SEFAZ-AM, temas que s\u00e3o tratados na Lei complementar 24\/75 e Lei complementar 160\/2017.","breadcrumb":{"@id":"https:\/\/www.estrategiaconcursos.com.br\/blog\/beneficios-fiscais-sefaz-am\/#breadcrumb"},"inLanguage":"pt-BR","potentialAction":[{"@type":"ReadAction","target":["https:\/\/www.estrategiaconcursos.com.br\/blog\/beneficios-fiscais-sefaz-am\/"]}]},{"@type":"ImageObject","inLanguage":"pt-BR","@id":"https:\/\/www.estrategiaconcursos.com.br\/blog\/beneficios-fiscais-sefaz-am\/#primaryimage","url":"https:\/\/dhg1h5j42swfq.cloudfront.net\/2022\/03\/17150723\/sefaz-am-4.jpg","contentUrl":"https:\/\/dhg1h5j42swfq.cloudfront.net\/2022\/03\/17150723\/sefaz-am-4.jpg","width":768,"height":432,"caption":"Sefaz AM: prova 1 de Auditor do concurso \u00e9 anulada!"},{"@type":"BreadcrumbList","@id":"https:\/\/www.estrategiaconcursos.com.br\/blog\/beneficios-fiscais-sefaz-am\/#breadcrumb","itemListElement":[{"@type":"ListItem","position":1,"name":"In\u00edcio","item":"https:\/\/www.estrategiaconcursos.com.br\/blog\/"},{"@type":"ListItem","position":2,"name":"Benef\u00edcios Fiscais para SEFAZ-AM \u2013 LC 24\/75 e LC 160\/2017"}]},{"@type":"WebSite","@id":"https:\/\/www.estrategiaconcursos.com.br\/blog\/#website","url":"https:\/\/www.estrategiaconcursos.com.br\/blog\/","name":"Estrat\u00e9gia Concursos","description":"O blog da Estrat\u00e9gia Concursos traz not\u00edcias sobre concursos e artigos de professores oferecendo cursos para concursos (pdf + videaulas) no site.","publisher":{"@id":"https:\/\/www.estrategiaconcursos.com.br\/blog\/#organization"},"potentialAction":[{"@type":"SearchAction","target":{"@type":"EntryPoint","urlTemplate":"https:\/\/www.estrategiaconcursos.com.br\/blog\/?s={search_term_string}"},"query-input":{"@type":"PropertyValueSpecification","valueRequired":true,"valueName":"search_term_string"}}],"inLanguage":"pt-BR"},{"@type":"Organization","@id":"https:\/\/www.estrategiaconcursos.com.br\/blog\/#organization","name":"Estrat\u00e9gia Concursos","url":"https:\/\/www.estrategiaconcursos.com.br\/blog\/","logo":{"@type":"ImageObject","inLanguage":"pt-BR","@id":"https:\/\/www.estrategiaconcursos.com.br\/blog\/#\/schema\/logo\/image\/","url":"https:\/\/dhg1h5j42swfq.cloudfront.net\/2025\/06\/03203428\/logo_concursos-1.jpg","contentUrl":"https:\/\/dhg1h5j42swfq.cloudfront.net\/2025\/06\/03203428\/logo_concursos-1.jpg","width":230,"height":60,"caption":"Estrat\u00e9gia Concursos"},"image":{"@id":"https:\/\/www.estrategiaconcursos.com.br\/blog\/#\/schema\/logo\/image\/"},"sameAs":["https:\/\/x.com\/EstratConcursos"]},{"@type":"Person","@id":"https:\/\/www.estrategiaconcursos.com.br\/blog\/#\/schema\/person\/245b44e43eb13f0dbd04a7a078cd0d0d","name":"Leonardo Menezes Passarin","image":{"@type":"ImageObject","inLanguage":"pt-BR","@id":"https:\/\/secure.gravatar.com\/avatar\/fc0e5714ceaa97f24e6e6a30eab74ba8a701c2b62f8cab100ffdb22c6d8f42c3?s=96&d=mm&r=g","url":"https:\/\/secure.gravatar.com\/avatar\/fc0e5714ceaa97f24e6e6a30eab74ba8a701c2b62f8cab100ffdb22c6d8f42c3?s=96&d=mm&r=g","contentUrl":"https:\/\/secure.gravatar.com\/avatar\/fc0e5714ceaa97f24e6e6a30eab74ba8a701c2b62f8cab100ffdb22c6d8f42c3?s=96&d=mm&r=g","caption":"Leonardo Menezes Passarin"},"url":"https:\/\/www.estrategiaconcursos.com.br\/blog\/author\/passarin-leonardohotmail-com\/"}]}},"_links":{"self":[{"href":"https:\/\/www.estrategiaconcursos.com.br\/blog\/wp-json\/wp\/v2\/posts\/1013145","targetHints":{"allow":["GET"]}}],"collection":[{"href":"https:\/\/www.estrategiaconcursos.com.br\/blog\/wp-json\/wp\/v2\/posts"}],"about":[{"href":"https:\/\/www.estrategiaconcursos.com.br\/blog\/wp-json\/wp\/v2\/types\/post"}],"author":[{"embeddable":true,"href":"https:\/\/www.estrategiaconcursos.com.br\/blog\/wp-json\/wp\/v2\/users\/1763"}],"replies":[{"embeddable":true,"href":"https:\/\/www.estrategiaconcursos.com.br\/blog\/wp-json\/wp\/v2\/comments?post=1013145"}],"version-history":[{"count":4,"href":"https:\/\/www.estrategiaconcursos.com.br\/blog\/wp-json\/wp\/v2\/posts\/1013145\/revisions"}],"predecessor-version":[{"id":1271797,"href":"https:\/\/www.estrategiaconcursos.com.br\/blog\/wp-json\/wp\/v2\/posts\/1013145\/revisions\/1271797"}],"wp:featuredmedia":[{"embeddable":true,"href":"https:\/\/www.estrategiaconcursos.com.br\/blog\/wp-json\/wp\/v2\/media\/989618"}],"wp:attachment":[{"href":"https:\/\/www.estrategiaconcursos.com.br\/blog\/wp-json\/wp\/v2\/media?parent=1013145"}],"wp:term":[{"taxonomy":"category","embeddable":true,"href":"https:\/\/www.estrategiaconcursos.com.br\/blog\/wp-json\/wp\/v2\/categories?post=1013145"},{"taxonomy":"post_tag","embeddable":true,"href":"https:\/\/www.estrategiaconcursos.com.br\/blog\/wp-json\/wp\/v2\/tags?post=1013145"},{"taxonomy":"tax_estado","embeddable":true,"href":"https:\/\/www.estrategiaconcursos.com.br\/blog\/wp-json\/wp\/v2\/tax_estado?post=1013145"}],"curies":[{"name":"wp","href":"https:\/\/api.w.org\/{rel}","templated":true}]}}