{"id":1012750,"date":"2022-04-25T17:32:01","date_gmt":"2022-04-25T20:32:01","guid":{"rendered":"https:\/\/www.estrategiaconcursos.com.br\/blog\/?p=1012750"},"modified":"2022-04-26T17:32:30","modified_gmt":"2022-04-26T20:32:30","slug":"concurso-pericia-al-cargos-previstos","status":"publish","type":"post","link":"https:\/\/www.estrategiaconcursos.com.br\/blog\/concurso-pericia-al-cargos-previstos\/","title":{"rendered":"Concurso Per\u00edcia AL: confira os cargos que ser\u00e3o ofertados!"},"content":{"rendered":"\n<p>Em live realizada nas redes sociais, o secret\u00e1rio Fabr\u00edcio Marques informou que a publica\u00e7\u00e3o do edital do <strong>concurso Per\u00edcia AL<\/strong> precisou ser adiada, pois aguarda um parecer da SEFAZ AL. <\/p>\n\n\n\n<div class=\"wp-block-image is-style-default\"><figure class=\"aligncenter size-full\"><img loading=\"lazy\" decoding=\"async\" width=\"600\" height=\"400\" src=\"https:\/\/dhg1h5j42swfq.cloudfront.net\/2022\/04\/18092900\/politec-ro.jpeg\" alt=\"confira os cargos que ser\u00e3o ofertados no concurso Per\u00edcia Oficial AL\" class=\"wp-image-1010345\" srcset=\"https:\/\/dhg1h5j42swfq.cloudfront.net\/2022\/04\/18092900\/politec-ro.jpeg 600w, https:\/\/dhg1h5j42swfq.cloudfront.net\/2022\/04\/18092900\/politec-ro-300x200.jpeg 300w\" sizes=\"auto, (max-width: 600px) 100vw, 600px\" \/><figcaption>Confira os cargos que ser\u00e3o ofertados no concurso Per\u00edcia Oficial AL | Imagem: reprodu\u00e7\u00e3o<\/figcaption><\/figure><\/div>\n\n\n\n<p>Segundo <a href=\"https:\/\/www.instagram.com\/fabriciomarquess_\/live\/17968916812585592\" target=\"_blank\" rel=\"noreferrer noopener\">Marques<\/a>, as provas poder\u00e3o ser aplicadas em 90 dias ap\u00f3s a publica\u00e7\u00e3o do edital. Vale lembrar que o certame para o cargo de Auxiliar de Per\u00edcia foi <a href=\"https:\/\/www.estrategiaconcursos.com.br\/blog\/concurso-pericia-oficial-al-autorizado-auxiliar\/\" target=\"_blank\" rel=\"noreferrer noopener\">autorizado posteriormente<\/a>. Al\u00e9m disso, o n\u00famero total de vagas do concurso Per\u00edcia AL diverge do que havia sido anunciado no Di\u00e1rio Oficial.<\/p>\n\n\n\n<p>Sob organiza\u00e7\u00e3o do Cebraspe, ser\u00e3o ofertadas oportunidades&nbsp;para cargos de n\u00edveis m\u00e9dio, t\u00e9cnico e superior. A remunera\u00e7\u00e3o inicial varia de R$ 2.760,83 a R$ 9.646,81.<\/p>\n\n\n\n<h3 class=\"wp-block-heading\" id=\"h-nivel-medio-tecnico\">N\u00edvel m\u00e9dio\/t\u00e9cnico<\/h3>\n\n\n\n<figure class=\"wp-block-table is-style-stripes\"><table class=\"has-very-light-gray-to-cyan-bluish-gray-gradient-background has-background has-fixed-layout\"><thead><tr><th class=\"has-text-align-center\" data-align=\"center\">Cargos<\/th><th class=\"has-text-align-center\" data-align=\"center\">Forma\u00e7\u00e3o<\/th><th class=\"has-text-align-center\" data-align=\"center\">Vagas<\/th><th class=\"has-text-align-center\" data-align=\"center\">Sal\u00e1rios<\/th><\/tr><\/thead><tbody><tr><td class=\"has-text-align-center\" data-align=\"center\">Auxiliar de Per\u00edcia<\/td><td class=\"has-text-align-center\" data-align=\"center\">Ensino m\u00e9dio completo<\/td><td class=\"has-text-align-center\" data-align=\"center\">40<\/td><td class=\"has-text-align-center\" data-align=\"center\">R$ 2.760,83<\/td><\/tr><tr><td class=\"has-text-align-center\" data-align=\"center\">T\u00e9cnico Forense<\/td><td class=\"has-text-align-center\" data-align=\"center\">Ensino T\u00e9cnico<\/td><td class=\"has-text-align-center\" data-align=\"center\">12<\/td><td class=\"has-text-align-center\" data-align=\"center\">R$ 4.257,96<\/td><\/tr><\/tbody><\/table><\/figure>\n\n\n\n<h3 class=\"wp-block-heading\" id=\"nivel-superior\">N\u00edvel superior<\/h3>\n\n\n\n<figure class=\"wp-block-table is-style-stripes\"><table class=\"has-very-light-gray-to-cyan-bluish-gray-gradient-background has-background has-fixed-layout\"><thead><tr><th class=\"has-text-align-center\" data-align=\"center\">Cargos<\/th><th class=\"has-text-align-center\" data-align=\"center\">Especialidade<\/th><th class=\"has-text-align-center\" data-align=\"center\">Vagas<\/th><th class=\"has-text-align-center\" data-align=\"center\">Sal\u00e1rios<\/th><\/tr><\/thead><tbody><tr><td class=\"has-text-align-center\" data-align=\"center\">Papiloscopista<\/td><td class=\"has-text-align-center\" data-align=\"center\">Superior em qualquer \u00e1rea<\/td><td class=\"has-text-align-center\" data-align=\"center\">11<\/td><td class=\"has-text-align-center\" data-align=\"center\">R$ 5.481,14<\/td><\/tr><tr><td class=\"has-text-align-center\" data-align=\"center\">Perito Criminal<\/td><td class=\"has-text-align-center\" data-align=\"center\">&nbsp;An\u00e1lise de sistemas, ci\u00eancias da computa\u00e7\u00e3o, inform\u00e1tica, tecnologia de processamento de dados, sistema de informa\u00e7\u00e3o, engenharia de computa\u00e7\u00e3o e engenharia de software<\/td><td class=\"has-text-align-center\" data-align=\"center\">04<\/td><td class=\"has-text-align-center\" data-align=\"center\">R$ 9.646,81<\/td><\/tr><tr><td class=\"has-text-align-center\" data-align=\"center\">Perito Criminal<\/td><td class=\"has-text-align-center\" data-align=\"center\">Contabilidade e Administra\u00e7\u00e3o<\/td><td class=\"has-text-align-center\" data-align=\"center\">02<\/td><td class=\"has-text-align-center\" data-align=\"center\">R$ 9.646,81<\/td><\/tr><tr><td class=\"has-text-align-center\" data-align=\"center\">Perito Criminal<\/td><td class=\"has-text-align-center\" data-align=\"center\">Biomedicina e ci\u00eancias biol\u00f3gicas<\/td><td class=\"has-text-align-center\" data-align=\"center\">02<\/td><td class=\"has-text-align-center\" data-align=\"center\">R$ 9.646,81<\/td><\/tr><tr><td class=\"has-text-align-center\" data-align=\"center\">Perito Criminal<\/td><td class=\"has-text-align-center\" data-align=\"center\">Direito<\/td><td class=\"has-text-align-center\" data-align=\"center\">02<\/td><td class=\"has-text-align-center\" data-align=\"center\">R$ 9.646,81<\/td><\/tr><tr><td class=\"has-text-align-center\" data-align=\"center\">Perito Criminal<\/td><td class=\"has-text-align-center\" data-align=\"center\">Engenharia Civil<\/td><td class=\"has-text-align-center\" data-align=\"center\">03<\/td><td class=\"has-text-align-center\" data-align=\"center\">R$ 9.646,81<\/td><\/tr><tr><td class=\"has-text-align-center\" data-align=\"center\">Perito Criminal<\/td><td class=\"has-text-align-center\" data-align=\"center\">Engenharias el\u00e9trica, eletr\u00f4nica, redes de comunica\u00e7\u00e3o e redes de telecomunica\u00e7\u00e3o<\/td><td class=\"has-text-align-center\" data-align=\"center\">02<\/td><td class=\"has-text-align-center\" data-align=\"center\">R$ 9.646,81<\/td><\/tr><tr><td class=\"has-text-align-center\" data-align=\"center\">Perito Criminal<\/td><td class=\"has-text-align-center\" data-align=\"center\">Engenharias mec\u00e2nica e mecatr\u00f4nica<\/td><td class=\"has-text-align-center\" data-align=\"center\">03<\/td><td class=\"has-text-align-center\" data-align=\"center\">R$ 9.646,81<\/td><\/tr><tr><td class=\"has-text-align-center\" data-align=\"center\">Perito Criminal<\/td><td class=\"has-text-align-center\" data-align=\"center\">Qu\u00edmica, engenharia qu\u00edmica, bioqu\u00edmica e qu\u00edmica industrial<\/td><td class=\"has-text-align-center\" data-align=\"center\">04<\/td><td class=\"has-text-align-center\" data-align=\"center\">R$ 9.646,81<\/td><\/tr><tr><td class=\"has-text-align-center\" data-align=\"center\">Perito Criminal<\/td><td class=\"has-text-align-center\" data-align=\"center\">Farm\u00e1cia<\/td><td class=\"has-text-align-center\" data-align=\"center\">04<\/td><td class=\"has-text-align-center\" data-align=\"center\">R$ 9.646,81<\/td><\/tr><tr><td class=\"has-text-align-center\" data-align=\"center\">Perito Criminal<\/td><td class=\"has-text-align-center\" data-align=\"center\">F\u00edsica<\/td><td class=\"has-text-align-center\" data-align=\"center\">01<\/td><td class=\"has-text-align-center\" data-align=\"center\">R$ 9.646,81<\/td><\/tr><tr><td class=\"has-text-align-center\" data-align=\"center\">Perito Criminal<\/td><td class=\"has-text-align-center\" data-align=\"center\">Fonoaudiologia<\/td><td class=\"has-text-align-center\" data-align=\"center\">01<\/td><td class=\"has-text-align-center\" data-align=\"center\">R$ 9.646,81<\/td><\/tr><tr><td class=\"has-text-align-center\" data-align=\"center\">Perito Criminal<\/td><td class=\"has-text-align-center\" data-align=\"center\">Geologia, mineralogia, agronomia, agrimensura e florestal<\/td><td class=\"has-text-align-center\" data-align=\"center\">02<\/td><td class=\"has-text-align-center\" data-align=\"center\">R$ 9.646,81<\/td><\/tr><tr><td class=\"has-text-align-center\" data-align=\"center\">Perito M\u00e9dico-Legista<\/td><td class=\"has-text-align-center\" data-align=\"center\">Medicina<\/td><td class=\"has-text-align-center\" data-align=\"center\">21<\/td><td class=\"has-text-align-center\" data-align=\"center\">R$ 9.646,81<\/td><\/tr><tr><td class=\"has-text-align-center\" data-align=\"center\">Perito Odontolegista<\/td><td class=\"has-text-align-center\" data-align=\"center\">Odontologia<\/td><td class=\"has-text-align-center\" data-align=\"center\">05<\/td><td class=\"has-text-align-center\" data-align=\"center\">R$ 9.646,81<\/td><\/tr><\/tbody><\/table><\/figure>\n\n\n\n<p>O Estrat\u00e9gia Concursos preparou um artigo completo e exclusivo sobre os cargos do concurso Per\u00edcia Oficial AL. Acesse e confira mais informa\u00e7\u00f5es:<\/p>\n\n\n\n<h3 class=\"has-text-align-center has-cyan-bluish-gray-background-color has-background wp-block-heading\" id=\"pericia-al\"><a href=\"https:\/\/www.estrategiaconcursos.com.br\/blog\/concurso-pericia-oficial-al\/\" target=\"_blank\" rel=\"noreferrer noopener\">Per\u00edcia AL<\/a><\/h3>\n\n\n\n<h2 class=\"has-text-align-center wp-block-heading\" id=\"h-quer-saber-tudo-sobre-concursos-previstos-confira-nossos-artigos\">Quer saber tudo sobre concursos previstos?<br \/>Confira nossos artigos!<\/h2>\n\n\n\n<ul class=\"wp-block-list\"><li><a href=\"https:\/\/www.estrategiaconcursos.com.br\/blog\/concursos-abertos\/\" target=\"_blank\" rel=\"noreferrer noopener\">Concursos abertos<\/a><\/li><li><a href=\"https:\/\/www.estrategiaconcursos.com.br\/blog\/concursos-2022\/\" target=\"_blank\" rel=\"noreferrer noopener\">Concursos 2022<\/a><\/li><li><a href=\"https:\/\/www.estrategiaconcursos.com.br\/blog\/concursos-al\/\" target=\"_blank\" rel=\"noreferrer noopener\">Concursos Alagoas<\/a><\/li><\/ul>\n\n\n\n<h3 class=\"has-text-align-center wp-block-heading\" id=\"h-quer-estudar-para-pericia-al-com-o-lider-absoluto-em-aprovacao-acesse-nossos-cursos-a-seguir\">Quer estudar para Per\u00edcia AL com o l\u00edder absoluto em aprova\u00e7\u00e3o? <br \/>Acesse nossos cursos a seguir! <\/h3>\n\n\n\n<div class=\"container\" id=\"boxes\">\n  <div class=\"row\"> \n\n    <div class=\"col-sm\">\n      <div class=\"banner-policial\" id=\"box-assinatura\">\n        <h3 class=\"titulo-assinatura\">Per\u00edcia AL<\/h3>\n        <p class=\"subtitulo-assinatura\">Conhe\u00e7a os cursos<\/p>\n        <div class=\"box-botao\">\n          <a class=\"btn-assinatura\" target=\"_blank\" href=\"https:\/\/www.estrategiaconcursos.com.br\/cursosPorConcurso\/pericia-oficial-do-estado-de-alagoas-poal\/\" role=\"button\" rel=\"noopener noreferrer\">Conhe\u00e7a mais<\/a>\n        <\/div>\n      <\/div>\n     \n\n  <\/div>\n<\/div><\/div>\n\n\n\n<div class=\"container\" id=\"boxes\">\n  <div class=\"row\">\n\n    <div class=\"col-sm\">\n      <div class=\"estrategia\" id=\"box-assinatura\">\n        <h3 class=\"titulo-assinatura\">Assinatura de Concursos<\/h3>\n        <p class=\"subtitulo-assinatura\">Assinatura de 1 ano ou 2 anos<\/p>\n        <div class=\"box-botao\">\n          <a class=\"btn-assinatura\" target=\"_blank\" href=\"https:\/\/www.estrategiaconcursos.com.br\/assinaturas\/\" role=\"button\" rel=\"noopener noreferrer\">ASSINE AGORA<\/a>\n        <\/div>\n      <\/div>\n     \n    <\/div><\/div><\/div>\n","protected":false},"excerpt":{"rendered":"<p>Em live realizada nas redes sociais, o secret\u00e1rio Fabr\u00edcio Marques informou que a publica\u00e7\u00e3o do edital do concurso Per\u00edcia AL precisou ser adiada, pois aguarda um parecer da SEFAZ AL. Segundo Marques, as provas poder\u00e3o ser aplicadas em 90 dias ap\u00f3s a publica\u00e7\u00e3o do edital. Vale lembrar que o certame para o cargo de Auxiliar [&hellip;]<\/p>\n","protected":false},"author":2041,"featured_media":993363,"comment_status":"open","ping_status":"closed","sticky":false,"template":"","format":"standard","meta":{"post_tipo":"news","footnotes":""},"categories":[220190,220219],"tags":[],"tax_estado":[219965],"class_list":["post-1012750","post","type-post","status-publish","format-standard","has-post-thumbnail","hentry","category-policial-peritos","category-noticias","tax_estado-al"],"acf":[],"yoast_head":"<!-- This site is optimized with the Yoast SEO Premium plugin v27.2 (Yoast SEO v27.2) - https:\/\/yoast.com\/product\/yoast-seo-premium-wordpress\/ -->\n<title>Concurso Per\u00edcia AL: confira os cargos que ser\u00e3o ofertados!<\/title>\n<meta name=\"description\" content=\"A publica\u00e7\u00e3o do edital do concurso Per\u00edcia AL precisou ser adiada, mas as informa\u00e7\u00f5es sobre os cargos foram divulgadas. Confira!\" \/>\n<meta name=\"robots\" content=\"index, follow, max-snippet:-1, max-image-preview:large, max-video-preview:-1\" \/>\n<link rel=\"canonical\" href=\"https:\/\/www.estrategiaconcursos.com.br\/blog\/concurso-pericia-al-cargos-previstos\/\" \/>\n<meta property=\"og:locale\" content=\"pt_BR\" \/>\n<meta property=\"og:type\" content=\"article\" \/>\n<meta property=\"og:title\" content=\"Concurso Per\u00edcia AL: confira os cargos que ser\u00e3o ofertados!\" \/>\n<meta property=\"og:description\" content=\"A publica\u00e7\u00e3o do edital do concurso Per\u00edcia AL precisou ser adiada, mas as informa\u00e7\u00f5es sobre os cargos foram divulgadas. Confira!\" \/>\n<meta property=\"og:url\" content=\"https:\/\/www.estrategiaconcursos.com.br\/blog\/concurso-pericia-al-cargos-previstos\/\" \/>\n<meta property=\"og:site_name\" content=\"Estrat\u00e9gia Concursos\" \/>\n<meta property=\"article:published_time\" content=\"2022-04-25T20:32:01+00:00\" \/>\n<meta property=\"article:modified_time\" content=\"2022-04-26T20:32:30+00:00\" \/>\n<meta property=\"og:image\" content=\"https:\/\/dhg1h5j42swfq.cloudfront.net\/2022\/03\/23153706\/pericia-oficial-al.jpg\" \/>\n\t<meta property=\"og:image:width\" content=\"768\" \/>\n\t<meta property=\"og:image:height\" content=\"432\" \/>\n\t<meta property=\"og:image:type\" content=\"image\/jpeg\" \/>\n<meta name=\"author\" content=\"Thiago Cavalcante Gomes\" \/>\n<meta name=\"twitter:card\" content=\"summary_large_image\" \/>\n<meta name=\"twitter:creator\" content=\"@EstratConcursos\" \/>\n<meta name=\"twitter:site\" content=\"@EstratConcursos\" \/>\n<meta name=\"twitter:label1\" content=\"Escrito por\" \/>\n\t<meta name=\"twitter:data1\" content=\"Thiago Cavalcante Gomes\" \/>\n\t<meta name=\"twitter:label2\" content=\"Est. tempo de leitura\" \/>\n\t<meta name=\"twitter:data2\" content=\"3 minutos\" \/>\n<script type=\"application\/ld+json\" class=\"yoast-schema-graph\">{\"@context\":\"https:\/\/schema.org\",\"@graph\":[{\"@type\":\"NewsArticle\",\"@id\":\"https:\/\/www.estrategiaconcursos.com.br\/blog\/concurso-pericia-al-cargos-previstos\/#article\",\"isPartOf\":{\"@id\":\"https:\/\/www.estrategiaconcursos.com.br\/blog\/concurso-pericia-al-cargos-previstos\/\"},\"author\":{\"name\":\"Thiago Cavalcante Gomes\",\"@id\":\"https:\/\/www.estrategiaconcursos.com.br\/blog\/#\/schema\/person\/4970184533d0a3ffa5b0299ae0a2b21f\"},\"headline\":\"Concurso Per\u00edcia AL: confira os cargos que ser\u00e3o ofertados!\",\"datePublished\":\"2022-04-25T20:32:01+00:00\",\"dateModified\":\"2022-04-26T20:32:30+00:00\",\"mainEntityOfPage\":{\"@id\":\"https:\/\/www.estrategiaconcursos.com.br\/blog\/concurso-pericia-al-cargos-previstos\/\"},\"wordCount\":400,\"commentCount\":0,\"publisher\":{\"@id\":\"https:\/\/www.estrategiaconcursos.com.br\/blog\/#organization\"},\"image\":{\"@id\":\"https:\/\/www.estrategiaconcursos.com.br\/blog\/concurso-pericia-al-cargos-previstos\/#primaryimage\"},\"thumbnailUrl\":\"https:\/\/dhg1h5j42swfq.cloudfront.net\/2022\/03\/23153706\/pericia-oficial-al.jpg\",\"articleSection\":[\"Policial (Peritos, Papiloscopistas)\",\"\u00daltimas not\u00edcias\"],\"inLanguage\":\"pt-BR\",\"potentialAction\":[{\"@type\":\"CommentAction\",\"name\":\"Comment\",\"target\":[\"https:\/\/www.estrategiaconcursos.com.br\/blog\/concurso-pericia-al-cargos-previstos\/#respond\"]}],\"copyrightYear\":\"2022\",\"copyrightHolder\":{\"@id\":\"https:\/\/www.estrategiaconcursos.com.br\/blog\/#organization\"}},{\"@type\":\"WebPage\",\"@id\":\"https:\/\/www.estrategiaconcursos.com.br\/blog\/concurso-pericia-al-cargos-previstos\/\",\"url\":\"https:\/\/www.estrategiaconcursos.com.br\/blog\/concurso-pericia-al-cargos-previstos\/\",\"name\":\"Concurso Per\u00edcia AL: confira os cargos que ser\u00e3o ofertados!\",\"isPartOf\":{\"@id\":\"https:\/\/www.estrategiaconcursos.com.br\/blog\/#website\"},\"primaryImageOfPage\":{\"@id\":\"https:\/\/www.estrategiaconcursos.com.br\/blog\/concurso-pericia-al-cargos-previstos\/#primaryimage\"},\"image\":{\"@id\":\"https:\/\/www.estrategiaconcursos.com.br\/blog\/concurso-pericia-al-cargos-previstos\/#primaryimage\"},\"thumbnailUrl\":\"https:\/\/dhg1h5j42swfq.cloudfront.net\/2022\/03\/23153706\/pericia-oficial-al.jpg\",\"datePublished\":\"2022-04-25T20:32:01+00:00\",\"dateModified\":\"2022-04-26T20:32:30+00:00\",\"description\":\"A publica\u00e7\u00e3o do edital do concurso Per\u00edcia AL precisou ser adiada, mas as informa\u00e7\u00f5es sobre os cargos foram divulgadas. Confira!\",\"breadcrumb\":{\"@id\":\"https:\/\/www.estrategiaconcursos.com.br\/blog\/concurso-pericia-al-cargos-previstos\/#breadcrumb\"},\"inLanguage\":\"pt-BR\",\"potentialAction\":[{\"@type\":\"ReadAction\",\"target\":[\"https:\/\/www.estrategiaconcursos.com.br\/blog\/concurso-pericia-al-cargos-previstos\/\"]}]},{\"@type\":\"ImageObject\",\"inLanguage\":\"pt-BR\",\"@id\":\"https:\/\/www.estrategiaconcursos.com.br\/blog\/concurso-pericia-al-cargos-previstos\/#primaryimage\",\"url\":\"https:\/\/dhg1h5j42swfq.cloudfront.net\/2022\/03\/23153706\/pericia-oficial-al.jpg\",\"contentUrl\":\"https:\/\/dhg1h5j42swfq.cloudfront.net\/2022\/03\/23153706\/pericia-oficial-al.jpg\",\"width\":768,\"height\":432,\"caption\":\"Per\u00edcia Oficial AL\"},{\"@type\":\"BreadcrumbList\",\"@id\":\"https:\/\/www.estrategiaconcursos.com.br\/blog\/concurso-pericia-al-cargos-previstos\/#breadcrumb\",\"itemListElement\":[{\"@type\":\"ListItem\",\"position\":1,\"name\":\"In\u00edcio\",\"item\":\"https:\/\/www.estrategiaconcursos.com.br\/blog\/\"},{\"@type\":\"ListItem\",\"position\":2,\"name\":\"Concurso Per\u00edcia AL: confira os cargos que ser\u00e3o ofertados!\"}]},{\"@type\":\"WebSite\",\"@id\":\"https:\/\/www.estrategiaconcursos.com.br\/blog\/#website\",\"url\":\"https:\/\/www.estrategiaconcursos.com.br\/blog\/\",\"name\":\"Estrat\u00e9gia Concursos\",\"description\":\"O blog da Estrat\u00e9gia Concursos traz not\u00edcias sobre concursos e artigos de professores oferecendo cursos para concursos (pdf + videaulas) no site.\",\"publisher\":{\"@id\":\"https:\/\/www.estrategiaconcursos.com.br\/blog\/#organization\"},\"potentialAction\":[{\"@type\":\"SearchAction\",\"target\":{\"@type\":\"EntryPoint\",\"urlTemplate\":\"https:\/\/www.estrategiaconcursos.com.br\/blog\/?s={search_term_string}\"},\"query-input\":{\"@type\":\"PropertyValueSpecification\",\"valueRequired\":true,\"valueName\":\"search_term_string\"}}],\"inLanguage\":\"pt-BR\"},{\"@type\":\"Organization\",\"@id\":\"https:\/\/www.estrategiaconcursos.com.br\/blog\/#organization\",\"name\":\"Estrat\u00e9gia Concursos\",\"url\":\"https:\/\/www.estrategiaconcursos.com.br\/blog\/\",\"logo\":{\"@type\":\"ImageObject\",\"inLanguage\":\"pt-BR\",\"@id\":\"https:\/\/www.estrategiaconcursos.com.br\/blog\/#\/schema\/logo\/image\/\",\"url\":\"https:\/\/dhg1h5j42swfq.cloudfront.net\/2025\/06\/03203428\/logo_concursos-1.jpg\",\"contentUrl\":\"https:\/\/dhg1h5j42swfq.cloudfront.net\/2025\/06\/03203428\/logo_concursos-1.jpg\",\"width\":230,\"height\":60,\"caption\":\"Estrat\u00e9gia Concursos\"},\"image\":{\"@id\":\"https:\/\/www.estrategiaconcursos.com.br\/blog\/#\/schema\/logo\/image\/\"},\"sameAs\":[\"https:\/\/x.com\/EstratConcursos\"]},{\"@type\":\"Person\",\"@id\":\"https:\/\/www.estrategiaconcursos.com.br\/blog\/#\/schema\/person\/4970184533d0a3ffa5b0299ae0a2b21f\",\"name\":\"Thiago Cavalcante Gomes\",\"image\":{\"@type\":\"ImageObject\",\"inLanguage\":\"pt-BR\",\"@id\":\"https:\/\/secure.gravatar.com\/avatar\/?s=96&d=mm&r=g\",\"url\":\"https:\/\/secure.gravatar.com\/avatar\/?s=96&d=mm&r=g\",\"contentUrl\":\"https:\/\/secure.gravatar.com\/avatar\/?s=96&d=mm&r=g\",\"caption\":\"Thiago Cavalcante Gomes\"},\"url\":\"https:\/\/www.estrategiaconcursos.com.br\/blog\/author\/thiago-gomes\/\"}]}<\/script>\n<!-- \/ Yoast SEO Premium plugin. -->","yoast_head_json":{"title":"Concurso Per\u00edcia AL: confira os cargos que ser\u00e3o ofertados!","description":"A publica\u00e7\u00e3o do edital do concurso Per\u00edcia AL precisou ser adiada, mas as informa\u00e7\u00f5es sobre os cargos foram divulgadas. Confira!","robots":{"index":"index","follow":"follow","max-snippet":"max-snippet:-1","max-image-preview":"max-image-preview:large","max-video-preview":"max-video-preview:-1"},"canonical":"https:\/\/www.estrategiaconcursos.com.br\/blog\/concurso-pericia-al-cargos-previstos\/","og_locale":"pt_BR","og_type":"article","og_title":"Concurso Per\u00edcia AL: confira os cargos que ser\u00e3o ofertados!","og_description":"A publica\u00e7\u00e3o do edital do concurso Per\u00edcia AL precisou ser adiada, mas as informa\u00e7\u00f5es sobre os cargos foram divulgadas. Confira!","og_url":"https:\/\/www.estrategiaconcursos.com.br\/blog\/concurso-pericia-al-cargos-previstos\/","og_site_name":"Estrat\u00e9gia Concursos","article_published_time":"2022-04-25T20:32:01+00:00","article_modified_time":"2022-04-26T20:32:30+00:00","og_image":[{"width":768,"height":432,"url":"https:\/\/dhg1h5j42swfq.cloudfront.net\/2022\/03\/23153706\/pericia-oficial-al.jpg","type":"image\/jpeg"}],"author":"Thiago Cavalcante Gomes","twitter_card":"summary_large_image","twitter_creator":"@EstratConcursos","twitter_site":"@EstratConcursos","twitter_misc":{"Escrito por":"Thiago Cavalcante Gomes","Est. tempo de leitura":"3 minutos"},"schema":{"@context":"https:\/\/schema.org","@graph":[{"@type":"NewsArticle","@id":"https:\/\/www.estrategiaconcursos.com.br\/blog\/concurso-pericia-al-cargos-previstos\/#article","isPartOf":{"@id":"https:\/\/www.estrategiaconcursos.com.br\/blog\/concurso-pericia-al-cargos-previstos\/"},"author":{"name":"Thiago Cavalcante Gomes","@id":"https:\/\/www.estrategiaconcursos.com.br\/blog\/#\/schema\/person\/4970184533d0a3ffa5b0299ae0a2b21f"},"headline":"Concurso Per\u00edcia AL: confira os cargos que ser\u00e3o ofertados!","datePublished":"2022-04-25T20:32:01+00:00","dateModified":"2022-04-26T20:32:30+00:00","mainEntityOfPage":{"@id":"https:\/\/www.estrategiaconcursos.com.br\/blog\/concurso-pericia-al-cargos-previstos\/"},"wordCount":400,"commentCount":0,"publisher":{"@id":"https:\/\/www.estrategiaconcursos.com.br\/blog\/#organization"},"image":{"@id":"https:\/\/www.estrategiaconcursos.com.br\/blog\/concurso-pericia-al-cargos-previstos\/#primaryimage"},"thumbnailUrl":"https:\/\/dhg1h5j42swfq.cloudfront.net\/2022\/03\/23153706\/pericia-oficial-al.jpg","articleSection":["Policial (Peritos, Papiloscopistas)","\u00daltimas not\u00edcias"],"inLanguage":"pt-BR","potentialAction":[{"@type":"CommentAction","name":"Comment","target":["https:\/\/www.estrategiaconcursos.com.br\/blog\/concurso-pericia-al-cargos-previstos\/#respond"]}],"copyrightYear":"2022","copyrightHolder":{"@id":"https:\/\/www.estrategiaconcursos.com.br\/blog\/#organization"}},{"@type":"WebPage","@id":"https:\/\/www.estrategiaconcursos.com.br\/blog\/concurso-pericia-al-cargos-previstos\/","url":"https:\/\/www.estrategiaconcursos.com.br\/blog\/concurso-pericia-al-cargos-previstos\/","name":"Concurso Per\u00edcia AL: confira os cargos que ser\u00e3o ofertados!","isPartOf":{"@id":"https:\/\/www.estrategiaconcursos.com.br\/blog\/#website"},"primaryImageOfPage":{"@id":"https:\/\/www.estrategiaconcursos.com.br\/blog\/concurso-pericia-al-cargos-previstos\/#primaryimage"},"image":{"@id":"https:\/\/www.estrategiaconcursos.com.br\/blog\/concurso-pericia-al-cargos-previstos\/#primaryimage"},"thumbnailUrl":"https:\/\/dhg1h5j42swfq.cloudfront.net\/2022\/03\/23153706\/pericia-oficial-al.jpg","datePublished":"2022-04-25T20:32:01+00:00","dateModified":"2022-04-26T20:32:30+00:00","description":"A publica\u00e7\u00e3o do edital do concurso Per\u00edcia AL precisou ser adiada, mas as informa\u00e7\u00f5es sobre os cargos foram divulgadas. Confira!","breadcrumb":{"@id":"https:\/\/www.estrategiaconcursos.com.br\/blog\/concurso-pericia-al-cargos-previstos\/#breadcrumb"},"inLanguage":"pt-BR","potentialAction":[{"@type":"ReadAction","target":["https:\/\/www.estrategiaconcursos.com.br\/blog\/concurso-pericia-al-cargos-previstos\/"]}]},{"@type":"ImageObject","inLanguage":"pt-BR","@id":"https:\/\/www.estrategiaconcursos.com.br\/blog\/concurso-pericia-al-cargos-previstos\/#primaryimage","url":"https:\/\/dhg1h5j42swfq.cloudfront.net\/2022\/03\/23153706\/pericia-oficial-al.jpg","contentUrl":"https:\/\/dhg1h5j42swfq.cloudfront.net\/2022\/03\/23153706\/pericia-oficial-al.jpg","width":768,"height":432,"caption":"Per\u00edcia Oficial AL"},{"@type":"BreadcrumbList","@id":"https:\/\/www.estrategiaconcursos.com.br\/blog\/concurso-pericia-al-cargos-previstos\/#breadcrumb","itemListElement":[{"@type":"ListItem","position":1,"name":"In\u00edcio","item":"https:\/\/www.estrategiaconcursos.com.br\/blog\/"},{"@type":"ListItem","position":2,"name":"Concurso Per\u00edcia AL: confira os cargos que ser\u00e3o ofertados!"}]},{"@type":"WebSite","@id":"https:\/\/www.estrategiaconcursos.com.br\/blog\/#website","url":"https:\/\/www.estrategiaconcursos.com.br\/blog\/","name":"Estrat\u00e9gia Concursos","description":"O blog da Estrat\u00e9gia Concursos traz not\u00edcias sobre concursos e artigos de professores oferecendo cursos para concursos (pdf + videaulas) no site.","publisher":{"@id":"https:\/\/www.estrategiaconcursos.com.br\/blog\/#organization"},"potentialAction":[{"@type":"SearchAction","target":{"@type":"EntryPoint","urlTemplate":"https:\/\/www.estrategiaconcursos.com.br\/blog\/?s={search_term_string}"},"query-input":{"@type":"PropertyValueSpecification","valueRequired":true,"valueName":"search_term_string"}}],"inLanguage":"pt-BR"},{"@type":"Organization","@id":"https:\/\/www.estrategiaconcursos.com.br\/blog\/#organization","name":"Estrat\u00e9gia Concursos","url":"https:\/\/www.estrategiaconcursos.com.br\/blog\/","logo":{"@type":"ImageObject","inLanguage":"pt-BR","@id":"https:\/\/www.estrategiaconcursos.com.br\/blog\/#\/schema\/logo\/image\/","url":"https:\/\/dhg1h5j42swfq.cloudfront.net\/2025\/06\/03203428\/logo_concursos-1.jpg","contentUrl":"https:\/\/dhg1h5j42swfq.cloudfront.net\/2025\/06\/03203428\/logo_concursos-1.jpg","width":230,"height":60,"caption":"Estrat\u00e9gia Concursos"},"image":{"@id":"https:\/\/www.estrategiaconcursos.com.br\/blog\/#\/schema\/logo\/image\/"},"sameAs":["https:\/\/x.com\/EstratConcursos"]},{"@type":"Person","@id":"https:\/\/www.estrategiaconcursos.com.br\/blog\/#\/schema\/person\/4970184533d0a3ffa5b0299ae0a2b21f","name":"Thiago Cavalcante Gomes","image":{"@type":"ImageObject","inLanguage":"pt-BR","@id":"https:\/\/secure.gravatar.com\/avatar\/?s=96&d=mm&r=g","url":"https:\/\/secure.gravatar.com\/avatar\/?s=96&d=mm&r=g","contentUrl":"https:\/\/secure.gravatar.com\/avatar\/?s=96&d=mm&r=g","caption":"Thiago Cavalcante Gomes"},"url":"https:\/\/www.estrategiaconcursos.com.br\/blog\/author\/thiago-gomes\/"}]}},"_links":{"self":[{"href":"https:\/\/www.estrategiaconcursos.com.br\/blog\/wp-json\/wp\/v2\/posts\/1012750","targetHints":{"allow":["GET"]}}],"collection":[{"href":"https:\/\/www.estrategiaconcursos.com.br\/blog\/wp-json\/wp\/v2\/posts"}],"about":[{"href":"https:\/\/www.estrategiaconcursos.com.br\/blog\/wp-json\/wp\/v2\/types\/post"}],"author":[{"embeddable":true,"href":"https:\/\/www.estrategiaconcursos.com.br\/blog\/wp-json\/wp\/v2\/users\/2041"}],"replies":[{"embeddable":true,"href":"https:\/\/www.estrategiaconcursos.com.br\/blog\/wp-json\/wp\/v2\/comments?post=1012750"}],"version-history":[{"count":8,"href":"https:\/\/www.estrategiaconcursos.com.br\/blog\/wp-json\/wp\/v2\/posts\/1012750\/revisions"}],"predecessor-version":[{"id":1015990,"href":"https:\/\/www.estrategiaconcursos.com.br\/blog\/wp-json\/wp\/v2\/posts\/1012750\/revisions\/1015990"}],"wp:featuredmedia":[{"embeddable":true,"href":"https:\/\/www.estrategiaconcursos.com.br\/blog\/wp-json\/wp\/v2\/media\/993363"}],"wp:attachment":[{"href":"https:\/\/www.estrategiaconcursos.com.br\/blog\/wp-json\/wp\/v2\/media?parent=1012750"}],"wp:term":[{"taxonomy":"category","embeddable":true,"href":"https:\/\/www.estrategiaconcursos.com.br\/blog\/wp-json\/wp\/v2\/categories?post=1012750"},{"taxonomy":"post_tag","embeddable":true,"href":"https:\/\/www.estrategiaconcursos.com.br\/blog\/wp-json\/wp\/v2\/tags?post=1012750"},{"taxonomy":"tax_estado","embeddable":true,"href":"https:\/\/www.estrategiaconcursos.com.br\/blog\/wp-json\/wp\/v2\/tax_estado?post=1012750"}],"curies":[{"name":"wp","href":"https:\/\/api.w.org\/{rel}","templated":true}]}}