{"id":1012501,"date":"2022-05-07T13:46:00","date_gmt":"2022-05-07T16:46:00","guid":{"rendered":"https:\/\/www.estrategiaconcursos.com.br\/blog\/?p=1012501"},"modified":"2022-05-04T13:07:37","modified_gmt":"2022-05-04T16:07:37","slug":"estatuto-servidores-pp-df","status":"publish","type":"post","link":"https:\/\/www.estrategiaconcursos.com.br\/blog\/estatuto-servidores-pp-df\/","title":{"rendered":"Pol\u00edcia Penal DF: Resumo do Estatuto dos Servidores para a PP DF"},"content":{"rendered":"\n<p class=\"has-medium-font-size\">Confira aqui um resumo do <strong>Estatuto dos Servidores<\/strong> <strong>do Distrito Federal<\/strong>, para o concurso da&nbsp;<strong><a href=\"https:\/\/www.estrategiaconcursos.com.br\/curso\/agepen-df-policial-penal-pacote-2022-pos-edital\/\" target=\"_blank\" rel=\"noreferrer noopener\">Pol\u00edcia Penal do DF<\/a><\/strong>&nbsp;<strong>(PP DF)<\/strong>.<\/p>\n\n\n\n<div class=\"wp-block-image\"><figure class=\"aligncenter size-full is-resized\"><img loading=\"lazy\" decoding=\"async\" src=\"https:\/\/dhg1h5j42swfq.cloudfront.net\/2022\/04\/11154839\/policia_penal_df.jpg\" alt=\"Resumo do Estatuto dos Servidores para a PP DF\" class=\"wp-image-1006425\" width=\"591\" height=\"332\" srcset=\"https:\/\/dhg1h5j42swfq.cloudfront.net\/2022\/04\/11154839\/policia_penal_df.jpg 768w, https:\/\/dhg1h5j42swfq.cloudfront.net\/2022\/04\/11154839\/policia_penal_df-300x169.jpg 300w, https:\/\/dhg1h5j42swfq.cloudfront.net\/2022\/04\/11154839\/policia_penal_df-610x343.jpg 610w\" sizes=\"auto, (max-width: 591px) 100vw, 591px\" \/><figcaption>Resumo do Estatuto dos Servidores para a PP DF<\/figcaption><\/figure><\/div>\n\n\n\n<p>Ol\u00e1, pessoal! Tudo joia?<\/p>\n\n\n\n<p>O concurso da&nbsp;<strong><a href=\"https:\/\/www.estrategiaconcursos.com.br\/blog\/concurso-policia-penal-df\/\" target=\"_blank\" rel=\"noreferrer noopener\">Pol\u00edcia Penal do Distrito Federal<\/a><\/strong>&nbsp;est\u00e1 cada dia mais perto. Est\u00e3o sendo ofertadas&nbsp;<strong>400 vagas imediatas<\/strong>, al\u00e9m de&nbsp;<strong>779 para cadastro de reserva<\/strong>, para o cargo de Policial Penal do DF, que oferece sal\u00e1rio inicial de&nbsp;<strong>R$ 5.445,00<\/strong>.<\/p>\n\n\n\n<p>Dessa maneira, no artigo de hoje, iremos realizar um <strong>resumo <\/strong>sobre o<strong><mark style=\"background-color:rgba(0, 0, 0, 0)\" class=\"has-inline-color has-vivid-cyan-blue-color\"> Estatuto dos Servidores do Distrito Federal<\/mark><\/strong>, na <strong>Lei 840\/11<\/strong>, para o concurso da PP DF.<\/p>\n\n\n\n<p>Pessoal, sem mais delongas, vamos ao que interessa.<\/p>\n\n\n\n<div class=\"container\" id=\"boxes\">\n  <div class=\"row\">\n\n    <div class=\"col-sm\">\n      <div class=\"banner-policial\" id=\"box-assinatura\">\n        <h3 class=\"titulo-assinatura\">Concurso Pol\u00edcia Penal DF<\/h3>\n        <p class=\"subtitulo-assinatura\">Conhe\u00e7a os cursos<\/p>\n        <div class=\"box-botao\">\n          <a class=\"btn-assinatura\" target=\"_blank\" href=\"https:\/\/www.estrategiaconcursos.com.br\/cursosPorConcurso\/subsecretaria-do-sistema-penitenciario-do-distrito-federal-sesipe-df\/\" role=\"button\" rel=\"noopener noreferrer\">Saiba mais<\/a>\n        <\/div>\n      <\/div>\n     \n    <\/div>\n\n  <\/div>\n<\/div>\n\n\n\n<h2 class=\"wp-block-heading\" id=\"h-disposicoes-iniciais-do-estatuto-dos-servidores-para-a-pp-df\"><mark style=\"background-color:rgba(0, 0, 0, 0)\" class=\"has-inline-color has-vivid-cyan-blue-color\">Disposi\u00e7\u00f5es Iniciais do Estatuto dos Servidores para a PP DF<\/mark><\/h2>\n\n\n\n<p>O <strong>Estatuto dos Servidores do Distrito Federal<\/strong>, disposto na Lei 840\/11, <strong>institui <\/strong>o <strong><mark style=\"background-color:rgba(0, 0, 0, 0)\" class=\"has-inline-color has-vivid-cyan-blue-color\">regime jur\u00eddico<\/mark><\/strong> dos <strong>servidores <\/strong>p\u00fablicos civis da administra\u00e7\u00e3o <strong>direta<\/strong>, <strong>aut\u00e1rquica <\/strong>e <strong>fundacional <\/strong>e dos \u00f3rg\u00e3os relativamente aut\u00f4nomos do DF.<\/p>\n\n\n\n<p><strong><mark style=\"background-color:rgba(0, 0, 0, 0)\" class=\"has-inline-color has-vivid-red-color\">FIQUE ATENTO: <\/mark><\/strong>Perceba que esse estatuto <strong><mark style=\"background-color:rgba(0, 0, 0, 0)\" class=\"has-inline-color has-vivid-cyan-blue-color\">n\u00e3o se aplica<\/mark><\/strong> \u00e0s <strong>empresas p\u00fablicas<\/strong> e \u00e0s <strong>sociedades de economia mista<\/strong>, cujos empregados p\u00fablicos submetem-se \u00e0s regras da Consolida\u00e7\u00e3o das Leis do Trabalho (CLT).<\/p>\n\n\n\n<p>O <strong>servidor p\u00fablico<\/strong>, ao qual se refere o estatuto dos servidores do DF, \u00e9 a pessoa legalmente <strong>investida <\/strong>em <strong>cargo p\u00fablico<\/strong>. Mas o que \u00e9 cargo p\u00fablico?<\/p>\n\n\n\n<p>Bom, cargo p\u00fablico \u00e9 o <strong>conjunto de atribui\u00e7\u00f5es<\/strong> e <strong>responsabilidades <\/strong>previstas na estrutura organizacional e cometidas a um servidor p\u00fablico. Al\u00e9m disso, eles s\u00e3o <strong>criados por lei<\/strong>, com denomina\u00e7\u00e3o pr\u00f3pria e subs\u00eddio ou vencimentos pagos pelos cofres p\u00fablicos, para provimento em car\u00e1ter efetivo ou em comiss\u00e3o.<\/p>\n\n\n\n<h2 class=\"wp-block-heading\" id=\"h-provimento-de-cargo-publico-no-estatuto-dos-servidores-para-a-pp-df\"><mark style=\"background-color:rgba(0, 0, 0, 0)\" class=\"has-inline-color has-vivid-cyan-blue-color\">Provimento de cargo p\u00fablico no Estatuto dos Servidores para a PP DF<\/mark><\/h2>\n\n\n\n<p><strong>Provimento <\/strong>\u00e9 a forma como uma pessoa pode passar a <strong>ocupar <\/strong>um <strong>cargo p\u00fablico<\/strong>, o qual pode ser realizado pela <strong>nomea\u00e7\u00e3o<\/strong>, <strong>revers\u00e3o<\/strong>, <strong>aproveitamento<\/strong>, <strong>reintegra\u00e7\u00e3o <\/strong>e <strong>recondu\u00e7\u00e3o<\/strong>.<\/p>\n\n\n\n<p>Em rela\u00e7\u00e3o \u00e0  <strong>investidura <\/strong>em cargo de provimento <strong><mark style=\"background-color:rgba(0, 0, 0, 0)\" class=\"has-inline-color has-vivid-cyan-blue-color\">efetivo<\/mark><\/strong>, ela depende de pr\u00e9via aprova\u00e7\u00e3o em <strong>concurso p\u00fablico<\/strong>, enquanto que os cargos em <strong><mark style=\"background-color:rgba(0, 0, 0, 0)\" class=\"has-inline-color has-vivid-cyan-blue-color\">comiss\u00e3o<\/mark><\/strong>, os quais s\u00e3o destinados exclusivamente \u00e0s atribui\u00e7\u00f5es de <strong>dire\u00e7\u00e3o<\/strong>, <strong>chefia<\/strong> e <strong>assessoramento<\/strong>, s\u00e3o de <strong>livre nomea\u00e7\u00e3o<\/strong> e <strong>exonera\u00e7\u00e3o <\/strong>pela autoridade competente.<\/p>\n\n\n\n<p><strong><mark style=\"background-color:rgba(0, 0, 0, 0)\" class=\"has-inline-color has-vivid-red-color\">A SABER: <\/mark><\/strong>Pelo menos <strong><mark style=\"background-color:rgba(0, 0, 0, 0)\" class=\"has-inline-color has-vivid-cyan-blue-color\">50%<\/mark><\/strong> dos cargos em <strong>comiss\u00e3o <\/strong>devem ser providos por <strong>servidor p\u00fablico de carreira<\/strong>. J\u00e1 as fun\u00e7\u00f5es de <strong>confian\u00e7a<\/strong>, que tamb\u00e9m se destinam exclusivamente \u00e0s atribui\u00e7\u00f5es de dire\u00e7\u00e3o, chefia e assessoramento, s\u00e3o <strong>privativas <\/strong>de <strong>servidor efetivo<\/strong>.<\/p>\n\n\n\n<p>Salienta-se, ainda, que a lei <strong><mark style=\"background-color:rgba(0, 0, 0, 0)\" class=\"has-inline-color has-vivid-cyan-blue-color\">veda <\/mark><\/strong>a edi\u00e7\u00e3o de atos de <strong>nomea\u00e7\u00e3o<\/strong>, <strong>posse <\/strong>ou <strong>exerc\u00edcio <\/strong>com<strong> <\/strong><mark style=\"background-color:rgba(0, 0, 0, 0)\" class=\"has-inline-color has-vivid-cyan-blue-color\"><strong>efeito retroativo<\/strong>.<\/mark> Desse modo, n\u00e3o \u00e9 poss\u00edvel que uma autoridade nomeie um servidor e designe no ato uma data anterior.<\/p>\n\n\n\n<p>Vamos agora analisar, resumidamente, as diferentes formas de provimento de cargos.<\/p>\n\n\n\n<h3 class=\"wp-block-heading\" id=\"h-nomeacao\"><mark style=\"background-color:rgba(0, 0, 0, 0)\" class=\"has-inline-color has-vivid-purple-color\">Nomea\u00e7\u00e3o<\/mark><\/h3>\n\n\n\n<p>Este ato \u00e9 o caso&nbsp;<strong>mais comum<\/strong>&nbsp;de&nbsp;<strong>provimento&nbsp;<\/strong>em cargo p\u00fablico. Ela poder\u00e1 ser realizada basicamente por&nbsp;<strong>duas maneiras:<\/strong><\/p>\n\n\n\n<ul class=\"wp-block-list\"><li>em cargos de provimento <strong><mark style=\"background-color:rgba(0, 0, 0, 0)\" class=\"has-inline-color has-vivid-cyan-blue-color\">efetivo<\/mark><\/strong>: por meio de <strong>concurso<\/strong>;<\/li><li>em cargos em <strong><mark style=\"background-color:rgba(0, 0, 0, 0)\" class=\"has-inline-color has-vivid-cyan-blue-color\">comiss\u00e3o<\/mark><\/strong>: <strong>livre nomea\u00e7\u00e3o e exonera\u00e7\u00e3o.<\/strong> Por\u00e9m, \u00e9 <strong>vedada<\/strong> a pr\u00e1tica do <strong>nepotismo<\/strong>, ou seja, a nomea\u00e7\u00e3o, para cargo em comiss\u00e3o ou a designa\u00e7\u00e3o para fun\u00e7\u00e3o de confian\u00e7a, do c\u00f4njuge, de companheiro ou de parente, por consanguinidade at\u00e9 o <strong>terceiro grau<\/strong> ou por afinidade do respons\u00e1vel pela nomea\u00e7\u00e3o.<\/li><\/ul>\n\n\n\n<p>A&nbsp;<strong>investidura&nbsp;<\/strong>no cargo p\u00fablico ocorrer\u00e1 apenas com a&nbsp;<strong><mark style=\"background-color:rgba(0, 0, 0, 0)\" class=\"has-inline-color has-vivid-cyan-blue-color\">posse&nbsp;<\/mark><\/strong>do servidor, que \u00e9 o ato de&nbsp;<strong>aceita\u00e7\u00e3o expressa do nomeado, <\/strong>a qual ocorre com a <strong>assinatura <\/strong>do respectivo termo, do qual devem constar as atribui\u00e7\u00f5es, os direitos e os deveres inerentes ao cargo ocupado.<\/p>\n\n\n\n<p>A posse deve ocorrer no prazo de <strong><mark style=\"background-color:rgba(0, 0, 0, 0)\" class=\"has-inline-color has-vivid-cyan-blue-color\">30 dias,<\/mark><\/strong> contados da publica\u00e7\u00e3o do ato de <strong>nomea\u00e7\u00e3o<\/strong>.<\/p>\n\n\n\n<p><strong><mark style=\"background-color:rgba(0, 0, 0, 0)\" class=\"has-inline-color has-vivid-red-color\">FIQUE ATENTO:<\/mark><\/strong>&nbsp;A&nbsp;<strong>posse <\/strong>apenas ocorrer\u00e1<strong>&nbsp;<\/strong>no caso de provimento por&nbsp;<strong>nomea\u00e7\u00e3o<\/strong>, n\u00e3o sendo ela exigida nas demais formas de provimento de cargo p\u00fablico.<\/p>\n\n\n\n<p><strong>Ap\u00f3s a posse<\/strong>&nbsp;do servidor, ser\u00e1 necess\u00e1rio que ele entre em&nbsp;<strong><mark style=\"background-color:rgba(0, 0, 0, 0)\" class=\"has-inline-color has-vivid-cyan-blue-color\">exerc\u00edcio<\/mark><\/strong>, ou seja, que&nbsp;<strong>efetivamente desempenhe as suas fun\u00e7\u00f5es<\/strong>&nbsp;p\u00fablicas, de acordo com as atribui\u00e7\u00f5es do cargo.<\/p>\n\n\n\n<p>O prazo para o servidor entrar em exerc\u00edcio ser\u00e1 de<strong>&nbsp;<mark style=\"background-color:rgba(0, 0, 0, 0)\" class=\"has-inline-color has-vivid-cyan-blue-color\">5 dias<\/mark>, ap\u00f3s a posse<\/strong>.<\/p>\n\n\n\n<p><strong><mark style=\"background-color:rgba(0, 0, 0, 0)\" class=\"has-inline-color has-vivid-red-color\">PARA FIXAR:<\/mark><\/strong><\/p>\n\n\n\n<p><strong>Nomea\u00e7\u00e3o <\/strong>-&gt; at\u00e9 <strong><mark style=\"background-color:rgba(0, 0, 0, 0)\" class=\"has-inline-color has-vivid-cyan-blue-color\">30 dias <\/mark><\/strong>para tomar <strong>posse <\/strong>-&gt; at\u00e9 <strong><mark style=\"background-color:rgba(0, 0, 0, 0)\" class=\"has-inline-color has-vivid-cyan-blue-color\">5 dias <\/mark><\/strong>para entrar em <strong>exerc\u00edcio<\/strong>.<\/p>\n\n\n\n<p>Ao entrar em exerc\u00edcio, o servidor nomeado para cargo de provimento efetivo fica sujeito ao<strong> est\u00e1gio probat\u00f3rio<\/strong>, pelo prazo de <strong>3 anos.<\/strong> Ap\u00f3s esse per\u00edodo, sendo aprovado no est\u00e1gio, o servidor adquirir\u00e1 a <strong>estabilidade<\/strong>.<\/p>\n\n\n\n<h3 class=\"wp-block-heading\" id=\"h-reversao\"><mark style=\"background-color:rgba(0, 0, 0, 0)\" class=\"has-inline-color has-vivid-purple-color\">Revers\u00e3o<\/mark><\/h3>\n\n\n\n<p>A revers\u00e3o \u00e9 o <strong>retorno <\/strong>\u00e0 atividade de servidor <strong>aposentado<\/strong>:<\/p>\n\n\n\n<ul class=\"wp-block-list\"><li>por <strong>invalidez<\/strong>, quando, por <strong>junta m\u00e9dica <\/strong>oficial, ficar comprovada a sua reabilita\u00e7\u00e3o;<\/li><li>quando constatada, administrativa ou judicialmente, a <strong>insubsist\u00eancia <\/strong>dos <strong>fundamentos <\/strong>de concess\u00e3o da aposentadoria;<\/li><li><strong>voluntariamente<\/strong>, desde que, haja manifesto interesse da administra\u00e7\u00e3o, tenham decorrido <strong><mark style=\"background-color:rgba(0, 0, 0, 0)\" class=\"has-inline-color has-vivid-cyan-blue-color\">menos de 5 anos<\/mark><\/strong> da data de aposentadoria, e haja <strong>cargo vago<\/strong>.<\/li><\/ul>\n\n\n\n<p>O servidor ter\u00e1 o prazo de <strong><mark style=\"background-color:rgba(0, 0, 0, 0)\" class=\"has-inline-color has-vivid-cyan-blue-color\">15 dias \u00fateis<\/mark><\/strong> para <strong>retornar <\/strong>ao exerc\u00edcio do cargo, contados da data em que tomou ci\u00eancia da revers\u00e3o.<\/p>\n\n\n\n<p><strong><mark style=\"background-color:rgba(0, 0, 0, 0)\" class=\"has-inline-color has-vivid-red-color\">A SABER: <\/mark>N\u00e3o <\/strong>pode <strong>reverter <\/strong>o aposentado que tenha completado <strong><mark style=\"background-color:rgba(0, 0, 0, 0)\" class=\"has-inline-color has-vivid-cyan-blue-color\">70 anos<\/mark><\/strong>.<\/p>\n\n\n\n<h3 class=\"wp-block-heading\" id=\"h-reintegracao\"><mark style=\"background-color:rgba(0, 0, 0, 0)\" class=\"has-inline-color has-vivid-purple-color\">Reintegra\u00e7\u00e3o<\/mark><\/h3>\n\n\n\n<p>Voc\u00ea j\u00e1 ouviu falar de alguma pessoa que foi&nbsp;<strong>demitida&nbsp;<\/strong>do servi\u00e7o p\u00fablico em decorr\u00eancia do&nbsp;<strong>abuso de poder<\/strong>&nbsp;do seu&nbsp;<strong>chefe&nbsp;<\/strong>hier\u00e1rquico? Pois bem, quando uma pessoa \u00e9&nbsp;<strong><u>demitida injustamente<\/u><\/strong>&nbsp;e, devido a uma&nbsp;<strong>decis\u00e3o administrativa ou judicial<\/strong>&nbsp;transitada em julgado,&nbsp;<strong>volta&nbsp;<\/strong>ao servi\u00e7o p\u00fablico, d\u00e1-se o nome de reintegra\u00e7\u00e3o.<\/p>\n\n\n\n<p>Al\u00e9m disso, ela ter\u00e1 o <strong>restabelecimento <\/strong>dos <strong>direitos <\/strong>que deixou de auferir no per\u00edodo em que esteve demitida.<\/p>\n\n\n\n<p>A reintegra\u00e7\u00e3o se dar\u00e1 no cargo <strong>anteriormente ocupado<\/strong>, ou no cargo <strong>resultante <\/strong>de sua transforma\u00e7\u00e3o. Por\u00e9m, na hip\u00f3tese de o cargo ter sido <strong>extinto<\/strong>, o servidor fica em <strong>disponibilidade<\/strong>.<\/p>\n\n\n\n<p>\u00c9 de <strong><mark style=\"background-color:rgba(0, 0, 0, 0)\" class=\"has-inline-color has-vivid-cyan-blue-color\">5 dias \u00fateis<\/mark><\/strong> o prazo para o servidor <strong>retornar <\/strong>ao exerc\u00edcio do cargo, contados da data em que tomou ci\u00eancia do ato de reintegra\u00e7\u00e3o.<\/p>\n\n\n\n<h3 class=\"wp-block-heading\" id=\"h-reconducao\"><mark style=\"background-color:rgba(0, 0, 0, 0)\" class=\"has-inline-color has-vivid-purple-color\">Recondu\u00e7\u00e3o<\/mark><\/h3>\n\n\n\n<p>A recondu\u00e7\u00e3o \u00e9 o <strong>retorno <\/strong>do servidor <strong>est\u00e1vel <\/strong>ao <strong>cargo <\/strong>anteriormente ocupado, nos casos de:<\/p>\n\n\n\n<ul class=\"wp-block-list\"><li><strong>reprova\u00e7\u00e3o <\/strong>em <strong>est\u00e1gio probat\u00f3rio;<\/strong><\/li><li><strong>desist\u00eancia <\/strong>de <strong>est\u00e1gio probat\u00f3rio;<\/strong><\/li><li><strong>reintegra\u00e7\u00e3o <\/strong>do anterior ocupante.<\/li><\/ul>\n\n\n\n<p>O servidor tem de <strong>retornar <\/strong>ao exerc\u00edcio do cargo <strong><mark style=\"background-color:rgba(0, 0, 0, 0)\" class=\"has-inline-color has-vivid-cyan-blue-color\">at\u00e9 o dia seguinte<\/mark><\/strong> ao da ci\u00eancia do ato de recondu\u00e7\u00e3o.<\/p>\n\n\n\n<h3 class=\"wp-block-heading\" id=\"h-disponibilidade-e-aproveitamento\"><mark style=\"background-color:rgba(0, 0, 0, 0)\" class=\"has-inline-color has-vivid-purple-color\">Disponibilidade e Aproveitamento<\/mark><\/h3>\n\n\n\n<p>O <strong>aproveitamento <\/strong>ser\u00e1 realizado quando o servidor que estiver em&nbsp;<strong>disponibilidade voltar ao servi\u00e7o ativo<\/strong>.<\/p>\n\n\n\n<p>Por exemplo, quando um cargo for extinto, o servidor que desempenhava aquela fun\u00e7\u00e3o ser\u00e1 posto em disponibilidade. Assim, quando ele for realocado em uma nova fun\u00e7\u00e3o, haver\u00e1 o provimento por aproveitamento.<\/p>\n\n\n\n<p>A <strong>remunera\u00e7\u00e3o <\/strong>do servidor posto em <strong>disponibilidade <\/strong>ser\u00e1 <strong>proporcional <\/strong>ao <strong>tempo <\/strong>de servi\u00e7o, <strong>n\u00e3o <\/strong>podendo ser <strong>inferior <\/strong>a <strong><mark style=\"background-color:rgba(0, 0, 0, 0)\" class=\"has-inline-color has-vivid-cyan-blue-color\">1\/3 <\/mark><\/strong>do que percebia no <strong>m\u00eas anterior<\/strong> ao da disponibilidade.<\/p>\n\n\n\n<p>\u00c9 de <strong><mark style=\"background-color:rgba(0, 0, 0, 0)\" class=\"has-inline-color has-vivid-cyan-blue-color\">30 dias<\/mark><\/strong> o prazo para o servidor <strong>retornar <\/strong>ao exerc\u00edcio, contados da data em que tomou ci\u00eancia do aproveitamento.<\/p>\n\n\n\n<h2 class=\"wp-block-heading\" id=\"h-vacancia\"><mark style=\"background-color:rgba(0, 0, 0, 0)\" class=\"has-inline-color has-vivid-cyan-blue-color\">Vac\u00e2ncia<\/mark><\/h2>\n\n\n\n<p>Mudando de assunto, vamos agora falar sobre a vac\u00e2ncia de cargo p\u00fablico.<\/p>\n\n\n\n<p>A vac\u00e2ncia corresponde \u00e0s hip\u00f3teses em que o <strong>cargo <\/strong>\u00e9 <strong>desocupado <\/strong>pelo servidor, permitindo que o mesmo seja ocupado por outro indiv\u00edduo.<\/p>\n\n\n\n<p>As hip\u00f3teses de vac\u00e2ncia previstas no estatuto dos servidores do DF s\u00e3o as seguintes:<\/p>\n\n\n\n<ul class=\"wp-block-list\"><li><strong>exonera\u00e7\u00e3o<\/strong>;<\/li><li><strong>demiss\u00e3o<\/strong>;<\/li><li><strong>destitui\u00e7\u00e3o <\/strong>de cargo em <strong>comiss\u00e3o<\/strong>;<\/li><li><strong>aposentadoria<\/strong>;<\/li><li><strong>falecimento<\/strong>;<\/li><li><strong>perda do cargo<\/strong>, nos demais casos previstos na Constitui\u00e7\u00e3o Federal.<\/li><\/ul>\n\n\n\n<p>A <strong><mark style=\"background-color:rgba(0, 0, 0, 0)\" class=\"has-inline-color has-vivid-cyan-blue-color\">exonera\u00e7\u00e3o <\/mark><\/strong>de cargo de provimento <strong><mark style=\"background-color:rgba(0, 0, 0, 0)\" class=\"has-inline-color has-vivid-cyan-blue-color\">efetivo <\/mark><\/strong>n\u00e3o \u00e9 decorrente de san\u00e7\u00f5es. Ela pode ser realizada a <strong>pedido <\/strong>do servidor, bem como de <strong>of\u00edcio<\/strong>, quando o servidor:<\/p>\n\n\n\n<p><strong><mark style=\"background-color:rgba(0, 0, 0, 0)\" class=\"has-inline-color has-vivid-cyan-blue-color\">I <\/mark><\/strong>\u2013 for <strong>reprovado <\/strong>no <strong>est\u00e1gio probat\u00f3rio<\/strong>;<\/p>\n\n\n\n<p><strong><mark style=\"background-color:rgba(0, 0, 0, 0)\" class=\"has-inline-color has-vivid-cyan-blue-color\">II <\/mark><\/strong>\u2013 tendo tomado <strong>posse<\/strong>, <strong>n\u00e3o entrar <\/strong>em <strong>exerc\u00edcio <\/strong>no prazo estabelecido.<\/p>\n\n\n\n<p>J\u00e1 a <strong>exonera\u00e7\u00e3o<\/strong> de cargo em <strong><mark style=\"background-color:rgba(0, 0, 0, 0)\" class=\"has-inline-color has-vivid-cyan-blue-color\">comiss\u00e3o <\/mark><\/strong>ser\u00e1 realizada tanto \u00e0 crit\u00e9rio da <strong>autoridade competente<\/strong>, por ser de livre nomea\u00e7\u00e3o e exonera\u00e7\u00e3o, quanto a <strong>pedido <\/strong>do servidor.<\/p>\n\n\n\n<p><strong><mark style=\"background-color:rgba(0, 0, 0, 0)\" class=\"has-inline-color has-vivid-red-color\">FIQUE ATENTO:<\/mark><\/strong> De modo a proteger a <strong>servidora gestante <mark style=\"background-color:rgba(0, 0, 0, 0)\" class=\"has-inline-color has-vivid-cyan-blue-color\">comissionada<\/mark><\/strong>, ela <strong>n\u00e3o pode<\/strong>, <strong><mark style=\"background-color:rgba(0, 0, 0, 0)\" class=\"has-inline-color has-vivid-cyan-blue-color\">sem justa causa<\/mark><\/strong>, ser <strong>exonerada <\/strong>de <strong>of\u00edcio<\/strong>, desde a confirma\u00e7\u00e3o da gravidez <strong>at\u00e9 5 meses <\/strong>ap\u00f3s o parto, <strong>salvo <\/strong>mediante <strong>indeniza\u00e7\u00e3o<\/strong>.<\/p>\n\n\n\n<h2 class=\"wp-block-heading\" id=\"h-outros-topicos-sobre-cargos-publicos-no-estatuto-dos-servidores-para-a-pp-df\"><mark style=\"background-color:rgba(0, 0, 0, 0)\" class=\"has-inline-color has-vivid-cyan-blue-color\">Outros t\u00f3picos sobre cargos p\u00fablicos no Estatuto dos Servidores para a PP DF<\/mark><\/h2>\n\n\n\n<p>O estatuto dos servidores do DF apresenta duas hip\u00f3teses de <strong>remanejamento<\/strong>: a remo\u00e7\u00e3o e a redistribui\u00e7\u00e3o.<\/p>\n\n\n\n<p>Elas n\u00e3o s\u00e3o formas de provimento nem de vac\u00e2ncia, uma vez que representam apenas a<strong> troca do local<\/strong> de lota\u00e7\u00e3o do <strong>servidor <\/strong>ou do <strong>cargo<\/strong>.<\/p>\n\n\n\n<p>A <strong><mark style=\"background-color:rgba(0, 0, 0, 0)\" class=\"has-inline-color has-vivid-cyan-blue-color\">remo\u00e7\u00e3o <\/mark><\/strong>\u00e9 o <strong>deslocamento da lota\u00e7\u00e3o do <span style=\"text-decoration: underline;\">servidor<\/span><\/strong>, no<strong> mesmo \u00f3rg\u00e3o<\/strong>, autarquia ou funda\u00e7\u00e3o e na mesma carreira, de uma<strong> localidade para outra<\/strong>, podendo ser feita a pedido do servidor ou de of\u00edcio, sendo necess\u00e1rio que o sindicato seja ouvido nesse processo.<\/p>\n\n\n\n<p>J\u00e1 a <strong><mark style=\"background-color:rgba(0, 0, 0, 0)\" class=\"has-inline-color has-vivid-cyan-blue-color\">redistribui\u00e7\u00e3o <\/mark><\/strong>\u00e9 o <strong>deslocamento do <span style=\"text-decoration: underline;\">cargo<\/span><\/strong>, ocupado ou vago, para <strong>outro \u00f3rg\u00e3o<\/strong>, autarquia ou funda\u00e7\u00e3o do <strong>mesmo Poder<\/strong>, devendo ser observados o <strong>interesse da administra\u00e7\u00e3o p\u00fablica<\/strong>, a vincula\u00e7\u00e3o entre os graus de complexidade e responsabilidade do cargo, a correla\u00e7\u00e3o das atribui\u00e7\u00f5es, a equival\u00eancia entre os vencimentos ou subs\u00eddio e a pr\u00e9via aprecia\u00e7\u00e3o do \u00f3rg\u00e3o central de pessoal.<\/p>\n\n\n\n<p>Por fim, h\u00e1 tamb\u00e9m a figura da <strong><mark style=\"background-color:rgba(0, 0, 0, 0)\" class=\"has-inline-color has-vivid-cyan-blue-color\">substitui\u00e7\u00e3o<\/mark><\/strong>, fundada no <strong>princ\u00edpio da continuidade, <\/strong>j\u00e1 que a sua finalidade \u00e9 garantir que os servi\u00e7os continuem a ser executados, mesmo se os titulares de determinados cargos ou fun\u00e7\u00f5es estejam impedidos de atuar.<\/p>\n\n\n\n<p>Ela ocorre nos casos de <strong>afastamento<\/strong>, licen\u00e7as, f\u00e9rias, entre outros impedimentos do ocupante de cargo de <strong><mark style=\"background-color:rgba(0, 0, 0, 0)\" class=\"has-inline-color has-vivid-cyan-blue-color\">dire\u00e7\u00e3o <\/mark><\/strong>ou <strong><mark style=\"background-color:rgba(0, 0, 0, 0)\" class=\"has-inline-color has-vivid-cyan-blue-color\">chefia<\/mark><\/strong>, sendo, desse modo, designado de um <strong>substituto<\/strong>.<\/p>\n\n\n\n<p>O substituto faz jus aos <strong>vencimentos <\/strong>ou subs\u00eddio pelo exerc\u00edcio do cargo de dire\u00e7\u00e3o ou chefia, pagos na <strong>propor\u00e7\u00e3o <\/strong>dos dias de efetiva substitui\u00e7\u00e3o.<\/p>\n\n\n\n<h2 class=\"wp-block-heading\" id=\"h-regime-e-jornada-de-trabalho-no-estatuto-dos-servidores-para-a-pp-df\"><mark style=\"background-color:rgba(0, 0, 0, 0)\" class=\"has-inline-color has-vivid-cyan-blue-color\">Regime e Jornada de Trabalho no Estatuto dos Servidores para a PP DF<\/mark><\/h2>\n\n\n\n<p><strong>Em regra<\/strong>, o servidor <strong>efetivo <\/strong>do Distrito Federal fica sujeito ao regime de trabalho de <strong><mark style=\"background-color:rgba(0, 0, 0, 0)\" class=\"has-inline-color has-vivid-cyan-blue-color\">30 horas semanais<\/mark><\/strong>.<\/p>\n\n\n\n<p>Contudo, no caso de<strong> interesse da administra\u00e7\u00e3o<\/strong> p\u00fablica e mediante <strong>anu\u00eancia <\/strong>do <strong>servidor<\/strong>, o regime de trabalho pode ser ampliado para<strong><mark style=\"background-color:rgba(0, 0, 0, 0)\" class=\"has-inline-color has-vivid-cyan-blue-color\"> 40 horas semanais<\/mark><\/strong>, observada a <strong>proporcionalidade salarial.<\/strong><\/p>\n\n\n\n<p>J\u00e1 o servidor ocupante de cargo em <strong>comiss\u00e3o <\/strong>ou no exerc\u00edcio de fun\u00e7\u00e3o de <strong>confian\u00e7a <\/strong>tem regime de trabalho de<strong><mark style=\"background-color:rgba(0, 0, 0, 0)\" class=\"has-inline-color has-vivid-cyan-blue-color\"> 40 horas semanais<\/mark><\/strong>, com integral dedica\u00e7\u00e3o ao servi\u00e7o.<\/p>\n\n\n\n<p>H\u00e1 algumas peculiaridades em rela\u00e7\u00e3o ao servi\u00e7o prestado em<strong> per\u00edodo noturno<\/strong>, como a <strong>hora <\/strong>sendo considerada como tendo <strong>cinquenta e dois minutos e trinta segundos<\/strong>. Al\u00e9m disso, considera-se noturno o servi\u00e7o prestado entre as 22 horas de um dia e as 5 horas do dia seguinte.<\/p>\n\n\n\n<p>Finalizando o nosso resumo do estatuto dos servidores para a PP DF, vamos falar sobre as possibilidades de aus\u00eancia a que o servidor tem direito.<\/p>\n\n\n\n<p>Desse modo, <strong>sem preju\u00edzo da remunera\u00e7\u00e3o<\/strong> ou subs\u00eddio, o servidor pode se <strong><mark style=\"background-color:rgba(0, 0, 0, 0)\" class=\"has-inline-color has-vivid-cyan-blue-color\">ausentar <\/mark><\/strong>do servi\u00e7o, mediante <strong>comunica\u00e7\u00e3o pr\u00e9via<\/strong> \u00e0 chefia imediata:<\/p>\n\n\n\n<p>Por <strong><mark style=\"background-color:rgba(0, 0, 0, 0)\" class=\"has-inline-color has-vivid-cyan-blue-color\">1 dia<\/mark><\/strong> para:<\/p>\n\n\n\n<ul class=\"wp-block-list\"><li><strong>doar sangue<\/strong>;<\/li><li>realizar, <strong>uma vez por ano,<\/strong> <strong>exames <\/strong>m\u00e9dicos preventivos ou peri\u00f3dicos voltados ao controle de <strong>c\u00e2ncer <\/strong>de <strong>pr\u00f3stata<\/strong>, de <strong>mama <\/strong>ou do <strong>colo de \u00fatero<\/strong>;<\/li><\/ul>\n\n\n\n<p>Por at\u00e9 <strong><mark style=\"background-color:rgba(0, 0, 0, 0)\" class=\"has-inline-color has-vivid-cyan-blue-color\">2 dias<\/mark><\/strong>:<\/p>\n\n\n\n<ul class=\"wp-block-list\"><li>para se <strong>alistar <\/strong>como <strong>eleitor <\/strong>ou requerer transfer\u00eancia do domic\u00edlio eleitoral;<\/li><\/ul>\n\n\n\n<p>Por <strong><mark style=\"background-color:rgba(0, 0, 0, 0)\" class=\"has-inline-color has-vivid-cyan-blue-color\">8 dias consecutivos<\/mark><\/strong>, <strong>inclu\u00eddo o dia da ocorr\u00eancia<\/strong>, em raz\u00e3o de:<\/p>\n\n\n\n<ul class=\"wp-block-list\"><li><strong>casamento<\/strong>;<\/li><li><strong>falecimento <\/strong>do c\u00f4njuge, companheiro, parceiro&nbsp;homoafetivo, pai, m\u00e3e, padrasto, madrasta, filho, irm\u00e3o, enteado ou menor sob guarda ou tutela.<\/li><\/ul>\n\n\n\n<h2 class=\"wp-block-heading\" id=\"h-finalizando\"><mark style=\"background-color:rgba(0, 0, 0, 0)\" class=\"has-inline-color has-vivid-cyan-blue-color\">Finalizando<\/mark><\/h2>\n\n\n\n<p>Bom, Pessoal! Chegamos ao final do nosso resumo sobre oo Estatuto dos Servidores do Distrito Federal, na Lei 840\/11, para o concurso da PP DF.<\/p>\n\n\n\n<p>Contudo, ressaltamos a import\u00e2ncia da<strong>&nbsp;leitura da lei&nbsp;<\/strong>citada aqui, para a sua aprova\u00e7\u00e3o. Esse artigo \u00e9 apenas uma an\u00e1lise mais simplificada dessa norma.<\/p>\n\n\n\n<p>Caso queira se preparar para chegar&nbsp;<strong>competitivo&nbsp;<\/strong>nesta prova, invista nos&nbsp;<a href=\"https:\/\/www.estrategiaconcursos.com.br\/cursosPorConcurso\/policia-civil-de-minas-gerais-pc-mg\/\" target=\"_blank\" rel=\"noreferrer noopener\"><strong>cursos para a Pol\u00edcia Penal DF<\/strong><\/a>&nbsp;do&nbsp;<strong>Estrat\u00e9gia Concursos<\/strong>.&nbsp;L\u00e1 voc\u00ea encontrar\u00e1&nbsp;<strong>aulas completas e detalhadas, com os melhores professores do mercado<\/strong>,&nbsp;de todos os t\u00f3picos exigidos no edital deste concurso.<\/p>\n\n\n\n<p>Conhe\u00e7a tamb\u00e9m o&nbsp;<a href=\"https:\/\/questoes.estrategiaconcursos.com.br\/\" target=\"_blank\" rel=\"noreferrer noopener\"><strong>Sistema de Quest\u00f5es do Estrat\u00e9gia<\/strong><\/a>. Afinal, a \u00fanica maneira de&nbsp;<strong>consolidar o conte\u00fado&nbsp;<\/strong>de maneira satisfat\u00f3ria \u00e9 atrav\u00e9s da&nbsp;<strong>resolu\u00e7\u00e3o de quest\u00f5es.<\/strong><\/p>\n\n\n\n<p>Bons estudos a todos e at\u00e9 a pr\u00f3xima!<\/p>\n\n\n\n<h2 class=\"has-text-align-center wp-block-heading\" id=\"h-cursos-e-assinaturas\">Cursos e Assinaturas <\/h2>\n\n\n\n<p>Prepare-se com o melhor material e com quem mais aprova em Concursos P\u00fablicos em todo o pa\u00eds!<\/p>\n\n\n\n<p class=\"has-text-align-center has-vivid-cyan-blue-color has-text-color has-background\" style=\"background-color:#0078bd\"><a href=\"https:\/\/www.estrategiaconcursos.com.br\/blog\/concursos-abertos\/\" target=\"_blank\" rel=\"noreferrer noopener\"><strong><span class=\"has-inline-color has-white-color\">Concursos abertos<\/span><\/strong><\/a><\/p>\n\n\n\n<p class=\"has-text-align-center has-vivid-cyan-blue-color has-text-color has-background\" style=\"background-color:#0072b4\"><strong><a href=\"https:\/\/www.estrategiaconcursos.com.br\/blog\/concursos-2022\/\" target=\"_blank\" rel=\"noreferrer noopener\"><span class=\"has-inline-color has-white-color\">Concursos 2022<\/span><\/a><\/strong><\/p>\n\n\n\n<div class=\"container\" id=\"boxes\">\n  <div class=\"row\">\n    <div class=\"col-sm\">\n      <div class=\"estrategia\" id=\"box-assinatura\">\n        <h3 class=\"titulo-assinatura\">Assinatura de Concursos<\/h3>\n        <p class=\"subtitulo-assinatura\">Assinatura de 1 ano ou 2 anos<\/p>\n        <div class=\"box-botao\">\n          <a class=\"btn-assinatura\" target=\"_blank\" href=\"https:\/\/www.estrategiaconcursos.com.br\/assinaturas\/\" role=\"button\" rel=\"noopener noreferrer\">ASSINE AGORA<\/a>\n        <\/div>\n      <\/div>\n      \n    <\/div><\/div><\/div>\n","protected":false},"excerpt":{"rendered":"<p>Confira aqui um resumo do Estatuto dos Servidores do Distrito Federal, para o concurso da&nbsp;Pol\u00edcia Penal do DF&nbsp;(PP DF). Ol\u00e1, pessoal! Tudo joia? O concurso da&nbsp;Pol\u00edcia Penal do Distrito Federal&nbsp;est\u00e1 cada dia mais perto. Est\u00e3o sendo ofertadas&nbsp;400 vagas imediatas, al\u00e9m de&nbsp;779 para cadastro de reserva, para o cargo de Policial Penal do DF, que oferece [&hellip;]<\/p>\n","protected":false},"author":1976,"featured_media":1006425,"comment_status":"open","ping_status":"closed","sticky":false,"template":"","format":"standard","meta":{"post_tipo":"article","footnotes":""},"categories":[1,220188],"tags":[],"tax_estado":[219970],"class_list":["post-1012501","post","type-post","status-publish","format-standard","has-post-thumbnail","hentry","category-cursos-e-concursos","category-policial-agente-penitenciario","tax_estado-df"],"acf":[],"yoast_head":"<!-- This site is optimized with the Yoast SEO Premium plugin v27.2 (Yoast SEO v27.2) - https:\/\/yoast.com\/product\/yoast-seo-premium-wordpress\/ -->\n<title>Pol\u00edcia Penal DF: Resumo do Estatuto dos Servidores para a PP DF<\/title>\n<meta name=\"description\" content=\"Confira neste artigo um resumo do Estatuto dos Servidores do Distrito Federal, para o concurso da\u00a0Pol\u00edcia Penal do DF\u00a0(PP DF).\" \/>\n<meta name=\"robots\" content=\"index, follow, max-snippet:-1, max-image-preview:large, max-video-preview:-1\" \/>\n<link rel=\"canonical\" href=\"https:\/\/www.estrategiaconcursos.com.br\/blog\/estatuto-servidores-pp-df\/\" \/>\n<meta property=\"og:locale\" content=\"pt_BR\" \/>\n<meta property=\"og:type\" content=\"article\" \/>\n<meta property=\"og:title\" content=\"Pol\u00edcia Penal DF: Resumo do Estatuto dos Servidores para a PP DF\" \/>\n<meta property=\"og:description\" content=\"Confira neste artigo um resumo do Estatuto dos Servidores do Distrito Federal, para o concurso da\u00a0Pol\u00edcia Penal do DF\u00a0(PP DF).\" \/>\n<meta property=\"og:url\" content=\"https:\/\/www.estrategiaconcursos.com.br\/blog\/estatuto-servidores-pp-df\/\" \/>\n<meta property=\"og:site_name\" content=\"Estrat\u00e9gia Concursos\" \/>\n<meta property=\"article:published_time\" content=\"2022-05-07T16:46:00+00:00\" \/>\n<meta property=\"og:image\" content=\"https:\/\/dhg1h5j42swfq.cloudfront.net\/2022\/04\/11154839\/policia_penal_df.jpg\" \/>\n\t<meta property=\"og:image:width\" content=\"768\" \/>\n\t<meta property=\"og:image:height\" content=\"432\" \/>\n\t<meta property=\"og:image:type\" content=\"image\/jpeg\" \/>\n<meta name=\"author\" content=\"Kassio Henrique Sobral Rocha\" \/>\n<meta name=\"twitter:card\" content=\"summary_large_image\" \/>\n<meta name=\"twitter:creator\" content=\"@EstratConcursos\" \/>\n<meta name=\"twitter:site\" content=\"@EstratConcursos\" \/>\n<meta name=\"twitter:label1\" content=\"Escrito por\" \/>\n\t<meta name=\"twitter:data1\" content=\"Kassio Henrique Sobral Rocha\" \/>\n\t<meta name=\"twitter:label2\" content=\"Est. tempo de leitura\" \/>\n\t<meta name=\"twitter:data2\" content=\"11 minutos\" \/>\n<script type=\"application\/ld+json\" class=\"yoast-schema-graph\">{\"@context\":\"https:\/\/schema.org\",\"@graph\":[{\"@type\":\"NewsArticle\",\"@id\":\"https:\/\/www.estrategiaconcursos.com.br\/blog\/estatuto-servidores-pp-df\/#article\",\"isPartOf\":{\"@id\":\"https:\/\/www.estrategiaconcursos.com.br\/blog\/estatuto-servidores-pp-df\/\"},\"author\":{\"name\":\"Kassio Henrique Sobral Rocha\",\"@id\":\"https:\/\/www.estrategiaconcursos.com.br\/blog\/#\/schema\/person\/f0c830e07cfe11c231c0ea5dbb036df5\"},\"headline\":\"Pol\u00edcia Penal DF: Resumo do Estatuto dos Servidores para a PP DF\",\"datePublished\":\"2022-05-07T16:46:00+00:00\",\"mainEntityOfPage\":{\"@id\":\"https:\/\/www.estrategiaconcursos.com.br\/blog\/estatuto-servidores-pp-df\/\"},\"wordCount\":2186,\"commentCount\":0,\"publisher\":{\"@id\":\"https:\/\/www.estrategiaconcursos.com.br\/blog\/#organization\"},\"image\":{\"@id\":\"https:\/\/www.estrategiaconcursos.com.br\/blog\/estatuto-servidores-pp-df\/#primaryimage\"},\"thumbnailUrl\":\"https:\/\/dhg1h5j42swfq.cloudfront.net\/2022\/04\/11154839\/policia_penal_df.jpg\",\"articleSection\":[\"Concursos P\u00fablicos\",\"Policial (Agente Penitenci\u00e1rio)\"],\"inLanguage\":\"pt-BR\",\"potentialAction\":[{\"@type\":\"CommentAction\",\"name\":\"Comment\",\"target\":[\"https:\/\/www.estrategiaconcursos.com.br\/blog\/estatuto-servidores-pp-df\/#respond\"]}],\"copyrightYear\":\"2022\",\"copyrightHolder\":{\"@id\":\"https:\/\/www.estrategiaconcursos.com.br\/blog\/#organization\"}},{\"@type\":\"WebPage\",\"@id\":\"https:\/\/www.estrategiaconcursos.com.br\/blog\/estatuto-servidores-pp-df\/\",\"url\":\"https:\/\/www.estrategiaconcursos.com.br\/blog\/estatuto-servidores-pp-df\/\",\"name\":\"Pol\u00edcia Penal DF: Resumo do Estatuto dos Servidores para a PP DF\",\"isPartOf\":{\"@id\":\"https:\/\/www.estrategiaconcursos.com.br\/blog\/#website\"},\"primaryImageOfPage\":{\"@id\":\"https:\/\/www.estrategiaconcursos.com.br\/blog\/estatuto-servidores-pp-df\/#primaryimage\"},\"image\":{\"@id\":\"https:\/\/www.estrategiaconcursos.com.br\/blog\/estatuto-servidores-pp-df\/#primaryimage\"},\"thumbnailUrl\":\"https:\/\/dhg1h5j42swfq.cloudfront.net\/2022\/04\/11154839\/policia_penal_df.jpg\",\"datePublished\":\"2022-05-07T16:46:00+00:00\",\"description\":\"Confira neste artigo um resumo do Estatuto dos Servidores do Distrito Federal, para o concurso da\u00a0Pol\u00edcia Penal do DF\u00a0(PP DF).\",\"breadcrumb\":{\"@id\":\"https:\/\/www.estrategiaconcursos.com.br\/blog\/estatuto-servidores-pp-df\/#breadcrumb\"},\"inLanguage\":\"pt-BR\",\"potentialAction\":[{\"@type\":\"ReadAction\",\"target\":[\"https:\/\/www.estrategiaconcursos.com.br\/blog\/estatuto-servidores-pp-df\/\"]}]},{\"@type\":\"ImageObject\",\"inLanguage\":\"pt-BR\",\"@id\":\"https:\/\/www.estrategiaconcursos.com.br\/blog\/estatuto-servidores-pp-df\/#primaryimage\",\"url\":\"https:\/\/dhg1h5j42swfq.cloudfront.net\/2022\/04\/11154839\/policia_penal_df.jpg\",\"contentUrl\":\"https:\/\/dhg1h5j42swfq.cloudfront.net\/2022\/04\/11154839\/policia_penal_df.jpg\",\"width\":768,\"height\":432},{\"@type\":\"BreadcrumbList\",\"@id\":\"https:\/\/www.estrategiaconcursos.com.br\/blog\/estatuto-servidores-pp-df\/#breadcrumb\",\"itemListElement\":[{\"@type\":\"ListItem\",\"position\":1,\"name\":\"In\u00edcio\",\"item\":\"https:\/\/www.estrategiaconcursos.com.br\/blog\/\"},{\"@type\":\"ListItem\",\"position\":2,\"name\":\"Pol\u00edcia Penal DF: Resumo do Estatuto dos Servidores para a PP DF\"}]},{\"@type\":\"WebSite\",\"@id\":\"https:\/\/www.estrategiaconcursos.com.br\/blog\/#website\",\"url\":\"https:\/\/www.estrategiaconcursos.com.br\/blog\/\",\"name\":\"Estrat\u00e9gia Concursos\",\"description\":\"O blog da Estrat\u00e9gia Concursos traz not\u00edcias sobre concursos e artigos de professores oferecendo cursos para concursos (pdf + videaulas) no site.\",\"publisher\":{\"@id\":\"https:\/\/www.estrategiaconcursos.com.br\/blog\/#organization\"},\"potentialAction\":[{\"@type\":\"SearchAction\",\"target\":{\"@type\":\"EntryPoint\",\"urlTemplate\":\"https:\/\/www.estrategiaconcursos.com.br\/blog\/?s={search_term_string}\"},\"query-input\":{\"@type\":\"PropertyValueSpecification\",\"valueRequired\":true,\"valueName\":\"search_term_string\"}}],\"inLanguage\":\"pt-BR\"},{\"@type\":\"Organization\",\"@id\":\"https:\/\/www.estrategiaconcursos.com.br\/blog\/#organization\",\"name\":\"Estrat\u00e9gia Concursos\",\"url\":\"https:\/\/www.estrategiaconcursos.com.br\/blog\/\",\"logo\":{\"@type\":\"ImageObject\",\"inLanguage\":\"pt-BR\",\"@id\":\"https:\/\/www.estrategiaconcursos.com.br\/blog\/#\/schema\/logo\/image\/\",\"url\":\"https:\/\/dhg1h5j42swfq.cloudfront.net\/2025\/06\/03203428\/logo_concursos-1.jpg\",\"contentUrl\":\"https:\/\/dhg1h5j42swfq.cloudfront.net\/2025\/06\/03203428\/logo_concursos-1.jpg\",\"width\":230,\"height\":60,\"caption\":\"Estrat\u00e9gia Concursos\"},\"image\":{\"@id\":\"https:\/\/www.estrategiaconcursos.com.br\/blog\/#\/schema\/logo\/image\/\"},\"sameAs\":[\"https:\/\/x.com\/EstratConcursos\"]},{\"@type\":\"Person\",\"@id\":\"https:\/\/www.estrategiaconcursos.com.br\/blog\/#\/schema\/person\/f0c830e07cfe11c231c0ea5dbb036df5\",\"name\":\"Kassio Henrique Sobral Rocha\",\"image\":{\"@type\":\"ImageObject\",\"inLanguage\":\"pt-BR\",\"@id\":\"https:\/\/secure.gravatar.com\/avatar\/d10350cbdad043facd8ec77a377f86f9026afee3348e463b04854fd4490ce759?s=96&d=mm&r=g\",\"url\":\"https:\/\/secure.gravatar.com\/avatar\/d10350cbdad043facd8ec77a377f86f9026afee3348e463b04854fd4490ce759?s=96&d=mm&r=g\",\"contentUrl\":\"https:\/\/secure.gravatar.com\/avatar\/d10350cbdad043facd8ec77a377f86f9026afee3348e463b04854fd4490ce759?s=96&d=mm&r=g\",\"caption\":\"Kassio Henrique Sobral Rocha\"},\"url\":\"https:\/\/www.estrategiaconcursos.com.br\/blog\/author\/kassio-rochayahoo-com-br\/\"}]}<\/script>\n<!-- \/ Yoast SEO Premium plugin. -->","yoast_head_json":{"title":"Pol\u00edcia Penal DF: Resumo do Estatuto dos Servidores para a PP DF","description":"Confira neste artigo um resumo do Estatuto dos Servidores do Distrito Federal, para o concurso da\u00a0Pol\u00edcia Penal do DF\u00a0(PP DF).","robots":{"index":"index","follow":"follow","max-snippet":"max-snippet:-1","max-image-preview":"max-image-preview:large","max-video-preview":"max-video-preview:-1"},"canonical":"https:\/\/www.estrategiaconcursos.com.br\/blog\/estatuto-servidores-pp-df\/","og_locale":"pt_BR","og_type":"article","og_title":"Pol\u00edcia Penal DF: Resumo do Estatuto dos Servidores para a PP DF","og_description":"Confira neste artigo um resumo do Estatuto dos Servidores do Distrito Federal, para o concurso da\u00a0Pol\u00edcia Penal do DF\u00a0(PP DF).","og_url":"https:\/\/www.estrategiaconcursos.com.br\/blog\/estatuto-servidores-pp-df\/","og_site_name":"Estrat\u00e9gia Concursos","article_published_time":"2022-05-07T16:46:00+00:00","og_image":[{"width":768,"height":432,"url":"https:\/\/dhg1h5j42swfq.cloudfront.net\/2022\/04\/11154839\/policia_penal_df.jpg","type":"image\/jpeg"}],"author":"Kassio Henrique Sobral Rocha","twitter_card":"summary_large_image","twitter_creator":"@EstratConcursos","twitter_site":"@EstratConcursos","twitter_misc":{"Escrito por":"Kassio Henrique Sobral Rocha","Est. tempo de leitura":"11 minutos"},"schema":{"@context":"https:\/\/schema.org","@graph":[{"@type":"NewsArticle","@id":"https:\/\/www.estrategiaconcursos.com.br\/blog\/estatuto-servidores-pp-df\/#article","isPartOf":{"@id":"https:\/\/www.estrategiaconcursos.com.br\/blog\/estatuto-servidores-pp-df\/"},"author":{"name":"Kassio Henrique Sobral Rocha","@id":"https:\/\/www.estrategiaconcursos.com.br\/blog\/#\/schema\/person\/f0c830e07cfe11c231c0ea5dbb036df5"},"headline":"Pol\u00edcia Penal DF: Resumo do Estatuto dos Servidores para a PP DF","datePublished":"2022-05-07T16:46:00+00:00","mainEntityOfPage":{"@id":"https:\/\/www.estrategiaconcursos.com.br\/blog\/estatuto-servidores-pp-df\/"},"wordCount":2186,"commentCount":0,"publisher":{"@id":"https:\/\/www.estrategiaconcursos.com.br\/blog\/#organization"},"image":{"@id":"https:\/\/www.estrategiaconcursos.com.br\/blog\/estatuto-servidores-pp-df\/#primaryimage"},"thumbnailUrl":"https:\/\/dhg1h5j42swfq.cloudfront.net\/2022\/04\/11154839\/policia_penal_df.jpg","articleSection":["Concursos P\u00fablicos","Policial (Agente Penitenci\u00e1rio)"],"inLanguage":"pt-BR","potentialAction":[{"@type":"CommentAction","name":"Comment","target":["https:\/\/www.estrategiaconcursos.com.br\/blog\/estatuto-servidores-pp-df\/#respond"]}],"copyrightYear":"2022","copyrightHolder":{"@id":"https:\/\/www.estrategiaconcursos.com.br\/blog\/#organization"}},{"@type":"WebPage","@id":"https:\/\/www.estrategiaconcursos.com.br\/blog\/estatuto-servidores-pp-df\/","url":"https:\/\/www.estrategiaconcursos.com.br\/blog\/estatuto-servidores-pp-df\/","name":"Pol\u00edcia Penal DF: Resumo do Estatuto dos Servidores para a PP DF","isPartOf":{"@id":"https:\/\/www.estrategiaconcursos.com.br\/blog\/#website"},"primaryImageOfPage":{"@id":"https:\/\/www.estrategiaconcursos.com.br\/blog\/estatuto-servidores-pp-df\/#primaryimage"},"image":{"@id":"https:\/\/www.estrategiaconcursos.com.br\/blog\/estatuto-servidores-pp-df\/#primaryimage"},"thumbnailUrl":"https:\/\/dhg1h5j42swfq.cloudfront.net\/2022\/04\/11154839\/policia_penal_df.jpg","datePublished":"2022-05-07T16:46:00+00:00","description":"Confira neste artigo um resumo do Estatuto dos Servidores do Distrito Federal, para o concurso da\u00a0Pol\u00edcia Penal do DF\u00a0(PP DF).","breadcrumb":{"@id":"https:\/\/www.estrategiaconcursos.com.br\/blog\/estatuto-servidores-pp-df\/#breadcrumb"},"inLanguage":"pt-BR","potentialAction":[{"@type":"ReadAction","target":["https:\/\/www.estrategiaconcursos.com.br\/blog\/estatuto-servidores-pp-df\/"]}]},{"@type":"ImageObject","inLanguage":"pt-BR","@id":"https:\/\/www.estrategiaconcursos.com.br\/blog\/estatuto-servidores-pp-df\/#primaryimage","url":"https:\/\/dhg1h5j42swfq.cloudfront.net\/2022\/04\/11154839\/policia_penal_df.jpg","contentUrl":"https:\/\/dhg1h5j42swfq.cloudfront.net\/2022\/04\/11154839\/policia_penal_df.jpg","width":768,"height":432},{"@type":"BreadcrumbList","@id":"https:\/\/www.estrategiaconcursos.com.br\/blog\/estatuto-servidores-pp-df\/#breadcrumb","itemListElement":[{"@type":"ListItem","position":1,"name":"In\u00edcio","item":"https:\/\/www.estrategiaconcursos.com.br\/blog\/"},{"@type":"ListItem","position":2,"name":"Pol\u00edcia Penal DF: Resumo do Estatuto dos Servidores para a PP DF"}]},{"@type":"WebSite","@id":"https:\/\/www.estrategiaconcursos.com.br\/blog\/#website","url":"https:\/\/www.estrategiaconcursos.com.br\/blog\/","name":"Estrat\u00e9gia Concursos","description":"O blog da Estrat\u00e9gia Concursos traz not\u00edcias sobre concursos e artigos de professores oferecendo cursos para concursos (pdf + videaulas) no site.","publisher":{"@id":"https:\/\/www.estrategiaconcursos.com.br\/blog\/#organization"},"potentialAction":[{"@type":"SearchAction","target":{"@type":"EntryPoint","urlTemplate":"https:\/\/www.estrategiaconcursos.com.br\/blog\/?s={search_term_string}"},"query-input":{"@type":"PropertyValueSpecification","valueRequired":true,"valueName":"search_term_string"}}],"inLanguage":"pt-BR"},{"@type":"Organization","@id":"https:\/\/www.estrategiaconcursos.com.br\/blog\/#organization","name":"Estrat\u00e9gia Concursos","url":"https:\/\/www.estrategiaconcursos.com.br\/blog\/","logo":{"@type":"ImageObject","inLanguage":"pt-BR","@id":"https:\/\/www.estrategiaconcursos.com.br\/blog\/#\/schema\/logo\/image\/","url":"https:\/\/dhg1h5j42swfq.cloudfront.net\/2025\/06\/03203428\/logo_concursos-1.jpg","contentUrl":"https:\/\/dhg1h5j42swfq.cloudfront.net\/2025\/06\/03203428\/logo_concursos-1.jpg","width":230,"height":60,"caption":"Estrat\u00e9gia Concursos"},"image":{"@id":"https:\/\/www.estrategiaconcursos.com.br\/blog\/#\/schema\/logo\/image\/"},"sameAs":["https:\/\/x.com\/EstratConcursos"]},{"@type":"Person","@id":"https:\/\/www.estrategiaconcursos.com.br\/blog\/#\/schema\/person\/f0c830e07cfe11c231c0ea5dbb036df5","name":"Kassio Henrique Sobral Rocha","image":{"@type":"ImageObject","inLanguage":"pt-BR","@id":"https:\/\/secure.gravatar.com\/avatar\/d10350cbdad043facd8ec77a377f86f9026afee3348e463b04854fd4490ce759?s=96&d=mm&r=g","url":"https:\/\/secure.gravatar.com\/avatar\/d10350cbdad043facd8ec77a377f86f9026afee3348e463b04854fd4490ce759?s=96&d=mm&r=g","contentUrl":"https:\/\/secure.gravatar.com\/avatar\/d10350cbdad043facd8ec77a377f86f9026afee3348e463b04854fd4490ce759?s=96&d=mm&r=g","caption":"Kassio Henrique Sobral Rocha"},"url":"https:\/\/www.estrategiaconcursos.com.br\/blog\/author\/kassio-rochayahoo-com-br\/"}]}},"_links":{"self":[{"href":"https:\/\/www.estrategiaconcursos.com.br\/blog\/wp-json\/wp\/v2\/posts\/1012501","targetHints":{"allow":["GET"]}}],"collection":[{"href":"https:\/\/www.estrategiaconcursos.com.br\/blog\/wp-json\/wp\/v2\/posts"}],"about":[{"href":"https:\/\/www.estrategiaconcursos.com.br\/blog\/wp-json\/wp\/v2\/types\/post"}],"author":[{"embeddable":true,"href":"https:\/\/www.estrategiaconcursos.com.br\/blog\/wp-json\/wp\/v2\/users\/1976"}],"replies":[{"embeddable":true,"href":"https:\/\/www.estrategiaconcursos.com.br\/blog\/wp-json\/wp\/v2\/comments?post=1012501"}],"version-history":[{"count":21,"href":"https:\/\/www.estrategiaconcursos.com.br\/blog\/wp-json\/wp\/v2\/posts\/1012501\/revisions"}],"predecessor-version":[{"id":1017469,"href":"https:\/\/www.estrategiaconcursos.com.br\/blog\/wp-json\/wp\/v2\/posts\/1012501\/revisions\/1017469"}],"wp:featuredmedia":[{"embeddable":true,"href":"https:\/\/www.estrategiaconcursos.com.br\/blog\/wp-json\/wp\/v2\/media\/1006425"}],"wp:attachment":[{"href":"https:\/\/www.estrategiaconcursos.com.br\/blog\/wp-json\/wp\/v2\/media?parent=1012501"}],"wp:term":[{"taxonomy":"category","embeddable":true,"href":"https:\/\/www.estrategiaconcursos.com.br\/blog\/wp-json\/wp\/v2\/categories?post=1012501"},{"taxonomy":"post_tag","embeddable":true,"href":"https:\/\/www.estrategiaconcursos.com.br\/blog\/wp-json\/wp\/v2\/tags?post=1012501"},{"taxonomy":"tax_estado","embeddable":true,"href":"https:\/\/www.estrategiaconcursos.com.br\/blog\/wp-json\/wp\/v2\/tax_estado?post=1012501"}],"curies":[{"name":"wp","href":"https:\/\/api.w.org\/{rel}","templated":true}]}}