{"id":1011829,"date":"2022-05-04T08:36:00","date_gmt":"2022-05-04T11:36:00","guid":{"rendered":"https:\/\/www.estrategiaconcursos.com.br\/blog\/?p=1011829"},"modified":"2022-05-02T14:38:01","modified_gmt":"2022-05-02T17:38:01","slug":"codigo-penitenciario-pp-df","status":"publish","type":"post","link":"https:\/\/www.estrategiaconcursos.com.br\/blog\/codigo-penitenciario-pp-df\/","title":{"rendered":"Pol\u00edcia Penal DF: Introdu\u00e7\u00e3o ao C\u00f3digo Penitenci\u00e1rio para a PP DF"},"content":{"rendered":"\n<p class=\"has-medium-font-size\">Veja neste artigo uma an\u00e1lise sobre o<strong> C\u00f3digo Penitenci\u00e1rio do Distrito Federal<\/strong>, para o concurso da <strong><a href=\"https:\/\/www.estrategiaconcursos.com.br\/curso\/agepen-df-policial-penal-pacote-2022-pos-edital\/\" target=\"_blank\" rel=\"noreferrer noopener\">Pol\u00edcia Penal do DF<\/a><\/strong> <strong>(PP DF)<\/strong>.<\/p>\n\n\n\n<div class=\"wp-block-image\"><figure class=\"aligncenter size-full is-resized\"><img loading=\"lazy\" decoding=\"async\" src=\"https:\/\/dhg1h5j42swfq.cloudfront.net\/2022\/04\/11154839\/policia_penal_df.jpg\" alt=\"C\u00f3digo Penitenci\u00e1rio do DF para o concurso da PP DF\" class=\"wp-image-1006425\" width=\"613\" height=\"346\" srcset=\"https:\/\/dhg1h5j42swfq.cloudfront.net\/2022\/04\/11154839\/policia_penal_df.jpg 768w, https:\/\/dhg1h5j42swfq.cloudfront.net\/2022\/04\/11154839\/policia_penal_df-300x169.jpg 300w, https:\/\/dhg1h5j42swfq.cloudfront.net\/2022\/04\/11154839\/policia_penal_df-610x343.jpg 610w\" sizes=\"auto, (max-width: 613px) 100vw, 613px\" \/><figcaption>C\u00f3digo Penitenci\u00e1rio do DF para o concurso da PP DF<\/figcaption><\/figure><\/div>\n\n\n\n<p>Ol\u00e1, pessoal! Tudo bem?<\/p>\n\n\n\n<p>O edital do concurso da <strong><a href=\"https:\/\/www.estrategiaconcursos.com.br\/blog\/concurso-policia-penal-df\/\" target=\"_blank\" rel=\"noreferrer noopener\">Pol\u00edcia Penal do Distrito Federal<\/a><\/strong> est\u00e1 na pra\u00e7a. Est\u00e3o sendo ofertadas <strong>400 vagas imediatas<\/strong>, al\u00e9m de <strong>779 para cadastro de reserva<\/strong>, para o cargo de Policial Penal do DF, que oferece sal\u00e1rio inicial de <strong>R$ 5.445,00<\/strong>.<\/p>\n\n\n\n<p>De modo a auxili\u00e1-los na prepara\u00e7\u00e3o para a prova, iremos realizar um resumo sobre o <strong><mark style=\"background-color:rgba(0, 0, 0, 0)\" class=\"has-inline-color has-vivid-cyan-blue-color\">C\u00f3digo Penitenci\u00e1rio do Distrito Federal<\/mark><\/strong>, na Lei 5.969\/17, para o concurso da PP DF.<\/p>\n\n\n\n<p>Esse \u00e9 o nosso primeiro artigo sobre essa lei, o qual disp\u00f5e sobre os <strong>Princ\u00edpios e as Disposi\u00e7\u00f5es Gerais sobre a pessoa privada de liberdade<\/strong>.<\/p>\n\n\n\n<p>Vamos l\u00e1?<\/p>\n\n\n\n<div class=\"container\" id=\"boxes\">\n  <div class=\"row\">\n\n    <div class=\"col-sm\">\n      <div class=\"banner-policial\" id=\"box-assinatura\">\n        <h3 class=\"titulo-assinatura\">Concurso Pol\u00edcia Penal DF<\/h3>\n        <p class=\"subtitulo-assinatura\">Conhe\u00e7a os cursos<\/p>\n        <div class=\"box-botao\">\n          <a class=\"btn-assinatura\" target=\"_blank\" href=\"https:\/\/www.estrategiaconcursos.com.br\/cursosPorConcurso\/subsecretaria-do-sistema-penitenciario-do-distrito-federal-sesipe-df\/\" role=\"button\" rel=\"noopener noreferrer\">Saiba mais<\/a>\n        <\/div>\n      <\/div>\n     \n    <\/div>\n\n  <\/div>\n<\/div>\n\n\n\n<h2 class=\"wp-block-heading\" id=\"h-o-codigo-penitenciario-do-distrito-federal-par-aa-pp-df\"><mark style=\"background-color:rgba(0, 0, 0, 0)\" class=\"has-inline-color has-vivid-cyan-blue-color\">O C\u00f3digo Penitenci\u00e1rio do Distrito Federal par aa PP DF<\/mark><\/h2>\n\n\n\n<p>O <strong>C\u00f3digo Penitenci\u00e1rio do Distrito Federal <\/strong>tem por <strong><mark style=\"background-color:rgba(0, 0, 0, 0)\" class=\"has-inline-color has-vivid-cyan-blue-color\">objetivo <\/mark><\/strong>fixar os <strong>princ\u00edpios <\/strong>e as <strong>normas <\/strong>que norteiam:<\/p>\n\n\n\n<ul class=\"wp-block-list\"><li>a <strong>execu\u00e7\u00e3o <\/strong>das <strong>penas <\/strong>e das <strong>medidas de seguran\u00e7a<\/strong> que s\u00e3o <strong>cumpridas <\/strong>em:<\/li><li><strong>unidades prisionais<\/strong> ou em<\/li><li><strong>estabelecimentos <\/strong>destinados ao <strong>internamento <\/strong>de semi-imput\u00e1veis e inimput\u00e1veis por <strong>doen\u00e7a mental<\/strong>,<\/li><li>administrados pelo <strong>Distrito Federal<\/strong>,<\/li><li>bem como em <strong>regime domiciliar<\/strong>.<\/li><\/ul>\n\n\n\n<p><strong><mark style=\"background-color:rgba(0, 0, 0, 0)\" class=\"has-inline-color has-vivid-red-color\">A SABER:<\/mark><\/strong> As disposi\u00e7\u00f5es do C\u00f3digo Penitenci\u00e1rio do DF devem ser aplicadas em <strong>conformidade <\/strong>com a <strong>Lei Federal de Execu\u00e7\u00e3o Penal.<\/strong><\/p>\n\n\n\n<p>O principal <strong><mark style=\"background-color:rgba(0, 0, 0, 0)\" class=\"has-inline-color has-vivid-cyan-blue-color\">objetivo <\/mark><\/strong>da <strong>execu\u00e7\u00e3o das penas <\/strong>e das <strong>medidas de seguran\u00e7a<\/strong> \u00e9 proporcionar a harm\u00f4nica <strong>integra\u00e7\u00e3o social<\/strong> da pessoa privada de liberdade, preparando-a para conduzir a sua vida de modo socialmente respons\u00e1vel.<\/p>\n\n\n\n<p>Vale destacar ainda que a execu\u00e7\u00e3o da medida de seguran\u00e7a \u00e9 orientada para o tratamento do interno e para a sua <strong>reinser\u00e7\u00e3o <\/strong>no meio familiar e social.<\/p>\n\n\n\n<h2 class=\"wp-block-heading\" id=\"h-principios-no-codigo-penitenciario-para-a-pp-df\"><mark style=\"background-color:rgba(0, 0, 0, 0)\" class=\"has-inline-color has-vivid-cyan-blue-color\">Princ\u00edpios no C\u00f3digo Penitenci\u00e1rio para a PP DF<\/mark><\/h2>\n\n\n\n<p>A <strong>execu\u00e7\u00e3o <\/strong>das <strong>penas <\/strong>privativas de liberdade e das <strong>medidas de seguran\u00e7a<\/strong> \u00e9 orientada por alguns <strong><mark style=\"background-color:rgba(0, 0, 0, 0)\" class=\"has-inline-color has-vivid-cyan-blue-color\">princ\u00edpios<\/mark><\/strong>, al\u00e9m dos fundamentais consagrados na Constitui\u00e7\u00e3o Federal e nas leis, como:<\/p>\n\n\n\n<ul class=\"wp-block-list\"><li>o respeito \u00e0 <strong>dignidade <\/strong>da pessoa humana;<\/li><li>o respeito \u00e0 <strong>personalidade<\/strong>, aos direitos e aos interesses jur\u00eddicos da pessoa privada de liberdade <strong>n\u00e3o <\/strong>atingidos por senten\u00e7a condenat\u00f3ria transitada em julgado ou pris\u00e3o cautelar;<\/li><li>a <strong>n\u00e3o discrimina\u00e7\u00e3o<\/strong> fundada em identidade de g\u00eanero, orienta\u00e7\u00e3o sexual, condi\u00e7\u00f5es de sa\u00fade, origem \u00e9tnica, cor da pele, territ\u00f3rio de origem, estado civil, idioma, nacionalidade, religi\u00e3o, convic\u00e7\u00f5es pol\u00edticas ou ideol\u00f3gicas, idade, grau de instru\u00e7\u00e3o, situa\u00e7\u00e3o econ\u00f4mica ou condi\u00e7\u00e3o social;<\/li><li>a <strong>responsabilidade do Estado<\/strong>, da fam\u00edlia e da sociedade pela cria\u00e7\u00e3o de condi\u00e7\u00f5es favor\u00e1veis \u00e0 reinser\u00e7\u00e3o social e pela promo\u00e7\u00e3o do sentido de responsabilidade da pessoa privada de liberdade, estimulando-a a participar no planejamento e na execu\u00e7\u00e3o da pena ou da medida de seguran\u00e7a, por meio do ensino, da forma\u00e7\u00e3o profissional, da reaproxima\u00e7\u00e3o familiar e do trabalho.<\/li><\/ul>\n\n\n\n<p>Esses princ\u00edpios buscam sedimentar que mesmo as pessoas privadas de liberdade possuem todos os direitos e garantias individuais descritos na Constitui\u00e7\u00e3o Federal, nos tratados internacionais dos quais a Rep\u00fablica Federativa do Brasil seja signat\u00e1ria, nas leis e nos regulamentos, exceto aqueles atingidos por senten\u00e7a ou lei<\/p>\n\n\n\n<p><strong><mark style=\"background-color:rgba(0, 0, 0, 0)\" class=\"has-inline-color has-vivid-red-color\">FIQUE ATENTO:<\/mark><\/strong><\/p>\n\n\n\n<p>A execu\u00e7\u00e3o das penas e das medidas de seguran\u00e7a <strong>aplicadas \u00e0s pessoas<\/strong>:<\/p>\n\n\n\n<ul class=\"wp-block-list\"><li><strong><mark style=\"background-color:rgba(0, 0, 0, 0)\" class=\"has-inline-color has-vivid-cyan-blue-color\">menores de 21 anos<\/mark><\/strong>: deve favorecer especialmente a sua<strong> reinser\u00e7\u00e3o social<\/strong>, por meio do desenvolvimento de atividades e programas espec\u00edficos nas \u00e1reas de <strong>ensino<\/strong>, orienta\u00e7\u00e3o e forma\u00e7\u00e3o profissional e aquisi\u00e7\u00e3o de <strong>compet\u00eancias <\/strong>pessoais e sociais.<\/li><li><strong><mark style=\"background-color:rgba(0, 0, 0, 0)\" class=\"has-inline-color has-vivid-cyan-blue-color\">maiores de 60 anos<\/mark><\/strong>: deve respeitar as suas <strong>necessidades espec\u00edficas<\/strong> e o seu <strong>estado de sa\u00fade<\/strong>, especialmente para garantir-lhes o aux\u00edlio necess\u00e1rio nas atividades da <strong>vida di\u00e1ria<\/strong> e condi\u00e7\u00f5es de <strong>alojamento <\/strong>adequadas.<\/li><\/ul>\n\n\n\n<p>Para finalizar este t\u00f3pico, caso a pessoa privada de liberdade seja de <strong>origem estrangeira <\/strong>ou pertencente a <strong>minorias <\/strong>\u00e9tnicas ou lingu\u00edsticas, ela deve, na medida do poss\u00edvel, ter <strong>atenuadas <\/strong>as <strong>dificuldades <\/strong>de <strong>integra\u00e7\u00e3o social<\/strong> ou de dom\u00ednio da <strong>l\u00edngua <\/strong>oficial, mediante contato com entidades consulares ou diplom\u00e1ticas, organiza\u00e7\u00f5es da comunidade ou interven\u00e7\u00e3o de int\u00e9rpretes.<\/p>\n\n\n\n<p><strong><mark style=\"background-color:rgba(0, 0, 0, 0)\" class=\"has-inline-color has-vivid-red-color\">VAI CAIR:<\/mark><\/strong><\/p>\n\n\n\n<p>Tenha em mente os seguintes <strong>conceitos<\/strong>, pois h\u00e1 uma boa chance de eles serem cobrados em quest\u00f5es:<\/p>\n\n\n\n<p><strong><mark style=\"background-color:rgba(0, 0, 0, 0)\" class=\"has-inline-color has-vivid-cyan-blue-color\">Pessoa privada de liberdade<\/mark><\/strong>: o preso <strong>provis\u00f3rio<\/strong>, o <strong>sentenciado <\/strong>e o <strong>segurado <\/strong>que cumpre medida de seguran\u00e7a;<\/p>\n\n\n\n<p><strong><mark style=\"background-color:rgba(0, 0, 0, 0)\" class=\"has-inline-color has-vivid-cyan-blue-color\">Egresso<\/mark><\/strong>: o <strong>liberado definitivo<\/strong>, pelo prazo de<strong> 1 ano <\/strong>a contar da sa\u00edda da unidade, e o apenado em regime de <strong>livramento condicional,<\/strong> durante o <strong>per\u00edodo de prova<\/strong>.<\/p>\n\n\n\n<h2 class=\"wp-block-heading\" id=\"h-pessoa-privada-de-liberdade-e-do-preso-provisorio\"><mark style=\"background-color:rgba(0, 0, 0, 0)\" class=\"has-inline-color has-vivid-cyan-blue-color\">Pessoa privada de liberdade e do preso provis\u00f3rio<\/mark><\/h2>\n\n\n\n<p>Vamos analisar agora neste t\u00f3pico as principais disposi\u00e7\u00f5es sobre a <strong>pessoa privada de liberdade<\/strong>, bem como sobre o <strong>preso provis\u00f3rio<\/strong>,<\/p>\n\n\n\n<h3 class=\"wp-block-heading\" id=\"h-classificacao\"><mark style=\"background-color:rgba(0, 0, 0, 0)\" class=\"has-inline-color has-vivid-cyan-blue-color\">Classifica\u00e7\u00e3o<\/mark><\/h3>\n\n\n\n<p>A pessoa privada de liberdade \u00e9 <strong>classificada <\/strong>e <strong>recolhida<\/strong>, nas <strong>unidades prisionais<\/strong>, em conformidade com:<\/p>\n\n\n\n<ul class=\"wp-block-list\"><li>a sua <strong>situa\u00e7\u00e3o processual <\/strong>ou outro crit\u00e9rio espec\u00edfico contido na decis\u00e3o judicial;<\/li><li>os seus <strong>antecedentes<\/strong>; e<\/li><li>o <strong>tipo de crime<\/strong>.<\/li><\/ul>\n\n\n\n<p>Al\u00e9m disso, h\u00e1 situa\u00e7\u00f5es em que os presos <strong>n\u00e3o s\u00e3o recolhidos<\/strong> nas <strong>unidades prisionais comuns.<\/strong><\/p>\n\n\n\n<p>Isto acontecer\u00e1 no caso dos<strong><mark style=\"background-color:rgba(0, 0, 0, 0)\" class=\"has-inline-color has-vivid-cyan-blue-color\"> presos provis\u00f3rios<\/mark><\/strong>, os quais devem ser recolhidos em <strong>unidades prisionais espec\u00edficas<\/strong>; bem como no caso dos <strong>internos <\/strong>em fase de incidente de <strong><mark style=\"background-color:rgba(0, 0, 0, 0)\" class=\"has-inline-color has-vivid-cyan-blue-color\">insanidade mental<\/mark><\/strong>, os quais devem ser recolhidos em locais de <strong>tratamento psiqui\u00e1trico<\/strong>, quando houver <strong>pris\u00e3o cautelar decretada<\/strong> ou medida de seguran\u00e7a de <strong>internamento <\/strong>aplicada.<\/p>\n\n\n\n<p>Contudo, os internos em fase de incidente de insanidade mental <strong>sem pris\u00e3o cautelar decretada<\/strong> tamb\u00e9m podem ingressar nos estabelecimentos de tratamento psiqui\u00e1trico, desde que <strong>acompanhados <\/strong>do <strong>incidente <\/strong>instaurado pela autoridade judici\u00e1ria competente.<\/p>\n\n\n\n<h3 class=\"wp-block-heading\" id=\"h-direitos-no-codigo-penitenciario-para-a-pp-df\"><mark style=\"background-color:rgba(0, 0, 0, 0)\" class=\"has-inline-color has-vivid-cyan-blue-color\">Direitos<\/mark> <mark style=\"background-color:rgba(0, 0, 0, 0)\" class=\"has-inline-color has-vivid-cyan-blue-color\">no C\u00f3digo Penitenci\u00e1rio para a PP DF<\/mark><\/h3>\n\n\n\n<p>As pessoas <strong>privadas de liberdade <\/strong>ou em cumprimento de <strong>medida de seguran\u00e7a<\/strong> tamb\u00e9m <strong>possuem direitos<\/strong>, como bem disp\u00f5e o C\u00f3digo Penitenci\u00e1rio do DF.<\/p>\n\n\n\n<p>Como s\u00e3o muitos direitos, procuramos trazer apenas aqueles <strong><mark style=\"background-color:rgba(0, 0, 0, 0)\" class=\"has-inline-color has-vivid-cyan-blue-color\">mais relevantes<\/mark><\/strong>. Desse modo, \u00e9 imprescind\u00edvel a leitura integral do <strong>artigo 29<\/strong>\u00ba deste c\u00f3digo.<\/p>\n\n\n\n<p>Assim, constituem <strong>direitos <\/strong>da pessoa privada de liberdade ou em cumprimento de medida de seguran\u00e7a:<\/p>\n\n\n\n<ul class=\"wp-block-list\"><li>os <strong>civis<\/strong>, <strong>sociais<\/strong>, <strong>econ\u00f4micos <\/strong>e <strong>culturais<\/strong>, incluindo os direitos <strong>pol\u00edticos <\/strong>do preso provis\u00f3rio, desde que <strong>n\u00e3o afetados<\/strong> por decis\u00e3o judicial;<\/li><li>prote\u00e7\u00e3o da sua <strong>vida<\/strong>, <strong>sa\u00fade<\/strong>, <strong>integridade pessoal <\/strong>e <strong>liberdade de consci\u00eancia<\/strong>, n\u00e3o podendo ser submetido a tortura, maus tratos ou condutas cru\u00e9is, degradantes ou desumanas;<\/li><li>tratamento pelo seu <strong>nome<\/strong>;<\/li><li>manuten\u00e7\u00e3o do <strong>contato com o mundo exterior<\/strong>, podendo receber visitas sociais e \u00edntimas, correspond\u00eancia escrita, leitura e acesso a outros meios de informa\u00e7\u00e3o, facultada a entrega e o recebimento de cartas e documentos por ocasi\u00e3o das visitas;<\/li><li>participa\u00e7\u00e3o em <strong>atividades laborais<\/strong>, de educa\u00e7\u00e3o, de ensino, de forma\u00e7\u00e3o profissionalizante, religiosas, socioculturais, c\u00edvicas, desportivas; bem como de trabalhar e dos benef\u00edcios da Previd\u00eancia Social;<\/li><li><strong>audi\u00eancia especial<\/strong> com o <strong>diretor <\/strong>da unidade prisional ou \u00f3rg\u00e3o da execu\u00e7\u00e3o a que esteja vinculado;<\/li><li>recebimento de, no m\u00ednimo, <strong>4 refei\u00e7\u00f5es di\u00e1rias<\/strong>, de boa qualidade;<\/li><li>recebimento de <strong>vestu\u00e1rio pr\u00f3prio<\/strong>, em quantidade suficiente e atendendo ao clima ambiental;<\/li><li><strong>prote\u00e7\u00e3o contra<\/strong> qualquer forma de <strong>sensacionalismo<\/strong>;<\/li><li>usufruto de <strong>banho de sol<\/strong>, a c\u00e9u aberto, por per\u00edodo <strong>n\u00e3o inferior a 3 horas di\u00e1rias<\/strong>;<\/li><li><strong>remi\u00e7\u00e3o<\/strong> da <strong>pena <\/strong>em regime fechado ou semiaberto, por <strong>trabalho<\/strong>, <strong>estudo <\/strong>ou <strong>leitura<\/strong>.<\/li><\/ul>\n\n\n\n<p>O C\u00f3digo Penitenci\u00e1rio, dentro do t\u00f3pico sobre os direitos dos privados de liberdade, disp\u00f5e, especificamente, em alguns subt\u00f3picos, detalhes sobre os diversos direitos expostos.<\/p>\n\n\n\n<p>Trouxemos abaixo os principais pontos sobre cada um deles. Vamos l\u00e1?<\/p>\n\n\n\n<p><strong><mark style=\"background-color:rgba(0, 0, 0, 0)\" class=\"has-inline-color has-vivid-purple-color\">Liberdade<\/mark><\/strong><\/p>\n\n\n\n<p>Quando for concedida <strong>alvar\u00e1 de soltura<\/strong> \u00e0 pessoa privada de liberdade, o diretor da unidade prisional, assim que receba a comunica\u00e7\u00e3o ou o alvar\u00e1 de soltura, deve providenciar a <strong>separa\u00e7\u00e3o do liberado<\/strong> em local seguro, at\u00e9 o momento do cumprimento da ordem judicial, <strong>soltando-o imediatamente<\/strong>, caso n\u00e3o haja qualquer impedimento legal.<\/p>\n\n\n\n<p><strong><mark style=\"background-color:rgba(0, 0, 0, 0)\" class=\"has-inline-color has-vivid-red-color\">A SABER: <\/mark><\/strong>Caso a pessoa privada de liberdade <strong>n\u00e3o possua recursos financeiros<\/strong> para o seu <strong>transporte<\/strong>, o <strong>Estado <\/strong>deve proporcionar <strong>meios <\/strong>adequados para que ela chegue \u00e0 sua <strong>resid\u00eancia<\/strong>.<\/p>\n\n\n\n<p><strong><mark style=\"background-color:rgba(0, 0, 0, 0)\" class=\"has-inline-color has-vivid-purple-color\">Recrea\u00e7\u00e3o<\/mark><\/strong><\/p>\n\n\n\n<p>\u00c0 pessoa privada de liberdade deve ser garantido<strong> tempo livre <\/strong>para o <strong>lazer<\/strong>, por meio de atividades na unidade prisional.<\/p>\n\n\n\n<p>Contudo, s\u00e3o <strong>proibidos<\/strong>, dentro do ambiente prisional, o fomento e a pr\u00e1tica de<strong> jogos de azar<\/strong>.<\/p>\n\n\n\n<p><strong><mark style=\"background-color:rgba(0, 0, 0, 0)\" class=\"has-inline-color has-vivid-purple-color\">Vestu\u00e1rio e das Roupas de Cama<\/mark><\/strong><\/p>\n\n\n\n<p>A pessoa privada de liberdade deve usar o <strong>uniforme <\/strong>fornecido pela Administra\u00e7\u00e3o Penitenci\u00e1ria, o qual deve ser <strong>apropriado<\/strong> \u00e0s <strong>esta\u00e7\u00f5es do ano<\/strong> e \u00e0 <strong>atividade <\/strong>exercida pela pessoa privada de liberdade, <strong>vedadas <\/strong>caracter\u00edsticas <strong>degradantes <\/strong>ou <strong>humilhantes<\/strong>.<\/p>\n\n\n\n<p>Al\u00e9m disso, durante as <strong>sa\u00eddas autorizadas<\/strong>, a pessoa privada de liberdade pode usar o seu <strong>vestu\u00e1rio<\/strong> <strong>pr\u00f3prio<\/strong>.<\/p>\n\n\n\n<p>Ademais, deve ser fornecido <strong>colch\u00e3o e roupa de cama<\/strong> adequados, al\u00e9m de serem mantidos em bom estado de conserva\u00e7\u00e3o e limpeza.<\/p>\n\n\n\n<p><strong><mark style=\"background-color:rgba(0, 0, 0, 0)\" class=\"has-inline-color has-vivid-purple-color\">Trabalho e Forma\u00e7\u00e3o Profissional<\/mark><\/strong><\/p>\n\n\n\n<p>O trabalho e a forma\u00e7\u00e3o profissional da pessoa privada de liberdade visam criar, manter e desenvolver a sua capacidade para exercer uma atividade com que possa auferir <strong>renda<\/strong>, inserir-se no<strong> mercado de trabalho<\/strong> e satisfazer as suas <strong>necessidades b\u00e1sicas<\/strong>, facilitando a sua reinser\u00e7\u00e3o social.<\/p>\n\n\n\n<p>O trabalho da <strong>pessoa privada de liberdade<\/strong>, sempre que poss\u00edvel, \u00e9 <strong>remunerado<\/strong> em valor <strong>n\u00e3o inferior<\/strong> a <strong>3\/4 do sal\u00e1rio m\u00ednimo<\/strong> e a jornada de trabalho n\u00e3o \u00e9 inferior a <strong>6 horas<\/strong> e nem superior a <strong>8 horas<\/strong>, com 1 descanso semanal.<\/p>\n\n\n\n<p>Uma pol\u00edtica p\u00fablica relacionada a esse t\u00f3pico \u00e9 a previs\u00e3o de contrata\u00e7\u00e3o de presta\u00e7\u00e3o de servi\u00e7o que preveja o fornecimento de m\u00e3o de obra, nas <strong>licita\u00e7\u00f5es <\/strong>promovidas por \u00f3rg\u00e3os e entidades da Administra\u00e7\u00e3o P\u00fablica do Distrito Federal.<\/p>\n\n\n\n<p><strong><mark style=\"background-color:rgba(0, 0, 0, 0)\" class=\"has-inline-color has-vivid-purple-color\">Ensino<\/mark><\/strong><\/p>\n\n\n\n<p>\u00c0 pessoa privada de liberdade \u00e9 <strong>obrigat\u00f3ria <\/strong>a <strong>oferta<\/strong> do <strong>ensino<\/strong> <strong>fundamental <\/strong>e <strong>m\u00e9dio<\/strong>. Al\u00e9m disso, o ensino profissionalizante pode ser ministrado em n\u00edvel de inicia\u00e7\u00e3o ou de aperfei\u00e7oamento t\u00e9cnico, segundo as aptid\u00f5es individuais e a demanda do mercado.<\/p>\n\n\n\n<p>O <strong>ensino <\/strong>deve levar em considera\u00e7\u00e3o a <strong>forma\u00e7\u00e3o profissional <\/strong>e o <strong>trabalho <\/strong>da pessoa privada de liberdade, de modo a promover condi\u00e7\u00f5es de empregabilidade e de reinser\u00e7\u00e3o profissional.<\/p>\n\n\n\n<p>Al\u00e9m disso, de modo a facilitar a aquisi\u00e7\u00e3o de trabalho, nos <strong>certificados <\/strong>de habilita\u00e7\u00e3o ou <strong>diplomas <\/strong>atribu\u00eddos em virtude da frequ\u00eancia ou participa\u00e7\u00e3o da pessoa privada de liberdade em cursos escolares, <strong>n\u00e3o pode<\/strong> constar a <strong>condi\u00e7\u00e3o <\/strong>de <strong>pessoa privada de liberdade<\/strong> ou haver <strong>men\u00e7\u00e3o <\/strong>a qualquer \u00f3rg\u00e3o da Administra\u00e7\u00e3o Penitenci\u00e1ria.<\/p>\n\n\n\n<p><strong><mark style=\"background-color:rgba(0, 0, 0, 0)\" class=\"has-inline-color has-vivid-purple-color\">Sa\u00fade<\/mark><\/strong><\/p>\n\n\n\n<p>\u00c9 assegurado \u00e0 pessoa privada de liberdade o acesso a <strong>cuidados de sa\u00fade <\/strong>e o direito \u00e0 realiza\u00e7\u00e3o dos <strong>tratamentos <\/strong>prescritos pelos profissionais de sa\u00fade.<\/p>\n\n\n\n<p>Contudo, \u00e9 importante salientar que a pessoa privada de liberdade <strong>n\u00e3o pode<\/strong> ter \u00e0 sua <strong>disposi\u00e7\u00e3o <\/strong>medicamentos ou subst\u00e2ncias <strong>curativas<\/strong>, sen\u00e3o por estrita <strong>recomenda\u00e7\u00e3o <\/strong>m\u00e9dica.<\/p>\n\n\n\n<p><a><\/a><a><\/a>O poder p\u00fablico deve garantir \u00e0 pessoa privada de liberdade medidas de prote\u00e7\u00e3o espec\u00edficas, tais como<a><\/a> vacina\u00e7\u00e3o, <a><\/a>acompanhamento e tratamento de doen\u00e7as cr\u00f4nicas e infectocontagiosas<a><\/a>, assist\u00eancia \u00e0 sa\u00fade mental, entre outros.<\/p>\n\n\n\n<p>Al\u00e9m disso, quando <strong>n\u00e3o <\/strong>haja possibilidade de atendimento no interior da unidade prisional, o diretor deve providenciar o <strong>encaminhamento <\/strong>da pessoa privada de liberdade \u00e0 <strong>rede p\u00fablica de sa\u00fade<\/strong>.<\/p>\n\n\n\n<p><strong><mark style=\"background-color:rgba(0, 0, 0, 0)\" class=\"has-inline-color has-vivid-purple-color\">Visitas<\/mark><\/strong><\/p>\n\n\n\n<p>Devem ser<strong> autorizadas as visitas<\/strong> que favore\u00e7am a <strong>reinser\u00e7\u00e3o social<\/strong> da pessoa privada de liberdade e aquelas que promovam a <strong>manuten\u00e7\u00e3o <\/strong>dos seus <strong>la\u00e7os familiares<\/strong> e <strong>afetivos<\/strong>.<\/p>\n\n\n\n<p>Dessa maneira, a pessoa privada de liberdade tem direito a receber visitas regulares do <strong>c\u00f4njuge <\/strong>ou de pessoa que com ela viva em situa\u00e7\u00e3o an\u00e1loga, sendo <strong>dispensada <\/strong>a <strong>comprova\u00e7\u00e3o <\/strong>formal da <strong>uni\u00e3o est\u00e1vel <\/strong>e permitido o <strong>cadastramento<\/strong> de s\u00f3 <strong>1 pessoa a cada 12 meses<\/strong> para fins de visita.<\/p>\n\n\n\n<p>Al\u00e9m disso, outros <strong>familiares <\/strong>e <strong>amigos<\/strong>, salvo os que estejam expressamente proibidos por decis\u00e3o judicial, cadastrados at\u00e9 o <strong>limite de 10<\/strong>, tamb\u00e9m est\u00e3o autorizados a visitar a pessoa privada de liberdade.<\/p>\n\n\n\n<p><strong><mark style=\"background-color:rgba(0, 0, 0, 0)\" class=\"has-inline-color has-vivid-purple-color\">Entrevista com o Defensor<\/mark><\/strong><\/p>\n\n\n\n<p>A pessoa privada de liberdade tem direito a receber seu <strong>defensor <\/strong>e com ele conferenciar, reservadamente, <strong>independentemente <\/strong>de <strong>dia <\/strong>e <strong>hor\u00e1rio <\/strong>preestabelecido.<\/p>\n\n\n\n<p>Tais entrevistas s\u00e3o realizadas em<strong> local adequado <\/strong>e que permita o exerc\u00edcio das prerrogativas profissionais, sendo assegurada a <strong>confidencialidade <\/strong>das <strong>conversas<\/strong>.<\/p>\n\n\n\n<p><strong><mark style=\"background-color:rgba(0, 0, 0, 0)\" class=\"has-inline-color has-vivid-purple-color\">Assist\u00eancia Religiosa<\/mark><\/strong><\/p>\n\n\n\n<p>A assist\u00eancia religiosa, com<strong> liberdade de culto<\/strong>, \u00e9 prestada aos presos e aos internados, permitida a participa\u00e7\u00e3o nos servi\u00e7os organizados no estabelecimento penal, bem como a <strong>posse<\/strong> de <strong>livros <\/strong>de instru\u00e7\u00e3o religiosa.<\/p>\n\n\n\n<p><a><\/a>Para que esse direito seja garantido, deve haver, no estabelecimento prisional, local apropriado para os cultos religiosos.<\/p>\n\n\n\n<p>Contudo, <strong>nenhum <\/strong>preso ou internado pode ser <strong>obrigado <\/strong>a participar de atividade religiosa.<\/p>\n\n\n\n<h3 class=\"wp-block-heading\" id=\"h-recompensas-no-codigo-penitenciario-para-a-pp-df\"><mark style=\"background-color:rgba(0, 0, 0, 0)\" class=\"has-inline-color has-vivid-cyan-blue-color\">Recompensas<\/mark> <mark style=\"background-color:rgba(0, 0, 0, 0)\" class=\"has-inline-color has-vivid-cyan-blue-color\">no C\u00f3digo Penitenci\u00e1rio para a PP DF<\/mark><\/h3>\n\n\n\n<p>Finalizando a nossa primeira an\u00e1lise do C\u00f3digo Penitenci\u00e1rio do DF para o concurso da PP DF, vamos falar sobre as recompensas.<\/p>\n\n\n\n<p>As concess\u00f5es de <strong>recompensas <\/strong>t\u00eam como pressuposto o <strong>bom comportamento<\/strong> reconhecido em favor da pessoa privada de liberdade, a sua colabora\u00e7\u00e3o com a <strong>disciplina <\/strong>e a sua <strong>dedica\u00e7\u00e3o ao trabalho<\/strong>.<\/p>\n\n\n\n<p>Tais <strong><mark style=\"background-color:rgba(0, 0, 0, 0)\" class=\"has-inline-color has-vivid-cyan-blue-color\">recompensas <\/mark><\/strong>podem ser:<\/p>\n\n\n\n<ul class=\"wp-block-list\"><li><strong>elogio<\/strong>;<\/li><li><strong>concess\u00e3o de regalias<\/strong>.<\/li><\/ul>\n\n\n\n<p>Algumas das poss\u00edveis <strong><mark style=\"background-color:rgba(0, 0, 0, 0)\" class=\"has-inline-color has-vivid-cyan-blue-color\">regalias <\/mark><\/strong>concedidas aos presos s\u00e3o:<\/p>\n\n\n\n<ul class=\"wp-block-list\"><li>assistir a sess\u00f5es de <strong>cinema<\/strong>, <strong>teatro<\/strong>, <strong>shows<\/strong>, <strong>jogos <\/strong>esportivos, e outras atividades, em \u00e9pocas especiais, <strong>fora do hor\u00e1rio normal<\/strong>;<\/li><li>praticar <strong>esportes <\/strong>em \u00e1reas espec\u00edficas;<\/li><li>receber <strong>visitas extraordin\u00e1rias,<\/strong> devidamente autorizadas.<\/li><\/ul>\n\n\n\n<p><strong><mark style=\"background-color:rgba(0, 0, 0, 0)\" class=\"has-inline-color has-vivid-red-color\">FIQUE ATENTO<\/mark><\/strong>: Esse per\u00edodo de <strong>sa\u00edda <\/strong>para usufruir das regalias \u00e9 considerado<strong> tempo de execu\u00e7\u00e3o da pena<\/strong> ou da medida privativa da liberdade.<\/p>\n\n\n\n<h2 class=\"wp-block-heading\" id=\"h-finalizando\"><mark style=\"background-color:rgba(0, 0, 0, 0)\" class=\"has-inline-color has-vivid-cyan-blue-color\">Finalizando<\/mark><\/h2>\n\n\n\n<p>Bom, Pessoal! Chegamos ao final do nosso primeiro artigo sobre o C\u00f3digo Penitenci\u00e1rio do Distrito Federal, para o concurso da PP DF.<\/p>\n\n\n\n<p>Contudo, ressaltamos a import\u00e2ncia da<strong>&nbsp;leitura da lei&nbsp;<\/strong>citada aqui, para a sua aprova\u00e7\u00e3o. Esse artigo \u00e9 apenas uma an\u00e1lise mais simplificada dessa norma.<\/p>\n\n\n\n<p>Caso queira se preparar para chegar&nbsp;<strong>competitivo&nbsp;<\/strong>nesta prova, invista nos&nbsp;<a href=\"https:\/\/www.estrategiaconcursos.com.br\/cursosPorConcurso\/policia-civil-de-minas-gerais-pc-mg\/\" target=\"_blank\" rel=\"noreferrer noopener\"><strong>cursos para a Pol\u00edcia Penal DF<\/strong><\/a>&nbsp;do&nbsp;<strong>Estrat\u00e9gia Concursos<\/strong>.&nbsp;L\u00e1 voc\u00ea encontrar\u00e1&nbsp;<strong>aulas completas e detalhadas, com os melhores professores do mercado<\/strong>,&nbsp;de todos os t\u00f3picos exigidos no edital deste concurso.<\/p>\n\n\n\n<p>Conhe\u00e7a tamb\u00e9m o <a href=\"https:\/\/questoes.estrategiaconcursos.com.br\/\" target=\"_blank\" rel=\"noreferrer noopener\"><strong>Sistema de Quest\u00f5es do Estrat\u00e9gia<\/strong><\/a>. Afinal, a \u00fanica maneira de&nbsp;<strong>consolidar o conte\u00fado&nbsp;<\/strong>de maneira satisfat\u00f3ria \u00e9 atrav\u00e9s da&nbsp;<strong>resolu\u00e7\u00e3o de quest\u00f5es.<\/strong><\/p>\n\n\n\n<p>Bons estudos a todos e at\u00e9 a pr\u00f3xima!<\/p>\n\n\n\n<h2 class=\"has-text-align-center wp-block-heading\" id=\"h-cursos-e-assinaturas\">Cursos e Assinaturas <\/h2>\n\n\n\n<p>Prepare-se com o melhor material e com quem mais aprova em Concursos P\u00fablicos em todo o pa\u00eds!<\/p>\n\n\n\n<p class=\"has-text-align-center has-vivid-cyan-blue-color has-text-color has-background\" style=\"background-color:#0078bd\"><a href=\"https:\/\/www.estrategiaconcursos.com.br\/blog\/concursos-abertos\/\" target=\"_blank\" rel=\"noreferrer noopener\"><strong><span class=\"has-inline-color has-white-color\">Concursos abertos<\/span><\/strong><\/a><\/p>\n\n\n\n<p class=\"has-text-align-center has-vivid-cyan-blue-color has-text-color has-background\" style=\"background-color:#0072b4\"><strong><a href=\"https:\/\/www.estrategiaconcursos.com.br\/blog\/concursos-2022\/\" target=\"_blank\" rel=\"noreferrer noopener\"><span class=\"has-inline-color has-white-color\">Concursos 2022<\/span><\/a><\/strong><\/p>\n\n\n\n<div class=\"container\" id=\"boxes\">\n  <div class=\"row\">\n    <div class=\"col-sm\">\n      <div class=\"estrategia\" id=\"box-assinatura\">\n        <h3 class=\"titulo-assinatura\">Assinatura de Concursos<\/h3>\n        <p class=\"subtitulo-assinatura\">Assinatura de 1 ano ou 2 anos<\/p>\n        <div class=\"box-botao\">\n          <a class=\"btn-assinatura\" target=\"_blank\" href=\"https:\/\/www.estrategiaconcursos.com.br\/assinaturas\/\" role=\"button\" rel=\"noopener noreferrer\">ASSINE AGORA<\/a>\n        <\/div>\n      <\/div>\n      \n    <\/div><\/div><\/div>\n","protected":false},"excerpt":{"rendered":"<p>Veja neste artigo uma an\u00e1lise sobre o C\u00f3digo Penitenci\u00e1rio do Distrito Federal, para o concurso da Pol\u00edcia Penal do DF (PP DF). Ol\u00e1, pessoal! Tudo bem? O edital do concurso da Pol\u00edcia Penal do Distrito Federal est\u00e1 na pra\u00e7a. Est\u00e3o sendo ofertadas 400 vagas imediatas, al\u00e9m de 779 para cadastro de reserva, para o cargo [&hellip;]<\/p>\n","protected":false},"author":1976,"featured_media":1006425,"comment_status":"open","ping_status":"closed","sticky":false,"template":"","format":"standard","meta":{"post_tipo":"article","footnotes":""},"categories":[1,220188],"tags":[],"tax_estado":[219970],"class_list":["post-1011829","post","type-post","status-publish","format-standard","has-post-thumbnail","hentry","category-cursos-e-concursos","category-policial-agente-penitenciario","tax_estado-df"],"acf":[],"yoast_head":"<!-- This site is optimized with the Yoast SEO Premium plugin v27.2 (Yoast SEO v27.2) - https:\/\/yoast.com\/product\/yoast-seo-premium-wordpress\/ -->\n<title>Pol\u00edcia Penal DF: Introdu\u00e7\u00e3o ao C\u00f3digo Penitenci\u00e1rio para a PP DF<\/title>\n<meta name=\"description\" content=\"Veja neste artigo uma an\u00e1lise sobre o C\u00f3digo Penitenci\u00e1rio do Distrito Federal, para o concurso da Pol\u00edcia Penal do DF (PP DF).\" \/>\n<meta name=\"robots\" content=\"index, follow, max-snippet:-1, max-image-preview:large, max-video-preview:-1\" \/>\n<link rel=\"canonical\" href=\"https:\/\/www.estrategiaconcursos.com.br\/blog\/codigo-penitenciario-pp-df\/\" \/>\n<meta property=\"og:locale\" content=\"pt_BR\" \/>\n<meta property=\"og:type\" content=\"article\" \/>\n<meta property=\"og:title\" content=\"Pol\u00edcia Penal DF: Introdu\u00e7\u00e3o ao C\u00f3digo Penitenci\u00e1rio para a PP DF\" \/>\n<meta property=\"og:description\" content=\"Veja neste artigo uma an\u00e1lise sobre o C\u00f3digo Penitenci\u00e1rio do Distrito Federal, para o concurso da Pol\u00edcia Penal do DF (PP DF).\" \/>\n<meta property=\"og:url\" content=\"https:\/\/www.estrategiaconcursos.com.br\/blog\/codigo-penitenciario-pp-df\/\" \/>\n<meta property=\"og:site_name\" content=\"Estrat\u00e9gia Concursos\" \/>\n<meta property=\"article:published_time\" content=\"2022-05-04T11:36:00+00:00\" \/>\n<meta property=\"og:image\" content=\"https:\/\/dhg1h5j42swfq.cloudfront.net\/2022\/04\/11154839\/policia_penal_df.jpg\" \/>\n\t<meta property=\"og:image:width\" content=\"768\" \/>\n\t<meta property=\"og:image:height\" content=\"432\" \/>\n\t<meta property=\"og:image:type\" content=\"image\/jpeg\" \/>\n<meta name=\"author\" content=\"Kassio Henrique Sobral Rocha\" \/>\n<meta name=\"twitter:card\" content=\"summary_large_image\" \/>\n<meta name=\"twitter:creator\" content=\"@EstratConcursos\" \/>\n<meta name=\"twitter:site\" content=\"@EstratConcursos\" \/>\n<meta name=\"twitter:label1\" content=\"Escrito por\" \/>\n\t<meta name=\"twitter:data1\" content=\"Kassio Henrique Sobral Rocha\" \/>\n\t<meta name=\"twitter:label2\" content=\"Est. tempo de leitura\" \/>\n\t<meta name=\"twitter:data2\" content=\"13 minutos\" \/>\n<script type=\"application\/ld+json\" class=\"yoast-schema-graph\">{\"@context\":\"https:\/\/schema.org\",\"@graph\":[{\"@type\":\"NewsArticle\",\"@id\":\"https:\/\/www.estrategiaconcursos.com.br\/blog\/codigo-penitenciario-pp-df\/#article\",\"isPartOf\":{\"@id\":\"https:\/\/www.estrategiaconcursos.com.br\/blog\/codigo-penitenciario-pp-df\/\"},\"author\":{\"name\":\"Kassio Henrique Sobral Rocha\",\"@id\":\"https:\/\/www.estrategiaconcursos.com.br\/blog\/#\/schema\/person\/f0c830e07cfe11c231c0ea5dbb036df5\"},\"headline\":\"Pol\u00edcia Penal DF: Introdu\u00e7\u00e3o ao C\u00f3digo Penitenci\u00e1rio para a PP DF\",\"datePublished\":\"2022-05-04T11:36:00+00:00\",\"mainEntityOfPage\":{\"@id\":\"https:\/\/www.estrategiaconcursos.com.br\/blog\/codigo-penitenciario-pp-df\/\"},\"wordCount\":2517,\"commentCount\":0,\"publisher\":{\"@id\":\"https:\/\/www.estrategiaconcursos.com.br\/blog\/#organization\"},\"image\":{\"@id\":\"https:\/\/www.estrategiaconcursos.com.br\/blog\/codigo-penitenciario-pp-df\/#primaryimage\"},\"thumbnailUrl\":\"https:\/\/dhg1h5j42swfq.cloudfront.net\/2022\/04\/11154839\/policia_penal_df.jpg\",\"articleSection\":[\"Concursos P\u00fablicos\",\"Policial (Agente Penitenci\u00e1rio)\"],\"inLanguage\":\"pt-BR\",\"potentialAction\":[{\"@type\":\"CommentAction\",\"name\":\"Comment\",\"target\":[\"https:\/\/www.estrategiaconcursos.com.br\/blog\/codigo-penitenciario-pp-df\/#respond\"]}],\"copyrightYear\":\"2022\",\"copyrightHolder\":{\"@id\":\"https:\/\/www.estrategiaconcursos.com.br\/blog\/#organization\"}},{\"@type\":\"WebPage\",\"@id\":\"https:\/\/www.estrategiaconcursos.com.br\/blog\/codigo-penitenciario-pp-df\/\",\"url\":\"https:\/\/www.estrategiaconcursos.com.br\/blog\/codigo-penitenciario-pp-df\/\",\"name\":\"Pol\u00edcia Penal DF: Introdu\u00e7\u00e3o ao C\u00f3digo Penitenci\u00e1rio para a PP DF\",\"isPartOf\":{\"@id\":\"https:\/\/www.estrategiaconcursos.com.br\/blog\/#website\"},\"primaryImageOfPage\":{\"@id\":\"https:\/\/www.estrategiaconcursos.com.br\/blog\/codigo-penitenciario-pp-df\/#primaryimage\"},\"image\":{\"@id\":\"https:\/\/www.estrategiaconcursos.com.br\/blog\/codigo-penitenciario-pp-df\/#primaryimage\"},\"thumbnailUrl\":\"https:\/\/dhg1h5j42swfq.cloudfront.net\/2022\/04\/11154839\/policia_penal_df.jpg\",\"datePublished\":\"2022-05-04T11:36:00+00:00\",\"description\":\"Veja neste artigo uma an\u00e1lise sobre o C\u00f3digo Penitenci\u00e1rio do Distrito Federal, para o concurso da Pol\u00edcia Penal do DF (PP DF).\",\"breadcrumb\":{\"@id\":\"https:\/\/www.estrategiaconcursos.com.br\/blog\/codigo-penitenciario-pp-df\/#breadcrumb\"},\"inLanguage\":\"pt-BR\",\"potentialAction\":[{\"@type\":\"ReadAction\",\"target\":[\"https:\/\/www.estrategiaconcursos.com.br\/blog\/codigo-penitenciario-pp-df\/\"]}]},{\"@type\":\"ImageObject\",\"inLanguage\":\"pt-BR\",\"@id\":\"https:\/\/www.estrategiaconcursos.com.br\/blog\/codigo-penitenciario-pp-df\/#primaryimage\",\"url\":\"https:\/\/dhg1h5j42swfq.cloudfront.net\/2022\/04\/11154839\/policia_penal_df.jpg\",\"contentUrl\":\"https:\/\/dhg1h5j42swfq.cloudfront.net\/2022\/04\/11154839\/policia_penal_df.jpg\",\"width\":768,\"height\":432},{\"@type\":\"BreadcrumbList\",\"@id\":\"https:\/\/www.estrategiaconcursos.com.br\/blog\/codigo-penitenciario-pp-df\/#breadcrumb\",\"itemListElement\":[{\"@type\":\"ListItem\",\"position\":1,\"name\":\"In\u00edcio\",\"item\":\"https:\/\/www.estrategiaconcursos.com.br\/blog\/\"},{\"@type\":\"ListItem\",\"position\":2,\"name\":\"Pol\u00edcia Penal DF: Introdu\u00e7\u00e3o ao C\u00f3digo Penitenci\u00e1rio para a PP DF\"}]},{\"@type\":\"WebSite\",\"@id\":\"https:\/\/www.estrategiaconcursos.com.br\/blog\/#website\",\"url\":\"https:\/\/www.estrategiaconcursos.com.br\/blog\/\",\"name\":\"Estrat\u00e9gia Concursos\",\"description\":\"O blog da Estrat\u00e9gia Concursos traz not\u00edcias sobre concursos e artigos de professores oferecendo cursos para concursos (pdf + videaulas) no site.\",\"publisher\":{\"@id\":\"https:\/\/www.estrategiaconcursos.com.br\/blog\/#organization\"},\"potentialAction\":[{\"@type\":\"SearchAction\",\"target\":{\"@type\":\"EntryPoint\",\"urlTemplate\":\"https:\/\/www.estrategiaconcursos.com.br\/blog\/?s={search_term_string}\"},\"query-input\":{\"@type\":\"PropertyValueSpecification\",\"valueRequired\":true,\"valueName\":\"search_term_string\"}}],\"inLanguage\":\"pt-BR\"},{\"@type\":\"Organization\",\"@id\":\"https:\/\/www.estrategiaconcursos.com.br\/blog\/#organization\",\"name\":\"Estrat\u00e9gia Concursos\",\"url\":\"https:\/\/www.estrategiaconcursos.com.br\/blog\/\",\"logo\":{\"@type\":\"ImageObject\",\"inLanguage\":\"pt-BR\",\"@id\":\"https:\/\/www.estrategiaconcursos.com.br\/blog\/#\/schema\/logo\/image\/\",\"url\":\"https:\/\/dhg1h5j42swfq.cloudfront.net\/2025\/06\/03203428\/logo_concursos-1.jpg\",\"contentUrl\":\"https:\/\/dhg1h5j42swfq.cloudfront.net\/2025\/06\/03203428\/logo_concursos-1.jpg\",\"width\":230,\"height\":60,\"caption\":\"Estrat\u00e9gia Concursos\"},\"image\":{\"@id\":\"https:\/\/www.estrategiaconcursos.com.br\/blog\/#\/schema\/logo\/image\/\"},\"sameAs\":[\"https:\/\/x.com\/EstratConcursos\"]},{\"@type\":\"Person\",\"@id\":\"https:\/\/www.estrategiaconcursos.com.br\/blog\/#\/schema\/person\/f0c830e07cfe11c231c0ea5dbb036df5\",\"name\":\"Kassio Henrique Sobral Rocha\",\"image\":{\"@type\":\"ImageObject\",\"inLanguage\":\"pt-BR\",\"@id\":\"https:\/\/secure.gravatar.com\/avatar\/d10350cbdad043facd8ec77a377f86f9026afee3348e463b04854fd4490ce759?s=96&d=mm&r=g\",\"url\":\"https:\/\/secure.gravatar.com\/avatar\/d10350cbdad043facd8ec77a377f86f9026afee3348e463b04854fd4490ce759?s=96&d=mm&r=g\",\"contentUrl\":\"https:\/\/secure.gravatar.com\/avatar\/d10350cbdad043facd8ec77a377f86f9026afee3348e463b04854fd4490ce759?s=96&d=mm&r=g\",\"caption\":\"Kassio Henrique Sobral Rocha\"},\"url\":\"https:\/\/www.estrategiaconcursos.com.br\/blog\/author\/kassio-rochayahoo-com-br\/\"}]}<\/script>\n<!-- \/ Yoast SEO Premium plugin. -->","yoast_head_json":{"title":"Pol\u00edcia Penal DF: Introdu\u00e7\u00e3o ao C\u00f3digo Penitenci\u00e1rio para a PP DF","description":"Veja neste artigo uma an\u00e1lise sobre o C\u00f3digo Penitenci\u00e1rio do Distrito Federal, para o concurso da Pol\u00edcia Penal do DF (PP DF).","robots":{"index":"index","follow":"follow","max-snippet":"max-snippet:-1","max-image-preview":"max-image-preview:large","max-video-preview":"max-video-preview:-1"},"canonical":"https:\/\/www.estrategiaconcursos.com.br\/blog\/codigo-penitenciario-pp-df\/","og_locale":"pt_BR","og_type":"article","og_title":"Pol\u00edcia Penal DF: Introdu\u00e7\u00e3o ao C\u00f3digo Penitenci\u00e1rio para a PP DF","og_description":"Veja neste artigo uma an\u00e1lise sobre o C\u00f3digo Penitenci\u00e1rio do Distrito Federal, para o concurso da Pol\u00edcia Penal do DF (PP DF).","og_url":"https:\/\/www.estrategiaconcursos.com.br\/blog\/codigo-penitenciario-pp-df\/","og_site_name":"Estrat\u00e9gia Concursos","article_published_time":"2022-05-04T11:36:00+00:00","og_image":[{"width":768,"height":432,"url":"https:\/\/dhg1h5j42swfq.cloudfront.net\/2022\/04\/11154839\/policia_penal_df.jpg","type":"image\/jpeg"}],"author":"Kassio Henrique Sobral Rocha","twitter_card":"summary_large_image","twitter_creator":"@EstratConcursos","twitter_site":"@EstratConcursos","twitter_misc":{"Escrito por":"Kassio Henrique Sobral Rocha","Est. tempo de leitura":"13 minutos"},"schema":{"@context":"https:\/\/schema.org","@graph":[{"@type":"NewsArticle","@id":"https:\/\/www.estrategiaconcursos.com.br\/blog\/codigo-penitenciario-pp-df\/#article","isPartOf":{"@id":"https:\/\/www.estrategiaconcursos.com.br\/blog\/codigo-penitenciario-pp-df\/"},"author":{"name":"Kassio Henrique Sobral Rocha","@id":"https:\/\/www.estrategiaconcursos.com.br\/blog\/#\/schema\/person\/f0c830e07cfe11c231c0ea5dbb036df5"},"headline":"Pol\u00edcia Penal DF: Introdu\u00e7\u00e3o ao C\u00f3digo Penitenci\u00e1rio para a PP DF","datePublished":"2022-05-04T11:36:00+00:00","mainEntityOfPage":{"@id":"https:\/\/www.estrategiaconcursos.com.br\/blog\/codigo-penitenciario-pp-df\/"},"wordCount":2517,"commentCount":0,"publisher":{"@id":"https:\/\/www.estrategiaconcursos.com.br\/blog\/#organization"},"image":{"@id":"https:\/\/www.estrategiaconcursos.com.br\/blog\/codigo-penitenciario-pp-df\/#primaryimage"},"thumbnailUrl":"https:\/\/dhg1h5j42swfq.cloudfront.net\/2022\/04\/11154839\/policia_penal_df.jpg","articleSection":["Concursos P\u00fablicos","Policial (Agente Penitenci\u00e1rio)"],"inLanguage":"pt-BR","potentialAction":[{"@type":"CommentAction","name":"Comment","target":["https:\/\/www.estrategiaconcursos.com.br\/blog\/codigo-penitenciario-pp-df\/#respond"]}],"copyrightYear":"2022","copyrightHolder":{"@id":"https:\/\/www.estrategiaconcursos.com.br\/blog\/#organization"}},{"@type":"WebPage","@id":"https:\/\/www.estrategiaconcursos.com.br\/blog\/codigo-penitenciario-pp-df\/","url":"https:\/\/www.estrategiaconcursos.com.br\/blog\/codigo-penitenciario-pp-df\/","name":"Pol\u00edcia Penal DF: Introdu\u00e7\u00e3o ao C\u00f3digo Penitenci\u00e1rio para a PP DF","isPartOf":{"@id":"https:\/\/www.estrategiaconcursos.com.br\/blog\/#website"},"primaryImageOfPage":{"@id":"https:\/\/www.estrategiaconcursos.com.br\/blog\/codigo-penitenciario-pp-df\/#primaryimage"},"image":{"@id":"https:\/\/www.estrategiaconcursos.com.br\/blog\/codigo-penitenciario-pp-df\/#primaryimage"},"thumbnailUrl":"https:\/\/dhg1h5j42swfq.cloudfront.net\/2022\/04\/11154839\/policia_penal_df.jpg","datePublished":"2022-05-04T11:36:00+00:00","description":"Veja neste artigo uma an\u00e1lise sobre o C\u00f3digo Penitenci\u00e1rio do Distrito Federal, para o concurso da Pol\u00edcia Penal do DF (PP DF).","breadcrumb":{"@id":"https:\/\/www.estrategiaconcursos.com.br\/blog\/codigo-penitenciario-pp-df\/#breadcrumb"},"inLanguage":"pt-BR","potentialAction":[{"@type":"ReadAction","target":["https:\/\/www.estrategiaconcursos.com.br\/blog\/codigo-penitenciario-pp-df\/"]}]},{"@type":"ImageObject","inLanguage":"pt-BR","@id":"https:\/\/www.estrategiaconcursos.com.br\/blog\/codigo-penitenciario-pp-df\/#primaryimage","url":"https:\/\/dhg1h5j42swfq.cloudfront.net\/2022\/04\/11154839\/policia_penal_df.jpg","contentUrl":"https:\/\/dhg1h5j42swfq.cloudfront.net\/2022\/04\/11154839\/policia_penal_df.jpg","width":768,"height":432},{"@type":"BreadcrumbList","@id":"https:\/\/www.estrategiaconcursos.com.br\/blog\/codigo-penitenciario-pp-df\/#breadcrumb","itemListElement":[{"@type":"ListItem","position":1,"name":"In\u00edcio","item":"https:\/\/www.estrategiaconcursos.com.br\/blog\/"},{"@type":"ListItem","position":2,"name":"Pol\u00edcia Penal DF: Introdu\u00e7\u00e3o ao C\u00f3digo Penitenci\u00e1rio para a PP DF"}]},{"@type":"WebSite","@id":"https:\/\/www.estrategiaconcursos.com.br\/blog\/#website","url":"https:\/\/www.estrategiaconcursos.com.br\/blog\/","name":"Estrat\u00e9gia Concursos","description":"O blog da Estrat\u00e9gia Concursos traz not\u00edcias sobre concursos e artigos de professores oferecendo cursos para concursos (pdf + videaulas) no site.","publisher":{"@id":"https:\/\/www.estrategiaconcursos.com.br\/blog\/#organization"},"potentialAction":[{"@type":"SearchAction","target":{"@type":"EntryPoint","urlTemplate":"https:\/\/www.estrategiaconcursos.com.br\/blog\/?s={search_term_string}"},"query-input":{"@type":"PropertyValueSpecification","valueRequired":true,"valueName":"search_term_string"}}],"inLanguage":"pt-BR"},{"@type":"Organization","@id":"https:\/\/www.estrategiaconcursos.com.br\/blog\/#organization","name":"Estrat\u00e9gia Concursos","url":"https:\/\/www.estrategiaconcursos.com.br\/blog\/","logo":{"@type":"ImageObject","inLanguage":"pt-BR","@id":"https:\/\/www.estrategiaconcursos.com.br\/blog\/#\/schema\/logo\/image\/","url":"https:\/\/dhg1h5j42swfq.cloudfront.net\/2025\/06\/03203428\/logo_concursos-1.jpg","contentUrl":"https:\/\/dhg1h5j42swfq.cloudfront.net\/2025\/06\/03203428\/logo_concursos-1.jpg","width":230,"height":60,"caption":"Estrat\u00e9gia Concursos"},"image":{"@id":"https:\/\/www.estrategiaconcursos.com.br\/blog\/#\/schema\/logo\/image\/"},"sameAs":["https:\/\/x.com\/EstratConcursos"]},{"@type":"Person","@id":"https:\/\/www.estrategiaconcursos.com.br\/blog\/#\/schema\/person\/f0c830e07cfe11c231c0ea5dbb036df5","name":"Kassio Henrique Sobral Rocha","image":{"@type":"ImageObject","inLanguage":"pt-BR","@id":"https:\/\/secure.gravatar.com\/avatar\/d10350cbdad043facd8ec77a377f86f9026afee3348e463b04854fd4490ce759?s=96&d=mm&r=g","url":"https:\/\/secure.gravatar.com\/avatar\/d10350cbdad043facd8ec77a377f86f9026afee3348e463b04854fd4490ce759?s=96&d=mm&r=g","contentUrl":"https:\/\/secure.gravatar.com\/avatar\/d10350cbdad043facd8ec77a377f86f9026afee3348e463b04854fd4490ce759?s=96&d=mm&r=g","caption":"Kassio Henrique Sobral Rocha"},"url":"https:\/\/www.estrategiaconcursos.com.br\/blog\/author\/kassio-rochayahoo-com-br\/"}]}},"_links":{"self":[{"href":"https:\/\/www.estrategiaconcursos.com.br\/blog\/wp-json\/wp\/v2\/posts\/1011829","targetHints":{"allow":["GET"]}}],"collection":[{"href":"https:\/\/www.estrategiaconcursos.com.br\/blog\/wp-json\/wp\/v2\/posts"}],"about":[{"href":"https:\/\/www.estrategiaconcursos.com.br\/blog\/wp-json\/wp\/v2\/types\/post"}],"author":[{"embeddable":true,"href":"https:\/\/www.estrategiaconcursos.com.br\/blog\/wp-json\/wp\/v2\/users\/1976"}],"replies":[{"embeddable":true,"href":"https:\/\/www.estrategiaconcursos.com.br\/blog\/wp-json\/wp\/v2\/comments?post=1011829"}],"version-history":[{"count":24,"href":"https:\/\/www.estrategiaconcursos.com.br\/blog\/wp-json\/wp\/v2\/posts\/1011829\/revisions"}],"predecessor-version":[{"id":1012239,"href":"https:\/\/www.estrategiaconcursos.com.br\/blog\/wp-json\/wp\/v2\/posts\/1011829\/revisions\/1012239"}],"wp:featuredmedia":[{"embeddable":true,"href":"https:\/\/www.estrategiaconcursos.com.br\/blog\/wp-json\/wp\/v2\/media\/1006425"}],"wp:attachment":[{"href":"https:\/\/www.estrategiaconcursos.com.br\/blog\/wp-json\/wp\/v2\/media?parent=1011829"}],"wp:term":[{"taxonomy":"category","embeddable":true,"href":"https:\/\/www.estrategiaconcursos.com.br\/blog\/wp-json\/wp\/v2\/categories?post=1011829"},{"taxonomy":"post_tag","embeddable":true,"href":"https:\/\/www.estrategiaconcursos.com.br\/blog\/wp-json\/wp\/v2\/tags?post=1011829"},{"taxonomy":"tax_estado","embeddable":true,"href":"https:\/\/www.estrategiaconcursos.com.br\/blog\/wp-json\/wp\/v2\/tax_estado?post=1011829"}],"curies":[{"name":"wp","href":"https:\/\/api.w.org\/{rel}","templated":true}]}}