{"id":1011289,"date":"2022-04-30T15:10:00","date_gmt":"2022-04-30T18:10:00","guid":{"rendered":"https:\/\/www.estrategiaconcursos.com.br\/blog\/?p=1011289"},"modified":"2022-04-29T17:31:34","modified_gmt":"2022-04-29T20:31:34","slug":"estatuto-policial-civil-pc-mg","status":"publish","type":"post","link":"https:\/\/www.estrategiaconcursos.com.br\/blog\/estatuto-policial-civil-pc-mg\/","title":{"rendered":"Resumo do Estatuto do Policial Civil para a PC-MG"},"content":{"rendered":"\n<p class=\"has-medium-font-size\">Veja neste artigo uma an\u00e1lise sobre o <strong>Estatuto do Policial Civil<\/strong>, na&nbsp;<strong>Lei Org\u00e2nica da Pol\u00edcia Civil de Minas Gerais<\/strong>, para o concurso administrativo de Analista e T\u00e9cnico da&nbsp;<strong><a href=\"https:\/\/www.estrategiaconcursos.com.br\/cursosPorConcurso\/policia-civil-de-minas-gerais-pc-mg\/\" target=\"_blank\" rel=\"noreferrer noopener\">PC-MG<\/a><\/strong>.<\/p>\n\n\n\n<div class=\"wp-block-image\"><figure class=\"aligncenter size-full is-resized\"><img loading=\"lazy\" decoding=\"async\" src=\"https:\/\/dhg1h5j42swfq.cloudfront.net\/2022\/01\/19101204\/pc-mg.jpg\" alt=\"O Estatuto do Policial Civil para a PC-MG\" class=\"wp-image-950259\" width=\"513\" height=\"386\" srcset=\"https:\/\/dhg1h5j42swfq.cloudfront.net\/2022\/01\/19101204\/pc-mg.jpg 1024w, https:\/\/dhg1h5j42swfq.cloudfront.net\/2022\/01\/19101204\/pc-mg-300x225.jpg 300w, https:\/\/dhg1h5j42swfq.cloudfront.net\/2022\/01\/19101204\/pc-mg-768x576.jpg 768w, https:\/\/dhg1h5j42swfq.cloudfront.net\/2022\/01\/19101204\/pc-mg-610x458.jpg 610w\" sizes=\"auto, (max-width: 513px) 100vw, 513px\" \/><figcaption>O Estatuto do Policial Civil para a PC-MG<\/figcaption><\/figure><\/div>\n\n\n\n<p>Ol\u00e1, pessoal! Tudo bem?<\/p>\n\n\n\n<p>O edital do concurso da&nbsp;<strong><a href=\"https:\/\/www.estrategiaconcursos.com.br\/blog\/concurso-pc-mg-administrativo\/\" target=\"_blank\" rel=\"noreferrer noopener\">PC-MG<\/a><\/strong>&nbsp;(Pol\u00edcia Civil de Minas Gerais) foi publicado. S\u00e3o&nbsp;<strong>165 vagas&nbsp;<\/strong>para a carreira <strong><mark style=\"background-color:rgba(0, 0, 0, 0)\" class=\"has-inline-color has-vivid-cyan-blue-color\">administrativa<\/mark><\/strong>, sendo&nbsp;<strong>51<\/strong>&nbsp;para&nbsp;<strong>Analista&nbsp;<\/strong>e&nbsp;<strong>114<\/strong>&nbsp;para&nbsp;<strong>T\u00e9cnico<\/strong>, com remunera\u00e7\u00f5es iniciais de at\u00e9&nbsp;<strong>R$ 4.679,27<\/strong>&nbsp;e R<strong>$ 1.729,10,<\/strong>&nbsp;respectivamente.<\/p>\n\n\n\n<p>No artigo de hoje, vamos realizar a an\u00e1lise do <strong><mark style=\"background-color:rgba(0, 0, 0, 0)\" class=\"has-inline-color has-vivid-cyan-blue-color\">Estatuto do Policial Civil<\/mark><\/strong>, presente na <strong>Lei Org\u00e2nica da Pol\u00edcia Civil de Minas Gerais<\/strong>, para o concurso da PC-MG.<\/p>\n\n\n\n<p>Iremos tratar sobre o Regime Jur\u00eddico dos Policiais Civis, o qual abrange os seus <strong>direitos<\/strong>, <strong>prerrogativas<\/strong>, <strong>licen\u00e7as<\/strong>, entre outros assuntos.<\/p>\n\n\n\n<p>Voc\u00ea pode conferir no nosso blog os artigos sobre as&nbsp;<strong><u><a href=\"https:\/\/www.estrategiaconcursos.com.br\/blog\/lei-organica-pc-mg\" target=\"_blank\" rel=\"noreferrer noopener\">Compet\u00eancias<\/a><\/u> <\/strong>e a<strong> <a href=\"https:\/\/www.estrategiaconcursos.com.br\/blog\/pc-mg-lei-organica\" target=\"_blank\" rel=\"noreferrer noopener\">Estrutura<\/a> <\/strong>da Pol\u00edcia Civil de Minas Gerais, presentes na sua Lei Org\u00e2nica (Lei 129\/13).<\/p>\n\n\n\n<p>Sem mais delongas, vamos ao que interessa.<\/p>\n\n\n\n<div class=\"container\" id=\"boxes\">\n  <div class=\"row\"> \n\n    <div class=\"col-sm\">\n      <div class=\"banner-policial\" id=\"box-assinatura\">\n        <h3 class=\"titulo-assinatura\">Concurso PC MG Administrativo<\/h3>\n        <p class=\"subtitulo-assinatura\">Conhe\u00e7a os cursos<\/p>\n        <div class=\"box-botao\">\n          <a class=\"btn-assinatura\" target=\"_blank\" href=\"https:\/\/www.estrategiaconcursos.com.br\/cursosPorConcurso\/policia-civil-de-minas-gerais-pc-mg\/\" role=\"button\" rel=\"noopener noreferrer\">Conhe\u00e7a mais<\/a>\n        <\/div>\n      <\/div>\n     \n\n  <\/div>\n<\/div><\/div>\n\n\n\n<h2 class=\"wp-block-heading\" id=\"h-prerrogativas-no-estatuto-dos-policiais-civis-para-a-pc-mg\"><mark style=\"background-color:rgba(0, 0, 0, 0)\" class=\"has-inline-color has-vivid-cyan-blue-color\">Prerrogativas no Estatuto dos Policiais Civis para a PC-MG<\/mark><\/h2>\n\n\n\n<p>O Estatuto dos Policiais Civis da Pol\u00edcia Civil de Minas Gerais (PC-MG) disp\u00f5e sobre algumas <strong>prerrogativas <\/strong>para os cargos de <strong>policial civil<\/strong> e <strong>delegado de pol\u00edcia<\/strong>, sendo que, para cada cargo, h\u00e1 um artigo que trata das suas prerrogativas espec\u00edficas.<\/p>\n\n\n\n<p>Em rela\u00e7\u00e3o ao <strong><mark style=\"background-color:rgba(0, 0, 0, 0)\" class=\"has-inline-color has-vivid-cyan-blue-color\">policial civil<\/mark><\/strong>, podemos observar algumas das suas prerrogativas logo abaixo:<\/p>\n\n\n\n<ul class=\"wp-block-list\"><li><span style=\"color: initial;\">usar privativamente <strong>distintivo <\/strong>e documento de identidade funcional, v\u00e1lido em todo territ\u00f3rio <strong>nacional<\/strong>;<\/span><\/li><li>ter <strong>porte livre de arma<\/strong>, em todo o territ\u00f3rio <strong>nacional<\/strong>;<\/li><li>ter <strong>livre acesso <\/strong>a locais <strong>p\u00fablicos <\/strong>ou <strong>particulares <\/strong>sujeitos a interven\u00e7\u00e3o policial, no exerc\u00edcio de suas atribui\u00e7\u00f5es, observada a legisla\u00e7\u00e3o vigente;<\/li><li>ter <strong>prioridade <\/strong>em qualquer servi\u00e7o de <strong>transporte <\/strong>e comunica\u00e7\u00e3o, p\u00fablico e privado, quando em servi\u00e7o de car\u00e1ter <strong>urgente<\/strong>;<\/li><li><strong>convocar pessoas<\/strong> para testemunhar dilig\u00eancia policial;<\/li><li><strong>requisitar<\/strong>, em caso de iminente perigo p\u00fablico, <strong>bens <\/strong>ou <strong>servi\u00e7os<\/strong>, p\u00fablicos ou particulares, em car\u00e1ter excepcional, quando invi\u00e1vel outro procedimento, assegurada <strong>indeniza\u00e7\u00e3o <\/strong>ao propriet\u00e1rio, em caso de <strong>dano<\/strong>;<\/li><li>ser recolhido em<strong> pris\u00e3o especial<\/strong>, \u00e0 disposi\u00e7\u00e3o da autoridade competente, quando sujeito a pris\u00e3o antes e ap\u00f3s a condena\u00e7\u00e3o definitiva;<\/li><li><strong>receber<\/strong>, no ato de sua primeira designa\u00e7\u00e3o, <strong>muni\u00e7\u00f5es <\/strong>e <strong>colete <\/strong>bal\u00edstico dentro do prazo de validade, <strong>arma de fogo<\/strong>, <strong>algemas <\/strong>e distintivo oficial individualizado; entre outras prerrogativas.<\/li><\/ul>\n\n\n\n<p>Por sua vez, o <strong><mark style=\"background-color:rgba(0, 0, 0, 0)\" class=\"has-inline-color has-vivid-cyan-blue-color\">Delegado de Pol\u00edcia<\/mark><\/strong>, no exerc\u00edcio de sua fun\u00e7\u00e3o, possui ainda as seguintes prerrogativas:<\/p>\n\n\n\n<ul class=\"wp-block-list\"><li><strong>expedir <\/strong>notifica\u00e7\u00f5es, <strong>mandados policiais <\/strong>e outros atos necess\u00e1rios ao fiel desempenho de suas atribui\u00e7\u00f5es;<\/li><li>ser <strong>preso <\/strong>somente por ordem <strong>judicial<\/strong> escrita, <strong>salvo <\/strong>em flagrante de crime <strong>inafian\u00e7\u00e1vel<\/strong>, caso em que a autoridade far\u00e1, no prazo m\u00e1ximo de <strong>24 horas<\/strong>, a comunica\u00e7\u00e3o e a apresenta\u00e7\u00e3o do Delegado de Pol\u00edcia ao Chefe da PCMG;<\/li><li><strong>requisitar<\/strong>, diretamente, de entidades p\u00fablicas ou privadas, <strong>informa\u00e7\u00f5es<\/strong>, dados cadastrais, objetos, pap\u00e9is, documentos, exames e per\u00edcias necess\u00e1rios \u00e0 instru\u00e7\u00e3o de inqu\u00e9rito policial e demais procedimentos legais, determinando o prazo para sua apresenta\u00e7\u00e3o.<\/li><\/ul>\n\n\n\n<p><strong><mark style=\"background-color:rgba(0, 0, 0, 0)\" class=\"has-inline-color has-vivid-red-color\">A SABER: <\/mark><\/strong><\/p>\n\n\n\n<p>O <strong><mark style=\"background-color:rgba(0, 0, 0, 0)\" class=\"has-inline-color has-vivid-cyan-blue-color\">Delegado de Pol\u00edcia<\/mark><\/strong>, cujo cargo \u00e9 privativo de bacharel em <strong>Direito<\/strong>, goza de <strong>autonomia <\/strong>e <strong>independ\u00eancia <\/strong>no exerc\u00edcio das fun\u00e7\u00f5es de seu cargo.<\/p>\n\n\n\n<p>Al\u00e9m disso, ele possui o mesmo <strong>tratamento <\/strong>protocolar dado \u00e0 aos <strong>magistrados<\/strong>, aos membros da <strong>Defensoria P\u00fablica<\/strong> e do<strong> Minist\u00e9rio P\u00fablico<\/strong> e aos <strong>advogados<\/strong>.<\/p>\n\n\n\n<h3 class=\"wp-block-heading\" id=\"h-afastamento-do-policial-civil\"><mark style=\"background-color:rgba(0, 0, 0, 0)\" class=\"has-inline-color has-vivid-cyan-blue-color\">Afastamento do policial civil<\/mark><\/h3>\n\n\n\n<p>No caso de <strong><mark style=\"background-color:rgba(0, 0, 0, 0)\" class=\"has-inline-color has-vivid-cyan-blue-color\">pris\u00e3o provis\u00f3ria<\/mark><\/strong> do policial civil pela pr\u00e1tica de<strong> infra\u00e7\u00e3o penal<\/strong>, haver\u00e1 o seu <strong>afastamento <\/strong>do exerc\u00edcio das fun\u00e7\u00f5es, pelo <strong>Chefe da PC-MG<\/strong>, at\u00e9 decis\u00e3o final transitada em julgado, <strong>sem preju\u00edzo de sua remunera\u00e7\u00e3o.<\/strong><\/p>\n\n\n\n<p>Contudo, caso haja<strong> liberdade provis\u00f3ria<\/strong>, ele poder\u00e1 <strong>retornar <\/strong>ao <strong>exerc\u00edcio <\/strong>das fun\u00e7\u00f5es. Al\u00e9m disso, no caso de <strong>condena\u00e7\u00e3o <\/strong>que <strong>n\u00e3o <\/strong>implique <strong>demiss\u00e3o<\/strong>, o policial civil:<\/p>\n\n\n\n<ul class=\"wp-block-list\"><li>ser\u00e1 <strong>afastado <\/strong>a partir da decis\u00e3o de m\u00e9rito transitada em julgado at\u00e9 o cumprimento <strong>total <\/strong>da pena privativa da liberdade, com direito apenas a <strong><mark style=\"background-color:rgba(0, 0, 0, 0)\" class=\"has-inline-color has-vivid-cyan-blue-color\">1\/3 de sua remunera\u00e7\u00e3o<\/mark><\/strong>; <\/li><li>por\u00e9m, ele perceber\u00e1 a <strong><mark style=\"background-color:rgba(0, 0, 0, 0)\" class=\"has-inline-color has-vivid-cyan-blue-color\">remunera\u00e7\u00e3o integral <\/mark><\/strong>atribu\u00edda ao cargo <strong>quando permitido <\/strong>o <strong>exerc\u00edcio <\/strong>da fun\u00e7\u00e3o pela <strong>natureza da pena<\/strong> aplicada ou por <strong>decis\u00e3o judicial.<\/strong><\/li><\/ul>\n\n\n\n<p><strong><mark style=\"background-color:rgba(0, 0, 0, 0)\" class=\"has-inline-color has-vivid-red-color\">FIQUE ATENTO:<\/mark> N\u00e3o haver\u00e1 descontos<\/strong> de vencimentos ou proventos do policial civil em decorr\u00eancia de processo ou sindic\u00e2ncia administrativa enquanto houver a <strong>possibilidade <\/strong>de<strong> recurso administrativo<\/strong> da decis\u00e3o.<\/p>\n\n\n\n<h2 class=\"wp-block-heading\" id=\"h-direitos-do-policial-civil-para-a-pc-mg\"><mark style=\"background-color:rgba(0, 0, 0, 0)\" class=\"has-inline-color has-vivid-cyan-blue-color\">Direitos do Policial Civil para a PC-MG<\/mark><\/h2>\n\n\n\n<p>Os direitos do policial civil podem ser encontrados na Constitui\u00e7\u00e3o Federal, bem como na Lei Org\u00e2nica da PC-MG, mais precisamente no Estatuto do Policial Civil, em seu artigo 48\u00ba.<\/p>\n\n\n\n<p>Como h\u00e1 muitos itens, iremos tratar apenas daqueles <strong>mais relevantes<\/strong>.<\/p>\n\n\n\n<p>Um dos principais pontos desse t\u00f3pico \u00e9 a assegura\u00e7\u00e3o dos direitos da <strong>policial civil feminina <\/strong>de Minas Gerais, relativamente \u00e0 <strong>gesta\u00e7\u00e3o<\/strong>, <strong>amamenta\u00e7\u00e3o <\/strong>e \u00e0s exig\u00eancias de <strong>cuidado com filhos menores<\/strong>.<\/p>\n\n\n\n<p>Al\u00e9m disso, pelas caracter\u00edsticas da profiss\u00e3o, h\u00e1 tamb\u00e9m o direito de o policial ter <strong>acompanhamento <\/strong>e <strong>tratamento <\/strong>especializado em caso de les\u00f5es ou quando acometido de <strong>alto n\u00edvel de estresse.<\/strong><\/p>\n\n\n\n<p>Em caso de <strong>pris\u00e3o em flagrante<\/strong> delito ou por for\u00e7a de <strong>decis\u00e3o judicial<\/strong>, \u00e9 direito do policial civil ser recolhido somente em <strong>unidade prisional pr\u00f3pria e especial <\/strong>ou em <strong>sala especial <\/strong>da unidade em que sirva, sob a responsabilidade do seu dirigente, sendo-lhe <strong>defeso <\/strong>(proibido) de exercer <strong>atividade funcional <\/strong>ou <strong>sair da reparti\u00e7\u00e3o<\/strong> sem expressa autoriza\u00e7\u00e3o do ju\u00edzo.<\/p>\n\n\n\n<p>\u00c9 importante que voc\u00eas leiam os demais incisos deste t\u00f3pico (art. 48\u00ba da Lei 129\/13) para a sua prova. Combinado? Vamos seguir.<\/p>\n\n\n\n<h3 class=\"wp-block-heading\" id=\"h-indenizacoes-e-das-gratificacoes-do-policial-civil-para-a-pc-mg\"><mark style=\"background-color:rgba(0, 0, 0, 0)\" class=\"has-inline-color has-vivid-cyan-blue-color\">Indeniza\u00e7\u00f5es e das Gratifica\u00e7\u00f5es do Policial Civil para a PC-MG<\/mark><\/h3>\n\n\n\n<p>Os policiais civis de Minas Gerais fazem jus a <strong>indeniza\u00e7\u00f5es <\/strong>e <strong>gratifica\u00e7\u00f5es<\/strong>.<\/p>\n\n\n\n<ul class=\"wp-block-list\"><li>As <strong><mark style=\"background-color:rgba(0, 0, 0, 0)\" class=\"has-inline-color has-vivid-cyan-blue-color\">indeniza\u00e7\u00f5es <\/mark><\/strong>s\u00e3o:<\/li><\/ul>\n\n\n\n<p><mark style=\"background-color:rgba(0, 0, 0, 0)\" class=\"has-inline-color has-vivid-cyan-blue-color\"><strong>I<\/strong> <\/mark>&#8211;<strong> ajuda de custo<\/strong>, em caso de remo\u00e7\u00e3o ex officio ou designa\u00e7\u00e3o para servi\u00e7o ou estudo que importe em altera\u00e7\u00e3o do domic\u00edlio, no valor de <strong>1 m\u00eas<\/strong> de vencimento do servidor;<\/p>\n\n\n\n<p><strong><mark style=\"background-color:rgba(0, 0, 0, 0)\" class=\"has-inline-color has-vivid-cyan-blue-color\">II <\/mark><\/strong>\u2013 <strong>di\u00e1rias<\/strong>;<\/p>\n\n\n\n<p><strong><mark style=\"background-color:rgba(0, 0, 0, 0)\" class=\"has-inline-color has-vivid-cyan-blue-color\">III <\/mark><\/strong>&#8211; <strong>transporte<\/strong> pessoal e de dependentes, em caso de remo\u00e7\u00e3o ex officio, compreendidos o c\u00f4njuge ou companheiro, os filhos e os enteados.<\/p>\n\n\n\n<ul class=\"wp-block-list\"><li>J\u00e1 as <strong><mark style=\"background-color:rgba(0, 0, 0, 0)\" class=\"has-inline-color has-vivid-cyan-blue-color\">gratifica\u00e7\u00f5es <\/mark><\/strong>atribu\u00eddas a esses servidores s\u00e3o:<\/li><\/ul>\n\n\n\n<p><strong><mark style=\"background-color:rgba(0, 0, 0, 0)\" class=\"has-inline-color has-vivid-cyan-blue-color\">IV <\/mark><\/strong>&#8211; gratifica\u00e7\u00e3o por encargo de<strong> curso ou concurso<\/strong>, por hora-aula proferida em cursos, inclusive para atua\u00e7\u00e3o em bancas examinadoras, em processo de habilita\u00e7\u00e3o, entre outros;<\/p>\n\n\n\n<p><strong><mark style=\"background-color:rgba(0, 0, 0, 0)\" class=\"has-inline-color has-vivid-cyan-blue-color\">V <\/mark><\/strong>&#8211; <strong>aux\u00edlio-funeral,<\/strong> mediante a comprova\u00e7\u00e3o da execu\u00e7\u00e3o de despesas com o sepultamento de servidor, no valor de <strong>at\u00e9 1 m\u00eas<\/strong> de vencimento ou provento percebido na data do \u00f3bito;<\/p>\n\n\n\n<p><strong><mark style=\"background-color:rgba(0, 0, 0, 0)\" class=\"has-inline-color has-vivid-cyan-blue-color\">VI <\/mark><\/strong>&#8211; <strong>translado <\/strong>ou <strong>remo\u00e7\u00e3o <\/strong>quando ferido, acidentado ou falecido em servi\u00e7o;<\/p>\n\n\n\n<p><strong><mark style=\"background-color:rgba(0, 0, 0, 0)\" class=\"has-inline-color has-vivid-cyan-blue-color\">VII <\/mark><\/strong>&#8211; adicional de <strong>desempenho<\/strong> e pr\u00eamio de <strong>produtividade<\/strong>;<\/p>\n\n\n\n<p><strong><mark style=\"background-color:rgba(0, 0, 0, 0)\" class=\"has-inline-color has-vivid-cyan-blue-color\">VIII <\/mark><\/strong>\u2013 <strong>13\u00ba sal\u00e1rio<\/strong> e adicional de <strong>f\u00e9rias <\/strong>correspondente a <strong>1\/3 <\/strong>da remunera\u00e7\u00e3o do servidor;<\/p>\n\n\n\n<p><strong><mark style=\"background-color:rgba(0, 0, 0, 0)\" class=\"has-inline-color has-vivid-cyan-blue-color\">IX <\/mark><\/strong>&#8211; gratifica\u00e7\u00e3o por<strong> risco de cont\u00e1gio<\/strong>;<\/p>\n\n\n\n<p><strong><mark style=\"background-color:rgba(0, 0, 0, 0)\" class=\"has-inline-color has-vivid-cyan-blue-color\">X <\/mark><\/strong>&#8211; indeniza\u00e7\u00e3o securit\u00e1ria para policial civil que for <strong>v\u00edtima de acidente em servi\u00e7o <\/strong>que ocasione <strong>aposentadoria <\/strong>por invalidez ou morte, no valor de <strong>20 vezes <\/strong>o valor da remunera\u00e7\u00e3o mensal percebida na data do acidente, <strong>at\u00e9<\/strong> o limite de <strong>9.993,6041 Ufemgs<\/strong>;<\/p>\n\n\n\n<p><strong><mark style=\"background-color:rgba(0, 0, 0, 0)\" class=\"has-inline-color has-vivid-cyan-blue-color\">XI<\/mark><\/strong> &#8211; percep\u00e7\u00e3o do valor referente \u00e0 <strong>diferen\u00e7a <\/strong>de vencimento entre o seu cargo e aquele para o qual vier a ser designado para fins de <strong>substitui\u00e7\u00e3o<\/strong>;<\/p>\n\n\n\n<p><strong><mark style=\"background-color:rgba(0, 0, 0, 0)\" class=\"has-inline-color has-vivid-cyan-blue-color\">XII <\/mark><\/strong>&#8211;<strong> aux\u00edlio-natalidade<\/strong>, devido pelo nascimento de filho ou ado\u00e7\u00e3o, no valor da remunera\u00e7\u00e3o percebida pelo servidor na ocasi\u00e3o do nascimento ou da ado\u00e7\u00e3o, admitida uma <strong>\u00fanica <\/strong>percep\u00e7\u00e3o no caso de pai e m\u00e3e serem dos quadros da PC-MG.<\/p>\n\n\n\n<p>Al\u00e9m disso, ao policial civil da ativa ser\u00e1 assegurado pelo Estado, <strong>indeniza\u00e7\u00e3o <\/strong>para aquisi\u00e7\u00e3o de <strong><mark style=\"background-color:rgba(0, 0, 0, 0)\" class=\"has-inline-color has-vivid-cyan-blue-color\">vestimenta <\/mark><\/strong>necess\u00e1ria ao desempenho de suas fun\u00e7\u00f5es, no valor correspondente a<strong><mark style=\"background-color:rgba(0, 0, 0, 0)\" class=\"has-inline-color has-vivid-cyan-blue-color\"> 40% <\/mark><\/strong>do vencimento b\u00e1sico do n\u00edvel I da carreira de <strong>Investigador de Pol\u00edcia<\/strong>, a ser pago <strong>anualmente <\/strong>no m\u00eas de <strong>abril<\/strong>.<\/p>\n\n\n\n<h2 class=\"wp-block-heading\" id=\"h-licencas-no-estatuto-do-policial-civil-para-a-pc-mg\"><mark style=\"background-color:rgba(0, 0, 0, 0)\" class=\"has-inline-color has-vivid-cyan-blue-color\">Licen\u00e7as no Estatuto do Policial Civil para a PC-MG<\/mark><\/h2>\n\n\n\n<p>Durante o v\u00ednculo empregat\u00edcio dos policiais civis, \u00e9 normal que haja&nbsp;<strong>imprevistos&nbsp;<\/strong>que os impe\u00e7am de desempenhar suas fun\u00e7\u00f5es de maneira satisfat\u00f3ria.<\/p>\n\n\n\n<p>Desse modo, o Estatuto da PC-MG oferece alguns tipos de&nbsp;<strong>licen\u00e7as&nbsp;<\/strong>que podem ser desfrutadas pelos policiais civis do estado, em caso de&nbsp;<strong>necessidade<\/strong>.<\/p>\n\n\n\n<p>Dessa maneira, iremos agora analisar cada uma das licen\u00e7as presentes no Estatuto do Policial Civil para o concurso da PC-MG.<\/p>\n\n\n\n<h3 class=\"wp-block-heading\" id=\"h-licenca-para-tratamento-de-saude\"><mark style=\"background-color:rgba(0, 0, 0, 0)\" class=\"has-inline-color has-vivid-purple-color\">Licen\u00e7a para tratamento de sa\u00fade<\/mark><\/h3>\n\n\n\n<p>A licen\u00e7a para tratamento de sa\u00fade ser\u00e1 concedida a pedido do policial civil ou ex officio, <strong>sem preju\u00edzo dos vencimentos<\/strong> e demais vantagens. Contudo, \u00e9 indispens\u00e1vel a avalia\u00e7\u00e3o m\u00e9dica.<\/p>\n\n\n\n<p>Al\u00e9m disso, enquanto estiver licenciado, o policial civil <strong>n\u00e3o <\/strong>poder\u00e1 dedicar-se a qualquer <strong>atividade remunerada.<\/strong><\/p>\n\n\n\n<p>A licen\u00e7a concedida <strong>dentro <\/strong>do prazo de <strong>60 dias<\/strong> do t\u00e9rmino da anterior \u00e9 considerada <strong>prorroga\u00e7\u00e3o<\/strong>.<\/p>\n\n\n\n<p>O policial civil que, no curso de <strong>12 meses imediatamente anteriores<\/strong> ao requerimento de nova licen\u00e7a, houver se <strong>licenciado <\/strong>por per\u00edodo cont\u00ednuo ou descont\u00ednuo de <strong>3 meses<\/strong>, dever\u00e1 submeter-se \u00e0 <strong>verifica\u00e7\u00e3o de invalidez.<\/strong><\/p>\n\n\n\n<p>Ademais, caso seja declarada a <strong>incapacidade definitiva<\/strong> para o servi\u00e7o, o policial civil ser\u00e1 afastado de suas fun\u00e7\u00f5es e <strong>aposentado<\/strong>, ou, se considerado <strong>apto<\/strong>, <strong>reassumir\u00e1 <\/strong>o exerc\u00edcio das fun\u00e7\u00f5es imediatamente ou ao t\u00e9rmino da licen\u00e7a.<\/p>\n\n\n\n<p>Contudo, quando a junta m\u00e9dica considerar a <strong>invalidez <\/strong>do policial civil <strong>definitiva <\/strong>para o servi\u00e7o p\u00fablico, a licen\u00e7a ser\u00e1 convertida em <strong>aposentadoria<\/strong>, antes do prazo estabelecido de 2 anos ininterruptos.<\/p>\n\n\n\n<h3 class=\"wp-block-heading\" id=\"h-licenca-por-motivo-de-doenca-em-pessoa-da-familia\"><mark style=\"background-color:rgba(0, 0, 0, 0)\" class=\"has-inline-color has-vivid-purple-color\">Licen\u00e7a por motivo de doen\u00e7a em pessoa da fam\u00edlia<\/mark><\/h3>\n\n\n\n<p>N\u00e3o \u00e9 apenas quando a sa\u00fade do funcion\u00e1rio est\u00e1 debilitada que ele possui direito \u00e0 licen\u00e7a. Quando algum&nbsp;<strong>parente&nbsp;<\/strong>do servidor estiver doente, o policial tamb\u00e9m pode se licenciar.<\/p>\n\n\n\n<p>Mas aten\u00e7\u00e3o, isto&nbsp;<strong>apenas&nbsp;<\/strong>ocorre quando a sua&nbsp;<strong>assist\u00eancia&nbsp;<\/strong>\u00e9&nbsp;<strong>indispens\u00e1vel&nbsp;<\/strong>ao doente e n\u00e3o puder ser dada simultaneamente com o exerc\u00edcio do cargo.<\/p>\n\n\n\n<p>Essa licen\u00e7a ser\u00e1 pelo prazo <strong>m\u00e1ximo <\/strong>de <strong><mark style=\"background-color:rgba(0, 0, 0, 0)\" class=\"has-inline-color has-vivid-cyan-blue-color\">90 dias<\/mark><\/strong>, com<strong> remunera\u00e7\u00e3o integral<\/strong>. Contudo, ela pode ser <strong>prorrogada<\/strong>, <strong>sem remunera\u00e7\u00e3o<\/strong>, por <strong><mark style=\"background-color:rgba(0, 0, 0, 0)\" class=\"has-inline-color has-vivid-cyan-blue-color\">at\u00e9 120 dias<\/mark><\/strong>.<\/p>\n\n\n\n<p><strong><mark style=\"background-color:rgba(0, 0, 0, 0)\" class=\"has-inline-color has-vivid-red-color\">FIQUE ATENTO<\/mark><\/strong>: Ser\u00e1 considerado como pessoa da fam\u00edlia do policial civil os seus <strong>pais<\/strong>, <strong>filhos<\/strong>, <strong>c\u00f4njuge <\/strong>ou <strong>companheiro <\/strong>com declara\u00e7\u00e3o de <strong>uni\u00e3o est\u00e1vel<\/strong>.<\/p>\n\n\n\n<h3 class=\"wp-block-heading\" id=\"h-licenca-por-motivo-de-maternidade-ou-paternidade-guarda-ou-adocao\"><mark style=\"background-color:rgba(0, 0, 0, 0)\" class=\"has-inline-color has-vivid-purple-color\">Licen\u00e7a por motivo de maternidade ou paternidade, guarda ou ado\u00e7\u00e3o<\/mark><\/h3>\n\n\n\n<p>Essa licen\u00e7a ser\u00e1 regulada por meio de <strong>lei<\/strong>. Fique <strong>atento <\/strong>que a ado\u00e7\u00e3o tamb\u00e9m dar\u00e1 direito \u00e0 licen\u00e7a maternidade ou paternidade.<\/p>\n\n\n\n<h3 class=\"wp-block-heading\" id=\"h-licenca-por-acidente-em-servico\"><mark style=\"background-color:rgba(0, 0, 0, 0)\" class=\"has-inline-color has-vivid-purple-color\">Licen\u00e7a por acidente em servi\u00e7o<\/mark><\/h3>\n\n\n\n<p>Ser\u00e1 concedida licen\u00e7a por acidente em servi\u00e7o, <strong>sem preju\u00edzo dos vencimentos<\/strong> e vantagens inerentes ao exerc\u00edcio do cargo, pelo prazo <strong><mark style=\"background-color:rgba(0, 0, 0, 0)\" class=\"has-inline-color has-vivid-cyan-blue-color\">m\u00e1ximo de 2 anos<\/mark><\/strong>, sendo que a<strong> prova do acidente<\/strong> dever\u00e1 ser feita no prazo de <strong>30 dias, contado<\/strong> da sua ocorr\u00eancia.<\/p>\n\n\n\n<p>Mas o que \u00e9 considerado acidente em servi\u00e7o?<\/p>\n\n\n\n<p>Bom, configura acidente em servi\u00e7o o dano f\u00edsico ou mental que se <strong>relacione<\/strong>, mediata ou imediatamente, com as <strong>fun\u00e7\u00f5es <\/strong>exercidas. Al\u00e9m disso, equipara-se ao acidente em servi\u00e7o o dano decorrente de <strong>agress\u00e3o <\/strong>sofrida no <strong>exerc\u00edcio <\/strong>funcional, bem como o dano sofrido em <strong>tr\u00e2nsito <\/strong>a ele pertinente.<\/p>\n\n\n\n<h3 class=\"wp-block-heading\" id=\"h-licenca-para-exercer-mandato-eletivo-em-diretoria-de-entidade-sindical\"><mark style=\"background-color:rgba(0, 0, 0, 0)\" class=\"has-inline-color has-vivid-purple-color\">Licen\u00e7a para exercer mandato eletivo em diretoria de entidade sindical<\/mark><\/h3>\n\n\n\n<p>Ser\u00e1 dada licen\u00e7a ao policial civil que exercer mandato eletivo em diretoria de <strong>entidade sindical representativa de carreiras policiais civis<\/strong>, constitu\u00edda na forma da<strong> constitui\u00e7\u00e3o do estado<\/strong>, pelo <strong><mark style=\"background-color:rgba(0, 0, 0, 0)\" class=\"has-inline-color has-vivid-cyan-blue-color\">per\u00edodo do mandato<\/mark><\/strong>, sem preju\u00edzo<strong> <\/strong>da percep\u00e7\u00e3o da <strong>remunera\u00e7\u00e3o integral <\/strong>do cargo.<\/p>\n\n\n\n<h3 class=\"wp-block-heading\" id=\"h-outros-afastamentos\"><mark style=\"background-color:rgba(0, 0, 0, 0)\" class=\"has-inline-color has-vivid-purple-color\">Outros afastamentos<\/mark><\/h3>\n\n\n\n<p>Al\u00e9m das licen\u00e7as citadas acima, \u00e9 permitido tamb\u00e9m ao policial se afastar das suas atividades:<\/p>\n\n\n\n<p>Por <strong><mark style=\"background-color:rgba(0, 0, 0, 0)\" class=\"has-inline-color has-vivid-cyan-blue-color\">8 dias consecutivos<\/mark><\/strong>, <strong>sem preju\u00edzo da remunera\u00e7\u00e3o<\/strong>, por motivo de:<\/p>\n\n\n\n<ul class=\"wp-block-list\"><li><strong>casamento<\/strong>;<\/li><li><strong>falecimento <\/strong>de c\u00f4njuge ou companheiro, ascendente, descendente ou irm\u00e3o.<\/li><\/ul>\n\n\n\n<p>Por <strong><mark style=\"background-color:rgba(0, 0, 0, 0)\" class=\"has-inline-color has-vivid-cyan-blue-color\">3 meses<\/mark><\/strong>, prorrog\u00e1vel por mais 3, <strong>sem preju\u00edzo da remunera\u00e7\u00e3o<\/strong>:<\/p>\n\n\n\n<ul class=\"wp-block-list\"><li>para frequentar <strong>cursos <\/strong>relacionados com o exerc\u00edcio das fun\u00e7\u00f5es do cargo ocupado pelo policial civil.<\/li><\/ul>\n\n\n\n<p>Por <strong><mark style=\"background-color:rgba(0, 0, 0, 0)\" class=\"has-inline-color has-vivid-cyan-blue-color\">at\u00e9 2 anos<\/mark><\/strong>:<\/p>\n\n\n\n<ul class=\"wp-block-list\"><li>para tratar de <strong>interesses particulares<\/strong>.<\/li><\/ul>\n\n\n\n<p>Pelo <strong><mark style=\"background-color:rgba(0, 0, 0, 0)\" class=\"has-inline-color has-vivid-cyan-blue-color\">prazo autorizado<\/mark><\/strong>:<\/p>\n\n\n\n<ul class=\"wp-block-list\"><li>para participar de <strong>congressos<\/strong>, <strong>semin\u00e1rios <\/strong>ou encontros relacionados com o exerc\u00edcio da fun\u00e7\u00e3o. Contudo, caso o prazo seja <strong>superior a 6 meses<\/strong>, o policial civil depender\u00e1 de <strong>autoriza\u00e7\u00e3o <\/strong>do <strong>Governador<\/strong> do Estado.<\/li><\/ul>\n\n\n\n<h2 class=\"wp-block-heading\" id=\"h-finalizando\"><mark style=\"background-color:rgba(0, 0, 0, 0)\" class=\"has-inline-color has-vivid-cyan-blue-color\">Finalizando<\/mark><\/h2>\n\n\n\n<p>Bom, Pessoal! Chegamos ao final do nosso artigo sobre o <strong>Estatuto do Policial Civil de Minas Gerais<\/strong>, para o concurso da PC-MG.<\/p>\n\n\n\n<p>Ressaltamos ainda, que, para a sua aprova\u00e7\u00e3o, \u00e9&nbsp;<strong>importante&nbsp;<\/strong>a<strong>&nbsp;leitura da lei&nbsp;<\/strong>citada aqui. Esse artigo \u00e9 apenas uma an\u00e1lise mais simplificada dessa norma.<\/p>\n\n\n\n<p>Caso queira se preparar para chegar&nbsp;<strong>competitivo&nbsp;<\/strong>nesta prova, invista nos&nbsp;<strong><a href=\"https:\/\/www.estrategiaconcursos.com.br\/cursosPorConcurso\/policia-civil-de-minas-gerais-pc-mg\/\" target=\"_blank\" rel=\"noreferrer noopener\">cursos para a PC-MG<\/a><\/strong>&nbsp;do&nbsp;<strong>Estrat\u00e9gia Concursos<\/strong>.&nbsp;L\u00e1 voc\u00ea encontrar\u00e1&nbsp;<strong>aulas completas e detalhadas, com os melhores professores do mercado<\/strong>,&nbsp;de todos os t\u00f3picos exigidos no edital deste concurso.<\/p>\n\n\n\n<p>Conhe\u00e7a tamb\u00e9m o<strong>&nbsp;<a href=\"https:\/\/questoes.estrategiaconcursos.com.br\/\" target=\"_blank\" rel=\"noreferrer noopener\">Sistema de Quest\u00f5es do Estrat\u00e9gia<\/a><\/strong>. Afinal, a \u00fanica maneira de&nbsp;<strong>consolidar o conte\u00fado&nbsp;<\/strong>de maneira satisfat\u00f3ria \u00e9 atrav\u00e9s da&nbsp;<strong>resolu\u00e7\u00e3o de quest\u00f5es.<\/strong><\/p>\n\n\n\n<p>Bons estudos a todos e at\u00e9 a pr\u00f3xima!<\/p>\n\n\n\n<h2 class=\"has-text-align-center wp-block-heading\" id=\"h-cursos-e-assinaturas\">Cursos e Assinaturas <\/h2>\n\n\n\n<p>Prepare-se com o melhor material e com quem mais aprova em Concursos P\u00fablicos em todo o pa\u00eds!<\/p>\n\n\n\n<p class=\"has-text-align-center has-vivid-cyan-blue-color has-text-color has-background\" style=\"background-color:#0078bd\"><a href=\"https:\/\/www.estrategiaconcursos.com.br\/blog\/concursos-abertos\/\" target=\"_blank\" rel=\"noreferrer noopener\"><strong><span class=\"has-inline-color has-white-color\">Concursos abertos<\/span><\/strong><\/a><\/p>\n\n\n\n<p class=\"has-text-align-center has-vivid-cyan-blue-color has-text-color has-background\" style=\"background-color:#0072b4\"><strong><a href=\"https:\/\/www.estrategiaconcursos.com.br\/blog\/concursos-2022\/\" target=\"_blank\" rel=\"noreferrer noopener\"><span class=\"has-inline-color has-white-color\">Concursos 2022<\/span><\/a><\/strong><\/p>\n\n\n\n<div class=\"container\" id=\"boxes\">\n  <div class=\"row\">\n    <div class=\"col-sm\">\n      <div class=\"estrategia\" id=\"box-assinatura\">\n        <h3 class=\"titulo-assinatura\">Assinatura de Concursos<\/h3>\n        <p class=\"subtitulo-assinatura\">Assinatura de 1 ano ou 2 anos<\/p>\n        <div class=\"box-botao\">\n          <a class=\"btn-assinatura\" target=\"_blank\" href=\"https:\/\/www.estrategiaconcursos.com.br\/assinaturas\/\" role=\"button\" rel=\"noopener noreferrer\">ASSINE AGORA<\/a>\n        <\/div>\n      <\/div>\n      \n    <\/div><\/div><\/div>\n","protected":false},"excerpt":{"rendered":"<p>Veja neste artigo uma an\u00e1lise sobre o Estatuto do Policial Civil, na&nbsp;Lei Org\u00e2nica da Pol\u00edcia Civil de Minas Gerais, para o concurso administrativo de Analista e T\u00e9cnico da&nbsp;PC-MG. Ol\u00e1, pessoal! Tudo bem? O edital do concurso da&nbsp;PC-MG&nbsp;(Pol\u00edcia Civil de Minas Gerais) foi publicado. S\u00e3o&nbsp;165 vagas&nbsp;para a carreira administrativa, sendo&nbsp;51&nbsp;para&nbsp;Analista&nbsp;e&nbsp;114&nbsp;para&nbsp;T\u00e9cnico, com remunera\u00e7\u00f5es iniciais de at\u00e9&nbsp;R$ 4.679,27&nbsp;e [&hellip;]<\/p>\n","protected":false},"author":1976,"featured_media":950259,"comment_status":"open","ping_status":"closed","sticky":false,"template":"","format":"standard","meta":{"post_tipo":"article","footnotes":""},"categories":[1,214992],"tags":[],"tax_estado":[219974],"class_list":["post-1011289","post","type-post","status-publish","format-standard","has-post-thumbnail","hentry","category-cursos-e-concursos","category-concursos-administrativos","tax_estado-mg"],"acf":[],"yoast_head":"<!-- This site is optimized with the Yoast SEO Premium plugin v27.2 (Yoast SEO v27.2) - https:\/\/yoast.com\/product\/yoast-seo-premium-wordpress\/ -->\n<title>Resumo do Estatuto do Policial Civil para a PC-MG<\/title>\n<meta name=\"description\" content=\"Veja neste artigo uma an\u00e1lise sobre o Estatuto do Policial Civil de Minas Gerais, na\u00a0Lei Org\u00e2nica da Pol\u00edcia Civil, para o concurso da\u00a0PC-MG.\" \/>\n<meta name=\"robots\" content=\"index, follow, max-snippet:-1, max-image-preview:large, max-video-preview:-1\" \/>\n<link rel=\"canonical\" href=\"https:\/\/www.estrategiaconcursos.com.br\/blog\/estatuto-policial-civil-pc-mg\/\" \/>\n<meta property=\"og:locale\" content=\"pt_BR\" \/>\n<meta property=\"og:type\" content=\"article\" \/>\n<meta property=\"og:title\" content=\"Resumo do Estatuto do Policial Civil para a PC-MG\" \/>\n<meta property=\"og:description\" content=\"Veja neste artigo uma an\u00e1lise sobre o Estatuto do Policial Civil de Minas Gerais, na\u00a0Lei Org\u00e2nica da Pol\u00edcia Civil, para o concurso da\u00a0PC-MG.\" \/>\n<meta property=\"og:url\" content=\"https:\/\/www.estrategiaconcursos.com.br\/blog\/estatuto-policial-civil-pc-mg\/\" \/>\n<meta property=\"og:site_name\" content=\"Estrat\u00e9gia Concursos\" \/>\n<meta property=\"article:published_time\" content=\"2022-04-30T18:10:00+00:00\" \/>\n<meta property=\"og:image\" content=\"https:\/\/dhg1h5j42swfq.cloudfront.net\/2022\/01\/19101204\/pc-mg.jpg\" \/>\n\t<meta property=\"og:image:width\" content=\"1024\" \/>\n\t<meta property=\"og:image:height\" content=\"768\" \/>\n\t<meta property=\"og:image:type\" content=\"image\/jpeg\" \/>\n<meta name=\"author\" content=\"Kassio Henrique Sobral Rocha\" \/>\n<meta name=\"twitter:card\" content=\"summary_large_image\" \/>\n<meta name=\"twitter:creator\" content=\"@EstratConcursos\" \/>\n<meta name=\"twitter:site\" content=\"@EstratConcursos\" \/>\n<meta name=\"twitter:label1\" content=\"Escrito por\" \/>\n\t<meta name=\"twitter:data1\" content=\"Kassio Henrique Sobral Rocha\" \/>\n\t<meta name=\"twitter:label2\" content=\"Est. tempo de leitura\" \/>\n\t<meta name=\"twitter:data2\" content=\"12 minutos\" \/>\n<script type=\"application\/ld+json\" class=\"yoast-schema-graph\">{\"@context\":\"https:\/\/schema.org\",\"@graph\":[{\"@type\":\"NewsArticle\",\"@id\":\"https:\/\/www.estrategiaconcursos.com.br\/blog\/estatuto-policial-civil-pc-mg\/#article\",\"isPartOf\":{\"@id\":\"https:\/\/www.estrategiaconcursos.com.br\/blog\/estatuto-policial-civil-pc-mg\/\"},\"author\":{\"name\":\"Kassio Henrique Sobral Rocha\",\"@id\":\"https:\/\/www.estrategiaconcursos.com.br\/blog\/#\/schema\/person\/f0c830e07cfe11c231c0ea5dbb036df5\"},\"headline\":\"Resumo do Estatuto do Policial Civil para a PC-MG\",\"datePublished\":\"2022-04-30T18:10:00+00:00\",\"mainEntityOfPage\":{\"@id\":\"https:\/\/www.estrategiaconcursos.com.br\/blog\/estatuto-policial-civil-pc-mg\/\"},\"wordCount\":2302,\"commentCount\":0,\"publisher\":{\"@id\":\"https:\/\/www.estrategiaconcursos.com.br\/blog\/#organization\"},\"image\":{\"@id\":\"https:\/\/www.estrategiaconcursos.com.br\/blog\/estatuto-policial-civil-pc-mg\/#primaryimage\"},\"thumbnailUrl\":\"https:\/\/dhg1h5j42swfq.cloudfront.net\/2022\/01\/19101204\/pc-mg.jpg\",\"articleSection\":[\"Concursos P\u00fablicos\",\"Executivo (Administrativa)\"],\"inLanguage\":\"pt-BR\",\"potentialAction\":[{\"@type\":\"CommentAction\",\"name\":\"Comment\",\"target\":[\"https:\/\/www.estrategiaconcursos.com.br\/blog\/estatuto-policial-civil-pc-mg\/#respond\"]}],\"copyrightYear\":\"2022\",\"copyrightHolder\":{\"@id\":\"https:\/\/www.estrategiaconcursos.com.br\/blog\/#organization\"}},{\"@type\":\"WebPage\",\"@id\":\"https:\/\/www.estrategiaconcursos.com.br\/blog\/estatuto-policial-civil-pc-mg\/\",\"url\":\"https:\/\/www.estrategiaconcursos.com.br\/blog\/estatuto-policial-civil-pc-mg\/\",\"name\":\"Resumo do Estatuto do Policial Civil para a PC-MG\",\"isPartOf\":{\"@id\":\"https:\/\/www.estrategiaconcursos.com.br\/blog\/#website\"},\"primaryImageOfPage\":{\"@id\":\"https:\/\/www.estrategiaconcursos.com.br\/blog\/estatuto-policial-civil-pc-mg\/#primaryimage\"},\"image\":{\"@id\":\"https:\/\/www.estrategiaconcursos.com.br\/blog\/estatuto-policial-civil-pc-mg\/#primaryimage\"},\"thumbnailUrl\":\"https:\/\/dhg1h5j42swfq.cloudfront.net\/2022\/01\/19101204\/pc-mg.jpg\",\"datePublished\":\"2022-04-30T18:10:00+00:00\",\"description\":\"Veja neste artigo uma an\u00e1lise sobre o Estatuto do Policial Civil de Minas Gerais, na\u00a0Lei Org\u00e2nica da Pol\u00edcia Civil, para o concurso da\u00a0PC-MG.\",\"breadcrumb\":{\"@id\":\"https:\/\/www.estrategiaconcursos.com.br\/blog\/estatuto-policial-civil-pc-mg\/#breadcrumb\"},\"inLanguage\":\"pt-BR\",\"potentialAction\":[{\"@type\":\"ReadAction\",\"target\":[\"https:\/\/www.estrategiaconcursos.com.br\/blog\/estatuto-policial-civil-pc-mg\/\"]}]},{\"@type\":\"ImageObject\",\"inLanguage\":\"pt-BR\",\"@id\":\"https:\/\/www.estrategiaconcursos.com.br\/blog\/estatuto-policial-civil-pc-mg\/#primaryimage\",\"url\":\"https:\/\/dhg1h5j42swfq.cloudfront.net\/2022\/01\/19101204\/pc-mg.jpg\",\"contentUrl\":\"https:\/\/dhg1h5j42swfq.cloudfront.net\/2022\/01\/19101204\/pc-mg.jpg\",\"width\":1024,\"height\":768,\"caption\":\"Pir\u00e2mide de Glasser e o concurso da PC-MG\"},{\"@type\":\"BreadcrumbList\",\"@id\":\"https:\/\/www.estrategiaconcursos.com.br\/blog\/estatuto-policial-civil-pc-mg\/#breadcrumb\",\"itemListElement\":[{\"@type\":\"ListItem\",\"position\":1,\"name\":\"In\u00edcio\",\"item\":\"https:\/\/www.estrategiaconcursos.com.br\/blog\/\"},{\"@type\":\"ListItem\",\"position\":2,\"name\":\"Resumo do Estatuto do Policial Civil para a PC-MG\"}]},{\"@type\":\"WebSite\",\"@id\":\"https:\/\/www.estrategiaconcursos.com.br\/blog\/#website\",\"url\":\"https:\/\/www.estrategiaconcursos.com.br\/blog\/\",\"name\":\"Estrat\u00e9gia Concursos\",\"description\":\"O blog da Estrat\u00e9gia Concursos traz not\u00edcias sobre concursos e artigos de professores oferecendo cursos para concursos (pdf + videaulas) no site.\",\"publisher\":{\"@id\":\"https:\/\/www.estrategiaconcursos.com.br\/blog\/#organization\"},\"potentialAction\":[{\"@type\":\"SearchAction\",\"target\":{\"@type\":\"EntryPoint\",\"urlTemplate\":\"https:\/\/www.estrategiaconcursos.com.br\/blog\/?s={search_term_string}\"},\"query-input\":{\"@type\":\"PropertyValueSpecification\",\"valueRequired\":true,\"valueName\":\"search_term_string\"}}],\"inLanguage\":\"pt-BR\"},{\"@type\":\"Organization\",\"@id\":\"https:\/\/www.estrategiaconcursos.com.br\/blog\/#organization\",\"name\":\"Estrat\u00e9gia Concursos\",\"url\":\"https:\/\/www.estrategiaconcursos.com.br\/blog\/\",\"logo\":{\"@type\":\"ImageObject\",\"inLanguage\":\"pt-BR\",\"@id\":\"https:\/\/www.estrategiaconcursos.com.br\/blog\/#\/schema\/logo\/image\/\",\"url\":\"https:\/\/dhg1h5j42swfq.cloudfront.net\/2025\/06\/03203428\/logo_concursos-1.jpg\",\"contentUrl\":\"https:\/\/dhg1h5j42swfq.cloudfront.net\/2025\/06\/03203428\/logo_concursos-1.jpg\",\"width\":230,\"height\":60,\"caption\":\"Estrat\u00e9gia Concursos\"},\"image\":{\"@id\":\"https:\/\/www.estrategiaconcursos.com.br\/blog\/#\/schema\/logo\/image\/\"},\"sameAs\":[\"https:\/\/x.com\/EstratConcursos\"]},{\"@type\":\"Person\",\"@id\":\"https:\/\/www.estrategiaconcursos.com.br\/blog\/#\/schema\/person\/f0c830e07cfe11c231c0ea5dbb036df5\",\"name\":\"Kassio Henrique Sobral Rocha\",\"image\":{\"@type\":\"ImageObject\",\"inLanguage\":\"pt-BR\",\"@id\":\"https:\/\/secure.gravatar.com\/avatar\/d10350cbdad043facd8ec77a377f86f9026afee3348e463b04854fd4490ce759?s=96&d=mm&r=g\",\"url\":\"https:\/\/secure.gravatar.com\/avatar\/d10350cbdad043facd8ec77a377f86f9026afee3348e463b04854fd4490ce759?s=96&d=mm&r=g\",\"contentUrl\":\"https:\/\/secure.gravatar.com\/avatar\/d10350cbdad043facd8ec77a377f86f9026afee3348e463b04854fd4490ce759?s=96&d=mm&r=g\",\"caption\":\"Kassio Henrique Sobral Rocha\"},\"url\":\"https:\/\/www.estrategiaconcursos.com.br\/blog\/author\/kassio-rochayahoo-com-br\/\"}]}<\/script>\n<!-- \/ Yoast SEO Premium plugin. -->","yoast_head_json":{"title":"Resumo do Estatuto do Policial Civil para a PC-MG","description":"Veja neste artigo uma an\u00e1lise sobre o Estatuto do Policial Civil de Minas Gerais, na\u00a0Lei Org\u00e2nica da Pol\u00edcia Civil, para o concurso da\u00a0PC-MG.","robots":{"index":"index","follow":"follow","max-snippet":"max-snippet:-1","max-image-preview":"max-image-preview:large","max-video-preview":"max-video-preview:-1"},"canonical":"https:\/\/www.estrategiaconcursos.com.br\/blog\/estatuto-policial-civil-pc-mg\/","og_locale":"pt_BR","og_type":"article","og_title":"Resumo do Estatuto do Policial Civil para a PC-MG","og_description":"Veja neste artigo uma an\u00e1lise sobre o Estatuto do Policial Civil de Minas Gerais, na\u00a0Lei Org\u00e2nica da Pol\u00edcia Civil, para o concurso da\u00a0PC-MG.","og_url":"https:\/\/www.estrategiaconcursos.com.br\/blog\/estatuto-policial-civil-pc-mg\/","og_site_name":"Estrat\u00e9gia Concursos","article_published_time":"2022-04-30T18:10:00+00:00","og_image":[{"width":1024,"height":768,"url":"https:\/\/dhg1h5j42swfq.cloudfront.net\/2022\/01\/19101204\/pc-mg.jpg","type":"image\/jpeg"}],"author":"Kassio Henrique Sobral Rocha","twitter_card":"summary_large_image","twitter_creator":"@EstratConcursos","twitter_site":"@EstratConcursos","twitter_misc":{"Escrito por":"Kassio Henrique Sobral Rocha","Est. tempo de leitura":"12 minutos"},"schema":{"@context":"https:\/\/schema.org","@graph":[{"@type":"NewsArticle","@id":"https:\/\/www.estrategiaconcursos.com.br\/blog\/estatuto-policial-civil-pc-mg\/#article","isPartOf":{"@id":"https:\/\/www.estrategiaconcursos.com.br\/blog\/estatuto-policial-civil-pc-mg\/"},"author":{"name":"Kassio Henrique Sobral Rocha","@id":"https:\/\/www.estrategiaconcursos.com.br\/blog\/#\/schema\/person\/f0c830e07cfe11c231c0ea5dbb036df5"},"headline":"Resumo do Estatuto do Policial Civil para a PC-MG","datePublished":"2022-04-30T18:10:00+00:00","mainEntityOfPage":{"@id":"https:\/\/www.estrategiaconcursos.com.br\/blog\/estatuto-policial-civil-pc-mg\/"},"wordCount":2302,"commentCount":0,"publisher":{"@id":"https:\/\/www.estrategiaconcursos.com.br\/blog\/#organization"},"image":{"@id":"https:\/\/www.estrategiaconcursos.com.br\/blog\/estatuto-policial-civil-pc-mg\/#primaryimage"},"thumbnailUrl":"https:\/\/dhg1h5j42swfq.cloudfront.net\/2022\/01\/19101204\/pc-mg.jpg","articleSection":["Concursos P\u00fablicos","Executivo (Administrativa)"],"inLanguage":"pt-BR","potentialAction":[{"@type":"CommentAction","name":"Comment","target":["https:\/\/www.estrategiaconcursos.com.br\/blog\/estatuto-policial-civil-pc-mg\/#respond"]}],"copyrightYear":"2022","copyrightHolder":{"@id":"https:\/\/www.estrategiaconcursos.com.br\/blog\/#organization"}},{"@type":"WebPage","@id":"https:\/\/www.estrategiaconcursos.com.br\/blog\/estatuto-policial-civil-pc-mg\/","url":"https:\/\/www.estrategiaconcursos.com.br\/blog\/estatuto-policial-civil-pc-mg\/","name":"Resumo do Estatuto do Policial Civil para a PC-MG","isPartOf":{"@id":"https:\/\/www.estrategiaconcursos.com.br\/blog\/#website"},"primaryImageOfPage":{"@id":"https:\/\/www.estrategiaconcursos.com.br\/blog\/estatuto-policial-civil-pc-mg\/#primaryimage"},"image":{"@id":"https:\/\/www.estrategiaconcursos.com.br\/blog\/estatuto-policial-civil-pc-mg\/#primaryimage"},"thumbnailUrl":"https:\/\/dhg1h5j42swfq.cloudfront.net\/2022\/01\/19101204\/pc-mg.jpg","datePublished":"2022-04-30T18:10:00+00:00","description":"Veja neste artigo uma an\u00e1lise sobre o Estatuto do Policial Civil de Minas Gerais, na\u00a0Lei Org\u00e2nica da Pol\u00edcia Civil, para o concurso da\u00a0PC-MG.","breadcrumb":{"@id":"https:\/\/www.estrategiaconcursos.com.br\/blog\/estatuto-policial-civil-pc-mg\/#breadcrumb"},"inLanguage":"pt-BR","potentialAction":[{"@type":"ReadAction","target":["https:\/\/www.estrategiaconcursos.com.br\/blog\/estatuto-policial-civil-pc-mg\/"]}]},{"@type":"ImageObject","inLanguage":"pt-BR","@id":"https:\/\/www.estrategiaconcursos.com.br\/blog\/estatuto-policial-civil-pc-mg\/#primaryimage","url":"https:\/\/dhg1h5j42swfq.cloudfront.net\/2022\/01\/19101204\/pc-mg.jpg","contentUrl":"https:\/\/dhg1h5j42swfq.cloudfront.net\/2022\/01\/19101204\/pc-mg.jpg","width":1024,"height":768,"caption":"Pir\u00e2mide de Glasser e o concurso da PC-MG"},{"@type":"BreadcrumbList","@id":"https:\/\/www.estrategiaconcursos.com.br\/blog\/estatuto-policial-civil-pc-mg\/#breadcrumb","itemListElement":[{"@type":"ListItem","position":1,"name":"In\u00edcio","item":"https:\/\/www.estrategiaconcursos.com.br\/blog\/"},{"@type":"ListItem","position":2,"name":"Resumo do Estatuto do Policial Civil para a PC-MG"}]},{"@type":"WebSite","@id":"https:\/\/www.estrategiaconcursos.com.br\/blog\/#website","url":"https:\/\/www.estrategiaconcursos.com.br\/blog\/","name":"Estrat\u00e9gia Concursos","description":"O blog da Estrat\u00e9gia Concursos traz not\u00edcias sobre concursos e artigos de professores oferecendo cursos para concursos (pdf + videaulas) no site.","publisher":{"@id":"https:\/\/www.estrategiaconcursos.com.br\/blog\/#organization"},"potentialAction":[{"@type":"SearchAction","target":{"@type":"EntryPoint","urlTemplate":"https:\/\/www.estrategiaconcursos.com.br\/blog\/?s={search_term_string}"},"query-input":{"@type":"PropertyValueSpecification","valueRequired":true,"valueName":"search_term_string"}}],"inLanguage":"pt-BR"},{"@type":"Organization","@id":"https:\/\/www.estrategiaconcursos.com.br\/blog\/#organization","name":"Estrat\u00e9gia Concursos","url":"https:\/\/www.estrategiaconcursos.com.br\/blog\/","logo":{"@type":"ImageObject","inLanguage":"pt-BR","@id":"https:\/\/www.estrategiaconcursos.com.br\/blog\/#\/schema\/logo\/image\/","url":"https:\/\/dhg1h5j42swfq.cloudfront.net\/2025\/06\/03203428\/logo_concursos-1.jpg","contentUrl":"https:\/\/dhg1h5j42swfq.cloudfront.net\/2025\/06\/03203428\/logo_concursos-1.jpg","width":230,"height":60,"caption":"Estrat\u00e9gia Concursos"},"image":{"@id":"https:\/\/www.estrategiaconcursos.com.br\/blog\/#\/schema\/logo\/image\/"},"sameAs":["https:\/\/x.com\/EstratConcursos"]},{"@type":"Person","@id":"https:\/\/www.estrategiaconcursos.com.br\/blog\/#\/schema\/person\/f0c830e07cfe11c231c0ea5dbb036df5","name":"Kassio Henrique Sobral Rocha","image":{"@type":"ImageObject","inLanguage":"pt-BR","@id":"https:\/\/secure.gravatar.com\/avatar\/d10350cbdad043facd8ec77a377f86f9026afee3348e463b04854fd4490ce759?s=96&d=mm&r=g","url":"https:\/\/secure.gravatar.com\/avatar\/d10350cbdad043facd8ec77a377f86f9026afee3348e463b04854fd4490ce759?s=96&d=mm&r=g","contentUrl":"https:\/\/secure.gravatar.com\/avatar\/d10350cbdad043facd8ec77a377f86f9026afee3348e463b04854fd4490ce759?s=96&d=mm&r=g","caption":"Kassio Henrique Sobral Rocha"},"url":"https:\/\/www.estrategiaconcursos.com.br\/blog\/author\/kassio-rochayahoo-com-br\/"}]}},"_links":{"self":[{"href":"https:\/\/www.estrategiaconcursos.com.br\/blog\/wp-json\/wp\/v2\/posts\/1011289","targetHints":{"allow":["GET"]}}],"collection":[{"href":"https:\/\/www.estrategiaconcursos.com.br\/blog\/wp-json\/wp\/v2\/posts"}],"about":[{"href":"https:\/\/www.estrategiaconcursos.com.br\/blog\/wp-json\/wp\/v2\/types\/post"}],"author":[{"embeddable":true,"href":"https:\/\/www.estrategiaconcursos.com.br\/blog\/wp-json\/wp\/v2\/users\/1976"}],"replies":[{"embeddable":true,"href":"https:\/\/www.estrategiaconcursos.com.br\/blog\/wp-json\/wp\/v2\/comments?post=1011289"}],"version-history":[{"count":29,"href":"https:\/\/www.estrategiaconcursos.com.br\/blog\/wp-json\/wp\/v2\/posts\/1011289\/revisions"}],"predecessor-version":[{"id":1011355,"href":"https:\/\/www.estrategiaconcursos.com.br\/blog\/wp-json\/wp\/v2\/posts\/1011289\/revisions\/1011355"}],"wp:featuredmedia":[{"embeddable":true,"href":"https:\/\/www.estrategiaconcursos.com.br\/blog\/wp-json\/wp\/v2\/media\/950259"}],"wp:attachment":[{"href":"https:\/\/www.estrategiaconcursos.com.br\/blog\/wp-json\/wp\/v2\/media?parent=1011289"}],"wp:term":[{"taxonomy":"category","embeddable":true,"href":"https:\/\/www.estrategiaconcursos.com.br\/blog\/wp-json\/wp\/v2\/categories?post=1011289"},{"taxonomy":"post_tag","embeddable":true,"href":"https:\/\/www.estrategiaconcursos.com.br\/blog\/wp-json\/wp\/v2\/tags?post=1011289"},{"taxonomy":"tax_estado","embeddable":true,"href":"https:\/\/www.estrategiaconcursos.com.br\/blog\/wp-json\/wp\/v2\/tax_estado?post=1011289"}],"curies":[{"name":"wp","href":"https:\/\/api.w.org\/{rel}","templated":true}]}}