{"id":1010272,"date":"2022-04-30T14:07:00","date_gmt":"2022-04-30T17:07:00","guid":{"rendered":"https:\/\/www.estrategiaconcursos.com.br\/blog\/?p=1010272"},"modified":"2023-09-01T13:15:30","modified_gmt":"2023-09-01T16:15:30","slug":"lei-anticorrupcao-para-sefaz-am-lei","status":"publish","type":"post","link":"https:\/\/www.estrategiaconcursos.com.br\/blog\/lei-anticorrupcao-para-sefaz-am-lei\/","title":{"rendered":"Resumo da Lei AntiCorrup\u00e7\u00e3o para SEFAZ-AM &#8211; Lei 12.846\/2013"},"content":{"rendered":"\n<p>Ol\u00e1, pessoal. Tudo certo? No artigo de hoje veremos o Resumo da Lei AntiCorrup\u00e7\u00e3o para SEFAZ-AM, Lei 12.846\/2013 que disp\u00f5e sobre a responsabiliza\u00e7\u00e3o administrativa e civil de pessoas jur\u00eddicas pela pr\u00e1tica de atos contra a administra\u00e7\u00e3o p\u00fablica, nacional ou estrangeira.<\/p>\n\n\n\n<p>Os t\u00f3picos a serem vistos:<\/p>\n\n\n\n<ul class=\"wp-block-list\">\n<li>Abrang\u00eancia da Lei<\/li>\n\n\n\n<li>Responsabilidade<\/li>\n\n\n\n<li>Da responsabiliza\u00e7\u00e3o administrativa<\/li>\n\n\n\n<li>Processo Administrativo de Responsabiliza\u00e7\u00e3o<\/li>\n\n\n\n<li>Acordo de Leni\u00eancia<\/li>\n\n\n\n<li>Responsabiliza\u00e7\u00e3o judicial<\/li>\n\n\n\n<li>Disposi\u00e7\u00f5es Finais<\/li>\n<\/ul>\n\n\n\n<p>Sem mais delongas, vamos l\u00e1.<\/p>\n\n\n\n<h2 class=\"wp-block-heading\" id=\"abrangencia-da-lei\">Abrang\u00eancia da Lei<\/h2>\n\n\n\n<p>Dando in\u00edcio ao Resumo da Lei AntiCorrup\u00e7\u00e3o para SEFAZ-AM, vejamos sobre a abrang\u00eancia.<\/p>\n\n\n\n<p><mark style=\"background-color:rgba(0, 0, 0, 0)\" class=\"has-inline-color has-vivid-cyan-blue-color\"><strong>Abrang\u00eancia<\/strong> <\/mark>(Art. 1\u00ba): pessoas jur\u00eddicas pela pr\u00e1tica de atos contra a administra\u00e7\u00e3o p\u00fablica, nacional ou <strong>estrangeira<\/strong>.<\/p>\n\n\n\n<p><a><\/a>Vimos que se trata da responsabiliza\u00e7\u00e3o objetiva nas esferas administrativas e civil.<\/p>\n\n\n\n<p>Assim, podemos tratar a sujei\u00e7\u00e3o como:<\/p>\n\n\n\n<figure class=\"wp-block-image size-full\"><img loading=\"lazy\" decoding=\"async\" width=\"886\" height=\"274\" src=\"https:\/\/dhg1h5j42swfq.cloudfront.net\/2022\/04\/16144937\/image-207.png\" alt=\"Resumo da Lei AntiCorrup\u00e7\u00e3o para SEFAZ-AM - Lei 12.846\/2013 \" class=\"wp-image-1010273\" srcset=\"https:\/\/dhg1h5j42swfq.cloudfront.net\/2022\/04\/16144937\/image-207.png 886w, https:\/\/dhg1h5j42swfq.cloudfront.net\/2022\/04\/16144937\/image-207-300x93.png 300w, https:\/\/dhg1h5j42swfq.cloudfront.net\/2022\/04\/16144937\/image-207-768x238.png 768w, https:\/\/dhg1h5j42swfq.cloudfront.net\/2022\/04\/16144937\/image-207-610x189.png 610w\" sizes=\"auto, (max-width: 886px) 100vw, 886px\" \/><figcaption class=\"wp-element-caption\">Resumo da Lei AntiCorrup\u00e7\u00e3o para SEFAZ-AM &#8211; Lei 12.846\/2013 <\/figcaption><\/figure>\n\n\n\n<p>Para que n\u00e3o fique d\u00favidas, conhe\u00e7amos as disposi\u00e7\u00f5es em lei.<\/p>\n\n\n\n<p><strong><mark style=\"background-color:rgba(0, 0, 0, 0)\" class=\"has-inline-color has-vivid-green-cyan-color\">Administra\u00e7\u00e3o p\u00fablica estrangeira <\/mark><\/strong>(Art. 5, \u00a7 1\u00ba): \u00f3rg\u00e3os e entidades estatais ou <strong>representa\u00e7\u00f5es diplom\u00e1ticas<\/strong> de pa\u00eds estrangeiro, de qualquer n\u00edvel ou esfera de governo, bem como as <strong>pessoas jur\u00eddicas controlada<\/strong>s, direta ou indiretamente, <strong>pelo poder p\u00fablico de pa\u00eds estrangeiro.<\/strong><\/p>\n\n\n\n<p><strong><mark style=\"background-color:rgba(0, 0, 0, 0)\" class=\"has-inline-color has-vivid-green-cyan-color\">Agente p\u00fablico estrangeiro <\/mark><\/strong>(Art. 5, \u00a7 3\u00ba): quem, ainda que transitoriamente ou sem remunera\u00e7\u00e3o, exer\u00e7a cargo, emprego ou fun\u00e7\u00e3o p\u00fablica em \u00f3rg\u00e3os, entidades estatais ou em <strong>representa\u00e7\u00f5es diplom\u00e1ticas<\/strong> de pa\u00eds estrangeiro, assim como em <strong>pessoas jur\u00eddicas controladas<\/strong>, direta ou indiretamente, <strong>pelo poder p\u00fablico de pa\u00eds estrangeiro ou em organiza\u00e7\u00f5es p\u00fablicas internacionais<\/strong>.<\/p>\n\n\n\n<h2 class=\"wp-block-heading\" id=\"responsabilidade\">Responsabilidade<\/h2>\n\n\n\n<p>Continuando o Resumo da Lei AntiCorrup\u00e7\u00e3o para SEFAZ-AM, agora vamos come\u00e7ar a tratar sobre a responsabilidade.<\/p>\n\n\n\n<p><strong><mark style=\"background-color:rgba(0, 0, 0, 0)\" class=\"has-inline-color has-vivid-cyan-blue-color\">Responsabilidade<\/mark><\/strong><\/p>\n\n\n\n<ul class=\"wp-block-list\">\n<li><strong>Resp. da PJ n\u00e3o exclui<\/strong> a responsabilidade individual de <strong>dirigentes<\/strong> ou administradores ou de qualquer pessoa natural (Art. 3\u00ba)<\/li>\n\n\n\n<li><strong>Resp. da PJ independentemente<\/strong> da responsabiliza\u00e7\u00e3o individual das <strong>pessoas naturais<\/strong> (Art. 3, \u00a71\u00ba)<\/li>\n\n\n\n<li>Resp. dirigentes ou administradores somente ser\u00e3o responsabilizados por atos il\u00edcitos na medida da sua culpabilidade (Art. 3, \u00a72\u00ba)<\/li>\n<\/ul>\n\n\n\n<p>Atente-se a diferen\u00e7a.<\/p>\n\n\n\n<p><strong><mark style=\"background-color:rgba(0, 0, 0, 0)\" class=\"has-inline-color has-cyan-bluish-gray-color\">Responsabilidade PJ <\/mark><mark style=\"background-color:rgba(0, 0, 0, 0)\" class=\"has-inline-color has-vivid-red-color\">X<\/mark><mark style=\"background-color:rgba(0, 0, 0, 0)\" class=\"has-inline-color has-cyan-bluish-gray-color\"> Dirigentes<\/mark><\/strong><\/p>\n\n\n\n<ul class=\"wp-block-list\">\n<li><mark style=\"background-color:rgba(0, 0, 0, 0)\" class=\"has-inline-color has-vivid-purple-color\"><strong>Pessoa jur\u00eddica<\/strong>\u00a0<\/mark>(Art. 2): ser\u00e3o responsabilizadas\u00a0objetivamente.<\/li>\n\n\n\n<li><strong><mark style=\"background-color:rgba(0, 0, 0, 0)\" class=\"has-inline-color has-vivid-purple-color\">Dirigentes ou administradores<\/mark><\/strong>&nbsp;(Art. 3, \u00a72\u00ba): responsabilidade&nbsp;subjetiva&nbsp;\u2013 somente ser\u00e3o responsabilizados por atos il\u00edcitos na medida da sua culpabilidade.<\/li>\n<\/ul>\n\n\n\n<p>Ainda, <strong>subsiste a responsabilidade<\/strong> da pessoa jur\u00eddica na hip\u00f3tese de <strong>altera\u00e7\u00e3o contratual<\/strong>, transforma\u00e7\u00e3o, incorpora\u00e7\u00e3o, fus\u00e3o ou cis\u00e3o societ\u00e1ria (Art. 4)<\/p>\n\n\n\n<ul class=\"wp-block-list\">\n<li><strong><mark style=\"background-color:rgba(0, 0, 0, 0)\" class=\"has-inline-color has-vivid-green-cyan-color\">Responsabilidade na fus\u00e3o e incorpora\u00e7\u00e3o<\/mark><\/strong> (Art. 4, \u00a71\u00ba): <strong>responsabilidade da sucessora ser\u00e1 restrita<\/strong> \u00e0 obriga\u00e7\u00e3o de pagamento de multa e repara\u00e7\u00e3o integral do dano causado, <strong>at\u00e9 o limite do patrim\u00f4nio transferido<\/strong>, n\u00e3o lhe sendo aplic\u00e1veis as demais san\u00e7\u00f5es previstas nesta Lei decorrentes de atos e fatos ocorridos antes da data da fus\u00e3o ou incorpora\u00e7\u00e3o, exceto no caso de simula\u00e7\u00e3o ou evidente intuito de fraude, devidamente comprovados.<\/li>\n<\/ul>\n\n\n\n<ul class=\"wp-block-list\">\n<li><strong><mark style=\"background-color:rgba(0, 0, 0, 0)\" class=\"has-inline-color has-vivid-green-cyan-color\">Responsabilidade de controladoras, controladas, coligadas e consorciadas<\/mark> <\/strong>(Art. 4, \u00a72\u00ba): <strong>solidariamente respons\u00e1veis<\/strong> pela pr\u00e1tica dos atos previstos nesta Lei, <strong>restringindo-se tal responsabilidade \u00e0 obriga\u00e7\u00e3o de pagamento de multa e repara\u00e7\u00e3o integral do dano causado<\/strong>.<\/li>\n<\/ul>\n\n\n\n<p>Por fim, fiquemos com uma importante defini\u00e7\u00e3o.<\/p>\n\n\n\n<p><strong><mark style=\"background-color:rgba(0, 0, 0, 0)\" class=\"has-inline-color has-vivid-purple-color\">Constituem atos lesivos<\/mark> <\/strong>(Art. 5\u00ba): todos <strong>aqueles praticados pelas pessoas jur\u00eddicas <\/strong>que <strong>atentem contra:<\/strong><\/p>\n\n\n\n<ul class=\"wp-block-list\">\n<li>Patrim\u00f4nio p\u00fablico nacional ou estrangeiro,<\/li>\n\n\n\n<li>Princ\u00edpios da administra\u00e7\u00e3o p\u00fablica; ou<\/li>\n\n\n\n<li>Compromissos internacionais assumidos pelo Brasil<\/li>\n<\/ul>\n\n\n\n<h2 class=\"wp-block-heading\" id=\"da-responsabilizacao-administrativa\">Da responsabiliza\u00e7\u00e3o administrativa<\/h2>\n\n\n\n<p>Conhe\u00e7amos as <strong>san\u00e7\u00f5es<\/strong> na esfera administrativa, mas saiba que elas <strong>poder\u00e3o ser aplicadas, isolada ou cumulativamente, de acordo<\/strong> com as peculiaridades do <strong>caso concreto <\/strong>e com a gravidade e natureza das infra\u00e7\u00f5es (Art. 6, \u00a71\u00ba).<\/p>\n\n\n\n<p><mark style=\"background-color:rgba(0, 0, 0, 0)\" class=\"has-inline-color has-vivid-cyan-blue-color\"><strong>San\u00e7\u00f5es<\/strong> <\/mark>(Art. 6\u00ba):<\/p>\n\n\n\n<ul class=\"wp-block-list\">\n<li>I &#8211; <strong><mark style=\"background-color:rgba(0, 0, 0, 0)\" class=\"has-inline-color has-vivid-green-cyan-color\">multa<\/mark><\/strong>, no <strong>valor de 0,1% a 20% do faturamento bruto<\/strong> do \u00faltimo <strong>exerc\u00edcio anterior ao da instaura\u00e7\u00e3o do processo administrativo<\/strong>, exclu\u00eddos os tributos, a qual nunca ser\u00e1 inferior \u00e0 vantagem auferida, quando for poss\u00edvel sua estima\u00e7\u00e3o; e <mark style=\"background-color:rgba(0, 0, 0, 0)\" class=\"has-inline-color has-vivid-purple-color\">-&gt; caso n\u00e3o seja poss\u00edvel utilizar o crit\u00e9rio do valor do faturamento bruto da pessoa jur\u00eddica, a multa ser\u00e1 de R$ 6.000 a R$ 60.000.000 (\u00a74\u00ba)<\/mark><\/li>\n<\/ul>\n\n\n\n<ul class=\"wp-block-list\">\n<li>II &#8211; <mark style=\"background-color:rgba(0, 0, 0, 0)\" class=\"has-inline-color has-vivid-green-cyan-color\"><strong>publica\u00e7\u00e3o extraordin\u00e1ria<\/strong> <strong>da decis\u00e3o condenat\u00f3ria<\/strong><\/mark> &#8211;<mark style=\"background-color:rgba(0, 0, 0, 0)\" class=\"has-inline-color has-vivid-purple-color\">&gt; ocorrer\u00e1 na forma de extrato de senten\u00e7a, a expensas da PJ, em meios de comunica\u00e7\u00e3o de grande circula\u00e7\u00e3o ou, na sua falta, em publica\u00e7\u00e3o de circula\u00e7\u00e3o nacional, bem como por meio de afixa\u00e7\u00e3o de edital, pelo prazo m\u00ednimo de 30 dias, no pr\u00f3prio estabelecimento ou no local de exerc\u00edcio da atividade, de modo vis\u00edvel ao p\u00fablico, e no s\u00edtio eletr\u00f4nico na rede mundial de computadores.<\/mark><\/li>\n<\/ul>\n\n\n\n<p>Veja que \u00e9 necess\u00e1rio dosar a pena a depender do caso concreto.<\/p>\n\n\n\n<p><strong><mark style=\"background-color:rgba(0, 0, 0, 0)\" class=\"has-inline-color has-vivid-cyan-blue-color\">Crit\u00e9rios para aplica\u00e7\u00e3o de san\u00e7\u00f5es<\/mark><\/strong> (Art. 7\u00ba)<\/p>\n\n\n\n<ul class=\"wp-block-list\">\n<li>I &#8211; a gravidade da infra\u00e7\u00e3o;<\/li>\n\n\n\n<li>II &#8211; a vantagem auferida ou pretendida pelo infrator;<\/li>\n\n\n\n<li>III &#8211; a consuma\u00e7\u00e3o ou n\u00e3o da infra\u00e7\u00e3o;<\/li>\n\n\n\n<li>IV &#8211; o grau de les\u00e3o ou perigo de les\u00e3o;<\/li>\n\n\n\n<li>V &#8211; o efeito negativo produzido pela infra\u00e7\u00e3o;<\/li>\n\n\n\n<li>VI &#8211; a situa\u00e7\u00e3o econ\u00f4mica do infrator;<\/li>\n\n\n\n<li>VII &#8211; a coopera\u00e7\u00e3o da pessoa jur\u00eddica para a apura\u00e7\u00e3o das infra\u00e7\u00f5es;<\/li>\n\n\n\n<li>VIII &#8211; a exist\u00eancia de mecanismos e procedimentos internos de integridade, auditoria e incentivo \u00e0 den\u00fancia de irregularidades e a aplica\u00e7\u00e3o efetiva de c\u00f3digos de \u00e9tica e de conduta no \u00e2mbito da pessoa jur\u00eddica;<\/li>\n\n\n\n<li>IX &#8211; o valor dos contratos mantidos pela pessoa jur\u00eddica com o \u00f3rg\u00e3o ou entidade p\u00fablica lesados; e<\/li>\n<\/ul>\n\n\n\n<h2 class=\"wp-block-heading\" id=\"processo-administrativo-de-responsabilizacao\">Processo Administrativo de Responsabiliza\u00e7\u00e3o<\/h2>\n\n\n\n<p>Agora vamos tratar sobre o <strong><mark style=\"background-color:rgba(0, 0, 0, 0)\" class=\"has-inline-color has-vivid-cyan-blue-color\">Processo Administrativo de Responsabiliza\u00e7\u00e3o<\/mark><\/strong>, tratando sobre a compet\u00eancia para instaura\u00e7\u00e3o e julgamento.<\/p>\n\n\n\n<p><mark style=\"background-color:rgba(0, 0, 0, 0)\" class=\"has-inline-color has-vivid-green-cyan-color\"><strong>Compet\u00eancia<\/strong> <\/mark>(Art. 8\u00ba): <strong>autoridade m\u00e1xima de cada \u00f3rg\u00e3o<\/strong> ou entidade dos Poderes Executivo, Legislativo e Judici\u00e1rio, que agir\u00e1 de of\u00edcio ou mediante provoca\u00e7\u00e3o, observados o contradit\u00f3rio e a ampla defesa. -> poder\u00e1 ser delegada, vedada a subdelega\u00e7\u00e3o (\u00a71\u00ba)<\/p>\n\n\n\n<p><strong><mark style=\"background-color:rgba(0, 0, 0, 0)\" class=\"has-inline-color has-vivid-green-cyan-color\">Apura\u00e7\u00e3o <\/mark><\/strong>(Art. 10\u00ba): <strong>comiss\u00e3o<\/strong> designada pela autoridade instauradora e composta por 2 ou mais servidores est\u00e1veis.<\/p>\n\n\n\n<p><strong><mark style=\"background-color:rgba(0, 0, 0, 0)\" class=\"has-inline-color has-vivid-green-cyan-color\">Prazo <\/mark><\/strong>(Art. 10\u00ba, \u00a73\u00ba): <strong>180 dias<\/strong> contados da data da publica\u00e7\u00e3o do ato que a instituir e, ao final, <strong>apresentar <\/strong><mark style=\"background-color:rgba(0, 0, 0, 0)\" class=\"has-inline-color has-vivid-purple-color\"><strong>relat\u00f3rios<\/strong> <\/mark>sobre os fatos apurados e eventual responsabilidade da pessoa jur\u00eddica, sugerindo de forma motivada as san\u00e7\u00f5es a serem aplicadas. &#8211;<mark style=\"background-color:rgba(0, 0, 0, 0)\" class=\"has-inline-color has-vivid-purple-color\">&gt; com o relat\u00f3rio da comiss\u00e3o, ser\u00e1 remetido \u00e0 autoridade instauradora para julgamento (Art. 12)<\/mark><\/p>\n\n\n\n<p>Obviamente que respeitando o direito do contradit\u00f3rio e ampla defesa, ser\u00e1 concedido \u00e0 <strong>pessoa jur\u00eddica prazo de 30 dias para <mark style=\"background-color:rgba(0, 0, 0, 0)\" class=\"has-inline-color has-luminous-vivid-orange-color\">defesa<\/mark><\/strong>, contados a partir da intima\u00e7\u00e3o (Art. 11).<\/p>\n\n\n\n<p><a><\/a>Outra informa\u00e7\u00e3o muito importante \u00e9 a possibilidade da desconsidera\u00e7\u00e3o da personalidade jur\u00eddica, vejamos.<\/p>\n\n\n\n<p><em>Art. 14. A <\/em><strong><em><mark style=\"background-color:rgba(0, 0, 0, 0)\" class=\"has-inline-color has-vivid-cyan-blue-color\">personalidade jur\u00eddica poder\u00e1 ser desconsiderada<\/mark><\/em><\/strong><em> sempre que utilizada com abuso do direito para facilitar, <strong>encobrir ou dissimular a pr\u00e1tica dos atos il\u00edcitos<\/strong> previstos nesta Lei ou para <strong>provocar confus\u00e3o patrimonial<\/strong>, sendo estendidos todos os efeitos das san\u00e7\u00f5es aplicadas \u00e0 pessoa jur\u00eddica aos seus administradores e s\u00f3cios com poderes de administra\u00e7\u00e3o, observados o contradit\u00f3rio e a ampla defesa.<\/em><\/p>\n\n\n\n<h2 class=\"wp-block-heading\" id=\"acordo-de-leniencia\">Acordo de Leni\u00eancia<\/h2>\n\n\n\n<p>Agora no Resumo da Lei AntiCorrup\u00e7\u00e3o para SEFAZ-AM, vejamos sobre o <strong><mark style=\"background-color:rgba(0, 0, 0, 0)\" class=\"has-inline-color has-vivid-cyan-blue-color\">Acordo de Leni\u00eancia<\/mark><\/strong>, esp\u00e9cie de uma dela\u00e7\u00e3o premiada.<\/p>\n\n\n\n<p><strong><mark style=\"background-color:rgba(0, 0, 0, 0)\" class=\"has-inline-color has-vivid-green-cyan-color\">Compet\u00eancia <\/mark><\/strong>(Art. 16):<strong> <\/strong>autoridade m\u00e1xima de cada \u00f3rg\u00e3o ou entidade p\u00fablica<\/p>\n\n\n\n<p><strong><mark style=\"background-color:rgba(0, 0, 0, 0)\" class=\"has-inline-color has-vivid-green-cyan-color\">Resultados<\/mark><\/strong><mark style=\"background-color:rgba(0, 0, 0, 0)\" class=\"has-inline-color has-vivid-green-cyan-color\"><strong> esperados<\/strong> (<\/mark>Art. 16) colaborem efetivamente com as investiga\u00e7\u00f5es, resultando:<\/p>\n\n\n\n<ul class=\"wp-block-list\">\n<li>I &#8211; a <strong>identifica\u00e7\u00e3o dos demais envolvidos<\/strong> na infra\u00e7\u00e3o, quando couber; e<\/li>\n\n\n\n<li>II &#8211; a <strong>obten\u00e7\u00e3o c\u00e9lere de informa\u00e7\u00f5es e documentos<\/strong> que comprovem o il\u00edcito sob apura\u00e7\u00e3o.<\/li>\n<\/ul>\n\n\n\n<p><strong><mark style=\"background-color:rgba(0, 0, 0, 0)\" class=\"has-inline-color has-luminous-vivid-amber-color\">Obs.:<\/mark><\/strong> n\u00e3o importar\u00e1 em reconhecimento da pr\u00e1tica do ato il\u00edcito investigado a proposta de acordo de leni\u00eancia rejeitada(Art. 16, \u00a77\u00ba)<\/p>\n\n\n\n<p><strong><mark style=\"background-color:rgba(0, 0, 0, 0)\" class=\"has-inline-color has-vivid-green-cyan-color\">Benef\u00edcio <\/mark><\/strong><mark style=\"background-color:rgba(0, 0, 0, 0)\" class=\"has-inline-color has-vivid-green-cyan-color\"><strong>para a \u201cdelatora<\/strong>\u201d<\/mark> (Art. 16, \u00a72\u00ba)<\/p>\n\n\n\n<ul class=\"wp-block-list\">\n<li>N\u00e3o haver\u00e1&nbsp;publica\u00e7\u00e3o extraordin\u00e1ria&nbsp;da decis\u00e3o condenat\u00f3ria (Art. 6, II)<\/li>\n\n\n\n<li>N\u00e3o haver\u00e1&nbsp;proibi\u00e7\u00e3o&nbsp;de receber incentivos, subs\u00eddios, subven\u00e7\u00f5es, doa\u00e7\u00f5es ou&nbsp;empr\u00e9stimos&nbsp;(Art. 19, IV)<\/li>\n\n\n\n<li>Reduzir\u00e1&nbsp;em at\u00e9&nbsp;2\/3&nbsp;o valor da&nbsp;multa&nbsp;<\/li>\n<\/ul>\n\n\n\n<p><strong><mark style=\"background-color:rgba(0, 0, 0, 0)\" class=\"has-inline-color has-luminous-vivid-amber-color\">Obs<\/mark><\/strong><mark style=\"background-color:rgba(0, 0, 0, 0)\" class=\"has-inline-color has-luminous-vivid-amber-color\"><strong>.:<\/strong> <\/mark>N\u00e3o<strong> <\/strong>exime a pessoa jur\u00eddica da obriga\u00e7\u00e3o de reparar integralmente o dano causado(Art. 16, \u00a73\u00ba)<\/p>\n\n\n\n<h2 class=\"wp-block-heading\" id=\"responsabilizacao-judicial\"><a><\/a>Responsabiliza\u00e7\u00e3o judicial<\/h2>\n\n\n\n<p>Sabemos que a responsabilidade na esfera administrativa n\u00e3o afasta a possibilidade de sua <strong><mark style=\"background-color:rgba(0, 0, 0, 0)\" class=\"has-inline-color has-vivid-cyan-blue-color\">responsabiliza\u00e7\u00e3o na esfera judicial<\/mark><\/strong> (Art. 18)<\/p>\n\n\n\n<p>Nesse sentido, os entes (U, E, DF e M) por meio das respectivas Advocacias P\u00fablicas ou \u00f3rg\u00e3os de representa\u00e7\u00e3o judicial, ou equivalentes, e o Minist\u00e9rio P\u00fablico, poder\u00e3o ajuizar a\u00e7\u00e3o com vistas \u00e0 aplica\u00e7\u00e3o das seguintes <mark style=\"background-color:rgba(0, 0, 0, 0)\" class=\"has-inline-color has-vivid-green-cyan-color\"><strong>san\u00e7\u00f5es<\/strong> <\/mark>(Art. 19)<\/p>\n\n\n\n<ul class=\"wp-block-list\">\n<li>I &#8211; <strong>perdimento dos bens<\/strong>, direitos ou valores que representem vantagem ou proveito direta ou indiretamente obtidos da infra\u00e7\u00e3o, ressalvado o direito do lesado ou de terceiro de boa-f\u00e9;<\/li>\n\n\n\n<li>II &#8211; <strong>suspens\u00e3o<\/strong> ou <strong>interdi\u00e7\u00e3o parcial de suas atividades<\/strong>;<\/li>\n\n\n\n<li>III &#8211; <mark style=\"background-color:rgba(0, 0, 0, 0)\" class=\"has-inline-color has-vivid-purple-color\"><strong>dissolu\u00e7\u00e3o compuls\u00f3ria<\/strong> <\/mark>da pessoa jur\u00eddica;<\/li>\n\n\n\n<li>IV &#8211; <strong>proibi\u00e7\u00e3o de receber incentivos<\/strong>, subs\u00eddios, subven\u00e7\u00f5es, doa\u00e7\u00f5es ou <strong>empr\u00e9stimos<\/strong> de \u00f3rg\u00e3os ou entidades p\u00fablicas e de institui\u00e7\u00f5es financeiras p\u00fablicas ou controladas pelo poder p\u00fablico, pelo <strong>prazo m\u00ednimo de 1 e m\u00e1ximo de 5 anos.<\/strong><\/li>\n<\/ul>\n\n\n\n<p><strong><mark style=\"background-color:rgba(0, 0, 0, 0)\" class=\"has-inline-color has-vivid-purple-color\">Dissolu\u00e7\u00e3o compuls\u00f3ria da PJ<\/mark><\/strong> (Art. 19, \u00a71\u00ba) \u2013 comprovado:<\/p>\n\n\n\n<ul class=\"wp-block-list\">\n<li>I &#8211; ter sido a personalidade jur\u00eddica <strong>utilizada de forma habitual para facilitar ou promover a pr\u00e1tica de atos il\u00edcitos<\/strong>; <strong><mark style=\"background-color:rgba(0, 0, 0, 0)\" class=\"has-inline-color has-vivid-red-color\">ou<\/mark><\/strong><\/li>\n\n\n\n<li>II &#8211; ter sido constitu\u00edda para <strong>ocultar ou dissimular interesses il\u00edcitos ou a identidade dos benefici\u00e1rios<\/strong> dos atos praticados.<\/li>\n<\/ul>\n\n\n\n<h2 class=\"wp-block-heading\" id=\"disposicoes-finais\">Disposi\u00e7\u00f5es Finais<\/h2>\n\n\n\n<p>Para finalizar o Resumo da Lei AntiCorrup\u00e7\u00e3o para SEFAZ-AM, conhe\u00e7amos algumas disposi\u00e7\u00f5es finais importantes.<\/p>\n\n\n\n<p><strong><mark style=\"background-color:rgba(0, 0, 0, 0)\" class=\"has-inline-color has-vivid-cyan-blue-color\">Prescri\u00e7\u00e3o da infra\u00e7\u00e3o<\/mark><\/strong> (Art. 25): <strong>5 anos<\/strong> contados da data da ci\u00eancia da infra\u00e7\u00e3o ou, no caso de infra\u00e7\u00e3o permanente ou continuada, do dia em que tiver cessado<\/p>\n\n\n\n<p><strong><mark style=\"background-color:rgba(0, 0, 0, 0)\" class=\"has-inline-color has-vivid-green-cyan-color\">Interrup\u00e7\u00e3o da prescri\u00e7\u00e3o<\/mark><\/strong> (Art. 25, \u00a7\u00fa): com a <strong>instaura\u00e7\u00e3o de processo <\/strong>que tenha por objeto a apura\u00e7\u00e3o da infra\u00e7\u00e3o.<\/p>\n\n\n\n<p><strong><mark style=\"background-color:rgba(0, 0, 0, 0)\" class=\"has-inline-color has-vivid-cyan-blue-color\">Responsabiliza\u00e7\u00e3o da autoridade<\/mark><\/strong> (Art. 27):<strong> tendo conhecimento das infra\u00e7\u00f5es<\/strong>, <strong>n\u00e3o adotar provid\u00eancias <\/strong>para a apura\u00e7\u00e3o dos fatos <strong>ser\u00e1 responsabilizada penal, civil e administrativamente<\/strong>.<\/p>\n\n\n\n<p>Ainda, saiba que a <strong>Lei aplica-se<\/strong> aos <strong>atos lesivos praticados por pessoa jur\u00eddica brasileira contra a administra\u00e7\u00e3o p\u00fablica estrangeir<\/strong>a, <strong>ainda que cometidos no <\/strong><mark style=\"background-color:rgba(0, 0, 0, 0)\" class=\"has-inline-color has-vivid-red-color\"><strong>exterior<\/strong> <\/mark>(Art. 28).<\/p>\n\n\n\n<h2 class=\"wp-block-heading\" id=\"consideracoes-finais\">Considera\u00e7\u00f5es Finais<\/h2>\n\n\n\n<p>Pessoal, chegamos ao final do Resumo da Lei AntiCorrup\u00e7\u00e3o para SEFAZ-AM. Espero que o artigo tenha sido \u00fatil para seu aprendizado.<\/p>\n\n\n\n<p>Para treinar o conte\u00fado por meio de quest\u00f5es, n\u00e3o deixe de acessar nosso Sistema de Quest\u00f5es.<\/p>\n\n\n\n<p class=\"has-text-align-center\"><a href=\"https:\/\/concursos.estrategiaeducacional.com.br\/\">Sistema de Quest\u00f5es (SQ) \u2013 Estrat\u00e9gia Concursos<\/a><\/p>\n\n\n\n<p>Gostou do artigo? Siga-nos<\/p>\n\n\n\n<p class=\"has-text-align-center\"><a href=\"https:\/\/www.instagram.com\/resumospassarin\/\">https:\/\/www.instagram.com\/resumospassarin\/<\/a><\/p>\n\n\n\n<p class=\"has-text-align-center has-luminous-vivid-amber-color has-black-background-color has-text-color has-background\"><a href=\"https:\/\/www.estrategiaconcursos.com.br\/assinaturas\"> <strong>APROVEITE AS OFERTAS DE NOSSAS ASSINATURAS<\/strong> <\/a><\/p>\n\n\n\n<h2 class=\"wp-block-heading has-text-align-center\" id=\"h-quer-saber-tudo-sobre-concursos-previstos-confira-nossos-artigos\">Quer saber tudo sobre concursos previstos?<br \/>Confira nossos artigos!<\/h2>\n\n\n\n<p class=\"has-text-align-center has-white-color has-black-background-color has-text-color has-background\"><strong><a href=\"https:\/\/www.estrategiaconcursos.com.br\/blog\/concursos-abertos\/\" target=\"_blank\" rel=\"noreferrer noopener\">Concursos abertos<\/a><\/strong><\/p>\n\n\n\n<p class=\"has-text-align-center has-white-color has-black-background-color has-text-color has-background\"><strong><a href=\"https:\/\/www.estrategiaconcursos.com.br\/blog\/concursos-2022\/\" target=\"_blank\" rel=\"noreferrer noopener\">Concursos 2022<\/a><\/strong><\/p>\n\n\n\n<div class=\"container\" id=\"boxes\">\n  <div class=\"row\">\n\n    <div class=\"col-sm\">\n      <div class=\"estrategia\" id=\"box-assinatura\">\n        <h3 class=\"titulo-assinatura\">Assinatura de Concursos<\/h3>\n        <p class=\"subtitulo-assinatura\">Assinatura de 1 ano ou 2 anos<\/p>\n        <div class=\"box-botao\">\n          <a class=\"btn-assinatura\" target=\"_blank\" href=\"https:\/\/www.estrategiaconcursos.com.br\/assinaturas\/\" role=\"button\" rel=\"noopener noreferrer\">ASSINE AGORA<\/a>\n        <\/div>\n      <\/div>\n     \n    <\/div><\/div><\/div>\n\n\n\n<p>At\u00e9 mais e bons estudos!<\/p>\n","protected":false},"excerpt":{"rendered":"<p>Ol\u00e1, pessoal. Tudo certo? No artigo de hoje veremos o Resumo da Lei AntiCorrup\u00e7\u00e3o para SEFAZ-AM, Lei 12.846\/2013 que disp\u00f5e sobre a responsabiliza\u00e7\u00e3o administrativa e civil de pessoas jur\u00eddicas pela pr\u00e1tica de atos contra a administra\u00e7\u00e3o p\u00fablica, nacional ou estrangeira. Os t\u00f3picos a serem vistos: Sem mais delongas, vamos l\u00e1. Abrang\u00eancia da Lei Dando in\u00edcio [&hellip;]<\/p>\n","protected":false},"author":1763,"featured_media":729964,"comment_status":"open","ping_status":"closed","sticky":false,"template":"","format":"standard","meta":{"post_tipo":"article","footnotes":""},"categories":[1983],"tags":[],"tax_estado":[],"class_list":["post-1010272","post","type-post","status-publish","format-standard","has-post-thumbnail","hentry","category-fiscal-estadual"],"acf":[],"yoast_head":"<!-- This site is optimized with the Yoast SEO Premium plugin v27.2 (Yoast SEO v27.2) - https:\/\/yoast.com\/product\/yoast-seo-premium-wordpress\/ -->\n<title>Resumo da Lei AntiCorrup\u00e7\u00e3o para SEFAZ-AM - Lei 12.846\/2013<\/title>\n<meta name=\"description\" content=\"Resumo da Lei AntiCorrup\u00e7\u00e3o para SEFAZ-AM, que disp\u00f5e sobre a responsabiliza\u00e7\u00e3o da PJ pela pr\u00e1tica de atos contra a administra\u00e7\u00e3o.\" \/>\n<meta name=\"robots\" content=\"index, follow, max-snippet:-1, max-image-preview:large, max-video-preview:-1\" \/>\n<link rel=\"canonical\" href=\"https:\/\/www.estrategiaconcursos.com.br\/blog\/lei-anticorrupcao-para-sefaz-am-lei\/\" \/>\n<meta property=\"og:locale\" content=\"pt_BR\" \/>\n<meta property=\"og:type\" content=\"article\" \/>\n<meta property=\"og:title\" content=\"Resumo da Lei AntiCorrup\u00e7\u00e3o para SEFAZ-AM - Lei 12.846\/2013\" \/>\n<meta property=\"og:description\" content=\"Resumo da Lei AntiCorrup\u00e7\u00e3o para SEFAZ-AM, que disp\u00f5e sobre a responsabiliza\u00e7\u00e3o da PJ pela pr\u00e1tica de atos contra a administra\u00e7\u00e3o.\" \/>\n<meta property=\"og:url\" content=\"https:\/\/www.estrategiaconcursos.com.br\/blog\/lei-anticorrupcao-para-sefaz-am-lei\/\" \/>\n<meta property=\"og:site_name\" content=\"Estrat\u00e9gia Concursos\" \/>\n<meta property=\"article:published_time\" content=\"2022-04-30T17:07:00+00:00\" \/>\n<meta property=\"article:modified_time\" content=\"2023-09-01T16:15:30+00:00\" \/>\n<meta property=\"og:image\" content=\"https:\/\/dhg1h5j42swfq.cloudfront.net\/2021\/04\/03153919\/sefaz-am.jpg\" \/>\n\t<meta property=\"og:image:width\" content=\"768\" \/>\n\t<meta property=\"og:image:height\" content=\"432\" \/>\n\t<meta property=\"og:image:type\" content=\"image\/jpeg\" \/>\n<meta name=\"author\" content=\"Leonardo Menezes Passarin\" \/>\n<meta name=\"twitter:card\" content=\"summary_large_image\" \/>\n<meta name=\"twitter:creator\" content=\"@EstratConcursos\" \/>\n<meta name=\"twitter:site\" content=\"@EstratConcursos\" \/>\n<meta name=\"twitter:label1\" content=\"Escrito por\" \/>\n\t<meta name=\"twitter:data1\" content=\"Leonardo Menezes Passarin\" \/>\n\t<meta name=\"twitter:label2\" content=\"Est. tempo de leitura\" \/>\n\t<meta name=\"twitter:data2\" content=\"9 minutos\" \/>\n<script type=\"application\/ld+json\" class=\"yoast-schema-graph\">{\"@context\":\"https:\/\/schema.org\",\"@graph\":[{\"@type\":\"NewsArticle\",\"@id\":\"https:\/\/www.estrategiaconcursos.com.br\/blog\/lei-anticorrupcao-para-sefaz-am-lei\/#article\",\"isPartOf\":{\"@id\":\"https:\/\/www.estrategiaconcursos.com.br\/blog\/lei-anticorrupcao-para-sefaz-am-lei\/\"},\"author\":{\"name\":\"Leonardo Menezes Passarin\",\"@id\":\"https:\/\/www.estrategiaconcursos.com.br\/blog\/#\/schema\/person\/245b44e43eb13f0dbd04a7a078cd0d0d\"},\"headline\":\"Resumo da Lei AntiCorrup\u00e7\u00e3o para SEFAZ-AM &#8211; Lei 12.846\/2013\",\"datePublished\":\"2022-04-30T17:07:00+00:00\",\"dateModified\":\"2023-09-01T16:15:30+00:00\",\"mainEntityOfPage\":{\"@id\":\"https:\/\/www.estrategiaconcursos.com.br\/blog\/lei-anticorrupcao-para-sefaz-am-lei\/\"},\"wordCount\":1800,\"commentCount\":0,\"publisher\":{\"@id\":\"https:\/\/www.estrategiaconcursos.com.br\/blog\/#organization\"},\"image\":{\"@id\":\"https:\/\/www.estrategiaconcursos.com.br\/blog\/lei-anticorrupcao-para-sefaz-am-lei\/#primaryimage\"},\"thumbnailUrl\":\"https:\/\/dhg1h5j42swfq.cloudfront.net\/2021\/04\/03153919\/sefaz-am.jpg\",\"articleSection\":[\"Fiscal - Estadual (ICMS)\"],\"inLanguage\":\"pt-BR\",\"potentialAction\":[{\"@type\":\"CommentAction\",\"name\":\"Comment\",\"target\":[\"https:\/\/www.estrategiaconcursos.com.br\/blog\/lei-anticorrupcao-para-sefaz-am-lei\/#respond\"]}],\"copyrightYear\":\"2022\",\"copyrightHolder\":{\"@id\":\"https:\/\/www.estrategiaconcursos.com.br\/blog\/#organization\"}},{\"@type\":\"WebPage\",\"@id\":\"https:\/\/www.estrategiaconcursos.com.br\/blog\/lei-anticorrupcao-para-sefaz-am-lei\/\",\"url\":\"https:\/\/www.estrategiaconcursos.com.br\/blog\/lei-anticorrupcao-para-sefaz-am-lei\/\",\"name\":\"Resumo da Lei AntiCorrup\u00e7\u00e3o para SEFAZ-AM - Lei 12.846\/2013\",\"isPartOf\":{\"@id\":\"https:\/\/www.estrategiaconcursos.com.br\/blog\/#website\"},\"primaryImageOfPage\":{\"@id\":\"https:\/\/www.estrategiaconcursos.com.br\/blog\/lei-anticorrupcao-para-sefaz-am-lei\/#primaryimage\"},\"image\":{\"@id\":\"https:\/\/www.estrategiaconcursos.com.br\/blog\/lei-anticorrupcao-para-sefaz-am-lei\/#primaryimage\"},\"thumbnailUrl\":\"https:\/\/dhg1h5j42swfq.cloudfront.net\/2021\/04\/03153919\/sefaz-am.jpg\",\"datePublished\":\"2022-04-30T17:07:00+00:00\",\"dateModified\":\"2023-09-01T16:15:30+00:00\",\"description\":\"Resumo da Lei AntiCorrup\u00e7\u00e3o para SEFAZ-AM, que disp\u00f5e sobre a responsabiliza\u00e7\u00e3o da PJ pela pr\u00e1tica de atos contra a administra\u00e7\u00e3o.\",\"breadcrumb\":{\"@id\":\"https:\/\/www.estrategiaconcursos.com.br\/blog\/lei-anticorrupcao-para-sefaz-am-lei\/#breadcrumb\"},\"inLanguage\":\"pt-BR\",\"potentialAction\":[{\"@type\":\"ReadAction\",\"target\":[\"https:\/\/www.estrategiaconcursos.com.br\/blog\/lei-anticorrupcao-para-sefaz-am-lei\/\"]}]},{\"@type\":\"ImageObject\",\"inLanguage\":\"pt-BR\",\"@id\":\"https:\/\/www.estrategiaconcursos.com.br\/blog\/lei-anticorrupcao-para-sefaz-am-lei\/#primaryimage\",\"url\":\"https:\/\/dhg1h5j42swfq.cloudfront.net\/2021\/04\/03153919\/sefaz-am.jpg\",\"contentUrl\":\"https:\/\/dhg1h5j42swfq.cloudfront.net\/2021\/04\/03153919\/sefaz-am.jpg\",\"width\":768,\"height\":432,\"caption\":\"Inscritos Sefaz AM\"},{\"@type\":\"BreadcrumbList\",\"@id\":\"https:\/\/www.estrategiaconcursos.com.br\/blog\/lei-anticorrupcao-para-sefaz-am-lei\/#breadcrumb\",\"itemListElement\":[{\"@type\":\"ListItem\",\"position\":1,\"name\":\"In\u00edcio\",\"item\":\"https:\/\/www.estrategiaconcursos.com.br\/blog\/\"},{\"@type\":\"ListItem\",\"position\":2,\"name\":\"Resumo da Lei AntiCorrup\u00e7\u00e3o para SEFAZ-AM &#8211; Lei 12.846\/2013\"}]},{\"@type\":\"WebSite\",\"@id\":\"https:\/\/www.estrategiaconcursos.com.br\/blog\/#website\",\"url\":\"https:\/\/www.estrategiaconcursos.com.br\/blog\/\",\"name\":\"Estrat\u00e9gia Concursos\",\"description\":\"O blog da Estrat\u00e9gia Concursos traz not\u00edcias sobre concursos e artigos de professores oferecendo cursos para concursos (pdf + videaulas) no site.\",\"publisher\":{\"@id\":\"https:\/\/www.estrategiaconcursos.com.br\/blog\/#organization\"},\"potentialAction\":[{\"@type\":\"SearchAction\",\"target\":{\"@type\":\"EntryPoint\",\"urlTemplate\":\"https:\/\/www.estrategiaconcursos.com.br\/blog\/?s={search_term_string}\"},\"query-input\":{\"@type\":\"PropertyValueSpecification\",\"valueRequired\":true,\"valueName\":\"search_term_string\"}}],\"inLanguage\":\"pt-BR\"},{\"@type\":\"Organization\",\"@id\":\"https:\/\/www.estrategiaconcursos.com.br\/blog\/#organization\",\"name\":\"Estrat\u00e9gia Concursos\",\"url\":\"https:\/\/www.estrategiaconcursos.com.br\/blog\/\",\"logo\":{\"@type\":\"ImageObject\",\"inLanguage\":\"pt-BR\",\"@id\":\"https:\/\/www.estrategiaconcursos.com.br\/blog\/#\/schema\/logo\/image\/\",\"url\":\"https:\/\/dhg1h5j42swfq.cloudfront.net\/2025\/06\/03203428\/logo_concursos-1.jpg\",\"contentUrl\":\"https:\/\/dhg1h5j42swfq.cloudfront.net\/2025\/06\/03203428\/logo_concursos-1.jpg\",\"width\":230,\"height\":60,\"caption\":\"Estrat\u00e9gia Concursos\"},\"image\":{\"@id\":\"https:\/\/www.estrategiaconcursos.com.br\/blog\/#\/schema\/logo\/image\/\"},\"sameAs\":[\"https:\/\/x.com\/EstratConcursos\"]},{\"@type\":\"Person\",\"@id\":\"https:\/\/www.estrategiaconcursos.com.br\/blog\/#\/schema\/person\/245b44e43eb13f0dbd04a7a078cd0d0d\",\"name\":\"Leonardo Menezes Passarin\",\"image\":{\"@type\":\"ImageObject\",\"inLanguage\":\"pt-BR\",\"@id\":\"https:\/\/secure.gravatar.com\/avatar\/fc0e5714ceaa97f24e6e6a30eab74ba8a701c2b62f8cab100ffdb22c6d8f42c3?s=96&d=mm&r=g\",\"url\":\"https:\/\/secure.gravatar.com\/avatar\/fc0e5714ceaa97f24e6e6a30eab74ba8a701c2b62f8cab100ffdb22c6d8f42c3?s=96&d=mm&r=g\",\"contentUrl\":\"https:\/\/secure.gravatar.com\/avatar\/fc0e5714ceaa97f24e6e6a30eab74ba8a701c2b62f8cab100ffdb22c6d8f42c3?s=96&d=mm&r=g\",\"caption\":\"Leonardo Menezes Passarin\"},\"url\":\"https:\/\/www.estrategiaconcursos.com.br\/blog\/author\/passarin-leonardohotmail-com\/\"}]}<\/script>\n<!-- \/ Yoast SEO Premium plugin. -->","yoast_head_json":{"title":"Resumo da Lei AntiCorrup\u00e7\u00e3o para SEFAZ-AM - Lei 12.846\/2013","description":"Resumo da Lei AntiCorrup\u00e7\u00e3o para SEFAZ-AM, que disp\u00f5e sobre a responsabiliza\u00e7\u00e3o da PJ pela pr\u00e1tica de atos contra a administra\u00e7\u00e3o.","robots":{"index":"index","follow":"follow","max-snippet":"max-snippet:-1","max-image-preview":"max-image-preview:large","max-video-preview":"max-video-preview:-1"},"canonical":"https:\/\/www.estrategiaconcursos.com.br\/blog\/lei-anticorrupcao-para-sefaz-am-lei\/","og_locale":"pt_BR","og_type":"article","og_title":"Resumo da Lei AntiCorrup\u00e7\u00e3o para SEFAZ-AM - Lei 12.846\/2013","og_description":"Resumo da Lei AntiCorrup\u00e7\u00e3o para SEFAZ-AM, que disp\u00f5e sobre a responsabiliza\u00e7\u00e3o da PJ pela pr\u00e1tica de atos contra a administra\u00e7\u00e3o.","og_url":"https:\/\/www.estrategiaconcursos.com.br\/blog\/lei-anticorrupcao-para-sefaz-am-lei\/","og_site_name":"Estrat\u00e9gia Concursos","article_published_time":"2022-04-30T17:07:00+00:00","article_modified_time":"2023-09-01T16:15:30+00:00","og_image":[{"width":768,"height":432,"url":"https:\/\/dhg1h5j42swfq.cloudfront.net\/2021\/04\/03153919\/sefaz-am.jpg","type":"image\/jpeg"}],"author":"Leonardo Menezes Passarin","twitter_card":"summary_large_image","twitter_creator":"@EstratConcursos","twitter_site":"@EstratConcursos","twitter_misc":{"Escrito por":"Leonardo Menezes Passarin","Est. tempo de leitura":"9 minutos"},"schema":{"@context":"https:\/\/schema.org","@graph":[{"@type":"NewsArticle","@id":"https:\/\/www.estrategiaconcursos.com.br\/blog\/lei-anticorrupcao-para-sefaz-am-lei\/#article","isPartOf":{"@id":"https:\/\/www.estrategiaconcursos.com.br\/blog\/lei-anticorrupcao-para-sefaz-am-lei\/"},"author":{"name":"Leonardo Menezes Passarin","@id":"https:\/\/www.estrategiaconcursos.com.br\/blog\/#\/schema\/person\/245b44e43eb13f0dbd04a7a078cd0d0d"},"headline":"Resumo da Lei AntiCorrup\u00e7\u00e3o para SEFAZ-AM &#8211; Lei 12.846\/2013","datePublished":"2022-04-30T17:07:00+00:00","dateModified":"2023-09-01T16:15:30+00:00","mainEntityOfPage":{"@id":"https:\/\/www.estrategiaconcursos.com.br\/blog\/lei-anticorrupcao-para-sefaz-am-lei\/"},"wordCount":1800,"commentCount":0,"publisher":{"@id":"https:\/\/www.estrategiaconcursos.com.br\/blog\/#organization"},"image":{"@id":"https:\/\/www.estrategiaconcursos.com.br\/blog\/lei-anticorrupcao-para-sefaz-am-lei\/#primaryimage"},"thumbnailUrl":"https:\/\/dhg1h5j42swfq.cloudfront.net\/2021\/04\/03153919\/sefaz-am.jpg","articleSection":["Fiscal - Estadual (ICMS)"],"inLanguage":"pt-BR","potentialAction":[{"@type":"CommentAction","name":"Comment","target":["https:\/\/www.estrategiaconcursos.com.br\/blog\/lei-anticorrupcao-para-sefaz-am-lei\/#respond"]}],"copyrightYear":"2022","copyrightHolder":{"@id":"https:\/\/www.estrategiaconcursos.com.br\/blog\/#organization"}},{"@type":"WebPage","@id":"https:\/\/www.estrategiaconcursos.com.br\/blog\/lei-anticorrupcao-para-sefaz-am-lei\/","url":"https:\/\/www.estrategiaconcursos.com.br\/blog\/lei-anticorrupcao-para-sefaz-am-lei\/","name":"Resumo da Lei AntiCorrup\u00e7\u00e3o para SEFAZ-AM - Lei 12.846\/2013","isPartOf":{"@id":"https:\/\/www.estrategiaconcursos.com.br\/blog\/#website"},"primaryImageOfPage":{"@id":"https:\/\/www.estrategiaconcursos.com.br\/blog\/lei-anticorrupcao-para-sefaz-am-lei\/#primaryimage"},"image":{"@id":"https:\/\/www.estrategiaconcursos.com.br\/blog\/lei-anticorrupcao-para-sefaz-am-lei\/#primaryimage"},"thumbnailUrl":"https:\/\/dhg1h5j42swfq.cloudfront.net\/2021\/04\/03153919\/sefaz-am.jpg","datePublished":"2022-04-30T17:07:00+00:00","dateModified":"2023-09-01T16:15:30+00:00","description":"Resumo da Lei AntiCorrup\u00e7\u00e3o para SEFAZ-AM, que disp\u00f5e sobre a responsabiliza\u00e7\u00e3o da PJ pela pr\u00e1tica de atos contra a administra\u00e7\u00e3o.","breadcrumb":{"@id":"https:\/\/www.estrategiaconcursos.com.br\/blog\/lei-anticorrupcao-para-sefaz-am-lei\/#breadcrumb"},"inLanguage":"pt-BR","potentialAction":[{"@type":"ReadAction","target":["https:\/\/www.estrategiaconcursos.com.br\/blog\/lei-anticorrupcao-para-sefaz-am-lei\/"]}]},{"@type":"ImageObject","inLanguage":"pt-BR","@id":"https:\/\/www.estrategiaconcursos.com.br\/blog\/lei-anticorrupcao-para-sefaz-am-lei\/#primaryimage","url":"https:\/\/dhg1h5j42swfq.cloudfront.net\/2021\/04\/03153919\/sefaz-am.jpg","contentUrl":"https:\/\/dhg1h5j42swfq.cloudfront.net\/2021\/04\/03153919\/sefaz-am.jpg","width":768,"height":432,"caption":"Inscritos Sefaz AM"},{"@type":"BreadcrumbList","@id":"https:\/\/www.estrategiaconcursos.com.br\/blog\/lei-anticorrupcao-para-sefaz-am-lei\/#breadcrumb","itemListElement":[{"@type":"ListItem","position":1,"name":"In\u00edcio","item":"https:\/\/www.estrategiaconcursos.com.br\/blog\/"},{"@type":"ListItem","position":2,"name":"Resumo da Lei AntiCorrup\u00e7\u00e3o para SEFAZ-AM &#8211; Lei 12.846\/2013"}]},{"@type":"WebSite","@id":"https:\/\/www.estrategiaconcursos.com.br\/blog\/#website","url":"https:\/\/www.estrategiaconcursos.com.br\/blog\/","name":"Estrat\u00e9gia Concursos","description":"O blog da Estrat\u00e9gia Concursos traz not\u00edcias sobre concursos e artigos de professores oferecendo cursos para concursos (pdf + videaulas) no site.","publisher":{"@id":"https:\/\/www.estrategiaconcursos.com.br\/blog\/#organization"},"potentialAction":[{"@type":"SearchAction","target":{"@type":"EntryPoint","urlTemplate":"https:\/\/www.estrategiaconcursos.com.br\/blog\/?s={search_term_string}"},"query-input":{"@type":"PropertyValueSpecification","valueRequired":true,"valueName":"search_term_string"}}],"inLanguage":"pt-BR"},{"@type":"Organization","@id":"https:\/\/www.estrategiaconcursos.com.br\/blog\/#organization","name":"Estrat\u00e9gia Concursos","url":"https:\/\/www.estrategiaconcursos.com.br\/blog\/","logo":{"@type":"ImageObject","inLanguage":"pt-BR","@id":"https:\/\/www.estrategiaconcursos.com.br\/blog\/#\/schema\/logo\/image\/","url":"https:\/\/dhg1h5j42swfq.cloudfront.net\/2025\/06\/03203428\/logo_concursos-1.jpg","contentUrl":"https:\/\/dhg1h5j42swfq.cloudfront.net\/2025\/06\/03203428\/logo_concursos-1.jpg","width":230,"height":60,"caption":"Estrat\u00e9gia Concursos"},"image":{"@id":"https:\/\/www.estrategiaconcursos.com.br\/blog\/#\/schema\/logo\/image\/"},"sameAs":["https:\/\/x.com\/EstratConcursos"]},{"@type":"Person","@id":"https:\/\/www.estrategiaconcursos.com.br\/blog\/#\/schema\/person\/245b44e43eb13f0dbd04a7a078cd0d0d","name":"Leonardo Menezes Passarin","image":{"@type":"ImageObject","inLanguage":"pt-BR","@id":"https:\/\/secure.gravatar.com\/avatar\/fc0e5714ceaa97f24e6e6a30eab74ba8a701c2b62f8cab100ffdb22c6d8f42c3?s=96&d=mm&r=g","url":"https:\/\/secure.gravatar.com\/avatar\/fc0e5714ceaa97f24e6e6a30eab74ba8a701c2b62f8cab100ffdb22c6d8f42c3?s=96&d=mm&r=g","contentUrl":"https:\/\/secure.gravatar.com\/avatar\/fc0e5714ceaa97f24e6e6a30eab74ba8a701c2b62f8cab100ffdb22c6d8f42c3?s=96&d=mm&r=g","caption":"Leonardo Menezes Passarin"},"url":"https:\/\/www.estrategiaconcursos.com.br\/blog\/author\/passarin-leonardohotmail-com\/"}]}},"_links":{"self":[{"href":"https:\/\/www.estrategiaconcursos.com.br\/blog\/wp-json\/wp\/v2\/posts\/1010272","targetHints":{"allow":["GET"]}}],"collection":[{"href":"https:\/\/www.estrategiaconcursos.com.br\/blog\/wp-json\/wp\/v2\/posts"}],"about":[{"href":"https:\/\/www.estrategiaconcursos.com.br\/blog\/wp-json\/wp\/v2\/types\/post"}],"author":[{"embeddable":true,"href":"https:\/\/www.estrategiaconcursos.com.br\/blog\/wp-json\/wp\/v2\/users\/1763"}],"replies":[{"embeddable":true,"href":"https:\/\/www.estrategiaconcursos.com.br\/blog\/wp-json\/wp\/v2\/comments?post=1010272"}],"version-history":[{"count":4,"href":"https:\/\/www.estrategiaconcursos.com.br\/blog\/wp-json\/wp\/v2\/posts\/1010272\/revisions"}],"predecessor-version":[{"id":1272712,"href":"https:\/\/www.estrategiaconcursos.com.br\/blog\/wp-json\/wp\/v2\/posts\/1010272\/revisions\/1272712"}],"wp:featuredmedia":[{"embeddable":true,"href":"https:\/\/www.estrategiaconcursos.com.br\/blog\/wp-json\/wp\/v2\/media\/729964"}],"wp:attachment":[{"href":"https:\/\/www.estrategiaconcursos.com.br\/blog\/wp-json\/wp\/v2\/media?parent=1010272"}],"wp:term":[{"taxonomy":"category","embeddable":true,"href":"https:\/\/www.estrategiaconcursos.com.br\/blog\/wp-json\/wp\/v2\/categories?post=1010272"},{"taxonomy":"post_tag","embeddable":true,"href":"https:\/\/www.estrategiaconcursos.com.br\/blog\/wp-json\/wp\/v2\/tags?post=1010272"},{"taxonomy":"tax_estado","embeddable":true,"href":"https:\/\/www.estrategiaconcursos.com.br\/blog\/wp-json\/wp\/v2\/tax_estado?post=1010272"}],"curies":[{"name":"wp","href":"https:\/\/api.w.org\/{rel}","templated":true}]}}