{"id":1009454,"date":"2022-04-28T15:30:00","date_gmt":"2022-04-28T18:30:00","guid":{"rendered":"https:\/\/www.estrategiaconcursos.com.br\/blog\/?p=1009454"},"modified":"2022-04-15T13:48:57","modified_gmt":"2022-04-15T16:48:57","slug":"pc-mg-lei-organica","status":"publish","type":"post","link":"https:\/\/www.estrategiaconcursos.com.br\/blog\/pc-mg-lei-organica\/","title":{"rendered":"A Lei Org\u00e2nica da Pol\u00edcia Civil MG para PC-MG: Estrutura Organizacional"},"content":{"rendered":"\n<p class=\"has-medium-font-size\">Confira aqui uma an\u00e1lise sobre a&nbsp;<strong>Lei Org\u00e2nica da Pol\u00edcia Civil de Minas Gerais<\/strong>, presente na Lei Complementar Estadual 129\/13, para o concurso administrativo de Analista e T\u00e9cnico da&nbsp;<strong><a href=\"https:\/\/www.estrategiaconcursos.com.br\/cursosPorConcurso\/policia-civil-de-minas-gerais-pc-mg\/\" target=\"_blank\" rel=\"noreferrer noopener\">PC-MG<\/a><\/strong>.<\/p>\n\n\n\n<div class=\"wp-block-image\"><figure class=\"aligncenter size-large is-resized\"><img loading=\"lazy\" decoding=\"async\" src=\"https:\/\/dhg1h5j42swfq.cloudfront.net\/2021\/10\/01103054\/concurso-pc-mg-1024x768.jpg\" alt=\"A Lei Org\u00e2nica da Pol\u00edcia Civil MG para PC-MG: Estrutura Organizacional\" class=\"wp-image-875160\" width=\"523\" height=\"393\" srcset=\"https:\/\/dhg1h5j42swfq.cloudfront.net\/2021\/10\/01103054\/concurso-pc-mg-1024x768.jpg 1024w, https:\/\/dhg1h5j42swfq.cloudfront.net\/2021\/10\/01103054\/concurso-pc-mg-300x225.jpg 300w, https:\/\/dhg1h5j42swfq.cloudfront.net\/2021\/10\/01103054\/concurso-pc-mg-768x576.jpg 768w, https:\/\/dhg1h5j42swfq.cloudfront.net\/2021\/10\/01103054\/concurso-pc-mg-610x458.jpg 610w, https:\/\/dhg1h5j42swfq.cloudfront.net\/2021\/10\/01103054\/concurso-pc-mg.jpg 1280w\" sizes=\"auto, (max-width: 523px) 100vw, 523px\" \/><figcaption>A Lei Org\u00e2nica da Pol\u00edcia Civil MG: Estrutura Organizacional<\/figcaption><\/figure><\/div>\n\n\n\n<p>Ol\u00e1, pessoal! Tudo joia?<\/p>\n\n\n\n<p>O concurso da&nbsp;<strong><a href=\"https:\/\/www.estrategiaconcursos.com.br\/blog\/concurso-pc-mg-administrativo\/\" target=\"_blank\" rel=\"noreferrer noopener\">PC-MG<\/a><\/strong>&nbsp;(Pol\u00edcia Civil de Minas Gerais) est\u00e1 com o seu edital publicado. Est\u00e3o sendo ofertadas <strong>165 vagas <\/strong>para a carreira <strong><mark style=\"background-color:rgba(0, 0, 0, 0)\" class=\"has-inline-color has-vivid-cyan-blue-color\">administrativa<\/mark><\/strong>, sendo&nbsp;<strong>51<\/strong>&nbsp;para&nbsp;<strong>Analista&nbsp;<\/strong>e&nbsp;<strong>114<\/strong>&nbsp;para&nbsp;<strong>T\u00e9cnico<\/strong>, com remunera\u00e7\u00f5es iniciais de at\u00e9&nbsp;<strong>R$ 4.679,27<\/strong>&nbsp;e R<strong>$ 1.729,10,<\/strong>&nbsp;respectivamente.<\/p>\n\n\n\n<p>Dessa forma, vamos realizar a an\u00e1lise de uma importante lei para esta prova, a <strong><mark style=\"background-color:rgba(0, 0, 0, 0)\" class=\"has-inline-color has-vivid-cyan-blue-color\">Lei Org\u00e2nica da Pol\u00edcia Civil de Minas Gerais<\/mark><\/strong>, presente na Lei Complementar Estadual 129\/13, para o concurso da PC-MG.<\/p>\n\n\n\n<p>Esta lei&nbsp;<strong>organiza&nbsp;<\/strong>a Pol\u00edcia Civil do Estado de Minas Gerais, define sua&nbsp;<strong>compet\u00eancia&nbsp;<\/strong>e disp\u00f5e sobre o&nbsp;<strong>regime jur\u00eddico<\/strong>&nbsp;dos integrantes das carreiras policiais civis.<\/p>\n\n\n\n<p>O artigo de hoje ir\u00e1 tratar da <strong><mark style=\"background-color:rgba(0, 0, 0, 0)\" class=\"has-inline-color has-vivid-cyan-blue-color\">Estrutura Organizacional <\/mark><\/strong>da <strong>Pol\u00edcia Civil<\/strong>&nbsp;<strong>de Minas Gerais <\/strong>prevista na lei.<\/p>\n\n\n\n<p>Voc\u00ea pode conferir no nosso blog o artigo sobre as <a href=\"https:\/\/www.estrategiaconcursos.com.br\/blog\/lei-organica-pc-mg\" target=\"_blank\" rel=\"noreferrer noopener\"><strong>Compet\u00eancias da Pol\u00edcia Civil de MG na Lei Org\u00e2nica<\/strong>.<\/a><\/p>\n\n\n\n<p>Sem mais delongas, vamos ao que interessa.<\/p>\n\n\n\n<div class=\"container\" id=\"boxes\">\n  <div class=\"row\"> \n\n    <div class=\"col-sm\">\n      <div class=\"banner-policial\" id=\"box-assinatura\">\n        <h3 class=\"titulo-assinatura\">Concurso PC MG Administrativo<\/h3>\n        <p class=\"subtitulo-assinatura\">Conhe\u00e7a os cursos<\/p>\n        <div class=\"box-botao\">\n          <a class=\"btn-assinatura\" target=\"_blank\" href=\"https:\/\/www.estrategiaconcursos.com.br\/cursosPorConcurso\/policia-civil-de-minas-gerais-pc-mg\/\" role=\"button\" rel=\"noopener noreferrer\">Conhe\u00e7a mais<\/a>\n        <\/div>\n      <\/div>\n     \n\n  <\/div>\n<\/div><\/div>\n\n\n\n<h2 class=\"wp-block-heading\" id=\"h-estrutura-da-pc-mg-na-lei-organica\"><mark style=\"background-color:rgba(0, 0, 0, 0)\" class=\"has-inline-color has-vivid-cyan-blue-color\">Estrutura da PC-MG na Lei Org\u00e2nica<\/mark><\/h2>\n\n\n\n<p>De modo a desempenhar as suas fun\u00e7\u00f5es de maneira satisfat\u00f3ria, \u00e9 importante que a PC-MG tenha uma estrutura organizacional bem definida e organizada.<\/p>\n\n\n\n<p>De acordo com a sua Lei Org\u00e2nica, a estrutura da Pol\u00edcia Civil de Minas Gerais \u00e9 dividida em <strong>\u00f3rg\u00e3os <\/strong>e <strong>unidades administrativas<\/strong>.<\/p>\n\n\n\n<p>Abaixo podemos ver o estrutura organizacional da PC-MG:<\/p>\n\n\n\n<figure class=\"wp-block-image size-large\"><img loading=\"lazy\" decoding=\"async\" width=\"1024\" height=\"600\" src=\"https:\/\/dhg1h5j42swfq.cloudfront.net\/2022\/04\/14151154\/image-199-1024x600.png\" alt=\"Estrutura Organizacional na PC-MG na Lei Org\u00e2nica\" class=\"wp-image-1009594\" srcset=\"https:\/\/dhg1h5j42swfq.cloudfront.net\/2022\/04\/14151154\/image-199-1024x600.png 1024w, https:\/\/dhg1h5j42swfq.cloudfront.net\/2022\/04\/14151154\/image-199-300x176.png 300w, https:\/\/dhg1h5j42swfq.cloudfront.net\/2022\/04\/14151154\/image-199-768x450.png 768w, https:\/\/dhg1h5j42swfq.cloudfront.net\/2022\/04\/14151154\/image-199-610x357.png 610w, https:\/\/dhg1h5j42swfq.cloudfront.net\/2022\/04\/14151154\/image-199.png 1038w\" sizes=\"auto, (max-width: 1024px) 100vw, 1024px\" \/><figcaption>Estrutura Organizacional na PC-MG na Lei Org\u00e2nica<\/figcaption><\/figure>\n\n\n\n<p>Vamos agora analisar os principais pontos de cada \u00f3rg\u00e3o e unidade administrativa citados acima.<\/p>\n\n\n\n<h2 class=\"wp-block-heading\" id=\"h-orgaos-de-administracao-superior\"><mark style=\"background-color:rgba(0, 0, 0, 0)\" class=\"has-inline-color has-vivid-cyan-blue-color\">\u00d3rg\u00e3os de Administra\u00e7\u00e3o Superior<\/mark><\/h2>\n\n\n\n<h3 class=\"wp-block-heading\" id=\"h-chefia-da-pc-mg-na-lei-organica\"><mark style=\"background-color:rgba(0, 0, 0, 0)\" class=\"has-inline-color has-vivid-purple-color\">Chefia da PC-MG na Lei Org\u00e2nica<\/mark><\/h3>\n\n\n\n<p>A <strong>Chefia da Pol\u00edcia Civil de Minas Gerais<\/strong> ser\u00e1 exercida pelo<strong> <mark style=\"background-color:rgba(0, 0, 0, 0)\" class=\"has-inline-color has-vivid-cyan-blue-color\">Chefe da PC-MG<\/mark><\/strong>, <strong>nomeado <\/strong>pelo <strong>Governador <\/strong>do Estado dentre os integrantes, em atividade, do <strong>n\u00edvel final<\/strong> da carreira de <strong>Delegado de Pol\u00edcia<\/strong> que possuam, no m\u00ednimo, <strong><mark style=\"background-color:rgba(0, 0, 0, 0)\" class=\"has-inline-color has-vivid-cyan-blue-color\">20 anos <\/mark><\/strong>de efetivo servi\u00e7o policial, <strong>vedada <\/strong>a nomea\u00e7\u00e3o daqueles <strong>ineleg\u00edveis <\/strong>em raz\u00e3o de <strong>atos il\u00edcitos<\/strong>.<\/p>\n\n\n\n<p>O Chefe da PC-MG tem <strong>prerrogativas<\/strong>, <strong>vantagens <\/strong>e padr\u00e3o <strong>remunerat\u00f3rio <\/strong>do cargo de <strong><mark style=\"background-color:rgba(0, 0, 0, 0)\" class=\"has-inline-color has-vivid-cyan-blue-color\">Secret\u00e1rio de Estado<\/mark><\/strong>.<\/p>\n\n\n\n<p>Em caso de <strong>afastamento <\/strong>ou <strong>impedimentos <\/strong>eventuais, o Chefe da PC-MG ser\u00e1 <strong>substitu\u00eddo<\/strong>, automaticamente, pelo <strong><mark style=\"background-color:rgba(0, 0, 0, 0)\" class=\"has-inline-color has-vivid-cyan-blue-color\">Chefe Adjunto<\/mark><\/strong> da PC-MG. Por\u00e9m, caso este tamb\u00e9m seja <strong>afastado <\/strong>ou <strong>impedido<\/strong>, ele ser\u00e1 <strong>substitu\u00eddo<\/strong>, na seguinte ordem, pelo:<\/p>\n\n\n\n<ul class=\"wp-block-list\"><li>Corregedor-Geral de Pol\u00edcia Civil;<\/li><li>Superintendente de Investiga\u00e7\u00e3o e Pol\u00edcia Judici\u00e1ria;<\/li><li>Chefe de Gabinete da PC-MG;<\/li><li>Diretor do Departamento de Tr\u00e2nsito de Minas Gerais;<\/li><li>Diretor da Academia de Pol\u00edcia Civil;<\/li><li>Superintendente de Informa\u00e7\u00f5es e Intelig\u00eancia Policial;<\/li><li>Superintendente de Planejamento, Gest\u00e3o e Finan\u00e7as;<\/li><li>Delegado Assistente da Chefia da PC-MG.<\/li><\/ul>\n\n\n\n<p>Algumas das <strong><mark style=\"background-color:rgba(0, 0, 0, 0)\" class=\"has-inline-color has-vivid-cyan-blue-color\">compet\u00eancias <\/mark><\/strong>do<strong> Chefe da PC-MG <\/strong>s\u00e3o:<\/p>\n\n\n\n<p><strong><mark style=\"background-color:rgba(0, 0, 0, 0)\" class=\"has-inline-color has-vivid-cyan-blue-color\">I <\/mark><\/strong>&#8211; exercer a <strong>dire\u00e7\u00e3o superior<\/strong>, o <strong>planejamento estrat\u00e9gico<\/strong> e a <strong>administra\u00e7\u00e3o geral <\/strong>da Pol\u00edcia Civil de Minas Gerais, por meio da coordena\u00e7\u00e3o, do controle e da fiscaliza\u00e7\u00e3o das fun\u00e7\u00f5es policiais civis;<\/p>\n\n\n\n<p><strong><mark style=\"background-color:rgba(0, 0, 0, 0)\" class=\"has-inline-color has-vivid-cyan-blue-color\">II <\/mark><\/strong>&#8211; <strong>presidir o Conselho Superior<\/strong> da PC-MG e integrar o Conselho de Defesa Social;<\/p>\n\n\n\n<p><strong><mark style=\"background-color:rgba(0, 0, 0, 0)\" class=\"has-inline-color has-vivid-cyan-blue-color\">III <\/mark><\/strong>&#8211; promover a <strong>movimenta\u00e7\u00e3o de servidores<\/strong>;<\/p>\n\n\n\n<p><strong><mark style=\"background-color:rgba(0, 0, 0, 0)\" class=\"has-inline-color has-vivid-cyan-blue-color\">IV <\/mark><\/strong>&#8211; determinar a <strong>instaura\u00e7\u00e3o <\/strong>de <strong>processo administrativo disciplinar<\/strong> e aplicar san\u00e7\u00f5es disciplinares;<\/p>\n\n\n\n<p><strong><mark style=\"background-color:rgba(0, 0, 0, 0)\" class=\"has-inline-color has-vivid-cyan-blue-color\">V <\/mark><\/strong>&#8211; decidir, em <strong>\u00faltimo grau de recurso<\/strong>, sobre a instaura\u00e7\u00e3o de <strong>inqu\u00e9rito policial <\/strong>e de outros procedimentos formais;<\/p>\n\n\n\n<p><strong><mark style=\"background-color:rgba(0, 0, 0, 0)\" class=\"has-inline-color has-vivid-cyan-blue-color\">VI <\/mark><\/strong>&#8211; <strong>suspender <\/strong>o <strong>porte <\/strong>de arma de<strong> policial civil<\/strong>, por recomenda\u00e7\u00e3o m\u00e9dica ou como medida cautelar em processo administrativo disciplinar; dentre outras compet\u00eancias.<\/p>\n\n\n\n<h3 class=\"wp-block-heading\" id=\"h-chefia-adjunta-da-pc-mg-na-lei-organica\"><mark style=\"background-color:rgba(0, 0, 0, 0)\" class=\"has-inline-color has-vivid-purple-color\">Chefia Adjunta da PC-MG na Lei Org\u00e2nica<\/mark><\/h3>\n\n\n\n<p>O Chefe Adjunto da PC-MG tem por fun\u00e7\u00e3o <strong><mark style=\"background-color:rgba(0, 0, 0, 0)\" class=\"has-inline-color has-vivid-cyan-blue-color\">auxiliar o Chefe da Pol\u00edcia Civil <\/mark><\/strong>no exerc\u00edcio de suas atribui\u00e7\u00f5es, como, por exemplo, <strong>substituindo-o<\/strong> em suas aus\u00eancias, f\u00e9rias, afastamentos e impedimentos eventuais.<\/p>\n\n\n\n<p>Ele ser\u00e1 <strong>escolhido pelo Chefe <\/strong>da PC-MG, dentre os integrantes, em atividade, do<strong> n\u00edvel final<\/strong> da carreira de <strong>Delegado<\/strong> de Pol\u00edcia que possuam, no m\u00ednimo, <strong><mark style=\"background-color:rgba(0, 0, 0, 0)\" class=\"has-inline-color has-vivid-cyan-blue-color\">20 anos<\/mark><\/strong> de efetivo servi\u00e7o policial, e <strong>nomeado <\/strong>pelo <strong>Governador <\/strong>do Estado.<\/p>\n\n\n\n<h3 class=\"wp-block-heading\" id=\"h-conselho-superior-da-pc-mg-na-lei-organica\"><mark style=\"background-color:rgba(0, 0, 0, 0)\" class=\"has-inline-color has-vivid-purple-color\">Conselho Superior da PC-MG na Lei Org\u00e2nica<\/mark><\/h3>\n\n\n\n<p>O Conselho Superior da PC-MG possui a fun\u00e7\u00e3o de <strong><mark style=\"background-color:rgba(0, 0, 0, 0)\" class=\"has-inline-color has-vivid-cyan-blue-color\">assessorar e auxiliar a Chefia da PC-MG<\/mark><\/strong>, sendo <strong>presidido <\/strong>pelo <strong>Chefe da PC-MG<\/strong>, e composto, tamb\u00e9m, pelo <strong>Chefe Adjunto<\/strong>, <strong>Corregedor-Geral<\/strong>, dentre <strong>outros <\/strong>Superintendentes, Diretores e Chefes.<\/p>\n\n\n\n<p>Ele possui a seguinte <strong>estrutura<\/strong>:<\/p>\n\n\n\n<ul class=\"wp-block-list\"><li><strong><mark style=\"background-color:rgba(0, 0, 0, 0)\" class=\"has-inline-color has-vivid-cyan-blue-color\">\u00d3rg\u00e3o Especial<\/mark><\/strong>: composto <strong>exclusivamente <\/strong>por <strong>Delegados-Gerais<\/strong> de Pol\u00edcia e pelo <strong>Delegado Assistente da Chefia<\/strong> da PC-MG, possuindo como compet\u00eancias pronunciar, por determina\u00e7\u00e3o do Chefe da PC-MG, sobre <strong>recurso <\/strong>contra decis\u00e3o que <strong>negar <\/strong>a instaura\u00e7\u00e3o de inqu\u00e9rito policial e sobre <strong>recurso <\/strong>contra <strong>ato de Delegado-Geral <\/strong>de Pol\u00edcia ou de \u00f3rg\u00e3o de administra\u00e7\u00e3o da PC-MG que avocou, excepcional e fundamentadamente, inqu\u00e9ritos policiais ou outros procedimentos formais;<\/li><li><strong><mark style=\"background-color:rgba(0, 0, 0, 0)\" class=\"has-inline-color has-vivid-cyan-blue-color\">C\u00e2mara Disciplinar<\/mark><\/strong>: <strong>presidida <\/strong>pelo <strong>Chefe Adjunto<\/strong> da PC-MG e integrada pelos membros do Conselho Superior da PC-MG titulares de unidades, \u00e0 exce\u00e7\u00e3o do Chefe da PC-MG, e<strong> julgar\u00e1 recursos<\/strong> contra atos emanados do<strong> Corregedor-Geral<\/strong> de Pol\u00edcia Civil;<\/li><li><strong><mark style=\"background-color:rgba(0, 0, 0, 0)\" class=\"has-inline-color has-vivid-cyan-blue-color\">C\u00e2mara de Planejamento e Or\u00e7amento<\/mark><\/strong>: competir\u00e1 <strong>examinar <\/strong>e <strong>subsidiar <\/strong>a formula\u00e7\u00e3o da<strong> proposta or\u00e7ament\u00e1ria<\/strong> da PC-MG, propor a prioriza\u00e7\u00e3o de programas, projetos e a\u00e7\u00f5es da PC-MG e acompanhar a execu\u00e7\u00e3o do or\u00e7amento da PC-MG.<\/li><\/ul>\n\n\n\n<h3 class=\"wp-block-heading\" id=\"h-corregedoria-geral-da-pc-mg-na-lei-organica\"><mark style=\"background-color:rgba(0, 0, 0, 0)\" class=\"has-inline-color has-vivid-purple-color\">Corregedoria-Geral da PC-MG na Lei Org\u00e2nica<\/mark><\/h3>\n\n\n\n<p>A Corregedoria-Geral de Pol\u00edcia Civil \u00e9 \u00f3rg\u00e3o <strong>orientador<\/strong>, <strong>fiscalizador <\/strong>e <strong>correcional <\/strong>das <strong><mark style=\"background-color:rgba(0, 0, 0, 0)\" class=\"has-inline-color has-vivid-cyan-blue-color\">atividades funcionais e de conduta dos servidores<\/mark><\/strong> da PC-MG.<\/p>\n\n\n\n<p>Ela possui compet\u00eancia para <strong>determinar <\/strong>a <strong>instaura\u00e7\u00e3o <\/strong>de <strong>processo administrativo disciplinar<\/strong>; atuar, preventiva e repressivamente, em face \u00e0s infra\u00e7\u00f5es penais e disciplinares atribu\u00eddas aos policiais civis e servidores da PC-MG; <strong>propor <\/strong>ao Chefe da PC-MG o <strong>afastamento preliminar<\/strong> de <strong>servidores <\/strong>da PC-MG pelo prazo <strong>m\u00e1ximo <\/strong>de at\u00e9 <strong><mark style=\"background-color:rgba(0, 0, 0, 0)\" class=\"has-inline-color has-vivid-cyan-blue-color\">90 dias<\/mark><\/strong>, na hip\u00f3tese de ind\u00edcios suficientes de eventual pr\u00e1tica de <strong>transgress\u00e3o<\/strong>; dentre outras compet\u00eancias.<\/p>\n\n\n\n<h2 class=\"wp-block-heading\" id=\"h-orgaos-de-administracao\"><mark style=\"background-color:rgba(0, 0, 0, 0)\" class=\"has-inline-color has-vivid-cyan-blue-color\">\u00d3rg\u00e3os de Administra\u00e7\u00e3o<\/mark><\/h2>\n\n\n\n<h3 class=\"wp-block-heading\" id=\"h-gabinete-da-chefia-da-pc-mg-na-lei-organica\"><mark style=\"background-color:rgba(0, 0, 0, 0)\" class=\"has-inline-color has-vivid-purple-color\">Gabinete da Chefia da PC-MG na Lei Org\u00e2nica<\/mark><\/h3>\n\n\n\n<p>O <strong>Gabinete da Chefia<\/strong> da PC-MG tem por finalidade garantir o <strong><mark style=\"background-color:rgba(0, 0, 0, 0)\" class=\"has-inline-color has-vivid-cyan-blue-color\">assessoramento direto ao Chefe<\/mark><\/strong> e ao <strong><mark style=\"background-color:rgba(0, 0, 0, 0)\" class=\"has-inline-color has-vivid-cyan-blue-color\">Chefe Adjunto<\/mark> <\/strong>da Pol\u00edcia Civil, em assuntos <strong>pol\u00edticos <\/strong>e <strong>administrativos<\/strong>.<\/p>\n\n\n\n<h3 class=\"wp-block-heading\" id=\"h-academia-de-policia-civil-da-pc-mg-na-lei-organica\"><mark style=\"background-color:rgba(0, 0, 0, 0)\" class=\"has-inline-color has-vivid-purple-color\">Academia de Pol\u00edcia Civil da PC-MG na Lei Org\u00e2nica<\/mark><\/h3>\n\n\n\n<p>A Academia de Pol\u00edcia Civil tem por finalidade o <strong><mark style=\"background-color:rgba(0, 0, 0, 0)\" class=\"has-inline-color has-vivid-cyan-blue-color\">desenvolvimento profissional<\/mark><\/strong> e t\u00e9cnico-cient\u00edfico dos <strong><mark style=\"background-color:rgba(0, 0, 0, 0)\" class=\"has-inline-color has-vivid-cyan-blue-color\">servidores <\/mark><\/strong>da PC-MG.<\/p>\n\n\n\n<p>Dentre suas fun\u00e7\u00f5es est\u00e3o o <strong>recrutamento<\/strong>, a <strong>sele\u00e7\u00e3o <\/strong>e o <strong>aperfei\u00e7oamento <\/strong>dos <strong>servidores <\/strong>da PC-MG<\/p>\n\n\n\n<p>A Academia de Pol\u00edcia Civil manter\u00e1:<\/p>\n\n\n\n<ul class=\"wp-block-list\"><li>o <strong><mark style=\"background-color:rgba(0, 0, 0, 0)\" class=\"has-inline-color has-vivid-cyan-blue-color\">Instituto de Criminologia<\/mark><\/strong>, como \u00f3rg\u00e3o de <strong>articula\u00e7\u00e3o cient\u00edfica<\/strong> com outros centros de pesquisa e universidades interessados no estudo e pesquisa aplicados ao sistema de justi\u00e7a criminal, com \u00eanfase no processo da investiga\u00e7\u00e3o criminal e no exerc\u00edcio da pol\u00edcia judici\u00e1ria;<\/li><li>o <strong><mark style=\"background-color:rgba(0, 0, 0, 0)\" class=\"has-inline-color has-vivid-cyan-blue-color\">Col\u00e9gio Ordem e Progresso<\/mark><\/strong>.<\/li><\/ul>\n\n\n\n<h3 class=\"wp-block-heading\" id=\"h-departamento-de-transito-de-minas-gerais\"><mark style=\"background-color:rgba(0, 0, 0, 0)\" class=\"has-inline-color has-vivid-purple-color\">Departamento de Tr\u00e2nsito de Minas Gerais<\/mark><\/h3>\n\n\n\n<p>Esse \u00e9 o famoso <strong><mark style=\"background-color:rgba(0, 0, 0, 0)\" class=\"has-inline-color has-vivid-cyan-blue-color\">Detran<\/mark><\/strong>, \u00f3rg\u00e3o executivo de <strong>tr\u00e2nsito <\/strong>do Estado, cuja finalidade \u00e9 dirigir as atividades e servi\u00e7os relativos ao <strong>registro <\/strong>e ao <strong>licenciamento <\/strong>de <strong>ve\u00edculo <\/strong>automotor e \u00e0 <strong>habilita\u00e7\u00e3o <\/strong>de <strong>condutor<\/strong>, nos termos do C\u00f3digo de Tr\u00e2nsito Brasileiro.<\/p>\n\n\n\n<p>Dentre as suas diversas <strong>compet\u00eancias <\/strong>est\u00e3o a formula\u00e7\u00e3o e avalia\u00e7\u00e3o das a\u00e7\u00f5es pertinentes ao servi\u00e7o p\u00fablico de tr\u00e2nsito, como o leil\u00e3o de ve\u00edculos apreendidos e a avalia\u00e7\u00e3o psicol\u00f3gica e o exame de aptid\u00e3o f\u00edsica e mental para habilita\u00e7\u00e3o de condutor de ve\u00edculo automotor.<\/p>\n\n\n\n<h3 class=\"wp-block-heading\" id=\"h-superintendencia-de-investigacao-e-policia-judiciaria\"><mark style=\"background-color:rgba(0, 0, 0, 0)\" class=\"has-inline-color has-vivid-purple-color\">Superintend\u00eancia de Investiga\u00e7\u00e3o e Pol\u00edcia Judici\u00e1ria<\/mark><\/h3>\n\n\n\n<p>A Superintend\u00eancia de Investiga\u00e7\u00e3o e Pol\u00edcia Judici\u00e1ria tem por finalidade <strong>planejar<\/strong>, <strong>coordenar <\/strong>e <strong>supervisionar <\/strong>a execu\u00e7\u00e3o de<strong><mark style=\"background-color:rgba(0, 0, 0, 0)\" class=\"has-inline-color has-vivid-cyan-blue-color\"> investiga\u00e7\u00e3o criminal<\/mark><\/strong>, bem como o exerc\u00edcio das fun\u00e7\u00f5es de <strong><mark style=\"background-color:rgba(0, 0, 0, 0)\" class=\"has-inline-color has-vivid-cyan-blue-color\">pol\u00edcia judici\u00e1ria.<\/mark><\/strong><\/p>\n\n\n\n<p>Em outras palavras, est\u00e3o inclu\u00eddas nessa superintend\u00eancia as compet\u00eancias relacionadas \u00e0s atividades prec\u00edpuas da Pol\u00edcia Civil, como a investiga\u00e7\u00e3o criminal e a Pol\u00edcia Judici\u00e1ria.<\/p>\n\n\n\n<p>Por esse motivo, fazem parte da sua estrutura as <strong>Delegacias de Pol\u00edcia Civil <\/strong>e as <strong>Delegacias Especializadas.<\/strong><\/p>\n\n\n\n<h3 class=\"wp-block-heading\" id=\"h-superintendencia-de-informacoes-e-inteligencia-policial\"><mark style=\"background-color:rgba(0, 0, 0, 0)\" class=\"has-inline-color has-vivid-purple-color\">Superintend\u00eancia de Informa\u00e7\u00f5es e Intelig\u00eancia Policial<\/mark><\/h3>\n\n\n\n<p>Por sua vez, a Superintend\u00eancia de Informa\u00e7\u00f5es e Intelig\u00eancia Policial tem por finalidade coordenar e executar as atividades de <strong><mark style=\"background-color:rgba(0, 0, 0, 0)\" class=\"has-inline-color has-vivid-cyan-blue-color\">gest\u00e3o de intelig\u00eancia<\/mark><\/strong>, por meio da <strong>capta\u00e7\u00e3o<\/strong>, <strong>an\u00e1lise <\/strong>e <strong>difus\u00e3o <\/strong>de <strong>dados<\/strong>, <strong>informa\u00e7\u00f5es <\/strong>e <strong>conhecimentos<\/strong>.<\/p>\n\n\n\n<p>As suas atividades visam subsidiar a apura\u00e7\u00e3o de infra\u00e7\u00f5es penais, o exerc\u00edcio das fun\u00e7\u00f5es de pol\u00edcia judici\u00e1ria, a prote\u00e7\u00e3o de pessoas e a preserva\u00e7\u00e3o das institui\u00e7\u00f5es pol\u00edtico-jur\u00eddicas, em assuntos de seguran\u00e7a interna.<\/p>\n\n\n\n<p>Est\u00e3o compreendidos na <strong>gest\u00e3o de intelig\u00eancia<\/strong> de seguran\u00e7a p\u00fablica os seguintes aspectos policiais, dentre outros:<\/p>\n\n\n\n<ul class=\"wp-block-list\"><li><strong>ocorr\u00eancia criminal <\/strong>e seu desdobramento na esfera de compet\u00eancia da PC-MG;<\/li><li><strong>registro dos atos<\/strong> de investiga\u00e7\u00e3o criminal, desde a not\u00edcia sobre infra\u00e7\u00e3o penal at\u00e9 o encerramento da respectiva apura\u00e7\u00e3o e sua formaliza\u00e7\u00e3o em procedimento legal;<\/li><li><strong>an\u00e1lise <\/strong>sobre <strong>cen\u00e1rio criminal<\/strong> e sobre a <strong>atua\u00e7\u00e3o <\/strong>policial civil;<\/li><li><strong>coleta de dados<\/strong> para subsidiar plano, programa, projeto e a\u00e7\u00e3o governamental;<\/li><li>elabora\u00e7\u00e3o da <strong>estat\u00edstica criminal <\/strong>e sua an\u00e1lise qualitativa.<\/li><\/ul>\n\n\n\n<h3 class=\"wp-block-heading\" id=\"h-superintendencia-de-policia-tecnico-cientifica\"><mark style=\"background-color:rgba(0, 0, 0, 0)\" class=\"has-inline-color has-vivid-purple-color\">Superintend\u00eancia de Pol\u00edcia T\u00e9cnico-Cient\u00edfica<\/mark><\/h3>\n\n\n\n<p>J\u00e1 a Superintend\u00eancia de Pol\u00edcia T\u00e9cnico-Cient\u00edfica, \u00f3rg\u00e3o de car\u00e1ter <strong>permanente<\/strong>, \u00e9 a unidade administrativa, t\u00e9cnica e de pesquisa que tem por finalidade coordenar e articular a\u00e7\u00f5es para a realiza\u00e7\u00e3o de <strong><mark style=\"background-color:rgba(0, 0, 0, 0)\" class=\"has-inline-color has-vivid-cyan-blue-color\">exames periciais criminais<\/mark><\/strong> e <strong><mark style=\"background-color:rgba(0, 0, 0, 0)\" class=\"has-inline-color has-vivid-cyan-blue-color\">m\u00e9dico-legais<\/mark><\/strong>.<\/p>\n\n\n\n<p>Al\u00e9m disso, ela tamb\u00e9m promove estudos e <strong>pesquisas <\/strong>inerentes \u00e0 <strong>produ\u00e7\u00e3o de provas objetivas<\/strong> para o suporte \u00e0s atividades de investiga\u00e7\u00e3o criminal, ao exerc\u00edcio da pol\u00edcia judici\u00e1ria e ao processo judicial criminal.<\/p>\n\n\n\n<p>Essa superintend\u00eancia ser\u00e1 <strong>dirigida<\/strong>, <strong>alternadamente<\/strong>, por <strong>M\u00e9dico-Legista<\/strong> ou <strong>Perito Criminal <\/strong>que esteja em atividade e no \u00faltimo n\u00edvel da carreira, exigidos, no m\u00ednimo, <strong><mark style=\"background-color:rgba(0, 0, 0, 0)\" class=\"has-inline-color has-vivid-cyan-blue-color\">15 anos<\/mark><\/strong> de efetivo exerc\u00edcio.<\/p>\n\n\n\n<p>Fazem parte da sua estrutura:<\/p>\n\n\n\n<ul class=\"wp-block-list\"><li>o <strong><mark style=\"background-color:rgba(0, 0, 0, 0)\" class=\"has-inline-color has-vivid-cyan-blue-color\">Instituto de Criminal\u00edstica<\/mark><\/strong>, que tem por finalidade dirigir as atividades de <strong>per\u00edcia criminal<\/strong>;<\/li><li>o <strong><mark style=\"background-color:rgba(0, 0, 0, 0)\" class=\"has-inline-color has-vivid-cyan-blue-color\">Instituto M\u00e9dico-Legal<\/mark><\/strong>, que tem por finalidade dirigir as atividades pertinentes \u00e0s \u00e1reas da <strong>medicina legal<\/strong> e da <strong>odontologia legal<\/strong>.<\/li><\/ul>\n\n\n\n<h3 class=\"wp-block-heading\" id=\"h-superintendencia-de-planejamento-gestao-e-financas\"><mark style=\"background-color:rgba(0, 0, 0, 0)\" class=\"has-inline-color has-vivid-purple-color\">Superintend\u00eancia de Planejamento, Gest\u00e3o e Finan\u00e7as<\/mark><\/h3>\n\n\n\n<p>Por fim, a Superintend\u00eancia de Planejamento, Gest\u00e3o e Finan\u00e7as, como o pr\u00f3prio nome j\u00e1 sugere, tem por finalidade coordenar e executar o<strong> planejamento log\u00edstico<\/strong>, <strong>gerenciar<\/strong> <strong>o or\u00e7amento<\/strong>, a <strong>contabilidade <\/strong>e a <strong>administra\u00e7\u00e3o financeira<\/strong>, <strong>gerir<\/strong> <strong>os recursos materiais <\/strong>e a <strong>administra\u00e7\u00e3o de pessoal<\/strong>.<\/p>\n\n\n\n<p>\u00c9 este setor o respons\u00e1vel por <strong>elaborar a proposta or\u00e7ament\u00e1ria da PC-MG<\/strong>, acompanhar a sua execu\u00e7\u00e3o financeira, bem como por viabilizar a<strong> presta\u00e7\u00e3o de contas<\/strong> da PC-MG; al\u00e9m de controlar o <strong>cadastro de pessoal<\/strong>, a <strong>lota\u00e7\u00e3o e a vac\u00e2ncia de cargos<\/strong> da PC-MG, supervisionar a presta\u00e7\u00e3o dos servi\u00e7os <strong>terceirizados<\/strong>, entre outras compet\u00eancias.<\/p>\n\n\n\n<h2 class=\"wp-block-heading\" id=\"h-finalizando\"><mark style=\"background-color:rgba(0, 0, 0, 0)\" class=\"has-inline-color has-vivid-cyan-blue-color\">Finalizando<\/mark><\/h2>\n\n\n\n<p>Galera! Chegamos ao final do nosso segundo artigo sobre a Lei Org\u00e2nica da Pol\u00edcia Civil de Minas Gerais, presente na Lei Complementar Estadual 129\/13, para o concurso da PC-MG.<\/p>\n\n\n\n<p>Ressaltamos ainda, que, para a sua aprova\u00e7\u00e3o, \u00e9&nbsp;<strong>importante&nbsp;<\/strong>a<strong>&nbsp;leitura da lei&nbsp;<\/strong>citada aqui. Esse artigo \u00e9 apenas uma an\u00e1lise mais simplificada dessa norma.<\/p>\n\n\n\n<p>Caso queira se preparar para chegar&nbsp;<strong>competitivo&nbsp;<\/strong>nesta prova, invista nos&nbsp;<strong><a href=\"https:\/\/www.estrategiaconcursos.com.br\/cursosPorConcurso\/policia-civil-de-minas-gerais-pc-mg\/\" target=\"_blank\" rel=\"noreferrer noopener\">cursos para a PC-MG<\/a><\/strong>&nbsp;do&nbsp;<strong>Estrat\u00e9gia Concursos<\/strong>.&nbsp;L\u00e1 voc\u00ea encontrar\u00e1&nbsp;<strong>aulas completas e detalhadas, com os melhores professores do mercado<\/strong>,&nbsp;de todos os t\u00f3picos exigidos no edital deste concurso.<\/p>\n\n\n\n<p>Conhe\u00e7a tamb\u00e9m o<strong>&nbsp;<a href=\"https:\/\/questoes.estrategiaconcursos.com.br\/\" target=\"_blank\" rel=\"noreferrer noopener\">Sistema de Quest\u00f5es do Estrat\u00e9gia<\/a><\/strong>. Afinal, a \u00fanica maneira de&nbsp;<strong>consolidar o conte\u00fado&nbsp;<\/strong>de maneira satisfat\u00f3ria \u00e9 atrav\u00e9s da&nbsp;<strong>resolu\u00e7\u00e3o de quest\u00f5es.<\/strong><\/p>\n\n\n\n<p>Bons estudos a todos e at\u00e9 a pr\u00f3xima!<\/p>\n\n\n\n<h2 class=\"has-text-align-center wp-block-heading\" id=\"h-cursos-e-assinaturas\">Cursos e Assinaturas <\/h2>\n\n\n\n<p>Prepare-se com o melhor material e com quem mais aprova em Concursos P\u00fablicos em todo o pa\u00eds!<\/p>\n\n\n\n<p class=\"has-text-align-center has-vivid-cyan-blue-color has-text-color has-background\" style=\"background-color:#0078bd\"><a href=\"https:\/\/www.estrategiaconcursos.com.br\/blog\/concursos-abertos\/\" target=\"_blank\" rel=\"noreferrer noopener\"><strong><span class=\"has-inline-color has-white-color\">Concursos abertos<\/span><\/strong><\/a><\/p>\n\n\n\n<p class=\"has-text-align-center has-vivid-cyan-blue-color has-text-color has-background\" style=\"background-color:#0072b4\"><strong><a href=\"https:\/\/www.estrategiaconcursos.com.br\/blog\/concursos-2022\/\" target=\"_blank\" rel=\"noreferrer noopener\"><span class=\"has-inline-color has-white-color\">Concursos 2022<\/span><\/a><\/strong><\/p>\n\n\n\n<div class=\"container\" id=\"boxes\">\n  <div class=\"row\">\n    <div class=\"col-sm\">\n      <div class=\"estrategia\" id=\"box-assinatura\">\n        <h3 class=\"titulo-assinatura\">Assinatura de Concursos<\/h3>\n        <p class=\"subtitulo-assinatura\">Assinatura de 1 ano ou 2 anos<\/p>\n        <div class=\"box-botao\">\n          <a class=\"btn-assinatura\" target=\"_blank\" href=\"https:\/\/www.estrategiaconcursos.com.br\/assinaturas\/\" role=\"button\" rel=\"noopener noreferrer\">ASSINE AGORA<\/a>\n        <\/div>\n      <\/div>\n      \n    <\/div><\/div><\/div>\n","protected":false},"excerpt":{"rendered":"<p>Confira aqui uma an\u00e1lise sobre a&nbsp;Lei Org\u00e2nica da Pol\u00edcia Civil de Minas Gerais, presente na Lei Complementar Estadual 129\/13, para o concurso administrativo de Analista e T\u00e9cnico da&nbsp;PC-MG. Ol\u00e1, pessoal! Tudo joia? O concurso da&nbsp;PC-MG&nbsp;(Pol\u00edcia Civil de Minas Gerais) est\u00e1 com o seu edital publicado. Est\u00e3o sendo ofertadas 165 vagas para a carreira administrativa, sendo&nbsp;51&nbsp;para&nbsp;Analista&nbsp;e&nbsp;114&nbsp;para&nbsp;T\u00e9cnico, [&hellip;]<\/p>\n","protected":false},"author":1976,"featured_media":875160,"comment_status":"open","ping_status":"closed","sticky":false,"template":"","format":"standard","meta":{"post_tipo":"article","footnotes":""},"categories":[1,214992],"tags":[],"tax_estado":[219974],"class_list":["post-1009454","post","type-post","status-publish","format-standard","has-post-thumbnail","hentry","category-cursos-e-concursos","category-concursos-administrativos","tax_estado-mg"],"acf":[],"yoast_head":"<!-- This site is optimized with the Yoast SEO Premium plugin v27.2 (Yoast SEO v27.2) - https:\/\/yoast.com\/product\/yoast-seo-premium-wordpress\/ -->\n<title>A Lei Org\u00e2nica da Pol\u00edcia Civil MG para PC-MG: Estrutura Organizacional<\/title>\n<meta name=\"description\" content=\"Confira aqui uma an\u00e1lise sobre a\u00a0Lei Org\u00e2nica da Pol\u00edcia Civil de Minas Gerais, para o concurso administrativo da\u00a0PC-MG.\" \/>\n<meta name=\"robots\" content=\"index, follow, max-snippet:-1, max-image-preview:large, max-video-preview:-1\" \/>\n<link rel=\"canonical\" href=\"https:\/\/www.estrategiaconcursos.com.br\/blog\/pc-mg-lei-organica\/\" \/>\n<meta property=\"og:locale\" content=\"pt_BR\" \/>\n<meta property=\"og:type\" content=\"article\" \/>\n<meta property=\"og:title\" content=\"A Lei Org\u00e2nica da Pol\u00edcia Civil MG para PC-MG: Estrutura Organizacional\" \/>\n<meta property=\"og:description\" content=\"Confira aqui uma an\u00e1lise sobre a\u00a0Lei Org\u00e2nica da Pol\u00edcia Civil de Minas Gerais, para o concurso administrativo da\u00a0PC-MG.\" \/>\n<meta property=\"og:url\" content=\"https:\/\/www.estrategiaconcursos.com.br\/blog\/pc-mg-lei-organica\/\" \/>\n<meta property=\"og:site_name\" content=\"Estrat\u00e9gia Concursos\" \/>\n<meta property=\"article:published_time\" content=\"2022-04-28T18:30:00+00:00\" \/>\n<meta property=\"og:image\" content=\"https:\/\/dhg1h5j42swfq.cloudfront.net\/2021\/10\/01103054\/concurso-pc-mg.jpg\" \/>\n\t<meta property=\"og:image:width\" content=\"1280\" \/>\n\t<meta property=\"og:image:height\" content=\"960\" \/>\n\t<meta property=\"og:image:type\" content=\"image\/jpeg\" \/>\n<meta name=\"author\" content=\"Kassio Henrique Sobral Rocha\" \/>\n<meta name=\"twitter:card\" content=\"summary_large_image\" \/>\n<meta name=\"twitter:creator\" content=\"@EstratConcursos\" \/>\n<meta name=\"twitter:site\" content=\"@EstratConcursos\" \/>\n<meta name=\"twitter:label1\" content=\"Escrito por\" \/>\n\t<meta name=\"twitter:data1\" content=\"Kassio Henrique Sobral Rocha\" \/>\n\t<meta name=\"twitter:label2\" content=\"Est. tempo de leitura\" \/>\n\t<meta name=\"twitter:data2\" content=\"11 minutos\" \/>\n<script type=\"application\/ld+json\" class=\"yoast-schema-graph\">{\"@context\":\"https:\/\/schema.org\",\"@graph\":[{\"@type\":\"NewsArticle\",\"@id\":\"https:\/\/www.estrategiaconcursos.com.br\/blog\/pc-mg-lei-organica\/#article\",\"isPartOf\":{\"@id\":\"https:\/\/www.estrategiaconcursos.com.br\/blog\/pc-mg-lei-organica\/\"},\"author\":{\"name\":\"Kassio Henrique Sobral Rocha\",\"@id\":\"https:\/\/www.estrategiaconcursos.com.br\/blog\/#\/schema\/person\/f0c830e07cfe11c231c0ea5dbb036df5\"},\"headline\":\"A Lei Org\u00e2nica da Pol\u00edcia Civil MG para PC-MG: Estrutura Organizacional\",\"datePublished\":\"2022-04-28T18:30:00+00:00\",\"mainEntityOfPage\":{\"@id\":\"https:\/\/www.estrategiaconcursos.com.br\/blog\/pc-mg-lei-organica\/\"},\"wordCount\":2082,\"commentCount\":0,\"publisher\":{\"@id\":\"https:\/\/www.estrategiaconcursos.com.br\/blog\/#organization\"},\"image\":{\"@id\":\"https:\/\/www.estrategiaconcursos.com.br\/blog\/pc-mg-lei-organica\/#primaryimage\"},\"thumbnailUrl\":\"https:\/\/dhg1h5j42swfq.cloudfront.net\/2021\/10\/01103054\/concurso-pc-mg.jpg\",\"articleSection\":[\"Concursos P\u00fablicos\",\"Executivo (Administrativa)\"],\"inLanguage\":\"pt-BR\",\"potentialAction\":[{\"@type\":\"CommentAction\",\"name\":\"Comment\",\"target\":[\"https:\/\/www.estrategiaconcursos.com.br\/blog\/pc-mg-lei-organica\/#respond\"]}],\"copyrightYear\":\"2022\",\"copyrightHolder\":{\"@id\":\"https:\/\/www.estrategiaconcursos.com.br\/blog\/#organization\"}},{\"@type\":\"WebPage\",\"@id\":\"https:\/\/www.estrategiaconcursos.com.br\/blog\/pc-mg-lei-organica\/\",\"url\":\"https:\/\/www.estrategiaconcursos.com.br\/blog\/pc-mg-lei-organica\/\",\"name\":\"A Lei Org\u00e2nica da Pol\u00edcia Civil MG para PC-MG: Estrutura Organizacional\",\"isPartOf\":{\"@id\":\"https:\/\/www.estrategiaconcursos.com.br\/blog\/#website\"},\"primaryImageOfPage\":{\"@id\":\"https:\/\/www.estrategiaconcursos.com.br\/blog\/pc-mg-lei-organica\/#primaryimage\"},\"image\":{\"@id\":\"https:\/\/www.estrategiaconcursos.com.br\/blog\/pc-mg-lei-organica\/#primaryimage\"},\"thumbnailUrl\":\"https:\/\/dhg1h5j42swfq.cloudfront.net\/2021\/10\/01103054\/concurso-pc-mg.jpg\",\"datePublished\":\"2022-04-28T18:30:00+00:00\",\"description\":\"Confira aqui uma an\u00e1lise sobre a\u00a0Lei Org\u00e2nica da Pol\u00edcia Civil de Minas Gerais, para o concurso administrativo da\u00a0PC-MG.\",\"breadcrumb\":{\"@id\":\"https:\/\/www.estrategiaconcursos.com.br\/blog\/pc-mg-lei-organica\/#breadcrumb\"},\"inLanguage\":\"pt-BR\",\"potentialAction\":[{\"@type\":\"ReadAction\",\"target\":[\"https:\/\/www.estrategiaconcursos.com.br\/blog\/pc-mg-lei-organica\/\"]}]},{\"@type\":\"ImageObject\",\"inLanguage\":\"pt-BR\",\"@id\":\"https:\/\/www.estrategiaconcursos.com.br\/blog\/pc-mg-lei-organica\/#primaryimage\",\"url\":\"https:\/\/dhg1h5j42swfq.cloudfront.net\/2021\/10\/01103054\/concurso-pc-mg.jpg\",\"contentUrl\":\"https:\/\/dhg1h5j42swfq.cloudfront.net\/2021\/10\/01103054\/concurso-pc-mg.jpg\",\"width\":1280,\"height\":960,\"caption\":\"concurso pc mg\"},{\"@type\":\"BreadcrumbList\",\"@id\":\"https:\/\/www.estrategiaconcursos.com.br\/blog\/pc-mg-lei-organica\/#breadcrumb\",\"itemListElement\":[{\"@type\":\"ListItem\",\"position\":1,\"name\":\"In\u00edcio\",\"item\":\"https:\/\/www.estrategiaconcursos.com.br\/blog\/\"},{\"@type\":\"ListItem\",\"position\":2,\"name\":\"A Lei Org\u00e2nica da Pol\u00edcia Civil MG para PC-MG: Estrutura Organizacional\"}]},{\"@type\":\"WebSite\",\"@id\":\"https:\/\/www.estrategiaconcursos.com.br\/blog\/#website\",\"url\":\"https:\/\/www.estrategiaconcursos.com.br\/blog\/\",\"name\":\"Estrat\u00e9gia Concursos\",\"description\":\"O blog da Estrat\u00e9gia Concursos traz not\u00edcias sobre concursos e artigos de professores oferecendo cursos para concursos (pdf + videaulas) no site.\",\"publisher\":{\"@id\":\"https:\/\/www.estrategiaconcursos.com.br\/blog\/#organization\"},\"potentialAction\":[{\"@type\":\"SearchAction\",\"target\":{\"@type\":\"EntryPoint\",\"urlTemplate\":\"https:\/\/www.estrategiaconcursos.com.br\/blog\/?s={search_term_string}\"},\"query-input\":{\"@type\":\"PropertyValueSpecification\",\"valueRequired\":true,\"valueName\":\"search_term_string\"}}],\"inLanguage\":\"pt-BR\"},{\"@type\":\"Organization\",\"@id\":\"https:\/\/www.estrategiaconcursos.com.br\/blog\/#organization\",\"name\":\"Estrat\u00e9gia Concursos\",\"url\":\"https:\/\/www.estrategiaconcursos.com.br\/blog\/\",\"logo\":{\"@type\":\"ImageObject\",\"inLanguage\":\"pt-BR\",\"@id\":\"https:\/\/www.estrategiaconcursos.com.br\/blog\/#\/schema\/logo\/image\/\",\"url\":\"https:\/\/dhg1h5j42swfq.cloudfront.net\/2025\/06\/03203428\/logo_concursos-1.jpg\",\"contentUrl\":\"https:\/\/dhg1h5j42swfq.cloudfront.net\/2025\/06\/03203428\/logo_concursos-1.jpg\",\"width\":230,\"height\":60,\"caption\":\"Estrat\u00e9gia Concursos\"},\"image\":{\"@id\":\"https:\/\/www.estrategiaconcursos.com.br\/blog\/#\/schema\/logo\/image\/\"},\"sameAs\":[\"https:\/\/x.com\/EstratConcursos\"]},{\"@type\":\"Person\",\"@id\":\"https:\/\/www.estrategiaconcursos.com.br\/blog\/#\/schema\/person\/f0c830e07cfe11c231c0ea5dbb036df5\",\"name\":\"Kassio Henrique Sobral Rocha\",\"image\":{\"@type\":\"ImageObject\",\"inLanguage\":\"pt-BR\",\"@id\":\"https:\/\/secure.gravatar.com\/avatar\/d10350cbdad043facd8ec77a377f86f9026afee3348e463b04854fd4490ce759?s=96&d=mm&r=g\",\"url\":\"https:\/\/secure.gravatar.com\/avatar\/d10350cbdad043facd8ec77a377f86f9026afee3348e463b04854fd4490ce759?s=96&d=mm&r=g\",\"contentUrl\":\"https:\/\/secure.gravatar.com\/avatar\/d10350cbdad043facd8ec77a377f86f9026afee3348e463b04854fd4490ce759?s=96&d=mm&r=g\",\"caption\":\"Kassio Henrique Sobral Rocha\"},\"url\":\"https:\/\/www.estrategiaconcursos.com.br\/blog\/author\/kassio-rochayahoo-com-br\/\"}]}<\/script>\n<!-- \/ Yoast SEO Premium plugin. -->","yoast_head_json":{"title":"A Lei Org\u00e2nica da Pol\u00edcia Civil MG para PC-MG: Estrutura Organizacional","description":"Confira aqui uma an\u00e1lise sobre a\u00a0Lei Org\u00e2nica da Pol\u00edcia Civil de Minas Gerais, para o concurso administrativo da\u00a0PC-MG.","robots":{"index":"index","follow":"follow","max-snippet":"max-snippet:-1","max-image-preview":"max-image-preview:large","max-video-preview":"max-video-preview:-1"},"canonical":"https:\/\/www.estrategiaconcursos.com.br\/blog\/pc-mg-lei-organica\/","og_locale":"pt_BR","og_type":"article","og_title":"A Lei Org\u00e2nica da Pol\u00edcia Civil MG para PC-MG: Estrutura Organizacional","og_description":"Confira aqui uma an\u00e1lise sobre a\u00a0Lei Org\u00e2nica da Pol\u00edcia Civil de Minas Gerais, para o concurso administrativo da\u00a0PC-MG.","og_url":"https:\/\/www.estrategiaconcursos.com.br\/blog\/pc-mg-lei-organica\/","og_site_name":"Estrat\u00e9gia Concursos","article_published_time":"2022-04-28T18:30:00+00:00","og_image":[{"width":1280,"height":960,"url":"https:\/\/dhg1h5j42swfq.cloudfront.net\/2021\/10\/01103054\/concurso-pc-mg.jpg","type":"image\/jpeg"}],"author":"Kassio Henrique Sobral Rocha","twitter_card":"summary_large_image","twitter_creator":"@EstratConcursos","twitter_site":"@EstratConcursos","twitter_misc":{"Escrito por":"Kassio Henrique Sobral Rocha","Est. tempo de leitura":"11 minutos"},"schema":{"@context":"https:\/\/schema.org","@graph":[{"@type":"NewsArticle","@id":"https:\/\/www.estrategiaconcursos.com.br\/blog\/pc-mg-lei-organica\/#article","isPartOf":{"@id":"https:\/\/www.estrategiaconcursos.com.br\/blog\/pc-mg-lei-organica\/"},"author":{"name":"Kassio Henrique Sobral Rocha","@id":"https:\/\/www.estrategiaconcursos.com.br\/blog\/#\/schema\/person\/f0c830e07cfe11c231c0ea5dbb036df5"},"headline":"A Lei Org\u00e2nica da Pol\u00edcia Civil MG para PC-MG: Estrutura Organizacional","datePublished":"2022-04-28T18:30:00+00:00","mainEntityOfPage":{"@id":"https:\/\/www.estrategiaconcursos.com.br\/blog\/pc-mg-lei-organica\/"},"wordCount":2082,"commentCount":0,"publisher":{"@id":"https:\/\/www.estrategiaconcursos.com.br\/blog\/#organization"},"image":{"@id":"https:\/\/www.estrategiaconcursos.com.br\/blog\/pc-mg-lei-organica\/#primaryimage"},"thumbnailUrl":"https:\/\/dhg1h5j42swfq.cloudfront.net\/2021\/10\/01103054\/concurso-pc-mg.jpg","articleSection":["Concursos P\u00fablicos","Executivo (Administrativa)"],"inLanguage":"pt-BR","potentialAction":[{"@type":"CommentAction","name":"Comment","target":["https:\/\/www.estrategiaconcursos.com.br\/blog\/pc-mg-lei-organica\/#respond"]}],"copyrightYear":"2022","copyrightHolder":{"@id":"https:\/\/www.estrategiaconcursos.com.br\/blog\/#organization"}},{"@type":"WebPage","@id":"https:\/\/www.estrategiaconcursos.com.br\/blog\/pc-mg-lei-organica\/","url":"https:\/\/www.estrategiaconcursos.com.br\/blog\/pc-mg-lei-organica\/","name":"A Lei Org\u00e2nica da Pol\u00edcia Civil MG para PC-MG: Estrutura Organizacional","isPartOf":{"@id":"https:\/\/www.estrategiaconcursos.com.br\/blog\/#website"},"primaryImageOfPage":{"@id":"https:\/\/www.estrategiaconcursos.com.br\/blog\/pc-mg-lei-organica\/#primaryimage"},"image":{"@id":"https:\/\/www.estrategiaconcursos.com.br\/blog\/pc-mg-lei-organica\/#primaryimage"},"thumbnailUrl":"https:\/\/dhg1h5j42swfq.cloudfront.net\/2021\/10\/01103054\/concurso-pc-mg.jpg","datePublished":"2022-04-28T18:30:00+00:00","description":"Confira aqui uma an\u00e1lise sobre a\u00a0Lei Org\u00e2nica da Pol\u00edcia Civil de Minas Gerais, para o concurso administrativo da\u00a0PC-MG.","breadcrumb":{"@id":"https:\/\/www.estrategiaconcursos.com.br\/blog\/pc-mg-lei-organica\/#breadcrumb"},"inLanguage":"pt-BR","potentialAction":[{"@type":"ReadAction","target":["https:\/\/www.estrategiaconcursos.com.br\/blog\/pc-mg-lei-organica\/"]}]},{"@type":"ImageObject","inLanguage":"pt-BR","@id":"https:\/\/www.estrategiaconcursos.com.br\/blog\/pc-mg-lei-organica\/#primaryimage","url":"https:\/\/dhg1h5j42swfq.cloudfront.net\/2021\/10\/01103054\/concurso-pc-mg.jpg","contentUrl":"https:\/\/dhg1h5j42swfq.cloudfront.net\/2021\/10\/01103054\/concurso-pc-mg.jpg","width":1280,"height":960,"caption":"concurso pc mg"},{"@type":"BreadcrumbList","@id":"https:\/\/www.estrategiaconcursos.com.br\/blog\/pc-mg-lei-organica\/#breadcrumb","itemListElement":[{"@type":"ListItem","position":1,"name":"In\u00edcio","item":"https:\/\/www.estrategiaconcursos.com.br\/blog\/"},{"@type":"ListItem","position":2,"name":"A Lei Org\u00e2nica da Pol\u00edcia Civil MG para PC-MG: Estrutura Organizacional"}]},{"@type":"WebSite","@id":"https:\/\/www.estrategiaconcursos.com.br\/blog\/#website","url":"https:\/\/www.estrategiaconcursos.com.br\/blog\/","name":"Estrat\u00e9gia Concursos","description":"O blog da Estrat\u00e9gia Concursos traz not\u00edcias sobre concursos e artigos de professores oferecendo cursos para concursos (pdf + videaulas) no site.","publisher":{"@id":"https:\/\/www.estrategiaconcursos.com.br\/blog\/#organization"},"potentialAction":[{"@type":"SearchAction","target":{"@type":"EntryPoint","urlTemplate":"https:\/\/www.estrategiaconcursos.com.br\/blog\/?s={search_term_string}"},"query-input":{"@type":"PropertyValueSpecification","valueRequired":true,"valueName":"search_term_string"}}],"inLanguage":"pt-BR"},{"@type":"Organization","@id":"https:\/\/www.estrategiaconcursos.com.br\/blog\/#organization","name":"Estrat\u00e9gia Concursos","url":"https:\/\/www.estrategiaconcursos.com.br\/blog\/","logo":{"@type":"ImageObject","inLanguage":"pt-BR","@id":"https:\/\/www.estrategiaconcursos.com.br\/blog\/#\/schema\/logo\/image\/","url":"https:\/\/dhg1h5j42swfq.cloudfront.net\/2025\/06\/03203428\/logo_concursos-1.jpg","contentUrl":"https:\/\/dhg1h5j42swfq.cloudfront.net\/2025\/06\/03203428\/logo_concursos-1.jpg","width":230,"height":60,"caption":"Estrat\u00e9gia Concursos"},"image":{"@id":"https:\/\/www.estrategiaconcursos.com.br\/blog\/#\/schema\/logo\/image\/"},"sameAs":["https:\/\/x.com\/EstratConcursos"]},{"@type":"Person","@id":"https:\/\/www.estrategiaconcursos.com.br\/blog\/#\/schema\/person\/f0c830e07cfe11c231c0ea5dbb036df5","name":"Kassio Henrique Sobral Rocha","image":{"@type":"ImageObject","inLanguage":"pt-BR","@id":"https:\/\/secure.gravatar.com\/avatar\/d10350cbdad043facd8ec77a377f86f9026afee3348e463b04854fd4490ce759?s=96&d=mm&r=g","url":"https:\/\/secure.gravatar.com\/avatar\/d10350cbdad043facd8ec77a377f86f9026afee3348e463b04854fd4490ce759?s=96&d=mm&r=g","contentUrl":"https:\/\/secure.gravatar.com\/avatar\/d10350cbdad043facd8ec77a377f86f9026afee3348e463b04854fd4490ce759?s=96&d=mm&r=g","caption":"Kassio Henrique Sobral Rocha"},"url":"https:\/\/www.estrategiaconcursos.com.br\/blog\/author\/kassio-rochayahoo-com-br\/"}]}},"_links":{"self":[{"href":"https:\/\/www.estrategiaconcursos.com.br\/blog\/wp-json\/wp\/v2\/posts\/1009454","targetHints":{"allow":["GET"]}}],"collection":[{"href":"https:\/\/www.estrategiaconcursos.com.br\/blog\/wp-json\/wp\/v2\/posts"}],"about":[{"href":"https:\/\/www.estrategiaconcursos.com.br\/blog\/wp-json\/wp\/v2\/types\/post"}],"author":[{"embeddable":true,"href":"https:\/\/www.estrategiaconcursos.com.br\/blog\/wp-json\/wp\/v2\/users\/1976"}],"replies":[{"embeddable":true,"href":"https:\/\/www.estrategiaconcursos.com.br\/blog\/wp-json\/wp\/v2\/comments?post=1009454"}],"version-history":[{"count":39,"href":"https:\/\/www.estrategiaconcursos.com.br\/blog\/wp-json\/wp\/v2\/posts\/1009454\/revisions"}],"predecessor-version":[{"id":1010113,"href":"https:\/\/www.estrategiaconcursos.com.br\/blog\/wp-json\/wp\/v2\/posts\/1009454\/revisions\/1010113"}],"wp:featuredmedia":[{"embeddable":true,"href":"https:\/\/www.estrategiaconcursos.com.br\/blog\/wp-json\/wp\/v2\/media\/875160"}],"wp:attachment":[{"href":"https:\/\/www.estrategiaconcursos.com.br\/blog\/wp-json\/wp\/v2\/media?parent=1009454"}],"wp:term":[{"taxonomy":"category","embeddable":true,"href":"https:\/\/www.estrategiaconcursos.com.br\/blog\/wp-json\/wp\/v2\/categories?post=1009454"},{"taxonomy":"post_tag","embeddable":true,"href":"https:\/\/www.estrategiaconcursos.com.br\/blog\/wp-json\/wp\/v2\/tags?post=1009454"},{"taxonomy":"tax_estado","embeddable":true,"href":"https:\/\/www.estrategiaconcursos.com.br\/blog\/wp-json\/wp\/v2\/tax_estado?post=1009454"}],"curies":[{"name":"wp","href":"https:\/\/api.w.org\/{rel}","templated":true}]}}