{"id":1009293,"date":"2022-04-14T12:42:02","date_gmt":"2022-04-14T15:42:02","guid":{"rendered":"https:\/\/www.estrategiaconcursos.com.br\/blog\/?p=1009293"},"modified":"2022-04-18T12:49:32","modified_gmt":"2022-04-18T15:49:32","slug":"reajuste-servidores-federais","status":"publish","type":"post","link":"https:\/\/www.estrategiaconcursos.com.br\/blog\/reajuste-servidores-federais\/","title":{"rendered":"Concurso P\u00fablico: servidores federais ter\u00e3o reajuste de 5%"},"content":{"rendered":"\n<p>O governo do presidente<strong> Jair Bolsonaro<\/strong> decidiu pelo reajuste de 5% nos sal\u00e1rios dos servidores p\u00fablicos federais.<\/p>\n\n\n\n<p>O <strong>reajuste dos servidores federais<\/strong> foi deliberado na \u00faltima quarta-feira (13\/4), em reuni\u00e3o com o ministro Paulo Guedes (Economia) e outros integrantes do governo.<\/p>\n\n\n\n<p>A partir da reuni\u00e3o o governo decidiu pelo <strong>percentual de 5%<\/strong>, mas podendo ser reduzido para 4% at\u00e9 que a decis\u00e3o seja publicada em Di\u00e1rio Oficial.<\/p>\n\n\n\n<p>Como o percentual corrige defasagem inflacion\u00e1ria, a concess\u00e3o do benef\u00edcio n\u00e3o esbarra na Lei Eleitoral, que pro\u00edbe o benef\u00edcio no per\u00edodo de seis meses antes do primeiro turno.<\/p>\n\n\n\n<p>O reajuste dever\u00e1 ser aplicado no <strong>sal\u00e1rio de junho<\/strong> e custar entre R$ 5 bilh\u00f5es e R$ 6 bilh\u00f5es aos cofres p\u00fablicos neste ano, considerando apenas os funcion\u00e1rios do Poder Executivo. <\/p>\n\n\n\n<p>Como o <a href=\"https:\/\/www.gov.br\/economia\/pt-br\/assuntos\/planejamento-e-orcamento\/orcamento\/orcamentos-anuais\/2022\" target=\"_blank\" rel=\"noreferrer noopener\">Or\u00e7amento<\/a> s\u00f3 disp\u00f5e de R$ 1,7 bilh\u00e3o para <strong>reajuste dos servidores federais<\/strong>, o governo ter\u00e1 que cortar despesas em outras \u00e1reas.<\/p>\n\n\n\n<p>O an\u00fancio n\u00e3o tem agradado parte do funcionalismo p\u00fablico, como \u00e9 o caso dos servidores do <strong><a href=\"https:\/\/www.estrategiaconcursos.com.br\/blog\/concurso-bacen\/\" target=\"_blank\" rel=\"noreferrer noopener\">Banco Central <\/a><\/strong>que decidiram manter a greve iniciada em 1\u00ba de abril de 2022.<\/p>\n\n\n\n<p>&#8220;O \u00edndice \u00e9 pequeno, haja vista que, s\u00f3 no governo Bolsonaro, as perdas s\u00e3o superiores a 20%. Nosso indicativo \u00e9 contr\u00e1rio. Vamos continuar em greve at\u00e9 que o governo apresente um \u00edndice melhor que esse (de 5%)&#8221; afirmou em nota, o presidente do Sindicato dos Servidores do Banco Central (Sinal), Fabio Faiad.<\/p>\n\n\n\n<p>O <strong>Presidente Jair Bolsonaro<\/strong> j\u00e1 havia sinalizado o aumento salarial dos servidores em janeiro de 2022, no entanto, a medida seria v\u00e1lid aapenas para as carreiras policiais.<\/p>\n\n\n\n<p>No total, os reajustes chegariam at\u00e9 45% e seriam divididos entre os anos de<strong>&nbsp;2022, 2023 e 2024<\/strong>.<\/p>\n\n\n\n<p>A medida acabou sendo<a href=\"https:\/\/www.estrategiaconcursos.com.br\/blog\/reajuste-salarial-policiais-esta-suspenso\/\" target=\"_blank\" rel=\"noreferrer noopener\"> suspensa<\/a> ap\u00f3s entrar em detrimento com as demais categorias de servidores p\u00fablicos.<\/p>\n\n\n\n\n","protected":false},"excerpt":{"rendered":"<p>O governo do presidente Jair Bolsonaro decidiu pelo reajuste de 5% nos sal\u00e1rios dos servidores p\u00fablicos federais. O reajuste dos servidores federais foi deliberado na \u00faltima quarta-feira (13\/4), em reuni\u00e3o com o ministro Paulo Guedes (Economia) e outros integrantes do governo. A partir da reuni\u00e3o o governo decidiu pelo percentual de 5%, mas podendo ser [&hellip;]<\/p>\n","protected":false},"author":2319,"featured_media":859600,"comment_status":"open","ping_status":"closed","sticky":false,"template":"","format":"standard","meta":{"post_tipo":"news","footnotes":""},"categories":[1],"tags":[],"tax_estado":[219963],"class_list":["post-1009293","post","type-post","status-publish","format-standard","has-post-thumbnail","hentry","category-cursos-e-concursos","tax_estado-concursos-federais"],"acf":[],"yoast_head":"<!-- This site is optimized with the Yoast SEO Premium plugin v27.2 (Yoast SEO v27.2) - https:\/\/yoast.com\/product\/yoast-seo-premium-wordpress\/ -->\n<title>Concurso P\u00fablico: servidores federais ter\u00e3o reajuste de 5%<\/title>\n<meta name=\"description\" content=\"reajuste dos servidores federais: governo decide por conceder reajuste de 5% a partir de julho. Confira todos os detalhes aqui!\" \/>\n<meta name=\"robots\" content=\"index, follow, max-snippet:-1, max-image-preview:large, max-video-preview:-1\" \/>\n<link rel=\"canonical\" href=\"https:\/\/www.estrategiaconcursos.com.br\/blog\/reajuste-servidores-federais\/\" \/>\n<meta property=\"og:locale\" content=\"pt_BR\" \/>\n<meta property=\"og:type\" content=\"article\" \/>\n<meta property=\"og:title\" content=\"Concurso P\u00fablico: servidores federais ter\u00e3o reajuste de 5%\" \/>\n<meta property=\"og:description\" content=\"reajuste dos servidores federais: governo decide por conceder reajuste de 5% a partir de julho. Confira todos os detalhes aqui!\" \/>\n<meta property=\"og:url\" content=\"https:\/\/www.estrategiaconcursos.com.br\/blog\/reajuste-servidores-federais\/\" \/>\n<meta property=\"og:site_name\" content=\"Estrat\u00e9gia Concursos\" \/>\n<meta property=\"article:published_time\" content=\"2022-04-14T15:42:02+00:00\" \/>\n<meta property=\"article:modified_time\" content=\"2022-04-18T15:49:32+00:00\" \/>\n<meta property=\"og:image\" content=\"https:\/\/dhg1h5j42swfq.cloudfront.net\/2021\/09\/13085925\/o-presidente-jair-bolsonaro-em-reuniao-do-conselho-do-programa-de-parcerias-de-investimentos-1630017855008_v2_450x337.jpg\" \/>\n\t<meta property=\"og:image:width\" content=\"450\" \/>\n\t<meta property=\"og:image:height\" content=\"337\" \/>\n\t<meta property=\"og:image:type\" content=\"image\/jpeg\" \/>\n<meta name=\"author\" content=\"Let\u00edcia Teixeira\" \/>\n<meta name=\"twitter:card\" content=\"summary_large_image\" \/>\n<meta name=\"twitter:creator\" content=\"@EstratConcursos\" \/>\n<meta name=\"twitter:site\" content=\"@EstratConcursos\" \/>\n<meta name=\"twitter:label1\" content=\"Escrito por\" \/>\n\t<meta name=\"twitter:data1\" content=\"Let\u00edcia Teixeira\" \/>\n\t<meta name=\"twitter:label2\" content=\"Est. tempo de leitura\" \/>\n\t<meta name=\"twitter:data2\" content=\"2 minutos\" \/>\n<script type=\"application\/ld+json\" class=\"yoast-schema-graph\">{\"@context\":\"https:\/\/schema.org\",\"@graph\":[{\"@type\":\"NewsArticle\",\"@id\":\"https:\/\/www.estrategiaconcursos.com.br\/blog\/reajuste-servidores-federais\/#article\",\"isPartOf\":{\"@id\":\"https:\/\/www.estrategiaconcursos.com.br\/blog\/reajuste-servidores-federais\/\"},\"author\":{\"name\":\"Let\u00edcia Teixeira\",\"@id\":\"https:\/\/www.estrategiaconcursos.com.br\/blog\/#\/schema\/person\/9b94727dcf4410f4a7931c83966c843b\"},\"headline\":\"Concurso P\u00fablico: servidores federais ter\u00e3o reajuste de 5%\",\"datePublished\":\"2022-04-14T15:42:02+00:00\",\"dateModified\":\"2022-04-18T15:49:32+00:00\",\"mainEntityOfPage\":{\"@id\":\"https:\/\/www.estrategiaconcursos.com.br\/blog\/reajuste-servidores-federais\/\"},\"wordCount\":312,\"commentCount\":0,\"publisher\":{\"@id\":\"https:\/\/www.estrategiaconcursos.com.br\/blog\/#organization\"},\"image\":{\"@id\":\"https:\/\/www.estrategiaconcursos.com.br\/blog\/reajuste-servidores-federais\/#primaryimage\"},\"thumbnailUrl\":\"https:\/\/dhg1h5j42swfq.cloudfront.net\/2021\/09\/13085925\/o-presidente-jair-bolsonaro-em-reuniao-do-conselho-do-programa-de-parcerias-de-investimentos-1630017855008_v2_450x337.jpg\",\"articleSection\":[\"Concursos P\u00fablicos\"],\"inLanguage\":\"pt-BR\",\"potentialAction\":[{\"@type\":\"CommentAction\",\"name\":\"Comment\",\"target\":[\"https:\/\/www.estrategiaconcursos.com.br\/blog\/reajuste-servidores-federais\/#respond\"]}],\"copyrightYear\":\"2022\",\"copyrightHolder\":{\"@id\":\"https:\/\/www.estrategiaconcursos.com.br\/blog\/#organization\"}},{\"@type\":\"WebPage\",\"@id\":\"https:\/\/www.estrategiaconcursos.com.br\/blog\/reajuste-servidores-federais\/\",\"url\":\"https:\/\/www.estrategiaconcursos.com.br\/blog\/reajuste-servidores-federais\/\",\"name\":\"Concurso P\u00fablico: servidores federais ter\u00e3o reajuste de 5%\",\"isPartOf\":{\"@id\":\"https:\/\/www.estrategiaconcursos.com.br\/blog\/#website\"},\"primaryImageOfPage\":{\"@id\":\"https:\/\/www.estrategiaconcursos.com.br\/blog\/reajuste-servidores-federais\/#primaryimage\"},\"image\":{\"@id\":\"https:\/\/www.estrategiaconcursos.com.br\/blog\/reajuste-servidores-federais\/#primaryimage\"},\"thumbnailUrl\":\"https:\/\/dhg1h5j42swfq.cloudfront.net\/2021\/09\/13085925\/o-presidente-jair-bolsonaro-em-reuniao-do-conselho-do-programa-de-parcerias-de-investimentos-1630017855008_v2_450x337.jpg\",\"datePublished\":\"2022-04-14T15:42:02+00:00\",\"dateModified\":\"2022-04-18T15:49:32+00:00\",\"description\":\"reajuste dos servidores federais: governo decide por conceder reajuste de 5% a partir de julho. Confira todos os detalhes aqui!\",\"breadcrumb\":{\"@id\":\"https:\/\/www.estrategiaconcursos.com.br\/blog\/reajuste-servidores-federais\/#breadcrumb\"},\"inLanguage\":\"pt-BR\",\"potentialAction\":[{\"@type\":\"ReadAction\",\"target\":[\"https:\/\/www.estrategiaconcursos.com.br\/blog\/reajuste-servidores-federais\/\"]}]},{\"@type\":\"ImageObject\",\"inLanguage\":\"pt-BR\",\"@id\":\"https:\/\/www.estrategiaconcursos.com.br\/blog\/reajuste-servidores-federais\/#primaryimage\",\"url\":\"https:\/\/dhg1h5j42swfq.cloudfront.net\/2021\/09\/13085925\/o-presidente-jair-bolsonaro-em-reuniao-do-conselho-do-programa-de-parcerias-de-investimentos-1630017855008_v2_450x337.jpg\",\"contentUrl\":\"https:\/\/dhg1h5j42swfq.cloudfront.net\/2021\/09\/13085925\/o-presidente-jair-bolsonaro-em-reuniao-do-conselho-do-programa-de-parcerias-de-investimentos-1630017855008_v2_450x337.jpg\",\"width\":450,\"height\":337},{\"@type\":\"BreadcrumbList\",\"@id\":\"https:\/\/www.estrategiaconcursos.com.br\/blog\/reajuste-servidores-federais\/#breadcrumb\",\"itemListElement\":[{\"@type\":\"ListItem\",\"position\":1,\"name\":\"In\u00edcio\",\"item\":\"https:\/\/www.estrategiaconcursos.com.br\/blog\/\"},{\"@type\":\"ListItem\",\"position\":2,\"name\":\"Concurso P\u00fablico: servidores federais ter\u00e3o reajuste de 5%\"}]},{\"@type\":\"WebSite\",\"@id\":\"https:\/\/www.estrategiaconcursos.com.br\/blog\/#website\",\"url\":\"https:\/\/www.estrategiaconcursos.com.br\/blog\/\",\"name\":\"Estrat\u00e9gia Concursos\",\"description\":\"O blog da Estrat\u00e9gia Concursos traz not\u00edcias sobre concursos e artigos de professores oferecendo cursos para concursos (pdf + videaulas) no site.\",\"publisher\":{\"@id\":\"https:\/\/www.estrategiaconcursos.com.br\/blog\/#organization\"},\"potentialAction\":[{\"@type\":\"SearchAction\",\"target\":{\"@type\":\"EntryPoint\",\"urlTemplate\":\"https:\/\/www.estrategiaconcursos.com.br\/blog\/?s={search_term_string}\"},\"query-input\":{\"@type\":\"PropertyValueSpecification\",\"valueRequired\":true,\"valueName\":\"search_term_string\"}}],\"inLanguage\":\"pt-BR\"},{\"@type\":\"Organization\",\"@id\":\"https:\/\/www.estrategiaconcursos.com.br\/blog\/#organization\",\"name\":\"Estrat\u00e9gia Concursos\",\"url\":\"https:\/\/www.estrategiaconcursos.com.br\/blog\/\",\"logo\":{\"@type\":\"ImageObject\",\"inLanguage\":\"pt-BR\",\"@id\":\"https:\/\/www.estrategiaconcursos.com.br\/blog\/#\/schema\/logo\/image\/\",\"url\":\"https:\/\/dhg1h5j42swfq.cloudfront.net\/2025\/06\/03203428\/logo_concursos-1.jpg\",\"contentUrl\":\"https:\/\/dhg1h5j42swfq.cloudfront.net\/2025\/06\/03203428\/logo_concursos-1.jpg\",\"width\":230,\"height\":60,\"caption\":\"Estrat\u00e9gia Concursos\"},\"image\":{\"@id\":\"https:\/\/www.estrategiaconcursos.com.br\/blog\/#\/schema\/logo\/image\/\"},\"sameAs\":[\"https:\/\/x.com\/EstratConcursos\"]},{\"@type\":\"Person\",\"@id\":\"https:\/\/www.estrategiaconcursos.com.br\/blog\/#\/schema\/person\/9b94727dcf4410f4a7931c83966c843b\",\"name\":\"Let\u00edcia Teixeira\",\"image\":{\"@type\":\"ImageObject\",\"inLanguage\":\"pt-BR\",\"@id\":\"https:\/\/secure.gravatar.com\/avatar\/fb589b06b881e20b676d08f9d03226d1e3291ba2f90e751ddc9ccb21abf0244d?s=96&d=mm&r=g\",\"url\":\"https:\/\/secure.gravatar.com\/avatar\/fb589b06b881e20b676d08f9d03226d1e3291ba2f90e751ddc9ccb21abf0244d?s=96&d=mm&r=g\",\"contentUrl\":\"https:\/\/secure.gravatar.com\/avatar\/fb589b06b881e20b676d08f9d03226d1e3291ba2f90e751ddc9ccb21abf0244d?s=96&d=mm&r=g\",\"caption\":\"Let\u00edcia Teixeira\"},\"description\":\"Jornalista com experi\u00eancia de mais de quatro anos no segmento de concursos p\u00fablicos. Especializada em Narrativa Transm\u00eddia e Storytelling pela Universidade Cat\u00f3lica de Bras\u00edlia, com atua\u00e7\u00e3o nas \u00e1reas de SEO, conte\u00fado, Webwriting e Copywriting.\",\"url\":\"https:\/\/www.estrategiaconcursos.com.br\/blog\/author\/leticia-teixeiraestrategia-com\/\"}]}<\/script>\n<!-- \/ Yoast SEO Premium plugin. -->","yoast_head_json":{"title":"Concurso P\u00fablico: servidores federais ter\u00e3o reajuste de 5%","description":"reajuste dos servidores federais: governo decide por conceder reajuste de 5% a partir de julho. Confira todos os detalhes aqui!","robots":{"index":"index","follow":"follow","max-snippet":"max-snippet:-1","max-image-preview":"max-image-preview:large","max-video-preview":"max-video-preview:-1"},"canonical":"https:\/\/www.estrategiaconcursos.com.br\/blog\/reajuste-servidores-federais\/","og_locale":"pt_BR","og_type":"article","og_title":"Concurso P\u00fablico: servidores federais ter\u00e3o reajuste de 5%","og_description":"reajuste dos servidores federais: governo decide por conceder reajuste de 5% a partir de julho. Confira todos os detalhes aqui!","og_url":"https:\/\/www.estrategiaconcursos.com.br\/blog\/reajuste-servidores-federais\/","og_site_name":"Estrat\u00e9gia Concursos","article_published_time":"2022-04-14T15:42:02+00:00","article_modified_time":"2022-04-18T15:49:32+00:00","og_image":[{"width":450,"height":337,"url":"https:\/\/dhg1h5j42swfq.cloudfront.net\/2021\/09\/13085925\/o-presidente-jair-bolsonaro-em-reuniao-do-conselho-do-programa-de-parcerias-de-investimentos-1630017855008_v2_450x337.jpg","type":"image\/jpeg"}],"author":"Let\u00edcia Teixeira","twitter_card":"summary_large_image","twitter_creator":"@EstratConcursos","twitter_site":"@EstratConcursos","twitter_misc":{"Escrito por":"Let\u00edcia Teixeira","Est. tempo de leitura":"2 minutos"},"schema":{"@context":"https:\/\/schema.org","@graph":[{"@type":"NewsArticle","@id":"https:\/\/www.estrategiaconcursos.com.br\/blog\/reajuste-servidores-federais\/#article","isPartOf":{"@id":"https:\/\/www.estrategiaconcursos.com.br\/blog\/reajuste-servidores-federais\/"},"author":{"name":"Let\u00edcia Teixeira","@id":"https:\/\/www.estrategiaconcursos.com.br\/blog\/#\/schema\/person\/9b94727dcf4410f4a7931c83966c843b"},"headline":"Concurso P\u00fablico: servidores federais ter\u00e3o reajuste de 5%","datePublished":"2022-04-14T15:42:02+00:00","dateModified":"2022-04-18T15:49:32+00:00","mainEntityOfPage":{"@id":"https:\/\/www.estrategiaconcursos.com.br\/blog\/reajuste-servidores-federais\/"},"wordCount":312,"commentCount":0,"publisher":{"@id":"https:\/\/www.estrategiaconcursos.com.br\/blog\/#organization"},"image":{"@id":"https:\/\/www.estrategiaconcursos.com.br\/blog\/reajuste-servidores-federais\/#primaryimage"},"thumbnailUrl":"https:\/\/dhg1h5j42swfq.cloudfront.net\/2021\/09\/13085925\/o-presidente-jair-bolsonaro-em-reuniao-do-conselho-do-programa-de-parcerias-de-investimentos-1630017855008_v2_450x337.jpg","articleSection":["Concursos P\u00fablicos"],"inLanguage":"pt-BR","potentialAction":[{"@type":"CommentAction","name":"Comment","target":["https:\/\/www.estrategiaconcursos.com.br\/blog\/reajuste-servidores-federais\/#respond"]}],"copyrightYear":"2022","copyrightHolder":{"@id":"https:\/\/www.estrategiaconcursos.com.br\/blog\/#organization"}},{"@type":"WebPage","@id":"https:\/\/www.estrategiaconcursos.com.br\/blog\/reajuste-servidores-federais\/","url":"https:\/\/www.estrategiaconcursos.com.br\/blog\/reajuste-servidores-federais\/","name":"Concurso P\u00fablico: servidores federais ter\u00e3o reajuste de 5%","isPartOf":{"@id":"https:\/\/www.estrategiaconcursos.com.br\/blog\/#website"},"primaryImageOfPage":{"@id":"https:\/\/www.estrategiaconcursos.com.br\/blog\/reajuste-servidores-federais\/#primaryimage"},"image":{"@id":"https:\/\/www.estrategiaconcursos.com.br\/blog\/reajuste-servidores-federais\/#primaryimage"},"thumbnailUrl":"https:\/\/dhg1h5j42swfq.cloudfront.net\/2021\/09\/13085925\/o-presidente-jair-bolsonaro-em-reuniao-do-conselho-do-programa-de-parcerias-de-investimentos-1630017855008_v2_450x337.jpg","datePublished":"2022-04-14T15:42:02+00:00","dateModified":"2022-04-18T15:49:32+00:00","description":"reajuste dos servidores federais: governo decide por conceder reajuste de 5% a partir de julho. Confira todos os detalhes aqui!","breadcrumb":{"@id":"https:\/\/www.estrategiaconcursos.com.br\/blog\/reajuste-servidores-federais\/#breadcrumb"},"inLanguage":"pt-BR","potentialAction":[{"@type":"ReadAction","target":["https:\/\/www.estrategiaconcursos.com.br\/blog\/reajuste-servidores-federais\/"]}]},{"@type":"ImageObject","inLanguage":"pt-BR","@id":"https:\/\/www.estrategiaconcursos.com.br\/blog\/reajuste-servidores-federais\/#primaryimage","url":"https:\/\/dhg1h5j42swfq.cloudfront.net\/2021\/09\/13085925\/o-presidente-jair-bolsonaro-em-reuniao-do-conselho-do-programa-de-parcerias-de-investimentos-1630017855008_v2_450x337.jpg","contentUrl":"https:\/\/dhg1h5j42swfq.cloudfront.net\/2021\/09\/13085925\/o-presidente-jair-bolsonaro-em-reuniao-do-conselho-do-programa-de-parcerias-de-investimentos-1630017855008_v2_450x337.jpg","width":450,"height":337},{"@type":"BreadcrumbList","@id":"https:\/\/www.estrategiaconcursos.com.br\/blog\/reajuste-servidores-federais\/#breadcrumb","itemListElement":[{"@type":"ListItem","position":1,"name":"In\u00edcio","item":"https:\/\/www.estrategiaconcursos.com.br\/blog\/"},{"@type":"ListItem","position":2,"name":"Concurso P\u00fablico: servidores federais ter\u00e3o reajuste de 5%"}]},{"@type":"WebSite","@id":"https:\/\/www.estrategiaconcursos.com.br\/blog\/#website","url":"https:\/\/www.estrategiaconcursos.com.br\/blog\/","name":"Estrat\u00e9gia Concursos","description":"O blog da Estrat\u00e9gia Concursos traz not\u00edcias sobre concursos e artigos de professores oferecendo cursos para concursos (pdf + videaulas) no site.","publisher":{"@id":"https:\/\/www.estrategiaconcursos.com.br\/blog\/#organization"},"potentialAction":[{"@type":"SearchAction","target":{"@type":"EntryPoint","urlTemplate":"https:\/\/www.estrategiaconcursos.com.br\/blog\/?s={search_term_string}"},"query-input":{"@type":"PropertyValueSpecification","valueRequired":true,"valueName":"search_term_string"}}],"inLanguage":"pt-BR"},{"@type":"Organization","@id":"https:\/\/www.estrategiaconcursos.com.br\/blog\/#organization","name":"Estrat\u00e9gia Concursos","url":"https:\/\/www.estrategiaconcursos.com.br\/blog\/","logo":{"@type":"ImageObject","inLanguage":"pt-BR","@id":"https:\/\/www.estrategiaconcursos.com.br\/blog\/#\/schema\/logo\/image\/","url":"https:\/\/dhg1h5j42swfq.cloudfront.net\/2025\/06\/03203428\/logo_concursos-1.jpg","contentUrl":"https:\/\/dhg1h5j42swfq.cloudfront.net\/2025\/06\/03203428\/logo_concursos-1.jpg","width":230,"height":60,"caption":"Estrat\u00e9gia Concursos"},"image":{"@id":"https:\/\/www.estrategiaconcursos.com.br\/blog\/#\/schema\/logo\/image\/"},"sameAs":["https:\/\/x.com\/EstratConcursos"]},{"@type":"Person","@id":"https:\/\/www.estrategiaconcursos.com.br\/blog\/#\/schema\/person\/9b94727dcf4410f4a7931c83966c843b","name":"Let\u00edcia Teixeira","image":{"@type":"ImageObject","inLanguage":"pt-BR","@id":"https:\/\/secure.gravatar.com\/avatar\/fb589b06b881e20b676d08f9d03226d1e3291ba2f90e751ddc9ccb21abf0244d?s=96&d=mm&r=g","url":"https:\/\/secure.gravatar.com\/avatar\/fb589b06b881e20b676d08f9d03226d1e3291ba2f90e751ddc9ccb21abf0244d?s=96&d=mm&r=g","contentUrl":"https:\/\/secure.gravatar.com\/avatar\/fb589b06b881e20b676d08f9d03226d1e3291ba2f90e751ddc9ccb21abf0244d?s=96&d=mm&r=g","caption":"Let\u00edcia Teixeira"},"description":"Jornalista com experi\u00eancia de mais de quatro anos no segmento de concursos p\u00fablicos. Especializada em Narrativa Transm\u00eddia e Storytelling pela Universidade Cat\u00f3lica de Bras\u00edlia, com atua\u00e7\u00e3o nas \u00e1reas de SEO, conte\u00fado, Webwriting e Copywriting.","url":"https:\/\/www.estrategiaconcursos.com.br\/blog\/author\/leticia-teixeiraestrategia-com\/"}]}},"_links":{"self":[{"href":"https:\/\/www.estrategiaconcursos.com.br\/blog\/wp-json\/wp\/v2\/posts\/1009293","targetHints":{"allow":["GET"]}}],"collection":[{"href":"https:\/\/www.estrategiaconcursos.com.br\/blog\/wp-json\/wp\/v2\/posts"}],"about":[{"href":"https:\/\/www.estrategiaconcursos.com.br\/blog\/wp-json\/wp\/v2\/types\/post"}],"author":[{"embeddable":true,"href":"https:\/\/www.estrategiaconcursos.com.br\/blog\/wp-json\/wp\/v2\/users\/2319"}],"replies":[{"embeddable":true,"href":"https:\/\/www.estrategiaconcursos.com.br\/blog\/wp-json\/wp\/v2\/comments?post=1009293"}],"version-history":[{"count":5,"href":"https:\/\/www.estrategiaconcursos.com.br\/blog\/wp-json\/wp\/v2\/posts\/1009293\/revisions"}],"predecessor-version":[{"id":1009368,"href":"https:\/\/www.estrategiaconcursos.com.br\/blog\/wp-json\/wp\/v2\/posts\/1009293\/revisions\/1009368"}],"wp:featuredmedia":[{"embeddable":true,"href":"https:\/\/www.estrategiaconcursos.com.br\/blog\/wp-json\/wp\/v2\/media\/859600"}],"wp:attachment":[{"href":"https:\/\/www.estrategiaconcursos.com.br\/blog\/wp-json\/wp\/v2\/media?parent=1009293"}],"wp:term":[{"taxonomy":"category","embeddable":true,"href":"https:\/\/www.estrategiaconcursos.com.br\/blog\/wp-json\/wp\/v2\/categories?post=1009293"},{"taxonomy":"post_tag","embeddable":true,"href":"https:\/\/www.estrategiaconcursos.com.br\/blog\/wp-json\/wp\/v2\/tags?post=1009293"},{"taxonomy":"tax_estado","embeddable":true,"href":"https:\/\/www.estrategiaconcursos.com.br\/blog\/wp-json\/wp\/v2\/tax_estado?post=1009293"}],"curies":[{"name":"wp","href":"https:\/\/api.w.org\/{rel}","templated":true}]}}