{"id":1009242,"date":"2022-05-05T08:24:00","date_gmt":"2022-05-05T11:24:00","guid":{"rendered":"https:\/\/www.estrategiaconcursos.com.br\/blog\/?p=1009242"},"modified":"2022-05-05T11:10:42","modified_gmt":"2022-05-05T14:10:42","slug":"lei-organica-pc-mg","status":"publish","type":"post","link":"https:\/\/www.estrategiaconcursos.com.br\/blog\/lei-organica-pc-mg\/","title":{"rendered":"A Lei Org\u00e2nica da Pol\u00edcia Civil de MG para a PC-MG: Compet\u00eancias"},"content":{"rendered":"\n<p class=\"has-medium-font-size\">Veja aqui uma an\u00e1lise sobre a <strong>Lei Org\u00e2nica da Pol\u00edcia Civil de Minas Gerais<\/strong>, presente na Lei Complementar Estadual 129\/13, para o concurso administrativo de Analista e T\u00e9cnico da <strong><a href=\"https:\/\/www.estrategiaconcursos.com.br\/cursosPorConcurso\/policia-civil-de-minas-gerais-pc-mg\/\" target=\"_blank\" rel=\"noreferrer noopener\">PC-MG<\/a><\/strong>.<\/p>\n\n\n\n<div class=\"wp-block-image is-style-default\"><figure class=\"aligncenter size-full is-resized\"><img loading=\"lazy\" decoding=\"async\" src=\"https:\/\/dhg1h5j42swfq.cloudfront.net\/2022\/01\/19101204\/pc-mg.jpg\" alt=\"Lei Org\u00e2nica da Pol\u00edcia Civil de MG para a PC-MG\" class=\"wp-image-950259\" width=\"569\" height=\"427\" srcset=\"https:\/\/dhg1h5j42swfq.cloudfront.net\/2022\/01\/19101204\/pc-mg.jpg 1024w, https:\/\/dhg1h5j42swfq.cloudfront.net\/2022\/01\/19101204\/pc-mg-300x225.jpg 300w, https:\/\/dhg1h5j42swfq.cloudfront.net\/2022\/01\/19101204\/pc-mg-768x576.jpg 768w, https:\/\/dhg1h5j42swfq.cloudfront.net\/2022\/01\/19101204\/pc-mg-610x458.jpg 610w\" sizes=\"auto, (max-width: 569px) 100vw, 569px\" \/><figcaption>Lei Org\u00e2nica da Pol\u00edcia Civil de MG para a PC-MG<\/figcaption><\/figure><\/div>\n\n\n\n<p>Ol\u00e1, pessoal! Tudo joia?<\/p>\n\n\n\n<p>O edital da <strong><a href=\"https:\/\/www.estrategiaconcursos.com.br\/blog\/concurso-pc-mg-administrativo\/\" target=\"_blank\" rel=\"noreferrer noopener\">PC-MG<\/a><\/strong>&nbsp;(Pol\u00edcia Civil de Minas Gerais) foi publicado. Est\u00e3o sendo ofertadas vagas para a carreira administrativa, sendo <strong>51<\/strong> vagas para <strong>Analista <\/strong>e <strong>114<\/strong> para <strong>T\u00e9cnico<\/strong>, com remunera\u00e7\u00f5es iniciais de at\u00e9 <strong>R$ 4.679,27<\/strong> e R<strong>$ 1.729,10,<\/strong> respectivamente.<\/p>\n\n\n\n<p>Dessa forma, vamos realizar a an\u00e1lise de uma importante lei para esta prova, a <strong><mark style=\"background-color:rgba(0, 0, 0, 0)\" class=\"has-inline-color has-vivid-cyan-blue-color\">Lei Org\u00e2nica da Pol\u00edcia Civil de Minas Gerais<\/mark><\/strong>, presente na Lei Complementar Estadual 129\/13, para o concurso da PC-MG.<\/p>\n\n\n\n<p>Esta lei <strong>organiza <\/strong>a Pol\u00edcia Civil do Estado de Minas Gerais, define sua <strong>compet\u00eancia <\/strong>e disp\u00f5e sobre o <strong>regime jur\u00eddico<\/strong> dos integrantes das carreiras policiais civis.<\/p>\n\n\n\n<p>O artigo de hoje ir\u00e1 tratar das <strong>Disposi\u00e7\u00f5es Gerais<\/strong> e das <strong>Compet\u00eancias <\/strong>da PC-MG previstas na lei.<\/p>\n\n\n\n<p>Preparados? Ent\u00e3o vamos l\u00e1!<\/p>\n\n\n\n<div class=\"container\" id=\"boxes\">\n  <div class=\"row\"> \n\n    <div class=\"col-sm\">\n      <div class=\"banner-policial\" id=\"box-assinatura\">\n        <h3 class=\"titulo-assinatura\">Concurso PC MG Administrativo<\/h3>\n        <p class=\"subtitulo-assinatura\">Conhe\u00e7a os cursos<\/p>\n        <div class=\"box-botao\">\n          <a class=\"btn-assinatura\" target=\"_blank\" href=\"https:\/\/www.estrategiaconcursos.com.br\/cursosPorConcurso\/policia-civil-de-minas-gerais-pc-mg\/\" role=\"button\" rel=\"noopener noreferrer\">Conhe\u00e7a mais<\/a>\n        <\/div>\n      <\/div>\n     \n\n  <\/div>\n<\/div><\/div>\n\n\n\n<h2 class=\"wp-block-heading\" id=\"h-disposicoes-gerais-da-lei-organica-para-a-pc-mg\"><mark style=\"background-color:rgba(0, 0, 0, 0)\" class=\"has-inline-color has-vivid-cyan-blue-color\">Disposi\u00e7\u00f5es Gerais da Lei Org\u00e2nica para a PC-MG<\/mark><\/h2>\n\n\n\n<p>A Pol\u00edcia Civil de Minas Gerais \u00e9 um<strong> \u00f3rg\u00e3o aut\u00f4nomo<\/strong>, <strong>essencial <\/strong>\u00e0 <strong><mark style=\"background-color:rgba(0, 0, 0, 0)\" class=\"has-inline-color has-vivid-cyan-blue-color\">seguran\u00e7a p\u00fablica<\/mark><\/strong>, \u00e0<strong><mark style=\"background-color:rgba(0, 0, 0, 0)\" class=\"has-inline-color has-vivid-cyan-blue-color\"> realiza\u00e7\u00e3o da justi\u00e7a<\/mark><\/strong><mark style=\"background-color:rgba(0, 0, 0, 0)\" class=\"has-inline-color has-black-color\"> e \u00e0 <\/mark><strong><mark style=\"background-color:rgba(0, 0, 0, 0)\" class=\"has-inline-color has-vivid-cyan-blue-color\">defesa das institui\u00e7\u00f5es democr\u00e1ticas<\/mark><\/strong>, fundada na <strong><mark style=\"background-color:rgba(0, 0, 0, 0)\" class=\"has-inline-color has-vivid-cyan-blue-color\">promo\u00e7\u00e3o da cidadania<\/mark><\/strong>, da <strong><mark style=\"background-color:rgba(0, 0, 0, 0)\" class=\"has-inline-color has-vivid-cyan-blue-color\">dignidade humana<\/mark><\/strong> e dos<strong><mark style=\"background-color:rgba(0, 0, 0, 0)\" class=\"has-inline-color has-vivid-cyan-blue-color\"> direitos e garantias fundamentais<\/mark><\/strong>.<\/p>\n\n\n\n<p>Ela tem por <strong>objetivo<\/strong>, no territ\u00f3rio de Minas Gerais, o exerc\u00edcio das <strong>fun\u00e7\u00f5es <\/strong>de:<\/p>\n\n\n\n<ul class=\"wp-block-list\"><li><strong>prote\u00e7\u00e3o <\/strong>da <strong>incolumidade <\/strong>das pessoas e do patrim\u00f4nio;<\/li><li><strong>preserva\u00e7\u00e3o da ordem<\/strong> e da seguran\u00e7a p\u00fablicas;<\/li><li><strong>preserva\u00e7\u00e3o das institui\u00e7\u00f5es<\/strong> pol\u00edticas e jur\u00eddicas;<\/li><li><strong>apura\u00e7\u00e3o <\/strong>das <strong>infra\u00e7\u00f5es penais<\/strong> e dos atos infracionais, exerc\u00edcio da <strong>pol\u00edcia judici\u00e1ria<\/strong> e <strong>coopera\u00e7\u00e3o <\/strong>com as autoridades judici\u00e1rias, civis e militares, em assuntos de seguran\u00e7a interna; entre outros.<\/li><\/ul>\n\n\n\n<p>Os <strong><mark style=\"background-color:rgba(0, 0, 0, 0)\" class=\"has-inline-color has-vivid-cyan-blue-color\">princ\u00edpios<\/mark><\/strong> expressos na Constitui\u00e7\u00e3o Federal que regem a Administra\u00e7\u00e3o P\u00fablica s\u00e3o, obviamente, aplic\u00e1veis \u00e0 PC-MG, sendo eles os princ\u00edpios da <strong>legalidade<\/strong>, <strong>impessoalidade<\/strong>, <strong>moralidade<\/strong>, <strong>publicidade <\/strong>e <strong>efici\u00eancia<\/strong>. <\/p>\n\n\n\n<p>Contudo, ela observar\u00e1, ainda, na sua atua\u00e7\u00e3o, alguns balizadores, como a <strong>promo\u00e7\u00e3o dos direitos<\/strong> humanos, a <strong>media\u00e7\u00e3o de conflitos<\/strong>, o <strong>uso proporcional da for\u00e7a<\/strong>, a <strong>hierarquia <\/strong>e a <strong>disciplina<\/strong>, a participa\u00e7\u00e3o e intera\u00e7\u00e3o <strong>comunit\u00e1ria<\/strong>; a<strong> integra\u00e7\u00e3o com \u00f3rg\u00e3os<\/strong> de seguran\u00e7a p\u00fablica do Sistema de Defesa Social; entre outros.<\/p>\n\n\n\n<p>Al\u00e9m disso, <strong>orientam <\/strong>a <strong><mark style=\"background-color:rgba(0, 0, 0, 0)\" class=\"has-inline-color has-vivid-cyan-blue-color\">investiga\u00e7\u00e3o criminal<\/mark><\/strong> e o exerc\u00edcio das fun\u00e7\u00f5es de <strong><mark style=\"background-color:rgba(0, 0, 0, 0)\" class=\"has-inline-color has-vivid-cyan-blue-color\">pol\u00edcia judici\u00e1ria<\/mark><\/strong> da PC-MG:<\/p>\n\n\n\n<ul class=\"wp-block-list\"><li>a indisponibilidade do interesse p\u00fablico;<\/li><li>a finalidade p\u00fablica;<\/li><li>a proporcionalidade;<\/li><li>a obrigatoriedade de atua\u00e7\u00e3o;<\/li><li>a autoridade;<\/li><li>a oficialidade;<\/li><li>o sigilo e<\/li><li>a imparcialidade.<\/li><\/ul>\n\n\n\n<p><mark style=\"background-color:rgba(0, 0, 0, 0)\" class=\"has-inline-color has-vivid-red-color\"><strong>FIQUE ATENTO: <\/strong><\/mark>Apesar de fazer parte do Poder Executivo, \u00e9 assegurada \u00e0 PC-MG a <strong><mark style=\"background-color:rgba(0, 0, 0, 0)\" class=\"has-inline-color has-vivid-cyan-blue-color\">autonomia administrativa e financeira<\/mark><\/strong>. Desse modo, ela \u00e9 competente para <strong>elaborar <\/strong>a sua <strong>programa\u00e7\u00e3o financeira<\/strong> anual e acompanhar e avaliar sua implanta\u00e7\u00e3o, segundo as dota\u00e7\u00f5es consignadas no or\u00e7amento do Estado; <strong>executar contabilidade pr\u00f3pria<\/strong>; bem como <strong>adquirir materiais, viaturas e equipamentos<\/strong> espec\u00edficos.<\/p>\n\n\n\n<p>Contudo, as atividades de planejamento e or\u00e7amento e de administra\u00e7\u00e3o financeira e contabilidade s\u00e3o <strong>subordinadas <span style=\"text-decoration: underline;\">administrativamente<\/span> <\/strong>ao <strong>Chefe da PC-MG<\/strong> e <strong><span style=\"text-decoration: underline;\">tecnicamente<\/span><\/strong> \u00e0s <strong>Secretarias de Estado<\/strong> de <strong>Planejamento <\/strong>e <strong>Gest\u00e3o e de Fazenda,<\/strong> respectivamente.<\/p>\n\n\n\n<p>S\u00e3o <strong><mark style=\"background-color:rgba(0, 0, 0, 0)\" class=\"has-inline-color has-vivid-cyan-blue-color\">s\u00edmbolos <\/mark><\/strong>institucionais da PC-MG: o <strong>hino<\/strong>, o <strong>bras\u00e3o<\/strong>, a <strong>logomarca<\/strong>, a <strong>bandeira <\/strong>e o <strong>distintivo<\/strong>.<\/p>\n\n\n\n<h3 class=\"wp-block-heading\" id=\"h-investigacao-criminal-lei-organica-da-pc-mg\"><mark style=\"background-color:rgba(0, 0, 0, 0)\" class=\"has-inline-color has-vivid-purple-color\">Investiga\u00e7\u00e3o Criminal &#8211; Lei Org\u00e2nica da PC-MG<\/mark><\/h3>\n\n\n\n<p>A investiga\u00e7\u00e3o criminal se destina \u00e0 <strong>apura\u00e7\u00e3o <\/strong>de <strong>infra\u00e7\u00f5es penais<\/strong> e de <strong>atos infracionais<\/strong>, para subsidiar a realiza\u00e7\u00e3o da fun\u00e7\u00e3o jurisdicional do Estado, bem como \u00e0 ado\u00e7\u00e3o de<strong> pol\u00edticas p\u00fablicas<\/strong> para a <strong>prote\u00e7\u00e3o <\/strong>de pessoas e bens para a boa qualidade de vida social.<\/p>\n\n\n\n<p>Ela tem <strong><mark style=\"background-color:rgba(0, 0, 0, 0)\" class=\"has-inline-color has-vivid-cyan-blue-color\">in\u00edcio <\/mark><\/strong>com o <strong>conhecimento <\/strong>de <strong>ato ou fato<\/strong> pass\u00edvel de caracterizar infra\u00e7\u00e3o penal e se <strong><mark style=\"background-color:rgba(0, 0, 0, 0)\" class=\"has-inline-color has-vivid-cyan-blue-color\">encerra <\/mark><\/strong>com a <strong>apura\u00e7\u00e3o <\/strong>da infra\u00e7\u00e3o penal ou ato infracional ou com o <strong>exaurimento <\/strong>das possibilidades investigativas.<\/p>\n\n\n\n<p>A investiga\u00e7\u00e3o criminal tem <strong><mark style=\"background-color:rgba(0, 0, 0, 0)\" class=\"has-inline-color has-vivid-cyan-blue-color\">car\u00e1ter t\u00e9cnico-jur\u00eddico-cient\u00edfico<\/mark><\/strong>, uma vez que ela produz, em articula\u00e7\u00e3o com o sistema de defesa social, <strong>conhecimentos <\/strong>e <strong>indicadores sociopol\u00edticos<\/strong>, <strong>econ\u00f4micos <\/strong>e <strong>culturais <\/strong>que se revelam no fen\u00f4meno criminal.<\/p>\n\n\n\n<p><strong><mark style=\"background-color:rgba(0, 0, 0, 0)\" class=\"has-inline-color has-vivid-red-color\">INTERESSANTE:<\/mark><\/strong> Perceba que a investiga\u00e7\u00e3o criminal n\u00e3o se resume apenas a verificar ind\u00edcios de autoria e materialidade de delitos, j\u00e1 que ela tamb\u00e9m possui um papel muito importante relacionado ao desenvolvimento de estudos <strong>sociopol\u00edticos<\/strong>, <strong>econ\u00f4micos <\/strong>e <strong>culturais<\/strong>.<\/p>\n\n\n\n<h3 class=\"wp-block-heading\" id=\"h-policia-judiciaria-lei-organica-da-pc-mg\"><mark style=\"background-color:rgba(0, 0, 0, 0)\" class=\"has-inline-color has-vivid-purple-color\">Pol\u00edcia Judici\u00e1ria &#8211; Lei Org\u00e2nica da PC-MG<\/mark><\/h3>\n\n\n\n<p>Al\u00e9m da investiga\u00e7\u00e3o criminal, outra<strong> fun\u00e7\u00e3o <\/strong>da Pol\u00edcia Civil de Minas Gerais \u00e9 o exerc\u00edcio da <strong>Pol\u00edcia Judici\u00e1ria<\/strong>.<\/p>\n\n\n\n<p>A fun\u00e7\u00e3o de pol\u00edcia judici\u00e1ria consiste, principalmente, no <strong>aux\u00edlio <\/strong>ao <strong>sistema de justi\u00e7a criminal <\/strong>para a <strong>aplica\u00e7\u00e3o <\/strong>da <strong>lei penal e processual,<\/strong> bem como nos <strong>registros e fiscaliza\u00e7\u00e3o<\/strong> de natureza regulamentar.<\/p>\n\n\n\n<p>Dentre as <strong><mark style=\"background-color:rgba(0, 0, 0, 0)\" class=\"has-inline-color has-vivid-cyan-blue-color\">fun\u00e7\u00f5es <\/mark><\/strong>de pol\u00edcia judici\u00e1ria, est\u00e3o:<\/p>\n\n\n\n<p><strong><mark style=\"background-color:rgba(0, 0, 0, 0)\" class=\"has-inline-color has-vivid-cyan-blue-color\">I <\/mark><\/strong>&#8211; o <strong>exame preliminar <\/strong>a respeito da <strong>tipicidade <\/strong>penal, ilicitude, culpabilidade, punibilidade e demais circunst\u00e2ncias relacionadas \u00e0 infra\u00e7\u00e3o penal;<\/p>\n\n\n\n<p><strong><mark style=\"background-color:rgba(0, 0, 0, 0)\" class=\"has-inline-color has-vivid-cyan-blue-color\">II<\/mark><\/strong> &#8211; as <strong>dilig\u00eancias <\/strong>para a <strong>apura\u00e7\u00e3o <\/strong>de infra\u00e7\u00f5es penais e atos infracionais;<\/p>\n\n\n\n<p><strong><mark style=\"background-color:rgba(0, 0, 0, 0)\" class=\"has-inline-color has-vivid-cyan-blue-color\">III <\/mark><\/strong>&#8211; a <strong>instaura\u00e7\u00e3o <\/strong>e formaliza\u00e7\u00e3o de <strong>inqu\u00e9rito policial<\/strong>, de termo circunstanciado de ocorr\u00eancia e de procedimento para apura\u00e7\u00e3o de ato infracional;<\/p>\n\n\n\n<p><strong><mark style=\"background-color:rgba(0, 0, 0, 0)\" class=\"has-inline-color has-vivid-cyan-blue-color\">IV <\/mark><\/strong>&#8211; a <strong>defini\u00e7\u00e3o <\/strong>sobre a autua\u00e7\u00e3o da <strong>pris\u00e3o em flagrante<\/strong> e a concess\u00e3o de <strong>fian\u00e7a<\/strong>;<\/p>\n\n\n\n<p><strong><mark style=\"background-color:rgba(0, 0, 0, 0)\" class=\"has-inline-color has-vivid-cyan-blue-color\">V <\/mark><\/strong>&#8211; a requisi\u00e7\u00e3o da apresenta\u00e7\u00e3o de presos do sistema prisional em \u00f3rg\u00e3o ou unidade da PC-MG, para fins de investiga\u00e7\u00e3o criminal;<\/p>\n\n\n\n<p><strong><mark style=\"background-color:rgba(0, 0, 0, 0)\" class=\"has-inline-color has-vivid-cyan-blue-color\">VI <\/mark><\/strong>&#8211; a representa\u00e7\u00e3o judicial para a decreta\u00e7\u00e3o de pris\u00e3o provis\u00f3ria, de busca e apreens\u00e3o, de intercepta\u00e7\u00e3o de dados e de comunica\u00e7\u00f5es, em sistemas de inform\u00e1tica e telem\u00e1tica, e demais medidas processuais previstas na legisla\u00e7\u00e3o;<\/p>\n\n\n\n<p><strong><mark style=\"background-color:rgba(0, 0, 0, 0)\" class=\"has-inline-color has-vivid-cyan-blue-color\">VII <\/mark><\/strong>&#8211; a <strong>presen\u00e7a <\/strong>em <strong>local de ocorr\u00eancia<\/strong> de infra\u00e7\u00e3o penal, na forma prevista na legisla\u00e7\u00e3o processual penal;<\/p>\n\n\n\n<p><strong><mark style=\"background-color:rgba(0, 0, 0, 0)\" class=\"has-inline-color has-vivid-cyan-blue-color\">VIII <\/mark><\/strong>&#8211; a <strong>elabora\u00e7\u00e3o <\/strong>de <strong>registros<\/strong>, <strong>termos<\/strong>, <strong>certid\u00f5es<\/strong>, <strong>atestados <\/strong>e demais atos previstos no C\u00f3digo de Processo Penal ou em leis espec\u00edficas.<\/p>\n\n\n\n<p><strong><mark style=\"background-color:rgba(0, 0, 0, 0)\" class=\"has-inline-color has-vivid-red-color\">FIQUE ATENTO: <\/mark><\/strong>A <strong><mark style=\"background-color:rgba(0, 0, 0, 0)\" class=\"has-inline-color has-vivid-cyan-blue-color\">dire\u00e7\u00e3o <\/mark><\/strong>da pol\u00edcia judici\u00e1ria cabe, em todo o Estado, aos <strong>Delegados de Pol\u00edcia<\/strong> de carreira, nos limites de suas circunscri\u00e7\u00f5es. Al\u00e9m disso, os atos de pol\u00edcia judici\u00e1ria ser\u00e3o <strong><mark style=\"background-color:rgba(0, 0, 0, 0)\" class=\"has-inline-color has-vivid-cyan-blue-color\">fiscalizados <\/mark><\/strong>direta ou indiretamente pelo <strong>Corregedor-Geral de Pol\u00edcia Civil.<\/strong><\/p>\n\n\n\n<h2 class=\"wp-block-heading\" id=\"h-competencias-da-pc-mg-na-lei-organica\"><mark style=\"background-color:rgba(0, 0, 0, 0)\" class=\"has-inline-color has-vivid-cyan-blue-color\">Compet\u00eancias da PC-MG na Lei Org\u00e2nica<\/mark><\/h2>\n\n\n\n<p>Antes de entrarmos nas compet\u00eancias propriamente ditas da Pol\u00edcia Civil de Minas Gerais, \u00e9 importante que voc\u00ea saiba que a PC-MG \u00e9 diretamente <strong>subordinada <\/strong>ao <strong><mark style=\"background-color:rgba(0, 0, 0, 0)\" class=\"has-inline-color has-vivid-cyan-blue-color\">Governador do Estado<\/mark><\/strong> de Minas Gerais. Al\u00e9m disso, a sua <strong>dire\u00e7\u00e3o <\/strong>cabe a um <strong><mark style=\"background-color:rgba(0, 0, 0, 0)\" class=\"has-inline-color has-vivid-cyan-blue-color\">Delegado de Pol\u00edcia<\/mark><\/strong>, sendo organizada de acordo com os <strong>princ\u00edpios <\/strong>da <strong>hierarquia <\/strong>e <strong>disciplina<\/strong>.<\/p>\n\n\n\n<p>Como j\u00e1 visto anteriormente, \u00e0 PC-MG incumbem, ressalvada a compet\u00eancia da Uni\u00e3o, as fun\u00e7\u00f5es de <strong>pol\u00edcia judici\u00e1ria<\/strong> e a <strong>apura\u00e7\u00e3o<\/strong>, no territ\u00f3rio do Estado, das<strong> infra\u00e7\u00f5es penais<\/strong> e dos <strong>atos infracionais<\/strong>, <strong><mark style=\"background-color:rgba(0, 0, 0, 0)\" class=\"has-inline-color has-vivid-cyan-blue-color\">exceto <\/mark><\/strong>os <strong>militares<\/strong>.<\/p>\n\n\n\n<p>Al\u00e9m disso, s\u00e3o <strong><mark style=\"background-color:rgba(0, 0, 0, 0)\" class=\"has-inline-color has-vivid-cyan-blue-color\">compet\u00eancias <\/mark><\/strong>da PC-MG:<\/p>\n\n\n\n<ul class=\"wp-block-list\"><li><strong>preservar locais de crime<\/strong> com cen\u00e1rios e bens, apreender objetos, colher provas, intimar, ouvir e acarear pessoas, requisitar e realizar exames periciais, proceder ao reconhecimento de pessoas e coisas e praticar os demais atos necess\u00e1rios \u00e0 adequada apura\u00e7\u00e3o das infra\u00e7\u00f5es penais e dos atos infracionais, na forma da legisla\u00e7\u00e3o processual penal;<\/li><li><strong>representar ao Poder Judici\u00e1rio<\/strong>, por meio do <strong>Delegado <\/strong>de Pol\u00edcia, pela decreta\u00e7\u00e3o de <strong>medidas cautelares<\/strong> pessoais e reais, como pris\u00e3o preventiva e tempor\u00e1ria, busca e apreens\u00e3o, quebra de sigilo e intercepta\u00e7\u00e3o de dados e de telecomunica\u00e7\u00f5es;<\/li><li>realizar <strong>correi\u00e7\u00f5es <\/strong>e <strong>inspe\u00e7\u00f5es<\/strong>, em car\u00e1ter permanente ou extraordin\u00e1rio, em atividades e em reparti\u00e7\u00f5es em que atue, bem como responsabilizar-se pelos procedimentos disciplinares destinados a apurar eventual pr\u00e1tica de infra\u00e7\u00f5es atribu\u00eddas a seus servidores;<\/li><li>organizar, cumprir e fazer cumprir os <strong>mandados judiciais<\/strong> de <strong>pris\u00e3o <\/strong>e de <strong>busca domiciliar<\/strong>;<\/li><li>formalizar o <strong>inqu\u00e9rito policial<\/strong>, o termo circunstanciado de ocorr\u00eancia e o procedimento para apura\u00e7\u00e3o de ato infracional;<\/li><li>exercer o <strong>controle <\/strong>e a <strong>fiscaliza\u00e7\u00e3o <\/strong>de suas <strong>armas <\/strong>e <strong>muni\u00e7\u00f5es<\/strong>, de explosivos, fogos de artif\u00edcio e demais produtos controlados, observada a legisla\u00e7\u00e3o federal espec\u00edfica;<\/li><li>organizar e executar as <strong>atividades<\/strong> de <strong>registro<\/strong>, <strong>controle<\/strong> e <strong>licenciamento <\/strong>de <strong>ve\u00edculos automotores<\/strong>, a forma\u00e7\u00e3o e <strong>habilita\u00e7\u00e3o <\/strong>de condutores, o servi\u00e7o de estat\u00edstica, a educa\u00e7\u00e3o de tr\u00e2nsito e o julgamento de recursos administrativos;<\/li><li>organizar e executar os servi\u00e7os de <strong>identifica\u00e7\u00e3o civil <\/strong>e <strong>criminal<\/strong>, bem como gerir o acervo e o banco de dados correspondentes, inclusive para as atividades de per\u00edcia criminal;<\/li><li>organizar e realizar<strong> a\u00e7\u00f5es de intelig\u00eancia<\/strong>, bem como participar de sistemas integrados de informa\u00e7\u00f5es de \u00f3rg\u00e3os p\u00fablicos municipais, estaduais, federais e de entidades privadas;<\/li><li>organizar<strong> estat\u00edsticas criminais <\/strong>e realizar an\u00e1lise criminal.<\/li><\/ul>\n\n\n\n<p><strong><mark style=\"background-color:rgba(0, 0, 0, 0)\" class=\"has-inline-color has-vivid-red-color\">A SABER:<\/mark><\/strong> H\u00e1 algumas atividades que s\u00e3o <strong><mark style=\"background-color:rgba(0, 0, 0, 0)\" class=\"has-inline-color has-vivid-cyan-blue-color\">privativas <\/mark><\/strong>da PC-MG, como a de <strong>pol\u00edcia t\u00e9cnico-cient\u00edfica<\/strong>, o processamento e arquivo de <strong>identifica\u00e7\u00e3o civil e criminal<\/strong>, bem como o <strong>registro e licenciamento de ve\u00edculo automotor<\/strong> e a<strong> habilita\u00e7\u00e3o de condutor<\/strong>.<\/p>\n\n\n\n<p>Por fim, as fun\u00e7\u00f5es <strong><mark style=\"background-color:rgba(0, 0, 0, 0)\" class=\"has-inline-color has-vivid-cyan-blue-color\">constitucionais <\/mark><\/strong>da PC-MG s\u00e3o <strong>indeleg\u00e1veis <\/strong>e somente podem ser desempenhadas por ocupantes das <strong>carreiras <\/strong>que a integram.<\/p>\n\n\n\n<h2 class=\"wp-block-heading\" id=\"h-finalizando\"><mark style=\"background-color:rgba(0, 0, 0, 0)\" class=\"has-inline-color has-vivid-cyan-blue-color\">Finalizando<\/mark><\/h2>\n\n\n\n<p>Galera! Chegamos ao final do nosso primeiro artigo sobre a Lei Org\u00e2nica da Pol\u00edcia Civil de Minas Gerais, presente na Lei Complementar Estadual 129\/13, para o concurso da PC-MG. Voc\u00eas gostaram?<\/p>\n\n\n\n<p>Ressaltamos ainda, que, para a sua aprova\u00e7\u00e3o, \u00e9&nbsp;<strong>importante&nbsp;<\/strong>a<strong>&nbsp;leitura da lei&nbsp;<\/strong>citada aqui. Esse artigo \u00e9 apenas uma an\u00e1lise mais simplificada dessa norma.<\/p>\n\n\n\n<p>Caso queira se preparar para chegar&nbsp;<strong>competitivo&nbsp;<\/strong>nesta prova, invista nos&nbsp;<strong><a href=\"https:\/\/www.estrategiaconcursos.com.br\/cursosPorConcurso\/policia-civil-de-minas-gerais-pc-mg\/\" target=\"_blank\" rel=\"noreferrer noopener\">cursos para a PC-MG<\/a><\/strong>&nbsp;do&nbsp;<strong>Estrat\u00e9gia Concursos<\/strong>.&nbsp;L\u00e1 voc\u00ea encontrar\u00e1&nbsp;<strong>aulas completas e detalhadas, com os melhores professores do mercado<\/strong>,&nbsp;de todos os t\u00f3picos exigidos no edital deste concurso.<\/p>\n\n\n\n<p>Conhe\u00e7a tamb\u00e9m o<strong>&nbsp;<a href=\"https:\/\/questoes.estrategiaconcursos.com.br\/\" target=\"_blank\" rel=\"noreferrer noopener\">Sistema de Quest\u00f5es do Estrat\u00e9gia<\/a><\/strong>. Afinal, a \u00fanica maneira de&nbsp;<strong>consolidar o conte\u00fado&nbsp;<\/strong>de maneira satisfat\u00f3ria \u00e9 atrav\u00e9s da&nbsp;<strong>resolu\u00e7\u00e3o de quest\u00f5es.<\/strong><\/p>\n\n\n\n<p>Bons estudos a todos!<\/p>\n\n\n\n<h2 class=\"has-text-align-center wp-block-heading\" id=\"h-cursos-e-assinaturas\">Cursos e Assinaturas <\/h2>\n\n\n\n<p>Prepare-se com o melhor material e com quem mais aprova em Concursos P\u00fablicos em todo o pa\u00eds!<\/p>\n\n\n\n<p class=\"has-text-align-center has-vivid-cyan-blue-color has-text-color has-background\" style=\"background-color:#0078bd\"><a href=\"https:\/\/www.estrategiaconcursos.com.br\/blog\/concursos-abertos\/\" target=\"_blank\" rel=\"noreferrer noopener\"><strong><span class=\"has-inline-color has-white-color\">Concursos abertos<\/span><\/strong><\/a><\/p>\n\n\n\n<p class=\"has-text-align-center has-vivid-cyan-blue-color has-text-color has-background\" style=\"background-color:#0072b4\"><strong><a href=\"https:\/\/www.estrategiaconcursos.com.br\/blog\/concursos-2022\/\" target=\"_blank\" rel=\"noreferrer noopener\"><span class=\"has-inline-color has-white-color\">Concursos 2022<\/span><\/a><\/strong><\/p>\n\n\n\n<div class=\"container\" id=\"boxes\">\n  <div class=\"row\">\n    <div class=\"col-sm\">\n      <div class=\"estrategia\" id=\"box-assinatura\">\n        <h3 class=\"titulo-assinatura\">Assinatura de Concursos<\/h3>\n        <p class=\"subtitulo-assinatura\">Assinatura de 1 ano ou 2 anos<\/p>\n        <div class=\"box-botao\">\n          <a class=\"btn-assinatura\" target=\"_blank\" href=\"https:\/\/www.estrategiaconcursos.com.br\/assinaturas\/\" role=\"button\" rel=\"noopener noreferrer\">ASSINE AGORA<\/a>\n        <\/div>\n      <\/div>\n      \n    <\/div><\/div><\/div>\n","protected":false},"excerpt":{"rendered":"<p>Veja aqui uma an\u00e1lise sobre a Lei Org\u00e2nica da Pol\u00edcia Civil de Minas Gerais, presente na Lei Complementar Estadual 129\/13, para o concurso administrativo de Analista e T\u00e9cnico da PC-MG. Ol\u00e1, pessoal! Tudo joia? O edital da PC-MG&nbsp;(Pol\u00edcia Civil de Minas Gerais) foi publicado. Est\u00e3o sendo ofertadas vagas para a carreira administrativa, sendo 51 vagas [&hellip;]<\/p>\n","protected":false},"author":1976,"featured_media":950259,"comment_status":"open","ping_status":"closed","sticky":false,"template":"","format":"standard","meta":{"post_tipo":"article","footnotes":""},"categories":[1,214992],"tags":[],"tax_estado":[219974],"class_list":["post-1009242","post","type-post","status-publish","format-standard","has-post-thumbnail","hentry","category-cursos-e-concursos","category-concursos-administrativos","tax_estado-mg"],"acf":[],"yoast_head":"<!-- This site is optimized with the Yoast SEO Premium plugin v27.2 (Yoast SEO v27.2) - https:\/\/yoast.com\/product\/yoast-seo-premium-wordpress\/ -->\n<title>A Lei Org\u00e2nica da Pol\u00edcia Civil de MG para a PC-MG: Compet\u00eancias<\/title>\n<meta name=\"description\" content=\"Veja aqui uma an\u00e1lise sobre a Lei Org\u00e2nica da Pol\u00edcia Civil de MG, para o concurso administrativo de Analista e T\u00e9cnico da PC-MG.\" \/>\n<meta name=\"robots\" content=\"index, follow, max-snippet:-1, max-image-preview:large, max-video-preview:-1\" \/>\n<link rel=\"canonical\" href=\"https:\/\/www.estrategiaconcursos.com.br\/blog\/lei-organica-pc-mg\/\" \/>\n<meta property=\"og:locale\" content=\"pt_BR\" \/>\n<meta property=\"og:type\" content=\"article\" \/>\n<meta property=\"og:title\" content=\"A Lei Org\u00e2nica da Pol\u00edcia Civil de MG para a PC-MG: Compet\u00eancias\" \/>\n<meta property=\"og:description\" content=\"Veja aqui uma an\u00e1lise sobre a Lei Org\u00e2nica da Pol\u00edcia Civil de MG, para o concurso administrativo de Analista e T\u00e9cnico da PC-MG.\" \/>\n<meta property=\"og:url\" content=\"https:\/\/www.estrategiaconcursos.com.br\/blog\/lei-organica-pc-mg\/\" \/>\n<meta property=\"og:site_name\" content=\"Estrat\u00e9gia Concursos\" \/>\n<meta property=\"article:published_time\" content=\"2022-05-05T11:24:00+00:00\" \/>\n<meta property=\"article:modified_time\" content=\"2022-05-05T14:10:42+00:00\" \/>\n<meta property=\"og:image\" content=\"https:\/\/dhg1h5j42swfq.cloudfront.net\/2022\/01\/19101204\/pc-mg.jpg\" \/>\n\t<meta property=\"og:image:width\" content=\"1024\" \/>\n\t<meta property=\"og:image:height\" content=\"768\" \/>\n\t<meta property=\"og:image:type\" content=\"image\/jpeg\" \/>\n<meta name=\"author\" content=\"Kassio Henrique Sobral Rocha\" \/>\n<meta name=\"twitter:card\" content=\"summary_large_image\" \/>\n<meta name=\"twitter:creator\" content=\"@EstratConcursos\" \/>\n<meta name=\"twitter:site\" content=\"@EstratConcursos\" \/>\n<meta name=\"twitter:label1\" content=\"Escrito por\" \/>\n\t<meta name=\"twitter:data1\" content=\"Kassio Henrique Sobral Rocha\" \/>\n\t<meta name=\"twitter:label2\" content=\"Est. tempo de leitura\" \/>\n\t<meta name=\"twitter:data2\" content=\"9 minutos\" \/>\n<script type=\"application\/ld+json\" class=\"yoast-schema-graph\">{\"@context\":\"https:\/\/schema.org\",\"@graph\":[{\"@type\":\"NewsArticle\",\"@id\":\"https:\/\/www.estrategiaconcursos.com.br\/blog\/lei-organica-pc-mg\/#article\",\"isPartOf\":{\"@id\":\"https:\/\/www.estrategiaconcursos.com.br\/blog\/lei-organica-pc-mg\/\"},\"author\":{\"name\":\"Kassio Henrique Sobral Rocha\",\"@id\":\"https:\/\/www.estrategiaconcursos.com.br\/blog\/#\/schema\/person\/f0c830e07cfe11c231c0ea5dbb036df5\"},\"headline\":\"A Lei Org\u00e2nica da Pol\u00edcia Civil de MG para a PC-MG: Compet\u00eancias\",\"datePublished\":\"2022-05-05T11:24:00+00:00\",\"dateModified\":\"2022-05-05T14:10:42+00:00\",\"mainEntityOfPage\":{\"@id\":\"https:\/\/www.estrategiaconcursos.com.br\/blog\/lei-organica-pc-mg\/\"},\"wordCount\":1805,\"commentCount\":0,\"publisher\":{\"@id\":\"https:\/\/www.estrategiaconcursos.com.br\/blog\/#organization\"},\"image\":{\"@id\":\"https:\/\/www.estrategiaconcursos.com.br\/blog\/lei-organica-pc-mg\/#primaryimage\"},\"thumbnailUrl\":\"https:\/\/dhg1h5j42swfq.cloudfront.net\/2022\/01\/19101204\/pc-mg.jpg\",\"articleSection\":[\"Concursos P\u00fablicos\",\"Executivo (Administrativa)\"],\"inLanguage\":\"pt-BR\",\"potentialAction\":[{\"@type\":\"CommentAction\",\"name\":\"Comment\",\"target\":[\"https:\/\/www.estrategiaconcursos.com.br\/blog\/lei-organica-pc-mg\/#respond\"]}],\"copyrightYear\":\"2022\",\"copyrightHolder\":{\"@id\":\"https:\/\/www.estrategiaconcursos.com.br\/blog\/#organization\"}},{\"@type\":\"WebPage\",\"@id\":\"https:\/\/www.estrategiaconcursos.com.br\/blog\/lei-organica-pc-mg\/\",\"url\":\"https:\/\/www.estrategiaconcursos.com.br\/blog\/lei-organica-pc-mg\/\",\"name\":\"A Lei Org\u00e2nica da Pol\u00edcia Civil de MG para a PC-MG: Compet\u00eancias\",\"isPartOf\":{\"@id\":\"https:\/\/www.estrategiaconcursos.com.br\/blog\/#website\"},\"primaryImageOfPage\":{\"@id\":\"https:\/\/www.estrategiaconcursos.com.br\/blog\/lei-organica-pc-mg\/#primaryimage\"},\"image\":{\"@id\":\"https:\/\/www.estrategiaconcursos.com.br\/blog\/lei-organica-pc-mg\/#primaryimage\"},\"thumbnailUrl\":\"https:\/\/dhg1h5j42swfq.cloudfront.net\/2022\/01\/19101204\/pc-mg.jpg\",\"datePublished\":\"2022-05-05T11:24:00+00:00\",\"dateModified\":\"2022-05-05T14:10:42+00:00\",\"description\":\"Veja aqui uma an\u00e1lise sobre a Lei Org\u00e2nica da Pol\u00edcia Civil de MG, para o concurso administrativo de Analista e T\u00e9cnico da PC-MG.\",\"breadcrumb\":{\"@id\":\"https:\/\/www.estrategiaconcursos.com.br\/blog\/lei-organica-pc-mg\/#breadcrumb\"},\"inLanguage\":\"pt-BR\",\"potentialAction\":[{\"@type\":\"ReadAction\",\"target\":[\"https:\/\/www.estrategiaconcursos.com.br\/blog\/lei-organica-pc-mg\/\"]}]},{\"@type\":\"ImageObject\",\"inLanguage\":\"pt-BR\",\"@id\":\"https:\/\/www.estrategiaconcursos.com.br\/blog\/lei-organica-pc-mg\/#primaryimage\",\"url\":\"https:\/\/dhg1h5j42swfq.cloudfront.net\/2022\/01\/19101204\/pc-mg.jpg\",\"contentUrl\":\"https:\/\/dhg1h5j42swfq.cloudfront.net\/2022\/01\/19101204\/pc-mg.jpg\",\"width\":1024,\"height\":768,\"caption\":\"Pir\u00e2mide de Glasser e o concurso da PC-MG\"},{\"@type\":\"BreadcrumbList\",\"@id\":\"https:\/\/www.estrategiaconcursos.com.br\/blog\/lei-organica-pc-mg\/#breadcrumb\",\"itemListElement\":[{\"@type\":\"ListItem\",\"position\":1,\"name\":\"In\u00edcio\",\"item\":\"https:\/\/www.estrategiaconcursos.com.br\/blog\/\"},{\"@type\":\"ListItem\",\"position\":2,\"name\":\"A Lei Org\u00e2nica da Pol\u00edcia Civil de MG para a PC-MG: Compet\u00eancias\"}]},{\"@type\":\"WebSite\",\"@id\":\"https:\/\/www.estrategiaconcursos.com.br\/blog\/#website\",\"url\":\"https:\/\/www.estrategiaconcursos.com.br\/blog\/\",\"name\":\"Estrat\u00e9gia Concursos\",\"description\":\"O blog da Estrat\u00e9gia Concursos traz not\u00edcias sobre concursos e artigos de professores oferecendo cursos para concursos (pdf + videaulas) no site.\",\"publisher\":{\"@id\":\"https:\/\/www.estrategiaconcursos.com.br\/blog\/#organization\"},\"potentialAction\":[{\"@type\":\"SearchAction\",\"target\":{\"@type\":\"EntryPoint\",\"urlTemplate\":\"https:\/\/www.estrategiaconcursos.com.br\/blog\/?s={search_term_string}\"},\"query-input\":{\"@type\":\"PropertyValueSpecification\",\"valueRequired\":true,\"valueName\":\"search_term_string\"}}],\"inLanguage\":\"pt-BR\"},{\"@type\":\"Organization\",\"@id\":\"https:\/\/www.estrategiaconcursos.com.br\/blog\/#organization\",\"name\":\"Estrat\u00e9gia Concursos\",\"url\":\"https:\/\/www.estrategiaconcursos.com.br\/blog\/\",\"logo\":{\"@type\":\"ImageObject\",\"inLanguage\":\"pt-BR\",\"@id\":\"https:\/\/www.estrategiaconcursos.com.br\/blog\/#\/schema\/logo\/image\/\",\"url\":\"https:\/\/dhg1h5j42swfq.cloudfront.net\/2025\/06\/03203428\/logo_concursos-1.jpg\",\"contentUrl\":\"https:\/\/dhg1h5j42swfq.cloudfront.net\/2025\/06\/03203428\/logo_concursos-1.jpg\",\"width\":230,\"height\":60,\"caption\":\"Estrat\u00e9gia Concursos\"},\"image\":{\"@id\":\"https:\/\/www.estrategiaconcursos.com.br\/blog\/#\/schema\/logo\/image\/\"},\"sameAs\":[\"https:\/\/x.com\/EstratConcursos\"]},{\"@type\":\"Person\",\"@id\":\"https:\/\/www.estrategiaconcursos.com.br\/blog\/#\/schema\/person\/f0c830e07cfe11c231c0ea5dbb036df5\",\"name\":\"Kassio Henrique Sobral Rocha\",\"image\":{\"@type\":\"ImageObject\",\"inLanguage\":\"pt-BR\",\"@id\":\"https:\/\/secure.gravatar.com\/avatar\/d10350cbdad043facd8ec77a377f86f9026afee3348e463b04854fd4490ce759?s=96&d=mm&r=g\",\"url\":\"https:\/\/secure.gravatar.com\/avatar\/d10350cbdad043facd8ec77a377f86f9026afee3348e463b04854fd4490ce759?s=96&d=mm&r=g\",\"contentUrl\":\"https:\/\/secure.gravatar.com\/avatar\/d10350cbdad043facd8ec77a377f86f9026afee3348e463b04854fd4490ce759?s=96&d=mm&r=g\",\"caption\":\"Kassio Henrique Sobral Rocha\"},\"url\":\"https:\/\/www.estrategiaconcursos.com.br\/blog\/author\/kassio-rochayahoo-com-br\/\"}]}<\/script>\n<!-- \/ Yoast SEO Premium plugin. -->","yoast_head_json":{"title":"A Lei Org\u00e2nica da Pol\u00edcia Civil de MG para a PC-MG: Compet\u00eancias","description":"Veja aqui uma an\u00e1lise sobre a Lei Org\u00e2nica da Pol\u00edcia Civil de MG, para o concurso administrativo de Analista e T\u00e9cnico da PC-MG.","robots":{"index":"index","follow":"follow","max-snippet":"max-snippet:-1","max-image-preview":"max-image-preview:large","max-video-preview":"max-video-preview:-1"},"canonical":"https:\/\/www.estrategiaconcursos.com.br\/blog\/lei-organica-pc-mg\/","og_locale":"pt_BR","og_type":"article","og_title":"A Lei Org\u00e2nica da Pol\u00edcia Civil de MG para a PC-MG: Compet\u00eancias","og_description":"Veja aqui uma an\u00e1lise sobre a Lei Org\u00e2nica da Pol\u00edcia Civil de MG, para o concurso administrativo de Analista e T\u00e9cnico da PC-MG.","og_url":"https:\/\/www.estrategiaconcursos.com.br\/blog\/lei-organica-pc-mg\/","og_site_name":"Estrat\u00e9gia Concursos","article_published_time":"2022-05-05T11:24:00+00:00","article_modified_time":"2022-05-05T14:10:42+00:00","og_image":[{"width":1024,"height":768,"url":"https:\/\/dhg1h5j42swfq.cloudfront.net\/2022\/01\/19101204\/pc-mg.jpg","type":"image\/jpeg"}],"author":"Kassio Henrique Sobral Rocha","twitter_card":"summary_large_image","twitter_creator":"@EstratConcursos","twitter_site":"@EstratConcursos","twitter_misc":{"Escrito por":"Kassio Henrique Sobral Rocha","Est. tempo de leitura":"9 minutos"},"schema":{"@context":"https:\/\/schema.org","@graph":[{"@type":"NewsArticle","@id":"https:\/\/www.estrategiaconcursos.com.br\/blog\/lei-organica-pc-mg\/#article","isPartOf":{"@id":"https:\/\/www.estrategiaconcursos.com.br\/blog\/lei-organica-pc-mg\/"},"author":{"name":"Kassio Henrique Sobral Rocha","@id":"https:\/\/www.estrategiaconcursos.com.br\/blog\/#\/schema\/person\/f0c830e07cfe11c231c0ea5dbb036df5"},"headline":"A Lei Org\u00e2nica da Pol\u00edcia Civil de MG para a PC-MG: Compet\u00eancias","datePublished":"2022-05-05T11:24:00+00:00","dateModified":"2022-05-05T14:10:42+00:00","mainEntityOfPage":{"@id":"https:\/\/www.estrategiaconcursos.com.br\/blog\/lei-organica-pc-mg\/"},"wordCount":1805,"commentCount":0,"publisher":{"@id":"https:\/\/www.estrategiaconcursos.com.br\/blog\/#organization"},"image":{"@id":"https:\/\/www.estrategiaconcursos.com.br\/blog\/lei-organica-pc-mg\/#primaryimage"},"thumbnailUrl":"https:\/\/dhg1h5j42swfq.cloudfront.net\/2022\/01\/19101204\/pc-mg.jpg","articleSection":["Concursos P\u00fablicos","Executivo (Administrativa)"],"inLanguage":"pt-BR","potentialAction":[{"@type":"CommentAction","name":"Comment","target":["https:\/\/www.estrategiaconcursos.com.br\/blog\/lei-organica-pc-mg\/#respond"]}],"copyrightYear":"2022","copyrightHolder":{"@id":"https:\/\/www.estrategiaconcursos.com.br\/blog\/#organization"}},{"@type":"WebPage","@id":"https:\/\/www.estrategiaconcursos.com.br\/blog\/lei-organica-pc-mg\/","url":"https:\/\/www.estrategiaconcursos.com.br\/blog\/lei-organica-pc-mg\/","name":"A Lei Org\u00e2nica da Pol\u00edcia Civil de MG para a PC-MG: Compet\u00eancias","isPartOf":{"@id":"https:\/\/www.estrategiaconcursos.com.br\/blog\/#website"},"primaryImageOfPage":{"@id":"https:\/\/www.estrategiaconcursos.com.br\/blog\/lei-organica-pc-mg\/#primaryimage"},"image":{"@id":"https:\/\/www.estrategiaconcursos.com.br\/blog\/lei-organica-pc-mg\/#primaryimage"},"thumbnailUrl":"https:\/\/dhg1h5j42swfq.cloudfront.net\/2022\/01\/19101204\/pc-mg.jpg","datePublished":"2022-05-05T11:24:00+00:00","dateModified":"2022-05-05T14:10:42+00:00","description":"Veja aqui uma an\u00e1lise sobre a Lei Org\u00e2nica da Pol\u00edcia Civil de MG, para o concurso administrativo de Analista e T\u00e9cnico da PC-MG.","breadcrumb":{"@id":"https:\/\/www.estrategiaconcursos.com.br\/blog\/lei-organica-pc-mg\/#breadcrumb"},"inLanguage":"pt-BR","potentialAction":[{"@type":"ReadAction","target":["https:\/\/www.estrategiaconcursos.com.br\/blog\/lei-organica-pc-mg\/"]}]},{"@type":"ImageObject","inLanguage":"pt-BR","@id":"https:\/\/www.estrategiaconcursos.com.br\/blog\/lei-organica-pc-mg\/#primaryimage","url":"https:\/\/dhg1h5j42swfq.cloudfront.net\/2022\/01\/19101204\/pc-mg.jpg","contentUrl":"https:\/\/dhg1h5j42swfq.cloudfront.net\/2022\/01\/19101204\/pc-mg.jpg","width":1024,"height":768,"caption":"Pir\u00e2mide de Glasser e o concurso da PC-MG"},{"@type":"BreadcrumbList","@id":"https:\/\/www.estrategiaconcursos.com.br\/blog\/lei-organica-pc-mg\/#breadcrumb","itemListElement":[{"@type":"ListItem","position":1,"name":"In\u00edcio","item":"https:\/\/www.estrategiaconcursos.com.br\/blog\/"},{"@type":"ListItem","position":2,"name":"A Lei Org\u00e2nica da Pol\u00edcia Civil de MG para a PC-MG: Compet\u00eancias"}]},{"@type":"WebSite","@id":"https:\/\/www.estrategiaconcursos.com.br\/blog\/#website","url":"https:\/\/www.estrategiaconcursos.com.br\/blog\/","name":"Estrat\u00e9gia Concursos","description":"O blog da Estrat\u00e9gia Concursos traz not\u00edcias sobre concursos e artigos de professores oferecendo cursos para concursos (pdf + videaulas) no site.","publisher":{"@id":"https:\/\/www.estrategiaconcursos.com.br\/blog\/#organization"},"potentialAction":[{"@type":"SearchAction","target":{"@type":"EntryPoint","urlTemplate":"https:\/\/www.estrategiaconcursos.com.br\/blog\/?s={search_term_string}"},"query-input":{"@type":"PropertyValueSpecification","valueRequired":true,"valueName":"search_term_string"}}],"inLanguage":"pt-BR"},{"@type":"Organization","@id":"https:\/\/www.estrategiaconcursos.com.br\/blog\/#organization","name":"Estrat\u00e9gia Concursos","url":"https:\/\/www.estrategiaconcursos.com.br\/blog\/","logo":{"@type":"ImageObject","inLanguage":"pt-BR","@id":"https:\/\/www.estrategiaconcursos.com.br\/blog\/#\/schema\/logo\/image\/","url":"https:\/\/dhg1h5j42swfq.cloudfront.net\/2025\/06\/03203428\/logo_concursos-1.jpg","contentUrl":"https:\/\/dhg1h5j42swfq.cloudfront.net\/2025\/06\/03203428\/logo_concursos-1.jpg","width":230,"height":60,"caption":"Estrat\u00e9gia Concursos"},"image":{"@id":"https:\/\/www.estrategiaconcursos.com.br\/blog\/#\/schema\/logo\/image\/"},"sameAs":["https:\/\/x.com\/EstratConcursos"]},{"@type":"Person","@id":"https:\/\/www.estrategiaconcursos.com.br\/blog\/#\/schema\/person\/f0c830e07cfe11c231c0ea5dbb036df5","name":"Kassio Henrique Sobral Rocha","image":{"@type":"ImageObject","inLanguage":"pt-BR","@id":"https:\/\/secure.gravatar.com\/avatar\/d10350cbdad043facd8ec77a377f86f9026afee3348e463b04854fd4490ce759?s=96&d=mm&r=g","url":"https:\/\/secure.gravatar.com\/avatar\/d10350cbdad043facd8ec77a377f86f9026afee3348e463b04854fd4490ce759?s=96&d=mm&r=g","contentUrl":"https:\/\/secure.gravatar.com\/avatar\/d10350cbdad043facd8ec77a377f86f9026afee3348e463b04854fd4490ce759?s=96&d=mm&r=g","caption":"Kassio Henrique Sobral Rocha"},"url":"https:\/\/www.estrategiaconcursos.com.br\/blog\/author\/kassio-rochayahoo-com-br\/"}]}},"_links":{"self":[{"href":"https:\/\/www.estrategiaconcursos.com.br\/blog\/wp-json\/wp\/v2\/posts\/1009242","targetHints":{"allow":["GET"]}}],"collection":[{"href":"https:\/\/www.estrategiaconcursos.com.br\/blog\/wp-json\/wp\/v2\/posts"}],"about":[{"href":"https:\/\/www.estrategiaconcursos.com.br\/blog\/wp-json\/wp\/v2\/types\/post"}],"author":[{"embeddable":true,"href":"https:\/\/www.estrategiaconcursos.com.br\/blog\/wp-json\/wp\/v2\/users\/1976"}],"replies":[{"embeddable":true,"href":"https:\/\/www.estrategiaconcursos.com.br\/blog\/wp-json\/wp\/v2\/comments?post=1009242"}],"version-history":[{"count":24,"href":"https:\/\/www.estrategiaconcursos.com.br\/blog\/wp-json\/wp\/v2\/posts\/1009242\/revisions"}],"predecessor-version":[{"id":1019507,"href":"https:\/\/www.estrategiaconcursos.com.br\/blog\/wp-json\/wp\/v2\/posts\/1009242\/revisions\/1019507"}],"wp:featuredmedia":[{"embeddable":true,"href":"https:\/\/www.estrategiaconcursos.com.br\/blog\/wp-json\/wp\/v2\/media\/950259"}],"wp:attachment":[{"href":"https:\/\/www.estrategiaconcursos.com.br\/blog\/wp-json\/wp\/v2\/media?parent=1009242"}],"wp:term":[{"taxonomy":"category","embeddable":true,"href":"https:\/\/www.estrategiaconcursos.com.br\/blog\/wp-json\/wp\/v2\/categories?post=1009242"},{"taxonomy":"post_tag","embeddable":true,"href":"https:\/\/www.estrategiaconcursos.com.br\/blog\/wp-json\/wp\/v2\/tags?post=1009242"},{"taxonomy":"tax_estado","embeddable":true,"href":"https:\/\/www.estrategiaconcursos.com.br\/blog\/wp-json\/wp\/v2\/tax_estado?post=1009242"}],"curies":[{"name":"wp","href":"https:\/\/api.w.org\/{rel}","templated":true}]}}