{"id":1008076,"date":"2022-04-13T10:02:07","date_gmt":"2022-04-13T13:02:07","guid":{"rendered":"https:\/\/www.estrategiaconcursos.com.br\/blog\/?p=1008076"},"modified":"2022-04-16T08:15:26","modified_gmt":"2022-04-16T11:15:26","slug":"concurso-policia-penal-pe-recursos","status":"publish","type":"post","link":"https:\/\/www.estrategiaconcursos.com.br\/blog\/concurso-policia-penal-pe-recursos\/","title":{"rendered":"Concurso Pol\u00edcia Penal PE: possibilidades de recursos"},"content":{"rendered":"\n<p style=\"font-size:clamp(14.642px, 0.915rem + ((1vw - 3.2px) * 0.721), 22px);\"><strong><em>Quer interpor recursos contra o gabarito do concurso Pol\u00edcia Penal PE? Confira as possibilidades neste artigo!<\/em><\/strong><\/p>\n\n\n\n<p>O <strong>concurso da Pol\u00edcia Penal de Pernambuco<\/strong> teve suas provas aplicadas neste \u00faltimo domingo, 10 de abril. E, recentemente, foram divulgados os <a href=\"https:\/\/www.estrategiaconcursos.com.br\/blog\/concurso-policia-penal-pe-gabarito-preliminar\/\" target=\"_blank\" rel=\"noreferrer noopener\">gabaritos preliminares<\/a>.&nbsp;<\/p>\n\n\n\n<p><strong>Pretende interpor recurso para Pol\u00edcia Penal PE?<\/strong> Todo o processo deve ser realizado no prazo de dois dias \u00fateis, ou seja,&nbsp;<strong>de 13 e 14 de abril<\/strong>, atrav\u00e9s do&nbsp;<a href=\"https:\/\/www.cebraspe.org.br\/concursos\/SERES_PE_21\" target=\"_blank\" rel=\"noreferrer noopener\">site do Cebraspe<\/a>.<\/p>\n\n\n\n<p>E para te ajudar, assim como realizaram a corre\u00e7\u00e3o extraoficial da prova, nossos professores tamb\u00e9m analisaram os gabaritos provis\u00f3rios e identificaram algumas possibilidades de recursos. Confira abaixo e n\u00e3o perca o prazo!<\/p>\n\n\n\n<ul class=\"wp-block-list\" id=\"indice\"><li><a href=\"#raciocinio-logico\">Recursos de Racioc\u00ednio L\u00f3gico<\/a><\/li><li><a href=\"#direito-adm\">Recursos de Direito Administrativo<\/a><\/li><li><a href=\"#legisla\u00e7\u00e3o-penal-especial\">Recursos de Legisla\u00e7\u00e3o Penal Especial<\/a><\/li><li><a href=\"#informatica\">Recursos de Inform\u00e1tica<\/a><\/li><\/ul>\n\n\n\n<h2 class=\"has-cyan-bluish-gray-background-color has-background wp-block-heading\" id=\"raciocinio-logico\">Pol\u00edcia Penal PE: recursos de Racioc\u00ednio L\u00f3gico<\/h2>\n\n\n\n<p><strong><u>SUGEST\u00c3O DE RECURSO \u2013 QUEST\u00c3O 19 \u2013 RACIOC\u00cdNIO L\u00d3GICO \u2013 SERES PE \u2013 2022<\/u><\/strong><\/p>\n\n\n\n<p>Com base nas informa\u00e7\u00f5es apresentadas no enunciado da quest\u00e3o 19, ter\u00edamos:<\/p>\n\n\n\n<p>Bolo I:<\/p>\n\n\n\n<p>1\u00aa camada: Goiabada \/ 2\u00aa: Creme de Maracuj\u00e1 \/ 3\u00aa: Chocolate \/ 4\u00aa: Doce de leite \/ 5\u00aa: Goiabada \/ 6\u00aa: Creme de Maracuj\u00e1 \/ 7\u00aa: Chocolate<\/p>\n\n\n\n<p>Bolo II:<\/p>\n\n\n\n<p>1\u00aa camada: Doce de leite \/ 2\u00aa: Goiabada \/ 3\u00aa: Creme de Maracuj\u00e1 \/ 4\u00aa: Chocolate \/ 5\u00aa: Doce de leite \/ 6\u00aa: Goiabada \/ 7\u00aa: Creme de Maracuj\u00e1<\/p>\n\n\n\n<p>Bolo III:<\/p>\n\n\n\n<p>1\u00aa camada: Chocolate \/ 2\u00aa: Doce de leite \/ 3\u00aa: Goiabada \/ 4\u00aa: Creme de Maracuj\u00e1 \/ 5\u00aa: Chocolate \/ 6\u00aa: Doce de leite \/ 7\u00aa: Goiabada<\/p>\n\n\n\n<p>Bolo IV:<\/p>\n\n\n\n<p>1\u00aa camada: Creme de Maracuj\u00e1 \/ 2: Chocolate \/ 3\u00aa: Doce de leite \/ 4\u00aa: Goiabada \/ 5\u00aa: Creme de Maracuj\u00e1 \/ 6\u00aa: Chocolate \/ 7\u00aa: Doce de leite<\/p>\n\n\n\n<p>Agora, passemos \u00e0 an\u00e1lise das alternativas \u201cD\u201d e \u201cE\u201d:<\/p>\n\n\n\n<ul class=\"wp-block-list\"><li>(D) A s\u00e9tima camada do bolo IV \u00e9 de doce de leite.<\/li><\/ul>\n\n\n\n<p>De fato, conforme apresenta\u00e7\u00e3o feita inicialmente, podemos confirmar que a s\u00e9tima camada do bolo IV \u00e9 de doce de leite. Portanto, a alternativa \u201cD\u201d \u00e9 correta.<\/p>\n\n\n\n<ul class=\"wp-block-list\"><li>(E) O sabor da sexta camada do bolo I \u00e9 igual ao sabor da quarta camada do bolo III.<\/li><\/ul>\n\n\n\n<p>Conforme apresenta\u00e7\u00e3o feita inicialmente, podemos garantir que o sabor da sexta camada do bolo I \u00e9 creme de maracuj\u00e1. Da mesma forma, podemos garantir que o sabor da quarta camada do bolo III \u00e9 creme de maracuj\u00e1. Sendo assim, a alternativa \u201cE\u201d \u00e9 correta.<\/p>\n\n\n\n<p>Diante do exposto e por apresentar mais de uma alternativa correta a quest\u00e3o em an\u00e1lise destoa do previsto no item 8.3 do edital executado pelo Centro Brasileiro de Pesquisa em Avalia\u00e7\u00e3o e Sele\u00e7\u00e3o e de Promo\u00e7\u00e3o de Eventos (Cebraspe) e pela SERES\/PE. <\/p>\n\n\n\n<p>Dessa forma, respeitosamente solicito a anula\u00e7\u00e3o da quest\u00e3o e a consequente atribui\u00e7\u00e3o de seu ponto a todos os demais candidatos, independentemente de terem recorrido.<\/p>\n\n\n\n<h2 class=\"has-cyan-bluish-gray-background-color has-background wp-block-heading\" id=\"direito-adm\">Pol\u00edcia Penal PE: recursos de Direito Administrativo<\/h2>\n\n\n\n<p><strong>Quest\u00e3o: Entre as penalidades decorrentes de processo administrativo disciplinar, aplica-se ao servidor (&#8230;)<\/strong><\/p>\n\n\n\n<p><strong>Requerimento: Anula\u00e7\u00e3o<\/strong><\/p>\n\n\n\n<p>Fundamenta\u00e7\u00e3o: Fuga do edital.<\/p>\n\n\n\n<p>A referida quest\u00e3o n\u00e3o se encontra dentro do conte\u00fado program\u00e1tico estabelecido no edital. O conte\u00fado trabalhado nessa quest\u00e3o encontra amparo na Lei 8.112\/90&nbsp; (estatuto dos servidores p\u00fablicos civis federais). <\/p>\n\n\n\n<p>Vale salientar que, no edital de abertura do certame, essa lei estava contemplada dentro da mat\u00e9ria \u00c9tica no Servi\u00e7o P\u00fablico (Conhecimentos Gerais). Contudo, na retifica\u00e7\u00e3o realizada pelo edital n\u00ba 3 (em 14\/01\/2022) essa lei foi retirada do conte\u00fado program\u00e1tico.<\/p>\n\n\n\n<p>Ainda que n\u00e3o fosse o caso, a presente quest\u00e3o foi cobrada dentro da parte de Conhecimentos Espec\u00edficos da prova, sendo que a Lei 8.112\/90 em momento nenhum fez parte do conte\u00fado program\u00e1tico desse bloco.<\/p>\n\n\n\n<p>Ante o exposto, como resta flagrantemente demonstrado que a quest\u00e3o acima citada abordou conte\u00fado n\u00e3o amparado pelo edital, requer-se a sua anula\u00e7\u00e3o, de modo a manter a lisura e imparcialidade do presente certame.<\/p>\n\n\n\n<h2 class=\"has-cyan-bluish-gray-background-color has-background wp-block-heading\" id=\"legisla\u00e7\u00e3o-penal-especial\">Pol\u00edcia Penal PE: recursos de Legisla\u00e7\u00e3o Penal Especial<\/h2>\n\n\n\n<p>Ol\u00e1, pessoal? Tudo bem com voc\u00eas?<\/p>\n\n\n\n<p>Sou Antonio Pequeno, professor de Direito Penal e Legisla\u00e7\u00e3o Penal Especial do Estrat\u00e9gia Concursos, e nessa oportunidade vou tecer coment\u00e1rios e apresentar fundamento para a quest\u00e3o abaixo aplicada no certame, qual seja:<\/p>\n\n\n\n<p>A <strong>quest\u00e3o 46 de Legisla\u00e7\u00e3o Penal Especial<\/strong> na prova para Policial Penal do Estado de Pernambuco, trouxe a seguinte reda\u00e7\u00e3o:<\/p>\n\n\n\n<figure class=\"wp-block-image size-full is-resized\"><img loading=\"lazy\" decoding=\"async\" src=\"https:\/\/dhg1h5j42swfq.cloudfront.net\/2022\/04\/13154343\/image-175.png\" alt=\"\" class=\"wp-image-1008547\" width=\"705\" height=\"402\" srcset=\"https:\/\/dhg1h5j42swfq.cloudfront.net\/2022\/04\/13154343\/image-175.png 800w, https:\/\/dhg1h5j42swfq.cloudfront.net\/2022\/04\/13154343\/image-175-300x171.png 300w, https:\/\/dhg1h5j42swfq.cloudfront.net\/2022\/04\/13154343\/image-175-768x438.png 768w, https:\/\/dhg1h5j42swfq.cloudfront.net\/2022\/04\/13154343\/image-175-610x348.png 610w\" sizes=\"auto, (max-width: 705px) 100vw, 705px\" \/><figcaption>Recursos Pol\u00edcia Penal PE: Legisla\u00e7\u00e3o Penal Especial<\/figcaption><\/figure>\n\n\n\n<p>O gabarito trazido pela banca traz a letra B como certa, vez que para a classifica\u00e7\u00e3o de armas de fogo e muni\u00e7\u00f5es de uso permitido ou restrito, atualmente, em regra, leva-se em considera\u00e7\u00e3o o crit\u00e9rio da energia cin\u00e9tica medida em joules.<\/p>\n\n\n\n<p>Todavia, verifica-se que a cobran\u00e7a extrapola o conte\u00fado do edital, porque na parte de conhecimentos espec\u00edficos, mat\u00e9ria de legisla\u00e7\u00e3o especial, no item 6 est\u00e1 cobrando o estatuto do desarmamento, Lei n\u00ba 10.826\/2003 e suas altera\u00e7\u00f5es. <\/p>\n\n\n\n<p>Ocorre que a exig\u00eancia vai al\u00e9m do previsto nesse diploma legislativo citado, tendo em vista que requer o conhecimento do art.3\u00ba, \u00a7\u00fanico, I, a e II, b, do anexo I do Decreto n\u00ba 10.030\/2019 (Decreto sobre regulamento dos produtos controlados e complementa o estatuto do desarmamento), que n\u00e3o consta nas normas do concurso, abaixo:<\/p>\n\n\n\n<blockquote class=\"wp-block-quote is-layout-flow wp-block-quote-is-layout-flow\" style=\"font-size:clamp(14px, 0.875rem + ((1vw - 3.2px) * 0.098), 15px);\"><p>Art. 3\u00ba As defini\u00e7\u00f5es dos termos empregados neste Regulamento s\u00e3o aquelas constantes deste artigo e do&nbsp;<a href=\"http:\/\/www.planalto.gov.br\/ccivil_03\/_ato2019-2022\/2019\/Decreto\/D10030.htm#anexo3\" target=\"_blank\" rel=\"noreferrer noopener\">Anexo III<\/a>&nbsp;|&nbsp;<a href=\"http:\/\/www.planalto.gov.br\/ccivil_03\/_ato2019-2022\/2021\/Decreto\/D10627.htm#art1\">(<\/a><a href=\"http:\/\/www.planalto.gov.br\/ccivil_03\/_ato2019-2022\/2021\/Decreto\/D10627.htm#art1\" target=\"_blank\" rel=\"noreferrer noopener\">Reda\u00e7\u00e3o dada pelo Decreto n\u00ba 10.627, de 2021)<\/a>&nbsp;|&nbsp;<a href=\"http:\/\/www.planalto.gov.br\/ccivil_03\/_ato2019-2022\/2021\/Decreto\/D10627.htm#art4\" target=\"_blank\" rel=\"noreferrer noopener\">Vig\u00eancia<\/a><\/p><p>Par\u00e1grafo \u00fanico. Para fins do disposto neste Regulamento, considera-se:&nbsp;<a href=\"http:\/\/www.planalto.gov.br\/ccivil_03\/_ato2019-2022\/2021\/Decreto\/D10627.htm#art1\" target=\"_blank\" rel=\"noreferrer noopener\">(Inclu\u00eddo pelo Decreto n\u00ba 10.627, de 2021)<\/a>&nbsp;|&nbsp;<a href=\"http:\/\/www.planalto.gov.br\/ccivil_03\/_ato2019-2022\/2021\/Decreto\/D10627.htm#art4\" target=\"_blank\" rel=\"noreferrer noopener\">Vig\u00eancia<\/a><\/p><p>I &#8211; arma de fogo de uso permitido &#8211; as armas de fogo semiautom\u00e1ticas ou de repeti\u00e7\u00e3o que sejam:&nbsp;<a href=\"http:\/\/www.planalto.gov.br\/ccivil_03\/_ato2019-2022\/2021\/Decreto\/D10627.htm#art1\" target=\"_blank\" rel=\"noreferrer noopener\">(Inclu\u00eddo pelo Decreto n\u00ba 10.627, de 2021)<\/a>&nbsp;|&nbsp;<a href=\"http:\/\/www.planalto.gov.br\/ccivil_03\/_ato2019-2022\/2021\/Decreto\/D10627.htm#art4\" target=\"_blank\" rel=\"noreferrer noopener\">Vig\u00eancia<\/a><\/p><p>a) de porte, cujo calibre nominal, com a utiliza\u00e7\u00e3o de muni\u00e7\u00e3o comum, n\u00e3o atinja, na sa\u00edda do cano de prova, energia cin\u00e9tica superior a mil e duzentas libras-p\u00e9 ou mil seiscentos e vinte joules;&nbsp;<a href=\"http:\/\/www.planalto.gov.br\/ccivil_03\/_ato2019-2022\/2021\/Decreto\/D10627.htm#art1\" target=\"_blank\" rel=\"noreferrer noopener\">(Inclu\u00eddo pelo Decreto n\u00ba 10.627, de 2021)<\/a>&nbsp;|&nbsp;<a href=\"http:\/\/www.planalto.gov.br\/ccivil_03\/_ato2019-2022\/2021\/Decreto\/D10627.htm#art4\">Vig\u00eancia<\/a><\/p><p>II &#8211; arma de fogo de uso restrito &#8211; as armas de fogo autom\u00e1ticas, de qualquer tipo ou calibre, semiautom\u00e1ticas ou de repeti\u00e7\u00e3o que sejam:&nbsp;&nbsp;&nbsp;&nbsp;&nbsp;<a href=\"http:\/\/www.planalto.gov.br\/ccivil_03\/_ato2019-2022\/2021\/Decreto\/D10627.htm#art1\" target=\"_blank\" rel=\"noreferrer noopener\">(Inclu\u00eddo pelo Decreto n\u00ba 10.627, de 2021)<\/a>&nbsp;|&nbsp;<a href=\"http:\/\/www.planalto.gov.br\/ccivil_03\/_ato2019-2022\/2021\/Decreto\/D10627.htm#art4\" target=\"_blank\" rel=\"noreferrer noopener\">Vig\u00eancia<\/a><\/p><p>b) de porte, cujo calibre nominal, com a utiliza\u00e7\u00e3o de muni\u00e7\u00e3o comum, atinja, na sa\u00edda do cano de prova, energia cin\u00e9tica superior a mil e duzentas libras-p\u00e9 ou mil seiscentos e vinte joules; ou&nbsp;<a href=\"http:\/\/www.planalto.gov.br\/ccivil_03\/_ato2019-2022\/2021\/Decreto\/D10627.htm#art1\" target=\"_blank\" rel=\"noreferrer noopener\">(Inclu\u00eddo pelo Decreto n\u00ba 10.627, de 2021)<\/a>&nbsp;|&nbsp;<a href=\"http:\/\/www.planalto.gov.br\/ccivil_03\/_ato2019-2022\/2021\/Decreto\/D10627.htm#art4\" target=\"_blank\" rel=\"noreferrer noopener\">Vig\u00eancia<\/a><\/p><\/blockquote>\n\n\n\n<p><strong>PLEITO: Diante do exposto, em sede de recurso \u00e0 quest\u00e3o, tendo em vista que foi cobrado conte\u00fado fora do edital e muito espec\u00edfico, requer o candidato seja a quest\u00e3o ANULADA.<\/strong><\/p>\n\n\n\n<h2 class=\"has-cyan-bluish-gray-background-color has-background wp-block-heading\" id=\"informatica\">Pol\u00edcia Penal PE: recursos de Inform\u00e1tica<\/h2>\n\n\n\n<p><strong>Quest\u00e3o: Em seguran\u00e7a da informa\u00e7\u00e3o a caracter\u00edstica que garante que a mensagem \u00e9 genu\u00edna e pass\u00edvel de verifica\u00e7\u00e3o \u00e9:<\/strong><\/p>\n\n\n\n<p><strong>Requerimento: Mudan\u00e7a de Gabarito<\/strong><\/p>\n\n\n\n<p>Fundamenta\u00e7\u00e3o: Interpreta\u00e7\u00e3o do texto da quest\u00e3o.<\/p>\n\n\n\n<p>A referida quest\u00e3o teve como gabarito oficial a Autenticidade como resposta. Por\u00e9m a autenticidade iria garantir que a opera\u00e7\u00e3o \u00e9 genu\u00edna, ou seja, feita por quem diz ter feito e pass\u00edvel de verifica\u00e7\u00e3o de autenticidade, mas o texto da pergunta \u00e9: \u201c&#8230; <strong>a caracter\u00edstica que garante que a MENSAGEM \u00e9 genu\u00edna e pass\u00edvel de verifica\u00e7\u00e3o..\u201d, <\/strong>dessa forma essa garantia \u00e9 realizada pela INTEGRIDADE que ir\u00e1 garantir que a MENSAGEM \u00e9 genu\u00edna, ou seja, n\u00e3o foi alterada e essa integridade \u00e9 pass\u00edvel de verifica\u00e7\u00e3o atrav\u00e9s do uso de hash.<\/p>\n\n\n\n<p>Ante o exposto, gostar\u00edamos de solicitar a reavalia\u00e7\u00e3o da interpreta\u00e7\u00e3o da quest\u00e3o e a mudan\u00e7a do gabarito para Integridade como sendo a resposta correta.<\/p>\n\n\n\n<h2 class=\"has-text-align-center has-cyan-bluish-gray-background-color has-background has-medium-font-size wp-block-heading\" id=\"assinatura\">Saiba mais: <a href=\"https:\/\/www.estrategiaconcursos.com.br\/blog\/concurso-policia-penal-pe\/\" target=\"_blank\" rel=\"noreferrer noopener\">Concurso Pol\u00edcia Penal Pernambuco<\/a><\/h2>\n\n\n\n<hr class=\"wp-block-separator\"\/>\n\n\n\n<h2 class=\"has-text-align-center wp-block-heading\" id=\"h-quer-saber-tudo-sobre-concursos-previstos-confira-nossos-artigos\">Quer saber tudo sobre concursos previstos?<br \/>Confira  nossos artigos!<\/h2>\n\n\n\n<ul class=\"wp-block-list\"><li><a href=\"https:\/\/www.estrategiaconcursos.com.br\/blog\/concursos-abertos\/\" target=\"_blank\" rel=\"noreferrer noopener\">Concursos abertos<\/a><\/li><li><a href=\"https:\/\/www.estrategiaconcursos.com.br\/blog\/concursos-2022\/\" target=\"_blank\" rel=\"noreferrer noopener\">Concursos 2022<\/a><\/li><\/ul>\n\n\n\n<div class=\"container\" id=\"boxes\">\n  <div class=\"row\">\n\n    <div class=\"col-sm\">\n      <div class=\"banner-policial\" id=\"box-assinatura\">\n        <h3 class=\"titulo-assinatura\">Concurso Pol\u00edcia Penal PE<\/h3>\n        <p class=\"subtitulo-assinatura\">Conhe\u00e7a os cursos<\/p>\n        <div class=\"box-botao\">\n          <a class=\"btn-assinatura\" target=\"_blank\" href=\"https:\/\/www.estrategiaconcursos.com.br\/cursosPorConcurso\/agente-de-seguranca-penitenciaria-de-pernambuco-seres-pe\/\" role=\"button\" rel=\"noopener noreferrer\">Conhe\u00e7a mais<\/a>\n        <\/div>\n      <\/div>\n     \n    <\/div>\n\n  <\/div>\n<\/div>\n\n\n\n<div class=\"container\" id=\"boxes\">\n  <div class=\"row\">\n\n    <div class=\"col-sm\">\n      <div class=\"estrategia\" id=\"box-assinatura\">\n        <h3 class=\"titulo-assinatura\">Assinatura Concursos<\/h3>\n        <p class=\"subtitulo-assinatura\">Assinatura de 1 ano ou 2 anos<\/p>\n        <div class=\"box-botao\">\n          <a class=\"btn-assinatura\" target=\"_blank\" href=\"https:\/\/www.estrategiaconcursos.com.br\/assinaturas\/\" role=\"button\" rel=\"noopener noreferrer\">ASSINE AGORA<\/a>\n        <\/div>\n      <\/div>\n     \n    <\/div><\/div><\/div>\n","protected":false},"excerpt":{"rendered":"<p>Quer interpor recursos contra o gabarito do concurso Pol\u00edcia Penal PE? Confira as possibilidades neste artigo! O concurso da Pol\u00edcia Penal de Pernambuco teve suas provas aplicadas neste \u00faltimo domingo, 10 de abril. E, recentemente, foram divulgados os gabaritos preliminares.&nbsp; Pretende interpor recurso para Pol\u00edcia Penal PE? Todo o processo deve ser realizado no prazo [&hellip;]<\/p>\n","protected":false},"author":1206,"featured_media":877955,"comment_status":"open","ping_status":"closed","sticky":false,"template":"","format":"standard","meta":{"post_tipo":"news_page","footnotes":""},"categories":[220188,220219],"tags":[],"tax_estado":[219979],"class_list":["post-1008076","post","type-post","status-publish","format-standard","has-post-thumbnail","hentry","category-policial-agente-penitenciario","category-noticias","tax_estado-pe"],"acf":[],"yoast_head":"<!-- This site is optimized with the Yoast SEO Premium plugin v27.2 (Yoast SEO v27.2) - https:\/\/yoast.com\/product\/yoast-seo-premium-wordpress\/ -->\n<title>Concurso Pol\u00edcia Penal PE: possibilidades de recursos<\/title>\n<meta name=\"description\" content=\"Confira as possibilidades de recursos contra o gabarito preliminar das provas do concurso Pol\u00edcia Penal PE. Acesse!\" \/>\n<meta name=\"robots\" content=\"index, follow, max-snippet:-1, max-image-preview:large, max-video-preview:-1\" \/>\n<link rel=\"canonical\" href=\"https:\/\/www.estrategiaconcursos.com.br\/blog\/concurso-policia-penal-pe-recursos\/\" \/>\n<meta property=\"og:locale\" content=\"pt_BR\" \/>\n<meta property=\"og:type\" content=\"article\" \/>\n<meta property=\"og:title\" content=\"Concurso Pol\u00edcia Penal PE: possibilidades de recursos\" \/>\n<meta property=\"og:description\" content=\"Confira as possibilidades de recursos contra o gabarito preliminar das provas do concurso Pol\u00edcia Penal PE. Acesse!\" \/>\n<meta property=\"og:url\" content=\"https:\/\/www.estrategiaconcursos.com.br\/blog\/concurso-policia-penal-pe-recursos\/\" \/>\n<meta property=\"og:site_name\" content=\"Estrat\u00e9gia Concursos\" \/>\n<meta property=\"article:published_time\" content=\"2022-04-13T13:02:07+00:00\" \/>\n<meta property=\"article:modified_time\" content=\"2022-04-16T11:15:26+00:00\" \/>\n<meta property=\"og:image\" content=\"https:\/\/dhg1h5j42swfq.cloudfront.net\/2021\/07\/05164723\/policia-penal-pe.jpg\" \/>\n\t<meta property=\"og:image:width\" content=\"768\" \/>\n\t<meta property=\"og:image:height\" content=\"432\" \/>\n\t<meta property=\"og:image:type\" content=\"image\/jpeg\" \/>\n<meta name=\"author\" content=\"Bruna de Andrade Fran\u00e7a\" \/>\n<meta name=\"twitter:card\" content=\"summary_large_image\" \/>\n<meta name=\"twitter:creator\" content=\"@EstratConcursos\" \/>\n<meta name=\"twitter:site\" content=\"@EstratConcursos\" \/>\n<meta name=\"twitter:label1\" content=\"Escrito por\" \/>\n\t<meta name=\"twitter:data1\" content=\"Bruna de Andrade Fran\u00e7a\" \/>\n\t<meta name=\"twitter:label2\" content=\"Est. tempo de leitura\" \/>\n\t<meta name=\"twitter:data2\" content=\"7 minutos\" \/>\n<script type=\"application\/ld+json\" class=\"yoast-schema-graph\">{\"@context\":\"https:\/\/schema.org\",\"@graph\":[{\"@type\":\"NewsArticle\",\"@id\":\"https:\/\/www.estrategiaconcursos.com.br\/blog\/concurso-policia-penal-pe-recursos\/#article\",\"isPartOf\":{\"@id\":\"https:\/\/www.estrategiaconcursos.com.br\/blog\/concurso-policia-penal-pe-recursos\/\"},\"author\":{\"name\":\"Bruna de Andrade Fran\u00e7a\",\"@id\":\"https:\/\/www.estrategiaconcursos.com.br\/blog\/#\/schema\/person\/6630f91134abc08115cca62ce6372855\"},\"headline\":\"Concurso Pol\u00edcia Penal PE: possibilidades de recursos\",\"datePublished\":\"2022-04-13T13:02:07+00:00\",\"dateModified\":\"2022-04-16T11:15:26+00:00\",\"mainEntityOfPage\":{\"@id\":\"https:\/\/www.estrategiaconcursos.com.br\/blog\/concurso-policia-penal-pe-recursos\/\"},\"wordCount\":1304,\"commentCount\":0,\"publisher\":{\"@id\":\"https:\/\/www.estrategiaconcursos.com.br\/blog\/#organization\"},\"image\":{\"@id\":\"https:\/\/www.estrategiaconcursos.com.br\/blog\/concurso-policia-penal-pe-recursos\/#primaryimage\"},\"thumbnailUrl\":\"https:\/\/dhg1h5j42swfq.cloudfront.net\/2021\/07\/05164723\/policia-penal-pe.jpg\",\"articleSection\":[\"Policial (Agente Penitenci\u00e1rio)\",\"\u00daltimas not\u00edcias\"],\"inLanguage\":\"pt-BR\",\"potentialAction\":[{\"@type\":\"CommentAction\",\"name\":\"Comment\",\"target\":[\"https:\/\/www.estrategiaconcursos.com.br\/blog\/concurso-policia-penal-pe-recursos\/#respond\"]}],\"copyrightYear\":\"2022\",\"copyrightHolder\":{\"@id\":\"https:\/\/www.estrategiaconcursos.com.br\/blog\/#organization\"}},{\"@type\":\"WebPage\",\"@id\":\"https:\/\/www.estrategiaconcursos.com.br\/blog\/concurso-policia-penal-pe-recursos\/\",\"url\":\"https:\/\/www.estrategiaconcursos.com.br\/blog\/concurso-policia-penal-pe-recursos\/\",\"name\":\"Concurso Pol\u00edcia Penal PE: possibilidades de recursos\",\"isPartOf\":{\"@id\":\"https:\/\/www.estrategiaconcursos.com.br\/blog\/#website\"},\"primaryImageOfPage\":{\"@id\":\"https:\/\/www.estrategiaconcursos.com.br\/blog\/concurso-policia-penal-pe-recursos\/#primaryimage\"},\"image\":{\"@id\":\"https:\/\/www.estrategiaconcursos.com.br\/blog\/concurso-policia-penal-pe-recursos\/#primaryimage\"},\"thumbnailUrl\":\"https:\/\/dhg1h5j42swfq.cloudfront.net\/2021\/07\/05164723\/policia-penal-pe.jpg\",\"datePublished\":\"2022-04-13T13:02:07+00:00\",\"dateModified\":\"2022-04-16T11:15:26+00:00\",\"description\":\"Confira as possibilidades de recursos contra o gabarito preliminar das provas do concurso Pol\u00edcia Penal PE. Acesse!\",\"breadcrumb\":{\"@id\":\"https:\/\/www.estrategiaconcursos.com.br\/blog\/concurso-policia-penal-pe-recursos\/#breadcrumb\"},\"inLanguage\":\"pt-BR\",\"potentialAction\":[{\"@type\":\"ReadAction\",\"target\":[\"https:\/\/www.estrategiaconcursos.com.br\/blog\/concurso-policia-penal-pe-recursos\/\"]}]},{\"@type\":\"ImageObject\",\"inLanguage\":\"pt-BR\",\"@id\":\"https:\/\/www.estrategiaconcursos.com.br\/blog\/concurso-policia-penal-pe-recursos\/#primaryimage\",\"url\":\"https:\/\/dhg1h5j42swfq.cloudfront.net\/2021\/07\/05164723\/policia-penal-pe.jpg\",\"contentUrl\":\"https:\/\/dhg1h5j42swfq.cloudfront.net\/2021\/07\/05164723\/policia-penal-pe.jpg\",\"width\":768,\"height\":432,\"caption\":\"POLICIA PENAL PE\"},{\"@type\":\"BreadcrumbList\",\"@id\":\"https:\/\/www.estrategiaconcursos.com.br\/blog\/concurso-policia-penal-pe-recursos\/#breadcrumb\",\"itemListElement\":[{\"@type\":\"ListItem\",\"position\":1,\"name\":\"In\u00edcio\",\"item\":\"https:\/\/www.estrategiaconcursos.com.br\/blog\/\"},{\"@type\":\"ListItem\",\"position\":2,\"name\":\"Concurso Pol\u00edcia Penal PE: possibilidades de recursos\"}]},{\"@type\":\"WebSite\",\"@id\":\"https:\/\/www.estrategiaconcursos.com.br\/blog\/#website\",\"url\":\"https:\/\/www.estrategiaconcursos.com.br\/blog\/\",\"name\":\"Estrat\u00e9gia Concursos\",\"description\":\"O blog da Estrat\u00e9gia Concursos traz not\u00edcias sobre concursos e artigos de professores oferecendo cursos para concursos (pdf + videaulas) no site.\",\"publisher\":{\"@id\":\"https:\/\/www.estrategiaconcursos.com.br\/blog\/#organization\"},\"potentialAction\":[{\"@type\":\"SearchAction\",\"target\":{\"@type\":\"EntryPoint\",\"urlTemplate\":\"https:\/\/www.estrategiaconcursos.com.br\/blog\/?s={search_term_string}\"},\"query-input\":{\"@type\":\"PropertyValueSpecification\",\"valueRequired\":true,\"valueName\":\"search_term_string\"}}],\"inLanguage\":\"pt-BR\"},{\"@type\":\"Organization\",\"@id\":\"https:\/\/www.estrategiaconcursos.com.br\/blog\/#organization\",\"name\":\"Estrat\u00e9gia Concursos\",\"url\":\"https:\/\/www.estrategiaconcursos.com.br\/blog\/\",\"logo\":{\"@type\":\"ImageObject\",\"inLanguage\":\"pt-BR\",\"@id\":\"https:\/\/www.estrategiaconcursos.com.br\/blog\/#\/schema\/logo\/image\/\",\"url\":\"https:\/\/dhg1h5j42swfq.cloudfront.net\/2025\/06\/03203428\/logo_concursos-1.jpg\",\"contentUrl\":\"https:\/\/dhg1h5j42swfq.cloudfront.net\/2025\/06\/03203428\/logo_concursos-1.jpg\",\"width\":230,\"height\":60,\"caption\":\"Estrat\u00e9gia Concursos\"},\"image\":{\"@id\":\"https:\/\/www.estrategiaconcursos.com.br\/blog\/#\/schema\/logo\/image\/\"},\"sameAs\":[\"https:\/\/x.com\/EstratConcursos\"]},{\"@type\":\"Person\",\"@id\":\"https:\/\/www.estrategiaconcursos.com.br\/blog\/#\/schema\/person\/6630f91134abc08115cca62ce6372855\",\"name\":\"Bruna de Andrade Fran\u00e7a\",\"image\":{\"@type\":\"ImageObject\",\"inLanguage\":\"pt-BR\",\"@id\":\"https:\/\/secure.gravatar.com\/avatar\/d6316d36d50cea0fadae28ed3015b8870cc90a2d3d8a95c37b44006af36a00e3?s=96&d=mm&r=g\",\"url\":\"https:\/\/secure.gravatar.com\/avatar\/d6316d36d50cea0fadae28ed3015b8870cc90a2d3d8a95c37b44006af36a00e3?s=96&d=mm&r=g\",\"contentUrl\":\"https:\/\/secure.gravatar.com\/avatar\/d6316d36d50cea0fadae28ed3015b8870cc90a2d3d8a95c37b44006af36a00e3?s=96&d=mm&r=g\",\"caption\":\"Bruna de Andrade Fran\u00e7a\"},\"description\":\"Bruna de Andrade Fran\u00e7a \u00e9 publicit\u00e1ria com p\u00f3s-gradua\u00e7\u00e3o em Marketing &amp; Growth, atuando h\u00e1 mais de 6 anos no universo dos concursos p\u00fablicos. Desde 2021, lidera no Blog do Estrat\u00e9gia Concursos a cobertura editorial especializada em Concursos Policiais (PF, PRF, PM, PC, etc.), al\u00e9m das frentes de concursos banc\u00e1rios, de sa\u00fade e da \u00e1rea legislativa. Especialista em reda\u00e7\u00e3o, com pr\u00e1ticas de SEO e Copywriting, possui tamb\u00e9m atua\u00e7\u00e3o pr\u00e1tica de contato direto com \u00f3rg\u00e3os p\u00fablicos respons\u00e1veis por editais, permitindo acesso antecipado a informa\u00e7\u00f5es, desdobramentos importantes e atualiza\u00e7\u00e3o eficiente dos concursos p\u00fablicos.\",\"url\":\"https:\/\/www.estrategiaconcursos.com.br\/blog\/author\/bruna-andrade\/\"}]}<\/script>\n<!-- \/ Yoast SEO Premium plugin. -->","yoast_head_json":{"title":"Concurso Pol\u00edcia Penal PE: possibilidades de recursos","description":"Confira as possibilidades de recursos contra o gabarito preliminar das provas do concurso Pol\u00edcia Penal PE. Acesse!","robots":{"index":"index","follow":"follow","max-snippet":"max-snippet:-1","max-image-preview":"max-image-preview:large","max-video-preview":"max-video-preview:-1"},"canonical":"https:\/\/www.estrategiaconcursos.com.br\/blog\/concurso-policia-penal-pe-recursos\/","og_locale":"pt_BR","og_type":"article","og_title":"Concurso Pol\u00edcia Penal PE: possibilidades de recursos","og_description":"Confira as possibilidades de recursos contra o gabarito preliminar das provas do concurso Pol\u00edcia Penal PE. Acesse!","og_url":"https:\/\/www.estrategiaconcursos.com.br\/blog\/concurso-policia-penal-pe-recursos\/","og_site_name":"Estrat\u00e9gia Concursos","article_published_time":"2022-04-13T13:02:07+00:00","article_modified_time":"2022-04-16T11:15:26+00:00","og_image":[{"width":768,"height":432,"url":"https:\/\/dhg1h5j42swfq.cloudfront.net\/2021\/07\/05164723\/policia-penal-pe.jpg","type":"image\/jpeg"}],"author":"Bruna de Andrade Fran\u00e7a","twitter_card":"summary_large_image","twitter_creator":"@EstratConcursos","twitter_site":"@EstratConcursos","twitter_misc":{"Escrito por":"Bruna de Andrade Fran\u00e7a","Est. tempo de leitura":"7 minutos"},"schema":{"@context":"https:\/\/schema.org","@graph":[{"@type":"NewsArticle","@id":"https:\/\/www.estrategiaconcursos.com.br\/blog\/concurso-policia-penal-pe-recursos\/#article","isPartOf":{"@id":"https:\/\/www.estrategiaconcursos.com.br\/blog\/concurso-policia-penal-pe-recursos\/"},"author":{"name":"Bruna de Andrade Fran\u00e7a","@id":"https:\/\/www.estrategiaconcursos.com.br\/blog\/#\/schema\/person\/6630f91134abc08115cca62ce6372855"},"headline":"Concurso Pol\u00edcia Penal PE: possibilidades de recursos","datePublished":"2022-04-13T13:02:07+00:00","dateModified":"2022-04-16T11:15:26+00:00","mainEntityOfPage":{"@id":"https:\/\/www.estrategiaconcursos.com.br\/blog\/concurso-policia-penal-pe-recursos\/"},"wordCount":1304,"commentCount":0,"publisher":{"@id":"https:\/\/www.estrategiaconcursos.com.br\/blog\/#organization"},"image":{"@id":"https:\/\/www.estrategiaconcursos.com.br\/blog\/concurso-policia-penal-pe-recursos\/#primaryimage"},"thumbnailUrl":"https:\/\/dhg1h5j42swfq.cloudfront.net\/2021\/07\/05164723\/policia-penal-pe.jpg","articleSection":["Policial (Agente Penitenci\u00e1rio)","\u00daltimas not\u00edcias"],"inLanguage":"pt-BR","potentialAction":[{"@type":"CommentAction","name":"Comment","target":["https:\/\/www.estrategiaconcursos.com.br\/blog\/concurso-policia-penal-pe-recursos\/#respond"]}],"copyrightYear":"2022","copyrightHolder":{"@id":"https:\/\/www.estrategiaconcursos.com.br\/blog\/#organization"}},{"@type":"WebPage","@id":"https:\/\/www.estrategiaconcursos.com.br\/blog\/concurso-policia-penal-pe-recursos\/","url":"https:\/\/www.estrategiaconcursos.com.br\/blog\/concurso-policia-penal-pe-recursos\/","name":"Concurso Pol\u00edcia Penal PE: possibilidades de recursos","isPartOf":{"@id":"https:\/\/www.estrategiaconcursos.com.br\/blog\/#website"},"primaryImageOfPage":{"@id":"https:\/\/www.estrategiaconcursos.com.br\/blog\/concurso-policia-penal-pe-recursos\/#primaryimage"},"image":{"@id":"https:\/\/www.estrategiaconcursos.com.br\/blog\/concurso-policia-penal-pe-recursos\/#primaryimage"},"thumbnailUrl":"https:\/\/dhg1h5j42swfq.cloudfront.net\/2021\/07\/05164723\/policia-penal-pe.jpg","datePublished":"2022-04-13T13:02:07+00:00","dateModified":"2022-04-16T11:15:26+00:00","description":"Confira as possibilidades de recursos contra o gabarito preliminar das provas do concurso Pol\u00edcia Penal PE. Acesse!","breadcrumb":{"@id":"https:\/\/www.estrategiaconcursos.com.br\/blog\/concurso-policia-penal-pe-recursos\/#breadcrumb"},"inLanguage":"pt-BR","potentialAction":[{"@type":"ReadAction","target":["https:\/\/www.estrategiaconcursos.com.br\/blog\/concurso-policia-penal-pe-recursos\/"]}]},{"@type":"ImageObject","inLanguage":"pt-BR","@id":"https:\/\/www.estrategiaconcursos.com.br\/blog\/concurso-policia-penal-pe-recursos\/#primaryimage","url":"https:\/\/dhg1h5j42swfq.cloudfront.net\/2021\/07\/05164723\/policia-penal-pe.jpg","contentUrl":"https:\/\/dhg1h5j42swfq.cloudfront.net\/2021\/07\/05164723\/policia-penal-pe.jpg","width":768,"height":432,"caption":"POLICIA PENAL PE"},{"@type":"BreadcrumbList","@id":"https:\/\/www.estrategiaconcursos.com.br\/blog\/concurso-policia-penal-pe-recursos\/#breadcrumb","itemListElement":[{"@type":"ListItem","position":1,"name":"In\u00edcio","item":"https:\/\/www.estrategiaconcursos.com.br\/blog\/"},{"@type":"ListItem","position":2,"name":"Concurso Pol\u00edcia Penal PE: possibilidades de recursos"}]},{"@type":"WebSite","@id":"https:\/\/www.estrategiaconcursos.com.br\/blog\/#website","url":"https:\/\/www.estrategiaconcursos.com.br\/blog\/","name":"Estrat\u00e9gia Concursos","description":"O blog da Estrat\u00e9gia Concursos traz not\u00edcias sobre concursos e artigos de professores oferecendo cursos para concursos (pdf + videaulas) no site.","publisher":{"@id":"https:\/\/www.estrategiaconcursos.com.br\/blog\/#organization"},"potentialAction":[{"@type":"SearchAction","target":{"@type":"EntryPoint","urlTemplate":"https:\/\/www.estrategiaconcursos.com.br\/blog\/?s={search_term_string}"},"query-input":{"@type":"PropertyValueSpecification","valueRequired":true,"valueName":"search_term_string"}}],"inLanguage":"pt-BR"},{"@type":"Organization","@id":"https:\/\/www.estrategiaconcursos.com.br\/blog\/#organization","name":"Estrat\u00e9gia Concursos","url":"https:\/\/www.estrategiaconcursos.com.br\/blog\/","logo":{"@type":"ImageObject","inLanguage":"pt-BR","@id":"https:\/\/www.estrategiaconcursos.com.br\/blog\/#\/schema\/logo\/image\/","url":"https:\/\/dhg1h5j42swfq.cloudfront.net\/2025\/06\/03203428\/logo_concursos-1.jpg","contentUrl":"https:\/\/dhg1h5j42swfq.cloudfront.net\/2025\/06\/03203428\/logo_concursos-1.jpg","width":230,"height":60,"caption":"Estrat\u00e9gia Concursos"},"image":{"@id":"https:\/\/www.estrategiaconcursos.com.br\/blog\/#\/schema\/logo\/image\/"},"sameAs":["https:\/\/x.com\/EstratConcursos"]},{"@type":"Person","@id":"https:\/\/www.estrategiaconcursos.com.br\/blog\/#\/schema\/person\/6630f91134abc08115cca62ce6372855","name":"Bruna de Andrade Fran\u00e7a","image":{"@type":"ImageObject","inLanguage":"pt-BR","@id":"https:\/\/secure.gravatar.com\/avatar\/d6316d36d50cea0fadae28ed3015b8870cc90a2d3d8a95c37b44006af36a00e3?s=96&d=mm&r=g","url":"https:\/\/secure.gravatar.com\/avatar\/d6316d36d50cea0fadae28ed3015b8870cc90a2d3d8a95c37b44006af36a00e3?s=96&d=mm&r=g","contentUrl":"https:\/\/secure.gravatar.com\/avatar\/d6316d36d50cea0fadae28ed3015b8870cc90a2d3d8a95c37b44006af36a00e3?s=96&d=mm&r=g","caption":"Bruna de Andrade Fran\u00e7a"},"description":"Bruna de Andrade Fran\u00e7a \u00e9 publicit\u00e1ria com p\u00f3s-gradua\u00e7\u00e3o em Marketing &amp; Growth, atuando h\u00e1 mais de 6 anos no universo dos concursos p\u00fablicos. Desde 2021, lidera no Blog do Estrat\u00e9gia Concursos a cobertura editorial especializada em Concursos Policiais (PF, PRF, PM, PC, etc.), al\u00e9m das frentes de concursos banc\u00e1rios, de sa\u00fade e da \u00e1rea legislativa. Especialista em reda\u00e7\u00e3o, com pr\u00e1ticas de SEO e Copywriting, possui tamb\u00e9m atua\u00e7\u00e3o pr\u00e1tica de contato direto com \u00f3rg\u00e3os p\u00fablicos respons\u00e1veis por editais, permitindo acesso antecipado a informa\u00e7\u00f5es, desdobramentos importantes e atualiza\u00e7\u00e3o eficiente dos concursos p\u00fablicos.","url":"https:\/\/www.estrategiaconcursos.com.br\/blog\/author\/bruna-andrade\/"}]}},"_links":{"self":[{"href":"https:\/\/www.estrategiaconcursos.com.br\/blog\/wp-json\/wp\/v2\/posts\/1008076","targetHints":{"allow":["GET"]}}],"collection":[{"href":"https:\/\/www.estrategiaconcursos.com.br\/blog\/wp-json\/wp\/v2\/posts"}],"about":[{"href":"https:\/\/www.estrategiaconcursos.com.br\/blog\/wp-json\/wp\/v2\/types\/post"}],"author":[{"embeddable":true,"href":"https:\/\/www.estrategiaconcursos.com.br\/blog\/wp-json\/wp\/v2\/users\/1206"}],"replies":[{"embeddable":true,"href":"https:\/\/www.estrategiaconcursos.com.br\/blog\/wp-json\/wp\/v2\/comments?post=1008076"}],"version-history":[{"count":6,"href":"https:\/\/www.estrategiaconcursos.com.br\/blog\/wp-json\/wp\/v2\/posts\/1008076\/revisions"}],"predecessor-version":[{"id":1008790,"href":"https:\/\/www.estrategiaconcursos.com.br\/blog\/wp-json\/wp\/v2\/posts\/1008076\/revisions\/1008790"}],"wp:featuredmedia":[{"embeddable":true,"href":"https:\/\/www.estrategiaconcursos.com.br\/blog\/wp-json\/wp\/v2\/media\/877955"}],"wp:attachment":[{"href":"https:\/\/www.estrategiaconcursos.com.br\/blog\/wp-json\/wp\/v2\/media?parent=1008076"}],"wp:term":[{"taxonomy":"category","embeddable":true,"href":"https:\/\/www.estrategiaconcursos.com.br\/blog\/wp-json\/wp\/v2\/categories?post=1008076"},{"taxonomy":"post_tag","embeddable":true,"href":"https:\/\/www.estrategiaconcursos.com.br\/blog\/wp-json\/wp\/v2\/tags?post=1008076"},{"taxonomy":"tax_estado","embeddable":true,"href":"https:\/\/www.estrategiaconcursos.com.br\/blog\/wp-json\/wp\/v2\/tax_estado?post=1008076"}],"curies":[{"name":"wp","href":"https:\/\/api.w.org\/{rel}","templated":true}]}}