{"id":1007874,"date":"2022-04-23T07:30:00","date_gmt":"2022-04-23T10:30:00","guid":{"rendered":"https:\/\/www.estrategiaconcursos.com.br\/blog\/?p=1007874"},"modified":"2022-04-13T07:45:38","modified_gmt":"2022-04-13T10:45:38","slug":"revisao-de-vespera-2a-fase-oab-xxxiv","status":"publish","type":"post","link":"https:\/\/www.estrategiaconcursos.com.br\/blog\/revisao-de-vespera-2a-fase-oab-xxxiv\/","title":{"rendered":"Revis\u00e3o de V\u00e9spera &#8211; 2\u00aa fase OAB &#8211; XXXIV"},"content":{"rendered":"\n<p>Acontece neste s\u00e1bado, 23 de abril de 2022, a partir das 08:30, a Revis\u00e3o de V\u00e9spera da 2\u00aa fase do XXXIV Exame de Ordem. Confira abaixo o cronograma de aulas: <\/p>\n\n\n\n<h3 class=\"has-cyan-bluish-gray-background-color has-background wp-block-heading\" id=\"cronograma\">Cronograma<\/h3>\n\n\n\n<ul class=\"wp-block-list\"><li><strong>Revis\u00e3o&nbsp;de&nbsp;V\u00e9spera&nbsp;de 2\u00aa Fase OAB &#8211;&nbsp;Direito Civil&nbsp;&#8211;&nbsp;<\/strong> <strong>XXXIV Exame&nbsp;<\/strong><\/li><\/ul>\n\n\n\n<p><strong>Data: 23\/04<\/strong><br \/><strong>Hor\u00e1rio: 8h30min<\/strong><br \/><strong>Professor: Paulo Sousa<\/strong><\/p>\n\n\n\n<ul class=\"wp-block-list\"><li><strong>Revis\u00e3o&nbsp;de&nbsp;V\u00e9spera&nbsp;de 2\u00aa Fase OAB &#8211; Direito Administrativo&nbsp;&#8211;&nbsp;<\/strong> <strong>XXXIV Exame&nbsp;<\/strong><\/li><\/ul>\n\n\n\n<p><strong>Data:&nbsp;23\/04<\/strong><br \/><strong>Hor\u00e1rio: 8h30min<\/strong><br \/><strong>Professor: Igor Maciel<\/strong><\/p>\n\n\n\n<ul class=\"wp-block-list\"><li><strong>Revis\u00e3o&nbsp;de&nbsp;V\u00e9spera&nbsp;de 2\u00aa Fase OAB &#8211;&nbsp;Direito do Trabalho &#8211;&nbsp;<\/strong> <strong>XXXIV Exame&nbsp;<\/strong><\/li><\/ul>\n\n\n\n<p><strong>Data:&nbsp;23\/04<\/strong><br \/><strong>Hor\u00e1rio: 8h30min<\/strong><br \/><strong>Professora: Priscila Ferreira<\/strong><\/p>\n\n\n\n<ul class=\"wp-block-list\"><li><strong>Revis\u00e3o&nbsp;de&nbsp;V\u00e9spera&nbsp;de 2\u00aa Fase OAB &#8211;&nbsp;Direito Tribut\u00e1rio&nbsp;&#8211;&nbsp;<\/strong> <strong>XXXIV Exame&nbsp;<\/strong><\/li><\/ul>\n\n\n\n<p><strong>Data:&nbsp;23\/04<\/strong><br \/><strong>Hor\u00e1rio: 8h30<\/strong><br \/><strong>Professor: Rodrigo Martins<\/strong><\/p>\n\n\n\n<ul class=\"wp-block-list\"><li><strong>Revis\u00e3o&nbsp;de&nbsp;V\u00e9spera&nbsp;de 2\u00aa Fase OAB &#8211; Direito Constitucional &#8211;&nbsp;<\/strong>&nbsp;<strong>XXXIV Exame&nbsp;<\/strong><\/li><\/ul>\n\n\n\n<p><strong>Data:&nbsp;23\/04<\/strong><br \/><strong>Hor\u00e1rio: 8h30<\/strong><br \/><strong>Professor: Diego Cerqueira<\/strong><\/p>\n\n\n\n<ul class=\"wp-block-list\"><li><strong>Revis\u00e3o&nbsp;de&nbsp;V\u00e9spera&nbsp;de 2\u00aa Fase OAB &#8211;&nbsp;Direito Penal &#8211;&nbsp;<\/strong> <strong>XXXIV Exame&nbsp;<\/strong><\/li><\/ul>\n\n\n\n<p><strong>Data:&nbsp;23\/04<\/strong><br \/><strong>Hor\u00e1rio: 14h<\/strong><br \/><strong>Professor: Ivan Marques e Cristiano Rodrigues&nbsp;<\/strong><\/p>\n\n\n\n<ul class=\"wp-block-list\"><li><strong>Revis\u00e3o&nbsp;de&nbsp;V\u00e9spera&nbsp;de 2\u00aa Fase OAB &#8211;&nbsp;Direito Empresarial&nbsp;&#8211;&nbsp;<\/strong> <strong>XXXIV Exame&nbsp;<\/strong><\/li><\/ul>\n\n\n\n<p><strong>Data:&nbsp;23\/04<\/strong><br \/><strong>Hor\u00e1rio: 14h<\/strong><br \/><strong>Professor: Alessandro Sanchez<\/strong><\/p>\n\n\n\n<h3 class=\"has-cyan-bluish-gray-background-color has-background wp-block-heading\" id=\"evento-ao-vivo\">Evento ao vivo <\/h3>\n\n\n\n<p class=\"has-text-align-center has-medium-font-size\"><a href=\"https:\/\/www.youtube.com\/c\/Estrat%C3%A9giaOAB\/videos?view=2&amp;live_view=502\" target=\"_blank\" rel=\"noreferrer noopener\">ASSISTA AO VIVO AQUI<\/a><\/p>\n\n\n\n<h3 class=\"has-cyan-bluish-gray-background-color has-background wp-block-heading\" id=\"curiosidades\">Curiosidades<\/h3>\n\n\n\n<p>Esta prova \u00e9 composta por duas partes: uma <strong>pe\u00e7a&nbsp;processual<\/strong>, no valor de 5 pontos e <strong>quatro&nbsp;quest\u00f5es&nbsp;discursivas<\/strong> (valendo 1,25 pontos cada). Para ser aprovado \u00e9 necess\u00e1rio alcan\u00e7ar <strong>60% de aproveitamento (6 pontos)<\/strong>.<\/p>\n\n\n\n<p>A 2\u00aa fase tamb\u00e9m tem dura\u00e7\u00e3o de <strong>5&nbsp;horas<\/strong> e, diferentemente da prova objetiva, <strong>permite&nbsp;consulta<\/strong> a legisla\u00e7\u00e3o n\u00e3o comentada ou anotada.<\/p>\n\n\n\n<p>A reda\u00e7\u00e3o de <strong>pe\u00e7a profissional<\/strong> ter\u00e1 o valor m\u00e1ximo de <strong>5,00 pontos<\/strong> e cada quest\u00e3o ter\u00e1 o valor m\u00e1ximo de <strong>1,25  ponto<\/strong>. <\/p>\n\n\n\n<p>A Nota na Prova Pr\u00e1tico-Profissional ser\u00e1 a soma das notas obtidas nas quest\u00f5es e na reda\u00e7\u00e3o da pe\u00e7a profissional e ser\u00e1 calculada na escala de<strong> 0,00 a 10,00  pontos.<\/strong><\/p>\n\n\n\n<p>Ser\u00e1 considerado aprovado o examinando que obtiver <strong>NPPP igual ou superior a 6,00 pontos <\/strong>na prova pr\u00e1tico-profissional, vedado o arredondamento.<\/p>\n\n\n\n<p>O examinando receber\u00e1 nota ZERO na reda\u00e7\u00e3o da pe\u00e7a profissional ou na quest\u00e3o nos seguintes casos: <\/p>\n\n\n\n<ul class=\"wp-block-list\"><li>Propositura de pe\u00e7a inadequada para a solu\u00e7\u00e3o do problema proposto, assim considerada aquela que n\u00e3o esteja exclusivamente em conformidade com a solu\u00e7\u00e3o t\u00e9cnica indicada no padr\u00e3o de resposta da prova, <\/li><li>Apresenta\u00e7\u00e3o de resposta incoerente com situa\u00e7\u00e3o proposta, <\/li><li>Aus\u00eancia de texto. <\/li><\/ul>\n\n\n\n<p>A indica\u00e7\u00e3o correta da pe\u00e7a pr\u00e1tica \u00e9 verificada no nome dado \u00e0 pe\u00e7a concomitantemente com o correto e completo fundamento legal usado para justificar tecnicamente a escolha feita.<\/p>\n\n\n\n<p>O edital prev\u00ea uma lista de <strong>materiais permitidos<\/strong>, confira abaixo:<\/p>\n\n\n\n<ul class=\"wp-block-list\"><li>Legisla\u00e7\u00e3o n\u00e3o comentada, n\u00e3o anotada e n\u00e3o comparada.<\/li><li>C\u00f3digos, inclusive os organizados que n\u00e3o possuam \u00edndices estruturando roteiros de pe\u00e7as processuais, remiss\u00e3o doutrin\u00e1ria, jurisprud\u00eancia, informativos dos tribunais ou quaisquer coment\u00e1rios, anota\u00e7\u00f5es ou compara\u00e7\u00f5es.<\/li><li>S\u00famulas, Enunciados e Orienta\u00e7\u00f5es Jurisprudenciais, inclusive organizados, desde que n\u00e3o estruturem roteiros de pe\u00e7as processuais.<\/li><li>Leis de Introdu\u00e7\u00e3o dos C\u00f3digos.<\/li><li>Instru\u00e7\u00f5es Normativas.<\/li><li>\u00cdndices remissivos, em ordem alfab\u00e9tica ou tem\u00e1ticos, desde que n\u00e3o estruturem roteiros de pe\u00e7as processuais.<\/li><li>Exposi\u00e7\u00e3o de Motivos.<\/li><li>Regimento Interno.<\/li><li>Resolu\u00e7\u00f5es dos Tribunais.<\/li><li>Simples utiliza\u00e7\u00e3o de marca texto, tra\u00e7o ou simples remiss\u00e3o a artigos ou a lei.<\/li><li>Separa\u00e7\u00e3o de c\u00f3digos por clipes.<\/li><li>Utiliza\u00e7\u00e3o de separadores de c\u00f3digos fabricados por editoras ou outras institui\u00e7\u00f5es ligadas ao mercado gr\u00e1fico, desde que com impress\u00e3o que contenha simples remiss\u00e3o a ramos do Direito ou a leis. <\/li><\/ul>\n\n\n\n<p class=\"has-text-align-center has-light-green-cyan-background-color has-background has-medium-font-size\"><strong>Saiba mais: <a href=\"https:\/\/oab.estrategia.com\/portal\/edital-oab-xxxiv-exame\/\" target=\"_blank\" rel=\"noreferrer noopener\">Edital OAB XXXIV Exame<\/a><\/strong><\/p>\n\n\n\n<h2 class=\"has-text-align-center wp-block-heading\" id=\"cursos-ficha\">Assinatura OAB<\/h2>\n\n\n\n<div class=\"container\" id=\"boxes\">\n  <div class=\"row\">\n\n    <div class=\"col-sm\">\n      <div class=\"banner-oab\" id=\"box-assinatura\">\n        <h3 class=\"titulo-assinatura\">Assinatura OAB\n        <p class=\"subtitulo-assinatura\">Conhe\u00e7a os cursos<\/p>\n        <div class=\"box-botao\">\n          <a class=\"btn-assinatura\" target=\"_blank\" href=\"https:\/\/www.estrategiaconcursos.com.br\/assinaturas-oab\/\" role=\"button\" rel=\"noopener noreferrer\">Conhe\u00e7a mais<\/a>\n        <\/div>\n      <\/h3><\/div>\n      \n    <\/div>\n\n  <\/div>\n<\/div>\n\n\n\n<h2 class=\"has-text-align-center wp-block-heading\" id=\"pacotes-completos-exame-de-ordem\">Pacotes completos Exame de Ordem <\/h2>\n\n\n\n<div class=\"container\" id=\"boxes\">\n  <div class=\"row\">\n\n    <div class=\"col-sm\">\n      <div class=\"banner-oab\" id=\"box-assinatura\">\n        <h3 class=\"titulo-assinatura\">Curso OAB 1\u00aa Fase<\/h3>\n        <p class=\"subtitulo-assinatura\">Conhe\u00e7a os cursos<\/p>\n        <div class=\"box-botao\">\n          <a class=\"btn-assinatura\" target=\"_blank\" href=\"https:\/\/www.estrategiaconcursos.com.br\/cursosPorConcurso\/exame-de-ordem-oab-1-fase\/\" role=\"button\" rel=\"noopener noreferrer\">Conhe\u00e7a mais<\/a>\n        <\/div>\n      <\/div>\n     \n    <\/div>\n\n  <\/div>\n<\/div>\n\n\n\n<div class=\"container\" id=\"boxes\">\n  <div class=\"row\">\n\n    <div class=\"col-sm\">\n      <div class=\"banner-oab\" id=\"box-assinatura\">\n        <h3 class=\"titulo-assinatura\">Curso OAB 2\u00aa Fase<\/h3>\n        <p class=\"subtitulo-assinatura\">Conhe\u00e7a os cursos<\/p>\n        <div class=\"box-botao\">\n          <a class=\"btn-assinatura\" target=\"_blank\" href=\"https:\/\/www.estrategiaconcursos.com.br\/\/cursosPorConcurso\/oab-2-fase-192\/\" role=\"button\" rel=\"noopener noreferrer\">Conhe\u00e7a mais<\/a>\n        <\/div>\n      <\/div>\n     \n    <\/div>\n\n  <\/div>\n<\/div>\n","protected":false},"excerpt":{"rendered":"<p>Acontece neste s\u00e1bado, 23 de abril de 2022, a partir das 08:30, a Revis\u00e3o de V\u00e9spera da 2\u00aa fase do XXXIV Exame de Ordem. Confira abaixo o cronograma de aulas: Cronograma Revis\u00e3o&nbsp;de&nbsp;V\u00e9spera&nbsp;de 2\u00aa Fase OAB &#8211;&nbsp;Direito Civil&nbsp;&#8211;&nbsp; XXXIV Exame&nbsp; Data: 23\/04Hor\u00e1rio: 8h30minProfessor: Paulo Sousa Revis\u00e3o&nbsp;de&nbsp;V\u00e9spera&nbsp;de 2\u00aa Fase OAB &#8211; Direito Administrativo&nbsp;&#8211;&nbsp; XXXIV Exame&nbsp; Data:&nbsp;23\/04Hor\u00e1rio: 8h30minProfessor: [&hellip;]<\/p>\n","protected":false},"author":1,"featured_media":1002509,"comment_status":"open","ping_status":"closed","sticky":false,"template":"","format":"standard","meta":{"post_tipo":"article","footnotes":""},"categories":[1],"tags":[],"tax_estado":[219964,219965,219966,219967,219968,219969,219963,219970,219971,219972,219973,219974,219975,219976,219977,219978,219979,219980,219981,219982,219983,219984,219985,219986,219987,219988,219989,219990],"class_list":["post-1007874","post","type-post","status-publish","format-standard","has-post-thumbnail","hentry","category-cursos-e-concursos","tax_estado-ac","tax_estado-al","tax_estado-am","tax_estado-ap","tax_estado-ba","tax_estado-ce","tax_estado-concursos-federais","tax_estado-df","tax_estado-es","tax_estado-go","tax_estado-ma","tax_estado-mg","tax_estado-ms","tax_estado-mt","tax_estado-pa","tax_estado-pb","tax_estado-pe","tax_estado-pi","tax_estado-pr","tax_estado-rj","tax_estado-rn","tax_estado-ro","tax_estado-rr","tax_estado-rs","tax_estado-sc","tax_estado-se","tax_estado-sp","tax_estado-to"],"acf":[],"yoast_head":"<!-- This site is optimized with the Yoast SEO Premium plugin v27.2 (Yoast SEO v27.2) - https:\/\/yoast.com\/product\/yoast-seo-premium-wordpress\/ -->\n<title>Revis\u00e3o de V\u00e9spera - 2\u00aa fase OAB - XXXIV<\/title>\n<meta name=\"description\" content=\"Acompanhe neste s\u00e1bado, 23 de abril, a partir das 08:30, a Revis\u00e3o de V\u00e9spera da 2\u00aa fase do XXXIV Exame de Ordem.\" \/>\n<meta name=\"robots\" content=\"index, follow, max-snippet:-1, max-image-preview:large, max-video-preview:-1\" \/>\n<link rel=\"canonical\" href=\"https:\/\/www.estrategiaconcursos.com.br\/blog\/revisao-de-vespera-2a-fase-oab-xxxiv\/\" \/>\n<meta property=\"og:locale\" content=\"pt_BR\" \/>\n<meta property=\"og:type\" content=\"article\" \/>\n<meta property=\"og:title\" content=\"Revis\u00e3o de V\u00e9spera - 2\u00aa fase OAB - XXXIV\" \/>\n<meta property=\"og:description\" content=\"Acompanhe neste s\u00e1bado, 23 de abril, a partir das 08:30, a Revis\u00e3o de V\u00e9spera da 2\u00aa fase do XXXIV Exame de Ordem.\" \/>\n<meta property=\"og:url\" content=\"https:\/\/www.estrategiaconcursos.com.br\/blog\/revisao-de-vespera-2a-fase-oab-xxxiv\/\" \/>\n<meta property=\"og:site_name\" content=\"Estrat\u00e9gia Concursos\" \/>\n<meta property=\"article:author\" content=\"https:\/\/www.facebook.com\/EstrategiaConcursos\" \/>\n<meta property=\"article:published_time\" content=\"2022-04-23T10:30:00+00:00\" \/>\n<meta property=\"og:image\" content=\"https:\/\/dhg1h5j42swfq.cloudfront.net\/2022\/04\/05174503\/oab.jpeg\" \/>\n\t<meta property=\"og:image:width\" content=\"400\" \/>\n\t<meta property=\"og:image:height\" content=\"209\" \/>\n\t<meta property=\"og:image:type\" content=\"image\/jpeg\" \/>\n<meta name=\"author\" content=\"Coordena\u00e7\u00e3o\" \/>\n<meta name=\"twitter:card\" content=\"summary_large_image\" \/>\n<meta name=\"twitter:creator\" content=\"@EstratConcursos\" \/>\n<meta name=\"twitter:site\" content=\"@EstratConcursos\" \/>\n<meta name=\"twitter:label1\" content=\"Escrito por\" \/>\n\t<meta name=\"twitter:data1\" content=\"Coordena\u00e7\u00e3o\" \/>\n\t<meta name=\"twitter:label2\" content=\"Est. tempo de leitura\" \/>\n\t<meta name=\"twitter:data2\" content=\"3 minutos\" \/>\n<script type=\"application\/ld+json\" class=\"yoast-schema-graph\">{\"@context\":\"https:\/\/schema.org\",\"@graph\":[{\"@type\":\"NewsArticle\",\"@id\":\"https:\/\/www.estrategiaconcursos.com.br\/blog\/revisao-de-vespera-2a-fase-oab-xxxiv\/#article\",\"isPartOf\":{\"@id\":\"https:\/\/www.estrategiaconcursos.com.br\/blog\/revisao-de-vespera-2a-fase-oab-xxxiv\/\"},\"author\":{\"name\":\"Coordena\u00e7\u00e3o\",\"@id\":\"https:\/\/www.estrategiaconcursos.com.br\/blog\/#\/schema\/person\/b4a388c97673c5f483d72185668afa1f\"},\"headline\":\"Revis\u00e3o de V\u00e9spera &#8211; 2\u00aa fase OAB &#8211; XXXIV\",\"datePublished\":\"2022-04-23T10:30:00+00:00\",\"mainEntityOfPage\":{\"@id\":\"https:\/\/www.estrategiaconcursos.com.br\/blog\/revisao-de-vespera-2a-fase-oab-xxxiv\/\"},\"wordCount\":706,\"commentCount\":0,\"publisher\":{\"@id\":\"https:\/\/www.estrategiaconcursos.com.br\/blog\/#organization\"},\"image\":{\"@id\":\"https:\/\/www.estrategiaconcursos.com.br\/blog\/revisao-de-vespera-2a-fase-oab-xxxiv\/#primaryimage\"},\"thumbnailUrl\":\"https:\/\/dhg1h5j42swfq.cloudfront.net\/2022\/04\/05174503\/oab.jpeg\",\"articleSection\":[\"Concursos P\u00fablicos\"],\"inLanguage\":\"pt-BR\",\"potentialAction\":[{\"@type\":\"CommentAction\",\"name\":\"Comment\",\"target\":[\"https:\/\/www.estrategiaconcursos.com.br\/blog\/revisao-de-vespera-2a-fase-oab-xxxiv\/#respond\"]}],\"copyrightYear\":\"2022\",\"copyrightHolder\":{\"@id\":\"https:\/\/www.estrategiaconcursos.com.br\/blog\/#organization\"}},{\"@type\":\"WebPage\",\"@id\":\"https:\/\/www.estrategiaconcursos.com.br\/blog\/revisao-de-vespera-2a-fase-oab-xxxiv\/\",\"url\":\"https:\/\/www.estrategiaconcursos.com.br\/blog\/revisao-de-vespera-2a-fase-oab-xxxiv\/\",\"name\":\"Revis\u00e3o de V\u00e9spera - 2\u00aa fase OAB - XXXIV\",\"isPartOf\":{\"@id\":\"https:\/\/www.estrategiaconcursos.com.br\/blog\/#website\"},\"primaryImageOfPage\":{\"@id\":\"https:\/\/www.estrategiaconcursos.com.br\/blog\/revisao-de-vespera-2a-fase-oab-xxxiv\/#primaryimage\"},\"image\":{\"@id\":\"https:\/\/www.estrategiaconcursos.com.br\/blog\/revisao-de-vespera-2a-fase-oab-xxxiv\/#primaryimage\"},\"thumbnailUrl\":\"https:\/\/dhg1h5j42swfq.cloudfront.net\/2022\/04\/05174503\/oab.jpeg\",\"datePublished\":\"2022-04-23T10:30:00+00:00\",\"description\":\"Acompanhe neste s\u00e1bado, 23 de abril, a partir das 08:30, a Revis\u00e3o de V\u00e9spera da 2\u00aa fase do XXXIV Exame de Ordem.\",\"breadcrumb\":{\"@id\":\"https:\/\/www.estrategiaconcursos.com.br\/blog\/revisao-de-vespera-2a-fase-oab-xxxiv\/#breadcrumb\"},\"inLanguage\":\"pt-BR\",\"potentialAction\":[{\"@type\":\"ReadAction\",\"target\":[\"https:\/\/www.estrategiaconcursos.com.br\/blog\/revisao-de-vespera-2a-fase-oab-xxxiv\/\"]}]},{\"@type\":\"ImageObject\",\"inLanguage\":\"pt-BR\",\"@id\":\"https:\/\/www.estrategiaconcursos.com.br\/blog\/revisao-de-vespera-2a-fase-oab-xxxiv\/#primaryimage\",\"url\":\"https:\/\/dhg1h5j42swfq.cloudfront.net\/2022\/04\/05174503\/oab.jpeg\",\"contentUrl\":\"https:\/\/dhg1h5j42swfq.cloudfront.net\/2022\/04\/05174503\/oab.jpeg\",\"width\":400,\"height\":209,\"caption\":\"Direito administrativo na OAB\"},{\"@type\":\"BreadcrumbList\",\"@id\":\"https:\/\/www.estrategiaconcursos.com.br\/blog\/revisao-de-vespera-2a-fase-oab-xxxiv\/#breadcrumb\",\"itemListElement\":[{\"@type\":\"ListItem\",\"position\":1,\"name\":\"In\u00edcio\",\"item\":\"https:\/\/www.estrategiaconcursos.com.br\/blog\/\"},{\"@type\":\"ListItem\",\"position\":2,\"name\":\"Revis\u00e3o de V\u00e9spera &#8211; 2\u00aa fase OAB &#8211; XXXIV\"}]},{\"@type\":\"WebSite\",\"@id\":\"https:\/\/www.estrategiaconcursos.com.br\/blog\/#website\",\"url\":\"https:\/\/www.estrategiaconcursos.com.br\/blog\/\",\"name\":\"Estrat\u00e9gia Concursos\",\"description\":\"O blog da Estrat\u00e9gia Concursos traz not\u00edcias sobre concursos e artigos de professores oferecendo cursos para concursos (pdf + videaulas) no site.\",\"publisher\":{\"@id\":\"https:\/\/www.estrategiaconcursos.com.br\/blog\/#organization\"},\"potentialAction\":[{\"@type\":\"SearchAction\",\"target\":{\"@type\":\"EntryPoint\",\"urlTemplate\":\"https:\/\/www.estrategiaconcursos.com.br\/blog\/?s={search_term_string}\"},\"query-input\":{\"@type\":\"PropertyValueSpecification\",\"valueRequired\":true,\"valueName\":\"search_term_string\"}}],\"inLanguage\":\"pt-BR\"},{\"@type\":\"Organization\",\"@id\":\"https:\/\/www.estrategiaconcursos.com.br\/blog\/#organization\",\"name\":\"Estrat\u00e9gia Concursos\",\"url\":\"https:\/\/www.estrategiaconcursos.com.br\/blog\/\",\"logo\":{\"@type\":\"ImageObject\",\"inLanguage\":\"pt-BR\",\"@id\":\"https:\/\/www.estrategiaconcursos.com.br\/blog\/#\/schema\/logo\/image\/\",\"url\":\"https:\/\/dhg1h5j42swfq.cloudfront.net\/2025\/06\/03203428\/logo_concursos-1.jpg\",\"contentUrl\":\"https:\/\/dhg1h5j42swfq.cloudfront.net\/2025\/06\/03203428\/logo_concursos-1.jpg\",\"width\":230,\"height\":60,\"caption\":\"Estrat\u00e9gia Concursos\"},\"image\":{\"@id\":\"https:\/\/www.estrategiaconcursos.com.br\/blog\/#\/schema\/logo\/image\/\"},\"sameAs\":[\"https:\/\/x.com\/EstratConcursos\"]},{\"@type\":\"Person\",\"@id\":\"https:\/\/www.estrategiaconcursos.com.br\/blog\/#\/schema\/person\/b4a388c97673c5f483d72185668afa1f\",\"name\":\"Coordena\u00e7\u00e3o\",\"image\":{\"@type\":\"ImageObject\",\"inLanguage\":\"pt-BR\",\"@id\":\"https:\/\/secure.gravatar.com\/avatar\/b720319e4c9a967eb58678d110f4fe35452fc5d5f97b202bac7b8acceb18c6ad?s=96&d=mm&r=g\",\"url\":\"https:\/\/secure.gravatar.com\/avatar\/b720319e4c9a967eb58678d110f4fe35452fc5d5f97b202bac7b8acceb18c6ad?s=96&d=mm&r=g\",\"contentUrl\":\"https:\/\/secure.gravatar.com\/avatar\/b720319e4c9a967eb58678d110f4fe35452fc5d5f97b202bac7b8acceb18c6ad?s=96&d=mm&r=g\",\"caption\":\"Coordena\u00e7\u00e3o\"},\"sameAs\":[\"https:\/\/www.facebook.com\/EstrategiaConcursos\",\"https:\/\/x.com\/EstratConcursos\"],\"url\":\"https:\/\/www.estrategiaconcursos.com.br\/blog\/author\/estrategia2013\/\"}]}<\/script>\n<!-- \/ Yoast SEO Premium plugin. -->","yoast_head_json":{"title":"Revis\u00e3o de V\u00e9spera - 2\u00aa fase OAB - XXXIV","description":"Acompanhe neste s\u00e1bado, 23 de abril, a partir das 08:30, a Revis\u00e3o de V\u00e9spera da 2\u00aa fase do XXXIV Exame de Ordem.","robots":{"index":"index","follow":"follow","max-snippet":"max-snippet:-1","max-image-preview":"max-image-preview:large","max-video-preview":"max-video-preview:-1"},"canonical":"https:\/\/www.estrategiaconcursos.com.br\/blog\/revisao-de-vespera-2a-fase-oab-xxxiv\/","og_locale":"pt_BR","og_type":"article","og_title":"Revis\u00e3o de V\u00e9spera - 2\u00aa fase OAB - XXXIV","og_description":"Acompanhe neste s\u00e1bado, 23 de abril, a partir das 08:30, a Revis\u00e3o de V\u00e9spera da 2\u00aa fase do XXXIV Exame de Ordem.","og_url":"https:\/\/www.estrategiaconcursos.com.br\/blog\/revisao-de-vespera-2a-fase-oab-xxxiv\/","og_site_name":"Estrat\u00e9gia Concursos","article_author":"https:\/\/www.facebook.com\/EstrategiaConcursos","article_published_time":"2022-04-23T10:30:00+00:00","og_image":[{"width":400,"height":209,"url":"https:\/\/dhg1h5j42swfq.cloudfront.net\/2022\/04\/05174503\/oab.jpeg","type":"image\/jpeg"}],"author":"Coordena\u00e7\u00e3o","twitter_card":"summary_large_image","twitter_creator":"@EstratConcursos","twitter_site":"@EstratConcursos","twitter_misc":{"Escrito por":"Coordena\u00e7\u00e3o","Est. tempo de leitura":"3 minutos"},"schema":{"@context":"https:\/\/schema.org","@graph":[{"@type":"NewsArticle","@id":"https:\/\/www.estrategiaconcursos.com.br\/blog\/revisao-de-vespera-2a-fase-oab-xxxiv\/#article","isPartOf":{"@id":"https:\/\/www.estrategiaconcursos.com.br\/blog\/revisao-de-vespera-2a-fase-oab-xxxiv\/"},"author":{"name":"Coordena\u00e7\u00e3o","@id":"https:\/\/www.estrategiaconcursos.com.br\/blog\/#\/schema\/person\/b4a388c97673c5f483d72185668afa1f"},"headline":"Revis\u00e3o de V\u00e9spera &#8211; 2\u00aa fase OAB &#8211; XXXIV","datePublished":"2022-04-23T10:30:00+00:00","mainEntityOfPage":{"@id":"https:\/\/www.estrategiaconcursos.com.br\/blog\/revisao-de-vespera-2a-fase-oab-xxxiv\/"},"wordCount":706,"commentCount":0,"publisher":{"@id":"https:\/\/www.estrategiaconcursos.com.br\/blog\/#organization"},"image":{"@id":"https:\/\/www.estrategiaconcursos.com.br\/blog\/revisao-de-vespera-2a-fase-oab-xxxiv\/#primaryimage"},"thumbnailUrl":"https:\/\/dhg1h5j42swfq.cloudfront.net\/2022\/04\/05174503\/oab.jpeg","articleSection":["Concursos P\u00fablicos"],"inLanguage":"pt-BR","potentialAction":[{"@type":"CommentAction","name":"Comment","target":["https:\/\/www.estrategiaconcursos.com.br\/blog\/revisao-de-vespera-2a-fase-oab-xxxiv\/#respond"]}],"copyrightYear":"2022","copyrightHolder":{"@id":"https:\/\/www.estrategiaconcursos.com.br\/blog\/#organization"}},{"@type":"WebPage","@id":"https:\/\/www.estrategiaconcursos.com.br\/blog\/revisao-de-vespera-2a-fase-oab-xxxiv\/","url":"https:\/\/www.estrategiaconcursos.com.br\/blog\/revisao-de-vespera-2a-fase-oab-xxxiv\/","name":"Revis\u00e3o de V\u00e9spera - 2\u00aa fase OAB - XXXIV","isPartOf":{"@id":"https:\/\/www.estrategiaconcursos.com.br\/blog\/#website"},"primaryImageOfPage":{"@id":"https:\/\/www.estrategiaconcursos.com.br\/blog\/revisao-de-vespera-2a-fase-oab-xxxiv\/#primaryimage"},"image":{"@id":"https:\/\/www.estrategiaconcursos.com.br\/blog\/revisao-de-vespera-2a-fase-oab-xxxiv\/#primaryimage"},"thumbnailUrl":"https:\/\/dhg1h5j42swfq.cloudfront.net\/2022\/04\/05174503\/oab.jpeg","datePublished":"2022-04-23T10:30:00+00:00","description":"Acompanhe neste s\u00e1bado, 23 de abril, a partir das 08:30, a Revis\u00e3o de V\u00e9spera da 2\u00aa fase do XXXIV Exame de Ordem.","breadcrumb":{"@id":"https:\/\/www.estrategiaconcursos.com.br\/blog\/revisao-de-vespera-2a-fase-oab-xxxiv\/#breadcrumb"},"inLanguage":"pt-BR","potentialAction":[{"@type":"ReadAction","target":["https:\/\/www.estrategiaconcursos.com.br\/blog\/revisao-de-vespera-2a-fase-oab-xxxiv\/"]}]},{"@type":"ImageObject","inLanguage":"pt-BR","@id":"https:\/\/www.estrategiaconcursos.com.br\/blog\/revisao-de-vespera-2a-fase-oab-xxxiv\/#primaryimage","url":"https:\/\/dhg1h5j42swfq.cloudfront.net\/2022\/04\/05174503\/oab.jpeg","contentUrl":"https:\/\/dhg1h5j42swfq.cloudfront.net\/2022\/04\/05174503\/oab.jpeg","width":400,"height":209,"caption":"Direito administrativo na OAB"},{"@type":"BreadcrumbList","@id":"https:\/\/www.estrategiaconcursos.com.br\/blog\/revisao-de-vespera-2a-fase-oab-xxxiv\/#breadcrumb","itemListElement":[{"@type":"ListItem","position":1,"name":"In\u00edcio","item":"https:\/\/www.estrategiaconcursos.com.br\/blog\/"},{"@type":"ListItem","position":2,"name":"Revis\u00e3o de V\u00e9spera &#8211; 2\u00aa fase OAB &#8211; XXXIV"}]},{"@type":"WebSite","@id":"https:\/\/www.estrategiaconcursos.com.br\/blog\/#website","url":"https:\/\/www.estrategiaconcursos.com.br\/blog\/","name":"Estrat\u00e9gia Concursos","description":"O blog da Estrat\u00e9gia Concursos traz not\u00edcias sobre concursos e artigos de professores oferecendo cursos para concursos (pdf + videaulas) no site.","publisher":{"@id":"https:\/\/www.estrategiaconcursos.com.br\/blog\/#organization"},"potentialAction":[{"@type":"SearchAction","target":{"@type":"EntryPoint","urlTemplate":"https:\/\/www.estrategiaconcursos.com.br\/blog\/?s={search_term_string}"},"query-input":{"@type":"PropertyValueSpecification","valueRequired":true,"valueName":"search_term_string"}}],"inLanguage":"pt-BR"},{"@type":"Organization","@id":"https:\/\/www.estrategiaconcursos.com.br\/blog\/#organization","name":"Estrat\u00e9gia Concursos","url":"https:\/\/www.estrategiaconcursos.com.br\/blog\/","logo":{"@type":"ImageObject","inLanguage":"pt-BR","@id":"https:\/\/www.estrategiaconcursos.com.br\/blog\/#\/schema\/logo\/image\/","url":"https:\/\/dhg1h5j42swfq.cloudfront.net\/2025\/06\/03203428\/logo_concursos-1.jpg","contentUrl":"https:\/\/dhg1h5j42swfq.cloudfront.net\/2025\/06\/03203428\/logo_concursos-1.jpg","width":230,"height":60,"caption":"Estrat\u00e9gia Concursos"},"image":{"@id":"https:\/\/www.estrategiaconcursos.com.br\/blog\/#\/schema\/logo\/image\/"},"sameAs":["https:\/\/x.com\/EstratConcursos"]},{"@type":"Person","@id":"https:\/\/www.estrategiaconcursos.com.br\/blog\/#\/schema\/person\/b4a388c97673c5f483d72185668afa1f","name":"Coordena\u00e7\u00e3o","image":{"@type":"ImageObject","inLanguage":"pt-BR","@id":"https:\/\/secure.gravatar.com\/avatar\/b720319e4c9a967eb58678d110f4fe35452fc5d5f97b202bac7b8acceb18c6ad?s=96&d=mm&r=g","url":"https:\/\/secure.gravatar.com\/avatar\/b720319e4c9a967eb58678d110f4fe35452fc5d5f97b202bac7b8acceb18c6ad?s=96&d=mm&r=g","contentUrl":"https:\/\/secure.gravatar.com\/avatar\/b720319e4c9a967eb58678d110f4fe35452fc5d5f97b202bac7b8acceb18c6ad?s=96&d=mm&r=g","caption":"Coordena\u00e7\u00e3o"},"sameAs":["https:\/\/www.facebook.com\/EstrategiaConcursos","https:\/\/x.com\/EstratConcursos"],"url":"https:\/\/www.estrategiaconcursos.com.br\/blog\/author\/estrategia2013\/"}]}},"_links":{"self":[{"href":"https:\/\/www.estrategiaconcursos.com.br\/blog\/wp-json\/wp\/v2\/posts\/1007874","targetHints":{"allow":["GET"]}}],"collection":[{"href":"https:\/\/www.estrategiaconcursos.com.br\/blog\/wp-json\/wp\/v2\/posts"}],"about":[{"href":"https:\/\/www.estrategiaconcursos.com.br\/blog\/wp-json\/wp\/v2\/types\/post"}],"author":[{"embeddable":true,"href":"https:\/\/www.estrategiaconcursos.com.br\/blog\/wp-json\/wp\/v2\/users\/1"}],"replies":[{"embeddable":true,"href":"https:\/\/www.estrategiaconcursos.com.br\/blog\/wp-json\/wp\/v2\/comments?post=1007874"}],"version-history":[{"count":4,"href":"https:\/\/www.estrategiaconcursos.com.br\/blog\/wp-json\/wp\/v2\/posts\/1007874\/revisions"}],"predecessor-version":[{"id":1007890,"href":"https:\/\/www.estrategiaconcursos.com.br\/blog\/wp-json\/wp\/v2\/posts\/1007874\/revisions\/1007890"}],"wp:featuredmedia":[{"embeddable":true,"href":"https:\/\/www.estrategiaconcursos.com.br\/blog\/wp-json\/wp\/v2\/media\/1002509"}],"wp:attachment":[{"href":"https:\/\/www.estrategiaconcursos.com.br\/blog\/wp-json\/wp\/v2\/media?parent=1007874"}],"wp:term":[{"taxonomy":"category","embeddable":true,"href":"https:\/\/www.estrategiaconcursos.com.br\/blog\/wp-json\/wp\/v2\/categories?post=1007874"},{"taxonomy":"post_tag","embeddable":true,"href":"https:\/\/www.estrategiaconcursos.com.br\/blog\/wp-json\/wp\/v2\/tags?post=1007874"},{"taxonomy":"tax_estado","embeddable":true,"href":"https:\/\/www.estrategiaconcursos.com.br\/blog\/wp-json\/wp\/v2\/tax_estado?post=1007874"}],"curies":[{"name":"wp","href":"https:\/\/api.w.org\/{rel}","templated":true}]}}